{"id":20905,"date":"2022-05-19T21:31:58","date_gmt":"2022-05-19T18:31:58","guid":{"rendered":"https:\/\/www.turna.com\/blog\/?p=20905"},"modified":"2025-06-27T14:18:49","modified_gmt":"2025-06-27T11:18:49","slug":"bademler-koyu-gezilecek-yerler","status":"publish","type":"post","link":"https:\/\/www.turna.com\/blog\/bademler-koyu-gezilecek-yerler","title":{"rendered":"Bademler K\u00f6y\u00fc Gezilecek Yerler | Bademler K\u00f6y\u00fc Gezi Rehberi"},"content":{"rendered":"<div id=\"ez-toc-container\" class=\"ez-toc-v2_0_82_2 counter-hierarchy ez-toc-counter ez-toc-black ez-toc-container-direction\">\n<div class=\"ez-toc-title-container\">\n<p class=\"ez-toc-title\" style=\"cursor:inherit\">\u0130\u00e7indekiler<\/p>\n<span class=\"ez-toc-title-toggle\"><a href=\"#\" class=\"ez-toc-pull-right ez-toc-btn ez-toc-btn-xs ez-toc-btn-default ez-toc-toggle\" aria-label=\"\u0130\u00e7indekiler Tablosunu A\u00e7\/Kapat\"><span class=\"ez-toc-js-icon-con\"><span class=\"\"><span class=\"eztoc-hide\" style=\"display:none;\">Toggle<\/span><span class=\"ez-toc-icon-toggle-span\"><svg style=\"fill: #ffffff;color:#ffffff\" xmlns=\"http:\/\/www.w3.org\/2000\/svg\" class=\"list-377408\" width=\"20px\" height=\"20px\" viewBox=\"0 0 24 24\" fill=\"none\"><path d=\"M6 6H4v2h2V6zm14 0H8v2h12V6zM4 11h2v2H4v-2zm16 0H8v2h12v-2zM4 16h2v2H4v-2zm16 0H8v2h12v-2z\" fill=\"currentColor\"><\/path><\/svg><svg style=\"fill: #ffffff;color:#ffffff\" class=\"arrow-unsorted-368013\" xmlns=\"http:\/\/www.w3.org\/2000\/svg\" width=\"10px\" height=\"10px\" viewBox=\"0 0 24 24\" version=\"1.2\" baseProfile=\"tiny\"><path d=\"M18.2 9.3l-6.2-6.3-6.2 6.3c-.2.2-.3.4-.3.7s.1.5.3.7c.2.2.4.3.7.3h11c.3 0 .5-.1.7-.3.2-.2.3-.5.3-.7s-.1-.5-.3-.7zM5.8 14.7l6.2 6.3 6.2-6.3c.2-.2.3-.5.3-.7s-.1-.5-.3-.7c-.2-.2-.4-.3-.7-.3h-11c-.3 0-.5.1-.7.3-.2.2-.3.5-.3.7s.1.5.3.7z\"\/><\/svg><\/span><\/span><\/span><\/a><\/span><\/div>\n<nav><ul class='ez-toc-list ez-toc-list-level-1 eztoc-toggle-hide-by-default' ><li class='ez-toc-page-1 ez-toc-heading-level-2'><a class=\"ez-toc-link ez-toc-heading-1\" href=\"https:\/\/www.turna.com\/blog\/bademler-koyu-gezilecek-yerler\/#bademler_koyu_gezi_rehberi\" >Bademler K\u00f6y\u00fc Gezi Rehberi<\/a><ul class='ez-toc-list-level-3' ><li class='ez-toc-heading-level-3'><a class=\"ez-toc-link ez-toc-heading-2\" href=\"https:\/\/www.turna.com\/blog\/bademler-koyu-gezilecek-yerler\/#bademler_koyu_nerede\" >Bademler K\u00f6y\u00fc Nerede ?<\/a><\/li><li class='ez-toc-page-1 ez-toc-heading-level-3'><a class=\"ez-toc-link ez-toc-heading-3\" href=\"https:\/\/www.turna.com\/blog\/bademler-koyu-gezilecek-yerler\/#bademler_koyune_nasil_gidilir\" >Bademler K\u00f6y\u00fc&#8217;ne Nas\u0131l Gidilir ?<\/a><\/li><li class='ez-toc-page-1 ez-toc-heading-level-3'><a class=\"ez-toc-link ez-toc-heading-4\" href=\"https:\/\/www.turna.com\/blog\/bademler-koyu-gezilecek-yerler\/#bademler_koyu_hikayesi\" >Bademler K\u00f6y\u00fc Hikayesi<\/a><\/li><li class='ez-toc-page-1 ez-toc-heading-level-3'><a class=\"ez-toc-link ez-toc-heading-5\" href=\"https:\/\/www.turna.com\/blog\/bademler-koyu-gezilecek-yerler\/#bademler_koyu_gezilecek_yerler\" >Bademler K\u00f6y\u00fc Gezilecek Yerler<\/a><ul class='ez-toc-list-level-4' ><li class='ez-toc-heading-level-4'><a class=\"ez-toc-link ez-toc-heading-6\" href=\"https:\/\/www.turna.com\/blog\/bademler-koyu-gezilecek-yerler\/#bademler_koyu_tiyatrosu\" >Bademler K\u00f6y\u00fc Tiyatrosu<\/a><\/li><li class='ez-toc-page-1 ez-toc-heading-level-4'><a class=\"ez-toc-link ez-toc-heading-7\" href=\"https:\/\/www.turna.com\/blog\/bademler-koyu-gezilecek-yerler\/#bademler_koyu_pazari\" >Bademler K\u00f6y\u00fc Pazar\u0131<\/a><\/li><li class='ez-toc-page-1 ez-toc-heading-level-4'><a class=\"ez-toc-link ez-toc-heading-8\" href=\"https:\/\/www.turna.com\/blog\/bademler-koyu-gezilecek-yerler\/#bademler_halk_kutuphanesi\" >Bademler Halk K\u00fct\u00fcphanesi<\/a><\/li><li class='ez-toc-page-1 ez-toc-heading-level-4'><a class=\"ez-toc-link ez-toc-heading-9\" href=\"https:\/\/www.turna.com\/blog\/bademler-koyu-gezilecek-yerler\/#koy_kahvesi\" >K\u00f6y Kahvesi<\/a><\/li><li class='ez-toc-page-1 ez-toc-heading-level-4'><a class=\"ez-toc-link ez-toc-heading-10\" href=\"https:\/\/www.turna.com\/blog\/bademler-koyu-gezilecek-yerler\/#cocuk_oyunlari_muzesi\" >\u00c7ocuk Oyunlar\u0131 M\u00fczesi<\/a><\/li><\/ul><\/li><li class='ez-toc-page-1 ez-toc-heading-level-3'><a class=\"ez-toc-link ez-toc-heading-11\" href=\"https:\/\/www.turna.com\/blog\/bademler-koyu-gezilecek-yerler\/#bademler_koyunde_ne_yenir\" >Bademler K\u00f6y\u00fc&#8217;nde Ne Yenir ?<\/a><\/li><li class='ez-toc-page-1 ez-toc-heading-level-3'><a class=\"ez-toc-link ez-toc-heading-12\" href=\"https:\/\/www.turna.com\/blog\/bademler-koyu-gezilecek-yerler\/#bademler_koyunde_ne_yapilir\" >Bademler K\u00f6y\u00fc&#8217;nde Ne Yap\u0131l\u0131r ?<\/a><\/li><\/ul><\/li><\/ul><\/nav><\/div>\n\n<p>Bademler K\u00f6y\u00fc gezilecek yerler, \u0130zmir&#8217;in en \u00f6zel yerleri aras\u0131nda yer al\u0131yor. Bu k\u00f6y ilklerin adresi resmen. Bir k\u00f6y d\u00fc\u015f\u00fcn\u00fcn ki tiyatrosu olsun \u00fcstelik 1930&#8217;lardan beri oyunlar sahneleyen tiyatrosunda t\u00fcm oyuncular k\u00f6yl\u00fclerden olu\u015fsun. 76 y\u0131ll\u0131k bir k\u00fct\u00fcphane ve de bir oyuncak m\u00fczesi olan bir k\u00f6y. Her \u015feyi ile olduk\u00e7a \u00f6zel bir k\u00f6y. Buras\u0131 k\u00fclt\u00fcr ve sanat\u0131n bulu\u015ftu\u011fu, insan\u0131n neden t\u00fcm k\u00f6ylerimiz b\u00f6yle de\u011fil dedi\u011fi bir yer.<\/p>\n\n\n\n<p>Okuma yazma oran\u0131n\u0131n %100 oldu\u011fu ve su\u00e7 oran\u0131n\u0131n neredeyse s\u0131f\u0131r oldu\u011fu bu g\u00fczel k\u00f6yde k\u00f6yl\u00fcler kendi aralar\u0131nda edebiyat, felsefe, tiyatro sahne teknikleri gibi konularda konu\u015furken bir yandan da tarlas\u0131n\u0131 ekip bi\u00e7iyor. Her noktas\u0131 ile bir \u00e7ok k\u00f6yden farkl\u0131 olan bu g\u00fczel k\u00f6y ile ilgili t\u00fcm detaylar\u0131 bu yaz\u0131mda bulabilirsiniz.<\/p>\n\n\n\n<h2 class=\"wp-block-heading has-text-align-center has-neeon-button-dark-gray-color has-text-color has-link-color wp-elements-976c1555e38f69a5081c7255f565e98d\"><span class=\"ez-toc-section\" id=\"bademler_koyu_gezi_rehberi\"><\/span><strong><strong><strong><strong><strong><strong>Bademler K\u00f6y\u00fc Gezi Rehberi<\/strong><\/strong><\/strong><\/strong><\/strong><\/strong><span class=\"ez-toc-section-end\"><\/span><\/h2>\n\n\n\n<p>Bademler K\u00f6y\u00fc Gezilecek Yerler | Bademler K\u00f6y\u00fc Gezi Rehberi ba\u015fl\u0131kl\u0131 yaz\u0131mda <strong><em>Bademler K\u00f6y\u00fc Nerede, Bademler K\u00f6y\u00fc&#8217;ne Nas\u0131l Gidilir, K\u00f6y\u00fcn Hikayesi, Bademler K\u00f6y\u00fc Gezilecek Yerler ve Bademler K\u00f6y\u00fc&#8217;nde Ne Yenir<\/em><\/strong> sorular\u0131n\u0131n cevaplar\u0131n\u0131 vermeye \u00e7al\u0131\u015faca\u011f\u0131m. Umar\u0131m faydal\u0131 ve yol g\u00f6sterici bir yaz\u0131 olur.<\/p>\n\n\n\n<h3 class=\"wp-block-heading has-text-align-center has-neeon-button-dark-gray-color has-text-color has-link-color wp-elements-4683a3dce1006038a365cb6f22c976f5\"><span class=\"ez-toc-section\" id=\"bademler_koyu_nerede\"><\/span><strong><strong><strong><strong>Bademler K\u00f6y\u00fc Nerede ?<\/strong><\/strong><\/strong><\/strong><span class=\"ez-toc-section-end\"><\/span><\/h3>\n\n\n\n<p>Bademler K\u00f6y\u00fc, \u0130zmir&#8217;in <strong>Urla<\/strong> il\u00e7esine ba\u011fl\u0131 bir k\u00f6y. Bu g\u00fczel k\u00f6y \u0130zmir merkeze <strong>40 km<\/strong> uzakl\u0131kta yer al\u0131yor. Urla merkeze <strong>10 km<\/strong> uzakl\u0131kta yer alan Bademler K\u00f6y\u00fc&#8217;n\u00fcn haritadaki konumu bu <strong><a href=\"https:\/\/goo.gl\/maps\/foMkCDLTj3SL4jMc8\" target=\"_blank\" rel=\"noreferrer noopener\">ba\u011flant\u0131da<\/a><\/strong>.<\/p>\n\n\n\n<h3 class=\"wp-block-heading has-text-align-center has-neeon-button-dark-gray-color has-text-color has-link-color wp-elements-8126bdc7179e4fe9498d9ca5149eaad8\"><span class=\"ez-toc-section\" id=\"bademler_koyune_nasil_gidilir\"><\/span><strong><strong><strong><strong>Bademler K\u00f6y\u00fc&#8217;ne Nas\u0131l Gidilir ?<\/strong><\/strong><\/strong><\/strong><span class=\"ez-toc-section-end\"><\/span><\/h3>\n\n\n\n<p>Bademler K\u00f6y\u00fc, \u0130zmir\u2019e 40 km, Urla\u2019ya 10 km uzakl\u0131kta yer al\u0131yor. Bademler\u2019e kendi arac\u0131n\u0131zla gitmek i\u00e7in \u0130zmir-\u00c7e\u015fme otoban\u0131n\u0131 takip ederek Seferihisar y\u00f6n\u00fcne do\u011fru gitmeniz gerekiyor. Tabelalar sizi Bademler\u2019e g\u00f6t\u00fcr\u00fcyor. \u0130zmir\u2019den Bademler K\u00f6y\u00fcne ula\u015fmak yakla\u015f\u0131k 25-30 dakika s\u00fcr\u00fcyor. <\/p>\n\n\n\n<p>Bademler K\u00f6y\u00fc&#8217;ne otob\u00fcsle gitmek isterseniz Fahrettin Altay\u2019dan kalkan 983 numaral\u0131 belediye otob\u00fcs\u00fcn\u00fc kullanabilirsiniz. Bademler-Fahrettin Altay Aktarma Merkezi hatt\u0131ndaki ESHOT otob\u00fcsleri ile toplu ula\u015f\u0131m hizmeti veriliyor. Bu otob\u00fcs \u00c7aml\u0131 ve Yelki \u00fczerinden Bademler\u2019e ula\u015f\u0131yor. Her g\u00fcn 06.00-24.00 saatleri aras\u0131nda belediye otob\u00fcs\u00fc seferi var.<\/p>\n\n\n\n<h3 class=\"wp-block-heading has-text-align-center has-neeon-button-dark-gray-color has-text-color has-link-color wp-elements-365794a1ac7510d5bda1fe9368df1ee8\"><span class=\"ez-toc-section\" id=\"bademler_koyu_hikayesi\"><\/span><strong><strong><strong><strong>Bademler K\u00f6y\u00fc Hikayesi<\/strong><\/strong><\/strong><\/strong><span class=\"ez-toc-section-end\"><\/span><\/h3>\n\n\n\n<p>Bademler K\u00f6y\u00fc&#8217;n\u00fcn ge\u00e7mi\u015fi iki y\u00fcz y\u0131l \u00f6ncesine kadar gidiyor.&nbsp;<strong>Bademler K\u00f6y\u00fc&#8217;n\u00fcn<\/strong> tahtac\u0131 Alevi olan halk\u0131 19. y\u00fczy\u0131l\u0131n ba\u015f\u0131na kadar bu y\u00f6rede g\u00f6\u00e7ebe olarak ya\u015f\u0131yormu\u015f ve marangozculukla u\u011fra\u015f\u0131yormu\u015f. Zaman\u0131nda k\u00f6yl\u00fcler \u00e7evre yerlere tekne gibi ah\u015faptan \u00fcr\u00fcnler \u00fcretip sat\u0131yormu\u015f. Zamanla kimi d\u0131\u015f etkenlerin zoruyla g\u00f6\u00e7ebeli\u011fi b\u0131rak\u0131p yerle\u015fik d\u00fczene ge\u00e7en k\u00f6yl\u00fcler \u015fu anda k\u00f6y\u00fcn bulundu\u011fu yerde yerle\u015fim kurmaya ba\u015flam\u0131\u015flar. <\/p>\n\n\n\n<p>12 k\u0131l \u00e7ad\u0131r ve 3 evden ibaret \u015fekilde yerle\u015fim ba\u015flayan bu k\u00f6yde \u00e7evrede bulunan bir ka\u00e7 adet badem a\u011fac\u0131 nedeniyle <strong>Bademler <\/strong>olarak an\u0131lmaya ba\u015flanm\u0131\u015f. K\u00f6yl\u00fcler 80&#8217;lerde t\u00fct\u00fcn yeti\u015ftiriyormu\u015f fakat susuzluk nedeniyle t\u00fct\u00fcnc\u00fcl\u00fckten vazge\u00e7mi\u015fler ve 1962 y\u0131l\u0131nda kooperatif kurarak \u00e7i\u00e7ek\u00e7ilikle u\u011fra\u015fmaya ba\u015flam\u0131\u015flar. K\u00f6y\u00fcn n\u00fcfusunun b\u00fcy\u00fck bir k\u0131sm\u0131 ge\u00e7imini \u00e7i\u00e7ek\u00e7ilikten sa\u011fl\u0131yor.<\/p>\n\n\n\n<h3 class=\"wp-block-heading has-text-align-center has-neeon-button-dark-gray-color has-text-color has-link-color wp-elements-17da443f23558b6f92aa8dff6323f1eb\"><span class=\"ez-toc-section\" id=\"bademler_koyu_gezilecek_yerler\"><\/span><strong><strong><strong><strong>Bademler K\u00f6y\u00fc Gezilecek Yerler<\/strong><\/strong><\/strong><\/strong><span class=\"ez-toc-section-end\"><\/span><\/h3>\n\n\n\n<h4 class=\"wp-block-heading has-text-align-center has-neeon-button-dark-gray-color has-text-color has-link-color wp-elements-09aa132e7ca5ca38bf3a0c24e1c675a6\"><span class=\"ez-toc-section\" id=\"bademler_koyu_tiyatrosu\"><\/span><strong>Bademler K\u00f6y\u00fc Tiyatrosu<\/strong><span class=\"ez-toc-section-end\"><\/span><\/h4>\n\n\n<div class=\"wp-block-image\">\n<figure class=\"aligncenter size-large\"><img decoding=\"async\" src=\"https:\/\/res.cloudinary.com\/turna\/image\/upload\/v1652984777\/bademler_tiyatrosu_diqkib.jpg\" alt=\"bademler k\u00f6y\u00fc gezilecek yerler\"\/><\/figure>\n<\/div>\n\n\n<p>\u0130zmir ilinde bulunan Bademler K\u00f6y\u00fc \u00fclkemizde tiyatrosu olan ilk ve tek k\u00f6y. K\u00f6ye tiyatro sevgisini 1925 y\u0131l\u0131nda atanan \u00f6\u011fretmen <strong>Mustafa Anarat<\/strong> a\u015f\u0131lam\u0131\u015f. Daha \u0130zmir\u2019de Devlet Tiyatrosu yokken Bademler k\u00f6y\u00fcnde tiyatro oyunlar\u0131 sahnelenmi\u015f. 1933 y\u0131l\u0131ndan g\u00fcn\u00fcm\u00fcze kadar her y\u0131l Bademler K\u00f6y\u00fc&#8217;nde bir ya da iki oyun oynanm\u0131\u015f ve tiyatro k\u00f6yde ya\u015fam\u0131n bir par\u00e7as\u0131 olmu\u015f.<\/p>\n\n\n\n<p>K\u00f6yl\u00fcler tiyatro binalar\u0131n\u0131 imece usul\u00fcyle yapm\u0131\u015flar. <strong>Bademler Tiyatrosu<\/strong>&nbsp;bazen \u00e7evre k\u00f6ylere de gidip oyunlar oynuyor, bazen de profesyonel tiyatrolar k\u00f6yde oyunlar\u0131n\u0131 sahneliyor. Ankara Ekin Tiyatrosundan Ferhan \u015eensoy&#8217;a kadar bir\u00e7ok tiyatrocu bu g\u00fczel k\u00f6yde oyunlar\u0131n\u0131 sahnelemi\u015f.<\/p>\n\n\n\n<p><strong>Bademler Tiyatrosunun <\/strong>oyuncusu, y\u00f6netmeni, \u0131\u015f\u0131k\u00e7\u0131s\u0131 yani kadrosunun tamam\u0131 k\u00f6yl\u00fcler. G\u00fcnd\u00fcz tarlada \u00e7al\u0131\u015f\u0131p, ak\u015famlar\u0131 tiyatronun yolunu tutuyorlar. Bu k\u00f6yde hi\u00e7 kimse ger\u00e7ek ad\u0131yla tan\u0131nm\u0131yor. K\u00f6yl\u00fcler canland\u0131rd\u0131klar\u0131 rollerin ismiyle birbirine hitap ediyor. Hatta bu isimler mezar ta\u015flar\u0131na dahi yaz\u0131l\u0131yor.<\/p>\n\n\n\n<p>1963 y\u0131l\u0131nda Berlin Film Festivalinde Alt\u0131n Ay\u0131 \u00f6d\u00fcl\u00fc kazanan Susuz Yaz filmi de Bademler\u2019de \u00e7ekilmi\u015f. Necati Cumal\u0131\u2019n\u0131n ayn\u0131 adl\u0131 roman\u0131ndan uyarlanan film, Bademler insan\u0131n\u0131n dram\u0131n\u0131 beyazperdeye aktarm\u0131\u015f ve Metin Erksan\u2019\u0131n y\u00f6netti\u011fi,&nbsp; H\u00fclya Ko\u00e7yi\u011fit, Ulvi Do\u011fan ve Erol Ta\u015f\u2019\u0131n ba\u015frollerini oynad\u0131\u011f\u0131 filmin yard\u0131mc\u0131 oyuncular\u0131 ve fig\u00fcranlar\u0131 Bademler halk\u0131ndan olu\u015fmu\u015f.<\/p>\n\n\n\n<h4 class=\"wp-block-heading has-text-align-center has-neeon-button-dark-gray-color has-text-color has-link-color wp-elements-0f828dc0767313862dfce79a4751fe36\"><span class=\"ez-toc-section\" id=\"bademler_koyu_pazari\"><\/span><strong>Bademler K\u00f6y\u00fc Pazar\u0131<\/strong><span class=\"ez-toc-section-end\"><\/span><\/h4>\n\n\n\n<p>Hafta sonu \u0130zmir&#8217;de ne yapsam diyorsan\u0131z kendinizi Bademler&#8217;e atabilirsiniz. K\u00f6y\u00fc ziyaret i\u00e7in en ideal g\u00fcn pazar. Pazar g\u00fcn\u00fc k\u00f6y\u00fcn meydan\u0131na a\u00e7\u0131lan ara sokakta kurulan \u00fcretici pazar\u0131, yerel halk\u0131n el eme\u011fiyle \u00fcretti\u011fi meyve-sebzelerin yan\u0131 s\u0131ra evde pi\u015firilen zeytinya\u011fl\u0131lar, g\u00f6zleme ve ekmek \u00e7e\u015fitlerini bu pazarda bulabilirsiniz.<\/p>\n\n\n\n<h4 class=\"wp-block-heading has-text-align-center has-neeon-button-dark-gray-color has-text-color has-link-color wp-elements-f48be951c0704d63c7b4d2ecdeb8c646\"><span class=\"ez-toc-section\" id=\"bademler_halk_kutuphanesi\"><\/span><strong>Bademler Halk K\u00fct\u00fcphanesi<\/strong><span class=\"ez-toc-section-end\"><\/span><\/h4>\n\n\n<div class=\"wp-block-image\">\n<figure class=\"aligncenter size-large\"><img decoding=\"async\" src=\"https:\/\/res.cloudinary.com\/turna\/image\/upload\/v1652984777\/bademler_k%C3%BCt%C3%BCphanesi_big76o.jpg\" alt=\"bademler k\u00f6y\u00fc gezilecek yerler\"\/><\/figure>\n<\/div>\n\n\n<p>Bademler bir \u00e7ok noktas\u0131 ile farkl\u0131 bir k\u00f6y. K\u00fclt\u00fcr ve okuman\u0131n tavan yapt\u0131\u011f\u0131 bu k\u00f6yde 76 y\u0131ld\u0131r kap\u0131lar\u0131n\u0131 a\u00e7\u0131k tutan bir k\u00fct\u00fcphane var. Mahmut T\u00fcrkmeno\u011flu Park\u0131&#8217;n\u0131n i\u00e7indeki k\u00fct\u00fcphanenin \u00f6n\u00fcnde bir de Mask Dostluk Heykeli var. Bu masklar\u0131 Bademler\u2019le karde\u015f kent olan Japonlar yapm\u0131\u015f.<\/p>\n\n\n\n<h4 class=\"wp-block-heading has-text-align-center has-neeon-button-dark-gray-color has-text-color has-link-color wp-elements-69fef5298193cb1e47fa57bcfea1a1c9\"><span class=\"ez-toc-section\" id=\"koy_kahvesi\"><\/span><strong>K\u00f6y Kahvesi<\/strong><span class=\"ez-toc-section-end\"><\/span><\/h4>\n\n\n<div class=\"wp-block-image\">\n<figure class=\"aligncenter size-large\"><img decoding=\"async\" src=\"https:\/\/res.cloudinary.com\/turna\/image\/upload\/v1652984777\/bademler_kahvehanesi_tnnpmr.jpg\" alt=\"bademler k\u00f6y\u00fc gezilecek yerler\"\/><\/figure>\n<\/div>\n\n\n<p>Bu k\u00f6y kahvesi di\u011fer kahvehanelere benzemiyor. Kahve duvar\u0131nda Einstein\u2019\u0131n \u201c\u00d6n yarg\u0131lar\u0131 k\u0131rmak atomu par\u00e7alamaktan daha zordur\u201d s\u00f6z\u00fcn\u00fcn \u00f6n planda oldu\u011fu bir metin as\u0131l\u0131. Bu g\u00f6rseller kahveye oturdu\u011funuzda size e\u015flik ediyor. Girdi\u011finiz anda neredeyse her duvardaki Atat\u00fcrk portleri ve bayraklar ise mutluluk verici. Ayr\u0131ca kad\u0131n garsonun oldu\u011fu eski bir foto\u011fraf dikkatinizi \u00e7ekiyor. Kad\u0131n ve erke\u011fin e\u015fitli\u011finin sunuldu\u011fu bu eski foto\u011fraf, \u00e7a\u011fda\u015f bir hava yarat\u0131yor.<\/p>\n\n\n\n<p>\u0130\u00e7ece\u011finizi isterken size s\u0131cac\u0131k davranan ve \u00e7ok c\u00fczi \u00fccretler ile konforunuzu en \u00fcst seviyede tutmak isteyen \u00e7al\u0131\u015fan o samimi insanlar ise \u201cDaha iyilik bitmedi\u201d dedirtiyor. Boyozunu, simitini al kahvehane de otur masaya bir ayran bir \u00e7ay iste, kahvalt\u0131n haz\u0131r. Bir de pazar varsa de\u011fme keyfine.<\/p>\n\n\n\n<h4 class=\"wp-block-heading has-text-align-center has-neeon-button-dark-gray-color has-text-color has-link-color wp-elements-2fd88b7c1dca31e0057785cc46a7acd8\"><span class=\"ez-toc-section\" id=\"cocuk_oyunlari_muzesi\"><\/span><strong>\u00c7ocuk Oyunlar\u0131 M\u00fczesi<\/strong><span class=\"ez-toc-section-end\"><\/span><\/h4>\n\n\n\n<p>T\u00fcrkiye\u2019nin ilk oyuncak m\u00fczesi de Arkeolog Musa Baran taraf\u0131ndan Bademler\u2019de kurulmu\u015f.&nbsp;Bu m\u00fcze, k\u00f6y meydan\u0131n\u0131n hemen yan\u0131 ba\u015f\u0131nda. Annesinin ya\u015fad\u0131\u011f\u0131 evi, \u00f6l\u00fcm\u00fcn\u00fcn ard\u0131ndan m\u00fczeye d\u00f6n\u00fc\u015ft\u00fcren Musa Baran, m\u00fczenin bir odas\u0131n\u0131 annesinin hat\u0131ras\u0131n\u0131 ya\u015fatmak i\u00e7in kendine g\u00f6re d\u00fczenlemi\u015f. G\u00f6r\u00fcn\u00fc\u015fte iki katl\u0131 k\u00fc\u00e7\u00fck bir ev gibi g\u00f6r\u00fcnse de i\u00e7inde koca bir tarih saklan\u0131yor.<\/p>\n\n\n\n<p>Eski e\u015fyalar, foto\u011fraflar ve aile hat\u0131ralar\u0131n\u0131n sergilendi\u011fi bu odan\u0131n \u00fcst kat\u0131nda ise ge\u00e7mi\u015fte \u00e7ocuklar\u0131n oynad\u0131\u011f\u0131 oyunlarda kulland\u0131klar\u0131 malzemeler a\u00e7\u0131klamalar\u0131yla birlikte yer al\u0131yor. <\/p>\n\n\n\n<h3 class=\"wp-block-heading has-text-align-center has-neeon-button-dark-gray-color has-text-color has-link-color wp-elements-c620f494145abd53c2db70a45a8d6a08\"><span class=\"ez-toc-section\" id=\"bademler_koyunde_ne_yenir\"><\/span><strong><strong><strong><strong><strong>Bademler K\u00f6y\u00fc&#8217;nde Ne Yenir ?<\/strong><\/strong><\/strong><\/strong><\/strong><span class=\"ez-toc-section-end\"><\/span><\/h3>\n\n\n\n<p>Bademler K\u00f6y\u00fc, \u0130zmir Urla&#8217;ya ba\u011fl\u0131 bir yer. Dolay\u0131s\u0131yla Urla&#8217;da oldu\u011fu gibi&nbsp;bu k\u00f6yde de kuzu kol sarma, y\u00f6resel otlar, yumurta, un ve lordan yap\u0131lan \u00c7alkama, gelincik \u00e7i\u00e7e\u011finden yap\u0131lan Gelincik \u015eurubu ve Damat Helvas\u0131 gibi lezzetleri deneyimleyebilirsiniz.<\/p>\n\n\n\n<p><strong>Bademler K\u00f6y\u00fc&#8217;nde Ne Yenir ?<\/strong><\/p>\n\n\n\n<ul class=\"wp-block-list\">\n<li>Dervi\u015f \u00c7orbas\u0131<\/li>\n\n\n\n<li>Cevizli Baklava<\/li>\n\n\n\n<li>Kuzu Kol Sarma<\/li>\n\n\n\n<li>Y\u00f6resel Otlar<\/li>\n\n\n\n<li>\u00c7alkalama<\/li>\n\n\n\n<li>Damat Helvas\u0131<\/li>\n\n\n\n<li>Gelincik \u015eurubu<\/li>\n\n\n\n<li>Godalak Ekme\u011fi<\/li>\n<\/ul>\n\n\n\n<h3 class=\"wp-block-heading has-text-align-center has-neeon-button-dark-gray-color has-text-color has-link-color wp-elements-6644daf37e7cd8dbb507d603f9fade14\"><span class=\"ez-toc-section\" id=\"bademler_koyunde_ne_yapilir\"><\/span><strong><strong><strong><strong><strong>Bademler K\u00f6y\u00fc&#8217;nde Ne Yap\u0131l\u0131r ?<\/strong><\/strong><\/strong><\/strong><\/strong><span class=\"ez-toc-section-end\"><\/span><\/h3>\n\n\n\n<p><strong>Bademler K\u00f6y\u00fc&#8217;nde Ne Yap\u0131l\u0131r ?<\/strong><\/p>\n\n\n\n<ul class=\"wp-block-list\">\n<li>Bademler&#8217;de bulunan tiyatro ziyaret edilir.<\/li>\n\n\n\n<li>K\u00f6y\u00fcn do\u011fal lezzetlerinin tad\u0131na bak\u0131l\u0131r.<\/li>\n\n\n\n<li>Oyuncak M\u00fczesi ziyaret edilir.<\/li>\n\n\n\n<li>Yol yak\u0131nken Urla&#8217;ya gidilir.<\/li>\n<\/ul>\n\n\n\n<p><strong>Bademler K\u00f6y\u00fc<\/strong> <strong>gezilecek yerler<\/strong> ba\u015fl\u0131kl\u0131 yaz\u0131m\u0131n sonuna geldik. Bu g\u00fczel k\u00f6y\u00fc ke\u015ffetmek i\u00e7in \u0130zmir u\u00e7ak biletlerine bu <strong><a href=\"https:\/\/www.turna.com\/ucak-bileti\/izmir\" target=\"_blank\" rel=\"noreferrer noopener\">ba\u011flant\u0131dan<\/a><\/strong> bakabilirsiniz. \u0130zmir&#8217;e ya da Urla&#8217;ya yolunuz d\u00fc\u015ferse bu g\u00fczel k\u00f6y\u00fc ziyaret etmeyi ve g\u00fczelliklerini ke\u015ffetmeyi unutmay\u0131n. Keyifli gezmeleriniz olsun.<\/p>\n\n    <div class=\"xs_social_share_widget xs_share_url after_content \t\tmain_content  wslu-style-1 wslu-share-box-shaped wslu-fill-colored wslu-none wslu-share-horizontal wslu-theme-font-no wslu-main_content\">\n\n\t\t\n        <ul>\n\t\t\t        <\/ul>\n    <\/div> \n","protected":false},"excerpt":{"rendered":"<p>Bademler K\u00f6y\u00fc gezilecek yerler, \u0130zmir&#8217;in en \u00f6zel yerleri aras\u0131nda yer al\u0131yor. Bu k\u00f6y ilklerin adresi resmen.<\/p>\n","protected":false},"author":34,"featured_media":0,"comment_status":"open","ping_status":"open","sticky":false,"template":"","format":"standard","meta":{"rop_custom_images_group":[],"rop_custom_messages_group":[],"rop_publish_now":"initial","rop_publish_now_accounts":[],"rop_publish_now_history":[],"rop_publish_now_status":"pending","_cloudinary_featured_overwrite":false,"footnotes":""},"categories":[84,1839],"tags":[224,1930],"class_list":["post-20905","post","type-post","status-publish","format-standard","hentry","category-turkiye","category-izmir","tag-izmir","tag-urla"],"_links":{"self":[{"href":"https:\/\/www.turna.com\/blog\/wp-json\/wp\/v2\/posts\/20905","targetHints":{"allow":["GET"]}}],"collection":[{"href":"https:\/\/www.turna.com\/blog\/wp-json\/wp\/v2\/posts"}],"about":[{"href":"https:\/\/www.turna.com\/blog\/wp-json\/wp\/v2\/types\/post"}],"author":[{"embeddable":true,"href":"https:\/\/www.turna.com\/blog\/wp-json\/wp\/v2\/users\/34"}],"replies":[{"embeddable":true,"href":"https:\/\/www.turna.com\/blog\/wp-json\/wp\/v2\/comments?post=20905"}],"version-history":[{"count":0,"href":"https:\/\/www.turna.com\/blog\/wp-json\/wp\/v2\/posts\/20905\/revisions"}],"wp:attachment":[{"href":"https:\/\/www.turna.com\/blog\/wp-json\/wp\/v2\/media?parent=20905"}],"wp:term":[{"taxonomy":"category","embeddable":true,"href":"https:\/\/www.turna.com\/blog\/wp-json\/wp\/v2\/categories?post=20905"},{"taxonomy":"post_tag","embeddable":true,"href":"https:\/\/www.turna.com\/blog\/wp-json\/wp\/v2\/tags?post=20905"}],"curies":[{"name":"wp","href":"https:\/\/api.w.org\/{rel}","templated":true}]}}