{"id":20901,"date":"2022-05-18T18:21:06","date_gmt":"2022-05-18T15:21:06","guid":{"rendered":"https:\/\/www.turna.com\/blog\/?p=20901"},"modified":"2025-06-26T17:29:13","modified_gmt":"2025-06-26T14:29:13","slug":"dalyan-microlight-ucusu","status":"publish","type":"post","link":"https:\/\/www.turna.com\/blog\/dalyan-microlight-ucusu","title":{"rendered":"Dalyan Microlight U\u00e7u\u015fu: E\u015fsiz Bir Deneyim"},"content":{"rendered":"<div id=\"ez-toc-container\" class=\"ez-toc-v2_0_82_2 counter-hierarchy ez-toc-counter ez-toc-black ez-toc-container-direction\">\n<div class=\"ez-toc-title-container\">\n<p class=\"ez-toc-title\" style=\"cursor:inherit\">\u0130\u00e7indekiler<\/p>\n<span class=\"ez-toc-title-toggle\"><a href=\"#\" class=\"ez-toc-pull-right ez-toc-btn ez-toc-btn-xs ez-toc-btn-default ez-toc-toggle\" aria-label=\"\u0130\u00e7indekiler Tablosunu A\u00e7\/Kapat\"><span class=\"ez-toc-js-icon-con\"><span class=\"\"><span class=\"eztoc-hide\" style=\"display:none;\">Toggle<\/span><span class=\"ez-toc-icon-toggle-span\"><svg style=\"fill: #ffffff;color:#ffffff\" xmlns=\"http:\/\/www.w3.org\/2000\/svg\" class=\"list-377408\" width=\"20px\" height=\"20px\" viewBox=\"0 0 24 24\" fill=\"none\"><path d=\"M6 6H4v2h2V6zm14 0H8v2h12V6zM4 11h2v2H4v-2zm16 0H8v2h12v-2zM4 16h2v2H4v-2zm16 0H8v2h12v-2z\" fill=\"currentColor\"><\/path><\/svg><svg style=\"fill: #ffffff;color:#ffffff\" class=\"arrow-unsorted-368013\" xmlns=\"http:\/\/www.w3.org\/2000\/svg\" width=\"10px\" height=\"10px\" viewBox=\"0 0 24 24\" version=\"1.2\" baseProfile=\"tiny\"><path d=\"M18.2 9.3l-6.2-6.3-6.2 6.3c-.2.2-.3.4-.3.7s.1.5.3.7c.2.2.4.3.7.3h11c.3 0 .5-.1.7-.3.2-.2.3-.5.3-.7s-.1-.5-.3-.7zM5.8 14.7l6.2 6.3 6.2-6.3c.2-.2.3-.5.3-.7s-.1-.5-.3-.7c-.2-.2-.4-.3-.7-.3h-11c-.3 0-.5.1-.7.3-.2.2-.3.5-.3.7s.1.5.3.7z\"\/><\/svg><\/span><\/span><\/span><\/a><\/span><\/div>\n<nav><ul class='ez-toc-list ez-toc-list-level-1 eztoc-toggle-hide-by-default' ><li class='ez-toc-page-1 ez-toc-heading-level-2'><a class=\"ez-toc-link ez-toc-heading-1\" href=\"https:\/\/www.turna.com\/blog\/dalyan-microlight-ucusu\/#microlight_hakkinda_bilgi\" >Microlight Hakk\u0131nda Bilgi<\/a><\/li><li class='ez-toc-page-1 ez-toc-heading-level-2'><a class=\"ez-toc-link ez-toc-heading-2\" href=\"https:\/\/www.turna.com\/blog\/dalyan-microlight-ucusu\/#microlight_nedir\" >Microlight Nedir?<\/a><ul class='ez-toc-list-level-3' ><li class='ez-toc-heading-level-3'><a class=\"ez-toc-link ez-toc-heading-3\" href=\"https:\/\/www.turna.com\/blog\/dalyan-microlight-ucusu\/#microlight_guvenli_mi\" >Microlight G\u00fcvenli mi?<\/a><\/li><\/ul><\/li><li class='ez-toc-page-1 ez-toc-heading-level-2'><a class=\"ez-toc-link ez-toc-heading-4\" href=\"https:\/\/www.turna.com\/blog\/dalyan-microlight-ucusu\/#dalyan_microlight_deneyimi\" >Dalyan Microlight Deneyimi<\/a><\/li><li class='ez-toc-page-1 ez-toc-heading-level-2'><a class=\"ez-toc-link ez-toc-heading-5\" href=\"https:\/\/www.turna.com\/blog\/dalyan-microlight-ucusu\/#dalyan_microlight_fiyati\" >Dalyan Microlight Fiyat\u0131<\/a><\/li><li class='ez-toc-page-1 ez-toc-heading-level-2'><a class=\"ez-toc-link ez-toc-heading-6\" href=\"https:\/\/www.turna.com\/blog\/dalyan-microlight-ucusu\/#dalyan_microlight_iletisim\" >Dalyan Microlight \u0130leti\u015fim<\/a><\/li><\/ul><\/nav><\/div>\n\n<p>Hen\u00fcz tatildeyken ve microlight u\u00e7u\u015funu yapal\u0131 bir ka\u00e7 saat olmu\u015fken s\u0131ca\u011f\u0131 s\u0131ca\u011f\u0131na oturdum bilgisayar ba\u015f\u0131na. Adrenalin kanda dola\u015f\u0131rken ve heyecan\u0131m halen tavanken yazay\u0131m ki o hissiyat\u0131 size de ge\u00e7irebileyim istedim. \ud83d\ude0a <strong>Dalyan microlight u\u00e7u\u015fu<\/strong> ger\u00e7ekten e\u015fsiz bir deneyim.<strong> Microlight<\/strong> ba\u015fl\u0131 ba\u015f\u0131na keyifli bir aktivite ama Dalyan da bunu ya\u015famak i\u00e7in m\u00fcthi\u015f bir co\u011frafya.<\/p>\n\n\n\n<p>Yaz\u0131da size<strong> microlight nedir<\/strong>, <strong>microlight g\u00fcvenli mi<\/strong> hatta ka\u00e7 metre y\u00fckselir, ne kadar g\u00f6ky\u00fcz\u00fcnde kal\u0131r gibi bilgileri de aktaraca\u011f\u0131m. M\u00fcsaadenizle \u00f6nce &#8216;vay be, nereden nereyeee&#8217; dedirtecek hikayemden bahsetmek isterim. \ud83d\ude01<\/p>\n\n\n\n<p>Bak\u0131n ben az\u0131c\u0131k y\u00fcksek bir yerden a\u015fa\u011f\u0131 bak\u0131nca anksiyete krizine giren, hatta bazen a\u011flayan biriydim. \u00d6yle devasa sal\u0131ncaklar\u0131 g\u00f6r\u00fcnce dahi y\u00fcre\u011fi a\u011fz\u0131na gelen ama hadi bi cesaret k\u0131z\u0131m deyip binsem de ipleri s\u0131kmaktan kollar\u0131 bir hafta a\u011fr\u0131yan birine ge\u00e7i\u015fim bile benim i\u00e7in bir evrimdi. Ufak ufak ad\u0131mlarla biraz yol kat etsem de para\u015f\u00fctle atlamak falan hala \u00e7\u0131lg\u0131nca geliyordu.<\/p>\n\n\n\n<p>Dalyan tatilimiz esnas\u0131nda kald\u0131\u011f\u0131m\u0131z ev sahibimiz bize microlight pilotu olan Mustafa Bey&#8217;den bahsetti ve bizi tan\u0131\u015ft\u0131rd\u0131. \u00d6yle enine boyuna d\u00fc\u015f\u00fcnmeden bir anda karar verdim ve bir bakt\u0131m ki g\u00f6ky\u00fcz\u00fcnde s\u00fcz\u00fcl\u00fcyorum. Bu benim i\u00e7in bir gurur kayna\u011f\u0131. Yani insanl\u0131k i\u00e7in k\u00fc\u00e7\u00fck ama benim i\u00e7in kocaman bir ad\u0131m. \ud83d\ude04 E tebrikleri al\u0131r\u0131m.<\/p>\n\n\n\n<h2 class=\"wp-block-heading has-text-align-center has-neeon-button-dark-gray-color has-text-color has-link-color wp-elements-980ad7081d7abc07fc1bc570b1aec26b\"><span class=\"ez-toc-section\" id=\"microlight_hakkinda_bilgi\"><\/span><strong>Microlight Hakk\u0131nda Bilgi<\/strong><span class=\"ez-toc-section-end\"><\/span><\/h2>\n\n\n\n<figure class=\"wp-block-image size-large\"><img width=\"800\" height=\"500\" decoding=\"async\" src=\"data:image\/svg+xml;base64,PHN2ZyB4bWxucz0iaHR0cDovL3d3dy53My5vcmcvMjAwMC9zdmciIHdpZHRoPSI4MDAiIGhlaWdodD0iNTAwIj48cmVjdCB3aWR0aD0iMTAwJSIgaGVpZ2h0PSIxMDAlIj48YW5pbWF0ZSBhdHRyaWJ1dGVOYW1lPSJmaWxsIiB2YWx1ZXM9InJnYmEoMTUzLDE1MywxNTMsMC41KTtyZ2JhKDE1MywxNTMsMTUzLDAuMSk7cmdiYSgxNTMsMTUzLDE1MywwLjUpIiBkdXI9IjJzIiByZXBlYXRDb3VudD0iaW5kZWZpbml0ZSIgLz48L3JlY3Q+PC9zdmc+\" alt=\"dalyan microlight u\u00e7u\u015fu\" data-public-id=\"dalyan_microlight_wjlr4c\/dalyan_microlight_wjlr4c.jpg\" class=\"wp-post-20901 wp-image-20902\" data-format=\"jpg\" data-transformations=\"f_auto,q_auto:low\" data-version=\"1652887035\" data-seo=\"1\" data-size=\"800 500\" data-srcset=\"https:\/\/res.cloudinary.com\/turna\/images\/f_auto,q_auto:low\/v1652887035\/dalyan_microlight_wjlr4c\/dalyan_microlight_wjlr4c.jpg?_i=AA 800w, https:\/\/res.cloudinary.com\/turna\/images\/w_300,h_188,c_scale\/f_auto,q_auto:low\/v1652887035\/dalyan_microlight_wjlr4c\/dalyan_microlight_wjlr4c.jpg?_i=AA 300w, https:\/\/res.cloudinary.com\/turna\/images\/w_672,h_420,c_scale\/f_auto,q_auto:low\/v1652887035\/dalyan_microlight_wjlr4c\/dalyan_microlight_wjlr4c.jpg?_i=AA 672w, https:\/\/res.cloudinary.com\/turna\/images\/w_640,h_400,c_scale\/f_auto,q_auto:low\/v1652887035\/dalyan_microlight_wjlr4c\/dalyan_microlight_wjlr4c.jpg?_i=AA 640w, https:\/\/res.cloudinary.com\/turna\/images\/w_681,h_426,c_scale\/f_auto,q_auto:low\/v1652887035\/dalyan_microlight_wjlr4c\/dalyan_microlight_wjlr4c.jpg?_i=AA 681w\" data-sizes=\"(max-width: 800px) 100vw, 800px\" data-delivery=\"upload\" onload=\";window.CLDBind?CLDBind(this):null;\" data-cloudinary=\"lazy\" \/><\/figure>\n\n\n\n<h2 class=\"wp-block-heading has-text-align-center has-neeon-button-dark-gray-color has-text-color has-link-color wp-elements-b7b8b4b3ed7cbc5e3f870147fb835f90\"><span class=\"ez-toc-section\" id=\"microlight_nedir\"><\/span>Microlight Nedir?<span class=\"ez-toc-section-end\"><\/span><\/h2>\n\n\n\n<p><strong>Microlight<\/strong>, ultralight veya \u201cmotorlu yelken kanat\u201d olarak da biliniyor. Hobi ama\u00e7l\u0131 kullan\u0131lan bu motorlu hafif hava arac\u0131 tek veya iki ki\u015filik oluyor.<\/p>\n\n\n\n<p>Microlightlar\u0131n a\u00e7\u0131k yada kapal\u0131 kokpiti bulunuyor. Zodyak bot tak\u0131l\u0131rsa denizden de ini\u015f-kalk\u0131\u015f yapabiliyor.<\/p>\n\n\n\n<h3 class=\"wp-block-heading has-text-align-center has-neeon-button-dark-gray-color has-text-color has-link-color wp-elements-c8da05291e6dc62ab3aee07686e2ee64\"><span class=\"ez-toc-section\" id=\"microlight_guvenli_mi\"><\/span><strong>Microlight G\u00fcvenli mi?<\/strong><span class=\"ez-toc-section-end\"><\/span><\/h3>\n\n\n\n<p>Microlight, s\u0131n\u0131f\u0131n\u0131n en g\u00fcvenli hava ara\u00e7lar\u0131ndan biri.&nbsp;Motoru dursa bile s\u00fcz\u00fclerek inebiliyor microlightlar. Kanatlar\u0131, yarasa kanatlar\u0131na benzeyen&nbsp;microlight 1970&#8217;li y\u0131llarda kendi imk\u00e2nlar\u0131yla u\u00e7mak isteyen adrenalin tutkunu insanlar\u0131n Avrupa\u2019da geli\u015ftirdi\u011fi hava ara\u00e7lar\u0131n\u0131n bir t\u00fcr\u00fc.<\/p>\n\n\n\n<p>Benim bindi\u011fim microlight&#8217;ta t\u00fcm g\u00fcvenlik \u00f6nlemleri al\u0131nm\u0131\u015ft\u0131. Pilotun 35 y\u0131ll\u0131k bir pilot olmas\u0131 ve 20 y\u0131ld\u0131r microlight u\u00e7u\u015flar\u0131 yap\u0131yor olmas\u0131 da olduk\u00e7a g\u00fcven verdi.<\/p>\n\n\n\n<h2 class=\"wp-block-heading has-text-align-center has-neeon-button-dark-gray-color has-text-color has-link-color wp-elements-f717ca61e04741eca59aca0bf0cd1f43\"><span class=\"ez-toc-section\" id=\"dalyan_microlight_deneyimi\"><\/span><strong>Dalyan Microlight Deneyimi<\/strong><span class=\"ez-toc-section-end\"><\/span><\/h2>\n\n\n\n<figure class=\"wp-block-image size-large\"><img decoding=\"async\" src=\"https:\/\/res.cloudinary.com\/turna\/image\/upload\/v1652887035\/microlight_u%C3%A7u%C5%9Fu_socz5c.jpg\" alt=\"microlight nedir\"\/><\/figure>\n\n\n\n<p>Sabah erkenden uyan\u0131yor ve microlight i\u00e7in kalk\u0131\u015f yapaca\u011f\u0131m\u0131z piste gidiyoruz. G\u00f6ky\u00fcz\u00fcnde epey r\u00fczgara maruz kalaca\u011f\u0131n\u0131z i\u00e7in yan\u0131n\u0131zda h\u0131rka ya da mont g\u00f6t\u00fcr\u00fcrseniz iyi olur. Ama benim gibi unuttuysan\u0131z dahi dert de\u011fil. Mustafa Bey sizin i\u00e7in bir mont ayarl\u0131yor. Kalk\u0131\u015f i\u00e7in microlight\u0131n son kontrolleri yap\u0131l\u0131yor. Sonras\u0131nda ben yerime oturuyorum. Emniyet kemeri tak\u0131l\u0131yor. U\u00e7u\u015f g\u00f6zl\u00fc\u011f\u00fc ve havada pilotla birbirimizi duyabilmemiz i\u00e7in kulakl\u0131k tak\u0131l\u0131yor. Bir de telefon elimizden kay\u0131p pervanelere gitmesin diye sa\u011flam bir aparatla telefon boynuma as\u0131l\u0131yor. Pilot da yerini al\u0131nca art\u0131k haz\u0131r\u0131z. <\/p>\n\n\n\n<p>Y\u00fcre\u011fim a\u011fz\u0131mda. Korku, endi\u015fe, heyecan t\u00fcm duygular\u0131 bi arada ya\u015f\u0131yorum. Hatta bu alet neden 3 ki\u015filik de\u011fil ki, \u00dcst\u00fcn de yan\u0131mda olsayd\u0131 deyip \u00fcz\u00fcl\u00fcyorum. Sonras\u0131nda pistte ilerlemeye ba\u015fl\u0131yoruz. Ben video, foto\u011fraf \u00e7ekerken bir bak\u0131yorum ki havalanm\u0131\u015f\u0131z. G\u00f6ky\u00fcz\u00fcnde oldu\u011fumuzu hissetti\u011fimde telefonu elimden b\u0131rak\u0131p bir anda \u015fiddetli bir \u00fcrperti hissediyorum. 300 metre yukar\u0131day\u0131m. Tutunacak bir yer ar\u0131yorum ve sol taraftaki bir demiri s\u0131k\u0131 s\u0131k\u0131 kavr\u0131yorum. \ud83d\ude02<\/p>\n\n\n\n<p>G\u00f6r\u00fclecek \u00f6zel noktalara do\u011fru gitmeden \u00f6nce pilot beni al\u0131\u015ft\u0131rmak i\u00e7in g\u00f6ky\u00fcz\u00fcnde s\u00fcz\u00fcl\u00fcyor ve kulakl\u0131ktan sohbet ediyoruz. Baz\u0131 tepelere yakla\u015ft\u0131\u011f\u0131m\u0131zda r\u00fczgar az\u0131c\u0131k sall\u0131yor ama onun d\u0131\u015f\u0131nda \u00e7ok da sallanm\u0131yor. Derken bu anlar\u0131 \u00f6l\u00fcms\u00fczle\u015ftirmem gerekti\u011fini d\u00fc\u015f\u00fcn\u00fcp tekrar telefonumu al\u0131yorum. Bir bak\u0131yorum sol elim de demiri b\u0131rakm\u0131\u015f. \ud83d\ude03 Ku\u015f olup s\u00fcz\u00fclme hissini, \u00f6zg\u00fcrl\u00fc\u011f\u00fc, do\u011fay\u0131 ve tarif edemedi\u011fim nice \u015feyi i\u00e7imde hissediyorum.<\/p>\n\n\n\n<p>Sonra bir bak\u0131yorum sa\u011f taraf\u0131m\u0131zda kaya mezarlar\u0131na paralel u\u00e7uyoruz. Dronumuzla \u00e7ekti\u011fimiz g\u00f6r\u00fcnt\u00fcleri ayn\u0131 noktadan kendi g\u00f6zlerimle g\u00f6r\u00fcyorum. Bu muazzam bir \u015fey. Drone&#8217;un kanad\u0131na tak\u0131lm\u0131\u015f u\u00e7uyorum gibi hissediyorum. A\u015fa\u011f\u0131da Kaunos Antik Kenti t\u00fcm g\u00f6rkemiyle duruyor. Doyas\u0131ya bak\u0131yorum. Haf\u0131zama kaz\u0131yorum o resmi. Dalyan Deltas\u0131&#8217;n\u0131 g\u00f6rebilmek i\u00e7in ne kadar manzara noktas\u0131 varsa ziyaret etmi\u015fimdir. Ama o k\u0131vr\u0131ml\u0131 bo\u011fazlar\u0131n \u00fcst\u00fcnde s\u00fcz\u00fclmek gibisi yok.<\/p>\n\n\n\n<figure class=\"wp-block-image size-large\"><img decoding=\"async\" src=\"https:\/\/res.cloudinary.com\/turna\/image\/upload\/v1652887035\/microlight_nedir_a0rmms.jpg\" alt=\"microlight fiyat\"\/><\/figure>\n\n\n\n<p>D\u00fcnyaca \u00fcnl\u00fc \u0130ztuzu Plaj\u0131&#8217;na geldi\u011fimizde ise herhalde plaja ini\u015f yapaca\u011f\u0131z diye d\u00fc\u015f\u00fcn\u00fcyorum. \u00c7\u00fcnk\u00fc neredeyse ayaklar\u0131m\u0131z suya de\u011fecek kadar al\u00e7al\u0131yor ve t\u00fcm plaj\u0131 denizin \u00fcst\u00fcnden u\u00e7uyoruz. Keyif \u00e7\u0131\u011fl\u0131klar\u0131m pilotumun kulaklar\u0131n\u0131 a\u011fr\u0131tmam\u0131\u015ft\u0131r in\u015fallah. \ud83d\ude04 Ka\u00e7 kez &#8216;bu harika bir \u015fey&#8217;, &#8216;b\u00f6yle bir \u015fey olamaz&#8217; demi\u015fimdir hat\u0131rlam\u0131yorum bile. Bal\u0131k s\u00fcr\u00fcleri, carettalar keyfime keyif kat\u0131yor. Pilotum carettalar\u0131 daha yak\u0131ndan g\u00f6relim diye akrobatik hareketler bile yap\u0131yor. Bak bak Buju&#8217;ya bak sen. \ud83d\ude03 Adrenalin ba\u011f\u0131ml\u0131s\u0131 oldum iyice.<\/p>\n\n\n\n<p>Microlight tek kelimeyle nefes kesici bir deneyim. Ancak Dalyan da bu deneyimi ya\u015famak i\u00e7in e\u015fsiz bir destinasyon. G\u00f6rd\u00fcklerinizi unutman\u0131z m\u00fcmk\u00fcn de\u011fil. Yakla\u015f\u0131k 20 dakikal\u0131k bir u\u00e7u\u015f sonras\u0131 piste do\u011fru y\u00f6nleniyor ve yumu\u015fac\u0131k bir ini\u015f yap\u0131yoruz. Sonras\u0131nda ya\u015fad\u0131klar\u0131m\u0131 sindirmem, heyecan\u0131m\u0131 yat\u0131\u015ft\u0131rmam birka\u00e7 saatimi al\u0131yor. Ama halen d\u00fc\u015f\u00fcn\u00fcnce ben bunu nas\u0131l yapt\u0131m, iyi ki yapt\u0131m diyorum.<\/p>\n\n\n\n<h2 class=\"wp-block-heading has-text-align-center has-neeon-button-dark-gray-color has-text-color has-link-color wp-elements-71f7ccbd4602314c3121117225fe1034\"><span class=\"ez-toc-section\" id=\"dalyan_microlight_fiyati\"><\/span><strong>Dalyan Microlight Fiyat\u0131<\/strong><span class=\"ez-toc-section-end\"><\/span><\/h2>\n\n\n\n<p>Dalyan Microlight u\u00e7u\u015fu fiyat\u0131 2024 y\u0131l\u0131 i\u00e7in 5000 TL. Bu fiyata de\u011fer mi derseniz, fazlas\u0131yla de\u011fecek bir deneyim. Mutlaka ya\u015fay\u0131n derim.<\/p>\n\n\n\n<h2 class=\"wp-block-heading has-text-align-center has-neeon-button-dark-gray-color has-text-color has-link-color wp-elements-07b361b32cb68e2ff40e2541d74ae65f\"><span class=\"ez-toc-section\" id=\"dalyan_microlight_iletisim\"><\/span><strong>Dalyan Microlight \u0130leti\u015fim<\/strong><span class=\"ez-toc-section-end\"><\/span><\/h2>\n\n\n\n<figure class=\"wp-block-image size-large\"><img decoding=\"async\" src=\"https:\/\/res.cloudinary.com\/turna\/image\/upload\/v1652887035\/microlight_fiyat_pmy4xm.jpg\" alt=\"microlight g\u00fcvenli mi\"\/><\/figure>\n\n\n\n<p>Dalyan Microlight i\u00e7in Mustafa Bey&#8217;in firmas\u0131n\u0131n ismi Blue Sky Microlight. Telefon numaras\u0131 <strong>05370309430<\/strong>.<\/p>\n\n\n\n<ul class=\"wp-block-list\">\n<li>Blue Sky Microlight Dalyan konumu <strong><a href=\"https:\/\/goo.gl\/maps\/r3ZzW9ABeKdSXWrXA\" target=\"_blank\" rel=\"noreferrer noopener\">burada.<\/a><\/strong><\/li>\n<\/ul>\n\n\n\n<p>Dalyan&#8217;\u0131n g\u00fczelliklerini yak\u0131ndan g\u00f6rmek, unutulmaz anlarla dolu bir tatil yapmak isterseniz <strong><a href=\"https:\/\/www.turna.com\/ucak-bileti\/dalaman\" target=\"_blank\" rel=\"noreferrer noopener\">Dalaman u\u00e7ak bileti<\/a><\/strong> f\u0131rsatlar\u0131na g\u00f6z atabilirsiniz.<\/p>\n\n\n\n<p><\/p>\n\n    <div class=\"xs_social_share_widget xs_share_url after_content \t\tmain_content  wslu-style-1 wslu-share-box-shaped wslu-fill-colored wslu-none wslu-share-horizontal wslu-theme-font-no wslu-main_content\">\n\n\t\t\n        <ul>\n\t\t\t        <\/ul>\n    <\/div> \n","protected":false},"excerpt":{"rendered":"<p>Dalyan microlight u\u00e7u\u015fu ger\u00e7ekten e\u015fsiz bir deneyim. Microlight ba\u015fl\u0131 ba\u015f\u0131na keyifli bir aktivite ama Dalyan da bunu ya\u015famak i\u00e7in m\u00fcthi\u015f bir co\u011frafya.<\/p>\n","protected":false},"author":34,"featured_media":20902,"comment_status":"open","ping_status":"open","sticky":false,"template":"","format":"standard","meta":{"rop_custom_images_group":[],"rop_custom_messages_group":[],"rop_publish_now":"initial","rop_publish_now_accounts":[],"rop_publish_now_history":[],"rop_publish_now_status":"pending","_cloudinary_featured_overwrite":false,"footnotes":""},"categories":[2,1852,84],"tags":[359,448],"class_list":["post-20901","post","type-post","status-publish","format-standard","has-post-thumbnail","hentry","category-ulkeler","category-mugla","category-turkiye","tag-dalaman","tag-mugla"],"_links":{"self":[{"href":"https:\/\/www.turna.com\/blog\/wp-json\/wp\/v2\/posts\/20901","targetHints":{"allow":["GET"]}}],"collection":[{"href":"https:\/\/www.turna.com\/blog\/wp-json\/wp\/v2\/posts"}],"about":[{"href":"https:\/\/www.turna.com\/blog\/wp-json\/wp\/v2\/types\/post"}],"author":[{"embeddable":true,"href":"https:\/\/www.turna.com\/blog\/wp-json\/wp\/v2\/users\/34"}],"replies":[{"embeddable":true,"href":"https:\/\/www.turna.com\/blog\/wp-json\/wp\/v2\/comments?post=20901"}],"version-history":[{"count":0,"href":"https:\/\/www.turna.com\/blog\/wp-json\/wp\/v2\/posts\/20901\/revisions"}],"wp:featuredmedia":[{"embeddable":true,"href":"https:\/\/www.turna.com\/blog\/wp-json\/wp\/v2\/media\/20902"}],"wp:attachment":[{"href":"https:\/\/www.turna.com\/blog\/wp-json\/wp\/v2\/media?parent=20901"}],"wp:term":[{"taxonomy":"category","embeddable":true,"href":"https:\/\/www.turna.com\/blog\/wp-json\/wp\/v2\/categories?post=20901"},{"taxonomy":"post_tag","embeddable":true,"href":"https:\/\/www.turna.com\/blog\/wp-json\/wp\/v2\/tags?post=20901"}],"curies":[{"name":"wp","href":"https:\/\/api.w.org\/{rel}","templated":true}]}}