{"id":20874,"date":"2022-04-28T11:38:00","date_gmt":"2022-04-28T08:38:00","guid":{"rendered":"https:\/\/www.turna.com\/blog\/?p=20874"},"modified":"2025-06-27T14:25:28","modified_gmt":"2025-06-27T11:25:28","slug":"cesme-nerede-cesmeye-nasil-gidilir","status":"publish","type":"post","link":"https:\/\/www.turna.com\/blog\/cesme-nerede-cesmeye-nasil-gidilir","title":{"rendered":"\u00c7e\u015fme Nerede? \u00c7e\u015fme&#8217;ye Nas\u0131l Gidilir?"},"content":{"rendered":"<div id=\"ez-toc-container\" class=\"ez-toc-v2_0_82_2 counter-hierarchy ez-toc-counter ez-toc-black ez-toc-container-direction\">\n<div class=\"ez-toc-title-container\">\n<p class=\"ez-toc-title\" style=\"cursor:inherit\">\u0130\u00e7indekiler<\/p>\n<span class=\"ez-toc-title-toggle\"><a href=\"#\" class=\"ez-toc-pull-right ez-toc-btn ez-toc-btn-xs ez-toc-btn-default ez-toc-toggle\" aria-label=\"\u0130\u00e7indekiler Tablosunu A\u00e7\/Kapat\"><span class=\"ez-toc-js-icon-con\"><span class=\"\"><span class=\"eztoc-hide\" style=\"display:none;\">Toggle<\/span><span class=\"ez-toc-icon-toggle-span\"><svg style=\"fill: #ffffff;color:#ffffff\" xmlns=\"http:\/\/www.w3.org\/2000\/svg\" class=\"list-377408\" width=\"20px\" height=\"20px\" viewBox=\"0 0 24 24\" fill=\"none\"><path d=\"M6 6H4v2h2V6zm14 0H8v2h12V6zM4 11h2v2H4v-2zm16 0H8v2h12v-2zM4 16h2v2H4v-2zm16 0H8v2h12v-2z\" fill=\"currentColor\"><\/path><\/svg><svg style=\"fill: #ffffff;color:#ffffff\" class=\"arrow-unsorted-368013\" xmlns=\"http:\/\/www.w3.org\/2000\/svg\" width=\"10px\" height=\"10px\" viewBox=\"0 0 24 24\" version=\"1.2\" baseProfile=\"tiny\"><path d=\"M18.2 9.3l-6.2-6.3-6.2 6.3c-.2.2-.3.4-.3.7s.1.5.3.7c.2.2.4.3.7.3h11c.3 0 .5-.1.7-.3.2-.2.3-.5.3-.7s-.1-.5-.3-.7zM5.8 14.7l6.2 6.3 6.2-6.3c.2-.2.3-.5.3-.7s-.1-.5-.3-.7c-.2-.2-.4-.3-.7-.3h-11c-.3 0-.5.1-.7.3-.2.2-.3.5-.3.7s.1.5.3.7z\"\/><\/svg><\/span><\/span><\/span><\/a><\/span><\/div>\n<nav><ul class='ez-toc-list ez-toc-list-level-1 eztoc-toggle-hide-by-default' ><li class='ez-toc-page-1 ez-toc-heading-level-2'><a class=\"ez-toc-link ez-toc-heading-1\" href=\"https:\/\/www.turna.com\/blog\/cesme-nerede-cesmeye-nasil-gidilir\/#cesme_nerede\" >\u00c7e\u015fme Nerede?<\/a><\/li><li class='ez-toc-page-1 ez-toc-heading-level-2'><a class=\"ez-toc-link ez-toc-heading-2\" href=\"https:\/\/www.turna.com\/blog\/cesme-nerede-cesmeye-nasil-gidilir\/#cesmeye_nasil_gidilir\" >\u00c7e\u015fme&#8217;ye Nas\u0131l Gidilir?<\/a><ul class='ez-toc-list-level-3' ><li class='ez-toc-heading-level-3'><a class=\"ez-toc-link ez-toc-heading-3\" href=\"https:\/\/www.turna.com\/blog\/cesme-nerede-cesmeye-nasil-gidilir\/#cesmeye_hava_yolu_ile_nasil_gidilir\" >\u00c7e\u015fme&#8217;ye Hava Yolu \u0130le Nas\u0131l Gidilir?<\/a><\/li><li class='ez-toc-page-1 ez-toc-heading-level-3'><a class=\"ez-toc-link ez-toc-heading-4\" href=\"https:\/\/www.turna.com\/blog\/cesme-nerede-cesmeye-nasil-gidilir\/#izmirden_cesmeye_nasil_gidilir\" >\u0130zmir&#8217;den \u00c7e\u015fme&#8217;ye Nas\u0131l Gidilir?<\/a><ul class='ez-toc-list-level-4' ><li class='ez-toc-heading-level-4'><a class=\"ez-toc-link ez-toc-heading-5\" href=\"https:\/\/www.turna.com\/blog\/cesme-nerede-cesmeye-nasil-gidilir\/#izmir_adnan_menderes_havalimanindan_cesmeye_ulasim\" >\u0130zmir Adnan Menderes Havaliman\u0131\u2019ndan \u00c7e\u015fme\u2019ye  Ula\u015f\u0131m<\/a><\/li><li class='ez-toc-page-1 ez-toc-heading-level-4'><a class=\"ez-toc-link ez-toc-heading-6\" href=\"https:\/\/www.turna.com\/blog\/cesme-nerede-cesmeye-nasil-gidilir\/#izmir_otogardan_cesmeye_otobus_ile_ulasim\" >\u0130zmir Otogardan \u00c7e\u015fme&#8217;ye Otob\u00fcs \u0130le Ula\u015f\u0131m<\/a><\/li><li class='ez-toc-page-1 ez-toc-heading-level-4'><a class=\"ez-toc-link ez-toc-heading-7\" href=\"https:\/\/www.turna.com\/blog\/cesme-nerede-cesmeye-nasil-gidilir\/#fahrettin_altaydan_cesmeye_nasil_gidilir\" >Fahrettin Altay&#8217;dan \u00c7e\u015fme&#8217;ye Nas\u0131l Gidilir?<\/a><\/li><li class='ez-toc-page-1 ez-toc-heading-level-4'><a class=\"ez-toc-link ez-toc-heading-8\" href=\"https:\/\/www.turna.com\/blog\/cesme-nerede-cesmeye-nasil-gidilir\/#uckuyulardan_cesmeye_nasil_gidilir\" >\u00dc\u00e7kuyular&#8217;dan \u00c7e\u015fme&#8217;ye Nas\u0131l Gidilir?<\/a><\/li><\/ul><\/li><li class='ez-toc-page-1 ez-toc-heading-level-3'><a class=\"ez-toc-link ez-toc-heading-9\" href=\"https:\/\/www.turna.com\/blog\/cesme-nerede-cesmeye-nasil-gidilir\/#cesmeye_ulasim_hakkinda_sikca_sorulanlar\" >\u00c7e\u015fme&#8217;ye Ula\u015f\u0131m Hakk\u0131nda S\u0131k\u00e7a Sorulanlar<\/a><\/li><li class='ez-toc-page-1 ez-toc-heading-level-3'><a class=\"ez-toc-link ez-toc-heading-10\" href=\"https:\/\/www.turna.com\/blog\/cesme-nerede-cesmeye-nasil-gidilir\/#izbanla_cesmeye_nasil_gidilir\" >\u0130zban&#8217;la \u00c7e\u015fme&#8217;ye Nas\u0131l Gidilir?<\/a><\/li><li class='ez-toc-page-1 ez-toc-heading-level-3'><a class=\"ez-toc-link ez-toc-heading-11\" href=\"https:\/\/www.turna.com\/blog\/cesme-nerede-cesmeye-nasil-gidilir\/#izmirden_cesmeye_eshotla_nasil_gidilir\" >\u0130zmir&#8217;den \u00c7e\u015fme&#8217;ye Eshotla nas\u0131l gidilir?<\/a><\/li><li class='ez-toc-page-1 ez-toc-heading-level-3'><a class=\"ez-toc-link ez-toc-heading-12\" href=\"https:\/\/www.turna.com\/blog\/cesme-nerede-cesmeye-nasil-gidilir\/#izmir_cesme_otobusleri_nereden_kalkar\" >\u0130zmir \u00c7e\u015fme otob\u00fcsleri nereden kalkar?<\/a><\/li><li class='ez-toc-page-1 ez-toc-heading-level-3'><a class=\"ez-toc-link ez-toc-heading-13\" href=\"https:\/\/www.turna.com\/blog\/cesme-nerede-cesmeye-nasil-gidilir\/#izmir_cesme_otobusle_kac_saat_surer\" >\u0130zmir \u00c7e\u015fme otob\u00fcsle ka\u00e7 saat s\u00fcrer?<\/a><\/li><\/ul><\/li><\/ul><\/nav><\/div>\n\n<p>\u00c7e\u015fme kendine has havas\u0131, i\u00e7inde bar\u0131nd\u0131rd\u0131\u011f\u0131 tarihsel zenginlik ve do\u011fan\u0131n harman\u0131, muhte\u015fem denizi ile Ege&#8217;nin en \u00e7ok tercih edilen tatil b\u00f6lgelerinden biri. L\u00fcks\u00fc de sala\u015fl\u0131\u011f\u0131 da bulabilece\u011finiz, sakinli\u011fi de e\u011flenceyi de se\u00e7ebilece\u011finiz bu g\u00fczel il\u00e7e belki de bu yaz tatil planlar\u0131n\u0131zda var \u00f6yle de\u011fil mi? <strong>\u00c7e\u015fme nerede<\/strong> ve <strong>\u00c7e\u015fme&#8217;ye nas\u0131l gidilir<\/strong> sorular\u0131n\u0131 arat\u0131p bu yaz\u0131ya denk geldiyseniz sizi \u00c7e\u015fme&#8217;ye ula\u015ft\u0131rmak i\u00e7in t\u00fcm bildiklerimi anlatmaya haz\u0131r\u0131m. \ud83d\ude03<\/p>\n\n\n\n<h2 class=\"wp-block-heading has-text-align-center has-neeon-button-dark-gray-color has-text-color has-link-color wp-elements-22b9761cc8909b5249cf4ae0a2e12fe8\"><span class=\"ez-toc-section\" id=\"cesme_nerede\"><\/span><strong><strong><strong><strong><strong><strong>\u00c7e\u015fme Nerede?<\/strong><\/strong><\/strong><\/strong><\/strong><\/strong><span class=\"ez-toc-section-end\"><\/span><\/h2>\n\n\n\n<figure class=\"wp-block-image size-large\"><img width=\"800\" height=\"500\" decoding=\"async\" src=\"data:image\/svg+xml;base64,PHN2ZyB4bWxucz0iaHR0cDovL3d3dy53My5vcmcvMjAwMC9zdmciIHdpZHRoPSI4MDAiIGhlaWdodD0iNTAwIj48cmVjdCB3aWR0aD0iMTAwJSIgaGVpZ2h0PSIxMDAlIj48YW5pbWF0ZSBhdHRyaWJ1dGVOYW1lPSJmaWxsIiB2YWx1ZXM9InJnYmEoMTUzLDE1MywxNTMsMC41KTtyZ2JhKDE1MywxNTMsMTUzLDAuMSk7cmdiYSgxNTMsMTUzLDE1MywwLjUpIiBkdXI9IjJzIiByZXBlYXRDb3VudD0iaW5kZWZpbml0ZSIgLz48L3JlY3Q+PC9zdmc+\" alt=\"\u00e7e\u015fme otob\u00fcs\" data-public-id=\"izmir_cesme_arasi_jjqizt\/izmir_cesme_arasi_jjqizt.jpg\" class=\"wp-post-20874 wp-image-20875\" data-format=\"jpg\" data-transformations=\"f_auto,q_auto:low\" data-version=\"1651186748\" data-seo=\"1\" data-size=\"800 500\" data-srcset=\"https:\/\/res.cloudinary.com\/turna\/images\/f_auto,q_auto:low\/v1651186748\/izmir_cesme_arasi_jjqizt\/izmir_cesme_arasi_jjqizt.jpg?_i=AA 800w, https:\/\/res.cloudinary.com\/turna\/images\/w_300,h_188,c_scale\/f_auto,q_auto:low\/v1651186748\/izmir_cesme_arasi_jjqizt\/izmir_cesme_arasi_jjqizt.jpg?_i=AA 300w, https:\/\/res.cloudinary.com\/turna\/images\/w_672,h_420,c_scale\/f_auto,q_auto:low\/v1651186748\/izmir_cesme_arasi_jjqizt\/izmir_cesme_arasi_jjqizt.jpg?_i=AA 672w, https:\/\/res.cloudinary.com\/turna\/images\/w_640,h_400,c_scale\/f_auto,q_auto:low\/v1651186748\/izmir_cesme_arasi_jjqizt\/izmir_cesme_arasi_jjqizt.jpg?_i=AA 640w, https:\/\/res.cloudinary.com\/turna\/images\/w_681,h_426,c_scale\/f_auto,q_auto:low\/v1651186748\/izmir_cesme_arasi_jjqizt\/izmir_cesme_arasi_jjqizt.jpg?_i=AA 681w\" data-sizes=\"(max-width: 800px) 100vw, 800px\" data-delivery=\"upload\" onload=\";window.CLDBind?CLDBind(this):null;\" data-cloudinary=\"lazy\" \/><\/figure>\n\n\n\n<p>\u00c7e\u015fme, \u0130zmir&#8217;in bir il\u00e7esi. Ege B\u00f6lgesi\u2019nin bat\u0131s\u0131nda, deniz k\u0131y\u0131s\u0131nda bulunuyor. Asl\u0131nda \u00c7e\u015fme bir yar\u0131mada. Bu yar\u0131mada boyunca uzanan il\u00e7enin \u00fc\u00e7 bir yan\u0131nda Ege Denizi, do\u011fusunda ise Urla yer al\u0131yor. Yunanistan&#8217;\u0131n Sak\u0131z Adas\u0131 ise \u00c7e\u015fme&#8217;nin hemen kar\u015f\u0131s\u0131nda.<\/p>\n\n\n\n<p>\u00c7e\u015fme konumu <strong><a href=\"https:\/\/goo.gl\/maps\/Eo211ABZ83EWENXD8\" target=\"_blank\" rel=\"noreferrer noopener\">burada.<\/a><\/strong><\/p>\n\n\n\n<h2 class=\"wp-block-heading has-text-align-center has-neeon-button-dark-gray-color has-text-color has-link-color wp-elements-d8f9f19d276362a3b693afa9ca06723e\"><span class=\"ez-toc-section\" id=\"cesmeye_nasil_gidilir\"><\/span><strong><strong><strong><strong><strong><strong>\u00c7e\u015fme&#8217;ye Nas\u0131l Gidilir?<\/strong><\/strong><\/strong><\/strong><\/strong><\/strong><span class=\"ez-toc-section-end\"><\/span><\/h2>\n\n\n\n<p>\u00c7e\u015fme ula\u015f\u0131m\u0131 olduk\u00e7a kolay olan bir il\u00e7e. \u0130zmir il merkezi ve \u00c7e\u015fme il\u00e7e merkezi aras\u0131nda otoban bulunuyor. \u00c7e\u015fme&#8217;ye havayolu ve karayolu ile ula\u015f\u0131m sa\u011flayabilirsiniz. \u00d6ncelikle \u00c7e\u015fme&#8217;nin belli ba\u015fl\u0131 yerlere yak\u0131nl\u0131\u011f\u0131na bakal\u0131m, sonra da \u00c7e\u015fme&#8217;ye nas\u0131l gidilir sorusunu detayl\u0131ca anlatay\u0131m.<\/p>\n\n\n\n<ul class=\"wp-block-list\">\n<li>\u0130zmir &#8211; \u00c7e\u015fme aras\u0131 85 km<\/li>\n\n\n\n<li>\u0130stanbul &#8211; \u00c7e\u015fme aras\u0131 577 km<\/li>\n\n\n\n<li>Ankara &#8211; \u00c7e\u015fme aras\u0131 685 km<\/li>\n\n\n\n<li>Mu\u011fla &#8211; \u00c7e\u015fme aras\u0131 290 km<\/li>\n<\/ul>\n\n\n\n<h3 class=\"wp-block-heading has-text-align-center has-neeon-button-dark-gray-color has-text-color has-link-color wp-elements-2ecce58a8a069dcb3b71b72e084bf831\"><span class=\"ez-toc-section\" id=\"cesmeye_hava_yolu_ile_nasil_gidilir\"><\/span><strong><strong><strong><strong>\u00c7e\u015fme&#8217;ye Hava Yolu \u0130le Nas\u0131l Gidilir?<\/strong><\/strong><\/strong><\/strong><span class=\"ez-toc-section-end\"><\/span><\/h3>\n\n\n\n<figure class=\"wp-block-image size-large\"><img decoding=\"async\" src=\"https:\/\/res.cloudinary.com\/turna\/image\/upload\/v1651186748\/izmir_havalimani_yedvnj.jpg\" alt=\"\u00e7e\u015fmeye nas\u0131l gidilir\"\/><\/figure>\n\n\n\n<p>\u00c7e\u015fme\u2019ye u\u00e7akla gitmeyi planl\u0131yorsan\u0131z \u0130zmir\u2019in Gaziemir il\u00e7esinde yer alan Adnan Menderes Havaliman\u0131\u2019na u\u00e7abilirsiniz. Havaliman\u0131ndan \u00c7e\u015fme&#8217;ye nas\u0131l ula\u015fabilece\u011finizi a\u015fa\u011f\u0131da detayl\u0131 \u015fekilde anlataca\u011f\u0131m. <strong><a href=\"https:\/\/www.turna.com\/ucak-bileti\/izmir\" target=\"_blank\" rel=\"noreferrer noopener\">\u0130zmir u\u00e7ak bileti<\/a><\/strong> f\u0131rsatlar\u0131m\u0131za mutlaka g\u00f6z at\u0131n.<\/p>\n\n\n\n<h3 class=\"wp-block-heading has-text-align-center has-neeon-button-dark-gray-color has-text-color has-link-color wp-elements-ec75943d0802b04a62961cdb99de0e43\"><span class=\"ez-toc-section\" id=\"izmirden_cesmeye_nasil_gidilir\"><\/span><strong><strong><strong><strong>\u0130zmir&#8217;den \u00c7e\u015fme&#8217;ye Nas\u0131l Gidilir?<\/strong><\/strong><\/strong><\/strong><span class=\"ez-toc-section-end\"><\/span><\/h3>\n\n\n\n<h4 class=\"wp-block-heading has-text-align-center has-neeon-button-dark-gray-color has-text-color has-link-color wp-elements-1f378df78589078cb807e51b167b7ff7\"><span class=\"ez-toc-section\" id=\"izmir_adnan_menderes_havalimanindan_cesmeye_ulasim\"><\/span><strong><strong><strong><strong><strong>\u0130zmir Adnan Menderes Havaliman\u0131\u2019ndan \u00c7e\u015fme\u2019ye  Ula\u015f\u0131m<\/strong><\/strong><\/strong><\/strong><\/strong><span class=\"ez-toc-section-end\"><\/span><\/h4>\n\n\n\n<p>Adnan Menderes Havaliman\u0131 \u00c7e\u015fme aras\u0131 95 km. Havaliman\u0131ndan 1.5-2 saatlik bir yolculukla \u00c7e\u015fme&#8217;ye ula\u015fabilirsiniz.<\/p>\n\n\n\n<p>Ula\u015f\u0131m se\u00e7enekleri aras\u0131nda \u00f6zel ara\u00e7 kiralama, taksi, Hava\u015f seferleri, metro ve otob\u00fcs bulunuyor. Havaliman\u0131ndan \u00c7e\u015fme&#8217;ye do\u011frudan Hava\u015f ile gidebilirsiniz. 100 dakikal\u0131k bu yolculu\u011fun \u00fccreti 130 TL. Sefer saatlerine <strong><a href=\"https:\/\/havas.net\/otobus-hizmetleri\" target=\"_blank\" rel=\"noreferrer noopener\">bu ba\u011flant\u0131dan<\/a><\/strong> ula\u015fabilirsiniz.<\/p>\n\n\n\n<h4 class=\"wp-block-heading has-text-align-center has-neeon-button-dark-gray-color has-text-color has-link-color wp-elements-67647e81e2cf92d2eb2e13d2dc4d4db5\"><span class=\"ez-toc-section\" id=\"izmir_otogardan_cesmeye_otobus_ile_ulasim\"><\/span><strong><strong><strong><strong><strong><strong>\u0130zmir Otogardan \u00c7e\u015fme&#8217;ye Otob\u00fcs \u0130le Ula\u015f\u0131m<\/strong><\/strong><\/strong><\/strong><\/strong><\/strong><span class=\"ez-toc-section-end\"><\/span><\/h4>\n\n\n\n<figure class=\"wp-block-image size-large\"><img decoding=\"async\" src=\"https:\/\/res.cloudinary.com\/turna\/image\/upload\/v1651186748\/cesmeye_nasil_gidilir_vbwnzz.jpg\" alt=\"izmir \u00e7e\u015fme aras\u0131\"\/><\/figure>\n\n\n\n<p>\u0130zmir otogardan \u00c7e\u015fme&#8217;ye \u00c7e\u015fme seyahat ile ula\u015f\u0131m sa\u011flayabilirsiniz. Y\u00fcksek sezonda saat ba\u015f\u0131 otob\u00fcs bulman\u0131z m\u00fcmk\u00fcn. <\/p>\n\n\n\n<h4 class=\"wp-block-heading has-text-align-center has-neeon-button-dark-gray-color has-text-color has-link-color wp-elements-c532f51229c5a56b4c1e8cea88f1c251\"><span class=\"ez-toc-section\" id=\"fahrettin_altaydan_cesmeye_nasil_gidilir\"><\/span><strong><strong><strong><strong><strong><strong>Fahrettin Altay&#8217;dan \u00c7e\u015fme&#8217;ye Nas\u0131l Gidilir?<\/strong><\/strong><\/strong><\/strong><\/strong><\/strong><span class=\"ez-toc-section-end\"><\/span><\/h4>\n\n\n\n<p>Fahrettin Altay&#8217;dan \u00c7e\u015fme&#8217;ye iki ayr\u0131 belediye otob\u00fcs\u00fc kullanarak&nbsp;gidebilirsiniz. 984 numaral\u0131&nbsp;<strong>Fahrettin Altay<\/strong>-Urla otob\u00fcs\u00fcnden Urla&#8217;da iniyor sonra da 760 numaral\u0131 Urla-<strong>\u00c7e\u015fme<\/strong>&nbsp;otob\u00fcs\u00fcne biniyorsunuz. Otob\u00fcslerin ikisinde de \u0130zmir Kart ge\u00e7iyor.<\/p>\n\n\n\n<h4 class=\"wp-block-heading has-text-align-center has-neeon-button-dark-gray-color has-text-color has-link-color wp-elements-e47b59c5c1aab7795b0d9b313a14a974\"><span class=\"ez-toc-section\" id=\"uckuyulardan_cesmeye_nasil_gidilir\"><\/span><strong><strong><strong><strong><strong><strong>\u00dc\u00e7kuyular&#8217;dan \u00c7e\u015fme&#8217;ye Nas\u0131l Gidilir?<\/strong><\/strong><\/strong><\/strong><\/strong><\/strong><span class=\"ez-toc-section-end\"><\/span><\/h4>\n\n\n\n<figure class=\"wp-block-image size-large\"><img decoding=\"async\" src=\"https:\/\/res.cloudinary.com\/turna\/image\/upload\/v1651186748\/cesme_nerede_mp7xtq.jpg\" alt=\"\u00e7e\u015fme nerede\"\/><\/figure>\n\n\n\n<p>\u00dc\u00e7kuyular Garaj\u0131, \u0130zmir\u2019den il\u00e7elere yap\u0131lan yolculuklarda s\u0131k\u00e7a kullan\u0131lan otogar. \u00c7e\u015fme Seyahat\u2019in otob\u00fcsleri buradan da kalk\u0131yor. Ara\u00e7 Fahrettin Altay Eshot aktarma merkezinden kalk\u0131yor. 70-90 dakika gibi bir s\u00fcrede \u00c7e\u015fme&#8217;de oluyorsunuz. <\/p>\n\n\n\n<h3 class=\"wp-block-heading has-text-align-center has-neeon-button-dark-gray-color has-text-color has-link-color wp-elements-46b8b374104f0465b1ca4982356775fe\"><span class=\"ez-toc-section\" id=\"cesmeye_ulasim_hakkinda_sikca_sorulanlar\"><\/span><strong><strong><strong><strong>\u00c7e\u015fme&#8217;ye Ula\u015f\u0131m Hakk\u0131nda S\u0131k\u00e7a Sorulanlar<\/strong><\/strong><\/strong><\/strong><span class=\"ez-toc-section-end\"><\/span><\/h3>\n\n\n<div id=\"rank-math-faq\" class=\"rank-math-block\">\n<div class=\"rank-math-list \">\n<div id=\"faq-question-685a8068c527c\" class=\"rank-math-list-item\">\n<h3 class=\"rank-math-question \"><span class=\"ez-toc-section\" id=\"izbanla_cesmeye_nasil_gidilir\"><\/span>\u0130zban&#8217;la \u00c7e\u015fme&#8217;ye Nas\u0131l Gidilir?<span class=\"ez-toc-section-end\"><\/span><\/h3>\n<div class=\"rank-math-answer \">\n\n<p>\u0130zban kullanarak yaln\u0131zca havaliman\u0131ndan \u015fehir merkezine ula\u015f\u0131m k\u0131sm\u0131n\u0131 ger\u00e7ekle\u015ftirebilirsiniz. \u0130zban treni ve aktarma yaparak metro yolculu\u011fu ile Fahrettin Altay&#8217;a ula\u015fabilir sonras\u0131nda belediye otob\u00fcs\u00fc ya da \u00c7e\u015fme seyahat se\u00e7eneklerinden birini kullanabilirsiniz.<\/p>\n\n<\/div>\n<\/div>\n<div id=\"faq-question-685a8068c527f\" class=\"rank-math-list-item\">\n<h3 class=\"rank-math-question \"><span class=\"ez-toc-section\" id=\"izmirden_cesmeye_eshotla_nasil_gidilir\"><\/span>\u0130zmir&#8217;den \u00c7e\u015fme&#8217;ye Eshotla nas\u0131l gidilir?<br \/><br \/><span class=\"ez-toc-section-end\"><\/span><\/h3>\n<div class=\"rank-math-answer \">\n\n<p>\u0130zmir&#8217;den \u00c7e\u015fme&#8217;ye Eshotla yani belediye otob\u00fcsleriyle 2 aktarmal\u0131 \u015fekilde gitmeyi planl\u0131yorsan\u0131z Fahrettin Altay dura\u011f\u0131ndan 984 nolu otob\u00fcse binmeniz gerekiyor. Sonras\u0131nda Urla&#8217;da aktarma yaparak \u00c7e\u015fme&#8217;ye ula\u015f\u0131yorsunuz.<\/p>\n\n<\/div>\n<\/div>\n<div id=\"faq-question-685a8068c5280\" class=\"rank-math-list-item\">\n<h3 class=\"rank-math-question \"><span class=\"ez-toc-section\" id=\"izmir_cesme_otobusleri_nereden_kalkar\"><\/span>\u0130zmir \u00c7e\u015fme otob\u00fcsleri nereden kalkar?<br \/><br \/><span class=\"ez-toc-section-end\"><\/span><\/h3>\n<div class=\"rank-math-answer \">\n\n<p>\u0130zmir \u00c7e\u015fme otob\u00fcsleri \u0130zmir Otogardan ya da \u00dc\u00e7kuyular&#8217;dan kalk\u0131yor. Belediye otob\u00fcsleriyle 2 aktarmal\u0131 \u015fekilde gitmeyi planl\u0131yorsan\u0131z Fahrettin Altay dura\u011f\u0131ndan 984 nolu otob\u00fcse binmeniz gerekiyor.<\/p>\n\n<\/div>\n<\/div>\n<div id=\"faq-question-685a8068c5281\" class=\"rank-math-list-item\">\n<h3 class=\"rank-math-question \"><span class=\"ez-toc-section\" id=\"izmir_cesme_otobusle_kac_saat_surer\"><\/span>\u0130zmir \u00c7e\u015fme otob\u00fcsle ka\u00e7 saat s\u00fcrer?<br \/><br \/><span class=\"ez-toc-section-end\"><\/span><\/h3>\n<div class=\"rank-math-answer \">\n\n<p>\u0130zmir\u00a0merkez ile\u00a0\u00c7e\u015fme\u00a0merkez\u00a0aras\u0131ndaki mesafe\u00a0tam 86,8 km. Arabayla 1 saatte ula\u015fabilirsiniz.<\/p>\n\n<\/div>\n<\/div>\n<\/div>\n<\/div>\n    <div class=\"xs_social_share_widget xs_share_url after_content \t\tmain_content  wslu-style-1 wslu-share-box-shaped wslu-fill-colored wslu-none wslu-share-horizontal wslu-theme-font-no wslu-main_content\">\n\n\t\t\n        <ul>\n\t\t\t        <\/ul>\n    <\/div> \n","protected":false},"excerpt":{"rendered":"<p>\u00c7e\u015fme kendine has havas\u0131, i\u00e7inde bar\u0131nd\u0131rd\u0131\u011f\u0131 tarihsel zenginlik ve do\u011fan\u0131n harman\u0131, muhte\u015fem denizi ile &#8230;<\/p>\n","protected":false},"author":34,"featured_media":20875,"comment_status":"open","ping_status":"open","sticky":false,"template":"","format":"standard","meta":{"rop_custom_images_group":[],"rop_custom_messages_group":[],"rop_publish_now":"initial","rop_publish_now_accounts":[],"rop_publish_now_history":[],"rop_publish_now_status":"pending","_cloudinary_featured_overwrite":false,"footnotes":""},"categories":[2,1839],"tags":[238,224],"class_list":["post-20874","post","type-post","status-publish","format-standard","has-post-thumbnail","hentry","category-ulkeler","category-izmir","tag-cesme","tag-izmir"],"_links":{"self":[{"href":"https:\/\/www.turna.com\/blog\/wp-json\/wp\/v2\/posts\/20874","targetHints":{"allow":["GET"]}}],"collection":[{"href":"https:\/\/www.turna.com\/blog\/wp-json\/wp\/v2\/posts"}],"about":[{"href":"https:\/\/www.turna.com\/blog\/wp-json\/wp\/v2\/types\/post"}],"author":[{"embeddable":true,"href":"https:\/\/www.turna.com\/blog\/wp-json\/wp\/v2\/users\/34"}],"replies":[{"embeddable":true,"href":"https:\/\/www.turna.com\/blog\/wp-json\/wp\/v2\/comments?post=20874"}],"version-history":[{"count":0,"href":"https:\/\/www.turna.com\/blog\/wp-json\/wp\/v2\/posts\/20874\/revisions"}],"wp:featuredmedia":[{"embeddable":true,"href":"https:\/\/www.turna.com\/blog\/wp-json\/wp\/v2\/media\/20875"}],"wp:attachment":[{"href":"https:\/\/www.turna.com\/blog\/wp-json\/wp\/v2\/media?parent=20874"}],"wp:term":[{"taxonomy":"category","embeddable":true,"href":"https:\/\/www.turna.com\/blog\/wp-json\/wp\/v2\/categories?post=20874"},{"taxonomy":"post_tag","embeddable":true,"href":"https:\/\/www.turna.com\/blog\/wp-json\/wp\/v2\/tags?post=20874"}],"curies":[{"name":"wp","href":"https:\/\/api.w.org\/{rel}","templated":true}]}}