{"id":20870,"date":"2022-04-27T13:42:00","date_gmt":"2022-04-27T10:42:00","guid":{"rendered":"https:\/\/www.turna.com\/blog\/?p=20870"},"modified":"2025-06-26T17:17:08","modified_gmt":"2025-06-26T14:17:08","slug":"ulubey-kanyonu","status":"publish","type":"post","link":"https:\/\/www.turna.com\/blog\/ulubey-kanyonu","title":{"rendered":"Ulubey Kanyonu: U\u015fak&#8217;\u0131n E\u015fsiz G\u00fczelli\u011fi"},"content":{"rendered":"<div id=\"ez-toc-container\" class=\"ez-toc-v2_0_82_2 counter-hierarchy ez-toc-counter ez-toc-black ez-toc-container-direction\">\n<div class=\"ez-toc-title-container\">\n<p class=\"ez-toc-title\" style=\"cursor:inherit\">\u0130\u00e7indekiler<\/p>\n<span class=\"ez-toc-title-toggle\"><a href=\"#\" class=\"ez-toc-pull-right ez-toc-btn ez-toc-btn-xs ez-toc-btn-default ez-toc-toggle\" aria-label=\"\u0130\u00e7indekiler Tablosunu A\u00e7\/Kapat\"><span class=\"ez-toc-js-icon-con\"><span class=\"\"><span class=\"eztoc-hide\" style=\"display:none;\">Toggle<\/span><span class=\"ez-toc-icon-toggle-span\"><svg style=\"fill: #ffffff;color:#ffffff\" xmlns=\"http:\/\/www.w3.org\/2000\/svg\" class=\"list-377408\" width=\"20px\" height=\"20px\" viewBox=\"0 0 24 24\" fill=\"none\"><path d=\"M6 6H4v2h2V6zm14 0H8v2h12V6zM4 11h2v2H4v-2zm16 0H8v2h12v-2zM4 16h2v2H4v-2zm16 0H8v2h12v-2z\" fill=\"currentColor\"><\/path><\/svg><svg style=\"fill: #ffffff;color:#ffffff\" class=\"arrow-unsorted-368013\" xmlns=\"http:\/\/www.w3.org\/2000\/svg\" width=\"10px\" height=\"10px\" viewBox=\"0 0 24 24\" version=\"1.2\" baseProfile=\"tiny\"><path d=\"M18.2 9.3l-6.2-6.3-6.2 6.3c-.2.2-.3.4-.3.7s.1.5.3.7c.2.2.4.3.7.3h11c.3 0 .5-.1.7-.3.2-.2.3-.5.3-.7s-.1-.5-.3-.7zM5.8 14.7l6.2 6.3 6.2-6.3c.2-.2.3-.5.3-.7s-.1-.5-.3-.7c-.2-.2-.4-.3-.7-.3h-11c-.3 0-.5.1-.7.3-.2.2-.3.5-.3.7s.1.5.3.7z\"\/><\/svg><\/span><\/span><\/span><\/a><\/span><\/div>\n<nav><ul class='ez-toc-list ez-toc-list-level-1 eztoc-toggle-hide-by-default' ><li class='ez-toc-page-1 ez-toc-heading-level-2'><a class=\"ez-toc-link ez-toc-heading-1\" href=\"https:\/\/www.turna.com\/blog\/ulubey-kanyonu\/#ulubey_kanyonu_hakkinda_bilgiler\" >Ulubey Kanyonu Hakk\u0131nda Bilgiler<\/a><ul class='ez-toc-list-level-3' ><li class='ez-toc-heading-level-3'><a class=\"ez-toc-link ez-toc-heading-2\" href=\"https:\/\/www.turna.com\/blog\/ulubey-kanyonu\/#ulubey_kanyonu_nerede\" >Ulubey Kanyonu Nerede?<\/a><\/li><li class='ez-toc-page-1 ez-toc-heading-level-3'><a class=\"ez-toc-link ez-toc-heading-3\" href=\"https:\/\/www.turna.com\/blog\/ulubey-kanyonu\/#ulubey_kanyonuna_nasil_gidilir\" >Ulubey Kanyonu&#8217;na Nas\u0131l Gidilir?<\/a><\/li><li class='ez-toc-page-1 ez-toc-heading-level-3'><a class=\"ez-toc-link ez-toc-heading-4\" href=\"https:\/\/www.turna.com\/blog\/ulubey-kanyonu\/#ulubey_kanyonu_olusumu\" >Ulubey Kanyonu Olu\u015fumu<\/a><\/li><\/ul><\/li><li class='ez-toc-page-1 ez-toc-heading-level-2'><a class=\"ez-toc-link ez-toc-heading-5\" href=\"https:\/\/www.turna.com\/blog\/ulubey-kanyonu\/#ulubey_kanyonunun_ozellikleri\" >Ulubey Kanyonu&#8217;nun \u00d6zellikleri<\/a><ul class='ez-toc-list-level-3' ><li class='ez-toc-heading-level-3'><a class=\"ez-toc-link ez-toc-heading-6\" href=\"https:\/\/www.turna.com\/blog\/ulubey-kanyonu\/#ulubey_cam_teras\" >Ulubey Cam Teras<\/a><\/li><li class='ez-toc-page-1 ez-toc-heading-level-3'><a class=\"ez-toc-link ez-toc-heading-7\" href=\"https:\/\/www.turna.com\/blog\/ulubey-kanyonu\/#ulubey_kanyonu_giris_ucreti\" >Ulubey Kanyonu Giri\u015f \u00dccreti<\/a><\/li><li class='ez-toc-page-1 ez-toc-heading-level-3'><a class=\"ez-toc-link ez-toc-heading-8\" href=\"https:\/\/www.turna.com\/blog\/ulubey-kanyonu\/#ulubey_kanyonu_giris_saatleri\" >Ulubey Kanyonu Giri\u015f Saatleri<\/a><\/li><\/ul><\/li><\/ul><\/nav><\/div>\n\n<p>77 kilometre uzunlu\u011fa sahip d\u00fcnyan\u0131n en uzun ikinci kanyonu olan <strong>Ulubey Kanyonu<\/strong> \u00fclkemizde mutlaka g\u00f6rmeniz gereken bir do\u011fa harikas\u0131. U\u015fak gezilecek yerler listesinin g\u00f6z bebe\u011fi olan bu b\u00fcy\u00fcleyici kanyon do\u011fan\u0131n ve tarihin harmanland\u0131\u011f\u0131 nice g\u00fczelli\u011fi bar\u0131nd\u0131r\u0131yor b\u00fcnyesinde.<\/p>\n\n\n\n<p>170 metre derinli\u011finde ve 77 metre uzunlu\u011fundaki kanyon fauna ve flora bak\u0131m\u0131ndan olduk\u00e7a zengin. B\u00f6lgeye hakim bir rehberle patikalardan inerek kanyonda y\u00fcr\u00fcy\u00fc\u015f yapabilir, \u00e7ok say\u0131da ma\u011fara ve tarihi kal\u0131nt\u0131lar\u0131 yak\u0131ndan g\u00f6rebilirsiniz. Hizmet veren bir kamp alan\u0131 olmasa da kendiniz uygun buldu\u011funuz bir yerde kamp yapabilirsiniz.<\/p>\n\n\n\n<p>\u00dclkemiz nas\u0131l bir cennet, bunu gezdik\u00e7e g\u00f6rd\u00fck\u00e7e daha iyi anl\u0131yor insan. Ege&#8217;nin Arizona&#8217;s\u0131 yahu buras\u0131. Amerika&#8217;n\u0131n Grand kanyonu varsa bizim de Ulubey&#8217;imiz var. \ud83d\ude00 \u0130lk f\u0131rsatta yolunuzu buralara d\u00fc\u015f\u00fcr\u00fcn ve yer y\u00fcz\u00fc cennetini ziyaret edin. U\u015fak&#8217;a gitmi\u015fken Blaundus Antik Kenti&#8217;ni, Ta\u015fyaran Vadisi&#8217;ni, Cland\u0131ras K\u00f6pr\u00fcs\u00fc&#8217;n\u00fc de rotan\u0131za mutlaka ekleyin.<\/p>\n\n\n\n<h2 class=\"wp-block-heading has-text-align-center has-neeon-button-dark-gray-color has-text-color has-link-color wp-elements-179c046192515a3f0163147c5da2f851\"><span class=\"ez-toc-section\" id=\"ulubey_kanyonu_hakkinda_bilgiler\"><\/span>Ulubey Kanyonu Hakk\u0131nda Bilgiler<span class=\"ez-toc-section-end\"><\/span><\/h2>\n\n\n\n<h3 class=\"wp-block-heading has-text-align-center has-neeon-button-dark-gray-color has-text-color has-link-color wp-elements-8e91b3293fc4d8866edb1b0c19b0b613\"><span class=\"ez-toc-section\" id=\"ulubey_kanyonu_nerede\"><\/span><strong>Ulubey Kanyonu Nerede?<\/strong><span class=\"ez-toc-section-end\"><\/span><\/h3>\n\n\n\n<figure class=\"wp-block-image size-large\"><img decoding=\"async\" src=\"https:\/\/res.cloudinary.com\/turna\/image\/upload\/v1651100400\/ulubey_kanyonlar%C4%B1_fzkczn.jpg\" alt=\"ulubey kanyonu nerede\"\/><\/figure>\n\n\n\n<p>Ulubey Kanyonu U\u015fak ili s\u0131n\u0131rlar\u0131 i\u00e7inde yer al\u0131yor. Ulubey il\u00e7esi i\u00e7erisinde olan kanyon U\u015fak merkeze 30 kilometre uzakl\u0131kta bulunuyor.<\/p>\n\n\n\n<ul class=\"wp-block-list\">\n<li>Ulubey Kanyonu konumu <strong><a href=\"https:\/\/goo.gl\/maps\/yQvHg8HcFRzQeKZK6\" target=\"_blank\" rel=\"noreferrer noopener\">burada.<\/a><\/strong><\/li>\n<\/ul>\n\n\n\n<h3 class=\"wp-block-heading has-text-align-center has-neeon-button-dark-gray-color has-text-color has-link-color wp-elements-7c535b2771de80b85daf1a81b919f844\"><span class=\"ez-toc-section\" id=\"ulubey_kanyonuna_nasil_gidilir\"><\/span><strong>Ulubey Kanyonu&#8217;na Nas\u0131l Gidilir?<\/strong><span class=\"ez-toc-section-end\"><\/span><\/h3>\n\n\n\n<figure class=\"wp-block-image size-large\"><img decoding=\"async\" src=\"https:\/\/res.cloudinary.com\/turna\/image\/upload\/v1651100400\/ulubey_kanyonu_nerede_jbvgzp.jpg\" alt=\"ulubey kanyon\"\/><\/figure>\n\n\n\n<p>Kanyona U\u015fak merkezden her g\u00fcn otob\u00fcsler kalk\u0131yor. Toplu ta\u015f\u0131mayla rahat\u00e7a ula\u015f\u0131m sa\u011flayabilirsiniz. Bireysel ara\u00e7la gitmek isterseniz Ulubey il\u00e7e merkezine ula\u015farak kanyona ula\u015fabilirsiniz.<\/p>\n\n\n\n<p>Kanyona gidebilmek i\u00e7in U\u015fak iline ula\u015fman\u0131z gerekiyor. \u015eehirde bir havaliman\u0131 olsa da buraya u\u00e7u\u015f d\u00fczenlenmiyor. O nedenle bireysel arac\u0131n\u0131zla ya da otob\u00fcsle U\u015fak&#8217;a gidebilirsiniz. <strong><a href=\"https:\/\/www.turna.com\/otobus-bileti\/usak\" target=\"_blank\" rel=\"noreferrer noopener\">U\u015fak otob\u00fcs bileti<\/a><\/strong> f\u0131rsatlar\u0131na g\u00f6z atmay\u0131 unutmay\u0131n.<\/p>\n\n\n\n<h3 class=\"wp-block-heading has-text-align-center has-neeon-button-dark-gray-color has-text-color has-link-color wp-elements-89d1986ab76f8398f1341fcaa9a85ad0\"><span class=\"ez-toc-section\" id=\"ulubey_kanyonu_olusumu\"><\/span><strong>Ulubey Kanyonu Olu\u015fumu<\/strong><span class=\"ez-toc-section-end\"><\/span><\/h3>\n\n\n\n<figure class=\"wp-block-image size-large\"><img width=\"800\" height=\"500\" decoding=\"async\" src=\"data:image\/svg+xml;base64,PHN2ZyB4bWxucz0iaHR0cDovL3d3dy53My5vcmcvMjAwMC9zdmciIHdpZHRoPSI4MDAiIGhlaWdodD0iNTAwIj48cmVjdCB3aWR0aD0iMTAwJSIgaGVpZ2h0PSIxMDAlIj48YW5pbWF0ZSBhdHRyaWJ1dGVOYW1lPSJmaWxsIiB2YWx1ZXM9InJnYmEoMTUzLDE1MywxNTMsMC41KTtyZ2JhKDE1MywxNTMsMTUzLDAuMSk7cmdiYSgxNTMsMTUzLDE1MywwLjUpIiBkdXI9IjJzIiByZXBlYXRDb3VudD0iaW5kZWZpbml0ZSIgLz48L3JlY3Q+PC9zdmc+\" alt=\"u\u015fak kanyon\" data-public-id=\"ulubey_kanyonu_uj2s7r\/ulubey_kanyonu_uj2s7r.jpg\" class=\"wp-post-20870 wp-image-20873\" data-format=\"jpg\" data-transformations=\"f_auto,q_auto:low\" data-version=\"1651100400\" data-seo=\"1\" data-size=\"800 500\" data-srcset=\"https:\/\/res.cloudinary.com\/turna\/images\/f_auto,q_auto:low\/v1651100400\/ulubey_kanyonu_uj2s7r\/ulubey_kanyonu_uj2s7r.jpg?_i=AA 800w, https:\/\/res.cloudinary.com\/turna\/images\/w_300,h_188,c_scale\/f_auto,q_auto:low\/v1651100400\/ulubey_kanyonu_uj2s7r\/ulubey_kanyonu_uj2s7r.jpg?_i=AA 300w, https:\/\/res.cloudinary.com\/turna\/images\/w_672,h_420,c_scale\/f_auto,q_auto:low\/v1651100400\/ulubey_kanyonu_uj2s7r\/ulubey_kanyonu_uj2s7r.jpg?_i=AA 672w, https:\/\/res.cloudinary.com\/turna\/images\/w_640,h_400,c_scale\/f_auto,q_auto:low\/v1651100400\/ulubey_kanyonu_uj2s7r\/ulubey_kanyonu_uj2s7r.jpg?_i=AA 640w, https:\/\/res.cloudinary.com\/turna\/images\/w_681,h_426,c_scale\/f_auto,q_auto:low\/v1651100400\/ulubey_kanyonu_uj2s7r\/ulubey_kanyonu_uj2s7r.jpg?_i=AA 681w\" data-sizes=\"(max-width: 800px) 100vw, 800px\" data-delivery=\"upload\" onload=\";window.CLDBind?CLDBind(this):null;\" data-cloudinary=\"lazy\" \/><\/figure>\n\n\n\n<p>Kanyonun olu\u015fumu 3.zaman\u0131n sonlar\u0131ndan 4.zaman\u0131n ba\u015flar\u0131na kadar ge\u00e7en s\u00fcre\u00e7te ger\u00e7ekle\u015fmi\u015f. Tektonik hareketlerden etkilenerek Horst-Graben yap\u0131 \u015feklini alm\u0131\u015f. B\u00fcy\u00fck Menderes Grabeni\u2019nin \u00e7\u00f6kmesi ve karstik olu\u015fum s\u00fcreci kanyonun olu\u015fumunu etkilemi\u015f.<\/p>\n\n\n\n<h2 class=\"wp-block-heading has-text-align-center has-neeon-button-dark-gray-color has-text-color has-link-color wp-elements-d75ec63f47bf374439a486d35087dfcd\"><span class=\"ez-toc-section\" id=\"ulubey_kanyonunun_ozellikleri\"><\/span><strong>Ulubey Kanyonu&#8217;nun \u00d6zellikleri<\/strong><span class=\"ez-toc-section-end\"><\/span><\/h2>\n\n\n\n<figure class=\"wp-block-image size-large\"><img decoding=\"async\" src=\"https:\/\/res.cloudinary.com\/turna\/image\/upload\/v1651100399\/u%C5%9Fak_kanyon_n30trc.jpg\" alt=\"ulubey kanyonuna nas\u0131l gidilir\"\/><\/figure>\n\n\n\n<p>Orman ve Su \u0130\u015fleri Bakanl\u0131\u011f\u0131&nbsp;taraf\u0131ndan 27 Haziran 2013&#8217;te&nbsp;tabiat park\u0131&nbsp;ilan edilen Ulubey ABD&#8217;deki Arizona Eyaleti s\u0131n\u0131rlar\u0131nda bulunan B\u00fcy\u00fck Kanyon&#8217;dan sonra d\u00fcnyan\u0131n en b\u00fcy\u00fck 2. kanyonu olma \u00f6zelli\u011fi ta\u015f\u0131yor. Ulubey \u00c7ay\u0131 ve Banaz \u00c7ay\u0131 boyunca devam eden bir ana kanyon ile buna ba\u011flanan onlarca b\u00fcy\u00fck yan kanyonlardan olu\u015fuyor. Yer yer 140 ila 170 metre aras\u0131nda derinli\u011fe ula\u015f\u0131yor kanyon.<\/p>\n\n\n\n<p>Kanyon boyunca antik d\u00f6nemlerden kalma su kanallar\u0131, kaya mezarlar\u0131 ve ma\u011faralar bulunuyor. Ayr\u0131ca Pepouza Antik Kenti de kanyon s\u0131n\u0131rlar\u0131 i\u00e7erisinde yer al\u0131yor. Ula\u015f\u0131m\u0131 olduk\u00e7a zorlu olan antik kenti bir t\u00fcrl\u00fc bulamay\u0131nca drone&#8217;umuz imdad\u0131m\u0131za yeti\u015fti ve bize bu tarihi kenti uzaktan da olsa g\u00f6sterdi. \ud83d\ude0d<\/p>\n\n\n\n<h3 class=\"wp-block-heading has-text-align-center has-neeon-button-dark-gray-color has-text-color has-link-color wp-elements-05074b0d5f6943d11ffc692269873891\"><span class=\"ez-toc-section\" id=\"ulubey_cam_teras\"><\/span><strong>Ulubey Cam Teras<\/strong><span class=\"ez-toc-section-end\"><\/span><\/h3>\n\n\n\n<p>Kanyonda, Ulubey Kaymakaml\u0131\u011f\u0131 taraf\u0131ndan 2015&#8217;te hizmete a\u00e7\u0131lan Kanyon Cam Teras Park i\u015fletmesi bulunuyor. \u0130\u015fletme kapsam\u0131nda 302 metrekare b\u00fcy\u00fckl\u00fc\u011f\u00fcnde bir kafeterya,&nbsp;135 metrekare geni\u015fli\u011finde ve yerden 150 metre y\u00fcksekte camdan olu\u015fan seyir teras\u0131 yer al\u0131yor. Camlar 30 mm kal\u0131nl\u0131\u011f\u0131nda&nbsp; ve kur\u015fun ge\u00e7irmez \u00f6zelli\u011fe sahip.&nbsp;Manzaray\u0131 g\u00f6z alabildi\u011fine izlemek i\u00e7in cam teras olduk\u00e7a g\u00fczel bir se\u00e7enek.<\/p>\n\n\n\n<h3 class=\"wp-block-heading has-text-align-center has-neeon-button-dark-gray-color has-text-color has-link-color wp-elements-3c939573aa269d2a9cedd977fd8de884\"><span class=\"ez-toc-section\" id=\"ulubey_kanyonu_giris_ucreti\"><\/span>Ulubey Kanyonu Giri\u015f \u00dccreti<span class=\"ez-toc-section-end\"><\/span><\/h3>\n\n\n\n<figure class=\"wp-block-image size-large\"><img decoding=\"async\" src=\"https:\/\/res.cloudinary.com\/turna\/image\/upload\/v1651100399\/u%C5%9Fak_ulubey_kanyonu_gvqci6.jpg\" alt=\"ulubey giri\u015f \u00fccreti\"\/><\/figure>\n\n\n\n<p>Ulubey Kanyonu giri\u015f \u00fccreti bulunmuyor. Kanyondaki seyir teraslar\u0131nda \u00fccretsiz \u015fekilde \u00e7evreyi g\u00f6zlemleyebilir, buradaki i\u015fletmelerde vakit ge\u00e7irebilirsiniz. Burada bir de cam teras bulunuyor. Buradan manzaraya bakmak isterseniz \u00fccret \u00f6demeniz gerekiyor. Ulubey cam teras giri\u015f \u00fccreti 10 TL.<\/p>\n\n\n\n<h3 class=\"wp-block-heading has-text-align-center has-neeon-button-dark-gray-color has-text-color has-link-color wp-elements-3f85997779bdc08aff55f7921027d519\"><span class=\"ez-toc-section\" id=\"ulubey_kanyonu_giris_saatleri\"><\/span><strong>Ulubey Kanyonu Giri\u015f Saatleri<\/strong><span class=\"ez-toc-section-end\"><\/span><\/h3>\n\n\n\n<p>Ulubey Kanyonu Tabiat Park\u0131 24 saat ziyarete a\u00e7\u0131k. Cam teras ise 09.00-21.00 saatleri aras\u0131nda ziyaret edilebiliyor.<\/p>\n\n\n\n<p><\/p>\n\n    <div class=\"xs_social_share_widget xs_share_url after_content \t\tmain_content  wslu-style-1 wslu-share-box-shaped wslu-fill-colored wslu-none wslu-share-horizontal wslu-theme-font-no wslu-main_content\">\n\n\t\t\n        <ul>\n\t\t\t        <\/ul>\n    <\/div> \n","protected":false},"excerpt":{"rendered":"<p>77 kilometre uzunlu\u011fa sahip d\u00fcnyan\u0131n en uzun ikinci kanyonu olan Ulubey Kanyonu &#8230;<\/p>\n","protected":false},"author":34,"featured_media":20873,"comment_status":"open","ping_status":"open","sticky":false,"template":"","format":"standard","meta":{"rop_custom_images_group":[],"rop_custom_messages_group":[],"rop_publish_now":"initial","rop_publish_now_accounts":[],"rop_publish_now_history":[],"rop_publish_now_status":"pending","_cloudinary_featured_overwrite":false,"footnotes":""},"categories":[1868],"tags":[458],"class_list":["post-20870","post","type-post","status-publish","format-standard","has-post-thumbnail","hentry","category-usak","tag-usak"],"_links":{"self":[{"href":"https:\/\/www.turna.com\/blog\/wp-json\/wp\/v2\/posts\/20870","targetHints":{"allow":["GET"]}}],"collection":[{"href":"https:\/\/www.turna.com\/blog\/wp-json\/wp\/v2\/posts"}],"about":[{"href":"https:\/\/www.turna.com\/blog\/wp-json\/wp\/v2\/types\/post"}],"author":[{"embeddable":true,"href":"https:\/\/www.turna.com\/blog\/wp-json\/wp\/v2\/users\/34"}],"replies":[{"embeddable":true,"href":"https:\/\/www.turna.com\/blog\/wp-json\/wp\/v2\/comments?post=20870"}],"version-history":[{"count":0,"href":"https:\/\/www.turna.com\/blog\/wp-json\/wp\/v2\/posts\/20870\/revisions"}],"wp:featuredmedia":[{"embeddable":true,"href":"https:\/\/www.turna.com\/blog\/wp-json\/wp\/v2\/media\/20873"}],"wp:attachment":[{"href":"https:\/\/www.turna.com\/blog\/wp-json\/wp\/v2\/media?parent=20870"}],"wp:term":[{"taxonomy":"category","embeddable":true,"href":"https:\/\/www.turna.com\/blog\/wp-json\/wp\/v2\/categories?post=20870"},{"taxonomy":"post_tag","embeddable":true,"href":"https:\/\/www.turna.com\/blog\/wp-json\/wp\/v2\/tags?post=20870"}],"curies":[{"name":"wp","href":"https:\/\/api.w.org\/{rel}","templated":true}]}}