{"id":20845,"date":"2022-05-02T08:40:00","date_gmt":"2022-05-02T05:40:00","guid":{"rendered":"https:\/\/www.turna.com\/blog\/?p=20845"},"modified":"2025-12-10T11:49:45","modified_gmt":"2025-12-10T08:49:45","slug":"muradiye-selalesi","status":"publish","type":"post","link":"https:\/\/www.turna.com\/blog\/muradiye-selalesi","title":{"rendered":"Muradiye \u015eelalesi"},"content":{"rendered":"<div id=\"ez-toc-container\" class=\"ez-toc-v2_0_82_2 counter-hierarchy ez-toc-counter ez-toc-black ez-toc-container-direction\">\n<div class=\"ez-toc-title-container\">\n<p class=\"ez-toc-title\" style=\"cursor:inherit\">\u0130\u00e7indekiler<\/p>\n<span class=\"ez-toc-title-toggle\"><a href=\"#\" class=\"ez-toc-pull-right ez-toc-btn ez-toc-btn-xs ez-toc-btn-default ez-toc-toggle\" aria-label=\"\u0130\u00e7indekiler Tablosunu A\u00e7\/Kapat\"><span class=\"ez-toc-js-icon-con\"><span class=\"\"><span class=\"eztoc-hide\" style=\"display:none;\">Toggle<\/span><span class=\"ez-toc-icon-toggle-span\"><svg style=\"fill: #ffffff;color:#ffffff\" xmlns=\"http:\/\/www.w3.org\/2000\/svg\" class=\"list-377408\" width=\"20px\" height=\"20px\" viewBox=\"0 0 24 24\" fill=\"none\"><path d=\"M6 6H4v2h2V6zm14 0H8v2h12V6zM4 11h2v2H4v-2zm16 0H8v2h12v-2zM4 16h2v2H4v-2zm16 0H8v2h12v-2z\" fill=\"currentColor\"><\/path><\/svg><svg style=\"fill: #ffffff;color:#ffffff\" class=\"arrow-unsorted-368013\" xmlns=\"http:\/\/www.w3.org\/2000\/svg\" width=\"10px\" height=\"10px\" viewBox=\"0 0 24 24\" version=\"1.2\" baseProfile=\"tiny\"><path d=\"M18.2 9.3l-6.2-6.3-6.2 6.3c-.2.2-.3.4-.3.7s.1.5.3.7c.2.2.4.3.7.3h11c.3 0 .5-.1.7-.3.2-.2.3-.5.3-.7s-.1-.5-.3-.7zM5.8 14.7l6.2 6.3 6.2-6.3c.2-.2.3-.5.3-.7s-.1-.5-.3-.7c-.2-.2-.4-.3-.7-.3h-11c-.3 0-.5.1-.7.3-.2.2-.3.5-.3.7s.1.5.3.7z\"\/><\/svg><\/span><\/span><\/span><\/a><\/span><\/div>\n<nav><ul class='ez-toc-list ez-toc-list-level-1 eztoc-toggle-hide-by-default' ><li class='ez-toc-page-1 ez-toc-heading-level-2'><a class=\"ez-toc-link ez-toc-heading-1\" href=\"https:\/\/www.turna.com\/blog\/muradiye-selalesi\/#muradiye_selalesi_hakkinda_bilgi\" >Muradiye \u015eelalesi Hakk\u0131nda Bilgi<\/a><ul class='ez-toc-list-level-3' ><li class='ez-toc-heading-level-3'><a class=\"ez-toc-link ez-toc-heading-2\" href=\"https:\/\/www.turna.com\/blog\/muradiye-selalesi\/#muradiye_selalesi_nerede\" >Muradiye \u015eelalesi Nerede?<\/a><\/li><li class='ez-toc-page-1 ez-toc-heading-level-3'><a class=\"ez-toc-link ez-toc-heading-3\" href=\"https:\/\/www.turna.com\/blog\/muradiye-selalesi\/#muradiye_selalesine_nasil_gidilir\" >Muradiye \u015eelalesi&#8217;ne Nas\u0131l Gidilir?<\/a><\/li><li class='ez-toc-page-1 ez-toc-heading-level-3'><a class=\"ez-toc-link ez-toc-heading-4\" href=\"https:\/\/www.turna.com\/blog\/muradiye-selalesi\/#muradiye_selalesinin_olusumu\" >Muradiye \u015eelalesi&#8217;nin Olu\u015fumu<\/a><\/li><li class='ez-toc-page-1 ez-toc-heading-level-3'><a class=\"ez-toc-link ez-toc-heading-5\" href=\"https:\/\/www.turna.com\/blog\/muradiye-selalesi\/#muradiye_selalesi_ozellikleri\" >Muradiye \u015eelalesi \u00d6zellikleri<\/a><\/li><li class='ez-toc-page-1 ez-toc-heading-level-3'><a class=\"ez-toc-link ez-toc-heading-6\" href=\"https:\/\/www.turna.com\/blog\/muradiye-selalesi\/#muradiye_selalesi_hikayesi\" >Muradiye \u015eelalesi Hikayesi<\/a><\/li><li class='ez-toc-page-1 ez-toc-heading-level-3'><a class=\"ez-toc-link ez-toc-heading-7\" href=\"https:\/\/www.turna.com\/blog\/muradiye-selalesi\/#muradiye_selalesi_giris_ucreti\" >Muradiye \u015eelalesi Giri\u015f \u00dccreti<\/a><\/li><\/ul><\/li><\/ul><\/nav><\/div>\n\n<p>Do\u011fa harikas\u0131, seyrine doyum olmayan bi \u015felale var bug\u00fcn rotam\u0131zda. Van gezilecek yerler listesinin ba\u015f tac\u0131, T\u00fcrkiye&#8217;de g\u00f6r\u00fclmesi gereken \u00f6nemli \u015felalelerden biri <strong>Muradiye \u015eelalesi.<\/strong> Her mevsim farkl\u0131 g\u00fczelliklere b\u00fcr\u00fcnerek ziyaret\u00e7ilerin ilgisini \u00e7ekiyor. K\u0131\u015f aylar\u0131nda da kar ya\u011f\u0131\u015f\u0131yla birlikte g\u00f6renleri&nbsp;b\u00fcy\u00fcl\u00fcyor. <\/p>\n\n\n\n<p>G\u00f6rkemli ak\u0131\u015f\u0131 ve sahip oldu\u011fu e\u015fsiz do\u011fas\u0131yla beni mest eden bir yer buras\u0131. Hatta Erzurum Tortum \u015eelalesi&#8217;nden sonra en sevdi\u011fim ikinci \u015felale oldu\u011funu s\u00f6yleyebilirim. Do\u011fan\u0131n sesine kulak vermek, g\u00f6z\u00fcm\u00fcz\u00fc ye\u015file doyurmak, ci\u011ferlerimizi oksijenle doldurup suyun g\u00fcr\u00fcl g\u00fcr\u00fcl ak\u0131\u015f\u0131nda huzur bulmak i\u00e7in bu yery\u00fcz\u00fc cennetini bir g\u00fcn mutlaka ziyaret edin. <\/p>\n\n\n\n<h2 class=\"wp-block-heading has-text-align-center has-neeon-button-dark-gray-color has-text-color has-link-color wp-elements-10a4c8e188f8a44aa73e6610c196e661\"><span class=\"ez-toc-section\" id=\"muradiye_selalesi_hakkinda_bilgi\"><\/span><strong><strong><strong>Muradiye \u015eelalesi Hakk\u0131nda Bilgi<\/strong><\/strong><\/strong><span class=\"ez-toc-section-end\"><\/span><\/h2>\n\n\n\n<h3 class=\"wp-block-heading has-text-align-center has-neeon-button-dark-gray-color has-text-color has-link-color wp-elements-232aeb75ef504649d66501d8c6e602e5\"><span class=\"ez-toc-section\" id=\"muradiye_selalesi_nerede\"><\/span><strong><strong><strong>Muradiye \u015eelalesi Nerede?<\/strong><\/strong><\/strong><span class=\"ez-toc-section-end\"><\/span><\/h3>\n\n\n\n<figure class=\"wp-block-image size-large\"><img decoding=\"async\" src=\"https:\/\/res.cloudinary.com\/turna\/image\/upload\/v1650240173\/muradiye_%C5%9Felalesi_van_fe19gn.jpg\" alt=\"muradiye \u015felalesi\"\/><\/figure>\n\n\n\n<p>\u015eelale, Van&#8217;\u0131n Muradiye il\u00e7e s\u0131n\u0131rlar\u0131nda yer al\u0131yor. Tend\u00fcrek Da\u011f\u0131\u2019ndan beslenen Bend-i Mahi \u00e7ay\u0131 \u00fczerinde bulunuyor. Van-Muradiye \u015eelalesi aras\u0131 80 km.<\/p>\n\n\n\n<ul class=\"wp-block-list\">\n<li>\u015eelalenin haritadaki konumu <strong><a href=\"https:\/\/goo.gl\/maps\/6rKrVXtNz2r4pN8n8\" target=\"_blank\" rel=\"noreferrer noopener\">burada.<\/a><\/strong><\/li>\n<\/ul>\n\n\n\n<h3 class=\"wp-block-heading has-text-align-center has-neeon-button-dark-gray-color has-text-color has-link-color wp-elements-59e4a9c9405493cf9e8b7acf4e5ddfb4\"><span class=\"ez-toc-section\" id=\"muradiye_selalesine_nasil_gidilir\"><\/span><strong><strong><strong>Muradiye \u015eelalesi&#8217;ne Nas\u0131l Gidilir?<\/strong><\/strong><\/strong><span class=\"ez-toc-section-end\"><\/span><\/h3>\n\n\n\n<figure class=\"wp-block-image size-large\"><img decoding=\"async\" src=\"https:\/\/res.cloudinary.com\/turna\/image\/upload\/v1650240173\/muradiye_%C5%9Felalesi_s7az4m.jpg\" alt=\"muradiye'de k\u0131\u015f\"\/><\/figure>\n\n\n\n<p>Van- Erci\u015f karayolunu takip edip Muradiye- \u00c7ald\u0131ran ayr\u0131m\u0131ndan d\u00f6n\u00fcn. Buradan sonra 20 km daha devam edip Karahan K\u00f6y\u00fc sapa\u011f\u0131nda yer alan \u015felaleye ula\u015fabilirsiniz. &nbsp;Otob\u00fcsle gitmek isterseniz Van otogar\u0131ndan Muradiye otob\u00fcslerine binerek il\u00e7eye ula\u015f\u0131m sa\u011flayabilirsiniz.<\/p>\n\n\n\n<p><strong><a href=\"https:\/\/www.turna.com\/ucak-bileti\/van\" target=\"_blank\" rel=\"noreferrer noopener\">Van u\u00e7ak bileti<\/a><\/strong> f\u0131rsatlar\u0131m\u0131za mutlaka g\u00f6z at\u0131n.<\/p>\n\n\n\n<h3 class=\"wp-block-heading has-text-align-center has-neeon-button-dark-gray-color has-text-color has-link-color wp-elements-ad78accadc0e865ad5e3de058797961c\"><span class=\"ez-toc-section\" id=\"muradiye_selalesinin_olusumu\"><\/span><strong><strong><strong>Muradiye \u015eelalesi&#8217;nin Olu\u015fumu<\/strong><\/strong><\/strong><span class=\"ez-toc-section-end\"><\/span><\/h3>\n\n\n\n<figure class=\"wp-block-image size-large\"><img decoding=\"async\" src=\"https:\/\/res.cloudinary.com\/turna\/image\/upload\/v1650240173\/muradiye_%C5%9Felalesi_kamp_ahqexb.jpg\" alt=\"van muradiye \u015felalesi\"\/><\/figure>\n\n\n\n<p>Kayna\u011f\u0131n\u0131 Tend\u00fcrek Da\u011f\u0131\u2019ndan al\u0131yor Muradiye \u015eelalesi. \u00c7ald\u0131ran Ovas\u0131&#8217;nda bir araya gelen sulardan olu\u015fan Bendimahi \u00c7ay\u0131 G\u00f6nderme Bo\u011faz\u0131&#8217;ndan akarak Muradiye ovas\u0131na ula\u015f\u0131yor. \u015eelalenin olu\u015fum nedeni olan gen\u00e7 olu\u015fumlu, sert&nbsp;bazalt&nbsp;k\u00fctlesi \u00fczerinden akarak \u00e7a\u011flayana d\u00f6n\u00fc\u015f\u00fcyor.<\/p>\n\n\n\n<h3 class=\"wp-block-heading has-text-align-center has-neeon-button-dark-gray-color has-text-color has-link-color wp-elements-1645668507afefc743aec43a2a754c6e\"><span class=\"ez-toc-section\" id=\"muradiye_selalesi_ozellikleri\"><\/span><strong><strong><strong>Muradiye \u015eelalesi \u00d6zellikleri<\/strong><\/strong><\/strong><span class=\"ez-toc-section-end\"><\/span><\/h3>\n\n\n\n<figure class=\"wp-block-image size-large\"><img decoding=\"async\" src=\"https:\/\/res.cloudinary.com\/turna\/image\/upload\/v1650240173\/muradiye_%C5%9Felalesi_nerede_s2gxx7.jpg\" alt=\"muradiye asma k\u00f6pr\u00fc\"\/><\/figure>\n\n\n\n<p>Muradiye \u015eelalesi&#8217;nin y\u00fcksekli\u011fi 18 metre geni\u015fli\u011fi ise 77 metre. \u00c7ok y\u00fcksek bir \u015felale olmasa da suyun geni\u015f bir alandan yerden d\u00fc\u015f\u00fc\u015f\u00fc olduk\u00e7a g\u00f6rkemli bir g\u00f6r\u00fcnt\u00fc ortaya \u00e7\u0131kar\u0131yor. Suyun en co\u015fkulu akt\u0131\u011f\u0131 anlar ilkbahar d\u00f6nemi. K\u0131\u015f\u0131n -20 derecelere d\u00fc\u015fen havada donan \u015felale masals\u0131 bir g\u00f6r\u00fcn\u00fcme kavu\u015fuyor. \u015eelale, \u00e7evresini g\u00fczelle\u015ftiren tabiat\u0131yla da muazzam bir g\u00f6r\u00fcnt\u00fc sunuyor.<\/p>\n\n\n\n<p>\u015eelalenin hemen \u00f6n\u00fcnde bulunan asma k\u00f6pr\u00fcde foto\u011fraf \u00e7ekilebilirsiniz. K\u00f6pr\u00fcden kar\u015f\u0131ya ge\u00e7ildi\u011finde \u015felalenin kar\u015f\u0131s\u0131nda bulunan alanda piknik yapabilirsiniz. Ayr\u0131ca burada bir b\u00fcfe ve restoran da var. Buras\u0131 kamp yapmak i\u00e7in de m\u00fckemmel bir konumda.<\/p>\n\n\n\n<h3 class=\"wp-block-heading has-text-align-center has-neeon-button-dark-gray-color has-text-color has-link-color wp-elements-a4901df102b95099039b6290d7d10ae8\"><span class=\"ez-toc-section\" id=\"muradiye_selalesi_hikayesi\"><\/span><strong><strong><strong>Muradiye \u015eelalesi Hikayesi<\/strong><\/strong><\/strong><span class=\"ez-toc-section-end\"><\/span><\/h3>\n\n\n\n<figure class=\"wp-block-image size-large\"><img decoding=\"async\" src=\"https:\/\/res.cloudinary.com\/turna\/image\/upload\/v1650240173\/muradiye_%C5%9Felalesi_giri%C5%9F_%C3%BCcreti_v7o0bk.jpg\" alt=\"muradiye \u015felale piknik\"\/><\/figure>\n\n\n\n<p>Osmanl\u0131 Padi\u015fah\u0131 IV. Murat Ba\u011fdat seferi s\u0131ras\u0131nda burada konaklam\u0131\u015f. O nedenle bu b\u00f6lge Muradiye ismini alm\u0131\u015f.<\/p>\n\n\n\n<h3 class=\"wp-block-heading has-text-align-center has-neeon-button-dark-gray-color has-text-color has-link-color wp-elements-43a35ae6d381931e3332ca7716b9c916\"><span class=\"ez-toc-section\" id=\"muradiye_selalesi_giris_ucreti\"><\/span><strong><strong><strong>Muradiye \u015eelalesi Giri\u015f \u00dccreti<\/strong><\/strong><\/strong><span class=\"ez-toc-section-end\"><\/span><\/h3>\n\n\n\n<p>Muradiye \u015eelalesi giri\u015f \u00fccreti 10 TL.<\/p>\n\n    <div class=\"xs_social_share_widget xs_share_url after_content \t\tmain_content  wslu-style-1 wslu-share-box-shaped wslu-fill-colored wslu-none wslu-share-horizontal wslu-theme-font-no wslu-main_content\">\n\n\t\t\n        <ul>\n\t\t\t        <\/ul>\n    <\/div> \n","protected":false},"excerpt":{"rendered":"<p>Do\u011fa harikas\u0131, seyrine doyum olmayan bi \u015felale var bug\u00fcn rotam\u0131zda. Van gezilecek yerler listesinin ba\u015f tac\u0131, T\u00fcrkiye&#8217;de g\u00f6r\u00fclmesi gereken \u00f6nemli \u015felalelerden biri Muradiye \u015eelalesi. Do\u011fan\u0131n sesine kulak vermek, g\u00f6z\u00fcm\u00fcz\u00fc ye\u015file doyurmak, ci\u011ferlerimizi oksijenle doldurup suyun g\u00fcr\u00fcl g\u00fcr\u00fcl ak\u0131\u015f\u0131nda huzur bulmak i\u00e7in bu yery\u00fcz\u00fc cennetini bir g\u00fcn mutlaka ziyaret edin.<\/p>\n","protected":false},"author":34,"featured_media":20846,"comment_status":"open","ping_status":"open","sticky":false,"template":"","format":"standard","meta":{"rop_custom_images_group":[],"rop_custom_messages_group":[],"rop_publish_now":"initial","rop_publish_now_accounts":[],"rop_publish_now_history":[],"rop_publish_now_status":"pending","_cloudinary_featured_overwrite":false,"footnotes":""},"categories":[2,1869],"tags":[252],"class_list":["post-20845","post","type-post","status-publish","format-standard","has-post-thumbnail","hentry","category-ulkeler","category-van","tag-van"],"_links":{"self":[{"href":"https:\/\/www.turna.com\/blog\/wp-json\/wp\/v2\/posts\/20845","targetHints":{"allow":["GET"]}}],"collection":[{"href":"https:\/\/www.turna.com\/blog\/wp-json\/wp\/v2\/posts"}],"about":[{"href":"https:\/\/www.turna.com\/blog\/wp-json\/wp\/v2\/types\/post"}],"author":[{"embeddable":true,"href":"https:\/\/www.turna.com\/blog\/wp-json\/wp\/v2\/users\/34"}],"replies":[{"embeddable":true,"href":"https:\/\/www.turna.com\/blog\/wp-json\/wp\/v2\/comments?post=20845"}],"version-history":[{"count":0,"href":"https:\/\/www.turna.com\/blog\/wp-json\/wp\/v2\/posts\/20845\/revisions"}],"wp:featuredmedia":[{"embeddable":true,"href":"https:\/\/www.turna.com\/blog\/wp-json\/wp\/v2\/media\/20846"}],"wp:attachment":[{"href":"https:\/\/www.turna.com\/blog\/wp-json\/wp\/v2\/media?parent=20845"}],"wp:term":[{"taxonomy":"category","embeddable":true,"href":"https:\/\/www.turna.com\/blog\/wp-json\/wp\/v2\/categories?post=20845"},{"taxonomy":"post_tag","embeddable":true,"href":"https:\/\/www.turna.com\/blog\/wp-json\/wp\/v2\/tags?post=20845"}],"curies":[{"name":"wp","href":"https:\/\/api.w.org\/{rel}","templated":true}]}}