{"id":20735,"date":"2022-03-16T13:00:00","date_gmt":"2022-03-16T10:00:00","guid":{"rendered":"https:\/\/www.turna.com\/blog\/?p=20735"},"modified":"2025-12-09T17:57:20","modified_gmt":"2025-12-09T14:57:20","slug":"sivas-gezilecek-yerler","status":"publish","type":"post","link":"https:\/\/www.turna.com\/blog\/sivas-gezilecek-yerler","title":{"rendered":"Sivas Gezilecek Yerler &#8211; 29 Yer \u0130le En Ayr\u0131nt\u0131l\u0131 Liste"},"content":{"rendered":"<div id=\"ez-toc-container\" class=\"ez-toc-v2_0_82_2 counter-hierarchy ez-toc-counter ez-toc-black ez-toc-container-direction\">\n<div class=\"ez-toc-title-container\">\n<p class=\"ez-toc-title\" style=\"cursor:inherit\">\u0130\u00e7indekiler<\/p>\n<span class=\"ez-toc-title-toggle\"><a href=\"#\" class=\"ez-toc-pull-right ez-toc-btn ez-toc-btn-xs ez-toc-btn-default ez-toc-toggle\" aria-label=\"\u0130\u00e7indekiler Tablosunu A\u00e7\/Kapat\"><span class=\"ez-toc-js-icon-con\"><span class=\"\"><span class=\"eztoc-hide\" style=\"display:none;\">Toggle<\/span><span class=\"ez-toc-icon-toggle-span\"><svg style=\"fill: #ffffff;color:#ffffff\" xmlns=\"http:\/\/www.w3.org\/2000\/svg\" class=\"list-377408\" width=\"20px\" height=\"20px\" viewBox=\"0 0 24 24\" fill=\"none\"><path d=\"M6 6H4v2h2V6zm14 0H8v2h12V6zM4 11h2v2H4v-2zm16 0H8v2h12v-2zM4 16h2v2H4v-2zm16 0H8v2h12v-2z\" fill=\"currentColor\"><\/path><\/svg><svg style=\"fill: #ffffff;color:#ffffff\" class=\"arrow-unsorted-368013\" xmlns=\"http:\/\/www.w3.org\/2000\/svg\" width=\"10px\" height=\"10px\" viewBox=\"0 0 24 24\" version=\"1.2\" baseProfile=\"tiny\"><path d=\"M18.2 9.3l-6.2-6.3-6.2 6.3c-.2.2-.3.4-.3.7s.1.5.3.7c.2.2.4.3.7.3h11c.3 0 .5-.1.7-.3.2-.2.3-.5.3-.7s-.1-.5-.3-.7zM5.8 14.7l6.2 6.3 6.2-6.3c.2-.2.3-.5.3-.7s-.1-.5-.3-.7c-.2-.2-.4-.3-.7-.3h-11c-.3 0-.5.1-.7.3-.2.2-.3.5-.3.7s.1.5.3.7z\"\/><\/svg><\/span><\/span><\/span><\/a><\/span><\/div>\n<nav><ul class='ez-toc-list ez-toc-list-level-1 eztoc-toggle-hide-by-default' ><li class='ez-toc-page-1 ez-toc-heading-level-2'><a class=\"ez-toc-link ez-toc-heading-1\" href=\"https:\/\/www.turna.com\/blog\/sivas-gezilecek-yerler\/#sivas_gezilecek_yerler\" >Sivas Gezilecek Yerler<\/a><\/li><li class='ez-toc-page-1 ez-toc-heading-level-2'><a class=\"ez-toc-link ez-toc-heading-2\" href=\"https:\/\/www.turna.com\/blog\/sivas-gezilecek-yerler\/#sivas_merkez_gezilecek_yerler\" >Sivas Merkez Gezilecek Yerler<\/a><ul class='ez-toc-list-level-3' ><li class='ez-toc-heading-level-3'><a class=\"ez-toc-link ez-toc-heading-3\" href=\"https:\/\/www.turna.com\/blog\/sivas-gezilecek-yerler\/#sivas_tashan_carsisi\" >Sivas Ta\u015fhan \u00c7ar\u015f\u0131s\u0131<\/a><\/li><li class='ez-toc-page-1 ez-toc-heading-level-3'><a class=\"ez-toc-link ez-toc-heading-4\" href=\"https:\/\/www.turna.com\/blog\/sivas-gezilecek-yerler\/#sems-i_sivasi_meydan_cami\" >\u015eems-i Sivasi Meydan Cami<\/a><\/li><li class='ez-toc-page-1 ez-toc-heading-level-3'><a class=\"ez-toc-link ez-toc-heading-5\" href=\"https:\/\/www.turna.com\/blog\/sivas-gezilecek-yerler\/#sivas_cifte_minare\" >Sivas \u00c7ifte Minare<\/a><\/li><li class='ez-toc-page-1 ez-toc-heading-level-3'><a class=\"ez-toc-link ez-toc-heading-6\" href=\"https:\/\/www.turna.com\/blog\/sivas-gezilecek-yerler\/#sifaiye_medresesi\" >\u015eifaiye Medresesi<\/a><\/li><li class='ez-toc-page-1 ez-toc-heading-level-3'><a class=\"ez-toc-link ez-toc-heading-7\" href=\"https:\/\/www.turna.com\/blog\/sivas-gezilecek-yerler\/#kale_cami\" >Kale Cami<\/a><\/li><li class='ez-toc-page-1 ez-toc-heading-level-3'><a class=\"ez-toc-link ez-toc-heading-8\" href=\"https:\/\/www.turna.com\/blog\/sivas-gezilecek-yerler\/#buruciye_medresesi\" >Buruciye Medresesi<\/a><\/li><li class='ez-toc-page-1 ez-toc-heading-level-3'><a class=\"ez-toc-link ez-toc-heading-9\" href=\"https:\/\/www.turna.com\/blog\/sivas-gezilecek-yerler\/#sivas_kongresi_binasi\" >Sivas Kongresi Binas\u0131<\/a><\/li><li class='ez-toc-page-1 ez-toc-heading-level-3'><a class=\"ez-toc-link ez-toc-heading-10\" href=\"https:\/\/www.turna.com\/blog\/sivas-gezilecek-yerler\/#sivas_tarihi_jandarma_binasi\" >Sivas Tarihi Jandarma Binas\u0131<\/a><\/li><li class='ez-toc-page-1 ez-toc-heading-level-3'><a class=\"ez-toc-link ez-toc-heading-11\" href=\"https:\/\/www.turna.com\/blog\/sivas-gezilecek-yerler\/#sivas_arkeoloji_muzesi\" >Sivas Arkeoloji M\u00fczesi<\/a><\/li><li class='ez-toc-page-1 ez-toc-heading-level-3'><a class=\"ez-toc-link ez-toc-heading-12\" href=\"https:\/\/www.turna.com\/blog\/sivas-gezilecek-yerler\/#sivas_ulu_cami\" >Sivas Ulu Cami<\/a><\/li><li class='ez-toc-page-1 ez-toc-heading-level-3'><a class=\"ez-toc-link ez-toc-heading-13\" href=\"https:\/\/www.turna.com\/blog\/sivas-gezilecek-yerler\/#gok_medrese_sahibiye_medresesi\" >G\u00f6k Medrese (Sahibiye Medresesi)<\/a><\/li><li class='ez-toc-page-1 ez-toc-heading-level-3'><a class=\"ez-toc-link ez-toc-heading-14\" href=\"https:\/\/www.turna.com\/blog\/sivas-gezilecek-yerler\/#aksu_parki\" >Aksu Park\u0131<\/a><\/li><li class='ez-toc-page-1 ez-toc-heading-level-3'><a class=\"ez-toc-link ez-toc-heading-15\" href=\"https:\/\/www.turna.com\/blog\/sivas-gezilecek-yerler\/#serpincik_goleti\" >Serpincik G\u00f6leti<\/a><\/li><li class='ez-toc-page-1 ez-toc-heading-level-3'><a class=\"ez-toc-link ez-toc-heading-16\" href=\"https:\/\/www.turna.com\/blog\/sivas-gezilecek-yerler\/#tarihi_egri_kopru\" >Tarihi E\u011fri K\u00f6pr\u00fc<\/a><\/li><li class='ez-toc-page-1 ez-toc-heading-level-3'><a class=\"ez-toc-link ez-toc-heading-17\" href=\"https:\/\/www.turna.com\/blog\/sivas-gezilecek-yerler\/#pasabahce_mesire_alani\" >Pa\u015fabah\u00e7e Mesire Alan\u0131<\/a><\/li><li class='ez-toc-page-1 ez-toc-heading-level-3'><a class=\"ez-toc-link ez-toc-heading-18\" href=\"https:\/\/www.turna.com\/blog\/sivas-gezilecek-yerler\/#karsiyaka_mesire_alani\" >Kar\u015f\u0131yaka Mesire Alan\u0131<\/a><\/li><\/ul><\/li><li class='ez-toc-page-1 ez-toc-heading-level-2'><a class=\"ez-toc-link ez-toc-heading-19\" href=\"https:\/\/www.turna.com\/blog\/sivas-gezilecek-yerler\/#sivas_cevresi_gezilecek_yerler\" >Sivas \u00c7evresi Gezilecek Yerler<\/a><ul class='ez-toc-list-level-3' ><li class='ez-toc-heading-level-3'><a class=\"ez-toc-link ez-toc-heading-20\" href=\"https:\/\/www.turna.com\/blog\/sivas-gezilecek-yerler\/#sizir_selalesi_goksu_selalesi\" >S\u0131z\u0131r \u015eelalesi (G\u00f6ksu \u015eelalesi)<\/a><\/li><li class='ez-toc-page-1 ez-toc-heading-level-3'><a class=\"ez-toc-link ez-toc-heading-21\" href=\"https:\/\/www.turna.com\/blog\/sivas-gezilecek-yerler\/#hafik_golu_buyuk_gol\" >Hafik G\u00f6l\u00fc (B\u00fcy\u00fck G\u00f6l)<\/a><\/li><li class='ez-toc-page-1 ez-toc-heading-level-3'><a class=\"ez-toc-link ez-toc-heading-22\" href=\"https:\/\/www.turna.com\/blog\/sivas-gezilecek-yerler\/#kizilcan_golu_canova_golu\" >K\u0131z\u0131l\u00e7an G\u00f6l\u00fc (Canova G\u00f6l\u00fc)<\/a><\/li><li class='ez-toc-page-1 ez-toc-heading-level-3'><a class=\"ez-toc-link ez-toc-heading-23\" href=\"https:\/\/www.turna.com\/blog\/sivas-gezilecek-yerler\/#todurge_golu\" >T\u00f6d\u00fcrge G\u00f6l\u00fc<\/a><\/li><li class='ez-toc-page-1 ez-toc-heading-level-3'><a class=\"ez-toc-link ez-toc-heading-24\" href=\"https:\/\/www.turna.com\/blog\/sivas-gezilecek-yerler\/#gokpinar_golu\" >G\u00f6kp\u0131nar G\u00f6l\u00fc<\/a><\/li><li class='ez-toc-page-1 ez-toc-heading-level-3'><a class=\"ez-toc-link ez-toc-heading-25\" href=\"https:\/\/www.turna.com\/blog\/sivas-gezilecek-yerler\/#divrigi_ulu_cami_ve_darussifasi\" >Divri\u011fi Ulu Cami ve Dar\u00fc\u015f\u015fifas\u0131<\/a><\/li><li class='ez-toc-page-1 ez-toc-heading-level-3'><a class=\"ez-toc-link ez-toc-heading-26\" href=\"https:\/\/www.turna.com\/blog\/sivas-gezilecek-yerler\/#divrigi_kalesi\" >Divri\u011fi Kalesi<\/a><\/li><li class='ez-toc-page-1 ez-toc-heading-level-3'><a class=\"ez-toc-link ez-toc-heading-27\" href=\"https:\/\/www.turna.com\/blog\/sivas-gezilecek-yerler\/#asik_veysel_muzesi\" >A\u015f\u0131k Veysel M\u00fczesi<\/a><\/li><li class='ez-toc-page-1 ez-toc-heading-level-3'><a class=\"ez-toc-link ez-toc-heading-28\" href=\"https:\/\/www.turna.com\/blog\/sivas-gezilecek-yerler\/#kangal_balikli_kaplicasi\" >Kangal Bal\u0131kl\u0131 Kapl\u0131cas\u0131<\/a><\/li><li class='ez-toc-page-1 ez-toc-heading-level-3'><a class=\"ez-toc-link ez-toc-heading-29\" href=\"https:\/\/www.turna.com\/blog\/sivas-gezilecek-yerler\/#egricimen_yaylasi\" >E\u011fri\u00e7imen Yaylas\u0131<\/a><\/li><li class='ez-toc-page-1 ez-toc-heading-level-3'><a class=\"ez-toc-link ez-toc-heading-30\" href=\"https:\/\/www.turna.com\/blog\/sivas-gezilecek-yerler\/#sugul_vadisi\" >\u015eu\u011ful Vadisi<\/a><\/li><li class='ez-toc-page-1 ez-toc-heading-level-3'><a class=\"ez-toc-link ez-toc-heading-31\" href=\"https:\/\/www.turna.com\/blog\/sivas-gezilecek-yerler\/#yildiz_dagi_kis_sporlari_turizm_merkezi\" >Y\u0131ld\u0131z Da\u011f\u0131 K\u0131\u015f Sporlar\u0131 Turizm Merkezi<\/a><\/li><\/ul><\/li><\/ul><\/nav><\/div>\n\n<p>Sivas Anadolu&#8217;nun tarihi ve do\u011fal g\u00fczellileri bak\u0131m\u0131ndan en \u00f6zel \u015fehirlerinden biri. <strong>Sivas gezilecek yerler<\/strong> her y\u0131l say\u0131s\u0131z turisti a\u011f\u0131rl\u0131yor. K\u00fclt\u00fcr ve do\u011fa turizmi severler i\u00e7in en ideal \u015fehirlerden biri olan Sivas y\u00f6resel lezzetleri ile de unutulmaz bir seyahat vadediyor.<\/p>\n\n\n\n<p>3 g\u00fcnl\u00fck harika bir rota \u00e7\u0131kararak bu tarihin tan\u0131\u011f\u0131 \u015fehri ba\u015ftan ba\u015fa ke\u015ffedebilirsiniz. Sizi \u015fa\u015f\u0131rtacak g\u00fczelliklere sahip Sivas&#8217;a gitmeden \u00f6nce mutlaka Sivas gezilecek yerler yaz\u0131m\u0131 okuyun. Haritayla, konumlar\u0131yla, detayl\u0131 bilgi ve ipu\u00e7lar\u0131yla Sivas i\u00e7in size rehber olmaya \u00e7al\u0131\u015faca\u011f\u0131m. \ud83d\ude42<\/p>\n\n\n\n<h2 class=\"wp-block-heading has-text-align-center has-neeon-button-dark-gray-color has-text-color has-link-color wp-elements-664bbb263d0e73126321201af706fa14\"><span class=\"ez-toc-section\" id=\"sivas_gezilecek_yerler\"><\/span><strong><strong><strong><strong>Sivas Gezilecek Yerler<\/strong><\/strong><\/strong><\/strong><span class=\"ez-toc-section-end\"><\/span><\/h2>\n\n\n\n<p>Sivas gezilecek yerleri Sivas merkez gezilecek yerler ve Sivas gezilecek yerler olarak 2 k\u0131s\u0131mda anlataca\u011f\u0131m. Harita \u00fczerinde zoom yaparak yerlerin konumuna bakabilir, kendi rotan\u0131z\u0131 olu\u015fturabilirsiniz.<\/p>\n\n\n\n<iframe src=\"https:\/\/www.google.com\/maps\/d\/u\/1\/embed?mid=1Qyb9vdfzYIBrb4yDnGqbF1A1hgSopwwg&amp;ehbc=2E312F\" width=\"640\" height=\"480\"><\/iframe>\n\n\n\n<p><strong>Sivas gezilecek yerler listesi<\/strong><\/p>\n\n\n\n<ol class=\"wp-block-list\">\n<li>Sivas Ta\u015fhan \u00c7ar\u015f\u0131s\u0131<\/li>\n\n\n\n<li>\u015eems-i Sivasi Meydan Cami<\/li>\n\n\n\n<li>Sivas \u00c7ifte Minare<\/li>\n\n\n\n<li>\u015eifaiye Medresesi<\/li>\n\n\n\n<li>Kale Cami<\/li>\n\n\n\n<li>Buruciye Medresesi<\/li>\n\n\n\n<li>Sivas Kongresi Binas\u0131<\/li>\n\n\n\n<li>Sivas Tarihi Jandarma Binas\u0131<\/li>\n\n\n\n<li>Sivas Arkeoloji M\u00fczesi<\/li>\n\n\n\n<li>Sivas Ulu Cami<\/li>\n\n\n\n<li>G\u00f6k Medrese (Sahibiye Medresesi)<\/li>\n\n\n\n<li>Aksu Park\u0131<\/li>\n\n\n\n<li>Serpincik G\u00f6leti<\/li>\n\n\n\n<li>Tarihi E\u011fri K\u00f6pr\u00fc<\/li>\n\n\n\n<li>Pa\u015fabah\u00e7e Mesire Alan\u0131<\/li>\n\n\n\n<li>Kar\u015f\u0131yaka Mesire Alan\u0131<\/li>\n\n\n\n<li>S\u0131z\u0131r \u015eelalesi (G\u00f6ksu \u015eelalesi)<\/li>\n\n\n\n<li>Hafik G\u00f6l\u00fc (B\u00fcy\u00fck G\u00f6l)<\/li>\n\n\n\n<li>K\u0131z\u0131l\u00e7an G\u00f6l\u00fc (Canova G\u00f6l\u00fc)<\/li>\n\n\n\n<li>T\u00f6d\u00fcrge G\u00f6l\u00fc<\/li>\n\n\n\n<li>G\u00f6kp\u0131nar G\u00f6l\u00fc<\/li>\n\n\n\n<li>Divri\u011fi Ulu Cami ve Dar\u00fc\u015f\u015fifas\u0131<\/li>\n\n\n\n<li>Divri\u011fi Kalesi<\/li>\n\n\n\n<li>A\u015f\u0131k Veysel M\u00fczesi<\/li>\n\n\n\n<li>Kangal Bal\u0131kl\u0131 Kapl\u0131cas\u0131<\/li>\n\n\n\n<li>E\u011fri\u00e7imen Yaylas\u0131<\/li>\n\n\n\n<li>\u015eu\u011ful Vadisi<\/li>\n\n\n\n<li>Y\u0131ld\u0131z Da\u011f\u0131 K\u0131\u015f Sporlar\u0131 Turizm Merkezi<\/li>\n<\/ol>\n\n\n\n<h2 class=\"wp-block-heading has-text-align-center has-neeon-button-dark-gray-color has-text-color has-link-color wp-elements-52e8abb9abae0ecf7ae030708b08d888\"><span class=\"ez-toc-section\" id=\"sivas_merkez_gezilecek_yerler\"><\/span><strong><strong><strong><strong>Sivas Merkez Gezilecek Yerler<\/strong><\/strong><\/strong><\/strong><span class=\"ez-toc-section-end\"><\/span><\/h2>\n\n\n\n<h3 class=\"wp-block-heading has-text-align-center has-neeon-button-dark-gray-color has-text-color has-link-color wp-elements-b4f45e87a3171faa821884e0439b51f5\"><span class=\"ez-toc-section\" id=\"sivas_tashan_carsisi\"><\/span><strong><strong><strong><strong>Sivas Ta\u015fhan \u00c7ar\u015f\u0131s\u0131<\/strong><\/strong><\/strong><\/strong><span class=\"ez-toc-section-end\"><\/span><\/h3>\n\n\n\n<figure class=\"wp-block-image size-large\"><img decoding=\"async\" src=\"https:\/\/res.cloudinary.com\/turna\/image\/upload\/v1646660590\/sivas_merkezde_gezilecek_yerler_ta%C5%9Fhan_uuj36q.jpg\" alt=\"sivas gezilecek yerler\"\/><\/figure>\n\n\n\n<p>Sivas gezilecek yerler merkez ile ba\u015fl\u0131yorum anlatmaya. \u0130lk dura\u011f\u0131m\u0131z Ta\u015fhan \u00c7ar\u015f\u0131s\u0131. 19. y\u00fczy\u0131l\u0131n ikinci yar\u0131s\u0131nda kesme ta\u015ftan yap\u0131lm\u0131\u015f bir yap\u0131 buras\u0131. A\u00e7\u0131k avlulu ve iki katl\u0131. G\u00fcn\u00fcm\u00fczde i\u015f merkezi olarak kullan\u0131l\u0131yor. Giri\u015f ve \u00fcst kat\u0131nda kafeler bulunuyor.<\/p>\n\n\n\n<p>Ancak giri\u015fte yer alan d\u00fckkanlar \u00fcr\u00fcnlerini kap\u0131 \u00f6n\u00fcne atm\u0131\u015f ve \u00fcst\u00fcne \u00f6rt\u00fcler sermi\u015fler. B\u00f6yle tarihi bir de\u011fere bu g\u00f6r\u00fcnt\u00fcy\u00fc pek yak\u0131\u015ft\u0131ramad\u0131m a\u00e7\u0131k\u00e7as\u0131. Bunu g\u00f6z ard\u0131 edersek yap\u0131 elbette g\u00f6rmeye de\u011fer.<\/p>\n\n\n\n<ul class=\"wp-block-list\">\n<li>Yol tarifi <strong><a href=\"https:\/\/goo.gl\/maps\/RFtg1YYb2CwSnZmU6\" target=\"_blank\" rel=\"noreferrer noopener\">burada.<\/a><\/strong><\/li>\n<\/ul>\n\n\n\n<h3 class=\"wp-block-heading has-text-align-center has-neeon-button-dark-gray-color has-text-color has-link-color wp-elements-e4b4ec68ec760a2539bab8214c39043a\"><span class=\"ez-toc-section\" id=\"sems-i_sivasi_meydan_cami\"><\/span><strong><strong><strong><strong>\u015eems-i Sivasi Meydan Cami<\/strong><\/strong><\/strong><\/strong><span class=\"ez-toc-section-end\"><\/span><\/h3>\n\n\n\n<p>Sivas merkezde bulunan Meydan Cami &nbsp;1564 y\u0131l\u0131nda Kanuni Sultan S\u00fcleyman\u2019\u0131n vezirlerinden Koca Hasan Pa\u015fa taraf\u0131ndan yapt\u0131r\u0131lm\u0131\u015f. Vak\u0131flar Genel M\u00fcd\u00fcrl\u00fc\u011f\u00fc taraf\u0131ndan 1968 y\u0131l\u0131nda onar\u0131lm\u0131\u015f.<\/p>\n\n\n\n<p>\u015eems-i Sivasi Meydan Cami Sivas\u2019ta \u201c\u015eemseddin Sivas\u00ee T\u00fcrbesi\u201d olarak da biliniyor. \u00dcnl\u00fc mutasavv\u0131f \u015eemseddin Sivas\u00ee\u2019nin yatmakta oldu\u011fu bu t\u00fcrbe caminin avlusunda yer al\u0131yor.<\/p>\n\n\n\n<ul class=\"wp-block-list\">\n<li>Yol tarifi <strong><a href=\"https:\/\/goo.gl\/maps\/RpptnR6VUa2s1myz9\" target=\"_blank\" rel=\"noreferrer noopener\">burada.<\/a><\/strong><\/li>\n<\/ul>\n\n\n\n<h3 class=\"wp-block-heading has-text-align-center has-neeon-button-dark-gray-color has-text-color has-link-color wp-elements-4dd99bc953cd387657bae2fc1990f01f\"><span class=\"ez-toc-section\" id=\"sivas_cifte_minare\"><\/span><strong><strong><strong><strong>Sivas \u00c7ifte Minare<\/strong><\/strong><\/strong><\/strong><span class=\"ez-toc-section-end\"><\/span><\/h3>\n\n\n\n<figure class=\"wp-block-image size-large\"><img decoding=\"async\" src=\"https:\/\/res.cloudinary.com\/turna\/image\/upload\/v1646660588\/sivas_merkezde_gezilecek_yerler_%C3%A7ifte_minareli_medrese_b3snni.jpg\" alt=\"sivas gezilecek yerler\"\/><\/figure>\n\n\n\n<figure class=\"wp-block-image size-large\"><img decoding=\"async\" src=\"https:\/\/res.cloudinary.com\/turna\/image\/upload\/v1646660566\/sivas_%C3%A7ifte_minareli_medrese_szv1u1.jpg\" alt=\"sivas gezilecek yerler\"\/><\/figure>\n\n\n\n<p>Sivas merkezde gezilecek yerlerde s\u0131radaki dura\u011f\u0131m\u0131z \u00c7ifte Minare. Bu g\u00f6z al\u0131c\u0131 yap\u0131, Sivas\u2019\u0131n en \u00f6nemli de\u011ferlerinden biri. Burada do\u011fru a\u00e7\u0131 ve do\u011fru \u0131\u015f\u0131kla m\u00fckemmel foto\u011fraflar \u00e7ekebilirsiniz.<\/p>\n\n\n\n<p>Ta\u00e7 kap\u0131 \u00fczerinde yer alan kitabesine g\u00f6re 1271 y\u0131l\u0131nda \u0130lhanl\u0131lar Veziri \u015eemseddin C\u00fcveyni taraf\u0131ndan yapt\u0131r\u0131lm\u0131\u015f. Medrese, s\u00fcslemeli ta\u00e7 kap\u0131s\u0131 ve tu\u011fla-\u00e7ini \u00f6rg\u00fcl\u00fc iki minaresi ile dikkati \u00e7ekiyor. Medresenin kapal\u0131 mek\u00e2n\u0131 yok olmu\u015f bu nedenle i\u00e7ine girilemiyor.<\/p>\n\n\n\n<ul class=\"wp-block-list\">\n<li>Yol tarifi <strong><a href=\"https:\/\/goo.gl\/maps\/XQDweG4jNQnCTsB16\" target=\"_blank\" rel=\"noreferrer noopener\">burada.<\/a><\/strong><\/li>\n<\/ul>\n\n\n\n<h3 class=\"wp-block-heading has-text-align-center has-neeon-button-dark-gray-color has-text-color has-link-color wp-elements-3588aeb82083ad594b70d13716fe6d24\"><span class=\"ez-toc-section\" id=\"sifaiye_medresesi\"><\/span><strong><strong><strong><strong>\u015eifaiye Medresesi<\/strong><\/strong><\/strong><\/strong><span class=\"ez-toc-section-end\"><\/span><\/h3>\n\n\n\n<figure class=\"wp-block-image size-large\"><img decoding=\"async\" src=\"https:\/\/res.cloudinary.com\/turna\/image\/upload\/v1646660591\/sivas_%C5%9Fifaiye_medresesi_s0jbfn.jpg\" alt=\"sivas gezilecek yerler\"\/><\/figure>\n\n\n\n<p>\u015eifaiye Medresesi \u00c7ifte Minare\u2019nin tam kar\u015f\u0131s\u0131nda yer al\u0131yor. Buras\u0131 Sel\u00e7uklu D\u00f6nemi&#8217;nde hastalar\u0131n tedavi edildi\u011fi ve ayn\u0131 zamanda t\u0131p tahsilinin de yap\u0131ld\u0131\u011f\u0131 bir medreseymi\u015f. G\u00fcn\u00fcm\u00fcze ula\u015fabilen b\u00f6l\u00fcm\u00fc i\u00e7in Anadolu&#8217;nun en b\u00fcy\u00fck \u015fifahanesi diyebiliriz.<\/p>\n\n\n\n<p>1217\u2019de I. \u0130zzeddin Keykavus taraf\u0131ndan yapt\u0131r\u0131lm\u0131\u015f. Medresenin i\u00e7inde \u0130zzeddin Keykavus\u2019un t\u00fcrbesini de ziyaret edebilirsiniz. Yaln\u0131z medrese avlusunda yer alan kafe ve oradan y\u00fckselen m\u00fczik sesi bu tarihi de\u011fere yak\u0131\u015fmayan bir g\u00f6r\u00fcnt\u00fc olu\u015fturuyor bence.<\/p>\n\n\n\n<ul class=\"wp-block-list\">\n<li>Yol tarifi <strong><a href=\"https:\/\/goo.gl\/maps\/cwHnpyYEMpCTYDho8\" target=\"_blank\" rel=\"noreferrer noopener\">burada.<\/a><\/strong><\/li>\n<\/ul>\n\n\n\n<h3 class=\"wp-block-heading has-text-align-center has-neeon-button-dark-gray-color has-text-color has-link-color wp-elements-84d836f90253b68793cb420d4aa1165c\"><span class=\"ez-toc-section\" id=\"kale_cami\"><\/span><strong><strong><strong><strong>Kale Cami<\/strong><\/strong><\/strong><\/strong><span class=\"ez-toc-section-end\"><\/span><\/h3>\n\n\n\n<figure class=\"wp-block-image size-large\"><img decoding=\"async\" src=\"https:\/\/res.cloudinary.com\/turna\/image\/upload\/v1646660595\/sivas_gezilecek_yerler_kale_cami_zeplk1.jpg\" alt=\"sivas gezilecek yerler\"\/><\/figure>\n\n\n\n<p>Sivas merkezde yer alan \u00f6nemli yap\u0131lardan bir di\u011feri de Kale Cami. Sivas tarihi kent meydan\u0131nda bulunuyor. 1580\u2019de Padi\u015fah III. Murad\u2019\u0131n vezirlerinden Sivas Beylerbeyi Murad Pa\u015fa taraf\u0131ndan yapt\u0131r\u0131lm\u0131\u015f.<\/p>\n\n\n\n<p>Burada bulunan sadaka ta\u015f\u0131 ve yitik ta\u015f\u0131 eminim dikkatinizi \u00e7eker. Yitik ta\u015f\u0131 e\u015fyas\u0131n\u0131 kaybedenlerin bulmak i\u00e7in bakt\u0131\u011f\u0131 ilk yermi\u015f. Birisi bir \u015fey buldu\u011funda buraya b\u0131rak\u0131yormu\u015f kaybeden ki\u015fi bulsun diye. &nbsp;Sadaka verilirken ihtiya\u00e7 sahibi mahcup olmas\u0131n diye sadaka ta\u015f\u0131 arac\u0131l\u0131\u011f\u0131yla teslim ediliyormu\u015f. Ne g\u00fczel Osmanl\u0131 gelenekleri de\u011fil mi ?<\/p>\n\n\n\n<ul class=\"wp-block-list\">\n<li>Yol tarifi <strong><a href=\"https:\/\/goo.gl\/maps\/zZNjurxHWzDr6q9bA\" target=\"_blank\" rel=\"noreferrer noopener\">burada.<\/a><\/strong><\/li>\n<\/ul>\n\n\n\n<h3 class=\"wp-block-heading has-text-align-center has-neeon-button-dark-gray-color has-text-color has-link-color wp-elements-40c427537037e0f515c2748af5a73d94\"><span class=\"ez-toc-section\" id=\"buruciye_medresesi\"><\/span><strong><strong><strong><strong>Buruciye Medresesi<\/strong><\/strong><\/strong><\/strong><span class=\"ez-toc-section-end\"><\/span><\/h3>\n\n\n\n<figure class=\"wp-block-image size-large\"><img decoding=\"async\" src=\"https:\/\/res.cloudinary.com\/turna\/image\/upload\/v1646660564\/sivas_buruciye_medresesi_e11q6t.jpg\" alt=\"sivas gezilecek yerler\"\/><\/figure>\n\n\n\n<p>Kale Cami\u2019nin hemen kar\u015f\u0131s\u0131nda bulunuyor Buruciye Medresesi. 1271\u2019de Sel\u00e7uklu Sultan\u0131 III. G\u0131yaseddin Keyh\u00fcsrev d\u00f6neminde yap\u0131lm\u0131\u015f. \u0130ran yak\u0131nlar\u0131ndaki Burucerd\u2019den gelen Muzaffer Burucerd\u00ee taraf\u0131ndan fizik, kimya, astronomi \u00f6\u011fretimi yap\u0131lmak amac\u0131yla yapt\u0131r\u0131lm\u0131\u015f bu medrese.<\/p>\n\n\n\n<p>Medrese yak\u0131n\u0131nda Muzaffer Burucerdi ve iki \u00e7ocu\u011funun t\u00fcrbesi de bulunuyor. B medresenin i\u00e7inde de bir kafe yer al\u0131yor.<\/p>\n\n\n\n<ul class=\"wp-block-list\">\n<li>Yol tarifi <strong><a href=\"https:\/\/goo.gl\/maps\/VthuyHgpHoXpoQzH9\" target=\"_blank\" rel=\"noreferrer noopener\">burada.<\/a><\/strong><\/li>\n<\/ul>\n\n\n\n<h3 class=\"wp-block-heading has-text-align-center has-neeon-button-dark-gray-color has-text-color has-link-color wp-elements-ac3e4fbee8c93f29c360eff63f38937e\"><span class=\"ez-toc-section\" id=\"sivas_kongresi_binasi\"><\/span><strong><strong><strong><strong>Sivas Kongresi Binas\u0131<\/strong><\/strong><\/strong><\/strong><span class=\"ez-toc-section-end\"><\/span><\/h3>\n\n\n\n<figure class=\"wp-block-image size-large\"><img decoding=\"async\" src=\"https:\/\/res.cloudinary.com\/turna\/image\/upload\/v1646660583\/sivas_merkez_gezilecek_yerler_kongre_binas%C4%B1_g5vhfo.jpg\" alt=\"sivas gezilecek yerler\"\/><\/figure>\n\n\n\n<figure class=\"wp-block-image size-large\"><img decoding=\"async\" src=\"https:\/\/res.cloudinary.com\/turna\/image\/upload\/v1646660584\/sivas_merkez_kongre_binas%C4%B1_lsegg6.jpg\" alt=\"sivas gezilecek yerler\"\/><\/figure>\n\n\n\n<p>Sivas Atat\u00fcrk Kongre M\u00fczesi Sivas&#8217;ta gezilecek yerler i\u00e7inde mutlaka g\u00f6rmeniz gereken bir yer. Bina Mustafa Kemal Atat\u00fcrk ve Heyet-i Temsiliye taraf\u0131ndan 2 Eyl\u00fcl-18 Aral\u0131k 1919 tarihlerinde \u201cMilli M\u00fccadele Kararg\u00e2h\u0131\u201d olarak kullan\u0131lm\u0131\u015f.<\/p>\n\n\n\n<p>Mustafa Kemal Atat\u00fcrk ve Heyet-i Temsiliye&#8217;nin kararg\u00e2h olarak kulland\u0131klar\u0131 bu bina o tarihlerde liseymi\u015f. \u00d6\u011frencileri kurtulu\u015f sava\u015f\u0131na kat\u0131ld\u0131\u011f\u0131 i\u00e7in o y\u0131llarda mezun verememi\u015f okul. Duygulanmamak elde de\u011fil.<\/p>\n\n\n\n<p>Bina 1990&#8217;da m\u00fcze olarak ziyarete a\u00e7\u0131lm\u0131\u015f. Sivas Atat\u00fcrk Kongre M\u00fczesi\u2019nde tarihi yans\u0131tan her detay m\u00fckemmel. Tarihi Kongre Salonu ve Atat\u00fcrk&#8217;e ait \u00e7al\u0131\u015fma ve dinlenme odas\u0131, kongrenin yap\u0131ld\u0131\u011f\u0131 g\u00fcnlerdeki hali ile muhafaza ediliyor.<\/p>\n\n\n\n<ul class=\"wp-block-list\">\n<li>Konum\u00a0<strong><a href=\"https:\/\/goo.gl\/maps\/PhSZYkHTyVmJHqai9\" target=\"_blank\" rel=\"noreferrer noopener\">burada<\/a><\/strong>.<\/li>\n<\/ul>\n\n\n\n<h3 class=\"wp-block-heading has-text-align-center has-neeon-button-dark-gray-color has-text-color has-link-color wp-elements-45c7faf455ca88b4a018077e26c623e3\"><span class=\"ez-toc-section\" id=\"sivas_tarihi_jandarma_binasi\"><\/span><strong><strong><strong><strong>Sivas Tarihi Jandarma Binas\u0131<\/strong><\/strong><\/strong><\/strong><span class=\"ez-toc-section-end\"><\/span><\/h3>\n\n\n\n<p>1908 y\u0131l\u0131nda Jandarma Dairesi olarak yapt\u0131r\u0131lm\u0131\u015f. \u0130\u00e7ini gezebilece\u011finiz bir yer olmasa da bulundu\u011fu meydana e\u015fsiz bir de\u011fer katan bu yap\u0131yo d\u0131\u015far\u0131dan g\u00f6rebilirsiniz.<\/p>\n\n\n\n<ul class=\"wp-block-list\">\n<li>Konum\u00a0<strong><a href=\"https:\/\/goo.gl\/maps\/SAxQ75ozfjLteqW28\" target=\"_blank\" rel=\"noreferrer noopener\">burada.<\/a><\/strong><\/li>\n<\/ul>\n\n\n\n<h3 class=\"wp-block-heading has-text-align-center has-neeon-button-dark-gray-color has-text-color has-link-color wp-elements-81cbdab7b3ee0d8aa874454df5f15b6b\"><span class=\"ez-toc-section\" id=\"sivas_arkeoloji_muzesi\"><\/span><strong><strong><strong><strong>Sivas Arkeoloji M\u00fczesi<\/strong><\/strong><\/strong><\/strong><span class=\"ez-toc-section-end\"><\/span><\/h3>\n\n\n\n<figure class=\"wp-block-image size-large\"><img decoding=\"async\" src=\"https:\/\/res.cloudinary.com\/turna\/image\/upload\/v1646660586\/sivas_merkezde_gezilecek_yerler_arkeoloji_m%C3%BCzesi_unytma.jpg\" alt=\"sivas gezilecek yerler\"\/><\/figure>\n\n\n\n<p>Sivas arkeoloji m\u00fczesi Orta Anadolu&#8217;nun en b\u00fcy\u00fck arkeoloji m\u00fczesi olarak hizmet veriyor. B\u00f6lgede 9 milyon y\u0131l \u00f6nce ya\u015fam\u0131\u015f memeli hayvanlara ait fosiller, Kalkolitik \u00c7a\u011f, Eski Tun\u00e7 \u00c7a\u011f\u0131 ve Hititler&#8217;e ait bir\u00e7ok buluntuyu m\u00fczede g\u00f6rebilirsiniz. Ayr\u0131ca Roma, Bizans, Sel\u00e7uklu ve Osmanl\u0131 d\u00f6nemlerine ait eserler de sergileniyor.<\/p>\n\n\n\n<ul class=\"wp-block-list\">\n<li>Sivas Arkeoloji M\u00fczesi giri\u015fi \u00fccretsiz.<\/li>\n\n\n\n<li>Konumu\u00a0<strong><a href=\"https:\/\/goo.gl\/maps\/iSmgojv3Whrs4wKU7\" target=\"_blank\" rel=\"noreferrer noopener\">burada<\/a><\/strong>.<\/li>\n<\/ul>\n\n\n\n<h3 class=\"wp-block-heading has-text-align-center has-neeon-button-dark-gray-color has-text-color has-link-color wp-elements-ada27d99e45d06017a7b995524a979bf\"><span class=\"ez-toc-section\" id=\"sivas_ulu_cami\"><\/span><strong><strong><strong><strong>Sivas Ulu Cami<\/strong><\/strong><\/strong><\/strong><span class=\"ez-toc-section-end\"><\/span><\/h3>\n\n\n\n<figure class=\"wp-block-image size-large\"><img decoding=\"async\" src=\"https:\/\/res.cloudinary.com\/turna\/image\/upload\/v1646660592\/sivas_ulu_cami_xyb0n5.jpg\" alt=\"sivas gezilecek yerler\"\/><\/figure>\n\n\n\n<p>Sivas Ulu Cami Anadolu\u2019nun en eski camilerinden biri. Kitabesine g\u00f6re 1196-97 y\u0131llar\u0131nda Kutbettin Melik\u015fah d\u00f6neminde K\u0131z\u0131larslan bin \u0130brahim taraf\u0131ndan Kul Ahi\u2019ye yapt\u0131r\u0131ld\u0131\u011f\u0131 anla\u015f\u0131lan bu tarihi camiyi de Sivas merkez gezilecek yerler listenize ekleyin.<\/p>\n\n\n\n<ul class=\"wp-block-list\">\n<li>Konumu\u00a0<strong><a href=\"https:\/\/goo.gl\/maps\/ojo4Z5825hDKQvMy7\" target=\"_blank\" rel=\"noreferrer noopener\">burada<\/a><\/strong>.<\/li>\n<\/ul>\n\n\n\n<h3 class=\"wp-block-heading has-text-align-center has-neeon-button-dark-gray-color has-text-color has-link-color wp-elements-3c157bf2fbe706c8fa391b19ac2687d0\"><span class=\"ez-toc-section\" id=\"gok_medrese_sahibiye_medresesi\"><\/span><strong><strong><strong><strong>G\u00f6k Medrese (Sahibiye Medresesi)<\/strong><\/strong><\/strong><\/strong><span class=\"ez-toc-section-end\"><\/span><\/h3>\n\n\n\n<figure class=\"wp-block-image size-large\"><img decoding=\"async\" src=\"https:\/\/res.cloudinary.com\/turna\/image\/upload\/v1646660573\/sivas_g%C3%B6k_medrese_kvmtyz.jpg\" alt=\"sivas gezilecek yerler\"\/><\/figure>\n\n\n\n<p>G\u00f6k Medrese ad\u0131n\u0131 g\u00f6ky\u00fcz\u00fcn\u00fcn mavisinden alan, s\u00fcslemeleriyle g\u00f6z dolduran muhte\u015fem bir yap\u0131. IV. K\u0131l\u0131\u00e7araslan&#8217;\u0131n o\u011flu III. G\u0131yaseddin Keyh\u00fcsrev d\u00f6neminde Vezir Sahip Ata Fahreddin Ali taraf\u0131ndan, 1271 y\u0131l\u0131nda yapt\u0131r\u0131lm\u0131\u015f. Bu tarihi yap\u0131 g\u00f6rsel bir \u015f\u00f6len sunuyor. Bol bol foto\u011fraf \u00e7ekip Sivas gezilecek yerler rotam\u0131za devam ediyoruz.<\/p>\n\n\n\n<ul class=\"wp-block-list\">\n<li>Konumu\u00a0<strong><a href=\"https:\/\/goo.gl\/maps\/e2w12SD7hZxf997D9\" target=\"_blank\" rel=\"noreferrer noopener\">burada.<\/a><\/strong><\/li>\n<\/ul>\n\n\n\n<h3 class=\"wp-block-heading has-text-align-center has-neeon-button-dark-gray-color has-text-color has-link-color wp-elements-390de291b3294ebd823440a59dd3976d\"><span class=\"ez-toc-section\" id=\"aksu_parki\"><\/span><strong><strong><strong><strong>Aksu Park\u0131<\/strong><\/strong><\/strong><\/strong><span class=\"ez-toc-section-end\"><\/span><\/h3>\n\n\n\n<figure class=\"wp-block-image size-large\"><img decoding=\"async\" src=\"https:\/\/res.cloudinary.com\/turna\/image\/upload\/v1646660595\/sivas_merkezde_gezilecek_yerler_aksu_park%C4%B1_hohsth.jpg\" alt=\"sivas gezilecek yerler\"\/><\/figure>\n\n\n\n<p>Aksu Park\u0131 Sivas&#8217;\u0131n i\u00e7inde yemye\u015fil bir alan. Bir soluk almak, su kanal\u0131n\u0131n etraf\u0131nda y\u00fcr\u00fcy\u00fc\u015f yapmak, piknik masalar\u0131nda keyiflenmek isteyenler buraya geliyor. Ayr\u0131ca burada bulunan kafe ve restoranlar da tercih edilebilir. Sivas&#8217;ta geni\u015f vaktiniz varsa Aksu Park\u0131 akl\u0131n\u0131zda bulunsun.<\/p>\n\n\n\n<ul class=\"wp-block-list\">\n<li>Konumu\u00a0<strong><a href=\"https:\/\/goo.gl\/maps\/Ctjt3kYWKdiCVFYT7\" target=\"_blank\" rel=\"noreferrer noopener\">burada<\/a><\/strong>.<\/li>\n<\/ul>\n\n\n\n<h3 class=\"wp-block-heading has-text-align-center has-neeon-button-dark-gray-color has-text-color has-link-color wp-elements-83ff2cabe8816b25e38f0dbf1998812c\"><span class=\"ez-toc-section\" id=\"serpincik_goleti\"><\/span><strong><strong><strong><strong>Serpincik G\u00f6leti<\/strong><\/strong><\/strong><\/strong><span class=\"ez-toc-section-end\"><\/span><\/h3>\n\n\n\n<p>Serpincik G\u00f6leti Sivas merkezde bulunan bir do\u011fal alan. Geli\u015ftirilmekte olan proje kapsam\u0131nda buraya y\u00fcr\u00fcy\u00fc\u015f yollar\u0131, bal\u0131k tutma alanlar\u0131, kafeler, restoranlar&nbsp;yap\u0131lacakm\u0131\u015f. Bakars\u0131n\u0131z birka\u00e7 y\u0131l sonra de\u011ferlenir, ben de kimse yazmazken benim listemde vard\u0131 diye hava atar\u0131m. \ud83d\ude03<\/p>\n\n\n\n<ul class=\"wp-block-list\">\n<li>Konumu <strong><a href=\"https:\/\/goo.gl\/maps\/4ERCXzXwK6NPv4nr7\" target=\"_blank\" rel=\"noreferrer noopener\">burada.<\/a><\/strong><\/li>\n<\/ul>\n\n\n\n<h3 class=\"wp-block-heading has-text-align-center has-neeon-button-dark-gray-color has-text-color has-link-color wp-elements-20c509965533c7fc55345200ac42c6ee\"><span class=\"ez-toc-section\" id=\"tarihi_egri_kopru\"><\/span><strong><strong><strong><strong>Tarihi E\u011fri K\u00f6pr\u00fc<\/strong><\/strong><\/strong><\/strong><span class=\"ez-toc-section-end\"><\/span><\/h3>\n\n\n\n<figure class=\"wp-block-image size-large\"><img decoding=\"async\" src=\"https:\/\/res.cloudinary.com\/turna\/image\/upload\/v1646660568\/sivas_e%C4%9Fri_k%C3%B6pr%C3%BC_kl7svl.jpg\" alt=\"sivas gezilecek yerler\"\/><\/figure>\n\n\n\n<p>Eski d\u00f6nemlerde \u0130pek Yolu&#8217;nun \u00fczerinde bulunuyormu\u015f E\u011fri K\u00f6pr\u00fc. Yak\u0131n bir zamana kadar da Sivas-Malatya yolu ve G\u00fcneydo\u011fu Anadolu&#8217;nun ula\u015f\u0131m\u0131n\u0131 sa\u011flam\u0131\u015f. Sel\u00e7uklu yap\u0131s\u0131 olan k\u00f6pr\u00fc 173 metre uzunlu\u011funda. Eskiden ara\u00e7 trafi\u011fine a\u00e7\u0131k olan k\u00f6pr\u00fc, yan\u0131ndaki k\u00f6pr\u00fcn\u00fcn in\u015fa edilmesiyle trafi\u011fe kapat\u0131lm\u0131\u015f.<\/p>\n\n\n\n<ul class=\"wp-block-list\">\n<li>Konumu\u00a0<strong><a href=\"https:\/\/goo.gl\/maps\/jiJMvkaRPjbCf8baA\" target=\"_blank\" rel=\"noreferrer noopener\">burada<\/a><\/strong>.<\/li>\n<\/ul>\n\n\n\n<h3 class=\"wp-block-heading has-text-align-center has-neeon-button-dark-gray-color has-text-color has-link-color wp-elements-250afd6eb0d469df0ec1f2e3b7e5a576\"><span class=\"ez-toc-section\" id=\"pasabahce_mesire_alani\"><\/span><strong><strong><strong><strong>Pa\u015fabah\u00e7e Mesire Alan\u0131<\/strong><\/strong><\/strong><\/strong><span class=\"ez-toc-section-end\"><\/span><\/h3>\n\n\n\n<p>Sivas kent merkezine 7 kilometre uzakl\u0131kta bulunuyor Pa\u015fabah\u00e7e Mesire Alan\u0131. \u00c7ardaklar, \u00e7ocuk parklar\u0131, futbol sahas\u0131, basketbol alan\u0131, tenis kortu, g\u00f6let, cami, sosyal tesisler ve yama\u00e7 evleri bulunuyor mesire alan\u0131 i\u00e7inde. Pa\u015fa fabrikas\u0131 da denen bu piknik alan\u0131 Sivasl\u0131lar\u0131n ka\u00e7\u0131n\u0131lmaz hafta sonu istikameti. \ud83d\ude42<\/p>\n\n\n\n<ul class=\"wp-block-list\">\n<li>Konumu <strong><a href=\"https:\/\/goo.gl\/maps\/RHhfjtQcF4vgnaN77\" target=\"_blank\" rel=\"noreferrer noopener\">burada.<\/a><\/strong><\/li>\n<\/ul>\n\n\n\n<h3 class=\"wp-block-heading has-text-align-center has-neeon-button-dark-gray-color has-text-color has-link-color wp-elements-30bf407e92ccca0ac798d37caab720b7\"><span class=\"ez-toc-section\" id=\"karsiyaka_mesire_alani\"><\/span><strong><strong><strong><strong>Kar\u015f\u0131yaka Mesire Alan\u0131<\/strong><\/strong><\/strong><\/strong><span class=\"ez-toc-section-end\"><\/span><\/h3>\n\n\n\n<p>Y\u00f6re halk\u0131 buraya g\u00fcn\u00fcn stresini atmak, dinlenmek ve sevdikleriyle g\u00fczel zaman ge\u00e7irmek i\u00e7in geliyor. <strong>Kar\u015f\u0131yaka Mesire Alan\u0131<\/strong> piknik ve mangal sevdal\u0131lar\u0131n\u0131n g\u00f6z bebe\u011fi. Alanda \u015felale ve g\u00f6letler bulunuyor.<\/p>\n\n\n\n<ul class=\"wp-block-list\">\n<li>Konumu <strong><a href=\"https:\/\/goo.gl\/maps\/17QzAmNa95Ls5nCJ7\" target=\"_blank\" rel=\"noreferrer noopener\">burada.<\/a><\/strong><\/li>\n<\/ul>\n\n\n\n<h2 class=\"wp-block-heading has-text-align-center has-neeon-button-dark-gray-color has-text-color has-link-color wp-elements-e7c2eff58b177e83126a14f8a8680b06\"><span class=\"ez-toc-section\" id=\"sivas_cevresi_gezilecek_yerler\"><\/span><strong><strong><strong><strong>Sivas \u00c7evresi Gezilecek Yerler<\/strong><\/strong><\/strong><\/strong><span class=\"ez-toc-section-end\"><\/span><\/h2>\n\n\n\n<h3 class=\"wp-block-heading has-text-align-center has-neeon-button-dark-gray-color has-text-color has-link-color wp-elements-a2250c384d6972ee1de6658b6a8f0b4f\"><span class=\"ez-toc-section\" id=\"sizir_selalesi_goksu_selalesi\"><\/span><strong><strong><strong><strong>S\u0131z\u0131r \u015eelalesi (G\u00f6ksu \u015eelalesi)<\/strong><\/strong><\/strong><\/strong><span class=\"ez-toc-section-end\"><\/span><\/h3>\n\n\n\n<figure class=\"wp-block-image size-large\"><img decoding=\"async\" src=\"https:\/\/res.cloudinary.com\/turna\/image\/upload\/v1646660597\/s%C4%B1z%C4%B1r_%C5%9Felalesi_izs5km.jpg\" alt=\"sivas gezilecek yerler\"\/><\/figure>\n\n\n\n<figure class=\"wp-block-image size-large\"><img decoding=\"async\" src=\"https:\/\/res.cloudinary.com\/turna\/image\/upload\/v1646660569\/sivas_%C3%A7evresinde_gezilecek_yerler_listesi_sovcdq.jpg\" alt=\"sivas gezilecek yerler\"\/><\/figure>\n\n\n\n<p>Sivas \u00e7evresi gezilecek yerler k\u0131sm\u0131n\u0131 anlatmaya havas\u0131 suyu bamba\u015fka bir yerle ba\u015fl\u0131yorum. <strong>S\u0131z\u0131r \u015eelalesi<\/strong> Gemerek il\u00e7esi, S\u0131z\u0131r kasabas\u0131na 1 km mesafede bulunuyor. \u00c7at Ormanlar\u0131 i\u00e7inde, G\u00f6ksu \u00c7ay\u0131 \u00fczerinde yer al\u0131yor. S\u0130T alan\u0131 ilan edilerek koruma alt\u0131na al\u0131nm\u0131\u015f bir do\u011fal g\u00fczellik. <\/p>\n\n\n\n<p>Etraf\u0131 yemye\u015fil ormanlarla \u00e7evrili sakl\u0131 bir hazine gibi \u015felale. G\u00fcr\u00fcl g\u00fcr\u00fcl akan suyu ile hayran kalmamak elde de\u011fil. Burada do\u011fa y\u00fcr\u00fcy\u00fc\u015f\u00fc yapabilirsiniz. \u015eelale giri\u015finde bulunan restoran ve kafede dinlenebilirsiniz.<\/p>\n\n\n\n<ul class=\"wp-block-list\">\n<li>Konumu <strong><a href=\"https:\/\/goo.gl\/maps\/RcQ36RHfzLSFgGB4A\" target=\"_blank\" rel=\"noreferrer noopener\">burada.<\/a><\/strong><\/li>\n<\/ul>\n\n\n\n<h3 class=\"wp-block-heading has-text-align-center has-neeon-button-dark-gray-color has-text-color has-link-color wp-elements-3a4e740baf8c8bea44724a6aca268b8b\"><span class=\"ez-toc-section\" id=\"hafik_golu_buyuk_gol\"><\/span><strong><strong><strong><strong>Hafik G\u00f6l\u00fc (B\u00fcy\u00fck G\u00f6l)<\/strong><\/strong><\/strong><\/strong><span class=\"ez-toc-section-end\"><\/span><\/h3>\n\n\n\n<figure class=\"wp-block-image size-large\"><img decoding=\"async\" src=\"https:\/\/res.cloudinary.com\/turna\/image\/upload\/v1646660576\/sivas_hafik_gezilecek_yerler_listesi_cegw5n.jpg\" alt=\"sivas gezilecek yerler\"\/><\/figure>\n\n\n\n<p>Hafik il\u00e7e merkezinin kuzeybat\u0131s\u0131nda yer al\u0131yor Hafik G\u00f6l\u00fc. G\u00f6l alan\u0131 yakla\u015f\u0131k 1 km\u00b2, derinli\u011fi ise ortalama 6 m. G\u00f6l, dipten kaynayan sularla besleniyor. P\u0131r\u0131l p\u0131r\u0131l bir suyu var. Ayr\u0131ca \u00f6nemli mesire alanlar\u0131ndan da biri buras\u0131. G\u00f6l\u00fcn etraf\u0131nda bulunan i\u015fletmeler yemek yemek i\u00e7in g\u00fczel bir alternatif.<\/p>\n\n\n\n<p>Hafik G\u00f6l\u00fc&#8217;nde sondaj olarak yap\u0131lan kaz\u0131 s\u0131ras\u0131nda, g\u00f6l taban\u0131na \u00e7ak\u0131lm\u0131\u015f ah\u015fap direkler \u00fczerinde g\u00f6l evleri tespit edilmi\u015f. Bu yerle\u015fimin Neolitik, Kalkolitik ve \u0130lk Tun\u00e7 \u00c7a\u011f\u0131&#8217;na dayand\u0131\u011f\u0131 anla\u015f\u0131lm\u0131\u015f. P\u0131l\u0131r H\u00f6y\u00fck ad\u0131 verilen bu b\u00f6lge g\u00f6l evleri t\u00fcr\u00fcndeki yerle\u015fim \u015feklinin \u00fclkemizdeki tek \u00f6rne\u011fi.<\/p>\n\n\n\n<ul class=\"wp-block-list\">\n<li>Konum <strong><a href=\"https:\/\/goo.gl\/maps\/9LpLuRTsHrd3emUe9\" target=\"_blank\" rel=\"noreferrer noopener\">burada.<\/a><\/strong><\/li>\n<\/ul>\n\n\n\n<h3 class=\"wp-block-heading has-text-align-center has-neeon-button-dark-gray-color has-text-color has-link-color wp-elements-292737e2539a30abaf385c9281f02aa3\"><span class=\"ez-toc-section\" id=\"kizilcan_golu_canova_golu\"><\/span><strong><strong><strong><strong>K\u0131z\u0131l\u00e7an G\u00f6l\u00fc (Canova G\u00f6l\u00fc)<\/strong><\/strong><\/strong><\/strong><span class=\"ez-toc-section-end\"><\/span><\/h3>\n\n\n\n<figure class=\"wp-block-image size-large\"><img decoding=\"async\" src=\"https:\/\/res.cloudinary.com\/turna\/image\/upload\/v1646660594\/sivas_zara_gezilecek_yerler_k%C4%B1z%C4%B1l%C3%A7an_g%C3%B6l%C3%BC_bkxpwb.jpg\" alt=\"sivas gezilecek yerler\"\/><\/figure>\n\n\n\n<p>Zara il\u00e7esine ba\u011fl\u0131 Canova k\u00f6y\u00fc do\u011fal ve volkanik oldu\u011fu d\u00fc\u015f\u00fcn\u00fclen g\u00f6lleri ile ad\u0131ndan s\u00f6z ettiriyor. K\u0131z\u0131l\u00e7an G\u00f6l\u00fc yak\u0131nlar\u0131nda A\u011fg\u00f6l ve Karag\u00f6l isimli 2 g\u00f6l daha bulunuyor. Vaktiniz geni\u015fse bu di\u011fer 2 g\u00f6l\u00fc de ziyaret edebilirsiniz.<\/p>\n\n\n\n<p>K\u0131z\u0131l\u00e7an g\u00f6l\u00fc k\u00f6y merkezine 2 km mesafede yer al\u0131yor. Tepeden bak\u0131ld\u0131\u011f\u0131nda t\u0131pk\u0131 bir nazar boncu\u011funa benziyor. 100 metre derinlikte bir krater \u00e7ukurunda bulunan turkuaz renkli K\u0131z\u0131l\u00e7an G\u00f6l\u00fc&#8217;n\u00fcn derinli\u011fi tam olarak bilinmiyor. K\u0131\u015f\u0131n \u00fczeri buz tutan g\u00f6lde yaz\u0131n baz\u0131 ziyaret\u00e7iler y\u00fcz\u00fcyormu\u015f. Bu do\u011fa harikas\u0131 K\u0131z\u0131l\u00e7an G\u00f6l\u00fc mutlaka Sivas gezilecek yerler listenizde olmal\u0131.<\/p>\n\n\n\n<ul class=\"wp-block-list\">\n<li>Konumu <strong><a href=\"https:\/\/goo.gl\/maps\/AAvKMTcBrNeQKiwJ7\" target=\"_blank\" rel=\"noreferrer noopener\">burada.<\/a><\/strong><\/li>\n<\/ul>\n\n\n\n<h3 class=\"wp-block-heading has-text-align-center has-neeon-button-dark-gray-color has-text-color has-link-color wp-elements-3960054376b91c6f36e74c22685aaf65\"><span class=\"ez-toc-section\" id=\"todurge_golu\"><\/span><strong><strong><strong><strong>T\u00f6d\u00fcrge G\u00f6l\u00fc<\/strong><\/strong><\/strong><\/strong><span class=\"ez-toc-section-end\"><\/span><\/h3>\n\n\n\n<figure class=\"wp-block-image size-large\"><img decoding=\"async\" src=\"https:\/\/res.cloudinary.com\/turna\/image\/upload\/v1646660604\/t%C3%B6d%C3%BCrge_g%C3%B6l%C3%BC_ljmuxi.jpg\" alt=\"sivas gezilecek yerler\"\/><\/figure>\n\n\n\n<p>Do\u011fa Sivas&#8217;a torpil ge\u00e7memi\u015f mi sizce de ? \u015eelaleler, g\u00f6ller derken g\u00f6zlerimiz bayram etti bu \u015fehri gezerken. Zara&#8217;ya 26 kilometre uzakl\u0131kta bulunuyor T\u00f6d\u00fcrge G\u00f6l\u00fc. Bu g\u00f6lde kay\u0131kla gezintiye \u00e7\u0131kabilir, g\u00f6l\u00fcn \u00e7evresinde bulunan dinlenme tesislerinde yemek ya da \u00e7ay molas\u0131 verebilirsiniz. <\/p>\n\n\n\n<p>Sivas&#8217;\u0131n en b\u00fcy\u00fck g\u00f6l\u00fc olan T\u00f6d\u00fcrge&#8217;de iki ada bulunuyor. G\u00f6l\u00fcn derinli\u011fi 4-10 metre aras\u0131nda de\u011fi\u015fiyor. G\u00f6l\u00fcn dibinde bulunan kaynaktan dolay\u0131 g\u00f6l\u00fcn suyu kire\u00e7li ve tuzlu. \u0130\u00e7erisinde 17 \u00e7e\u015fit bal\u0131k yeti\u015fiyor.<\/p>\n\n\n\n<ul class=\"wp-block-list\">\n<li>Konumu <strong><a href=\"https:\/\/goo.gl\/maps\/aX2RVDHR7NCM34EZA\" target=\"_blank\" rel=\"noreferrer noopener\">burada.<\/a><\/strong><\/li>\n<\/ul>\n\n\n\n<h3 class=\"wp-block-heading has-text-align-center has-neeon-button-dark-gray-color has-text-color has-link-color wp-elements-d0d848fa0545901a960e08603eee9fa5\"><span class=\"ez-toc-section\" id=\"gokpinar_golu\"><\/span><strong><strong><strong><strong>G\u00f6kp\u0131nar G\u00f6l\u00fc<\/strong><\/strong><\/strong><\/strong><span class=\"ez-toc-section-end\"><\/span><\/h3>\n\n\n\n<figure class=\"wp-block-image size-large\"><img width=\"800\" height=\"500\" decoding=\"async\" src=\"data:image\/svg+xml;base64,PHN2ZyB4bWxucz0iaHR0cDovL3d3dy53My5vcmcvMjAwMC9zdmciIHdpZHRoPSI4MDAiIGhlaWdodD0iNTAwIj48cmVjdCB3aWR0aD0iMTAwJSIgaGVpZ2h0PSIxMDAlIj48YW5pbWF0ZSBhdHRyaWJ1dGVOYW1lPSJmaWxsIiB2YWx1ZXM9InJnYmEoMTUzLDE1MywxNTMsMC41KTtyZ2JhKDE1MywxNTMsMTUzLDAuMSk7cmdiYSgxNTMsMTUzLDE1MywwLjUpIiBkdXI9IjJzIiByZXBlYXRDb3VudD0iaW5kZWZpbml0ZSIgLz48L3JlY3Q+PC9zdmc+\" alt=\"sivas gezilecek yerler\" data-public-id=\"sivas_\u00e7evresinde_gezilecek_yerler_listesi_nere_nun5hj\/sivas_\u00e7evresinde_gezilecek_yerler_listesi_nere_nun5hj.jpg\" class=\"wp-post-20735 wp-image-20740\" data-format=\"jpg\" data-transformations=\"f_auto,q_auto:low\" data-version=\"1646660586\" data-seo=\"1\" data-size=\"800 500\" data-srcset=\"https:\/\/res.cloudinary.com\/turna\/images\/f_auto,q_auto:low\/v1646660586\/sivas_\u00e7evresinde_gezilecek_yerler_listesi_nere_nun5hj\/sivas_\u00e7evresinde_gezilecek_yerler_listesi_nere_nun5hj.jpg?_i=AA 800w, https:\/\/res.cloudinary.com\/turna\/images\/w_300,h_188,c_scale\/f_auto,q_auto:low\/v1646660586\/sivas_\u00e7evresinde_gezilecek_yerler_listesi_nere_nun5hj\/sivas_\u00e7evresinde_gezilecek_yerler_listesi_nere_nun5hj.jpg?_i=AA 300w, https:\/\/res.cloudinary.com\/turna\/images\/w_672,h_420,c_scale\/f_auto,q_auto:low\/v1646660586\/sivas_\u00e7evresinde_gezilecek_yerler_listesi_nere_nun5hj\/sivas_\u00e7evresinde_gezilecek_yerler_listesi_nere_nun5hj.jpg?_i=AA 672w, https:\/\/res.cloudinary.com\/turna\/images\/w_640,h_400,c_scale\/f_auto,q_auto:low\/v1646660586\/sivas_\u00e7evresinde_gezilecek_yerler_listesi_nere_nun5hj\/sivas_\u00e7evresinde_gezilecek_yerler_listesi_nere_nun5hj.jpg?_i=AA 640w, https:\/\/res.cloudinary.com\/turna\/images\/w_681,h_426,c_scale\/f_auto,q_auto:low\/v1646660586\/sivas_\u00e7evresinde_gezilecek_yerler_listesi_nere_nun5hj\/sivas_\u00e7evresinde_gezilecek_yerler_listesi_nere_nun5hj.jpg?_i=AA 681w\" data-sizes=\"(max-width: 800px) 100vw, 800px\" data-delivery=\"upload\" onload=\";window.CLDBind?CLDBind(this):null;\" data-cloudinary=\"lazy\" \/><\/figure>\n\n\n\n<figure class=\"wp-block-image size-large\"><img decoding=\"async\" src=\"https:\/\/res.cloudinary.com\/turna\/image\/upload\/v1646660578\/sivas_g%C3%B6kp%C4%B1nar_g%C3%B6l%C3%BC_dezp1p.jpg\" alt=\"sivas gezilecek yerler\"\/><\/figure>\n\n\n\n<p><strong><a href=\"https:\/\/www.turna.com\/blog\/gokpinar-golu\" target=\"_blank\" rel=\"noreferrer noopener\">G\u00f6kp\u0131nar G\u00f6l\u00fc<\/a><\/strong> Sivas s\u0131n\u0131rlar\u0131n\u0131 a\u015fm\u0131\u015f, \u00fclkenin en g\u00fczel g\u00f6llerinden biri bence. O nas\u0131l bir renk, o nas\u0131l bir berrakl\u0131k, ne harika bir do\u011fa! \u0130lk g\u00f6r\u00fc\u015fte a\u015fk olabilir G\u00f6kp\u0131nar G\u00f6l\u00fc&#8217;ne kar\u015f\u0131 hissetti\u011fim. \ud83d\ude03<\/p>\n\n\n\n<p>G\u00f6l\u00fcn suyu tatl\u0131, berrak ve temiz. Bak\u0131n \u00f6yle b\u00f6yle bir temizlik de\u011fil bu bahsetti\u011fim, 20 metre derinli\u011fin oldu\u011fu noktada dahi dibi net olarak g\u00f6rebiliyorsunuz. G\u00fcne\u015fin a\u00e7\u0131s\u0131na g\u00f6re tonlar\u0131 de\u011fi\u015fen suyun rengi bazen mavi bazen ye\u015fil bazen turkuaz olabiliyor.<\/p>\n\n\n\n<p>G\u00f6l, iki par\u00e7adan olu\u015fuyor. K\u00fc\u00e7\u00fck G\u00f6l ad\u0131 verilen g\u00f6lden \u00e7\u0131kan suda alabal\u0131k \u00fcretimi yap\u0131l\u0131yor. B\u00fcy\u00fck G\u00f6l ise turistik olarak ziyaret edilen bir konumda. G\u00f6lde y\u00fczmek yasak ama profesyonel bir dal\u0131\u015f hocas\u0131 ile beraber dal\u0131\u015f yapabilirsiniz.<\/p>\n\n\n\n<ul class=\"wp-block-list\">\n<li>Konumu <strong><a href=\"https:\/\/goo.gl\/maps\/iHbjANppwUGusJNB8\" target=\"_blank\" rel=\"noreferrer noopener\">burada.<\/a><\/strong><\/li>\n<\/ul>\n\n\n\n<h3 class=\"wp-block-heading has-text-align-center has-neeon-button-dark-gray-color has-text-color has-link-color wp-elements-89182033afd87d42ed77d2061be896c1\"><span class=\"ez-toc-section\" id=\"divrigi_ulu_cami_ve_darussifasi\"><\/span><strong><strong><strong><strong>Divri\u011fi Ulu Cami ve Dar\u00fc\u015f\u015fifas\u0131<\/strong><\/strong><\/strong><\/strong><span class=\"ez-toc-section-end\"><\/span><\/h3>\n\n\n\n<figure class=\"wp-block-image size-large\"><img decoding=\"async\" src=\"https:\/\/res.cloudinary.com\/turna\/image\/upload\/v1646660564\/divri%C4%9Fi_ulu_cami_f0qa1w.jpg\" alt=\"sivas gezilecek yerler\"\/><\/figure>\n\n\n\n<p><strong>Divri\u011fi Ulu Cami<\/strong> Meng\u00fcceko\u011fullar\u0131 d\u00f6neminde Ahmet \u015eah ve e\u015fi Turan Melek taraf\u0131ndan 1228-1229 y\u0131llar\u0131nda yapt\u0131r\u0131lm\u0131\u015f. \u0130slam mimarisinin ba\u015fyap\u0131tlar\u0131ndan diyebiliriz bu cami i\u00e7in. \u00d6yle ki UNESCO D\u00fcnya Miras Listesi&#8217;nde yer almas\u0131ndan ne denli \u00f6nemli oldu\u011funu anlayabiliriz. Divri\u011fi Ulu Cami ve Dar\u00fc\u015f\u015fifas\u0131 T\u00fcrkiye&#8217;de bu listeye giren ilk mimari yap\u0131 olma \u00f6zelli\u011fi de ta\u015f\u0131yor.<\/p>\n\n\n\n<p>Divri\u011fi Ulu Cami biti\u015fi\u011finde in\u015fa edilen iki katl\u0131, avlulu ve eyvanl\u0131 bir yap\u0131 olan Dar\u00fc\u015f\u015fifa, hastalar\u0131n su sesi ile sa\u011fl\u0131klar\u0131na kavu\u015ftu\u011fu bir hastane olarak hizmet vermi\u015f.<\/p>\n\n\n\n<figure class=\"wp-block-image size-large\"><img decoding=\"async\" src=\"https:\/\/res.cloudinary.com\/turna\/image\/upload\/v1646660569\/sivas_divri%C4%9Fi_ulu_cami_qsnl6g.jpg\" alt=\"sivas gezilecek yerler\"\/><\/figure>\n\n\n\n<p>Bu benzersiz \u00f6zelliklere sahip olan Ulu Cami ve Dar\u00fc\u015f\u015fifa d\u0131\u015ftan bak\u0131ld\u0131\u011f\u0131nda yal\u0131n bir mimari g\u00f6r\u00fcn\u00fcme sahip olsa da Dar\u00fc\u015f\u015fifa Ta\u00e7 Kap\u0131s\u0131, Cami Kuzey Ta\u00e7 Kap\u0131s\u0131, Cami Bat\u0131 Ta\u00e7 Kap\u0131s\u0131 ve \u015eah Mahfili Ta\u00e7 Kap\u0131s\u0131 mimarl\u0131k ve m\u00fchendislik harikas\u0131.<\/p>\n\n\n\n<p>Divri\u011fi Ulu Camii ve Dar\u00fc\u015f\u015fifas\u0131&#8217;n\u0131n en ilgi \u00e7ekici \u00f6zelliklerinden birini anlatay\u0131m. Cennet kap\u0131s\u0131nda g\u00fcne\u015fin geli\u015f a\u00e7\u0131s\u0131na ba\u011fl\u0131 olarak saat 07.00 gibi ortaya \u00e7\u0131kan &#8220;namaz k\u0131lan kad\u0131n sil\u00fceti&#8221; ve bat\u0131 kap\u0131s\u0131nda (ta\u00e7 kap\u0131) ikindi saatinde g\u00f6r\u00fclen yakla\u015f\u0131k 4 metre uzunlu\u011fundaki &#8220;namaz k\u0131lan erkek sil\u00fceti&#8221; buraya gelen ziyaret\u00e7ilerin ilgi oda\u011f\u0131 oluyor.<\/p>\n\n\n\n<ul class=\"wp-block-list\">\n<li>Konumu <strong><a href=\"https:\/\/goo.gl\/maps\/djqd6hoP8U7Ep8et6\" target=\"_blank\" rel=\"noreferrer noopener\">burada.<\/a><\/strong><\/li>\n<\/ul>\n\n\n\n<h3 class=\"wp-block-heading has-text-align-center has-neeon-button-dark-gray-color has-text-color has-link-color wp-elements-b48d1fa1fcb745b5b79277720dffe0ab\"><span class=\"ez-toc-section\" id=\"divrigi_kalesi\"><\/span><strong><strong><strong><strong>Divri\u011fi Kalesi<\/strong><\/strong><\/strong><\/strong><span class=\"ez-toc-section-end\"><\/span><\/h3>\n\n\n\n<figure class=\"wp-block-image size-large\"><img decoding=\"async\" src=\"https:\/\/res.cloudinary.com\/turna\/image\/upload\/v1646660569\/divri%C4%9Fi_kalesi_b9cseb.jpg\" alt=\"sivas gezilecek yerler\"\/><\/figure>\n\n\n\n<p>Divri\u011fi&#8217;ye kadar gelmi\u015fken Divri\u011fi Kalesi&#8217;ni de ziyaret edebilirsiniz. \u00c7alt\u0131 \u00c7ay\u0131&#8217;na bakan yama\u00e7ta bulunuyor. Kale Meng\u00fcceko\u011fullar\u0131 D\u00f6nemi&#8217;ne ait. Asl\u0131nda olduk\u00e7a harap olmu\u015f ve g\u00fcn\u00fcm\u00fcze yaln\u0131zca d\u0131\u015f kaleye ait surlar\u0131n bir b\u00f6l\u00fcm\u00fc gelebilmi\u015f. Temelinden burcuna kadar t\u00fcm detaylar\u0131yla bir T\u00fcrk Kalesi olmas\u0131 y\u00f6n\u00fcnden \u00f6nemli bir eser.<\/p>\n\n\n\n<ul class=\"wp-block-list\">\n<li>Konumu <strong><a href=\"https:\/\/goo.gl\/maps\/dGpJrQMNjDbew4yC6\" target=\"_blank\" rel=\"noreferrer noopener\">burada.<\/a><\/strong><\/li>\n<\/ul>\n\n\n\n<h3 class=\"wp-block-heading has-text-align-center has-neeon-button-dark-gray-color has-text-color has-link-color wp-elements-a61b5fe570afda2e6a3d91841b7d1847\"><span class=\"ez-toc-section\" id=\"asik_veysel_muzesi\"><\/span><strong><strong><strong><strong>A\u015f\u0131k Veysel M\u00fczesi<\/strong><\/strong><\/strong><\/strong><span class=\"ez-toc-section-end\"><\/span><\/h3>\n\n\n\n<p>Halk Ozan\u0131 \u00c2\u015f\u0131k Veysel \u015eat\u0131ro\u011flu&#8217;nun evi Sivrialan K\u00f6y\u00fc&#8217;nde bulunuyor. Bu ev K\u00fclt\u00fcr Bakanl\u0131\u011f\u0131 taraf\u0131ndan 1979&#8217;da  kamula\u015ft\u0131r\u0131lm\u0131\u015f ve 1982 y\u0131l\u0131nda m\u00fcze olarak ziyarete a\u00e7\u0131lm\u0131\u015f. M\u00fczede \u00c2\u015f\u0131k Veysel&#8217;in ki\u015fisel e\u015fyalar\u0131, foto\u011fraflar\u0131, \u015fiirleri ve onunla ilgili yay\u0131nlanan eserler bulunuyor. \u00c2\u015f\u0131k Veysel&#8217;in an\u0131s\u0131n\u0131 ya\u015fatmak i\u00e7in her y\u0131l 9-11 Temmuz tarihleri aras\u0131nda Sivas&#8217;ta ve \u015eark\u0131\u015fla-Sivrialan K\u00f6y\u00fc&#8217;nde anma t\u00f6renlerinin yan\u0131 s\u0131ra \u201c\u00c2\u015f\u0131k Veysel \u00c2\u015f\u0131klar Bayram\u0131\u201d festivali d\u00fczenleniyor.<\/p>\n\n\n\n<ul class=\"wp-block-list\">\n<li>Konumu <strong><a href=\"https:\/\/goo.gl\/maps\/AxVzExiixLB3DpiL6\" target=\"_blank\" rel=\"noreferrer noopener\">burada.<\/a><\/strong><\/li>\n<\/ul>\n\n\n\n<h3 class=\"wp-block-heading has-text-align-center has-neeon-button-dark-gray-color has-text-color has-link-color wp-elements-4aadb116bfe301d353f3d7a8ae650901\"><span class=\"ez-toc-section\" id=\"kangal_balikli_kaplicasi\"><\/span><strong><strong><strong><strong>Kangal Bal\u0131kl\u0131 Kapl\u0131cas\u0131<\/strong><\/strong><\/strong><\/strong><span class=\"ez-toc-section-end\"><\/span><\/h3>\n\n\n\n<p>Sivas Kangal \u0130l\u00e7esinin 13 km kuzeydo\u011fusunda Hamam Deresi vadisinde yer al\u0131yor Bal\u0131kl\u0131 Kapl\u0131cas\u0131. 1966&#8217;dan beri otel ve havuzlar\u0131yla hizmet veren kapl\u0131cada g\u00fcn\u00fcm\u00fczde d\u00f6rt k\u0131s\u0131m otel, alt\u0131 havuz, 16 adet \u00f6zel banyo, lokanta, market ve \u00e7ay bah\u00e7esi ile ziyaret\u00e7ilerini a\u011f\u0131rl\u0131yor.<\/p>\n\n\n\n<ul class=\"wp-block-list\">\n<li>Konumu <strong><a href=\"https:\/\/goo.gl\/maps\/W25aDz81AFyBsSbh6\" target=\"_blank\" rel=\"noreferrer noopener\">burada.<\/a><\/strong><\/li>\n<\/ul>\n\n\n\n<h3 class=\"wp-block-heading has-text-align-center has-neeon-button-dark-gray-color has-text-color has-link-color wp-elements-00998f13432583e0f3ee4f88a83915c4\"><span class=\"ez-toc-section\" id=\"egricimen_yaylasi\"><\/span><strong><strong><strong><strong>E\u011fri\u00e7imen Yaylas\u0131<\/strong><\/strong><\/strong><\/strong><span class=\"ez-toc-section-end\"><\/span><\/h3>\n\n\n\n<p>Sivas&#8217;\u0131n do\u011fal g\u00fczellikleri bitti mi sand\u0131n\u0131z ? \ud83d\ude0a Koyulhisar il\u00e7esinde bulunan E\u011fri\u00e7imen Yaylas\u0131, g\u00f6renleri hayran b\u0131rak\u0131yor. \u00c7am ormanlar\u0131 ile kapl\u0131 olan yayla \u00e7ok say\u0131da su kayna\u011f\u0131na sahip. Bu su kaynaklar\u0131 birle\u015ferek bir dere olu\u015fturuyor ve bu dere de yaylan\u0131n i\u00e7inden ak\u0131yor. Zaten E\u011fri\u00e7imen Yaylas\u0131 ismini almas\u0131 da bu nedenden.<\/p>\n\n\n\n<p>Ye\u015filin t\u00fcm tonlar\u0131n\u0131 bar\u0131nd\u0131r\u0131yor can\u0131m yayla. Trabzon&#8217;un Ayder&#8217;i varsa Sivas&#8217;\u0131n da E\u011fri\u00e7imen&#8217;i var be dostlar. Gidin g\u00f6r\u00fcn bu g\u00fczelli\u011fi!<\/p>\n\n\n\n<ul class=\"wp-block-list\">\n<li>Konumu <strong><a href=\"https:\/\/goo.gl\/maps\/caqbwdnUaRn4URTN8\" target=\"_blank\" rel=\"noreferrer noopener\">burada.<\/a><\/strong><\/li>\n<\/ul>\n\n\n\n<h3 class=\"wp-block-heading has-text-align-center has-neeon-button-dark-gray-color has-text-color has-link-color wp-elements-3398c73b61af67558caccd199bc0a396\"><span class=\"ez-toc-section\" id=\"sugul_vadisi\"><\/span><strong><strong><strong><strong>\u015eu\u011ful Vadisi<\/strong><\/strong><\/strong><\/strong><span class=\"ez-toc-section-end\"><\/span><\/h3>\n\n\n\n<figure class=\"wp-block-image size-large\"><img decoding=\"async\" src=\"https:\/\/res.cloudinary.com\/turna\/image\/upload\/v1646660597\/sivas_gezilecek_yerler_%C5%9Fu%C4%9Ful_vadisi_msapgm.jpg\" alt=\"sivas gezilecek yerler\"\/><\/figure>\n\n\n\n<p>\u015eu\u011ful Vadisi Sivas&#8217;ta g\u00f6r\u00fclmeye de\u011fer \u00f6nemli do\u011fal g\u00fczelliklerden biri. Kanyonun i\u00e7ine do\u011fru uzayan y\u00fcr\u00fcy\u00fc\u015f yolunu takip ederek do\u011faya ve manzaraya doyabilirsiniz. Vadinin giri\u015finde bir bal\u0131k lokantas\u0131 ve k\u0131r kahvesi de bulunuyor.<\/p>\n\n\n\n<ul class=\"wp-block-list\">\n<li>Konumu <strong><a href=\"https:\/\/goo.gl\/maps\/ZYRnKnd4ZUWueBqQ7\" target=\"_blank\" rel=\"noreferrer noopener\">burada.<\/a><\/strong><\/li>\n<\/ul>\n\n\n\n<h3 class=\"wp-block-heading has-text-align-center has-neeon-button-dark-gray-color has-text-color has-link-color wp-elements-99af6e4340a0c8bf215c75f966f7720f\"><span class=\"ez-toc-section\" id=\"yildiz_dagi_kis_sporlari_turizm_merkezi\"><\/span><strong><strong><strong><strong>Y\u0131ld\u0131z Da\u011f\u0131 K\u0131\u015f Sporlar\u0131 Turizm Merkezi<\/strong><\/strong><\/strong><\/strong><span class=\"ez-toc-section-end\"><\/span><\/h3>\n\n\n\n<p>Y\u0131ld\u0131z Da\u011f\u0131 Sivas&#8217;\u0131n parlayan y\u0131ld\u0131z\u0131 olarak k\u0131\u015f turizmine hayat veriyor. Buradaki kayak pistleri, buz park\u0131, bungalov evleri, otel ve sosyal tesisler her y\u0131l binlerce ziyaret\u00e7iyi a\u011f\u0131rl\u0131yor. 2 bin 552 rak\u0131ml\u0131&nbsp;Y\u0131ld\u0131z Da\u011f\u0131&#8217;n\u0131n yamac\u0131nda kurulan&nbsp;<strong>Y\u0131ld\u0131z Da\u011f\u0131 K\u0131\u015f Sporlar\u0131 Turizm Merkezi<\/strong>, toplam uzunlu\u011fu 12 bin metreyi bulan pistleri ile kayak severlerin g\u00f6zdesi.<\/p>\n\n\n\n<ul class=\"wp-block-list\">\n<li>Konumu <strong><a href=\"https:\/\/g.page\/yildizdagikayakmerkezi?share\" target=\"_blank\" rel=\"noreferrer noopener\">burada.<\/a><\/strong><\/li>\n<\/ul>\n\n\n\n<p>Sivas gezilecek yerler listemin sonuna geldik. Bu harika \u015fehirdeki birbirinden g\u00fczel yerleri g\u00f6rmek isterseniz <strong><a href=\"https:\/\/www.turna.com\/ucak-bileti\/sivas\" target=\"_blank\" rel=\"noreferrer noopener\">Sivas u\u00e7ak bileti<\/a><\/strong> ve <strong><a href=\"https:\/\/www.turna.com\/otobus-bileti\/sivas\" target=\"_blank\" rel=\"noreferrer noopener\">Sivas otob\u00fcs bileti<\/a><\/strong> f\u0131rsatlar\u0131m\u0131za mutlaka g\u00f6z at\u0131n.<\/p>\n\n    <div class=\"xs_social_share_widget xs_share_url after_content \t\tmain_content  wslu-style-1 wslu-share-box-shaped wslu-fill-colored wslu-none wslu-share-horizontal wslu-theme-font-no wslu-main_content\">\n\n\t\t\n        <ul>\n\t\t\t        <\/ul>\n    <\/div> \n","protected":false},"excerpt":{"rendered":"<p>Sivas Anadolu&#8217;nun tarihi ve do\u011fal g\u00fczellileri bak\u0131m\u0131ndan en \u00f6zel \u015fehirlerinden biri. Sivas gezilecek yerler her y\u0131l say\u0131s\u0131z turisti a\u011f\u0131rl\u0131yor. K\u00fclt\u00fcr ve do\u011fa turizmi severler i\u00e7in en ideal \u015fehirlerden biri olan Sivas y\u00f6resel lezzetleri ile de unutulmaz bir seyahat vadediyor.<\/p>\n","protected":false},"author":34,"featured_media":20740,"comment_status":"open","ping_status":"open","sticky":false,"template":"","format":"standard","meta":{"rop_custom_images_group":[],"rop_custom_messages_group":[],"rop_publish_now":"initial","rop_publish_now_accounts":[],"rop_publish_now_history":[],"rop_publish_now_status":"pending","_cloudinary_featured_overwrite":false,"footnotes":""},"categories":[2,1862],"tags":[935],"class_list":["post-20735","post","type-post","status-publish","format-standard","has-post-thumbnail","hentry","category-ulkeler","category-sivas","tag-sivas"],"_links":{"self":[{"href":"https:\/\/www.turna.com\/blog\/wp-json\/wp\/v2\/posts\/20735","targetHints":{"allow":["GET"]}}],"collection":[{"href":"https:\/\/www.turna.com\/blog\/wp-json\/wp\/v2\/posts"}],"about":[{"href":"https:\/\/www.turna.com\/blog\/wp-json\/wp\/v2\/types\/post"}],"author":[{"embeddable":true,"href":"https:\/\/www.turna.com\/blog\/wp-json\/wp\/v2\/users\/34"}],"replies":[{"embeddable":true,"href":"https:\/\/www.turna.com\/blog\/wp-json\/wp\/v2\/comments?post=20735"}],"version-history":[{"count":0,"href":"https:\/\/www.turna.com\/blog\/wp-json\/wp\/v2\/posts\/20735\/revisions"}],"wp:featuredmedia":[{"embeddable":true,"href":"https:\/\/www.turna.com\/blog\/wp-json\/wp\/v2\/media\/20740"}],"wp:attachment":[{"href":"https:\/\/www.turna.com\/blog\/wp-json\/wp\/v2\/media?parent=20735"}],"wp:term":[{"taxonomy":"category","embeddable":true,"href":"https:\/\/www.turna.com\/blog\/wp-json\/wp\/v2\/categories?post=20735"},{"taxonomy":"post_tag","embeddable":true,"href":"https:\/\/www.turna.com\/blog\/wp-json\/wp\/v2\/tags?post=20735"}],"curies":[{"name":"wp","href":"https:\/\/api.w.org\/{rel}","templated":true}]}}