{"id":20729,"date":"2022-03-07T14:20:41","date_gmt":"2022-03-07T11:20:41","guid":{"rendered":"https:\/\/www.turna.com\/blog\/?p=20729"},"modified":"2025-12-09T17:32:32","modified_gmt":"2025-12-09T14:32:32","slug":"muglaya-nasil-gidilir","status":"publish","type":"post","link":"https:\/\/www.turna.com\/blog\/muglaya-nasil-gidilir","title":{"rendered":"Mu\u011fla&#8217;ya Nas\u0131l Gidilir ? Mu\u011fla Nerededir ? Mu\u011fla&#8217;ya Ula\u015f\u0131m"},"content":{"rendered":"<div id=\"ez-toc-container\" class=\"ez-toc-v2_0_82_2 counter-hierarchy ez-toc-counter ez-toc-black ez-toc-container-direction\">\n<div class=\"ez-toc-title-container\">\n<p class=\"ez-toc-title\" style=\"cursor:inherit\">\u0130\u00e7indekiler<\/p>\n<span class=\"ez-toc-title-toggle\"><a href=\"#\" class=\"ez-toc-pull-right ez-toc-btn ez-toc-btn-xs ez-toc-btn-default ez-toc-toggle\" aria-label=\"\u0130\u00e7indekiler Tablosunu A\u00e7\/Kapat\"><span class=\"ez-toc-js-icon-con\"><span class=\"\"><span class=\"eztoc-hide\" style=\"display:none;\">Toggle<\/span><span class=\"ez-toc-icon-toggle-span\"><svg style=\"fill: #ffffff;color:#ffffff\" xmlns=\"http:\/\/www.w3.org\/2000\/svg\" class=\"list-377408\" width=\"20px\" height=\"20px\" viewBox=\"0 0 24 24\" fill=\"none\"><path d=\"M6 6H4v2h2V6zm14 0H8v2h12V6zM4 11h2v2H4v-2zm16 0H8v2h12v-2zM4 16h2v2H4v-2zm16 0H8v2h12v-2z\" fill=\"currentColor\"><\/path><\/svg><svg style=\"fill: #ffffff;color:#ffffff\" class=\"arrow-unsorted-368013\" xmlns=\"http:\/\/www.w3.org\/2000\/svg\" width=\"10px\" height=\"10px\" viewBox=\"0 0 24 24\" version=\"1.2\" baseProfile=\"tiny\"><path d=\"M18.2 9.3l-6.2-6.3-6.2 6.3c-.2.2-.3.4-.3.7s.1.5.3.7c.2.2.4.3.7.3h11c.3 0 .5-.1.7-.3.2-.2.3-.5.3-.7s-.1-.5-.3-.7zM5.8 14.7l6.2 6.3 6.2-6.3c.2-.2.3-.5.3-.7s-.1-.5-.3-.7c-.2-.2-.4-.3-.7-.3h-11c-.3 0-.5.1-.7.3-.2.2-.3.5-.3.7s.1.5.3.7z\"\/><\/svg><\/span><\/span><\/span><\/a><\/span><\/div>\n<nav><ul class='ez-toc-list ez-toc-list-level-1 eztoc-toggle-hide-by-default' ><li class='ez-toc-page-1 ez-toc-heading-level-2'><a class=\"ez-toc-link ez-toc-heading-1\" href=\"https:\/\/www.turna.com\/blog\/muglaya-nasil-gidilir\/#mugla_nerededir\" >Mu\u011fla Nerededir ?<\/a><\/li><li class='ez-toc-page-1 ez-toc-heading-level-2'><a class=\"ez-toc-link ez-toc-heading-2\" href=\"https:\/\/www.turna.com\/blog\/muglaya-nasil-gidilir\/#muglaya_nasil_gidilir\" >Mu\u011fla&#8217;ya Nas\u0131l Gidilir ?<\/a><ul class='ez-toc-list-level-3' ><li class='ez-toc-heading-level-3'><a class=\"ez-toc-link ez-toc-heading-3\" href=\"https:\/\/www.turna.com\/blog\/muglaya-nasil-gidilir\/#muglaya_kara_yolu_ile_ulasim\" >Mu\u011fla&#8217;ya Kara Yolu ile Ula\u015f\u0131m<\/a><\/li><li class='ez-toc-page-1 ez-toc-heading-level-3'><a class=\"ez-toc-link ez-toc-heading-4\" href=\"https:\/\/www.turna.com\/blog\/muglaya-nasil-gidilir\/#muglaya_ucak_ile_ulasim\" >Mu\u011fla&#8217;ya U\u00e7ak ile Ula\u015f\u0131m<\/a><ul class='ez-toc-list-level-4' ><li class='ez-toc-heading-level-4'><a class=\"ez-toc-link ez-toc-heading-5\" href=\"https:\/\/www.turna.com\/blog\/muglaya-nasil-gidilir\/#dalaman_havalimani\" >Dalaman Havaliman\u0131<\/a><\/li><li class='ez-toc-page-1 ez-toc-heading-level-4'><a class=\"ez-toc-link ez-toc-heading-6\" href=\"https:\/\/www.turna.com\/blog\/muglaya-nasil-gidilir\/#bodrum_%e2%80%93_milas_havalimani\" >Bodrum &#8211; Milas Havaliman\u0131<\/a><\/li><\/ul><\/li><\/ul><\/li><li class='ez-toc-page-1 ez-toc-heading-level-2'><a class=\"ez-toc-link ez-toc-heading-7\" href=\"https:\/\/www.turna.com\/blog\/muglaya-nasil-gidilir\/#muglanin_ilceleri\" >Mu\u011fla&#8217;n\u0131n \u0130l\u00e7eleri<\/a><\/li><li class='ez-toc-page-1 ez-toc-heading-level-2'><a class=\"ez-toc-link ez-toc-heading-8\" href=\"https:\/\/www.turna.com\/blog\/muglaya-nasil-gidilir\/#muglaya_ne_zaman_gidilir\" >Mu\u011fla&#8217;ya Ne Zaman Gidilir ?<\/a><\/li><\/ul><\/nav><\/div>\n\n<p>Do\u011fdu\u011fum \u015fehir, ya\u015fad\u0131\u011f\u0131m \u015fehir Mu\u011fla. Aslen Mu\u011flal\u0131 olmayabilirim ama g\u00f6n\u00fclden ba\u011fl\u0131y\u0131m ben bu \u015fehre. T\u00fcm il\u00e7elerine, beldelerine, k\u00f6ylerine ayr\u0131 a\u015f\u0131\u011f\u0131m. Y\u00fczmedi\u011fim bir sahili, kula\u00e7lamad\u0131\u011f\u0131m tek bir koyu kalmas\u0131n istiyorum. \ud83d\ude03 Mu\u011fla&#8217;y\u0131 yaln\u0131zca ben bu kadar seviyor olamam elbette. D\u00fcnyan\u0131n ve T\u00fcrkiye&#8217;nin d\u00f6rt bir yan\u0131ndan misafirlerini a\u011f\u0131rl\u0131yor y\u0131l boyunca bu \u015fehir. O nedenle de <strong>Mu\u011fla&#8217;ya nas\u0131l gidilir<\/strong> ve <strong>Mu\u011fla&#8217;ya ula\u015f\u0131m<\/strong> sorular\u0131 en s\u0131k ara\u015ft\u0131r\u0131lan konu ba\u015fl\u0131klar\u0131 oluyor.<\/p>\n\n\n\n<p>O halde bu yaz\u0131da Mu\u011fla&#8217;ya gitmenin en iyi yolu nedir onu size detayl\u0131ca anlatay\u0131m. Mu\u011fla&#8217;ya havayolu ile ula\u015f\u0131m, karayolu ile ula\u015f\u0131m, Mu\u011fla&#8217;daki havalimanlar\u0131 hakk\u0131nda bildi\u011fim her \u015feyi sizinle payla\u015fay\u0131m. \ud83d\ude42<\/p>\n\n\n\n<h2 class=\"wp-block-heading has-text-align-center has-neeon-button-dark-gray-color has-text-color has-link-color wp-elements-456083b67a88561ee501dafe02798146\"><span class=\"ez-toc-section\" id=\"mugla_nerededir\"><\/span><strong><strong><strong><strong>Mu\u011fla Nerededir ?<\/strong><\/strong><\/strong><\/strong><span class=\"ez-toc-section-end\"><\/span><\/h2>\n\n\n\n<figure class=\"wp-block-image size-large\"><img decoding=\"async\" src=\"https:\/\/res.cloudinary.com\/turna\/image\/upload\/v1646651268\/mu%C4%9Flaya_ula%C5%9F%C4%B1m_wuu6uq.jpg\" alt=\"Mu\u011fla'ya nas\u0131l gidilir\"\/><\/figure>\n\n\n\n<p>Mu\u011fla ilinin Ege B\u00f6lgesinde oldu\u011fu biliniyor. Fakat baz\u0131 il\u00e7eleri Ege&#8217;de baz\u0131 il\u00e7eleri ise Akdeniz&#8217;de yer al\u0131yor. Bu sebeple Mu\u011fla i\u00e7in hem Akdeniz B\u00f6lgesine hem de Ege B\u00f6lgesine ait bir il diyebiliriz. Antalya, Denizli, Burdur, Ayd\u0131n illeri Mu\u011fla&#8217;ya kom\u015fu illerdir. Ve Mu\u011fla \u00fclkemizin en uzun k\u0131y\u0131 \u015feridine sahip.<\/p>\n\n\n\n<h2 class=\"wp-block-heading has-text-align-center has-neeon-button-dark-gray-color has-text-color has-link-color wp-elements-006a5a74ea548aa3f8b31f2143377174\"><span class=\"ez-toc-section\" id=\"muglaya_nasil_gidilir\"><\/span><strong><strong><strong><strong>Mu\u011fla&#8217;ya Nas\u0131l Gidilir ?<\/strong><\/strong><\/strong><\/strong><span class=\"ez-toc-section-end\"><\/span><\/h2>\n\n\n\n<p>Mu\u011fla T\u00fcrkiye&#8217;nin en pop\u00fcler tatil destinasyonlar\u0131ndan biri oldu\u011fu i\u00e7in ula\u015f\u0131m konusunda da olduk\u00e7a geli\u015fmi\u015f se\u00e7enekler oldu\u011funu s\u00f6yleyebilirim. Mu\u011fla&#8217;ya nas\u0131l gidilir sorusuna hem karayolu ile ula\u015f\u0131m, hem de havayolu ile ula\u015f\u0131m ba\u015fl\u0131klar\u0131 alt\u0131nda cevaplar\u0131 s\u0131ralayaca\u011f\u0131m.<\/p>\n\n\n\n<h3 class=\"wp-block-heading has-text-align-center has-neeon-button-dark-gray-color has-text-color has-link-color wp-elements-cf721ac99257e57a326204d5f8fae919\"><span class=\"ez-toc-section\" id=\"muglaya_kara_yolu_ile_ulasim\"><\/span><strong><strong><strong><strong>Mu\u011fla&#8217;ya Kara Yolu ile Ula\u015f\u0131m<\/strong><\/strong><\/strong><\/strong><span class=\"ez-toc-section-end\"><\/span><\/h3>\n\n\n\n<figure class=\"wp-block-image size-large\"><img decoding=\"async\" src=\"https:\/\/res.cloudinary.com\/turna\/image\/upload\/v1646651267\/mu%C4%9Flaya_havayolu_ile_ula%C5%9F%C4%B1m_z3xvid.jpg\" alt=\"Mu\u011fla'ya nas\u0131l gidilir\"\/><\/figure>\n\n\n\n<p>Mu\u011fla&#8217;da gezilecek yerler, il\u00e7eler birbirine uzak mesafelerde yer ald\u0131\u011f\u0131 i\u00e7in e\u011fer gezme ama\u00e7l\u0131 gidiyorsan\u0131z kendi arac\u0131n\u0131zla gitmek mant\u0131kl\u0131 bir tercih olacakt\u0131r. \u00dcstelik yolculuk esnas\u0131nda farkl\u0131 \u015fehirlerden ge\u00e7mek, buralarda mola vermek de yolculu\u011funuzu daha keyifli k\u0131labilir. Mesela \u0130stanbul&#8217;dan Mu\u011fla&#8217;ya giderken hangi \u015fehirlerden ge\u00e7ilir bakal\u0131m. Bursa, Bal\u0131kesir, Akhisar, Manisa, \u0130zmir, Ayd\u0131n \u015fehirlerinden ge\u00e7ip Mu\u011fla&#8217;ya ula\u015f\u0131yorsunuz. Baz\u0131 illerden Mu\u011fla&#8217;ya olan mesafelere de g\u00f6z atal\u0131m.<\/p>\n\n\n\n<p>Mu\u011fla &#8211; Ankara aras\u0131 <strong>601 km<\/strong><\/p>\n\n\n\n<p>Mu\u011fla &#8211; \u0130stanbul aras\u0131 <strong>785 km<\/strong><\/p>\n\n\n\n<p>Mu\u011fla &#8211; \u0130zmir aras\u0131 <strong>228 km<\/strong><\/p>\n\n\n\n<p>Mu\u011fla&#8217;ya ya da Mu\u011fla&#8217;n\u0131n il\u00e7elerine bulundu\u011funuz \u015fehirden otob\u00fcsle de ula\u015fabilirsiniz. Mu\u011fla otob\u00fcs bileti fiyatlar\u0131 i\u00e7in <strong><a href=\"https:\/\/www.turna.com\/otobus-bileti\/mugla\" target=\"_blank\" rel=\"noreferrer noopener\">bu ba\u011flant\u0131ya<\/a><\/strong> mutlaka g\u00f6z at\u0131n. Mu\u011fla \u015fehir merkezi otogara gelirseniz Bodrum&#8217;a, Marmaris&#8217;e, Fethiye&#8217;ye gitmek i\u00e7in Mutta\u015f ya da Hava\u015f ara\u00e7lar\u0131 ile kolayl\u0131kla gidebilirsiniz. Mutta\u015f havaliman\u0131 seferlerine de bakabilirsiniz.<\/p>\n\n\n\n<h3 class=\"wp-block-heading has-text-align-center has-neeon-button-dark-gray-color has-text-color has-link-color wp-elements-26e0a5774ffe39a97fe6381bfc764bd2\"><span class=\"ez-toc-section\" id=\"muglaya_ucak_ile_ulasim\"><\/span><strong><strong><strong><strong>Mu\u011fla&#8217;ya U\u00e7ak ile Ula\u015f\u0131m<\/strong><\/strong><\/strong><\/strong><span class=\"ez-toc-section-end\"><\/span><\/h3>\n\n\n\n<p><strong>Mu\u011fla&#8217;ya nas\u0131l gidilir<\/strong> sorusunun en pratik yan\u0131t\u0131 elbette u\u00e7ak ile oluyor. Mu\u011fla&#8217;da 2 tane havaliman\u0131 bulunuyor. Mu\u011fla&#8217;ya gitmek i\u00e7in hangi havaalan\u0131n\u0131 se\u00e7elim derseniz cevaplara yak\u0131ndan bakal\u0131m.<\/p>\n\n\n\n<p>Bu havalimanlar\u0131ndan \u00e7evre il\u00e7elere ula\u015f\u0131m i\u00e7in <strong>HAVA\u015e<\/strong> ve Mu\u011fla Belediyesi&#8217;nin i\u015fletti\u011fi <strong>MUTTA\u015e<\/strong> firmas\u0131na ait otob\u00fcsleri kullanabilirsiniz.<\/p>\n\n\n\n<h4 class=\"wp-block-heading has-text-align-center has-neeon-button-dark-gray-color has-text-color has-link-color wp-elements-7833bfbb8ab3539da66cdf80e7243bc3\"><span class=\"ez-toc-section\" id=\"dalaman_havalimani\"><\/span><strong><strong><strong><strong>Dalaman Havaliman\u0131<\/strong><\/strong><\/strong><\/strong><span class=\"ez-toc-section-end\"><\/span><\/h4>\n\n\n\n<figure class=\"wp-block-image size-large\"><img decoding=\"async\" src=\"https:\/\/res.cloudinary.com\/turna\/image\/upload\/v1646651266\/mu%C4%9Fla_dalaman_havaliman%C4%B1_ue3tko.jpg\" alt=\"Mu\u011fla'ya nas\u0131l gidilir\"\/><\/figure>\n\n\n\n<p>Mu\u011fla il\u00e7eleri farkl\u0131 konumlarda oldu\u011fu i\u00e7in \u015fehirde 2 ayr\u0131 b\u00f6lgede 2 havaliman\u0131 mevcut. Bunlardan biri Dalaman Havaliman\u0131. E\u011fer tatilinizi Fethiye, K\u00f6yce\u011fiz, Dalyan, Marmaris, Dat\u00e7a b\u00f6lgelerinden birinde ayarlad\u0131ysan\u0131z Dalaman Havaliman\u0131&#8217;na u\u00e7mak sizin i\u00e7in do\u011fru se\u00e7enek olacak. Havaliman\u0131ndan il\u00e7elere yine Mutta\u015f ile ula\u015fabilir ya da transfer hizmetinden faydalanabilirsiniz. <strong><a href=\"https:\/\/www.turna.com\/ucak-bileti\/dalaman\" target=\"_blank\" rel=\"noreferrer noopener\">Dalaman u\u00e7ak bileti<\/a><\/strong> sayfam\u0131zdan biletinizi kolayl\u0131kla alabilirsiniz.<\/p>\n\n\n\n<ul class=\"wp-block-list\">\n<li>Dalaman Havaliman\u0131 konumu <strong><a href=\"https:\/\/g.page\/dalamanairport?share\" target=\"_blank\" rel=\"noreferrer noopener\">burada.<\/a><\/strong><\/li>\n<\/ul>\n\n\n\n<h4 class=\"wp-block-heading has-text-align-center has-neeon-button-dark-gray-color has-text-color has-link-color wp-elements-a69d635c32e98f8bd6e026205401bb92\"><span class=\"ez-toc-section\" id=\"bodrum_%e2%80%93_milas_havalimani\"><\/span><strong><strong><strong><strong>Bodrum &#8211; Milas Havaliman\u0131<\/strong><\/strong><\/strong><\/strong><span class=\"ez-toc-section-end\"><\/span><\/h4>\n\n\n\n<figure class=\"wp-block-image size-large\"><img decoding=\"async\" src=\"https:\/\/res.cloudinary.com\/turna\/image\/upload\/v1646651267\/mu%C4%9Fla_milas_bodrum_havaliman%C4%B1_eyo0d8.jpg\" alt=\"Mu\u011fla'ya nas\u0131l gidilir\"\/><\/figure>\n\n\n\n<p>Milas Havaliman\u0131 Mu\u011fla&#8217;ya ula\u015f\u0131m i\u00e7in en s\u0131k tercih edilen se\u00e7enek. Tatilinizi Bodrum&#8217;da yapacaksan\u0131z Milas Havaliman\u0131&#8217;na u\u00e7man\u0131z mant\u0131kl\u0131 olur. Milas havaliman\u0131 &#8211; Bodrum aras\u0131 mesafe 18 km yakla\u015f\u0131k 20 dk. <strong><a href=\"https:\/\/www.turna.com\/ucak-bileti\/bodrum\" target=\"_blank\" rel=\"noreferrer noopener\">Bodrum u\u00e7ak bileti<\/a><\/strong> fiyatlar\u0131na g\u00f6z atmay\u0131 unutmay\u0131n.<\/p>\n\n\n\n<ul class=\"wp-block-list\">\n<li>Bodrum &#8211; Milas Havaliman\u0131 konumu <strong><a href=\"https:\/\/goo.gl\/maps\/5LdzXmW488taVwBj6\" target=\"_blank\" rel=\"noreferrer noopener\">burada.<\/a><\/strong><\/li>\n<\/ul>\n\n\n\n<h2 class=\"wp-block-heading has-text-align-center has-neeon-button-dark-gray-color has-text-color has-link-color wp-elements-9570388bbf6d537337c1cdf8c01cf042\"><span class=\"ez-toc-section\" id=\"muglanin_ilceleri\"><\/span><strong><strong><strong><strong>Mu\u011fla&#8217;n\u0131n \u0130l\u00e7eleri<\/strong><\/strong><\/strong><\/strong><span class=\"ez-toc-section-end\"><\/span><\/h2>\n\n\n\n<figure class=\"wp-block-image size-large\"><img decoding=\"async\" src=\"https:\/\/res.cloudinary.com\/turna\/image\/upload\/v1646651267\/mu%C4%9Flaya_karayolu_ile_ula%C5%9F%C4%B1m_hxyg6v.jpg\" alt=\"Mu\u011fla'ya nas\u0131l gidilir\"\/><\/figure>\n\n\n\n<p>Mu\u011fla&#8217;n\u0131n <strong>13 il\u00e7esi<\/strong> bulunuyor. \u0130lin toplam n\u00fcfusu 1.000.773 ki\u015fi. 13 il\u00e7e aras\u0131nda toplam n\u00fcfus bak\u0131m\u0131ndan en b\u00fcy\u00fck \u00fc\u00e7 il\u00e7e Bodrum, Fethiye ve Milas. Bu \u00fc\u00e7 il\u00e7e, Mu\u011fla\u2019n\u0131n merkez il\u00e7esi Mente\u015fe\u2019den daha b\u00fcy\u00fck. T\u00fcrkiye\u2019de bu \u00f6zellikte ba\u015fka bir il bulunmuyor.<\/p>\n\n\n\n<p><strong>Mu\u011fla&#8217;n\u0131n \u0130l\u00e7eleri<\/strong><\/p>\n\n\n\n<ol class=\"wp-block-list\">\n<li>Mente\u015fe&nbsp;(Merkez il\u00e7e)<\/li>\n\n\n\n<li>Bodrum<\/li>\n\n\n\n<li>Dalaman<\/li>\n\n\n\n<li>Dat\u00e7a<\/li>\n\n\n\n<li>Fethiye<\/li>\n\n\n\n<li>Kavakl\u0131dere<\/li>\n\n\n\n<li>K\u00f6yce\u011fiz<\/li>\n\n\n\n<li>Marmaris<\/li>\n\n\n\n<li>Milas<\/li>\n\n\n\n<li>Ortaca<\/li>\n\n\n\n<li>Seydikemer<\/li>\n\n\n\n<li>Ula<\/li>\n\n\n\n<li>Yata\u011fan<\/li>\n<\/ol>\n\n\n\n<h2 class=\"wp-block-heading has-text-align-center has-neeon-button-dark-gray-color has-text-color has-link-color wp-elements-645a07a0ab8daabebca8c6ebf3da8c43\"><span class=\"ez-toc-section\" id=\"muglaya_ne_zaman_gidilir\"><\/span><strong><strong><strong><strong>Mu\u011fla&#8217;ya Ne Zaman Gidilir ?<\/strong><\/strong><\/strong><\/strong><span class=\"ez-toc-section-end\"><\/span><\/h2>\n\n\n\n<p>Bu nas\u0131l bir tatil yapmak istedi\u011finizle alakal\u0131 asl\u0131nda. E\u011fer \u015fezlongumda uzanay\u0131m, bol bol y\u00fczeyim, dinleneyim diyorsan\u0131z sizin i\u00e7in en uygun mevsim elbette <strong>yaz aylar\u0131<\/strong>. Ama k\u00fclt\u00fcr turizmi de olsun, gelmi\u015fken biraz gezelim g\u00f6relim derseniz kavurucu s\u0131caklarda gezmenin ne denli zor oldu\u011funu hat\u0131rlatmak isterim. Hem hava biraz daha serinken, hem de a\u015f\u0131r\u0131 kalabal\u0131k de\u011filken gezmek i\u00e7in <strong>May\u0131s ya da Ekim aylar\u0131n\u0131<\/strong> tercih edebilirsiniz.<\/p>\n\n    <div class=\"xs_social_share_widget xs_share_url after_content \t\tmain_content  wslu-style-1 wslu-share-box-shaped wslu-fill-colored wslu-none wslu-share-horizontal wslu-theme-font-no wslu-main_content\">\n\n\t\t\n        <ul>\n\t\t\t        <\/ul>\n    <\/div> \n","protected":false},"excerpt":{"rendered":"<p>Do\u011fdu\u011fum \u015fehir, ya\u015fad\u0131\u011f\u0131m \u015fehir Mu\u011fla. Aslen Mu\u011flal\u0131 olmayabilirim ama g\u00f6n\u00fclden ba\u011fl\u0131y\u0131m ben bu \u015fehre. T\u00fcm il\u00e7elerine, beldelerine, k\u00f6ylerine ayr\u0131 a\u015f\u0131\u011f\u0131m. Y\u00fczmedi\u011fim bir sahili, kula\u00e7lamad\u0131\u011f\u0131m tek bir koyu kalmas\u0131n istiyorum. \ud83d\ude03 Mu\u011fla&#8217;y\u0131 yaln\u0131zca ben bu kadar seviyor olamam elbette. D\u00fcnyan\u0131n ve T\u00fcrkiye&#8217;nin d\u00f6rt bir yan\u0131ndan misafirlerini a\u011f\u0131rl\u0131yor y\u0131l boyunca bu \u015fehir. O nedenle de Mu\u011fla&#8217;ya nas\u0131l gidilir ve Mu\u011fla&#8217;ya ula\u015f\u0131m sorular\u0131 en s\u0131k ara\u015ft\u0131r\u0131lan konu ba\u015fl\u0131klar\u0131 oluyor.<\/p>\n","protected":false},"author":34,"featured_media":20737,"comment_status":"open","ping_status":"open","sticky":false,"template":"","format":"standard","meta":{"rop_custom_images_group":[],"rop_custom_messages_group":[],"rop_publish_now":"initial","rop_publish_now_accounts":[],"rop_publish_now_history":[],"rop_publish_now_status":"pending","_cloudinary_featured_overwrite":false,"footnotes":""},"categories":[2,1852],"tags":[290,359,448],"class_list":["post-20729","post","type-post","status-publish","format-standard","has-post-thumbnail","hentry","category-ulkeler","category-mugla","tag-bodrum","tag-dalaman","tag-mugla"],"_links":{"self":[{"href":"https:\/\/www.turna.com\/blog\/wp-json\/wp\/v2\/posts\/20729","targetHints":{"allow":["GET"]}}],"collection":[{"href":"https:\/\/www.turna.com\/blog\/wp-json\/wp\/v2\/posts"}],"about":[{"href":"https:\/\/www.turna.com\/blog\/wp-json\/wp\/v2\/types\/post"}],"author":[{"embeddable":true,"href":"https:\/\/www.turna.com\/blog\/wp-json\/wp\/v2\/users\/34"}],"replies":[{"embeddable":true,"href":"https:\/\/www.turna.com\/blog\/wp-json\/wp\/v2\/comments?post=20729"}],"version-history":[{"count":0,"href":"https:\/\/www.turna.com\/blog\/wp-json\/wp\/v2\/posts\/20729\/revisions"}],"wp:featuredmedia":[{"embeddable":true,"href":"https:\/\/www.turna.com\/blog\/wp-json\/wp\/v2\/media\/20737"}],"wp:attachment":[{"href":"https:\/\/www.turna.com\/blog\/wp-json\/wp\/v2\/media?parent=20729"}],"wp:term":[{"taxonomy":"category","embeddable":true,"href":"https:\/\/www.turna.com\/blog\/wp-json\/wp\/v2\/categories?post=20729"},{"taxonomy":"post_tag","embeddable":true,"href":"https:\/\/www.turna.com\/blog\/wp-json\/wp\/v2\/tags?post=20729"}],"curies":[{"name":"wp","href":"https:\/\/api.w.org\/{rel}","templated":true}]}}