{"id":20726,"date":"2022-03-14T13:00:00","date_gmt":"2022-03-14T10:00:00","guid":{"rendered":"https:\/\/www.turna.com\/blog\/?p=20726"},"modified":"2025-06-25T17:03:17","modified_gmt":"2025-06-25T14:03:17","slug":"seyahat-cantasinda-olmasi-gerekenler","status":"publish","type":"post","link":"https:\/\/www.turna.com\/blog\/seyahat-cantasinda-olmasi-gerekenler","title":{"rendered":"Seyahat \u00c7antas\u0131nda Olmas\u0131 Gerekenler"},"content":{"rendered":"<div id=\"ez-toc-container\" class=\"ez-toc-v2_0_82_2 counter-hierarchy ez-toc-counter ez-toc-black ez-toc-container-direction\">\n<div class=\"ez-toc-title-container\">\n<p class=\"ez-toc-title\" style=\"cursor:inherit\">\u0130\u00e7indekiler<\/p>\n<span class=\"ez-toc-title-toggle\"><a href=\"#\" class=\"ez-toc-pull-right ez-toc-btn ez-toc-btn-xs ez-toc-btn-default ez-toc-toggle\" aria-label=\"\u0130\u00e7indekiler Tablosunu A\u00e7\/Kapat\"><span class=\"ez-toc-js-icon-con\"><span class=\"\"><span class=\"eztoc-hide\" style=\"display:none;\">Toggle<\/span><span class=\"ez-toc-icon-toggle-span\"><svg style=\"fill: #ffffff;color:#ffffff\" xmlns=\"http:\/\/www.w3.org\/2000\/svg\" class=\"list-377408\" width=\"20px\" height=\"20px\" viewBox=\"0 0 24 24\" fill=\"none\"><path d=\"M6 6H4v2h2V6zm14 0H8v2h12V6zM4 11h2v2H4v-2zm16 0H8v2h12v-2zM4 16h2v2H4v-2zm16 0H8v2h12v-2z\" fill=\"currentColor\"><\/path><\/svg><svg style=\"fill: #ffffff;color:#ffffff\" class=\"arrow-unsorted-368013\" xmlns=\"http:\/\/www.w3.org\/2000\/svg\" width=\"10px\" height=\"10px\" viewBox=\"0 0 24 24\" version=\"1.2\" baseProfile=\"tiny\"><path d=\"M18.2 9.3l-6.2-6.3-6.2 6.3c-.2.2-.3.4-.3.7s.1.5.3.7c.2.2.4.3.7.3h11c.3 0 .5-.1.7-.3.2-.2.3-.5.3-.7s-.1-.5-.3-.7zM5.8 14.7l6.2 6.3 6.2-6.3c.2-.2.3-.5.3-.7s-.1-.5-.3-.7c-.2-.2-.4-.3-.7-.3h-11c-.3 0-.5.1-.7.3-.2.2-.3.5-.3.7s.1.5.3.7z\"\/><\/svg><\/span><\/span><\/span><\/a><\/span><\/div>\n<nav><ul class='ez-toc-list ez-toc-list-level-1 eztoc-toggle-hide-by-default' ><li class='ez-toc-page-1 ez-toc-heading-level-2'><a class=\"ez-toc-link ez-toc-heading-1\" href=\"https:\/\/www.turna.com\/blog\/seyahat-cantasinda-olmasi-gerekenler\/#seyahat_cantasinda_olmasi_gerekenler\" >Seyahat \u00c7antas\u0131nda Olmas\u0131 Gerekenler<\/a><ul class='ez-toc-list-level-3' ><li class='ez-toc-heading-level-3'><a class=\"ez-toc-link ez-toc-heading-2\" href=\"https:\/\/www.turna.com\/blog\/seyahat-cantasinda-olmasi-gerekenler\/#gunes_kremi\" >G\u00fcne\u015f Kremi<\/a><\/li><li class='ez-toc-page-1 ez-toc-heading-level-3'><a class=\"ez-toc-link ez-toc-heading-3\" href=\"https:\/\/www.turna.com\/blog\/seyahat-cantasinda-olmasi-gerekenler\/#gunes_gozlugu\" >G\u00fcne\u015f G\u00f6zl\u00fc\u011f\u00fc<\/a><\/li><li class='ez-toc-page-1 ez-toc-heading-level-3'><a class=\"ez-toc-link ez-toc-heading-4\" href=\"https:\/\/www.turna.com\/blog\/seyahat-cantasinda-olmasi-gerekenler\/#agri_kesici_ve_mide_ilaci\" >A\u011fr\u0131 Kesici ve Mide \u0130lac\u0131<\/a><\/li><li class='ez-toc-page-1 ez-toc-heading-level-3'><a class=\"ez-toc-link ez-toc-heading-5\" href=\"https:\/\/www.turna.com\/blog\/seyahat-cantasinda-olmasi-gerekenler\/#yarabandi\" >Yaraband\u0131<\/a><\/li><li class='ez-toc-page-1 ez-toc-heading-level-3'><a class=\"ez-toc-link ez-toc-heading-6\" href=\"https:\/\/www.turna.com\/blog\/seyahat-cantasinda-olmasi-gerekenler\/#islak_mendil\" >Islak Mendil<\/a><\/li><li class='ez-toc-page-1 ez-toc-heading-level-3'><a class=\"ez-toc-link ez-toc-heading-7\" href=\"https:\/\/www.turna.com\/blog\/seyahat-cantasinda-olmasi-gerekenler\/#deodorant\" >Deodorant<\/a><\/li><li class='ez-toc-page-1 ez-toc-heading-level-3'><a class=\"ez-toc-link ez-toc-heading-8\" href=\"https:\/\/www.turna.com\/blog\/seyahat-cantasinda-olmasi-gerekenler\/#dis_fircasi_ve_macunu\" >Di\u015f F\u0131r\u00e7as\u0131 ve Macunu<\/a><\/li><li class='ez-toc-page-1 ez-toc-heading-level-3'><a class=\"ez-toc-link ez-toc-heading-9\" href=\"https:\/\/www.turna.com\/blog\/seyahat-cantasinda-olmasi-gerekenler\/#sampuan_%e2%80%93_sac_kremi_%e2%80%93_dus_jeli\" >\u015eampuan &#8211; Sa\u00e7 Kremi &#8211; Du\u015f Jeli<\/a><\/li><li class='ez-toc-page-1 ez-toc-heading-level-3'><a class=\"ez-toc-link ez-toc-heading-10\" href=\"https:\/\/www.turna.com\/blog\/seyahat-cantasinda-olmasi-gerekenler\/#yedek_ayakkabi_%e2%80%93_terlik\" >Yedek Ayakkab\u0131 &#8211; Terlik<\/a><\/li><li class='ez-toc-page-1 ez-toc-heading-level-3'><a class=\"ez-toc-link ez-toc-heading-11\" href=\"https:\/\/www.turna.com\/blog\/seyahat-cantasinda-olmasi-gerekenler\/#kimlik_%e2%80%93_telefon_%e2%80%93_cuzdan_%e2%80%93_anahtar\" >Kimlik &#8211; Telefon &#8211; C\u00fczdan &#8211; Anahtar<\/a><\/li><li class='ez-toc-page-1 ez-toc-heading-level-3'><a class=\"ez-toc-link ez-toc-heading-12\" href=\"https:\/\/www.turna.com\/blog\/seyahat-cantasinda-olmasi-gerekenler\/#ucak_otobus_bileti\" >U\u00e7ak \/ Otob\u00fcs Bileti<\/a><\/li><li class='ez-toc-page-1 ez-toc-heading-level-3'><a class=\"ez-toc-link ez-toc-heading-13\" href=\"https:\/\/www.turna.com\/blog\/seyahat-cantasinda-olmasi-gerekenler\/#powerbank_ve_sarj_aletleri\" >Powerbank ve \u015earj Aletleri<\/a><\/li><li class='ez-toc-page-1 ez-toc-heading-level-3'><a class=\"ez-toc-link ez-toc-heading-14\" href=\"https:\/\/www.turna.com\/blog\/seyahat-cantasinda-olmasi-gerekenler\/#kulaklik\" >Kulakl\u0131k<\/a><\/li><li class='ez-toc-page-1 ez-toc-heading-level-3'><a class=\"ez-toc-link ez-toc-heading-15\" href=\"https:\/\/www.turna.com\/blog\/seyahat-cantasinda-olmasi-gerekenler\/#seyahat_yastigi\" >Seyahat Yast\u0131\u011f\u0131<\/a><\/li><\/ul><\/li><li class='ez-toc-page-1 ez-toc-heading-level-2'><a class=\"ez-toc-link ez-toc-heading-16\" href=\"https:\/\/www.turna.com\/blog\/seyahat-cantasinda-olmasi-gerekenler\/#seyahat_cantasinda_olmasi_gereken_diger_esyalar\" >Seyahat \u00c7antas\u0131nda Olmas\u0131 Gereken Di\u011fer E\u015fyalar<\/a><\/li><\/ul><\/nav><\/div>\n\n<p>Yolculuklar hayat\u0131m\u0131z\u0131n her daim vazge\u00e7ilmez bir par\u00e7as\u0131. Gerek i\u015f olsun gerek tatil olsun insano\u011flu ku\u015f misali her zaman bir seyahate \u00e7\u0131kabiliyor. Seyahate \u00e7\u0131karken de haz\u0131rl\u0131kl\u0131 olmak olduk\u00e7a \u00f6nemli. Bir <strong>seyahat \u00e7antas\u0131nda olmas\u0131 gerekenler<\/strong> \u00e7\u0131kt\u0131\u011f\u0131n\u0131z yolculu\u011fun sorunsuz ge\u00e7mesini sa\u011flayan en \u00f6nemli fakt\u00f6r.<\/p>\n\n\n\n<p>Yan\u0131n\u0131zda bulunduraca\u011f\u0131n\u0131z baz\u0131 e\u015fyalar bir \u00e7ok noktada imdad\u0131n\u0131za yeti\u015fiyor. Sorunsuz bir seyahat i\u00e7in a\u015fa\u011f\u0131da tek tek s\u0131ralad\u0131\u011f\u0131m listemi olduk\u00e7a dikkatli okuman\u0131zda fayda var.<\/p>\n\n\n\n<h2 class=\"wp-block-heading has-text-align-center has-neeon-button-dark-gray-color has-text-color has-link-color wp-elements-596ae8033ee737898f14efe3fe1c59ba\"><span class=\"ez-toc-section\" id=\"seyahat_cantasinda_olmasi_gerekenler\"><\/span><strong><strong><strong><strong>Seyahat \u00c7antas\u0131nda Olmas\u0131 Gerekenler<\/strong><\/strong><\/strong><\/strong><span class=\"ez-toc-section-end\"><\/span><\/h2>\n\n\n\n<p>Seyahat \u00f6ncesi hepimizin i\u00e7ini bir tela\u015f bir heyecan kaplar. Hele ki bilinmedik bir yere gidiyorsak bu tela\u015f daha fazla oluyor. Bilinmezli\u011fin verdi\u011fi bu heyecan bazen insana unutkanl\u0131k da getirebiliyor. Tam yolun ortas\u0131nda ahh bunu unuttum deyip kendi kendinize hay\u0131flanabiliyorsunuz.<\/p>\n\n\n\n<p>Ben de sorunsuz bir seyahat ge\u00e7irmeniz i\u00e7in a\u015fa\u011f\u0131da bir <strong>Seyahat \u00c7antas\u0131nda Olmas\u0131 Gerekenler<\/strong> listesini haz\u0131rlayay\u0131m dedim. \u00c7ok fazla detay ekleyip buray\u0131 e\u015fyaya bo\u011fmak istemiyorum. Listemizde mutlaka bir seyahat \u00e7antas\u0131nda olmas\u0131 gerekenler var. \u00c7antan\u0131za fazla e\u015fya koyup y\u00fck\u00fcn\u00fcz\u00fc art\u0131rmaya gerek yok. <strong>Yine de bu listede bu da olmal\u0131 dedi\u011finiz bir \u015fey varsa yorum k\u0131sm\u0131na muhakkak yaz\u0131n.<\/strong><\/p>\n\n\n\n<h3 class=\"wp-block-heading has-text-align-center has-neeon-button-dark-gray-color has-text-color has-link-color wp-elements-3660865f23220d3abb7f9f01e7f6f174\"><span class=\"ez-toc-section\" id=\"gunes_kremi\"><\/span><strong><strong><strong><strong>G\u00fcne\u015f Kremi<\/strong><\/strong><\/strong><\/strong><span class=\"ez-toc-section-end\"><\/span><\/h3>\n\n\n<div class=\"wp-block-image\">\n<figure class=\"aligncenter size-large\"><img decoding=\"async\" src=\"https:\/\/res.cloudinary.com\/turna\/image\/upload\/v1646575371\/g%C3%BCne%C5%9F_kremi_dazurs.jpg\" alt=\"Seyahat \u00c7antas\u0131nda Olmas\u0131 Gerekenler\"\/><\/figure>\n<\/div>\n\n\n<p><strong>G\u00fcne\u015f kremi<\/strong> yaz k\u0131\u015f fark etmez her zaman yan\u0131n\u0131zda olmas\u0131 gereken bir \u015fey. \u00d6zellikle yaz\u0131n deniz tatili yapacaksan\u0131z muhakkak yan\u0131n\u0131zda bulundurman\u0131z gerek.<\/p>\n\n\n\n<p>Her zaman koruyuculu\u011fu daha y\u00fcksek olan y\u00fcksek fakt\u00f6rl\u00fc bir g\u00fcne\u015f kremi alman\u0131z\u0131 tavsiye ederim. Bir de g\u00fcne\u015flenme sonras\u0131 nemlendirici bir krem cildiniz i\u00e7in \u00e7ok faydal\u0131 olacakt\u0131r. Yani nemlendirici de yan\u0131n\u0131zda bulundurun.<\/p>\n\n\n\n<h3 class=\"wp-block-heading has-text-align-center has-neeon-button-dark-gray-color has-text-color has-link-color wp-elements-811acb20f60ee5810b951a5bd255d08b\"><span class=\"ez-toc-section\" id=\"gunes_gozlugu\"><\/span><strong><strong><strong><strong><strong>G\u00fcne\u015f G\u00f6zl\u00fc\u011f\u00fc<\/strong><\/strong><\/strong><\/strong><\/strong><span class=\"ez-toc-section-end\"><\/span><\/h3>\n\n\n<div class=\"wp-block-image\">\n<figure class=\"aligncenter size-large\"><img decoding=\"async\" src=\"https:\/\/res.cloudinary.com\/turna\/image\/upload\/v1646575369\/g%C3%BCne%C5%9F_g%C3%B6zl%C3%BC%C4%9F%C3%BC_cud8yq.jpg\" alt=\"Seyahat \u00c7antas\u0131nda Olmas\u0131 Gerekenler\"\/><\/figure>\n<\/div>\n\n\n<p>Seyahat \u00e7antas\u0131nda olmas\u0131 gerekenler listesinin en ba\u015f\u0131nda olan <strong>g\u00fcne\u015f g\u00f6zl\u00fc\u011f\u00fc<\/strong> g\u00fcne\u015fin zararl\u0131 \u0131\u015f\u0131nlar\u0131ndan korunmak i\u00e7in yan\u0131n\u0131za alman\u0131z gereken e\u015fyalardan biri.<\/p>\n\n\n\n<p>\u00d6zellikle araba kullan\u0131rken g\u00fcne\u015f g\u00f6zl\u00fc\u011f\u00fc kurtar\u0131c\u0131 olabiliyor. Bu konuda m\u00fcmk\u00fcnse polarize bir g\u00f6zl\u00fck alman\u0131z\u0131 tavsiye ederim. Dedi\u011fim gibi araba kullanacaksan\u0131z yan\u0131n\u0131zda g\u00fcne\u015f g\u00f6zl\u00fc\u011f\u00fc kesinlikle bulunsun.<\/p>\n\n\n\n<h3 class=\"wp-block-heading has-text-align-center has-neeon-button-dark-gray-color has-text-color has-link-color wp-elements-b049ba46c570b19296134532af3acc3f\"><span class=\"ez-toc-section\" id=\"agri_kesici_ve_mide_ilaci\"><\/span><strong><strong><strong><strong><strong>A\u011fr\u0131 Kesici ve Mide \u0130lac\u0131<\/strong><\/strong><\/strong><\/strong><\/strong><span class=\"ez-toc-section-end\"><\/span><\/h3>\n\n\n<div class=\"wp-block-image\">\n<figure class=\"aligncenter size-large\"><img decoding=\"async\" src=\"https:\/\/res.cloudinary.com\/turna\/image\/upload\/v1646575378\/ila%C3%A7_kq1esk.jpg\" alt=\"Seyahat \u00c7antas\u0131nda Olmas\u0131 Gerekenler\"\/><\/figure>\n<\/div>\n\n\n<p>Seyahatlerde yol tutmas\u0131, mide bulant\u0131s\u0131 bir \u00e7ok insan\u0131n en b\u00fcy\u00fck derdi olabiliyor. Bu konuda favori <strong>ila\u00e7lar\u0131n\u0131z<\/strong> varsa yan\u0131n\u0131za almay\u0131 kesinlikle unutmay\u0131n.<\/p>\n\n\n\n<p>Ba\u015f a\u011fr\u0131s\u0131 ve yemek sonras\u0131 sindirim i\u00e7in bu ila\u00e7lar seyahatinizin daha konforlu ge\u00e7mesini sa\u011flar. Bunun d\u0131\u015f\u0131nda s\u00fcrekli kulland\u0131\u011f\u0131n\u0131z ila\u00e7lar varsa bunlar\u0131 da yan\u0131n\u0131za almay\u0131 unutmay\u0131n. <\/p>\n\n\n\n<h3 class=\"wp-block-heading has-text-align-center has-neeon-button-dark-gray-color has-text-color has-link-color wp-elements-5474a11ba2e211538938106d543e4eda\"><span class=\"ez-toc-section\" id=\"yarabandi\"><\/span><strong><strong><strong><strong><strong>Yaraband\u0131<\/strong><\/strong><\/strong><\/strong><\/strong><span class=\"ez-toc-section-end\"><\/span><\/h3>\n\n\n<div class=\"wp-block-image\">\n<figure class=\"aligncenter size-large\"><img decoding=\"async\" src=\"https:\/\/res.cloudinary.com\/turna\/image\/upload\/v1646575380\/yaraband%C4%B1_ki2bsz.jpg\" alt=\"seyahatte al\u0131nmas\u0131 gerekenler\"\/><\/figure>\n<\/div>\n\n\n<p>Herhangi ufak bir kazada <strong>yaraband\u0131 <\/strong>bazen \u00e7ok laz\u0131m olabiliyor. Ge\u00e7ici bir \u00e7\u00f6z\u00fcm olsa da k\u00fc\u00e7\u00fck kanamalar\u0131 durdurmak i\u00e7in yaraband\u0131 olduk\u00e7a \u00f6nemli. <\/p>\n\n\n\n<p>\u00d6zellikle do\u011fa y\u00fcr\u00fcy\u00fc\u015flerine \u00e7\u0131kacaksan\u0131z yan\u0131n\u0131za yaraband\u0131 al\u0131n. Bunun d\u0131\u015f\u0131nda ilk yard\u0131m i\u00e7in k\u00fc\u00e7\u00fck bir \u00e7anta olu\u015fturup bu \u00e7antay\u0131 yan\u0131n\u0131za alabilirsiniz. <\/p>\n\n\n\n<h3 class=\"wp-block-heading has-text-align-center has-neeon-button-dark-gray-color has-text-color has-link-color wp-elements-3954a415c9b57fcefbc98d1fb94a7adb\"><span class=\"ez-toc-section\" id=\"islak_mendil\"><\/span><strong><strong><strong><strong><strong>Islak Mendil<\/strong><\/strong><\/strong><\/strong><\/strong><span class=\"ez-toc-section-end\"><\/span><\/h3>\n\n\n<div class=\"wp-block-image\">\n<figure class=\"aligncenter size-large\"><img decoding=\"async\" src=\"https:\/\/res.cloudinary.com\/turna\/image\/upload\/v1646575374\/%C4%B1slak_mendil_rofqwg.jpg\" alt=\"seyahatte al\u0131nmas\u0131 gerekenler\"\/><\/figure>\n<\/div>\n\n\n<p><strong>Islak mendili<\/strong> her yerde kullanabilme kapasitesine sahip bir millet olarak seyahatlerde \u0131slak mendili yan\u0131m\u0131za almazsak olmaz.<\/p>\n\n\n\n<p>Pandemi d\u00f6neminde \u00f6nemi daha \u00e7ok artan \u0131slak mendili lekeleri \u00e7\u0131karmak ve oturdu\u011funuz yeri temizlemek i\u00e7in kullanabilirsiniz. Hele ki bir de \u00e7ocuk varsa \u0131slak mendil kesin \u015fart.<\/p>\n\n\n\n<h3 class=\"wp-block-heading has-text-align-center has-neeon-button-dark-gray-color has-text-color has-link-color wp-elements-d26eb1528dde23671f33aa1c7ccc503a\"><span class=\"ez-toc-section\" id=\"deodorant\"><\/span><strong><strong><strong><strong><strong>Deodorant<\/strong><\/strong><\/strong><\/strong><\/strong><span class=\"ez-toc-section-end\"><\/span><\/h3>\n\n\n<div class=\"wp-block-image\">\n<figure class=\"aligncenter size-large\"><img decoding=\"async\" src=\"https:\/\/res.cloudinary.com\/turna\/image\/upload\/v1646575375\/deodorant_wts8ez.jpg\" alt=\"seyahatte al\u0131nmas\u0131 gerekenler\"\/><\/figure>\n<\/div>\n\n\n<p>Seyahatlerde ciddi efor sergilendi\u011fi i\u00e7in terleme ka\u00e7\u0131n\u0131lmaz son. \u00d6zellikle yaz\u0131n daha \u00e7ok olan terleme i\u00e7in <strong>deodorant<\/strong> \u015fart.<\/p>\n\n\n\n<p>Toplu ula\u015f\u0131m ara\u00e7lar\u0131nda ter kokusu yan\u0131n\u0131zdaki ki\u015fiyi rahats\u0131z edebilir. Dolay\u0131s\u0131yla kimseye rahats\u0131zl\u0131k vermemek i\u00e7in seyahate \u00e7\u0131kmadan \u00f6nce deodorant s\u0131kmay\u0131 ve yan\u0131n\u0131za deodorant almay\u0131 unutmay\u0131n.<\/p>\n\n\n\n<h3 class=\"wp-block-heading has-text-align-center has-neeon-button-dark-gray-color has-text-color has-link-color wp-elements-646dd31ce46009bbca7dd256bc3caab8\"><span class=\"ez-toc-section\" id=\"dis_fircasi_ve_macunu\"><\/span><strong><strong><strong><strong><strong>Di\u015f F\u0131r\u00e7as\u0131 ve Macunu<\/strong><\/strong><\/strong><\/strong><\/strong><span class=\"ez-toc-section-end\"><\/span><\/h3>\n\n\n<div class=\"wp-block-image\">\n<figure class=\"aligncenter size-large\"><img decoding=\"async\" src=\"https:\/\/res.cloudinary.com\/turna\/image\/upload\/v1646575372\/di%C5%9F_f%C4%B1r%C3%A7as%C4%B1_f4avwl.jpg\" alt=\"seyahatte al\u0131nmas\u0131 gerekenler\"\/><\/figure>\n<\/div>\n\n\n<p><strong>Di\u015f f\u0131r\u00e7as\u0131 ve macunu<\/strong> di\u015f temizli\u011fi i\u00e7in seyahatlerde yan\u0131m\u0131za almam\u0131z gereken \u015feylerin en ba\u015f\u0131nda geliyor. <\/p>\n\n\n\n<p>Di\u015f macunu i\u00e7in seyahat boyunda olan ve az yer kaplayan macunlardan alabilirsiniz. Di\u015f f\u0131r\u00e7as\u0131 i\u00e7in ise hijyenik ko\u015fullar i\u00e7in di\u015f f\u0131r\u00e7as\u0131 kaplar\u0131 bulunuyor. Valizinize rahat\u00e7a koymak i\u00e7in bu kaplardan sat\u0131n alabilirsiniz.<\/p>\n\n\n\n<h3 class=\"wp-block-heading has-text-align-center has-neeon-button-dark-gray-color has-text-color has-link-color wp-elements-21636d2a25b16e5b8ff43b10f6abe7cf\"><span class=\"ez-toc-section\" id=\"sampuan_%e2%80%93_sac_kremi_%e2%80%93_dus_jeli\"><\/span><strong><strong><strong><strong><strong>\u015eampuan &#8211; Sa\u00e7 Kremi &#8211; Du\u015f Jeli<\/strong><\/strong><\/strong><\/strong><\/strong><span class=\"ez-toc-section-end\"><\/span><\/h3>\n\n\n<div class=\"wp-block-image\">\n<figure class=\"aligncenter size-large\"><img decoding=\"async\" src=\"https:\/\/res.cloudinary.com\/turna\/image\/upload\/v1646575378\/%C5%9Fampuan_sa%C3%A7_kremi_ufjupu.jpg\" alt=\"seyahatte al\u0131nmas\u0131 gerekenler\"\/><\/figure>\n<\/div>\n\n\n<p>Her ne kadar gitti\u011fimiz yerlerde <strong>\u015fampuan, sa\u00e7 kremi<\/strong> olsa da kendi kulland\u0131\u011f\u0131n\u0131z \u015fampuan ya da sa\u00e7 kremi gibi \u00fcr\u00fcnleri yan\u0131n\u0131za almay\u0131 unutmay\u0131n. \u00c7\u00fcnk\u00fc farkl\u0131 marka kullan\u0131m\u0131 sa\u00e7larda kepek ya da ters etki yapabiliyor.<\/p>\n\n\n\n<p>U\u00e7ak ile seyahate \u00e7\u0131kacaksan\u0131z 100 ml s\u0131n\u0131r\u0131n\u0131 unutmay\u0131n. 100 ml&#8217;lik \u015fi\u015felere kendi \u015fampuan\u0131n\u0131z\u0131 koyup yan\u0131n\u0131za bu \u015fi\u015feleri alabilirsiniz. Aksi takdirde g\u00fcvenlikten ge\u00e7erken bu hijyen \u00fcr\u00fcnlerini \u00e7\u00f6pe atabilirsiniz. Bu durum deodorantlar i\u00e7in de ge\u00e7erli bilginiz olsun.<\/p>\n\n\n\n<h3 class=\"wp-block-heading has-text-align-center has-neeon-button-dark-gray-color has-text-color has-link-color wp-elements-8ed8c9f18a9e14f53c271f7fae29fba4\"><span class=\"ez-toc-section\" id=\"yedek_ayakkabi_%e2%80%93_terlik\"><\/span><strong><strong><strong><strong><strong>Yedek Ayakkab\u0131 &#8211; Terlik<\/strong><\/strong><\/strong><\/strong><\/strong><span class=\"ez-toc-section-end\"><\/span><\/h3>\n\n\n<div class=\"wp-block-image\">\n<figure class=\"aligncenter size-large\"><img decoding=\"async\" src=\"https:\/\/res.cloudinary.com\/turna\/image\/upload\/v1646575381\/ayakkab%C4%B1_d7engo.jpg\" alt=\"seyahate \u00e7\u0131karken al\u0131nmas\u0131 gerekenler\"\/><\/figure>\n<\/div>\n\n\n<p>Her zaman laz\u0131m olabilecek <strong>yedek ayakkab\u0131<\/strong> hem ayak sa\u011fl\u0131\u011f\u0131n\u0131z hem de herhangi bir aksi durumda imdad\u0131n\u0131za yeti\u015fecektir. Az yer kaplayan daha rahat ayakkab\u0131 alman\u0131z a\u011f\u0131rl\u0131k a\u00e7\u0131s\u0131ndan daha rahat olacakt\u0131r.<\/p>\n\n\n\n<p>\u00d6zellikle \u00e7ocukla seyahate \u00e7\u0131kacaksan\u0131z yedek ayakkab\u0131 \u00e7ocuk i\u00e7in \u015fart. Deniz tatili i\u00e7in ise terlik ve deniz ayakkab\u0131s\u0131 ayaklar\u0131n\u0131z\u0131 ta\u015f ya da \u00e7ak\u0131llardan korumak i\u00e7in \u00f6nemli.<\/p>\n\n\n\n<h3 class=\"wp-block-heading has-text-align-center has-neeon-button-dark-gray-color has-text-color has-link-color wp-elements-ddc721f5b8b02afe012d9baacde0520e\"><span class=\"ez-toc-section\" id=\"kimlik_%e2%80%93_telefon_%e2%80%93_cuzdan_%e2%80%93_anahtar\"><\/span><strong><strong><strong><strong><strong>Kimlik &#8211; Telefon &#8211; C\u00fczdan &#8211; Anahtar<\/strong><\/strong><\/strong><\/strong><\/strong><span class=\"ez-toc-section-end\"><\/span><\/h3>\n\n\n<div class=\"wp-block-image\">\n<figure class=\"aligncenter size-large\"><img decoding=\"async\" src=\"https:\/\/res.cloudinary.com\/turna\/image\/upload\/v1646575375\/kimlik_c%C3%BCzdan_ihcvdq.jpg\" alt=\"seyahate \u00e7\u0131karken al\u0131nmas\u0131 gerekenler\"\/><\/figure>\n<\/div>\n\n\n<p>Bu 4&#8217;l\u00fc karde\u015fi almazsan\u0131z seyahatiniz iptal olabilir ya da anlams\u0131z ge\u00e7ebilir. Bu 4&#8217;l\u00fcy\u00fc her zaman akl\u0131n\u0131z\u0131n bir k\u00f6\u015fesinde tutmal\u0131s\u0131n\u0131z.<\/p>\n\n\n\n<p>Kimlik i\u00e7in n\u00fcf\u00fcs c\u00fczdan\u0131 ya da i\u015f yeri kimlik kart\u0131n\u0131z her zaman laz\u0131m olabilir. Yurt d\u0131\u015f\u0131na \u00e7\u0131kacaksan\u0131z pasaportu s\u00f6ylememe gerek bile yok. Ayr\u0131ca T\u00fcrkiye&#8217;de \u00e7ok\u00e7a laz\u0131m olan m\u00fcze kart\u0131n\u0131z\u0131 da seyahatlerde yan\u0131n\u0131za almay\u0131 unutmay\u0131n.<\/p>\n\n\n\n<p>C\u00fczdan derken yan\u0131n\u0131zda her zaman nakit bulundurmay\u0131 unutmay\u0131n. Bo\u015f c\u00fczdan \u00e7ok da i\u015fe yaramaz. \ud83d\ude03<\/p>\n\n\n\n<p>Anahtar i\u00e7in ise ev ya da araban\u0131z varsa anahtar almay\u0131 unutmay\u0131n. Seyahat sonras\u0131 d\u0131\u015far\u0131da kalmak istemezsiniz.<\/p>\n\n\n\n<h3 class=\"wp-block-heading has-text-align-center has-neeon-button-dark-gray-color has-text-color has-link-color wp-elements-85183b32f30defdf6514adf6228fd6ce\"><span class=\"ez-toc-section\" id=\"ucak_otobus_bileti\"><\/span><strong><strong><strong><strong><strong>U\u00e7ak \/ Otob\u00fcs Bileti<\/strong><\/strong><\/strong><\/strong><\/strong><span class=\"ez-toc-section-end\"><\/span><\/h3>\n\n\n<div class=\"wp-block-image\">\n<figure class=\"aligncenter size-large\"><a href=\"https:\/\/www.turna.com\/\"><img decoding=\"async\" src=\"https:\/\/res.cloudinary.com\/turna\/image\/upload\/v1646575379\/u%C3%A7ak_ve_otob%C3%BCs_bileti_qp7psq.jpg\" alt=\"seyahate \u00e7\u0131karken al\u0131nmas\u0131 gerekenler\"\/><\/a><\/figure>\n<\/div>\n\n\n<p>Seyahatiniz i\u00e7in <strong><a href=\"https:\/\/www.turna.com\/ucak-bileti\" target=\"_blank\" rel=\"noreferrer noopener\">u\u00e7ak bileti<\/a><\/strong> ya da <strong><a href=\"https:\/\/www.turna.com\/otobus-bileti\" target=\"_blank\" rel=\"noreferrer noopener\">otob\u00fcs bileti<\/a><\/strong> ald\u0131ysan\u0131z bu biletleri yan\u0131n\u0131zda bulundurmay\u0131 unutmay\u0131n. Her \u015fey art\u0131k dijitale d\u00f6n\u00fc\u015fse de biletiniz bazen laz\u0131m olabiliyor.<\/p>\n\n\n\n<p>Bir \u00e7ok destinasyona ucuz u\u00e7ak bileti i\u00e7in a\u015fa\u011f\u0131daki ba\u011flant\u0131ya g\u00f6z atabilirsiniz.<\/p>\n\n\n\n<p><a href=\"https:\/\/www.turna.com\/kampanyalar\/indirimli-ucak-bileti\">https:\/\/www.turna.com\/kampanyalar\/indirimli-ucak-bileti<\/a><\/p>\n\n\n\n<h3 class=\"wp-block-heading has-text-align-center has-neeon-button-dark-gray-color has-text-color has-link-color wp-elements-eb5ee0da10b2da74da69fcb8c58a90e3\"><span class=\"ez-toc-section\" id=\"powerbank_ve_sarj_aletleri\"><\/span><strong><strong><strong><strong><strong>Powerbank ve \u015earj Aletleri<\/strong><\/strong><\/strong><\/strong><\/strong><span class=\"ez-toc-section-end\"><\/span><\/h3>\n\n\n<div class=\"wp-block-image\">\n<figure class=\"aligncenter size-large\"><img decoding=\"async\" src=\"https:\/\/res.cloudinary.com\/turna\/image\/upload\/v1646575377\/powerbank_ujeoe1.jpg\" alt=\"seyahate \u00e7\u0131karken al\u0131nmas\u0131 gerekenler\"\/><\/figure>\n<\/div>\n\n\n<p>Art\u0131k her \u015fey elektronik \u00fczerinden y\u00fcr\u00fcd\u00fc\u011f\u00fc i\u00e7in \u015farj en \u00f6nemli derdimiz. Ak\u0131ll\u0131 telefonlar\u0131n \u015farj\u0131 da malum hemen bitebiliyor. Dolay\u0131s\u0131yla <strong>\u015farj aleti<\/strong> bizim ayr\u0131lmaz bir par\u00e7am\u0131z oluyor. Ara\u00e7 i\u00e7i olsun normal olsun \u015farj aleti seyahat \u00e7antas\u0131nda olmas\u0131 gerekiyor.<\/p>\n\n\n\n<p>\u015earj aleti olsa da \u015farj edecek yer yoksa o zaman imdada <strong>powerbankler <\/strong>yeti\u015fiyor. \u0130la\u00e7 gibi derdimize ko\u015fan powerbankler yeri geldi\u011finde hayat kurtar\u0131yor. Powerbank i\u00e7in en az 10000 mah powerbank alman\u0131z\u0131 \u015fiddetle tavsiye ederim. <\/p>\n\n\n\n<h3 class=\"wp-block-heading has-text-align-center has-neeon-button-dark-gray-color has-text-color has-link-color wp-elements-9ec59718b6dc69b3b316d1222312c28e\"><span class=\"ez-toc-section\" id=\"kulaklik\"><\/span><strong><strong><strong><strong><strong>Kulakl\u0131k<\/strong><\/strong><\/strong><\/strong><\/strong><span class=\"ez-toc-section-end\"><\/span><\/h3>\n\n\n<div class=\"wp-block-image\">\n<figure class=\"aligncenter size-large\"><img decoding=\"async\" src=\"https:\/\/res.cloudinary.com\/turna\/image\/upload\/v1646575381\/kulakl%C4%B1k_eyet1y.jpg\" alt=\"seyahate \u00e7\u0131karken al\u0131nmas\u0131 gerekenler\"\/><\/figure>\n<\/div>\n\n\n<p>Seyahatlerin en vazge\u00e7ilmez e\u011flencesi m\u00fcziktir. Tek ba\u015f\u0131n\u0131za seyahate \u00e7\u0131k\u0131yorsan\u0131z <strong>kulakl\u0131k<\/strong> ve <strong>m\u00fczik<\/strong> en iyi arkada\u015f\u0131n\u0131z olabilir.<\/p>\n\n\n\n<p>Kulakl\u0131k olarak piyasada bin bir \u00e7e\u015fit \u00fcr\u00fcn bulunuyor. Bu noktada size tavsiyem kablosuz kulak i\u00e7i kulakl\u0131k alman\u0131z olacakt\u0131r. Kullan\u0131m a\u00e7\u0131s\u0131ndan olduk\u00e7a kolay olan bu kulakl\u0131klar her zaman i\u015finize yarayacakt\u0131r.<\/p>\n\n\n\n<h3 class=\"wp-block-heading has-text-align-center has-neeon-button-dark-gray-color has-text-color has-link-color wp-elements-59769a5e38c6976cd00852ad6e962f49\"><span class=\"ez-toc-section\" id=\"seyahat_yastigi\"><\/span><strong><strong><strong><strong><strong>Seyahat Yast\u0131\u011f\u0131<\/strong><\/strong><\/strong><\/strong><\/strong><span class=\"ez-toc-section-end\"><\/span><\/h3>\n\n\n\n<figure class=\"wp-block-image size-large\"><img decoding=\"async\" src=\"https:\/\/res.cloudinary.com\/turna\/image\/upload\/v1646575377\/seyahat_yast%C4%B1%C4%9F%C4%B1_yawjt3.jpg\" alt=\"\"\/><\/figure>\n\n\n\n<p>Otob\u00fcs ya da uzun u\u00e7ak yolculu\u011fu yapacaksan\u0131z <strong>seyahat yast\u0131\u011f\u0131<\/strong> her zaman en b\u00fcy\u00fck destek\u00e7iniz olacakt\u0131r. Tam anlam\u0131yla bu yolculuklarda rahat uyuyamasak da seyahat yast\u0131\u011f\u0131 uykumuzun kalitesini art\u0131rabiliyor.<\/p>\n\n\n\n<p>Boyun a\u011fr\u0131s\u0131 \u00e7ekmemek ve biraz daha rahat uyumak i\u00e7in seyahat yast\u0131\u011f\u0131n\u0131z\u0131 yan\u0131n\u0131za almay\u0131 unutmay\u0131n. Viskonlu yumu\u015fak bir seyahat yast\u0131\u011f\u0131 her zaman daha iyi olacakt\u0131r.<\/p>\n\n\n\n<h2 class=\"wp-block-heading has-text-align-center has-neeon-button-dark-gray-color has-text-color has-link-color wp-elements-f0833441e18138cf0d1f44c347a439bd\"><span class=\"ez-toc-section\" id=\"seyahat_cantasinda_olmasi_gereken_diger_esyalar\"><\/span><strong><strong><strong><strong><strong>Seyahat \u00c7antas\u0131nda Olmas\u0131 Gereken Di\u011fer E\u015fyalar<\/strong><\/strong><\/strong><\/strong><\/strong><span class=\"ez-toc-section-end\"><\/span><\/h2>\n\n\n\n<p>A\u015fa\u011f\u0131da yazaca\u011f\u0131m e\u015fyalar tamamen sizin ihtiyac\u0131n\u0131za g\u00f6re \u015fekillenen e\u015fyalard\u0131r. Seyahate \u00e7\u0131karken \u00e7ok abart\u0131p fazla e\u015fya almay\u0131n. Yaz veya k\u0131\u015f tatiline g\u00f6re ya da gidece\u011finiz yere g\u00f6re de listenizi belirlemeyi unutmay\u0131n.<\/p>\n\n\n\n<ul class=\"wp-block-list\">\n<li>Bolca ti\u015f\u00f6rt<\/li>\n\n\n\n<li>\u00c7orap<\/li>\n\n\n\n<li>Yedek K\u0131yafetler<\/li>\n\n\n\n<li>\u015eort &#8211; Mayo<\/li>\n\n\n\n<li>\u0130\u00e7 \u00c7ama\u015f\u0131r\u0131<\/li>\n\n\n\n<li>\u015eapka &#8211; \u015eal<\/li>\n\n\n\n<li>Omuz ya da S\u0131rt \u00c7antas\u0131<\/li>\n\n\n\n<li>Tarak &#8211; Sa\u00e7 \u015eekillendirici<\/li>\n\n\n\n<li>C\u0131mb\u0131z<\/li>\n\n\n\n<li>T\u0131ra\u015f Makinesi<\/li>\n\n\n\n<li>Du\u015f Lifi<\/li>\n\n\n\n<li>Makyaj Malzemeleriniz<\/li>\n\n\n\n<li>Seyahat Tipi \u00dct\u00fc<\/li>\n\n\n\n<li>Priz D\u00f6n\u00fc\u015ft\u00fcr\u00fcc\u00fc<\/li>\n\n\n\n<li>G\u00f6zl\u00fck Temizleme Bezi<\/li>\n\n\n\n<li>Kalem &#8211; Not Defteri<\/li>\n\n\n\n<li>Kirli Po\u015feti<\/li>\n\n\n\n<li>Ehliyet &#8211; Kredi Kart\u0131<\/li>\n\n\n\n<li>Termos<\/li>\n\n\n\n<li>Sallama \u00c7ay<\/li>\n<\/ul>\n\n    <div class=\"xs_social_share_widget xs_share_url after_content \t\tmain_content  wslu-style-1 wslu-share-box-shaped wslu-fill-colored wslu-none wslu-share-horizontal wslu-theme-font-no wslu-main_content\">\n\n\t\t\n        <ul>\n\t\t\t        <\/ul>\n    <\/div> \n","protected":false},"excerpt":{"rendered":"<p>Yolculuklar hayat\u0131m\u0131z\u0131n her daim vazge\u00e7ilmez bir par\u00e7as\u0131. Gerek i\u015f olsun gerek tatil olsun insano\u011flu ku\u015f misali her zaman bir seyahate \u00e7\u0131kabiliyor. Seyahate \u00e7\u0131karken de haz\u0131rl\u0131kl\u0131 olmak olduk\u00e7a \u00f6nemli. Bir seyahat \u00e7antas\u0131nda olmas\u0131 gerekenler \u00e7\u0131kt\u0131\u011f\u0131n\u0131z yolculu\u011fun sorunsuz ge\u00e7mesini sa\u011flayan en \u00f6nemli fakt\u00f6r. Yan\u0131n\u0131zda bulunduraca\u011f\u0131n\u0131z baz\u0131 e\u015fyalar bir \u00e7ok noktada imdad\u0131n\u0131za yeti\u015fiyor. Sorunsuz bir seyahat i\u00e7in a\u015fa\u011f\u0131da tek tek s\u0131ralad\u0131\u011f\u0131m listemi olduk\u00e7a dikkatli okuman\u0131zda fayda var.<\/p>\n","protected":false},"author":34,"featured_media":20736,"comment_status":"open","ping_status":"open","sticky":false,"template":"","format":"standard","meta":{"rop_custom_images_group":[],"rop_custom_messages_group":[],"rop_publish_now":"initial","rop_publish_now_accounts":[],"rop_publish_now_history":[],"rop_publish_now_status":"pending","_cloudinary_featured_overwrite":false,"footnotes":""},"categories":[1],"tags":[2459,2829,2456,1173,2514,2780,978,2472],"class_list":["post-20726","post","type-post","status-publish","format-standard","has-post-thumbnail","hentry","category-seyahat-rehberi","tag-caracas","tag-gunsan-korea-republic-of","tag-irkutsk","tag-luanda","tag-manaus","tag-santa-marta","tag-seyahat-rehberi","tag-skelleftea"],"_links":{"self":[{"href":"https:\/\/www.turna.com\/blog\/wp-json\/wp\/v2\/posts\/20726","targetHints":{"allow":["GET"]}}],"collection":[{"href":"https:\/\/www.turna.com\/blog\/wp-json\/wp\/v2\/posts"}],"about":[{"href":"https:\/\/www.turna.com\/blog\/wp-json\/wp\/v2\/types\/post"}],"author":[{"embeddable":true,"href":"https:\/\/www.turna.com\/blog\/wp-json\/wp\/v2\/users\/34"}],"replies":[{"embeddable":true,"href":"https:\/\/www.turna.com\/blog\/wp-json\/wp\/v2\/comments?post=20726"}],"version-history":[{"count":0,"href":"https:\/\/www.turna.com\/blog\/wp-json\/wp\/v2\/posts\/20726\/revisions"}],"wp:featuredmedia":[{"embeddable":true,"href":"https:\/\/www.turna.com\/blog\/wp-json\/wp\/v2\/media\/20736"}],"wp:attachment":[{"href":"https:\/\/www.turna.com\/blog\/wp-json\/wp\/v2\/media?parent=20726"}],"wp:term":[{"taxonomy":"category","embeddable":true,"href":"https:\/\/www.turna.com\/blog\/wp-json\/wp\/v2\/categories?post=20726"},{"taxonomy":"post_tag","embeddable":true,"href":"https:\/\/www.turna.com\/blog\/wp-json\/wp\/v2\/tags?post=20726"}],"curies":[{"name":"wp","href":"https:\/\/api.w.org\/{rel}","templated":true}]}}