{"id":20704,"date":"2022-03-15T13:00:00","date_gmt":"2022-03-15T10:00:00","guid":{"rendered":"https:\/\/www.turna.com\/blog\/?p=20704"},"modified":"2025-12-09T17:45:50","modified_gmt":"2025-12-09T14:45:50","slug":"denizli-tavas-gezilecek-yerler","status":"publish","type":"post","link":"https:\/\/www.turna.com\/blog\/denizli-tavas-gezilecek-yerler","title":{"rendered":"Denizli Tavas Gezilecek Yerler | Tavas&#8217;\u0131n En G\u00fczel 11 Yeri"},"content":{"rendered":"<div id=\"ez-toc-container\" class=\"ez-toc-v2_0_82_2 counter-hierarchy ez-toc-counter ez-toc-black ez-toc-container-direction\">\n<div class=\"ez-toc-title-container\">\n<p class=\"ez-toc-title\" style=\"cursor:inherit\">\u0130\u00e7indekiler<\/p>\n<span class=\"ez-toc-title-toggle\"><a href=\"#\" class=\"ez-toc-pull-right ez-toc-btn ez-toc-btn-xs ez-toc-btn-default ez-toc-toggle\" aria-label=\"\u0130\u00e7indekiler Tablosunu A\u00e7\/Kapat\"><span class=\"ez-toc-js-icon-con\"><span class=\"\"><span class=\"eztoc-hide\" style=\"display:none;\">Toggle<\/span><span class=\"ez-toc-icon-toggle-span\"><svg style=\"fill: #ffffff;color:#ffffff\" xmlns=\"http:\/\/www.w3.org\/2000\/svg\" class=\"list-377408\" width=\"20px\" height=\"20px\" viewBox=\"0 0 24 24\" fill=\"none\"><path d=\"M6 6H4v2h2V6zm14 0H8v2h12V6zM4 11h2v2H4v-2zm16 0H8v2h12v-2zM4 16h2v2H4v-2zm16 0H8v2h12v-2z\" fill=\"currentColor\"><\/path><\/svg><svg style=\"fill: #ffffff;color:#ffffff\" class=\"arrow-unsorted-368013\" xmlns=\"http:\/\/www.w3.org\/2000\/svg\" width=\"10px\" height=\"10px\" viewBox=\"0 0 24 24\" version=\"1.2\" baseProfile=\"tiny\"><path d=\"M18.2 9.3l-6.2-6.3-6.2 6.3c-.2.2-.3.4-.3.7s.1.5.3.7c.2.2.4.3.7.3h11c.3 0 .5-.1.7-.3.2-.2.3-.5.3-.7s-.1-.5-.3-.7zM5.8 14.7l6.2 6.3 6.2-6.3c.2-.2.3-.5.3-.7s-.1-.5-.3-.7c-.2-.2-.4-.3-.7-.3h-11c-.3 0-.5.1-.7.3-.2.2-.3.5-.3.7s.1.5.3.7z\"\/><\/svg><\/span><\/span><\/span><\/a><\/span><\/div>\n<nav><ul class='ez-toc-list ez-toc-list-level-1 eztoc-toggle-hide-by-default' ><ul class='ez-toc-list-level-3' ><li class='ez-toc-heading-level-3'><a class=\"ez-toc-link ez-toc-heading-1\" href=\"https:\/\/www.turna.com\/blog\/denizli-tavas-gezilecek-yerler\/#tavasin_neyi_meshur\" >Tavas&#8217;\u0131n Neyi Me\u015fhur<\/a><\/li><\/ul><\/li><li class='ez-toc-page-1 ez-toc-heading-level-2'><a class=\"ez-toc-link ez-toc-heading-2\" href=\"https:\/\/www.turna.com\/blog\/denizli-tavas-gezilecek-yerler\/#tavas_gezilecek_yerler\" >Tavas Gezilecek Yerler<\/a><ul class='ez-toc-list-level-3' ><li class='ez-toc-heading-level-3'><a class=\"ez-toc-link ez-toc-heading-3\" href=\"https:\/\/www.turna.com\/blog\/denizli-tavas-gezilecek-yerler\/#sebastopolis_antik_kenti\" >Sebastopolis Antik Kenti<\/a><\/li><li class='ez-toc-page-1 ez-toc-heading-level-3'><a class=\"ez-toc-link ez-toc-heading-4\" href=\"https:\/\/www.turna.com\/blog\/denizli-tavas-gezilecek-yerler\/#heraklia_salbace_antik_kenti\" >Heraklia Salbace Antik Kenti<\/a><\/li><li class='ez-toc-page-1 ez-toc-heading-level-3'><a class=\"ez-toc-link ez-toc-heading-5\" href=\"https:\/\/www.turna.com\/blog\/denizli-tavas-gezilecek-yerler\/#kizilcaboluk_kasabasi\" >K\u0131z\u0131lcab\u00f6l\u00fck Kasabas\u0131<\/a><\/li><li class='ez-toc-page-1 ez-toc-heading-level-3'><a class=\"ez-toc-link ez-toc-heading-6\" href=\"https:\/\/www.turna.com\/blog\/denizli-tavas-gezilecek-yerler\/#barza\" >Barza<\/a><\/li><li class='ez-toc-page-1 ez-toc-heading-level-3'><a class=\"ez-toc-link ez-toc-heading-7\" href=\"https:\/\/www.turna.com\/blog\/denizli-tavas-gezilecek-yerler\/#tavas_ovacik_koyu_carsi_camii\" >Tavas Ovac\u0131k K\u00f6y\u00fc \u00c7ar\u015f\u0131 Camii<\/a><\/li><li class='ez-toc-page-1 ez-toc-heading-level-3'><a class=\"ez-toc-link ez-toc-heading-8\" href=\"https:\/\/www.turna.com\/blog\/denizli-tavas-gezilecek-yerler\/#tavas_su_kemerleri\" >Tavas Su Kemerleri<\/a><\/li><li class='ez-toc-page-1 ez-toc-heading-level-3'><a class=\"ez-toc-link ez-toc-heading-9\" href=\"https:\/\/www.turna.com\/blog\/denizli-tavas-gezilecek-yerler\/#medet_hoyugu\" >Medet H\u00f6y\u00fc\u011f\u00fc<\/a><\/li><li class='ez-toc-page-1 ez-toc-heading-level-3'><a class=\"ez-toc-link ez-toc-heading-10\" href=\"https:\/\/www.turna.com\/blog\/denizli-tavas-gezilecek-yerler\/#mestan_aga_cami\" >Mestan A\u011fa Cami<\/a><\/li><li class='ez-toc-page-1 ez-toc-heading-level-3'><a class=\"ez-toc-link ez-toc-heading-11\" href=\"https:\/\/www.turna.com\/blog\/denizli-tavas-gezilecek-yerler\/#tavas_sofular_koyu_cami\" >Tavas Sofular K\u00f6y\u00fc Cami<\/a><\/li><li class='ez-toc-page-1 ez-toc-heading-level-3'><a class=\"ez-toc-link ez-toc-heading-12\" href=\"https:\/\/www.turna.com\/blog\/denizli-tavas-gezilecek-yerler\/#tavas_hirka_camii\" >Tavas H\u0131rka Camii<\/a><\/li><\/ul><\/li><\/ul><\/nav><\/div>\n\n<p><strong>Tavas gezilecek yerler<\/strong> yaz\u0131m\u0131za Tavas&#8217;\u0131 tan\u0131yarak ba\u015flayal\u0131m. <strong>Tavas nas\u0131l bir yer<\/strong> diye soranlara, bence Tavas Denizli&#8217;nin en g\u00fczel il\u00e7elerinden biri. Neden mi ? \u00c7\u00fcnk\u00fc do\u011fan\u0131n e\u015fsiz g\u00fczellikleri tarihin derin izleri ile bulu\u015fuyor burada. K\u00fclt\u00fcrel de\u011ferler birbirinden renkli gelenek ve g\u00f6reneklerle bir arada harmanlanm\u0131\u015f bu k\u00f6kl\u00fc ve kadim il\u00e7ede.<\/p>\n\n\n\n<p>Tavas s\u0131n\u0131rlar\u0131 i\u00e7inde bulunan h\u00f6y\u00fck d\u00fczenindeki yerle\u015fimler, b\u00f6lge tarihinin Prehistorik D\u00f6nem&#8217;e kadar uzand\u0131\u011f\u0131n\u0131 g\u00f6steriyor. Y\u00f6re, 12. ve 13. y\u00fczy\u0131llarda T\u00fcrkmenler&#8217;in Karia B\u00f6lgesi&#8217;ne yapm\u0131\u015f oldu\u011fu ak\u0131nlarla T\u00fcrkle\u015fmi\u015f.<\/p>\n\n\n\n<p>Tavas, ad\u0131n\u0131 13. as\u0131rda kurulmu\u015f ve merkezi H\u0131rka K\u00f6y\u00fc olan Tavasl\u0131o\u011flu Beyli\u011fi&#8217;nden alm\u0131\u015f. O y\u0131llarda \u015fu andaki il\u00e7e merkezinin bulundu\u011fu yer ise Yarang\u00fcme olarak adland\u0131r\u0131lm\u0131\u015f. Anadolu&#8217;da &#8216;yaranl\u0131k&#8217;, &#8216;yolda\u015fl\u0131k&#8217; anlam\u0131nda kullan\u0131lan bu kelime, ayn\u0131 zamanda Tavasl\u0131 olmay\u0131 ifade ediyor. \u00c7ok anlaml\u0131 de\u011fil mi? \ud83d\ude42<\/p>\n\n\n\n<h3 class=\"wp-block-heading has-text-align-center has-neeon-button-dark-gray-color has-text-color has-link-color wp-elements-5cc19f10be67915317f7be5287d6bc55\"><span class=\"ez-toc-section\" id=\"tavasin_neyi_meshur\"><\/span><strong><strong><strong>Tavas&#8217;\u0131n Neyi Me\u015fhur<\/strong><\/strong><\/strong><span class=\"ez-toc-section-end\"><\/span><\/h3>\n\n\n\n<p><strong>Denizli Tavas&#8217;\u0131n Neyi Me\u015fhur?<\/strong><\/p>\n\n\n\n<ul class=\"wp-block-list\">\n<li>Tavas Zeybe\u011fi<\/li>\n\n\n\n<li>Tavas Pidesi<\/li>\n\n\n\n<li>Tavas Kebab\u0131<\/li>\n\n\n\n<li>Tavas Baklavas\u0131<\/li>\n\n\n\n<li>Tavas El \u0130\u015flemeleri<\/li>\n<\/ul>\n\n\n\n<p>Tavas y\u00fcksekleri mekan edinen efelerin diyar\u0131d\u0131r. Efelerin me\u015fhur oyunu zeybek &#8216;zeybek&#8217; ise bu il\u00e7e i\u00e7in her zaman \u00f6zel bir anlam ifade etmi\u015f. <strong>Tavas Zeybe\u011fi<\/strong> k\u00f6keninde efelerin kahramanl\u0131\u011f\u0131n\u0131 anlat\u0131yor. Haks\u0131zl\u0131\u011fa kar\u015f\u0131 \u00e7\u0131kan, zenginden ald\u0131\u011f\u0131n\u0131 fakire da\u011f\u0131tan efelerin \u00f6yk\u00fcs\u00fc Tavas Zeybe\u011fi. Seyrine doyum olmayan bir oyun.<\/p>\n\n\n\n<p><strong>Tavas pidesi<\/strong> me\u015fhur ama i\u00e7lerinde ba\u015frol tahinli pideye ait. Tavasl\u0131lar bu pideye &#8220;i\u00e7li-d\u0131\u015fl\u0131&#8221; diyor. Tahin ile hamur bulu\u015fuyor ve odun ate\u015finde i\u00e7in i\u00e7in pi\u015fiyor. Bal ve cevizle de bulu\u015funca damak \u00e7atlat\u0131yor. <strong>Tavas baklavas\u0131<\/strong> yapmak ise ayr\u0131 bir zanaat. 40 kat yufkan\u0131n her s\u0131ras\u0131na d\u00f6k\u00fclen cevizlerin \u015ferbetle bulu\u015fmas\u0131 unutulmayacak bir lezzete d\u00f6n\u00fc\u015f\u00fcyor ve <strong>Tavas&#8217;ta ne<\/strong> <strong>yenir<\/strong> sorusuna da cevap oluyor.<\/p>\n\n\n\n<p>Pek \u00e7ok Tavasl\u0131 kad\u0131n i\u011fnelerle, tel ve gergefle i\u00e7li d\u0131\u015fl\u0131d\u0131r. Bu durum sayesinde il\u00e7edeki her ev adeta bir atolye gibi i\u015fliyor. \u0130l\u00e7enin en me\u015fhuru tel k\u0131rmas\u0131yla i\u015flenen motifler birer sanat eseri.  <\/p>\n\n\n\n<h2 class=\"wp-block-heading has-text-align-center has-neeon-button-dark-gray-color has-text-color has-link-color wp-elements-d5fdde0209f352f3601478b46c7c435e\"><span class=\"ez-toc-section\" id=\"tavas_gezilecek_yerler\"><\/span><strong><strong><strong>Tavas Gezilecek Yerler<\/strong><\/strong><\/strong><span class=\"ez-toc-section-end\"><\/span><\/h2>\n\n\n\n<p><strong>Tavas Gezilecek Yerler Listesi<\/strong><\/p>\n\n\n\n<ol class=\"wp-block-list\">\n<li>Sebastopolis Antik Kenti<\/li>\n\n\n\n<li>Ba\u011f Pazar\u0131 Mesire Alan\u0131<\/li>\n\n\n\n<li>Heraklia Salbace Antik Kenti<\/li>\n\n\n\n<li>K\u0131z\u0131lcab\u00f6l\u00fck Kasabas\u0131<\/li>\n\n\n\n<li>Barza<\/li>\n\n\n\n<li>Tavas Ovac\u0131k K\u00f6y\u00fc Camisi<\/li>\n\n\n\n<li>Tavas Su Kemerleri<\/li>\n\n\n\n<li>Medet H\u00f6y\u00fc\u011f\u00fc<\/li>\n\n\n\n<li>Mestan A\u011fa Cami<\/li>\n\n\n\n<li>Tavas Sofular K\u00f6y\u00fc Cami<\/li>\n\n\n\n<li>Tavas H\u0131rka Camii<\/li>\n<\/ol>\n\n\n\n<h3 class=\"wp-block-heading has-text-align-center has-neeon-button-dark-gray-color has-text-color has-link-color wp-elements-e14366700984473b743e509926d7a673\"><span class=\"ez-toc-section\" id=\"sebastopolis_antik_kenti\"><\/span><strong><strong><strong><strong>Sebastopolis Antik Kenti<\/strong><\/strong><\/strong><\/strong><span class=\"ez-toc-section-end\"><\/span><\/h3>\n\n\n\n<figure class=\"wp-block-image size-large\"><img decoding=\"async\" src=\"https:\/\/res.cloudinary.com\/turna\/image\/upload\/v1646501324\/tavas_gezilecek_yerler_sebastopolis_antik_kenti_ydg3ms.jpg\" alt=\"tavas gezilecek yerler\"\/><\/figure>\n\n\n\n<p>Tavas gezilecek yerleri anlatmaya gezmeyi en \u00e7ok sevdi\u011fi antik kentlerden ba\u015fl\u0131yorum. Sebastopolis Antik Kenti&#8217;nde geni\u015f yerle\u015fim izleri bulunuyor ancak y\u00fczeyde yap\u0131 dokular\u0131n\u0131 tesbit etmek pek m\u00fcmk\u00fcn de\u011fil. Yap\u0131lar\u0131n baz\u0131 b\u00f6l\u00fcmleri y\u00fczeyde izleniyor ve g\u00f6r\u00fcl\u00fcyor.<\/p>\n\n\n\n<p>Kentin b\u00fcy\u00fck b\u00f6l\u00fcm\u00fc erozyon nedeniyle toprak alt\u0131nda kalm\u0131\u015f. Antik kentin ilk kurulu\u015f tarihi bilinmiyor. Y\u00fczeydeki kal\u0131nt\u0131lar ise Roma ve Bizans d\u00f6nemlerine ait. Sebastapolis Antik Kenti&#8217;nde g\u00f6rebilece\u011finiz kal\u0131nt\u0131lar, H\u00f6y\u00fck Tepesi, stadyum ve nekropold\u00fcr.<\/p>\n\n\n\n<h3 class=\"wp-block-heading has-text-align-center has-neeon-button-dark-gray-color has-text-color has-link-color wp-elements-fbe2fd7b028e72108b36e4a850f79876\"><span class=\"ez-toc-section\" id=\"heraklia_salbace_antik_kenti\"><\/span><strong><strong><strong><strong>Heraklia Salbace Antik Kenti<\/strong><\/strong><\/strong><\/strong><span class=\"ez-toc-section-end\"><\/span><\/h3>\n\n\n\n<figure class=\"wp-block-image size-large\"><img decoding=\"async\" src=\"https:\/\/res.cloudinary.com\/turna\/image\/upload\/v1646501321\/heraklia_salbace_antik_kenti_wt6pc8.jpg\" alt=\"tavas gezilecek yerler\"\/><figcaption class=\"wp-element-caption\">Tavas Gezilecek Yerler-Herakleia Salbace Antik Kenti<\/figcaption><\/figure>\n\n\n\n<p><strong>Herakleia Salbace Antik Kenti<\/strong> de Denizli Tavas gezilecek yerler listesinde olan \u00f6nemli yerlerden.&nbsp;Kentin bir k\u0131sm\u0131n\u0131n \u00fczerinde k\u00f6y yerle\u015fimi bulunuyor. Antik kentin y\u00f6netim alan\u0131, Aphrodisias\u2019a kom\u015fu olan k\u00fc\u00e7\u00fck Timelos nehri ile s\u0131n\u0131rland\u0131r\u0131lm\u0131\u015f. Bu nedenle hem Aphrodisias\u2019\u0131n, hem de Herakleia\u2019n\u0131n nehir tanr\u0131s\u0131&nbsp;Timelos olmu\u015f. Bu tanr\u0131 her iki antik kentin Roma \u0130mparatorlu\u011fu sikkeleri \u00fczerinde g\u00f6sterilmi\u015f. Kentin ad\u0131 sikkelerin \u00fczerinde&nbsp;<strong>Herakleton<\/strong>&nbsp;olarak ge\u00e7iyor.<\/p>\n\n\n\n<p>Ad\u0131ndan da anla\u015f\u0131laca\u011f\u0131 \u00fczere kent yar\u0131 tanr\u0131 olan&nbsp;Herakles&nbsp;ad\u0131na kurulmu\u015f. Antik kentin kurulu\u015f tarihi tam olarak bilinmiyor. B\u00f6lge Bizans d\u00f6neminden sonra 12. y\u00fczy\u0131l itibariyle T\u00fcrklerin eline ge\u00e7mi\u015f.<\/p>\n\n\n\n<p>Yaz\u0131tlardan ve antik kaynaklardan \u00f6\u011frenilen bilgilere g\u00f6re; Herakleia Salbace\u2019de t\u0131p bilimi \u00e7ok ilerlemi\u015f. Herakleia Salbace Antik Kenti g\u00fc\u00e7 tanr\u0131s\u0131 Herakles ad\u0131na kurulmu\u015f olsa da, kentin ba\u015f tanr\u0131s\u0131n\u0131n Asklepios ve kar\u0131s\u0131 Hygeia olmas\u0131 kentin t\u0131p alan\u0131nda ne kadar ileriye gitti\u011fini g\u00f6steriyor. Ayr\u0131ca burada yeti\u015fen doktorlar t\u00fcm d\u00fcnyada \u00fcn salm\u0131\u015flar. Kentte kabartmalar ve heykeller \u00fczerinde sa\u011fl\u0131k tanr\u0131s\u0131 Asklepios ve kar\u0131s\u0131 Hygeia s\u0131k\u00e7a betimlenmi\u015f.<\/p>\n\n\n\n<p>G\u00fcn\u00fcm\u00fczde antik kent \u00fczerinde Vak\u0131f K\u00f6y\u00fc bulundu\u011fu i\u00e7in fazlaca bir kal\u0131nt\u0131 g\u00f6ze \u00e7arpm\u0131yor. Buna ra\u011fmen kentin sur duvarlar\u0131n\u0131, stadyumunu ve tan\u0131mlanamayan baz\u0131 yap\u0131lar\u0131n\u0131 g\u00f6rebilirsiniz.<\/p>\n\n\n\n<h3 class=\"wp-block-heading has-text-align-center has-neeon-button-dark-gray-color has-text-color has-link-color wp-elements-5c4057298914ddda6fc5c4ba0ef567c5\"><span class=\"ez-toc-section\" id=\"kizilcaboluk_kasabasi\"><\/span><strong><strong><strong><strong>K\u0131z\u0131lcab\u00f6l\u00fck K<\/strong>asabas\u0131<\/strong><\/strong><\/strong><span class=\"ez-toc-section-end\"><\/span><\/h3>\n\n\n\n<figure class=\"wp-block-image size-large\"><img decoding=\"async\" src=\"https:\/\/res.cloudinary.com\/turna\/image\/upload\/v1646501324\/tavas_k%C4%B1z%C4%B1lcab%C3%B6l%C3%BCk_kasabas%C4%B1_mmekcl.jpg\" alt=\"tavas gezilecek yerler\"\/><\/figure>\n\n\n\n<p>Tavas gezilecek yerler listemize K\u0131z\u0131lcab\u00f6l\u00fck kasabas\u0131 ile devam edelim. Buras\u0131 Orta Asya&#8217;dan g\u00f6\u00e7 edip gelen Av\u015farlar\u0131n kurdu\u011fu bir yerle\u015fim yeri. Rivayete g\u00f6re beyin \u00fc\u00e7 o\u011flundan biri&nbsp;Serinhisar&#8217;a yerle\u015fmi\u015f, ikinci o\u011flu&nbsp;K\u0131z\u0131lca&nbsp;Kasabas\u0131nda kalm\u0131\u015f, Bey ile \u00fc\u00e7\u00fcnc\u00fc o\u011flu da K\u0131z\u0131lcab\u00f6l\u00fck Kasabas\u0131n\u0131n temellerini atm\u0131\u015flar.<\/p>\n\n\n\n<p>Ya\u015fl\u0131lardan ve yaz\u0131l\u0131 kaynaklardan \u00f6\u011frenilenlere g\u00f6re kasaban\u0131n ad\u0131 hakk\u0131nda baz\u0131 bilgiler bulunuyor. Kasaba kurulurken da\u011f\u0131n\u0131k olarak kurulmu\u015f ve \u201cB\u00f6l\u00fck\u201d olarak adland\u0131r\u0131lm\u0131\u015f. Ve kasabaya da k\u0131z\u0131l toprakl\u0131lar\u0131n yerle\u015fti\u011fi yer anlam\u0131na gelen \u201cKIZILCAB\u00d6L\u00dcK\u201d ad\u0131 verilmi\u015f.<\/p>\n\n\n\n<p>Ben geliyorken sen gidiyordun atas\u00f6z\u00fcn\u00fc K\u0131z\u0131lcab\u00f6l\u00fck a\u011fz\u0131ndan duymak ister misiniz ? Ben gelip oturuken sen gidip y\u00f6r\u00fcd\u00fcn. \ud83d\ude03 Kendine has bir \u015fivesi ve candan insanlar\u0131 olan bu \u015firin kasabay\u0131 Tavas b\u00f6lgesine yolunuz d\u00fc\u015ft\u00fc\u011f\u00fcnde muhakkak ziyaret edin.<\/p>\n\n\n\n<h3 class=\"wp-block-heading has-text-align-center has-neeon-button-dark-gray-color has-text-color has-link-color wp-elements-170955cec1fa3948991d6e957a9b8cf6\"><span class=\"ez-toc-section\" id=\"barza\"><\/span><strong><strong><strong>Barza<\/strong><\/strong><\/strong><span class=\"ez-toc-section-end\"><\/span><\/h3>\n\n\n\n<p>Barza, Tavas&#8217;ta bulunan bir ova. Barza ovas\u0131 olarak ge\u00e7en bu alan bir\u00e7ok k\u00f6ye de ev sahipli\u011fi yap\u0131yor. Burada bulunan baz\u0131 antik kal\u0131nt\u0131lar nedeniyle ilginizi \u00e7ekebilir. Bu kal\u0131nt\u0131lar, Yorga K\u00f6y\u00fc s\u0131n\u0131rlar\u0131 i\u00e7inde bulunuyor. Roma devrine ait bu kal\u0131nt\u0131lar y\u0131k\u0131k durumda. 1945-1950 y\u0131llar\u0131nda b\u00f6lgede incelemelerde bulunan arkeologlar k\u00f6yde bulunan kabristan ve cami avlusundaki antik \u015fehir kal\u0131nt\u0131lar\u0131n\u0131 incelemi\u015f. Ve buran\u0131n b\u00fcy\u00fck bir yerle\u015fimin merkezi oldu\u011funu belirtmi\u015fler.<\/p>\n\n\n\n<h3 class=\"wp-block-heading has-text-align-center has-neeon-button-dark-gray-color has-text-color has-link-color wp-elements-386febfc59abc9e31fd8c1e94e479c03\"><span class=\"ez-toc-section\" id=\"tavas_ovacik_koyu_carsi_camii\"><\/span><strong><strong><strong><strong>Tavas Ovac\u0131k K\u00f6y\u00fc \u00c7ar\u015f\u0131 Cami<\/strong>i<\/strong><\/strong><\/strong><span class=\"ez-toc-section-end\"><\/span><\/h3>\n\n\n\n<figure class=\"wp-block-image size-large\"><img decoding=\"async\" src=\"https:\/\/res.cloudinary.com\/turna\/image\/upload\/v1646501323\/tavas_ovac%C4%B1k_camii_fdglul.jpg\" alt=\"tavas gezilecek yerler\"\/><\/figure>\n\n\n\n<p>Tavas il\u00e7esi, Orta Mahalle, Basmac\u0131lar Sokakta bulunuyor \u00c7ar\u015f\u0131 Cami.&nbsp;Himmet o\u011flu Hac\u0131 Hasan Vakf\u0131 ad\u0131na kay\u0131tl\u0131. Minarenin kap\u0131s\u0131 \u00fczerinde H.1227 (M.1860) tarihli \u00fc\u00e7 sat\u0131rl\u0131k kitabesi bulunuyor. Bu tarihi camiyi de Tavas gezilecek yerler listenize ekleyebilirsiniz.<\/p>\n\n\n\n<h3 class=\"wp-block-heading has-text-align-center has-neeon-button-dark-gray-color has-text-color has-link-color wp-elements-a68746e09329f9073d5e45de7779406d\"><span class=\"ez-toc-section\" id=\"tavas_su_kemerleri\"><\/span><strong><strong><strong><strong>Tavas Su Kemerleri<\/strong><\/strong><\/strong><\/strong><span class=\"ez-toc-section-end\"><\/span><\/h3>\n\n\n\n<p>Tavas ovas\u0131n\u0131n bat\u0131s\u0131nda bulunan Yeni dere \u00e7ay\u0131, Solmaz \u00e7ay\u0131, K\u0131rkp\u0131nar \u00e7ay\u0131 ve Medet, Garipk\u00f6y ve Ulukent&#8217;ten gelen su kaynaklar\u0131 ile besleniyor. Yeni dere \u00e7ay\u0131ndan, eski \u00e7a\u011flarda Tavas&#8217;a kom\u015fu olan Afrodisias ovas\u0131n\u0131 sulamak i\u00e7in o \u00e7a\u011flarda su kemerleri ile su ak\u0131t\u0131lm\u0131\u015f. Bu su kemeri Tavas&#8217;a ba\u011fl\u0131 Yah\u015filer K\u00f6y\u00fc&#8217;nde bulunuyor. Kemer bug\u00fcn hala sa\u011flam, baz\u0131 yerleri \u00e7\u00f6k\u00fck olmas\u0131na ra\u011fmen ayakta duruyor.<\/p>\n\n\n\n<h3 class=\"wp-block-heading has-text-align-center has-neeon-button-dark-gray-color has-text-color has-link-color wp-elements-c24df22c9822f54b705eedc0c771900f\"><span class=\"ez-toc-section\" id=\"medet_hoyugu\"><\/span><strong><strong><strong><strong>Medet H\u00f6y\u00fc\u011f\u00fc<\/strong><\/strong><\/strong><\/strong><span class=\"ez-toc-section-end\"><\/span><\/h3>\n\n\n\n<figure class=\"wp-block-image size-large\"><img decoding=\"async\" src=\"https:\/\/res.cloudinary.com\/turna\/image\/upload\/v1646501321\/medet_h%C3%B6y%C3%BC%C4%9F%C3%BC_tavas_gezilecek_yerler_f2h5ry.jpg\" alt=\"tavas gezilecek yerler\"\/><\/figure>\n\n\n\n<p><strong>Medet H\u00f6y\u00fc\u011f\u00fc<\/strong> Tavas&#8217;a ba\u011fl\u0131&nbsp;Medet K\u00f6y\u00fc&#8217;nde yer alan arkeolojik bir h\u00f6y\u00fck.&nbsp;<strong>Apollonia Salbacea<\/strong> olarak da biliniyor. Tavas ovas\u0131n\u0131n&nbsp;en verimli arazileri \u00fczerinde kurulan Apollonia bir&nbsp;Karya&nbsp;kenti.<\/p>\n\n\n\n<p>Apollania ad\u0131n\u0131 Helenistik d\u00f6nemde alan bu kent en g\u00f6rkemli d\u00f6nemini Roma \u00e7a\u011f\u0131nda ya\u015fam\u0131\u015f. K\u00f6y camisinin bulundu\u011fu avlu i\u00e7inde&nbsp;Hadrianus&nbsp;d\u00f6nemine ait Apollon tap\u0131na\u011f\u0131n\u0131n temelleri ve yaz\u0131tlar bulunuyor. Kent M.\u00d6. 1. y\u00fczy\u0131l ve M.S. 1. y\u00fczy\u0131llar aras\u0131nda kendi ad\u0131na tanr\u0131sal motiflerin yer ald\u0131\u011f\u0131 sikkeler bast\u0131rm\u0131\u015f.<\/p>\n\n\n\n<h3 class=\"wp-block-heading has-text-align-center has-neeon-button-dark-gray-color has-text-color has-link-color wp-elements-bd380bb2571acb3cfc3c3d0504702b8c\"><span class=\"ez-toc-section\" id=\"mestan_aga_cami\"><\/span><strong><strong><strong><strong>Mestan A\u011fa Cami<\/strong><\/strong><\/strong><\/strong><span class=\"ez-toc-section-end\"><\/span><\/h3>\n\n\n\n<figure class=\"wp-block-image size-large\"><img decoding=\"async\" src=\"https:\/\/res.cloudinary.com\/turna\/image\/upload\/v1646501320\/mestan_a%C4%9Fa_camii_tavas_zcyn34.jpg\" alt=\"tavas gezilecek yerler\"\/><\/figure>\n\n\n\n<p>Mestan A\u011fa Camii uzun as\u0131rl\u0131k ibadethanelerden biri olarak ad\u0131ndan s\u00f6z ettiriyor.&nbsp;Bu tarihi camii restore edilmi\u015f.&nbsp;\u0130\u00e7erisinde ah\u015fap i\u015flemelere yer verilmi\u015f ve sanat\u0131n incelikleri g\u00f6zler \u00f6n\u00fcne serilmi\u015f.&nbsp;Yap\u0131n\u0131n \u00dcmm\u00fchan Hatun taraf\u0131ndan in\u015fa ettirildi\u011fi biliniyor. Tavas gezilecek yerlerden biri olarak listemizde yerini al\u0131yor. \ud83d\ude42<\/p>\n\n\n\n<h3 class=\"wp-block-heading has-text-align-center has-neeon-button-dark-gray-color has-text-color has-link-color wp-elements-ffd5dd5bcd41a186388fb743eb2a15ec\"><span class=\"ez-toc-section\" id=\"tavas_sofular_koyu_cami\"><\/span><strong><strong><strong><strong>Tavas Sofular K\u00f6y\u00fc Cami<\/strong><\/strong><\/strong><\/strong><span class=\"ez-toc-section-end\"><\/span><\/h3>\n\n\n\n<figure class=\"wp-block-image size-large\"><img decoding=\"async\" src=\"https:\/\/res.cloudinary.com\/turna\/image\/upload\/v1646501320\/sofular_camisi_tavas_sgb9yi.jpg\" alt=\"tavas gezilecek yerler\"\/><\/figure>\n\n\n\n<p>Sofular Camisi ah\u015fap bir yap\u0131d\u0131r. 1946&#8217;da hizmete a\u00e7\u0131lan bu tarihi caminin ah\u015fap tavan\u0131nda ortada aynal\u0131 ve i\u00e7 i\u00e7e ge\u00e7me y\u0131ld\u0131z motifi bulunuyor. Duvarlarda eski yaz\u0131 rozetler, mihrapta ise perde motifi yer al\u0131yor.<\/p>\n\n\n\n<h3 class=\"wp-block-heading has-text-align-center has-neeon-button-dark-gray-color has-text-color has-link-color wp-elements-64f57382587f28b08a04bf0418ef91f5\"><span class=\"ez-toc-section\" id=\"tavas_hirka_camii\"><\/span><strong><strong><strong>Tavas H\u0131rka Camii<\/strong><\/strong><\/strong><span class=\"ez-toc-section-end\"><\/span><\/h3>\n\n\n\n<figure class=\"wp-block-image size-large\"><img decoding=\"async\" src=\"https:\/\/res.cloudinary.com\/turna\/image\/upload\/v1646502344\/tavas_h%C4%B1rka_camii_umolxe.jpg\" alt=\"tavas gezilecek yerler\"\/><\/figure>\n\n\n\n<p>Tavas&#8217;\u0131n ge\u00e7mi\u015fine tan\u0131kl\u0131k eden bir tarihi cami de daha s\u0131ra. Tavas H\u0131rka Camii Osmanl\u0131 D\u00f6nemi\u2019ne ait bir mimari eser. Kitabesinin \u00fcst\u00fcnde yazan \u201cSene 77\u201d ibaresine g\u00f6re, cami Hicri 1077, 1177 veya 1277 y\u0131llar\u0131ndan birinde yap\u0131lm\u0131\u015f olmal\u0131. Asl\u0131na uygun \u015fekilde restore edilen H\u0131rka Camii, g\u00fcn\u00fcm\u00fczde de kullan\u0131l\u0131yor.<\/p>\n\n\n\n<p>Tavas gezilecek yerler listemizdeki bu yerleri ziyaret etmek i\u00e7in mutlaka <a href=\"https:\/\/www.turna.com\/ucak-bileti\/denizli\">Denizli u\u00e7ak bileti<\/a> ve <a href=\"https:\/\/www.turna.com\/otobus-bileti\/denizli\">Denizli otob\u00fcs bileti<\/a> f\u0131rsatlar\u0131na g\u00f6z at\u0131n.<\/p>\n\n\n\n<p><\/p>\n\n    <div class=\"xs_social_share_widget xs_share_url after_content \t\tmain_content  wslu-style-1 wslu-share-box-shaped wslu-fill-colored wslu-none wslu-share-horizontal wslu-theme-font-no wslu-main_content\">\n\n\t\t\n        <ul>\n\t\t\t        <\/ul>\n    <\/div> \n","protected":false},"excerpt":{"rendered":"<p>Tavas gezilecek yerler yaz\u0131m\u0131za Tavas&#8217;\u0131 tan\u0131yarak ba\u015flayal\u0131m. Tavas nas\u0131l bir yer diye soranlara, bence Tavas Denizli&#8217;nin en g\u00fczel il\u00e7elerinden biri. Neden mi ? \u00c7\u00fcnk\u00fc do\u011fan\u0131n e\u015fsiz g\u00fczellikleri tarihin derin izleri ile bulu\u015fuyor burada. K\u00fclt\u00fcrel de\u011ferler birbirinden renkli gelenek ve g\u00f6reneklerle bir arada harmanlanm\u0131\u015f bu k\u00f6kl\u00fc ve kadim il\u00e7ede.<\/p>\n","protected":false},"author":34,"featured_media":20734,"comment_status":"open","ping_status":"open","sticky":false,"template":"","format":"standard","meta":{"rop_custom_images_group":[],"rop_custom_messages_group":[],"rop_publish_now":"initial","rop_publish_now_accounts":[],"rop_publish_now_history":[],"rop_publish_now_status":"pending","_cloudinary_featured_overwrite":false,"footnotes":""},"categories":[1824],"tags":[262],"class_list":["post-20704","post","type-post","status-publish","format-standard","has-post-thumbnail","hentry","category-denizli","tag-denizli"],"_links":{"self":[{"href":"https:\/\/www.turna.com\/blog\/wp-json\/wp\/v2\/posts\/20704","targetHints":{"allow":["GET"]}}],"collection":[{"href":"https:\/\/www.turna.com\/blog\/wp-json\/wp\/v2\/posts"}],"about":[{"href":"https:\/\/www.turna.com\/blog\/wp-json\/wp\/v2\/types\/post"}],"author":[{"embeddable":true,"href":"https:\/\/www.turna.com\/blog\/wp-json\/wp\/v2\/users\/34"}],"replies":[{"embeddable":true,"href":"https:\/\/www.turna.com\/blog\/wp-json\/wp\/v2\/comments?post=20704"}],"version-history":[{"count":0,"href":"https:\/\/www.turna.com\/blog\/wp-json\/wp\/v2\/posts\/20704\/revisions"}],"wp:featuredmedia":[{"embeddable":true,"href":"https:\/\/www.turna.com\/blog\/wp-json\/wp\/v2\/media\/20734"}],"wp:attachment":[{"href":"https:\/\/www.turna.com\/blog\/wp-json\/wp\/v2\/media?parent=20704"}],"wp:term":[{"taxonomy":"category","embeddable":true,"href":"https:\/\/www.turna.com\/blog\/wp-json\/wp\/v2\/categories?post=20704"},{"taxonomy":"post_tag","embeddable":true,"href":"https:\/\/www.turna.com\/blog\/wp-json\/wp\/v2\/tags?post=20704"}],"curies":[{"name":"wp","href":"https:\/\/api.w.org\/{rel}","templated":true}]}}