{"id":20701,"date":"2022-03-10T13:57:34","date_gmt":"2022-03-10T10:57:34","guid":{"rendered":"https:\/\/www.turna.com\/blog\/?p=20701"},"modified":"2025-12-09T17:37:52","modified_gmt":"2025-12-09T14:37:52","slug":"giresun-gorele-gezilecek-yerler-en-guzel-6-yer","status":"publish","type":"post","link":"https:\/\/www.turna.com\/blog\/giresun-gorele-gezilecek-yerler-en-guzel-6-yer","title":{"rendered":"Giresun G\u00f6rele Gezilecek Yerler : En G\u00fczel 6 Yer"},"content":{"rendered":"<div id=\"ez-toc-container\" class=\"ez-toc-v2_0_82_2 counter-hierarchy ez-toc-counter ez-toc-black ez-toc-container-direction\">\n<div class=\"ez-toc-title-container\">\n<p class=\"ez-toc-title\" style=\"cursor:inherit\">\u0130\u00e7indekiler<\/p>\n<span class=\"ez-toc-title-toggle\"><a href=\"#\" class=\"ez-toc-pull-right ez-toc-btn ez-toc-btn-xs ez-toc-btn-default ez-toc-toggle\" aria-label=\"\u0130\u00e7indekiler Tablosunu A\u00e7\/Kapat\"><span class=\"ez-toc-js-icon-con\"><span class=\"\"><span class=\"eztoc-hide\" style=\"display:none;\">Toggle<\/span><span class=\"ez-toc-icon-toggle-span\"><svg style=\"fill: #ffffff;color:#ffffff\" xmlns=\"http:\/\/www.w3.org\/2000\/svg\" class=\"list-377408\" width=\"20px\" height=\"20px\" viewBox=\"0 0 24 24\" fill=\"none\"><path d=\"M6 6H4v2h2V6zm14 0H8v2h12V6zM4 11h2v2H4v-2zm16 0H8v2h12v-2zM4 16h2v2H4v-2zm16 0H8v2h12v-2z\" fill=\"currentColor\"><\/path><\/svg><svg style=\"fill: #ffffff;color:#ffffff\" class=\"arrow-unsorted-368013\" xmlns=\"http:\/\/www.w3.org\/2000\/svg\" width=\"10px\" height=\"10px\" viewBox=\"0 0 24 24\" version=\"1.2\" baseProfile=\"tiny\"><path d=\"M18.2 9.3l-6.2-6.3-6.2 6.3c-.2.2-.3.4-.3.7s.1.5.3.7c.2.2.4.3.7.3h11c.3 0 .5-.1.7-.3.2-.2.3-.5.3-.7s-.1-.5-.3-.7zM5.8 14.7l6.2 6.3 6.2-6.3c.2-.2.3-.5.3-.7s-.1-.5-.3-.7c-.2-.2-.4-.3-.7-.3h-11c-.3 0-.5.1-.7.3-.2.2-.3.5-.3.7s.1.5.3.7z\"\/><\/svg><\/span><\/span><\/span><\/a><\/span><\/div>\n<nav><ul class='ez-toc-list ez-toc-list-level-1 eztoc-toggle-hide-by-default' ><li class='ez-toc-page-1 ez-toc-heading-level-2'><a class=\"ez-toc-link ez-toc-heading-1\" href=\"https:\/\/www.turna.com\/blog\/giresun-gorele-gezilecek-yerler-en-guzel-6-yer\/#gorele_gezilecek_yerler\" >G\u00f6rele Gezilecek Yerler<\/a><ul class='ez-toc-list-level-3' ><li class='ez-toc-heading-level-3'><a class=\"ez-toc-link ez-toc-heading-2\" href=\"https:\/\/www.turna.com\/blog\/giresun-gorele-gezilecek-yerler-en-guzel-6-yer\/#dokuzgoz_milli_parki\" >Dokuzg\u00f6z Milli Park\u0131<\/a><\/li><li class='ez-toc-page-1 ez-toc-heading-level-3'><a class=\"ez-toc-link ez-toc-heading-3\" href=\"https:\/\/www.turna.com\/blog\/giresun-gorele-gezilecek-yerler-en-guzel-6-yer\/#sis_dagi\" >Sis Da\u011f\u0131<\/a><\/li><li class='ez-toc-page-1 ez-toc-heading-level-3'><a class=\"ez-toc-link ez-toc-heading-4\" href=\"https:\/\/www.turna.com\/blog\/giresun-gorele-gezilecek-yerler-en-guzel-6-yer\/#deliklitas_plaji\" >Deliklita\u015f Plaj\u0131<\/a><\/li><li class='ez-toc-page-1 ez-toc-heading-level-3'><a class=\"ez-toc-link ez-toc-heading-5\" href=\"https:\/\/www.turna.com\/blog\/giresun-gorele-gezilecek-yerler-en-guzel-6-yer\/#hac_dagi\" >Ha\u00e7 Da\u011f\u0131<\/a><\/li><li class='ez-toc-page-1 ez-toc-heading-level-3'><a class=\"ez-toc-link ez-toc-heading-6\" href=\"https:\/\/www.turna.com\/blog\/giresun-gorele-gezilecek-yerler-en-guzel-6-yer\/#gorele_kemence_muzesi\" >G\u00f6rele Kemen\u00e7e M\u00fczesi<\/a><\/li><li class='ez-toc-page-1 ez-toc-heading-level-3'><a class=\"ez-toc-link ez-toc-heading-7\" href=\"https:\/\/www.turna.com\/blog\/giresun-gorele-gezilecek-yerler-en-guzel-6-yer\/#gorele_cavuslu_koyu\" >G\u00f6rele \u00c7avu\u015flu K\u00f6y\u00fc<\/a><\/li><\/ul><\/li><li class='ez-toc-page-1 ez-toc-heading-level-2'><a class=\"ez-toc-link ez-toc-heading-8\" href=\"https:\/\/www.turna.com\/blog\/giresun-gorele-gezilecek-yerler-en-guzel-6-yer\/#gorele_hakkinda_bilgiler\" >G\u00f6rele Hakk\u0131nda Bilgiler<\/a><ul class='ez-toc-list-level-3' ><li class='ez-toc-heading-level-3'><a class=\"ez-toc-link ez-toc-heading-9\" href=\"https:\/\/www.turna.com\/blog\/giresun-gorele-gezilecek-yerler-en-guzel-6-yer\/#gorele_nerede\" >G\u00f6rele Nerede ?<\/a><\/li><li class='ez-toc-page-1 ez-toc-heading-level-3'><a class=\"ez-toc-link ez-toc-heading-10\" href=\"https:\/\/www.turna.com\/blog\/giresun-gorele-gezilecek-yerler-en-guzel-6-yer\/#goreleye_nasil_gidilir\" >G\u00f6rele&#8217;ye Nas\u0131l Gidilir ?<\/a><\/li><li class='ez-toc-page-1 ez-toc-heading-level-3'><a class=\"ez-toc-link ez-toc-heading-11\" href=\"https:\/\/www.turna.com\/blog\/giresun-gorele-gezilecek-yerler-en-guzel-6-yer\/#gorelede_ne_yenir\" >G\u00f6rele&#8217;de Ne Yenir ?<\/a><\/li><\/ul><\/li><\/ul><\/nav><\/div>\n\n<p><strong>G\u00f6rele gezilecek yerler<\/strong> yaz\u0131m size bol oksijen, yemye\u015fil bir do\u011fa, damakta iz b\u0131rakan lezzetler vadediyor. \ud83d\ude0a Aman Allah&#8217;\u0131m o ne yaylalar, ye\u015filin bin bir tonu manzaralar! Karadeniz beni her daim b\u00fcy\u00fcleyen bir co\u011frafya. O halde \u00e7ok bekletmeyeyim sizi. \u00d6nce biraz G\u00f6rele&#8217;yi tan\u0131yal\u0131m. Sonra ba\u015flayal\u0131m yaylalar\u0131 kar\u0131\u015f kar\u0131\u015f ar\u015f\u0131nlamaya.<\/p>\n\n\n\n<p>11\u2019nci y\u00fczy\u0131ldan sonra b\u00f6lgeye T\u00fcrkmenler yerle\u015fmi\u015f. T\u00fcrkmenlerden \u00f6nce b\u00f6lgenin ismi \u201cKoralla \u201c iken \u201cG\u00f6rele\u201d olmu\u015f. 1771&#8217;de bir isyan\u0131n ard\u0131ndan b\u00f6lge bo\u015falt\u0131lm\u0131\u015f ve g\u00fcn\u00fcm\u00fczdeki yerine ta\u015f\u0131nm\u0131\u015f. 1873 y\u0131l\u0131nda burada bir belediye kurulmu\u015f. 1923&#8217;te ise il\u00e7e olmu\u015f.<\/p>\n\n\n\n<p>G\u00f6rele\u2019nin 10 km uzunlu\u011funda bir sahil \u015feridi bulunuyor. O nedenle il\u00e7ede bal\u0131k\u00e7\u0131l\u0131k da \u00f6nemli yer tutuyor. Y\u00f6re, iklim gere\u011fi her mevsim ya\u011f\u0131\u015fl\u0131. Her \u00e7e\u015fit bitki yeti\u015fmesine elveri\u015fli. Yeti\u015ftirilen bitkilerin ba\u015f\u0131nda f\u0131nd\u0131k, m\u0131s\u0131r, \u00e7ay geliyor.<\/p>\n\n\n\n<p>Kemen\u00e7e y\u00f6rede en \u00f6nemli m\u00fczik aletidir. Hatta G\u00f6rele&#8217;ye \u201cKemen\u00e7enin Ba\u015fkenti\u201d deniliyor. \u0130l\u00e7e merkezinde b\u00fcy\u00fck\u00e7e bir kemen\u00e7e heykeli bulunuyor.<\/p>\n\n\n\n<h2 class=\"wp-block-heading has-text-align-center has-neeon-button-dark-gray-color has-text-color has-link-color wp-elements-8e9ee544570c938835adb0de5b10dbab\"><span class=\"ez-toc-section\" id=\"gorele_gezilecek_yerler\"><\/span><strong><strong><strong>G\u00f6rele Gezilecek Yerler<\/strong><\/strong><\/strong><span class=\"ez-toc-section-end\"><\/span><\/h2>\n\n\n\n<h3 class=\"wp-block-heading has-text-align-center has-neeon-button-dark-gray-color has-text-color has-link-color wp-elements-71edf6ca5965f0a0dca04f8f00f8bc13\"><span class=\"ez-toc-section\" id=\"dokuzgoz_milli_parki\"><\/span><strong><strong><strong><strong>Dokuzg\u00f6z Milli Park\u0131<\/strong><\/strong><\/strong><\/strong><span class=\"ez-toc-section-end\"><\/span><\/h3>\n\n\n\n<figure class=\"wp-block-image size-large\"><img decoding=\"async\" src=\"https:\/\/res.cloudinary.com\/turna\/image\/upload\/v1646909327\/dokuzg%C3%B6z_milli_park%C4%B1_riums5.jpg\" alt=\"\"\/><\/figure>\n\n\n\n<p>G\u00f6rele gezilecek yerler listesinin ilk noktas\u0131 Dokuzg\u00f6z Milli Park\u0131. Yemye\u015fil bir do\u011faya, bol oksijene doyaca\u011f\u0131n\u0131z bu milli park tamam\u0131 ad\u0131n\u0131 dokuz ayr\u0131 su kayna\u011f\u0131n\u0131n bulunmas\u0131ndan alm\u0131\u015f. Dokuzg\u00f6z, etraf\u0131nda bir \u00e7ok k\u00f6y bulunan b\u00fcy\u00fck bir yayla asl\u0131nda. Bir b\u00f6l\u00fcm\u00fc Orman Bakanl\u0131\u011f\u0131 taraf\u0131ndan Milli Park yap\u0131lm\u0131\u015f.<\/p>\n\n\n\n<p>Dokuzg\u00f6z Milli Park\u0131 G\u00f6rele merkeze 9 kilometre uzakl\u0131kta yer al\u0131yor. Milli Park&#8217;ta tesisler bulunuyor. Burada \u00e7ad\u0131r kamp\u0131 yapabilir ya da burada bulunan konaklama yerlerinde kalabilirsiniz. Piknik ve mangal yapmaya m\u00fcsait alanlar da bulunuyor.<\/p>\n\n\n\n<ul class=\"wp-block-list\">\n<li>Dokuzg\u00f6z Milli Park\u0131 konumu <strong><a href=\"https:\/\/goo.gl\/maps\/PLnRSeCZNuYueh7B8\" target=\"_blank\" rel=\"noreferrer noopener\">burada.<\/a><\/strong><\/li>\n<\/ul>\n\n\n\n<h3 class=\"wp-block-heading has-text-align-center has-neeon-button-dark-gray-color has-text-color has-link-color wp-elements-28acbf97de3bf5f42541884b96d5ac9f\"><span class=\"ez-toc-section\" id=\"sis_dagi\"><\/span><strong><strong><strong><strong><strong>Sis Da\u011f\u0131<\/strong><\/strong><\/strong><\/strong><\/strong><span class=\"ez-toc-section-end\"><\/span><\/h3>\n\n\n\n<figure class=\"wp-block-image size-large\"><img decoding=\"async\" src=\"https:\/\/res.cloudinary.com\/turna\/image\/upload\/v1646909330\/sis_da%C4%9F%C4%B1_g%C3%B6rele_gezilecek_yerler_qarl0p.jpg\" alt=\"\"\/><\/figure>\n\n\n\n<p>Sis Da\u011f\u0131, Do\u011fu Karadeniz s\u0131ra da\u011flar\u0131n\u0131n uzant\u0131lar\u0131ndan biri. 2182 metre y\u00fcksekli\u011fe sahip. Sis Da\u011f\u0131 \u00fczerinde yirmiyi a\u015fk\u0131n oba bulunuyor. Her y\u0131l \u00e7evre yerle\u015fim yerlerinin kat\u0131l\u0131m\u0131 ile Temmuz ay\u0131nda Sis Da\u011f\u0131 \u015eenlikleri yap\u0131l\u0131yor.<\/p>\n\n\n\n<p>Da\u011f \u00fczerinde Temmuz ay\u0131na kadar karlar erimiyor. Ayr\u0131ca yaylada konaklama hizmeti ve g\u00fcn\u00fcbirlik ziyaret\u00e7ilerin ihtiya\u00e7lar\u0131na y\u00f6nelik tesisler bulunuyor. Sis Da\u011f\u0131 \u201d C stat\u00fcs\u00fcnde Milli Park\u201d olarak korunmaya al\u0131nm\u0131\u015f.<\/p>\n\n\n\n<ul class=\"wp-block-list\">\n<li>Sis Da\u011f\u0131 konumu <strong><a href=\"https:\/\/goo.gl\/maps\/MbQQpKYQQXieF1Ef6\" target=\"_blank\" rel=\"noreferrer noopener\">burada.<\/a><\/strong><\/li>\n<\/ul>\n\n\n\n<h3 class=\"wp-block-heading has-text-align-center has-neeon-button-dark-gray-color has-text-color has-link-color wp-elements-174c554f1ca2b0a2a39d7e68c7b26657\"><span class=\"ez-toc-section\" id=\"deliklitas_plaji\"><\/span><strong><strong><strong><strong><strong>Deliklita\u015f Plaj\u0131<\/strong><\/strong><\/strong><\/strong><\/strong><span class=\"ez-toc-section-end\"><\/span><\/h3>\n\n\n\n<figure class=\"wp-block-image size-large\"><img decoding=\"async\" src=\"https:\/\/res.cloudinary.com\/turna\/image\/upload\/v1646909330\/deliklita%C5%9F_plaj%C4%B1_g%C3%B6rele_e4vkxc.jpg\" alt=\"\"\/><\/figure>\n\n\n\n<p>G\u00f6rele gezilecek yerler i\u00e7inde efsanelere konu olan do\u011fa harikas\u0131 bir yere gidiyoruz \u015fimdi. Deliklita\u015f, Giresun&#8217;un sadece yayla turizmi a\u00e7\u0131s\u0131ndan de\u011fil deniz turizmi a\u00e7\u0131s\u0131ndan da ne kadar zengin oldu\u011funu g\u00f6zler \u00f6n\u00fcne seriyor. G\u00f6rele&#8217;de denize girilecek yerler ar\u0131yorsan\u0131z Deliklita\u015f Plaj\u0131 imdad\u0131n\u0131za yeti\u015fiyor.<\/p>\n\n\n\n<p>\u00c7e\u015fitli do\u011fa olaylar\u0131yla denizin hemen kenar\u0131nda bulunan bir kaya delinmi\u015f ve ortaya inan\u0131lmaz bir g\u00f6r\u00fcnt\u00fc \u00e7\u0131km\u0131\u015f. Olduk\u00e7a foto\u011frafik olan Deliklita\u015f Plaj\u0131 sosyal medyada da b\u00fcy\u00fck ilgi g\u00f6r\u00fcyor.<\/p>\n\n\n\n<p>Deliklita\u015f halk aras\u0131nda baz\u0131 efsanelere de konu olmu\u015f. Bir derdi, bir iste\u011fi olan ki\u015finin bu kayan\u0131n alt\u0131ndan ge\u00e7tikten sonra dile\u011finin ger\u00e7ekle\u015fece\u011fine inan\u0131l\u0131yor. Arkeolojik bir alan olan Deliklita\u015f Plaj\u0131&#8217;n\u0131n hemen arkas\u0131nda bir ma\u011fara ve kaya mezarlar\u0131 bulunuyor.<\/p>\n\n\n\n<ul class=\"wp-block-list\">\n<li>Deliklita\u015f Plaj\u0131 konumu <strong><a href=\"https:\/\/goo.gl\/maps\/L8qWpWR3qDoVEJ6J9\" target=\"_blank\" rel=\"noreferrer noopener\">burada.<\/a><\/strong><\/li>\n<\/ul>\n\n\n\n<h3 class=\"wp-block-heading has-text-align-center has-neeon-button-dark-gray-color has-text-color has-link-color wp-elements-064a2df21efb7379656a5fd157d9a1ba\"><span class=\"ez-toc-section\" id=\"hac_dagi\"><\/span><strong><strong><strong><strong><strong>Ha\u00e7 Da\u011f\u0131<\/strong><\/strong><\/strong><\/strong><\/strong><span class=\"ez-toc-section-end\"><\/span><\/h3>\n\n\n\n<figure class=\"wp-block-image size-large\"><img decoding=\"async\" src=\"https:\/\/res.cloudinary.com\/turna\/image\/upload\/v1646909328\/ha%C3%A7_da%C4%9F%C4%B1_g%C3%B6rele_isrrft.jpg\" alt=\"\"\/><\/figure>\n\n\n\n<p>B\u00fct\u00fcn g\u00f6rkemi ile kar\u015f\u0131n\u0131za dikilen Ha\u00e7 Da\u011f\u0131 G\u00f6rele&#8217;nin en g\u00fczel ke\u015fif noktalar\u0131ndan biri. Ad\u0131n\u0131 uzaktan bak\u0131ld\u0131\u011f\u0131nda Ha\u00e7\u2019a benzeyi\u015finden ald\u0131\u011f\u0131 tahmin ediliyor. Kimileri de isminin \u201cHa\u015f Da\u011f\u0131\u201d oldu\u011funu s\u00f6yl\u00fcyor.<\/p>\n\n\n\n<p>Ha\u00e7 Da\u011f\u0131 zirvesinin g\u00fcneyinde \u201cEvliya\u201d denilen bir yer bulunuyor. Burada \u015fehit olan vatan kahramanlar\u0131n\u0131n yatt\u0131\u011f\u0131 s\u00f6yleniyor. Bir de zirvenin hemen alt\u0131nda \u201cDongirik\u201d denilen bir ma\u011fara yer al\u0131yor. \u0130\u00e7ine ta\u015f att\u0131\u011f\u0131m\u0131zda \u201cdon\u201d sesi \u00e7\u0131kararak derinlere do\u011fru yuvarlan\u0131yor.<\/p>\n\n\n\n<p>Ha\u00e7 Da\u011f\u0131&#8217;nda tarihi bir kalenin kal\u0131nt\u0131lar\u0131 define aray\u0131c\u0131lar\u0131n\u0131n tahribat\u0131na ra\u011fmen varl\u0131\u011f\u0131n\u0131 s\u00fcrd\u00fcr\u00fcyor. Kale&#8217;nin ne zaman yap\u0131ld\u0131\u011f\u0131na kesin bir bilgi olmasa da halk aras\u0131nda Cenevizliler d\u00f6neminden kald\u0131\u011f\u0131 s\u00f6yleniyor. Karadeniz&#8217;e \u015f\u00f6yle bir ku\u015fbak\u0131\u015f\u0131 bakmak, manzaraya doymak isterseniz Ha\u00e7 da\u011f\u0131 mutlaka rotan\u0131zda olmal\u0131.<\/p>\n\n\n\n<ul class=\"wp-block-list\">\n<li>Ha\u00e7 da\u011f\u0131 konumu <strong><a href=\"https:\/\/goo.gl\/maps\/rpNHstmWv63kqtYS6\" target=\"_blank\" rel=\"noreferrer noopener\">burada.<\/a><\/strong><\/li>\n<\/ul>\n\n\n\n<h3 class=\"wp-block-heading has-text-align-center has-neeon-button-dark-gray-color has-text-color has-link-color wp-elements-dcca5a29fa9d41b323c12e528423305e\"><span class=\"ez-toc-section\" id=\"gorele_kemence_muzesi\"><\/span><strong><strong><strong><strong>G\u00f6rele Kemen\u00e7e M\u00fczesi<\/strong><\/strong><\/strong><\/strong><span class=\"ez-toc-section-end\"><\/span><\/h3>\n\n\n\n<figure class=\"wp-block-image size-large\"><img decoding=\"async\" src=\"https:\/\/res.cloudinary.com\/turna\/image\/upload\/v1646909330\/g%C3%B6rele_kemen%C3%A7e_m%C3%BCzesi_bf469j.jpg\" alt=\"\"\/><\/figure>\n\n\n\n<p>Kemen\u00e7enin ana vatan\u0131 G\u00f6rele&#8217;de kemen\u00e7e k\u00fclt\u00fcr\u00fcn\u00fcn ya\u015fat\u0131lmas\u0131 ve tan\u0131t\u0131lmas\u0131 amac\u0131yla Kemen\u00e7e ve K\u00fclt\u00fcr Park\u0131 in\u015fa edilmi\u015f. Parkta 5,80 metrelik kemen\u00e7e heykelini g\u00f6r\u00fcp ard\u0131ndan da kemen\u00e7e m\u00fczesini ziyaret edebilirsiniz. M\u00fczede kemen\u00e7enin yap\u0131m a\u015famalar\u0131 hakk\u0131nda bilgi alabilir, dilerseniz kemen\u00e7e sat\u0131n alabilirsiniz.<\/p>\n\n\n\n<ul class=\"wp-block-list\">\n<li>G\u00f6rele Kemen\u00e7e M\u00fczesi konumu <strong><a href=\"https:\/\/goo.gl\/maps\/18pt8BwxnedoZmdu8\" target=\"_blank\" rel=\"noreferrer noopener\">burada.<\/a><\/strong><\/li>\n<\/ul>\n\n\n\n<h3 class=\"wp-block-heading has-text-align-center has-neeon-button-dark-gray-color has-text-color has-link-color wp-elements-d6383dc217fc6e4225baaaaf40e2f1c0\"><span class=\"ez-toc-section\" id=\"gorele_cavuslu_koyu\"><\/span><strong><strong><strong><strong>G\u00f6rele \u00c7avu\u015flu K\u00f6y\u00fc<\/strong><\/strong><\/strong><\/strong><span class=\"ez-toc-section-end\"><\/span><\/h3>\n\n\n\n<figure class=\"wp-block-image size-large\"><img decoding=\"async\" src=\"https:\/\/res.cloudinary.com\/turna\/image\/upload\/v1646909325\/%C3%A7avu%C5%9Flu_k%C3%B6y%C3%BC_g%C3%B6rele_hclpsn.jpg\" alt=\"\"\/><\/figure>\n\n\n\n<p>\u00c7avu\u015flu K\u00f6y\u00fc; G\u00f6rele il\u00e7esinin do\u011fusunda yer al\u0131yor. K\u00fc\u00e7\u00fck ve tarihi bir sahil k\u00f6y\u00fc buras\u0131. \u00c7avu\u015flu ye\u015fil do\u011fas\u0131 ve k\u00f6kl\u00fc tarihi ile dikkat \u00e7ekiyor. K\u00f6yde Roma ve Osmanl\u0131 D\u00f6neminden kalma bir\u00e7ok tarihi yap\u0131 kal\u0131nt\u0131lar\u0131 bulunuyor. Tarihin do\u011fa ile b\u00fct\u00fcnle\u015fti\u011fi bu k\u00f6y\u00fc G\u00f6rele gezilecek yerler rotan\u0131za eklemenizi \u00f6neririm.<\/p>\n\n\n\n<ul class=\"wp-block-list\">\n<li>G\u00f6rele \u00c7avu\u015flu K\u00f6y\u00fc konumu <strong><a href=\"https:\/\/goo.gl\/maps\/Wu6sSqB3kVZHvrpp8\" target=\"_blank\" rel=\"noreferrer noopener\">burada.<\/a><\/strong><\/li>\n<\/ul>\n\n\n\n<h2 class=\"wp-block-heading has-text-align-center has-neeon-button-dark-gray-color has-text-color has-link-color wp-elements-e0f3c28500940ddd3a97105272681748\"><span class=\"ez-toc-section\" id=\"gorele_hakkinda_bilgiler\"><\/span><strong><strong><strong>G\u00f6rele Hakk\u0131nda Bilgiler<\/strong><\/strong><\/strong><span class=\"ez-toc-section-end\"><\/span><\/h2>\n\n\n\n<h3 class=\"wp-block-heading has-text-align-center has-neeon-button-dark-gray-color has-text-color has-link-color wp-elements-ae561318109242674769aa46f3a5f051\"><span class=\"ez-toc-section\" id=\"gorele_nerede\"><\/span><strong><strong><strong>G\u00f6rele Nerede ?<\/strong><\/strong><\/strong><span class=\"ez-toc-section-end\"><\/span><\/h3>\n\n\n\n<figure class=\"wp-block-image size-large\"><img decoding=\"async\" src=\"https:\/\/res.cloudinary.com\/turna\/image\/upload\/v1646909670\/g%C3%B6rele_kemen%C3%A7e_park_gwwa3z.jpg\" alt=\"\"\/><\/figure>\n\n\n\n<p>G\u00f6rele, Karadeniz B\u00f6lgesinde yer al\u0131yor. Giresun ilinin bir il\u00e7esidir. G\u00f6rele il\u00e7esi, Giresun&#8217;un il\u00e7elerinden Tirebolu, \u00c7anak\u00e7\u0131, Eynesil ile kom\u015fudur. G\u00f6rele Giresun merkeze yakla\u015f\u0131k 63 kilometre mesafede bulunuyor.<\/p>\n\n\n\n<h3 class=\"wp-block-heading has-text-align-center has-neeon-button-dark-gray-color has-text-color has-link-color wp-elements-d52945a02af7b4cbfbadb8ed9409ad1c\"><span class=\"ez-toc-section\" id=\"goreleye_nasil_gidilir\"><\/span><strong><strong><strong>G\u00f6rele&#8217;ye Nas\u0131l Gidilir ?<\/strong><\/strong><\/strong><span class=\"ez-toc-section-end\"><\/span><\/h3>\n\n\n\n<figure class=\"wp-block-image size-large\"><img decoding=\"async\" src=\"https:\/\/res.cloudinary.com\/turna\/image\/upload\/v1646909670\/g%C3%B6rele_nerede_vbm13i.jpg\" alt=\"\"\/><\/figure>\n\n\n\n<p>G\u00f6rele Giresun&#8217;un bir il\u00e7esi oldu\u011fu i\u00e7in ilk olarak Giresun&#8217;a ula\u015fman\u0131z gerekiyor. Giresun&#8217;un havaliman\u0131 bulunmuyor. O nedenle \u015fahsi arac\u0131n\u0131zla ya da otob\u00fcsle \u015fehre gidebilirsiniz. Otogarda indikten sonra G\u00f6rele&#8217;ye giden minib\u00fcslerle il\u00e7eye kolayl\u0131kla ula\u015f\u0131m sa\u011flayabilirsiniz. Giresun otob\u00fcs bileti almak i\u00e7in <strong><a href=\"https:\/\/www.turna.com\/otobus-bileti\/giresun\" target=\"_blank\" rel=\"noreferrer noopener\">bu ba\u011flant\u0131ya<\/a><\/strong> t\u0131klay\u0131n.<\/p>\n\n\n\n<h3 class=\"wp-block-heading has-text-align-center has-neeon-button-dark-gray-color has-text-color has-link-color wp-elements-17f5fefe4b797265540f09c68faaa664\"><span class=\"ez-toc-section\" id=\"gorelede_ne_yenir\"><\/span><strong><strong><strong>G\u00f6rele&#8217;de Ne Yenir ?<\/strong><\/strong><\/strong><span class=\"ez-toc-section-end\"><\/span><\/h3>\n\n\n\n<figure class=\"wp-block-image size-large\"><img decoding=\"async\" src=\"https:\/\/res.cloudinary.com\/turna\/image\/upload\/v1646909669\/g%C3%B6rele_pidesi_vrpy3f.jpg\" alt=\"\"\/><\/figure>\n\n\n\n<p>G\u00f6rele gezilecek yerlerinin g\u00fczelli\u011fi ve yemye\u015fil do\u011fas\u0131yla haf\u0131zalar\u0131n\u0131za kaz\u0131nd\u0131\u011f\u0131 gibi yemekleriyle de damaklar\u0131n\u0131zda unutulmaz tatlar b\u0131rakacak. Karadeniz mutfa\u011f\u0131nda s\u0131k\u00e7a kullan\u0131lan karalahana burada da yemeklerin ba\u015f kahramanlar\u0131ndan biri. Hamsi zaten olmazsa olmaz. M\u0131s\u0131r da t\u00fcm t\u00fcrevleriyle sofralarda yerini al\u0131yor.<\/p>\n\n\n\n<p>Listede enteresan lezzetler de var. Mesela avuz bir \u00e7e\u015fit muhallebi. \u0130nek yavrulad\u0131\u011f\u0131nda 3 g\u00fcn boyunca verdi\u011fi s\u00fcte avuz deniliyormu\u015f. O s\u00fctten yap\u0131lan bu tatl\u0131 da ayn\u0131 ismi alm\u0131\u015f. Ho\u015fmak barbunya, m\u0131s\u0131r yarmas\u0131, taze fazulyeden yap\u0131lan olduk\u00e7a de\u011fi\u015fik ve lezzetli y\u00f6resel yemeklerden. Yani G\u00f6rele yemeklerini tatmadan G\u00f6rele&#8217;yi gezdim demeyin.<\/p>\n\n\n\n<p><strong>G\u00f6rele&#8217;de Ne Yenir ?<\/strong><\/p>\n\n\n\n<ul class=\"wp-block-list\">\n<li>G\u00f6rele Pidesi<\/li>\n\n\n\n<li>Karalahana Yeme\u011fi<\/li>\n\n\n\n<li>Etli Lahana Sarmas\u0131<\/li>\n\n\n\n<li>Karalahana Diblesi<\/li>\n\n\n\n<li>Karalahana \u00c7orbas\u0131<\/li>\n\n\n\n<li>Karalahana D\u00f6\u015femesi<\/li>\n\n\n\n<li>Hamsi Izgara<\/li>\n\n\n\n<li>Hamsi K\u0131zartmas\u0131<\/li>\n\n\n\n<li>Hamsili M\u0131s\u0131r Ekme\u011fi<\/li>\n\n\n\n<li>M\u0131s\u0131r Ekme\u011fi<\/li>\n\n\n\n<li>M\u0131s\u0131r \u00c7orbas\u0131<\/li>\n\n\n\n<li>M\u0131s\u0131r Dolmas\u0131<\/li>\n\n\n\n<li>Tur\u015fu Kavurmas\u0131<\/li>\n\n\n\n<li>Paz\u0131(Pezik) M\u0131hlamas\u0131<\/li>\n\n\n\n<li>Ho\u015fmak<\/li>\n\n\n\n<li>Is\u0131rgan<\/li>\n\n\n\n<li>Kabakl\u0131 Fas\u00fclyeli \u00c7orba<\/li>\n\n\n\n<li>S\u00fct Kaba\u011f\u0131<\/li>\n\n\n\n<li>Galdirik K\u0131zartmas\u0131<\/li>\n\n\n\n<li>Avuz<\/li>\n\n\n\n<li>Armut Ha\u015flama<\/li>\n<\/ul>\n\n\n\n<p> <p>Giresun ile ilgili yazd\u0131\u011f\u0131m di\u011fer yaz\u0131lar\u0131m\u0131 mutlaka okuyun.<\/p><\/p>\n\n\n\n<p><strong><a href=\"https:\/\/www.turna.com\/blog\/giresun-gezilecek-yerler?swcfpc=1\" target=\"_blank\" rel=\"noreferrer noopener\">Giresun Gezilecek Yerler<\/a><\/strong>   <p><strong><a href=\"https:\/\/www.turna.com\/blog\/giresun-gorele-gezilecek-yerler-en-guzel-6-yer?swcfpc=1\" target=\"_blank\" rel=\"noreferrer noopener\">Giresun G\u00f6rele Gezilecek Yerler<\/a><\/strong><\/p><strong style=\"color: initial;\"><a href=\"https:\/\/www.turna.com\/blog\/giresun-mavi-gol?swcfpc=1\" target=\"_blank\" rel=\"noreferrer noopener\">Giresun Mavi G\u00f6l<\/a><\/strong>   <p><strong><a href=\"https:\/\/www.turna.com\/blog\/giresun-plajlari?swcfpc=1\" target=\"_blank\" rel=\"noreferrer noopener\">Giresun Plajlar\u0131<\/a><\/strong><\/p><strong style=\"color: initial;\"><a href=\"https:\/\/www.turna.com\/blog\/kuzalan-selalesi?swcfpc=1\" target=\"_blank\" rel=\"noreferrer noopener\">Kuzalan \u015eelalesi<\/a><\/strong>   <p><strong><a href=\"https:\/\/www.turna.com\/blog\/goksu-travertenleri?swcfpc=1\" target=\"_blank\" rel=\"noreferrer noopener\">G\u00f6ksu Travertenleri<\/a><\/strong><\/p><\/p>\n\n\n\n<p><\/p>\n\n    <div class=\"xs_social_share_widget xs_share_url after_content \t\tmain_content  wslu-style-1 wslu-share-box-shaped wslu-fill-colored wslu-none wslu-share-horizontal wslu-theme-font-no wslu-main_content\">\n\n\t\t\n        <ul>\n\t\t\t        <\/ul>\n    <\/div> \n","protected":false},"excerpt":{"rendered":"<p>G\u00f6rele gezilecek yerler yaz\u0131m size bol oksijen, yemye\u015fil bir do\u011fa, damakta iz b\u0131rakan lezzetler vadediyor. \ud83d\ude0a Aman Allah&#8217;\u0131m o ne yaylalar, ye\u015filin bin bir tonu manzaralar! Karadeniz beni her daim b\u00fcy\u00fcleyen bir co\u011frafya. O halde \u00e7ok bekletmeyeyim sizi. \u00d6nce biraz G\u00f6rele&#8217;yi tan\u0131yal\u0131m. Sonra ba\u015flayal\u0131m yaylalar\u0131 kar\u0131\u015f kar\u0131\u015f ar\u015f\u0131nlamaya.<\/p>\n","protected":false},"author":34,"featured_media":20754,"comment_status":"open","ping_status":"open","sticky":false,"template":"","format":"standard","meta":{"rop_custom_images_group":[],"rop_custom_messages_group":[],"rop_publish_now":"initial","rop_publish_now_accounts":[],"rop_publish_now_history":[],"rop_publish_now_status":"pending","_cloudinary_featured_overwrite":false,"footnotes":""},"categories":[84,1832],"tags":[625],"class_list":["post-20701","post","type-post","status-publish","format-standard","has-post-thumbnail","hentry","category-turkiye","category-giresun","tag-giresun"],"_links":{"self":[{"href":"https:\/\/www.turna.com\/blog\/wp-json\/wp\/v2\/posts\/20701","targetHints":{"allow":["GET"]}}],"collection":[{"href":"https:\/\/www.turna.com\/blog\/wp-json\/wp\/v2\/posts"}],"about":[{"href":"https:\/\/www.turna.com\/blog\/wp-json\/wp\/v2\/types\/post"}],"author":[{"embeddable":true,"href":"https:\/\/www.turna.com\/blog\/wp-json\/wp\/v2\/users\/34"}],"replies":[{"embeddable":true,"href":"https:\/\/www.turna.com\/blog\/wp-json\/wp\/v2\/comments?post=20701"}],"version-history":[{"count":0,"href":"https:\/\/www.turna.com\/blog\/wp-json\/wp\/v2\/posts\/20701\/revisions"}],"wp:featuredmedia":[{"embeddable":true,"href":"https:\/\/www.turna.com\/blog\/wp-json\/wp\/v2\/media\/20754"}],"wp:attachment":[{"href":"https:\/\/www.turna.com\/blog\/wp-json\/wp\/v2\/media?parent=20701"}],"wp:term":[{"taxonomy":"category","embeddable":true,"href":"https:\/\/www.turna.com\/blog\/wp-json\/wp\/v2\/categories?post=20701"},{"taxonomy":"post_tag","embeddable":true,"href":"https:\/\/www.turna.com\/blog\/wp-json\/wp\/v2\/tags?post=20701"}],"curies":[{"name":"wp","href":"https:\/\/api.w.org\/{rel}","templated":true}]}}