{"id":20700,"date":"2022-03-11T13:00:00","date_gmt":"2022-03-11T10:00:00","guid":{"rendered":"https:\/\/www.turna.com\/blog\/?p=20700"},"modified":"2025-12-09T17:41:02","modified_gmt":"2025-12-09T14:41:02","slug":"kizilcahamam-gezilecek-yerler-en-guzel-12-yer","status":"publish","type":"post","link":"https:\/\/www.turna.com\/blog\/kizilcahamam-gezilecek-yerler-en-guzel-12-yer","title":{"rendered":"K\u0131z\u0131lcahamam Gezilecek Yerler : En G\u00fczel 12 Yer"},"content":{"rendered":"<div id=\"ez-toc-container\" class=\"ez-toc-v2_0_82_2 counter-hierarchy ez-toc-counter ez-toc-black ez-toc-container-direction\">\n<div class=\"ez-toc-title-container\">\n<p class=\"ez-toc-title\" style=\"cursor:inherit\">\u0130\u00e7indekiler<\/p>\n<span class=\"ez-toc-title-toggle\"><a href=\"#\" class=\"ez-toc-pull-right ez-toc-btn ez-toc-btn-xs ez-toc-btn-default ez-toc-toggle\" aria-label=\"\u0130\u00e7indekiler Tablosunu A\u00e7\/Kapat\"><span class=\"ez-toc-js-icon-con\"><span class=\"\"><span class=\"eztoc-hide\" style=\"display:none;\">Toggle<\/span><span class=\"ez-toc-icon-toggle-span\"><svg style=\"fill: #ffffff;color:#ffffff\" xmlns=\"http:\/\/www.w3.org\/2000\/svg\" class=\"list-377408\" width=\"20px\" height=\"20px\" viewBox=\"0 0 24 24\" fill=\"none\"><path d=\"M6 6H4v2h2V6zm14 0H8v2h12V6zM4 11h2v2H4v-2zm16 0H8v2h12v-2zM4 16h2v2H4v-2zm16 0H8v2h12v-2z\" fill=\"currentColor\"><\/path><\/svg><svg style=\"fill: #ffffff;color:#ffffff\" class=\"arrow-unsorted-368013\" xmlns=\"http:\/\/www.w3.org\/2000\/svg\" width=\"10px\" height=\"10px\" viewBox=\"0 0 24 24\" version=\"1.2\" baseProfile=\"tiny\"><path d=\"M18.2 9.3l-6.2-6.3-6.2 6.3c-.2.2-.3.4-.3.7s.1.5.3.7c.2.2.4.3.7.3h11c.3 0 .5-.1.7-.3.2-.2.3-.5.3-.7s-.1-.5-.3-.7zM5.8 14.7l6.2 6.3 6.2-6.3c.2-.2.3-.5.3-.7s-.1-.5-.3-.7c-.2-.2-.4-.3-.7-.3h-11c-.3 0-.5.1-.7.3-.2.2-.3.5-.3.7s.1.5.3.7z\"\/><\/svg><\/span><\/span><\/span><\/a><\/span><\/div>\n<nav><ul class='ez-toc-list ez-toc-list-level-1 eztoc-toggle-hide-by-default' ><li class='ez-toc-page-1 ez-toc-heading-level-2'><a class=\"ez-toc-link ez-toc-heading-1\" href=\"https:\/\/www.turna.com\/blog\/kizilcahamam-gezilecek-yerler-en-guzel-12-yer\/#kizilcahamam_gezilecek_yerler\" >K\u0131z\u0131lcahamam Gezilecek Yerler<\/a><ul class='ez-toc-list-level-3' ><li class='ez-toc-heading-level-3'><a class=\"ez-toc-link ez-toc-heading-2\" href=\"https:\/\/www.turna.com\/blog\/kizilcahamam-gezilecek-yerler-en-guzel-12-yer\/#soguksu_milli_parki\" >So\u011fuksu Milli Park\u0131<\/a><\/li><li class='ez-toc-page-1 ez-toc-heading-level-3'><a class=\"ez-toc-link ez-toc-heading-3\" href=\"https:\/\/www.turna.com\/blog\/kizilcahamam-gezilecek-yerler-en-guzel-12-yer\/#alucdagi_tabiat_parki\" >Alu\u00e7da\u011f\u0131 Tabiat Park\u0131<\/a><\/li><li class='ez-toc-page-1 ez-toc-heading-level-3'><a class=\"ez-toc-link ez-toc-heading-4\" href=\"https:\/\/www.turna.com\/blog\/kizilcahamam-gezilecek-yerler-en-guzel-12-yer\/#kizilcahamam_kaplicalari\" >K\u0131z\u0131lcahamam Kapl\u0131calar\u0131<\/a><\/li><li class='ez-toc-page-1 ez-toc-heading-level-3'><a class=\"ez-toc-link ez-toc-heading-5\" href=\"https:\/\/www.turna.com\/blog\/kizilcahamam-gezilecek-yerler-en-guzel-12-yer\/#egitimci_nuray_yesil_muzesi\" >E\u011fitimci Nuray Ye\u015fil M\u00fczesi<\/a><\/li><li class='ez-toc-page-1 ez-toc-heading-level-3'><a class=\"ez-toc-link ez-toc-heading-6\" href=\"https:\/\/www.turna.com\/blog\/kizilcahamam-gezilecek-yerler-en-guzel-12-yer\/#kizilcahamam_jeopark_muzesi\" >K\u0131z\u0131lcahamam Jeopark M\u00fczesi<\/a><\/li><li class='ez-toc-page-1 ez-toc-heading-level-3'><a class=\"ez-toc-link ez-toc-heading-7\" href=\"https:\/\/www.turna.com\/blog\/kizilcahamam-gezilecek-yerler-en-guzel-12-yer\/#abaci_peri_bacalari\" >Abac\u0131 Peri Bacalar\u0131<\/a><\/li><li class='ez-toc-page-1 ez-toc-heading-level-3'><a class=\"ez-toc-link ez-toc-heading-8\" href=\"https:\/\/www.turna.com\/blog\/kizilcahamam-gezilecek-yerler-en-guzel-12-yer\/#mahkeme_agacin_koyu\" >Mahkeme A\u011facin K\u00f6y\u00fc<\/a><\/li><li class='ez-toc-page-1 ez-toc-heading-level-3'><a class=\"ez-toc-link ez-toc-heading-9\" href=\"https:\/\/www.turna.com\/blog\/kizilcahamam-gezilecek-yerler-en-guzel-12-yer\/#alicin_manastiri\" >Alicin Manast\u0131r\u0131<\/a><\/li><li class='ez-toc-page-1 ez-toc-heading-level-3'><a class=\"ez-toc-link ez-toc-heading-10\" href=\"https:\/\/www.turna.com\/blog\/kizilcahamam-gezilecek-yerler-en-guzel-12-yer\/#agsar_kalesi\" >A\u011fsar Kalesi<\/a><\/li><li class='ez-toc-page-1 ez-toc-heading-level-3'><a class=\"ez-toc-link ez-toc-heading-11\" href=\"https:\/\/www.turna.com\/blog\/kizilcahamam-gezilecek-yerler-en-guzel-12-yer\/#pazar_koyu\" >Pazar K\u00f6y\u00fc<\/a><\/li><li class='ez-toc-page-1 ez-toc-heading-level-3'><a class=\"ez-toc-link ez-toc-heading-12\" href=\"https:\/\/www.turna.com\/blog\/kizilcahamam-gezilecek-yerler-en-guzel-12-yer\/#baskoy_kalesi\" >Ba\u015fk\u00f6y Kalesi<\/a><\/li><li class='ez-toc-page-1 ez-toc-heading-level-3'><a class=\"ez-toc-link ez-toc-heading-13\" href=\"https:\/\/www.turna.com\/blog\/kizilcahamam-gezilecek-yerler-en-guzel-12-yer\/#kirmizi_ebe_ve_oruc_gazi_turbeleri\" >K\u0131rm\u0131z\u0131 Ebe ve Oru\u00e7 Gazi T\u00fcrbeleri<\/a><\/li><\/ul><\/li><\/ul><\/nav><\/div>\n\n<p>Ankara\u2019n\u0131n kuzeyinde yer alan K\u0131z\u0131lcahamam yemye\u015fil do\u011fas\u0131yla \u015fehirden ka\u00e7\u0131\u015f i\u00e7in m\u00fckemmel bir adres. B\u00f6lgede g\u00f6recek bir \u00e7ok yer, yap\u0131labilecek \u00e7ok\u00e7a aktivite bulunuyor.&nbsp;O nedenle <strong>K\u0131z\u0131lcahamam gezilecek yerler <\/strong>rehberini sizin i\u00e7in derledim.<\/p>\n\n\n\n<p>K\u0131z\u0131lcahamam\u2019da gezilecek yerleri genellikle milli parklar ve ormanlar olu\u015fturuyor. Ankara\u2019n\u0131n en ye\u015fil b\u00f6lgelerinden biri K\u0131z\u0131lcahamam&nbsp;termal kapl\u0131calar\u0131&nbsp;ile \u00fcnl\u00fc. Burada pek \u00e7ok otel ve tesis bulunuyor. \u015eehir g\u00fcr\u00fclt\u00fcs\u00fcnden uzak olmas\u0131 ile sakin bir tatil ge\u00e7irmek isteyen herkes i\u00e7in ideal bir se\u00e7im oluyor K\u0131z\u0131lcahamam. Bolu, \u00c7ank\u0131r\u0131 ve Karab\u00fck s\u0131n\u0131rlar\u0131na yak\u0131n olmas\u0131 da bir avantaj.<\/p>\n\n\n\n<h2 class=\"wp-block-heading has-text-align-center has-neeon-button-dark-gray-color has-text-color has-link-color wp-elements-194838c91a73e34e2a2db8fc7504f80b\"><span class=\"ez-toc-section\" id=\"kizilcahamam_gezilecek_yerler\"><\/span><strong><strong><strong>K\u0131z\u0131lcahamam Gezilecek Yerler<\/strong><\/strong><\/strong><span class=\"ez-toc-section-end\"><\/span><\/h2>\n\n\n\n<p>B\u00fcy\u00fck \u015fehrin kalabal\u0131\u011f\u0131ndan, g\u00fcr\u00fclt\u00fcs\u00fcnden ka\u00e7\u0131p k\u0131sa bir mola vermek isteyen Ankaral\u0131lar\u0131n u\u011frak adresi K\u0131z\u0131lcahamam. Ayr\u0131ca \u015fifal\u0131 termal sular\u0131 sayesinde \u00e7evre illerden de \u00e7ok say\u0131da ziyaret\u00e7iyi a\u011f\u0131rl\u0131yor. Bu do\u011fa harikas\u0131 il\u00e7eye gitmek i\u00e7in ilk etapta bir <strong><a href=\"https:\/\/www.turna.com\/ucak-bileti\/ankara\" target=\"_blank\" rel=\"noreferrer noopener\">Ankara u\u00e7ak bileti <\/a><\/strong>almakla ba\u015flayabilirsiniz. Karayolu ile gitmeyi tercih edenler de <strong><a href=\"https:\/\/www.turna.com\/otobus-bileti\/ankara\" target=\"_blank\" rel=\"noreferrer noopener\">Ankara otob\u00fcs bileti<\/a><\/strong> f\u0131rsatlar\u0131na g\u00f6z atabilir.<\/p>\n\n\n\n<h3 class=\"wp-block-heading has-text-align-center has-neeon-button-dark-gray-color has-text-color has-link-color wp-elements-6c9247e1ea9b02916f592f312aba9d21\"><span class=\"ez-toc-section\" id=\"soguksu_milli_parki\"><\/span><strong><strong><strong>So\u011fuksu Milli Park\u0131<\/strong><\/strong><\/strong><span class=\"ez-toc-section-end\"><\/span><\/h3>\n\n\n\n<figure class=\"wp-block-image size-large\"><img decoding=\"async\" src=\"https:\/\/res.cloudinary.com\/turna\/image\/upload\/v1646924451\/so%C4%9Fuksu_milli_park%C4%B1_kl8lus.jpg\" alt=\"\"\/><\/figure>\n\n\n\n<figure class=\"wp-block-image size-large\"><img decoding=\"async\" src=\"https:\/\/res.cloudinary.com\/turna\/image\/upload\/v1646924448\/so%C4%9Fuksu_milli_park%C4%B1_k%C4%B1z%C4%B1lcahamam_udh4zs.jpg\" alt=\"\"\/><\/figure>\n\n\n\n<p>So\u011fuksu Milli Park\u0131, K\u0131z\u0131lcahamam gezilecek yerlerin ba\u015f\u0131nda geliyor. \u00c7am a\u011fa\u00e7lar\u0131 ile kapl\u0131 tertemiz havas\u0131yla ziyaret eden herkes bu milli park\u0131 \u00e7ok seviyor. <\/p>\n\n\n\n<p>Park i\u00e7erisinde kamp yapma imkan\u0131 da sunuluyor. Milli park alan\u0131 i\u00e7inde neler mi var ? \u00c7e\u015fme, otopark, b\u00fcfe, piknik alanlar\u0131, konaklama tesisi, y\u00fcr\u00fcy\u00fc\u015f yolu, bisiklet yolu, seyir teras\u0131 ve dahas\u0131. 3 yatakl\u0131 k\u0131r evinde konaklama \u00fccreti gecelik 170 TL. Yani ailecek, sevdiklerinizle gelip t\u00fcm g\u00fcn\u00fcn\u00fcz\u00fc ge\u00e7irebilece\u011finiz m\u00fckemmel bir alan.<\/p>\n\n\n\n<p>So\u011fuksu Milli Park\u0131&#8217;nda piknik yapabilir, bisiklet s\u00fcrebilir, ku\u015flar\u0131 g\u00f6zlemleyebilir, g\u00fczel foto\u011fraflar \u00e7ekebilirsiniz. Parkta<strong>&nbsp;<\/strong>yaban domuzu, ay\u0131, tilki, \u00e7akal, kurt, va\u015fak, sincap&nbsp;ve&nbsp;tav\u015fan&nbsp;gibi memeli hayvanlar bulunuyor. Ayr\u0131ca, Milli Parkta&nbsp;160&nbsp;civar\u0131nda ku\u015f t\u00fcr\u00fc var. Bu ku\u015f t\u00fcrlerinin en \u00f6nemlisi d\u00fcnya \u00e7ap\u0131nda koruma alt\u0131na al\u0131nan \u201cKara Akbaba\u201d.<\/p>\n\n\n\n<p><strong>So\u011fuksu Milli Park\u0131 giri\u015f \u00fccretleri<\/strong><\/p>\n\n\n\n<ul class=\"wp-block-list\">\n<li>\u015eah\u0131s <strong>11 TL<\/strong><\/li>\n\n\n\n<li>\u0130ndirimli \u015eah\u0131s <strong>5.5 TL<\/strong>&nbsp;<\/li>\n\n\n\n<li>Bisiklet <strong>11 TL<\/strong>&nbsp;<\/li>\n\n\n\n<li>Motorsiklet ve ATV <strong>22 TL<\/strong>&nbsp;<\/li>\n\n\n\n<li>Otomobil, Kamyonet <strong>33 TL<\/strong>&nbsp;<\/li>\n\n\n\n<li>Minib\u00fcs <strong>99 TL<\/strong>&nbsp;<\/li>\n\n\n\n<li>Midib\u00fcs <strong>165 TL<\/strong>&nbsp;<\/li>\n\n\n\n<li>Otob\u00fcs <strong>330 TL<\/strong>&nbsp;<\/li>\n<\/ul>\n\n\n\n<ul class=\"wp-block-list\">\n<li>So\u011fuksu Milli Park\u0131 konumu <strong><a href=\"https:\/\/goo.gl\/maps\/aaZkTvhnmSop14c18\" target=\"_blank\" rel=\"noreferrer noopener\">burada.<\/a><\/strong><\/li>\n<\/ul>\n\n\n\n<h3 class=\"wp-block-heading has-text-align-center has-neeon-button-dark-gray-color has-text-color has-link-color wp-elements-7b3368a7e2345dea4d8a259d81c05c85\"><span class=\"ez-toc-section\" id=\"alucdagi_tabiat_parki\"><\/span><strong><strong><strong>Alu\u00e7da\u011f\u0131 Tabiat Park\u0131<\/strong><\/strong><\/strong><span class=\"ez-toc-section-end\"><\/span><\/h3>\n\n\n\n<figure class=\"wp-block-image size-large\"><img decoding=\"async\" src=\"https:\/\/res.cloudinary.com\/turna\/image\/upload\/v1646924446\/alu%C3%A7da%C4%9F%C4%B1_milli_park%C4%B1_k%C4%B1z%C4%B1lcahamam.jfif_orzfcw.jpg\" alt=\"\"\/><\/figure>\n\n\n\n<figure class=\"wp-block-image size-large\"><img decoding=\"async\" src=\"https:\/\/res.cloudinary.com\/turna\/image\/upload\/v1646924445\/alu%C3%A7da%C4%9F%C4%B1_milli_park%C4%B1.jfif_phyezr.jpg\" alt=\"\"\/><\/figure>\n\n\n\n<p>K\u0131z\u0131lcahamam&#8217;a 35 km mesafede bulunan <strong>Alu\u00e7da\u011f\u0131 Tabiat Park\u0131<\/strong> da oksijen deposu harika bir yer. K\u0131z\u0131lcahamam\u2019da mutlaka g\u00f6r\u00fclmesi gereken bir yer. Alan i\u00e7inde piknik i\u00e7in ayr\u0131lm\u0131\u015f b\u00f6l\u00fcmler, \u00e7e\u015fme, b\u00fcfe, spor sahas\u0131 bulunuyor. Keyifli bir g\u00fcn ge\u00e7irebilece\u011finiz Alu\u00e7da\u011f\u0131 Milli Park\u0131&#8217;nda do\u011fa y\u00fcr\u00fcy\u00fc\u015f\u00fc yap\u0131p enerji depolayabilirsiniz.<\/p>\n\n\n\n<ul class=\"wp-block-list\">\n<li>Alu\u00e7da\u011f\u0131 Tabiat Park\u0131 konumu <strong><a href=\"https:\/\/goo.gl\/maps\/6JsV5Ejry82XQ3sx5\" target=\"_blank\" rel=\"noreferrer noopener\">burada.<\/a><\/strong><\/li>\n<\/ul>\n\n\n\n<h3 class=\"wp-block-heading has-text-align-center has-neeon-button-dark-gray-color has-text-color has-link-color wp-elements-051b83282333b26dcaac1c38d8a9327d\"><span class=\"ez-toc-section\" id=\"kizilcahamam_kaplicalari\"><\/span><strong><strong><strong>K\u0131z\u0131lcahamam Kapl\u0131calar\u0131<\/strong><\/strong><\/strong><span class=\"ez-toc-section-end\"><\/span><\/h3>\n\n\n\n<figure class=\"wp-block-image size-large\"><img decoding=\"async\" src=\"https:\/\/res.cloudinary.com\/turna\/image\/upload\/v1646924438\/k%C4%B1z%C4%B1lcahamam_kapl%C4%B1calar%C4%B1_djibkt.jpg\" alt=\"\"\/><\/figure>\n\n\n\n<p>Yeralt\u0131 sular\u0131 bak\u0131m\u0131ndan olduk\u00e7a zengin olan&nbsp;K\u0131z\u0131lcahamam, y\u0131l\u0131n hemen her zaman\u0131 bir\u00e7ok ki\u015fiyi kapl\u0131calar\u0131nda a\u011f\u0131rl\u0131yor. Bu termal sular\u0131n baz\u0131 rahats\u0131zl\u0131klara \u015fifa oldu\u011fu biliniyor. Tedavi ama\u00e7l\u0131 da kullan\u0131ld\u0131\u011f\u0131 i\u00e7in sa\u011fl\u0131k turizmi anlam\u0131nda da ilgi g\u00f6r\u00fcyor K\u0131z\u0131lcahamam kapl\u0131calar\u0131.<\/p>\n\n\n\n<p>K\u0131z\u0131lcahamam&#8217;da termal sulardan faydalanabilece\u011finiz oteller ve g\u00fcn\u00fcbirlik kullanabilece\u011finiz tesisler yer al\u0131yor. Termal tesislere gelen \u0131l\u0131ca sular\u0131n\u0131n s\u0131cakl\u0131\u011f\u0131 47 \u00b0C\u2019yi buluyor. Bu sular\u0131n \u00f6zellikle karaci\u011fer, mide ve safra kesesi rahats\u0131zl\u0131klar\u0131na iyi geldi\u011fi biliniyor. \u015eifal\u0131 termal sular\u0131yla&nbsp;pek \u00e7ok hastal\u0131\u011fa iyi gelen&nbsp;<strong>K\u0131z\u0131lcahamam kapl\u0131calar\u0131<\/strong>, banyo k\u00fcrleri ve i\u00e7me suyu olarak ikiye ayr\u0131lan hizmetleri ile \u015fifa da\u011f\u0131t\u0131yor.<\/p>\n\n\n\n<h3 class=\"wp-block-heading has-text-align-center has-neeon-button-dark-gray-color has-text-color has-link-color wp-elements-118190b086fe9757f30bd01ab451e30a\"><span class=\"ez-toc-section\" id=\"egitimci_nuray_yesil_muzesi\"><\/span><strong><strong><strong>E\u011fitimci Nuray Ye\u015fil M\u00fczesi<\/strong><\/strong><\/strong><span class=\"ez-toc-section-end\"><\/span><\/h3>\n\n\n\n<figure class=\"wp-block-image size-large\"><img decoding=\"async\" src=\"https:\/\/res.cloudinary.com\/turna\/image\/upload\/v1646924429\/E%C4%9Fitimci_Nuray_Ye%C5%9Fil_M%C3%BCzesi_unsciu.jpg\" alt=\"\"\/><\/figure>\n\n\n\n<p>Yerel tarih kokan bir m\u00fczeye g\u00f6t\u00fcr\u00fcyorum \u015fimdi sizi. Gelenekleriyle K\u0131z\u0131lcahamam temal\u0131 g\u00fczel bir m\u00fcze <strong>E\u011fitimci Nuray Ye\u015fil M\u00fczesi.<\/strong> M\u00fczede unutulmaya y\u00fcz tutan meslekleri canland\u0131rm\u0131\u015flar. M\u00fczeyi \u00fccretsiz \u015fekilde gezebilirsiniz.<\/p>\n\n\n\n<h3 class=\"wp-block-heading has-text-align-center has-neeon-button-dark-gray-color has-text-color has-link-color wp-elements-0670633962de50c42263e1b60a219ec8\"><span class=\"ez-toc-section\" id=\"kizilcahamam_jeopark_muzesi\"><\/span><strong><strong><strong>K\u0131z\u0131lcahamam Jeopark M\u00fczesi<\/strong><\/strong><\/strong><span class=\"ez-toc-section-end\"><\/span><\/h3>\n\n\n\n<figure class=\"wp-block-image size-large\"><img decoding=\"async\" src=\"https:\/\/res.cloudinary.com\/turna\/image\/upload\/v1646924438\/K%C4%B1z%C4%B1lcahamam_Jeopark_M%C3%BCzesi_gb3ug4.jpg\" alt=\"\"\/><\/figure>\n\n\n\n<p>K\u0131z\u0131lcahamam Jeopark M\u00fczesi, T\u00fcrkiye\u2019deki ilk jeopark m\u00fczesi olma \u00f6zelli\u011fini ta\u015f\u0131yor. D\u00fcnyan\u0131n 4.5 milyar y\u0131ll\u0131k zaman t\u00fcnelini gezmi\u015f gibi hissedece\u011finiz bir m\u00fcze buras\u0131. M\u00fcze sadece ziyaret ama\u00e7l\u0131 de\u011fil, lise ve \u00fcniversite \u00f6\u011frencilerinin \u201cco\u011frafya, yery\u00fcz\u00fcn\u00fcn olu\u015fumu\u201d gibi dersleri i\u00e7in e\u011fitim ama\u00e7l\u0131 da kullan\u0131l\u0131yor. M\u00fcze giri\u015fi \u00fccretsiz.<\/p>\n\n\n\n<h3 class=\"wp-block-heading has-text-align-center has-neeon-button-dark-gray-color has-text-color has-link-color wp-elements-2a7051536b407b4ddf2f1f499e74e6b7\"><span class=\"ez-toc-section\" id=\"abaci_peri_bacalari\"><\/span><strong><strong><strong>Abac\u0131 Peri Bacalar\u0131<\/strong><\/strong><\/strong><span class=\"ez-toc-section-end\"><\/span><\/h3>\n\n\n\n<figure class=\"wp-block-image size-large\"><img decoding=\"async\" src=\"https:\/\/res.cloudinary.com\/turna\/image\/upload\/v1646924426\/abac%C4%B1_peri_bacalar%C4%B1_k%C4%B1z%C4%B1lcahamam.jfif_q4k3ql.jpg\" alt=\"\"\/><\/figure>\n\n\n\n<figure class=\"wp-block-image size-large\"><img decoding=\"async\" src=\"https:\/\/res.cloudinary.com\/turna\/image\/upload\/v1646924431\/abac%C4%B1_peri_bacalar%C4%B1.jfif_ajfi6a.jpg\" alt=\"\"\/><\/figure>\n\n\n\n<p><strong>K\u0131z\u0131lcahamam\u2019da gezilecek yerler<\/strong>&nbsp;aras\u0131nda yer alan en ilgin\u00e7 b\u00f6lge <strong>Abac\u0131 Peri Bacalar\u0131 <\/strong>olabilir. En bilinenleri Kapadokya&#8217;da olsa da peri bacalar\u0131 olu\u015fumlar\u0131 \u00fclkemizin bir \u00e7ok yerinde bulunuyor asl\u0131nda. \u0130\u015fte o b\u00f6lgelerden biri de K\u0131z\u0131lcahamam&#8217;da bulunan Abac\u0131 Peri Bacalar\u0131. Yakla\u015f\u0131k 5.000 metrekarelik bir alana yay\u0131l\u0131yor peri bacalar\u0131. M.\u00d6. 1700 y\u0131l\u0131na dayand\u0131\u011f\u0131 d\u00fc\u015f\u00fcn\u00fcl\u00fcyor.<\/p>\n\n\n\n<ul class=\"wp-block-list\">\n<li>Abac\u0131 Peri Bacalar\u0131 konumu <strong><a href=\"https:\/\/goo.gl\/maps\/DJm7Lkpk4eXcGoUd7\" target=\"_blank\" rel=\"noreferrer noopener\">burada.<\/a><\/strong><\/li>\n<\/ul>\n\n\n\n<h3 class=\"wp-block-heading has-text-align-center has-neeon-button-dark-gray-color has-text-color has-link-color wp-elements-fa8cf68d38e8c233741851718128009b\"><span class=\"ez-toc-section\" id=\"mahkeme_agacin_koyu\"><\/span><strong><strong><strong><strong>Mahkeme A\u011facin K\u00f6y\u00fc<\/strong><\/strong><\/strong><\/strong><span class=\"ez-toc-section-end\"><\/span><\/h3>\n\n\n\n<figure class=\"wp-block-image size-large\"><img decoding=\"async\" src=\"https:\/\/res.cloudinary.com\/turna\/image\/upload\/v1646924448\/mahkeme_a%C4%9Facin_k%C3%B6y%C3%BC.jfif_bct4ba.jpg\" alt=\"\"\/><\/figure>\n\n\n\n<figure class=\"wp-block-image size-large\"><img decoding=\"async\" src=\"https:\/\/res.cloudinary.com\/turna\/image\/upload\/v1646924436\/mahkeme_a%C4%9Facin_k%C3%B6y%C3%BC_k%C4%B1z%C4%B1lcahamam.jfif_l1aw1z.jpg\" alt=\"\"\/><\/figure>\n\n\n\n<p>Bir d\u00f6nem K\u0131z\u0131lcahamam b\u00f6lgesinin merkezi olarak kullan\u0131lan ve g\u00fcn\u00fcm\u00fczde k\u00fc\u00e7\u00fck bir yerle\u015fim yeri olan <strong>Mahkeme A\u011facin K\u00f6y\u00fc<\/strong>, ma\u011faralar\u0131 ile \u00fcnl\u00fc. Bu ma\u011faralar, yap\u0131lan restorasyon \u00e7al\u0131\u015fmalar\u0131 ile ziyarete a\u00e7\u0131lm\u0131\u015f. Bu ma\u011faralar\u0131n Roma \u0130mparatorlu\u011fu\u2019ndan saklanmak amac\u0131yla ilk H\u0131ristiyanlar taraf\u0131ndan in\u015fa edildi\u011fini g\u00f6steriyor.<\/p>\n\n\n\n<p>Baz\u0131 ma\u011faralar\u0131n i\u00e7erisinde yap\u0131lan \u00e7al\u0131\u015fmalarda ortaya \u00e7\u0131kart\u0131lan motifler ve kullan\u0131m d\u00fczeni, kilise olarak in\u015fa edildi\u011fini g\u00f6steriyor.<\/p>\n\n\n\n<ul class=\"wp-block-list\">\n<li>Mahkeme A\u011facin K\u00f6y\u00fc konumu <strong><a href=\"https:\/\/goo.gl\/maps\/S3Ud2g4RmLiBaHqq8\" target=\"_blank\" rel=\"noreferrer noopener\">burada.<\/a><\/strong><\/li>\n<\/ul>\n\n\n\n<h3 class=\"wp-block-heading has-text-align-center has-neeon-button-dark-gray-color has-text-color has-link-color wp-elements-c88935411e5da44c0d07d0d9a10ecbc3\"><span class=\"ez-toc-section\" id=\"alicin_manastiri\"><\/span><strong><strong><strong>Alicin Manast\u0131r\u0131<\/strong><\/strong><\/strong><span class=\"ez-toc-section-end\"><\/span><\/h3>\n\n\n\n<figure class=\"wp-block-image size-large\"><img decoding=\"async\" src=\"https:\/\/res.cloudinary.com\/turna\/image\/upload\/v1646924429\/alicin_manast%C4%B1r%C4%B1_ddfccn.jpg\" alt=\"\"\/><\/figure>\n\n\n\n<p>Tarihi, S\u00fcmela Manast\u0131r\u0131\u2019ndan bile \u00f6nceye dayan\u0131yor Alicin Manast\u0131r\u0131&#8217;n\u0131n. Bir vadi yamac\u0131nda, tabandan 70 metre y\u00fckseklikte yer al\u0131yor manast\u0131r. Roma \u0130mparatorlu\u011fu d\u00f6neminde in\u015fa edildi\u011fi ve s\u0131\u011f\u0131nma alan\u0131 olarak kullan\u0131ld\u0131\u011f\u0131 d\u00fc\u015f\u00fcn\u00fcl\u00fcyor. Alicin Manast\u0131r\u0131, y\u00fcksekte ve yama\u00e7ta konumlanmas\u0131 nedeni ile ziyaret edilmesi zorlu bir yer. Gitmek isterseniz dikkatli olman\u0131zda ve yerli halktan yard\u0131m alman\u0131zda fayda var.<\/p>\n\n\n\n<ul class=\"wp-block-list\">\n<li>Alicin Manast\u0131r\u0131 konumu <strong><a href=\"https:\/\/goo.gl\/maps\/1weQKnV6hkpX1VaJ6\" target=\"_blank\" rel=\"noreferrer noopener\">burada.<\/a><\/strong><\/li>\n<\/ul>\n\n\n\n<h3 class=\"wp-block-heading has-text-align-center has-neeon-button-dark-gray-color has-text-color has-link-color wp-elements-86df51d5acb9d45903729ab95fc8c6c5\"><span class=\"ez-toc-section\" id=\"agsar_kalesi\"><\/span><strong><strong><strong>A\u011fsar Kalesi<\/strong><\/strong><\/strong><span class=\"ez-toc-section-end\"><\/span><\/h3>\n\n\n\n<p>Halk aras\u0131nda Gavur Kalesi olarak da adland\u0131r\u0131l\u0131yor A\u011fsar Kalesi. Ula\u015f\u0131m\u0131n zor oldu\u011fu bir tepede konumlan\u0131yor. \u0130lk \u00e7a\u011flarda in\u015fa edildi\u011fi d\u00fc\u015f\u00fcn\u00fclen kale, \u00e7evreye hakim konumu ile bir g\u00f6zlem noktas\u0131. Osmanl\u0131 \u0130mparatorlu\u011fu d\u00f6neminde karakol olarak kullan\u0131ld\u0131\u011f\u0131 d\u00fc\u015f\u00fcn\u00fcl\u00fcyor. <\/p>\n\n\n\n<h3 class=\"wp-block-heading has-text-align-center has-neeon-button-dark-gray-color has-text-color has-link-color wp-elements-c0067e5017ad73f63308bda1aeb2a13f\"><span class=\"ez-toc-section\" id=\"pazar_koyu\"><\/span><strong><strong><strong>Pazar K\u00f6y\u00fc<\/strong><\/strong><\/strong><span class=\"ez-toc-section-end\"><\/span><\/h3>\n\n\n\n<figure class=\"wp-block-image size-large\"><img decoding=\"async\" src=\"https:\/\/res.cloudinary.com\/turna\/image\/upload\/v1646924441\/pazar_k%C3%B6y%C3%BC_x6t6pk.jpg\" alt=\"\"\/><\/figure>\n\n\n\n<p>K\u0131z\u0131lcahamam gezilecek yerler i\u00e7inde en ilgin\u00e7 konumlardan biri de Pazar K\u00f6y\u00fc\u2019d\u00fcr.&nbsp;Roma d\u00f6neminden g\u00fcn\u00fcm\u00fcze kadar sa\u011flam \u015fekilde ula\u015fan yap\u0131lar\u0131 k\u00f6yde g\u00f6rebilirsiniz. K\u00f6y, 19.y\u00fczy\u0131lda in\u015fa edilen Halil A\u011fa Camii\u2019ne de ev sahipli\u011fi yap\u0131yor. Kendine has mimari \u00f6zellikleri ile mutlaka ziyaret etmeniz gereken yerlerden.<\/p>\n\n\n\n<ul class=\"wp-block-list\">\n<li>Pazar K\u00f6y\u00fc konumu <strong><a href=\"https:\/\/goo.gl\/maps\/uuHp6GKvgrGjNj4U7\" target=\"_blank\" rel=\"noreferrer noopener\">burada.<\/a><\/strong><\/li>\n<\/ul>\n\n\n\n<h3 class=\"wp-block-heading has-text-align-center has-neeon-button-dark-gray-color has-text-color has-link-color wp-elements-c03b7799d3529e5b606a29d40ee23155\"><span class=\"ez-toc-section\" id=\"baskoy_kalesi\"><\/span><strong><strong><strong>Ba\u015fk\u00f6y Kalesi<\/strong><\/strong><\/strong><span class=\"ez-toc-section-end\"><\/span><\/h3>\n\n\n\n<p>K\u0131z\u0131lcahamam\u2019a 35 kilometre uzakl\u0131kta yer al\u0131yor Ba\u015fk\u00f6y Kalesi. Volkanik kayalardan oyularak in\u015fa edilmi\u015f olan kalenin Roma d\u00f6neminden kald\u0131\u011f\u0131 d\u00fc\u015f\u00fcn\u00fcl\u00fcyor. Be\u015f kat olarak in\u015fa edilen kalenin Osmanl\u0131 \u0130mparatorlu\u011fu d\u00f6neminde \u00fcs olarak kullan\u0131ld\u0131\u011f\u0131 tahmin ediliyor. G\u00fcn bat\u0131m\u0131 izlemeyi seviyorsan\u0131z ak\u015fam \u00fcst\u00fc gitmenizi tavsiye ederim. Muazzam bir manzara oluyor.<\/p>\n\n\n\n<h3 class=\"wp-block-heading has-text-align-center has-neeon-button-dark-gray-color has-text-color has-link-color wp-elements-8fcd1d4267d36e2c10e190ed3d4ebdb3\"><span class=\"ez-toc-section\" id=\"kirmizi_ebe_ve_oruc_gazi_turbeleri\"><\/span><strong><strong><strong>K\u0131rm\u0131z\u0131 Ebe ve Oru\u00e7 Gazi T\u00fcrbeleri<\/strong><\/strong><\/strong><span class=\"ez-toc-section-end\"><\/span><\/h3>\n\n\n\n<figure class=\"wp-block-image size-large\"><img decoding=\"async\" src=\"https:\/\/res.cloudinary.com\/turna\/image\/upload\/v1646924437\/k%C4%B1rm%C4%B1z%C4%B1_ebe_t%C3%BCrbesi_udsvjs.jpg\" alt=\"\"\/><\/figure>\n\n\n\n<p>K\u0131rm\u0131z\u0131 Ebe ve o\u011flu Oru\u00e7 Gazi\u2019ye ait t\u00fcrbeler Ta\u015fl\u0131ca K\u00f6y\u00fc\u2019nde yer al\u0131yor. Anadolu\u2019nun T\u00fcrk-\u0130slam \u00fclkesi haline gelmesinde b\u00fcy\u00fck emekleri olan K\u0131rm\u0131z\u0131 Ebe ve Oru\u00e7 Gazi, T\u00fcrk ordular\u0131ndan da \u00f6nce buraya yerle\u015fmi\u015fler.<\/p>\n\n\n\n<p>Anlat\u0131lan rivayete g\u00f6re Sel\u00e7uklu Devleti H\u00fck\u00fcmdar\u0131 Alaaddin Keykubat, Ba\u015fk\u00f6y Kalesi\u2019ni fethetmek i\u00e7in \u00e7\u0131kt\u0131\u011f\u0131 seferde Ta\u015fl\u0131ca K\u00f6y\u00fc\u2019ne u\u011fram\u0131\u015f. K\u0131rm\u0131z\u0131 Ebe ve o\u011flu Oru\u00e7 Gazi, T\u00fcrk askerlerini kar\u015f\u0131lam\u0131\u015f ve ayran ikram etmek istemi\u015f. K\u0131rm\u0131z\u0131 Ebe haz\u0131rlad\u0131\u011f\u0131 taze ayran\u0131, yak\u0131n\u0131ndaki ta\u015f olu\u011fa d\u00f6km\u00fc\u015f. Askerler mataralar\u0131n\u0131 doldurmu\u015flar ancak oluktaki ayran hi\u00e7 azalmam\u0131\u015f. Ya\u015fanan olay Sultan\u2019\u0131n kula\u011f\u0131na gidince b\u00f6lgedeki topraklar, K\u0131rm\u0131z\u0131 Ebe\u2019nin o\u011flu Oru\u00e7 Gazi\u2019ye ba\u011f\u0131\u015flan\u0131\u015f.<\/p>\n\n\n\n<p>K\u0131rm\u0131z\u0131 Ebe ve Oru\u00e7 Gazi t\u00fcrbeleri 2001&#8217;de restore edilmi\u015f.<\/p>\n\n\n\n<ul class=\"wp-block-list\">\n<li>K\u0131rm\u0131z\u0131 Ebe T\u00fcrbesi konumu <strong><a href=\"https:\/\/goo.gl\/maps\/aNgkNL2RjPgCJBoh7\" target=\"_blank\" rel=\"noreferrer noopener\">burada.<\/a><\/strong><\/li>\n\n\n\n<li>Oru\u00e7 Gazi T\u00fcrbesi konumu <strong><a href=\"https:\/\/goo.gl\/maps\/J71NmbDumJ6KHoGn9\" target=\"_blank\" rel=\"noreferrer noopener\">burada.<\/a><\/strong><\/li>\n<\/ul>\n\n    <div class=\"xs_social_share_widget xs_share_url after_content \t\tmain_content  wslu-style-1 wslu-share-box-shaped wslu-fill-colored wslu-none wslu-share-horizontal wslu-theme-font-no wslu-main_content\">\n\n\t\t\n        <ul>\n\t\t\t        <\/ul>\n    <\/div> \n","protected":false},"excerpt":{"rendered":"<p>Ankara\u2019n\u0131n kuzeyinde yer alan K\u0131z\u0131lcahamam yemye\u015fil do\u011fas\u0131yla \u015fehirden ka\u00e7\u0131\u015f i\u00e7in m\u00fckemmel bir adres. B\u00f6lgede g\u00f6recek bir \u00e7ok yer, yap\u0131labilecek \u00e7ok\u00e7a aktivite bulunuyor.\u00a0O nedenle K\u0131z\u0131lcahamam gezilecek yerler rehberini sizin i\u00e7in derledim.<\/p>\n","protected":false},"author":34,"featured_media":20756,"comment_status":"open","ping_status":"open","sticky":false,"template":"","format":"standard","meta":{"rop_custom_images_group":[],"rop_custom_messages_group":[],"rop_publish_now":"initial","rop_publish_now_accounts":[],"rop_publish_now_history":[],"rop_publish_now_status":"pending","_cloudinary_featured_overwrite":false,"footnotes":""},"categories":[84,1810],"tags":[255],"class_list":["post-20700","post","type-post","status-publish","format-standard","has-post-thumbnail","hentry","category-turkiye","category-ankara","tag-ankara"],"_links":{"self":[{"href":"https:\/\/www.turna.com\/blog\/wp-json\/wp\/v2\/posts\/20700","targetHints":{"allow":["GET"]}}],"collection":[{"href":"https:\/\/www.turna.com\/blog\/wp-json\/wp\/v2\/posts"}],"about":[{"href":"https:\/\/www.turna.com\/blog\/wp-json\/wp\/v2\/types\/post"}],"author":[{"embeddable":true,"href":"https:\/\/www.turna.com\/blog\/wp-json\/wp\/v2\/users\/34"}],"replies":[{"embeddable":true,"href":"https:\/\/www.turna.com\/blog\/wp-json\/wp\/v2\/comments?post=20700"}],"version-history":[{"count":0,"href":"https:\/\/www.turna.com\/blog\/wp-json\/wp\/v2\/posts\/20700\/revisions"}],"wp:featuredmedia":[{"embeddable":true,"href":"https:\/\/www.turna.com\/blog\/wp-json\/wp\/v2\/media\/20756"}],"wp:attachment":[{"href":"https:\/\/www.turna.com\/blog\/wp-json\/wp\/v2\/media?parent=20700"}],"wp:term":[{"taxonomy":"category","embeddable":true,"href":"https:\/\/www.turna.com\/blog\/wp-json\/wp\/v2\/categories?post=20700"},{"taxonomy":"post_tag","embeddable":true,"href":"https:\/\/www.turna.com\/blog\/wp-json\/wp\/v2\/tags?post=20700"}],"curies":[{"name":"wp","href":"https:\/\/api.w.org\/{rel}","templated":true}]}}