{"id":20699,"date":"2022-03-25T16:26:50","date_gmt":"2022-03-25T13:26:50","guid":{"rendered":"https:\/\/www.turna.com\/blog\/?p=20699"},"modified":"2025-12-09T18:08:19","modified_gmt":"2025-12-09T15:08:19","slug":"tokat-niksar-gezilecek-yerler","status":"publish","type":"post","link":"https:\/\/www.turna.com\/blog\/tokat-niksar-gezilecek-yerler","title":{"rendered":"Tokat Niksar Gezilecek Yerler Listesi: 12 Yer \u0130le En Ayr\u0131nt\u0131l\u0131 Liste"},"content":{"rendered":"<div id=\"ez-toc-container\" class=\"ez-toc-v2_0_82_2 counter-hierarchy ez-toc-counter ez-toc-black ez-toc-container-direction\">\n<div class=\"ez-toc-title-container\">\n<p class=\"ez-toc-title\" style=\"cursor:inherit\">\u0130\u00e7indekiler<\/p>\n<span class=\"ez-toc-title-toggle\"><a href=\"#\" class=\"ez-toc-pull-right ez-toc-btn ez-toc-btn-xs ez-toc-btn-default ez-toc-toggle\" aria-label=\"\u0130\u00e7indekiler Tablosunu A\u00e7\/Kapat\"><span class=\"ez-toc-js-icon-con\"><span class=\"\"><span class=\"eztoc-hide\" style=\"display:none;\">Toggle<\/span><span class=\"ez-toc-icon-toggle-span\"><svg style=\"fill: #ffffff;color:#ffffff\" xmlns=\"http:\/\/www.w3.org\/2000\/svg\" class=\"list-377408\" width=\"20px\" height=\"20px\" viewBox=\"0 0 24 24\" fill=\"none\"><path d=\"M6 6H4v2h2V6zm14 0H8v2h12V6zM4 11h2v2H4v-2zm16 0H8v2h12v-2zM4 16h2v2H4v-2zm16 0H8v2h12v-2z\" fill=\"currentColor\"><\/path><\/svg><svg style=\"fill: #ffffff;color:#ffffff\" class=\"arrow-unsorted-368013\" xmlns=\"http:\/\/www.w3.org\/2000\/svg\" width=\"10px\" height=\"10px\" viewBox=\"0 0 24 24\" version=\"1.2\" baseProfile=\"tiny\"><path d=\"M18.2 9.3l-6.2-6.3-6.2 6.3c-.2.2-.3.4-.3.7s.1.5.3.7c.2.2.4.3.7.3h11c.3 0 .5-.1.7-.3.2-.2.3-.5.3-.7s-.1-.5-.3-.7zM5.8 14.7l6.2 6.3 6.2-6.3c.2-.2.3-.5.3-.7s-.1-.5-.3-.7c-.2-.2-.4-.3-.7-.3h-11c-.3 0-.5.1-.7.3-.2.2-.3.5-.3.7s.1.5.3.7z\"\/><\/svg><\/span><\/span><\/span><\/a><\/span><\/div>\n<nav><ul class='ez-toc-list ez-toc-list-level-1 eztoc-toggle-hide-by-default' ><li class='ez-toc-page-1 ez-toc-heading-level-2'><a class=\"ez-toc-link ez-toc-heading-1\" href=\"https:\/\/www.turna.com\/blog\/tokat-niksar-gezilecek-yerler\/#niksar_gezilecek_yerler\" >Niksar Gezilecek Yerler<\/a><ul class='ez-toc-list-level-3' ><li class='ez-toc-heading-level-3'><a class=\"ez-toc-link ez-toc-heading-2\" href=\"https:\/\/www.turna.com\/blog\/tokat-niksar-gezilecek-yerler\/#niksar_kalesi\" >Niksar Kalesi<\/a><\/li><li class='ez-toc-page-1 ez-toc-heading-level-3'><a class=\"ez-toc-link ez-toc-heading-3\" href=\"https:\/\/www.turna.com\/blog\/tokat-niksar-gezilecek-yerler\/#yagibasan_medresesi\" >Ya\u011f\u0131basan Medresesi<\/a><\/li><li class='ez-toc-page-1 ez-toc-heading-level-3'><a class=\"ez-toc-link ez-toc-heading-4\" href=\"https:\/\/www.turna.com\/blog\/tokat-niksar-gezilecek-yerler\/#tarihi_talazan_koprusu\" >Tarihi Talazan K\u00f6pr\u00fcs\u00fc<\/a><\/li><li class='ez-toc-page-1 ez-toc-heading-level-3'><a class=\"ez-toc-link ez-toc-heading-5\" href=\"https:\/\/www.turna.com\/blog\/tokat-niksar-gezilecek-yerler\/#niksar_leylekli_yilanli_kopru\" >Niksar Leylekli (Y\u0131lanl\u0131) K\u00f6pr\u00fc<\/a><\/li><li class='ez-toc-page-1 ez-toc-heading-level-3'><a class=\"ez-toc-link ez-toc-heading-6\" href=\"https:\/\/www.turna.com\/blog\/tokat-niksar-gezilecek-yerler\/#niksar_ulu_cami\" >Niksar Ulu Cami<\/a><\/li><li class='ez-toc-page-1 ez-toc-heading-level-3'><a class=\"ez-toc-link ez-toc-heading-7\" href=\"https:\/\/www.turna.com\/blog\/tokat-niksar-gezilecek-yerler\/#coregibuyuk_cami\" >\u00c7\u00f6re\u011fib\u00fcy\u00fck Cami<\/a><\/li><li class='ez-toc-page-1 ez-toc-heading-level-3'><a class=\"ez-toc-link ez-toc-heading-8\" href=\"https:\/\/www.turna.com\/blog\/tokat-niksar-gezilecek-yerler\/#tas_mektep\" >Ta\u015f Mektep<\/a><\/li><li class='ez-toc-page-1 ez-toc-heading-level-3'><a class=\"ez-toc-link ez-toc-heading-9\" href=\"https:\/\/www.turna.com\/blog\/tokat-niksar-gezilecek-yerler\/#melikgazi_turbesi\" >Melikgazi T\u00fcrbesi<\/a><\/li><li class='ez-toc-page-1 ez-toc-heading-level-3'><a class=\"ez-toc-link ez-toc-heading-10\" href=\"https:\/\/www.turna.com\/blog\/tokat-niksar-gezilecek-yerler\/#roma_donemi_arsenali\" >Roma D\u00f6nemi Arsenali<\/a><\/li><li class='ez-toc-page-1 ez-toc-heading-level-3'><a class=\"ez-toc-link ez-toc-heading-11\" href=\"https:\/\/www.turna.com\/blog\/tokat-niksar-gezilecek-yerler\/#niksar_evleri\" >Niksar Evleri<\/a><\/li><li class='ez-toc-page-1 ez-toc-heading-level-3'><a class=\"ez-toc-link ez-toc-heading-12\" href=\"https:\/\/www.turna.com\/blog\/tokat-niksar-gezilecek-yerler\/#kirkkizlar_kumbeti\" >K\u0131rkk\u0131zlar K\u00fcmbeti<\/a><\/li><li class='ez-toc-page-1 ez-toc-heading-level-3'><a class=\"ez-toc-link ez-toc-heading-13\" href=\"https:\/\/www.turna.com\/blog\/tokat-niksar-gezilecek-yerler\/#camici_yaylasi\" >\u00c7ami\u00e7i Yaylas\u0131<\/a><\/li><\/ul><\/li><\/ul><\/nav><\/div>\n\n<p>Tarihin, do\u011fan\u0131n ve k\u00fclt\u00fcr\u00fcn merkezi Niksar tam bir turizm kenti. Bu g\u00fczeller g\u00fczeli il\u00e7e i\u00e7inde bar\u0131nd\u0131rd\u0131\u011f\u0131 nice de\u011fer ile neden daha \u00f6nce gelmemi\u015fim diye d\u00fc\u015f\u00fcnd\u00fcr\u00fcyor. Niksar, Kelkit Irma\u011f\u0131 ile Canik Da\u011flar\u0131&#8217;n\u0131n kucakla\u015ft\u0131\u011f\u0131 bir co\u011frafyada yer al\u0131yor. <strong>Niksar gezilecek yerler<\/strong> ziyaret\u00e7ilerini tarihte bir yolculu\u011fa \u00e7\u0131kar\u0131yor. Ayr\u0131ca do\u011fan\u0131n bu b\u00f6lgeye nas\u0131l c\u00f6mert davrand\u0131\u011f\u0131n\u0131 g\u00f6zler \u00f6n\u00fcne seriyor.<\/p>\n\n\n\n<p>Tokat&#8217;\u0131n bir il\u00e7esi olan Niksar, il merkezine 52 km mesafede yer al\u0131yor. \u0130l\u00e7enin tarihinden bahsedecek olursak \u0130mparator Hadrianus zaman\u0131nda B\u00fcy\u00fck Pontus eyaletinin metropolisi ilan edilerek, Anadolu&#8217;nun siyasi ba\u015fkenti haline gelmi\u015f.<\/p>\n\n\n\n<p>Niksar yani tarihteki ad\u0131yla Neocaeserea, Dani\u015fmendli T\u00fcrk Devleti ile birlikte Tacettin O\u011fullar\u0131 Beyli\u011fi&#8217;nin ba\u015fkentli\u011fini yapm\u0131\u015f. T\u00fcrkiye&#8217;nin ikinci b\u00fcy\u00fck kalesi ve Anadolu&#8217;da ilmin ilk \u0131\u015f\u0131klar\u0131n\u0131 yayan Nizamettin Ya\u011f\u0131basan Medresesinin bulundu\u011fu il\u00e7e adeta bir a\u00e7\u0131k hava m\u00fczesi gibi.<\/p>\n\n\n\n<p>Niksar gezilecek yerler, Dani\u015fmendli, Sel\u00e7uklu ve Osmanl\u0131 T\u00fcrk \u0130slam k\u00fclt\u00fcr\u00fcn\u00fc yans\u0131tan eserleri ile tarihin izlerini b\u00fct\u00fcn ihti\u015fam\u0131yla&nbsp;ya\u015fat\u0131yor. Bu tarihi il\u00e7eyi ziyaret etmek isterseniz tek yapman\u0131z gereken <strong><a href=\"https:\/\/www.turna.com\/otobus-bileti\/tokat\" target=\"_blank\" rel=\"noreferrer noopener\">Tokat otob\u00fcs bileti<\/a><\/strong> sat\u0131n almak.<\/p>\n\n\n\n<h2 class=\"wp-block-heading has-text-align-center has-neeon-button-dark-gray-color has-text-color has-link-color wp-elements-51652ebf7f40d9e5b451645b0ac8d98c\"><span class=\"ez-toc-section\" id=\"niksar_gezilecek_yerler\"><\/span><strong><strong><strong><strong>Niksar Gezilecek Yerler<\/strong><\/strong><\/strong><\/strong><span class=\"ez-toc-section-end\"><\/span><\/h2>\n\n\n\n<p><strong>Niksar&#8217;da Gezilecek Yerler<\/strong><\/p>\n\n\n\n<ol class=\"wp-block-list\">\n<li>Niksar Kalesi<\/li>\n\n\n\n<li>Ya\u011f\u0131basan Medresesi<\/li>\n\n\n\n<li>Tarihi Talazan K\u00f6pr\u00fcs\u00fc<\/li>\n\n\n\n<li>Niksar Leylekli (Y\u0131lanl\u0131) K\u00f6pr\u00fc<\/li>\n\n\n\n<li>Niksar Ulu Cami<\/li>\n\n\n\n<li>\u00c7\u00f6re\u011fib\u00fcy\u00fck Cami<\/li>\n\n\n\n<li>Ta\u015f Mektep<\/li>\n\n\n\n<li>Melikgazi T\u00fcrbesi<\/li>\n\n\n\n<li>Roma D\u00f6nemi Arsenali<\/li>\n\n\n\n<li>Niksar Evleri<\/li>\n\n\n\n<li>K\u0131rkk\u0131zlar K\u00fcmbeti<\/li>\n\n\n\n<li>\u00c7ami\u00e7i Yaylas\u0131<\/li>\n<\/ol>\n\n\n\n<h3 class=\"wp-block-heading has-text-align-center has-neeon-button-dark-gray-color has-text-color has-link-color wp-elements-f6aed59821cb689a9746305652d692bf\"><span class=\"ez-toc-section\" id=\"niksar_kalesi\"><\/span><strong><strong><strong><strong>Niksar Kalesi<\/strong><\/strong><\/strong><\/strong><span class=\"ez-toc-section-end\"><\/span><\/h3>\n\n\n\n<figure class=\"wp-block-image size-large\"><img decoding=\"async\" src=\"https:\/\/res.cloudinary.com\/turna\/image\/upload\/v1648213792\/niksar_kalesi_ckmizx.jpg\" alt=\"Niksar gezilecek yerler\"\/><\/figure>\n\n\n\n<p>Niksar Kalesi, Niksar il\u00e7e merkezinde yer al\u0131yor. Esas olarak&nbsp;Pers&nbsp;k\u00f6kenli&nbsp;Pontus Krall\u0131\u011f\u0131&nbsp;zaman\u0131nda yap\u0131ld\u0131\u011f\u0131 ve ad\u0131n\u0131n&nbsp;Kaberia&nbsp;oldu\u011fu biliniyor.&nbsp;<strong>Niksar Kalesi<\/strong>,&nbsp;Roma ve Bizans D\u00f6nemleri\u2019nde eklenen yeni yap\u0131larla b\u00fcy\u00fct\u00fclm\u00fc\u015f.<\/p>\n\n\n\n<p>T\u00fcrkiye&#8217;nin ikinci b\u00fcy\u00fck kalesi olarak an\u0131l\u0131yor. Kalede g\u00f6rebilece\u011finiz yap\u0131lar aras\u0131nda medrese, iki hamam, iki mescit, kilise ve hapishane kal\u0131nt\u0131lar\u0131 bulunuyor.<\/p>\n\n\n\n<ul class=\"wp-block-list\">\n<li>Niksar Kalesi konumu <strong><a href=\"https:\/\/g.page\/KALEHAN?share\" target=\"_blank\" rel=\"noreferrer noopener\">burada.<\/a><\/strong><\/li>\n<\/ul>\n\n\n\n<h3 class=\"wp-block-heading has-text-align-center has-neeon-button-dark-gray-color has-text-color has-link-color wp-elements-a7e1f47202702b06c4692b07b0a2e215\"><span class=\"ez-toc-section\" id=\"yagibasan_medresesi\"><\/span><strong><strong><strong><strong>Ya\u011f\u0131basan Medresesi<\/strong><\/strong><\/strong><\/strong><span class=\"ez-toc-section-end\"><\/span><\/h3>\n\n\n\n<figure class=\"wp-block-image size-large\"><img decoding=\"async\" src=\"https:\/\/res.cloudinary.com\/turna\/image\/upload\/v1648213789\/ya%C4%9F%C4%B1basan_medresesi_ctx4km.jpg\" alt=\"Niksar gezilecek yerler\"\/><\/figure>\n\n\n\n<p>Anadolu&#8217;da g\u00fcn\u00fcm\u00fcze kadar gelebilen ilk ve en eski medreselerden biri <strong>Ya\u011f\u0131basan Medresesi. <\/strong>1158&#8217;de Niksar kalesinde in\u015fa edilmi\u015f. Kapal\u0131 avlulu, iki eyvanl\u0131 ve revaks\u0131z bir medrese buras\u0131. Anadolu&#8217;da t\u0131p e\u011fitimi verilen ilk medreselerden biri olarak biliniyor.<\/p>\n\n\n\n<p>T\u00fcrkler taraf\u0131ndan Anadolu&#8217;da in\u015fa edilen ilk medrese olarak an\u0131l\u0131yor. &nbsp;D\u00e2ni\u015fmendliler Beyli\u011fi&nbsp;d\u00f6neminde Dani\u015fment Ahmet Gazi\u2019nin torunu&nbsp;Niz\u00e2meddin Ya\u011f\u0131basan&nbsp;taraf\u0131ndan yapt\u0131r\u0131lm\u0131\u015f. Niksar gezilecek yerler listenize bu tarihi yap\u0131y\u0131 muhakkak dahil edin.<\/p>\n\n\n\n<ul class=\"wp-block-list\">\n<li>Ya\u011f\u0131basan Medresesi konumu <strong><a href=\"https:\/\/goo.gl\/maps\/DWXh2BSWty4ZfxTr9\" target=\"_blank\" rel=\"noreferrer noopener\">burada.<\/a><\/strong><\/li>\n<\/ul>\n\n\n\n<h3 class=\"wp-block-heading has-text-align-center has-neeon-button-dark-gray-color has-text-color has-link-color wp-elements-762e5261289261dc5b71c091d67e2810\"><span class=\"ez-toc-section\" id=\"tarihi_talazan_koprusu\"><\/span><strong><strong><strong><strong>Tarihi Talazan K\u00f6pr\u00fcs\u00fc<\/strong><\/strong><\/strong><\/strong><span class=\"ez-toc-section-end\"><\/span><\/h3>\n\n\n\n<figure class=\"wp-block-image size-large\"><img decoding=\"async\" src=\"https:\/\/res.cloudinary.com\/turna\/image\/upload\/v1648213790\/talazan_k%C3%B6pr%C3%BCs%C3%BC_pfcrpi.jpg\" alt=\"Niksar gezilecek yerler\"\/><\/figure>\n\n\n\n<p><strong>Talazan K\u00f6pr\u00fcs\u00fc<\/strong>,&nbsp;Niksar&nbsp;il\u00e7e merkezine 15&nbsp;km mes\u00e2fede yer al\u0131yor. K\u00f6pr\u00fc Kelkit \u00c7ay\u0131&nbsp;\u00fczerinde bulunuyor. &#8216;Talazan&#8217; kelime anlam\u0131yla sa\u011flam, g\u00fcvenilir demekmi\u015f. K\u00f6pr\u00fcn\u00fcn kitabesi g\u00fcn\u00fcm\u00fcze ula\u015famam\u0131\u015f. O nedenle yap\u0131m tarihi kesin olarak bilinemese de, yap\u0131 \u00fcslubundan ve baz\u0131 kaynaklardan&nbsp;13. y\u00fczy\u0131l\u0131n&nbsp;ilk yar\u0131s\u0131nda in\u015fa edildi\u011fi tahmin ediliyor. K\u00f6pr\u00fc tescilli tarihi eser stat\u00fcs\u00fcnde bulunuyor.<\/p>\n\n\n\n<ul class=\"wp-block-list\">\n<li>Talazan K\u00f6pr\u00fcs\u00fc konumu <strong><a href=\"https:\/\/goo.gl\/maps\/XdojswVWp5Cs9Yu49\" target=\"_blank\" rel=\"noreferrer noopener\">burada.<\/a><\/strong><\/li>\n<\/ul>\n\n\n\n<h3 class=\"wp-block-heading has-text-align-center has-neeon-button-dark-gray-color has-text-color has-link-color wp-elements-acb9b60690c07f9396efd782e189f816\"><span class=\"ez-toc-section\" id=\"niksar_leylekli_yilanli_kopru\"><\/span><strong><strong><strong><strong>Niksar Leylekli (Y\u0131lanl\u0131) K\u00f6pr\u00fc<\/strong><\/strong><\/strong><\/strong><span class=\"ez-toc-section-end\"><\/span><\/h3>\n\n\n\n<figure class=\"wp-block-image size-large\"><img decoding=\"async\" src=\"https:\/\/res.cloudinary.com\/turna\/image\/upload\/v1648213789\/niksar_gezilecek_yerler_leylekli_k%C3%B6pr%C3%BC_zvoswh.jpg\" alt=\"Niksar gezilecek yerler\"\/><\/figure>\n\n\n\n<p>Niksar&#8217;da gezilecek yerler i\u00e7inde g\u00f6renlerin ilgisini \u00e7eken bir di\u011fer tarihi yap\u0131 da <strong>Leylekli<\/strong> ya da di\u011fer ad\u0131yla <strong>Y\u0131lanl\u0131 K\u00f6pr\u00fc<\/strong>. Roma ya da Bizans d\u00f6neminde yap\u0131ld\u0131\u011f\u0131 tahmin ediliyor. \u0130smini kemerinde a\u011fz\u0131nda y\u0131lan tutan bir leylek fig\u00fcr\u00fcnden al\u0131yor.<\/p>\n\n\n\n<p>Leylekli K\u00f6pr\u00fc&#8217;n\u00fcn yap\u0131m tarihi net&nbsp;olarak bilinmiyor. K\u00f6pr\u00fc Osmanl\u0131 d\u00f6neminde de kullan\u0131lm\u0131\u015f ve g\u00fcn\u00fcm\u00fczde hala sa\u011flam \u015fekilde ayakta duruyor.&nbsp;<\/p>\n\n\n\n<ul class=\"wp-block-list\">\n<li>Niksar Leylekli K\u00f6pr\u00fc konumu <strong><a href=\"https:\/\/goo.gl\/maps\/ogXdnBBCM4osfPp66\" target=\"_blank\" rel=\"noreferrer noopener\">burada.<\/a><\/strong><\/li>\n<\/ul>\n\n\n\n<h3 class=\"wp-block-heading has-text-align-center has-neeon-button-dark-gray-color has-text-color has-link-color wp-elements-52267abbe5799c059d18988112360bd3\"><span class=\"ez-toc-section\" id=\"niksar_ulu_cami\"><\/span><strong><strong><strong><strong>Niksar Ulu Cami<\/strong><\/strong><\/strong><\/strong><span class=\"ez-toc-section-end\"><\/span><\/h3>\n\n\n\n<figure class=\"wp-block-image size-large\"><img decoding=\"async\" src=\"https:\/\/res.cloudinary.com\/turna\/image\/upload\/v1648213790\/niksar_ulu_cami_rdcecb.jpg\" alt=\"Niksar gezilecek yerler\"\/><\/figure>\n\n\n\n<p><strong>Niksar Ulu Camii<\/strong>, kit\u00e2besi olmamas\u0131na ra\u011fmen 1145 y\u0131l\u0131na tarihlendiriliyor.&nbsp;\u00c7epniz\u00e2de Hasan Bey&nbsp;ad\u0131nda bir ki\u015finin in\u015fa ettirdi\u011fi biliniyor. Bu Cami Anadolu&#8217;daki ulu camilerin en eski \u00f6rneklerinden biri.<\/p>\n\n\n\n<ul class=\"wp-block-list\">\n<li>Niksar Ulu Cami konumu <strong><a href=\"https:\/\/goo.gl\/maps\/M1mEqtRiwf77vvZH7\" target=\"_blank\" rel=\"noreferrer noopener\">burada.<\/a><\/strong><\/li>\n<\/ul>\n\n\n\n<h3 class=\"wp-block-heading has-text-align-center has-neeon-button-dark-gray-color has-text-color has-link-color wp-elements-dd037499cdcdf9369fbe20e91ea38bfd\"><span class=\"ez-toc-section\" id=\"coregibuyuk_cami\"><\/span><strong><strong><strong><strong>\u00c7\u00f6re\u011fib\u00fcy\u00fck Cami<\/strong><\/strong><\/strong><\/strong><span class=\"ez-toc-section-end\"><\/span><\/h3>\n\n\n\n<p>Niksar il\u00e7e merkezinde, \u0130lhanl\u0131lardan kalan en \u00f6nemli eser olarak Niksar gezilecek yerler listemize giriyor <strong>\u00c7\u00f6re\u011fib\u00fcy\u00fck Cami<\/strong>. 13. yy&#8217;da Ebu Sait Bahad\u0131r Han zaman\u0131nda tekke ve zaviye olarak yap\u0131lm\u0131\u015f bir eser. Yap\u0131 1939 ve 1942 depremlerinde y\u0131k\u0131lm\u0131\u015f, 1957 y\u0131l\u0131nda cami olarak yeniden restore edilmi\u015f. Caminin en ilgin\u00e7 yan\u0131 portaldaki diz \u00e7\u00f6km\u00fc\u015f ceylan r\u00f6lyefi. Ayr\u0131ca camiye, \u00c7\u00f6re\u011fib\u00fcy\u00fck denmesinin nedeni, portal aln\u0131nda bulunan \u00e7\u00f6re\u011fi and\u0131ran kabartma rozetler.<\/p>\n\n\n\n<ul class=\"wp-block-list\">\n<li>\u00c7\u00f6re\u011fib\u00fcy\u00fck Cami konumu <strong><a href=\"https:\/\/goo.gl\/maps\/9rhF61Nnzah8939D7\" target=\"_blank\" rel=\"noreferrer noopener\">burada.<\/a><\/strong><\/li>\n<\/ul>\n\n\n\n<h3 class=\"wp-block-heading has-text-align-center has-neeon-button-dark-gray-color has-text-color has-link-color wp-elements-fde8f5acedd30348ade276409604833a\"><span class=\"ez-toc-section\" id=\"tas_mektep\"><\/span><strong><strong><strong><strong>Ta\u015f Mektep<\/strong><\/strong><\/strong><\/strong><span class=\"ez-toc-section-end\"><\/span><\/h3>\n\n\n\n<figure class=\"wp-block-image size-large\"><img decoding=\"async\" src=\"https:\/\/res.cloudinary.com\/turna\/image\/upload\/v1648213788\/niksar_gezilecek_yerler_ta%C5%9F_mektep_qfsmtv.jpg\" alt=\"Niksar gezilecek yerler\"\/><\/figure>\n\n\n\n<p><strong>Ta\u015f Mektep<\/strong>, Niksar Eski H\u00fck\u00fcmet Kona\u011f\u0131 yan\u0131nda yer al\u0131yor. Kitabesi bulunmayan yap\u0131n\u0131n kesin in\u015fa tarihi bilinmiyor. \u0130n\u015fa tekni\u011fi ve mimari \u00f6zelliklerine g\u00f6re 19. yy\u2019a tarihlendiriliyor. Osmanl\u0131&nbsp;d\u00f6neminde mahalle&nbsp;ve&nbsp;k\u00f6y&nbsp;mekteplerinden,&nbsp;maarife&nbsp;ba\u011fl\u0131 olmayan e\u011fitim kurumlar\u0131na, halk aras\u0131nda \u201cTa\u015f Mektep\u201d deniliyormu\u015f. Tek derslikli bu mekteplerde, uzun s\u00fcre, k\u0131z-erkek \u00f6\u011frenciler birlikte e\u011fitim g\u00f6rm\u00fc\u015fler.<\/p>\n\n\n\n<h3 class=\"wp-block-heading has-text-align-center has-neeon-button-dark-gray-color has-text-color has-link-color wp-elements-998c71a34d1a4cea7bfbc1faa639f783\"><span class=\"ez-toc-section\" id=\"melikgazi_turbesi\"><\/span><strong><strong><strong><strong>Melikgazi T\u00fcrbesi<\/strong><\/strong><\/strong><\/strong><span class=\"ez-toc-section-end\"><\/span><\/h3>\n\n\n\n<figure class=\"wp-block-image size-large\"><img decoding=\"async\" src=\"https:\/\/res.cloudinary.com\/turna\/image\/upload\/v1648213789\/niksar_melikgazi_t%C3%BCrbesi_usecck.jpg\" alt=\"Niksar gezilecek yerler\"\/><\/figure>\n\n\n\n<p><strong>Melikgazi T\u00fcrbesi<\/strong> Niksar merkezde g\u00f6rebilece\u011finiz yerlerden biri. Niksar&#8217;\u0131n fatihi Dani\u015fmendliler&#8217;in kurucusu olan Melik Dani\u015fmend G\u00fcm\u00fc\u015ftekin Ahmet Gazi olmu\u015f. Dani\u015fmend Gazi fetihten sonra Niksar&#8217;\u0131 sahil Rumlar\u0131na kar\u015f\u0131 m\u00fccadelede kendisine hem bir \u00fcs hem de bu devletin ba\u015fkenti olarak se\u00e7mi\u015f.<\/p>\n\n\n\n<ul class=\"wp-block-list\">\n<li>Melikgazi T\u00fcrbesi konumu <strong><a href=\"https:\/\/goo.gl\/maps\/D81tshQcFYJ1EAe59\" target=\"_blank\" rel=\"noreferrer noopener\">burada.<\/a><\/strong><\/li>\n<\/ul>\n\n\n\n<h3 class=\"wp-block-heading has-text-align-center has-neeon-button-dark-gray-color has-text-color has-link-color wp-elements-350c90973bc4f9317bb94fc40c27a712\"><span class=\"ez-toc-section\" id=\"roma_donemi_arsenali\"><\/span><strong><strong><strong><strong>Roma D\u00f6nemi Arsenali<\/strong><\/strong><\/strong><\/strong><span class=\"ez-toc-section-end\"><\/span><\/h3>\n\n\n\n<figure class=\"wp-block-image size-large\"><img decoding=\"async\" src=\"https:\/\/res.cloudinary.com\/turna\/image\/upload\/v1648213794\/niksar_roma_arsenali_z2wlc0.png\" alt=\"Niksar gezilecek yerler\"\/><\/figure>\n\n\n\n<p><strong>Roma Arsenali<\/strong>, Roma \u0130mparatorlu\u011fu d\u00f6neminde yap\u0131ld\u0131\u011f\u0131 tahmin edilen bir yap\u0131. Niksar&#8217;\u0131n konumunun askeri olarak da ne denli \u00f6nemli oldu\u011funu g\u00f6steriyor. Buras\u0131 k\u0131\u015fla ve silahl\u0131k olarak kullan\u0131lm\u0131\u015f. Yer alt\u0131ndaki yap\u0131, yak\u0131n zamanda restore edilerek ziyarete a\u00e7\u0131lm\u0131\u015f. Ancak her zaman a\u00e7\u0131k olmad\u0131\u011f\u0131n\u0131 belirtmekte fayda var. Gitmeden \u00f6nce belediyeyi aray\u0131p teyit edebilirsiniz.<\/p>\n\n\n\n<ul class=\"wp-block-list\">\n<li>Roma D\u00f6nemi Arsenali konumu <strong><a href=\"https:\/\/goo.gl\/maps\/KoemZ8mq461XrBi69\" target=\"_blank\" rel=\"noreferrer noopener\">burada.<\/a><\/strong><\/li>\n<\/ul>\n\n\n\n<h3 class=\"wp-block-heading has-text-align-center has-neeon-button-dark-gray-color has-text-color has-link-color wp-elements-6dfd2facbc9d3018cb9e88b08114bff9\"><span class=\"ez-toc-section\" id=\"niksar_evleri\"><\/span><strong><strong><strong><strong>Niksar Evleri<\/strong><\/strong><\/strong><\/strong><span class=\"ez-toc-section-end\"><\/span><\/h3>\n\n\n\n<figure class=\"wp-block-image size-large\"><img decoding=\"async\" src=\"https:\/\/res.cloudinary.com\/turna\/image\/upload\/v1648213788\/niksar_evleri_zhw2g3.jpg\" alt=\"Niksar gezilecek yerler\"\/><\/figure>\n\n\n\n<p>Niksar Kalesi&#8217;nin eteklerinde hemen b\u00fct\u00fcn mahallelerde Niksar&#8217;\u0131n geleneksel mimarisinin izlerini g\u00f6rebilirsiniz. Niksar&#8217;daki evlerde ah\u015fap \u00f6n planda. Bu evler \u00e7o\u011funlukla iki-\u00fc\u00e7 katl\u0131. Mutlaka ara sokaklara dalmal\u0131 ve bu yerel mimariyi foto\u011fraflamal\u0131s\u0131n\u0131z.<\/p>\n\n\n\n<h3 class=\"wp-block-heading has-text-align-center has-neeon-button-dark-gray-color has-text-color has-link-color wp-elements-2ba2996fda92d42b899dc6b687f7417e\"><span class=\"ez-toc-section\" id=\"kirkkizlar_kumbeti\"><\/span><strong><strong><strong><strong>K\u0131rkk\u0131zlar K\u00fcmbeti<\/strong><\/strong><\/strong><\/strong><span class=\"ez-toc-section-end\"><\/span><\/h3>\n\n\n\n<figure class=\"wp-block-image size-large\"><img decoding=\"async\" src=\"https:\/\/res.cloudinary.com\/turna\/image\/upload\/v1648213788\/k%C4%B1rkk%C4%B1zlar_k%C3%BCmbeti_niksar_uawjim.jpg\" alt=\"Niksar gezilecek yerler\"\/><\/figure>\n\n\n\n<p>K\u0131rkk\u0131zlar K\u00fcmbeti, K\u0131rkk\u0131zlar T\u00fcrbesi olarak da biliniyor. 1220 tarihli t\u00fcrbe, tu\u011fla \u00f6rg\u00fcl\u00fc an\u0131tsal bir yap\u0131. T\u00fcrbenin sekizgen bi\u00e7imli piramidal k\u00fclah\u0131 y\u0131k\u0131lm\u0131\u015f geriye sa\u00e7ak \u00e7\u0131k\u0131nt\u0131lar\u0131 ve tu\u011fla kubbesi kalm\u0131\u015f.<\/p>\n\n\n\n<ul class=\"wp-block-list\">\n<li>K\u0131rkk\u0131zlar K\u00fcmbeti konumu <strong><a href=\"https:\/\/goo.gl\/maps\/cX83gBUtKpSykTQr9\" target=\"_blank\" rel=\"noreferrer noopener\">burada.<\/a><\/strong><\/li>\n<\/ul>\n\n\n\n<h3 class=\"wp-block-heading has-text-align-center has-neeon-button-dark-gray-color has-text-color has-link-color wp-elements-d17383ebb7fe3517209b3e03b51cfc1b\"><span class=\"ez-toc-section\" id=\"camici_yaylasi\"><\/span><strong><strong><strong><strong>\u00c7ami\u00e7i Yaylas\u0131<\/strong><\/strong><\/strong><\/strong><span class=\"ez-toc-section-end\"><\/span><\/h3>\n\n\n\n<figure class=\"wp-block-image size-large\"><img decoding=\"async\" src=\"https:\/\/res.cloudinary.com\/turna\/image\/upload\/v1648213790\/niksar_%C3%A7ami%C3%A7i_yaylas%C4%B1_kbiae8.jpg\" alt=\"Niksar gezilecek yerler\"\/><\/figure>\n\n\n\n<p>\u00c7ami\u00e7i Yaylas\u0131 Niksar \u00dcnye yolu \u00fczerinde bulunuyor. Deniz seviyesinden yakla\u015f\u0131k 1350 m. y\u00fcksekte bulunan \u00c7ami\u00e7i Yaylas\u0131 tamamen \u00e7am a\u011fa\u00e7lar\u0131yla kapl\u0131, do\u011fa harikas\u0131 bir yayla. \u00c7am ormanlar\u0131 aras\u0131ndaki bu yayla konaklama tesisleriyle son y\u0131llarda epey ziyaret\u00e7i \u00e7ekiyor. Niksar piknik yerleri i\u00e7inde bulunan yaylada do\u011fa y\u00fcr\u00fcy\u00fc\u015f\u00fc ve kamp yapabilirsiniz.<\/p>\n\n\n\n<ul class=\"wp-block-list\">\n<li>\u00c7ami\u00e7i Yaylas\u0131 konumu <strong><a href=\"https:\/\/goo.gl\/maps\/D2cR8dEotTUeT6ZS8\" target=\"_blank\" rel=\"noreferrer noopener\">burada.<\/a><\/strong><\/li>\n<\/ul>\n\n    <div class=\"xs_social_share_widget xs_share_url after_content \t\tmain_content  wslu-style-1 wslu-share-box-shaped wslu-fill-colored wslu-none wslu-share-horizontal wslu-theme-font-no wslu-main_content\">\n\n\t\t\n        <ul>\n\t\t\t        <\/ul>\n    <\/div> \n","protected":false},"excerpt":{"rendered":"<p>Tarihin, do\u011fan\u0131n ve k\u00fclt\u00fcr\u00fcn merkezi Niksar tam bir turizm kenti. Bu g\u00fczeller g\u00fczeli il\u00e7e i\u00e7inde bar\u0131nd\u0131rd\u0131\u011f\u0131 nice de\u011fer ile neden daha \u00f6nce gelmemi\u015fim diye d\u00fc\u015f\u00fcnd\u00fcr\u00fcyor. Niksar, Kelkit Irma\u011f\u0131 ile Canik Da\u011flar\u0131&#8217;n\u0131n kucakla\u015ft\u0131\u011f\u0131 bir co\u011frafyada yer al\u0131yor. Niksar gezilecek yerler ziyaret\u00e7ilerini tarihte bir yolculu\u011fa \u00e7\u0131kar\u0131yor. Ayr\u0131ca do\u011fan\u0131n bu b\u00f6lgeye nas\u0131l c\u00f6mert davrand\u0131\u011f\u0131n\u0131 g\u00f6zler \u00f6n\u00fcne seriyor.<\/p>\n","protected":false},"author":34,"featured_media":20764,"comment_status":"open","ping_status":"open","sticky":false,"template":"","format":"standard","meta":{"rop_custom_images_group":[],"rop_custom_messages_group":[],"rop_publish_now":"initial","rop_publish_now_accounts":[],"rop_publish_now_history":[],"rop_publish_now_status":"pending","_cloudinary_featured_overwrite":false,"footnotes":""},"categories":[2,1864],"tags":[1327],"class_list":["post-20699","post","type-post","status-publish","format-standard","has-post-thumbnail","hentry","category-ulkeler","category-tokat","tag-tokat"],"_links":{"self":[{"href":"https:\/\/www.turna.com\/blog\/wp-json\/wp\/v2\/posts\/20699","targetHints":{"allow":["GET"]}}],"collection":[{"href":"https:\/\/www.turna.com\/blog\/wp-json\/wp\/v2\/posts"}],"about":[{"href":"https:\/\/www.turna.com\/blog\/wp-json\/wp\/v2\/types\/post"}],"author":[{"embeddable":true,"href":"https:\/\/www.turna.com\/blog\/wp-json\/wp\/v2\/users\/34"}],"replies":[{"embeddable":true,"href":"https:\/\/www.turna.com\/blog\/wp-json\/wp\/v2\/comments?post=20699"}],"version-history":[{"count":0,"href":"https:\/\/www.turna.com\/blog\/wp-json\/wp\/v2\/posts\/20699\/revisions"}],"wp:featuredmedia":[{"embeddable":true,"href":"https:\/\/www.turna.com\/blog\/wp-json\/wp\/v2\/media\/20764"}],"wp:attachment":[{"href":"https:\/\/www.turna.com\/blog\/wp-json\/wp\/v2\/media?parent=20699"}],"wp:term":[{"taxonomy":"category","embeddable":true,"href":"https:\/\/www.turna.com\/blog\/wp-json\/wp\/v2\/categories?post=20699"},{"taxonomy":"post_tag","embeddable":true,"href":"https:\/\/www.turna.com\/blog\/wp-json\/wp\/v2\/tags?post=20699"}],"curies":[{"name":"wp","href":"https:\/\/api.w.org\/{rel}","templated":true}]}}