{"id":20697,"date":"2022-03-01T19:54:21","date_gmt":"2022-03-01T16:54:21","guid":{"rendered":"https:\/\/www.turna.com\/blog\/?p=20697"},"modified":"2025-12-09T17:17:51","modified_gmt":"2025-12-09T14:17:51","slug":"safranbolu-gezilecek-yerler","status":"publish","type":"post","link":"https:\/\/www.turna.com\/blog\/safranbolu-gezilecek-yerler","title":{"rendered":"Safranbolu Gezilecek Yerler &#8211; 12 Ke\u015fif Noktas\u0131"},"content":{"rendered":"<div id=\"ez-toc-container\" class=\"ez-toc-v2_0_82_2 counter-hierarchy ez-toc-counter ez-toc-black ez-toc-container-direction\">\n<div class=\"ez-toc-title-container\">\n<p class=\"ez-toc-title\" style=\"cursor:inherit\">\u0130\u00e7indekiler<\/p>\n<span class=\"ez-toc-title-toggle\"><a href=\"#\" class=\"ez-toc-pull-right ez-toc-btn ez-toc-btn-xs ez-toc-btn-default ez-toc-toggle\" aria-label=\"\u0130\u00e7indekiler Tablosunu A\u00e7\/Kapat\"><span class=\"ez-toc-js-icon-con\"><span class=\"\"><span class=\"eztoc-hide\" style=\"display:none;\">Toggle<\/span><span class=\"ez-toc-icon-toggle-span\"><svg style=\"fill: #ffffff;color:#ffffff\" xmlns=\"http:\/\/www.w3.org\/2000\/svg\" class=\"list-377408\" width=\"20px\" height=\"20px\" viewBox=\"0 0 24 24\" fill=\"none\"><path d=\"M6 6H4v2h2V6zm14 0H8v2h12V6zM4 11h2v2H4v-2zm16 0H8v2h12v-2zM4 16h2v2H4v-2zm16 0H8v2h12v-2z\" fill=\"currentColor\"><\/path><\/svg><svg style=\"fill: #ffffff;color:#ffffff\" class=\"arrow-unsorted-368013\" xmlns=\"http:\/\/www.w3.org\/2000\/svg\" width=\"10px\" height=\"10px\" viewBox=\"0 0 24 24\" version=\"1.2\" baseProfile=\"tiny\"><path d=\"M18.2 9.3l-6.2-6.3-6.2 6.3c-.2.2-.3.4-.3.7s.1.5.3.7c.2.2.4.3.7.3h11c.3 0 .5-.1.7-.3.2-.2.3-.5.3-.7s-.1-.5-.3-.7zM5.8 14.7l6.2 6.3 6.2-6.3c.2-.2.3-.5.3-.7s-.1-.5-.3-.7c-.2-.2-.4-.3-.7-.3h-11c-.3 0-.5.1-.7.3-.2.2-.3.5-.3.7s.1.5.3.7z\"\/><\/svg><\/span><\/span><\/span><\/a><\/span><\/div>\n<nav><ul class='ez-toc-list ez-toc-list-level-1 eztoc-toggle-hide-by-default' ><li class='ez-toc-page-1 ez-toc-heading-level-2'><a class=\"ez-toc-link ez-toc-heading-1\" href=\"https:\/\/www.turna.com\/blog\/safranbolu-gezilecek-yerler\/#safranbolu_hakkinda\" >Safranbolu Hakk\u0131nda<\/a><ul class='ez-toc-list-level-3' ><li class='ez-toc-heading-level-3'><a class=\"ez-toc-link ez-toc-heading-2\" href=\"https:\/\/www.turna.com\/blog\/safranbolu-gezilecek-yerler\/#safranbolu_nerede\" >Safranbolu Nerede ?<\/a><\/li><li class='ez-toc-page-1 ez-toc-heading-level-3'><a class=\"ez-toc-link ez-toc-heading-3\" href=\"https:\/\/www.turna.com\/blog\/safranbolu-gezilecek-yerler\/#safranboluya_nasil_gidilir\" >Safranbolu&#8217;ya Nas\u0131l Gidilir ?<\/a><\/li><li class='ez-toc-page-1 ez-toc-heading-level-3'><a class=\"ez-toc-link ez-toc-heading-4\" href=\"https:\/\/www.turna.com\/blog\/safranbolu-gezilecek-yerler\/#safranbolunun_neyi_meshur\" >Safranbolu&#8217;nun Neyi Me\u015fhur ?<\/a><\/li><li class='ez-toc-page-1 ez-toc-heading-level-3'><a class=\"ez-toc-link ez-toc-heading-5\" href=\"https:\/\/www.turna.com\/blog\/safranbolu-gezilecek-yerler\/#safranbolu_konaklama\" >Safranbolu Konaklama<\/a><\/li><\/ul><\/li><li class='ez-toc-page-1 ez-toc-heading-level-2'><a class=\"ez-toc-link ez-toc-heading-6\" href=\"https:\/\/www.turna.com\/blog\/safranbolu-gezilecek-yerler\/#safranboluda_gezilecek_en_guzel_12_yer\" >Safranbolu&#8217;da Gezilecek En G\u00fczel 12 Yer<\/a><ul class='ez-toc-list-level-3' ><li class='ez-toc-heading-level-3'><a class=\"ez-toc-link ez-toc-heading-7\" href=\"https:\/\/www.turna.com\/blog\/safranbolu-gezilecek-yerler\/#safranbolu_evleri\" >Safranbolu Evleri<\/a><\/li><li class='ez-toc-page-1 ez-toc-heading-level-3'><a class=\"ez-toc-link ez-toc-heading-8\" href=\"https:\/\/www.turna.com\/blog\/safranbolu-gezilecek-yerler\/#kent_tarihi_muzesi\" >Kent Tarihi M\u00fczesi<\/a><\/li><li class='ez-toc-page-1 ez-toc-heading-level-3'><a class=\"ez-toc-link ez-toc-heading-9\" href=\"https:\/\/www.turna.com\/blog\/safranbolu-gezilecek-yerler\/#kaymakamlar_gezi_evi\" >Kaymakamlar Gezi Evi<\/a><\/li><li class='ez-toc-page-1 ez-toc-heading-level-3'><a class=\"ez-toc-link ez-toc-heading-10\" href=\"https:\/\/www.turna.com\/blog\/safranbolu-gezilecek-yerler\/#cinci_han_ve_hamam\" >Cinci Han ve Hamam<\/a><\/li><li class='ez-toc-page-1 ez-toc-heading-level-3'><a class=\"ez-toc-link ez-toc-heading-11\" href=\"https:\/\/www.turna.com\/blog\/safranbolu-gezilecek-yerler\/#safranbolu_demirciler_carsisi\" >Safranbolu Demirciler \u00c7ar\u015f\u0131s\u0131<\/a><\/li><li class='ez-toc-page-1 ez-toc-heading-level-3'><a class=\"ez-toc-link ez-toc-heading-12\" href=\"https:\/\/www.turna.com\/blog\/safranbolu-gezilecek-yerler\/#yemeniciler_arastasi\" >Yemeniciler Arastas\u0131<\/a><\/li><li class='ez-toc-page-1 ez-toc-heading-level-3'><a class=\"ez-toc-link ez-toc-heading-13\" href=\"https:\/\/www.turna.com\/blog\/safranbolu-gezilecek-yerler\/#yoruk_koyu\" >Y\u00f6r\u00fck K\u00f6y\u00fc<\/a><\/li><li class='ez-toc-page-1 ez-toc-heading-level-3'><a class=\"ez-toc-link ez-toc-heading-14\" href=\"https:\/\/www.turna.com\/blog\/safranbolu-gezilecek-yerler\/#hidirlik_tepesi\" >H\u0131d\u0131rl\u0131k Tepesi<\/a><\/li><li class='ez-toc-page-1 ez-toc-heading-level-3'><a class=\"ez-toc-link ez-toc-heading-15\" href=\"https:\/\/www.turna.com\/blog\/safranbolu-gezilecek-yerler\/#kristal_teras\" >Kristal Teras<\/a><\/li><li class='ez-toc-page-1 ez-toc-heading-level-3'><a class=\"ez-toc-link ez-toc-heading-16\" href=\"https:\/\/www.turna.com\/blog\/safranbolu-gezilecek-yerler\/#tokatli_kanyonu\" >Tokatl\u0131 Kanyonu<\/a><\/li><li class='ez-toc-page-1 ez-toc-heading-level-3'><a class=\"ez-toc-link ez-toc-heading-17\" href=\"https:\/\/www.turna.com\/blog\/safranbolu-gezilecek-yerler\/#incekaya_su_kemeri\" >\u0130ncekaya Su Kemeri<\/a><\/li><li class='ez-toc-page-1 ez-toc-heading-level-3'><a class=\"ez-toc-link ez-toc-heading-18\" href=\"https:\/\/www.turna.com\/blog\/safranbolu-gezilecek-yerler\/#bulak_mencilis_magarasi\" >Bulak (Mencilis) Ma\u011faras\u0131<\/a><\/li><\/ul><\/li><\/ul><\/nav><\/div>\n\n<p>Hafta sonu bir yerlere ka\u00e7sak, \u015f\u00f6yle bir Bat\u0131 Karadeniz havas\u0131 alsak diyenler i\u00e7in adres Safranbolu olabilir. 2 g\u00fcnl\u00fck bu mini tatilde y\u00f6resel lezzetlerle midenizi bayram ettirip, g\u00f6rece\u011finiz tarihi ve do\u011fal g\u00fczelliklerle ruhunuzu besleyebilirsiniz. <strong>Safranbolu gezilecek yerler<\/strong> listemizde m\u00fczeler, manzara noktalar\u0131, harika do\u011fa olu\u015fumlar\u0131 bulunuyor.<\/p>\n\n\n\n<p>Bozulmam\u0131\u015f tarihi dokusuyla Safranbolu zamanda yolculu\u011fun adresi. 1994 y\u0131l\u0131ndan beri UNESCO D\u00fcnya Miras Listesi&#8217;nde bulunuyor. Safranbolu ad\u0131n\u0131 d\u00fcnyan\u0131n en pahal\u0131 baharatlar\u0131ndan biri olan safrandan al\u0131yor.<\/p>\n\n\n\n<p>Osmanl\u0131 sivil mimarisinin g\u00fczide \u00f6rneklerine, nefes kesici kanyonlara ve nice g\u00fczelli\u011fe ev sahipli\u011fi yapan Safranbolu gezilecek yerler listemize ge\u00e7elim.<\/p>\n\n\n\n<h2 class=\"wp-block-heading has-text-align-center has-neeon-button-dark-gray-color has-text-color has-link-color wp-elements-252dbefd92254970cdd5bf0017ed8a7f\"><span class=\"ez-toc-section\" id=\"safranbolu_hakkinda\"><\/span><strong><strong><strong><strong>Safranbolu Hakk\u0131nda<\/strong><\/strong><\/strong><\/strong><span class=\"ez-toc-section-end\"><\/span><\/h2>\n\n\n\n<h3 class=\"wp-block-heading has-text-align-center has-neeon-button-dark-gray-color has-text-color has-link-color wp-elements-1aea800482aa68e1df283fcd9c6eecaa\"><span class=\"ez-toc-section\" id=\"safranbolu_nerede\"><\/span><strong><strong><strong><strong>Safranbolu Nerede ?<\/strong><\/strong><\/strong><\/strong><span class=\"ez-toc-section-end\"><\/span><\/h3>\n\n\n\n<p>Safranbolu, Karab\u00fck ilinin bir il\u00e7esidir. \u015eehir merkezine 8 km uzakl\u0131kta yer al\u0131yor. Safranbolu, i\u00e7inde bar\u0131nd\u0131rd\u0131\u011f\u0131 tarihi yerler ve do\u011fal olu\u015fumlar\u0131 ile zengin bir il\u00e7edir.<\/p>\n\n\n\n<h3 class=\"wp-block-heading has-text-align-center has-neeon-button-dark-gray-color has-text-color has-link-color wp-elements-b058d05c9ee0257619e51db5ac284143\"><span class=\"ez-toc-section\" id=\"safranboluya_nasil_gidilir\"><\/span><strong><strong><strong><strong>Safranbolu&#8217;ya Nas\u0131l Gidilir ?<\/strong><\/strong><\/strong><\/strong><span class=\"ez-toc-section-end\"><\/span><\/h3>\n\n\n\n<p><strong>Safranbolu\u2019ya u\u00e7akla ula\u015f\u0131m<\/strong>: Safranbolu\u2019ya en yak\u0131n havaliman\u0131 136 km mesafedeki Kastamonu Havaliman\u0131. Buradan da ara\u00e7 kiralayarak kara yolu ile il\u00e7eye ula\u015fabilirsiniz.<\/p>\n\n\n\n<p><strong>Safranbolu\u2019ya otob\u00fcsle ula\u015f\u0131m: <\/strong>T\u00fcrkiye&#8217;deki bir\u00e7ok \u015fehirden Safranbolu\u2019ya direkt otob\u00fcs seferleri bulunuyor. Direkt seferler ile kolayl\u0131kla il\u00e7eye gidebilirsiniz. Safranbolu&#8217;ya otob\u00fcs bileti sat\u0131n almak i\u00e7in <strong><a href=\"https:\/\/www.turna.com\/otobus-bileti\/karabuk\">https:\/\/www.turna.com\/otobus-bileti<\/a><\/strong> adresini ziyaret edebilirsiniz.<\/p>\n\n\n\n<ul class=\"wp-block-list\">\n<li>\u0130stanbul-Safranbolu aras\u0131 410 km.<\/li>\n\n\n\n<li>Ankara-Safranbolu aras\u0131 227 km.<\/li>\n<\/ul>\n\n\n\n<h3 class=\"wp-block-heading has-text-align-center has-neeon-button-dark-gray-color has-text-color has-link-color wp-elements-793cef8d7b65b8e52b59866a1c6d2744\"><span class=\"ez-toc-section\" id=\"safranbolunun_neyi_meshur\"><\/span><strong><strong><strong><strong>Safranbolu&#8217;nun Neyi Me\u015fhur ?<\/strong><\/strong><\/strong><\/strong><span class=\"ez-toc-section-end\"><\/span><\/h3>\n\n\n\n<figure class=\"wp-block-image size-large\"><img decoding=\"async\" src=\"https:\/\/res.cloudinary.com\/turna\/image\/upload\/v1646144457\/safranbolu_safranl%C4%B1_lokum_p4s32t.jpg\" alt=\"Safranbolu Gezilecek Yerler Safranbolu'nun neyi me\u015fhur\"\/><\/figure>\n\n\n\n<p>Safranbolu&#8217;nun neyi me\u015fhur sorusunun en pop\u00fcler cevab\u0131 Safran olabilir. Safran ile \u00fcretilen bir\u00e7ok \u00fcr\u00fcn\u00fc il\u00e7ede bulabilirsiniz. Safranl\u0131 zerde, safran \u00e7ay\u0131, safran lokumu&#8230; Burada bulunan lokumcular\u0131n \u00f6n\u00fcnden ge\u00e7eceksiniz ve size ikram edecekler. Mutlaka tad\u0131na bak\u0131n ve sevdiklerinize de al\u0131n.<\/p>\n\n\n\n<p>Ayr\u0131ca Safranbolu&#8217;da ne yenir derseniz Peruhi, G\u00f6b\u00fc, B\u00fckme, Kuyu Kebab\u0131, Cevizli Yay\u0131m, Safranbolu Baklavas\u0131, Ba\u011flar Gazozu, B\u00fct\u00fcn Et, Tereya\u011fl\u0131 Uzun Pakya Fasulye, Cimitli ve Cimitsiz Simit, Safranl\u0131 Zerde, Kiren \u015eerbeti gibi bir\u00e7ok lezzet tatman\u0131z i\u00e7in sizi bekliyor.<\/p>\n\n\n\n<h3 class=\"wp-block-heading has-text-align-center has-neeon-button-dark-gray-color has-text-color has-link-color wp-elements-090213c43d7d25124dec7f734317cff5\"><span class=\"ez-toc-section\" id=\"safranbolu_konaklama\"><\/span><strong><strong><strong><strong>Safranbolu Konaklama<\/strong><\/strong><\/strong><\/strong><span class=\"ez-toc-section-end\"><\/span><\/h3>\n\n\n\n<p>Ben seyahatlerimde konaklama se\u00e7imlerime \u00f6zenirim. Varsa y\u00f6reye has bir mimari, tarihi bir doku, ya da farkl\u0131 bir konaklama deneyimi mutlaka onu tercih ederim. Safranbolu&#8217;da da b\u00f6lgenin ruhunu hissedebilece\u011finiz \u00e7ok g\u00fczel konaklar bulunuyor. Klasik bir \u015fehir otelindense b\u00f6yle bir evde konaklaman\u0131z\u0131 tavsiye ederim.<\/p>\n\n\n\n<h2 class=\"wp-block-heading has-text-align-center has-neeon-button-dark-gray-color has-text-color has-link-color wp-elements-df374ff93791272c6548a9877eb01659\"><span class=\"ez-toc-section\" id=\"safranboluda_gezilecek_en_guzel_12_yer\"><\/span><strong><strong><strong><strong>Safranbolu&#8217;da Gezilecek En G\u00fczel 12 Yer<\/strong><\/strong><\/strong><\/strong><span class=\"ez-toc-section-end\"><\/span><\/h2>\n\n\n\n<h3 class=\"wp-block-heading has-text-align-center has-neeon-button-dark-gray-color has-text-color has-link-color wp-elements-d8f18b50647982895f4ef2f07842ec33\"><span class=\"ez-toc-section\" id=\"safranbolu_evleri\"><\/span><strong><strong><strong><strong>Safranbolu Evleri<\/strong><\/strong><\/strong><\/strong><span class=\"ez-toc-section-end\"><\/span><\/h3>\n\n\n\n<figure class=\"wp-block-image size-large\"><img decoding=\"async\" src=\"https:\/\/res.cloudinary.com\/turna\/image\/upload\/v1646144455\/safranbolu_gezilecek_yerler_dc8hlo.jpg\" alt=\"Safranbolu Gezilecek Yerler safranbolu evleri\"\/><\/figure>\n\n\n\n<p>Safranbolu gezilecek yerler listemize ikonik <strong>Safranbolu Evleri<\/strong> ile ba\u015flayal\u0131m. Sokaklar\u0131 ar\u015f\u0131nlayal\u0131m, bol bol foto\u011fraflayal\u0131m. Tarihe dokunmak muazzam hissettiriyor. Safranbolu&#8217;nun yama\u00e7lar\u0131na bembeyaz birer inci gibi dizilmi\u015f bu evler.<\/p>\n\n\n\n<p><strong>Safranbolu evleri<\/strong>,&nbsp;18.&nbsp;ve&nbsp;19.&nbsp;y\u00fczy\u0131l&nbsp;Osmanl\u0131&nbsp;kent mimarisinin g\u00fcn\u00fcm\u00fcze kadar korundu\u011fu b\u00f6lgenin genel ad\u0131 asl\u0131nda.&nbsp;UNESCO&nbsp;taraf\u0131ndan 94&nbsp;y\u0131l\u0131nda D\u00fcnya K\u00fclt\u00fcr Miras\u0131&nbsp;listesine al\u0131nm\u0131\u015f. Safranbolu evlerinin harc\u0131n\u0131n yumurta ak\u0131ndan yap\u0131ld\u0131\u011f\u0131 ve uzun s\u00fcre depreme dayand\u0131\u011f\u0131 rivayet ediliyor. Bu evler birbirinin \u00f6n\u00fcn\u00fc kapatmayacak \u015fekilde yap\u0131lm\u0131\u015flar.<\/p>\n\n\n\n<p>Konum <strong><a href=\"https:\/\/goo.gl\/maps\/ts4vT5no9vAoXKFE6\" target=\"_blank\" rel=\"noreferrer noopener\">burada.<\/a><\/strong><\/p>\n\n\n\n<h3 class=\"wp-block-heading has-text-align-center has-neeon-button-dark-gray-color has-text-color has-link-color wp-elements-c74e646817acb59c3e34efb90a790afb\"><span class=\"ez-toc-section\" id=\"kent_tarihi_muzesi\"><\/span><strong><strong><strong><strong>Kent Tarihi M\u00fczesi<\/strong><\/strong><\/strong><\/strong><span class=\"ez-toc-section-end\"><\/span><\/h3>\n\n\n\n<figure class=\"wp-block-image size-large\"><img decoding=\"async\" src=\"https:\/\/res.cloudinary.com\/turna\/image\/upload\/v1646144456\/safranbolu_kent_tarihi_m%C3%BCzesi_sceoft.jpg\" alt=\"Safranbolu Gezilecek Yerler kent tarihi m\u00fczesi\"\/><\/figure>\n\n\n\n<p><strong>Kent tarihi m\u00fczesi, <\/strong>eski kalenin bulundu\u011fu tepenin \u00fczerinde bulunuyor. Kap\u0131s\u0131n\u0131n \u00fczerinde bulunan yaz\u0131ta g\u00f6re 1904&#8217;de Kastamonu Valisi Enis Pa\u015fa ve kentin Kaymakam\u0131 Mir Ahmet Beylerin gayretleri ve halk\u0131n da masraflar\u0131na kat\u0131l\u0131m\u0131yla yap\u0131lm\u0131\u015f.<\/p>\n\n\n\n<p>Bina 1976&#8217;ya kadar il\u00e7enin H\u00fck\u00fcmet Binas\u0131 g\u00f6revini yapm\u0131\u015f. Ge\u00e7irdi\u011fi bir yang\u0131ndan sonra restore edilmi\u015f ve m\u00fcze olarak hizmet vermeye ba\u015flam\u0131\u015f. M\u00fczede Safranbolu&#8217;nun g\u00fcnl\u00fck ya\u015fam\u0131ndan \u00f6rnekler sunuluyor.<\/p>\n\n\n\n<ul class=\"wp-block-list\">\n<li>Kent Tarihi M\u00fczesi giri\u015f \u00fccreti 10 TL. M\u00fcze kart burada ge\u00e7erli de\u011fil.<\/li>\n\n\n\n<li>Konum <strong><a href=\"https:\/\/goo.gl\/maps\/oBRbnJk5nrkRkF6ZA\" target=\"_blank\" rel=\"noreferrer noopener\">burada.<\/a><\/strong><\/li>\n<\/ul>\n\n\n\n<h3 class=\"wp-block-heading has-text-align-center has-neeon-button-dark-gray-color has-text-color has-link-color wp-elements-ab6bde1c8eb393137a1adbba84bb1ac2\"><span class=\"ez-toc-section\" id=\"kaymakamlar_gezi_evi\"><\/span><strong><strong><strong><strong>Kaymakamlar Gezi Evi<\/strong><\/strong><\/strong><\/strong><span class=\"ez-toc-section-end\"><\/span><\/h3>\n\n\n\n<figure class=\"wp-block-image size-large\"><img decoding=\"async\" src=\"https:\/\/res.cloudinary.com\/turna\/image\/upload\/v1646144455\/safranbolu_kaymakamlar_gezi_evi_uogpma.jpg\" alt=\"Safranbolu Gezilecek Yerler kaymakamlar gezi evi\"\/><\/figure>\n\n\n\n<p><strong>Kaymakamlar Gezi Evi<\/strong> 18. ve 19. y\u00fczy\u0131l T\u00fcrk toplumunun ge\u00e7mi\u015fini, k\u00fclt\u00fcr\u00fcn\u00fc ve ya\u015fama bi\u00e7imini yans\u0131tan Safranbolu Evleri aras\u0131nda \u00f6nemli \u00f6rneklerden. 19. y\u00fczy\u0131l ba\u015flar\u0131nda yap\u0131ld\u0131\u011f\u0131 tahmin ediliyor.<\/p>\n\n\n\n<p>Neden ad\u0131 Kaymakamlar Evi derseniz, evin Sahibi Safranbolu K\u0131\u015flas\u0131 kumandan\u0131 Hac\u0131 Mehmet Efendiymi\u015f. Hac\u0131 Mehmet Efendi&#8217;ye yarbay kar\u015f\u0131l\u0131\u011f\u0131 olan &#8216;Kaim -Makam&#8217; denilmesi nedeniyle evleri de halk aras\u0131nda bu isimle s\u00f6ylenmeye ba\u015flam\u0131\u015f.<\/p>\n\n\n\n<p>Evin bah\u00e7esinde soluklan\u0131p bir \u015feyler i\u00e7ebilece\u011finiz bir kafesi de bulunuyor.<\/p>\n\n\n\n<ul class=\"wp-block-list\">\n<li>Kaymakamlar Gezi Evi giri\u015f \u00fccreti 10 TL. M\u00fcze kart burada ge\u00e7erli de\u011fil.<\/li>\n\n\n\n<li>Konum <a href=\"https:\/\/goo.gl\/maps\/Noo9BPJyzCb6nydD6\" target=\"_blank\" rel=\"noreferrer noopener\"><strong>burada<\/strong>.<\/a><\/li>\n<\/ul>\n\n\n\n<h3 class=\"wp-block-heading has-text-align-center has-neeon-button-dark-gray-color has-text-color has-link-color wp-elements-cec05405e1bcee914c0e3258083f76bb\"><span class=\"ez-toc-section\" id=\"cinci_han_ve_hamam\"><\/span><strong><strong><strong><strong>Cinci Han ve Hamam<\/strong><\/strong><\/strong><\/strong><span class=\"ez-toc-section-end\"><\/span><\/h3>\n\n\n\n<figure class=\"wp-block-image size-large\"><img decoding=\"async\" src=\"https:\/\/res.cloudinary.com\/turna\/image\/upload\/v1646144453\/safranbolu_gezilecek_yerler_cinci_han%C4%B1_toxsui.jpg\" alt=\"Safranbolu Gezilecek Yerler cinci han\u0131\"\/><\/figure>\n\n\n\n<p>\u00c7in&#8217;den Anadolu&#8217;ya uzanan tarihi&nbsp;\u0130pekyolu&nbsp;\u00fczerinde kurulmu\u015f irili ufakl\u0131 y\u00fczlerce kervansaraydan biri de Safranbolu&#8217;daki Cinci Han.&nbsp;<strong>Cinci Han&nbsp;<\/strong>Safranbolulu Karaba\u015fzade H\u00fcseyin Efendi (Cinci Hoca) taraf\u0131ndan 1645 y\u0131l\u0131nda yap\u0131lm\u0131\u015f.<\/p>\n\n\n\n<p>\u0130pekyolu&#8217;nun etkinli\u011fini yitirmeye ba\u015flad\u0131\u011f\u0131 20&#8217;nci y\u00fczy\u0131la kadar kervansaray olarak kullan\u0131lm\u0131\u015f Cinci Han\u0131. G\u00fcn\u00fcm\u00fczde otel olarak hizmet veriyor. Safranbolu gezilecek yerler i\u00e7inde g\u00f6rebilece\u011finiz tarihi yerlerden biri.<\/p>\n\n\n\n<p>Cinci Hamam\u0131 kad\u0131nlar ve erkekler k\u0131s\u0131mlar\u0131ndan olu\u015fuyor. Vak\u0131flar Genel M\u00fcd\u00fcrl\u00fc\u011f\u00fc taraf\u0131ndan restore edilen hamam g\u00fcn\u00fcm\u00fczde halen hizmete a\u00e7\u0131k.<\/p>\n\n\n\n<ul class=\"wp-block-list\">\n<li>Cinci Han konumu <strong><a href=\"https:\/\/goo.gl\/maps\/3yKJ2dJecfgEQSqV6\" target=\"_blank\" rel=\"noreferrer noopener\">burada.<\/a><\/strong><\/li>\n\n\n\n<li>Cinci Hamam\u0131 konumu <strong><a href=\"https:\/\/goo.gl\/maps\/w4R9WGUfE8LeeokN9\" target=\"_blank\" rel=\"noreferrer noopener\">burada.<\/a><\/strong><\/li>\n<\/ul>\n\n\n\n<h3 class=\"wp-block-heading has-text-align-center has-neeon-button-dark-gray-color has-text-color has-link-color wp-elements-a0657d88a91f1ee2d795926c4e685124\"><span class=\"ez-toc-section\" id=\"safranbolu_demirciler_carsisi\"><\/span><strong><strong><strong><strong>Safranbolu Demirciler \u00c7ar\u015f\u0131s\u0131<\/strong><\/strong><\/strong><\/strong><span class=\"ez-toc-section-end\"><\/span><\/h3>\n\n\n<div class=\"wp-block-image\">\n<figure class=\"aligncenter size-large\"><img decoding=\"async\" src=\"https:\/\/res.cloudinary.com\/turna\/image\/upload\/v1646144448\/safranbolu_demirciler_%C3%A7ar%C5%9F%C4%B1s%C4%B1_quqeks.jpg\" alt=\"Safranbolu Gezilecek Yerler demirciler \u00e7ar\u015f\u0131s\u0131\"\/><\/figure>\n<\/div>\n\n\n<p>\u0130zzet Mehmet Pa\u015fa Camisi alt\u0131ndan ge\u00e7en Ak\u00e7asu deresinin iki yakas\u0131na kurulmu\u015f <strong>Demirciler \u00c7ar\u015f\u0131s\u0131.<\/strong> S\u0131cak, so\u011fuk demircilik el sanatlar\u0131n\u0131n \u00fcretildi\u011fi ya\u015fayan tek lonca \u00e7ar\u015f\u0131s\u0131. Bak\u0131rc\u0131 ve kalayc\u0131 esnaflar\u0131 da bu \u00e7ar\u015f\u0131 i\u00e7erisinde \u00e7al\u0131\u015f\u0131yor. Bu kalan son ustalarla tan\u0131\u015fmak, \u00e7al\u0131\u015fmalar\u0131n\u0131 izlemek i\u00e7in Safranbolu&#8217;da gezilecek yerler listenize ekleyebilirsiniz.<\/p>\n\n\n\n<ul class=\"wp-block-list\">\n<li>Konum <strong><a href=\"https:\/\/goo.gl\/maps\/d2Kbj3iyUTsS6xdS6\" target=\"_blank\" rel=\"noreferrer noopener\">burada.<\/a><\/strong><\/li>\n<\/ul>\n\n\n\n<h3 class=\"wp-block-heading has-text-align-center has-neeon-button-dark-gray-color has-text-color has-link-color wp-elements-6068675a2bb4f43dcdeab7c3ad9f8a39\"><span class=\"ez-toc-section\" id=\"yemeniciler_arastasi\"><\/span><strong><strong><strong><strong>Yemeniciler Arastas\u0131<\/strong><\/strong><\/strong><\/strong><span class=\"ez-toc-section-end\"><\/span><\/h3>\n\n\n\n<figure class=\"wp-block-image size-large\"><img decoding=\"async\" src=\"https:\/\/res.cloudinary.com\/turna\/image\/upload\/v1646144458\/yemeniciler_arastas%C4%B1_ukuomr.jpg\" alt=\"Safranbolu Gezilecek Yerler yemeniciler arastas\u0131\"\/><\/figure>\n\n\n\n<p>K\u00f6pr\u00fcl\u00fc Mehmet Pa\u015fa Camisi&#8217;ne biti\u015fik konumda bulunuyor <strong>Yemeniciler Arastas\u0131.<\/strong> \u00c7ar\u015f\u0131da 48 ah\u015fap d\u00fckkan yer al\u0131yor. Yemeni dedi\u011fimiz ayakkab\u0131n\u0131n yap\u0131ld\u0131\u011f\u0131 eski lonca \u00e7ar\u015f\u0131s\u0131 buras\u0131. 1950 \u2018lerin sonuna kadar yemenicilik Safranbolu\u2019da \u00f6nemli bir i\u015f kolu olmu\u015f.<\/p>\n\n\n\n<p>Milli m\u00fccadele s\u0131ras\u0131nda ordumuzun ayakkab\u0131 ihtiyac\u0131n\u0131 kar\u015f\u0131lam\u0131\u015f Yemeniciler \u00c7ar\u015f\u0131s\u0131. Ayr\u0131ca \u00e7ar\u015f\u0131da Ahmet Demirezen Yemenicilik M\u00fczesi bulunuyor.<\/p>\n\n\n\n<ul class=\"wp-block-list\">\n<li>Konum <strong><a href=\"https:\/\/goo.gl\/maps\/WxMhsxbbVD4mky2u9\" target=\"_blank\" rel=\"noreferrer noopener\">burada.<\/a><\/strong><\/li>\n<\/ul>\n\n\n\n<h3 class=\"wp-block-heading has-text-align-center has-neeon-button-dark-gray-color has-text-color has-link-color wp-elements-32839fa26213ab17368772516c1373c0\"><span class=\"ez-toc-section\" id=\"yoruk_koyu\"><\/span><strong><strong><strong><strong>Y\u00f6r\u00fck K\u00f6y\u00fc<\/strong><\/strong><\/strong><\/strong><span class=\"ez-toc-section-end\"><\/span><\/h3>\n\n\n\n<figure class=\"wp-block-image size-large\"><img decoding=\"async\" src=\"https:\/\/res.cloudinary.com\/turna\/image\/upload\/v1646145513\/Safranbolu_gezilecek_yerler_y%C3%B6r%C3%BCk_k%C3%B6y%C3%BC_y6j9cw.jpg\" alt=\"Safranbolu Gezilecek Yerler y\u00f6r\u00fck k\u00f6y\u00fc\"\/><\/figure>\n\n\n\n<p>Safranbolu gezi rehberimize <strong>Y\u00f6r\u00fck K\u00f6y\u00fc<\/strong> ile devam ediyoruz. Safranbolu\u2019ya 11 km uzakl\u0131kta bulunuyor. Ger\u00e7ek bir T\u00fcrk-T\u00fcrkmen K\u00f6y\u00fc olu\u015fu ve tarihi yap\u0131lar\u0131n\u0131n g\u00f6rkemi nedeniyle K\u00fclt\u00fcr Bakanl\u0131\u011f\u0131 taraf\u0131ndan 1997&#8217;de koruma alt\u0131na al\u0131nm\u0131\u015f. Bu m\u00fcze k\u00f6yde 93 tescilli eser bulunuyor.<\/p>\n\n\n\n<p>Konum <strong><a href=\"https:\/\/goo.gl\/maps\/vNpong4qi45biQfA6\" target=\"_blank\" rel=\"noreferrer noopener\">burada.<\/a><\/strong><\/p>\n\n\n\n<h3 class=\"wp-block-heading has-text-align-center has-neeon-button-dark-gray-color has-text-color has-link-color wp-elements-3bd81f289a51260efed5fafd1923ebdd\"><span class=\"ez-toc-section\" id=\"hidirlik_tepesi\"><\/span><strong><strong><strong><strong>H\u0131d\u0131rl\u0131k Tepesi<\/strong><\/strong><\/strong><\/strong><span class=\"ez-toc-section-end\"><\/span><\/h3>\n\n\n\n<p>Safranbolu\u2019ya gelen ilk T\u00fcrkler <strong>H\u0131d\u0131rl\u0131k Tepesi<\/strong>&#8216;nde konu\u015flanm\u0131\u015f. Buras\u0131 ya\u011fmur duas\u0131 ve H\u0131d\u0131rellez kutlamalar\u0131n\u0131n yap\u0131lm\u0131\u015f oldu\u011fu \u00f6nemli bir mekan. H\u0131d\u0131rl\u0131k Tepesi&#8217;nde K\u00f6stendil Kaymakam\u0131 Hasan Pa\u015fa\u2019n\u0131n T\u00fcrbesi (1845), H\u0131z\u0131r (H\u0131d\u0131r) Pa\u015fa\u2019n\u0131n mezar\u0131, Kurtulu\u015f Sava\u015f\u0131 kahramanlar\u0131ndan Dr. Ali Yaver Ataman\u2019\u0131n (1955) an\u0131t mezar\u0131 ve iki adet namazgah bulunuyor. \u015eehrin ku\u015f bak\u0131\u015f\u0131 en g\u00fczel izlenebilece\u011fi yerlerden biri bu tepe Safranbolu gezilecek yerler listenizde olmal\u0131.<\/p>\n\n\n\n<ul class=\"wp-block-list\">\n<li>Konum <strong><a href=\"https:\/\/goo.gl\/maps\/Pfv3Ge6ys5WTRwCY6\" target=\"_blank\" rel=\"noreferrer noopener\">burada.<\/a><\/strong><\/li>\n<\/ul>\n\n\n\n<h3 class=\"wp-block-heading has-text-align-center has-neeon-button-dark-gray-color has-text-color has-link-color wp-elements-d9adebbf546d593a4a289f909ff19527\"><span class=\"ez-toc-section\" id=\"kristal_teras\"><\/span><strong><strong><strong><strong>Kristal Teras<\/strong><\/strong><\/strong><\/strong><span class=\"ez-toc-section-end\"><\/span><\/h3>\n\n\n\n<figure class=\"wp-block-image size-large\"><img decoding=\"async\" src=\"https:\/\/res.cloudinary.com\/turna\/image\/upload\/v1646144449\/safranbolu_gezilecek_yerler_kristal_teras_y0o055.jpg\" alt=\"Safranbolu Gezilecek Yerler\"\/><\/figure>\n\n\n\n<p>Karab\u00fck&#8217;\u00fcn turistik il\u00e7elerinden biri olan Safranbolu&#8217;da Tokatl\u0131 Kanyonu \u00fczerine yap\u0131lan <strong>Kristal Cam Teras <\/strong>harika bir manzaraya ev sahipli\u011fi yap\u0131yor. Cam teras\u0131n y\u00fcksekli\u011fi 80 m, geni\u015fli\u011fi ise 11 m. Yerli yabanc\u0131 t\u00fcm turistlerin ilgiyle ziyaret ettikleri kristal teras Safranbolu&#8217;nun simgelerinden biri.<\/p>\n\n\n\n<ul class=\"wp-block-list\">\n<li>Safranbolu Kristal Teras giri\u015f \u00fccreti 8 TL.<\/li>\n\n\n\n<li>Konumu <strong><a href=\"https:\/\/g.page\/kristalcamteras?share\" target=\"_blank\" rel=\"noreferrer noopener\">burada.<\/a><\/strong><\/li>\n<\/ul>\n\n\n\n<h3 class=\"wp-block-heading has-text-align-center has-neeon-button-dark-gray-color has-text-color has-link-color wp-elements-a8d2f0cf55b7569aa35061e474211e16\"><span class=\"ez-toc-section\" id=\"tokatli_kanyonu\"><\/span><strong><strong><strong><strong>Tokatl\u0131 Kanyonu<\/strong><\/strong><\/strong><\/strong><span class=\"ez-toc-section-end\"><\/span><\/h3>\n\n\n<div class=\"wp-block-image\">\n<figure class=\"aligncenter size-large\"><img width=\"800\" height=\"500\" decoding=\"async\" src=\"data:image\/svg+xml;base64,PHN2ZyB4bWxucz0iaHR0cDovL3d3dy53My5vcmcvMjAwMC9zdmciIHdpZHRoPSI4MDAiIGhlaWdodD0iNTAwIj48cmVjdCB3aWR0aD0iMTAwJSIgaGVpZ2h0PSIxMDAlIj48YW5pbWF0ZSBhdHRyaWJ1dGVOYW1lPSJmaWxsIiB2YWx1ZXM9InJnYmEoMTUzLDE1MywxNTMsMC41KTtyZ2JhKDE1MywxNTMsMTUzLDAuMSk7cmdiYSgxNTMsMTUzLDE1MywwLjUpIiBkdXI9IjJzIiByZXBlYXRDb3VudD0iaW5kZWZpbml0ZSIgLz48L3JlY3Q+PC9zdmc+\" alt=\"Safranbolu Gezilecek Yerler\" data-public-id=\"safranbolu_gezilecek_yerler_tokatl\u0131_kanyonu_m1f3aa\/safranbolu_gezilecek_yerler_tokatl\u0131_kanyonu_m1f3aa.jpg\" class=\"wp-post-20697 wp-image-20711\" data-format=\"jpg\" data-transformations=\"f_auto,q_auto:low\" data-version=\"1646144459\" data-seo=\"1\" data-size=\"800 500\" data-srcset=\"https:\/\/res.cloudinary.com\/turna\/images\/f_auto,q_auto:low\/v1646144459\/safranbolu_gezilecek_yerler_tokatl\u0131_kanyonu_m1f3aa\/safranbolu_gezilecek_yerler_tokatl\u0131_kanyonu_m1f3aa.jpg?_i=AA 800w, https:\/\/res.cloudinary.com\/turna\/images\/w_300,h_188,c_scale\/f_auto,q_auto:low\/v1646144459\/safranbolu_gezilecek_yerler_tokatl\u0131_kanyonu_m1f3aa\/safranbolu_gezilecek_yerler_tokatl\u0131_kanyonu_m1f3aa.jpg?_i=AA 300w, https:\/\/res.cloudinary.com\/turna\/images\/w_672,h_420,c_scale\/f_auto,q_auto:low\/v1646144459\/safranbolu_gezilecek_yerler_tokatl\u0131_kanyonu_m1f3aa\/safranbolu_gezilecek_yerler_tokatl\u0131_kanyonu_m1f3aa.jpg?_i=AA 672w, https:\/\/res.cloudinary.com\/turna\/images\/w_640,h_400,c_scale\/f_auto,q_auto:low\/v1646144459\/safranbolu_gezilecek_yerler_tokatl\u0131_kanyonu_m1f3aa\/safranbolu_gezilecek_yerler_tokatl\u0131_kanyonu_m1f3aa.jpg?_i=AA 640w, https:\/\/res.cloudinary.com\/turna\/images\/w_681,h_426,c_scale\/f_auto,q_auto:low\/v1646144459\/safranbolu_gezilecek_yerler_tokatl\u0131_kanyonu_m1f3aa\/safranbolu_gezilecek_yerler_tokatl\u0131_kanyonu_m1f3aa.jpg?_i=AA 681w\" data-sizes=\"(max-width: 800px) 100vw, 800px\" data-delivery=\"upload\" onload=\";window.CLDBind?CLDBind(this):null;\" data-cloudinary=\"lazy\" \/><\/figure>\n<\/div>\n\n\n<p>Tokatl\u0131 Kanyonu Safranbolu gezilecek yerler i\u00e7inde en huzur dolu, oksijen deposu nokta benim i\u00e7in. Sincap, at, kaz gibi hayvanlar\u0131 g\u00f6rebilirsiniz bu \u015fahane kanyonda. Ayr\u0131ca paintball, at binme gibi aktivitelere de kat\u0131labilirsiniz. Yakla\u015f\u0131k 9 kilometrelik bir y\u00fcr\u00fcy\u00fc\u015f parkuru bulunan kanyonda Safranbolu&#8217;nun muhte\u015fem do\u011fas\u0131na kar\u0131\u015f\u0131n.<\/p>\n\n\n\n<p><strong>Tokatl\u0131 Kanyonu<\/strong>&nbsp;H\u0131zar \u00c7ay\u0131 yata\u011f\u0131ndaki kire\u00e7 ta\u015f\u0131 tabakalar\u0131n\u0131n binlerce y\u0131lda a\u015f\u0131nmas\u0131 sonucunda olu\u015fmu\u015f. \u0130ncekaya Su Kemeri ve&nbsp; cam teras da bu kanyonda bulunuyor.<\/p>\n\n\n\n<ul class=\"wp-block-list\">\n<li>Konumu <strong><a href=\"https:\/\/goo.gl\/maps\/DBgXW399ertDFfqYA\" target=\"_blank\" rel=\"noreferrer noopener\">burada.<\/a><\/strong><\/li>\n<\/ul>\n\n\n\n<h3 class=\"wp-block-heading has-text-align-center has-neeon-button-dark-gray-color has-text-color has-link-color wp-elements-dc029b7a23a37d00f53805ab8ee41569\"><span class=\"ez-toc-section\" id=\"incekaya_su_kemeri\"><\/span><strong><strong><strong><strong>\u0130ncekaya Su Kemeri<\/strong><\/strong><\/strong><\/strong><span class=\"ez-toc-section-end\"><\/span><\/h3>\n\n\n\n<figure class=\"wp-block-image size-large\"><img decoding=\"async\" src=\"https:\/\/res.cloudinary.com\/turna\/image\/upload\/v1646144457\/safranbolu_gezilecek_yerler_incekaya_su_kemeri_rftkpi.jpg\" alt=\"Safranbolu Gezilecek Yerler\"\/><\/figure>\n\n\n\n<p><strong>\u0130ncekaya Su Kemeri<\/strong>&#8216;nin ilk in\u015fa tarihi net olarak bilinmiyor. Sadrazam \u0130zzet Mehmet Pa\u015fa taraf\u0131ndan yenilenerek kente kazand\u0131r\u0131lm\u0131\u015f. Bu tarihi su kemeri 1794-1798 tarihlerinde tamirat ge\u00e7irmi\u015f. 116 metre uzunlu\u011fundaki su kemerinin yerden y\u00fcksekli\u011fi yakla\u015f\u0131k 60 metre.<\/p>\n\n\n\n<p>Buradan ge\u00e7en su Asmazlar Kona\u011f\u0131&#8217;n\u0131n bah\u00e7esinde bulunan su terazisinden kentte bulunan \u00e7e\u015fmelere da\u011f\u0131t\u0131l\u0131yor. Da\u011f\u0131t\u0131lan bu suya halk aras\u0131nda pa\u015fa suyu deniliyor.<\/p>\n\n\n\n<ul class=\"wp-block-list\">\n<li>Konum <strong><a href=\"https:\/\/goo.gl\/maps\/Te8be6XWGgFe91569\" target=\"_blank\" rel=\"noreferrer noopener\">burada.<\/a><\/strong><\/li>\n<\/ul>\n\n\n\n<h3 class=\"wp-block-heading has-text-align-center has-neeon-button-dark-gray-color has-text-color has-link-color wp-elements-257a3d9e443241a7d703056b8e7ac698\"><span class=\"ez-toc-section\" id=\"bulak_mencilis_magarasi\"><\/span><strong><strong><strong><strong>Bulak (Mencilis) Ma\u011faras\u0131<\/strong><\/strong><\/strong><\/strong><span class=\"ez-toc-section-end\"><\/span><\/h3>\n\n\n\n<figure class=\"wp-block-image size-large\"><img decoding=\"async\" src=\"https:\/\/res.cloudinary.com\/turna\/image\/upload\/v1646144458\/safranbolu_gezilecek_yerler_bulak_ma%C4%9Faras%C4%B1_yqvofj.jpg\" alt=\"Safranbolu Gezilecek Yerler\"\/><\/figure>\n\n\n\n<p><strong>Bulak Ma\u011faras\u0131<\/strong> ismini s\u0131n\u0131rlar\u0131 i\u00e7erisinde yer ald\u0131\u011f\u0131 Bulak K\u00f6y\u00fc&#8217;nden alm\u0131\u015f. Bulak (Mencilis) Ma\u011faras\u0131&#8217;n\u0131n giri\u015fi dik kayalar \u00fczerinde bulunuyor. 6.5 kilometre uzunlu\u011fundaki ma\u011faran\u0131n 2.5 kilometrelik k\u0131sm\u0131 haritalanm\u0131\u015f. 380 metrelik k\u0131sm\u0131nda ise elektrik ve y\u00fcr\u00fcy\u00fc\u015f parkuru yap\u0131larak turizme a\u00e7\u0131lm\u0131\u015f.<\/p>\n\n\n\n<p>Buras\u0131 halen hidrolojik olarak aktif bir ma\u011fara. Ma\u011faran\u0131n i\u00e7inde yer alt\u0131 nehirleri, g\u00f6letler, \u015felaleler ve sark\u0131t ve dikit olu\u015fumlar\u0131 bulunuyor. &#8220;Do\u011fal Varl\u0131k&#8221; olarak tescil edilen ma\u011faran\u0131n ilginizi \u00e7ekece\u011fine eminim.<\/p>\n\n\n\n<ul class=\"wp-block-list\">\n<li>Bulak Ma\u011faras\u0131 giri\u015f \u00fccreti 10 TL.<\/li>\n\n\n\n<li>Konum <strong><a href=\"https:\/\/goo.gl\/maps\/T4AGf6JT9Vg56gwk7\" target=\"_blank\" rel=\"noreferrer noopener\">burada.<\/a><\/strong><\/li>\n<\/ul>\n\n\n\n<p>Safranbolu gezilecek yerler listem umar\u0131m i\u015finize yarar. Akl\u0131n\u0131za tak\u0131lan bir detay olursa l\u00fctfen yorumlarda benimle payla\u015f\u0131n. \ud83d\ude0a Mutlu seyahatler.<\/p>\n\n    <div class=\"xs_social_share_widget xs_share_url after_content \t\tmain_content  wslu-style-1 wslu-share-box-shaped wslu-fill-colored wslu-none wslu-share-horizontal wslu-theme-font-no wslu-main_content\">\n\n\t\t\n        <ul>\n\t\t\t        <\/ul>\n    <\/div> \n","protected":false},"excerpt":{"rendered":"<p>Hafta sonu bir yerlere ka\u00e7sak, \u015f\u00f6yle bir Bat\u0131 Karadeniz havas\u0131 alsak diyenler i\u00e7in adres Safranbolu olabilir. 2 g\u00fcnl\u00fck bu mini tatilde y\u00f6resel lezzetlerle midenizi bayram ettirip, g\u00f6rece\u011finiz tarihi ve do\u011fal g\u00fczelliklerle ruhunuzu besleyebilirsiniz. Safranbolu gezilecek yerler listemizde m\u00fczeler, manzara noktalar\u0131, harika do\u011fa olu\u015fumlar\u0131 bulunuyor.<\/p>\n","protected":false},"author":34,"featured_media":20713,"comment_status":"open","ping_status":"open","sticky":false,"template":"","format":"standard","meta":{"rop_custom_images_group":[],"rop_custom_messages_group":[],"rop_publish_now":"initial","rop_publish_now_accounts":[],"rop_publish_now_history":[],"rop_publish_now_status":"pending","_cloudinary_featured_overwrite":false,"footnotes":""},"categories":[2,1882],"tags":[2586],"class_list":["post-20697","post","type-post","status-publish","format-standard","has-post-thumbnail","hentry","category-ulkeler","category-karabuk","tag-karabuk"],"_links":{"self":[{"href":"https:\/\/www.turna.com\/blog\/wp-json\/wp\/v2\/posts\/20697","targetHints":{"allow":["GET"]}}],"collection":[{"href":"https:\/\/www.turna.com\/blog\/wp-json\/wp\/v2\/posts"}],"about":[{"href":"https:\/\/www.turna.com\/blog\/wp-json\/wp\/v2\/types\/post"}],"author":[{"embeddable":true,"href":"https:\/\/www.turna.com\/blog\/wp-json\/wp\/v2\/users\/34"}],"replies":[{"embeddable":true,"href":"https:\/\/www.turna.com\/blog\/wp-json\/wp\/v2\/comments?post=20697"}],"version-history":[{"count":0,"href":"https:\/\/www.turna.com\/blog\/wp-json\/wp\/v2\/posts\/20697\/revisions"}],"wp:featuredmedia":[{"embeddable":true,"href":"https:\/\/www.turna.com\/blog\/wp-json\/wp\/v2\/media\/20713"}],"wp:attachment":[{"href":"https:\/\/www.turna.com\/blog\/wp-json\/wp\/v2\/media?parent=20697"}],"wp:term":[{"taxonomy":"category","embeddable":true,"href":"https:\/\/www.turna.com\/blog\/wp-json\/wp\/v2\/categories?post=20697"},{"taxonomy":"post_tag","embeddable":true,"href":"https:\/\/www.turna.com\/blog\/wp-json\/wp\/v2\/tags?post=20697"}],"curies":[{"name":"wp","href":"https:\/\/api.w.org\/{rel}","templated":true}]}}