{"id":20524,"date":"2022-02-25T08:42:00","date_gmt":"2022-02-25T05:42:00","guid":{"rendered":"https:\/\/www.turna.com\/blog\/?p=20524"},"modified":"2025-12-09T17:10:42","modified_gmt":"2025-12-09T14:10:42","slug":"orduda-yapilacak-seyler","status":"publish","type":"post","link":"https:\/\/www.turna.com\/blog\/orduda-yapilacak-seyler","title":{"rendered":"Ordu&#8217;da Yap\u0131lacak \u015eeyler"},"content":{"rendered":"<div id=\"ez-toc-container\" class=\"ez-toc-v2_0_82_2 counter-hierarchy ez-toc-counter ez-toc-black ez-toc-container-direction\">\n<div class=\"ez-toc-title-container\">\n<p class=\"ez-toc-title\" style=\"cursor:inherit\">\u0130\u00e7indekiler<\/p>\n<span class=\"ez-toc-title-toggle\"><a href=\"#\" class=\"ez-toc-pull-right ez-toc-btn ez-toc-btn-xs ez-toc-btn-default ez-toc-toggle\" aria-label=\"\u0130\u00e7indekiler Tablosunu A\u00e7\/Kapat\"><span class=\"ez-toc-js-icon-con\"><span class=\"\"><span class=\"eztoc-hide\" style=\"display:none;\">Toggle<\/span><span class=\"ez-toc-icon-toggle-span\"><svg style=\"fill: #ffffff;color:#ffffff\" xmlns=\"http:\/\/www.w3.org\/2000\/svg\" class=\"list-377408\" width=\"20px\" height=\"20px\" viewBox=\"0 0 24 24\" fill=\"none\"><path d=\"M6 6H4v2h2V6zm14 0H8v2h12V6zM4 11h2v2H4v-2zm16 0H8v2h12v-2zM4 16h2v2H4v-2zm16 0H8v2h12v-2z\" fill=\"currentColor\"><\/path><\/svg><svg style=\"fill: #ffffff;color:#ffffff\" class=\"arrow-unsorted-368013\" xmlns=\"http:\/\/www.w3.org\/2000\/svg\" width=\"10px\" height=\"10px\" viewBox=\"0 0 24 24\" version=\"1.2\" baseProfile=\"tiny\"><path d=\"M18.2 9.3l-6.2-6.3-6.2 6.3c-.2.2-.3.4-.3.7s.1.5.3.7c.2.2.4.3.7.3h11c.3 0 .5-.1.7-.3.2-.2.3-.5.3-.7s-.1-.5-.3-.7zM5.8 14.7l6.2 6.3 6.2-6.3c.2-.2.3-.5.3-.7s-.1-.5-.3-.7c-.2-.2-.4-.3-.7-.3h-11c-.3 0-.5.1-.7.3-.2.2-.3.5-.3.7s.1.5.3.7z\"\/><\/svg><\/span><\/span><\/span><\/a><\/span><\/div>\n<nav><ul class='ez-toc-list ez-toc-list-level-1 eztoc-toggle-hide-by-default' ><li class='ez-toc-page-1 ez-toc-heading-level-2'><a class=\"ez-toc-link ez-toc-heading-1\" href=\"https:\/\/www.turna.com\/blog\/orduda-yapilacak-seyler\/#orduda_yapilacak_seyler\" >Ordu&#8217;da Yap\u0131lacak \u015eeyler<\/a><ul class='ez-toc-list-level-3' ><li class='ez-toc-heading-level-3'><a class=\"ez-toc-link ez-toc-heading-2\" href=\"https:\/\/www.turna.com\/blog\/orduda-yapilacak-seyler\/#1_unye_kalesi\" >1. \u00dcnye Kalesi<\/a><\/li><li class='ez-toc-page-1 ez-toc-heading-level-3'><a class=\"ez-toc-link ez-toc-heading-3\" href=\"https:\/\/www.turna.com\/blog\/orduda-yapilacak-seyler\/#2_ciseli_selalesi\" >2. \u00c7iseli \u015eelalesi<\/a><\/li><li class='ez-toc-page-1 ez-toc-heading-level-3'><a class=\"ez-toc-link ez-toc-heading-4\" href=\"https:\/\/www.turna.com\/blog\/orduda-yapilacak-seyler\/#3_persembe_yaylasi\" >3. Per\u015fembe Yaylas\u0131<\/a><\/li><li class='ez-toc-page-1 ez-toc-heading-level-3'><a class=\"ez-toc-link ez-toc-heading-5\" href=\"https:\/\/www.turna.com\/blog\/orduda-yapilacak-seyler\/#4_kupkaya_kanyonu\" >4. K\u00fcpkaya Kanyonu<\/a><\/li><li class='ez-toc-page-1 ez-toc-heading-level-3'><a class=\"ez-toc-link ez-toc-heading-6\" href=\"https:\/\/www.turna.com\/blog\/orduda-yapilacak-seyler\/#5_cambasi_yaylasi_ve_kayak_merkezi\" >5. \u00c7amba\u015f\u0131 Yaylas\u0131 ve Kayak Merkezi<\/a><\/li><li class='ez-toc-page-1 ez-toc-heading-level-3'><a class=\"ez-toc-link ez-toc-heading-7\" href=\"https:\/\/www.turna.com\/blog\/orduda-yapilacak-seyler\/#6_aybasti_kent_ormani\" >6. Aybast\u0131 Kent Orman\u0131<\/a><\/li><li class='ez-toc-page-1 ez-toc-heading-level-3'><a class=\"ez-toc-link ez-toc-heading-8\" href=\"https:\/\/www.turna.com\/blog\/orduda-yapilacak-seyler\/#7_ordu_gaga_golu\" >7. Ordu Gaga G\u00f6l\u00fc<\/a><\/li><li class='ez-toc-page-1 ez-toc-heading-level-3'><a class=\"ez-toc-link ez-toc-heading-9\" href=\"https:\/\/www.turna.com\/blog\/orduda-yapilacak-seyler\/#8_gili_gili_dag_evi\" >8. G\u0131li G\u0131li Da\u011f Evi<\/a><\/li><li class='ez-toc-page-1 ez-toc-heading-level-3'><a class=\"ez-toc-link ez-toc-heading-10\" href=\"https:\/\/www.turna.com\/blog\/orduda-yapilacak-seyler\/#9_kabakdagi\" >9. Kabakda\u011f\u0131<\/a><\/li><li class='ez-toc-page-1 ez-toc-heading-level-3'><a class=\"ez-toc-link ez-toc-heading-11\" href=\"https:\/\/www.turna.com\/blog\/orduda-yapilacak-seyler\/#10_ulugol\" >10. Ulug\u00f6l<\/a><\/li><li class='ez-toc-page-1 ez-toc-heading-level-3'><a class=\"ez-toc-link ez-toc-heading-12\" href=\"https:\/\/www.turna.com\/blog\/orduda-yapilacak-seyler\/#11_uzundere_selalesi\" >11. Uzundere \u015eelalesi<\/a><\/li><li class='ez-toc-page-1 ez-toc-heading-level-3'><a class=\"ez-toc-link ez-toc-heading-13\" href=\"https:\/\/www.turna.com\/blog\/orduda-yapilacak-seyler\/#12_yesilce\" >12. Ye\u015filce<\/a><\/li><li class='ez-toc-page-1 ez-toc-heading-level-3'><a class=\"ez-toc-link ez-toc-heading-14\" href=\"https:\/\/www.turna.com\/blog\/orduda-yapilacak-seyler\/#13_ablak_tasi_ve_gecilmez_kanyonu\" >13. Ablak Ta\u015f\u0131 ve Ge\u00e7ilmez Kanyonu<\/a><\/li><li class='ez-toc-page-1 ez-toc-heading-level-3'><a class=\"ez-toc-link ez-toc-heading-15\" href=\"https:\/\/www.turna.com\/blog\/orduda-yapilacak-seyler\/#14_topcam_mesudiye_mevkii\" >14. Top\u00e7am Mesudiye Mevkii<\/a><\/li><\/ul><\/li><li class='ez-toc-page-1 ez-toc-heading-level-2'><a class=\"ez-toc-link ez-toc-heading-16\" href=\"https:\/\/www.turna.com\/blog\/orduda-yapilacak-seyler\/#orduda_nerede_ne_yenir\" >Ordu&#8217;da Nerede Ne Yenir<\/a><\/li><li class='ez-toc-page-1 ez-toc-heading-level-2'><a class=\"ez-toc-link ez-toc-heading-17\" href=\"https:\/\/www.turna.com\/blog\/orduda-yapilacak-seyler\/#orduda_nerede_kalinir\" >Ordu&#8217;da Nerede Kal\u0131n\u0131r<\/a><\/li><li class='ez-toc-page-1 ez-toc-heading-level-2'><a class=\"ez-toc-link ez-toc-heading-18\" href=\"https:\/\/www.turna.com\/blog\/orduda-yapilacak-seyler\/#orduya_nasil_gidilir\" >Ordu&#8217;ya Nas\u0131l Gidilir<\/a><\/li><\/ul><\/nav><\/div>\n\n<p><strong>Ordu<\/strong>, Karadeniz co\u011frafyam\u0131z\u0131n en huzurlu tatil rotalar\u0131ndan. Kilometrelerce uzayan u\u00e7suz bucaks\u0131z f\u0131nd\u0131k bah\u00e7eleri, her bir k\u00f6\u015feye serpil g\u00f6rkemli antik kal\u0131nt\u0131lar, yemye\u015fil yaylalar\u0131 nefes kesici g\u00fczellikte. <\/p>\n\n\n\n<p>Da\u011flar aras\u0131na gizlenmi\u015f etkileyici \u015felaleleri, <meta charset=\"utf-8\">mavi ve ye\u015filin doyumuna varaca\u011f\u0131n\u0131z g\u00fczel co\u011frafyas\u0131 ve leziz yemekleri <meta charset=\"utf-8\">son y\u0131llarda yerli ve yabanc\u0131 turistin ilgisini \u00fczerine toplamay\u0131 ba\u015fard\u0131. Bu g\u00fczel co\u011frafyay\u0131 ke\u015ffetmeye gitti\u011finizde yap\u0131lacak \u00e7ok \u015fey ile kar\u015f\u0131la\u015faca\u011f\u0131n\u0131za emin olun.<\/p>\n\n\n\n<h2 class=\"wp-block-heading has-text-align-center has-neeon-button-dark-gray-color has-text-color has-link-color wp-elements-46a9cb056355bfc41ab6c6786980633b\"><span class=\"ez-toc-section\" id=\"orduda_yapilacak_seyler\"><\/span><strong><strong><strong><strong>Ordu&#8217;da Yap\u0131lacak \u015eeyler<\/strong><\/strong><\/strong><\/strong><span class=\"ez-toc-section-end\"><\/span><\/h2>\n\n\n\n<h3 class=\"wp-block-heading has-text-align-center has-neeon-button-dark-gray-color has-text-color has-link-color wp-elements-e874cc3fe0482fd14425e6118dc47a3f\"><span class=\"ez-toc-section\" id=\"1_unye_kalesi\"><\/span><strong><strong><strong><strong>1. \u00dcnye Kalesi<\/strong><\/strong><\/strong><\/strong><span class=\"ez-toc-section-end\"><\/span><\/h3>\n\n\n\n<figure class=\"wp-block-image size-full is-style-default\"><img width=\"800\" height=\"500\" data-public-id=\"orduda-yapilacak-seyler\/orduda-yapilacak-seyler.jpg\" fetchpriority=\"high\" decoding=\"async\" src=\"https:\/\/res.cloudinary.com\/turna\/images\/w_800,h_500,c_scale\/f_auto,q_auto:low\/v1644571408\/orduda-yapilacak-seyler\/orduda-yapilacak-seyler.jpg?_i=AA\" alt=\"orduda-yapilacak-seyler\" class=\"wp-post-20524 wp-image-20666\" data-format=\"jpg\" data-transformations=\"f_auto,q_auto:low\" data-version=\"1644571408\" data-seo=\"1\" srcset=\"https:\/\/res.cloudinary.com\/turna\/images\/f_auto,q_auto:low\/v1644571408\/orduda-yapilacak-seyler\/orduda-yapilacak-seyler.jpg?_i=AA 800w, https:\/\/res.cloudinary.com\/turna\/images\/w_300,h_188,c_scale\/f_auto,q_auto:low\/v1644571408\/orduda-yapilacak-seyler\/orduda-yapilacak-seyler.jpg?_i=AA 300w, https:\/\/res.cloudinary.com\/turna\/images\/w_672,h_420,c_scale\/f_auto,q_auto:low\/v1644571408\/orduda-yapilacak-seyler\/orduda-yapilacak-seyler.jpg?_i=AA 672w, https:\/\/res.cloudinary.com\/turna\/images\/w_640,h_400,c_scale\/f_auto,q_auto:low\/v1644571408\/orduda-yapilacak-seyler\/orduda-yapilacak-seyler.jpg?_i=AA 640w, https:\/\/res.cloudinary.com\/turna\/images\/w_681,h_426,c_scale\/f_auto,q_auto:low\/v1644571408\/orduda-yapilacak-seyler\/orduda-yapilacak-seyler.jpg?_i=AA 681w\" sizes=\"(max-width: 800px) 100vw, 800px\" \/><\/figure>\n\n\n\n<p><strong>Ordu\u2019da yap\u0131lacak \u015feyler<\/strong> listenizde olmas\u0131 gereken \u00dcnye Kalesi M.\u00d6. 200&#8217;l\u00fc y\u0131llarda Pontus H\u00fck\u00fcmdar\u0131 II. Mitradates&#8217;in taraf\u0131ndan yapt\u0131r\u0131lm\u0131\u015f. Daha sonra bu b\u00f6lgeyi ele ge\u00e7iren di\u011fer medeniyetler de kaleyi kullanm\u0131\u015flar. Eskiden kalenin bulundu\u011fu yerde yanarda\u011f varm\u0131\u015f.<\/p>\n\n\n\n<p>Kalede derin dehlizler, kuyular, eski kral mezarlar\u0131, ma\u011faralar bulunuyor. Buraya yerle\u015fen kavimler y\u00fczy\u0131llar boyunca kaleye ihtiya\u00e7lar\u0131na g\u00f6re ilaveler yapt\u0131rm\u0131\u015flar. Kale surlar\u0131n\u0131n baz\u0131 b\u00f6l\u00fcmleri Romal\u0131lar, baz\u0131lar\u0131 da Osmanl\u0131lar taraf\u0131ndan yapt\u0131r\u0131lm\u0131\u015f.<\/p>\n\n\n\n<p>Kalenin giri\u015f kap\u0131s\u0131 da Osmanl\u0131lar taraf\u0131ndan yap\u0131lm\u0131\u015f. B\u00fcy\u00fck bir b\u00f6l\u00fcm\u00fc y\u00fcksek kayalar\u0131n \u00fczerine in\u015fa edilmi\u015f kale 250 m y\u00fcksekli\u011fe sahip. \u00dcnye Kalesi 1. derece arkeolojik sit alan\u0131 ilan edilmi\u015f. \u00dcnye Kalesi\u2019nin en ilgi \u00e7ekici detaylar\u0131ndan biri Kral Mezarlar\u0131. 6. y\u00fczy\u0131lda yap\u0131lan mezarlar kalenin \u00fcst\u00fcne yap\u0131lm\u0131\u015f.<\/p>\n\n\n\n<h3 class=\"wp-block-heading has-text-align-center has-neeon-button-dark-gray-color has-text-color has-link-color wp-elements-522ae4416a1a64307963008555857bc1\"><span class=\"ez-toc-section\" id=\"2_ciseli_selalesi\"><\/span><strong><strong><strong><strong>2. \u00c7iseli \u015eelalesi<\/strong><\/strong><\/strong><\/strong><span class=\"ez-toc-section-end\"><\/span><\/h3>\n\n\n\n<figure class=\"wp-block-image size-full is-style-default\"><img width=\"800\" height=\"500\" data-public-id=\"ciseli-selalesi\/ciseli-selalesi.jpg\" decoding=\"async\" src=\"https:\/\/res.cloudinary.com\/turna\/images\/w_800,h_500,c_scale\/f_auto,q_auto:low\/v1644571462\/ciseli-selalesi\/ciseli-selalesi.jpg?_i=AA\" alt=\"\u00c7iseli \u015eelalesi\" class=\"wp-post-20524 wp-image-20667\" data-format=\"jpg\" data-transformations=\"f_auto,q_auto:low\" data-version=\"1644571462\" data-seo=\"1\" srcset=\"https:\/\/res.cloudinary.com\/turna\/images\/f_auto,q_auto:low\/v1644571462\/ciseli-selalesi\/ciseli-selalesi.jpg?_i=AA 800w, https:\/\/res.cloudinary.com\/turna\/images\/w_300,h_188,c_scale\/f_auto,q_auto:low\/v1644571462\/ciseli-selalesi\/ciseli-selalesi.jpg?_i=AA 300w, https:\/\/res.cloudinary.com\/turna\/images\/w_672,h_420,c_scale\/f_auto,q_auto:low\/v1644571462\/ciseli-selalesi\/ciseli-selalesi.jpg?_i=AA 672w, https:\/\/res.cloudinary.com\/turna\/images\/w_640,h_400,c_scale\/f_auto,q_auto:low\/v1644571462\/ciseli-selalesi\/ciseli-selalesi.jpg?_i=AA 640w, https:\/\/res.cloudinary.com\/turna\/images\/w_681,h_426,c_scale\/f_auto,q_auto:low\/v1644571462\/ciseli-selalesi\/ciseli-selalesi.jpg?_i=AA 681w\" sizes=\"(max-width: 800px) 100vw, 800px\" \/><\/figure>\n\n\n\n<p>Ak\u00e7aova Irma\u011f\u0131 \u00fczerinde bulunan \u015felaleler, muhte\u015fem manzaralar\u0131 ile ziyaret\u00e7ilerini b\u00fcy\u00fcl\u00fcyor. Ordu merkeze ba\u011fl\u0131 Karaoluk K\u00f6y\u00fc yak\u0131nlar\u0131ndaki \u015felaleler, \u00f6zellikle yaz aylar\u0131nda serinlemek isteyen y\u00f6re halk\u0131 ile dolup ta\u015f\u0131yor. <\/p>\n\n\n\n<p>Do\u011fa y\u00fcr\u00fcy\u00fc\u015f\u00fc yapan turistler de buraya u\u011framadan d\u00f6nm\u00fcyorlar.&nbsp;Ordu\u2019da yap\u0131lacak \u015feyler listenizde mutlaka olmas\u0131 gereken \u00c7iseli \u015eelalesi, Ordu Karaoluk K\u00f6y\u00fc s\u0131n\u0131rlar\u0131 i\u00e7erisinde.<\/p>\n\n\n\n<h3 class=\"wp-block-heading has-text-align-center has-neeon-button-dark-gray-color has-text-color has-link-color wp-elements-3be1ce2ad7d7311ed1da1defd90bd3a5\"><span class=\"ez-toc-section\" id=\"3_persembe_yaylasi\"><\/span><strong><strong><strong><strong>3. Per\u015fembe Yaylas\u0131<\/strong><\/strong><\/strong><\/strong><span class=\"ez-toc-section-end\"><\/span><\/h3>\n\n\n\n<figure class=\"wp-block-image size-full is-style-default\"><img width=\"800\" height=\"500\" data-public-id=\"persembe-yaylasi\/persembe-yaylasi.jpg\" decoding=\"async\" src=\"https:\/\/res.cloudinary.com\/turna\/images\/w_800,h_500,c_scale\/f_auto,q_auto:low\/v1644571540\/persembe-yaylasi\/persembe-yaylasi.jpg?_i=AA\" alt=\"Per\u015fembe Yaylas\u0131\" class=\"wp-post-20524 wp-image-20668\" data-format=\"jpg\" data-transformations=\"f_auto,q_auto:low\" data-version=\"1644571540\" data-seo=\"1\" srcset=\"https:\/\/res.cloudinary.com\/turna\/images\/f_auto,q_auto:low\/v1644571540\/persembe-yaylasi\/persembe-yaylasi.jpg?_i=AA 800w, https:\/\/res.cloudinary.com\/turna\/images\/w_300,h_188,c_scale\/f_auto,q_auto:low\/v1644571540\/persembe-yaylasi\/persembe-yaylasi.jpg?_i=AA 300w, https:\/\/res.cloudinary.com\/turna\/images\/w_672,h_420,c_scale\/f_auto,q_auto:low\/v1644571540\/persembe-yaylasi\/persembe-yaylasi.jpg?_i=AA 672w, https:\/\/res.cloudinary.com\/turna\/images\/w_640,h_400,c_scale\/f_auto,q_auto:low\/v1644571540\/persembe-yaylasi\/persembe-yaylasi.jpg?_i=AA 640w, https:\/\/res.cloudinary.com\/turna\/images\/w_681,h_426,c_scale\/f_auto,q_auto:low\/v1644571540\/persembe-yaylasi\/persembe-yaylasi.jpg?_i=AA 681w\" sizes=\"(max-width: 800px) 100vw, 800px\" \/><\/figure>\n\n\n\n<p>Cennet gibi do\u011fas\u0131yla Per\u015fembe Yaylas\u0131, Karadeniz&#8217;in en g\u00fczel yerlerinden biri. Aybast\u0131 il\u00e7esine ba\u011fl\u0131 yayla, yaz aylar\u0131nda do\u011fa severlerin Karadeniz&#8217;de en \u00e7ok ziyaret ettikleri yerlerden biri.<\/p>\n\n\n\n<p>Per\u015fembe Yaylas\u0131, Ordu&#8217;da d\u00fczenlenen \u015fenlikler ve festivallere de ev sahipli\u011fi yap\u0131yor. Yaylan\u0131n sakinlerinden biri de Y\u0131lk\u0131 atlar\u0131. Bu vah\u015fi atlar y\u00fczy\u0131llard\u0131r burada ya\u015f\u0131yorlar. Ordu &#8211; Aybast\u0131 aras\u0131nda \u00e7al\u0131\u015fan minib\u00fcsler bulunmaktad\u0131r.<\/p>\n\n\n\n<h3 class=\"wp-block-heading has-text-align-center has-neeon-button-dark-gray-color has-text-color has-link-color wp-elements-856721e4b5611bb8b5462b245919e906\"><span class=\"ez-toc-section\" id=\"4_kupkaya_kanyonu\"><\/span><strong><strong><strong><strong>4. K\u00fcpkaya Kanyonu<\/strong><\/strong><\/strong><\/strong><span class=\"ez-toc-section-end\"><\/span><\/h3>\n\n\n\n<p>K\u00fcpkaya Kanyonu do\u011fa y\u00fcr\u00fcy\u00fc\u015f\u00fc ve kamp yapmak isteyenlerin tercih etti\u011fi yerlerden biri. Ulubey il\u00e7esindeki kanyon, Ordu merkezine yakla\u015f\u0131k 30 km mesafede bulunuyor. K\u00fcpkaya Kanyonu bal\u0131k tutmak, rafting ve piknik yapmak i\u00e7in de uygun.<\/p>\n\n\n\n<h3 class=\"wp-block-heading has-text-align-center has-neeon-button-dark-gray-color has-text-color has-link-color wp-elements-e482972efc941f49c89a1c790835cb38\"><span class=\"ez-toc-section\" id=\"5_cambasi_yaylasi_ve_kayak_merkezi\"><\/span><strong><strong><strong><strong>5. \u00c7amba\u015f\u0131 Yaylas\u0131 ve Kayak Merkezi<\/strong><\/strong><\/strong><\/strong><span class=\"ez-toc-section-end\"><\/span><\/h3>\n\n\n\n<figure class=\"wp-block-image size-full is-style-default\"><img width=\"800\" height=\"500\" data-public-id=\"cambasi\/cambasi.jpg\" loading=\"lazy\" decoding=\"async\" src=\"https:\/\/res.cloudinary.com\/turna\/images\/w_800,h_500,c_scale\/f_auto,q_auto:low\/v1644571600\/cambasi\/cambasi.jpg?_i=AA\" alt=\"\u00c7amba\u015f\u0131 Yaylas\u0131\" class=\"wp-post-20524 wp-image-20669\" data-format=\"jpg\" data-transformations=\"f_auto,q_auto:low\" data-version=\"1644571600\" data-seo=\"1\" srcset=\"https:\/\/res.cloudinary.com\/turna\/images\/f_auto,q_auto:low\/v1644571600\/cambasi\/cambasi.jpg?_i=AA 800w, https:\/\/res.cloudinary.com\/turna\/images\/w_300,h_188,c_scale\/f_auto,q_auto:low\/v1644571600\/cambasi\/cambasi.jpg?_i=AA 300w, https:\/\/res.cloudinary.com\/turna\/images\/w_672,h_420,c_scale\/f_auto,q_auto:low\/v1644571600\/cambasi\/cambasi.jpg?_i=AA 672w, https:\/\/res.cloudinary.com\/turna\/images\/w_640,h_400,c_scale\/f_auto,q_auto:low\/v1644571600\/cambasi\/cambasi.jpg?_i=AA 640w, https:\/\/res.cloudinary.com\/turna\/images\/w_681,h_426,c_scale\/f_auto,q_auto:low\/v1644571600\/cambasi\/cambasi.jpg?_i=AA 681w\" sizes=\"(max-width: 800px) 100vw, 800px\" \/><\/figure>\n\n\n\n<p>\u00c7amba\u015f\u0131 Yaylas\u0131 muhte\u015fem bir manzaraya ve havaya sahip. Buraya yak\u0131n konaklayabilece\u011finiz g\u00fczel yerler de mevcut. Ordu&#8217;ya yapaca\u011f\u0131n\u0131z gezilerde buray\u0131 da ziyaret edebilirsiniz.<\/p>\n\n\n\n<h3 class=\"wp-block-heading has-text-align-center has-neeon-button-dark-gray-color has-text-color has-link-color wp-elements-e69dedf2cc6cbda86b900e48d50bae3e\"><span class=\"ez-toc-section\" id=\"6_aybasti_kent_ormani\"><\/span><strong><strong><strong><strong>6. Aybast\u0131 Kent Orman\u0131<\/strong><\/strong><\/strong><\/strong><span class=\"ez-toc-section-end\"><\/span><\/h3>\n\n\n\n<figure class=\"wp-block-image size-full is-style-default\"><img width=\"800\" height=\"500\" data-public-id=\"aybasti\/aybasti.jpg\" loading=\"lazy\" decoding=\"async\" src=\"https:\/\/res.cloudinary.com\/turna\/images\/w_800,h_500,c_scale\/f_auto,q_auto:low\/v1644571662\/aybasti\/aybasti.jpg?_i=AA\" alt=\"aybasti\" class=\"wp-post-20524 wp-image-20670\" data-format=\"jpg\" data-transformations=\"f_auto,q_auto:low\" data-version=\"1644571662\" data-seo=\"1\" srcset=\"https:\/\/res.cloudinary.com\/turna\/images\/f_auto,q_auto:low\/v1644571662\/aybasti\/aybasti.jpg?_i=AA 800w, https:\/\/res.cloudinary.com\/turna\/images\/w_300,h_188,c_scale\/f_auto,q_auto:low\/v1644571662\/aybasti\/aybasti.jpg?_i=AA 300w, https:\/\/res.cloudinary.com\/turna\/images\/w_672,h_420,c_scale\/f_auto,q_auto:low\/v1644571662\/aybasti\/aybasti.jpg?_i=AA 672w, https:\/\/res.cloudinary.com\/turna\/images\/w_640,h_400,c_scale\/f_auto,q_auto:low\/v1644571662\/aybasti\/aybasti.jpg?_i=AA 640w, https:\/\/res.cloudinary.com\/turna\/images\/w_681,h_426,c_scale\/f_auto,q_auto:low\/v1644571662\/aybasti\/aybasti.jpg?_i=AA 681w\" sizes=\"(max-width: 800px) 100vw, 800px\" \/><\/figure>\n\n\n\n<p>Do\u011fayla ba\u015f ba\u015fa, huzurlu bir g\u00fcn ge\u00e7irmek isterseniz buraya gelin. Mis gibi da\u011f havas\u0131 ve \u00e7am kokular\u0131 aras\u0131nda y\u00fcr\u00fcy\u00fc\u015f yap\u0131p, yeme\u011finizi yiyebilirsiniz.<\/p>\n\n\n\n<h3 class=\"wp-block-heading has-text-align-center has-neeon-button-dark-gray-color has-text-color has-link-color wp-elements-dfce256b2d216ef19e2c56e37e0dd8f1\"><span class=\"ez-toc-section\" id=\"7_ordu_gaga_golu\"><\/span><strong><strong><strong><strong>7. Ordu Gaga G\u00f6l\u00fc<\/strong><\/strong><\/strong><\/strong><span class=\"ez-toc-section-end\"><\/span><\/h3>\n\n\n\n<p>Ordu Fatsa&#8217;da bulunan Gaga g\u00f6l\u00fc g\u00f6r\u00fclmeye de\u011fer. G\u00f6l\u00fcn k\u0131y\u0131s\u0131nda \u00e7ay i\u00e7ip vakit ge\u00e7irebilece\u011finiz yerler de var.<\/p>\n\n\n\n<h3 class=\"wp-block-heading has-text-align-center has-neeon-button-dark-gray-color has-text-color has-link-color wp-elements-54eecb4e03387c754b034b42d709fc41\"><span class=\"ez-toc-section\" id=\"8_gili_gili_dag_evi\"><\/span><strong><strong><strong><strong>8. G\u0131li G\u0131li Da\u011f Evi<\/strong><\/strong><\/strong><\/strong><span class=\"ez-toc-section-end\"><\/span><\/h3>\n\n\n\n<p>Yaz aylar\u0131nda mis gibi havas\u0131 ve manzaras\u0131yla u\u011frayabilece\u011finiz bir yer.<\/p>\n\n\n\n<h3 class=\"wp-block-heading has-text-align-center has-neeon-button-dark-gray-color has-text-color has-link-color wp-elements-23a8a195ae92f59de53c32440eafea39\"><span class=\"ez-toc-section\" id=\"9_kabakdagi\"><\/span><strong><strong><strong><strong>9. Kabakda\u011f\u0131<\/strong><\/strong><\/strong><\/strong><span class=\"ez-toc-section-end\"><\/span><\/h3>\n\n\n\n<figure class=\"wp-block-image size-full is-style-default\"><img width=\"800\" height=\"500\" data-public-id=\"kabakdagi\/kabakdagi.jpg\" loading=\"lazy\" decoding=\"async\" src=\"https:\/\/res.cloudinary.com\/turna\/images\/w_800,h_500,c_scale\/f_auto,q_auto:low\/v1644571759\/kabakdagi\/kabakdagi.jpg?_i=AA\" alt=\"kabakdagi\" class=\"wp-post-20524 wp-image-20671\" data-format=\"jpg\" data-transformations=\"f_auto,q_auto:low\" data-version=\"1644571759\" data-seo=\"1\" srcset=\"https:\/\/res.cloudinary.com\/turna\/images\/f_auto,q_auto:low\/v1644571759\/kabakdagi\/kabakdagi.jpg?_i=AA 800w, https:\/\/res.cloudinary.com\/turna\/images\/w_300,h_188,c_scale\/f_auto,q_auto:low\/v1644571759\/kabakdagi\/kabakdagi.jpg?_i=AA 300w, https:\/\/res.cloudinary.com\/turna\/images\/w_672,h_420,c_scale\/f_auto,q_auto:low\/v1644571759\/kabakdagi\/kabakdagi.jpg?_i=AA 672w, https:\/\/res.cloudinary.com\/turna\/images\/w_640,h_400,c_scale\/f_auto,q_auto:low\/v1644571759\/kabakdagi\/kabakdagi.jpg?_i=AA 640w, https:\/\/res.cloudinary.com\/turna\/images\/w_681,h_426,c_scale\/f_auto,q_auto:low\/v1644571759\/kabakdagi\/kabakdagi.jpg?_i=AA 681w\" sizes=\"(max-width: 800px) 100vw, 800px\" \/><\/figure>\n\n\n\n<p>Fatsa\u2019ya yak\u0131n bir konumda yer alan Kabakda\u011f\u0131\u2019nda eski Ordu evlerini g\u00f6rebilirsiniz.<\/p>\n\n\n\n<h3 class=\"wp-block-heading has-text-align-center has-neeon-button-dark-gray-color has-text-color has-link-color wp-elements-c1f540e21a83ba5470d5bbf5f1358843\"><span class=\"ez-toc-section\" id=\"10_ulugol\"><\/span><strong><strong><strong><strong>10. Ulug\u00f6l<\/strong><\/strong><\/strong><\/strong><span class=\"ez-toc-section-end\"><\/span><\/h3>\n\n\n\n<p>Ordu\u2019nun G\u00f6lk\u00f6y il\u00e7esine yak\u0131n bir konumda olan <strong>Ulug\u00f6l<\/strong> bir krater g\u00f6l\u00fc. Deniz seviyesinden yakla\u015f\u0131k 1200 m y\u00fcksekte bulunan g\u00f6l\u00fcn \u00e7evresinde keyifli bir y\u00fcr\u00fcy\u00fc\u015f yapabilirsiniz. Foto\u011fraf merakl\u0131lar\u0131na \u00f6zellikle tavsiye edebilece\u011fimiz Ulug\u00f6l\u2019de, yemek yiyebilece\u011finiz veya piknik yapabilece\u011finiz yerler de mevcut.<\/p>\n\n\n\n<h3 class=\"wp-block-heading has-text-align-center has-neeon-button-dark-gray-color has-text-color has-link-color wp-elements-bd74c8d5591e25e1ab6edb02622473db\"><span class=\"ez-toc-section\" id=\"11_uzundere_selalesi\"><\/span><strong><strong><strong><strong>11. Uzundere \u015eelalesi<\/strong><\/strong><\/strong><\/strong><span class=\"ez-toc-section-end\"><\/span><\/h3>\n\n\n\n<figure class=\"wp-block-image size-full is-style-default\"><img width=\"800\" height=\"500\" data-public-id=\"ordu-uzundere\/ordu-uzundere.jpg\" loading=\"lazy\" decoding=\"async\" src=\"https:\/\/res.cloudinary.com\/turna\/images\/w_800,h_500,c_scale\/f_auto,q_auto:low\/v1644571825\/ordu-uzundere\/ordu-uzundere.jpg?_i=AA\" alt=\"ordu uzundere\" class=\"wp-post-20524 wp-image-20672\" data-format=\"jpg\" data-transformations=\"f_auto,q_auto:low\" data-version=\"1644571825\" data-seo=\"1\" srcset=\"https:\/\/res.cloudinary.com\/turna\/images\/f_auto,q_auto:low\/v1644571825\/ordu-uzundere\/ordu-uzundere.jpg?_i=AA 800w, https:\/\/res.cloudinary.com\/turna\/images\/w_300,h_188,c_scale\/f_auto,q_auto:low\/v1644571825\/ordu-uzundere\/ordu-uzundere.jpg?_i=AA 300w, https:\/\/res.cloudinary.com\/turna\/images\/w_672,h_420,c_scale\/f_auto,q_auto:low\/v1644571825\/ordu-uzundere\/ordu-uzundere.jpg?_i=AA 672w, https:\/\/res.cloudinary.com\/turna\/images\/w_640,h_400,c_scale\/f_auto,q_auto:low\/v1644571825\/ordu-uzundere\/ordu-uzundere.jpg?_i=AA 640w, https:\/\/res.cloudinary.com\/turna\/images\/w_681,h_426,c_scale\/f_auto,q_auto:low\/v1644571825\/ordu-uzundere\/ordu-uzundere.jpg?_i=AA 681w\" sizes=\"(max-width: 800px) 100vw, 800px\" \/><\/figure>\n\n\n\n<p>Bir do\u011fa harikas\u0131 olan Uzundere \u015eelalesi, T\u00fcrkiye\u2019nin en y\u00fcksek \u015felalelerinden biri. Ordu Aybast\u0131\u2019da bulunan \u015felaleye gitmek i\u00e7in yan\u0131n\u0131zda mutlaka do\u011fa ko\u015fullar\u0131na uygun bir ayakkab\u0131 bulundurun.<\/p>\n\n\n\n<p>Y\u00fcr\u00fcy\u00fc\u015f yolu biraz zor olmas\u0131na ra\u011fmen \u015felalenin muhte\u015fem manzaras\u0131 yorgunlu\u011funuzu unutturacak. Yaz aylar\u0131nda Uzundere \u015eelalesi&#8217;nin suyu kuruyormu\u015f. Bahar aylar\u0131 ziyaret i\u00e7in en uygun mevsim.<\/p>\n\n\n\n<h3 class=\"wp-block-heading has-text-align-center has-neeon-button-dark-gray-color has-text-color has-link-color wp-elements-27653c00daf16f1985c59d67c50891c1\"><span class=\"ez-toc-section\" id=\"12_yesilce\"><\/span><strong><strong><strong><strong>12. Ye\u015filce<\/strong><\/strong><\/strong><\/strong><span class=\"ez-toc-section-end\"><\/span><\/h3>\n\n\n\n<p>Ordu\u2019nun bu \u015firin kasabas\u0131 beyaz badanal\u0131, k\u0131rm\u0131z\u0131 \u00e7at\u0131l\u0131 bak\u0131ml\u0131 evleri ile ziyaret\u00e7ilerini b\u00fcy\u00fcl\u00fcyor. \u00d6zellikle foto\u011fraf merakl\u0131s\u0131 gezginlere tavsiye ederiz.<\/p>\n\n\n\n<h3 class=\"wp-block-heading has-text-align-center has-neeon-button-dark-gray-color has-text-color has-link-color wp-elements-2f9c0e9e79a2c55409b586d1bb42f815\"><span class=\"ez-toc-section\" id=\"13_ablak_tasi_ve_gecilmez_kanyonu\"><\/span><strong><strong><strong><strong>13. Ablak Ta\u015f\u0131 ve Ge\u00e7ilmez Kanyonu<\/strong><\/strong><\/strong><\/strong><span class=\"ez-toc-section-end\"><\/span><\/h3>\n\n\n\n<p>Ordu Ablak Ta\u015f\u0131 ve Ge\u00e7ilmez Kanyonu muhte\u015fem manzaras\u0131 ve b\u00fcy\u00fcleyici g\u00f6r\u00fcnt\u00fcs\u00fcyle mutlaka g\u00f6rmeniz gereken yerlerden biri. Ablak Ta\u015f\u0131\u2019n\u0131n \u00fczerinden kartpostallarda bile g\u00f6remeyece\u011finiz bir manzaray\u0131 seyredebilirsiniz. Y\u00fckseklik korkunuz varsa dikkatli olman\u0131z gerekli.<\/p>\n\n\n\n<h3 class=\"wp-block-heading has-text-align-center has-neeon-button-dark-gray-color has-text-color has-link-color wp-elements-aa9d17dc4ed33ac32978a7c7bfcd467d\"><span class=\"ez-toc-section\" id=\"14_topcam_mesudiye_mevkii\"><\/span><strong><strong><strong><strong>14. Top\u00e7am Mesudiye Mevkii<\/strong><\/strong><\/strong><\/strong><span class=\"ez-toc-section-end\"><\/span><\/h3>\n\n\n\n<figure class=\"wp-block-image size-full is-style-default\"><img width=\"800\" height=\"500\" data-public-id=\"topcam-ordu\/topcam-ordu.jpg\" loading=\"lazy\" decoding=\"async\" src=\"https:\/\/res.cloudinary.com\/turna\/images\/w_800,h_500,c_scale\/f_auto,q_auto:low\/v1644571984\/topcam-ordu\/topcam-ordu.jpg?_i=AA\" alt=\"Top\u00e7am ordu\" class=\"wp-post-20524 wp-image-20673\" data-format=\"jpg\" data-transformations=\"f_auto,q_auto:low\" data-version=\"1644571984\" data-seo=\"1\" srcset=\"https:\/\/res.cloudinary.com\/turna\/images\/f_auto,q_auto:low\/v1644571984\/topcam-ordu\/topcam-ordu.jpg?_i=AA 800w, https:\/\/res.cloudinary.com\/turna\/images\/w_300,h_188,c_scale\/f_auto,q_auto:low\/v1644571984\/topcam-ordu\/topcam-ordu.jpg?_i=AA 300w, https:\/\/res.cloudinary.com\/turna\/images\/w_672,h_420,c_scale\/f_auto,q_auto:low\/v1644571984\/topcam-ordu\/topcam-ordu.jpg?_i=AA 672w, https:\/\/res.cloudinary.com\/turna\/images\/w_640,h_400,c_scale\/f_auto,q_auto:low\/v1644571984\/topcam-ordu\/topcam-ordu.jpg?_i=AA 640w, https:\/\/res.cloudinary.com\/turna\/images\/w_681,h_426,c_scale\/f_auto,q_auto:low\/v1644571984\/topcam-ordu\/topcam-ordu.jpg?_i=AA 681w\" sizes=\"(max-width: 800px) 100vw, 800px\" \/><\/figure>\n\n\n\n<p>Ordu&#8217;da yol boyunca b\u00f6yle muhte\u015fem manzaralarla kar\u015f\u0131la\u015facaks\u0131n\u0131z. Akamoy Boztepe, Ordu&#8217;nun en g\u00fczel manzaralar\u0131ndan birine sahip tepesinde. Buraya sahilden teleferikle veya arac\u0131n\u0131zla \u00e7ok kolay bir \u015fekilde ula\u015fabilirsiniz. <\/p>\n\n\n\n<p>Tertemiz \u00e7am kokulu havas\u0131 ve huzurlu ortam\u0131yla herkese tavsiye ederim. \u00d6zellikle yaz aylar\u0131nda, bah\u00e7esinde kahvalt\u0131 yapmaya paha bi\u00e7ilemez. \u00c7amba\u015f\u0131 Hotel, harika bir manzaraya sahip. Odalar\u0131 \u00e7ok konforlu ve yeni. Yataklar\u0131 \u00e7ok rahat. Kahvalt\u0131s\u0131 muhte\u015fem. Herkese tavsiye ederim.<\/p>\n\n\n\n<h2 class=\"wp-block-heading has-text-align-center has-neeon-button-dark-gray-color has-text-color has-link-color wp-elements-3a16a1d0da72d9df1056045dad777001\"><span class=\"ez-toc-section\" id=\"orduda_nerede_ne_yenir\"><\/span><strong><strong><strong><strong>Ordu&#8217;da Nerede Ne Yenir<\/strong><\/strong><\/strong><\/strong><span class=\"ez-toc-section-end\"><\/span><\/h2>\n\n\n\n<p>1. M\u0131hlama &#8211; Kuymak: Karadeniz&#8217;in en sevilen lezzetlerinden biri olan M\u0131hlama veya Kuymak temelde un, tereya\u011f\u0131 ve peynir kullan\u0131larak yap\u0131l\u0131yor. Y\u00f6reden y\u00f6reye kullan\u0131lan un; beyaz un veya m\u0131s\u0131r unu olarak fark\u0131l\u0131k g\u00f6steriyor.<\/p>\n\n\n\n<p>2. Kaldirik: Y\u00f6resel bir ot olan kaldirik, \u00f6nce ha\u015flan\u0131r. Sonra suyu s\u00fcz\u00fcl\u00fcr ve iyice s\u0131k\u0131l\u0131r. So\u011fanla kavrulduktan sonra arzuya g\u00f6re yumurta ile kar\u0131\u015ft\u0131r\u0131ld\u0131ktan sonra omlet gibi tavada k\u0131zart\u0131l\u0131r. Karadeniz y\u00f6resinin en sevilen yiyeceklerinden biri olan kaldirik, tur\u015fu olarak da k\u0131\u015f aylar\u0131nda sevilerek yeniliyor.<\/p>\n\n\n\n<p>3. Dible: P\u0131rasa, taze fasulye, kara lahana, yaprak bezelye gibi \u00e7e\u015fitli sebzelerden yap\u0131l\u0131yor. Y\u0131kanan sebzeler k\u00fc\u00e7\u00fck k\u00fc\u00e7\u00fck do\u011frand\u0131ktan sonra bir miktar suyla birlikte tencereye koyuyoruz. \u00dczerine do\u011franm\u0131\u015f domates, so\u011fan ve \u00f6nceden \u0131slat\u0131lm\u0131\u015f pirinci koyup k\u0131s\u0131k ate\u015fte kar\u0131\u015ft\u0131rarak pi\u015firiyoruz.<\/p>\n\n\n\n<p>4. Ordu Asarkaya Kent Orman\u0131: Ordu merkezine \u00e7ok yak\u0131n bir konumda olan Asarakaya Kent Orman\u0131 piknik yap\u0131p, \u00e7ok g\u00fczel vakit ge\u00e7irebilece\u011finiz bir yer. \u00d6zellikle s\u0131cak yaz g\u00fcnlerinde ve hafta sonlar\u0131 buras\u0131 \u00e7ok kalabal\u0131k oluyor. Yiyecek ve i\u00e7ece\u011finizi kendiniz getirebilece\u011finiz gibi, buradan da temin edebilirsiniz. Mangal, \u0131zgara ve semaverde \u00e7ay servisleri var.<\/p>\n\n\n\n<p>5. Akta\u015flar Pide: Pideleri ve etleri muhte\u015fem. Manzara da s\u00fcper. Ordu&#8217;yu ziyaret ederseniz, buraya mutlaka u\u011fray\u0131n. Yorgun bir g\u00fcn\u00fcn ard\u0131ndan manzaran\u0131n ve yemeklerin keyfini \u00e7\u0131kar\u0131n.<\/p>\n\n\n\n<p>6. Atabeyo\u011flu Lezzet \u00c7iftli\u011fi: Pideleri, et yemekleri ve m\u0131s\u0131r ekme\u011fi m\u00fckemmel herkese tavsiye ederim. \u00c7ok g\u00fczel ve nezih bir yer.<\/p>\n\n\n\n<p>7. \u00c7eki\u00e7o\u011flu G\u00f6zleme Evi: Kabad\u00fcz mevkiinde muhte\u015fem bir manzaraya sahip mekanda, g\u00f6zleme, ayran ve tur\u015fuyu deneyin. Harika lezzetler \ud83d\ude42<\/p>\n\n\n\n<p>8. G\u0131li G\u0131li Da\u011f Evi: Huzurlu ortam\u0131 ve tertemiz da\u011f havas\u0131yla yaz, k\u0131\u015f u\u011frayabilece\u011finiz bir mekan. G\u0131li G\u0131li Da\u011f Evi&#8217;nde konaklama da yapabilirsiniz.<\/p>\n\n\n\n<p>9. Aybast\u0131 Kent Orman\u0131: Do\u011fayla i\u00e7 i\u00e7e piknik yapabilece\u011finiz mekanda, yemek yiyebilece\u011finiz yerler de mevcut. Etleri, ayran\u0131, peyniri ve tereya\u011f\u0131 \u00e7ok lezzetli denemenizi tavsiye ederiz.<\/p>\n\n\n\n<p>10. Kabata\u015f S\u00f6\u011f\u00fctalt\u0131 K\u00fcnefeci: Ordu Kabata\u015f&#8217;a yolunuz d\u00fc\u015ferse S\u00f6\u011f\u00fctalt\u0131 K\u00fcnefe&#8217;yi mutlaka deneyin. Kaday\u0131f\u0131, peyniri ve \u00fczerindeki kayma\u011f\u0131 ile muhte\u015fem bir lezzet.<\/p>\n\n\n\n<p>11. \u00c7amba\u015f\u0131 Yaylas\u0131 Alabal\u0131k Tesisleri: Ordu \u00c7amba\u015f\u0131 Alabal\u0131k Tesisleri&#8217;nde alabal\u0131k ve f\u0131r\u0131n s\u00fctla\u00e7 denemenizi tavsiye ederiz. F\u0131r\u0131n s\u00fctlac\u0131 ve alabal\u0131\u011f\u0131 muhte\u015fem. Ayn\u0131 zamanda b\u00f6lgenin en b\u00fcy\u00fck alabal\u0131k yeti\u015ftirilen \u00e7iftliklerinden biri.<\/p>\n\n\n\n<h2 class=\"wp-block-heading has-text-align-center has-neeon-button-dark-gray-color has-text-color has-link-color wp-elements-904b169c2a5bfef32da80e11240ca17f\"><span class=\"ez-toc-section\" id=\"orduda_nerede_kalinir\"><\/span><strong><strong><strong><strong>Ordu&#8217;da Nerede Kal\u0131n\u0131r<\/strong><\/strong><\/strong><\/strong><span class=\"ez-toc-section-end\"><\/span><\/h2>\n\n\n\n<p><strong>Akamoy Boztepe<\/strong>: Akamoy Boztepe, Ordu&#8217;nun en g\u00fczel manzaralar\u0131ndan birine sahip tepesinde. Buraya sahilden teleferikle veya arac\u0131n\u0131zla \u00e7ok kolay bir \u015fekilde ula\u015fabilirsiniz. Tertemiz \u00e7am kokulu havas\u0131 ve huzurlu ortam\u0131yla herkese tavsiye ederim. \u00d6zellikle yaz aylar\u0131nda, bah\u00e7esinde kahvalt\u0131 yapmaya paha bi\u00e7ilemez.<\/p>\n\n\n\n<p><strong>\u00c7amba\u015f\u0131 Hotel<\/strong>: \u00c7amba\u015f\u0131 Hotel, harika bir manzaraya sahip. Odalar\u0131 \u00e7ok konforlu ve yeni. Yataklar\u0131 \u00e7ok rahat. Kahvalt\u0131s\u0131 muhte\u015fem. Herkese tavsiye ederim.<\/p>\n\n\n\n<h2 class=\"wp-block-heading has-text-align-center has-neeon-button-dark-gray-color has-text-color has-link-color wp-elements-b80ee922ebc67de68fa53cd35d779490\"><span class=\"ez-toc-section\" id=\"orduya_nasil_gidilir\"><\/span><strong><strong><strong><strong>Ordu&#8217;ya Nas\u0131l Gidilir<\/strong><\/strong><\/strong><\/strong><span class=\"ez-toc-section-end\"><\/span><\/h2>\n\n\n\n<p>Ordu&#8217;ya gitmenin en kolay yolu ve konforlu yolu u\u00e7ak yolculu\u011fu yapmak. Ordu Havaalan\u0131 \u015fehir merkezine \u00e7ok yak\u0131n.<\/p>\n\n\n\n<p>Siz de \u00fclkemizin bu do\u011fa harikas\u0131 yerlerini g\u00f6rmek i\u00e7in sab\u0131rs\u0131zlan\u0131yorsan\u0131z, u\u00e7ak bileti f\u0131rsatlar\u0131n\u0131 ve kampanyalar\u0131n\u0131 takip edebilirsiniz.<\/p>\n\n\n\n<p><meta charset=\"utf-8\">Ordu&#8217;ya otob\u00fcsle gidecekseniz e\u011fer&nbsp;<a href=\"https:\/\/www.turna.com\/otobus-bileti\/ordu\">Ordu otob\u00fcs bileti<\/a>&nbsp;i\u00e7in turna.com sayfas\u0131n\u0131z ziyaret edin. Geli\u015fmi\u015f arama \u00f6zelli\u011fi ile 200\u2019den fazla otob\u00fcs firmas\u0131n\u0131 kar\u015f\u0131la\u015ft\u0131rabilir, biletini komisyon \u00f6demeden sat\u0131n alabilirsin.<\/p>\n\n    <div class=\"xs_social_share_widget xs_share_url after_content \t\tmain_content  wslu-style-1 wslu-share-box-shaped wslu-fill-colored wslu-none wslu-share-horizontal wslu-theme-font-no wslu-main_content\">\n\n\t\t\n        <ul>\n\t\t\t        <\/ul>\n    <\/div> \n","protected":false},"excerpt":{"rendered":"<p>Ordu, Karadeniz co\u011frafyam\u0131z\u0131n en huzurlu tatil rotalar\u0131ndan. Kilometrelerce uzayan u\u00e7suz bucaks\u0131z f\u0131nd\u0131k bah\u00e7eleri, her bir k\u00f6\u015feye serpil g\u00f6rkemli antik kal\u0131nt\u0131lar, yemye\u015fil yaylalar\u0131 nefes kesici g\u00fczellikte. Da\u011flar aras\u0131na gizlenmi\u015f etkileyici \u015felaleleri, mavi ve ye\u015filin doyumuna varaca\u011f\u0131n\u0131z g\u00fczel co\u011frafyas\u0131 ve leziz yemekleri son y\u0131llarda yerli ve yabanc\u0131 turistin ilgisini \u00fczerine toplamay\u0131 ba\u015fard\u0131. Bu g\u00fczel co\u011frafyay\u0131 ke\u015ffetmeye gitti\u011finizde [&hellip;]<\/p>\n","protected":false},"author":33,"featured_media":20666,"comment_status":"open","ping_status":"open","sticky":false,"template":"","format":"standard","meta":{"rop_custom_images_group":[],"rop_custom_messages_group":[],"rop_publish_now":"initial","rop_publish_now_accounts":[],"rop_publish_now_history":[],"rop_publish_now_status":"pending","_cloudinary_featured_overwrite":false,"footnotes":""},"categories":[1856],"tags":[624,1268],"class_list":["post-20524","post","type-post","status-publish","format-standard","has-post-thumbnail","hentry","category-ordu","tag-ordu","tag-ordu-giresun"],"_links":{"self":[{"href":"https:\/\/www.turna.com\/blog\/wp-json\/wp\/v2\/posts\/20524","targetHints":{"allow":["GET"]}}],"collection":[{"href":"https:\/\/www.turna.com\/blog\/wp-json\/wp\/v2\/posts"}],"about":[{"href":"https:\/\/www.turna.com\/blog\/wp-json\/wp\/v2\/types\/post"}],"author":[{"embeddable":true,"href":"https:\/\/www.turna.com\/blog\/wp-json\/wp\/v2\/users\/33"}],"replies":[{"embeddable":true,"href":"https:\/\/www.turna.com\/blog\/wp-json\/wp\/v2\/comments?post=20524"}],"version-history":[{"count":0,"href":"https:\/\/www.turna.com\/blog\/wp-json\/wp\/v2\/posts\/20524\/revisions"}],"wp:featuredmedia":[{"embeddable":true,"href":"https:\/\/www.turna.com\/blog\/wp-json\/wp\/v2\/media\/20666"}],"wp:attachment":[{"href":"https:\/\/www.turna.com\/blog\/wp-json\/wp\/v2\/media?parent=20524"}],"wp:term":[{"taxonomy":"category","embeddable":true,"href":"https:\/\/www.turna.com\/blog\/wp-json\/wp\/v2\/categories?post=20524"},{"taxonomy":"post_tag","embeddable":true,"href":"https:\/\/www.turna.com\/blog\/wp-json\/wp\/v2\/tags?post=20524"}],"curies":[{"name":"wp","href":"https:\/\/api.w.org\/{rel}","templated":true}]}}