{"id":20519,"date":"2022-07-14T08:36:00","date_gmt":"2022-07-14T05:36:00","guid":{"rendered":"https:\/\/www.turna.com\/blog\/?p=20519"},"modified":"2025-06-26T17:42:59","modified_gmt":"2025-06-26T14:42:59","slug":"duzce-gezilecek-yerler","status":"publish","type":"post","link":"https:\/\/www.turna.com\/blog\/duzce-gezilecek-yerler","title":{"rendered":"D\u00fczce Gezilecek Yerler: En Harika 15 Yer"},"content":{"rendered":"<div id=\"ez-toc-container\" class=\"ez-toc-v2_0_82_2 counter-hierarchy ez-toc-counter ez-toc-black ez-toc-container-direction\">\n<div class=\"ez-toc-title-container\">\n<p class=\"ez-toc-title\" style=\"cursor:inherit\">\u0130\u00e7indekiler<\/p>\n<span class=\"ez-toc-title-toggle\"><a href=\"#\" class=\"ez-toc-pull-right ez-toc-btn ez-toc-btn-xs ez-toc-btn-default ez-toc-toggle\" aria-label=\"\u0130\u00e7indekiler Tablosunu A\u00e7\/Kapat\"><span class=\"ez-toc-js-icon-con\"><span class=\"\"><span class=\"eztoc-hide\" style=\"display:none;\">Toggle<\/span><span class=\"ez-toc-icon-toggle-span\"><svg style=\"fill: #ffffff;color:#ffffff\" xmlns=\"http:\/\/www.w3.org\/2000\/svg\" class=\"list-377408\" width=\"20px\" height=\"20px\" viewBox=\"0 0 24 24\" fill=\"none\"><path d=\"M6 6H4v2h2V6zm14 0H8v2h12V6zM4 11h2v2H4v-2zm16 0H8v2h12v-2zM4 16h2v2H4v-2zm16 0H8v2h12v-2z\" fill=\"currentColor\"><\/path><\/svg><svg style=\"fill: #ffffff;color:#ffffff\" class=\"arrow-unsorted-368013\" xmlns=\"http:\/\/www.w3.org\/2000\/svg\" width=\"10px\" height=\"10px\" viewBox=\"0 0 24 24\" version=\"1.2\" baseProfile=\"tiny\"><path d=\"M18.2 9.3l-6.2-6.3-6.2 6.3c-.2.2-.3.4-.3.7s.1.5.3.7c.2.2.4.3.7.3h11c.3 0 .5-.1.7-.3.2-.2.3-.5.3-.7s-.1-.5-.3-.7zM5.8 14.7l6.2 6.3 6.2-6.3c.2-.2.3-.5.3-.7s-.1-.5-.3-.7c-.2-.2-.4-.3-.7-.3h-11c-.3 0-.5.1-.7.3-.2.2-.3.5-.3.7s.1.5.3.7z\"\/><\/svg><\/span><\/span><\/span><\/a><\/span><\/div>\n<nav><ul class='ez-toc-list ez-toc-list-level-1 eztoc-toggle-hide-by-default' ><li class='ez-toc-page-1 ez-toc-heading-level-2'><a class=\"ez-toc-link ez-toc-heading-1\" href=\"https:\/\/www.turna.com\/blog\/duzce-gezilecek-yerler\/#duzce_gezilecek_yerler\" >D\u00fczce Gezilecek Yerler<\/a><\/li><li class='ez-toc-page-1 ez-toc-heading-level-2'><a class=\"ez-toc-link ez-toc-heading-2\" href=\"https:\/\/www.turna.com\/blog\/duzce-gezilecek-yerler\/#1_guzeldere_selalesi_tabiat_parki\" >1. G\u00fczeldere \u015eelalesi Tabiat Park\u0131<\/a><\/li><li class='ez-toc-page-1 ez-toc-heading-level-2'><a class=\"ez-toc-link ez-toc-heading-3\" href=\"https:\/\/www.turna.com\/blog\/duzce-gezilecek-yerler\/#2_efteni_golu\" >2. Efteni G\u00f6l\u00fc<\/a><\/li><li class='ez-toc-page-1 ez-toc-heading-level-2'><a class=\"ez-toc-link ez-toc-heading-4\" href=\"https:\/\/www.turna.com\/blog\/duzce-gezilecek-yerler\/#3_aydinpinar_selalesi_tabiat_parki\" >3. Ayd\u0131np\u0131nar \u015eelalesi Tabiat Park\u0131<\/a><\/li><li class='ez-toc-page-1 ez-toc-heading-level-2'><a class=\"ez-toc-link ez-toc-heading-5\" href=\"https:\/\/www.turna.com\/blog\/duzce-gezilecek-yerler\/#4_akcakoca\" >4. Ak\u00e7akoca<\/a><\/li><li class='ez-toc-page-1 ez-toc-heading-level-2'><a class=\"ez-toc-link ez-toc-heading-6\" href=\"https:\/\/www.turna.com\/blog\/duzce-gezilecek-yerler\/#5_fakilli_magarasi\" >5. Fak\u0131ll\u0131 Ma\u011faras\u0131<\/a><\/li><li class='ez-toc-page-1 ez-toc-heading-level-2'><a class=\"ez-toc-link ez-toc-heading-7\" href=\"https:\/\/www.turna.com\/blog\/duzce-gezilecek-yerler\/#6_aktas_selalesi\" >6. Akta\u015f \u015eelalesi<\/a><\/li><li class='ez-toc-page-1 ez-toc-heading-level-2'><a class=\"ez-toc-link ez-toc-heading-8\" href=\"https:\/\/www.turna.com\/blog\/duzce-gezilecek-yerler\/#7_kurugol_tabiat_parki\" >7. Kurug\u00f6l Tabiat Park\u0131<\/a><\/li><li class='ez-toc-page-1 ez-toc-heading-level-2'><a class=\"ez-toc-link ez-toc-heading-9\" href=\"https:\/\/www.turna.com\/blog\/duzce-gezilecek-yerler\/#duzce_hemsin_camii\" >D\u00fczce Hem\u015fin Camii<\/a><\/li><li class='ez-toc-page-1 ez-toc-heading-level-2'><a class=\"ez-toc-link ez-toc-heading-10\" href=\"https:\/\/www.turna.com\/blog\/duzce-gezilecek-yerler\/#9_topuk_yaylasi_ve_goleti\" >9. Topuk Yaylas\u0131 ve G\u00f6leti<\/a><\/li><li class='ez-toc-page-1 ez-toc-heading-level-2'><a class=\"ez-toc-link ez-toc-heading-11\" href=\"https:\/\/www.turna.com\/blog\/duzce-gezilecek-yerler\/#10_torkul_goleti\" >10. Torkul G\u00f6leti<\/a><\/li><li class='ez-toc-page-1 ez-toc-heading-level-2'><a class=\"ez-toc-link ez-toc-heading-12\" href=\"https:\/\/www.turna.com\/blog\/duzce-gezilecek-yerler\/#prusias_ad_hypium_antik_kenti\" >Prusias ad Hypium Antik Kenti<\/a><\/li><li class='ez-toc-page-1 ez-toc-heading-level-2'><a class=\"ez-toc-link ez-toc-heading-13\" href=\"https:\/\/www.turna.com\/blog\/duzce-gezilecek-yerler\/#12_konuralp_muzesi\" >12. Konuralp M\u00fczesi<\/a><\/li><li class='ez-toc-page-1 ez-toc-heading-level-2'><a class=\"ez-toc-link ez-toc-heading-14\" href=\"https:\/\/www.turna.com\/blog\/duzce-gezilecek-yerler\/#13_purenli_yaylasi\" >13. P\u00fcrenli Yaylas\u0131<\/a><\/li><li class='ez-toc-page-1 ez-toc-heading-level-2'><a class=\"ez-toc-link ez-toc-heading-15\" href=\"https:\/\/www.turna.com\/blog\/duzce-gezilecek-yerler\/#14_samandere_selalesi\" >14. Samandere \u015eelalesi<\/a><\/li><li class='ez-toc-page-1 ez-toc-heading-level-2'><a class=\"ez-toc-link ez-toc-heading-16\" href=\"https:\/\/www.turna.com\/blog\/duzce-gezilecek-yerler\/#15_melen_cayi\" >15. Melen \u00c7ay\u0131<\/a><\/li><\/ul><\/nav><\/div>\n\n<p>T\u00fcrkiye\u2019nin iki \u00f6nemli \u015fehri \u0130stanbul ve Ankara aras\u0131nda yer alan <strong>D\u00fczce<\/strong>, binlerce y\u0131ld\u0131r onlarca medeniyete ev sahipli\u011fi yapm\u0131\u015f bir \u015fehir. Yemye\u015fil do\u011fas\u0131, yaylalar\u0131, \u015felaleri ve g\u00f6lleri ile D\u00fczce \u00f6zellikle do\u011fa y\u00fcr\u00fcy\u00fc\u015fleri, rafting, trekking gibi alternatif turizm rotalar\u0131 arayanlar i\u00e7in m\u00fckemmel bir destinasyon. <strong>D\u00fczce gezilecek yerler<\/strong> listesinde seyahat severlerin bay\u0131laca\u011f\u0131 deneyimler ve harika noktalar var.<\/p>\n\n\n\n<p>Ye\u015filin bin bir rengi ile kapl\u0131 ormanlar, yaylalar, akarsular ve g\u00f6lleri ile D\u00fczce her mevsimi ayr\u0131 g\u00fczel ve bu b\u00f6lge b\u00fcy\u00fcleyici bir co\u011frafyaya sahip. Her mevsim bulunabilen su \u00fcr\u00fcnleri, d\u00fcnyaca \u00fcnl\u00fc f\u0131nd\u0131\u011f\u0131, leziz meyveleri, yemekleri ve me\u015fhur kestane bal\u0131n\u0131 tavsiye ederim.<\/p>\n\n\n\n<h2 class=\"wp-block-heading has-text-align-center has-neeon-button-dark-gray-color has-text-color has-link-color wp-elements-33bd2fc7cb26eb05394397e83590b3b8\"><span class=\"ez-toc-section\" id=\"duzce_gezilecek_yerler\"><\/span><strong>D\u00fczce Gezilecek Yerler<\/strong><span class=\"ez-toc-section-end\"><\/span><\/h2>\n\n\n\n<p><strong>D\u00fczce Gezilecek Yerler Listesi<\/strong><\/p>\n\n\n\n<ol class=\"wp-block-list\">\n<li>G\u00fczeldere \u015eelalesi Tabiat Park\u0131<\/li>\n\n\n\n<li>Efteni G\u00f6l\u00fc<\/li>\n\n\n\n<li>Ayd\u0131np\u0131nar \u015eelalesi Tabiat Park\u0131<\/li>\n\n\n\n<li>Ak\u00e7akoca<\/li>\n\n\n\n<li>Fak\u0131ll\u0131 Ma\u011faras\u0131<\/li>\n\n\n\n<li>Akta\u015f \u015eelalesi<\/li>\n\n\n\n<li>Kurug\u00f6l<\/li>\n\n\n\n<li>D\u00fczce Hem\u015fin Camii<\/li>\n\n\n\n<li>Topuk Yaylas\u0131 G\u00f6l\u00fc<\/li>\n\n\n\n<li>Torkul G\u00f6leti<\/li>\n\n\n\n<li>Prusias ad Hypium Antik Kenti<\/li>\n\n\n\n<li>Konuralp M\u00fczesi<\/li>\n\n\n\n<li>P\u00fcrenli Yaylas\u0131<\/li>\n\n\n\n<li>Samandere \u015eelalesi<\/li>\n\n\n\n<li>Melen \u00c7ay\u0131<\/li>\n<\/ol>\n\n\n\n<h2 class=\"wp-block-heading has-text-align-center has-neeon-button-dark-gray-color has-text-color has-link-color wp-elements-c0ae0ed3baa06fe019a32256004c61cb\"><span class=\"ez-toc-section\" id=\"1_guzeldere_selalesi_tabiat_parki\"><\/span>1. G\u00fczeldere \u015eelalesi Tabiat Park\u0131<span class=\"ez-toc-section-end\"><\/span><\/h2>\n\n\n\n<figure class=\"wp-block-image size-large\"><img width=\"800\" height=\"500\" decoding=\"async\" src=\"data:image\/svg+xml;base64,PHN2ZyB4bWxucz0iaHR0cDovL3d3dy53My5vcmcvMjAwMC9zdmciIHdpZHRoPSI4MDAiIGhlaWdodD0iNTAwIj48cmVjdCB3aWR0aD0iMTAwJSIgaGVpZ2h0PSIxMDAlIj48YW5pbWF0ZSBhdHRyaWJ1dGVOYW1lPSJmaWxsIiB2YWx1ZXM9InJnYmEoMTUzLDE1MywxNTMsMC41KTtyZ2JhKDE1MywxNTMsMTUzLDAuMSk7cmdiYSgxNTMsMTUzLDE1MywwLjUpIiBkdXI9IjJzIiByZXBlYXRDb3VudD0iaW5kZWZpbml0ZSIgLz48L3JlY3Q+PC9zdmc+\" alt=\"G\u00fczeldere \u015eelalesi\" data-public-id=\"g\u00fczeldere_\u015felalesi\/g\u00fczeldere_\u015felalesi.jpg\" class=\"wp-post-20519 wp-image-21085\" data-format=\"jpg\" data-transformations=\"f_auto,q_auto:low\" data-version=\"1661202248\" data-seo=\"1\" data-size=\"800 500\" data-srcset=\"https:\/\/res.cloudinary.com\/turna\/images\/f_auto,q_auto:low\/v1661202248\/g\u00fczeldere_\u015felalesi\/g\u00fczeldere_\u015felalesi.jpg?_i=AA 800w, https:\/\/res.cloudinary.com\/turna\/images\/w_300,h_188,c_scale\/f_auto,q_auto:low\/v1661202248\/g\u00fczeldere_\u015felalesi\/g\u00fczeldere_\u015felalesi.jpg?_i=AA 300w, https:\/\/res.cloudinary.com\/turna\/images\/w_672,h_420,c_scale\/f_auto,q_auto:low\/v1661202248\/g\u00fczeldere_\u015felalesi\/g\u00fczeldere_\u015felalesi.jpg?_i=AA 672w, https:\/\/res.cloudinary.com\/turna\/images\/w_640,h_400,c_scale\/f_auto,q_auto:low\/v1661202248\/g\u00fczeldere_\u015felalesi\/g\u00fczeldere_\u015felalesi.jpg?_i=AA 640w, https:\/\/res.cloudinary.com\/turna\/images\/w_681,h_426,c_scale\/f_auto,q_auto:low\/v1661202248\/g\u00fczeldere_\u015felalesi\/g\u00fczeldere_\u015felalesi.jpg?_i=AA 681w\" data-sizes=\"(max-width: 800px) 100vw, 800px\" data-delivery=\"upload\" onload=\";window.CLDBind?CLDBind(this):null;\" data-cloudinary=\"lazy\" \/><\/figure>\n\n\n\n<p>D\u00fczce gezilecek yerler i\u00e7inde ilk dura\u011f\u0131m\u0131z <strong>G\u00fczeldere \u015eelalesi<\/strong>. Z\u00fcmr\u00fct ye\u015fili bir do\u011fa ve g\u00fcr\u00fcl g\u00fcr\u00fcl akan sular\u0131 ile G\u00fczeldere \u015eelalesi g\u00f6renleri b\u00fcy\u00fcl\u00fcyor. D\u00fczce\u2019ye 18, G\u00f6lyaka\u2019ya 11 km mesafede bulunan \u015felale ke\u015ffedilmeyi bekliyor. 120 m y\u00fckseklikten akan su ve yemye\u015fil a\u011fa\u00e7larla kapl\u0131 ortam sizi cennette hissettiriyor. G\u00fczeldere k\u00f6y\u00fcnden ge\u00e7en B\u0131\u00e7k\u0131 Deresi \u00fczerinde bulunan \u015felale kay\u0131n ve g\u00fcrgen a\u011fa\u00e7lar\u0131n\u0131n aras\u0131ndan co\u015fkuyla akarken muazzam bir g\u00f6r\u00fcnt\u00fc olu\u015fturuyor. Mutlaka ama mutlaka yolunuzu buraya d\u00fc\u015f\u00fcr\u00fcn.<\/p>\n\n\n\n<ul class=\"wp-block-list\">\n<li>G\u00fczeldere \u015eelalesi Tabiat Park\u0131 konumu <strong><a href=\"https:\/\/goo.gl\/maps\/8zw8GqUvWpM23x7R6\" target=\"_blank\" rel=\"noreferrer noopener\">burada.<\/a><\/strong><\/li>\n<\/ul>\n\n\n\n<h2 class=\"wp-block-heading has-text-align-center has-neeon-button-dark-gray-color has-text-color has-link-color wp-elements-adff0cfe863f13210574b30fd8806c67\"><span class=\"ez-toc-section\" id=\"2_efteni_golu\"><\/span><strong>2. Efteni G\u00f6l\u00fc<\/strong><span class=\"ez-toc-section-end\"><\/span><\/h2>\n\n\n\n<figure class=\"wp-block-image size-large\"><img decoding=\"async\" src=\"https:\/\/res.cloudinary.com\/turna\/image\/upload\/v1657197792\/efteni_g%C3%B6l%C3%BC.jpg\" alt=\"Efteni G\u00f6l\u00fc\"\/><\/figure>\n\n\n\n<p>G\u00fczeldere \u015eelalesi\u2019nden sonra Efteni G\u00f6l\u00fc\u2019ne do\u011fru yola \u00e7\u0131k\u0131yoruz. G\u00f6lyaka il\u00e7esine 5 km, D-100 karayoluna 15 km ve TEM otoyoluna 10 km uzakl\u0131kta. Su ku\u015flar\u0131n\u0131n g\u00f6\u00e7 yolu \u00fczerindeki Efteni G\u00f6l\u00fc m\u00fcthi\u015f manzaras\u0131 ile kar\u015f\u0131m\u0131za \u00e7\u0131k\u0131yor. Ge\u00e7mi\u015f y\u0131llarda daha geni\u015f bir alan\u0131 kaplayan g\u00f6l g\u00fcn\u00fcm\u00fczde kuruyarak k\u00fc\u00e7\u00fclm\u00fc\u015f.<\/p>\n\n\n\n<p>Buradaki yakla\u015f\u0131k olarak 150 t\u00fcr ku\u015f, Milli Parklar taraf\u0131ndan koruma alt\u0131na al\u0131nm\u0131\u015f. G\u00f6\u00e7men ku\u015flar\u0131n u\u011frak yeri olan bu alan\u0131n yan\u0131 ba\u015f\u0131nda Efteni Kapl\u0131cas\u0131 var. Buradaki \u015fifal\u0131 sular cilt, mide ve romatizmal hastal\u0131klara iyi geliyor. Efteni Kapl\u0131cas\u0131nda su s\u0131cakl\u0131\u011f\u0131 yakla\u015f\u0131k olarak 43\u00b0C.<\/p>\n\n\n\n<ul class=\"wp-block-list\">\n<li>Efteni G\u00f6l\u00fc konumu <strong><a href=\"https:\/\/goo.gl\/maps\/JboxCqWKTZLjxWvL8\" target=\"_blank\" rel=\"noreferrer noopener\">burada.<\/a><\/strong><\/li>\n<\/ul>\n\n\n\n<h2 class=\"wp-block-heading has-text-align-center has-neeon-button-dark-gray-color has-text-color has-link-color wp-elements-d4d2361900eafb084985f5091f999cd8\"><span class=\"ez-toc-section\" id=\"3_aydinpinar_selalesi_tabiat_parki\"><\/span>3. Ayd\u0131np\u0131nar \u015eelalesi Tabiat Park\u0131<span class=\"ez-toc-section-end\"><\/span><\/h2>\n\n\n\n<figure class=\"wp-block-image size-full is-style-default\"><img width=\"800\" height=\"500\" data-public-id=\"Aydinpinar-Selalesi\/Aydinpinar-Selalesi.jpg\" fetchpriority=\"high\" decoding=\"async\" src=\"https:\/\/res.cloudinary.com\/turna\/images\/w_800,h_500,c_scale\/f_auto,q_auto:low\/v1644491890\/Aydinpinar-Selalesi\/Aydinpinar-Selalesi.jpg?_i=AA\" alt=\"Aydinpinar Selalesi\" class=\"wp-post-20519 wp-image-20627\" data-format=\"jpg\" data-transformations=\"f_auto,q_auto:low\" data-version=\"1644491890\" data-seo=\"1\" srcset=\"https:\/\/res.cloudinary.com\/turna\/images\/f_auto,q_auto:low\/v1644491890\/Aydinpinar-Selalesi\/Aydinpinar-Selalesi.jpg?_i=AA 800w, https:\/\/res.cloudinary.com\/turna\/images\/w_300,h_188,c_scale\/f_auto,q_auto:low\/v1644491890\/Aydinpinar-Selalesi\/Aydinpinar-Selalesi.jpg?_i=AA 300w, https:\/\/res.cloudinary.com\/turna\/images\/w_672,h_420,c_scale\/f_auto,q_auto:low\/v1644491890\/Aydinpinar-Selalesi\/Aydinpinar-Selalesi.jpg?_i=AA 672w, https:\/\/res.cloudinary.com\/turna\/images\/w_640,h_400,c_scale\/f_auto,q_auto:low\/v1644491890\/Aydinpinar-Selalesi\/Aydinpinar-Selalesi.jpg?_i=AA 640w, https:\/\/res.cloudinary.com\/turna\/images\/w_681,h_426,c_scale\/f_auto,q_auto:low\/v1644491890\/Aydinpinar-Selalesi\/Aydinpinar-Selalesi.jpg?_i=AA 681w\" sizes=\"(max-width: 800px) 100vw, 800px\" \/><\/figure>\n\n\n\n<p>D\u00fczce&#8217;nin do\u011fal g\u00fczellikleri i\u00e7inde bulunan <strong><a href=\"https:\/\/goo.gl\/maps\/JboxCqWKTZLjxWvL8\" target=\"_blank\" rel=\"noopener\">Ayd\u0131np\u0131nar \u015eelalesi<\/a><\/strong>&#8216;ne do\u011fru yola \u00e7\u0131k\u0131yoruz. Ayd\u0131np\u0131nar \u015eelaleleri desek daha do\u011fru olur \u00e7\u00fcnk\u00fc buras\u0131 5 ayr\u0131 \u015felaleden olu\u015fuyor. \u00d6zellikle bahar aylar\u0131nda \u00e7am a\u011fa\u00e7lar\u0131n\u0131n i\u00e7inde, do\u011fayla ba\u015f ba\u015fa kalabilece\u011finiz b\u00f6lgede kamp yapabilirsiniz. <\/p>\n\n\n\n<p>E\u011fer g\u00fcn\u00fcbirlik giderseniz bu mis gibi do\u011fada y\u00fcr\u00fcy\u00fc\u015fe \u00e7\u0131kabilirsiniz. Bunun d\u0131\u015f\u0131nda do\u011fa foto\u011fraflar\u0131 \u00e7ekmeye merakl\u0131ysan\u0131z ilkbaharda da\u011f \u00e7ile\u011fi, sonbaharda b\u00f6\u011f\u00fcrtlenlerle renklenen b\u00f6lgede m\u00fcthi\u015f foto\u011fraflar \u00e7ekebilirsiniz.<\/p>\n\n\n\n<ul class=\"wp-block-list\">\n<li>Ayd\u0131np\u0131nar \u015eelalesi Tabiat Park\u0131 konumu<strong><a href=\"https:\/\/goo.gl\/maps\/eNxZTzGcdWoQaEYF6\" target=\"_blank\" rel=\"noreferrer noopener\"> burada.<\/a><\/strong><\/li>\n<\/ul>\n\n\n\n<h2 class=\"wp-block-heading has-text-align-center has-neeon-button-dark-gray-color has-text-color has-link-color wp-elements-0af705d3f39678163aabe26520f1eb94\"><span class=\"ez-toc-section\" id=\"4_akcakoca\"><\/span><strong>4. Ak\u00e7akoca<\/strong><span class=\"ez-toc-section-end\"><\/span><\/h2>\n\n\n\n<figure class=\"wp-block-image size-large\"><img decoding=\"async\" src=\"https:\/\/res.cloudinary.com\/turna\/image\/upload\/v1657197794\/ak%C3%A7akoca.jpg\" alt=\"Ak\u00e7akoca\"\/><\/figure>\n\n\n\n<p><strong>Ak\u00e7akoca <\/strong>Karadeniz\u2019in en g\u00fczel k\u00f6\u015felerinden biri olarak kar\u015f\u0131m\u0131za \u00e7\u0131k\u0131yor. Buras\u0131 ye\u015fil ve mavinin tonlar\u0131n\u0131n en g\u00fczel kayna\u015ft\u0131\u011f\u0131 \u015firin bir tatil beldesi.<\/p>\n\n\n\n<p>\u015eifal\u0131 kumlar\u0131 ve mavi bayrakl\u0131 plajlar\u0131 ile Ak\u00e7akoca deniz tatili d\u00fc\u015f\u00fcn\u00fcp, \u0130stanbul&#8217;dan fazla uzakla\u015fmak istemeyenler i\u00e7in harika bir alternatif. \u00d6zellikle Temmuz ve A\u011fustos aylar\u0131nda havan\u0131n s\u0131cak ve bunalt\u0131c\u0131 oldu\u011fu zamanlarda Karadeniz&#8217;in bu g\u00fczel k\u00f6\u015fesine gelerek denizin ve g\u00fcne\u015fin keyfini s\u00fcrebilirsiniz.<\/p>\n\n\n\n<p>Yaz aylar\u0131nda Ak\u00e7akoca&#8217;ya gelirsek nerelerde denize girebiliriz diyenler i\u00e7in Ak\u00e7akoca Ceneviz Kalesi Mavi Bayrakl\u0131 Plaj ve Ak\u00e7akoca Kad\u0131nlar Plaj\u0131&#8217;n\u0131 tavsiye edebilirim.<\/p>\n\n\n\n<ul class=\"wp-block-list\">\n<li>Ak\u00e7akoca konumu <strong><a href=\"https:\/\/goo.gl\/maps\/8KCMMSmdfkRG3wREA\" target=\"_blank\" rel=\"noreferrer noopener\">burada.<\/a><\/strong><\/li>\n<\/ul>\n\n\n\n<h2 class=\"wp-block-heading has-text-align-center has-neeon-button-dark-gray-color has-text-color has-link-color wp-elements-48b18f64b11ab87403655653386c6df9\"><span class=\"ez-toc-section\" id=\"5_fakilli_magarasi\"><\/span><strong>5. Fak\u0131ll\u0131 Ma\u011faras\u0131<\/strong><span class=\"ez-toc-section-end\"><\/span><\/h2>\n\n\n\n<figure class=\"wp-block-image size-full is-style-default\"><img width=\"800\" height=\"500\" data-public-id=\"duzcede-gorulecek-yerler\/duzcede-gorulecek-yerler.jpg\" decoding=\"async\" src=\"https:\/\/res.cloudinary.com\/turna\/images\/w_800,h_500,c_scale\/f_auto,q_auto:low\/v1644492235\/duzcede-gorulecek-yerler\/duzcede-gorulecek-yerler.jpg?_i=AA\" alt=\"d\u00fczce gezilecek yerler Fak\u0131ll\u0131 Ma\u011faras\u0131\n\" class=\"wp-post-20519 wp-image-20629\" data-format=\"jpg\" data-transformations=\"f_auto,q_auto:low\" data-version=\"1644492235\" data-seo=\"1\" srcset=\"https:\/\/res.cloudinary.com\/turna\/images\/f_auto,q_auto:low\/v1644492235\/duzcede-gorulecek-yerler\/duzcede-gorulecek-yerler.jpg?_i=AA 800w, https:\/\/res.cloudinary.com\/turna\/images\/w_300,h_188,c_scale\/f_auto,q_auto:low\/v1644492235\/duzcede-gorulecek-yerler\/duzcede-gorulecek-yerler.jpg?_i=AA 300w, https:\/\/res.cloudinary.com\/turna\/images\/w_672,h_420,c_scale\/f_auto,q_auto:low\/v1644492235\/duzcede-gorulecek-yerler\/duzcede-gorulecek-yerler.jpg?_i=AA 672w, https:\/\/res.cloudinary.com\/turna\/images\/w_640,h_400,c_scale\/f_auto,q_auto:low\/v1644492235\/duzcede-gorulecek-yerler\/duzcede-gorulecek-yerler.jpg?_i=AA 640w, https:\/\/res.cloudinary.com\/turna\/images\/w_681,h_426,c_scale\/f_auto,q_auto:low\/v1644492235\/duzcede-gorulecek-yerler\/duzcede-gorulecek-yerler.jpg?_i=AA 681w\" sizes=\"(max-width: 800px) 100vw, 800px\" \/><\/figure>\n\n\n\n<p>D\u00fczce gezilecek yerler i\u00e7inde mutlaka g\u00f6r\u00fclmesi gereken yerlerden biri de <strong>Fak\u0131ll\u0131 Ma\u011faras\u0131<\/strong>. 1. derece sit alan\u0131 olan ma\u011fara sark\u0131tlar, dikitler ve do\u011fal olu\u015fumlar\u0131 ile g\u00f6r\u00fclmeye de\u011fer.<\/p>\n\n\n\n<p>Ma\u011faran\u0131n havas\u0131n\u0131n ast\u0131m ve nefes darl\u0131\u011f\u0131 hastal\u0131\u011f\u0131na iyi geldi\u011fine inan\u0131l\u0131yor. Ayr\u0131ca ma\u011faran\u0131n \u00e7evresi yap\u0131lan d\u00fczenlemeyle piknik alan\u0131 olarak kullan\u0131l\u0131yor.<\/p>\n\n\n\n<ul class=\"wp-block-list\">\n<li>Fak\u0131ll\u0131 Ma\u011faras\u0131 konumu <strong><a href=\"https:\/\/goo.gl\/maps\/jXiSoMpeujNFWDLx8\" target=\"_blank\" rel=\"noreferrer noopener\">burada.<\/a><\/strong><\/li>\n<\/ul>\n\n\n\n<h2 class=\"wp-block-heading has-text-align-center has-neeon-button-dark-gray-color has-text-color has-link-color wp-elements-76483b2b31bbf73619383261c07b4135\"><span class=\"ez-toc-section\" id=\"6_aktas_selalesi\"><\/span><strong>6. Akta\u015f \u015eelalesi<\/strong><span class=\"ez-toc-section-end\"><\/span><\/h2>\n\n\n\n<figure class=\"wp-block-image size-large\"><img width=\"800\" height=\"500\" decoding=\"async\" src=\"data:image\/svg+xml;base64,PHN2ZyB4bWxucz0iaHR0cDovL3d3dy53My5vcmcvMjAwMC9zdmciIHdpZHRoPSI4MDAiIGhlaWdodD0iNTAwIj48cmVjdCB3aWR0aD0iMTAwJSIgaGVpZ2h0PSIxMDAlIj48YW5pbWF0ZSBhdHRyaWJ1dGVOYW1lPSJmaWxsIiB2YWx1ZXM9InJnYmEoMTUzLDE1MywxNTMsMC41KTtyZ2JhKDE1MywxNTMsMTUzLDAuMSk7cmdiYSgxNTMsMTUzLDE1MywwLjUpIiBkdXI9IjJzIiByZXBlYXRDb3VudD0iaW5kZWZpbml0ZSIgLz48L3JlY3Q+PC9zdmc+\" alt=\"Akta\u015f \u015eelalesi\" data-public-id=\"akta\u015f_\u015felalesi\/akta\u015f_\u015felalesi.jpg\" class=\"wp-post-20519 wp-image-21000\" data-format=\"jpg\" data-transformations=\"f_auto,q_auto:low\" data-version=\"1657197792\" data-seo=\"1\" data-size=\"800 500\" data-srcset=\"https:\/\/res.cloudinary.com\/turna\/images\/f_auto,q_auto:low\/v1657197792\/akta\u015f_\u015felalesi\/akta\u015f_\u015felalesi.jpg?_i=AA 800w, https:\/\/res.cloudinary.com\/turna\/images\/w_300,h_188,c_scale\/f_auto,q_auto:low\/v1657197792\/akta\u015f_\u015felalesi\/akta\u015f_\u015felalesi.jpg?_i=AA 300w, https:\/\/res.cloudinary.com\/turna\/images\/w_672,h_420,c_scale\/f_auto,q_auto:low\/v1657197792\/akta\u015f_\u015felalesi\/akta\u015f_\u015felalesi.jpg?_i=AA 672w, https:\/\/res.cloudinary.com\/turna\/images\/w_640,h_400,c_scale\/f_auto,q_auto:low\/v1657197792\/akta\u015f_\u015felalesi\/akta\u015f_\u015felalesi.jpg?_i=AA 640w, https:\/\/res.cloudinary.com\/turna\/images\/w_681,h_426,c_scale\/f_auto,q_auto:low\/v1657197792\/akta\u015f_\u015felalesi\/akta\u015f_\u015felalesi.jpg?_i=AA 681w\" data-sizes=\"(max-width: 800px) 100vw, 800px\" data-delivery=\"upload\" onload=\";window.CLDBind?CLDBind(this):null;\" data-cloudinary=\"lazy\" \/><\/figure>\n\n\n\n<p>D\u00fczce&#8217;de gezimize Akta\u015f \u015eelalesi ile devam ediyoruz. Buras\u0131 yine yurdumuzun cennet k\u00f6\u015felerinden biri. Yemye\u015fil do\u011fan\u0131n i\u00e7inde biraz y\u00fcr\u00fcy\u00fc\u015f yapt\u0131ktan sonra \u015felaleye ula\u015f\u0131yoruz. Yemye\u015fil do\u011fa ve masmavi akan sular ile do\u011fan\u0131n bu b\u00fcy\u00fcleyici k\u00f6\u015fesi kar\u015f\u0131m\u0131za \u00e7\u0131k\u0131yor.<\/p>\n\n\n\n<p>Akta\u015f \u015eelalesi, 50 m y\u00fcksekten d\u00fc\u015fen suyun sesi ve etraf\u0131n\u0131 saran ye\u015fillikler ile adeta huzur yuvas\u0131. \u015eelale ve \u00e7evresi trekking, foto-safari vb. do\u011fa aktiviteleri yapmaya uygun.<\/p>\n\n\n\n<ul class=\"wp-block-list\">\n<li>Akta\u015f \u015eelalesi konumu <strong><a href=\"https:\/\/goo.gl\/maps\/vA3mRaYyhpKZewhQ7\" target=\"_blank\" rel=\"noreferrer noopener\">burada.<\/a><\/strong><\/li>\n<\/ul>\n\n\n\n<h2 class=\"wp-block-heading has-text-align-center has-neeon-button-dark-gray-color has-text-color has-link-color wp-elements-ba23d41dad1af0e27f1daabdeedeaf8d\"><span class=\"ez-toc-section\" id=\"7_kurugol_tabiat_parki\"><\/span>7. Kurug\u00f6l Tabiat Park\u0131<span class=\"ez-toc-section-end\"><\/span><\/h2>\n\n\n\n<figure class=\"wp-block-image size-large\"><img decoding=\"async\" src=\"https:\/\/res.cloudinary.com\/turna\/image\/upload\/v1657197792\/kurug%C3%B6l_tabiat_park%C4%B1.jpg\" alt=\"Kurug\u00f6l Tabiat Park\u0131\"\/><\/figure>\n\n\n\n<p>\u00c7evredeki su kaynaklar\u0131 ile olu\u015fan g\u00f6letin \u00e7evresi yemye\u015fil \u00e7am a\u011fa\u00e7lar\u0131 ile \u00e7evrili. G\u00fcn\u00fcbirlik olarak ziyaret edebilir ve keyifli bir piknik yapabilirsiniz. Bu b\u00f6lge s\u00fcl\u00fcn yeti\u015ftirme sahas\u0131 olarak kullan\u0131l\u0131yor ve av yasa\u011f\u0131 var.<\/p>\n\n\n\n<p>Kurug\u00f6l, D\u00fczce\u2019nin Kayna\u015fl\u0131 \u0130l\u00e7esi s\u0131n\u0131rlar\u0131nda yer al\u0131yor. 2004 y\u0131l\u0131nda mesire alan\u0131 olarak, 2011 y\u0131l\u0131nda Tabiat Park\u0131 olarak tescil edilmi\u015f. Burada, foto-safari, sportif olta bal\u0131k\u00e7\u0131l\u0131\u011f\u0131, kamp\u00e7\u0131l\u0131k vb. aktiviteleri yapabilirsiniz.<\/p>\n\n\n\n<ul class=\"wp-block-list\">\n<li>Kurug\u00f6l Tabiat Park\u0131 konumu <strong><a href=\"https:\/\/goo.gl\/maps\/v2Ncje35jzRY2G7j9\" target=\"_blank\" rel=\"noreferrer noopener\">burada.<\/a><\/strong><\/li>\n<\/ul>\n\n\n\n<h2 class=\"wp-block-heading has-text-align-center has-neeon-button-dark-gray-color has-text-color has-link-color wp-elements-f7c055c5ba82035909d08e8daf61cadf\"><span class=\"ez-toc-section\" id=\"duzce_hemsin_camii\"><\/span>D\u00fczce Hem\u015fin Camii<span class=\"ez-toc-section-end\"><\/span><\/h2>\n\n\n\n<figure class=\"wp-block-image size-full is-style-default\"><img width=\"800\" height=\"500\" data-public-id=\"duzcede-gezilecek-yerler\/duzcede-gezilecek-yerler.jpg\" decoding=\"async\" src=\"https:\/\/res.cloudinary.com\/turna\/images\/w_800,h_500,c_scale\/f_auto,q_auto:low\/v1644492323\/duzcede-gezilecek-yerler\/duzcede-gezilecek-yerler.jpg?_i=AA\" alt=\"duzcede-gezilecek-yerler\" class=\"wp-post-20519 wp-image-20630\" data-format=\"jpg\" data-transformations=\"f_auto,q_auto:low\" data-version=\"1644492323\" data-seo=\"1\" srcset=\"https:\/\/res.cloudinary.com\/turna\/images\/f_auto,q_auto:low\/v1644492323\/duzcede-gezilecek-yerler\/duzcede-gezilecek-yerler.jpg?_i=AA 800w, https:\/\/res.cloudinary.com\/turna\/images\/w_300,h_188,c_scale\/f_auto,q_auto:low\/v1644492323\/duzcede-gezilecek-yerler\/duzcede-gezilecek-yerler.jpg?_i=AA 300w, https:\/\/res.cloudinary.com\/turna\/images\/w_672,h_420,c_scale\/f_auto,q_auto:low\/v1644492323\/duzcede-gezilecek-yerler\/duzcede-gezilecek-yerler.jpg?_i=AA 672w, https:\/\/res.cloudinary.com\/turna\/images\/w_640,h_400,c_scale\/f_auto,q_auto:low\/v1644492323\/duzcede-gezilecek-yerler\/duzcede-gezilecek-yerler.jpg?_i=AA 640w, https:\/\/res.cloudinary.com\/turna\/images\/w_681,h_426,c_scale\/f_auto,q_auto:low\/v1644492323\/duzcede-gezilecek-yerler\/duzcede-gezilecek-yerler.jpg?_i=AA 681w\" sizes=\"(max-width: 800px) 100vw, 800px\" \/><\/figure>\n\n\n\n<p>D\u00fczce&#8217;nin biraz da tarihi eserleri hakk\u0131nda bilgi vermek istiyoruz. Hem\u015fin Camii bu b\u00f6lgenin en eski yap\u0131lar\u0131ndan biri. 1877 y\u0131l\u0131nda Osmanl\u0131 \u0130mparatorlu\u011fu zaman\u0131nda yap\u0131lm\u0131\u015f. Ah\u015fap ve ta\u015f i\u015f\u00e7ili\u011finin birle\u015fiminin g\u00fczel bir \u00f6rne\u011fi olan cami g\u00f6r\u00fclmeye de\u011fer.<\/p>\n\n\n\n<ul class=\"wp-block-list\">\n<li>D\u00fczce Hem\u015fin Camii konumu <strong><a href=\"https:\/\/goo.gl\/maps\/GUz3iXKSoqB7ypqj7\" target=\"_blank\" rel=\"noreferrer noopener\">burada.<\/a><\/strong><\/li>\n<\/ul>\n\n\n\n<h2 class=\"wp-block-heading has-text-align-center has-neeon-button-dark-gray-color has-text-color has-link-color wp-elements-61a0240d5532f23767adcbd7007893f9\"><span class=\"ez-toc-section\" id=\"9_topuk_yaylasi_ve_goleti\"><\/span><strong>9. Topuk Yaylas\u0131 ve G\u00f6leti<\/strong><span class=\"ez-toc-section-end\"><\/span><\/h2>\n\n\n\n<figure class=\"wp-block-image size-large\"><img decoding=\"async\" src=\"https:\/\/res.cloudinary.com\/turna\/image\/upload\/v1657197795\/topuk_yaylas%C4%B1.jpg\" alt=\" Topuk Yaylas\u0131 ve G\u00f6leti\"\/><\/figure>\n\n\n\n<p><strong>Topuk Yaylas\u0131 G\u00f6l\u00fc&#8217;ne<\/strong> gitti\u011finizde e\u015fsiz do\u011fas\u0131 kar\u015f\u0131s\u0131nda harika hissedeceksiniz. \u00c7evresindeki zengin bitki \u00f6rt\u00fcs\u00fc ile ye\u015fil ve mavinin her tonunu g\u00f6rebilece\u011finiz manzaralara sahip olan g\u00f6l k\u0131y\u0131s\u0131nda keyifli vakit ge\u00e7irerek y\u00fcr\u00fcy\u00fc\u015f yapabilirsiniz. Zaman zaman 2000 m y\u00fcksekli\u011fe kadar \u00e7\u0131kan yaylalarda \u00e7am ormanlar\u0131n\u0131n kokusunu i\u00e7inizde hissedeceksiniz.<\/p>\n\n\n\n<p>Topuk Yaylas\u0131 ve G\u00f6leti D\u00fczce\u2019ye 38 kilometre mesafede bulunuyor. Yaylada bulunan g\u00f6let ortama daha da g\u00fczel bir hava kat\u0131yor. G\u00f6lette; aynal\u0131 sazan, kad\u0131nc\u0131k ve Hollanda Sar\u0131s\u0131 gibi bal\u0131k t\u00fcrleri ya\u015f\u0131yor ve olta bal\u0131k\u00e7\u0131l\u0131\u011f\u0131 yapma imkan\u0131 da bulunuyor.<\/p>\n\n\n\n<ul class=\"wp-block-list\">\n<li>Topuk Yaylas\u0131 ve G\u00f6leti konumu <strong><a href=\"https:\/\/goo.gl\/maps\/ntmdPaZrfPnudSeg7\" target=\"_blank\" rel=\"noreferrer noopener\">burada.<\/a><\/strong><\/li>\n<\/ul>\n\n\n\n<h2 class=\"wp-block-heading has-text-align-center has-neeon-button-dark-gray-color has-text-color has-link-color wp-elements-63dd2226e423ce7e9151d1f3d0ad49ad\"><span class=\"ez-toc-section\" id=\"10_torkul_goleti\"><\/span><strong>10. Torkul G\u00f6leti<\/strong><span class=\"ez-toc-section-end\"><\/span><\/h2>\n\n\n\n<p>Volkanik bir \u00e7\u00f6k\u00fcnt\u00fc ile olu\u015fan g\u00f6let 1300 m y\u00fckseklikte bulunuyor. \u00d6zellikle yaz\u0131n s\u0131cak g\u00fcnlerinde serin bir ka\u00e7\u0131\u015f noktas\u0131 ararsan\u0131z Torkul G\u00f6l\u00fc tercihiniz olmal\u0131. Burada piknik, olta bal\u0131k\u00e7\u0131l\u0131\u011f\u0131, foto-safari, \u00e7ad\u0131r kamp\u0131 yapabilir, Torkul ve Odayeri yaylalar\u0131 aras\u0131ndaki 6 kilometrelik mesafede trekking turuna \u00e7\u0131kabilirsiniz.<\/p>\n\n\n\n<ul class=\"wp-block-list\">\n<li>Torkul G\u00f6l\u00fc konumu <strong><a href=\"https:\/\/goo.gl\/maps\/m4NPqS6uKwmmdchq7\" target=\"_blank\" rel=\"noreferrer noopener\">burada.<\/a><\/strong><\/li>\n<\/ul>\n\n\n\n<h2 class=\"wp-block-heading has-text-align-center has-neeon-button-dark-gray-color has-text-color has-link-color wp-elements-817866911564b34c7f409c3091e8688b\"><span class=\"ez-toc-section\" id=\"prusias_ad_hypium_antik_kenti\"><\/span>Prusias ad Hypium Antik Kenti<span class=\"ez-toc-section-end\"><\/span><\/h2>\n\n\n\n<figure class=\"wp-block-image size-large\"><img decoding=\"async\" src=\"https:\/\/res.cloudinary.com\/turna\/image\/upload\/v1657197793\/Prusias_ad_Hypium_Antik_Kenti.jpg\" alt=\"Prusias ad Hypium Antik Kenti\"\/><\/figure>\n\n\n\n<p>D\u00fczce&#8217;de de tarih merakl\u0131lar\u0131n\u0131n yolunu d\u00fc\u015f\u00fcrmek isteyece\u011fi bir antik kent bulunuyor. <strong> Prusias ad Hypium Antik Kenti<\/strong> M.\u00d6. 1200-700 y\u0131llar\u0131 aras\u0131nda Trakyal\u0131 halklar\u0131n yurdu olarak an\u0131l\u0131yor.&nbsp;Megaral\u0131lar taraf\u0131ndan \u2018\u2019Kieros\u2019\u2019 ismi ile kuruldu\u011fu biliniyor. M.\u00d6. 183\u2019te Bithynia Kral\u0131 I Prusias taraf\u0131ndan ele ge\u00e7irilmi\u015f ve Melen (Hypium) \u00e7ay\u0131n\u0131n \u00fcst\u00fcndeki Prusias anlam\u0131na gelen \u2019\u2019Prusias ad Hypium\u2019\u2019 ad\u0131n\u0131 alm\u0131\u015f.<\/p>\n\n\n\n<p>Burada g\u00f6rebilece\u011finiz yap\u0131lar aras\u0131nda tiyatro, atl\u0131kap\u0131, Kemerkas\u0131m su kemerleri, Roma K\u00f6pr\u00fcs\u00fc yer al\u0131yor. Antik kent d\u00fczce merkeze 9 km mesafede bulunuyor.<\/p>\n\n\n\n<ul class=\"wp-block-list\">\n<li> Prusias ad Hypium Antik Kenti konumu <strong><a href=\"https:\/\/goo.gl\/maps\/E7v5z5iuXewRwm4A7\" target=\"_blank\" rel=\"noreferrer noopener\">burada.<\/a><\/strong><\/li>\n<\/ul>\n\n\n\n<h2 class=\"wp-block-heading has-text-align-center has-neeon-button-dark-gray-color has-text-color has-link-color wp-elements-e54bc51578c85ab445ac7b4f98236e4c\"><span class=\"ez-toc-section\" id=\"12_konuralp_muzesi\"><\/span><strong>12. Konuralp M\u00fczesi<\/strong><span class=\"ez-toc-section-end\"><\/span><\/h2>\n\n\n\n<figure class=\"wp-block-image size-large\"><img decoding=\"async\" src=\"https:\/\/res.cloudinary.com\/turna\/image\/upload\/v1657197792\/konuralp_m%C3%BCzesi.jpg\" alt=\"Konuralp M\u00fczesi\"\/><\/figure>\n\n\n\n<p>Prusias ad Hypium Antik Kenti\u2019nin zengin k\u00fclt\u00fcrel miras\u0131n\u0131 ya\u015fatmak \u00fczere kurulan Konuralp M\u00fczesi, 2003 y\u0131l\u0131nda ziyarete a\u00e7\u0131lm\u0131\u015f. 3 te\u015fhir salonunda toplamda 1.848 arkeolojik, 491 etnografik ve 3.898 sikke olmak \u00fczere toplam 6.237 eser bulunuyor.<\/p>\n\n\n\n<ul class=\"wp-block-list\">\n<li>Konuralp M\u00fczesi konumu <strong><a href=\"https:\/\/goo.gl\/maps\/ftM4FXojAwvViMn77\" target=\"_blank\" rel=\"noreferrer noopener\">burada.<\/a><\/strong><\/li>\n<\/ul>\n\n\n\n<h2 class=\"wp-block-heading has-text-align-center has-neeon-button-dark-gray-color has-text-color has-link-color wp-elements-dcc1d07ab9efab73499e97df9049f342\"><span class=\"ez-toc-section\" id=\"13_purenli_yaylasi\"><\/span><strong>13. P\u00fcrenli Yaylas\u0131<\/strong><span class=\"ez-toc-section-end\"><\/span><\/h2>\n\n\n\n<figure class=\"wp-block-image size-large\"><img decoding=\"async\" src=\"https:\/\/res.cloudinary.com\/turna\/image\/upload\/v1657197794\/p%C3%BCrenli_yaylas%C4%B1.jpg\" alt=\" P\u00fcrenli Yaylas\u0131\"\/><\/figure>\n\n\n\n<p><strong>P\u00fcrenli Yaylas\u0131,<\/strong>&nbsp;D\u00fczce\u2019ye 28 km mesafede&nbsp;G\u00f6lyaka il\u00e7esinde bulunuyor. Yaylada do\u011fan\u0131n renk c\u00fcmb\u00fc\u015f\u00fc g\u00f6zlerinizi kama\u015ft\u0131racak. Su sesleri ku\u015f seslerine kar\u0131\u015farak kulaklar\u0131n\u0131z\u0131n pas\u0131n\u0131 silecek. Yemye\u015fil&nbsp;yaylada bir de g\u00f6let var.&nbsp;\u00c7ad\u0131r kamp\u0131, do\u011fa y\u00fcr\u00fcy\u00fc\u015f\u00fc ve foto\u011fraf merakl\u0131lar\u0131n\u0131n fazlas\u0131yla be\u011fenece\u011fi bir yer P\u00fcrenli Yaylas\u0131.<\/p>\n\n\n\n<ul class=\"wp-block-list\">\n<li>P\u00fcrenli Yaylas\u0131 konumu <strong><a href=\"https:\/\/goo.gl\/maps\/SFXxxsjAvtY4QaLP9\" target=\"_blank\" rel=\"noreferrer noopener\">burada.<\/a><\/strong><\/li>\n<\/ul>\n\n\n\n<h2 class=\"wp-block-heading has-text-align-center has-neeon-button-dark-gray-color has-text-color has-link-color wp-elements-ef2133d9add63c864691c92abf089cac\"><span class=\"ez-toc-section\" id=\"14_samandere_selalesi\"><\/span><strong>14. Samandere \u015eelalesi<\/strong><span class=\"ez-toc-section-end\"><\/span><\/h2>\n\n\n\n<figure class=\"wp-block-image size-large\"><img decoding=\"async\" src=\"https:\/\/res.cloudinary.com\/turna\/image\/upload\/v1657197795\/samandere_%C5%9Felalesi.jpg\" alt=\"Samandere \u015eelalesi\"\/><\/figure>\n\n\n\n<p><strong>Samandere \u015eelalesi<\/strong>, D\u00fczce\u2019nin Beyk\u00f6y beldesi Samandere K\u00f6y\u00fc&#8217;nde yer al\u0131yor. D\u00fczce\u2019ye 24 km mesafede bulunuyor. \u00c7evrede \u00e7a\u011flayan, cad\u0131 kazan\u0131 gibi ilgin\u00e7 jeolojik olu\u015fumlar ve an\u0131t a\u011fa\u00e7lar\u0131n oldu\u011fu zengin bir bitki \u00f6rt\u00fcs\u00fcne sahip. D\u00fczce&#8217;de gezilecek do\u011fal yerler ar\u0131yorsan\u0131z Samandere \u015eelalesi&#8217;ne gidebilirsiniz.<\/p>\n\n\n\n<ul class=\"wp-block-list\">\n<li>Samandere \u015eelalesi konumu <strong><a href=\"https:\/\/goo.gl\/maps\/DJcKS2CS7w4PikC97\" target=\"_blank\" rel=\"noreferrer noopener\">burada.<\/a><\/strong><\/li>\n<\/ul>\n\n\n\n<h2 class=\"wp-block-heading has-text-align-center has-neeon-button-dark-gray-color has-text-color has-link-color wp-elements-b1f05d199949d8be093415e7aab8bb55\"><span class=\"ez-toc-section\" id=\"15_melen_cayi\"><\/span><strong>15. Melen \u00c7ay\u0131<\/strong><span class=\"ez-toc-section-end\"><\/span><\/h2>\n\n\n\n<figure class=\"wp-block-image size-large\"><img decoding=\"async\" src=\"https:\/\/res.cloudinary.com\/turna\/image\/upload\/v1657197794\/melen_%C3%A7ay%C4%B1.jpg\" alt=\"Melen \u00c7ay\u0131\"\/><\/figure>\n\n\n\n<p><strong>Melen \u00c7ay\u0131<\/strong>, D\u00fczce ili s\u0131n\u0131rlar\u0131ndan do\u011fup 60 km boyunca akarak Melen A\u011fz\u0131 olarak bilinen b\u00f6lgeden Karadeniz\u2019e d\u00f6k\u00fcl\u00fcyor. Melen \u00e7ay\u0131n\u0131n bu denli pop\u00fcler olmas\u0131ndaki neden T\u00fcrkiye&#8217;nin en g\u00fcvenli ve talep g\u00f6ren rafting parkuru olmas\u0131. Seyahatinize adrenalin katmak isterseniz Melen \u00c7ay\u0131&#8217;na yolunuzu d\u00fc\u015f\u00fcr\u00fcn derim.<\/p>\n\n\n\n<ul class=\"wp-block-list\">\n<li>Melen \u00c7ay\u0131 konumu <strong><a href=\"https:\/\/goo.gl\/maps\/u33FvXJqX8m1NBhw7\" target=\"_blank\" rel=\"noreferrer noopener\">burada.<\/a><\/strong><\/li>\n<\/ul>\n\n\n\n<p><meta charset=\"utf-8\">D\u00fczce&#8217;ye otob\u00fcsle gidecekseniz e\u011fer <a href=\"https:\/\/www.turna.com\/otobus-bileti\/duzce\">D\u00fczce otob\u00fcs bileti<\/a> i\u00e7in turna.com sayfas\u0131n\u0131z ziyaret edin. Geli\u015fmi\u015f arama \u00f6zelli\u011fi ile 200\u2019den fazla otob\u00fcs firmas\u0131n\u0131 kar\u015f\u0131la\u015ft\u0131rabilir, biletini komisyon \u00f6demeden sat\u0131n alabilirsin.<\/p>\n\n    <div class=\"xs_social_share_widget xs_share_url after_content \t\tmain_content  wslu-style-1 wslu-share-box-shaped wslu-fill-colored wslu-none wslu-share-horizontal wslu-theme-font-no wslu-main_content\">\n\n\t\t\n        <ul>\n\t\t\t        <\/ul>\n    <\/div> \n","protected":false},"excerpt":{"rendered":"<p>Yemye\u015fil do\u011fas\u0131, yaylalar\u0131, \u015felaleleri ile D\u00fczce gezilecek yerler \u00f6zellikle do\u011fa y\u00fcr\u00fcy\u00fc\u015fleri, rafting, trekking gibi alternatif turizm rotalar\u0131 arayanlar i\u00e7in m\u00fckemmel yerler.<\/p>\n","protected":false},"author":34,"featured_media":21000,"comment_status":"open","ping_status":"open","sticky":false,"template":"","format":"standard","meta":{"rop_custom_images_group":[],"rop_custom_messages_group":[],"rop_publish_now":"initial","rop_publish_now_accounts":[],"rop_publish_now_history":[],"rop_publish_now_status":"pending","_cloudinary_featured_overwrite":false,"footnotes":""},"categories":[1885],"tags":[2587],"class_list":["post-20519","post","type-post","status-publish","format-standard","has-post-thumbnail","hentry","category-duzce","tag-duzce"],"_links":{"self":[{"href":"https:\/\/www.turna.com\/blog\/wp-json\/wp\/v2\/posts\/20519","targetHints":{"allow":["GET"]}}],"collection":[{"href":"https:\/\/www.turna.com\/blog\/wp-json\/wp\/v2\/posts"}],"about":[{"href":"https:\/\/www.turna.com\/blog\/wp-json\/wp\/v2\/types\/post"}],"author":[{"embeddable":true,"href":"https:\/\/www.turna.com\/blog\/wp-json\/wp\/v2\/users\/34"}],"replies":[{"embeddable":true,"href":"https:\/\/www.turna.com\/blog\/wp-json\/wp\/v2\/comments?post=20519"}],"version-history":[{"count":0,"href":"https:\/\/www.turna.com\/blog\/wp-json\/wp\/v2\/posts\/20519\/revisions"}],"wp:featuredmedia":[{"embeddable":true,"href":"https:\/\/www.turna.com\/blog\/wp-json\/wp\/v2\/media\/21000"}],"wp:attachment":[{"href":"https:\/\/www.turna.com\/blog\/wp-json\/wp\/v2\/media?parent=20519"}],"wp:term":[{"taxonomy":"category","embeddable":true,"href":"https:\/\/www.turna.com\/blog\/wp-json\/wp\/v2\/categories?post=20519"},{"taxonomy":"post_tag","embeddable":true,"href":"https:\/\/www.turna.com\/blog\/wp-json\/wp\/v2\/tags?post=20519"}],"curies":[{"name":"wp","href":"https:\/\/api.w.org\/{rel}","templated":true}]}}