{"id":20518,"date":"2022-02-17T08:21:00","date_gmt":"2022-02-17T05:21:00","guid":{"rendered":"https:\/\/www.turna.com\/blog\/?p=20518"},"modified":"2025-12-09T16:57:29","modified_gmt":"2025-12-09T13:57:29","slug":"colmar-gezilecek-yerler","status":"publish","type":"post","link":"https:\/\/www.turna.com\/blog\/colmar-gezilecek-yerler","title":{"rendered":"Colmar Gezilecek Yerler"},"content":{"rendered":"<div id=\"ez-toc-container\" class=\"ez-toc-v2_0_82_2 counter-hierarchy ez-toc-counter ez-toc-black ez-toc-container-direction\">\n<div class=\"ez-toc-title-container\">\n<p class=\"ez-toc-title\" style=\"cursor:inherit\">\u0130\u00e7indekiler<\/p>\n<span class=\"ez-toc-title-toggle\"><a href=\"#\" class=\"ez-toc-pull-right ez-toc-btn ez-toc-btn-xs ez-toc-btn-default ez-toc-toggle\" aria-label=\"\u0130\u00e7indekiler Tablosunu A\u00e7\/Kapat\"><span class=\"ez-toc-js-icon-con\"><span class=\"\"><span class=\"eztoc-hide\" style=\"display:none;\">Toggle<\/span><span class=\"ez-toc-icon-toggle-span\"><svg style=\"fill: #ffffff;color:#ffffff\" xmlns=\"http:\/\/www.w3.org\/2000\/svg\" class=\"list-377408\" width=\"20px\" height=\"20px\" viewBox=\"0 0 24 24\" fill=\"none\"><path d=\"M6 6H4v2h2V6zm14 0H8v2h12V6zM4 11h2v2H4v-2zm16 0H8v2h12v-2zM4 16h2v2H4v-2zm16 0H8v2h12v-2z\" fill=\"currentColor\"><\/path><\/svg><svg style=\"fill: #ffffff;color:#ffffff\" class=\"arrow-unsorted-368013\" xmlns=\"http:\/\/www.w3.org\/2000\/svg\" width=\"10px\" height=\"10px\" viewBox=\"0 0 24 24\" version=\"1.2\" baseProfile=\"tiny\"><path d=\"M18.2 9.3l-6.2-6.3-6.2 6.3c-.2.2-.3.4-.3.7s.1.5.3.7c.2.2.4.3.7.3h11c.3 0 .5-.1.7-.3.2-.2.3-.5.3-.7s-.1-.5-.3-.7zM5.8 14.7l6.2 6.3 6.2-6.3c.2-.2.3-.5.3-.7s-.1-.5-.3-.7c-.2-.2-.4-.3-.7-.3h-11c-.3 0-.5.1-.7.3-.2.2-.3.5-.3.7s.1.5.3.7z\"\/><\/svg><\/span><\/span><\/span><\/a><\/span><\/div>\n<nav><ul class='ez-toc-list ez-toc-list-level-1 eztoc-toggle-hide-by-default' ><li class='ez-toc-page-1 ez-toc-heading-level-2'><a class=\"ez-toc-link ez-toc-heading-1\" href=\"https:\/\/www.turna.com\/blog\/colmar-gezilecek-yerler\/#colmar_alsace_lorraine_fransa\" >Colmar, Alsace Lorraine, Fransa<\/a><\/li><li class='ez-toc-page-1 ez-toc-heading-level-2'><a class=\"ez-toc-link ez-toc-heading-2\" href=\"https:\/\/www.turna.com\/blog\/colmar-gezilecek-yerler\/#colmar_gezilecek_yerler\" >Colmar Gezilecek Yerler<\/a><ul class='ez-toc-list-level-3' ><li class='ez-toc-heading-level-3'><a class=\"ez-toc-link ez-toc-heading-3\" href=\"https:\/\/www.turna.com\/blog\/colmar-gezilecek-yerler\/#1_colmar_old_town\" >1. Colmar Old Town<\/a><\/li><li class='ez-toc-page-1 ez-toc-heading-level-3'><a class=\"ez-toc-link ez-toc-heading-4\" href=\"https:\/\/www.turna.com\/blog\/colmar-gezilecek-yerler\/#2_st_martins_church\" >2. St Martin&#8217;s Church<\/a><\/li><li class='ez-toc-page-1 ez-toc-heading-level-3'><a class=\"ez-toc-link ez-toc-heading-5\" href=\"https:\/\/www.turna.com\/blog\/colmar-gezilecek-yerler\/#3_tanners_district_colmar%e2%80%93dericiler_sokagi\" >3. Tanner\u2019s District Colmar\u2013Dericiler Soka\u011f\u0131<\/a><\/li><li class='ez-toc-page-1 ez-toc-heading-level-3'><a class=\"ez-toc-link ez-toc-heading-6\" href=\"https:\/\/www.turna.com\/blog\/colmar-gezilecek-yerler\/#4_koifhus_colmar\" >4. Koifhus, Colmar<\/a><\/li><li class='ez-toc-page-1 ez-toc-heading-level-3'><a class=\"ez-toc-link ez-toc-heading-7\" href=\"https:\/\/www.turna.com\/blog\/colmar-gezilecek-yerler\/#5_phister_house_colmar\" >5. Phister House, Colmar<\/a><\/li><li class='ez-toc-page-1 ez-toc-heading-level-3'><a class=\"ez-toc-link ez-toc-heading-8\" href=\"https:\/\/www.turna.com\/blog\/colmar-gezilecek-yerler\/#6_eglise_des_dominicain_%e2%80%93_place_des_dominicains\" >6. Eglise des Dominicain \u2013 Place des Dominicains<\/a><\/li><li class='ez-toc-page-1 ez-toc-heading-level-3'><a class=\"ez-toc-link ez-toc-heading-9\" href=\"https:\/\/www.turna.com\/blog\/colmar-gezilecek-yerler\/#7_unterlinden_museum\" >7. Unterlinden Museum<\/a><\/li><li class='ez-toc-page-1 ez-toc-heading-level-3'><a class=\"ez-toc-link ez-toc-heading-10\" href=\"https:\/\/www.turna.com\/blog\/colmar-gezilecek-yerler\/#8_la_petite_venise\" >8. La Petite Venise<\/a><\/li><li class='ez-toc-page-1 ez-toc-heading-level-3'><a class=\"ez-toc-link ez-toc-heading-11\" href=\"https:\/\/www.turna.com\/blog\/colmar-gezilecek-yerler\/#colmara_nasil_gidilir\" >Colmar\u2019a Nas\u0131l Gidilir?<\/a><\/li><\/ul><\/li><\/ul><\/nav><\/div>\n\n<p><strong>Colmar<\/strong>, Fransa\u2019n\u0131n kuzey do\u011fu b\u00f6lgesinde Alsace Lorraine b\u00f6lgesinde bulunuyor. Colmar gezilecek yerler a\u00e7\u0131s\u0131ndan \u00e7ok zengin bir \u015fehir. Colmar, Fransa\u2019n\u0131n Paris, Nice ve Saint Tropez gibi ilk akla gelen isimlerinden biri de\u011fil belki ama Alsace Lorraine (Alsas Loren) b\u00f6lgesinin en renkli ve g\u00fczel \u015fehirlerinden biri.<\/p>\n\n\n\n<p>Alsace Lorraine; tarih boyunca, Almanya ve Fransa aras\u0131nda durmadan el de\u011fi\u015ftirmi\u015f bir b\u00f6lge. Bu nedenle, burada Frans\u0131z ve Alman k\u00fclt\u00fcr\u00fc bir arada ya\u015fan\u0131yor. \u0130ki dil birden konu\u015fuluyor. Sokak isimleri, restaurant ve cafelerin men\u00fcleri hem Frans\u0131zca hem de Almanca yaz\u0131lm\u0131\u015f. Tipik bir Alsace Lorraine kasabas\u0131n\u0131n neye benzedi\u011fini merak ediyorsan\u0131z, cevab\u0131n\u0131 Colmar\u2019da bulabilirsiniz.<\/p>\n\n\n\n<figure class=\"wp-block-image size-full is-style-default\"><img width=\"800\" height=\"500\" data-public-id=\"colmar_206179b4bd_206176b706\/colmar_206179b4bd_206176b706.jpg\" fetchpriority=\"high\" decoding=\"async\" src=\"https:\/\/res.cloudinary.com\/turna\/images\/w_800,h_500,c_scale\/f_auto,q_auto:low\/v1644489921\/colmar_206179b4bd_206176b706\/colmar_206179b4bd_206176b706.jpg?_i=AA\" alt=\"colmar\" class=\"wp-post-20518 wp-image-20617\" data-format=\"jpg\" data-transformations=\"f_auto,q_auto:low\" data-version=\"1644489921\" data-seo=\"1\" srcset=\"https:\/\/res.cloudinary.com\/turna\/images\/f_auto,q_auto:low\/v1644489921\/colmar_206179b4bd_206176b706\/colmar_206179b4bd_206176b706.jpg?_i=AA 800w, https:\/\/res.cloudinary.com\/turna\/images\/w_300,h_188,c_scale\/f_auto,q_auto:low\/v1644489921\/colmar_206179b4bd_206176b706\/colmar_206179b4bd_206176b706.jpg?_i=AA 300w, https:\/\/res.cloudinary.com\/turna\/images\/w_672,h_420,c_scale\/f_auto,q_auto:low\/v1644489921\/colmar_206179b4bd_206176b706\/colmar_206179b4bd_206176b706.jpg?_i=AA 672w, https:\/\/res.cloudinary.com\/turna\/images\/w_640,h_400,c_scale\/f_auto,q_auto:low\/v1644489921\/colmar_206179b4bd_206176b706\/colmar_206179b4bd_206176b706.jpg?_i=AA 640w, https:\/\/res.cloudinary.com\/turna\/images\/w_681,h_426,c_scale\/f_auto,q_auto:low\/v1644489921\/colmar_206179b4bd_206176b706\/colmar_206179b4bd_206176b706.jpg?_i=AA 681w\" sizes=\"(max-width: 800px) 100vw, 800px\" \/><\/figure>\n\n\n\n<h2 class=\"wp-block-heading has-text-align-center has-neeon-button-dark-gray-color has-text-color has-link-color wp-elements-e6de8420d0f5a2513300f8d267e66622\"><span class=\"ez-toc-section\" id=\"colmar_alsace_lorraine_fransa\"><\/span><strong><strong><strong><strong>Colmar, Alsace Lorraine, Fransa<\/strong><\/strong><\/strong><\/strong><span class=\"ez-toc-section-end\"><\/span><\/h2>\n\n\n\n<p>Colmar, Fransa\u2019n\u0131n Kuzey Do\u011fusunda, Alsace Lorraine b\u00f6lgesinde yer al\u0131yor. Colmar, Fransa\u2019n\u0131n en g\u00fczel ve renkli \u015fehirlerinden biri. Rengarenk boyanm\u0131\u015f ah\u015fap yap\u0131lar\u0131 ile masal \u015fehrine benziyor.<\/p>\n\n\n\n<p>Biz A\u011fustos ay\u0131nda ziyaret etme f\u0131rsat\u0131 bulmu\u015ftuk. \u00d6zellikle, y\u0131lba\u015f\u0131nda sokaklar\u0131n rengarenk ve muhte\u015fem bir \u015fekilde s\u00fcslendi\u011fini \u00f6\u011frendik.<\/p>\n\n\n\n<p>Colmar\u2019\u0131n y\u0131lba\u015f\u0131 pazarlar\u0131 \u00e7ok \u00fcnl\u00fcym\u00fc\u015f. Y\u0131lba\u015f\u0131 yakla\u015ft\u0131\u011f\u0131 zaman Colmar\u2019\u0131n \u00f6nemli meydanlar\u0131nda y\u0131lba\u015f\u0131 pazarlar\u0131 kuruluyormu\u015f ve her yer rengarenk s\u00fcsleniyormu\u015f. Hediyelik e\u015fya, yiyecek, i\u00e7ecek gibi arad\u0131\u011f\u0131n\u0131z her \u015fey bu pazarlarda bulunuyormu\u015f.<\/p>\n\n\n\n<p>Colmar\u2019\u0131n ge\u00e7mi\u015fi 9. y\u00fczy\u0131la kadar dayan\u0131yor. Burada eskiden bal\u0131k\u00e7\u0131lar, demirciler, dericiler ve t\u00fcccarlar ya\u015farm\u0131\u015f. Her meslek grubunun ayr\u0131 sokaklar\u0131 varm\u0131\u015f. G\u00fcn\u00fcm\u00fczde de sokak isimlerini yine bu \u015fekilde g\u00f6rebiliyoruz.<\/p>\n\n\n\n<p>Rue des Marchands, yani T\u00fcccarlar Caddesi Colmar\u2019\u0131n en i\u015flek ve pop\u00fcler caddelerinden biri. Cafeler, restaurantlar, hediyelik e\u015fya d\u00fckkanlar\u0131 gibi bir \u00e7ok \u015feyi burada bulabilirsiniz. Alsace Lorraine b\u00f6lgesinde bir \u00e7ok yerde s\u00fcs e\u015fyas\u0131 olarak leylekleri g\u00f6r\u00fcyorsunuz. Leylekler buran\u0131n sembol\u00fcym\u00fc\u015f.<\/p>\n\n\n\n<p>Colmar\u2019da sokaklar ars\u0131nda gezerken \u00f6zellikle d\u00fckkan tabelalar\u0131 dikkatimizi \u00e7ekiyor. Eskiden d\u00fckkan tabelalar\u0131 okuma yazma bilmeyenler i\u00e7in, d\u00fckkanda yap\u0131lan i\u015fi anlatmak amac\u0131yla \u015fekilli yap\u0131l\u0131rm\u0131\u015f. \u00d6rne\u011fin; \u015fapka sat\u0131lan d\u00fckkan\u0131n tabelas\u0131 \u015fapka \u015feklinde olurmu\u015f.<\/p>\n\n\n\n<h2 class=\"wp-block-heading has-text-align-center has-neeon-button-dark-gray-color has-text-color has-link-color wp-elements-640be6bc917120c62664ce2d03699dc9\"><span class=\"ez-toc-section\" id=\"colmar_gezilecek_yerler\"><\/span><strong><strong><strong><strong>Colmar Gezilecek Yerler<\/strong><\/strong><\/strong><\/strong><span class=\"ez-toc-section-end\"><\/span><\/h2>\n\n\n\n<p>Colmar\u2019da gezilecek ve g\u00f6r\u00fclecek yerler genellikle Colmar Eski \u015eehir civar\u0131nda bulunuyor. Colmar\u2019da gezilecek ve g\u00f6r\u00fclecek yerler 2 g\u00fcn i\u00e7erisinde tamamlanabilir. Bu g\u00fczel \u015fehrin keyfini biraz daha \u00e7\u0131karmak isterseniz 3 g\u00fcn kalabilirsiniz.<\/p>\n\n\n\n<p>Colmar\u2019da yap\u0131lacak \u015feyler o kadar fazla ki, bizim ilk akl\u0131m\u0131za gelenler ise \u015f\u00f6yle; Colmar\u2019da bir cafede oturup sakin sakin kahvenizi yudumlay\u0131n; Colmar\u2019\u0131 e\u011fer bahar ve yaz aylar\u0131nda ziyaret ederseniz, Little Venice\u2019de tekne ile gezin. Colmar Eski \u015eehir\u2019in arnavut kald\u0131r\u0131ml\u0131 dar sokaklar\u0131nda y\u00fcr\u00fcyerek gezin; Colmar\u2019a y\u0131lba\u015f\u0131 zaman\u0131nda giderseniz, Colmar Noel Pazar\u0131\u2019n\u0131 ziyaret edin.<\/p>\n\n\n\n<p>Colmar her mevsim ziyaret edilebilecek bir destinasyon. Bahar ve yaz aylar\u0131nda \u00e7i\u00e7eklerle s\u00fcslenmi\u015f yemye\u015fil do\u011fas\u0131 ile \u00e7ok ilgi \u00e7ekici bir yer ama y\u0131lba\u015f\u0131nda kurulan Colmar Noel Pazar\u0131, Fransa\u2019n\u0131n en \u00fcnl\u00fc pazar yerlerinden biri. Tekne turu yapmak isterseniz bahar ve yaz aylar\u0131n\u0131 tercih edebilirsiniz.<\/p>\n\n\n\n<h3 class=\"wp-block-heading has-text-align-center has-neeon-button-dark-gray-color has-text-color has-link-color wp-elements-52a0b3748c60c142e8c1532063da866b\"><span class=\"ez-toc-section\" id=\"1_colmar_old_town\"><\/span><strong><strong><strong><strong>1. Colmar Old Town<\/strong><\/strong><\/strong><\/strong><span class=\"ez-toc-section-end\"><\/span><\/h3>\n\n\n\n<figure class=\"wp-block-image size-full is-style-default\"><img width=\"800\" height=\"500\" data-public-id=\"colmar-old-town\/colmar-old-town.jpg\" decoding=\"async\" src=\"https:\/\/res.cloudinary.com\/turna\/images\/w_800,h_500,c_scale\/f_auto,q_auto:low\/v1644490373\/colmar-old-town\/colmar-old-town.jpg?_i=AA\" alt=\"Colmar Old Town\" class=\"wp-post-20518 wp-image-20618\" data-format=\"jpg\" data-transformations=\"f_auto,q_auto:low\" data-version=\"1644490373\" data-seo=\"1\" srcset=\"https:\/\/res.cloudinary.com\/turna\/images\/f_auto,q_auto:low\/v1644490373\/colmar-old-town\/colmar-old-town.jpg?_i=AA 800w, https:\/\/res.cloudinary.com\/turna\/images\/w_300,h_188,c_scale\/f_auto,q_auto:low\/v1644490373\/colmar-old-town\/colmar-old-town.jpg?_i=AA 300w, https:\/\/res.cloudinary.com\/turna\/images\/w_672,h_420,c_scale\/f_auto,q_auto:low\/v1644490373\/colmar-old-town\/colmar-old-town.jpg?_i=AA 672w, https:\/\/res.cloudinary.com\/turna\/images\/w_640,h_400,c_scale\/f_auto,q_auto:low\/v1644490373\/colmar-old-town\/colmar-old-town.jpg?_i=AA 640w, https:\/\/res.cloudinary.com\/turna\/images\/w_681,h_426,c_scale\/f_auto,q_auto:low\/v1644490373\/colmar-old-town\/colmar-old-town.jpg?_i=AA 681w\" sizes=\"(max-width: 800px) 100vw, 800px\" \/><\/figure>\n\n\n\n<p>Colmar, eski \u015fehir b\u00f6lgesi y\u00fczlerce y\u0131ld\u0131r ayn\u0131 g\u00fczellikte kalm\u0131\u015f. Sokaklarda gezerken ah\u015fap ve kerpi\u00e7ten yap\u0131lm\u0131\u015f evleri g\u00f6r\u00fcyorsunuz. Colmar\u2019\u0131n hemen hemen hepsi \u00e7i\u00e7eklerle s\u00fcslenmi\u015f, bu rengarenk evlerin ve tarih kokan sokaklar\u0131nda dola\u015fmak insana huzur veriyor.<\/p>\n\n\n\n<p>Colmar Eski \u015eehir\u2019in ruhunu anlaman\u0131z i\u00e7in \u015fehri y\u00fcr\u00fcyerek gezmenizi tavsiye ediyoruz. Katedral Meydan\u0131\u2019ndan ba\u015flayaca\u011f\u0131n\u0131z y\u00fcr\u00fcy\u00fc\u015f\u00fcn\u00fcze, Rue des Marchands, Rue des Clefs, Rue des Tetes sokaklar\u0131n\u0131 ve bunlar\u0131n aras\u0131n\u0131 gezerek devam edebilirsiniz.<\/p>\n\n\n\n<p>Bu b\u00f6lge ara\u00e7 trafi\u011fine kapal\u0131. E\u011fer y\u00fcr\u00fcyerek ke\u015ffetmek istemezseniz. K\u00fc\u00e7\u00fck gezi trenlerine binebilirsiniz.<\/p>\n\n\n\n<h3 class=\"wp-block-heading has-text-align-center has-neeon-button-dark-gray-color has-text-color has-link-color wp-elements-0e0c3d4fd14a31d63bb71b081ca8567f\"><span class=\"ez-toc-section\" id=\"2_st_martins_church\"><\/span><strong><strong><strong><strong>2. St Martin&#8217;s Church<\/strong><\/strong><\/strong><\/strong><span class=\"ez-toc-section-end\"><\/span><\/h3>\n\n\n\n<figure class=\"wp-block-image size-full is-style-default\"><img width=\"800\" height=\"500\" data-public-id=\"colmar-gezi-rehberi_206196309a\/colmar-gezi-rehberi_206196309a.jpg\" decoding=\"async\" src=\"https:\/\/res.cloudinary.com\/turna\/images\/w_800,h_500,c_scale\/f_auto,q_auto:low\/v1644490436\/colmar-gezi-rehberi_206196309a\/colmar-gezi-rehberi_206196309a.jpg?_i=AA\" alt=\"Colmar\" class=\"wp-post-20518 wp-image-20619\" data-format=\"jpg\" data-transformations=\"f_auto,q_auto:low\" data-version=\"1644490436\" data-seo=\"1\" srcset=\"https:\/\/res.cloudinary.com\/turna\/images\/f_auto,q_auto:low\/v1644490436\/colmar-gezi-rehberi_206196309a\/colmar-gezi-rehberi_206196309a.jpg?_i=AA 800w, https:\/\/res.cloudinary.com\/turna\/images\/w_300,h_188,c_scale\/f_auto,q_auto:low\/v1644490436\/colmar-gezi-rehberi_206196309a\/colmar-gezi-rehberi_206196309a.jpg?_i=AA 300w, https:\/\/res.cloudinary.com\/turna\/images\/w_672,h_420,c_scale\/f_auto,q_auto:low\/v1644490436\/colmar-gezi-rehberi_206196309a\/colmar-gezi-rehberi_206196309a.jpg?_i=AA 672w, https:\/\/res.cloudinary.com\/turna\/images\/w_640,h_400,c_scale\/f_auto,q_auto:low\/v1644490436\/colmar-gezi-rehberi_206196309a\/colmar-gezi-rehberi_206196309a.jpg?_i=AA 640w, https:\/\/res.cloudinary.com\/turna\/images\/w_681,h_426,c_scale\/f_auto,q_auto:low\/v1644490436\/colmar-gezi-rehberi_206196309a\/colmar-gezi-rehberi_206196309a.jpg?_i=AA 681w\" sizes=\"(max-width: 800px) 100vw, 800px\" \/><\/figure>\n\n\n\n<p><strong>St Martin&#8217;s Church<\/strong>, Colmar Eski \u015eehri\u2019nin tam kalbinde bulunuyor. Kilise, b\u00fcy\u00fckl\u00fc\u011f\u00fc, ince i\u015f\u00e7ili\u011fi ve gotik mimarisi ile g\u00f6z kama\u015ft\u0131r\u0131yor. St Martin Kilisesi 1235 \u2013 1365 y\u0131llar\u0131 aras\u0131nda, tam 130 y\u0131lda in\u015fa edilmi\u015f.<\/p>\n\n\n\n<p>St Martin Kilisesi 1572 y\u0131l\u0131nda \u00e7\u0131kan bir yang\u0131nda b\u00fcy\u00fck hasar g\u00f6rm\u00fc\u015f. 3 y\u0131l sonra yenileme \u00e7al\u0131\u015fmalar\u0131 yap\u0131lm\u0131\u015f. 1982 y\u0131l\u0131nda yap\u0131lan restorasyonda 1000 y\u0131l\u0131ndan kalma eski bir kilisenin temellerine rastlanm\u0131\u015f.<\/p>\n\n\n\n<h3 class=\"wp-block-heading has-text-align-center has-neeon-button-dark-gray-color has-text-color has-link-color wp-elements-3d8f2a7ae97cdc929ce15be9da91d66c\"><span class=\"ez-toc-section\" id=\"3_tanners_district_colmar%e2%80%93dericiler_sokagi\"><\/span><strong><strong><strong><strong>3. Tanner\u2019s District Colmar\u2013Dericiler Soka\u011f\u0131<\/strong><\/strong><\/strong><\/strong><span class=\"ez-toc-section-end\"><\/span><\/h3>\n\n\n\n<figure class=\"wp-block-image size-full is-style-default\"><img width=\"800\" height=\"500\" data-public-id=\"colmarda-neler-yapilir\/colmarda-neler-yapilir.jpg\" loading=\"lazy\" decoding=\"async\" src=\"https:\/\/res.cloudinary.com\/turna\/images\/w_800,h_500,c_scale\/f_auto,q_auto:low\/v1644490500\/colmarda-neler-yapilir\/colmarda-neler-yapilir.jpg?_i=AA\" alt=\"colmarda-neler-yapilir\" class=\"wp-post-20518 wp-image-20620\" data-format=\"jpg\" data-transformations=\"f_auto,q_auto:low\" data-version=\"1644490500\" data-seo=\"1\" srcset=\"https:\/\/res.cloudinary.com\/turna\/images\/f_auto,q_auto:low\/v1644490500\/colmarda-neler-yapilir\/colmarda-neler-yapilir.jpg?_i=AA 800w, https:\/\/res.cloudinary.com\/turna\/images\/w_300,h_188,c_scale\/f_auto,q_auto:low\/v1644490500\/colmarda-neler-yapilir\/colmarda-neler-yapilir.jpg?_i=AA 300w, https:\/\/res.cloudinary.com\/turna\/images\/w_672,h_420,c_scale\/f_auto,q_auto:low\/v1644490500\/colmarda-neler-yapilir\/colmarda-neler-yapilir.jpg?_i=AA 672w, https:\/\/res.cloudinary.com\/turna\/images\/w_640,h_400,c_scale\/f_auto,q_auto:low\/v1644490500\/colmarda-neler-yapilir\/colmarda-neler-yapilir.jpg?_i=AA 640w, https:\/\/res.cloudinary.com\/turna\/images\/w_681,h_426,c_scale\/f_auto,q_auto:low\/v1644490500\/colmarda-neler-yapilir\/colmarda-neler-yapilir.jpg?_i=AA 681w\" sizes=\"(max-width: 800px) 100vw, 800px\" \/><\/figure>\n\n\n\n<p>Tanner\u2019s District Colmar\u2019\u0131n en pop\u00fcler b\u00f6lgelerinden biri. Dericiler Soka\u011f\u0131\u2019nda 17. ve 18. y\u00fczy\u0131llardan kalma ah\u015fap evleri g\u00f6rebilirsiniz. O zamanlarda burada dericilik i\u015fi ile u\u011fra\u015fanlar ya\u015farm\u0131\u015f. Evlerin \u00fcst katlar\u0131 derileri kurutmak i\u00e7in kullan\u0131l\u0131rm\u0131\u015f. G\u00fcn\u00fcm\u00fczde ise yar\u0131 ah\u015fap evleri ile turistleri cezbediyor.  Tanner\u2019s District, Colmar 1974 y\u0131l\u0131nda restorasyon g\u00f6rm\u00fc\u015f ve eski g\u00fczelli\u011fine kavu\u015fmu\u015f.<\/p>\n\n\n\n<h3 class=\"wp-block-heading has-text-align-center has-neeon-button-dark-gray-color has-text-color has-link-color wp-elements-abf6078e5dbbbe5d9329b581d39bb908\"><span class=\"ez-toc-section\" id=\"4_koifhus_colmar\"><\/span><strong><strong><strong><strong>4. Koifhus, Colmar<\/strong><\/strong><\/strong><\/strong><span class=\"ez-toc-section-end\"><\/span><\/h3>\n\n\n\n<figure class=\"wp-block-image size-full is-style-default\"><img width=\"800\" height=\"500\" data-public-id=\"Koifhus\/Koifhus.jpg\" loading=\"lazy\" decoding=\"async\" src=\"https:\/\/res.cloudinary.com\/turna\/images\/w_800,h_500,c_scale\/f_auto,q_auto:low\/v1644490556\/Koifhus\/Koifhus.jpg?_i=AA\" alt=\"Koifhus\" class=\"wp-post-20518 wp-image-20621\" data-format=\"jpg\" data-transformations=\"f_auto,q_auto:low\" data-version=\"1644490556\" data-seo=\"1\" srcset=\"https:\/\/res.cloudinary.com\/turna\/images\/f_auto,q_auto:low\/v1644490556\/Koifhus\/Koifhus.jpg?_i=AA 800w, https:\/\/res.cloudinary.com\/turna\/images\/w_300,h_188,c_scale\/f_auto,q_auto:low\/v1644490556\/Koifhus\/Koifhus.jpg?_i=AA 300w, https:\/\/res.cloudinary.com\/turna\/images\/w_672,h_420,c_scale\/f_auto,q_auto:low\/v1644490556\/Koifhus\/Koifhus.jpg?_i=AA 672w, https:\/\/res.cloudinary.com\/turna\/images\/w_640,h_400,c_scale\/f_auto,q_auto:low\/v1644490556\/Koifhus\/Koifhus.jpg?_i=AA 640w, https:\/\/res.cloudinary.com\/turna\/images\/w_681,h_426,c_scale\/f_auto,q_auto:low\/v1644490556\/Koifhus\/Koifhus.jpg?_i=AA 681w\" sizes=\"(max-width: 800px) 100vw, 800px\" \/><\/figure>\n\n\n\n<p><strong>Koifhus, <\/strong>Eski G\u00fcmr\u00fck Evi&#8217;nin in\u015fas\u0131na, 1433 y\u0131l\u0131nda ba\u015flanm\u0131\u015f ve&nbsp;&nbsp;1480 y\u0131l\u0131nda tamamlanm\u0131\u015f. 16. y\u00fczy\u0131lda binaya eklemeler yap\u0131lm\u0131\u015f. 1898 ve 2002 y\u0131llar\u0131nda bina restorasyon g\u00f6rm\u00fc\u015f.<\/p>\n\n\n\n<p>Eskiden Koifhus\u2019un zemin kat\u0131nda ithal ve ihra\u00e7 edilen mallar bulunurmu\u015f ve bunlardan vergi al\u0131n\u0131rm\u0131\u015f. 19. y\u00fczy\u0131l sonlar\u0131nda okul olarak hizmet vermi\u015f. Bu g\u00fczel binada g\u00fcn\u00fcm\u00fczde halka a\u00e7\u0131k etkinlikler d\u00fczenleniyor.<\/p>\n\n\n\n<h3 class=\"wp-block-heading has-text-align-center has-neeon-button-dark-gray-color has-text-color has-link-color wp-elements-1e33c8061a4001d5993c20711d8b051d\"><span class=\"ez-toc-section\" id=\"5_phister_house_colmar\"><\/span><strong><strong><strong><strong>5. Phister House, Colmar<\/strong><\/strong><\/strong><\/strong><span class=\"ez-toc-section-end\"><\/span><\/h3>\n\n\n\n<p>Phister House, Colmar\u2019\u0131n sembol yap\u0131lar\u0131ndan biri. 1597 y\u0131l\u0131nda \u015fapkac\u0131 Ludwig Scherer taraf\u0131ndan yapt\u0131r\u0131lm\u0131\u015f. \u00dcst\u00fcnde ah\u015fap s\u00fcslemeleri olan bina Colmar\u2019\u0131n bu tarzdaki ilk yap\u0131lar\u0131ndan biri. Phister House, ad\u0131n\u0131 1841 \u2013 1892 y\u0131llar\u0131nda bu binada ya\u015fayan ve evi restore ettiren aileden al\u0131yor.<\/p>\n\n\n\n<h3 class=\"wp-block-heading has-text-align-center has-neeon-button-dark-gray-color has-text-color has-link-color wp-elements-a957ac7aefe69fdb0e1ffc5604d59991\"><span class=\"ez-toc-section\" id=\"6_eglise_des_dominicain_%e2%80%93_place_des_dominicains\"><\/span><strong><strong><strong><strong>6. Eglise des Dominicain \u2013 Place des Dominicains<\/strong><\/strong><\/strong><\/strong><span class=\"ez-toc-section-end\"><\/span><\/h3>\n\n\n\n<p>Dominik Kilisesi\u2019nin in\u015fas\u0131na 1283 y\u0131l\u0131nda ba\u015flanm\u0131\u015f. 14. y\u00fczy\u0131lda kilise tamamlanm\u0131\u015f. 1458 y\u0131l\u0131nda \u00e7\u0131kan b\u00fcy\u00fck bir yang\u0131nda bina b\u00fcy\u00fck \u00f6l\u00e7\u00fcde harap olmu\u015f. 1720 y\u0131l\u0131nda barok sitili mimari \u00f6zellikler kat\u0131larak kilise onar\u0131lm\u0131\u015f. 1990\u2019l\u0131 y\u0131llarda bina restorasyon g\u00f6rerek g\u00fcn\u00fcm\u00fczdeki halini alm\u0131\u015f.<\/p>\n\n\n\n<h3 class=\"wp-block-heading has-text-align-center has-neeon-button-dark-gray-color has-text-color has-link-color wp-elements-eb4723219830438644732f8e93e62186\"><span class=\"ez-toc-section\" id=\"7_unterlinden_museum\"><\/span><strong><strong><strong><strong>7. Unterlinden Museum<\/strong><\/strong><\/strong><\/strong><span class=\"ez-toc-section-end\"><\/span><\/h3>\n\n\n\n<p><strong>Unterlinden M\u00fczesi,<\/strong> g\u00fcn\u00fcm\u00fczde Fransa\u2019n\u0131n en \u00fcnl\u00fc m\u00fczelerinden biri. 13. y\u00fczy\u0131lda kurulan m\u00fczenin ad\u0131 \u201cunder the linden tree- \u0131hlamur a\u011fac\u0131n\u0131n alt\u0131nda\u201d teriminden geliyor. <strong>Alsace Lorraine<\/strong> b\u00f6lgesinde bulunan en b\u00fcy\u00fck manast\u0131r o d\u00f6nemlerde burada kurulmu\u015f. 19. y\u00fczy\u0131lda manast\u0131r m\u00fczeye \u00e7evrilmi\u015f.\u00a0<strong>Unterlinden M\u00fczesi<\/strong> g\u00fcn\u00fcm\u00fczde bir \u00e7ok \u00f6nemli esere ev sahipli\u011fi yap\u0131yor.<\/p>\n\n\n\n<h3 class=\"wp-block-heading has-text-align-center has-neeon-button-dark-gray-color has-text-color has-link-color wp-elements-8f3a16703aefbf733d38cb13f83c13ce\"><span class=\"ez-toc-section\" id=\"8_la_petite_venise\"><\/span><strong><strong><strong><strong>8. La Petite Venise<\/strong><\/strong><\/strong><\/strong><span class=\"ez-toc-section-end\"><\/span><\/h3>\n\n\n\n<figure class=\"wp-block-image size-full is-style-default\"><img width=\"800\" height=\"500\" data-public-id=\"colmarda-nereler-gezilir\/colmarda-nereler-gezilir.jpg\" loading=\"lazy\" decoding=\"async\" src=\"https:\/\/res.cloudinary.com\/turna\/images\/w_800,h_500,c_scale\/f_auto,q_auto:low\/v1644490607\/colmarda-nereler-gezilir\/colmarda-nereler-gezilir.jpg?_i=AA\" alt=\"colmarda-nereler-gezilir\" class=\"wp-post-20518 wp-image-20622\" data-format=\"jpg\" data-transformations=\"f_auto,q_auto:low\" data-version=\"1644490607\" data-seo=\"1\" srcset=\"https:\/\/res.cloudinary.com\/turna\/images\/f_auto,q_auto:low\/v1644490607\/colmarda-nereler-gezilir\/colmarda-nereler-gezilir.jpg?_i=AA 800w, https:\/\/res.cloudinary.com\/turna\/images\/w_300,h_188,c_scale\/f_auto,q_auto:low\/v1644490607\/colmarda-nereler-gezilir\/colmarda-nereler-gezilir.jpg?_i=AA 300w, https:\/\/res.cloudinary.com\/turna\/images\/w_672,h_420,c_scale\/f_auto,q_auto:low\/v1644490607\/colmarda-nereler-gezilir\/colmarda-nereler-gezilir.jpg?_i=AA 672w, https:\/\/res.cloudinary.com\/turna\/images\/w_640,h_400,c_scale\/f_auto,q_auto:low\/v1644490607\/colmarda-nereler-gezilir\/colmarda-nereler-gezilir.jpg?_i=AA 640w, https:\/\/res.cloudinary.com\/turna\/images\/w_681,h_426,c_scale\/f_auto,q_auto:low\/v1644490607\/colmarda-nereler-gezilir\/colmarda-nereler-gezilir.jpg?_i=AA 681w\" sizes=\"(max-width: 800px) 100vw, 800px\" \/><\/figure>\n\n\n\n<p><strong>Little Venice<\/strong>, Colmar&nbsp;ad\u0131n\u0131 \u0130talya\u2019n\u0131n Venedik \u015fehrine benzerli\u011finden al\u0131yor. Bu b\u00f6lgenin i\u00e7inden su kanallar\u0131 ge\u00e7iyor. Burada ya\u015fayanlar evlerine tekne ile ula\u015f\u0131m sa\u011fl\u0131yorlar. Little Venice, Colmar\u2019\u0131n en sevimli yerlerinden biri. Rengarenk evlerin balkonlar\u0131 \u00e7i\u00e7eklerle s\u00fcsl\u00fc ve \u00e7ok ho\u015f bir g\u00f6r\u00fcnt\u00fc olu\u015fturuyor. Yolunuz buraya May\u0131s \u2013 Ekim aylar\u0131 aras\u0131nda d\u00fc\u015ferse kanallar ars\u0131nda tekne turu yapabilirsiniz.<\/p>\n\n\n\n<p>Colmar\u2019\u0131n en hareketli yeri Rue des Marchands ve Grand Rue caddeleri buralara yak\u0131n bir yerde konaklayabilirsiniz. Colmar, Fransa\u2019n\u0131n en turistik yerlerinden biri oldu\u011fu i\u00e7in oteller \u00e7ok pahal\u0131.<\/p>\n\n\n\n<p>Colmar yeme i\u00e7me a\u00e7\u0131s\u0131ndan \u00e7ok zengin bir b\u00f6lge. Frans\u0131z ve Alman mutfa\u011f\u0131n\u0131n zengin \u00f6rneklerini burada deneyebilirsiniz. Little Venice, Rue des Marchands ve Grand Rue\u2019da \u00e7ok g\u00fczel restaurantlar bulabilirsiniz. Bunun d\u0131\u015f\u0131nda Little Venice\u2019de bulunan kapal\u0131 pazar\u0131n i\u00e7inde bir \u00e7ok at\u0131\u015ft\u0131rmal\u0131k yiyecek bulabilirsiniz.<\/p>\n\n\n\n<p>Colmar\u2019da \u00f6zellikle el i\u015fi \u00fcr\u00fcnleri bir \u00e7ok yerde bulabilirsiniz. Leylekli motifler ve oyuncaklar yine dikkat \u00e7eken \u00fcr\u00fcnlerden. Colmar, frans\u0131z peynirleri ve s\u00fct \u00fcr\u00fcnleri a\u00e7\u0131s\u0131ndan \u00e7ok zengin. El yap\u0131m\u0131 \u00e7ikolata satan d\u00fckkanlar \u00e7ok cezbedici. Little Venice giri\u015findeki kapal\u0131 pazarda \u00e7ok fazla yiyecek, i\u00e7ecek \u00fcr\u00fcn\u00fcn\u00fc bir arada bulabilirsiniz.<\/p>\n\n\n\n<h3 class=\"wp-block-heading has-text-align-center has-neeon-button-dark-gray-color has-text-color has-link-color wp-elements-1e17bcccb031f89266e815f47fdf6128\"><span class=\"ez-toc-section\" id=\"colmara_nasil_gidilir\"><\/span><strong><strong><strong><strong>Colmar\u2019a Nas\u0131l Gidilir?<\/strong><\/strong><\/strong><\/strong><span class=\"ez-toc-section-end\"><\/span><\/h3>\n\n\n\n<p><strong>Colmar<\/strong>\u2019a direk olarak \u0130stanbul\u2019dan gitmek isterseniz, u\u00e7akla \u0130svi\u00e7re\u2019nin Basel \u015fehrine gitmeniz gerekiyor. EuroAirport Basel-Mulhouse-Freiburg havaalan\u0131 \u0130svi\u00e7re, Fransa ve Almanya aras\u0131nda bulunuyor. <\/p>\n\n\n\n<p>Havaalan\u0131n\u0131n 3 \u00fclkeye de ayr\u0131 \u00e7\u0131k\u0131\u015f kap\u0131lar\u0131 var. Colmar\u2019a gitmek i\u00e7in Fransa \u00e7\u0131k\u0131\u015f kap\u0131s\u0131ndan \u00e7\u0131kman\u0131z gerekiyor. Colmar\u2019a Fransa\u2019n\u0131n di\u011fer \u015fehirlerinden tren ile gitmeniz de m\u00fcmk\u00fcn.<\/p>\n\n\n\n<p>Colmar gezilecek yerler listesini kalaca\u011f\u0131n\u0131z s\u00fcreye g\u00f6re \u015fekillendirmeniz m\u00fcmk\u00fcn. Colmar, Alsace Lorraine b\u00f6lgesinin en tarihi ve g\u00fczel \u015fehirlerinden biri.<\/p>\n\n\n\n<p>\u0130lk bak\u0131\u015fta kurabiyeyi and\u0131ran ilgin\u00e7 ama \u015firin yap\u0131larla s\u00fcsl\u00fc bu kasabada, huzur dolu bir seyahat plan\u0131 yapanlar&nbsp;<a href=\"https:\/\/www.turna.com\/ucak-bileti\/strazburg\">Strazburg u\u00e7ak bileti<\/a>&nbsp;f\u0131rsatlar\u0131na g\u00f6z atabilir.<\/p>\n\n    <div class=\"xs_social_share_widget xs_share_url after_content \t\tmain_content  wslu-style-1 wslu-share-box-shaped wslu-fill-colored wslu-none wslu-share-horizontal wslu-theme-font-no wslu-main_content\">\n\n\t\t\n        <ul>\n\t\t\t        <\/ul>\n    <\/div> \n","protected":false},"excerpt":{"rendered":"<p>Colmar, Fransa\u2019n\u0131n kuzey do\u011fu b\u00f6lgesinde Alsace Lorraine b\u00f6lgesinde bulunuyor. Colmar gezilecek yerler a\u00e7\u0131s\u0131ndan \u00e7ok zengin bir \u015fehir. Colmar, Fransa\u2019n\u0131n Paris, Nice ve Saint Tropez gibi ilk akla gelen isimlerinden biri de\u011fil belki ama Alsace Lorraine (Alsas Loren) b\u00f6lgesinin en renkli ve g\u00fczel \u015fehirlerinden biri. Alsace Lorraine; tarih boyunca, Almanya ve Fransa aras\u0131nda durmadan el de\u011fi\u015ftirmi\u015f [&hellip;]<\/p>\n","protected":false},"author":8,"featured_media":20617,"comment_status":"open","ping_status":"open","sticky":false,"template":"","format":"standard","meta":{"rop_custom_images_group":[],"rop_custom_messages_group":[],"rop_publish_now":"initial","rop_publish_now_accounts":[],"rop_publish_now_history":[],"rop_publish_now_status":"pending","_cloudinary_featured_overwrite":false,"footnotes":""},"categories":[101],"tags":[2811,1197],"class_list":["post-20518","post","type-post","status-publish","format-standard","has-post-thumbnail","hentry","category-fransa","tag-alsace-lorraine","tag-colmar"],"_links":{"self":[{"href":"https:\/\/www.turna.com\/blog\/wp-json\/wp\/v2\/posts\/20518","targetHints":{"allow":["GET"]}}],"collection":[{"href":"https:\/\/www.turna.com\/blog\/wp-json\/wp\/v2\/posts"}],"about":[{"href":"https:\/\/www.turna.com\/blog\/wp-json\/wp\/v2\/types\/post"}],"author":[{"embeddable":true,"href":"https:\/\/www.turna.com\/blog\/wp-json\/wp\/v2\/users\/8"}],"replies":[{"embeddable":true,"href":"https:\/\/www.turna.com\/blog\/wp-json\/wp\/v2\/comments?post=20518"}],"version-history":[{"count":0,"href":"https:\/\/www.turna.com\/blog\/wp-json\/wp\/v2\/posts\/20518\/revisions"}],"wp:featuredmedia":[{"embeddable":true,"href":"https:\/\/www.turna.com\/blog\/wp-json\/wp\/v2\/media\/20617"}],"wp:attachment":[{"href":"https:\/\/www.turna.com\/blog\/wp-json\/wp\/v2\/media?parent=20518"}],"wp:term":[{"taxonomy":"category","embeddable":true,"href":"https:\/\/www.turna.com\/blog\/wp-json\/wp\/v2\/categories?post=20518"},{"taxonomy":"post_tag","embeddable":true,"href":"https:\/\/www.turna.com\/blog\/wp-json\/wp\/v2\/tags?post=20518"}],"curies":[{"name":"wp","href":"https:\/\/api.w.org\/{rel}","templated":true}]}}