{"id":20512,"date":"2022-02-07T08:40:00","date_gmt":"2022-02-07T05:40:00","guid":{"rendered":"https:\/\/www.turna.com\/blog\/?p=20512"},"modified":"2025-12-09T16:24:04","modified_gmt":"2025-12-09T13:24:04","slug":"silifke-gezilecek-yerler","status":"publish","type":"post","link":"https:\/\/www.turna.com\/blog\/silifke-gezilecek-yerler","title":{"rendered":"Silifke Gezilecek Yerler"},"content":{"rendered":"<div id=\"ez-toc-container\" class=\"ez-toc-v2_0_82_2 counter-hierarchy ez-toc-counter ez-toc-black ez-toc-container-direction\">\n<div class=\"ez-toc-title-container\">\n<p class=\"ez-toc-title\" style=\"cursor:inherit\">\u0130\u00e7indekiler<\/p>\n<span class=\"ez-toc-title-toggle\"><a href=\"#\" class=\"ez-toc-pull-right ez-toc-btn ez-toc-btn-xs ez-toc-btn-default ez-toc-toggle\" aria-label=\"\u0130\u00e7indekiler Tablosunu A\u00e7\/Kapat\"><span class=\"ez-toc-js-icon-con\"><span class=\"\"><span class=\"eztoc-hide\" style=\"display:none;\">Toggle<\/span><span class=\"ez-toc-icon-toggle-span\"><svg style=\"fill: #ffffff;color:#ffffff\" xmlns=\"http:\/\/www.w3.org\/2000\/svg\" class=\"list-377408\" width=\"20px\" height=\"20px\" viewBox=\"0 0 24 24\" fill=\"none\"><path d=\"M6 6H4v2h2V6zm14 0H8v2h12V6zM4 11h2v2H4v-2zm16 0H8v2h12v-2zM4 16h2v2H4v-2zm16 0H8v2h12v-2z\" fill=\"currentColor\"><\/path><\/svg><svg style=\"fill: #ffffff;color:#ffffff\" class=\"arrow-unsorted-368013\" xmlns=\"http:\/\/www.w3.org\/2000\/svg\" width=\"10px\" height=\"10px\" viewBox=\"0 0 24 24\" version=\"1.2\" baseProfile=\"tiny\"><path d=\"M18.2 9.3l-6.2-6.3-6.2 6.3c-.2.2-.3.4-.3.7s.1.5.3.7c.2.2.4.3.7.3h11c.3 0 .5-.1.7-.3.2-.2.3-.5.3-.7s-.1-.5-.3-.7zM5.8 14.7l6.2 6.3 6.2-6.3c.2-.2.3-.5.3-.7s-.1-.5-.3-.7c-.2-.2-.4-.3-.7-.3h-11c-.3 0-.5.1-.7.3-.2.2-.3.5-.3.7s.1.5.3.7z\"\/><\/svg><\/span><\/span><\/span><\/a><\/span><\/div>\n<nav><ul class='ez-toc-list ez-toc-list-level-1 eztoc-toggle-hide-by-default' ><li class='ez-toc-page-1 ez-toc-heading-level-2'><a class=\"ez-toc-link ez-toc-heading-1\" href=\"https:\/\/www.turna.com\/blog\/silifke-gezilecek-yerler\/#silifke_gezilecek_yerler\" >Silifke Gezilecek Yerler<\/a><ul class='ez-toc-list-level-3' ><li class='ez-toc-heading-level-3'><a class=\"ez-toc-link ez-toc-heading-2\" href=\"https:\/\/www.turna.com\/blog\/silifke-gezilecek-yerler\/#1_cennet-cehennem_cukuru\" >1. Cennet-Cehennem \u00c7ukuru<\/a><\/li><li class='ez-toc-page-1 ez-toc-heading-level-3'><a class=\"ez-toc-link ez-toc-heading-3\" href=\"https:\/\/www.turna.com\/blog\/silifke-gezilecek-yerler\/#2_narlikuyu\" >2. Narl\u0131kuyu<\/a><\/li><li class='ez-toc-page-1 ez-toc-heading-level-3'><a class=\"ez-toc-link ez-toc-heading-4\" href=\"https:\/\/www.turna.com\/blog\/silifke-gezilecek-yerler\/#3_silifke_astim_magarasi\" >3. Silifke Ast\u0131m Ma\u011faras\u0131<\/a><\/li><li class='ez-toc-page-1 ez-toc-heading-level-3'><a class=\"ez-toc-link ez-toc-heading-5\" href=\"https:\/\/www.turna.com\/blog\/silifke-gezilecek-yerler\/#4_azize_tekla_kilisesi\" >4. Azize Tekla Kilisesi<\/a><\/li><li class='ez-toc-page-1 ez-toc-heading-level-3'><a class=\"ez-toc-link ez-toc-heading-6\" href=\"https:\/\/www.turna.com\/blog\/silifke-gezilecek-yerler\/#5_kizkalesi\" >5. K\u0131zkalesi<\/a><\/li><li class='ez-toc-page-1 ez-toc-heading-level-3'><a class=\"ez-toc-link ez-toc-heading-7\" href=\"https:\/\/www.turna.com\/blog\/silifke-gezilecek-yerler\/#6_kanlidivane\" >6. Kanl\u0131divane<\/a><\/li><li class='ez-toc-page-1 ez-toc-heading-level-3'><a class=\"ez-toc-link ez-toc-heading-8\" href=\"https:\/\/www.turna.com\/blog\/silifke-gezilecek-yerler\/#7_silifke_kalesi\" >7. Silifke Kalesi<\/a><\/li><li class='ez-toc-page-1 ez-toc-heading-level-3'><a class=\"ez-toc-link ez-toc-heading-9\" href=\"https:\/\/www.turna.com\/blog\/silifke-gezilecek-yerler\/#8_silifke_taskopru\" >8. Silifke Ta\u015fk\u00f6pr\u00fc<\/a><\/li><\/ul><\/li><\/ul><\/nav><\/div>\n\n<p>Mersin&#8217;in Akdeniz k\u0131y\u0131s\u0131nda yer alan \u015firin il\u00e7esi <strong>Silifke<\/strong>, Mersin&#8217;in en g\u00f6zde tatil beldelerinden biri. Silifke&#8217;de gezip g\u00f6rebilece\u011finiz bir \u00e7ok yer bulunuyor. Burada Akdeniz&#8217;in temiz sular\u0131nda y\u00fczebilirsiniz veya antik kentlerde tarihle i\u00e7 i\u00e7e vakit ge\u00e7irebilirsiniz. \u00d6zellikle Mersin&#8217;in \u00fcnl\u00fc K\u0131zkalesi manzaras\u0131 e\u015fli\u011finde uzanan kumsallarda G\u00fcne\u015f&#8217;in ve denizin keyfini \u00e7\u0131karabilirsiniz.<\/p>\n\n\n\n<p><strong>Silifke<\/strong> gezimizi organize eden ve her konuda bize destek ve yard\u0131mc\u0131 olan Mersin Ticaret ve Sanayi Odas\u0131, Mersin B\u00fcy\u00fck\u015fehir Belediyesi, Gezgin D\u00fcnyas\u0131 ve Yolda Olmak &#8211; Kemal Kaya&#8217;ya \u00e7ok te\u015fekk\u00fcr ederiz.<\/p>\n\n\n\n<h2 class=\"wp-block-heading has-text-align-center has-neeon-button-dark-gray-color has-text-color has-link-color wp-elements-dc3d7fd82d071760fbf76d7346c3e538\"><span class=\"ez-toc-section\" id=\"silifke_gezilecek_yerler\"><\/span><strong><strong><strong>Silifke Gezilecek Yerler<\/strong><\/strong><\/strong><span class=\"ez-toc-section-end\"><\/span><\/h2>\n\n\n\n<h3 class=\"wp-block-heading has-text-align-center has-neeon-button-dark-gray-color has-text-color has-link-color wp-elements-92c7b4ab21a35adff48859a428ad2223\"><span class=\"ez-toc-section\" id=\"1_cennet-cehennem_cukuru\"><\/span><strong><strong><strong>1. Cennet-Cehennem \u00c7ukuru<\/strong><\/strong><\/strong><span class=\"ez-toc-section-end\"><\/span><\/h3>\n\n\n\n<figure class=\"wp-block-image size-full is-style-default\"><img width=\"800\" height=\"500\" data-public-id=\"Cennet-Cehennem\/Cennet-Cehennem.jpg\" fetchpriority=\"high\" decoding=\"async\" src=\"https:\/\/res.cloudinary.com\/turna\/images\/w_800,h_500,c_scale\/f_auto,q_auto:low\/v1643454006\/Cennet-Cehennem\/Cennet-Cehennem.jpg?_i=AA\" alt=\"Cennet-Cehennem \u00c7ukuru\" class=\"wp-post-20512 wp-image-20551\" data-format=\"jpg\" data-transformations=\"f_auto,q_auto:low\" data-version=\"1643454006\" data-seo=\"1\" srcset=\"https:\/\/res.cloudinary.com\/turna\/images\/f_auto,q_auto:low\/v1643454006\/Cennet-Cehennem\/Cennet-Cehennem.jpg?_i=AA 800w, https:\/\/res.cloudinary.com\/turna\/images\/w_300,h_188,c_scale\/f_auto,q_auto:low\/v1643454006\/Cennet-Cehennem\/Cennet-Cehennem.jpg?_i=AA 300w, https:\/\/res.cloudinary.com\/turna\/images\/w_672,h_420,c_scale\/f_auto,q_auto:low\/v1643454006\/Cennet-Cehennem\/Cennet-Cehennem.jpg?_i=AA 672w, https:\/\/res.cloudinary.com\/turna\/images\/w_640,h_400,c_scale\/f_auto,q_auto:low\/v1643454006\/Cennet-Cehennem\/Cennet-Cehennem.jpg?_i=AA 640w, https:\/\/res.cloudinary.com\/turna\/images\/w_681,h_426,c_scale\/f_auto,q_auto:low\/v1643454006\/Cennet-Cehennem\/Cennet-Cehennem.jpg?_i=AA 681w\" sizes=\"(max-width: 800px) 100vw, 800px\" \/><\/figure>\n\n\n\n<p>Bir yeralt\u0131 deresinin yol a\u00e7t\u0131\u011f\u0131 erezyon sonucu olu\u015fmu\u015f do\u011fal \u00e7\u00f6k\u00fckler milyonlarca y\u0131lda olu\u015fmu\u015f. 70 m derinlikteki \u00e7ukura merdivenlerle iniliyor. Cennet \u00c7ukuru&#8217;na inmek i\u00e7in 452 basamakl\u0131 ta\u015f merdivenleri kullanman\u0131z gerekiyor.<\/p>\n\n\n\n<p>Merdivenleri inip \u00e7\u0131kmak olduk\u00e7a zor ve yorucu. Buraya inip, tekrar yukar\u0131 \u00e7\u0131kmak isterseniz en az 2 saat ay\u0131rman\u0131z\u0131 tavsiye ederiz. Vadinin alt\u0131nda Romal\u0131lardan g\u00fcn\u00fcm\u00fcze kadar gelebilmi\u015f bir kilise var.<\/p>\n\n\n\n<p>Ad\u0131n\u0131 derinli\u011finden ve \u00fcrk\u00fct\u00fcc\u00fcl\u00fc\u011f\u00fcnden al\u0131yor. Buraya inmek m\u00fcmk\u00fcn de\u011fil. Olduk\u00e7a dik ve sarp bir \u00e7ukur olan Cehennem \u00c7ukuru&#8217;nun giri\u015fine k\u00fc\u00e7\u00fck bir balkon yap\u0131lm\u0131\u015f. Buradan foto\u011fraf ve video \u00e7ekebilirsiniz.<\/p>\n\n\n\n<p>Cehennem \u00c7ukuru&#8217;nun mitolojik hikayesi ise \u015f\u00f6yle; Zeus, Ejderha Tifonla kavga ettikten sonra onu buraya hapsetmi\u015f. Daha sonra Etna Yanarda\u011f\u0131na kapatm\u0131\u015f. Cehennem \u00c7ukuru 130 m derinlikte.<\/p>\n\n\n\n<h3 class=\"wp-block-heading has-text-align-center has-neeon-button-dark-gray-color has-text-color has-link-color wp-elements-61a98ac19904c228a1580eb46eec3a85\"><span class=\"ez-toc-section\" id=\"2_narlikuyu\"><\/span><strong><strong><strong>2. Narl\u0131kuyu<\/strong><\/strong><\/strong><span class=\"ez-toc-section-end\"><\/span><\/h3>\n\n\n\n<figure class=\"wp-block-image size-full is-style-default\"><img width=\"800\" height=\"500\" data-public-id=\"Narlikuyu\/Narlikuyu.jpg\" decoding=\"async\" src=\"https:\/\/res.cloudinary.com\/turna\/images\/w_800,h_500,c_scale\/f_auto,q_auto:low\/v1643454085\/Narlikuyu\/Narlikuyu.jpg?_i=AA\" alt=\"Narl\u0131kuyu\" class=\"wp-post-20512 wp-image-20552\" data-format=\"jpg\" data-transformations=\"f_auto,q_auto:low\" data-version=\"1643454085\" data-seo=\"1\" srcset=\"https:\/\/res.cloudinary.com\/turna\/images\/f_auto,q_auto:low\/v1643454085\/Narlikuyu\/Narlikuyu.jpg?_i=AA 800w, https:\/\/res.cloudinary.com\/turna\/images\/w_300,h_188,c_scale\/f_auto,q_auto:low\/v1643454085\/Narlikuyu\/Narlikuyu.jpg?_i=AA 300w, https:\/\/res.cloudinary.com\/turna\/images\/w_672,h_420,c_scale\/f_auto,q_auto:low\/v1643454085\/Narlikuyu\/Narlikuyu.jpg?_i=AA 672w, https:\/\/res.cloudinary.com\/turna\/images\/w_640,h_400,c_scale\/f_auto,q_auto:low\/v1643454085\/Narlikuyu\/Narlikuyu.jpg?_i=AA 640w, https:\/\/res.cloudinary.com\/turna\/images\/w_681,h_426,c_scale\/f_auto,q_auto:low\/v1643454085\/Narlikuyu\/Narlikuyu.jpg?_i=AA 681w\" sizes=\"(max-width: 800px) 100vw, 800px\" \/><\/figure>\n\n\n\n<p>Silifke&#8217;nin \u015firin yerle\u015fim yerlerinden biri olan Narl\u0131kuyu, sahil kenar\u0131ndaki bal\u0131k restaurantlar\u0131 ile ilgi g\u00f6r\u00fcyor. Narl\u0131kuyu K\u00f6rfezi&#8217;nin suyu olduk\u00e7a so\u011fuk. Bunun nedeni, Silifke yak\u0131nlar\u0131nda bulunan Cennet \u00c7ukuru&#8217;ndan bu b\u00f6lgeye akan yeralt\u0131 sular\u0131.<\/p>\n\n\n\n<p>Narl\u0131kuyu M\u00fczesi&#8217;nde &#8220;\u00dc\u00e7 G\u00fczeller Mozai\u011fi&#8221; sergilenir. &#8220;\u00dc\u00e7 G\u00fczeller Mozai\u011fi&#8221;, 4. y\u00fczy\u0131lda yap\u0131lan bir Roma Hamam\u0131&#8217;n\u0131n zemin kal\u0131nt\u0131lar\u0131ndan g\u00fcn\u00fcm\u00fcze kadar gelebilmi\u015f. \u00dc\u00e7 G\u00fczeller Mozai\u011fi; mitolojik Tanr\u0131 Zeus&#8217;un 3 k\u0131z\u0131n\u0131 tasvir eder. 3 k\u0131z karde\u015f Kharites olarak adland\u0131r\u0131l\u0131r.<\/p>\n\n\n\n<p>Kharites, Antik Yunanca&#8217;da; parlakl\u0131k, \u0131\u015f\u0131lt\u0131, g\u00fczellik anlam\u0131na gelir. \u00dc\u00e7 G\u00fczeller Mozai\u011fi&#8217;nin yan\u0131ndaki yaz\u0131\u0131ta &#8220;Ey dost, bu g\u00fczel hamam suyunun sakl\u0131 olan kayna\u011f\u0131n\u0131 kimin buldu\u011funu sorarsan, bil ki o ki\u015fi, kutsal adalar\u0131 d\u00fcr\u00fcst y\u00f6neten ve imparatorlar\u0131n dostu olan Poimenios&#8217;tur&#8221; yazar.<\/p>\n\n\n\n<h3 class=\"wp-block-heading has-text-align-center has-neeon-button-dark-gray-color has-text-color has-link-color wp-elements-f45caabdc58af80d7822555f7b403382\"><span class=\"ez-toc-section\" id=\"3_silifke_astim_magarasi\"><\/span><strong><strong><strong>3. Silifke Ast\u0131m Ma\u011faras\u0131<\/strong><\/strong><\/strong><span class=\"ez-toc-section-end\"><\/span><\/h3>\n\n\n\n<p>Ast\u0131m Ma\u011faras\u0131&#8217;n\u0131n i\u00e7ini milyonlarca y\u0131lda olu\u015fmu\u015f sark\u0131klar ve dikitler s\u00fcsl\u00fcyor. Ma\u011faran\u0131n nefes a\u00e7an havas\u0131yla ast\u0131m hastalar\u0131n\u0131 iyile\u015ftirme \u00f6zelli\u011fi var. Burada yaz ve k\u0131\u015f s\u0131cakl\u0131k de\u011fi\u015fmiyor, yakla\u015f\u0131k 15 \u00b0C ve nem oran\u0131 ise %85. Ast\u0131m Ma\u011faras\u0131 olduk\u00e7a iyi ayd\u0131nlat\u0131lm\u0131\u015f. Hemen giri\u015fte olduk\u00e7a g\u00fczel ve manzaral\u0131 bir cafe var. Ma\u011faray\u0131 gezdikten sonra burada vakit ge\u00e7irebilirsiniz. G\u00f6zleme ve ayranlar\u0131 olduk\u00e7a lezzetli. Silifke Ast\u0131m Ma\u011faras\u0131&#8217;na spiral \u015feklinde merdivenlerle iniliyor. <\/p>\n\n\n\n<h3 class=\"wp-block-heading has-text-align-center has-neeon-button-dark-gray-color has-text-color has-link-color wp-elements-bc1b40db69c3d3bad461aff0290d813a\"><span class=\"ez-toc-section\" id=\"4_azize_tekla_kilisesi\"><\/span><strong><strong><strong>4. Azize Tekla Kilisesi<\/strong><\/strong><\/strong><span class=\"ez-toc-section-end\"><\/span><\/h3>\n\n\n\n<figure class=\"wp-block-image size-full is-style-default\"><img width=\"800\" height=\"500\" data-public-id=\"aya-tekla\/aya-tekla.jpg\" decoding=\"async\" src=\"https:\/\/res.cloudinary.com\/turna\/images\/w_800,h_500,c_scale\/f_auto,q_auto:low\/v1643454175\/aya-tekla\/aya-tekla.jpg?_i=AA\" alt=\"aya tekla\" class=\"wp-post-20512 wp-image-20553\" data-format=\"jpg\" data-transformations=\"f_auto,q_auto:low\" data-version=\"1643454175\" data-seo=\"1\" srcset=\"https:\/\/res.cloudinary.com\/turna\/images\/f_auto,q_auto:low\/v1643454175\/aya-tekla\/aya-tekla.jpg?_i=AA 800w, https:\/\/res.cloudinary.com\/turna\/images\/w_300,h_188,c_scale\/f_auto,q_auto:low\/v1643454175\/aya-tekla\/aya-tekla.jpg?_i=AA 300w, https:\/\/res.cloudinary.com\/turna\/images\/w_672,h_420,c_scale\/f_auto,q_auto:low\/v1643454175\/aya-tekla\/aya-tekla.jpg?_i=AA 672w, https:\/\/res.cloudinary.com\/turna\/images\/w_640,h_400,c_scale\/f_auto,q_auto:low\/v1643454175\/aya-tekla\/aya-tekla.jpg?_i=AA 640w, https:\/\/res.cloudinary.com\/turna\/images\/w_681,h_426,c_scale\/f_auto,q_auto:low\/v1643454175\/aya-tekla\/aya-tekla.jpg?_i=AA 681w\" sizes=\"(max-width: 800px) 100vw, 800px\" \/><\/figure>\n\n\n\n<p>Azize Tekla, Konyal\u0131 varl\u0131kl\u0131 bir ailenin k\u0131z\u0131 olarak D\u00fcnya\u2019ya gelmi\u015f. Bu s\u0131rada, Hristiyanl\u0131k yani tek Tanr\u0131l\u0131 dinler Konya\u2019da hi\u00e7 bilinmiyormu\u015f. Tekla\u2019n\u0131n ailesi putlara tap\u0131yormu\u015f.<\/p>\n\n\n\n<p>Aziz Paul, misyonerlik amac\u0131yla Konya\u2019y\u0131 ziyaret etti\u011fi s\u0131rada bir aileye konuk olur ve vaaz verir. Tanr\u0131\u2019n\u0131n birli\u011finden, Hz. \u0130sa\u2019dan, \u0130ncil\u2019den ve Tanr\u0131\u2019n\u0131n s\u00f6zlerinden bahseder. Tekla bunlardan \u00e7ok etkilenir. Baz\u0131 kaynaklarda kocas\u0131, baz\u0131lar\u0131nda ise ni\u015fanl\u0131s\u0131 olarak ge\u00e7en Tamiris\u2019ten uzakla\u015f\u0131r. Tamiris, Aziz Paul\u2019\u00fc, \u015fikayet eder.<\/p>\n\n\n\n<p>Aziz Paul\u2019\u00fcn e\u015fleri birbirinden ay\u0131rd\u0131\u011f\u0131n\u0131 ve cezaland\u0131r\u0131lmas\u0131 gerekti\u011fini s\u00f6yler.<br>Bu arada, Tekla\u2019n\u0131n annesi Teoklia da \u00f6z k\u0131z\u0131n\u0131 \u015fikayet eder. Hristiyan olmas\u0131n\u0131 ve tek Tanr\u0131\u2019l\u0131 dine inanmas\u0131n\u0131 istemez. Herkese ibret olmas\u0131 i\u00e7in yak\u0131lmas\u0131 gerekti\u011fini s\u00f6yler. Aziz Paul kam\u00e7\u0131larla d\u00f6v\u00fclme, Tekla da yak\u0131lma cezas\u0131na \u00e7arpt\u0131r\u0131l\u0131r.<\/p>\n\n\n\n<p>Tekla, ate\u015fe at\u0131l\u0131r. Bu s\u0131rada bir mucize ger\u00e7ekle\u015fir. Ya\u011fmur ya\u011far, \u015fim\u015fekler \u00e7akar, Tekla\u2019n\u0131n yan\u0131\u015f\u0131n\u0131 seyretmeye gelen bir \u00e7ok ki\u015fi orada \u00f6l\u00fcr. Tekla kurtulur. Aziz Paul ve Tekla beraber Antakya\u2019ya giderler. Burada Tanr\u0131\u2019n\u0131n s\u00f6zlerini yaymaya, Tanr\u0131\u2019n\u0131n birli\u011finden ve Hz. \u0130sa\u2019dan bahsederler.<\/p>\n\n\n\n<p>O d\u00f6nemde Antakya\u2019n\u0131n en zengin ve tan\u0131nm\u0131\u015f ki\u015filerinden Aleksandros, Tekla ile birlikte olmak ister. Tekla buna kar\u015f\u0131 \u00e7\u0131kar. Aleksandros buna \u00e7ok sinirlenir ve Tekla\u2019n\u0131n \u00f6ld\u00fcr\u00fclmesini ister. Tekla, \u00f6l\u00fcm g\u00fcn\u00fcn\u00fc beklemesi i\u00e7in, Trifena adl\u0131 bir kad\u0131na teslim edilir. Trifena Sezar\u2019\u0131n akrabas\u0131 ve \u00e7ok sayg\u0131n bir ki\u015fidir. Yak\u0131n zaman \u00f6nce k\u0131z\u0131 \u00f6lm\u00fc\u015ft\u00fcr. Trifena, Tekla\u2019y\u0131 k\u0131z\u0131 gibi sever.<\/p>\n\n\n\n<p>Tekla, a\u00e7 aslanlara yem olarak at\u0131l\u0131r. Aslanlar mucizevi bir \u015fekilde ona zarar vermezler hatta bir tanesi Tekla\u2019n\u0131n ayaklar\u0131n\u0131 yalar. G\u00f6steriye gelenler bundan \u00e7ok etkilenirler. Baz\u0131lar\u0131 ise Hr\u0131stiyan olur. Aleksandros buna daha da sinirlenir. Tekla, a\u00e7 ay\u0131lara verilir. Burada yine bir mucize olur ve aslanlar ay\u0131lara sald\u0131rarak, Tekla\u2019ya zarar vermesini engeller.<\/p>\n\n\n\n<p>Tekla bununla da kurtulmaz. Y\u0131rt\u0131c\u0131 bal\u0131klar\u0131n yemesi i\u00e7in, suya at\u0131l\u0131r. Tekla, Tanr\u0131\u2019ya dua eder ve bu suyla vaftiz oldu\u011funu s\u00f6yler. G\u00fcnahlar\u0131n\u0131n ba\u011f\u0131\u015flanmas\u0131n\u0131 diler. Bu s\u0131rada Trifena, r\u00fcyas\u0131nda \u00f6len k\u0131z\u0131n\u0131 g\u00f6r\u00fcr. K\u0131z\u0131, Tekla&#8217;n\u0131n onun i\u00e7in dua etmesini ister. Bu \u015fekilde cennete kabul edilece\u011fini s\u00f6yler. B\u00fct\u00fcn bu mucizeleri g\u00f6ren Trifena, Tekla\u2019y\u0131 serbest b\u0131rak\u0131r.<\/p>\n\n\n\n<p>Tekla, Konya\u2019ya geri d\u00f6ner. Annesini, putperestlikten kurtarmaya \u00e7al\u0131\u015fsa da bunu ba\u015faramaz.<br>Bunun \u00fczerine \u015fehirden ayr\u0131l\u0131r. Hr\u0131stiyanl\u0131\u011f\u0131 yaymaya ve misyonerli\u011fe devam eder. Yolu Silifke\u2019ye d\u00fc\u015fer. Buradaki ma\u011farada ya\u015famaya ba\u015flar, dersler verir, Allah\u2019\u0131n kitab\u0131n\u0131 anlat\u0131r. Baz\u0131 insanlar\u0131, dular\u0131 ile iyile\u015ftirir. Bunu g\u00f6ren doktorlar, art\u0131k kendilerinin i\u015f yapamayaca\u011f\u0131n\u0131 d\u00fc\u015f\u00fcn\u00fcr.<\/p>\n\n\n\n<p>Aralar\u0131nda anla\u015f\u0131p kasabadaki baz\u0131 gen\u00e7lere, Azize Tekla\u2019ya sald\u0131rmas\u0131 i\u00e7in para verirler. Gen\u00e7ler, Tekla\u2019n\u0131n bulundu\u011fu ma\u011faraya gelirler. Tekla ba\u015f\u0131na gelecekleri anlar. Tanr\u0131\u2019ya dua eder. Azize Tekla bir daha g\u00f6r\u00fcnmez. \u00c7o\u011fu yerde o anda mucizevi bir \u015fekilde ortadan kayboldu\u011fu s\u00f6ylenir. Azize Tekla ilk kad\u0131n Hr\u0131stiyan \u015fehit olarak kabul edilir.<\/p>\n\n\n\n<p>Azize Tekla, hayat\u0131n g\u00fczelli\u011finden s\u00f6z eder. &#8220;Rabbinize g\u00fcvenirseniz o sizi terk etmez ve D\u00fcnya\u2019n\u0131n sonuna kadar sizi korur&#8221; der.<\/p>\n\n\n\n<p>Buradaki ma\u011fara Hristiyanl\u0131k dini serbest b\u0131rak\u0131l\u0131ncaya kadar gizli olarak kalm\u0131\u015f. 4. y\u00fczy\u0131lda kilise olmu\u015f. Hr\u0131stiyanlar, Azize Tekla\u2019n\u0131n \u00f6ld\u00fc\u011f\u00fc g\u00fcn\u00fc Azize Tekla Bayram\u0131 olarak kutlarlar.<\/p>\n\n\n\n<p>Azize Tekla Bayram\u0131 : 23 Eyl\u00fcl (Katolikler) ve 24 Eyl\u00fcl (Ortodokslar)<\/p>\n\n\n\n<h3 class=\"wp-block-heading has-text-align-center has-neeon-button-dark-gray-color has-text-color has-link-color wp-elements-a986905433e0e3408572433375e8a14d\"><span class=\"ez-toc-section\" id=\"5_kizkalesi\"><\/span><strong><strong><strong>5. K\u0131zkalesi<\/strong><\/strong><\/strong><span class=\"ez-toc-section-end\"><\/span><\/h3>\n\n\n\n<figure class=\"wp-block-image size-full is-style-default\"><img width=\"800\" height=\"500\" data-public-id=\"kizkalesi-mersin\/kizkalesi-mersin.jpg\" loading=\"lazy\" decoding=\"async\" src=\"https:\/\/res.cloudinary.com\/turna\/images\/w_800,h_500,c_scale\/f_auto,q_auto:low\/v1643454266\/kizkalesi-mersin\/kizkalesi-mersin.jpg?_i=AA\" alt=\"k\u0131zkalesi, mersin\" class=\"wp-post-20512 wp-image-20554\" data-format=\"jpg\" data-transformations=\"f_auto,q_auto:low\" data-version=\"1643454266\" data-seo=\"1\" srcset=\"https:\/\/res.cloudinary.com\/turna\/images\/f_auto,q_auto:low\/v1643454266\/kizkalesi-mersin\/kizkalesi-mersin.jpg?_i=AA 800w, https:\/\/res.cloudinary.com\/turna\/images\/w_300,h_188,c_scale\/f_auto,q_auto:low\/v1643454266\/kizkalesi-mersin\/kizkalesi-mersin.jpg?_i=AA 300w, https:\/\/res.cloudinary.com\/turna\/images\/w_672,h_420,c_scale\/f_auto,q_auto:low\/v1643454266\/kizkalesi-mersin\/kizkalesi-mersin.jpg?_i=AA 672w, https:\/\/res.cloudinary.com\/turna\/images\/w_640,h_400,c_scale\/f_auto,q_auto:low\/v1643454266\/kizkalesi-mersin\/kizkalesi-mersin.jpg?_i=AA 640w, https:\/\/res.cloudinary.com\/turna\/images\/w_681,h_426,c_scale\/f_auto,q_auto:low\/v1643454266\/kizkalesi-mersin\/kizkalesi-mersin.jpg?_i=AA 681w\" sizes=\"(max-width: 800px) 100vw, 800px\" \/><\/figure>\n\n\n\n<p>Mersin\u2019den Silifke\u2019ye giden yol \u00fczerinde bulunan K\u0131zkalesi, Mersin\u2019in en \u00e7ok ilgi g\u00f6ren yap\u0131lar\u0131ndan biri. Deniz k\u0131y\u0131s\u0131na olduk\u00e7a yak\u0131n bir adaya in\u015fa edilmi\u015f olan K\u0131zkalesi olduk\u00e7a iyi durumda<\/p>\n\n\n\n<p> Karada bulunan Silifke Kalesi ile ayn\u0131 hizada olan K\u0131zkalesi, denizden gelen sald\u0131r\u0131lara kar\u015f\u0131 savunma ama\u00e7l\u0131 olarak yap\u0131lm\u0131\u015f. K\u0131zkalesi\u2019ne k\u0131y\u0131dan motorlarla ula\u015fmak m\u00fcmk\u00fcn.<\/p>\n\n\n\n<p>K\u0131zkalesi\u2019ni Ermeni Kral\u0131 I. Leon 1199 y\u0131l\u0131nda yapt\u0131rm\u0131\u015f. K\u0131br\u0131s Krall\u0131\u011f\u0131 (Frans\u0131zlar) 1361 y\u0131l\u0131nda kaleyi ele ge\u00e7irmi\u015f. Tarihte \u00e7ok \u00f6nemli bir yere sahip olan K\u0131zkalesi, Roma \u0130mparatorlu\u011fu zaman\u0131nda korsan bar\u0131na\u011f\u0131 olmu\u015f.<\/p>\n\n\n\n<p>Karamano\u011fullar\u0131 Beyli\u011fi\u2019nden \u0130brahim Bey 1448 y\u0131l\u0131nda K\u0131zkalesi\u2019ni ele ge\u00e7irmi\u015f. Daha sonra Osmal\u0131 \u0130mparatorlu\u011fu\u2019nun eline ge\u00e7mi\u015f. Fatih Sultan Mehmet\u2019in o\u011flu Cem Sultan, Rumeli\u2019ye ge\u00e7mek i\u00e7in anla\u015fma yapt\u0131\u011f\u0131 Rodos \u015e\u00f6valyeleri\u2019ni burada beklemi\u015f.<\/p>\n\n\n\n<h3 class=\"wp-block-heading has-text-align-center has-neeon-button-dark-gray-color has-text-color has-link-color wp-elements-3181fb10248d4b7e70b24ae738677370\"><span class=\"ez-toc-section\" id=\"6_kanlidivane\"><\/span><strong><strong><strong>6. Kanl\u0131divane<\/strong><\/strong><\/strong><span class=\"ez-toc-section-end\"><\/span><\/h3>\n\n\n\n<figure class=\"wp-block-image size-full is-style-default\"><img width=\"800\" height=\"500\" data-public-id=\"kanlidiavane\/kanlidiavane.jpg\" loading=\"lazy\" decoding=\"async\" src=\"https:\/\/res.cloudinary.com\/turna\/images\/w_800,h_500,c_scale\/f_auto,q_auto:low\/v1643454360\/kanlidiavane\/kanlidiavane.jpg?_i=AA\" alt=\"kanlidiavane\" class=\"wp-post-20512 wp-image-20555\" data-format=\"jpg\" data-transformations=\"f_auto,q_auto:low\" data-version=\"1643454360\" data-seo=\"1\" srcset=\"https:\/\/res.cloudinary.com\/turna\/images\/f_auto,q_auto:low\/v1643454360\/kanlidiavane\/kanlidiavane.jpg?_i=AA 800w, https:\/\/res.cloudinary.com\/turna\/images\/w_300,h_188,c_scale\/f_auto,q_auto:low\/v1643454360\/kanlidiavane\/kanlidiavane.jpg?_i=AA 300w, https:\/\/res.cloudinary.com\/turna\/images\/w_672,h_420,c_scale\/f_auto,q_auto:low\/v1643454360\/kanlidiavane\/kanlidiavane.jpg?_i=AA 672w, https:\/\/res.cloudinary.com\/turna\/images\/w_640,h_400,c_scale\/f_auto,q_auto:low\/v1643454360\/kanlidiavane\/kanlidiavane.jpg?_i=AA 640w, https:\/\/res.cloudinary.com\/turna\/images\/w_681,h_426,c_scale\/f_auto,q_auto:low\/v1643454360\/kanlidiavane\/kanlidiavane.jpg?_i=AA 681w\" sizes=\"(max-width: 800px) 100vw, 800px\" \/><\/figure>\n\n\n\n<p><strong>Kanl\u0131divane Antik Kenti<\/strong> yap\u0131lan ara\u015ft\u0131rmalara g\u00f6re M.\u00d6. 3. y\u00fczy\u0131lda kurulmu\u015f. Yakla\u015f\u0131k 50 m derinli\u011finde, olduk\u00e7a b\u00fcy\u00fck bir \u00e7ukurun (uzunluk =192 m &#8211; geni\u015flik=95 m) \u00e7evresine kurulan antik kentte, Helenistik, Roma ve Bizans d\u00f6nemine ait bir \u00e7ok yap\u0131 bulunuyor.<\/p>\n\n\n\n<p>Bunlar\u0131n en \u00f6nemlileri ise bazilika, cadde, kaya mezarlar\u0131 ve sarn\u0131\u00e7lar. Kesme ta\u015ftan yap\u0131lan bu yap\u0131lar aras\u0131nda bulunan zeytinya\u011f\u0131 \u00fcretim makinalar\u0131 ise b\u00f6lgede b\u00fcy\u00fck miktarlarda zeytin \u00fcretimi yap\u0131ld\u0131\u011f\u0131n\u0131 g\u00f6steriyor.<\/p>\n\n\n\n<p>Yap\u0131lan ara\u015ft\u0131rmalar, M.\u00d6. 2. y\u00fczy\u0131l &#8211; M.S. 7. y\u00fczy\u0131l aras\u0131nda Kanl\u0131divane Antik Kenti&#8217;nde kesintisiz ya\u015fand\u0131\u011f\u0131n\u0131 g\u00f6steriyor.<\/p>\n\n\n\n<p>Kanl\u0131divane ismi ile ilgili farkl\u0131 teoriler var.<\/p>\n\n\n\n<ul class=\"wp-block-list\">\n<li>Kentin antik ismi Kanitellis&#8217;ten gelmi\u015f olabilir.<\/li>\n\n\n\n<li>Bu \u00e7evrede topra\u011f\u0131n rengi k\u0131z\u0131l. Ya\u011fmur ya\u011fd\u0131\u011f\u0131nda ya\u011fmur suyu kanl\u0131 gibi oluyor. Kentin ad\u0131 buradan geliyor olabilir.<\/li>\n\n\n\n<li>Roma d\u00f6neminde, su\u00e7lular bu b\u00fcy\u00fck \u00e7ukurun i\u00e7ine at\u0131larak \u00f6ld\u00fcr\u00fclm\u00fc\u015f. Kanl\u0131divane ismi buradan kalm\u0131\u015f olabilir.<\/li>\n\n\n\n<li>15. y\u00fczy\u0131lda bu b\u00f6lgeye yerle\u015fen T\u00fcrkmenler burada Divan ad\u0131 verilen toplant\u0131lar d\u00fczenlermi\u015f. Divane ismi buradan kalm\u0131\u015f olabilir.<\/li>\n<\/ul>\n\n\n\n<p>Do\u011fu Roma \u0130mparatoru II. Theodosius, Kanl\u0131divane Antik Kenti&#8217;ni dini bir merkez yapm\u0131\u015f. Bu b\u00f6lge Hristiyanl\u0131k i\u00e7in \u00e7ok \u00f6nemli bir yer olmu\u015f.<\/p>\n\n\n\n<p>Kanl\u0131divane Antik Kenti&#8217;nde kayaya oyulmu\u015f bir \u015fekilde 1. y\u00fczy\u0131ldan g\u00fcn\u00fcm\u00fcze kadar gelebilen, Armaronzas Ailesi&#8217;nin heykellerini g\u00f6rebilirsiniz. \u00c7ok ilgin\u00e7 bu heykellerin yan\u0131nda yaz\u0131tta \u015f\u00f6yle yazar. &#8220;Hermias babas\u0131 Armaronzas&#8217;\u0131n, kar\u0131s\u0131n\u0131n ve \u00e7ocuklar\u0131n\u0131n heykellerini diktirdi. E\u011fer biri heykellere zarar verirse, ceza olarak Zeus&#8217;a 1000 drahmi verecektir.&#8221;<\/p>\n\n\n\n<p>Kanl\u0131divane Antik Kenti&#8217;nin bulunu\u015fu da ilgin\u00e7. 19. y\u00fczy\u0131lda bu b\u00f6lgeden ge\u00e7en Frans\u0131z gezgin, Victor Langlois buray\u0131 ke\u015ffetmi\u015f. Mersin i\u00e7in \u00e7ok b\u00fcy\u00fck bir \u00f6neme sahip olan Kanl\u0131divane Antik Kenti&#8217;nde ilk ara\u015ft\u0131rmalar\u0131, Prof. Dr. Semavi Eyice ba\u015flatm\u0131\u015f. Mersin \u00dcniversitesi, Mersin Valili\u011fi, Aya\u015f Belediyesi de \u00e7evre temizli\u011fi ve ara\u015ft\u0131rmalar yapm\u0131\u015f.<\/p>\n\n\n\n<h3 class=\"wp-block-heading has-text-align-center has-neeon-button-dark-gray-color has-text-color has-link-color wp-elements-686ca4382a555f98a2827d0da66f970d\"><span class=\"ez-toc-section\" id=\"7_silifke_kalesi\"><\/span><strong><strong><strong>7. Silifke Kalesi<\/strong><\/strong><\/strong><span class=\"ez-toc-section-end\"><\/span><\/h3>\n\n\n\n<p>Helenistik d\u00f6nemden g\u00fcn\u00fcm\u00fcze kalm\u0131\u015f. Yani 10.000 y\u0131l \u00f6nce yap\u0131lm\u0131\u015f. Yakla\u015f\u0131k \u015fehrin 185 m \u00fczerine kurulmu\u015f olan Kaleden Silifke manzaras\u0131n\u0131 seyredebilirsiniz.<\/p>\n\n\n\n<h3 class=\"wp-block-heading has-text-align-center has-neeon-button-dark-gray-color has-text-color has-link-color wp-elements-62e9c451cf8cea11c5abd70387e13986\"><span class=\"ez-toc-section\" id=\"8_silifke_taskopru\"><\/span><strong><strong><strong>8. Silifke Ta\u015fk\u00f6pr\u00fc<\/strong><\/strong><\/strong><span class=\"ez-toc-section-end\"><\/span><\/h3>\n\n\n\n<p>Silifke Ta\u015fk\u00f6pr\u00fc, \u015fehrin en tarihi ve g\u00f6r\u00fclmeye de\u011fer eserlerinden biri. M.S. 1. y\u00fczy\u0131lda yap\u0131lan G\u00f6ksu Nehri\u2019nin \u00fczerindeki k\u00f6pr\u00fc, 19. y\u00fczy\u0131lda restorasyon g\u00f6rm\u00fc\u015f.<\/p>\n\n\n\n<p>Silifke&#8217;yi ziyaret ederseniz, Mersin&#8217;de veya Silifke&#8217;de konaklayabilirsiniz. Mersin&#8217;de ve Silifke&#8217;de tavsiye edebilece\u011fimiz otelleri ise a\u015fa\u011f\u0131da g\u00f6rebilirsiniz.<\/p>\n\n\n\n<p>Hostapark Hotel: Mersin\u2019de \u015fehrin en merkezi caddesi \u00fczerinde konaklay\u0131p, her yere rahat bir \u015fekilde ula\u015fmak isterseniz Hostapark Hotel\u2019i tavsiye ederiz. Mersin Sahili\u2019ne k\u0131sa bir y\u00fcr\u00fcy\u00fc\u015f mesafesinde olan Hostapark Hotel\u2019in odalar\u0131 gayet rahat ve konforlu.<\/p>\n\n\n\n<p>Sulta\u015fa Hotel: Sulta\u015fa Hotel Mersin \u015eehir Merkezine \u00e7ok yak\u0131n ve Mersin Sahili\u2019nde bulunuyor. Son derece g\u00fclery\u00fczl\u00fc ve yard\u0131msever personeli ve son derece konforlu odalar\u0131 ile hizmet veriyor.<\/p>\n\n\n\n<p>Mersin Sahili\u2019nde palmiye a\u011fa\u00e7lar\u0131 alt\u0131ndaki kahvalt\u0131 salonu sizi tatilde hissettiriyor. Kahvalt\u0131s\u0131 son derece lezzetli ve g\u00fczel. Burada ak\u015fam yeme\u011fini de mutlaka deneyin. \u00d6zellikle et yemekleri ve kebaplar\u0131 muhte\u015fem lezzetli yapan bir a\u015f\u00e7\u0131lar\u0131 var.<\/p>\n\n\n\n<p>Alt\u0131norfoz Otel: Mersin, Silifke il\u00e7esinde bulunan otel, denize s\u0131f\u0131r konumda ve \u00e7ok ho\u015f bir sahili var. Bu sahilde deniz mavi bayrakl\u0131, muhte\u015fem g\u00fczellikte ve tertemiz. Odalar\u0131 \u00e7ok temiz ve konforlu. Otelin a\u00e7\u0131k ve kapal\u0131 havuzlar\u0131 var. Ayr\u0131ca SPA Merkezi, sauna, T\u00fcrk Hamam\u0131 ve masaj odalar\u0131 olan oteli yaz ve k\u0131\u015f her mevsim tercih edebilirsiniz.<\/p>\n\n\n\n<p>Silifke&#8217;ye otob\u00fcsle gidecekseniz e\u011fer&nbsp;<a href=\"https:\/\/www.turna.com\/otobus-bileti\/silifke\">Silifke otob\u00fcs bileti<\/a>&nbsp;i\u00e7in turna.com sayfas\u0131n\u0131z ziyaret edin. Geli\u015fmi\u015f arama \u00f6zelli\u011fi ile 200\u2019den fazla otob\u00fcs firmas\u0131n\u0131 kar\u015f\u0131la\u015ft\u0131rabilir, biletini komisyon \u00f6demeden sat\u0131n alabilirsin.<a href=\"https:\/\/www.turna.com\/otobus-bileti\"><\/a><\/p>\n\n    <div class=\"xs_social_share_widget xs_share_url after_content \t\tmain_content  wslu-style-1 wslu-share-box-shaped wslu-fill-colored wslu-none wslu-share-horizontal wslu-theme-font-no wslu-main_content\">\n\n\t\t\n        <ul>\n\t\t\t        <\/ul>\n    <\/div> \n","protected":false},"excerpt":{"rendered":"<p>Mersin&#8217;in Akdeniz k\u0131y\u0131s\u0131nda yer alan \u015firin il\u00e7esi Silifke, Mersin&#8217;in en g\u00f6zde tatil beldelerinden biri. Silifke&#8217;de gezip g\u00f6rebilece\u011finiz bir \u00e7ok yer bulunuyor. Burada Akdeniz&#8217;in temiz sular\u0131nda y\u00fczebilirsiniz veya antik kentlerde tarihle i\u00e7 i\u00e7e vakit ge\u00e7irebilirsiniz. \u00d6zellikle Mersin&#8217;in \u00fcnl\u00fc K\u0131zkalesi manzaras\u0131 e\u015fli\u011finde uzanan kumsallarda G\u00fcne\u015f&#8217;in ve denizin keyfini \u00e7\u0131karabilirsiniz. Silifke gezimizi organize eden ve her konuda bize [&hellip;]<\/p>\n","protected":false},"author":33,"featured_media":2365,"comment_status":"open","ping_status":"open","sticky":false,"template":"","format":"standard","meta":{"rop_custom_images_group":[],"rop_custom_messages_group":[],"rop_publish_now":"initial","rop_publish_now_accounts":[],"rop_publish_now_history":[],"rop_publish_now_status":"pending","_cloudinary_featured_overwrite":false,"footnotes":""},"categories":[1837],"tags":[566,567],"class_list":["post-20512","post","type-post","status-publish","format-standard","has-post-thumbnail","hentry","category-mersin","tag-mersin-icel","tag-silifke"],"_links":{"self":[{"href":"https:\/\/www.turna.com\/blog\/wp-json\/wp\/v2\/posts\/20512","targetHints":{"allow":["GET"]}}],"collection":[{"href":"https:\/\/www.turna.com\/blog\/wp-json\/wp\/v2\/posts"}],"about":[{"href":"https:\/\/www.turna.com\/blog\/wp-json\/wp\/v2\/types\/post"}],"author":[{"embeddable":true,"href":"https:\/\/www.turna.com\/blog\/wp-json\/wp\/v2\/users\/33"}],"replies":[{"embeddable":true,"href":"https:\/\/www.turna.com\/blog\/wp-json\/wp\/v2\/comments?post=20512"}],"version-history":[{"count":0,"href":"https:\/\/www.turna.com\/blog\/wp-json\/wp\/v2\/posts\/20512\/revisions"}],"wp:featuredmedia":[{"embeddable":true,"href":"https:\/\/www.turna.com\/blog\/wp-json\/wp\/v2\/media\/2365"}],"wp:attachment":[{"href":"https:\/\/www.turna.com\/blog\/wp-json\/wp\/v2\/media?parent=20512"}],"wp:term":[{"taxonomy":"category","embeddable":true,"href":"https:\/\/www.turna.com\/blog\/wp-json\/wp\/v2\/categories?post=20512"},{"taxonomy":"post_tag","embeddable":true,"href":"https:\/\/www.turna.com\/blog\/wp-json\/wp\/v2\/tags?post=20512"}],"curies":[{"name":"wp","href":"https:\/\/api.w.org\/{rel}","templated":true}]}}