{"id":20511,"date":"2022-02-10T08:34:00","date_gmt":"2022-02-10T05:34:00","guid":{"rendered":"https:\/\/www.turna.com\/blog\/?p=20511"},"modified":"2025-12-09T16:38:25","modified_gmt":"2025-12-09T13:38:25","slug":"tarsus-gezilecek-yerler","status":"publish","type":"post","link":"https:\/\/www.turna.com\/blog\/tarsus-gezilecek-yerler","title":{"rendered":"Tarsus Gezilecek Yerler"},"content":{"rendered":"<div id=\"ez-toc-container\" class=\"ez-toc-v2_0_82_2 counter-hierarchy ez-toc-counter ez-toc-black ez-toc-container-direction\">\n<div class=\"ez-toc-title-container\">\n<p class=\"ez-toc-title\" style=\"cursor:inherit\">\u0130\u00e7indekiler<\/p>\n<span class=\"ez-toc-title-toggle\"><a href=\"#\" class=\"ez-toc-pull-right ez-toc-btn ez-toc-btn-xs ez-toc-btn-default ez-toc-toggle\" aria-label=\"\u0130\u00e7indekiler Tablosunu A\u00e7\/Kapat\"><span class=\"ez-toc-js-icon-con\"><span class=\"\"><span class=\"eztoc-hide\" style=\"display:none;\">Toggle<\/span><span class=\"ez-toc-icon-toggle-span\"><svg style=\"fill: #ffffff;color:#ffffff\" xmlns=\"http:\/\/www.w3.org\/2000\/svg\" class=\"list-377408\" width=\"20px\" height=\"20px\" viewBox=\"0 0 24 24\" fill=\"none\"><path d=\"M6 6H4v2h2V6zm14 0H8v2h12V6zM4 11h2v2H4v-2zm16 0H8v2h12v-2zM4 16h2v2H4v-2zm16 0H8v2h12v-2z\" fill=\"currentColor\"><\/path><\/svg><svg style=\"fill: #ffffff;color:#ffffff\" class=\"arrow-unsorted-368013\" xmlns=\"http:\/\/www.w3.org\/2000\/svg\" width=\"10px\" height=\"10px\" viewBox=\"0 0 24 24\" version=\"1.2\" baseProfile=\"tiny\"><path d=\"M18.2 9.3l-6.2-6.3-6.2 6.3c-.2.2-.3.4-.3.7s.1.5.3.7c.2.2.4.3.7.3h11c.3 0 .5-.1.7-.3.2-.2.3-.5.3-.7s-.1-.5-.3-.7zM5.8 14.7l6.2 6.3 6.2-6.3c.2-.2.3-.5.3-.7s-.1-.5-.3-.7c-.2-.2-.4-.3-.7-.3h-11c-.3 0-.5.1-.7.3-.2.2-.3.5-.3.7s.1.5.3.7z\"\/><\/svg><\/span><\/span><\/span><\/a><\/span><\/div>\n<nav><ul class='ez-toc-list ez-toc-list-level-1 eztoc-toggle-hide-by-default' ><li class='ez-toc-page-1 ez-toc-heading-level-2'><a class=\"ez-toc-link ez-toc-heading-1\" href=\"https:\/\/www.turna.com\/blog\/tarsus-gezilecek-yerler\/#tarsus_gezilecek_yerler\" >Tarsus Gezilecek Yerler<\/a><ul class='ez-toc-list-level-3' ><li class='ez-toc-heading-level-3'><a class=\"ez-toc-link ez-toc-heading-2\" href=\"https:\/\/www.turna.com\/blog\/tarsus-gezilecek-yerler\/#1_kirkkasik_bedesteni\" >1. K\u0131rkka\u015f\u0131k Bedesteni<\/a><\/li><li class='ez-toc-page-1 ez-toc-heading-level-3'><a class=\"ez-toc-link ez-toc-heading-3\" href=\"https:\/\/www.turna.com\/blog\/tarsus-gezilecek-yerler\/#2_aziz_paul_kilisesi\" >2. Aziz Paul Kilisesi<\/a><\/li><li class='ez-toc-page-1 ez-toc-heading-level-3'><a class=\"ez-toc-link ez-toc-heading-4\" href=\"https:\/\/www.turna.com\/blog\/tarsus-gezilecek-yerler\/#3_aziz_paul_kuyusu\" >3. Aziz Paul Kuyusu<\/a><\/li><li class='ez-toc-page-1 ez-toc-heading-level-3'><a class=\"ez-toc-link ez-toc-heading-5\" href=\"https:\/\/www.turna.com\/blog\/tarsus-gezilecek-yerler\/#4_danyal_peygamber_camii\" >4. Danyal Peygamber Camii<\/a><\/li><li class='ez-toc-page-1 ez-toc-heading-level-3'><a class=\"ez-toc-link ez-toc-heading-6\" href=\"https:\/\/www.turna.com\/blog\/tarsus-gezilecek-yerler\/#5_kleopatra_kapisi\" >5. Kleopatra Kap\u0131s\u0131<\/a><\/li><li class='ez-toc-page-1 ez-toc-heading-level-3'><a class=\"ez-toc-link ez-toc-heading-7\" href=\"https:\/\/www.turna.com\/blog\/tarsus-gezilecek-yerler\/#6_sahmeran_hamami\" >6. \u015eahmeran Hamam\u0131<\/a><\/li><li class='ez-toc-page-1 ez-toc-heading-level-3'><a class=\"ez-toc-link ez-toc-heading-8\" href=\"https:\/\/www.turna.com\/blog\/tarsus-gezilecek-yerler\/#7_tarsus_antik_yol\" >7. Tarsus Antik Yol<\/a><\/li><li class='ez-toc-page-1 ez-toc-heading-level-3'><a class=\"ez-toc-link ez-toc-heading-9\" href=\"https:\/\/www.turna.com\/blog\/tarsus-gezilecek-yerler\/#8_tarsus_ulu_cami\" >8. Tarsus Ulu Cami<\/a><\/li><li class='ez-toc-page-1 ez-toc-heading-level-3'><a class=\"ez-toc-link ez-toc-heading-10\" href=\"https:\/\/www.turna.com\/blog\/tarsus-gezilecek-yerler\/#9_tarihi_tarsus_evleri\" >9. Tarihi Tarsus Evleri<\/a><\/li><li class='ez-toc-page-1 ez-toc-heading-level-3'><a class=\"ez-toc-link ez-toc-heading-11\" href=\"https:\/\/www.turna.com\/blog\/tarsus-gezilecek-yerler\/#10_tarsus_siptilli_carsisi_%e2%80%93_tarsus_kemeralti\" >10. Tarsus Siptilli \u00c7ar\u015f\u0131s\u0131 \u2013 Tarsus Kemeralt\u0131<\/a><\/li><li class='ez-toc-page-1 ez-toc-heading-level-3'><a class=\"ez-toc-link ez-toc-heading-12\" href=\"https:\/\/www.turna.com\/blog\/tarsus-gezilecek-yerler\/#11_tarsus_selalesi\" >11. Tarsus \u015eelalesi<\/a><\/li><li class='ez-toc-page-1 ez-toc-heading-level-3'><a class=\"ez-toc-link ez-toc-heading-13\" href=\"https:\/\/www.turna.com\/blog\/tarsus-gezilecek-yerler\/#12_eshabi_kehf_magarasi\" >12. Eshab\u0131 Kehf Ma\u011faras\u0131<\/a><\/li><li class='ez-toc-page-1 ez-toc-heading-level-3'><a class=\"ez-toc-link ez-toc-heading-14\" href=\"https:\/\/www.turna.com\/blog\/tarsus-gezilecek-yerler\/#mersin_otelleri\" >Mersin Otelleri<\/a><\/li><\/ul><\/li><\/ul><\/nav><\/div>\n\n<p>Bir \u00e7ok Anadolu \u015fehrinden daha b\u00fcy\u00fck olan <strong>Tarsus<\/strong>; Mersin&#8217;in bir il\u00e7esi. 8000 y\u0131ll\u0131k bir ge\u00e7mi\u015fe sahip olan Tarsus ad\u0131n\u0131 kent Tanr\u0131s\u0131 Sandon\u2019dan alm\u0131\u015f. Tarsus\u2019ta gezilmesi ve g\u00f6r\u00fclmesi gereken yerler \u00e7ok fazla olmas\u0131na ra\u011fmen turizm konusunda hak etti\u011fi ilgiyi pek g\u00f6remiyor.<\/p>\n\n\n\n<p>Bu g\u00fczel ve tarihi \u015fehrimiz hakk\u0131nda buraya gelmeden \u00f6nce benim de fazla bilgim yoktu. Tarsus\u2019ta gezmeye ba\u015flay\u0131nca \u00e7ok \u015fa\u015f\u0131rd\u0131\u011f\u0131m\u0131 ve tarihi ge\u00e7mi\u015fine hayran kald\u0131\u011f\u0131m\u0131 s\u00f6ylemeliyim.<\/p>\n\n\n\n<h2 class=\"wp-block-heading has-text-align-center has-neeon-button-dark-gray-color has-text-color has-link-color wp-elements-c356e9ccc6bff6df2c8cbdd5166453ba\"><span class=\"ez-toc-section\" id=\"tarsus_gezilecek_yerler\"><\/span><strong><strong><strong><strong>Tarsus Gezilecek Yerler<\/strong><\/strong><\/strong><\/strong><span class=\"ez-toc-section-end\"><\/span><\/h2>\n\n\n\n<h3 class=\"wp-block-heading has-text-align-center has-neeon-button-dark-gray-color has-text-color has-link-color wp-elements-56f3327ca05b324660a2263d000e279f\"><span class=\"ez-toc-section\" id=\"1_kirkkasik_bedesteni\"><\/span><strong><strong><strong><strong>1. K\u0131rkka\u015f\u0131k Bedesteni<\/strong><\/strong><\/strong><\/strong><span class=\"ez-toc-section-end\"><\/span><\/h3>\n\n\n\n<figure class=\"wp-block-image size-full is-style-default\"><img width=\"800\" height=\"500\" data-public-id=\"kirkasik-bedesteni\/kirkasik-bedesteni.jpg\" fetchpriority=\"high\" decoding=\"async\" src=\"https:\/\/res.cloudinary.com\/turna\/images\/w_800,h_500,c_scale\/f_auto,q_auto:low\/v1644134362\/kirkasik-bedesteni\/kirkasik-bedesteni.jpg?_i=AA\" alt=\"K\u0131rkka\u015f\u0131k Bedesteni\" class=\"wp-post-20511 wp-image-20573\" data-format=\"jpg\" data-transformations=\"f_auto,q_auto:low\" data-version=\"1644134362\" data-seo=\"1\" srcset=\"https:\/\/res.cloudinary.com\/turna\/images\/f_auto,q_auto:low\/v1644134362\/kirkasik-bedesteni\/kirkasik-bedesteni.jpg?_i=AA 800w, https:\/\/res.cloudinary.com\/turna\/images\/w_300,h_188,c_scale\/f_auto,q_auto:low\/v1644134362\/kirkasik-bedesteni\/kirkasik-bedesteni.jpg?_i=AA 300w, https:\/\/res.cloudinary.com\/turna\/images\/w_672,h_420,c_scale\/f_auto,q_auto:low\/v1644134362\/kirkasik-bedesteni\/kirkasik-bedesteni.jpg?_i=AA 672w, https:\/\/res.cloudinary.com\/turna\/images\/w_640,h_400,c_scale\/f_auto,q_auto:low\/v1644134362\/kirkasik-bedesteni\/kirkasik-bedesteni.jpg?_i=AA 640w, https:\/\/res.cloudinary.com\/turna\/images\/w_681,h_426,c_scale\/f_auto,q_auto:low\/v1644134362\/kirkasik-bedesteni\/kirkasik-bedesteni.jpg?_i=AA 681w\" sizes=\"(max-width: 800px) 100vw, 800px\" \/><\/figure>\n\n\n\n<p>Tarsus gezilecek yerler aras\u0131nda ilk s\u0131ralarda olan K\u0131rkka\u015f\u0131k Bedesteni tarihi ve gizemli havas\u0131 ile Tarsus&#8217;un en g\u00fczel \u00e7ar\u015f\u0131lar\u0131ndan biri. K\u0131rkka\u015f\u0131k Bedesteni, Ramazano\u011fullar\u0131 taraf\u0131ndan Medrese olarak 1579 y\u0131l\u0131nda yap\u0131lm\u0131\u015f. \u015eu anda d\u00fckkan olarak kullan\u0131lan odalar, o tarihlerde ders anlat\u0131lan b\u00f6l\u00fcmlermi\u015f. <\/p>\n\n\n\n<p>Medrese, daha sonra a\u015fevine d\u00f6n\u00fc\u015ft\u00fcr\u00fclm\u00fc\u015f. A\u015fevi zaman\u0131nda pilav pi\u015firilip 40 ka\u015f\u0131k ile servis edilirmi\u015f. Toplam 7 kubbesi olan \u00e7ar\u015f\u0131da kubbelerin etraf\u0131na ka\u015f\u0131k fig\u00fcrleri varm\u0131\u015f. Ka\u015f\u0131k fig\u00fcrlerini g\u00f6renler burada kar\u0131nlar\u0131n\u0131 doyuracaklar\u0131n\u0131 anlarm\u0131\u015f. G\u00fcn\u00fcm\u00fczde kubbelerin etraf\u0131nda bu fig\u00fcrler bulunmuyor.<\/p>\n\n\n\n<h3 class=\"wp-block-heading has-text-align-center has-neeon-button-dark-gray-color has-text-color has-link-color wp-elements-cb6a6247be8ab48c4687aaba70b8d632\"><span class=\"ez-toc-section\" id=\"2_aziz_paul_kilisesi\"><\/span><strong><strong><strong><strong>2. Aziz Paul Kilisesi<\/strong><\/strong><\/strong><\/strong><span class=\"ez-toc-section-end\"><\/span><\/h3>\n\n\n\n<figure class=\"wp-block-image size-full is-style-default\"><img width=\"800\" height=\"500\" data-public-id=\"Aziz-Paul-Kilisesi\/Aziz-Paul-Kilisesi.jpg\" decoding=\"async\" src=\"https:\/\/res.cloudinary.com\/turna\/images\/w_800,h_500,c_scale\/f_auto,q_auto:low\/v1644134502\/Aziz-Paul-Kilisesi\/Aziz-Paul-Kilisesi.jpg?_i=AA\" alt=\"Aziz Paul Kilisesi\" class=\"wp-post-20511 wp-image-20574\" data-format=\"jpg\" data-transformations=\"f_auto,q_auto:low\" data-version=\"1644134502\" data-seo=\"1\" srcset=\"https:\/\/res.cloudinary.com\/turna\/images\/f_auto,q_auto:low\/v1644134502\/Aziz-Paul-Kilisesi\/Aziz-Paul-Kilisesi.jpg?_i=AA 800w, https:\/\/res.cloudinary.com\/turna\/images\/w_300,h_188,c_scale\/f_auto,q_auto:low\/v1644134502\/Aziz-Paul-Kilisesi\/Aziz-Paul-Kilisesi.jpg?_i=AA 300w, https:\/\/res.cloudinary.com\/turna\/images\/w_672,h_420,c_scale\/f_auto,q_auto:low\/v1644134502\/Aziz-Paul-Kilisesi\/Aziz-Paul-Kilisesi.jpg?_i=AA 672w, https:\/\/res.cloudinary.com\/turna\/images\/w_640,h_400,c_scale\/f_auto,q_auto:low\/v1644134502\/Aziz-Paul-Kilisesi\/Aziz-Paul-Kilisesi.jpg?_i=AA 640w, https:\/\/res.cloudinary.com\/turna\/images\/w_681,h_426,c_scale\/f_auto,q_auto:low\/v1644134502\/Aziz-Paul-Kilisesi\/Aziz-Paul-Kilisesi.jpg?_i=AA 681w\" sizes=\"(max-width: 800px) 100vw, 800px\" \/><\/figure>\n\n\n\n<p>Hz. \u0130sa&#8217;n\u0131n havarilerinden biri olan Aziz Paul baz\u0131 kaynaklarda Tarsus&#8217;lu olarak ge\u00e7er. Asl\u0131nda D\u00fcnya&#8217;da ba\u015fka yerlerde de Aziz Paul Kilisesi var ama ya\u015fad\u0131\u011f\u0131 yer olan Tarsus&#8217;ta da onun ad\u0131na yap\u0131lm\u0131\u015f bir kilise bulunuyor.&nbsp;19. y\u00fczy\u0131lda yap\u0131lan kilise bug\u00fcn yaln\u0131zca \u00f6zel g\u00fcnlerde kullan\u0131l\u0131yor.<\/p>\n\n\n\n<p>Aziz Paul, Hz. \u0130sa\u2019dan sonra Hristiyanl\u0131k tarihinde en \u00f6nemli ki\u015fidir. \u0130sa\u2019n\u0131n Allah\u2019\u0131n o\u011flu oldu\u011fu inanc\u0131 onun taraf\u0131ndan getirilmi\u015f.<\/p>\n\n\n\n<h3 class=\"wp-block-heading has-text-align-center has-neeon-button-dark-gray-color has-text-color has-link-color wp-elements-b448fec20ece158ac542296d3964642a\"><span class=\"ez-toc-section\" id=\"3_aziz_paul_kuyusu\"><\/span><strong><strong><strong><strong>3. Aziz Paul Kuyusu<\/strong><\/strong><\/strong><\/strong><span class=\"ez-toc-section-end\"><\/span><\/h3>\n\n\n\n<p>Aziz Paul, Yeni Ahit\u2019te (\u0130ncil) \u00f6nemli bir yere sahip. \u0130ncil\u2019de onun taraf\u0131ndan yaz\u0131lm\u0131\u015f 14 mektuptan olu\u015fan bir b\u00f6l\u00fcm (Pavlus\u2019un mektuplar\u0131) bulunuyor. Tarsus\u2019ta evinin bah\u00e7esinde bulunan su kuyusu Hristiyanlar taraf\u0131ndan kutsal ve \u015fifal\u0131 olarak kabul ediliyor.<\/p>\n\n\n\n<p>Kud\u00fcs\u2019e hac\u0131 olmaya giden Hristiyanlar Tarsus\u2019a u\u011fray\u0131p bu kuyudan su i\u00e7erler. Tarsus gezilecek yerler aras\u0131nda olan kuyunun suyu yaz ve k\u0131\u015f hi\u00e7 eksik olmaz. Aziz Paul, M.S. 1. y\u00fczy\u0131lda ya\u015fam\u0131\u015f.&nbsp;Yahudi olarak D\u00fcnya\u2019ya gelmi\u015f. \u015eam\u2019a yolculuk yaparken k\u00f6r olmu\u015f. Mucizevi bir \u015fekilde tekrar g\u00f6rmeye ba\u015flam\u0131\u015f.<\/p>\n\n\n\n<p>Hz. \u0130sa\u2019n\u0131n kendisine g\u00f6r\u00fcnd\u00fc\u011f\u00fcn\u00fc ve \u015fifa verdi\u011fini, bu \u015fekilde tekrar g\u00f6rme yetene\u011fini kazand\u0131\u011f\u0131n\u0131 s\u00f6ylemi\u015f. Bu \u015fekilde Hristiyan olmu\u015f ve \u00f6l\u00fcnceye kadar misyonerlik yapm\u0131\u015f. Roma\u2019da kafas\u0131 kesilerek idam edilmi\u015f.<\/p>\n\n\n\n<h3 class=\"wp-block-heading has-text-align-center has-neeon-button-dark-gray-color has-text-color has-link-color wp-elements-5860910226246163e953d34eb62a73d5\"><span class=\"ez-toc-section\" id=\"4_danyal_peygamber_camii\"><\/span><strong><strong><strong><strong>4. Danyal Peygamber Camii<\/strong><\/strong><\/strong><\/strong><span class=\"ez-toc-section-end\"><\/span><\/h3>\n\n\n\n<figure class=\"wp-block-image size-full is-style-default\"><img width=\"800\" height=\"500\" data-public-id=\"Danyal-Peygamber-Camii\/Danyal-Peygamber-Camii.jpg\" decoding=\"async\" src=\"https:\/\/res.cloudinary.com\/turna\/images\/w_800,h_500,c_scale\/f_auto,q_auto:low\/v1644134646\/Danyal-Peygamber-Camii\/Danyal-Peygamber-Camii.jpg?_i=AA\" alt=\"Danyal Peygamber Camii\" class=\"wp-post-20511 wp-image-20575\" data-format=\"jpg\" data-transformations=\"f_auto,q_auto:low\" data-version=\"1644134646\" data-seo=\"1\" srcset=\"https:\/\/res.cloudinary.com\/turna\/images\/f_auto,q_auto:low\/v1644134646\/Danyal-Peygamber-Camii\/Danyal-Peygamber-Camii.jpg?_i=AA 800w, https:\/\/res.cloudinary.com\/turna\/images\/w_300,h_188,c_scale\/f_auto,q_auto:low\/v1644134646\/Danyal-Peygamber-Camii\/Danyal-Peygamber-Camii.jpg?_i=AA 300w, https:\/\/res.cloudinary.com\/turna\/images\/w_672,h_420,c_scale\/f_auto,q_auto:low\/v1644134646\/Danyal-Peygamber-Camii\/Danyal-Peygamber-Camii.jpg?_i=AA 672w, https:\/\/res.cloudinary.com\/turna\/images\/w_640,h_400,c_scale\/f_auto,q_auto:low\/v1644134646\/Danyal-Peygamber-Camii\/Danyal-Peygamber-Camii.jpg?_i=AA 640w, https:\/\/res.cloudinary.com\/turna\/images\/w_681,h_426,c_scale\/f_auto,q_auto:low\/v1644134646\/Danyal-Peygamber-Camii\/Danyal-Peygamber-Camii.jpg?_i=AA 681w\" sizes=\"(max-width: 800px) 100vw, 800px\" \/><\/figure>\n\n\n\n<p>Daniel Peygamber M.\u00d6. 6. y\u00fczy\u0131lda ya\u015fam\u0131\u015f. Hikayeye g\u00f6re Babil Kral\u0131 r\u00fcyas\u0131nda \u0130srailo\u011fullar\u0131ndan bir ki\u015finin kendi taht\u0131n\u0131 ele ge\u00e7irdi\u011fini g\u00f6rm\u00fc\u015f. R\u00fcyadan sonra do\u011fan b\u00fct\u00fcn erkek \u00e7ocuklar\u0131n\u0131n \u00f6ld\u00fcr\u00fclmesini emretmi\u015f.<\/p>\n\n\n\n<p>Daniel Peygamber do\u011fduktan sonra, ailesi taraf\u0131ndan bir ma\u011faraya b\u0131rak\u0131lm\u0131\u015f. Bir \u015fekilde hayatta kalmay\u0131 ba\u015faran Daniel Peygamber\u2019in bulundu\u011fu yerde bolluk ve bereket olurmu\u015f.<\/p>\n\n\n\n<p>Tarsus\u2019ta o d\u00f6nemlerde b\u00fcy\u00fck bir k\u0131tl\u0131k ba\u015f g\u00f6stermi\u015f. Daniel Peygamber, Tarsus\u2019a davet edilmi\u015f. Onun gelmesiyle birlikte k\u0131tl\u0131k sona ermi\u015f. Bolluk gelmi\u015f. Tarsus halk\u0131 Daniel Peygamberi Babil\u2019e geri g\u00f6ndermemi\u015f. Bug\u00fcn Daniel Peygamber Camii\u2019nin bulundu\u011fu yere g\u00f6m\u00fclm\u00fc\u015f. Daniel Peygamber Camii 19. y\u00fczy\u0131lda yap\u0131lm\u0131\u015f.<\/p>\n\n\n\n<h3 class=\"wp-block-heading has-text-align-center has-neeon-button-dark-gray-color has-text-color has-link-color wp-elements-391b5b1e5e775e83d907273421ac58d6\"><span class=\"ez-toc-section\" id=\"5_kleopatra_kapisi\"><\/span><strong><strong><strong><strong>5. Kleopatra Kap\u0131s\u0131<\/strong><\/strong><\/strong><\/strong><span class=\"ez-toc-section-end\"><\/span><\/h3>\n\n\n\n<figure class=\"wp-block-image size-full is-style-default\"><img width=\"800\" height=\"500\" data-public-id=\"Kleopatra-Kapisi\/Kleopatra-Kapisi.jpg\" loading=\"lazy\" decoding=\"async\" src=\"https:\/\/res.cloudinary.com\/turna\/images\/w_800,h_500,c_scale\/f_auto,q_auto:low\/v1644134798\/Kleopatra-Kapisi\/Kleopatra-Kapisi.jpg?_i=AA\" alt=\"Kleopatra Kap\u0131s\u0131\" class=\"wp-post-20511 wp-image-20576\" data-format=\"jpg\" data-transformations=\"f_auto,q_auto:low\" data-version=\"1644134798\" data-seo=\"1\" srcset=\"https:\/\/res.cloudinary.com\/turna\/images\/f_auto,q_auto:low\/v1644134798\/Kleopatra-Kapisi\/Kleopatra-Kapisi.jpg?_i=AA 800w, https:\/\/res.cloudinary.com\/turna\/images\/w_300,h_188,c_scale\/f_auto,q_auto:low\/v1644134798\/Kleopatra-Kapisi\/Kleopatra-Kapisi.jpg?_i=AA 300w, https:\/\/res.cloudinary.com\/turna\/images\/w_672,h_420,c_scale\/f_auto,q_auto:low\/v1644134798\/Kleopatra-Kapisi\/Kleopatra-Kapisi.jpg?_i=AA 672w, https:\/\/res.cloudinary.com\/turna\/images\/w_640,h_400,c_scale\/f_auto,q_auto:low\/v1644134798\/Kleopatra-Kapisi\/Kleopatra-Kapisi.jpg?_i=AA 640w, https:\/\/res.cloudinary.com\/turna\/images\/w_681,h_426,c_scale\/f_auto,q_auto:low\/v1644134798\/Kleopatra-Kapisi\/Kleopatra-Kapisi.jpg?_i=AA 681w\" sizes=\"(max-width: 800px) 100vw, 800px\" \/><\/figure>\n\n\n\n<p>Tarsus\u2019ta, Bizans d\u00f6neminde surlar varm\u0131\u015f. Surlar\u0131n 3 kap\u0131s\u0131 bulunurmu\u015f. Da\u011f Kap\u0131s\u0131, Adana Kap\u0131s\u0131 ve Deniz Kap\u0131s\u0131. M\u0131s\u0131rl\u0131 \u0130brahim Pa\u015fa 1835 y\u0131l\u0131nda surlar\u0131 y\u0131kt\u0131rm\u0131\u015f. Geriye yaln\u0131zca bu kap\u0131 kalm\u0131\u015f. Asl\u0131nda tarihte 13 tane krali\u00e7e Kleopatra var ama en \u00e7ok bilineni VII. Kleopatra.<\/p>\n\n\n\n<p>M\u0131s\u0131r Prensesi olarak D\u00fcnya\u2019ya gelen Kleopatra \u00e7ok iyi e\u011fitim alm\u0131\u015f. 7 dili konu\u015fup yazabiliyormu\u015f. M\u0131s\u0131r Krali\u00e7esi olduktan sonra \u00fclkesini daha da b\u00fcy\u00fct\u00fcp zenginle\u015ftirmek i\u00e7in Roma \u0130mparatoru Sezar ile yak\u0131nl\u0131k kurmak istemi\u015f.<\/p>\n\n\n\n<p>Efsaneye g\u00f6re kendini bir kilime sard\u0131rarak gizlice Sezar\u2019\u0131n yan\u0131na kadar yakla\u015fm\u0131\u015f. \u0130mparator Sezar, Kleopatra\u2019n\u0131n g\u00fczelli\u011finden, cesaretinden ve zekas\u0131ndan \u00e7ok etkilenmi\u015f.<\/p>\n\n\n\n<p>VII. Kleopatra \u00fcnl\u00fc Roma \u0130mparatoru Sezar\u2019\u0131n e\u015fi olmu\u015f. Sezar\u2019dan bir de o\u011flu olmu\u015f. \u0130mparator Sezar\u2019\u0131n \u00f6l\u00fcm\u00fcnden sonra \u00fclke ikiye ayr\u0131lm\u0131\u015f. Bir b\u00f6l\u00fcm\u00fcn\u00fc Sezar\u2019\u0131n ye\u011feni, di\u011fer b\u00f6l\u00fcm\u00fcn\u00fc Sezar\u2019\u0131n Generali Antonius idare etmi\u015f. General Antonius, Kleopatra\u2019ya \u00e7ok a\u015f\u0131k olmu\u015f.<\/p>\n\n\n\n<p>M\u0131s\u0131r Krali\u00e7esi VII. Kleopatra sevgilisi Romal\u0131 General Antonius ile birlikte bir s\u00fcre Tarsus\u2019ta ya\u015fam\u0131\u015f. \u0130ki de k\u0131zlar\u0131 olmu\u015f. O d\u00f6nemde Akdeniz, Tarsus\u2019a kadar uzan\u0131rm\u0131\u015f ve Kleopatra Kap\u0131s\u0131; Deniz Kap\u0131s\u0131 olarak kullan\u0131l\u0131rm\u0131\u015f. Gemi yoluyla gelenler Tarsus\u2019a bu kap\u0131dan girerlermi\u015f. Tarsus gezilecek yerler aras\u0131nda olan Kleopatra Kap\u0131s\u0131\u2018n\u0131 buraya gelirseniz mutlaka ziyaret edin.<\/p>\n\n\n\n<h3 class=\"wp-block-heading has-text-align-center has-neeon-button-dark-gray-color has-text-color has-link-color wp-elements-bfb134dbfa1257428b80e988cfc24d50\"><span class=\"ez-toc-section\" id=\"6_sahmeran_hamami\"><\/span><strong><strong><strong><strong>6. \u015eahmeran Hamam\u0131<\/strong><\/strong><\/strong><\/strong><span class=\"ez-toc-section-end\"><\/span><\/h3>\n\n\n\n<figure class=\"wp-block-image size-full is-style-default\"><img width=\"800\" height=\"500\" data-public-id=\"sahmeran-hamami\/sahmeran-hamami.jpg\" loading=\"lazy\" decoding=\"async\" src=\"https:\/\/res.cloudinary.com\/turna\/images\/w_800,h_500,c_scale\/f_auto,q_auto:low\/v1644134887\/sahmeran-hamami\/sahmeran-hamami.jpg?_i=AA\" alt=\"\u015eahmeran Hamam\u0131\" class=\"wp-post-20511 wp-image-20577\" data-format=\"jpg\" data-transformations=\"f_auto,q_auto:low\" data-version=\"1644134887\" data-seo=\"1\" srcset=\"https:\/\/res.cloudinary.com\/turna\/images\/f_auto,q_auto:low\/v1644134887\/sahmeran-hamami\/sahmeran-hamami.jpg?_i=AA 800w, https:\/\/res.cloudinary.com\/turna\/images\/w_300,h_188,c_scale\/f_auto,q_auto:low\/v1644134887\/sahmeran-hamami\/sahmeran-hamami.jpg?_i=AA 300w, https:\/\/res.cloudinary.com\/turna\/images\/w_672,h_420,c_scale\/f_auto,q_auto:low\/v1644134887\/sahmeran-hamami\/sahmeran-hamami.jpg?_i=AA 672w, https:\/\/res.cloudinary.com\/turna\/images\/w_640,h_400,c_scale\/f_auto,q_auto:low\/v1644134887\/sahmeran-hamami\/sahmeran-hamami.jpg?_i=AA 640w, https:\/\/res.cloudinary.com\/turna\/images\/w_681,h_426,c_scale\/f_auto,q_auto:low\/v1644134887\/sahmeran-hamami\/sahmeran-hamami.jpg?_i=AA 681w\" sizes=\"(max-width: 800px) 100vw, 800px\" \/><\/figure>\n\n\n\n<p>\u015eahmeran ile ilgili Tarsus \u015fehrinde bir \u00e7ok efsane anlat\u0131l\u0131r. Hepsinin ortak noktas\u0131 ise \u015eahmeran\u2019\u0131n sonunda \u00f6ld\u00fcr\u00fclmesi olay\u0131. \u015eahmeran veya \u015eahmaran; Krallar\u0131n \u015eah\u0131 anlam\u0131na geliyor.<\/p>\n\n\n\n<p>Bir efsaneye g\u00f6re \u015eahmeran, Tarsus yak\u0131nlar\u0131nda bir kalede y\u0131lanlarla birlikte ya\u015famaktad\u0131r. Kafas\u0131 insan \u015feklinde, g\u00f6vdesi ise y\u0131lan \u015feklinde olan \u015eahmeran y\u0131lanlar\u0131n \u015fah\u0131d\u0131r. Tarsus Beyi\u2019nin k\u0131z\u0131na a\u015f\u0131k olan \u015eahmeran k\u0131z\u0131 babas\u0131ndan ister. Babas\u0131 k\u0131z\u0131n\u0131n \u015eahmeran ile evlenmesine izin vermez. K\u0131z bir g\u00fcn y\u0131kanmak i\u00e7in hamama gider. \u015eahmeran bu s\u0131rada k\u0131z\u0131 ka\u00e7\u0131rmaya \u00e7al\u0131\u015f\u0131r. Bunu duyan Tarsus Beyi, \u015eahmeran\u2019\u0131 orada \u00f6ld\u00fcr\u00fcr. Tarsus halk\u0131 ise \u015eahmeran\u2019\u0131n y\u0131lanlar\u0131 taraf\u0131ndan zehirlenir.<\/p>\n\n\n\n<p>Ba\u015fka bir efsaneye g\u00f6re ise Tarsus\u2019ta Camsab ad\u0131nda biri ya\u015famaktad\u0131r. Odunculukla u\u011fra\u015fan Camsab ve arkada\u015flar\u0131 bir g\u00fcn ormanda \u00e7ok \u015fiddetli bir ya\u011fmura yakalan\u0131rlar ve g\u00f6rd\u00fckleri bir ma\u011faraya s\u0131\u011f\u0131n\u0131rlar. Ma\u011farada bir kuyu g\u00f6r\u00fcp i\u00e7inde ne oldu\u011funu merak ederler. Kontrol etmesi i\u00e7in, Camsab\u2019\u0131 kuyuya indirmeye karar verirler. Camsab kuyuda&nbsp; bal oldu\u011funu s\u00f6yler ve bir ka\u00e7 petek bal\u0131 ipe ba\u011flayarak yukar\u0131 \u00e7\u0131kar\u0131r.<\/p>\n\n\n\n<p>Arkada\u015flar\u0131 ballar\u0131 g\u00f6r\u00fcnce \u00e7ok sevinirler, bu arada ya\u011fmur durmu\u015f ve hava iyile\u015fmi\u015ftir. Camsab bir \u015fekilde kuyuda unutulur ve yukar\u0131 \u00e7\u0131kart\u0131lmaz.<\/p>\n\n\n\n<p>Kuyudan yukar\u0131 \u00e7\u0131kamay\u0131nca, etraf\u0131na bak\u0131n\u0131r ve buradan kurtulman\u0131n yollar\u0131n\u0131 arar. Kuyuda k\u00fc\u00e7\u00fck bir delik fark eden Camsab bu deli\u011fi geni\u015fletir ve yeni bir D\u00fcnya g\u00f6r\u00fcr. \u015eahmeran ve y\u0131lanlar\u0131n ya\u015fad\u0131\u011f\u0131 bu yeralt\u0131 \u015fehrini fark eder. Y\u0131lanlar\u0131n \u015eah\u0131 \u015eahmeran \u00e7ok bilgili bir ki\u015filiktir.<\/p>\n\n\n\n<p>Camsab\u2019\u0131n aralar\u0131na kat\u0131lmas\u0131na izin verir. Bir s\u00fcre burada ya\u015fayan Camsab daha sonra ailesini \u00f6zleyerek k\u00f6y\u00fcne geri d\u00f6ner. \u015eahmeran ve y\u0131lanlarla ya\u015fad\u0131\u011f\u0131 i\u00e7in derisinin baz\u0131 yerleri y\u0131lan derisi gibi pullan\u0131p \u0131\u015f\u0131ldam\u0131\u015ft\u0131r. Bunun anla\u015f\u0131lmamas\u0131 i\u00e7in \u015eahmeran ona hamama gitmemesini s\u00f6yler.<\/p>\n\n\n\n<p>Bu arada Tarsus Beyi \u00e7ok hastalan\u0131r. Tarsus Beyi\u2019ni iyile\u015ftiremeyen doktorlar \u015eahmeran\u2019\u0131n kan\u0131n\u0131 i\u00e7erse, \u015fifa bulaca\u011f\u0131n\u0131 s\u00f6ylerler. \u015eahmeran\u2019\u0131 tan\u0131yan biri olup olmad\u0131\u011f\u0131 ara\u015ft\u0131r\u0131l\u0131r. \u015eahmeran ile kar\u015f\u0131la\u015fan ki\u015finin derisinin de\u011fi\u015fece\u011fi bilinmektedir. B\u00fct\u00fcn k\u00f6y halk\u0131 hamama \u00e7a\u011fr\u0131larak kontrol edilir.<\/p>\n\n\n\n<p>Camsab\u2019\u0131n par\u0131ldayan derisi hemen fark edilir. \u015eahmeran\u2019\u0131 k\u00f6ye \u00e7a\u011f\u0131rmas\u0131 ve \u00f6ld\u00fcrmesi istenir. Yoksa b\u00fct\u00fcn ailesi idam edilecektir. Camsab, \u015eahmeran\u2019\u0131 bir \u015fekilde k\u00f6ye gelmeye ikna eder. \u015eahmeran hamam\u0131n bulundu\u011fu yerde \u00f6ld\u00fcr\u00fcl\u00fcr ve kan\u0131 Tarsus Beyi\u2018ne i\u00e7irilir. Tarsus Beyi iyile\u015ferek aya\u011fa kalkar.<\/p>\n\n\n\n<h3 class=\"wp-block-heading has-text-align-center has-neeon-button-dark-gray-color has-text-color has-link-color wp-elements-4ad740ea770e2bd9d1c5415133e031ca\"><span class=\"ez-toc-section\" id=\"7_tarsus_antik_yol\"><\/span><strong><strong><strong><strong>7. Tarsus Antik Yol<\/strong><\/strong><\/strong><\/strong><span class=\"ez-toc-section-end\"><\/span><\/h3>\n\n\n\n<p>Tarihi M.\u00d6. 2. y\u00fczy\u0131la kadar giden antik yolun kenarlar\u0131nda s\u00fctunlar\u0131 g\u00f6rebilirsiniz. Olduk\u00e7a iyi durumda ortaya \u00e7\u0131kan yol Tarsus\u2019un tam merkezinde bulunuyor. Roma \u0130mparatorlu\u011fu d\u00f6neminde bu yolda kimler y\u00fcr\u00fcmemi\u015f ki?<\/p>\n\n\n\n<p>Kleopatra ve sevgilisi General Antonius, \u00fcnl\u00fc Roma \u0130mparatoru Sezar, Hristiyanl\u0131k tarihinde \u00e7ok \u00f6zel yere sahip Tarsus\u2019ta do\u011fup bu topraklarda yeti\u015fen St. Paul, hepsi bu tarihi yolda y\u00fcr\u00fcm\u00fc\u015f. Bunu bilmek bile Tarsus\u2019un tarihteki \u00f6nemini anlamam\u0131z\u0131 sa\u011fl\u0131yor.<\/p>\n\n\n\n<h3 class=\"wp-block-heading has-text-align-center has-neeon-button-dark-gray-color has-text-color has-link-color wp-elements-5aabc1d788346ba15bca334756ee8bc2\"><span class=\"ez-toc-section\" id=\"8_tarsus_ulu_cami\"><\/span><strong><strong><strong><strong>8. Tarsus Ulu Cami<\/strong><\/strong><\/strong><\/strong><span class=\"ez-toc-section-end\"><\/span><\/h3>\n\n\n\n<figure class=\"wp-block-image size-full is-style-default\"><img width=\"800\" height=\"500\" data-public-id=\"tarsus-ulu-camii\/tarsus-ulu-camii.jpg\" loading=\"lazy\" decoding=\"async\" src=\"https:\/\/res.cloudinary.com\/turna\/images\/w_800,h_500,c_scale\/f_auto,q_auto:low\/v1644134970\/tarsus-ulu-camii\/tarsus-ulu-camii.jpg?_i=AA\" alt=\"Tarsus Ulu Cami\" class=\"wp-post-20511 wp-image-20578\" data-format=\"jpg\" data-transformations=\"f_auto,q_auto:low\" data-version=\"1644134970\" data-seo=\"1\" srcset=\"https:\/\/res.cloudinary.com\/turna\/images\/f_auto,q_auto:low\/v1644134970\/tarsus-ulu-camii\/tarsus-ulu-camii.jpg?_i=AA 800w, https:\/\/res.cloudinary.com\/turna\/images\/w_300,h_188,c_scale\/f_auto,q_auto:low\/v1644134970\/tarsus-ulu-camii\/tarsus-ulu-camii.jpg?_i=AA 300w, https:\/\/res.cloudinary.com\/turna\/images\/w_672,h_420,c_scale\/f_auto,q_auto:low\/v1644134970\/tarsus-ulu-camii\/tarsus-ulu-camii.jpg?_i=AA 672w, https:\/\/res.cloudinary.com\/turna\/images\/w_640,h_400,c_scale\/f_auto,q_auto:low\/v1644134970\/tarsus-ulu-camii\/tarsus-ulu-camii.jpg?_i=AA 640w, https:\/\/res.cloudinary.com\/turna\/images\/w_681,h_426,c_scale\/f_auto,q_auto:low\/v1644134970\/tarsus-ulu-camii\/tarsus-ulu-camii.jpg?_i=AA 681w\" sizes=\"(max-width: 800px) 100vw, 800px\" \/><\/figure>\n\n\n\n<p>Tarsus\u2019un merkezinde bulunan cami Ramazano\u011fullar\u0131ndan, Piri Pa\u015fa\u2019n\u0131n o\u011flu \u0130brahim Bey taraf\u0131ndan 1579 y\u0131l\u0131nda yapt\u0131r\u0131lm\u0131\u015f. Tarsus Ulu Cami, Cami-i Nur ad\u0131yla da bilinir. Bu camiye gelirseniz. Hz. Adem\u2019in o\u011flu ve yine onun gibi peygamber olan o\u011flu Hz. \u015eit\u2019in mezar\u0131n\u0131 ziyaret edebilirsiniz. Abbasi Halifesi Memun\u2019un kabri de bu camide yer al\u0131yor.<\/p>\n\n\n\n<h3 class=\"wp-block-heading has-text-align-center has-neeon-button-dark-gray-color has-text-color has-link-color wp-elements-74012838d3ec1eb6b77828d2a68e528e\"><span class=\"ez-toc-section\" id=\"9_tarihi_tarsus_evleri\"><\/span><strong><strong><strong><strong>9. Tarihi Tarsus Evleri<\/strong><\/strong><\/strong><\/strong><span class=\"ez-toc-section-end\"><\/span><\/h3>\n\n\n\n<p>\u00c7ok zengin bir ge\u00e7mi\u015fe sahip olan Tarsus\u2019ta gezerken Tarihi Tarsus Evleri\u2019ni g\u00f6rebilirsiniz. Evlerin b\u00fcy\u00fck bir k\u0131sm\u0131 \u00e7ok iyi korunmu\u015f durumda ve restorasyonlar\u0131 yap\u0131lm\u0131\u015f. Tarsus gezilecek yerler aras\u0131nda ilk s\u0131ralarda olan Tarihi Tarsus Evleri ta\u015f, ah\u015fap ve kerpi\u00e7 kullan\u0131larak yap\u0131lm\u0131\u015f. Evlerin alt kat\u0131 ambar olarak kullan\u0131l\u0131rm\u0131\u015f. \u00c7ukurova\u2018da yeti\u015fen pamuk alt kattaki ambarda saklan\u0131rm\u0131\u015f.<\/p>\n\n\n\n<h3 class=\"wp-block-heading has-text-align-center has-neeon-button-dark-gray-color has-text-color has-link-color wp-elements-4353bb1f7da3ad290594f9e4f17d0963\"><span class=\"ez-toc-section\" id=\"10_tarsus_siptilli_carsisi_%e2%80%93_tarsus_kemeralti\"><\/span><strong><strong><strong><strong>10. Tarsus Siptilli \u00c7ar\u015f\u0131s\u0131 \u2013 Tarsus Kemeralt\u0131<\/strong><\/strong><\/strong><\/strong><span class=\"ez-toc-section-end\"><\/span><\/h3>\n\n\n\n<p>Tarsus\u2019ta \u015eemsiyeli Yol olarak bilinen cadde, Tarsus gezilecek yerler listenizde mutlaka yer almal\u0131. Tarsus Siptilli \u00c7ar\u015f\u0131s\u0131 veya Tarsus Kemeralt\u0131 olarak bilinen yerde y\u00fczlerce rengarenk \u015femsiye g\u00f6ky\u00fcz\u00fcn\u00fc s\u00fcsleyerek \u015fehre \u00e7ok ho\u015f bir hava kat\u0131yor.<\/p>\n\n\n\n<h3 class=\"wp-block-heading has-text-align-center has-neeon-button-dark-gray-color has-text-color has-link-color wp-elements-1bd2d997039d4d2854ca3b3f283b7a62\"><span class=\"ez-toc-section\" id=\"11_tarsus_selalesi\"><\/span><strong><strong><strong><strong>11. Tarsus \u015eelalesi<\/strong><\/strong><\/strong><\/strong><span class=\"ez-toc-section-end\"><\/span><\/h3>\n\n\n\n<figure class=\"wp-block-image size-full is-style-default\"><img width=\"800\" height=\"500\" data-public-id=\"tarsus-selalesi\/tarsus-selalesi.jpg\" loading=\"lazy\" decoding=\"async\" src=\"https:\/\/res.cloudinary.com\/turna\/images\/w_800,h_500,c_scale\/f_auto,q_auto:low\/v1644135061\/tarsus-selalesi\/tarsus-selalesi.jpg?_i=AA\" alt=\"Tarsus \u015eelalesi\" class=\"wp-post-20511 wp-image-20579\" data-format=\"jpg\" data-transformations=\"f_auto,q_auto:low\" data-version=\"1644135061\" data-seo=\"1\" srcset=\"https:\/\/res.cloudinary.com\/turna\/images\/f_auto,q_auto:low\/v1644135061\/tarsus-selalesi\/tarsus-selalesi.jpg?_i=AA 800w, https:\/\/res.cloudinary.com\/turna\/images\/w_300,h_188,c_scale\/f_auto,q_auto:low\/v1644135061\/tarsus-selalesi\/tarsus-selalesi.jpg?_i=AA 300w, https:\/\/res.cloudinary.com\/turna\/images\/w_672,h_420,c_scale\/f_auto,q_auto:low\/v1644135061\/tarsus-selalesi\/tarsus-selalesi.jpg?_i=AA 672w, https:\/\/res.cloudinary.com\/turna\/images\/w_640,h_400,c_scale\/f_auto,q_auto:low\/v1644135061\/tarsus-selalesi\/tarsus-selalesi.jpg?_i=AA 640w, https:\/\/res.cloudinary.com\/turna\/images\/w_681,h_426,c_scale\/f_auto,q_auto:low\/v1644135061\/tarsus-selalesi\/tarsus-selalesi.jpg?_i=AA 681w\" sizes=\"(max-width: 800px) 100vw, 800px\" \/><\/figure>\n\n\n\n<p>S\u0131cak yaz g\u00fcnlerinde Tarsuslular\u0131n nefes almas\u0131n\u0131 ve keyifli vakit ge\u00e7irmesini sa\u011flayan \u015felale muhte\u015fem bir manzaraya sahip.  Tarsus \u015eelalesi yemek yemek ve kahvalt\u0131 yapmak i\u00e7in de en uygun yerlerden biri. Tarsus\u2019a gelirseniz, Tarsus \u015eelalesi\u2019nde sa\u00e7 kavurma yemenizi mutlaka \u00f6neririz.<\/p>\n\n\n\n<h3 class=\"wp-block-heading has-text-align-center has-neeon-button-dark-gray-color has-text-color has-link-color wp-elements-444d5328b018ecb8b5ab22a81fd4f612\"><span class=\"ez-toc-section\" id=\"12_eshabi_kehf_magarasi\"><\/span><strong><strong><strong><strong>12. Eshab\u0131 Kehf Ma\u011faras\u0131<\/strong><\/strong><\/strong><\/strong><span class=\"ez-toc-section-end\"><\/span><\/h3>\n\n\n\n<p>Eshab\u0131 Kehf , 7 uyurlar\u0131n 309 sene uykuda kald\u0131klar\u0131na inan\u0131lan ma\u011fara. Kuran-\u0131 Kerim\u2019de yer alan Kehf (Ma\u011fara) suresine g\u00f6re eski zamanlarda bir grup gen\u00e7 Allah\u2019\u0131n tek oldu\u011funa inan\u0131r. \u00c7ok Tanr\u0131l\u0131 dini inanc\u0131 olan \u00e7evre halk\u0131 bunlar\u0131 rahat b\u0131rakmaz. Y\u0131llarca s\u00fcren bask\u0131dan bunalan gen\u00e7ler ve k\u00f6pekleri bir ma\u011faraya s\u0131\u011f\u0131n\u0131p Allah\u2019a onlar\u0131 korumas\u0131 i\u00e7in dua ederler.<\/p>\n\n\n\n<p>Ma\u011farada bir s\u00fcre uyuyan gen\u00e7ler, uyand\u0131klar\u0131nda a\u00e7\u0131k\u0131rlar. \u0130\u00e7lerinden biri kasabaya gidip yiyecek bir \u015feyler almak ister. Bu arada ellerindeki paran\u0131n eski d\u00f6nemlere ait oldu\u011fu ortaya \u00e7\u0131kar. Gen\u00e7lerin tam olarak ka\u00e7 ki\u015fi olduklar\u0131 ve ka\u00e7 y\u0131l uyuduklar\u0131 ise bilinmiyor. Ma\u011faran\u0131n hemen giri\u015findeki cami Sultan Abd\u00fclaziz taraf\u0131ndan 1873 y\u0131l\u0131nda in\u015fa edilmi\u015f.<\/p>\n\n\n\n<h3 class=\"wp-block-heading has-text-align-center has-neeon-button-dark-gray-color has-text-color has-link-color wp-elements-8a084d66c6618450b04b5b8f93e997fe\"><span class=\"ez-toc-section\" id=\"mersin_otelleri\"><\/span><strong><strong><strong><strong>Mersin Otelleri<\/strong><\/strong><\/strong><\/strong><span class=\"ez-toc-section-end\"><\/span><\/h3>\n\n\n\n<p>Tarsus&#8217;u ziyaret ederseniz, Mersin&#8217;de konaklayabilirsiniz. Mersin&#8217;de tavsiye edebilece\u011fimiz otelleri ise a\u015fa\u011f\u0131da g\u00f6rebilirsiniz. Mersin\u2019de \u015fehrin en merkezi caddesi \u00fczerinde konaklay\u0131p, her yere rahat bir \u015fekilde ula\u015fmak isterseniz Hostapark Hotel\u2019i tavsiye ederiz.<\/p>\n\n\n\n<p>Mersin Sahili\u2019ne k\u0131sa bir y\u00fcr\u00fcy\u00fc\u015f mesafesinde olan Hostapark Hotel\u2019in odalar\u0131 gayet rahat ve konforlu. Tam bir aile oteli olan Hostapark Hotel\u2019de evinizin rahatl\u0131\u011f\u0131 ile aileniz ile birlikte kalabilirsiniz.<\/p>\n\n\n\n<p>G\u00fclery\u00fczl\u00fc ve canayak\u0131n personeli size her zaman yard\u0131mc\u0131 olmaya haz\u0131r. Odalar\u0131 gayet konforlu, rahat ve \u00e7ok temiz. 24 saat oda servisleri bulunan otelde istedi\u011finiz her \u015fey k\u0131sa bir s\u00fcre i\u00e7ersinde geliyor. Kahvalt\u0131s\u0131 g\u00fczel ve lezzetli.<\/p>\n\n\n\n<p><strong>Sulta\u015fa Hotel<\/strong>: Sulta\u015fa Hotel Mersin \u015eehir Merkezine \u00e7ok yak\u0131n ve Mersin Sahili\u2019nde bulunuyor. Son derece g\u00fclery\u00fczl\u00fc ve yard\u0131msever personeli ve son derece konforlu odalar\u0131 ile hizmet veriyor. Mersin Sahili\u2019nde palmiye a\u011fa\u00e7lar\u0131 alt\u0131ndaki kahvalt\u0131 salonu sizi tatilde hissettiriyor. Kahvalt\u0131s\u0131 son derece lezzetli ve g\u00fczel.<\/p>\n\n\n\n<p>Burada ak\u015fam yeme\u011fini de mutlaka deneyin. \u00d6zellikle et yemekleri ve kebaplar\u0131 muhte\u015fem lezzetli yapan bir a\u015f\u00e7\u0131lar\u0131 var. Odalar\u0131 \u00e7ok temiz ve konforlu, kendinizi evinizde hissedeceksiniz. Otelin \u00e7ok ho\u015f bir bah\u00e7esi de var. Ayr\u0131ca hemen otelin yan\u0131nda cafeler ve restaurantlar var. Mersin Marina\u2019ya da \u00e7ok yak\u0131n.<\/p>\n\n\n\n<p><strong>Alt\u0131norfoz Otel<\/strong>: Mersin, Silifke il\u00e7esinde bulunan otel, denize s\u0131f\u0131r konumda ve \u00e7ok ho\u015f bir sahili var. Bu sahilde deniz mavi bayrakl\u0131, muhte\u015fem g\u00fczellikte ve tertemiz. Odalar\u0131 \u00e7ok temiz ve konforlu. Otelin a\u00e7\u0131k ve kapal\u0131 havuzlar\u0131 var.<\/p>\n\n\n\n<p>Ayr\u0131ca SPA Merkezi, sauna, T\u00fcrk Hamam\u0131 ve masaj odalar\u0131 olan oteli yaz ve k\u0131\u015f her mevsim tercih edebilirsiniz. Yar\u0131m Pansiyon hizmet veren otelin a\u00e7\u0131k b\u00fcfesi de son derece iyi ve lezzetli.<\/p>\n\n\n\n<p>Mersin&#8217;den sadece 30 km uzakl\u0131kta olan Tarsus&#8217;a yakla\u015f\u0131k 30 dakikada ula\u015fabilirsiniz. Adana Havaliman\u0131 &#8211; Tarsus aras\u0131 40 km, ula\u015f\u0131m ise \u00e7ok kolay.<\/p>\n\n\n\n<p><meta charset=\"utf-8\">Tarsus&#8217;a otob\u00fcsle gidecekseniz e\u011fer <a href=\"https:\/\/www.turna.com\/otobus-bileti\/tarsus\">Tarsus otob\u00fcs bileti<\/a> i\u00e7in turna.com sayfas\u0131n\u0131z ziyaret edin. Geli\u015fmi\u015f arama \u00f6zelli\u011fi ile 200\u2019den fazla otob\u00fcs firmas\u0131n\u0131 kar\u015f\u0131la\u015ft\u0131rabilir, biletini komisyon \u00f6demeden sat\u0131n alabilirsin.<\/p>\n\n    <div class=\"xs_social_share_widget xs_share_url after_content \t\tmain_content  wslu-style-1 wslu-share-box-shaped wslu-fill-colored wslu-none wslu-share-horizontal wslu-theme-font-no wslu-main_content\">\n\n\t\t\n        <ul>\n\t\t\t        <\/ul>\n    <\/div> \n","protected":false},"excerpt":{"rendered":"<p>Bir \u00e7ok Anadolu \u015fehrinden daha b\u00fcy\u00fck olan Tarsus; Mersin&#8217;in bir il\u00e7esi. 8000 y\u0131ll\u0131k bir ge\u00e7mi\u015fe sahip olan Tarsus ad\u0131n\u0131 kent Tanr\u0131s\u0131 Sandon\u2019dan alm\u0131\u015f. Tarsus\u2019ta gezilmesi ve g\u00f6r\u00fclmesi gereken yerler \u00e7ok fazla olmas\u0131na ra\u011fmen turizm konusunda hak etti\u011fi ilgiyi pek g\u00f6remiyor. Bu g\u00fczel ve tarihi \u015fehrimiz hakk\u0131nda buraya gelmeden \u00f6nce benim de fazla bilgim yoktu. Tarsus\u2019ta [&hellip;]<\/p>\n","protected":false},"author":8,"featured_media":20576,"comment_status":"open","ping_status":"open","sticky":false,"template":"","format":"standard","meta":{"rop_custom_images_group":[],"rop_custom_messages_group":[],"rop_publish_now":"initial","rop_publish_now_accounts":[],"rop_publish_now_history":[],"rop_publish_now_status":"pending","_cloudinary_featured_overwrite":false,"footnotes":""},"categories":[1837],"tags":[566,1991],"class_list":["post-20511","post","type-post","status-publish","format-standard","has-post-thumbnail","hentry","category-mersin","tag-mersin-icel","tag-tarsus"],"_links":{"self":[{"href":"https:\/\/www.turna.com\/blog\/wp-json\/wp\/v2\/posts\/20511","targetHints":{"allow":["GET"]}}],"collection":[{"href":"https:\/\/www.turna.com\/blog\/wp-json\/wp\/v2\/posts"}],"about":[{"href":"https:\/\/www.turna.com\/blog\/wp-json\/wp\/v2\/types\/post"}],"author":[{"embeddable":true,"href":"https:\/\/www.turna.com\/blog\/wp-json\/wp\/v2\/users\/8"}],"replies":[{"embeddable":true,"href":"https:\/\/www.turna.com\/blog\/wp-json\/wp\/v2\/comments?post=20511"}],"version-history":[{"count":0,"href":"https:\/\/www.turna.com\/blog\/wp-json\/wp\/v2\/posts\/20511\/revisions"}],"wp:featuredmedia":[{"embeddable":true,"href":"https:\/\/www.turna.com\/blog\/wp-json\/wp\/v2\/media\/20576"}],"wp:attachment":[{"href":"https:\/\/www.turna.com\/blog\/wp-json\/wp\/v2\/media?parent=20511"}],"wp:term":[{"taxonomy":"category","embeddable":true,"href":"https:\/\/www.turna.com\/blog\/wp-json\/wp\/v2\/categories?post=20511"},{"taxonomy":"post_tag","embeddable":true,"href":"https:\/\/www.turna.com\/blog\/wp-json\/wp\/v2\/tags?post=20511"}],"curies":[{"name":"wp","href":"https:\/\/api.w.org\/{rel}","templated":true}]}}