{"id":20451,"date":"2022-01-04T08:13:00","date_gmt":"2022-01-04T05:13:00","guid":{"rendered":"https:\/\/www.turna.com\/blog\/?p=20451"},"modified":"2025-12-09T13:27:48","modified_gmt":"2025-12-09T10:27:48","slug":"macahel-vadisi-nerede-nasil-gidilir","status":"publish","type":"post","link":"https:\/\/www.turna.com\/blog\/macahel-vadisi-nerede-nasil-gidilir","title":{"rendered":"Ma\u00e7ahel Vadisi Nerede? Nas\u0131l Gidilir"},"content":{"rendered":"\n<p><strong>Ma\u00e7ahel Vadisi<\/strong>, Artvin ile G\u00fcrcistan&#8217;\u0131n Acara \u00d6zerk Cumhuriyetine yay\u0131lan, Karadeniz y\u00f6remizin belki de en \u00f6zel vadisi. Ma\u00e7ahel\u2019in (Macahel\/ Macahela\/ Ma\u00e7ahela) t\u00fcm bay\u0131rlar\u0131 a\u011fa\u00e7larla ve \u00e7ay\u0131rlarla kapl\u0131, cennetten bir par\u00e7a. G\u00fcrcistan&#8217;\u0131n g\u00fcneybat\u0131 ucu ile \u00fclkemizin kuzeydo\u011fu ucunda, iki \u00fclke s\u0131n\u0131r\u0131na yay\u0131lan vadinin Karadeniz&#8217;e uzakl\u0131\u011f\u0131 25 km kadar.<\/p>\n\n\n\n<p>Artvin\u2019in Bor\u00e7ka il\u00e7esine ba\u011fl\u0131 Ma\u00e7ahel, Kar\u00e7al da\u011flar\u0131 eteklerinde yer alan Macahel vadisi farkl\u0131 t\u00fcrde ya\u015fl\u0131 a\u011fa\u00e7lar\u0131yla \u00fcnl\u00fc. Avrupa\u2019n\u0131n en ya\u015fl\u0131, T\u00fcrkiye\u2019nin ise ya\u011fmur ormanlar\u0131yla \u00e7evrili, zengin bitki ve faunas\u0131na sahip tek gizli cenneti. G\u00fcrc\u00fcce ismi Macahel olan b\u00f6lge asl\u0131nda b\u00f6lgeyi olu\u015fturan 6 k\u00f6yden birinin ismi olan Camili olarak an\u0131l\u0131yor.<\/p>\n\n\n\n<figure class=\"wp-block-image size-full is-style-default\"><img width=\"800\" height=\"500\" data-public-id=\"Macahel-Vadisi\/Macahel-Vadisi.jpg\" fetchpriority=\"high\" decoding=\"async\" src=\"https:\/\/res.cloudinary.com\/turna\/images\/w_800,h_500,c_scale\/f_auto,q_auto:low\/v1641208285\/Macahel-Vadisi\/Macahel-Vadisi.jpg?_i=AA\" alt=\"Macahel Vadisi\" class=\"wp-post-20451 wp-image-20452\" data-format=\"jpg\" data-transformations=\"f_auto,q_auto:low\" data-version=\"1641208285\" data-seo=\"1\" srcset=\"https:\/\/res.cloudinary.com\/turna\/images\/f_auto,q_auto:low\/v1641208285\/Macahel-Vadisi\/Macahel-Vadisi.jpg?_i=AA 800w, https:\/\/res.cloudinary.com\/turna\/images\/w_300,h_188,c_scale\/f_auto,q_auto:low\/v1641208285\/Macahel-Vadisi\/Macahel-Vadisi.jpg?_i=AA 300w, https:\/\/res.cloudinary.com\/turna\/images\/w_672,h_420,c_scale\/f_auto,q_auto:low\/v1641208285\/Macahel-Vadisi\/Macahel-Vadisi.jpg?_i=AA 672w, https:\/\/res.cloudinary.com\/turna\/images\/w_640,h_400,c_scale\/f_auto,q_auto:low\/v1641208285\/Macahel-Vadisi\/Macahel-Vadisi.jpg?_i=AA 640w, https:\/\/res.cloudinary.com\/turna\/images\/w_681,h_426,c_scale\/f_auto,q_auto:low\/v1641208285\/Macahel-Vadisi\/Macahel-Vadisi.jpg?_i=AA 681w\" sizes=\"(max-width: 800px) 100vw, 800px\" \/><\/figure>\n\n\n\n<p>B\u00f6lgenin ad\u0131 G\u00fcrc\u00fcce &#8216;Maca&#8217; bilek, &#8216;Hel&#8217; de el anlam\u0131na geliyor. \u0130ki \u00fclke aras\u0131nda kalan vadide toplam 18 k\u00f6y var. Ma\u00e7ahel\u2019in (Macahel\/Macahela\/Ma\u00e7ahela) t\u00fcm bay\u0131rlar\u0131 a\u011fa\u00e7larla ve \u00e7ay\u0131rlarla kapl\u0131, cennetten bir par\u00e7a. Macahel 2006\u2019da UNESCO taraf\u0131ndan T\u00fcrkiye\u2019nin ilk &#8216;D\u00fcnya Biyosfer Rezerv Alan\u0131&#8217; \u00fcnvan\u0131na lay\u0131k g\u00f6r\u00fcld\u00fc. Koruma alt\u0131ndaki d\u00fcnyadaki 621 k\u0131ymetli alandan bizim topraklar\u0131m\u0131zda yer alan tek biyosfer alan\u0131.<\/p>\n\n\n\n<p>S\u00f6ylenilene g\u00f6re anla\u015fma s\u0131ras\u0131nda k\u00f6y halklar\u0131na hangi \u00fclkeye ba\u011fl\u0131 kalmak istedikleri sorulmu\u015f ve cevaba g\u00f6re s\u0131n\u0131r \u00e7izilmi\u015f. 1921\u2019de yap\u0131lan oylama ile bu k\u00f6ylerden 12&#8217;si G\u00fcrcistan&#8217;a kat\u0131lmay\u0131 se\u00e7erken, 6 k\u00f6y T\u00fcrkiye&#8217;yi se\u00e7mi\u015f.<\/p>\n\n\n\n<p>Camili, D\u00fczenli, Efeler, Kayalar, Maral, U\u011fur olmak \u00fczere alt\u0131 k\u00f6yden olu\u015fan co\u011frafi bir b\u00f6lge olan Ma\u00e7ahel, Bor\u00e7ka-Camili karayolu \u00fczerinde yer al\u0131yor. T\u00fcrkiye taraf\u0131nda bulunan ve Camili y\u00f6resini olu\u015fturan 6 k\u00f6y Yukar\u0131 Ma\u00e7ahel olarak da biliniyor.<\/p>\n\n\n\n<p>D\u00f6rt bir yan\u0131 da\u011flarla \u00e7evrili bir alanda gizli vadiler silsilesi olarak saklan\u0131yor. K\u0131\u015f mevsiminde co\u011frafya \u00f6yle bir kar alt\u0131nda kal\u0131yor ki co\u011frafyadaki k\u00f6yler kendi kaderine terk edilmi\u015f gibi k\u0131\u015f uykusuna yat\u0131yor adeta. K\u0131\u015f ve baharlarda Macahel k\u00f6ylerine neredeyse 5-6 ay boyunca kardan kapanan yollar y\u00fcz\u00fcnden ula\u015fmak neredeyse imkans\u0131z.<\/p>\n\n\n\n<p>Ma\u00e7ahel\u2019e Bor\u00e7ka y\u00f6n\u00fcnden giden tek yol, Batamya (K\u00fc\u00e7\u00fck Yayla) 1850 m y\u00fckse\u011fe \u00e7\u0131kt\u0131ktan sonra tekrar 400 metreye inen bir ge\u00e7itten olu\u015fuyor. Ma\u00e7ahel\u2019e di\u011fer bir ge\u00e7it ise G\u00fcrcistan\u2019a olan \u00e7\u0131k\u0131\u015f ve bug\u00fcn Ma\u00e7ahel\u2019in i\u00e7inde bulunan G\u00fcrcistan s\u0131n\u0131r kap\u0131s\u0131 burada bulunuyor.<\/p>\n\n\n\n<p>Bor\u00e7ka\u2019ya giden ge\u00e7it karla kapland\u0131\u011f\u0131nda, hastalar k\u0131zaklarla G\u00fcrcistan\u2019a ta\u015f\u0131n\u0131yor. Kas\u0131m ay\u0131ndan sonra yo\u011fun kar ya\u011f\u0131\u015f\u0131 ile birlikte Macahel\u2019i Bor\u00e7ka\u2019ya ba\u011flayan ge\u00e7it kapan\u0131yor.<\/p>\n\n\n\n<figure class=\"wp-block-image size-full is-style-default\"><img width=\"800\" height=\"500\" data-public-id=\"Artvin-Macahal-Vadisi\/Artvin-Macahal-Vadisi.jpg\" decoding=\"async\" src=\"https:\/\/res.cloudinary.com\/turna\/images\/w_800,h_500,c_scale\/f_auto,q_auto:low\/v1641208306\/Artvin-Macahal-Vadisi\/Artvin-Macahal-Vadisi.jpg?_i=AA\" alt=\"Artvin Macahal Vadisi\" class=\"wp-post-20451 wp-image-20453\" data-format=\"jpg\" data-transformations=\"f_auto,q_auto:low\" data-version=\"1641208306\" data-seo=\"1\" srcset=\"https:\/\/res.cloudinary.com\/turna\/images\/f_auto,q_auto:low\/v1641208306\/Artvin-Macahal-Vadisi\/Artvin-Macahal-Vadisi.jpg?_i=AA 800w, https:\/\/res.cloudinary.com\/turna\/images\/w_300,h_188,c_scale\/f_auto,q_auto:low\/v1641208306\/Artvin-Macahal-Vadisi\/Artvin-Macahal-Vadisi.jpg?_i=AA 300w, https:\/\/res.cloudinary.com\/turna\/images\/w_672,h_420,c_scale\/f_auto,q_auto:low\/v1641208306\/Artvin-Macahal-Vadisi\/Artvin-Macahal-Vadisi.jpg?_i=AA 672w, https:\/\/res.cloudinary.com\/turna\/images\/w_640,h_400,c_scale\/f_auto,q_auto:low\/v1641208306\/Artvin-Macahal-Vadisi\/Artvin-Macahal-Vadisi.jpg?_i=AA 640w, https:\/\/res.cloudinary.com\/turna\/images\/w_681,h_426,c_scale\/f_auto,q_auto:low\/v1641208306\/Artvin-Macahal-Vadisi\/Artvin-Macahal-Vadisi.jpg?_i=AA 681w\" sizes=\"(max-width: 800px) 100vw, 800px\" \/><\/figure>\n\n\n\n<p>Ula\u015f\u0131lmas\u0131 zor, d\u00fcnyadan uzak gibi duran bu co\u011frafya gerek do\u011fas\u0131 gerekse de gelenek ve g\u00f6renekleri inan\u0131lmaz iyi korunmu\u015f durumda. Halk co\u011frafya ile uyum i\u00e7erisinde, topra\u011f\u0131na sahip \u00e7\u0131km\u0131\u015f, sevmi\u015f buralar\u0131.<\/p>\n\n\n\n<p>Bal \u00fcretimi, ar\u0131c\u0131l\u0131k y\u00f6renin ge\u00e7im kaynaklar\u0131ndan biri. Y\u00f6renin kestane bal\u0131 olduk\u00e7a \u00fcnl\u00fc ve \u00e7ok talep g\u00f6r\u00fcyor. Ayr\u0131ca f\u0131nd\u0131k yeti\u015ftirilmesi, hayvanc\u0131l\u0131k da y\u00f6renin ge\u00e7im kaynaklar\u0131 aras\u0131nda.<\/p>\n\n\n\n<h3 class=\"wp-block-heading has-text-align-center has-neeon-button-dark-gray-color has-text-color has-link-color wp-elements-887142c1c5b7979fb037faa8da20f53f\"><strong><strong><strong>Ma\u00e7ahel Vadisi Nerede<\/strong><\/strong><\/strong><\/h3>\n\n\n\n<iframe src=\"https:\/\/www.google.com\/maps\/embed?pb=!1m18!1m12!1m3!1d191332.34587544115!2d41.89991405160844!3d41.47028619149896!2m3!1f0!2f0!3f0!3m2!1i1024!2i768!4f13.1!3m3!1m2!1s0x4067f1a778929e8b%3A0x654ee9e578236a6d!2sMacahel!5e0!3m2!1str!2str!4v1598033131628!5m2!1str!2str\" width=\"100%\" height=\"250\" frameborder=\"0\" style=\"border:0;\" allowfullscreen=\"\" aria-hidden=\"false\" tabindex=\"0\"><\/iframe>\n\n\n\n<div style=\"height:20px\" aria-hidden=\"true\" class=\"wp-block-spacer\"><\/div>\n\n\n\n<h3 class=\"wp-block-heading has-text-align-center has-neeon-button-dark-gray-color has-text-color has-link-color wp-elements-977ec4b8c38fc6a9ee7e73abf9909929\"><strong><strong><strong><strong>Ma\u00e7ahel Vadisine Nas\u0131l Gidilir<\/strong><\/strong><\/strong><\/strong><\/h3>\n\n\n\n<p>Macahel\u2019e ula\u015f\u0131m i\u00e7in havayolu kullanmak isterseniz, u\u00e7akla Erzurum veya Trabzon Havalimanlar\u0131na inebilirsiniz. Trabzon\u2019dan Artvin\u2019e ge\u00e7ip yakla\u015f\u0131k 5 saat sonra Bor\u00e7ka\u2019da olabilir, buradan da Camili minib\u00fcsleriyle en fazla 2.5 saat sonra sakl\u0131 cennet Ma\u00e7ahel\u2019de olabilirsiniz.<\/p>\n\n\n\n<p><a href=\"https:\/\/www.turna.com\/otobus-bileti\/artvin\">Artvin otob\u00fcs bileti<\/a>&nbsp;i\u00e7in turna.com otob\u00fcs bileti sayfas\u0131ndaki kampanyalar\u0131 takip edin. Kayseri otob\u00fcs biletleri ne kadar, sefer saatlerini g\u00f6rebilirsiniz.<\/p>\n\n\n\n<p>Bor\u00e7ka-Camili karayolunda, D\u00fczenli K\u00f6y\u00fc\u2019nden sonra yer alan Camili merkezi, Bor\u00e7ka\u2019ya 50 km, Artvin\u2019e ise 82 km uzakl\u0131kta yer al\u0131yor. Camili\u2019ye ula\u015fmak i\u00e7in Bor\u00e7ka\u2019dan sonra olduk\u00e7a \u00e7etin bir yol kat etmek gerekiyor.<\/p>\n\n\n\n<p>Bor\u00e7ka, Karag\u00f6l\u2019den sonra Camili\u2019ye yakla\u015f\u0131k 20 km\u2019lik bir yol var. Camili\u2019ye giderken 2900 m y\u00fckseklikte bulunan Cankurtaran Ge\u00e7idi\u2019nden ge\u00e7iyorsunuz, burada durup muazzam manzaran\u0131n tad\u0131n\u0131 \u00e7\u0131karabilir, g\u00f6nl\u00fcn\u00fczce foto\u011fraf \u00e7ekebilirsiniz.<\/p>\n\n\n\n<p>Otob\u00fcsle ula\u015f\u0131m d\u00fc\u015f\u00fcn\u00fcyorsan\u0131z, Artvin\u2019e hareket eden otob\u00fcslere bindi\u011finizde t\u00fcm ara\u00e7lar Bor\u00e7ka\u2019dan ge\u00e7iyor. Bor\u00e7ka\u2019da inip Ma\u00e7ahel\u2019e ge\u00e7ebilirsiniz.<\/p>\n\n\n\n<p>Foto\u011fraf\u00e7\u0131lar ve trekking tutkunlar\u0131 ve do\u011fa a\u015f\u0131klar\u0131n\u0131n sakl\u0131 cenneti olan Ma\u00e7ahel, do\u011fal ve bakir g\u00fczelli\u011fiyle b\u00fcy\u00fcleyici bir b\u00f6lge.<\/p>\n\n    <div class=\"xs_social_share_widget xs_share_url after_content \t\tmain_content  wslu-style-1 wslu-share-box-shaped wslu-fill-colored wslu-none wslu-share-horizontal wslu-theme-font-no wslu-main_content\">\n\n\t\t\n        <ul>\n\t\t\t        <\/ul>\n    <\/div> \n","protected":false},"excerpt":{"rendered":"<p>Ma\u00e7ahel Vadisi, Artvin ile G\u00fcrcistan&#8217;\u0131n Acara \u00d6zerk Cumhuriyetine yay\u0131lan, Karadeniz y\u00f6remizin belki de en \u00f6zel vadisi. Ma\u00e7ahel\u2019in (Macahel\/ Macahela\/ Ma\u00e7ahela) t\u00fcm bay\u0131rlar\u0131 a\u011fa\u00e7larla ve \u00e7ay\u0131rlarla kapl\u0131, cennetten bir par\u00e7a. G\u00fcrcistan&#8217;\u0131n g\u00fcneybat\u0131 ucu ile \u00fclkemizin kuzeydo\u011fu ucunda, iki \u00fclke s\u0131n\u0131r\u0131na yay\u0131lan vadinin Karadeniz&#8217;e uzakl\u0131\u011f\u0131 25 km kadar. Artvin\u2019in Bor\u00e7ka il\u00e7esine ba\u011fl\u0131 Ma\u00e7ahel, Kar\u00e7al da\u011flar\u0131 eteklerinde yer [&hellip;]<\/p>\n","protected":false},"author":29,"featured_media":20453,"comment_status":"open","ping_status":"open","sticky":false,"template":"","format":"standard","meta":{"rop_custom_images_group":[],"rop_custom_messages_group":[],"rop_publish_now":"initial","rop_publish_now_accounts":[],"rop_publish_now_history":[],"rop_publish_now_status":"pending","_cloudinary_featured_overwrite":false,"footnotes":""},"categories":[1812],"tags":[490],"class_list":["post-20451","post","type-post","status-publish","format-standard","has-post-thumbnail","hentry","category-artvin","tag-artvin"],"_links":{"self":[{"href":"https:\/\/www.turna.com\/blog\/wp-json\/wp\/v2\/posts\/20451","targetHints":{"allow":["GET"]}}],"collection":[{"href":"https:\/\/www.turna.com\/blog\/wp-json\/wp\/v2\/posts"}],"about":[{"href":"https:\/\/www.turna.com\/blog\/wp-json\/wp\/v2\/types\/post"}],"author":[{"embeddable":true,"href":"https:\/\/www.turna.com\/blog\/wp-json\/wp\/v2\/users\/29"}],"replies":[{"embeddable":true,"href":"https:\/\/www.turna.com\/blog\/wp-json\/wp\/v2\/comments?post=20451"}],"version-history":[{"count":0,"href":"https:\/\/www.turna.com\/blog\/wp-json\/wp\/v2\/posts\/20451\/revisions"}],"wp:featuredmedia":[{"embeddable":true,"href":"https:\/\/www.turna.com\/blog\/wp-json\/wp\/v2\/media\/20453"}],"wp:attachment":[{"href":"https:\/\/www.turna.com\/blog\/wp-json\/wp\/v2\/media?parent=20451"}],"wp:term":[{"taxonomy":"category","embeddable":true,"href":"https:\/\/www.turna.com\/blog\/wp-json\/wp\/v2\/categories?post=20451"},{"taxonomy":"post_tag","embeddable":true,"href":"https:\/\/www.turna.com\/blog\/wp-json\/wp\/v2\/tags?post=20451"}],"curies":[{"name":"wp","href":"https:\/\/api.w.org\/{rel}","templated":true}]}}