{"id":20447,"date":"2022-01-27T08:20:00","date_gmt":"2022-01-27T05:20:00","guid":{"rendered":"https:\/\/www.turna.com\/blog\/?p=20447"},"modified":"2025-12-09T16:12:58","modified_gmt":"2025-12-09T13:12:58","slug":"santa-justa-asansoru-lizbon","status":"publish","type":"post","link":"https:\/\/www.turna.com\/blog\/santa-justa-asansoru-lizbon","title":{"rendered":"Santa Justa Asans\u00f6r\u00fc, Lizbon"},"content":{"rendered":"\n<p>Portekiz&#8217;in ba\u015fkenti Lizbon, bat\u0131 Avrupa&#8217;n\u0131n en g\u00f6rkemli \u015fehirlerinden. Ruhu, atmosferi, zengin k\u00fclt\u00fcr ve sanat ya\u015fam\u0131, tarihine sahip \u00e7\u0131kan mimari yap\u0131lar\u0131, sokak lezzetleri ile her k\u00f6\u015fesinde kendine has bir \u015feyler bulabilece\u011finiz Lizbon, \u00e7ok farkl\u0131 bir Avrupal\u0131.<\/p>\n\n\n\n<p>Avrupa&#8217;n\u0131n en renkli ba\u015fkentlerinden Lizbon, Roma ve \u0130stanbul gibi 7 tepe \u00fczerine kurulu. 1260 y\u0131l\u0131ndan bu yana Portekiz&#8217;e ba\u015fkentlik yapan \u015fehir, 16. y\u00fczy\u0131lda Portekiz \u0130mparatorlu\u011fu zaman\u0131nda en ihti\u015faml\u0131 d\u00f6nemini ya\u015fad\u0131.<\/p>\n\n\n\n<figure class=\"wp-block-image size-full is-style-default\"><img width=\"800\" height=\"500\" data-public-id=\"Santa-Justa-Lizbon\/Santa-Justa-Lizbon.jpg\" fetchpriority=\"high\" decoding=\"async\" src=\"https:\/\/res.cloudinary.com\/turna\/images\/w_800,h_500,c_scale\/f_auto,q_auto:low\/v1642528355\/Santa-Justa-Lizbon\/Santa-Justa-Lizbon.jpg?_i=AA\" alt=\"Santa-Justa-Lizbon\" class=\"wp-post-20447 wp-image-20482\" data-format=\"jpg\" data-transformations=\"f_auto,q_auto:low\" data-version=\"1642528355\" data-seo=\"1\" srcset=\"https:\/\/res.cloudinary.com\/turna\/images\/f_auto,q_auto:low\/v1642528355\/Santa-Justa-Lizbon\/Santa-Justa-Lizbon.jpg?_i=AA 800w, https:\/\/res.cloudinary.com\/turna\/images\/w_300,h_188,c_scale\/f_auto,q_auto:low\/v1642528355\/Santa-Justa-Lizbon\/Santa-Justa-Lizbon.jpg?_i=AA 300w, https:\/\/res.cloudinary.com\/turna\/images\/w_672,h_420,c_scale\/f_auto,q_auto:low\/v1642528355\/Santa-Justa-Lizbon\/Santa-Justa-Lizbon.jpg?_i=AA 672w, https:\/\/res.cloudinary.com\/turna\/images\/w_640,h_400,c_scale\/f_auto,q_auto:low\/v1642528355\/Santa-Justa-Lizbon\/Santa-Justa-Lizbon.jpg?_i=AA 640w, https:\/\/res.cloudinary.com\/turna\/images\/w_681,h_426,c_scale\/f_auto,q_auto:low\/v1642528355\/Santa-Justa-Lizbon\/Santa-Justa-Lizbon.jpg?_i=AA 681w\" sizes=\"(max-width: 800px) 100vw, 800px\" \/><\/figure>\n\n\n\n<p>Lizbon&#8217;da \u0130stanbul gibi iki k\u0131y\u0131y\u0131 ba\u011flayan b\u00fcy\u00fck k\u00f6pr\u00fcler bulunuyor ve \u015fehir yedi tepe \u00fczerine kurulu. Asans\u00f6rler ise kot fark\u0131 olan b\u00f6lgelerde inan\u0131lmaz pratik bir y\u00f6ntem. Rosio Meydan\u0131&#8217;ndan Praca do Comercio &#8216;ya ilerlerken sa\u011f tarafta g\u00f6rece\u011finiz kalabal\u0131k kitle bilin ki asans\u00f6r\u00fc bekleyenler\u2026<\/p>\n\n\n\n<p>\u0130zmir&#8217;deki Tarihi Asans\u00f6r gibi fark\u0131 olan b\u00f6lgeleri birbirine ba\u011flayan bir asans\u00f6r Lizbon&#8217;da da var. <\/p>\n\n\n\n<p>Praca do Comercio&#8217;daki Zafer Tak\u0131n\u0131n alt\u0131ndan ge\u00e7ip de girilen Rua Augusta Caddesi&#8217;nde ilerlerken sola bak\u0131nca g\u00f6rece\u011finiz tarihi <strong>Santa Justa Asans\u00f6r\u00fc<\/strong>, Lizbon&#8217;un sembol yap\u0131lar\u0131ndan. Tam merkezde bulunan Santa Justa Asans\u00f6r\u00fc Lizbon\u2019un en g\u00fczel manzaralar\u0131ndan birine sahip. <\/p>\n\n\n\n<p>En ucuz <a href=\"https:\/\/www.turna.com\/ucak-bileti\/lizbon\">Lizbon u\u00e7ak bileti<\/a> i\u00e7in turna.com sayfas\u0131n\u0131 ziyaret edin. Geli\u015fmi\u015f arama teknolojisi, g\u00fcvenli \u00f6deme, kesintisiz iade garantisi ve \u00e7ok daha fazlas\u0131 turna.com sayfalar\u0131nda.<\/p>\n\n\n\n<h2 class=\"wp-block-heading has-text-align-center has-neeon-button-dark-gray-color has-text-color has-link-color wp-elements-d16612fc36b580ab6268d716d74edde0\"><strong><strong><strong><strong>Santa Justa Asans\u00f6r\u00fc, Lizbon<\/strong><\/strong><\/strong><\/strong><\/h2>\n\n\n\n<p>Asans\u00f6r 1902&#8217;de Raul Mesnier taraf\u0131ndan yap\u0131lm\u0131\u015f ve ilham\u0131n\u0131 meslekta\u015f\u0131 Gustav Eiffel\u2019in Paris\u2019teki me\u015fhur Eyfel Kulesi&#8217;nden alm\u0131\u015f. D\u00f6kme demirden yap\u0131lm\u0131\u015f olan asans\u00f6r ziyaret\u00e7ilerini 1755&#8217;teki b\u00fcy\u00fck depremde y\u0131k\u0131lm\u0131\u015f olan Carmo Convent Gotik Kilisesi&#8217;ne y\u00fcr\u00fcme mesafesinde bulunan bir platforma \u00e7\u0131kart\u0131yor.<\/p>\n\n\n\n<p>Santa Justa Asans\u00f6r\u00fc, Baixa Mahallesi&#8217;nden Bairro Alto b\u00f6lgesine ula\u015fman\u0131n en kolay yolu. 10 Temmuz 1902&#8217;de iki mahalle aras\u0131ndaki ula\u015f\u0131m\u0131 kolayla\u015ft\u0131rmak i\u00e7in hizmete a\u00e7\u0131lan asans\u00f6r Elevador do Carmo (Carmo Asans\u00f6r\u00fc) olarak adland\u0131r\u0131lm\u0131\u015f.<\/p>\n\n\n\n<p>B\u00f6lgede ya\u015fayan halk\u0131n hayat\u0131n\u0131 kolayla\u015ft\u0131ran asans\u00f6r\u00fc denemek isteyenler ilk a\u00e7\u0131ld\u0131\u011f\u0131 g\u00fcn 3 bin bilet sat\u0131n alm\u0131\u015f. Engebeli bir \u015fehir yap\u0131s\u0131na sahip olan Lizbon&#8217;da bir\u00e7ok mahallenin dik yoku\u015f ve \u00e7ok basamakl\u0131 merdivenlerle birbirine ba\u011flanmas\u0131 nedeniyle y\u00fcr\u00fcy\u00fc\u015f eziyete d\u00f6n\u00fc\u015febiliyor. <\/p>\n\n\n\n<p>Ula\u015f\u0131m\u0131 kolayla\u015ft\u0131ran ve keyifli bir se\u00e7enekle turistik bir merkeze d\u00f6n\u00fc\u015fen Santa Justa Asans\u00f6r\u00fc, elektrikli motorun yerle\u015ftirildi\u011fi 1907&#8217;ye kadar buharla \u00e7al\u0131\u015f\u0131yordu. 45 metre y\u00fcksekli\u011fe sahip olan asans\u00f6r, Mimar Raoul Mesnier de Ponsard taraf\u0131ndan Frans\u0131z Mimar Eyfel&#8217;in tarz\u0131nda in\u015fa edilmi\u015f. <\/p>\n\n\n\n<p>Halka a\u00e7\u0131ld\u0131\u011f\u0131 ilk g\u00fcnden bu yana \u00fcst b\u00f6lgesinde yer alan seyir teras\u0131yla Baixa b\u00f6lgesinin muhte\u015fem manzaralar\u0131n\u0131 sunan asans\u00f6r, ayn\u0131 anda 20 ki\u015fiyi yukar\u0131ya ta\u015f\u0131yabiliyor. Asans\u00f6r ilgin\u00e7 bir \u015fekilde a\u015fa\u011f\u0131ya ini\u015flerde en fazla 15 ki\u015fiyi ta\u015f\u0131yabiliyor. <\/p>\n\n\n\n<figure class=\"wp-block-image size-full is-style-default\"><img width=\"800\" height=\"500\" data-public-id=\"Santa-Justa-Asansoru\/Santa-Justa-Asansoru.jpg\" decoding=\"async\" src=\"https:\/\/res.cloudinary.com\/turna\/images\/w_800,h_500,c_scale\/f_auto,q_auto:low\/v1642528361\/Santa-Justa-Asansoru\/Santa-Justa-Asansoru.jpg?_i=AA\" alt=\"Santa-Justa-Asansoru\" class=\"wp-post-20447 wp-image-20483\" data-format=\"jpg\" data-transformations=\"f_auto,q_auto:low\" data-version=\"1642528361\" data-seo=\"1\" srcset=\"https:\/\/res.cloudinary.com\/turna\/images\/f_auto,q_auto:low\/v1642528361\/Santa-Justa-Asansoru\/Santa-Justa-Asansoru.jpg?_i=AA 800w, https:\/\/res.cloudinary.com\/turna\/images\/w_300,h_188,c_scale\/f_auto,q_auto:low\/v1642528361\/Santa-Justa-Asansoru\/Santa-Justa-Asansoru.jpg?_i=AA 300w, https:\/\/res.cloudinary.com\/turna\/images\/w_672,h_420,c_scale\/f_auto,q_auto:low\/v1642528361\/Santa-Justa-Asansoru\/Santa-Justa-Asansoru.jpg?_i=AA 672w, https:\/\/res.cloudinary.com\/turna\/images\/w_640,h_400,c_scale\/f_auto,q_auto:low\/v1642528361\/Santa-Justa-Asansoru\/Santa-Justa-Asansoru.jpg?_i=AA 640w, https:\/\/res.cloudinary.com\/turna\/images\/w_681,h_426,c_scale\/f_auto,q_auto:low\/v1642528361\/Santa-Justa-Asansoru\/Santa-Justa-Asansoru.jpg?_i=AA 681w\" sizes=\"(max-width: 800px) 100vw, 800px\" \/><\/figure>\n\n\n\n<h3 class=\"wp-block-heading has-text-align-center has-neeon-button-dark-gray-color has-text-color has-link-color wp-elements-cdcafec907c2855c1dae3f8089dd0575\"><strong><strong><strong><strong>Santa Justa Asans\u00f6r\u00fc \u00c7al\u0131\u015fma Saatleri ve \u00dccreti<\/strong><\/strong><\/strong><\/strong><\/h3>\n\n\n\n<p><strong>Santa Justa Asans\u00f6r\u00fc<\/strong> may\u0131stan ekim sonuna kadar her g\u00fcn 07.00-23.00, kas\u0131mdan nisan ay\u0131na kadar ise 07.30-20.30 saatleri aras\u0131nda hizmet veriyor.<\/p>\n\n\n\n<p>Santa Justa Asans\u00f6r\u00fc&#8217;n\u00fc kullanmak isteyenler i\u00e7in \u00e7ift y\u00f6nl\u00fc bilet 5.30 euro. 7 Colinas ya da Viva Viagem kart ile bini\u015flerde 1.5 euro al\u0131n\u0131yor. Santa Justa Asans\u00f6r\u00fc&#8217;ne metronun mavi ve ye\u015fil hatt\u0131n\u0131 kullanarak Baixa \/ Chiado duraklar\u0131nda inerek ula\u015fabilirsiniz.<\/p>\n\n\n\n<p>G\u00fcn bat\u0131m\u0131nda ne yap\u0131n yap\u0131n bu asans\u00f6rle terasa \u00e7\u0131k\u0131n ve k\u0131z\u0131l g\u00fcne\u015fin \u015fehri nas\u0131l pembele\u015ftirdi\u011fini, kaleyi, Rossio Meydan\u0131&#8217;n\u0131 ve Atlas Okyanusu&#8217;nu buradan izleyin. Manzara ka\u00e7\u0131r\u0131lmayacak kadar muhte\u015fem.<\/p>\n\n    <div class=\"xs_social_share_widget xs_share_url after_content \t\tmain_content  wslu-style-1 wslu-share-box-shaped wslu-fill-colored wslu-none wslu-share-horizontal wslu-theme-font-no wslu-main_content\">\n\n\t\t\n        <ul>\n\t\t\t        <\/ul>\n    <\/div> \n","protected":false},"excerpt":{"rendered":"<p>Portekiz&#8217;in ba\u015fkenti Lizbon, bat\u0131 Avrupa&#8217;n\u0131n en g\u00f6rkemli \u015fehirlerinden. Ruhu, atmosferi, zengin k\u00fclt\u00fcr ve sanat ya\u015fam\u0131, tarihine sahip \u00e7\u0131kan mimari yap\u0131lar\u0131, sokak lezzetleri ile her k\u00f6\u015fesinde kendine has bir \u015feyler bulabilece\u011finiz Lizbon, \u00e7ok farkl\u0131 bir Avrupal\u0131. Avrupa&#8217;n\u0131n en renkli ba\u015fkentlerinden Lizbon, Roma ve \u0130stanbul gibi 7 tepe \u00fczerine kurulu. 1260 y\u0131l\u0131ndan bu yana Portekiz&#8217;e ba\u015fkentlik yapan [&hellip;]<\/p>\n","protected":false},"author":9,"featured_media":20482,"comment_status":"open","ping_status":"open","sticky":false,"template":"","format":"standard","meta":{"rop_custom_images_group":[],"rop_custom_messages_group":[],"rop_publish_now":"initial","rop_publish_now_accounts":[],"rop_publish_now_history":[],"rop_publish_now_status":"pending","_cloudinary_featured_overwrite":false,"footnotes":""},"categories":[508],"tags":[509],"class_list":["post-20447","post","type-post","status-publish","format-standard","has-post-thumbnail","hentry","category-portekiz","tag-lizbon"],"_links":{"self":[{"href":"https:\/\/www.turna.com\/blog\/wp-json\/wp\/v2\/posts\/20447","targetHints":{"allow":["GET"]}}],"collection":[{"href":"https:\/\/www.turna.com\/blog\/wp-json\/wp\/v2\/posts"}],"about":[{"href":"https:\/\/www.turna.com\/blog\/wp-json\/wp\/v2\/types\/post"}],"author":[{"embeddable":true,"href":"https:\/\/www.turna.com\/blog\/wp-json\/wp\/v2\/users\/9"}],"replies":[{"embeddable":true,"href":"https:\/\/www.turna.com\/blog\/wp-json\/wp\/v2\/comments?post=20447"}],"version-history":[{"count":0,"href":"https:\/\/www.turna.com\/blog\/wp-json\/wp\/v2\/posts\/20447\/revisions"}],"wp:featuredmedia":[{"embeddable":true,"href":"https:\/\/www.turna.com\/blog\/wp-json\/wp\/v2\/media\/20482"}],"wp:attachment":[{"href":"https:\/\/www.turna.com\/blog\/wp-json\/wp\/v2\/media?parent=20447"}],"wp:term":[{"taxonomy":"category","embeddable":true,"href":"https:\/\/www.turna.com\/blog\/wp-json\/wp\/v2\/categories?post=20447"},{"taxonomy":"post_tag","embeddable":true,"href":"https:\/\/www.turna.com\/blog\/wp-json\/wp\/v2\/tags?post=20447"}],"curies":[{"name":"wp","href":"https:\/\/api.w.org\/{rel}","templated":true}]}}