{"id":20438,"date":"2022-01-18T08:22:00","date_gmt":"2022-01-18T05:22:00","guid":{"rendered":"https:\/\/www.turna.com\/blog\/?p=20438"},"modified":"2025-12-09T15:58:41","modified_gmt":"2025-12-09T12:58:41","slug":"marsilya-gezilecek-yerler","status":"publish","type":"post","link":"https:\/\/www.turna.com\/blog\/marsilya-gezilecek-yerler","title":{"rendered":"Marsilya Gezilecek Yerler"},"content":{"rendered":"<div id=\"ez-toc-container\" class=\"ez-toc-v2_0_82_2 counter-hierarchy ez-toc-counter ez-toc-black ez-toc-container-direction\">\n<div class=\"ez-toc-title-container\">\n<p class=\"ez-toc-title\" style=\"cursor:inherit\">\u0130\u00e7indekiler<\/p>\n<span class=\"ez-toc-title-toggle\"><a href=\"#\" class=\"ez-toc-pull-right ez-toc-btn ez-toc-btn-xs ez-toc-btn-default ez-toc-toggle\" aria-label=\"\u0130\u00e7indekiler Tablosunu A\u00e7\/Kapat\"><span class=\"ez-toc-js-icon-con\"><span class=\"\"><span class=\"eztoc-hide\" style=\"display:none;\">Toggle<\/span><span class=\"ez-toc-icon-toggle-span\"><svg style=\"fill: #ffffff;color:#ffffff\" xmlns=\"http:\/\/www.w3.org\/2000\/svg\" class=\"list-377408\" width=\"20px\" height=\"20px\" viewBox=\"0 0 24 24\" fill=\"none\"><path d=\"M6 6H4v2h2V6zm14 0H8v2h12V6zM4 11h2v2H4v-2zm16 0H8v2h12v-2zM4 16h2v2H4v-2zm16 0H8v2h12v-2z\" fill=\"currentColor\"><\/path><\/svg><svg style=\"fill: #ffffff;color:#ffffff\" class=\"arrow-unsorted-368013\" xmlns=\"http:\/\/www.w3.org\/2000\/svg\" width=\"10px\" height=\"10px\" viewBox=\"0 0 24 24\" version=\"1.2\" baseProfile=\"tiny\"><path d=\"M18.2 9.3l-6.2-6.3-6.2 6.3c-.2.2-.3.4-.3.7s.1.5.3.7c.2.2.4.3.7.3h11c.3 0 .5-.1.7-.3.2-.2.3-.5.3-.7s-.1-.5-.3-.7zM5.8 14.7l6.2 6.3 6.2-6.3c.2-.2.3-.5.3-.7s-.1-.5-.3-.7c-.2-.2-.4-.3-.7-.3h-11c-.3 0-.5.1-.7.3-.2.2-.3.5-.3.7s.1.5.3.7z\"\/><\/svg><\/span><\/span><\/span><\/a><\/span><\/div>\n<nav><ul class='ez-toc-list ez-toc-list-level-1 eztoc-toggle-hide-by-default' ><li class='ez-toc-page-1 ez-toc-heading-level-2'><a class=\"ez-toc-link ez-toc-heading-1\" href=\"https:\/\/www.turna.com\/blog\/marsilya-gezilecek-yerler\/#marsilya_gezilecek_yerler\" >Marsilya Gezilecek Yerler<\/a><ul class='ez-toc-list-level-3' ><li class='ez-toc-heading-level-3'><a class=\"ez-toc-link ez-toc-heading-2\" href=\"https:\/\/www.turna.com\/blog\/marsilya-gezilecek-yerler\/#1_vieux_port\" >1. Vieux Port<\/a><\/li><li class='ez-toc-page-1 ez-toc-heading-level-3'><a class=\"ez-toc-link ez-toc-heading-3\" href=\"https:\/\/www.turna.com\/blog\/marsilya-gezilecek-yerler\/#2_le_panier_ve_vieille_charite\" >2. Le Panier ve Vieille Charite<\/a><\/li><li class='ez-toc-page-1 ez-toc-heading-level-3'><a class=\"ez-toc-link ez-toc-heading-4\" href=\"https:\/\/www.turna.com\/blog\/marsilya-gezilecek-yerler\/#3_julien_caddesi\" >3. Julien Caddesi<\/a><\/li><li class='ez-toc-page-1 ez-toc-heading-level-3'><a class=\"ez-toc-link ez-toc-heading-5\" href=\"https:\/\/www.turna.com\/blog\/marsilya-gezilecek-yerler\/#4_chateau_dif\" >4. Chateau d\u2019If<\/a><\/li><li class='ez-toc-page-1 ez-toc-heading-level-3'><a class=\"ez-toc-link ez-toc-heading-6\" href=\"https:\/\/www.turna.com\/blog\/marsilya-gezilecek-yerler\/#5_notre_dame_de_la_garde_kilisesi\" >5. Notre Dame de la Garde Kilisesi<\/a><\/li><li class='ez-toc-page-1 ez-toc-heading-level-3'><a class=\"ez-toc-link ez-toc-heading-7\" href=\"https:\/\/www.turna.com\/blog\/marsilya-gezilecek-yerler\/#6_marsilya_katedrali\" >6. Marsilya Katedrali<\/a><\/li><li class='ez-toc-page-1 ez-toc-heading-level-3'><a class=\"ez-toc-link ez-toc-heading-8\" href=\"https:\/\/www.turna.com\/blog\/marsilya-gezilecek-yerler\/#7_longchamp_sarayi_ve_su_sarayi\" >7. Longchamp Saray\u0131 ve Su Saray\u0131<\/a><\/li><li class='ez-toc-page-1 ez-toc-heading-level-3'><a class=\"ez-toc-link ez-toc-heading-9\" href=\"https:\/\/www.turna.com\/blog\/marsilya-gezilecek-yerler\/#8_marsilya_tarih_muzesi\" >8. Marsilya Tarih M\u00fczesi<\/a><\/li><li class='ez-toc-page-1 ez-toc-heading-level-3'><a class=\"ez-toc-link ez-toc-heading-10\" href=\"https:\/\/www.turna.com\/blog\/marsilya-gezilecek-yerler\/#9_saint_victor_manastiri\" >9. Saint Victor Manast\u0131r\u0131<\/a><\/li><li class='ez-toc-page-1 ez-toc-heading-level-3'><a class=\"ez-toc-link ez-toc-heading-11\" href=\"https:\/\/www.turna.com\/blog\/marsilya-gezilecek-yerler\/#10_avrupa-akdeniz_medeniyetler_muzesi\" >10. Avrupa-Akdeniz Medeniyetler M\u00fczesi<\/a><\/li><\/ul><\/li><\/ul><\/nav><\/div>\n\n<p><strong>Marsilya<\/strong>, Fransa\u2019n\u0131n ba\u015fkent Paris\u2019ten sonra en b\u00fcy\u00fck ikinci \u015fehri. Avrupa\u2019n\u0131n en eski yerle\u015fim yerlerinden, tam bir Akdeniz kenti olan biri olan Marsilya, denizi, kumsallar\u0131, g\u00fcne\u015fi, hareketli ya\u015fam\u0131 ve tarihle b\u00fct\u00fcnle\u015fen mimarisiyle g\u00f6z kama\u015ft\u0131r\u0131yor.<\/p>\n\n\n\n<p>Akdeniz\u2019in \u00f6nemli ticaret limanlar\u0131ndan biri olan Marsilya, La Corniche olarak bilinen sahiliyle g\u00f6z kama\u015ft\u0131ran bir destinasyon. Sahil boyunca s\u0131ralanan ve ge\u00e7mi\u015fte hapishane olarak da kullan\u0131lan Ch\u00e2teau d&#8217;If \u015eatosu ile kire\u00e7ta\u015f\u0131 olu\u015fumlar\u0131yla Les Calanques Koyu turkuaz renkli deniz suyuyla k\u0131\u015fk\u0131rt\u0131c\u0131 bir manzaraya sahip.<\/p>\n\n\n\n<h2 class=\"wp-block-heading has-text-align-center has-neeon-button-dark-gray-color has-text-color has-link-color wp-elements-de6971603914cf0a8173427176d75900\"><span class=\"ez-toc-section\" id=\"marsilya_gezilecek_yerler\"><\/span><strong><strong><strong><strong>Marsilya Gezilecek Yerler<\/strong><\/strong><\/strong><\/strong><span class=\"ez-toc-section-end\"><\/span><\/h2>\n\n\n\n<p>Akdeniz&#8217;in en b\u00fcy\u00fck liman\u0131 ve Provence-Alpes-C\u00f4te d&#8217;Azur b\u00f6lgesinin ekonomik merkezi olan Marsilya\u2019y\u0131 ikiye ay\u0131ran La Canebi\u00e8re Caddesi \u00fcnl\u00fc markalar ve k\u00fc\u00e7\u00fck d\u00fckkanlar\u0131n yer ald\u0131\u011f\u0131 al\u0131\u015fveri\u015f caddesi.<\/p>\n\n\n\n<p>Turistlerin vazge\u00e7emedi\u011fi La Place Castellane b\u00f6lgesi kafe ve dinlenme mekanlar\u0131yla g\u00fcn\u00fcn her saati t\u0131kl\u0131m t\u0131kl\u0131m. 3 km\u2019lik uzunlu\u011fu ile Prado Kumsal\u0131, taze bal\u0131k ve deniz \u00fcr\u00fcnleriyle Vieux Port Bal\u0131k Pazar\u0131, \u015fehrin en \u00e7ok ziyaret edilen yerleri aras\u0131nda.<\/p>\n\n\n\n<p>Turna\u2019n\u0131n bir\u00e7ok havayolu ile \u00f6zel f\u0131rsat anla\u015fmalar\u0131 bulunuyor. Belli d\u00f6nemlerde yap\u0131lan \u00f6zel kampanyalar\u0131 ka\u00e7\u0131rmay\u0131n. En ucuz&nbsp;<strong><a href=\"https:\/\/www.turna.com\/ucak-bileti\/marsilya\">Marsilya u\u00e7ak bileti<\/a><\/strong>&nbsp;i\u00e7in turna u\u00e7ak bileti sayfas\u0131n\u0131 takip edin.<\/p>\n\n\n\n<h3 class=\"wp-block-heading has-text-align-center has-neeon-button-dark-gray-color has-text-color has-link-color wp-elements-a2215a8ecceba06396a41a3015319240\"><span class=\"ez-toc-section\" id=\"1_vieux_port\"><\/span><strong><strong><strong><strong>1. Vieux Port<\/strong><\/strong><\/strong><\/strong><span class=\"ez-toc-section-end\"><\/span><\/h3>\n\n\n\n<figure class=\"wp-block-image size-full is-style-default\"><img width=\"800\" height=\"500\" data-public-id=\"marsilya-gezilecek-yerler\/marsilya-gezilecek-yerler.jpg\" fetchpriority=\"high\" decoding=\"async\" src=\"https:\/\/res.cloudinary.com\/turna\/images\/w_800,h_500,c_scale\/f_auto,q_auto:low\/v1641117719\/marsilya-gezilecek-yerler\/marsilya-gezilecek-yerler.jpg?_i=AA\" alt=\"marsilya gezilecek yerler\" class=\"wp-post-20438 wp-image-20439\" data-format=\"jpg\" data-transformations=\"f_auto,q_auto:low\" data-version=\"1641117719\" data-seo=\"1\" srcset=\"https:\/\/res.cloudinary.com\/turna\/images\/f_auto,q_auto:low\/v1641117719\/marsilya-gezilecek-yerler\/marsilya-gezilecek-yerler.jpg?_i=AA 800w, https:\/\/res.cloudinary.com\/turna\/images\/w_300,h_188,c_scale\/f_auto,q_auto:low\/v1641117719\/marsilya-gezilecek-yerler\/marsilya-gezilecek-yerler.jpg?_i=AA 300w, https:\/\/res.cloudinary.com\/turna\/images\/w_672,h_420,c_scale\/f_auto,q_auto:low\/v1641117719\/marsilya-gezilecek-yerler\/marsilya-gezilecek-yerler.jpg?_i=AA 672w, https:\/\/res.cloudinary.com\/turna\/images\/w_640,h_400,c_scale\/f_auto,q_auto:low\/v1641117719\/marsilya-gezilecek-yerler\/marsilya-gezilecek-yerler.jpg?_i=AA 640w, https:\/\/res.cloudinary.com\/turna\/images\/w_681,h_426,c_scale\/f_auto,q_auto:low\/v1641117719\/marsilya-gezilecek-yerler\/marsilya-gezilecek-yerler.jpg?_i=AA 681w\" sizes=\"(max-width: 800px) 100vw, 800px\" \/><\/figure>\n\n\n\n<p><strong>Marsilya gezilecek yerler<\/strong> aras\u0131nda akla ilk gelen noktalardan olan <strong>Vieux Port<\/strong>, \u015fehrin en hareketli ve en canl\u0131 merkezi. Kafe ve restoranlar\u0131n, gece kul\u00fcb\u00fc ve barlar\u0131n \u00e7o\u011funlukta oldu\u011fu b\u00f6lgede kentin Akdenizli atmosferini hissedebilece\u011finiz \u015firin bal\u0131k\u00e7\u0131lar da bulunuyor. St.Nicholas Kalesi ve St.Jean K\u00f6rfezi\u2019nden g\u00f6r\u00fclebilen ve yelkenli direkleri ile dolup ta\u015fan Vieux Port, Marsilya\u2019n\u0131n en \u00fcnl\u00fc b\u00f6lgesi.<\/p>\n\n\n\n<h3 class=\"wp-block-heading has-text-align-center has-neeon-button-dark-gray-color has-text-color has-link-color wp-elements-bc4120245fd75840a8eea1a01d9652cd\"><span class=\"ez-toc-section\" id=\"2_le_panier_ve_vieille_charite\"><\/span><strong><strong><strong><strong>2. Le Panier ve Vieille Charite<\/strong><\/strong><\/strong><\/strong><span class=\"ez-toc-section-end\"><\/span><\/h3>\n\n\n\n<p>Vieux Port (Eski Liman)\u2019un hemen kuzeyinden ba\u015flayan <strong>Le Panier<\/strong> (Eski \u015eehir-Old Town) b\u00f6lgesi Marsilya\u2019n\u0131n M\u00d6 6. y\u00fczy\u0131lda ilk Fo\u00e7al\u0131 yerle\u015fimcilerinin yerle\u015fti\u011fi en eski sokaklar\u0131n\u0131 bar\u0131nd\u0131ran bir b\u00f6lge. Hotel Dieu, Cathedrale de la Major, g\u00f6\u00e7menlerin ya\u015fad\u0131\u011f\u0131 pastel renkli evleri, yoku\u015flu ve sakin dar sokaklar\u0131, Place des Molins ile Vieille Charite Meydan\u0131, butikleri ve kafeleri ile \u015fehrin farkl\u0131 bir y\u00fcz\u00fcn\u00fc temsil ediyor.<\/p>\n\n\n\n<h3 class=\"wp-block-heading has-text-align-center has-neeon-button-dark-gray-color has-text-color has-link-color wp-elements-f2e0c1deb6bb3439a36cc101e4a9ced6\"><span class=\"ez-toc-section\" id=\"3_julien_caddesi\"><\/span><strong><strong><strong><strong>3. Julien Caddesi<\/strong><\/strong><\/strong><\/strong><span class=\"ez-toc-section-end\"><\/span><\/h3>\n\n\n\n<figure class=\"wp-block-image size-full is-style-default\"><img width=\"800\" height=\"500\" data-public-id=\"julien-caddesi-marsilya-gezilecek-yerler\/julien-caddesi-marsilya-gezilecek-yerler.jpg\" decoding=\"async\" src=\"https:\/\/res.cloudinary.com\/turna\/images\/w_800,h_500,c_scale\/f_auto,q_auto:low\/v1641117756\/julien-caddesi-marsilya-gezilecek-yerler\/julien-caddesi-marsilya-gezilecek-yerler.jpg?_i=AA\" alt=\"julien-caddesi-marsilya-gezilecek-yerler\" class=\"wp-post-20438 wp-image-20440\" data-format=\"jpg\" data-transformations=\"f_auto,q_auto:low\" data-version=\"1641117756\" data-seo=\"1\" srcset=\"https:\/\/res.cloudinary.com\/turna\/images\/f_auto,q_auto:low\/v1641117756\/julien-caddesi-marsilya-gezilecek-yerler\/julien-caddesi-marsilya-gezilecek-yerler.jpg?_i=AA 800w, https:\/\/res.cloudinary.com\/turna\/images\/w_300,h_188,c_scale\/f_auto,q_auto:low\/v1641117756\/julien-caddesi-marsilya-gezilecek-yerler\/julien-caddesi-marsilya-gezilecek-yerler.jpg?_i=AA 300w, https:\/\/res.cloudinary.com\/turna\/images\/w_672,h_420,c_scale\/f_auto,q_auto:low\/v1641117756\/julien-caddesi-marsilya-gezilecek-yerler\/julien-caddesi-marsilya-gezilecek-yerler.jpg?_i=AA 672w, https:\/\/res.cloudinary.com\/turna\/images\/w_640,h_400,c_scale\/f_auto,q_auto:low\/v1641117756\/julien-caddesi-marsilya-gezilecek-yerler\/julien-caddesi-marsilya-gezilecek-yerler.jpg?_i=AA 640w, https:\/\/res.cloudinary.com\/turna\/images\/w_681,h_426,c_scale\/f_auto,q_auto:low\/v1641117756\/julien-caddesi-marsilya-gezilecek-yerler\/julien-caddesi-marsilya-gezilecek-yerler.jpg?_i=AA 681w\" sizes=\"(max-width: 800px) 100vw, 800px\" \/><\/figure>\n\n\n\n<p>Marsilya\u2019n\u0131n burjuva ve bohem tarza sahip b\u00f6lgesi olan <strong>Julien Caddesi<\/strong> (Course Julien), Vieux Port\u2019tan 20 dakikal\u0131k bir y\u00fcr\u00fcy\u00fc\u015fle ula\u015f\u0131labilen, alternatif barlar, kafeler, kitap\u00e7\u0131lar, eskiciler, m\u00fczik d\u00fckkanlar\u0131, rengarenk grafittilerle s\u00fcsl\u00fc rengarenk bir semtin kalbi. Biraz d\u00fckkanlar\u0131 dola\u015ft\u0131ktan sonra bir a\u00e7\u0131k hava kafesinde oturup Cezayir usul\u00fc naneli \u00e7ay i\u00e7meden ayr\u0131lmay\u0131n.<\/p>\n\n\n\n<h3 class=\"wp-block-heading has-text-align-center has-neeon-button-dark-gray-color has-text-color has-link-color wp-elements-8a8a7c7a4075fc85ce570e9204f483e5\"><span class=\"ez-toc-section\" id=\"4_chateau_dif\"><\/span><strong><strong><strong><strong>4. Chateau d\u2019If<\/strong><\/strong><\/strong><\/strong><span class=\"ez-toc-section-end\"><\/span><\/h3>\n\n\n\n<p>Ba\u015flang\u0131\u00e7ta bir savunma yap\u0131s\u0131 olarak kentin d\u0131\u015f\u0131nda k\u00fc\u00e7\u00fck bir ada in\u015fa edilen <strong>Ch\u00e2teau d&#8217;If<\/strong>, daha sonra bir cezaevi kullan\u0131lan, kentin en bilinen yap\u0131s\u0131. Fransa\u2019n\u0131n Alcatraz\u2018\u0131 olarak da tan\u0131mlanan yap\u0131, Vieux Port\u2019un 3,5 km bat\u0131s\u0131nda bulunuyor. Vieux Liman\u0131&#8217;ndan teknelerle yakla\u015f\u0131k 15 dakikada ula\u015fabilece\u011finiz Chateau d\u2019If, Alexandre Dumas\u2019n\u0131n Monte Kristo Kontu roman\u0131 i\u00e7in de esin kayna\u011f\u0131 olmu\u015ftu.<\/p>\n\n\n\n<h3 class=\"wp-block-heading has-text-align-center has-neeon-button-dark-gray-color has-text-color has-link-color wp-elements-bda121a32981330fd93c4bbe8802f8c0\"><span class=\"ez-toc-section\" id=\"5_notre_dame_de_la_garde_kilisesi\"><\/span><strong><strong><strong><strong>5. Notre Dame de la Garde Kilisesi<\/strong><\/strong><\/strong><\/strong><span class=\"ez-toc-section-end\"><\/span><\/h3>\n\n\n\n<figure class=\"wp-block-image size-full is-style-default\"><img width=\"800\" height=\"500\" data-public-id=\"Notre-Dame-de-la-Garde-Kilisesi\/Notre-Dame-de-la-Garde-Kilisesi.jpg\" decoding=\"async\" src=\"https:\/\/res.cloudinary.com\/turna\/images\/w_800,h_500,c_scale\/f_auto,q_auto:low\/v1641117787\/Notre-Dame-de-la-Garde-Kilisesi\/Notre-Dame-de-la-Garde-Kilisesi.jpg?_i=AA\" alt=\"Notre-Dame-de-la-Garde-Kilisesi\" class=\"wp-post-20438 wp-image-20441\" data-format=\"jpg\" data-transformations=\"f_auto,q_auto:low\" data-version=\"1641117787\" data-seo=\"1\" srcset=\"https:\/\/res.cloudinary.com\/turna\/images\/f_auto,q_auto:low\/v1641117787\/Notre-Dame-de-la-Garde-Kilisesi\/Notre-Dame-de-la-Garde-Kilisesi.jpg?_i=AA 800w, https:\/\/res.cloudinary.com\/turna\/images\/w_300,h_188,c_scale\/f_auto,q_auto:low\/v1641117787\/Notre-Dame-de-la-Garde-Kilisesi\/Notre-Dame-de-la-Garde-Kilisesi.jpg?_i=AA 300w, https:\/\/res.cloudinary.com\/turna\/images\/w_672,h_420,c_scale\/f_auto,q_auto:low\/v1641117787\/Notre-Dame-de-la-Garde-Kilisesi\/Notre-Dame-de-la-Garde-Kilisesi.jpg?_i=AA 672w, https:\/\/res.cloudinary.com\/turna\/images\/w_640,h_400,c_scale\/f_auto,q_auto:low\/v1641117787\/Notre-Dame-de-la-Garde-Kilisesi\/Notre-Dame-de-la-Garde-Kilisesi.jpg?_i=AA 640w, https:\/\/res.cloudinary.com\/turna\/images\/w_681,h_426,c_scale\/f_auto,q_auto:low\/v1641117787\/Notre-Dame-de-la-Garde-Kilisesi\/Notre-Dame-de-la-Garde-Kilisesi.jpg?_i=AA 681w\" sizes=\"(max-width: 800px) 100vw, 800px\" \/><\/figure>\n\n\n\n<p>Marsilya\u2019n\u0131n simge yap\u0131s\u0131 olan <strong>Notre Dame de la Garde Kilisesi<\/strong> (Notre-Dame de la Garde), kenti olanca \u015firinli\u011fi ile g\u00f6rebilece\u011finiz bir tepedeki konumuyla da e\u015fsiz. Neo-Bizans mimarisinin en g\u00fczel \u00f6rneklerinden olan yap\u0131, \u00f6zellikle mozaik s\u00fcslemeleriyle de olduk\u00e7a etkileyici. T\u00fcm \u015fehri avucunun i\u00e7ine alan \u00e7ocuk \u0130sa\u2019y\u0131 kucaklayan Meryem Ana Heykeli de dikkatinizi \u00e7ekecek.<\/p>\n\n\n\n<h3 class=\"wp-block-heading has-text-align-center has-neeon-button-dark-gray-color has-text-color has-link-color wp-elements-800769b4fef1de5fdee0b70eb43eb64c\"><span class=\"ez-toc-section\" id=\"6_marsilya_katedrali\"><\/span><strong><strong><strong><strong>6. Marsilya Katedrali<\/strong><\/strong><\/strong><\/strong><span class=\"ez-toc-section-end\"><\/span><\/h3>\n\n\n\n<p>Neo-Roma ve Bizans mimarisinin g\u00fczel bir \u00f6rne\u011fi olan <strong>Marsilya Katedrali<\/strong> (Cath\u00e9drale Sainte-Marie-Majeure de Marseille), 19. y\u00fczy\u0131lda Fransa\u2019da in\u015fa edilen tek katedral olma \u00f6zelli\u011fine sahip. Vieux Port\u2019tan 20 dakika y\u00fcr\u00fcme mesafesinde, Le Panier semtinin denize bakan di\u011fer taraf\u0131nda yer alan katedral, kubbeli dizayn\u0131 ve dekoratif mozaik i\u015f\u00e7ili\u011fi ile olduk\u00e7a ho\u015f bir adres.<\/p>\n\n\n\n<h3 class=\"wp-block-heading has-text-align-center has-neeon-button-dark-gray-color has-text-color has-link-color wp-elements-971a35cc95c9dc0c39433f0920104ce8\"><span class=\"ez-toc-section\" id=\"7_longchamp_sarayi_ve_su_sarayi\"><\/span><strong><strong><strong><strong>7. Longchamp Saray\u0131 ve Su Saray\u0131<\/strong><\/strong><\/strong><\/strong><span class=\"ez-toc-section-end\"><\/span><\/h3>\n\n\n\n<figure class=\"wp-block-image size-full is-style-default\"><img width=\"800\" height=\"500\" loading=\"lazy\" decoding=\"async\" src=\"data:image\/svg+xml;base64,PHN2ZyB4bWxucz0iaHR0cDovL3d3dy53My5vcmcvMjAwMC9zdmciIHdpZHRoPSI4MDAiIGhlaWdodD0iNTAwIj48cmVjdCB3aWR0aD0iMTAwJSIgaGVpZ2h0PSIxMDAlIj48YW5pbWF0ZSBhdHRyaWJ1dGVOYW1lPSJmaWxsIiB2YWx1ZXM9InJnYmEoMTUzLDE1MywxNTMsMC41KTtyZ2JhKDE1MywxNTMsMTUzLDAuMSk7cmdiYSgxNTMsMTUzLDE1MywwLjUpIiBkdXI9IjJzIiByZXBlYXRDb3VudD0iaW5kZWZpbml0ZSIgLz48L3JlY3Q+PC9zdmc+\" alt=\"longchamp-sarayi\" class=\"wp-post-20438 wp-image-20442\" data-public-id=\"longchamp-sarayi\/longchamp-sarayi.jpg\" data-format=\"jpg\" data-transformations=\"f_auto,q_auto:low\" data-version=\"1641117823\" data-seo=\"1\" data-size=\"800 500\" data-srcset=\"https:\/\/res.cloudinary.com\/turna\/images\/f_auto,q_auto:low\/v1641117823\/longchamp-sarayi\/longchamp-sarayi.jpg?_i=AA 800w, https:\/\/res.cloudinary.com\/turna\/images\/w_300,h_188,c_scale\/f_auto,q_auto:low\/v1641117823\/longchamp-sarayi\/longchamp-sarayi.jpg?_i=AA 300w, https:\/\/res.cloudinary.com\/turna\/images\/w_672,h_420,c_scale\/f_auto,q_auto:low\/v1641117823\/longchamp-sarayi\/longchamp-sarayi.jpg?_i=AA 672w, https:\/\/res.cloudinary.com\/turna\/images\/w_640,h_400,c_scale\/f_auto,q_auto:low\/v1641117823\/longchamp-sarayi\/longchamp-sarayi.jpg?_i=AA 640w, https:\/\/res.cloudinary.com\/turna\/images\/w_681,h_426,c_scale\/f_auto,q_auto:low\/v1641117823\/longchamp-sarayi\/longchamp-sarayi.jpg?_i=AA 681w\" data-sizes=\"(max-width: 800px) 100vw, 800px\" data-delivery=\"upload\" onload=\";window.CLDBind?CLDBind(this):null;\" data-cloudinary=\"lazy\" \/><\/figure>\n\n\n\n<p><strong>Longchamp Saray\u0131<\/strong> (Palais de Longchamp) ve <strong>Su Saray\u0131<\/strong> (Chateau de Eau) olarak da bilinen yerle\u015fke, 1849\u2019da Durance Nehri\u2019nin suyunu kente getirmek i\u00e7in in\u015fa edilen Marsilya Kanal\u0131\u2019n\u0131n ula\u015ft\u0131\u011f\u0131 son noktada bu kanal\u0131n a\u00e7\u0131l\u0131\u015f\u0131n\u0131 kutlamak amac\u0131yla yap\u0131lm\u0131\u015ft\u0131. Saray ve ortas\u0131nda yer alan Su Saray\u0131, asl\u0131nda bir an\u0131t olarak 19. y\u00fczy\u0131l tarihli, T\u00fcrk ve \u0130slam sanat\u0131ndan izler ta\u015f\u0131yan yerle\u015fke i\u00e7erisinde bir g\u00f6zlemevi bulunuyor.<\/p>\n\n\n\n<h3 class=\"wp-block-heading has-text-align-center has-neeon-button-dark-gray-color has-text-color has-link-color wp-elements-985784efb2e2ac4bb8b85b49d40f490c\"><span class=\"ez-toc-section\" id=\"8_marsilya_tarih_muzesi\"><\/span><strong><strong><strong><strong>8. Marsilya Tarih M\u00fczesi<\/strong><\/strong><\/strong><\/strong><span class=\"ez-toc-section-end\"><\/span><\/h3>\n\n\n\n<p>Marsilya ve \u00e7evresinin tarih \u00f6ncesi d\u00f6nemden Gallo-Roma d\u00f6nemine dek uzanan arkeolojik buluntular\u0131n\u0131n sergilendi\u011fi <strong>Marsilya Tarih M\u00fczesi<\/strong> (Mus\u00e9e d\u2019Histoire de Marseille, Marseille History Museum), merdiven ve asans\u00f6rle birbirine ba\u011flanan arkeolojik bah\u00e7e, kal\u0131c\u0131 sergi odalar\u0131, ge\u00e7ici sergi salonlar\u0131 ve oditoryum b\u00f6l\u00fcmlerinden olu\u015fuyor.<\/p>\n\n\n\n<h3 class=\"wp-block-heading has-text-align-center has-neeon-button-dark-gray-color has-text-color has-link-color wp-elements-7042ea02ab99ad57c6c36a2d65704f28\"><span class=\"ez-toc-section\" id=\"9_saint_victor_manastiri\"><\/span><strong><strong><strong><strong>9. Saint Victor Manast\u0131r\u0131<\/strong><\/strong><\/strong><\/strong><span class=\"ez-toc-section-end\"><\/span><\/h3>\n\n\n\n<figure class=\"wp-block-image size-full is-style-default\"><img width=\"800\" height=\"500\" loading=\"lazy\" decoding=\"async\" src=\"data:image\/svg+xml;base64,PHN2ZyB4bWxucz0iaHR0cDovL3d3dy53My5vcmcvMjAwMC9zdmciIHdpZHRoPSI4MDAiIGhlaWdodD0iNTAwIj48cmVjdCB3aWR0aD0iMTAwJSIgaGVpZ2h0PSIxMDAlIj48YW5pbWF0ZSBhdHRyaWJ1dGVOYW1lPSJmaWxsIiB2YWx1ZXM9InJnYmEoMTUzLDE1MywxNTMsMC41KTtyZ2JhKDE1MywxNTMsMTUzLDAuMSk7cmdiYSgxNTMsMTUzLDE1MywwLjUpIiBkdXI9IjJzIiByZXBlYXRDb3VudD0iaW5kZWZpbml0ZSIgLz48L3JlY3Q+PC9zdmc+\" alt=\"saint-victor-manastiri-marsilya\" class=\"wp-post-20438 wp-image-20443\" data-public-id=\"saint-victor-manastiri-marsilya\/saint-victor-manastiri-marsilya.jpg\" data-format=\"jpg\" data-transformations=\"f_auto,q_auto:low\" data-version=\"1641117853\" data-seo=\"1\" data-size=\"800 500\" data-srcset=\"https:\/\/res.cloudinary.com\/turna\/images\/f_auto,q_auto:low\/v1641117853\/saint-victor-manastiri-marsilya\/saint-victor-manastiri-marsilya.jpg?_i=AA 800w, https:\/\/res.cloudinary.com\/turna\/images\/w_300,h_188,c_scale\/f_auto,q_auto:low\/v1641117853\/saint-victor-manastiri-marsilya\/saint-victor-manastiri-marsilya.jpg?_i=AA 300w, https:\/\/res.cloudinary.com\/turna\/images\/w_672,h_420,c_scale\/f_auto,q_auto:low\/v1641117853\/saint-victor-manastiri-marsilya\/saint-victor-manastiri-marsilya.jpg?_i=AA 672w, https:\/\/res.cloudinary.com\/turna\/images\/w_640,h_400,c_scale\/f_auto,q_auto:low\/v1641117853\/saint-victor-manastiri-marsilya\/saint-victor-manastiri-marsilya.jpg?_i=AA 640w, https:\/\/res.cloudinary.com\/turna\/images\/w_681,h_426,c_scale\/f_auto,q_auto:low\/v1641117853\/saint-victor-manastiri-marsilya\/saint-victor-manastiri-marsilya.jpg?_i=AA 681w\" data-sizes=\"(max-width: 800px) 100vw, 800px\" data-delivery=\"upload\" onload=\";window.CLDBind?CLDBind(this):null;\" data-cloudinary=\"lazy\" \/><\/figure>\n\n\n\n<p><strong>Saint Victor Manast\u0131r\u0131<\/strong> (Abbaye Saint-Victor de Marseille), 5. y\u00fczy\u0131l tarihli Fransa\u2019n\u0131n en eski manast\u0131rlar\u0131ndan biri. Helenistik d\u00f6nemden kalma bir ta\u015f oca\u011f\u0131 ve mezar yeri ile yine Hristiyan d\u00f6nemden kalma bir mezarl\u0131k \u00fczerine, 11.y\u00fczy\u0131lda in\u015fa edilen manast\u0131r\u0131n g\u00fcn\u00fcm\u00fczdeki hali ise, 1361\u2019den kalma. Y\u00fczy\u0131llar i\u00e7erisinde depo ve hapishane olarak kullan\u0131lan yap\u0131, g\u00fcn\u00fcm\u00fczde bir\u00e7ok kutsal emanet, sajkofaj, fresk, heykel ve pek \u00e7ok tarihi esere ev sahipli\u011fi yap\u0131yor.<\/p>\n\n\n\n<h3 class=\"wp-block-heading has-text-align-center has-neeon-button-dark-gray-color has-text-color has-link-color wp-elements-6388796c244810a5fd493d90e6cfb6f7\"><span class=\"ez-toc-section\" id=\"10_avrupa-akdeniz_medeniyetler_muzesi\"><\/span><strong><strong><strong><strong>10. Avrupa-Akdeniz Medeniyetler M\u00fczesi<\/strong><\/strong><\/strong><\/strong><span class=\"ez-toc-section-end\"><\/span><\/h3>\n\n\n\n<p>2013\u2019te a\u00e7\u0131lan <strong>Avrupa-Akdeniz Medeniyetler M\u00fczesi<\/strong>, k\u0131saca MuCEM, (Musee des Civilisations de l\u2019Europe et de la Mediterranee) s\u0131ra d\u0131\u015f\u0131 tasar\u0131m\u0131 ile son y\u0131llarda Marsilya\u2019n\u0131n g\u00f6zde turistik adresi. Yap\u0131n\u0131n en ilgin\u00e7 \u00f6zelli\u011fi ise hava durumuna ve g\u00fcn\u00fcn saatine g\u00f6re d\u0131\u015f cephesinin s\u00fcrekli bi\u00e7imde kendili\u011finden renk de\u011fi\u015ftirmesi. <\/p>\n\n\n\n<p>M\u00fcze kompleksi bir k\u00f6pr\u00fc ile Saint Jean Kalesi\u2019ne ba\u011flan\u0131yor. M\u00fczede, etnografinin yan\u0131 s\u0131ra arkeoloji, sanat tarihi, sosyoloji ve politik bilimler dallar\u0131nda da eserler sergileniyor.<\/p>\n\n\n\n<p>Akdeniz\u2019in en tan\u0131nm\u0131\u015f \u015fehri olmas\u0131n\u0131n yan\u0131 s\u0131ra mutfa\u011f\u0131yla da \u00fcnl\u00fc Marsilya, deniz \u00fcr\u00fcnleri a\u011f\u0131rl\u0131kl\u0131 lezzetlere sahip. \u201cBouillabaisse\u201d bal\u0131k \u00e7orbas\u0131 en bilinen yeme\u011fi olan Marsilya mutfa\u011f\u0131n\u0131n, zeytinya\u011fl\u0131 yemekleri, \u00e7orbalar\u0131 ve anason kokulu baharatlar\u0131 ile kentin kendine \u00f6zg\u00fc yerel tatlar\u0131ndan baz\u0131lar\u0131.<\/p>\n\n    <div class=\"xs_social_share_widget xs_share_url after_content \t\tmain_content  wslu-style-1 wslu-share-box-shaped wslu-fill-colored wslu-none wslu-share-horizontal wslu-theme-font-no wslu-main_content\">\n\n\t\t\n        <ul>\n\t\t\t        <\/ul>\n    <\/div> \n","protected":false},"excerpt":{"rendered":"<p>Marsilya, Fransa\u2019n\u0131n ba\u015fkent Paris\u2019ten sonra en b\u00fcy\u00fck ikinci \u015fehri. Avrupa\u2019n\u0131n en eski yerle\u015fim yerlerinden, tam bir Akdeniz kenti olan biri olan Marsilya, denizi, kumsallar\u0131, g\u00fcne\u015fi, hareketli ya\u015fam\u0131 ve tarihle b\u00fct\u00fcnle\u015fen mimarisiyle g\u00f6z kama\u015ft\u0131r\u0131yor. Akdeniz\u2019in \u00f6nemli ticaret limanlar\u0131ndan biri olan Marsilya, La Corniche olarak bilinen sahiliyle g\u00f6z kama\u015ft\u0131ran bir destinasyon. Sahil boyunca s\u0131ralanan ve ge\u00e7mi\u015fte hapishane [&hellip;]<\/p>\n","protected":false},"author":8,"featured_media":20439,"comment_status":"open","ping_status":"open","sticky":false,"template":"","format":"standard","meta":{"rop_custom_images_group":[],"rop_custom_messages_group":[],"rop_publish_now":"initial","rop_publish_now_accounts":[],"rop_publish_now_history":[],"rop_publish_now_status":"pending","_cloudinary_featured_overwrite":false,"footnotes":""},"categories":[101],"tags":[738],"class_list":["post-20438","post","type-post","status-publish","format-standard","has-post-thumbnail","hentry","category-fransa","tag-marsilya"],"_links":{"self":[{"href":"https:\/\/www.turna.com\/blog\/wp-json\/wp\/v2\/posts\/20438","targetHints":{"allow":["GET"]}}],"collection":[{"href":"https:\/\/www.turna.com\/blog\/wp-json\/wp\/v2\/posts"}],"about":[{"href":"https:\/\/www.turna.com\/blog\/wp-json\/wp\/v2\/types\/post"}],"author":[{"embeddable":true,"href":"https:\/\/www.turna.com\/blog\/wp-json\/wp\/v2\/users\/8"}],"replies":[{"embeddable":true,"href":"https:\/\/www.turna.com\/blog\/wp-json\/wp\/v2\/comments?post=20438"}],"version-history":[{"count":0,"href":"https:\/\/www.turna.com\/blog\/wp-json\/wp\/v2\/posts\/20438\/revisions"}],"wp:featuredmedia":[{"embeddable":true,"href":"https:\/\/www.turna.com\/blog\/wp-json\/wp\/v2\/media\/20439"}],"wp:attachment":[{"href":"https:\/\/www.turna.com\/blog\/wp-json\/wp\/v2\/media?parent=20438"}],"wp:term":[{"taxonomy":"category","embeddable":true,"href":"https:\/\/www.turna.com\/blog\/wp-json\/wp\/v2\/categories?post=20438"},{"taxonomy":"post_tag","embeddable":true,"href":"https:\/\/www.turna.com\/blog\/wp-json\/wp\/v2\/tags?post=20438"}],"curies":[{"name":"wp","href":"https:\/\/api.w.org\/{rel}","templated":true}]}}