{"id":20395,"date":"2022-01-13T08:12:00","date_gmt":"2022-01-13T05:12:00","guid":{"rendered":"https:\/\/www.turna.com\/blog\/?p=20395"},"modified":"2025-12-09T15:52:33","modified_gmt":"2025-12-09T12:52:33","slug":"porto-yapilacak-seyler","status":"publish","type":"post","link":"https:\/\/www.turna.com\/blog\/porto-yapilacak-seyler","title":{"rendered":"Porto Yap\u0131lacak \u015eeyler"},"content":{"rendered":"<div id=\"ez-toc-container\" class=\"ez-toc-v2_0_82_2 counter-hierarchy ez-toc-counter ez-toc-black ez-toc-container-direction\">\n<div class=\"ez-toc-title-container\">\n<p class=\"ez-toc-title\" style=\"cursor:inherit\">\u0130\u00e7indekiler<\/p>\n<span class=\"ez-toc-title-toggle\"><a href=\"#\" class=\"ez-toc-pull-right ez-toc-btn ez-toc-btn-xs ez-toc-btn-default ez-toc-toggle\" aria-label=\"\u0130\u00e7indekiler Tablosunu A\u00e7\/Kapat\"><span class=\"ez-toc-js-icon-con\"><span class=\"\"><span class=\"eztoc-hide\" style=\"display:none;\">Toggle<\/span><span class=\"ez-toc-icon-toggle-span\"><svg style=\"fill: #ffffff;color:#ffffff\" xmlns=\"http:\/\/www.w3.org\/2000\/svg\" class=\"list-377408\" width=\"20px\" height=\"20px\" viewBox=\"0 0 24 24\" fill=\"none\"><path d=\"M6 6H4v2h2V6zm14 0H8v2h12V6zM4 11h2v2H4v-2zm16 0H8v2h12v-2zM4 16h2v2H4v-2zm16 0H8v2h12v-2z\" fill=\"currentColor\"><\/path><\/svg><svg style=\"fill: #ffffff;color:#ffffff\" class=\"arrow-unsorted-368013\" xmlns=\"http:\/\/www.w3.org\/2000\/svg\" width=\"10px\" height=\"10px\" viewBox=\"0 0 24 24\" version=\"1.2\" baseProfile=\"tiny\"><path d=\"M18.2 9.3l-6.2-6.3-6.2 6.3c-.2.2-.3.4-.3.7s.1.5.3.7c.2.2.4.3.7.3h11c.3 0 .5-.1.7-.3.2-.2.3-.5.3-.7s-.1-.5-.3-.7zM5.8 14.7l6.2 6.3 6.2-6.3c.2-.2.3-.5.3-.7s-.1-.5-.3-.7c-.2-.2-.4-.3-.7-.3h-11c-.3 0-.5.1-.7.3-.2.2-.3.5-.3.7s.1.5.3.7z\"\/><\/svg><\/span><\/span><\/span><\/a><\/span><\/div>\n<nav><ul class='ez-toc-list ez-toc-list-level-1 eztoc-toggle-hide-by-default' ><li class='ez-toc-page-1 ez-toc-heading-level-2'><a class=\"ez-toc-link ez-toc-heading-1\" href=\"https:\/\/www.turna.com\/blog\/porto-yapilacak-seyler\/#porto_yapilacak_seyler\" >Porto Yap\u0131lacak \u015eeyler<\/a><\/li><li class='ez-toc-page-1 ez-toc-heading-level-2'><a class=\"ez-toc-link ez-toc-heading-2\" href=\"https:\/\/www.turna.com\/blog\/porto-yapilacak-seyler\/#porto_yeme_ve_icme\" >Porto Yeme ve \u0130\u00e7me<\/a><\/li><li class='ez-toc-page-1 ez-toc-heading-level-2'><a class=\"ez-toc-link ez-toc-heading-3\" href=\"https:\/\/www.turna.com\/blog\/porto-yapilacak-seyler\/#porto_alisveris\" >Porto Al\u0131\u015fveri\u015f<\/a><\/li><\/ul><\/nav><\/div>\n\n<p><strong>Porto<\/strong>, \u015farab\u0131, k\u00f6pr\u00fcleri ve manzaras\u0131yla \u00fcnl\u00fc bir Portekiz \u015fehri. G\u00f6steri\u015fli Barok mimarisi, geleneksel restoranlar\u0131 ve Avrupa&#8217;n\u0131n en ilham verici m\u00fcze ve galerilerinden baz\u0131lar\u0131n\u0131n bulundu\u011fu bir \u015fehir, pek \u00e7ok \u015feyi g\u00f6zlerinizin \u00f6n\u00fcne serse de kuytu k\u00f6\u015felerinde de her zaman misafirlerini cezbeden g\u00fczellikler sunar.<\/p>\n\n\n\n<p>Porto, liman b\u00f6lgesine inen sevimli dar sokaklar\u0131, i\u00e7 i\u00e7e ge\u00e7en binalar\u0131, dik patika yollar\u0131 nostaljik bir \u015fehir ruhuna sahip. UNESCO D\u00fcnya Miras\u0131 Listesi&#8217;nde yer alan tarihi eserleri, kula\u011f\u0131n\u0131z\u0131 ok\u015fayan \u00e7an sesleri ve pitoresk nehir manzaras\u0131yla romantizmi ya\u015fat\u0131yor.<\/p>\n\n\n\n<figure class=\"wp-block-image size-full is-style-default\"><img width=\"800\" height=\"500\" data-public-id=\"Porto-Yapilacak-Seyler\/Porto-Yapilacak-Seyler.jpg\" fetchpriority=\"high\" decoding=\"async\" src=\"https:\/\/res.cloudinary.com\/turna\/images\/w_800,h_500,c_scale\/f_auto,q_auto:low\/v1640417287\/Porto-Yapilacak-Seyler\/Porto-Yapilacak-Seyler.jpg?_i=AA\" alt=\"Porto yap\u0131lacak \u015feyler\" class=\"wp-post-20395 wp-image-20402\" data-format=\"jpg\" data-transformations=\"f_auto,q_auto:low\" data-version=\"1640417287\" data-seo=\"1\" srcset=\"https:\/\/res.cloudinary.com\/turna\/images\/f_auto,q_auto:low\/v1640417287\/Porto-Yapilacak-Seyler\/Porto-Yapilacak-Seyler.jpg?_i=AA 800w, https:\/\/res.cloudinary.com\/turna\/images\/w_300,h_188,c_scale\/f_auto,q_auto:low\/v1640417287\/Porto-Yapilacak-Seyler\/Porto-Yapilacak-Seyler.jpg?_i=AA 300w, https:\/\/res.cloudinary.com\/turna\/images\/w_672,h_420,c_scale\/f_auto,q_auto:low\/v1640417287\/Porto-Yapilacak-Seyler\/Porto-Yapilacak-Seyler.jpg?_i=AA 672w, https:\/\/res.cloudinary.com\/turna\/images\/w_640,h_400,c_scale\/f_auto,q_auto:low\/v1640417287\/Porto-Yapilacak-Seyler\/Porto-Yapilacak-Seyler.jpg?_i=AA 640w, https:\/\/res.cloudinary.com\/turna\/images\/w_681,h_426,c_scale\/f_auto,q_auto:low\/v1640417287\/Porto-Yapilacak-Seyler\/Porto-Yapilacak-Seyler.jpg?_i=AA 681w\" sizes=\"(max-width: 800px) 100vw, 800px\" \/><\/figure>\n\n\n\n<p>Renkleriyle g\u00f6zleri \u00fczerine \u00e7eken desenli vitraylarla s\u00fcslenen ta\u015f binalar\u0131, Porto \u015farab\u0131 ve tarihi binalar\u0131yla Porto, tarih ve sanat derslerinin canl\u0131 bir \u00f6rne\u011fi. Ayn\u0131 zamanda ziyaret\u00e7ilerini okyanus ile bulu\u015fturan ince kumlu sahilleri ile Porto, her ge\u00e7en y\u0131l giderek daha da pop\u00fcler bir turistik destinasyon h\u00e2line geliyor.<\/p>\n\n\n\n<p>Porto, kendi ad\u0131yla an\u0131lan \u015farab\u0131yla d\u00fcnyaya nam salm\u0131\u015f bir \u015fehir. 15. y\u00fczy\u0131ldan bu yana, <strong>Douro Nehri<\/strong> boyunca uzanan vadide yeti\u015ftirilen \u00fcz\u00fcmlerden yap\u0131lan Porto \u015faraplar\u0131n\u0131n kalitesi on sekizinci y\u00fczy\u0131lda \u00e7\u0131kar\u0131lan bir kanunla koruma alt\u0131na al\u0131nm\u0131\u015f.<\/p>\n\n\n\n<p>Bir festival kenti olarak da tan\u0131mlanan Porto, \u00f6zellikle on ikinci y\u00fczy\u0131ldan bu yana \u00fclkede Katolikli\u011fin merkezi haline gelen \u015fehrin bahar festivalleri \u00e7ok \u00fcnl\u00fc.<\/p>\n\n\n\n<p>Okyanusun u\u00e7suz bucaks\u0131z mavili\u011fi, sal\u0131na sal\u0131na akan Douro Nehri\u2019nin sakinli\u011fi, k\u00fc\u00e7\u00fck liman\u0131n g\u00f6z al\u0131c\u0131l\u0131\u011f\u0131, h\u00fcz\u00fcnl\u00fc Portekiz m\u00fczi\u011fi <strong>Fado<\/strong> ve bir yudum \u015farap, Porto&#8217;da a\u015fk\u0131 ve romantizmi ya\u015fatan en g\u00fczel anlar. Sahil \u015feridi ve \u00f6zellikle Ribeira&#8217;n\u0131n k\u0131y\u0131s\u0131ndaki restoran ve barlar da yine romantik saatler ge\u00e7irmek i\u00e7in birebir.<\/p>\n\n\n\n<p>Porto&#8217;nun gezilip g\u00f6r\u00fclecek pek \u00e7ok yeri bulunuyor. Bunlar\u0131n ba\u015f\u0131nda Ribeira ve Foz geliyor. Douro Nehri boyunca bir\u00e7ok k\u00f6pr\u00fc bulundu\u011fu Porto\u2019da, Eyfel Kulesi&#8217;in mimar\u0131 Gustave Eiffel taraf\u0131ndan 1877&#8217;de yap\u0131lan Maria Pia K\u00f6pr\u00fcs\u00fc, en \u00fcnl\u00fcs\u00fc.<\/p>\n\n\n\n<p>Ribeira B\u00f6lgesi, kentin UNESCO D\u00fcnya Miras\u0131 Listesinde yer alan d\u00fcnyaca \u00fcnl\u00fc tarihi merkezi. Douro Nehrinin kenar\u0131nda yer alan Ribeira, birbirine biti\u015fik rengarenk evleri, evlerin alt\u0131ndaki kafeleri, restoranlar\u0131 ve minik hediyelik e\u015fya d\u00fckk\u00e2nlar\u0131 ile c\u0131v\u0131l c\u0131v\u0131l, ziyaret\u00e7ilerine g\u00fcn\u00fcn her saati keyifli saatler ya\u015fat\u0131yor. Bu b\u00f6lgede S\u00e9 Katedrali, Portekiz Foto\u011fraf\u00e7\u0131l\u0131k Merkezi, Borsa Saray\u0131 ile Cl\u00e9rigos Kulesi ve Cl\u00e9rigos Kilisesi yer al\u0131yor.<\/p>\n\n\n\n<p>\u015eehirdeki \u00f6nemli yap\u0131lar aras\u0131nda ise 12. y\u00fczy\u0131lda yap\u0131lan katedral, Romanesk ve Erken Gotik \u00fcsluptaki Sao Martinho de Cedofieta Kilisesi, denizciler i\u00e7in i\u015faret yeri i\u015flevini g\u00f6ren 74 metre y\u00fcksekli\u011findeki granit Clerigos Kulesi ve 1410\u2019da yap\u0131lan Gotik Sao Francisco Kilisesi yer al\u0131yor.<\/p>\n\n\n\n<p>Porto&#8217;nun en b\u00fcy\u00fck meydan\u0131 olan Aliados Meydan\u0131, 1900&#8217;lerden bu yana hizmet veren Lello Kitap\u00e7\u0131s\u0131 ise mutlaka g\u00f6r\u00fclmeli.<\/p>\n\n\n\n<p>Ayr\u0131ca bir as\u0131rl\u0131k tarihe sahip Mercado do Bolhao adl\u0131 halk pazar\u0131n\u0131 gezmeyi ve kent merkezindeki tarihi gardan \u015fehrin i\u00e7 k\u0131s\u0131mlar\u0131na do\u011fru giden trenle bir Douro Nehri Turu yapmadan d\u00f6nmeyin.<\/p>\n\n\n\n<p>Nehir boyunca giden trenle istedi\u011finiz istasyonda inip oradaki k\u00fc\u00e7\u00fck kasabalarda gezip, y\u00f6renin \u015faraplar\u0131n\u0131 tadabilirsiniz. Porto, t\u00fcm gezilecek yerlerinin yan\u0131 s\u0131ra, g\u00fczel bir sahil kenti. Yaz aylar\u0131nda Porto\u2019daysan\u0131z, \u015fehir merkezinden birka\u00e7 kilometre uzakl\u0131ktaki Atlantik Okyanusu kenar\u0131nda yer alan Foz B\u00f6lgesi denizin keyfini \u00e7\u0131karmak i\u00e7in ideal.<\/p>\n\n\n\n<p>Gotik, Manuelin ve Romaneks tarz\u0131 mimariyle in\u015fa edilen Se do Porto (Porto Katedrali), \u015fehrin en eski mimari yap\u0131lar\u0131ndan biri. 12. y\u00fczy\u0131l zaman\u0131nda Hristiyan Ha\u00e7l\u0131lar taraf\u0131ndan yap\u0131lan bu katedrale gitti\u011finizde, yap\u0131ya bamba\u015fka bir hava katan vitray ve seramik s\u00fcslemeleri de g\u00f6r\u00fcn.<\/p>\n\n\n\n<figure class=\"wp-block-image size-full is-style-default\"><img width=\"800\" height=\"500\" data-public-id=\"Se-Kathedrali-Porto\/Se-Kathedrali-Porto.jpg\" decoding=\"async\" src=\"https:\/\/res.cloudinary.com\/turna\/images\/w_800,h_500,c_scale\/f_auto,q_auto:low\/v1640417239\/Se-Kathedrali-Porto\/Se-Kathedrali-Porto.jpg?_i=AA\" alt=\"Porto yap\u0131lacak \u015feyler\" class=\"wp-post-20395 wp-image-20401\" data-format=\"jpg\" data-transformations=\"f_auto,q_auto:low\" data-version=\"1640417239\" data-seo=\"1\" srcset=\"https:\/\/res.cloudinary.com\/turna\/images\/f_auto,q_auto:low\/v1640417239\/Se-Kathedrali-Porto\/Se-Kathedrali-Porto.jpg?_i=AA 800w, https:\/\/res.cloudinary.com\/turna\/images\/w_300,h_188,c_scale\/f_auto,q_auto:low\/v1640417239\/Se-Kathedrali-Porto\/Se-Kathedrali-Porto.jpg?_i=AA 300w, https:\/\/res.cloudinary.com\/turna\/images\/w_672,h_420,c_scale\/f_auto,q_auto:low\/v1640417239\/Se-Kathedrali-Porto\/Se-Kathedrali-Porto.jpg?_i=AA 672w, https:\/\/res.cloudinary.com\/turna\/images\/w_640,h_400,c_scale\/f_auto,q_auto:low\/v1640417239\/Se-Kathedrali-Porto\/Se-Kathedrali-Porto.jpg?_i=AA 640w, https:\/\/res.cloudinary.com\/turna\/images\/w_681,h_426,c_scale\/f_auto,q_auto:low\/v1640417239\/Se-Kathedrali-Porto\/Se-Kathedrali-Porto.jpg?_i=AA 681w\" sizes=\"(max-width: 800px) 100vw, 800px\" \/><\/figure>\n\n\n\n<h2 class=\"wp-block-heading has-text-align-center has-neeon-button-dark-gray-color has-text-color has-link-color wp-elements-89d7d903a5df9afec5587ed48e2e113d\"><span class=\"ez-toc-section\" id=\"porto_yapilacak_seyler\"><\/span><strong><strong><strong><strong>Porto Yap\u0131lacak \u015eeyler<\/strong><\/strong><\/strong><\/strong><span class=\"ez-toc-section-end\"><\/span><\/h2>\n\n\n\n<p>Porto\u2019nun \u00f6nemli sembollerinden biri olan Gaia Teleferi\u011fi ile, Gaia B\u00f6lgesini ve Douro Nehri\u2019nin g\u00fczelli\u011fini ku\u015fbak\u0131\u015f\u0131 izleyin.<\/p>\n\n\n\n<p>Ribeira, Gaia ve k\u00f6pr\u00fclerin keyfini \u00e7\u0131karmak i\u00e7in Douro Nehri\u2019ndeki tekne turlar\u0131na kat\u0131l\u0131n.<\/p>\n\n\n\n<p>Duoro Vadisi\u2019nde (Vinho do Porto) d\u00fcnyaca \u00fcnl\u00fc Porto \u015farab\u0131n\u0131 tad\u0131m turlar\u0131na kat\u0131l\u0131n.<\/p>\n\n\n\n<p>Porto&#8217;nun en \u00f6nemli simgelerinden Luis I K\u00f6pr\u00fcs\u00fc\u2019nden g\u00fcnbat\u0131m\u0131n\u0131 izleyin.<\/p>\n\n\n\n<p>\u015ea\u015f\u0131rt\u0131c\u0131 mimarisiyle dikkat \u00e7eken \u00e7ok ama\u00e7l\u0131 m\u00fczik merkezi Casa da Musica\u2019y\u0131 gezin.<\/p>\n\n\n\n<p>Duoro Nehri kenar\u0131nda morina bal\u0131\u011f\u0131 yiyin.<\/p>\n\n\n\n<p>Atlantik Okyanusu kenar\u0131ndaki kumsallarda deniz ve g\u00fcne\u015fin keyfini \u00e7\u0131kar\u0131n.<\/p>\n\n\n\n<p>\u015earap M\u00fczesinde Porto \u015farab\u0131n\u0131n hikayesini \u00f6\u011frenin.<\/p>\n\n\n\n<p>Fado g\u00f6sterilerinde b\u00fcy\u00fclenin.<\/p>\n\n\n\n<p>Porto \u00fcnl\u00fc festivallerinden birine kat\u0131l\u0131n.<\/p>\n\n\n\n<h2 class=\"wp-block-heading has-text-align-center has-neeon-button-dark-gray-color has-text-color has-link-color wp-elements-9b61db2322eda548e555582037cca289\"><span class=\"ez-toc-section\" id=\"porto_yeme_ve_icme\"><\/span><strong><strong><strong><strong>Porto Yeme ve \u0130\u00e7me<\/strong><\/strong><\/strong><\/strong><span class=\"ez-toc-section-end\"><\/span><\/h2>\n\n\n\n<p>Porto mutfa\u011f\u0131 genel \u00f6zellikleri ile Akdeniz mutfa\u011f\u0131n\u0131n \u00f6zelliklerini ta\u015f\u0131yan, yo\u011fun baharatl\u0131 lezzetlere sahip. K\u0131rm\u0131z\u0131biber, karabiber, tar\u00e7\u0131n, vanilya ve safran\u0131n s\u0131k\u00e7a kullan\u0131ld\u0131\u011f\u0131 Porto mutfa\u011f\u0131nda, zeytinya\u011f\u0131, ki\u015fni\u015f, sar\u0131msak ve maydanoz da Porto yemeklerinde kullan\u0131l\u0131yor.<\/p>\n\n\n\n<p>Zengin bal\u0131k ve deniz \u00fcr\u00fcn\u00fc spesiyalleri, aromatik etli yahnileri hem g\u00f6ze hem mideye hitap eden tatl\u0131lar\u0131 ve \u00fcn\u00fc d\u00fcnyaya yay\u0131lm\u0131\u015f \u015faraplar\u0131 ile ziyaret\u00e7ilerine tam bir \u015f\u00f6len vadediyor.<\/p>\n\n\n\n<p>Di\u011fer yandan gastronomi d\u00fc\u015fk\u00fcnlerinin Portekiz\u2019de ziyaret edebilecekleri en ideal gezi rotas\u0131 Porto. \u00d6yle ki, Portekizliler de \u00fclkede en iyi yeme\u011fin Porto\u2019da yenebilece\u011fi konusunda hemfikirler. Porto mutfa\u011f\u0131n\u0131n temel yemekleri tripas \u00e0 moda do Porto, bacalhau, a\u00e7orda de mariscos, caldeirada, arroz de marisco ve caldo verde.<\/p>\n\n\n\n<p>Safranl\u0131 bir kek olan biscoito da teixeira da, Porto\u2019nun geleneksel tatl\u0131s\u0131 olmakla birlikte, en me\u015fhur tatl\u0131lar barriga de freira, papos de anjo, toucinho do c\u00e9u, pastel de nata, p\u00e3o de castela, leitaria da quinta do pa\u00e7o.<\/p>\n\n\n\n<p>Porto\u2019nun d\u00fcnyaca \u00fcnl\u00fc sandvi\u00e7lerden biri olarak g\u00f6sterilen francesinha ise yaln\u0131zca Porto\u2019da yiyebilece\u011finiz bir sandvi\u00e7. Porto mutfa\u011f\u0131n\u0131n y\u0131ld\u0131z\u0131 olan bu sandvi\u00e7in \u00fczeri erimi\u015f peynir ile kaplan\u0131r ve servis edilirken, domates p\u00fcresi ve bira ile haz\u0131rlanan \u00f6zel bir sos i\u00e7erisinde yan\u0131nda patates k\u0131zartmas\u0131 ile sunuluyor.<\/p>\n\n\n\n<p>Porto\u2019nun di\u011fer pop\u00fcler at\u0131\u015ft\u0131rmal\u0131klar\u0131 mista-ham, chouri\u00e7o ve prego no p\u00e3o da sa\u011fl\u0131kl\u0131 oldu\u011fu kadar lezzetli alternatifler.<\/p>\n\n\n\n<p>Ke\u00e7i s\u00fct\u00fcnden \u00fcretilen yerel peynir t\u00fcr\u00fc queijo da Serra ise s\u0131kl\u0131kla Porto \u015farab\u0131n\u0131n yan\u0131nda at\u0131\u015ft\u0131rmal\u0131k olarak t\u00fcketiliyor. D\u00fcnya \u00e7ap\u0131nda b\u00fcy\u00fck bir \u00fcne sahip olan Porto \u015faraplar\u0131 ile Ginja ad\u0131 verilen vi\u015fne lik\u00f6r\u00fc Portekizlilerin milli i\u00e7eceklerinden.<\/p>\n\n\n\n<p>Aguardente ise \u015feker kam\u0131\u015f\u0131ndan \u00fcretilen votka benzeri alkoll\u00fc bir i\u00e7ecek. Alkols\u00fcz olarak en \u00e7ok t\u00fcketilen i\u00e7eceklerin ba\u015f\u0131nda da espresso, pingo ve meia de leite gibi kahve \u00e7e\u015fitleri geliyor.<\/p>\n\n\n\n<p>Porto\u2019nun en l\u00fcks restoranlar\u0131, Porto de Leix\u00f5es ve Matosinhos\u2019da yer al\u0131yor. Rua de Santa Catarina\u2019daki Majestic ile Avenida da Boavista\u2019da Bull&amp;Bear ise atmosferinin yan\u0131nda yemekleri ve Porto \u015faraplar\u0131yla fazlas\u0131yla tatmin edici.<\/p>\n\n\n\n<p>Porto\u2019nun en canl\u0131 yerlerinden olan Riberia\u2019daki Casa Aleixo ve Chez Lapin restoranlar\u0131 da, daha uygun fiyatl\u0131 ancak olduk\u00e7a lezzetli adresler.<\/p>\n\n\n\n<p>Rua da Alegria\u2019da bir otel olan Portucale\u2019in restoran\u0131 da leziz yemeklerinin yan\u0131nda muhte\u015fem \u015fehir bir manzaras\u0131 sunuyor. Porto\u2019da kek ve pasta yap\u0131m\u0131nda \u00e7ok \u00fcnl\u00fc bir kafede kahvenizle birlikte a\u011fz\u0131n\u0131z\u0131 tatland\u0131rmak isterseniz Rua Formosa\u2019da bulunan Confeitaria Do Bolhao olduk\u00e7a tatmin edici.<\/p>\n\n\n\n<p>Porto\u2019nun en \u00fcnl\u00fc gece kul\u00fcb\u00fc ve barlar\u0131ndan biri olan Maus Habitos ile tam bir \u015farap tad\u0131m bar\u0131 Solar Do Vinho Do Porto hem yemek yiyebilece\u011finiz hem de gece hayat\u0131 i\u00e7in bir numaral\u0131 adresler.<\/p>\n\n\n\n<p>Douro Vadisi\u2019nde \u015farap tatmak isterseniz, Rua do Barreiro\u2019daki O Lagar\u2019da geleneksel Portekiz mutfa\u011f\u0131n\u0131n yemeklerini de tadabilirsiniz. Yine Douro Vadisi\u2019ndeki restoranlardan biri olan Restaurante Douro In de, b\u00f6lgenin yemek ve \u015farap a\u00e7\u0131s\u0131ndan en iyi \u00fcr\u00fcnlerini sunuyor.<\/p>\n\n\n\n<figure class=\"wp-block-image size-full is-style-default\"><img width=\"800\" height=\"500\" data-public-id=\"porto-yapilacak-seyler_2041696064\/porto-yapilacak-seyler_2041696064.jpg\" decoding=\"async\" src=\"https:\/\/res.cloudinary.com\/turna\/images\/w_800,h_500,c_scale\/f_auto,q_auto:low\/v1641109941\/porto-yapilacak-seyler_2041696064\/porto-yapilacak-seyler_2041696064.jpg?_i=AA\" alt=\"Porto\" class=\"wp-post-20395 wp-image-20416\" data-format=\"jpg\" data-transformations=\"f_auto,q_auto:low\" data-version=\"1641109941\" data-seo=\"1\" srcset=\"https:\/\/res.cloudinary.com\/turna\/images\/f_auto,q_auto:low\/v1641109941\/porto-yapilacak-seyler_2041696064\/porto-yapilacak-seyler_2041696064.jpg?_i=AA 800w, https:\/\/res.cloudinary.com\/turna\/images\/w_300,h_188,c_scale\/f_auto,q_auto:low\/v1641109941\/porto-yapilacak-seyler_2041696064\/porto-yapilacak-seyler_2041696064.jpg?_i=AA 300w, https:\/\/res.cloudinary.com\/turna\/images\/w_672,h_420,c_scale\/f_auto,q_auto:low\/v1641109941\/porto-yapilacak-seyler_2041696064\/porto-yapilacak-seyler_2041696064.jpg?_i=AA 672w, https:\/\/res.cloudinary.com\/turna\/images\/w_640,h_400,c_scale\/f_auto,q_auto:low\/v1641109941\/porto-yapilacak-seyler_2041696064\/porto-yapilacak-seyler_2041696064.jpg?_i=AA 640w, https:\/\/res.cloudinary.com\/turna\/images\/w_681,h_426,c_scale\/f_auto,q_auto:low\/v1641109941\/porto-yapilacak-seyler_2041696064\/porto-yapilacak-seyler_2041696064.jpg?_i=AA 681w\" sizes=\"(max-width: 800px) 100vw, 800px\" \/><\/figure>\n\n\n\n<h2 class=\"wp-block-heading has-text-align-center has-neeon-button-dark-gray-color has-text-color has-link-color wp-elements-044bc07956ac8dfb07e817487fa8a48b\"><span class=\"ez-toc-section\" id=\"porto_alisveris\"><\/span><strong><strong><strong><strong>Porto Al\u0131\u015fveri\u015f<\/strong><\/strong><\/strong><\/strong><span class=\"ez-toc-section-end\"><\/span><\/h2>\n\n\n\n<p>Bu g\u00fczel kentten alabilece\u011finiz yerel \u00fcr\u00fcnler aras\u0131nda, \u015farap, mavi ve beyaz renklerde seramik e\u015fyalar, el i\u015fi tekstil \u00fcr\u00fcnleri, dantel kuma\u015flar, antikalar, el dokumas\u0131 kilimler ve \u015farap sunumunda kullan\u0131lan kadeh ve karaf tak\u0131mlar\u0131 bulunuyor.<\/p>\n\n\n\n<p>Porto\u2019da al\u0131\u015fveri\u015f deneyimi ya\u015famak isterseniz, Rua de Santa Catarina, Rua Cedofeita, Rua da Bombarda ve Rua Nova da Alf\u00e2ndega caddeleri ile Bolh\u00e3o ve Boavista b\u00f6lgeleri akla ilk gelen semtler. Rua de Santa Catarina ve Rua da Bombarda Caddeleri, \u0131\u015f\u0131lt\u0131l\u0131 moda butikleri ve giyim ma\u011fazalar\u0131 ile \u00fcnl\u00fc.<\/p>\n\n\n\n<p>Rua Nova da Alf\u00e2ndega Caddesi ise sahaflara ve modern kitap\u00e7\u0131lara ev sahipli\u011fi yap\u0131yor. Rua de Santa Catarina ve Rua C\u00e2ndido dos Reis Caddeleri ile Pra\u00e7a das Cardosas Meydan\u0131 \u00fczerinde ise hafta i\u00e7i g\u00fcnler taze meyve sebze, el i\u015fi ve antika pazarlar\u0131 kuruluyor.<\/p>\n\n\n\n<p>Porto\u2019nun en prestijli ve pop\u00fcler al\u0131\u015fveri\u015f merkezleri aras\u0131nda ise Rua de Santa Catarina Caddesi \u00fczerindeki Via Catarina, Rua do Bom Successo Caddesi\u2019ndeki Centro Comercial Cidade de Porto ve Gaia semtindeki Gaia Shopping and Mar Shopping yer al\u0131yor. Gaia b\u00f6lgesi ise \u00f6zellikle \u015farap yap\u0131m at\u00f6lyeleriyle \u00fcnl\u00fc.<\/p>\n\n\n\n<p>En ucuz <a href=\"https:\/\/www.turna.com\/ucak-bileti\/porto\">Porto u\u00e7ak bileti<\/a> i\u00e7in turna.com sayfas\u0131n\u0131 ziyaret edin. Geli\u015fmi\u015f arama teknolojisi, g\u00fcvenli \u00f6deme,  y\u00fczde 90&#8217;a varan iade garantisi ve daha fazla turna.com sayfalar\u0131nda.<\/p>\n\n    <div class=\"xs_social_share_widget xs_share_url after_content \t\tmain_content  wslu-style-1 wslu-share-box-shaped wslu-fill-colored wslu-none wslu-share-horizontal wslu-theme-font-no wslu-main_content\">\n\n\t\t\n        <ul>\n\t\t\t        <\/ul>\n    <\/div> \n","protected":false},"excerpt":{"rendered":"<p>Porto, \u015farab\u0131, k\u00f6pr\u00fcleri ve manzaras\u0131yla \u00fcnl\u00fc bir Portekiz \u015fehri. G\u00f6steri\u015fli Barok mimarisi, geleneksel restoranlar\u0131 ve Avrupa&#8217;n\u0131n en ilham verici m\u00fcze ve galerilerinden baz\u0131lar\u0131n\u0131n bulundu\u011fu bir \u015fehir, pek \u00e7ok \u015feyi g\u00f6zlerinizin \u00f6n\u00fcne serse de kuytu k\u00f6\u015felerinde de her zaman misafirlerini cezbeden g\u00fczellikler sunar. Porto, liman b\u00f6lgesine inen sevimli dar sokaklar\u0131, i\u00e7 i\u00e7e ge\u00e7en binalar\u0131, dik patika [&hellip;]<\/p>\n","protected":false},"author":14,"featured_media":20416,"comment_status":"open","ping_status":"open","sticky":false,"template":"","format":"standard","meta":{"rop_custom_images_group":[],"rop_custom_messages_group":[],"rop_publish_now":"initial","rop_publish_now_accounts":[],"rop_publish_now_history":[],"rop_publish_now_status":"pending","_cloudinary_featured_overwrite":false,"footnotes":""},"categories":[508],"tags":[510,1206],"class_list":["post-20395","post","type-post","status-publish","format-standard","has-post-thumbnail","hentry","category-portekiz","tag-portekiz","tag-porto"],"_links":{"self":[{"href":"https:\/\/www.turna.com\/blog\/wp-json\/wp\/v2\/posts\/20395","targetHints":{"allow":["GET"]}}],"collection":[{"href":"https:\/\/www.turna.com\/blog\/wp-json\/wp\/v2\/posts"}],"about":[{"href":"https:\/\/www.turna.com\/blog\/wp-json\/wp\/v2\/types\/post"}],"author":[{"embeddable":true,"href":"https:\/\/www.turna.com\/blog\/wp-json\/wp\/v2\/users\/14"}],"replies":[{"embeddable":true,"href":"https:\/\/www.turna.com\/blog\/wp-json\/wp\/v2\/comments?post=20395"}],"version-history":[{"count":0,"href":"https:\/\/www.turna.com\/blog\/wp-json\/wp\/v2\/posts\/20395\/revisions"}],"wp:featuredmedia":[{"embeddable":true,"href":"https:\/\/www.turna.com\/blog\/wp-json\/wp\/v2\/media\/20416"}],"wp:attachment":[{"href":"https:\/\/www.turna.com\/blog\/wp-json\/wp\/v2\/media?parent=20395"}],"wp:term":[{"taxonomy":"category","embeddable":true,"href":"https:\/\/www.turna.com\/blog\/wp-json\/wp\/v2\/categories?post=20395"},{"taxonomy":"post_tag","embeddable":true,"href":"https:\/\/www.turna.com\/blog\/wp-json\/wp\/v2\/tags?post=20395"}],"curies":[{"name":"wp","href":"https:\/\/api.w.org\/{rel}","templated":true}]}}