{"id":20011,"date":"2021-11-08T08:21:00","date_gmt":"2021-11-08T05:21:00","guid":{"rendered":"https:\/\/www.turna.com\/blog\/?p=20011"},"modified":"2024-09-12T09:47:03","modified_gmt":"2024-09-12T06:47:03","slug":"fatih-gezilecek-yerler","status":"publish","type":"post","link":"https:\/\/www.turna.com\/blog\/fatih-gezilecek-yerler","title":{"rendered":"Fatih Gezilecek Yerler"},"content":{"rendered":"<div id=\"ez-toc-container\" class=\"ez-toc-v2_0_82_2 counter-hierarchy ez-toc-counter ez-toc-black ez-toc-container-direction\">\n<div class=\"ez-toc-title-container\">\n<p class=\"ez-toc-title\" style=\"cursor:inherit\">\u0130\u00e7indekiler<\/p>\n<span class=\"ez-toc-title-toggle\"><a href=\"#\" class=\"ez-toc-pull-right ez-toc-btn ez-toc-btn-xs ez-toc-btn-default ez-toc-toggle\" aria-label=\"\u0130\u00e7indekiler Tablosunu A\u00e7\/Kapat\"><span class=\"ez-toc-js-icon-con\"><span class=\"\"><span class=\"eztoc-hide\" style=\"display:none;\">Toggle<\/span><span class=\"ez-toc-icon-toggle-span\"><svg style=\"fill: #ffffff;color:#ffffff\" xmlns=\"http:\/\/www.w3.org\/2000\/svg\" class=\"list-377408\" width=\"20px\" height=\"20px\" viewBox=\"0 0 24 24\" fill=\"none\"><path d=\"M6 6H4v2h2V6zm14 0H8v2h12V6zM4 11h2v2H4v-2zm16 0H8v2h12v-2zM4 16h2v2H4v-2zm16 0H8v2h12v-2z\" fill=\"currentColor\"><\/path><\/svg><svg style=\"fill: #ffffff;color:#ffffff\" class=\"arrow-unsorted-368013\" xmlns=\"http:\/\/www.w3.org\/2000\/svg\" width=\"10px\" height=\"10px\" viewBox=\"0 0 24 24\" version=\"1.2\" baseProfile=\"tiny\"><path d=\"M18.2 9.3l-6.2-6.3-6.2 6.3c-.2.2-.3.4-.3.7s.1.5.3.7c.2.2.4.3.7.3h11c.3 0 .5-.1.7-.3.2-.2.3-.5.3-.7s-.1-.5-.3-.7zM5.8 14.7l6.2 6.3 6.2-6.3c.2-.2.3-.5.3-.7s-.1-.5-.3-.7c-.2-.2-.4-.3-.7-.3h-11c-.3 0-.5.1-.7.3-.2.2-.3.5-.3.7s.1.5.3.7z\"\/><\/svg><\/span><\/span><\/span><\/a><\/span><\/div>\n<nav><ul class='ez-toc-list ez-toc-list-level-1 eztoc-toggle-hide-by-default' ><li class='ez-toc-page-1 ez-toc-heading-level-2'><a class=\"ez-toc-link ez-toc-heading-1\" href=\"https:\/\/www.turna.com\/blog\/fatih-gezilecek-yerler\/#fatih_gezilecek_yerler\" >Fatih Gezilecek Yerler<\/a><ul class='ez-toc-list-level-3' ><li class='ez-toc-heading-level-3'><a class=\"ez-toc-link ez-toc-heading-2\" href=\"https:\/\/www.turna.com\/blog\/fatih-gezilecek-yerler\/#1_fatih_camii\" >1. Fatih Camii<\/a><\/li><li class='ez-toc-page-1 ez-toc-heading-level-3'><a class=\"ez-toc-link ez-toc-heading-3\" href=\"https:\/\/www.turna.com\/blog\/fatih-gezilecek-yerler\/#2_fatih_sultan_mehmet_han_turbesi\" >2. Fatih Sultan Mehmet Han T\u00fcrbesi<\/a><\/li><li class='ez-toc-page-1 ez-toc-heading-level-3'><a class=\"ez-toc-link ez-toc-heading-4\" href=\"https:\/\/www.turna.com\/blog\/fatih-gezilecek-yerler\/#3_fatih_kadinlar_pazari\" >3. Fatih Kad\u0131nlar Pazar\u0131<\/a><\/li><li class='ez-toc-page-1 ez-toc-heading-level-3'><a class=\"ez-toc-link ez-toc-heading-5\" href=\"https:\/\/www.turna.com\/blog\/fatih-gezilecek-yerler\/#4_fatih_at_pazari\" >4. Fatih At Pazar\u0131<\/a><\/li><li class='ez-toc-page-1 ez-toc-heading-level-3'><a class=\"ez-toc-link ez-toc-heading-6\" href=\"https:\/\/www.turna.com\/blog\/fatih-gezilecek-yerler\/#5_mesih_ali_pasa_camii\" >5. Mesih Ali Pa\u015fa Camii<\/a><\/li><li class='ez-toc-page-1 ez-toc-heading-level-3'><a class=\"ez-toc-link ez-toc-heading-7\" href=\"https:\/\/www.turna.com\/blog\/fatih-gezilecek-yerler\/#6_hirka-i_serif_camii\" >6. H\u0131rka-i \u015eerif Camii<\/a><\/li><li class='ez-toc-page-1 ez-toc-heading-level-3'><a class=\"ez-toc-link ez-toc-heading-8\" href=\"https:\/\/www.turna.com\/blog\/fatih-gezilecek-yerler\/#7_tarihi_mimar_sinan_mescidi\" >7. Tarihi Mimar Sinan Mescidi<\/a><\/li><li class='ez-toc-page-1 ez-toc-heading-level-3'><a class=\"ez-toc-link ez-toc-heading-9\" href=\"https:\/\/www.turna.com\/blog\/fatih-gezilecek-yerler\/#8_fatih_kebapcilar_sokagi\" >8. Fatih Kebap\u00e7\u0131lar Soka\u011f\u0131<\/a><\/li><\/ul><\/li><\/ul><\/nav><\/div>\n\n<p><strong>Fatih<\/strong>, \u0130stanbul&#8217;un ilk kurulmaya ba\u015fland\u0131\u011f\u0131 semt. Fatih, Do\u011fu Roma \u0130mparatorlu\u011fu d\u00f6neminde de en \u00f6nemli yerle\u015fim yerlerinden biriydi. Bozdo\u011fan Kemeri ile \u0130stanbul\u2019un di\u011fer semtlerinden ayr\u0131lan b\u00f6lge, suri\u00e7i olarak da adland\u0131r\u0131l\u0131yor.<\/p>\n\n\n\n<p>\u0130stanbul\u2019un en eski semtlerinden biri olan Fatih, bir \u00e7ok tarihi yap\u0131y\u0131 i\u00e7inde bar\u0131nd\u0131r\u0131yor. Fevzi Pa\u015fa Caddesi, Fatih\u2019teki en \u00f6nemli caddelerden birisi. Burada bir \u00e7ok ma\u011faza, restoran ve kafe var.<\/p>\n\n\n\n<h2 class=\"wp-block-heading\"><span class=\"ez-toc-section\" id=\"fatih_gezilecek_yerler\"><\/span><strong>Fatih Gezilecek Yerler<\/strong><span class=\"ez-toc-section-end\"><\/span><\/h2>\n\n\n\n<h3 class=\"wp-block-heading\"><span class=\"ez-toc-section\" id=\"1_fatih_camii\"><\/span><meta charset=\"utf-8\"><strong>1. Fatih Camii<\/strong><span class=\"ez-toc-section-end\"><\/span><\/h3>\n\n\n\n<figure class=\"wp-block-image size-full is-style-default\"><img width=\"800\" height=\"500\" data-public-id=\"fatih-gezilecek-yerler\/fatih-gezilecek-yerler.jpg\" fetchpriority=\"high\" decoding=\"async\" src=\"https:\/\/res.cloudinary.com\/turna\/images\/w_800,h_500,c_scale\/f_auto,q_auto:low\/v1633513936\/fatih-gezilecek-yerler\/fatih-gezilecek-yerler.jpg?_i=AA\" alt=\"fatih gezilecek yerler\" class=\"wp-post-20011 wp-image-20057\" data-format=\"jpg\" data-transformations=\"f_auto,q_auto:low\" data-version=\"1633513936\" data-seo=\"1\" srcset=\"https:\/\/res.cloudinary.com\/turna\/images\/f_auto,q_auto:low\/v1633513936\/fatih-gezilecek-yerler\/fatih-gezilecek-yerler.jpg?_i=AA 800w, https:\/\/res.cloudinary.com\/turna\/images\/w_300,h_188,c_scale\/f_auto,q_auto:low\/v1633513936\/fatih-gezilecek-yerler\/fatih-gezilecek-yerler.jpg?_i=AA 300w, https:\/\/res.cloudinary.com\/turna\/images\/w_672,h_420,c_scale\/f_auto,q_auto:low\/v1633513936\/fatih-gezilecek-yerler\/fatih-gezilecek-yerler.jpg?_i=AA 672w, https:\/\/res.cloudinary.com\/turna\/images\/w_640,h_400,c_scale\/f_auto,q_auto:low\/v1633513936\/fatih-gezilecek-yerler\/fatih-gezilecek-yerler.jpg?_i=AA 640w, https:\/\/res.cloudinary.com\/turna\/images\/w_681,h_426,c_scale\/f_auto,q_auto:low\/v1633513936\/fatih-gezilecek-yerler\/fatih-gezilecek-yerler.jpg?_i=AA 681w\" sizes=\"(max-width: 800px) 100vw, 800px\" \/><\/figure>\n\n\n\n<p>Fatih Sultan Mehmet, \u0130stanbul\u2019u fethettikten sonra, \u015fehrin g\u00fczel tepelerinden birine Fatih Camii\u2019ni yapt\u0131rm\u0131\u015f. O d\u00f6nemde burada bulunan Havariyun Kilisesi, \u00c7ar\u015famba\u2018daki Pammakaristos\u2018a ta\u015f\u0131nm\u0131\u015f.<\/p>\n\n\n\n<p>\u0130lk yap\u0131lan Fatih Camii\u2019nin mimar\u0131 Atik Sinan. Fatih Camii, 1766 y\u0131l\u0131nda meydana gelen depremde \u00e7ok hasar g\u00f6rm\u00fc\u015f ve neredeyse b\u00fcy\u00fck b\u00f6l\u00fcm\u00fc y\u0131k\u0131lm\u0131\u015f.<\/p>\n\n\n\n<p>Sultan III. Mustafa, Fatih Camii\u2019nin hemen onar\u0131lmas\u0131 i\u00e7in d\u00f6nemin en \u00fcnl\u00fc Mimar\u0131 Mehmet Tahir A\u011fa\u2019y\u0131 g\u00f6revlendirmi\u015f. 1771&#8217;de bug\u00fcnk\u00fc Fatih Camii tamamlanm\u0131\u015f. Caminin i\u00e7indeki hat eserleri Yahya Sofi ve o\u011flu Ali Bin Sofi\u2019ye ait.<\/p>\n\n\n\n<p>Fatih&#8217;te gezilecek yerler aras\u0131nda ilk s\u0131rada olan Fatih Camii, k\u00fclliye olarak yap\u0131lm\u0131\u015f. Caminin \u00e7evresine medreseler, hamamlar ve \u00e7ar\u015f\u0131 da in\u015fa edilmi\u015f. \u0130stanbul&#8217;un ilk medreseleri de, Fatih Camii\u2019nin kuzeyinde ve g\u00fcneyinde bulunan Akdeniz ve Karadeniz Medreseleri olmu\u015f.<\/p>\n\n\n\n<h3 class=\"wp-block-heading\"><span class=\"ez-toc-section\" id=\"2_fatih_sultan_mehmet_han_turbesi\"><\/span><strong>2. Fatih Sultan Mehmet Han T\u00fcrbesi<\/strong><span class=\"ez-toc-section-end\"><\/span><\/h3>\n\n\n\n<figure class=\"wp-block-image size-full is-style-default\"><img width=\"800\" height=\"500\" data-public-id=\"Fatih-turbesi\/Fatih-turbesi.jpg\" decoding=\"async\" src=\"https:\/\/res.cloudinary.com\/turna\/images\/w_800,h_500,c_scale\/f_auto,q_auto:low\/v1633514101\/Fatih-turbesi\/Fatih-turbesi.jpg?_i=AA\" alt=\"Fatih t\u00fcrbesi\" class=\"wp-post-20011 wp-image-20058\" data-format=\"jpg\" data-transformations=\"f_auto,q_auto:low\" data-version=\"1633514101\" data-seo=\"1\" srcset=\"https:\/\/res.cloudinary.com\/turna\/images\/f_auto,q_auto:low\/v1633514101\/Fatih-turbesi\/Fatih-turbesi.jpg?_i=AA 800w, https:\/\/res.cloudinary.com\/turna\/images\/w_300,h_188,c_scale\/f_auto,q_auto:low\/v1633514101\/Fatih-turbesi\/Fatih-turbesi.jpg?_i=AA 300w, https:\/\/res.cloudinary.com\/turna\/images\/w_672,h_420,c_scale\/f_auto,q_auto:low\/v1633514101\/Fatih-turbesi\/Fatih-turbesi.jpg?_i=AA 672w, https:\/\/res.cloudinary.com\/turna\/images\/w_640,h_400,c_scale\/f_auto,q_auto:low\/v1633514101\/Fatih-turbesi\/Fatih-turbesi.jpg?_i=AA 640w, https:\/\/res.cloudinary.com\/turna\/images\/w_681,h_426,c_scale\/f_auto,q_auto:low\/v1633514101\/Fatih-turbesi\/Fatih-turbesi.jpg?_i=AA 681w\" sizes=\"(max-width: 800px) 100vw, 800px\" \/><\/figure>\n\n\n\n<p>&#8220;Kostantiniye, bir g\u00fcn fetholunacakt\u0131r. Onu fetheden asker ne g\u00fczel asker, onu fetheden komutan ne g\u00fczel komutand\u0131r.&#8221; Hz Muhammed\u2019in bu hadis-i \u015ferifinden sonra \u0130stanbul, bir \u00e7ok defalar fethedilmeye \u00e7al\u0131\u015f\u0131lm\u0131\u015ft\u0131r.<\/p>\n\n\n\n<p>\u0130stanbul&#8217;u fetheden ve Fatih semtine ismini veren Fatih Sultan Mehmet&#8217;in t\u00fcrbesi, Fatih Camii&#8217;nin k\u0131bleye bakan duvar\u0131n\u0131n hemen \u00f6n\u00fcndedir. T\u00fcrbe sekiz k\u00f6\u015feli olarak yap\u0131lm\u0131\u015ft\u0131r ve olduk\u00e7a sadedir.<\/p>\n\n\n\n<p>Fatih Sultan Mehmet Han\u2018\u0131n t\u00fcrbesinin d\u0131\u015f k\u0131sm\u0131nda mermer ustal\u0131\u011f\u0131n\u0131n en g\u00fczel \u00f6rneklerini g\u00f6r\u00fcr\u00fcz.<\/p>\n\n\n\n<h3 class=\"wp-block-heading\"><span class=\"ez-toc-section\" id=\"3_fatih_kadinlar_pazari\"><\/span><strong>3. Fatih Kad\u0131nlar Pazar\u0131<\/strong><span class=\"ez-toc-section-end\"><\/span><\/h3>\n\n\n\n<p>Fatih gezilecek yerler aras\u0131nda en keyiflisi olan Fatih Kad\u0131nlar Pazar\u0131nda, eski d\u00f6nemlerde kad\u0131nlar evlerinde yap\u0131p \u00fcrettikleri \u00fcr\u00fcnleri satarlarm\u0131\u015f. Kad\u0131nlar Pazar\u0131 ismini de buradan alm\u0131\u015f.<\/p>\n\n\n\n<p>G\u00fcn\u00fcm\u00fczde ise Kad\u0131nlar Pazar\u0131; Bitlis, Sivas, Siirt ve Diyarbak\u0131r&#8217;\u0131n lezzetlerini ve y\u00f6resel tatlar\u0131n\u0131 bulabilece\u011finiz bir yer haline gelmi\u015f.<\/p>\n\n\n\n<p>\u00d6zellikle y\u00f6resel peynirler, hurma, pestil ve her \u00e7e\u015fit baharat\u0131 burada rahatl\u0131kla bulabilirsiniz.<\/p>\n\n\n\n<p>Ayr\u0131ca pazar al\u0131\u015fveri\u015finizi yaparken yorulur ve biraz dinlemek isterseniz, Fatih\u2019in \u00fcnl\u00fc kebap\u00e7\u0131lar\u0131ndan birinde mola vererek, me\u015fhur lezzetlerini tadabilirsiniz.<\/p>\n\n\n\n<h3 class=\"wp-block-heading\"><span class=\"ez-toc-section\" id=\"4_fatih_at_pazari\"><\/span><strong>4. Fatih At Pazar\u0131<\/strong><span class=\"ez-toc-section-end\"><\/span><\/h3>\n\n\n\n<figure class=\"wp-block-image size-full is-style-default\"><img width=\"800\" height=\"500\" data-public-id=\"fatih-at-pazari-meydani\/fatih-at-pazari-meydani.jpg\" decoding=\"async\" src=\"https:\/\/res.cloudinary.com\/turna\/images\/w_800,h_500,c_scale\/f_auto,q_auto:low\/v1633514406\/fatih-at-pazari-meydani\/fatih-at-pazari-meydani.jpg?_i=AA\" alt=\"fatih at pazari meydani\" class=\"wp-post-20011 wp-image-20059\" data-format=\"jpg\" data-transformations=\"f_auto,q_auto:low\" data-version=\"1633514406\" data-seo=\"1\" srcset=\"https:\/\/res.cloudinary.com\/turna\/images\/f_auto,q_auto:low\/v1633514406\/fatih-at-pazari-meydani\/fatih-at-pazari-meydani.jpg?_i=AA 800w, https:\/\/res.cloudinary.com\/turna\/images\/w_300,h_188,c_scale\/f_auto,q_auto:low\/v1633514406\/fatih-at-pazari-meydani\/fatih-at-pazari-meydani.jpg?_i=AA 300w, https:\/\/res.cloudinary.com\/turna\/images\/w_672,h_420,c_scale\/f_auto,q_auto:low\/v1633514406\/fatih-at-pazari-meydani\/fatih-at-pazari-meydani.jpg?_i=AA 672w, https:\/\/res.cloudinary.com\/turna\/images\/w_640,h_400,c_scale\/f_auto,q_auto:low\/v1633514406\/fatih-at-pazari-meydani\/fatih-at-pazari-meydani.jpg?_i=AA 640w, https:\/\/res.cloudinary.com\/turna\/images\/w_681,h_426,c_scale\/f_auto,q_auto:low\/v1633514406\/fatih-at-pazari-meydani\/fatih-at-pazari-meydani.jpg?_i=AA 681w\" sizes=\"(max-width: 800px) 100vw, 800px\" \/><\/figure>\n\n\n\n<p>Osmanl\u0131 \u0130mparatorlu\u011fu d\u00f6neminde At Pazar\u0131 olan b\u00f6lge, Fatih Belediyesi\u2019nin bir projesi olarak, onlarca kafenin ve restaurant\u0131n yan yana s\u0131raland\u0131\u011f\u0131 \u00e7ok canl\u0131 bir yere d\u00f6n\u00fc\u015fm\u00fc\u015f. <\/p>\n\n\n\n<p>Belediyenin de soka\u011f\u0131 trafi\u011fe kapat\u0131p gerekli \u00e7evre d\u00fczenlemelerini yapmas\u0131yla At Pazar\u0131 Meydan\u0131 Cihangir gibi, Tophane gibi bir kimlik kazanm\u0131\u015f. Buras\u0131 g\u00fcn\u00fcm\u00fczde \u00e7e\u015fitli kafelerin yer ald\u0131\u011f\u0131 gen\u00e7lerin pop\u00fcler mekanlar\u0131&nbsp;aras\u0131nda.<\/p>\n\n\n\n<p>Meydan\u0131 \u015fimdi c\u0131v\u0131l c\u0131v\u0131l kafeleri ile sohbet, \u00e7ay, nargile \u00fc\u00e7l\u00fcs\u00fcn\u00fcn pe\u015fine d\u00fc\u015fenleri g\u00f6rebilirsiniz. \u00d6zellikle y\u00f6resel tatlar arayanlar\u0131n u\u011frad\u0131\u011f\u0131 bir \u00e7ok mekan\u0131 burada bulabilirsiniz. At Pazar\u0131\u2019n\u0131 hat\u0131rlatan ise yaln\u0131zca bir at heykeli kalm\u0131\u015f.<\/p>\n\n\n\n<h3 class=\"wp-block-heading\"><span class=\"ez-toc-section\" id=\"5_mesih_ali_pasa_camii\"><\/span><strong>5. Mesih Ali Pa\u015fa Camii<\/strong><span class=\"ez-toc-section-end\"><\/span><\/h3>\n\n\n\n<p>Mesih Pa\u015fa Camii veya Mesih Mehmet Pa\u015fa Camii olarak da bilinir. Caminin hemen giri\u015finde Mesih Pa\u015fa\u2019n\u0131n t\u00fcrbesini g\u00f6r\u00fcyoruz.<\/p>\n\n\n\n<p>Fatih&#8217;te gezilecek yerler aras\u0131nda olan Mesih Ali Pa\u015fa Camii, Mimar Sinan taraf\u0131ndan 1585 y\u0131l\u0131nda yap\u0131lm\u0131\u015f. Ayr\u0131ca \u00f6\u011frencilerinden Davut A\u011fa\u2019n\u0131n da b\u00fcy\u00fck katk\u0131s\u0131 olmu\u015f.<\/p>\n\n\n\n<p>Mesih Mehmet Pa\u015fa d\u00f6nemin M\u0131s\u0131r Valisiymi\u015f. III. Murat zaman\u0131nda Sadrazam olmu\u015f.<\/p>\n\n\n\n<h3 class=\"wp-block-heading\"><span class=\"ez-toc-section\" id=\"6_hirka-i_serif_camii\"><\/span><strong>6. H\u0131rka-i \u015eerif Camii<\/strong><span class=\"ez-toc-section-end\"><\/span><\/h3>\n\n\n\n<figure class=\"wp-block-image size-full is-style-default\"><img width=\"800\" height=\"500\" data-public-id=\"hirka-i-serif-camii\/hirka-i-serif-camii.jpg\" loading=\"lazy\" decoding=\"async\" src=\"https:\/\/res.cloudinary.com\/turna\/images\/w_800,h_500,c_scale\/f_auto,q_auto:low\/v1633514523\/hirka-i-serif-camii\/hirka-i-serif-camii.jpg?_i=AA\" alt=\"H\u0131rka-i \u015eerif Camii\" class=\"wp-post-20011 wp-image-20060\" data-format=\"jpg\" data-transformations=\"f_auto,q_auto:low\" data-version=\"1633514523\" data-seo=\"1\" srcset=\"https:\/\/res.cloudinary.com\/turna\/images\/f_auto,q_auto:low\/v1633514523\/hirka-i-serif-camii\/hirka-i-serif-camii.jpg?_i=AA 800w, https:\/\/res.cloudinary.com\/turna\/images\/w_300,h_188,c_scale\/f_auto,q_auto:low\/v1633514523\/hirka-i-serif-camii\/hirka-i-serif-camii.jpg?_i=AA 300w, https:\/\/res.cloudinary.com\/turna\/images\/w_672,h_420,c_scale\/f_auto,q_auto:low\/v1633514523\/hirka-i-serif-camii\/hirka-i-serif-camii.jpg?_i=AA 672w, https:\/\/res.cloudinary.com\/turna\/images\/w_640,h_400,c_scale\/f_auto,q_auto:low\/v1633514523\/hirka-i-serif-camii\/hirka-i-serif-camii.jpg?_i=AA 640w, https:\/\/res.cloudinary.com\/turna\/images\/w_681,h_426,c_scale\/f_auto,q_auto:low\/v1633514523\/hirka-i-serif-camii\/hirka-i-serif-camii.jpg?_i=AA 681w\" sizes=\"(max-width: 800px) 100vw, 800px\" \/><figcaption class=\"wp-element-caption\"> <\/figcaption><\/figure>\n\n\n\n<p>Burada saklanan H\u0131rka, Hazreti Muhammet taraf\u0131ndan, Veysel Karani Hazretlerine hediye edilmi\u015f. \u0130stanbul\u2019a I. Ahmet zaman\u0131nda getirilen Hazreti Muhammet\u2019e ait olan H\u0131rka i\u00e7in ilk \u00f6nce bu semtte bir ev yapt\u0131r\u0131lm\u0131\u015f.<\/p>\n\n\n\n<p>Daha sonra, Sultan Abd\u00fclmecit bu camiyi 1851 y\u0131l\u0131nda yapt\u0131rm\u0131\u015f. Cami iki katl\u0131 bir yap\u0131ya sahip. H\u0131rka-i \u015eerif, caminin \u00fcst kat\u0131nda yaln\u0131zca Ramazan aylar\u0131nda sergileniyor. <\/p>\n\n\n\n<p>Rahat ziyaret edilebilmesi i\u00e7in giri\u015f ve \u00e7\u0131k\u0131\u015f ayr\u0131 kap\u0131lardan sa\u011flan\u0131yor. H\u0131rka-i \u015ferif ziyareti \u00f6\u011fle namaz\u0131n\u0131n ard\u0131ndan ba\u015fl\u0131yor ve ikindi cemaatinin ziyareti bitirmesiyle ak\u015fam ezan\u0131ndan \u00f6nce son buluyor. Ayr\u0131ca Kadir geceleri teravih namaz\u0131ndan sabah namaz\u0131na kadar devam ediyor.<\/p>\n\n\n\n<p>Fatih&#8217;te gezilecek yerler aras\u0131nda olan H\u0131rka-i \u015eerif Camii\u2019nin pencerelerinin \u00fczerinde yaz\u0131lan hat yaz\u0131lar\u0131n\u0131, Kazasker Mustafa \u0130zzet Efendi ve Sultan Abd\u00fclmecid\u2019in kendisi yazm\u0131\u015f. Bu yaz\u0131larda Hazreti Muhammet, D\u00f6rt Halife, Hazreti Hasan ve H\u00fcseyin\u2019in isimleri yaz\u0131l\u0131.<\/p>\n\n\n\n<h3 class=\"wp-block-heading\"><span class=\"ez-toc-section\" id=\"7_tarihi_mimar_sinan_mescidi\"><\/span><strong>7. Tarihi Mimar Sinan Mescidi<\/strong><span class=\"ez-toc-section-end\"><\/span><\/h3>\n\n\n\n<p>Mimarba\u015f\u0131 Sinan A\u011fa ad\u0131yla da an\u0131lan ve Mimar Sinan\u2019\u0131n kendisi i\u00e7in yapt\u0131rd\u0131\u011f\u0131 k\u00fc\u00e7\u00fck ve \u015firin&nbsp;caminin minaresi olduk\u00e7a ilgin\u00e7. 1918 Fatih yang\u0131n\u0131nda sadece minaresi ve duvarlar\u0131 ayakta kalm\u0131\u015f.<\/p>\n\n\n\n<p>Kanuni Sultan S\u00fcleyman\u2019\u0131n vefat\u0131ndan (974\/1566) sonra tescil edildi\u011fi bilindi\u011finden, mescidin daha \u00f6nceki bir tarihte yapt\u0131r\u0131ld\u0131\u011f\u0131 san\u0131l\u0131yor. Mescid g\u00fcn\u00fcm\u00fczde ayn\u0131 ad\u0131 ta\u015f\u0131yan bir oyun park\u0131 ile evler aras\u0131nda kalm\u0131\u015f<\/p>\n\n\n\n<p>1950\u2019li y\u0131llardan itibaren etraf\u0131na ve i\u00e7ine gecekondular yap\u0131lm\u0131\u015f, zamanla bu gecekondular beton evlere d\u00f6n\u00fc\u015f. Sekizgen olarak yap\u0131lan minarenin \u015ferefesi yok. Onun yerine k\u00fc\u00e7\u00fck pencereler a\u00e7\u0131lm\u0131\u015f.<\/p>\n\n\n\n<h3 class=\"wp-block-heading\"><span class=\"ez-toc-section\" id=\"8_fatih_kebapcilar_sokagi\"><\/span><strong>8. Fatih Kebap\u00e7\u0131lar Soka\u011f\u0131<\/strong><span class=\"ez-toc-section-end\"><\/span><\/h3>\n\n\n\n<figure class=\"wp-block-image size-large is-style-default\"><img width=\"1024\" height=\"640\" data-public-id=\"Fatih-kebapcilar-sokagi\/Fatih-kebapcilar-sokagi.jpg\" loading=\"lazy\" decoding=\"async\" src=\"https:\/\/res.cloudinary.com\/turna\/images\/w_1024,h_640,c_scale\/f_auto,q_auto:low\/v1633514654\/Fatih-kebapcilar-sokagi\/Fatih-kebapcilar-sokagi.jpg?_i=AA\" alt=\"Fatih kebap\u00e7\u0131lar soka\u011f\u0131\" class=\"wp-post-20011 wp-image-20061\" data-format=\"jpg\" data-transformations=\"f_auto,q_auto:low\" data-version=\"1633514654\" data-seo=\"1\" srcset=\"https:\/\/res.cloudinary.com\/turna\/images\/w_1024,h_640,c_scale\/f_auto,q_auto:low\/v1633514654\/Fatih-kebapcilar-sokagi\/Fatih-kebapcilar-sokagi.jpg?_i=AA 1024w, https:\/\/res.cloudinary.com\/turna\/images\/w_800,h_500,c_scale\/f_auto,q_auto:low\/v1633514654\/Fatih-kebapcilar-sokagi\/Fatih-kebapcilar-sokagi.jpg?_i=AA 800w, https:\/\/res.cloudinary.com\/turna\/images\/w_300,h_188,c_scale\/f_auto,q_auto:low\/v1633514654\/Fatih-kebapcilar-sokagi\/Fatih-kebapcilar-sokagi.jpg?_i=AA 300w, https:\/\/res.cloudinary.com\/turna\/images\/w_672,h_420,c_scale\/f_auto,q_auto:low\/v1633514654\/Fatih-kebapcilar-sokagi\/Fatih-kebapcilar-sokagi.jpg?_i=AA 672w, https:\/\/res.cloudinary.com\/turna\/images\/w_640,h_400,c_scale\/f_auto,q_auto:low\/v1633514654\/Fatih-kebapcilar-sokagi\/Fatih-kebapcilar-sokagi.jpg?_i=AA 640w, https:\/\/res.cloudinary.com\/turna\/images\/w_681,h_426,c_scale\/f_auto,q_auto:low\/v1633514654\/Fatih-kebapcilar-sokagi\/Fatih-kebapcilar-sokagi.jpg?_i=AA 681w, https:\/\/res.cloudinary.com\/turna\/images\/f_auto,q_auto:low\/v1633514654\/Fatih-kebapcilar-sokagi\/Fatih-kebapcilar-sokagi.jpg?_i=AA 1280w\" sizes=\"(max-width: 1024px) 100vw, 1024px\" \/><\/figure>\n\n\n\n<p>Fatih Horhor&#8217;da bulunan Sofular Caddesi ve Rag\u0131p Bey Sokak&#8217;ta \u0130stanbul&#8217;daki en g\u00fczel kebaplar\u0131 yiyebilirsiniz. Aksaray Metro Dura\u011f\u0131&#8217;n\u0131n hemen yak\u0131n\u0131nda bulunan soka\u011fa yakla\u015ft\u0131\u011f\u0131n\u0131zda kebap kokusunu alabiliyorsunuz.<\/p>\n\n\n\n<p>Urfal\u0131 Hac\u0131 Usta en iyi kebap\u00e7\u0131lardan biri. Kebab\u0131n yan\u0131nda verilen salata, ezme, so\u011fan gibi bir \u00e7ok ikramlar\u0131 oluyor. Sarma Beyti ve K\u00fcnefesi gayet ba\u015far\u0131l\u0131yd\u0131. Denemenizi tavsiye ederiz<\/p>\n\n\n\n<p>Fatih Me\u015fhur Kebap\u00e7\u0131 Emin, otantik ortam\u0131, lezzetli kebaplar\u0131 ve g\u00fcler y\u00fczl\u00fc hizmetiyle mutlaka denenmesi gereken bir mekan. Kebab\u0131n yan\u0131nda, k\u00f6zlenmi\u015f biber ve domates ile servis ediliyor. <\/p>\n\n\n\n<p>Kebap yedikten sonra \u00e7ay servisi de var. Ayran\u0131 da muhte\u015fem. M\u00fcdavimleri aras\u0131nda; \u0130brahim Tatl\u0131ses, Vedat Milor ve merhum M\u00fcsl\u00fcm G\u00fcrses de varm\u0131\u015f.<\/p>\n\n\n\n<p>\u00d6z Kilis Kebap ve Lahmacun Salonu, Fatih\u2019e gitti\u011finizde mutlaka u\u011framan\u0131z gereken mekanlardan birisi. Fatih\u2019in en g\u00fczel lahmacunlar\u0131n\u0131 burada yiyebilirsiniz. \u0130\u00e7li k\u00f6ftesi, k\u00fc\u015flemesi ve kebaplar\u0131 \u00e7ok lezzetli. Fiyatlar\u0131 ortalama.<\/p>\n\n\n\n<p>\u0130stanbul&#8217;a otob\u00fcsle gidecekseniz e\u011fer\u00a0<a href=\"https:\/\/www.turna.com\/otobus-bileti\/istanbul\">\u0130stanbul otob\u00fcs bileti<\/a>\u00a0i\u00e7in turna.com sayfas\u0131n\u0131z ziyaret edin. Geli\u015fmi\u015f arama \u00f6zelli\u011fi ile 200\u2019den fazla otob\u00fcs firmas\u0131n\u0131 kar\u015f\u0131la\u015ft\u0131rabilir, biletini komisyon \u00f6demeden sat\u0131n alabilirsiniz.<a href=\"https:\/\/www.turna.com\/otobus-bileti\"><\/a><\/p>\n\n    <div class=\"xs_social_share_widget xs_share_url after_content \t\tmain_content  wslu-style-1 wslu-share-box-shaped wslu-fill-colored wslu-none wslu-share-horizontal wslu-theme-font-no wslu-main_content\">\n\n\t\t\n        <ul>\n\t\t\t        <\/ul>\n    <\/div> \n","protected":false},"excerpt":{"rendered":"<p>Fatih, \u0130stanbul&#8217;un ilk kurulmaya ba\u015fland\u0131\u011f\u0131 semt. Fatih, Do\u011fu Roma \u0130mparatorlu\u011fu d\u00f6neminde de en \u00f6nemli yerle\u015fim yerlerinden biriydi. Bozdo\u011fan Kemeri ile \u0130stanbul\u2019un di\u011fer semtlerinden ayr\u0131lan b\u00f6lge, suri\u00e7i olarak da adland\u0131r\u0131l\u0131yor. \u0130stanbul\u2019un en eski semtlerinden biri olan Fatih, bir \u00e7ok tarihi yap\u0131y\u0131 i\u00e7inde bar\u0131nd\u0131r\u0131yor. Fevzi Pa\u015fa Caddesi, Fatih\u2019teki en \u00f6nemli caddelerden birisi. Burada bir \u00e7ok ma\u011faza, restoran [&hellip;]<\/p>\n","protected":false},"author":33,"featured_media":20057,"comment_status":"open","ping_status":"open","sticky":false,"template":"","format":"standard","meta":{"rop_custom_images_group":[],"rop_custom_messages_group":[],"rop_publish_now":"initial","rop_publish_now_accounts":[],"rop_publish_now_history":[],"rop_publish_now_status":"pending","_cloudinary_featured_overwrite":false,"footnotes":""},"categories":[1838],"tags":[],"class_list":["post-20011","post","type-post","status-publish","format-standard","has-post-thumbnail","hentry","category-istanbul"],"_links":{"self":[{"href":"https:\/\/www.turna.com\/blog\/wp-json\/wp\/v2\/posts\/20011","targetHints":{"allow":["GET"]}}],"collection":[{"href":"https:\/\/www.turna.com\/blog\/wp-json\/wp\/v2\/posts"}],"about":[{"href":"https:\/\/www.turna.com\/blog\/wp-json\/wp\/v2\/types\/post"}],"author":[{"embeddable":true,"href":"https:\/\/www.turna.com\/blog\/wp-json\/wp\/v2\/users\/33"}],"replies":[{"embeddable":true,"href":"https:\/\/www.turna.com\/blog\/wp-json\/wp\/v2\/comments?post=20011"}],"version-history":[{"count":0,"href":"https:\/\/www.turna.com\/blog\/wp-json\/wp\/v2\/posts\/20011\/revisions"}],"wp:featuredmedia":[{"embeddable":true,"href":"https:\/\/www.turna.com\/blog\/wp-json\/wp\/v2\/media\/20057"}],"wp:attachment":[{"href":"https:\/\/www.turna.com\/blog\/wp-json\/wp\/v2\/media?parent=20011"}],"wp:term":[{"taxonomy":"category","embeddable":true,"href":"https:\/\/www.turna.com\/blog\/wp-json\/wp\/v2\/categories?post=20011"},{"taxonomy":"post_tag","embeddable":true,"href":"https:\/\/www.turna.com\/blog\/wp-json\/wp\/v2\/tags?post=20011"}],"curies":[{"name":"wp","href":"https:\/\/api.w.org\/{rel}","templated":true}]}}