{"id":19987,"date":"2024-12-04T16:25:38","date_gmt":"2024-12-04T13:25:38","guid":{"rendered":"https:\/\/www.turna.com\/blog\/?p=19987"},"modified":"2025-07-10T17:27:05","modified_gmt":"2025-07-10T14:27:05","slug":"aruba-gezilecek-yerler","status":"publish","type":"post","link":"https:\/\/www.turna.com\/blog\/aruba-gezilecek-yerler","title":{"rendered":"Aruba Gezilecek Yerler"},"content":{"rendered":"<div id=\"ez-toc-container\" class=\"ez-toc-v2_0_82_2 counter-hierarchy ez-toc-counter ez-toc-black ez-toc-container-direction\">\n<div class=\"ez-toc-title-container\">\n<p class=\"ez-toc-title\" style=\"cursor:inherit\">\u0130\u00e7indekiler<\/p>\n<span class=\"ez-toc-title-toggle\"><a href=\"#\" class=\"ez-toc-pull-right ez-toc-btn ez-toc-btn-xs ez-toc-btn-default ez-toc-toggle\" aria-label=\"\u0130\u00e7indekiler Tablosunu A\u00e7\/Kapat\"><span class=\"ez-toc-js-icon-con\"><span class=\"\"><span class=\"eztoc-hide\" style=\"display:none;\">Toggle<\/span><span class=\"ez-toc-icon-toggle-span\"><svg style=\"fill: #ffffff;color:#ffffff\" xmlns=\"http:\/\/www.w3.org\/2000\/svg\" class=\"list-377408\" width=\"20px\" height=\"20px\" viewBox=\"0 0 24 24\" fill=\"none\"><path d=\"M6 6H4v2h2V6zm14 0H8v2h12V6zM4 11h2v2H4v-2zm16 0H8v2h12v-2zM4 16h2v2H4v-2zm16 0H8v2h12v-2z\" fill=\"currentColor\"><\/path><\/svg><svg style=\"fill: #ffffff;color:#ffffff\" class=\"arrow-unsorted-368013\" xmlns=\"http:\/\/www.w3.org\/2000\/svg\" width=\"10px\" height=\"10px\" viewBox=\"0 0 24 24\" version=\"1.2\" baseProfile=\"tiny\"><path d=\"M18.2 9.3l-6.2-6.3-6.2 6.3c-.2.2-.3.4-.3.7s.1.5.3.7c.2.2.4.3.7.3h11c.3 0 .5-.1.7-.3.2-.2.3-.5.3-.7s-.1-.5-.3-.7zM5.8 14.7l6.2 6.3 6.2-6.3c.2-.2.3-.5.3-.7s-.1-.5-.3-.7c-.2-.2-.4-.3-.7-.3h-11c-.3 0-.5.1-.7.3-.2.2-.3.5-.3.7s.1.5.3.7z\"\/><\/svg><\/span><\/span><\/span><\/a><\/span><\/div>\n<nav><ul class='ez-toc-list ez-toc-list-level-1 eztoc-toggle-hide-by-default' ><li class='ez-toc-page-1 ez-toc-heading-level-2'><a class=\"ez-toc-link ez-toc-heading-1\" href=\"https:\/\/www.turna.com\/blog\/aruba-gezilecek-yerler\/#aruba_hakkinda_bilgiler\" >Aruba Hakk\u0131nda Bilgiler<\/a><\/li><li class='ez-toc-page-1 ez-toc-heading-level-2'><a class=\"ez-toc-link ez-toc-heading-2\" href=\"https:\/\/www.turna.com\/blog\/aruba-gezilecek-yerler\/#aruba_gezilecek_yerler\" >Aruba Gezilecek Yerler<\/a><ul class='ez-toc-list-level-3' ><li class='ez-toc-heading-level-3'><a class=\"ez-toc-link ez-toc-heading-3\" href=\"https:\/\/www.turna.com\/blog\/aruba-gezilecek-yerler\/#1_palm_plaji\" >1. Palm Plaj\u0131<\/a><\/li><li class='ez-toc-page-1 ez-toc-heading-level-3'><a class=\"ez-toc-link ez-toc-heading-4\" href=\"https:\/\/www.turna.com\/blog\/aruba-gezilecek-yerler\/#2_oranjestad\" >2. Oranjestad<\/a><\/li><li class='ez-toc-page-1 ez-toc-heading-level-3'><a class=\"ez-toc-link ez-toc-heading-5\" href=\"https:\/\/www.turna.com\/blog\/aruba-gezilecek-yerler\/#3_arikok_ulusal_parki\" >3. Arikok Ulusal Park\u0131<\/a><\/li><li class='ez-toc-page-1 ez-toc-heading-level-3'><a class=\"ez-toc-link ez-toc-heading-6\" href=\"https:\/\/www.turna.com\/blog\/aruba-gezilecek-yerler\/#4_bebek_plaji\" >4. Bebek Plaj\u0131<\/a><\/li><li class='ez-toc-page-1 ez-toc-heading-level-3'><a class=\"ez-toc-link ez-toc-heading-7\" href=\"https:\/\/www.turna.com\/blog\/aruba-gezilecek-yerler\/#5_antilla_enkazi\" >5. Antilla Enkaz\u0131<\/a><\/li><li class='ez-toc-page-1 ez-toc-heading-level-3'><a class=\"ez-toc-link ez-toc-heading-8\" href=\"https:\/\/www.turna.com\/blog\/aruba-gezilecek-yerler\/#6_california_deniz_feneri\" >6. California Deniz Feneri<\/a><\/li><li class='ez-toc-page-1 ez-toc-heading-level-3'><a class=\"ez-toc-link ez-toc-heading-9\" href=\"https:\/\/www.turna.com\/blog\/aruba-gezilecek-yerler\/#7_aruba_esek_koruma_alani\" >7. Aruba E\u015fek Koruma Alan\u0131<\/a><\/li><li class='ez-toc-page-1 ez-toc-heading-level-3'><a class=\"ez-toc-link ez-toc-heading-10\" href=\"https:\/\/www.turna.com\/blog\/aruba-gezilecek-yerler\/#8_alto_vista_sapeli\" >8. Alto Vista \u015eapeli<\/a><\/li><li class='ez-toc-page-1 ez-toc-heading-level-3'><a class=\"ez-toc-link ez-toc-heading-11\" href=\"https:\/\/www.turna.com\/blog\/aruba-gezilecek-yerler\/#9_bushiribana_altin_madeni\" >9. Bushiribana Alt\u0131n Madeni<\/a><\/li><li class='ez-toc-page-1 ez-toc-heading-level-3'><a class=\"ez-toc-link ez-toc-heading-12\" href=\"https:\/\/www.turna.com\/blog\/aruba-gezilecek-yerler\/#10_de_palm_adasi\" >10. De Palm Adas\u0131<\/a><\/li><\/ul><\/li><li class='ez-toc-page-1 ez-toc-heading-level-2'><a class=\"ez-toc-link ez-toc-heading-13\" href=\"https:\/\/www.turna.com\/blog\/aruba-gezilecek-yerler\/#arubada_bunlari_yapmadan_donmeyin\" >Aruba\u2019da Bunlar\u0131 Yapmadan D\u00f6nmeyin!<\/a><\/li><li class='ez-toc-page-1 ez-toc-heading-level-2'><a class=\"ez-toc-link ez-toc-heading-14\" href=\"https:\/\/www.turna.com\/blog\/aruba-gezilecek-yerler\/#arubada_nerede_kalinir\" >Aruba\u2019da Nerede Kal\u0131n\u0131r?<\/a><\/li><li class='ez-toc-page-1 ez-toc-heading-level-2'><a class=\"ez-toc-link ez-toc-heading-15\" href=\"https:\/\/www.turna.com\/blog\/aruba-gezilecek-yerler\/#arubada_ne_yenir\" >Aruba\u2019da Ne Yenir?<\/a><\/li><li class='ez-toc-page-1 ez-toc-heading-level-2'><a class=\"ez-toc-link ez-toc-heading-16\" href=\"https:\/\/www.turna.com\/blog\/aruba-gezilecek-yerler\/#arubaya_nasil_gidilir\" >Aruba\u2019ya Nas\u0131l Gidilir?<\/a><\/li><\/ul><\/nav><\/div>\n\n<p><strong>Aruba<\/strong>, Karayip Denizi&#8217;nin g\u00fcneyinde, K\u00fc\u00e7\u00fck Antiller&#8217;in bat\u0131s\u0131nda ve Venezuela k\u0131y\u0131lar\u0131n\u0131n sadece 15 mil a\u00e7\u0131klar\u0131nda kalan cennet bir tropik ada. Venezuela&#8217;n\u0131n 29 km kuzeyinde yer alan, Hollanda Krall\u0131\u011f\u0131&#8217;n\u0131 meydana getiren 4 \u00fclkeden biri olan Aruba, i\u00e7erisinde Bonaire ve <a href=\"https:\/\/www.turna.com\/ucak-bileti\/curacao\">Curacao<\/a> adalar\u0131n\u0131n da bulundu\u011fu ABC Adalar\u0131 aras\u0131nda yer al\u0131yor.<\/p>\n\n\n\n<p>Karayipler ve \u00e7evresini kapsayan kruvaziyer turlar\u0131n\u0131n rotas\u0131nda bulunan Aruba, b\u00f6lgenin en \u00e7ok ziyaret edilen adalar\u0131ndan biri. Turkuaz renkli okyanus sular\u0131yla \u00e7evrili ada, tropik iklimi, bembeyaz ince taneli kumsallar\u0131, muhte\u015fem lezzetleri ve l\u00fcks konaklama tesisleriyle g\u00fcndelik ya\u015famdan uzakla\u015f\u0131p keyifli bir tatil deneyimi ya\u015famak isteyenlerin adresi.<\/p>\n\n\n\n<figure class=\"wp-block-image size-full is-style-default\"><img width=\"800\" height=\"500\" data-public-id=\"Aruba-Gezilecek-Yerler\/Aruba-Gezilecek-Yerler.jpg\" fetchpriority=\"high\" decoding=\"async\" src=\"https:\/\/res.cloudinary.com\/turna\/images\/w_800,h_500,c_scale\/f_auto,q_auto:low\/v1633102335\/Aruba-Gezilecek-Yerler\/Aruba-Gezilecek-Yerler.jpg?_i=AA\" alt=\"Aruba Gezilecek Yerler\" class=\"wp-post-19987 wp-image-19988\" data-format=\"jpg\" data-transformations=\"f_auto,q_auto:low\" data-version=\"1633102335\" data-seo=\"1\" srcset=\"https:\/\/res.cloudinary.com\/turna\/images\/f_auto,q_auto:low\/v1633102335\/Aruba-Gezilecek-Yerler\/Aruba-Gezilecek-Yerler.jpg?_i=AA 800w, https:\/\/res.cloudinary.com\/turna\/images\/w_300,h_188,c_scale\/f_auto,q_auto:low\/v1633102335\/Aruba-Gezilecek-Yerler\/Aruba-Gezilecek-Yerler.jpg?_i=AA 300w, https:\/\/res.cloudinary.com\/turna\/images\/w_672,h_420,c_scale\/f_auto,q_auto:low\/v1633102335\/Aruba-Gezilecek-Yerler\/Aruba-Gezilecek-Yerler.jpg?_i=AA 672w, https:\/\/res.cloudinary.com\/turna\/images\/w_640,h_400,c_scale\/f_auto,q_auto:low\/v1633102335\/Aruba-Gezilecek-Yerler\/Aruba-Gezilecek-Yerler.jpg?_i=AA 640w, https:\/\/res.cloudinary.com\/turna\/images\/w_681,h_426,c_scale\/f_auto,q_auto:low\/v1633102335\/Aruba-Gezilecek-Yerler\/Aruba-Gezilecek-Yerler.jpg?_i=AA 681w\" sizes=\"(max-width: 800px) 100vw, 800px\" \/><\/figure>\n\n\n\n<p>Kas\u0131rgalar\u0131n \u00e7ok s\u0131k g\u00f6r\u00fcld\u00fc\u011f\u00fc Atlantik Okyanusunun daha g\u00fcneyinde bulunan Aruba, yaz aylar\u0131nda Karayip tatili yapmak isteyenler i\u00e7in olduk\u00e7a cazip bir destinasyon. Aruba\u2019n\u0131n havas\u0131n\u0131n Karayipler\u2019in di\u011fer \u00fclkelerine nazaran daha az nemli olmas\u0131 da ayr\u0131 bir art\u0131s\u0131. \u00dclkenin muhte\u015fem havas\u0131na ek olarak Aruba\u2019da muhte\u015fem resortlar, do\u011fa harikalar\u0131 ve ola\u011fan\u00fcst\u00fc plajlar da bulunuyor.<\/p>\n\n\n\n<h2 class=\"wp-block-heading has-text-align-center has-neeon-button-dark-gray-color has-text-color has-link-color wp-elements-8881d44ddc6db29252f4db06ecf03299\"><span class=\"ez-toc-section\" id=\"aruba_hakkinda_bilgiler\"><\/span><strong><strong>Aruba Hakk\u0131nda Bilgiler<\/strong><\/strong><span class=\"ez-toc-section-end\"><\/span><\/h2>\n\n\n\n<p>Yerel bir\u00e7ok dilin konu\u015fuldu\u011fu adada Papiemento dili yayg\u0131n olarak kullan\u0131l\u0131yor, devletinin resmi dili ise Felemenk\u00e7e. 1980&#8217;li y\u0131llara kadar Venezuela&#8217;dan \u00e7\u0131kar\u0131lan ham petrol\u00fc i\u015fleyen rafinerileri sayesinde gelir elde eden ada, 80&#8217;li y\u0131llardan sonra d\u00fcnyada h\u0131zla geli\u015fen turizmden pay almaya ba\u015flad\u0131.  Y\u00fcz\u00f6l\u00e7\u00fcm\u00fc 179 kilometrekare olan Aruba, bu b\u00fcy\u00fckl\u00fc\u011f\u00fc ile kabaca G\u00f6k\u00e7eada&#8217;n\u0131n \u00fc\u00e7te ikisi b\u00fcy\u00fckl\u00fc\u011f\u00fcnde. N\u00fcfusunun b\u00fcy\u00fck \u00e7o\u011funlu\u011funun ba\u015fkent Oranjestad&#8217;da ya\u015fad\u0131\u011f\u0131 Aruba&#8217;n\u0131n toplam n\u00fcfusu 103 bin. Adan\u0131n n\u00fcfus yap\u0131s\u0131n\u0131 ise Avrupal\u0131, Hintli, Afrikal\u0131 ve yerliler olu\u015fturuyor.<\/p>\n\n\n\n<p>1499&#8217;da \u0130spanyol ka\u015fifler taraf\u0131ndan ke\u015ffedilen ada, 1636&#8217;da Hollanda s\u00f6m\u00fcrgesi haline geldi. Hollanda Krall\u0131\u011f\u0131, Aruba&#8217;y\u0131 1986 y\u0131l\u0131nda Hollanda Antilleri birli\u011finden \u00e7\u0131kar\u0131p do\u011frudan Hollanda&#8217;ya ba\u011flad\u0131. Aruba, g\u00fcn\u00fcm\u00fczde Karayip co\u011frafyas\u0131n\u0131n en \u00fcnl\u00fc turizm destinasyonlar\u0131 aras\u0131nda yer al\u0131yor. Adan\u0131n uzun, bembeyaz ince kumlu plajlar\u0131, tropik esintili bitki \u00f6rt\u00fcs\u00fc, muhte\u015fem havas\u0131 ve yerel lezzetleri turizmin geli\u015fmesine katk\u0131 sa\u011fl\u0131yor.<\/p>\n\n\n\n<p>Okyanus sular\u0131n\u0131n serinli\u011fi ve g\u00fcne\u015fin kavurucu s\u0131cakl\u0131\u011f\u0131n\u0131n e\u015flik etti\u011fi Aruba plajlar\u0131, do\u011fal koruma b\u00f6lgeleri ve renkli yerel k\u00fclt\u00fcr\u00fc aday\u0131 ziyaret etmek i\u00e7in ba\u015fl\u0131ca nedenler aras\u0131nda yer al\u0131yor.<\/p>\n\n\n\n<h2 class=\"wp-block-heading has-text-align-center has-neeon-button-dark-gray-color has-text-color has-link-color wp-elements-650fd4d16c9fdb555079823e98ba6644\"><span class=\"ez-toc-section\" id=\"aruba_gezilecek_yerler\"><\/span><strong><strong>Aruba Gezilecek Yerler<\/strong><\/strong><span class=\"ez-toc-section-end\"><\/span><\/h2>\n\n\n\n<p>Aruba\u2019n\u0131n en pop\u00fcler plajlar\u0131, Eagle Beach, Baby Beach, Palm Beach, Druif Beach, Manchebo, Surfside Beach, Arashi Beach ve Rodger Beach olarak s\u0131ralan\u0131yor. S\u00f6rf yapmak ve \u015fnorkelle dalmay\u0131 d\u00fc\u015f\u00fcnenler taraf\u0131ndan ise Hadikurari Beach, Boca Cataline, Andicuri, Boca Grandi ve Bachelor\u2019s Beach daha \u00e7ok tercih ediliyor. Aruba\u2019da plajlar\u0131n yan\u0131 s\u0131ra, gezilecek pek \u00e7ok yer bulunuyor.<\/p>\n\n\n\n<p>Ba\u015fkent Oranjestad\u2019\u0131n pastel renklerle s\u00fcsl\u00fc yap\u0131lar\u0131, kente dinamik bir atmosfer kat\u0131yor. Di\u011fer yandan California Feneri, Aruba Arkeoloji M\u00fczesi, E\u015fek Bar\u0131na\u011f\u0131, Alto Vista \u015eapeli ve Aruba Tarih M\u00fczesi, Aruba\u2019da ziyaret edebilece\u011finiz ba\u015fl\u0131ca adreslerden.<\/p>\n\n\n\n<h3 class=\"wp-block-heading has-text-align-center has-neeon-button-dark-gray-color has-text-color has-link-color wp-elements-6810741e4ddd53cefdeba3809cc3e56d\"><span class=\"ez-toc-section\" id=\"1_palm_plaji\"><\/span><strong><strong><strong>1. Palm Plaj\u0131<\/strong><\/strong><\/strong><span class=\"ez-toc-section-end\"><\/span><\/h3>\n\n\n\n<figure class=\"wp-block-image size-full is-style-default\"><img width=\"800\" height=\"500\" data-public-id=\"Aruba-Palm-Plaji\/Aruba-Palm-Plaji.jpg\" decoding=\"async\" src=\"https:\/\/res.cloudinary.com\/turna\/images\/w_800,h_500,c_scale\/f_auto,q_auto:low\/v1633102365\/Aruba-Palm-Plaji\/Aruba-Palm-Plaji.jpg?_i=AA\" alt=\"Aruba-Palm-Plaji\" class=\"wp-post-19987 wp-image-19989\" data-format=\"jpg\" data-transformations=\"f_auto,q_auto:low\" data-version=\"1633102365\" data-seo=\"1\" srcset=\"https:\/\/res.cloudinary.com\/turna\/images\/f_auto,q_auto:low\/v1633102365\/Aruba-Palm-Plaji\/Aruba-Palm-Plaji.jpg?_i=AA 800w, https:\/\/res.cloudinary.com\/turna\/images\/w_300,h_188,c_scale\/f_auto,q_auto:low\/v1633102365\/Aruba-Palm-Plaji\/Aruba-Palm-Plaji.jpg?_i=AA 300w, https:\/\/res.cloudinary.com\/turna\/images\/w_672,h_420,c_scale\/f_auto,q_auto:low\/v1633102365\/Aruba-Palm-Plaji\/Aruba-Palm-Plaji.jpg?_i=AA 672w, https:\/\/res.cloudinary.com\/turna\/images\/w_640,h_400,c_scale\/f_auto,q_auto:low\/v1633102365\/Aruba-Palm-Plaji\/Aruba-Palm-Plaji.jpg?_i=AA 640w, https:\/\/res.cloudinary.com\/turna\/images\/w_681,h_426,c_scale\/f_auto,q_auto:low\/v1633102365\/Aruba-Palm-Plaji\/Aruba-Palm-Plaji.jpg?_i=AA 681w\" sizes=\"(max-width: 800px) 100vw, 800px\" \/><\/figure>\n\n\n\n<p><strong>Palm Plaj\u0131<\/strong>, Aruba\u2019n\u0131n en l\u00fcks turistik mekanlar\u0131n\u0131n yer ald\u0131\u011f\u0131 plaj. Bir\u00e7ok restoran, bar ve al\u0131\u015fveri\u015f i\u00e7in hediyelik e\u015fya d\u00fckk\u00e2nlar\u0131n\u0131n bulundu\u011fu Palm Plaj\u0131\u2019n\u0131n denizi de olduk\u00e7a sakin ve y\u00fczmek i\u00e7in ideal. Gece hayat\u0131 i\u00e7in de Aruba\u2019n\u0131n en iyi mekanlar\u0131ndan biri olan bu plaj, arac\u0131n\u0131z yoksa y\u00fcr\u00fcyerek de ula\u015fabilece\u011finiz kadar merkezi bir konumda yer al\u0131yor.<\/p>\n\n\n\n<h3 class=\"wp-block-heading has-text-align-center has-neeon-button-dark-gray-color has-text-color has-link-color wp-elements-5ea7ece6565f64dc0d3d1e6184b6f46f\"><span class=\"ez-toc-section\" id=\"2_oranjestad\"><\/span><strong><strong><strong>2. Oranjestad<\/strong><\/strong><\/strong><span class=\"ez-toc-section-end\"><\/span><\/h3>\n\n\n\n<figure class=\"wp-block-image size-full is-style-default\"><img width=\"800\" height=\"500\" data-public-id=\"Aruba-Oranjestad\/Aruba-Oranjestad.jpg\" decoding=\"async\" src=\"https:\/\/res.cloudinary.com\/turna\/images\/w_800,h_500,c_scale\/f_auto,q_auto:low\/v1633102390\/Aruba-Oranjestad\/Aruba-Oranjestad.jpg?_i=AA\" alt=\"Aruba-Oranjestad\" class=\"wp-post-19987 wp-image-19990\" data-format=\"jpg\" data-transformations=\"f_auto,q_auto:low\" data-version=\"1633102390\" data-seo=\"1\" srcset=\"https:\/\/res.cloudinary.com\/turna\/images\/f_auto,q_auto:low\/v1633102390\/Aruba-Oranjestad\/Aruba-Oranjestad.jpg?_i=AA 800w, https:\/\/res.cloudinary.com\/turna\/images\/w_300,h_188,c_scale\/f_auto,q_auto:low\/v1633102390\/Aruba-Oranjestad\/Aruba-Oranjestad.jpg?_i=AA 300w, https:\/\/res.cloudinary.com\/turna\/images\/w_672,h_420,c_scale\/f_auto,q_auto:low\/v1633102390\/Aruba-Oranjestad\/Aruba-Oranjestad.jpg?_i=AA 672w, https:\/\/res.cloudinary.com\/turna\/images\/w_640,h_400,c_scale\/f_auto,q_auto:low\/v1633102390\/Aruba-Oranjestad\/Aruba-Oranjestad.jpg?_i=AA 640w, https:\/\/res.cloudinary.com\/turna\/images\/w_681,h_426,c_scale\/f_auto,q_auto:low\/v1633102390\/Aruba-Oranjestad\/Aruba-Oranjestad.jpg?_i=AA 681w\" sizes=\"(max-width: 800px) 100vw, 800px\" \/><\/figure>\n\n\n\n<p><strong>Oranjestad<\/strong>, Aruba\u2019n\u0131n ba\u015fkenti ve en b\u00fcy\u00fck \u015fehri, ayn\u0131 zamanda en pop\u00fcler yolcu gemisi liman\u0131. E\u011fer \u015fehrin sokaklar\u0131na turistlerin ak\u0131n etti\u011fini g\u00f6r\u00fcrseniz \u015fa\u015f\u0131rmay\u0131n, az \u00f6nce bir gemi limana yana\u015fm\u0131\u015f olabilir. Oranjestad\u2019da biraz dola\u015ft\u0131\u011f\u0131n\u0131zda yan yana gelmi\u015f s\u00f6m\u00fcrge d\u00f6nemi yap\u0131lar\u0131 ve l\u00fcks otelleri g\u00f6rebilirsiniz. Restoranlar, barlar ve d\u00fckkanlar hemen her yerdeler. \u015eehrin en eski binas\u0131 ise 1798\u2019e uzanan ge\u00e7mi\u015fi ile Fort Zoutman.<\/p>\n\n\n\n<p>Oranjestad, g\u00fcn\u00fcm\u00fczde Bon Bini Festivali ad\u0131 verilen ve her sal\u0131 19:00 &#8211; 20:30 saatleri aras\u0131nda d\u00fczenlenen yerel bir festivale ev sahipli\u011fi yap\u0131yor. Oranjestad\u2019a etraf\u0131 gezmek ger\u00e7ekten \u00e7ok kolay ve keyifli. Araban\u0131z olmasa bile \u00fccretsiz tramvay hizmeti  var. Uzun y\u00fcr\u00fcy\u00fc\u015fler, ko\u015fular ve bisiklet i\u00e7in muhte\u015fem g\u00fczellikteki parklarda keyifli vakit ge\u00e7irebilirsiniz.<\/p>\n\n\n\n<h3 class=\"wp-block-heading has-text-align-center has-neeon-button-dark-gray-color has-text-color has-link-color wp-elements-5c0fa6b22e40e508c98977841e39e323\"><span class=\"ez-toc-section\" id=\"3_arikok_ulusal_parki\"><\/span><strong><strong><strong>3. Arikok Ulusal Park\u0131<\/strong><\/strong><\/strong><span class=\"ez-toc-section-end\"><\/span><\/h3>\n\n\n\n<figure class=\"wp-block-image size-full is-style-default\"><img width=\"800\" height=\"500\" loading=\"lazy\" decoding=\"async\" src=\"data:image\/svg+xml;base64,PHN2ZyB4bWxucz0iaHR0cDovL3d3dy53My5vcmcvMjAwMC9zdmciIHdpZHRoPSI4MDAiIGhlaWdodD0iNTAwIj48cmVjdCB3aWR0aD0iMTAwJSIgaGVpZ2h0PSIxMDAlIj48YW5pbWF0ZSBhdHRyaWJ1dGVOYW1lPSJmaWxsIiB2YWx1ZXM9InJnYmEoMTUzLDE1MywxNTMsMC41KTtyZ2JhKDE1MywxNTMsMTUzLDAuMSk7cmdiYSgxNTMsMTUzLDE1MywwLjUpIiBkdXI9IjJzIiByZXBlYXRDb3VudD0iaW5kZWZpbml0ZSIgLz48L3JlY3Q+PC9zdmc+\" alt=\"Arikok Ulusal Park\u0131\" class=\"wp-post-19987 wp-image-19991\" data-public-id=\"Arikok-Ulusal-Parki-Conchi\/Arikok-Ulusal-Parki-Conchi.jpg\" data-format=\"jpg\" data-transformations=\"f_auto,q_auto:low\" data-version=\"1633102416\" data-seo=\"1\" data-size=\"800 500\" data-srcset=\"https:\/\/res.cloudinary.com\/turna\/images\/f_auto,q_auto:low\/v1633102416\/Arikok-Ulusal-Parki-Conchi\/Arikok-Ulusal-Parki-Conchi.jpg?_i=AA 800w, https:\/\/res.cloudinary.com\/turna\/images\/w_300,h_188,c_scale\/f_auto,q_auto:low\/v1633102416\/Arikok-Ulusal-Parki-Conchi\/Arikok-Ulusal-Parki-Conchi.jpg?_i=AA 300w, https:\/\/res.cloudinary.com\/turna\/images\/w_672,h_420,c_scale\/f_auto,q_auto:low\/v1633102416\/Arikok-Ulusal-Parki-Conchi\/Arikok-Ulusal-Parki-Conchi.jpg?_i=AA 672w, https:\/\/res.cloudinary.com\/turna\/images\/w_640,h_400,c_scale\/f_auto,q_auto:low\/v1633102416\/Arikok-Ulusal-Parki-Conchi\/Arikok-Ulusal-Parki-Conchi.jpg?_i=AA 640w, https:\/\/res.cloudinary.com\/turna\/images\/w_681,h_426,c_scale\/f_auto,q_auto:low\/v1633102416\/Arikok-Ulusal-Parki-Conchi\/Arikok-Ulusal-Parki-Conchi.jpg?_i=AA 681w\" data-sizes=\"(max-width: 800px) 100vw, 800px\" data-delivery=\"upload\" onload=\";window.CLDBind?CLDBind(this):null;\" data-cloudinary=\"lazy\" \/><\/figure>\n\n\n\n<p><strong>Arikok Ulusal Park\u0131<\/strong>&#8216;n\u0131 do\u011fa seven bir yap\u0131n\u0131z varsa, mutlaka gezi listenize almal\u0131s\u0131n\u0131z. Adan\u0131n yakla\u015f\u0131k y\u00fczde 20\u2019sini kaplayan Arikok, kam\u00e7\u0131 kuyruklu kertenkele, Aruba kedi g\u00f6z\u00fc y\u0131lan\u0131, muhabbet ku\u015fu ve \u00e7ukur kazan bayku\u015f gibi \u00e7ok ilgin\u00e7 canl\u0131lara ev sahipli\u011fi yap\u0131yor.<\/p>\n\n\n\n<p>Parkta Das Playa, Boca Prins ve Daimari Plaj\u0131 olmak \u00fczere 3 farkl\u0131 muhte\u015fem plaj bulunuyor. Park\u0131n en sevilen aktiviteleri ise Conchi ad\u0131 verilen do\u011fal havuz. Bu havuza y\u00fcr\u00fcyerek, 4&#215;4 ara\u00e7larla ya da at binerek ula\u015fabilirsiniz.<\/p>\n\n\n\n<h3 class=\"wp-block-heading has-text-align-center has-neeon-button-dark-gray-color has-text-color has-link-color wp-elements-877080108b7edf72a28f1a57d3348c33\"><span class=\"ez-toc-section\" id=\"4_bebek_plaji\"><\/span><strong><strong><strong>4. Bebek Plaj\u0131<\/strong><\/strong><\/strong><span class=\"ez-toc-section-end\"><\/span><\/h3>\n\n\n\n<figure class=\"wp-block-image size-full is-style-default\"><img width=\"800\" height=\"500\" loading=\"lazy\" decoding=\"async\" src=\"data:image\/svg+xml;base64,PHN2ZyB4bWxucz0iaHR0cDovL3d3dy53My5vcmcvMjAwMC9zdmciIHdpZHRoPSI4MDAiIGhlaWdodD0iNTAwIj48cmVjdCB3aWR0aD0iMTAwJSIgaGVpZ2h0PSIxMDAlIj48YW5pbWF0ZSBhdHRyaWJ1dGVOYW1lPSJmaWxsIiB2YWx1ZXM9InJnYmEoMTUzLDE1MywxNTMsMC41KTtyZ2JhKDE1MywxNTMsMTUzLDAuMSk7cmdiYSgxNTMsMTUzLDE1MywwLjUpIiBkdXI9IjJzIiByZXBlYXRDb3VudD0iaW5kZWZpbml0ZSIgLz48L3JlY3Q+PC9zdmc+\" alt=\"Aruba-Bebek-Plaji\" class=\"wp-post-19987 wp-image-19992\" data-public-id=\"Aruba-Bebek-Plaji\/Aruba-Bebek-Plaji.jpg\" data-format=\"jpg\" data-transformations=\"f_auto,q_auto:low\" data-version=\"1633102438\" data-seo=\"1\" data-size=\"800 500\" data-srcset=\"https:\/\/res.cloudinary.com\/turna\/images\/f_auto,q_auto:low\/v1633102438\/Aruba-Bebek-Plaji\/Aruba-Bebek-Plaji.jpg?_i=AA 800w, https:\/\/res.cloudinary.com\/turna\/images\/w_300,h_188,c_scale\/f_auto,q_auto:low\/v1633102438\/Aruba-Bebek-Plaji\/Aruba-Bebek-Plaji.jpg?_i=AA 300w, https:\/\/res.cloudinary.com\/turna\/images\/w_672,h_420,c_scale\/f_auto,q_auto:low\/v1633102438\/Aruba-Bebek-Plaji\/Aruba-Bebek-Plaji.jpg?_i=AA 672w, https:\/\/res.cloudinary.com\/turna\/images\/w_640,h_400,c_scale\/f_auto,q_auto:low\/v1633102438\/Aruba-Bebek-Plaji\/Aruba-Bebek-Plaji.jpg?_i=AA 640w, https:\/\/res.cloudinary.com\/turna\/images\/w_681,h_426,c_scale\/f_auto,q_auto:low\/v1633102438\/Aruba-Bebek-Plaji\/Aruba-Bebek-Plaji.jpg?_i=AA 681w\" data-sizes=\"(max-width: 800px) 100vw, 800px\" data-delivery=\"upload\" onload=\";window.CLDBind?CLDBind(this):null;\" data-cloudinary=\"lazy\" \/><\/figure>\n\n\n\n<p><strong>Bebek Plaj\u0131<\/strong>, Aruba\u2019n\u0131n en bilinen plajlar\u0131ndan, g\u00fczelli\u011fi, s\u0131\u011fl\u0131\u011f\u0131, insan yap\u0131m\u0131 lag\u00fcn\u00fc ve inan\u0131lmaz huzurlu ortam\u0131yla, \u00e7ocuklar\u0131n da \u00e7ok sevdi\u011fi, \u00f6zel bir yer. Kite ve r\u00fczg\u00e2r s\u00f6rf\u00fc yapmay\u0131 sevenlerin de s\u0131kl\u0131kla tercih etti\u011fi plaj\u0131n, lag\u00fcn taraf\u0131 \u00e7ok sakin olsa da Karayip Denizi\u2019ne a\u00e7\u0131lan k\u0131sm\u0131 tamamen farkl\u0131. <\/p>\n\n\n\n<p>Ak\u0131nt\u0131n\u0131n zaman zaman \u00e7ok g\u00fc\u00e7l\u00fc oldu\u011fu d\u00f6nemlerde dikkatli olmak gerekiyor \u00e7\u00fcnk\u00fc inan\u0131lmaz g\u00fczel bal\u0131klar\u0131 takip ederken lag\u00fcnden d\u0131\u015far\u0131ya \u00e7\u0131k\u0131p ak\u0131nt\u0131ya kap\u0131l\u0131rsan\u0131z tehlikeli durumlar olu\u015fabilir.<\/p>\n\n\n\n<h3 class=\"wp-block-heading has-text-align-center has-neeon-button-dark-gray-color has-text-color has-link-color wp-elements-96a2845f794e18d9351669a4196a313b\"><span class=\"ez-toc-section\" id=\"5_antilla_enkazi\"><\/span><strong><strong><strong>5. Antilla Enkaz\u0131<\/strong><\/strong><\/strong><span class=\"ez-toc-section-end\"><\/span><\/h3>\n\n\n\n<figure class=\"wp-block-image size-full is-style-default\"><img width=\"800\" height=\"500\" loading=\"lazy\" decoding=\"async\" src=\"data:image\/svg+xml;base64,PHN2ZyB4bWxucz0iaHR0cDovL3d3dy53My5vcmcvMjAwMC9zdmciIHdpZHRoPSI4MDAiIGhlaWdodD0iNTAwIj48cmVjdCB3aWR0aD0iMTAwJSIgaGVpZ2h0PSIxMDAlIj48YW5pbWF0ZSBhdHRyaWJ1dGVOYW1lPSJmaWxsIiB2YWx1ZXM9InJnYmEoMTUzLDE1MywxNTMsMC41KTtyZ2JhKDE1MywxNTMsMTUzLDAuMSk7cmdiYSgxNTMsMTUzLDE1MywwLjUpIiBkdXI9IjJzIiByZXBlYXRDb3VudD0iaW5kZWZpbml0ZSIgLz48L3JlY3Q+PC9zdmc+\" alt=\"Antilla-Enkazi-Aruba\" class=\"wp-post-19987 wp-image-19993\" data-public-id=\"Antilla-Enkazi-Aruba\/Antilla-Enkazi-Aruba.jpg\" data-format=\"jpg\" data-transformations=\"f_auto,q_auto:low\" data-version=\"1633102469\" data-seo=\"1\" data-size=\"800 500\" data-srcset=\"https:\/\/res.cloudinary.com\/turna\/images\/f_auto,q_auto:low\/v1633102469\/Antilla-Enkazi-Aruba\/Antilla-Enkazi-Aruba.jpg?_i=AA 800w, https:\/\/res.cloudinary.com\/turna\/images\/w_300,h_188,c_scale\/f_auto,q_auto:low\/v1633102469\/Antilla-Enkazi-Aruba\/Antilla-Enkazi-Aruba.jpg?_i=AA 300w, https:\/\/res.cloudinary.com\/turna\/images\/w_672,h_420,c_scale\/f_auto,q_auto:low\/v1633102469\/Antilla-Enkazi-Aruba\/Antilla-Enkazi-Aruba.jpg?_i=AA 672w, https:\/\/res.cloudinary.com\/turna\/images\/w_640,h_400,c_scale\/f_auto,q_auto:low\/v1633102469\/Antilla-Enkazi-Aruba\/Antilla-Enkazi-Aruba.jpg?_i=AA 640w, https:\/\/res.cloudinary.com\/turna\/images\/w_681,h_426,c_scale\/f_auto,q_auto:low\/v1633102469\/Antilla-Enkazi-Aruba\/Antilla-Enkazi-Aruba.jpg?_i=AA 681w\" data-sizes=\"(max-width: 800px) 100vw, 800px\" data-delivery=\"upload\" onload=\";window.CLDBind?CLDBind(this):null;\" data-cloudinary=\"lazy\" \/><\/figure>\n\n\n\n<p><strong>SS Antilla<\/strong> <strong>Enkaz\u0131<\/strong>, Karayipler\u2019de yer alan en b\u00fcy\u00fck ikinci gemi enkaz\u0131. 1940\u2019da ilk seferine \u00e7\u0131kt\u0131ktan sonra Alman m\u00fcrettebat gemiyi teslim etmektense bat\u0131rmay\u0131 tercih etmi\u015fti. Bunun sebebi de Almanya Hollanda\u2019y\u0131 ele ge\u00e7irdi\u011finde geminin Aruba\u2019da ki Malmok K\u00f6rfezi\u2019nde demir atm\u0131\u015f olmas\u0131 ve Hollanda h\u00fck\u00fcmetinin verdi\u011fi kararla kendi topraklar\u0131 i\u00e7inde yer alan t\u00fcm Alman gemilerinin teslim edilmesiydi. <\/p>\n\n\n\n<p>Teslim edilmek yerine alelacele suya g\u00f6m\u00fclen geminin bulundu\u011fu bat\u0131k alan\u0131, g\u00fcn\u00fcm\u00fczde do\u011fal bir resif alan\u0131na d\u00f6n\u00fc\u015ft\u00fc ve bal\u0131klar i\u00e7in yuva, turistler i\u00e7in de g\u00f6r\u00fclebilecek bir yer haline geldi. Antilla Enkaz\u0131, Karayipler\u2019de ziyaret edilebilecek en g\u00fczel gemi bat\u0131\u011f\u0131 olarak da kabul ediliyor.<\/p>\n\n\n\n<h3 class=\"wp-block-heading has-text-align-center has-neeon-button-dark-gray-color has-text-color has-link-color wp-elements-d65ec5928aa5ec41978b9ccb6cb43b1f\"><span class=\"ez-toc-section\" id=\"6_california_deniz_feneri\"><\/span><strong><strong><strong>6. California Deniz Feneri<\/strong><\/strong><\/strong><span class=\"ez-toc-section-end\"><\/span><\/h3>\n\n\n\n<figure class=\"wp-block-image size-full is-style-default\"><img width=\"800\" height=\"500\" loading=\"lazy\" decoding=\"async\" src=\"data:image\/svg+xml;base64,PHN2ZyB4bWxucz0iaHR0cDovL3d3dy53My5vcmcvMjAwMC9zdmciIHdpZHRoPSI4MDAiIGhlaWdodD0iNTAwIj48cmVjdCB3aWR0aD0iMTAwJSIgaGVpZ2h0PSIxMDAlIj48YW5pbWF0ZSBhdHRyaWJ1dGVOYW1lPSJmaWxsIiB2YWx1ZXM9InJnYmEoMTUzLDE1MywxNTMsMC41KTtyZ2JhKDE1MywxNTMsMTUzLDAuMSk7cmdiYSgxNTMsMTUzLDE1MywwLjUpIiBkdXI9IjJzIiByZXBlYXRDb3VudD0iaW5kZWZpbml0ZSIgLz48L3JlY3Q+PC9zdmc+\" alt=\"California-Deniz-Feneri-Aruba\" class=\"wp-post-19987 wp-image-19994\" data-public-id=\"California-Deniz-Feneri-Aruba\/California-Deniz-Feneri-Aruba.jpg\" data-format=\"jpg\" data-transformations=\"f_auto,q_auto:low\" data-version=\"1633102494\" data-seo=\"1\" data-size=\"800 500\" data-srcset=\"https:\/\/res.cloudinary.com\/turna\/images\/f_auto,q_auto:low\/v1633102494\/California-Deniz-Feneri-Aruba\/California-Deniz-Feneri-Aruba.jpg?_i=AA 800w, https:\/\/res.cloudinary.com\/turna\/images\/w_300,h_188,c_scale\/f_auto,q_auto:low\/v1633102494\/California-Deniz-Feneri-Aruba\/California-Deniz-Feneri-Aruba.jpg?_i=AA 300w, https:\/\/res.cloudinary.com\/turna\/images\/w_672,h_420,c_scale\/f_auto,q_auto:low\/v1633102494\/California-Deniz-Feneri-Aruba\/California-Deniz-Feneri-Aruba.jpg?_i=AA 672w, https:\/\/res.cloudinary.com\/turna\/images\/w_640,h_400,c_scale\/f_auto,q_auto:low\/v1633102494\/California-Deniz-Feneri-Aruba\/California-Deniz-Feneri-Aruba.jpg?_i=AA 640w, https:\/\/res.cloudinary.com\/turna\/images\/w_681,h_426,c_scale\/f_auto,q_auto:low\/v1633102494\/California-Deniz-Feneri-Aruba\/California-Deniz-Feneri-Aruba.jpg?_i=AA 681w\" data-sizes=\"(max-width: 800px) 100vw, 800px\" data-delivery=\"upload\" onload=\";window.CLDBind?CLDBind(this):null;\" data-cloudinary=\"lazy\" \/><\/figure>\n\n\n\n<p><strong>California Deniz Feneri, <\/strong>1914-1916 aras\u0131nda ta\u015ftan yap\u0131lm\u0131\u015f, Aruba\u2019n\u0131n en \u00fcnl\u00fc simgelerinden. 1910\u2019da batan S.S. California Gemisi\u2019nin ard\u0131ndan yap\u0131lan ve onun ismini alan feneri, Arashi Plaj\u0131\u2019nda yak\u0131n zaman \u00f6nce restore edildi. <\/p>\n\n\n\n<p>Modern teknoloji sayesinde art\u0131k ihtiya\u00e7 olmasa da California Deniz Feneri, halen turistler i\u00e7in \u00e7ok ilgi \u00e7ekici bir yer olmaya devam ediyor. \u00d6zellikle Aruba\u2019n\u0131n g\u00f6rebilece\u011finiz en g\u00fczel manzaralar\u0131ndan birine sahip olan fenerin tepesine \u00e7\u0131karken ac\u0131k\u0131rsan\u0131z fenerinin eski bek\u00e7isinin restorana d\u00f6n\u00fc\u015ft\u00fcr\u00fclen evinde karn\u0131n\u0131z\u0131 doyurabilirsiniz!<\/p>\n\n\n\n<h3 class=\"wp-block-heading has-text-align-center has-neeon-button-dark-gray-color has-text-color has-link-color wp-elements-50176c760b28df68eab68440cb3f6915\"><span class=\"ez-toc-section\" id=\"7_aruba_esek_koruma_alani\"><\/span><strong><strong><strong>7. Aruba E\u015fek Koruma Alan\u0131<\/strong><\/strong><\/strong><span class=\"ez-toc-section-end\"><\/span><\/h3>\n\n\n\n<figure class=\"wp-block-image size-full is-style-default\"><img width=\"800\" height=\"500\" loading=\"lazy\" decoding=\"async\" src=\"data:image\/svg+xml;base64,PHN2ZyB4bWxucz0iaHR0cDovL3d3dy53My5vcmcvMjAwMC9zdmciIHdpZHRoPSI4MDAiIGhlaWdodD0iNTAwIj48cmVjdCB3aWR0aD0iMTAwJSIgaGVpZ2h0PSIxMDAlIj48YW5pbWF0ZSBhdHRyaWJ1dGVOYW1lPSJmaWxsIiB2YWx1ZXM9InJnYmEoMTUzLDE1MywxNTMsMC41KTtyZ2JhKDE1MywxNTMsMTUzLDAuMSk7cmdiYSgxNTMsMTUzLDE1MywwLjUpIiBkdXI9IjJzIiByZXBlYXRDb3VudD0iaW5kZWZpbml0ZSIgLz48L3JlY3Q+PC9zdmc+\" alt=\"Aruba-Esek-Koruma-Alani\" class=\"wp-post-19987 wp-image-19995\" data-public-id=\"Aruba-Esek-Koruma-Alani\/Aruba-Esek-Koruma-Alani.jpg\" data-format=\"jpg\" data-transformations=\"f_auto,q_auto:low\" data-version=\"1633102516\" data-seo=\"1\" data-size=\"800 500\" data-srcset=\"https:\/\/res.cloudinary.com\/turna\/images\/f_auto,q_auto:low\/v1633102516\/Aruba-Esek-Koruma-Alani\/Aruba-Esek-Koruma-Alani.jpg?_i=AA 800w, https:\/\/res.cloudinary.com\/turna\/images\/w_300,h_188,c_scale\/f_auto,q_auto:low\/v1633102516\/Aruba-Esek-Koruma-Alani\/Aruba-Esek-Koruma-Alani.jpg?_i=AA 300w, https:\/\/res.cloudinary.com\/turna\/images\/w_672,h_420,c_scale\/f_auto,q_auto:low\/v1633102516\/Aruba-Esek-Koruma-Alani\/Aruba-Esek-Koruma-Alani.jpg?_i=AA 672w, https:\/\/res.cloudinary.com\/turna\/images\/w_640,h_400,c_scale\/f_auto,q_auto:low\/v1633102516\/Aruba-Esek-Koruma-Alani\/Aruba-Esek-Koruma-Alani.jpg?_i=AA 640w, https:\/\/res.cloudinary.com\/turna\/images\/w_681,h_426,c_scale\/f_auto,q_auto:low\/v1633102516\/Aruba-Esek-Koruma-Alani\/Aruba-Esek-Koruma-Alani.jpg?_i=AA 681w\" data-sizes=\"(max-width: 800px) 100vw, 800px\" data-delivery=\"upload\" onload=\";window.CLDBind?CLDBind(this):null;\" data-cloudinary=\"lazy\" \/><\/figure>\n\n\n\n<p><strong>Aruba E\u015fek Koruma Alan\u0131<\/strong>, Aruba&#8217;da ilginizi \u00e7ekebilecek yerlerden. Aruba\u2019n\u0131n \u00f6z\u00fcnde olmasa da \u00fclkenin tarihinde \u00e7ok \u00f6nemli yere sahip. Y\u0131llarca yerlilerin ta\u015f\u0131mac\u0131l\u0131k i\u015flerinde yard\u0131mc\u0131 olan ve bu ulusun kurulu\u015funda \u00e7ok ciddi katk\u0131lar sa\u011flayan canl\u0131lar olan e\u015fekler, otomobillerin gelmesinin ard\u0131ndan t\u00fcm\u00fc kendi ba\u015flar\u0131na serbest b\u0131rak\u0131ld\u0131. <\/p>\n\n\n\n<p>Ancak ne yaz\u0131k ki, araba kazalar\u0131 ve hastal\u0131klar \u00e7ok fazla e\u015fek \u00f6l\u00fcm\u00fcne sebep oldu ve 1970\u2019te vah\u015fi hayatta ya\u015fayan yaln\u0131zca 20 e\u015fek kalm\u0131\u015ft\u0131. Hayvanseverlerin devreye girerek onlar i\u00e7in koruma alan\u0131 yaratmalar\u0131 ve yok olmalar\u0131n\u0131 engellemeleri ile Aruba E\u015fek Koruma Alan\u0131 olu\u015fturuldu. G\u00fcn\u00fcm\u00fczde, giri\u015fin \u00fccretsiz oldu\u011fu Aruba E\u015fek Koruma Alan\u0131\u2019na ba\u011f\u0131\u015f kabul ediliyor.<\/p>\n\n\n\n<h3 class=\"wp-block-heading has-text-align-center has-neeon-button-dark-gray-color has-text-color has-link-color wp-elements-962266709cc8378e8182e4214712494c\"><span class=\"ez-toc-section\" id=\"8_alto_vista_sapeli\"><\/span><strong><strong><strong>8. Alto Vista \u015eapeli<\/strong><\/strong><\/strong><span class=\"ez-toc-section-end\"><\/span><\/h3>\n\n\n\n<p><strong>Alto Vista \u015eapeli, <\/strong>Noord Kasabas\u0131\u2019n\u0131n hemen yan\u0131ndaki bir tepede, Katolik olmasan\u0131z da mutlaka g\u00f6rmeniz gereken bir yer. Resmi ismi Alto Vista Meryem Ana olan yap\u0131, Aruba\u2019da yap\u0131lan ilk kilise olma \u00f6zelli\u011fine sahip. Sar\u0131 renkli, k\u0131rm\u0131z\u0131 \u00e7at\u0131l\u0131 bu k\u00fc\u00e7\u00fck kilise, arkas\u0131ndaki mavi denizle muhte\u015fem bir kontrast olu\u015fturuyor. <\/p>\n\n\n\n<p>Her ak\u015fam saat 5 ile 7 aras\u0131nda a\u00e7\u0131k olan kilisede her sal\u0131 g\u00fcn\u00fc de ayinler d\u00fczenleniyor. G\u00fcn\u00fcm\u00fczdeki bina 1952\u2019de yap\u0131lm\u0131\u015f olsa da 1750\u2019den beri burada bir \u015fapel bulunuyor. E\u011fer ziyaret etmeye karar verirseniz, dua edip meditasyon yapabilece\u011finiz bir yer olan Bar\u0131\u015f Labirenti\u2019ni de mutlaka g\u00f6r\u00fcn!<\/p>\n\n\n\n<h3 class=\"wp-block-heading has-text-align-center has-neeon-button-dark-gray-color has-text-color has-link-color wp-elements-97e8d4c1847819a19c4ca191e41558bd\"><span class=\"ez-toc-section\" id=\"9_bushiribana_altin_madeni\"><\/span><strong><strong><strong>9. Bushiribana Alt\u0131n Madeni<\/strong><\/strong><\/strong><span class=\"ez-toc-section-end\"><\/span><\/h3>\n\n\n\n<figure class=\"wp-block-image size-full is-style-default\"><img width=\"800\" height=\"500\" loading=\"lazy\" decoding=\"async\" src=\"data:image\/svg+xml;base64,PHN2ZyB4bWxucz0iaHR0cDovL3d3dy53My5vcmcvMjAwMC9zdmciIHdpZHRoPSI4MDAiIGhlaWdodD0iNTAwIj48cmVjdCB3aWR0aD0iMTAwJSIgaGVpZ2h0PSIxMDAlIj48YW5pbWF0ZSBhdHRyaWJ1dGVOYW1lPSJmaWxsIiB2YWx1ZXM9InJnYmEoMTUzLDE1MywxNTMsMC41KTtyZ2JhKDE1MywxNTMsMTUzLDAuMSk7cmdiYSgxNTMsMTUzLDE1MywwLjUpIiBkdXI9IjJzIiByZXBlYXRDb3VudD0iaW5kZWZpbml0ZSIgLz48L3JlY3Q+PC9zdmc+\" alt=\"Bushiribana-Altin-Madeni-Aruba\" class=\"wp-post-19987 wp-image-19996\" data-public-id=\"Bushiribana-Altin-Madeni-Aruba\/Bushiribana-Altin-Madeni-Aruba.jpg\" data-format=\"jpg\" data-transformations=\"f_auto,q_auto:low\" data-version=\"1633102550\" data-seo=\"1\" data-size=\"800 500\" data-srcset=\"https:\/\/res.cloudinary.com\/turna\/images\/f_auto,q_auto:low\/v1633102550\/Bushiribana-Altin-Madeni-Aruba\/Bushiribana-Altin-Madeni-Aruba.jpg?_i=AA 800w, https:\/\/res.cloudinary.com\/turna\/images\/w_300,h_188,c_scale\/f_auto,q_auto:low\/v1633102550\/Bushiribana-Altin-Madeni-Aruba\/Bushiribana-Altin-Madeni-Aruba.jpg?_i=AA 300w, https:\/\/res.cloudinary.com\/turna\/images\/w_672,h_420,c_scale\/f_auto,q_auto:low\/v1633102550\/Bushiribana-Altin-Madeni-Aruba\/Bushiribana-Altin-Madeni-Aruba.jpg?_i=AA 672w, https:\/\/res.cloudinary.com\/turna\/images\/w_640,h_400,c_scale\/f_auto,q_auto:low\/v1633102550\/Bushiribana-Altin-Madeni-Aruba\/Bushiribana-Altin-Madeni-Aruba.jpg?_i=AA 640w, https:\/\/res.cloudinary.com\/turna\/images\/w_681,h_426,c_scale\/f_auto,q_auto:low\/v1633102550\/Bushiribana-Altin-Madeni-Aruba\/Bushiribana-Altin-Madeni-Aruba.jpg?_i=AA 681w\" data-sizes=\"(max-width: 800px) 100vw, 800px\" data-delivery=\"upload\" onload=\";window.CLDBind?CLDBind(this):null;\" data-cloudinary=\"lazy\" \/><\/figure>\n\n\n\n<p><strong>Bushiribana<\/strong>, Aruba&#8217;n\u0131n en \u00f6nemli alt\u0131n madeni. Ka\u015fifler Yeni D\u00fcnya\u2019ya ilk ula\u015ft\u0131klar\u0131nda hemen b\u00f6lgenin zenginliklerini ara\u015ft\u0131rmaya ba\u015flad\u0131lar ve tabi ki ilk arad\u0131klar\u0131 \u015fey alt\u0131n oldu. 1824\u2019de zenginlik hayalleri ger\u00e7ek oldu ve 12 ya\u015f\u0131ndaki k\u00fc\u00e7\u00fck bir \u00e7oban koyunlar\u0131n\u0131 otlat\u0131rken alt\u0131n\u0131 buldu. Ard\u0131ndan Aruba\u2019dan tonlarca alt\u0131n \u00e7\u0131kart\u0131lmaya ba\u015fland\u0131.<\/p>\n\n\n\n<p>Hatta baz\u0131lar\u0131na g\u00f6re ada, ismini alt\u0131ndan al\u0131yor. Bir d\u00f6nem \u00f6zellikle kullan\u0131lan Oro Ruba ismi, K\u0131rm\u0131z\u0131 Alt\u0131n anlam\u0131na geliyordu. Bir s\u00fcre sonra da adan\u0131n y\u00f6netimi Hollanda h\u00fck\u00fcmetine verildi. G\u00fcn\u00fcm\u00fczde ise Bushiribana Alt\u0131n Madenleri, turistik bir b\u00f6lge olarak halen hizmet veriyor. Y\u00fcr\u00fcyerek, at binerek veya ATV ile b\u00f6lgeye ula\u015fabilirsiniz.<\/p>\n\n\n\n<h3 class=\"wp-block-heading has-text-align-center has-neeon-button-dark-gray-color has-text-color has-link-color wp-elements-1cc59e743802283b946e41ba43ded98d\"><span class=\"ez-toc-section\" id=\"10_de_palm_adasi\"><\/span><strong><strong><strong>10. De Palm Adas\u0131<\/strong><\/strong><\/strong><span class=\"ez-toc-section-end\"><\/span><\/h3>\n\n\n\n<figure class=\"wp-block-image size-full is-style-default\"><img width=\"800\" height=\"500\" loading=\"lazy\" decoding=\"async\" src=\"data:image\/svg+xml;base64,PHN2ZyB4bWxucz0iaHR0cDovL3d3dy53My5vcmcvMjAwMC9zdmciIHdpZHRoPSI4MDAiIGhlaWdodD0iNTAwIj48cmVjdCB3aWR0aD0iMTAwJSIgaGVpZ2h0PSIxMDAlIj48YW5pbWF0ZSBhdHRyaWJ1dGVOYW1lPSJmaWxsIiB2YWx1ZXM9InJnYmEoMTUzLDE1MywxNTMsMC41KTtyZ2JhKDE1MywxNTMsMTUzLDAuMSk7cmdiYSgxNTMsMTUzLDE1MywwLjUpIiBkdXI9IjJzIiByZXBlYXRDb3VudD0iaW5kZWZpbml0ZSIgLz48L3JlY3Q+PC9zdmc+\" alt=\"De-Palm-Adasi-Aruba\" class=\"wp-post-19987 wp-image-19997\" data-public-id=\"De-Palm-Adasi-Aruba\/De-Palm-Adasi-Aruba.jpg\" data-format=\"jpg\" data-transformations=\"f_auto,q_auto:low\" data-version=\"1633102577\" data-seo=\"1\" data-size=\"800 500\" data-srcset=\"https:\/\/res.cloudinary.com\/turna\/images\/f_auto,q_auto:low\/v1633102577\/De-Palm-Adasi-Aruba\/De-Palm-Adasi-Aruba.jpg?_i=AA 800w, https:\/\/res.cloudinary.com\/turna\/images\/w_300,h_188,c_scale\/f_auto,q_auto:low\/v1633102577\/De-Palm-Adasi-Aruba\/De-Palm-Adasi-Aruba.jpg?_i=AA 300w, https:\/\/res.cloudinary.com\/turna\/images\/w_672,h_420,c_scale\/f_auto,q_auto:low\/v1633102577\/De-Palm-Adasi-Aruba\/De-Palm-Adasi-Aruba.jpg?_i=AA 672w, https:\/\/res.cloudinary.com\/turna\/images\/w_640,h_400,c_scale\/f_auto,q_auto:low\/v1633102577\/De-Palm-Adasi-Aruba\/De-Palm-Adasi-Aruba.jpg?_i=AA 640w, https:\/\/res.cloudinary.com\/turna\/images\/w_681,h_426,c_scale\/f_auto,q_auto:low\/v1633102577\/De-Palm-Adasi-Aruba\/De-Palm-Adasi-Aruba.jpg?_i=AA 681w\" data-sizes=\"(max-width: 800px) 100vw, 800px\" data-delivery=\"upload\" onload=\";window.CLDBind?CLDBind(this):null;\" data-cloudinary=\"lazy\" \/><\/figure>\n\n\n\n<p><strong>De Palm Adas\u0131<\/strong>, Aruba&#8217;n\u0131n \u00f6zeti gibi. Aruba\u2019da her \u015feyden biraz yapmak isterseniz, o zaman bu her \u015fey dahil \u00f6zel ada turuna mutlaka kat\u0131l\u0131n! T\u00fcm g\u00fcn ya da yar\u0131m g\u00fcn olarak planlayabilece\u011finiz ve giri\u015f \u00fccretinin bir\u00e7ok aktiviteyi kar\u015f\u0131lad\u0131\u011f\u0131 turda, salsa dersleri, muza binmek ve zipline gibi \u00e7ok e\u011flenceli etkinlikler yer al\u0131yor. Sabah kahvalt\u0131s\u0131, \u00f6\u011fle yeme\u011fi ve i\u00e7ecekler de yine \u00fccrete dahil hizmetler aras\u0131nda.<\/p>\n\n\n\n<p>De Palm Adas\u0131\u2019n\u0131n i\u00e7erisinde \u00f6zel bir su park\u0131 da bulunuyor. Buras\u0131 bir mercan adas\u0131 olmas\u0131ndan dolay\u0131 adan\u0131n etraf\u0131 bal\u0131k k\u00fcmeleriyle dolu, \u00fcstelik \u015fnorkelle y\u00fczmek de \u00e7ok ayr\u0131 ve g\u00fczel bir deneyim. Ekstra \u00fccret \u00f6deyerek masaj gibi hizmetler de alabilece\u011finiz De Palm Adas\u0131\u2019n\u0131n en g\u00fczel yanlar\u0131ndan biri de scuba diving kasklar\u0131ndan giyerek dalg\u0131\u00e7lar gibi deniz alt\u0131nda muhte\u015fem bir yolculu\u011fa \u00e7\u0131kmak!<\/p>\n\n\n\n<h2 class=\"wp-block-heading has-text-align-center has-neeon-button-dark-gray-color has-text-color has-link-color wp-elements-04587ae52ab65a0865f6d46260a88331\"><span class=\"ez-toc-section\" id=\"arubada_bunlari_yapmadan_donmeyin\"><\/span><strong><strong>Aruba\u2019da Bunlar\u0131 Yapmadan D\u00f6nmeyin!<\/strong><\/strong><span class=\"ez-toc-section-end\"><\/span><\/h2>\n\n\n\n<figure class=\"wp-block-image size-full\"><img width=\"800\" height=\"500\" loading=\"lazy\" decoding=\"async\" src=\"data:image\/svg+xml;base64,PHN2ZyB4bWxucz0iaHR0cDovL3d3dy53My5vcmcvMjAwMC9zdmciIHdpZHRoPSI4MDAiIGhlaWdodD0iNTAwIj48cmVjdCB3aWR0aD0iMTAwJSIgaGVpZ2h0PSIxMDAlIj48YW5pbWF0ZSBhdHRyaWJ1dGVOYW1lPSJmaWxsIiB2YWx1ZXM9InJnYmEoMTUzLDE1MywxNTMsMC41KTtyZ2JhKDE1MywxNTMsMTUzLDAuMSk7cmdiYSgxNTMsMTUzLDE1MywwLjUpIiBkdXI9IjJzIiByZXBlYXRDb3VudD0iaW5kZWZpbml0ZSIgLz48L3JlY3Q+PC9zdmc+\" alt=\"\" class=\"wp-post-19987 wp-image-11018\" data-public-id=\"Aruba-National-Bridge_tn4kj0\/Aruba-National-Bridge_tn4kj0.jpg\" data-format=\"jpg\" data-transformations=\"f_auto,q_auto:low\" data-version=\"1513430995\" data-seo=\"1\" data-size=\"800 500\" data-srcset=\"https:\/\/res.cloudinary.com\/turna\/images\/f_auto,q_auto:low\/v1513430995\/Aruba-National-Bridge_tn4kj0\/Aruba-National-Bridge_tn4kj0.jpg?_i=AA 800w, https:\/\/res.cloudinary.com\/turna\/images\/w_300,h_188,c_scale\/f_auto,q_auto:low\/v1513430995\/Aruba-National-Bridge_tn4kj0\/Aruba-National-Bridge_tn4kj0.jpg?_i=AA 300w, https:\/\/res.cloudinary.com\/turna\/images\/w_672,h_420,c_scale\/f_auto,q_auto:low\/v1513430995\/Aruba-National-Bridge_tn4kj0\/Aruba-National-Bridge_tn4kj0.jpg?_i=AA 672w, https:\/\/res.cloudinary.com\/turna\/images\/w_640,h_400,c_scale\/f_auto,q_auto:low\/v1513430995\/Aruba-National-Bridge_tn4kj0\/Aruba-National-Bridge_tn4kj0.jpg?_i=AA 640w, https:\/\/res.cloudinary.com\/turna\/images\/w_681,h_426,c_scale\/f_auto,q_auto:low\/v1513430995\/Aruba-National-Bridge_tn4kj0\/Aruba-National-Bridge_tn4kj0.jpg?_i=AA 681w\" data-sizes=\"(max-width: 800px) 100vw, 800px\" data-delivery=\"upload\" onload=\";window.CLDBind?CLDBind(this):null;\" data-cloudinary=\"lazy\" \/><\/figure>\n\n\n\n<ul class=\"wp-block-list\">\n<li>Eagle Beach\u2019te g\u00fcn bat\u0131m\u0131n\u0131 izleyin ve Karayiplerin b\u00fcy\u00fcleyici renklerine tan\u0131kl\u0131k edin.<\/li>\n\n\n\n<li>Arikok Ulusal Park\u0131\u2019n\u0131n do\u011fal havuzlar\u0131nda do\u011fa ile e\u015fsiz bir bulu\u015fma ya\u015fay\u0131n.<\/li>\n\n\n\n<li>Antilla Enkaz\u0131\u2019nda \u015fnorkelle dal\u0131\u015f yap\u0131n. Tarihin ve su alt\u0131 d\u00fcnyas\u0131n\u0131n b\u00fcy\u00fcs\u00fcne kap\u0131l\u0131n.<\/li>\n\n\n\n<li>Oranjestad sokaklar\u0131n\u0131 ad\u0131mlayarak pastel renkli binalarla e\u015fsiz foto\u011fraf kareleri yakalay\u0131n.<\/li>\n\n\n\n<li>De Palm Adas\u0131\u2019nda zipline ve su sporlar\u0131na kat\u0131l\u0131n, adrenalini hissedin.<\/li>\n\n\n\n<li>California Deniz Feneri\u2019nden adan\u0131n panoramik manzaras\u0131n\u0131 seyredin ve g\u00f6z alabildi\u011fine uzanan deniz manzaras\u0131n\u0131n tad\u0131n\u0131 \u00e7\u0131kar\u0131n.<\/li>\n\n\n\n<li>Yerel pazarlarda al\u0131\u015fveri\u015f yaparak el yap\u0131m\u0131 hediyelikleri ke\u015ffedin.<\/li>\n<\/ul>\n\n\n\n<h2 class=\"wp-block-heading has-text-align-center has-neeon-button-dark-gray-color has-text-color has-link-color wp-elements-184d887a641b609d37e2c707cf4a049a\"><span class=\"ez-toc-section\" id=\"arubada_nerede_kalinir\"><\/span><strong><strong>Aruba\u2019da Nerede Kal\u0131n\u0131r?<\/strong><\/strong><span class=\"ez-toc-section-end\"><\/span><\/h2>\n\n\n\n<figure class=\"wp-block-image size-full\"><img width=\"800\" height=\"500\" loading=\"lazy\" decoding=\"async\" src=\"data:image\/svg+xml;base64,PHN2ZyB4bWxucz0iaHR0cDovL3d3dy53My5vcmcvMjAwMC9zdmciIHdpZHRoPSI4MDAiIGhlaWdodD0iNTAwIj48cmVjdCB3aWR0aD0iMTAwJSIgaGVpZ2h0PSIxMDAlIj48YW5pbWF0ZSBhdHRyaWJ1dGVOYW1lPSJmaWxsIiB2YWx1ZXM9InJnYmEoMTUzLDE1MywxNTMsMC41KTtyZ2JhKDE1MywxNTMsMTUzLDAuMSk7cmdiYSgxNTMsMTUzLDE1MywwLjUpIiBkdXI9IjJzIiByZXBlYXRDb3VudD0iaW5kZWZpbml0ZSIgLz48L3JlY3Q+PC9zdmc+\" alt=\"en iyi butik oteller\" class=\"wp-post-19987 wp-image-22657\" data-public-id=\"wordpress-contents\/butik_otel_nedir\/butik_otel_nedir.jpg\" data-format=\"jpg\" data-transformations=\"f_auto,q_auto:low\" data-version=\"1717688400\" data-seo=\"1\" data-size=\"800 500\" data-srcset=\"https:\/\/res.cloudinary.com\/turna\/images\/f_auto,q_auto:low\/v1717688400\/wordpress-contents\/butik_otel_nedir\/butik_otel_nedir.jpg?_i=AA 800w, https:\/\/res.cloudinary.com\/turna\/images\/w_300,h_188,c_scale\/f_auto,q_auto:low\/v1717688400\/wordpress-contents\/butik_otel_nedir\/butik_otel_nedir.jpg?_i=AA 300w, https:\/\/res.cloudinary.com\/turna\/images\/w_672,h_420,c_scale\/f_auto,q_auto:low\/v1717688400\/wordpress-contents\/butik_otel_nedir\/butik_otel_nedir.jpg?_i=AA 672w, https:\/\/res.cloudinary.com\/turna\/images\/w_640,h_400,c_scale\/f_auto,q_auto:low\/v1717688400\/wordpress-contents\/butik_otel_nedir\/butik_otel_nedir.jpg?_i=AA 640w, https:\/\/res.cloudinary.com\/turna\/images\/w_681,h_426,c_scale\/f_auto,q_auto:low\/v1717688400\/wordpress-contents\/butik_otel_nedir\/butik_otel_nedir.jpg?_i=AA 681w\" data-sizes=\"(max-width: 800px) 100vw, 800px\" data-delivery=\"upload\" onload=\";window.CLDBind?CLDBind(this):null;\" data-cloudinary=\"lazy\" \/><\/figure>\n\n\n\n<p>Aruba, konaklama se\u00e7enekleriyle her b\u00fct\u00e7eye ve tarza hitap eden bir tatil cenneti. L\u00fcks bir deneyim arayanlar i\u00e7in Palm Beach \u00e7evresindeki d\u00fcnya standartlar\u0131nda tatil k\u00f6yleri ve butik oteller harika bir se\u00e7im oluyor. Beyaz kumlu sahillerin hemen yan\u0131 ba\u015f\u0131nda yer alan bu tesislerde, spa hizmetlerinden \u00f6zel plajlara kadar her detay incelikle d\u00fc\u015f\u00fcn\u00fclm\u00fc\u015f. E\u011fer daha samimi bir atmosfer ar\u0131yorsan\u0131z, rotan\u0131z\u0131 Oranjestad\u2019da yerel i\u015fletmeler taraf\u0131ndan i\u015fletilen pansiyonlara \u00e7evirmeniz gerekiyor. Ailece bir tatil planlayanlar i\u00e7in ise Eagle Beach yak\u0131nlar\u0131ndaki geni\u015f, mutfakl\u0131 apart oteller rahat bir konaklama olana\u011f\u0131 sa\u011fl\u0131yor.&nbsp;<\/p>\n\n\n\n<h2 class=\"wp-block-heading has-text-align-center has-neeon-button-dark-gray-color has-text-color has-link-color wp-elements-9447a9b9b840d2bed222afd7701d51a4\"><span class=\"ez-toc-section\" id=\"arubada_ne_yenir\"><\/span><strong><strong>Aruba\u2019da Ne Yenir?<\/strong><\/strong><span class=\"ez-toc-section-end\"><\/span><\/h2>\n\n\n\n<p>Aruba mutfa\u011f\u0131, Karayiplerin taptaze tatlar\u0131yla Avrupa etkilerinin lezzetli bir harman\u0131n\u0131 sunuyor. Adan\u0131n en \u00fcnl\u00fc yeme\u011fi olan &#8220;keshi yena,&#8221; eritilmi\u015f Hollanda peyniriyle doldurulmu\u015f tavuk veya deniz \u00fcr\u00fcnlerinden yap\u0131l\u0131yor ve b\u00f6lgede mutlaka denenmesi gereken lezzetler aras\u0131nda yer al\u0131yor. Yerel bal\u0131k pazarlar\u0131ndan al\u0131nan g\u00fcnl\u00fck taze bal\u0131klarla yap\u0131lan &#8220;pisca hasa&#8221; ise deniz mahsul\u00fc severlerin favorisi olarak dikkat \u00e7ekiyor. <\/p>\n\n\n\n<p>Sokak lezzetleri aras\u0131nda bir hayli pop\u00fcler olan peynirli veya etli k\u0131zarm\u0131\u015f hamur i\u015fi &#8220;pastechi&#8221; kolayca bulabilece\u011finiz bir at\u0131\u015ft\u0131rmal\u0131k olarak \u00f6ne \u00e7\u0131k\u0131yor. Tatl\u0131 severlerin kalbini \u00e7almaya kararl\u0131 bir lezzet sunan &#8220;bolo di cashupete&#8221; (kajulu kek) ise damaklarda iz b\u0131rak\u0131yor.&nbsp;<\/p>\n\n\n\n<h2 class=\"wp-block-heading has-text-align-center has-neeon-button-dark-gray-color has-text-color has-link-color wp-elements-709dc139571754729a257dfb9ff18d79\"><span class=\"ez-toc-section\" id=\"arubaya_nasil_gidilir\"><\/span><strong><strong>Aruba\u2019ya Nas\u0131l Gidilir?<\/strong><\/strong><span class=\"ez-toc-section-end\"><\/span><\/h2>\n\n\n\n<figure class=\"wp-block-image size-full\"><img width=\"800\" height=\"500\" loading=\"lazy\" decoding=\"async\" src=\"data:image\/svg+xml;base64,PHN2ZyB4bWxucz0iaHR0cDovL3d3dy53My5vcmcvMjAwMC9zdmciIHdpZHRoPSI4MDAiIGhlaWdodD0iNTAwIj48cmVjdCB3aWR0aD0iMTAwJSIgaGVpZ2h0PSIxMDAlIj48YW5pbWF0ZSBhdHRyaWJ1dGVOYW1lPSJmaWxsIiB2YWx1ZXM9InJnYmEoMTUzLDE1MywxNTMsMC41KTtyZ2JhKDE1MywxNTMsMTUzLDAuMSk7cmdiYSgxNTMsMTUzLDE1MywwLjUpIiBkdXI9IjJzIiByZXBlYXRDb3VudD0iaW5kZWZpbml0ZSIgLz48L3JlY3Q+PC9zdmc+\" alt=\"\" class=\"wp-post-19987 wp-image-15329\" data-public-id=\"Ucuz-Ucak-Bileti_qrjima\/Ucuz-Ucak-Bileti_qrjima.jpg\" data-format=\"jpg\" data-transformations=\"f_auto,q_auto\/f_auto,q_auto:low\" data-version=\"1547843606\" data-seo=\"1\" data-size=\"800 500\" data-srcset=\"https:\/\/res.cloudinary.com\/turna\/images\/f_auto,q_auto\/f_auto,q_auto\/f_auto,q_auto:low\/v1547843606\/Ucuz-Ucak-Bileti_qrjima\/Ucuz-Ucak-Bileti_qrjima.jpg?_i=AA 800w, https:\/\/res.cloudinary.com\/turna\/images\/w_300,h_188,c_scale\/f_auto,q_auto\/f_auto,q_auto\/f_auto,q_auto:low\/v1547843606\/Ucuz-Ucak-Bileti_qrjima\/Ucuz-Ucak-Bileti_qrjima.jpg?_i=AA 300w, https:\/\/res.cloudinary.com\/turna\/images\/w_672,h_420,c_scale\/f_auto,q_auto\/f_auto,q_auto\/f_auto,q_auto:low\/v1547843606\/Ucuz-Ucak-Bileti_qrjima\/Ucuz-Ucak-Bileti_qrjima.jpg?_i=AA 672w, https:\/\/res.cloudinary.com\/turna\/images\/w_640,h_400,c_scale\/f_auto,q_auto\/f_auto,q_auto\/f_auto,q_auto:low\/v1547843606\/Ucuz-Ucak-Bileti_qrjima\/Ucuz-Ucak-Bileti_qrjima.jpg?_i=AA 640w, https:\/\/res.cloudinary.com\/turna\/images\/w_681,h_426,c_scale\/f_auto,q_auto\/f_auto,q_auto\/f_auto,q_auto:low\/v1547843606\/Ucuz-Ucak-Bileti_qrjima\/Ucuz-Ucak-Bileti_qrjima.jpg?_i=AA 681w\" data-sizes=\"(max-width: 800px) 100vw, 800px\" data-delivery=\"upload\" onload=\";window.CLDBind?CLDBind(this):null;\" data-cloudinary=\"lazy\" \/><\/figure>\n\n\n\n<p>Aruba\u2019ya ula\u015fmak i\u00e7in ilk durak, uluslararas\u0131 u\u00e7u\u015flarla hizmet veren Queen Beatrix Uluslararas\u0131 Havaliman\u0131 (AUA) oluyor. T\u00fcrkiye\u2019den havaliman\u0131na direkt u\u00e7u\u015f bulunmasa da Amsterdam, New York veya Miami gibi \u015fehirler \u00fczerinden aktarmal\u0131 u\u00e7u\u015flarla adaya kolayca ula\u015f\u0131m sa\u011flanabiliyor. U\u00e7u\u015f s\u00fcresi aktarmalar dahil genellikle 14-16 saat aras\u0131nda de\u011fi\u015fiklik g\u00f6steriyor.<\/p>\n\n\n\n<p>En ucuz&nbsp;<strong><a href=\"https:\/\/www.turna.com\/ucak-bileti\/aruba\"><strong>Aruba<\/strong>&nbsp;u\u00e7ak bileti<\/a><\/strong>&nbsp;i\u00e7in turna.com sayfas\u0131n\u0131 ziyaret edin. Geli\u015fmi\u015f arama teknolojisi, g\u00fcvenli \u00f6deme ve daha fazlas\u0131 turna.com sayfalar\u0131nda. <\/p>\n\n\n\n<p>Tropik esintiler ve e\u015fsiz kumsallar sizi Aruba\u2019da bekliyor! U\u00e7ak biletinizi al\u0131n, Karayiplerin huzur dolu cennetine do\u011fru unutulmaz bir yolculu\u011fa \u00e7\u0131k\u0131n.<br><\/p>\n\n    <div class=\"xs_social_share_widget xs_share_url after_content \t\tmain_content  wslu-style-1 wslu-share-box-shaped wslu-fill-colored wslu-none wslu-share-horizontal wslu-theme-font-no wslu-main_content\">\n\n\t\t\n        <ul>\n\t\t\t        <\/ul>\n    <\/div> \n","protected":false},"excerpt":{"rendered":"<p>Aruba, Karayip Denizi&#8217;nin g\u00fcneyinde, K\u00fc\u00e7\u00fck Antiller&#8217;in bat\u0131s\u0131nda ve Venezuela k\u0131y\u0131lar\u0131n\u0131n sadece 15 mil a\u00e7\u0131klar\u0131nda kalan cennet bir tropik ada. Venezuela&#8217;n\u0131n 29 km kuzeyinde yer alan, Hollanda Krall\u0131\u011f\u0131&#8217;n\u0131 meydana getiren 4 \u00fclkeden biri olan Aruba, i\u00e7erisinde Bonaire ve Curacao adalar\u0131n\u0131n da bulundu\u011fu ABC Adalar\u0131 aras\u0131nda yer al\u0131yor. Karayipler ve \u00e7evresini kapsayan kruvaziyer turlar\u0131n\u0131n rotas\u0131nda bulunan Aruba, [&hellip;]<\/p>\n","protected":false},"author":8,"featured_media":19988,"comment_status":"open","ping_status":"open","sticky":false,"template":"","format":"standard","meta":{"rop_custom_images_group":[],"rop_custom_messages_group":[],"rop_publish_now":"initial","rop_publish_now_accounts":[],"rop_publish_now_history":[],"rop_publish_now_status":"pending","_cloudinary_featured_overwrite":false,"footnotes":""},"categories":[1419],"tags":[1420],"class_list":["post-19987","post","type-post","status-publish","format-standard","has-post-thumbnail","hentry","category-aruba","tag-aruba"],"_links":{"self":[{"href":"https:\/\/www.turna.com\/blog\/wp-json\/wp\/v2\/posts\/19987","targetHints":{"allow":["GET"]}}],"collection":[{"href":"https:\/\/www.turna.com\/blog\/wp-json\/wp\/v2\/posts"}],"about":[{"href":"https:\/\/www.turna.com\/blog\/wp-json\/wp\/v2\/types\/post"}],"author":[{"embeddable":true,"href":"https:\/\/www.turna.com\/blog\/wp-json\/wp\/v2\/users\/8"}],"replies":[{"embeddable":true,"href":"https:\/\/www.turna.com\/blog\/wp-json\/wp\/v2\/comments?post=19987"}],"version-history":[{"count":0,"href":"https:\/\/www.turna.com\/blog\/wp-json\/wp\/v2\/posts\/19987\/revisions"}],"wp:featuredmedia":[{"embeddable":true,"href":"https:\/\/www.turna.com\/blog\/wp-json\/wp\/v2\/media\/19988"}],"wp:attachment":[{"href":"https:\/\/www.turna.com\/blog\/wp-json\/wp\/v2\/media?parent=19987"}],"wp:term":[{"taxonomy":"category","embeddable":true,"href":"https:\/\/www.turna.com\/blog\/wp-json\/wp\/v2\/categories?post=19987"},{"taxonomy":"post_tag","embeddable":true,"href":"https:\/\/www.turna.com\/blog\/wp-json\/wp\/v2\/tags?post=19987"}],"curies":[{"name":"wp","href":"https:\/\/api.w.org\/{rel}","templated":true}]}}