{"id":19929,"date":"2021-11-12T08:14:00","date_gmt":"2021-11-12T05:14:00","guid":{"rendered":"https:\/\/www.turna.com\/blog\/?p=19929"},"modified":"2024-09-12T10:12:16","modified_gmt":"2024-09-12T07:12:16","slug":"barselona-yeme-ve-icme","status":"publish","type":"post","link":"https:\/\/www.turna.com\/blog\/barselona-yeme-ve-icme","title":{"rendered":"Barselona Yeme ve \u0130\u00e7me"},"content":{"rendered":"\n<p>Kendine \u00f6zg\u00fc Katalan k\u00fclt\u00fcr\u00fc ve tutkulu flamenkosuyla <strong>\u0130spanya<\/strong>\u2019n\u0131n genelinden farkl\u0131 bir karaktere sahip olan <strong>Barselona<\/strong>, Modernista ak\u0131m\u0131n\u0131n en g\u00fczel \u00f6rneklerini kald\u0131r\u0131mlar\u0131ndan tarihi yap\u0131lar\u0131na dek hissettiren egzotik bir atmosfere sahip.<\/p>\n\n\n\n<p>Akdeniz ikliminin ve Barselonal\u0131lar\u0131n s\u0131cakl\u0131\u011f\u0131, masmavi denizinin verdi\u011fi ferahl\u0131\u011f\u0131, s\u00fcrprizlerle dolu g\u00fcnl\u00fck ya\u015fam\u0131 ve sokak lambalar\u0131ndan banklar\u0131na dek her k\u00f6\u015fesinde kendine \u00f6zg\u00fc bir esteti\u011fe sahip olan Barselona, \u0130spanya\u2019n\u0131n en \u00e7ok ziyaret edilen \u015fehirlerinden biri.<\/p>\n\n\n\n<figure class=\"wp-block-image size-full is-style-default\"><img width=\"800\" height=\"500\" data-public-id=\"Barselona-ne-yenir\/Barselona-ne-yenir.jpg\" fetchpriority=\"high\" decoding=\"async\" src=\"https:\/\/res.cloudinary.com\/turna\/images\/w_800,h_500,c_scale\/f_auto,q_auto:low\/v1632894725\/Barselona-ne-yenir\/Barselona-ne-yenir.jpg?_i=AA\" alt=\"Barselona ne yenir\" class=\"wp-post-19929 wp-image-19930\" data-format=\"jpg\" data-transformations=\"f_auto,q_auto:low\" data-version=\"1632894725\" data-seo=\"1\" srcset=\"https:\/\/res.cloudinary.com\/turna\/images\/f_auto,q_auto:low\/v1632894725\/Barselona-ne-yenir\/Barselona-ne-yenir.jpg?_i=AA 800w, https:\/\/res.cloudinary.com\/turna\/images\/w_300,h_188,c_scale\/f_auto,q_auto:low\/v1632894725\/Barselona-ne-yenir\/Barselona-ne-yenir.jpg?_i=AA 300w, https:\/\/res.cloudinary.com\/turna\/images\/w_672,h_420,c_scale\/f_auto,q_auto:low\/v1632894725\/Barselona-ne-yenir\/Barselona-ne-yenir.jpg?_i=AA 672w, https:\/\/res.cloudinary.com\/turna\/images\/w_640,h_400,c_scale\/f_auto,q_auto:low\/v1632894725\/Barselona-ne-yenir\/Barselona-ne-yenir.jpg?_i=AA 640w, https:\/\/res.cloudinary.com\/turna\/images\/w_681,h_426,c_scale\/f_auto,q_auto:low\/v1632894725\/Barselona-ne-yenir\/Barselona-ne-yenir.jpg?_i=AA 681w\" sizes=\"(max-width: 800px) 100vw, 800px\" \/><\/figure>\n\n\n\n<p>Kentin en \u00f6nemli simgesi olan Sagrada Familia Bazilikas\u0131, Antoni Gaudi\u2019nin en \u00f6nemli eserleri aras\u0131nda bulunuyor. Yap\u0131m\u0131na 1882\u2019de ba\u015flanan bu muhte\u015fem yap\u0131 g\u00fcn\u00fcm\u00fczde dahi tamamlanamasa da turistlerin en \u00e7ok ziyaret ettikleri yerlerden biri. Gaudi\u2019nin heykelleri ve \u00e7al\u0131\u015fmalar\u0131n\u0131n sergilendi\u011fi m\u00fcze haricinde buran\u0131n zemin kat\u0131nda kendisinin mezar\u0131 da bulunuyor. Ay\u0131rca Gaudi\u2019nin i\u00e7 ve d\u0131\u015f cephesini tasarlad\u0131\u011f\u0131 Casa Batllo, UNESCO D\u00fcnya Miras\u0131 Listesi\u2019nde yer al\u0131yor.<\/p>\n\n\n\n<p>Kentte ziyaret edilecek di\u011fer yerler aras\u0131nda La Libera\u2019daki Picasso M\u00fczesi bulunuyor. Kentin en fazla ziyaret edilen m\u00fczesi olan yerde, Picasso\u2019nun hayat\u0131 ve tecr\u00fcbelerinin sonucu olan eserleri sergileniyor.<\/p>\n\n\n\n<p>Montjuic&#8217;de bulunan ve f\u0131skiye olarak bilinen La Font Magica Barselona&#8217;n\u0131n \u00f6nemli yap\u0131lar\u0131ndan biri. F\u0131skiyelerin set halinde s\u0131raland\u0131\u011f\u0131 Montjuic, yaz gecelerinde ate\u015fi and\u0131ran g\u00f6r\u00fcnt\u00fcs\u00fcyle sihirli bir abide olarak \u015fehre ayr\u0131 bir renk kat\u0131yor.<\/p>\n\n\n\n<p>Barcelona&#8217;n\u0131n ku\u015f bak\u0131\u015f\u0131 g\u00f6r\u00fclebilen muhte\u015fem manzaras\u0131yla Park Guell, \u015fehrin di\u011fer bir simgesi. Ayr\u0131ca \u00fcnl\u00fc \u0130spanyol ressam Joan Miro\u2019nun eserlerinden olu\u015fan Modern Sanatlar M\u00fczesi ve Olimpiyat Stad\u0131 da en \u00e7ok ziyaret edilen yerler aras\u0131nda bulunuyor.<\/p>\n\n\n\n<p>Gece hayat\u0131yla da \u00f6ne \u00e7\u0131kan Barselona, iki kilometre uzunlu\u011funda be\u015f caddenin birbirine ba\u011flanmas\u0131yla olu\u015fmu\u015f bir yaya bulvar\u0131 olan Las Ramblas olarak da bilinen La Rambla, \u015fehrin en \u00fcnl\u00fc, en e\u011flenceli, en co\u015fkulu ve ayn\u0131 zamanda en g\u00fcr\u00fclt\u00fcl\u00fc yeri.<\/p>\n\n\n\n<p>\u015eehir ya\u015fam\u0131 deyince, farkl\u0131 ve \u00f6zel bir al\u0131\u015fveri\u015f deneyimi i\u00e7in El Born Market\u2019i gezebilir, yaz\u0131n Barselona\u2019da bulunuyorsan\u0131z, Barceloneta Plaj\u0131&#8217;nda di\u011fer insanlara kat\u0131l\u0131p denizin tad\u0131n\u0131 \u00e7\u0131karabilirsiniz.<\/p>\n\n\n\n<h2 class=\"wp-block-heading\"><strong>Barselona Yeme ve \u0130\u00e7me<\/strong><\/h2>\n\n\n\n<figure class=\"wp-block-image size-full is-style-default\"><img width=\"800\" height=\"500\" data-public-id=\"Barselona-Yeme-Icme\/Barselona-Yeme-Icme.jpg\" decoding=\"async\" src=\"https:\/\/res.cloudinary.com\/turna\/images\/w_800,h_500,c_scale\/f_auto,q_auto:low\/v1632894825\/Barselona-Yeme-Icme\/Barselona-Yeme-Icme.jpg?_i=AA\" alt=\"Barselona-Yeme-Icme\" class=\"wp-post-19929 wp-image-19932\" data-format=\"jpg\" data-transformations=\"f_auto,q_auto:low\" data-version=\"1632894825\" data-seo=\"1\" srcset=\"https:\/\/res.cloudinary.com\/turna\/images\/f_auto,q_auto:low\/v1632894825\/Barselona-Yeme-Icme\/Barselona-Yeme-Icme.jpg?_i=AA 800w, https:\/\/res.cloudinary.com\/turna\/images\/w_300,h_188,c_scale\/f_auto,q_auto:low\/v1632894825\/Barselona-Yeme-Icme\/Barselona-Yeme-Icme.jpg?_i=AA 300w, https:\/\/res.cloudinary.com\/turna\/images\/w_672,h_420,c_scale\/f_auto,q_auto:low\/v1632894825\/Barselona-Yeme-Icme\/Barselona-Yeme-Icme.jpg?_i=AA 672w, https:\/\/res.cloudinary.com\/turna\/images\/w_640,h_400,c_scale\/f_auto,q_auto:low\/v1632894825\/Barselona-Yeme-Icme\/Barselona-Yeme-Icme.jpg?_i=AA 640w, https:\/\/res.cloudinary.com\/turna\/images\/w_681,h_426,c_scale\/f_auto,q_auto:low\/v1632894825\/Barselona-Yeme-Icme\/Barselona-Yeme-Icme.jpg?_i=AA 681w\" sizes=\"(max-width: 800px) 100vw, 800px\" \/><\/figure>\n\n\n\n<p>Bir Akdeniz kenti olan Barselona\u2019da, Katalan mutfa\u011f\u0131 b\u00fcy\u00fck \u00f6l\u00e7\u00fcde zeytinya\u011f\u0131, deniz \u00fcr\u00fcnleri, sebze, meyve ve k\u0131rm\u0131z\u0131 et Katalan sofralar\u0131n\u0131n vazge\u00e7ilmezleri aras\u0131nda. Katalanlar yemek k\u00fclt\u00fcr\u00fc olduk\u00e7a lezzetli oldu\u011fu kadar \u00f6\u011f\u00fcn s\u0131kl\u0131\u011f\u0131 da fazla. Rahat insanlar olan Katalanlar, g\u00fcne ge\u00e7 ba\u015flay\u0131p \u00fc\u00e7 \u00f6\u011f\u00fcn\u00fc atlam\u0131yorlar.<\/p>\n\n\n\n<p>Kahvalt\u0131n\u0131n en temel yiyece\u011fi olan &#8216;pa\u2019am tomaquet&#8217;, k\u0131zarm\u0131\u015f ekmek \u00fczerine taze domates ve zeytinya\u011f\u0131 s\u00fcr\u00fclmesiyle haz\u0131rlanan bir aperatif. &#8216;Tortilla a la espanola&#8217; ise ince dilimlenen patates, so\u011fan ve yumurtan\u0131n \u00e7\u0131rp\u0131lmas\u0131yla yap\u0131lan \u0130spanyol omleti.<\/p>\n\n\n\n<p>\u00d6\u011fle yeme\u011finin genellikle 14.00\u2019ten \u00f6nce yenmedi\u011fi Barselona\u2019da kentin tarihi yiyecek pazar\u0131 olan La Boqueria&#8217;daki tezg\u00e2hlarda birbirinden \u00e7e\u015fitli ve enfes at\u0131\u015ft\u0131rmal\u0131klar bulabilir, taze sandvi\u00e7, zeytinli ekmekler, zeytinya\u011flar\u0131, \u015fark\u00fcteri \u00fcr\u00fcnleri ve mezelerin a\u011f\u0131rl\u0131kl\u0131 oldu\u011fu yiyeceklerin tad\u0131na bakabilirsiniz.<\/p>\n\n\n\n<h2 class=\"wp-block-heading\"><strong>Barselona&#8217;da ne yenir<\/strong><\/h2>\n\n\n\n<p>Ak\u015fam yemeklerinin en erken saat 20.00 sular\u0131nda ba\u015flad\u0131\u011f\u0131 kentte, yemeklere e\u015flik eden sohbetlerle gece yar\u0131s\u0131n\u0131 buluyor. Elbette Barselona ve ak\u015fam yeme\u011fi dendi\u011finde ayn\u0131 c\u00fcmle i\u00e7inde &#8216;<strong>tapas<\/strong>&#8216; mutlaka ge\u00e7er. T\u00fcm d\u00fcnyan\u0131n tan\u0131d\u0131\u011f\u0131 tapas barlar\u0131, Barselona\u2019n\u0131n en \u00e7ok sevilen yemek mek\u00e2nlar\u0131.<\/p>\n\n\n\n<p>K\u00fc\u00e7\u00fck porsiyon meze anlam\u0131na gelen tapas, daha \u00e7ok karides, kalamar, \u0131stakoz gibi deniz \u00fcr\u00fcnleri ile haz\u0131rlansa da asl\u0131nda pek \u00e7ok \u00e7e\u015fidi var. \u00d6zellikle patatas bravas ile ve bir \u00e7e\u015fit sarm\u0131sakl\u0131, zeytinya\u011fl\u0131 mayonezle servis edilen tapas\u0131, kentte Tapas 24, Cal Pep, Maitea ve Quimet&#8217;te yiyebilirsiniz. Al\u0131\u015f\u0131lm\u0131\u015f\u0131n d\u0131\u015f\u0131nda bir tapas bar olan ve online rezervasyon yapt\u0131rman\u0131z\u0131 \u015fart ko\u015fan Tickets da farkl\u0131 bir atmosfer arayanlar i\u00e7in olduk\u00e7a ho\u015f bir mekan.<\/p>\n\n\n\n<p>Cuines de Santa Catarina ve Agua hem \u00f6\u011fle hem de ak\u015fam yeme\u011fi i\u00e7in ailecek gidilebilecek g\u00fczel restoranlar var. Ak\u015fam yeme\u011fine kadar 1850&#8217;lerden beri faaliyet g\u00f6steren Escriba&#8217;da mutlaka kahve ve tatl\u0131 molas\u0131 verebilirsiniz. Mauri Cafe\u2019nin tatl\u0131lar\u0131 ile Pasteleria Escriba\u2019n\u0131n birbirinden lezzetli \u00e7ikolatalar\u0131n\u0131 denemeden d\u00f6nmeyin!<\/p>\n\n\n\n<p>Katalan mutfa\u011f\u0131nda tadabilece\u011finiz di\u011fer lezzetler ise, me\u015fhur Katalan g\u00fcveci olan &#8216;escudella&#8217;, deniz mahsulleri \u00e7orbas\u0131 &#8216;suquet de peix&#8217;, &#8216;espinacs a la catalana&#8217;, &#8216;fuet ve botifara&#8217;, so\u011fuk domates \u00e7orbas\u0131 &#8216;gazpacho&#8217;, \u0130spanyol jambonu &#8216;Jamon&#8217;, manchego peyniri, sal\u00e7al\u0131 et yemekleri ve yahni yeme\u011fi &#8220;rabo de toro&#8221; say\u0131labilir. Ancak elbette bu kadarla bitmiyor.<\/p>\n\n\n\n<p>Deniz mahsulleri deyince men\u00fcn\u00fcn ba\u015f\u0131n\u0131 \u00e7eken fener bal\u0131\u011f\u0131, dil bal\u0131\u011f\u0131 gibi bal\u0131k t\u00fcrlerinin, g\u00fcve\u00e7te veya sar\u0131msakl\u0131 soslarla buharda pi\u015firilerek veya \u0131zgarada kar\u0131\u015f\u0131k halde sipari\u015f verebiliyorsunuz. \u201cPaella\u201d da yine \u00e7ok t\u00fcketildi\u011fi kadar yine \u00e7e\u015fitli deniz \u00fcr\u00fcnleri, bal\u0131k veya tavukla haz\u0131rlanan, safranl\u0131 bir pilav.<\/p>\n\n\n\n<figure class=\"wp-block-image size-full is-style-default\"><img width=\"800\" height=\"500\" data-public-id=\"Barselona-Yeme-Icme-Tapas\/Barselona-Yeme-Icme-Tapas.jpg\" decoding=\"async\" src=\"https:\/\/res.cloudinary.com\/turna\/images\/w_800,h_500,c_scale\/f_auto,q_auto:low\/v1632894820\/Barselona-Yeme-Icme-Tapas\/Barselona-Yeme-Icme-Tapas.jpg?_i=AA\" alt=\"Tapas\" class=\"wp-post-19929 wp-image-19931\" data-format=\"jpg\" data-transformations=\"f_auto,q_auto:low\" data-version=\"1632894820\" data-seo=\"1\" srcset=\"https:\/\/res.cloudinary.com\/turna\/images\/f_auto,q_auto:low\/v1632894820\/Barselona-Yeme-Icme-Tapas\/Barselona-Yeme-Icme-Tapas.jpg?_i=AA 800w, https:\/\/res.cloudinary.com\/turna\/images\/w_300,h_188,c_scale\/f_auto,q_auto:low\/v1632894820\/Barselona-Yeme-Icme-Tapas\/Barselona-Yeme-Icme-Tapas.jpg?_i=AA 300w, https:\/\/res.cloudinary.com\/turna\/images\/w_672,h_420,c_scale\/f_auto,q_auto:low\/v1632894820\/Barselona-Yeme-Icme-Tapas\/Barselona-Yeme-Icme-Tapas.jpg?_i=AA 672w, https:\/\/res.cloudinary.com\/turna\/images\/w_640,h_400,c_scale\/f_auto,q_auto:low\/v1632894820\/Barselona-Yeme-Icme-Tapas\/Barselona-Yeme-Icme-Tapas.jpg?_i=AA 640w, https:\/\/res.cloudinary.com\/turna\/images\/w_681,h_426,c_scale\/f_auto,q_auto:low\/v1632894820\/Barselona-Yeme-Icme-Tapas\/Barselona-Yeme-Icme-Tapas.jpg?_i=AA 681w\" sizes=\"(max-width: 800px) 100vw, 800px\" \/><figcaption class=\"wp-element-caption\">Tapas<\/figcaption><\/figure>\n\n\n\n<p>Yemeklerinin yan\u0131nda ise elbette en \u00e7ok y\u00f6resel veya el yap\u0131m\u0131 \u0130spanyol \u015faraplar\u0131, \u0130spanyol \u015fampanyas\u0131 &#8216;cava&#8217; ve meyve ve konya\u011f\u0131n kar\u0131\u015ft\u0131r\u0131lmas\u0131yla haz\u0131rlanan ve ulusal bir i\u00e7ki olan &#8216;<strong>sangria<\/strong>&#8216; t\u00fcketiliyor.<\/p>\n\n\n\n<p>Deniz mahsulleri i\u00e7in sahil \u015feridine, y\u00f6resel lezzetler i\u00e7in Barre Gotic&#8217;te yer alan 4 Gats, d\u00fcnya mutfaklar\u0131 i\u00e7in ise Gracia b\u00f6lgesinde yer alan restoranlar\u0131 ve Cerveceria Catalana&#8217;y\u0131 tercih edebilirsiniz.<\/p>\n\n\n\n<p>Et yeme\u011fi i\u00e7in Rambla de Catalunya&#8217;daki Ciudad Condal&#8217;a u\u011frayabilir, Cachitos&#8217;ta tapas ve sangria&#8217;n\u0131n tad\u0131na bakabilir, Paseo de Gracia ve Rambla de Catalunya aras\u0131nda yer alan Petit Comit\u00e9&#8217;de yine leziz Katalan yemeklerine doyabilir, \u015f\u0131k bir ak\u015fam yeme\u011fi i\u00e7in Boca Grande\u2019i tercih edebilirsiniz.<\/p>\n\n\n\n<p>En ucuz <a href=\"https:\/\/www.turna.com\/ucak-bileti\/barselona\">Barselona u\u00e7ak bileti<\/a> i\u00e7in turna.com sayfas\u0131n\u0131 ziyaret edin. Geli\u015fmi\u015f arama teknolojisi, g\u00fcvenli \u00f6deme, komisyonsuz al\u0131\u015fveri\u015f, kesintisiz iade garantisi ve daha fazla turna.com sayfalar\u0131nda.<\/p>\n\n\n\n<p><meta charset=\"utf-8\"><strong>Barselona&#8217;da Yap\u0131lacak \u015eeyler<\/strong><\/p>\n\n\n\n<p><strong>1.<\/strong> Gaudi\u2019nin muhte\u015fem ve halen bitirilememi\u015f olan Sagrada Familia\u2019s\u0131n\u0131 ziyaret edin.<br><strong>2.<\/strong> Passeig De Gracia\u2019n\u0131n s\u00fcrreal mimarisini g\u00f6r\u00fcn.<br><strong>3.<\/strong> Parc G\u00fcell\u2019in fantezi d\u00fcnyas\u0131n\u0131 ya\u015fay\u0131n.<br><strong>4.<\/strong> Palau Nacional\u2019daki ola\u011fan\u00fcst\u00fc orta\u00e7a\u011f sanat galerisini gezin.<br><strong>5.<\/strong> Barcelona Katedrali\u2019nin g\u00f6rkemli gotik yap\u0131s\u0131n\u0131 ke\u015ffedin.<br><strong>6.<\/strong> Las Ramblas caddesinde y\u00fcr\u00fcy\u00fc\u015f yap\u0131n.<br><strong>7.<\/strong> Picasso M\u00fczesi\u2019nde bulunan Picasso\u2019nun ilk zamanlar\u0131na ait \u00e7al\u0131\u015fmalar\u0131 foto\u011fraflay\u0131n.<br><strong>8.<\/strong> Miro Vakf\u0131\u2019ndaki Miro\u2019nun sanat eserlerine hayran kal\u0131n.<br><strong>9.<\/strong> Modern Sanat M\u00fczesinde sergilenen \u0130spanyol modern sanat \u00e7al\u0131\u015fmalar\u0131n\u0131 tan\u0131y\u0131n.<br><strong>10.<\/strong> Kent simgelerinden biri olan Torre Agbar\u2019\u0131 ke\u015ffedin.<\/p>\n\n\n\n<p>Kentte her dama\u011fa uygun lezzetler bulunabiliyor. Kahvalt\u0131larda daha \u00e7ok b\u00f6rek, pasta ve kahvenin t\u00fcketildi\u011fi yerde, yemeklerde her t\u00fcrl\u00fc alternatifi denemek m\u00fcmk\u00fcn. Birbirinden farkl\u0131 \u00e7ok say\u0131da restoranda deniz \u00fcr\u00fcnleri, sebzeler ve et yemekleri ve alkoll\u00fc alkols\u00fcz \u00f6zel kokteyller, \u015faraplar, bira, \u00fcnl\u00fc \u0130spanyol ve d\u00fcnya markalar\u0131n\u0131n i\u00e7ecekleri her zaman bulunabiliyor.<\/p>\n\n\n\n<p><strong>\u0130spanya<\/strong>&#8216;n\u0131n egzotik esintiler ta\u015f\u0131yan kenti <strong>Barselona<\/strong>, s\u0131cak ve samimi insanlar\u0131, zengin k\u00fclt\u00fcr ve sanat ya\u015fam\u0131, gezilecek ve g\u00f6r\u00fclecek yerleriyle keyifli bir seyahat rotas\u0131.<\/p>\n\n    <div class=\"xs_social_share_widget xs_share_url after_content \t\tmain_content  wslu-style-1 wslu-share-box-shaped wslu-fill-colored wslu-none wslu-share-horizontal wslu-theme-font-no wslu-main_content\">\n\n\t\t\n        <ul>\n\t\t\t        <\/ul>\n    <\/div> \n","protected":false},"excerpt":{"rendered":"<p>Kendine \u00f6zg\u00fc Katalan k\u00fclt\u00fcr\u00fc ve tutkulu flamenkosuyla \u0130spanya\u2019n\u0131n genelinden farkl\u0131 bir karaktere sahip olan Barselona, Modernista ak\u0131m\u0131n\u0131n en g\u00fczel \u00f6rneklerini kald\u0131r\u0131mlar\u0131ndan tarihi yap\u0131lar\u0131na dek hissettiren egzotik bir atmosfere sahip. Akdeniz ikliminin ve Barselonal\u0131lar\u0131n s\u0131cakl\u0131\u011f\u0131, masmavi denizinin verdi\u011fi ferahl\u0131\u011f\u0131, s\u00fcrprizlerle dolu g\u00fcnl\u00fck ya\u015fam\u0131 ve sokak lambalar\u0131ndan banklar\u0131na dek her k\u00f6\u015fesinde kendine \u00f6zg\u00fc bir esteti\u011fe sahip olan [&hellip;]<\/p>\n","protected":false},"author":8,"featured_media":19932,"comment_status":"open","ping_status":"open","sticky":false,"template":"","format":"standard","meta":{"rop_custom_images_group":[],"rop_custom_messages_group":[],"rop_publish_now":"initial","rop_publish_now_accounts":[],"rop_publish_now_history":[],"rop_publish_now_status":"pending","_cloudinary_featured_overwrite":false,"footnotes":""},"categories":[165],"tags":[316],"class_list":["post-19929","post","type-post","status-publish","format-standard","has-post-thumbnail","hentry","category-ispanya","tag-barselona"],"_links":{"self":[{"href":"https:\/\/www.turna.com\/blog\/wp-json\/wp\/v2\/posts\/19929","targetHints":{"allow":["GET"]}}],"collection":[{"href":"https:\/\/www.turna.com\/blog\/wp-json\/wp\/v2\/posts"}],"about":[{"href":"https:\/\/www.turna.com\/blog\/wp-json\/wp\/v2\/types\/post"}],"author":[{"embeddable":true,"href":"https:\/\/www.turna.com\/blog\/wp-json\/wp\/v2\/users\/8"}],"replies":[{"embeddable":true,"href":"https:\/\/www.turna.com\/blog\/wp-json\/wp\/v2\/comments?post=19929"}],"version-history":[{"count":0,"href":"https:\/\/www.turna.com\/blog\/wp-json\/wp\/v2\/posts\/19929\/revisions"}],"wp:featuredmedia":[{"embeddable":true,"href":"https:\/\/www.turna.com\/blog\/wp-json\/wp\/v2\/media\/19932"}],"wp:attachment":[{"href":"https:\/\/www.turna.com\/blog\/wp-json\/wp\/v2\/media?parent=19929"}],"wp:term":[{"taxonomy":"category","embeddable":true,"href":"https:\/\/www.turna.com\/blog\/wp-json\/wp\/v2\/categories?post=19929"},{"taxonomy":"post_tag","embeddable":true,"href":"https:\/\/www.turna.com\/blog\/wp-json\/wp\/v2\/tags?post=19929"}],"curies":[{"name":"wp","href":"https:\/\/api.w.org\/{rel}","templated":true}]}}