{"id":19917,"date":"2021-10-13T08:24:00","date_gmt":"2021-10-13T05:24:00","guid":{"rendered":"https:\/\/www.turna.com\/blog\/?p=19917"},"modified":"2024-09-09T17:31:46","modified_gmt":"2024-09-09T14:31:46","slug":"cordobada-nerede-kalinir","status":"publish","type":"post","link":"https:\/\/www.turna.com\/blog\/cordobada-nerede-kalinir","title":{"rendered":"Cordoba\u2019da Nerede Kal\u0131n\u0131r?"},"content":{"rendered":"\n<p><strong>Cordoba<\/strong>, End\u00fcl\u00fcs \u00d6zerk B\u00f6lgesi\u2019nde yer alan, <strong>\u0130spanya<\/strong>\u2019n\u0131n en g\u00fczel \u015fehirlerinden. Guadalquivir Nehri vadisi k\u0131y\u0131s\u0131nda kurulu, 1984\u2019ten bu yana UNESCO \u0130nsanl\u0131k Miraslar\u0131 Listesi\u2019nde yer alan \u015fehir, End\u00fcl\u00fcs\u2019e ba\u015fkentlik yapm\u0131\u015f, bir d\u00f6nem <strong>Avrupa<\/strong>\u2019ya y\u00f6n veren adresi. Cordoba&#8217;da nerede kal\u0131n\u0131r diye d\u00fc\u015f\u00fcn\u00fcyorsan\u0131z, bu rehber sizin i\u00e7in!<\/p>\n\n\n\n<p>Cordoba, beyaz badanal\u0131 duvarlar\u0131, Arnavut kald\u0131r\u0131ml\u0131 dar sokaklar\u0131 ve duvarlar\u0131na mavi saks\u0131lar\u0131n as\u0131ld\u0131\u011f\u0131 \u00e7i\u00e7eklerle tan\u0131mlanabilir. G\u00f6z al\u0131c\u0131 tarihi, farkl\u0131 k\u00fclt\u00fcrlere ait yap\u0131lar\u0131 ve rengarenk bah\u00e7eleriyle olduk\u00e7a \u00e7ekici bir destinasyon olan Cordoba&#8217;da gezilecek yerlerinin yan\u0131 s\u0131ra, sanatsal el i\u015fleri ve gastronomisi ile de me\u015fhur.<\/p>\n\n\n\n<figure class=\"wp-block-image alignnone size-full wp-post-19917 wp-image-159176 is-style-default\"><img width=\"800\" height=\"500\" data-public-id=\"Cordoba-Nasil-Gidilir\/Cordoba-Nasil-Gidilir.jpg\" fetchpriority=\"high\" decoding=\"async\" src=\"https:\/\/res.cloudinary.com\/turna\/images\/w_800,h_500,c_scale\/f_auto,q_auto:low\/v1632892724\/Cordoba-Nasil-Gidilir\/Cordoba-Nasil-Gidilir.jpg?_i=AA\" alt=\"\" class=\"wp-post-19917 wp-image-19918\" data-format=\"jpg\" data-transformations=\"f_auto,q_auto:low\" data-version=\"1632892724\" data-seo=\"1\" srcset=\"https:\/\/res.cloudinary.com\/turna\/images\/f_auto,q_auto:low\/v1632892724\/Cordoba-Nasil-Gidilir\/Cordoba-Nasil-Gidilir.jpg?_i=AA 800w, https:\/\/res.cloudinary.com\/turna\/images\/w_300,h_188,c_scale\/f_auto,q_auto:low\/v1632892724\/Cordoba-Nasil-Gidilir\/Cordoba-Nasil-Gidilir.jpg?_i=AA 300w, https:\/\/res.cloudinary.com\/turna\/images\/w_672,h_420,c_scale\/f_auto,q_auto:low\/v1632892724\/Cordoba-Nasil-Gidilir\/Cordoba-Nasil-Gidilir.jpg?_i=AA 672w, https:\/\/res.cloudinary.com\/turna\/images\/w_640,h_400,c_scale\/f_auto,q_auto:low\/v1632892724\/Cordoba-Nasil-Gidilir\/Cordoba-Nasil-Gidilir.jpg?_i=AA 640w, https:\/\/res.cloudinary.com\/turna\/images\/w_681,h_426,c_scale\/f_auto,q_auto:low\/v1632892724\/Cordoba-Nasil-Gidilir\/Cordoba-Nasil-Gidilir.jpg?_i=AA 681w\" sizes=\"(max-width: 800px) 100vw, 800px\" \/><figcaption class=\"wp-element-caption\">Hospes Palacio del Bailio<\/figcaption><\/figure>\n\n\n\n<p>Tuzlanm\u0131\u015f Morina zeytinya\u011f\u0131 ve portakallardan olu\u015fan Naranja con Aceite y Bacalao, Gazpa\u00e7o\u2019ya benzeyen ancak daha doyurucu olan taze domates \u00e7orbas\u0131 Salmorejo ve Araplardan esinlenmi\u015f turun\u00e7giller kremas\u0131yla doldurulmu\u015f bir hamur i\u015fi olan Pastel Cordob\u00e9s mutlaka denenmeli.<\/p>\n\n\n\n<p>Cordoba\u2019da en \u00f6nemli mimari eser, \u0130spanyollar taraf\u0131ndan Mezquita olarak adland\u0131r\u0131lan <strong>Kurtuba Camii<\/strong>. Katolik \u0130spanyollar\u0131n ele ge\u00e7irmesinden sonra kiliseye \u00e7evrilen ve g\u00fcn\u00fcm\u00fczde hala katedral olarak kullan\u0131lmakta olan yap\u0131, yap\u0131lan bir miktar tahribata kar\u015f\u0131n h\u00e2l\u00e2 pek \u00e7ok \u00f6zelli\u011fini koruyor.<\/p>\n\n\n\n<p>M\u00fcsl\u00fcman etkisinin yo\u011fun hissedildi\u011fi bir kent olan Cordoba\u2019n\u0131n tarihi merkezi 1984&#8217;ten bu yana UNESCO D\u00fcnya Miraslar\u0131 listesinde bulunuyor.<\/p>\n\n\n\n<h2 class=\"wp-block-heading\"><strong>Cordoba\u2019da Nerede Kal\u0131n\u0131r<\/strong>?<\/h2>\n\n\n\n<p>Cordoba\u2019n\u0131n tarihi merkezindeki pop\u00fcler l\u00fcks otellerin ilki, 16. y\u00fczy\u0131la ait bir saraydan etkileyici bir otele d\u00f6n\u00fc\u015ft\u00fcr\u00fclm\u00fc\u015f <strong>Hospes Palacio del Bailio<\/strong>\u2019nun cam zemininden alt\u0131ndaki orijinal Roma Binas\u0131 g\u00f6r\u00fclebiliyor.<\/p>\n\n\n\n<p>Bah\u00e7esindeki havuzun etraf\u0131n\u0131 portakal ve limon a\u011fa\u00e7lar\u0131 \u00e7evriliyor. Otelin Roma hamam\u0131 ve bir de spas\u0131 bulunuyor.<\/p>\n\n\n\n<p>Eski Yahudi Mahallesi olan Juderia\u2019da, antik sinagogun ve B\u00fcy\u00fck Camii\u2019nin yan\u0131ndaki <strong>NH Collection Amistad Cordoba<\/strong>\u2019n\u0131n da bah\u00e7esi ve havuzu bulunuyor. <\/p>\n\n\n\n<p>Alcazar\u2019dan biraz \u00f6tede bulunan <strong>Las Casas de La Juderia<\/strong> bir havuza ve antika mobilyalara sahip.<\/p>\n\n\n\n<figure class=\"wp-block-image alignnone size-full wp-post-19917 wp-image-159175 is-style-default\"><img width=\"800\" height=\"500\" data-public-id=\"Hospes-Palacio-del-Bailio-Cordoba-Konaklama\/Hospes-Palacio-del-Bailio-Cordoba-Konaklama.jpg\" decoding=\"async\" src=\"https:\/\/res.cloudinary.com\/turna\/images\/w_800,h_500,c_scale\/f_auto,q_auto:low\/v1632892733\/Hospes-Palacio-del-Bailio-Cordoba-Konaklama\/Hospes-Palacio-del-Bailio-Cordoba-Konaklama.jpg?_i=AA\" alt=\"Hotel Hospes Palacio del Bail\u00edo\" class=\"wp-post-19917 wp-image-19920\" data-format=\"jpg\" data-transformations=\"f_auto,q_auto:low\" data-version=\"1632892733\" data-seo=\"1\" srcset=\"https:\/\/res.cloudinary.com\/turna\/images\/f_auto,q_auto:low\/v1632892733\/Hospes-Palacio-del-Bailio-Cordoba-Konaklama\/Hospes-Palacio-del-Bailio-Cordoba-Konaklama.jpg?_i=AA 800w, https:\/\/res.cloudinary.com\/turna\/images\/w_300,h_188,c_scale\/f_auto,q_auto:low\/v1632892733\/Hospes-Palacio-del-Bailio-Cordoba-Konaklama\/Hospes-Palacio-del-Bailio-Cordoba-Konaklama.jpg?_i=AA 300w, https:\/\/res.cloudinary.com\/turna\/images\/w_672,h_420,c_scale\/f_auto,q_auto:low\/v1632892733\/Hospes-Palacio-del-Bailio-Cordoba-Konaklama\/Hospes-Palacio-del-Bailio-Cordoba-Konaklama.jpg?_i=AA 672w, https:\/\/res.cloudinary.com\/turna\/images\/w_640,h_400,c_scale\/f_auto,q_auto:low\/v1632892733\/Hospes-Palacio-del-Bailio-Cordoba-Konaklama\/Hospes-Palacio-del-Bailio-Cordoba-Konaklama.jpg?_i=AA 640w, https:\/\/res.cloudinary.com\/turna\/images\/w_681,h_426,c_scale\/f_auto,q_auto:low\/v1632892733\/Hospes-Palacio-del-Bailio-Cordoba-Konaklama\/Hospes-Palacio-del-Bailio-Cordoba-Konaklama.jpg?_i=AA 681w\" sizes=\"(max-width: 800px) 100vw, 800px\" \/><figcaption class=\"wp-element-caption\">Hotel Hospes Palacio del Bail\u00edo <\/figcaption><\/figure>\n\n\n\n<p>Cordoba\u2019da e\u011fer orta s\u0131n\u0131f bir konaklama d\u00fc\u015f\u00fcn\u00fcyorsan\u0131z, Mezquita\u2019n\u0131n hemen yan\u0131ndaki <strong>Eurostars Maimonides Oteli<\/strong> tarihi b\u00f6lgede az bulunan bir \u00f6zellik olarak kendi park alan\u0131na sahip. <\/p>\n\n\n\n<p>Nehir kenar\u0131nda \u015firin bir butik otel olan <strong>Hacienda Posada de Vallina<\/strong> camiye bakan balkonlar\u0131 ile restore edilmi\u015f tarihi bir bina ve \u00fccretsiz kahvalt\u0131 sunuyor.<\/p>\n\n\n\n<p>Nehirden Mezquita\u2019ya 15 dakikal\u0131k y\u00fcr\u00fcy\u00fc\u015f mesafesindeki <strong>Butik Otel Viento<\/strong> ise 10 jakuzi, sauna, minimalist d\u00f6\u015fenmi\u015f odalar ve merkezin dar sokaklar\u0131nda araba kullanmak istemeyenlerin tercih edece\u011fi bir park alan\u0131na sahip.<\/p>\n\n\n\n<figure class=\"wp-block-image alignnone size-full wp-post-19917 wp-image-159179 is-style-default\"><img width=\"800\" height=\"500\" data-public-id=\"Alcazar-de-los-Reyes-Cordoba-Nerede-Kalinir\/Alcazar-de-los-Reyes-Cordoba-Nerede-Kalinir.jpg\" decoding=\"async\" src=\"https:\/\/res.cloudinary.com\/turna\/images\/w_800,h_500,c_scale\/f_auto,q_auto:low\/v1632892729\/Alcazar-de-los-Reyes-Cordoba-Nerede-Kalinir\/Alcazar-de-los-Reyes-Cordoba-Nerede-Kalinir.jpg?_i=AA\" alt=\"Alcazar de Los Reyes\" class=\"wp-post-19917 wp-image-19919\" data-format=\"jpg\" data-transformations=\"f_auto,q_auto:low\" data-version=\"1632892729\" data-seo=\"1\" srcset=\"https:\/\/res.cloudinary.com\/turna\/images\/f_auto,q_auto:low\/v1632892729\/Alcazar-de-los-Reyes-Cordoba-Nerede-Kalinir\/Alcazar-de-los-Reyes-Cordoba-Nerede-Kalinir.jpg?_i=AA 800w, https:\/\/res.cloudinary.com\/turna\/images\/w_300,h_188,c_scale\/f_auto,q_auto:low\/v1632892729\/Alcazar-de-los-Reyes-Cordoba-Nerede-Kalinir\/Alcazar-de-los-Reyes-Cordoba-Nerede-Kalinir.jpg?_i=AA 300w, https:\/\/res.cloudinary.com\/turna\/images\/w_672,h_420,c_scale\/f_auto,q_auto:low\/v1632892729\/Alcazar-de-los-Reyes-Cordoba-Nerede-Kalinir\/Alcazar-de-los-Reyes-Cordoba-Nerede-Kalinir.jpg?_i=AA 672w, https:\/\/res.cloudinary.com\/turna\/images\/w_640,h_400,c_scale\/f_auto,q_auto:low\/v1632892729\/Alcazar-de-los-Reyes-Cordoba-Nerede-Kalinir\/Alcazar-de-los-Reyes-Cordoba-Nerede-Kalinir.jpg?_i=AA 640w, https:\/\/res.cloudinary.com\/turna\/images\/w_681,h_426,c_scale\/f_auto,q_auto:low\/v1632892729\/Alcazar-de-los-Reyes-Cordoba-Nerede-Kalinir\/Alcazar-de-los-Reyes-Cordoba-Nerede-Kalinir.jpg?_i=AA 681w\" sizes=\"(max-width: 800px) 100vw, 800px\" \/><figcaption class=\"wp-element-caption\">Alcazar de los Reyes<\/figcaption><\/figure>\n\n\n\n<p>Uygun fiyatl\u0131 bir otelde kalmay\u0131 d\u00fc\u015f\u00fcn\u00fcyorsan\u0131z, camiden y\u00fcr\u00fcyerek 10 dakika mesafede, Juderia\u2019n\u0131n s\u0131n\u0131r\u0131nda bir aile i\u015fletmesi olan <strong>Hotel Don Paula<\/strong>\u2019y\u0131 tercih edebilirsiniz. <\/p>\n\n\n\n<p>Geleneksel End\u00fcl\u00fcs binas\u0131nda Eskiden Manast\u0131r olan <strong>Hostel El Antiguo Convento<\/strong> B\u00fcy\u00fck Cami\u2019den bir mahalle \u00f6tede ve restoran se\u00e7enekleri ile \u00e7evrili.<\/p>\n\n\n\n<p>Mezquita\u2019dan kar\u015f\u0131ya Roma k\u00f6pr\u00fcs\u00fcn\u00fcn \u00fcst\u00fcnden 5 dakikal\u0131k y\u00fcr\u00fcme mesafesindeki <strong>Hesperia Cordoba<\/strong> \u015fehir manzaral\u0131 \u00e7at\u0131 kat\u0131 havuzu, yeralt\u0131 otopark\u0131 ve arabayla kolay eri\u015fim gibi l\u00fckslere sahip.<\/p>\n\n\n\n<h3 class=\"wp-block-heading\"><strong>Cordoba\u2019ya nas\u0131l gidilir<\/strong>?<\/h3>\n\n\n\n<p>T\u00fcrk vatanda\u015flar\u0131n\u0131n Schengen vizesi alarak girmek zorunda oldu\u011fu Cordoba, \u0130spanya\u2019n\u0131n g\u00fcneyinde, Sevilla ile Granada aras\u0131ndaki b\u00f6lgede bulunuyor. <\/p>\n\n\n\n<p>Havaliman\u0131n\u0131n bulunmad\u0131\u011f\u0131 Cordoba\u2019ya ula\u015f\u0131m i\u00e7in, ancak Sevilla veya Madrid\u2019e u\u00e7up Cordoba\u2019ya tren veya otob\u00fcsle ge\u00e7mek gerekiyor.<\/p>\n\n\n\n<p><strong>Sevilla Havaliman\u0131<\/strong> ise Cordoba\u2019ya yakla\u015f\u0131k 1.5 saatlik mesafede bulunurken, Madrid Havaliman\u0131 i\u00e7in 2.5 saat kara yolculu\u011fu gerekiyor.<\/p>\n\n\n\n<p>En uygun <a href=\"https:\/\/www.turna.com\/ucak-bileti\/cordoba-cordoba\">Cordoba u\u00e7ak bileti<\/a> i\u00e7in turna.com sayfas\u0131n\u0131 ziyaret edin. Geli\u015fmi\u015f arama teknolojisi, g\u00fcvenli \u00f6deme, kesintisiz iade garantisi ve daha fazla turna.com sayfalar\u0131nda.<\/p>\n\n\n\n<p>Sevilla\u2019ya 130 km uzakl\u0131kta yer alan ve bir d\u00f6nemin, Kahire ve Ba\u011fdat ile birlikte en \u00f6nemli 3 \u015fehrinden biri olan <strong>Cordoba<\/strong>\u2019da gezilip g\u00f6r\u00fclecek pek \u00e7ok yer, ke\u015ffedilecek pek \u00e7ok g\u00fczellik bulunuyor.<\/p>\n\n    <div class=\"xs_social_share_widget xs_share_url after_content \t\tmain_content  wslu-style-1 wslu-share-box-shaped wslu-fill-colored wslu-none wslu-share-horizontal wslu-theme-font-no wslu-main_content\">\n\n\t\t\n        <ul>\n\t\t\t        <\/ul>\n    <\/div> \n","protected":false},"excerpt":{"rendered":"<p>Cordoba, End\u00fcl\u00fcs \u00d6zerk B\u00f6lgesi\u2019nde yer alan, \u0130spanya\u2019n\u0131n en g\u00fczel \u015fehirlerinden. Guadalquivir Nehri vadisi k\u0131y\u0131s\u0131nda kurulu, 1984\u2019ten bu yana UNESCO \u0130nsanl\u0131k Miraslar\u0131 Listesi\u2019nde yer alan \u015fehir, End\u00fcl\u00fcs\u2019e ba\u015fkentlik yapm\u0131\u015f, bir d\u00f6nem Avrupa\u2019ya y\u00f6n veren adresi. Cordoba&#8217;da nerede kal\u0131n\u0131r diye d\u00fc\u015f\u00fcn\u00fcyorsan\u0131z, bu rehber sizin i\u00e7in! Cordoba, beyaz badanal\u0131 duvarlar\u0131, Arnavut kald\u0131r\u0131ml\u0131 dar sokaklar\u0131 ve duvarlar\u0131na mavi saks\u0131lar\u0131n [&hellip;]<\/p>\n","protected":false},"author":14,"featured_media":19920,"comment_status":"open","ping_status":"open","sticky":false,"template":"","format":"standard","meta":{"rop_custom_images_group":[],"rop_custom_messages_group":[],"rop_publish_now":"initial","rop_publish_now_accounts":[],"rop_publish_now_history":[],"rop_publish_now_status":"pending","_cloudinary_featured_overwrite":false,"footnotes":""},"categories":[165],"tags":[1025,2603],"class_list":["post-19917","post","type-post","status-publish","format-standard","has-post-thumbnail","hentry","category-ispanya","tag-cordoba","tag-jerez"],"_links":{"self":[{"href":"https:\/\/www.turna.com\/blog\/wp-json\/wp\/v2\/posts\/19917","targetHints":{"allow":["GET"]}}],"collection":[{"href":"https:\/\/www.turna.com\/blog\/wp-json\/wp\/v2\/posts"}],"about":[{"href":"https:\/\/www.turna.com\/blog\/wp-json\/wp\/v2\/types\/post"}],"author":[{"embeddable":true,"href":"https:\/\/www.turna.com\/blog\/wp-json\/wp\/v2\/users\/14"}],"replies":[{"embeddable":true,"href":"https:\/\/www.turna.com\/blog\/wp-json\/wp\/v2\/comments?post=19917"}],"version-history":[{"count":0,"href":"https:\/\/www.turna.com\/blog\/wp-json\/wp\/v2\/posts\/19917\/revisions"}],"wp:featuredmedia":[{"embeddable":true,"href":"https:\/\/www.turna.com\/blog\/wp-json\/wp\/v2\/media\/19920"}],"wp:attachment":[{"href":"https:\/\/www.turna.com\/blog\/wp-json\/wp\/v2\/media?parent=19917"}],"wp:term":[{"taxonomy":"category","embeddable":true,"href":"https:\/\/www.turna.com\/blog\/wp-json\/wp\/v2\/categories?post=19917"},{"taxonomy":"post_tag","embeddable":true,"href":"https:\/\/www.turna.com\/blog\/wp-json\/wp\/v2\/tags?post=19917"}],"curies":[{"name":"wp","href":"https:\/\/api.w.org\/{rel}","templated":true}]}}