{"id":19903,"date":"2021-10-12T08:00:00","date_gmt":"2021-10-12T05:00:00","guid":{"rendered":"https:\/\/www.turna.com\/blog\/?p=19903"},"modified":"2021-09-28T19:14:21","modified_gmt":"2021-09-28T16:14:21","slug":"nevsehir-gezilecek-yerler","status":"publish","type":"post","link":"https:\/\/www.turna.com\/blog\/nevsehir-gezilecek-yerler","title":{"rendered":"Nev\u015fehir Gezilecek Yerler"},"content":{"rendered":"<div id=\"ez-toc-container\" class=\"ez-toc-v2_0_82_2 counter-hierarchy ez-toc-counter ez-toc-black ez-toc-container-direction\">\n<div class=\"ez-toc-title-container\">\n<p class=\"ez-toc-title\" style=\"cursor:inherit\">\u0130\u00e7indekiler<\/p>\n<span class=\"ez-toc-title-toggle\"><a href=\"#\" class=\"ez-toc-pull-right ez-toc-btn ez-toc-btn-xs ez-toc-btn-default ez-toc-toggle\" aria-label=\"\u0130\u00e7indekiler Tablosunu A\u00e7\/Kapat\"><span class=\"ez-toc-js-icon-con\"><span class=\"\"><span class=\"eztoc-hide\" style=\"display:none;\">Toggle<\/span><span class=\"ez-toc-icon-toggle-span\"><svg style=\"fill: #ffffff;color:#ffffff\" xmlns=\"http:\/\/www.w3.org\/2000\/svg\" class=\"list-377408\" width=\"20px\" height=\"20px\" viewBox=\"0 0 24 24\" fill=\"none\"><path d=\"M6 6H4v2h2V6zm14 0H8v2h12V6zM4 11h2v2H4v-2zm16 0H8v2h12v-2zM4 16h2v2H4v-2zm16 0H8v2h12v-2z\" fill=\"currentColor\"><\/path><\/svg><svg style=\"fill: #ffffff;color:#ffffff\" class=\"arrow-unsorted-368013\" xmlns=\"http:\/\/www.w3.org\/2000\/svg\" width=\"10px\" height=\"10px\" viewBox=\"0 0 24 24\" version=\"1.2\" baseProfile=\"tiny\"><path d=\"M18.2 9.3l-6.2-6.3-6.2 6.3c-.2.2-.3.4-.3.7s.1.5.3.7c.2.2.4.3.7.3h11c.3 0 .5-.1.7-.3.2-.2.3-.5.3-.7s-.1-.5-.3-.7zM5.8 14.7l6.2 6.3 6.2-6.3c.2-.2.3-.5.3-.7s-.1-.5-.3-.7c-.2-.2-.4-.3-.7-.3h-11c-.3 0-.5.1-.7.3-.2.2-.3.5-.3.7s.1.5.3.7z\"\/><\/svg><\/span><\/span><\/span><\/a><\/span><\/div>\n<nav><ul class='ez-toc-list ez-toc-list-level-1 eztoc-toggle-hide-by-default' ><li class='ez-toc-page-1 ez-toc-heading-level-2'><a class=\"ez-toc-link ez-toc-heading-1\" href=\"https:\/\/www.turna.com\/blog\/nevsehir-gezilecek-yerler\/#nevsehir_gezilecek_yerler\" >Nev\u015fehir Gezilecek Yerler<\/a><ul class='ez-toc-list-level-3' ><li class='ez-toc-heading-level-3'><a class=\"ez-toc-link ez-toc-heading-2\" href=\"https:\/\/www.turna.com\/blog\/nevsehir-gezilecek-yerler\/#1_hacibektas-i_veli_turbesi\" >1. Hac\u0131bekta\u015f-\u0131 Veli T\u00fcrbesi<\/a><\/li><li class='ez-toc-page-1 ez-toc-heading-level-3'><a class=\"ez-toc-link ez-toc-heading-3\" href=\"https:\/\/www.turna.com\/blog\/nevsehir-gezilecek-yerler\/#2_hacibektas-i_veli_muzesi\" >2. Hac\u0131bekta\u015f-\u0131 Veli M\u00fczesi<\/a><\/li><li class='ez-toc-page-1 ez-toc-heading-level-3'><a class=\"ez-toc-link ez-toc-heading-4\" href=\"https:\/\/www.turna.com\/blog\/nevsehir-gezilecek-yerler\/#3_nevsehir_kalesi\" >3. Nev\u015fehir Kalesi<\/a><\/li><li class='ez-toc-page-1 ez-toc-heading-level-3'><a class=\"ez-toc-link ez-toc-heading-5\" href=\"https:\/\/www.turna.com\/blog\/nevsehir-gezilecek-yerler\/#4_damat_ibrahim_pasa_kulliyesi\" >4. Damat \u0130brahim Pa\u015fa K\u00fclliyesi<\/a><\/li><li class='ez-toc-page-1 ez-toc-heading-level-3'><a class=\"ez-toc-link ez-toc-heading-6\" href=\"https:\/\/www.turna.com\/blog\/nevsehir-gezilecek-yerler\/#5_nevsehir_muzesi\" >5. Nev\u015fehir M\u00fczesi<\/a><\/li><li class='ez-toc-page-1 ez-toc-heading-level-3'><a class=\"ez-toc-link ez-toc-heading-7\" href=\"https:\/\/www.turna.com\/blog\/nevsehir-gezilecek-yerler\/#6_goreme_ve_goreme_acikhava_muzesi\" >6. G\u00f6reme ve G\u00f6reme A\u00e7\u0131khava M\u00fczesi<\/a><\/li><li class='ez-toc-page-1 ez-toc-heading-level-3'><a class=\"ez-toc-link ez-toc-heading-8\" href=\"https:\/\/www.turna.com\/blog\/nevsehir-gezilecek-yerler\/#7_urgup_ve_uc_guzeller\" >7. \u00dcrg\u00fcp ve \u00dc\u00e7 G\u00fczeller<\/a><\/li><li class='ez-toc-page-1 ez-toc-heading-level-3'><a class=\"ez-toc-link ez-toc-heading-9\" href=\"https:\/\/www.turna.com\/blog\/nevsehir-gezilecek-yerler\/#8_avanos\" >8. Avanos<\/a><\/li><li class='ez-toc-page-1 ez-toc-heading-level-3'><a class=\"ez-toc-link ez-toc-heading-10\" href=\"https:\/\/www.turna.com\/blog\/nevsehir-gezilecek-yerler\/#9_uchisar_ve_uchisar_kalesi\" >9. U\u00e7hisar ve U\u00e7hisar Kalesi<\/a><\/li><li class='ez-toc-page-1 ez-toc-heading-level-3'><a class=\"ez-toc-link ez-toc-heading-11\" href=\"https:\/\/www.turna.com\/blog\/nevsehir-gezilecek-yerler\/#10_mustafapasa\" >10. Mustafapa\u015fa<\/a><\/li><li class='ez-toc-page-1 ez-toc-heading-level-3'><a class=\"ez-toc-link ez-toc-heading-12\" href=\"https:\/\/www.turna.com\/blog\/nevsehir-gezilecek-yerler\/#11_ortahisar_ve_ortahisar_kalesi\" >11. Ortahisar ve Ortahisar Kalesi<\/a><\/li><li class='ez-toc-page-1 ez-toc-heading-level-3'><a class=\"ez-toc-link ez-toc-heading-13\" href=\"https:\/\/www.turna.com\/blog\/nevsehir-gezilecek-yerler\/#12_kaymakli_yeralti_sehri\" >12. Kaymakl\u0131 Yeralt\u0131 \u015eehri<\/a><\/li><li class='ez-toc-page-1 ez-toc-heading-level-3'><a class=\"ez-toc-link ez-toc-heading-14\" href=\"https:\/\/www.turna.com\/blog\/nevsehir-gezilecek-yerler\/#13_derinkuyu_yeralti_sehri\" >13. Derinkuyu Yeralt\u0131 \u015eehri<\/a><\/li><li class='ez-toc-page-1 ez-toc-heading-level-3'><a class=\"ez-toc-link ez-toc-heading-15\" href=\"https:\/\/www.turna.com\/blog\/nevsehir-gezilecek-yerler\/#14_ozkonak_yeralti_sehri\" >14. \u00d6zkonak Yeralt\u0131 \u015eehri<\/a><\/li><li class='ez-toc-page-1 ez-toc-heading-level-3'><a class=\"ez-toc-link ez-toc-heading-16\" href=\"https:\/\/www.turna.com\/blog\/nevsehir-gezilecek-yerler\/#15_aciksaray_orenyeri_ve_mantarkaya\" >15. A\u00e7\u0131ksaray \u00d6renyeri ve Mantarkaya<\/a><\/li><\/ul><\/li><\/ul><\/nav><\/div>\n\n<p><strong>Nev\u015fehir<\/strong>, do\u011fan\u0131n bir zanaatkar gibi \u015fekil verdi\u011fi, tarihin s\u0131rlar\u0131n\u0131 bar\u0131nd\u0131ran gizemli bir a\u00e7\u0131k hava m\u00fczesi adeta. Konutlar, yeralt\u0131 \u015fehirleri, s\u0131\u011f\u0131nma ve savunma ama\u00e7l\u0131 yap\u0131lar, gizli dini hareketleri bar\u0131nd\u0131ran yeralt\u0131 manast\u0131rlar\u0131 gibi pek \u00e7ok yap\u0131y\u0131 bar\u0131nd\u0131ran b\u00f6lgede t\u00fcm bunlar\u0131n olu\u015fturdu\u011fu bir de k\u00fclt\u00fcrel ya\u015fam var.<\/p>\n\n\n\n<p>Tarihi M\u00d6 7 binlere dek uzanan Nev\u015fehir, Fars\u00e7a G\u00fczel Atlar \u00dclkesi anlam\u0131na gelen Katpatuka (Kapadokya) b\u00f6lgesinin merkezi. S\u0131ras\u0131 ile Hititler, Frigler, Asurlular, Persler, Romal\u0131lar, Sel\u00e7uklular ve Osmanl\u0131lar\u0131n egemen oldu\u011fu bu topraklar, MS 3. y\u00fczy\u0131ldan itibaren de Hristiyanl\u0131k i\u00e7in \u00f6nemli bir merkez haline gelmi\u015f. <\/p>\n\n\n\n<figure class=\"wp-block-image size-full is-style-default\"><img width=\"800\" height=\"500\" data-public-id=\"Nevsehir-Gezilecek-Yerler\/Nevsehir-Gezilecek-Yerler.jpg\" fetchpriority=\"high\" decoding=\"async\" src=\"https:\/\/res.cloudinary.com\/turna\/images\/w_800,h_500,c_scale\/f_auto,q_auto:low\/v1632845108\/Nevsehir-Gezilecek-Yerler\/Nevsehir-Gezilecek-Yerler.jpg?_i=AA\" alt=\"Nevsehir-Gezilecek-Yerler\" class=\"wp-post-19903 wp-image-19916\" data-format=\"jpg\" data-transformations=\"f_auto,q_auto:low\" data-version=\"1632845108\" data-seo=\"1\" srcset=\"https:\/\/res.cloudinary.com\/turna\/images\/f_auto,q_auto:low\/v1632845108\/Nevsehir-Gezilecek-Yerler\/Nevsehir-Gezilecek-Yerler.jpg?_i=AA 800w, https:\/\/res.cloudinary.com\/turna\/images\/w_300,h_188,c_scale\/f_auto,q_auto:low\/v1632845108\/Nevsehir-Gezilecek-Yerler\/Nevsehir-Gezilecek-Yerler.jpg?_i=AA 300w, https:\/\/res.cloudinary.com\/turna\/images\/w_672,h_420,c_scale\/f_auto,q_auto:low\/v1632845108\/Nevsehir-Gezilecek-Yerler\/Nevsehir-Gezilecek-Yerler.jpg?_i=AA 672w, https:\/\/res.cloudinary.com\/turna\/images\/w_640,h_400,c_scale\/f_auto,q_auto:low\/v1632845108\/Nevsehir-Gezilecek-Yerler\/Nevsehir-Gezilecek-Yerler.jpg?_i=AA 640w, https:\/\/res.cloudinary.com\/turna\/images\/w_681,h_426,c_scale\/f_auto,q_auto:low\/v1632845108\/Nevsehir-Gezilecek-Yerler\/Nevsehir-Gezilecek-Yerler.jpg?_i=AA 681w\" sizes=\"(max-width: 800px) 100vw, 800px\" \/><\/figure>\n\n\n\n<p>11 ve 12. y\u00fczy\u0131llarda Sel\u00e7uklular\u0131n hakimiyetine giren kente Mu\u015fkara ismi verilmi\u015f. Nev\u015fehirli Sadrazam Damat \u0130brahim Pa\u015fa zaman\u0131nda imaret, cami, medrese ve \u00e7e\u015fmelerle imar edilen ve 1954\u2019te de il stat\u00fcs\u00fcne kavu\u015fan Nev\u015fehir, K\u0131z\u0131l\u0131rmak Vadisi\u2019nin g\u00fcney yamac\u0131na kurulu.<\/p>\n\n\n\n<h2 class=\"wp-block-heading\"><span class=\"ez-toc-section\" id=\"nevsehir_gezilecek_yerler\"><\/span><strong>Nev\u015fehir Gezilecek Yerler<\/strong><span class=\"ez-toc-section-end\"><\/span><\/h2>\n\n\n\n<p>Erciyes, Melendiz ve Hasanda\u011f\u0131 gibi eski yanarda\u011flar\u0131n k\u00fcl ve lavlar\u0131n\u0131n birikmesiyle olu\u015fmu\u015f geni\u015f bir plato \u00fczerinde yer alan Nev\u015fehir, do\u011fuda Kayseri, kuzeydo\u011fuda Yozgat, g\u00fcney, g\u00fcneybat\u0131 ve bat\u0131da ise Ni\u011fde ve Aksaray ile \u00e7evrili. <\/p>\n\n\n\n<p>Merkez il\u00e7esi ile birlikte, Ac\u0131g\u00f6l, Avanos, Derinkuyu, G\u00fcl\u015fehir, Hac\u0131bekta\u015f, Kozakl\u0131 ve \u00dcrg\u00fcp olmak \u00fczere sekiz il\u00e7esi bulunan Nev\u015fehir\u2019in en turistik b\u00f6lgeleri \u00dcrg\u00fcp, G\u00f6reme, Avanos, U\u00e7hisar, Mustafapa\u015fa, \u00c7avu\u015fin ve Ortahisar b\u00f6lgeleri.<\/p>\n\n\n\n<h3 class=\"wp-block-heading\"><span class=\"ez-toc-section\" id=\"1_hacibektas-i_veli_turbesi\"><\/span><strong>1. Hac\u0131bekta\u015f-\u0131 Veli T\u00fcrbesi<\/strong><span class=\"ez-toc-section-end\"><\/span><\/h3>\n\n\n\n<figure class=\"wp-block-image size-full is-style-default\"><img width=\"800\" height=\"500\" data-public-id=\"Haci-Bektas-Turbesi\/Haci-Bektas-Turbesi.jpg\" decoding=\"async\" src=\"https:\/\/res.cloudinary.com\/turna\/images\/w_800,h_500,c_scale\/f_auto,q_auto:low\/v1632845105\/Haci-Bektas-Turbesi\/Haci-Bektas-Turbesi.jpg?_i=AA\" alt=\"\" class=\"wp-post-19903 wp-image-19915\" data-format=\"jpg\" data-transformations=\"f_auto,q_auto:low\" data-version=\"1632845105\" data-seo=\"1\" srcset=\"https:\/\/res.cloudinary.com\/turna\/images\/f_auto,q_auto:low\/v1632845105\/Haci-Bektas-Turbesi\/Haci-Bektas-Turbesi.jpg?_i=AA 800w, https:\/\/res.cloudinary.com\/turna\/images\/w_300,h_188,c_scale\/f_auto,q_auto:low\/v1632845105\/Haci-Bektas-Turbesi\/Haci-Bektas-Turbesi.jpg?_i=AA 300w, https:\/\/res.cloudinary.com\/turna\/images\/w_672,h_420,c_scale\/f_auto,q_auto:low\/v1632845105\/Haci-Bektas-Turbesi\/Haci-Bektas-Turbesi.jpg?_i=AA 672w, https:\/\/res.cloudinary.com\/turna\/images\/w_640,h_400,c_scale\/f_auto,q_auto:low\/v1632845105\/Haci-Bektas-Turbesi\/Haci-Bektas-Turbesi.jpg?_i=AA 640w, https:\/\/res.cloudinary.com\/turna\/images\/w_681,h_426,c_scale\/f_auto,q_auto:low\/v1632845105\/Haci-Bektas-Turbesi\/Haci-Bektas-Turbesi.jpg?_i=AA 681w\" sizes=\"(max-width: 800px) 100vw, 800px\" \/><\/figure>\n\n\n\n<p><strong>Hac\u0131 Bekta\u015f-\u0131 Veli T\u00fcrbesi<\/strong>, Nev\u015fehir-K\u0131r\u015fehir yolu \u00fczerinde Nev\u015fehir\u2019e 45 kilometre uzakl\u0131kta Hac\u0131bekta\u015f il\u00e7e merkezinde (Sulucakarah\u00f6y\u00fck) bulunuyor. \u0130l\u00e7eye ad\u0131n\u0131 veren ve bug\u00fcn \u0130ran s\u0131n\u0131rlar\u0131 i\u00e7erisinde bulunan Horasan\u2019da on \u00fc\u00e7\u00fcnc\u00fc y\u00fczy\u0131lda d\u00fcnyaya gelen Hac\u0131 Bekta\u015f-\u0131 Veli, ilk e\u011fitimini d\u00f6nemin \u00fcnl\u00fc d\u00fc\u015f\u00fcn\u00fcr\u00fc Ahmet Yesevi\u2019den alan bir \u0130slam filozofu.<\/p>\n\n\n\n<p>Hac\u0131 Bekta\u015f-\u0131 Veli, T\u00fcrklerin do\u011fudan bat\u0131ya g\u00f6\u00e7lerini izleyerek Anadolu Sel\u00e7uklunun siyasi d\u00fczeninin bozuldu\u011fu bir d\u00f6nemde Anadolu\u2019ya gelmi\u015f. \u015eehir \u015fehir, k\u00f6y k\u00f6y gezerek, T\u00fcrk birli\u011finin sa\u011flanmas\u0131, T\u00fcrk gelenek ve g\u00f6reneklerin \u0130slam inanc\u0131yla birle\u015fmesi i\u00e7in \u00e7aba harcayarak Sulucakarah\u00f6y\u00fck\u2019te kurdu\u011fu okulda \u00f6\u011frenciler yeti\u015ftirmi\u015f. <\/p>\n\n\n\n<p>K\u00fclliyede Hac\u0131 Bekta\u015f-\u0131 Veli\u2019nin ve Bal\u0131m Sultan\u2019\u0131n t\u00fcrbelerinin bulundu\u011fu \u00fc\u00e7 avlulu k\u00fclliyede cami, \u00e7ama\u015f\u0131rhane, hamam, a\u015f evi, konuk evi ve \u00e7e\u015fmeler yer al\u0131yor.<\/p>\n\n\n\n<h3 class=\"wp-block-heading\"><span class=\"ez-toc-section\" id=\"2_hacibektas-i_veli_muzesi\"><\/span><strong>2. Hac\u0131bekta\u015f-\u0131 Veli M\u00fczesi<\/strong><span class=\"ez-toc-section-end\"><\/span><\/h3>\n\n\n\n<p><strong>Hac\u0131bekta\u015f-\u0131 Veli M\u00fczesi<\/strong>, Hac\u0131kbekta\u015f il\u00e7e merkezinde bulunan ve 1988\u2019de hizmete a\u00e7\u0131lan m\u00fcze. M\u00fczede, Sulucakarah\u00f6y\u00fck&#8217;te ger\u00e7ekle\u015ftirilen arkeolojik kaz\u0131lar sonucunda \u00e7\u0131kar\u0131lm\u0131\u015f Eski Tun\u00e7 \u00c7a\u011f\u0131, Hitit, Helenistik, Frig, Roma ve Ge\u00e7 Bizans D\u00f6nemleri\u2019ne ait eserlerin yan\u0131 s\u0131ra y\u00f6resel \u00f6zellikler g\u00f6steren etnografik eserler de sergileniyor. <\/p>\n\n\n\n<p>Arkeolojik eserler \u00e7o\u011funlukla pi\u015fmi\u015f topraktan amfora, yemek kaplar\u0131, sunak kaplar\u0131, k\u00fcpler, ayr\u0131ca, kemikten objeler ve sikkelerden olu\u015furken etnografya b\u00f6l\u00fcm\u00fc, 19. ve 20. y\u00fczy\u0131l\u0131n ilk d\u00f6nemlerine ait g\u00fcndelik ya\u015fam i\u00e7erisinde kullan\u0131lan dokuma i\u015flemeli kuma\u015flardan elbiseler, pe\u015fkirler, g\u00fcm\u00fc\u015f tak\u0131lar, silahlar ve kilimlerden olu\u015fuyor. M\u00fczeyi pazartesi g\u00fcnleri d\u0131\u015f\u0131nda her g\u00fcn \u00fccretsiz olarak ziyaret edebilirsiniz.<\/p>\n\n\n\n<h3 class=\"wp-block-heading\"><span class=\"ez-toc-section\" id=\"3_nevsehir_kalesi\"><\/span><strong>3. Nev\u015fehir Kalesi<\/strong><span class=\"ez-toc-section-end\"><\/span><\/h3>\n\n\n\n<figure class=\"wp-block-image size-full is-style-default\"><img width=\"800\" height=\"500\" data-public-id=\"Nevsehir-Kalesi-1\/Nevsehir-Kalesi-1.jpg\" decoding=\"async\" src=\"https:\/\/res.cloudinary.com\/turna\/images\/w_800,h_500,c_scale\/f_auto,q_auto:low\/v1632845097\/Nevsehir-Kalesi-1\/Nevsehir-Kalesi-1.jpg?_i=AA\" alt=\"Nev\u015fehir Kalesi\" class=\"wp-post-19903 wp-image-19913\" data-format=\"jpg\" data-transformations=\"f_auto,q_auto:low\" data-version=\"1632845097\" data-seo=\"1\" srcset=\"https:\/\/res.cloudinary.com\/turna\/images\/f_auto,q_auto:low\/v1632845097\/Nevsehir-Kalesi-1\/Nevsehir-Kalesi-1.jpg?_i=AA 800w, https:\/\/res.cloudinary.com\/turna\/images\/w_300,h_188,c_scale\/f_auto,q_auto:low\/v1632845097\/Nevsehir-Kalesi-1\/Nevsehir-Kalesi-1.jpg?_i=AA 300w, https:\/\/res.cloudinary.com\/turna\/images\/w_672,h_420,c_scale\/f_auto,q_auto:low\/v1632845097\/Nevsehir-Kalesi-1\/Nevsehir-Kalesi-1.jpg?_i=AA 672w, https:\/\/res.cloudinary.com\/turna\/images\/w_640,h_400,c_scale\/f_auto,q_auto:low\/v1632845097\/Nevsehir-Kalesi-1\/Nevsehir-Kalesi-1.jpg?_i=AA 640w, https:\/\/res.cloudinary.com\/turna\/images\/w_681,h_426,c_scale\/f_auto,q_auto:low\/v1632845097\/Nevsehir-Kalesi-1\/Nevsehir-Kalesi-1.jpg?_i=AA 681w\" sizes=\"(max-width: 800px) 100vw, 800px\" \/><\/figure>\n\n\n\n<p><strong>Nev\u015fehir Kalesi<\/strong>, Sel\u00e7uklu zaman\u0131nda Ba\u011fdat&#8217;a giden kervan yolunun korunmas\u0131 amac\u0131yla in\u015fa edilmi\u015f bir yap\u0131. Nev\u015fehir&#8217;in eski yerle\u015fim yerinde, sa\u011flam bazalt k\u00fctleli bir tepenin \u00fczerinde bulunan kale, Osmanl\u0131 d\u00f6neminde ise Damat \u0130brahim Pa\u015fa taraf\u0131ndan onar\u0131lm\u0131\u015f.<\/p>\n\n\n\n<p>Cumhuriyet d\u00f6neminde restore edilen ve bur\u00e7larla desteklenen, ovaya h\u00e2kim bir noktada bulunan Nev\u015fehir Kalesi, kesme ta\u015f ve moloz ta\u015ftan yap\u0131lm\u0131\u015f. \u00d6n ve arkas\u0131nda iki ayr\u0131 giri\u015f kap\u0131s\u0131 bulunan yap\u0131n\u0131n ku\u015fatmalar s\u0131ras\u0131nda su ihtiyac\u0131n\u0131n kar\u015f\u0131lanabilmesi i\u00e7in, i\u00e7inden ovaya kadar inen bir t\u00fcnel oldu\u011fu, bu t\u00fcnelin sonradan kapand\u0131\u011f\u0131 rivayet ediliyor.<\/p>\n\n\n\n<p>\u00dc\u00e7\u00fcnc\u00fc derece arkeolojik sit alan\u0131 ilan edilen Nev\u015fehir Kalesi \u00e7evresindeki 11 mahalleyi i\u00e7ine alan kaz\u0131 \u00e7al\u0131\u015fmalar\u0131 s\u0131ras\u0131nda yeralt\u0131 \u015fehri bulunmu\u015ftu. Hz. \u0130sa\u2019n\u0131n g\u00f6\u011fe y\u00fckseli\u015fini tasvir eden fresklerin bulundu\u011fu ve Ortodokslar a\u00e7\u0131s\u0131ndan \u00f6nemli bulgular i\u00e7eren tarihi kiliseye ula\u015f\u0131lan yer alt\u0131 \u015fehrinde, yak\u0131n tarihte de be\u015finci ve alt\u0131nc\u0131 y\u00fczy\u0131la tarihlendirilebilen kayadan oyma manast\u0131ra rastland\u0131.<\/p>\n\n\n\n<h3 class=\"wp-block-heading\"><span class=\"ez-toc-section\" id=\"4_damat_ibrahim_pasa_kulliyesi\"><\/span><strong>4. Damat \u0130brahim Pa\u015fa K\u00fclliyesi<\/strong><span class=\"ez-toc-section-end\"><\/span><\/h3>\n\n\n\n<figure class=\"wp-block-image size-full is-style-default\"><img width=\"800\" height=\"499\" data-public-id=\"Damat-Ibrahim-Pasa-Kulliyesi\/Damat-Ibrahim-Pasa-Kulliyesi.jpg\" loading=\"lazy\" decoding=\"async\" src=\"https:\/\/res.cloudinary.com\/turna\/images\/w_800,h_499,c_scale\/f_auto,q_auto:low\/v1632845093\/Damat-Ibrahim-Pasa-Kulliyesi\/Damat-Ibrahim-Pasa-Kulliyesi.jpg?_i=AA\" alt=\"Damat \u0130brahim Pa\u015fa K\u00fclliyesi\" class=\"wp-post-19903 wp-image-19912\" data-format=\"jpg\" data-transformations=\"f_auto,q_auto:low\" data-version=\"1632845093\" data-seo=\"1\" srcset=\"https:\/\/res.cloudinary.com\/turna\/images\/f_auto,q_auto:low\/v1632845093\/Damat-Ibrahim-Pasa-Kulliyesi\/Damat-Ibrahim-Pasa-Kulliyesi.jpg?_i=AA 800w, https:\/\/res.cloudinary.com\/turna\/images\/w_300,h_187,c_scale\/f_auto,q_auto:low\/v1632845093\/Damat-Ibrahim-Pasa-Kulliyesi\/Damat-Ibrahim-Pasa-Kulliyesi.jpg?_i=AA 300w, https:\/\/res.cloudinary.com\/turna\/images\/w_673,h_420,c_scale\/f_auto,q_auto:low\/v1632845093\/Damat-Ibrahim-Pasa-Kulliyesi\/Damat-Ibrahim-Pasa-Kulliyesi.jpg?_i=AA 673w, https:\/\/res.cloudinary.com\/turna\/images\/w_640,h_399,c_scale\/f_auto,q_auto:low\/v1632845093\/Damat-Ibrahim-Pasa-Kulliyesi\/Damat-Ibrahim-Pasa-Kulliyesi.jpg?_i=AA 640w, https:\/\/res.cloudinary.com\/turna\/images\/w_681,h_425,c_scale\/f_auto,q_auto:low\/v1632845093\/Damat-Ibrahim-Pasa-Kulliyesi\/Damat-Ibrahim-Pasa-Kulliyesi.jpg?_i=AA 681w\" sizes=\"(max-width: 800px) 100vw, 800px\" \/><\/figure>\n\n\n\n<p><strong>Damat \u0130brahim Pa\u015fa K\u00fclliyesi<\/strong>, camii, medrese, imaret, s\u0131byan mektebi, hamam, kervansaray ve \u00e7e\u015fmelerden olu\u015fuyor. 18. y\u00fczy\u0131lda Lale Devri\u2019nin \u00fcnl\u00fc sadrazam\u0131 Nev\u015fehirli Damat \u0130brahim Pa\u015fa taraf\u0131ndan yapt\u0131r\u0131lan k\u00fclliye, Nev\u015fehir\u2019i canl\u0131 bir k\u00fclt\u00fcr alan\u0131 haline getirmi\u015f. <\/p>\n\n\n\n<p>Topografyan\u0131n elverdi\u011fi \u00f6l\u00e7\u00fcde bazen simetrik bir d\u00fczen bazen de farkl\u0131 a\u00e7\u0131lara g\u00f6re yerle\u015ftirilen yap\u0131lar i\u00e7inde en \u00f6nemlisi, olduk\u00e7a geni\u015f bir d\u0131\u015f avlunun orta kesiminde yer alan Kur\u015funlu Camii. <\/p>\n\n\n\n<p>K\u00fclliye program\u0131 a\u00e7\u0131s\u0131ndan klasik Osmanl\u0131 k\u00fclliye program\u0131n\u0131n son uygulamalar\u0131ndan biri olan yap\u0131lar toplulu\u011fundaki cami, Lale Devri&#8217;nin mimari ve motifleriyle s\u00fcslenerek \u0130stanbul&#8217;dan getirtilen malzemelerle yap\u0131lm\u0131\u015f. D\u00f6nemin \u0130stanbul&#8217;daki \u00f6rneklerine yak\u0131n bir zarafetle in\u015fa edilen cami kare planl\u0131, b\u00fcy\u00fck boyutlu kubbe ile \u00f6rt\u00fcl\u00fc.<\/p>\n\n\n\n<h3 class=\"wp-block-heading\"><span class=\"ez-toc-section\" id=\"5_nevsehir_muzesi\"><\/span><strong>5. Nev\u015fehir M\u00fczesi<\/strong><span class=\"ez-toc-section-end\"><\/span><\/h3>\n\n\n\n<p><strong>Nev\u015fehir M\u00fczesi<\/strong>, ilk olarak 1966\u2019da Damat \u0130brahim Pa\u015fa K\u00fclliyesi\u2019nin bir par\u00e7as\u0131 olan A\u015f Evi ve S\u00fcbyan Mektebi\u2019nin m\u00fcze olarak kullan\u0131lmak \u00fczere K\u00fclt\u00fcr Bakanl\u0131\u011f\u0131\u2019nca restore edilmesiyle 1967\u2019de ziyarete a\u00e7\u0131lm\u0131\u015f. 1987\u2019da ise \u015fimdiki K\u00fclt\u00fcr Sitesi b\u00fcnyesinde bulunan yerine ta\u015f\u0131nan Nev\u015fehir M\u00fczesi\u2019nin, arkeolojik ve etnografik olmak \u00fczere iki te\u015fhir salonu bulunuyor. <\/p>\n\n\n\n<p>Arkeolojik eserler, Neolitik, Kalkolitik, Tun\u00e7 \u00c7a\u011flar\u0131, Frig, Urartu, Helenistik, Roma ve Bizans\u2019tan olu\u015fmakla birlikte, \u0130ran, Mezopotamya ve K\u0131br\u0131s k\u00f6kenli eserleri de m\u00fczede g\u00f6rmeniz m\u00fcmk\u00fcn. Etno\u011frafik seksiyonda ise, Osmanl\u0131 ve Cumhuriyet d\u00f6nemine ait ayd\u0131nlatma ara\u00e7lar\u0131, yazma eserler, silahlar, y\u00f6resel giysiler, el i\u015fleri, hal\u0131 ve kilimler, erkek ve kad\u0131n tak\u0131lar\u0131 ile mutfak e\u015fyalar\u0131 yer al\u0131yor.<\/p>\n\n\n\n<h3 class=\"wp-block-heading\"><span class=\"ez-toc-section\" id=\"6_goreme_ve_goreme_acikhava_muzesi\"><\/span><strong>6. G\u00f6reme ve G\u00f6reme A\u00e7\u0131khava M\u00fczesi<\/strong><span class=\"ez-toc-section-end\"><\/span><\/h3>\n\n\n\n<figure class=\"wp-block-image size-full is-style-default\"><img width=\"800\" height=\"500\" data-public-id=\"Goreme-Acikhava-Muzesi\/Goreme-Acikhava-Muzesi.jpg\" loading=\"lazy\" decoding=\"async\" src=\"https:\/\/res.cloudinary.com\/turna\/images\/w_800,h_500,c_scale\/f_auto,q_auto:low\/v1632845089\/Goreme-Acikhava-Muzesi\/Goreme-Acikhava-Muzesi.jpg?_i=AA\" alt=\"G\u00f6reme\" class=\"wp-post-19903 wp-image-19911\" data-format=\"jpg\" data-transformations=\"f_auto,q_auto:low\" data-version=\"1632845089\" data-seo=\"1\" srcset=\"https:\/\/res.cloudinary.com\/turna\/images\/f_auto,q_auto:low\/v1632845089\/Goreme-Acikhava-Muzesi\/Goreme-Acikhava-Muzesi.jpg?_i=AA 800w, https:\/\/res.cloudinary.com\/turna\/images\/w_300,h_188,c_scale\/f_auto,q_auto:low\/v1632845089\/Goreme-Acikhava-Muzesi\/Goreme-Acikhava-Muzesi.jpg?_i=AA 300w, https:\/\/res.cloudinary.com\/turna\/images\/w_672,h_420,c_scale\/f_auto,q_auto:low\/v1632845089\/Goreme-Acikhava-Muzesi\/Goreme-Acikhava-Muzesi.jpg?_i=AA 672w, https:\/\/res.cloudinary.com\/turna\/images\/w_640,h_400,c_scale\/f_auto,q_auto:low\/v1632845089\/Goreme-Acikhava-Muzesi\/Goreme-Acikhava-Muzesi.jpg?_i=AA 640w, https:\/\/res.cloudinary.com\/turna\/images\/w_681,h_426,c_scale\/f_auto,q_auto:low\/v1632845089\/Goreme-Acikhava-Muzesi\/Goreme-Acikhava-Muzesi.jpg?_i=AA 681w\" sizes=\"(max-width: 800px) 100vw, 800px\" \/><\/figure>\n\n\n\n<p><strong>G\u00f6reme<\/strong>, Nev\u015fehir\u2019e 10 kilometre uzakl\u0131kta, Nev\u015fehir, \u00dcrg\u00fcp ve Avanos \u00fc\u00e7geni aras\u0131ndaki etraf\u0131 vadilerle \u00e7evrili b\u00f6lgede yer al\u0131yor. Ge\u00e7mi\u015fte Korama, Matiana, Maccan ve Avc\u0131lar gibi isimlerle an\u0131lan G\u00f6reme, \u00e7evresi muhte\u015fem vadilerle \u00e7evrili olan, Kapadokya B\u00f6lgesi\u2019nin turizm a\u00e7\u0131s\u0131ndan en hareketli b\u00f6lgesi. <\/p>\n\n\n\n<p>Kaya oyma evleri, butik otelleri, restoranlar\u0131 ve \u00e7ar\u015f\u0131s\u0131yla her mevsim canl\u0131 olan G\u00f6reme\u2019yi bu kadar \u00f6nemli yapan en \u00f6nemli unsur ise elbette <strong>G\u00f6reme A\u00e7\u0131k Hava M\u00fczesi<\/strong>. G\u00f6reme A\u00e7\u0131khava M\u00fczesi, Nev\u015fehir merkezine 13 km uzakl\u0131kta ve G\u00f6reme Kasabas\u0131\u2019n\u0131n 2 km do\u011fusunda yer alan bir kaya yerle\u015fim yeri. <\/p>\n\n\n\n<p>MS 4. ile 13. y\u00fczy\u0131llarda yo\u011fun bir manast\u0131r hayat\u0131n\u0131n ya\u015fand\u0131\u011f\u0131 b\u00f6lgede, hemen her kaya blo\u011funun i\u00e7inde kiliseler, \u015fapeller, yemekhaneler ve oturma mek\u00e2nlar\u0131 bulunuyor. G\u00f6reme A\u00e7\u0131k Hava M\u00fczesi, Hristiyanl\u0131k tarihinde manast\u0131r e\u011fitim sisteminin ba\u015flat\u0131ld\u0131\u011f\u0131 yer olarak kabul ediliyor. So\u011fanl\u0131, Ihlara ve A\u00e7\u0131ksaray Vadileri ise ayn\u0131 e\u011fitim sisteminin daha sonra g\u00f6r\u00fcld\u00fc\u011f\u00fc yerlerden. <\/p>\n\n\n\n<p>Birincisi, do\u011frudan do\u011fruya kaya y\u00fczeyi d\u00fczeltilerek \u00fczerine yap\u0131lan boyama; di\u011feri ise kaya \u00fczerine yap\u0131lan secco (tempera) ve fresko tekni\u011fiyle yap\u0131lan boyama olmak \u00fczere m\u00fcze i\u00e7erisinde bulunan kiliseleri, iki t\u00fcr teknikle boyanm\u0131\u015f. <\/p>\n\n\n\n<p>\u0130ncil ve Hz. \u0130sa\u2019n\u0131n hayat\u0131na dair konular\u0131n i\u015flendi\u011fi kiliselerin bulundu\u011fu m\u00fcze alan\u0131 i\u00e7erisinde, K\u0131zlar ve Erkekler Manast\u0131r\u0131, Aziz Basil Kilisesi, Elmal\u0131 Kilise, Azize Barbara Kilisesi, Y\u0131lanl\u0131 Kilise, Karanl\u0131k Kilise, \u00c7ar\u0131kl\u0131 Kilise ve Tokal\u0131 Kilise olmak \u00fczere \u00e7ok say\u0131da kilise ve \u015fapel bulunuyor.<\/p>\n\n\n\n<h3 class=\"wp-block-heading\"><span class=\"ez-toc-section\" id=\"7_urgup_ve_uc_guzeller\"><\/span><strong>7. \u00dcrg\u00fcp ve \u00dc\u00e7 G\u00fczeller<\/strong><span class=\"ez-toc-section-end\"><\/span><\/h3>\n\n\n\n<figure class=\"wp-block-image size-full is-style-default\"><img width=\"800\" height=\"500\" data-public-id=\"Urgup-Uc-Guzeller\/Urgup-Uc-Guzeller.jpg\" loading=\"lazy\" decoding=\"async\" src=\"https:\/\/res.cloudinary.com\/turna\/images\/w_800,h_500,c_scale\/f_auto,q_auto:low\/v1632845085\/Urgup-Uc-Guzeller\/Urgup-Uc-Guzeller.jpg?_i=AA\" alt=\"\u00dc\u00e7 G\u00fczeller\" class=\"wp-post-19903 wp-image-19910\" data-format=\"jpg\" data-transformations=\"f_auto,q_auto:low\" data-version=\"1632845085\" data-seo=\"1\" srcset=\"https:\/\/res.cloudinary.com\/turna\/images\/f_auto,q_auto:low\/v1632845085\/Urgup-Uc-Guzeller\/Urgup-Uc-Guzeller.jpg?_i=AA 800w, https:\/\/res.cloudinary.com\/turna\/images\/w_300,h_188,c_scale\/f_auto,q_auto:low\/v1632845085\/Urgup-Uc-Guzeller\/Urgup-Uc-Guzeller.jpg?_i=AA 300w, https:\/\/res.cloudinary.com\/turna\/images\/w_672,h_420,c_scale\/f_auto,q_auto:low\/v1632845085\/Urgup-Uc-Guzeller\/Urgup-Uc-Guzeller.jpg?_i=AA 672w, https:\/\/res.cloudinary.com\/turna\/images\/w_640,h_400,c_scale\/f_auto,q_auto:low\/v1632845085\/Urgup-Uc-Guzeller\/Urgup-Uc-Guzeller.jpg?_i=AA 640w, https:\/\/res.cloudinary.com\/turna\/images\/w_681,h_426,c_scale\/f_auto,q_auto:low\/v1632845085\/Urgup-Uc-Guzeller\/Urgup-Uc-Guzeller.jpg?_i=AA 681w\" sizes=\"(max-width: 800px) 100vw, 800px\" \/><\/figure>\n\n\n\n<p><strong>\u00dcrg\u00fcp<\/strong>, Nev\u015fehir merkezinin yirmi kilometre do\u011fusunda yer al\u0131yor. Kapadokya b\u00f6lgesinin \u00f6nemli merkezlerinden olan \u00dcrg\u00fcp, Bizans\u2019\u0131n Osiana (Assiana), Hagios Prokopios; Sel\u00e7uklu\u2019nun Ba\u015fhisar; Osmanl\u0131\u2019n\u0131n ise Burgut Kalesi olarak and\u0131\u011f\u0131; bug\u00fcnk\u00fc ad\u0131n\u0131 da Cumhuriyetin ilk y\u0131llar\u0131nda alan bir yerle\u015fim.<\/p>\n\n\n\n<p>\u00dcrg\u00fcp ve \u00e7evresindeki ilk yerle\u015fim, antik ad\u0131 \u201cTomissos\u201d olan Damsa \u00c7ay\u0131\u2019n\u0131n do\u011fusundaki Avla Da\u011f\u0131 eteklerine kurulmu\u015f. Paleolitik d\u00f6neme ait av aletlerinden, Roma d\u00f6nemine ait kaya mezarlar\u0131na dek pek \u00e7ok buluntunun ortaya \u00e7\u0131kar\u0131ld\u0131\u011f\u0131 b\u00f6lgenin, Bizans zaman\u0131nda k\u00f6y, kasaba ve vadilerdeki kaya kilise ve manast\u0131rlar\u0131n piskoposluk merkezi oldu\u011fu anla\u015f\u0131ld\u0131.<\/p>\n\n\n\n<p>11. y\u00fczy\u0131lda Sel\u00e7uklular\u0131n \u00f6nemli kentlerinden Konya\u2019ya ve Ni\u011fde\u2019ye a\u00e7\u0131lan bir kale g\u00f6revi g\u00f6ren \u00dcrg\u00fcp\u2019te, bu d\u00f6neme ait iki yap\u0131 olan Alt\u0131kap\u0131l\u0131 ve Temenni Tepesi T\u00fcrbeleri \u00dcrg\u00fcp merkezinde yer al\u0131yor. Kapadokya\u2019ya gelen ziyaret\u00e7iler taraf\u0131ndan en \u00e7ok foto\u011fraf\u0131 \u00e7ekilen peri bacas\u0131 olu\u015fumu olan <strong>\u00dc\u00e7 G\u00fczeller<\/strong>, \u00dcrg\u00fcp\u2019\u00fcn hemen \u00e7\u0131k\u0131\u015f\u0131nda G\u00f6reme\u2019ye do\u011fru devan eden yolun solunda kal\u0131yor. <\/p>\n\n\n\n<p>\u00dc\u00e7 tane peribacas\u0131n\u0131n yan yana y\u00fckseldi\u011fi bir kaya grubu olan \u00dc\u00e7 G\u00fczeller, arkas\u0131na ald\u0131\u011f\u0131 Erciyes Da\u011f\u0131 ve k\u0131pk\u0131rm\u0131z\u0131 kayalar\u0131 ile, g\u00fcn bat\u0131m\u0131 sonras\u0131 g\u00f6ky\u00fcz\u00fc alacakaranl\u0131\u011fa ge\u00e7erken muhte\u015fem bir manzara sunuyor.<\/p>\n\n\n\n<p>Pek \u00e7ok gezilecek yere sahip olan \u00dcrg\u00fcp\u2019te, Pembe Vadi, K\u0131z\u0131l\u00e7ukur Vadisi, \u00dczengi Vadisi, Pancarl\u0131k ve Ke\u015flik Vadileri, Temenni Tepesi, Kad\u0131 Kalesi, Ta\u015fk\u0131n Pa\u015fa Cami, Aziz Theodore Kilisesi, Pancarl\u0131k Kilisesi, Rum Hamam\u0131, Ala Kilise, Kepez Kilisesi, Balkan Kiliseleri, Ayvasil Kilisesi, Mustafa Pa\u015fa, Sar\u0131han, F\u0131ratkan, Halacdere, Alt\u0131kap\u0131l\u0131, So\u011fanl\u0131 \u00d6ren Yeri, Damsa \u00c7ay\u0131 ve \u00dcrg\u00fcp M\u00fczesi\u2019ni g\u00f6rebilirsiniz.<\/p>\n\n\n\n<h3 class=\"wp-block-heading\"><span class=\"ez-toc-section\" id=\"8_avanos\"><\/span><strong>8. Avanos<\/strong><span class=\"ez-toc-section-end\"><\/span><\/h3>\n\n\n\n<figure class=\"wp-block-image size-full is-style-default\"><img width=\"800\" height=\"500\" data-public-id=\"Avanos-Nevsehir\/Avanos-Nevsehir.jpg\" loading=\"lazy\" decoding=\"async\" src=\"https:\/\/res.cloudinary.com\/turna\/images\/w_800,h_500,c_scale\/f_auto,q_auto:low\/v1632845082\/Avanos-Nevsehir\/Avanos-Nevsehir.jpg?_i=AA\" alt=\"Avanos\" class=\"wp-post-19903 wp-image-19909\" data-format=\"jpg\" data-transformations=\"f_auto,q_auto:low\" data-version=\"1632845082\" data-seo=\"1\" srcset=\"https:\/\/res.cloudinary.com\/turna\/images\/f_auto,q_auto:low\/v1632845082\/Avanos-Nevsehir\/Avanos-Nevsehir.jpg?_i=AA 800w, https:\/\/res.cloudinary.com\/turna\/images\/w_300,h_188,c_scale\/f_auto,q_auto:low\/v1632845082\/Avanos-Nevsehir\/Avanos-Nevsehir.jpg?_i=AA 300w, https:\/\/res.cloudinary.com\/turna\/images\/w_672,h_420,c_scale\/f_auto,q_auto:low\/v1632845082\/Avanos-Nevsehir\/Avanos-Nevsehir.jpg?_i=AA 672w, https:\/\/res.cloudinary.com\/turna\/images\/w_640,h_400,c_scale\/f_auto,q_auto:low\/v1632845082\/Avanos-Nevsehir\/Avanos-Nevsehir.jpg?_i=AA 640w, https:\/\/res.cloudinary.com\/turna\/images\/w_681,h_426,c_scale\/f_auto,q_auto:low\/v1632845082\/Avanos-Nevsehir\/Avanos-Nevsehir.jpg?_i=AA 681w\" sizes=\"(max-width: 800px) 100vw, 800px\" \/><\/figure>\n\n\n\n<p><strong>Avanos<\/strong>, Nev\u015fehir\u2019in 18 kilometre kuzeyinde yer alan ve antik d\u00f6nemdeki ismi Venessa olan yerle\u015fimi. Kapadokya\u2019n\u0131n Hititler\u2019den bu yana s\u00fcregelen seramik yap\u0131m gelene\u011finin devam etti\u011fi il\u00e7e, b\u00f6lgenin \u00e7anak \u00e7\u00f6mlek at\u00f6lyeleriyle \u00fcnl\u00fc il\u00e7esi. K\u0131z\u0131l\u0131rmak\u2019\u0131n getirdi\u011fi k\u0131rm\u0131z\u0131 toprak ve milden elde edilen seramik \u00e7amuru, Avanoslu seramik sanat\u00e7\u0131lar\u0131n\u0131n ellerinde birer sanat eserine d\u00f6n\u00fc\u015f\u00fcyor. <\/p>\n\n\n\n<p>Avanos da\u011flar\u0131ndan ve K\u0131z\u0131l\u0131rmak\u2019\u0131n eski yataklar\u0131ndan yumu\u015fak ve ya\u011fl\u0131 kil topraklar\u0131n elenip yo\u011furulmas\u0131yla elde edilen \u00e7amur; \u00e7ark ad\u0131 verilen ve ayakla d\u00f6nd\u00fcr\u00fclen tezgahlarda \u015fekillendiriliyor. \u0130\u015flik denilen at\u00f6lyelerde \u00fcretilen ve kurutulan \u00e7anaklar saman ve tala\u015fla yak\u0131lan f\u0131r\u0131nlarda \u00f6zenle pi\u015firiliyor. Daha sonra da sat\u0131lmak \u00fczere vitrinleri s\u00fcsl\u00fcyor. Avanos g\u00fcn\u00fcm\u00fczde Kapadokya\u2019n\u0131n el sanatlar\u0131 ve al\u0131\u015fveri\u015f merkezi olarak biliniyor.<\/p>\n\n\n\n<h3 class=\"wp-block-heading\"><span class=\"ez-toc-section\" id=\"9_uchisar_ve_uchisar_kalesi\"><\/span><strong>9. U\u00e7hisar ve U\u00e7hisar Kalesi <\/strong><span class=\"ez-toc-section-end\"><\/span><\/h3>\n\n\n\n<figure class=\"wp-block-image size-full is-style-default\"><img width=\"800\" height=\"500\" data-public-id=\"Uchisar-Kalesi\/Uchisar-Kalesi.jpg\" loading=\"lazy\" decoding=\"async\" src=\"https:\/\/res.cloudinary.com\/turna\/images\/w_800,h_500,c_scale\/f_auto,q_auto:low\/v1632845078\/Uchisar-Kalesi\/Uchisar-Kalesi.jpg?_i=AA\" alt=\"U\u00e7hisar\" class=\"wp-post-19903 wp-image-19908\" data-format=\"jpg\" data-transformations=\"f_auto,q_auto:low\" data-version=\"1632845078\" data-seo=\"1\" srcset=\"https:\/\/res.cloudinary.com\/turna\/images\/f_auto,q_auto:low\/v1632845078\/Uchisar-Kalesi\/Uchisar-Kalesi.jpg?_i=AA 800w, https:\/\/res.cloudinary.com\/turna\/images\/w_300,h_188,c_scale\/f_auto,q_auto:low\/v1632845078\/Uchisar-Kalesi\/Uchisar-Kalesi.jpg?_i=AA 300w, https:\/\/res.cloudinary.com\/turna\/images\/w_672,h_420,c_scale\/f_auto,q_auto:low\/v1632845078\/Uchisar-Kalesi\/Uchisar-Kalesi.jpg?_i=AA 672w, https:\/\/res.cloudinary.com\/turna\/images\/w_640,h_400,c_scale\/f_auto,q_auto:low\/v1632845078\/Uchisar-Kalesi\/Uchisar-Kalesi.jpg?_i=AA 640w, https:\/\/res.cloudinary.com\/turna\/images\/w_681,h_426,c_scale\/f_auto,q_auto:low\/v1632845078\/Uchisar-Kalesi\/Uchisar-Kalesi.jpg?_i=AA 681w\" sizes=\"(max-width: 800px) 100vw, 800px\" \/><\/figure>\n\n\n\n<p><strong>U\u00e7hisar<\/strong>, Kapadokya\u2019n\u0131n en y\u00fcksek tepesine kurulu olan kalesi, kaya oyma evleri, otel ve restoranlar\u0131 ile Kapadokya\u2019da son y\u0131llar\u0131n en g\u00f6zde b\u00f6lgesi. Roma ve Bizans d\u00f6neminde \u00f6nemli bir savunma noktas\u0131 olarak yap\u0131lan U\u00e7hisar Kalesi\u2019nin bug\u00fcnk\u00fc \u00e7evresinde g\u00f6r\u00fclen bir\u00e7ok oyuk, Roma d\u00f6neminden kalma mezarlardan olu\u015fuyor. Kalenin i\u00e7 k\u0131s\u0131mlar\u0131nda ise birbiri ile ba\u011flant\u0131s\u0131 olan \u00e7ok say\u0131da t\u00fcnel ve b\u00f6l\u00fcmler mevcut.<\/p>\n\n\n\n<p>Kalenin zirvesine ula\u015f\u0131m, d\u0131\u015f kesimdeki merdivenler sayesinde yap\u0131labiliyor ancak tepeye \u00e7\u0131kt\u0131\u011f\u0131n\u0131zda sizi inan\u0131lmaz bir manzara bekliyor. Panoramik bir seyir noktas\u0131 olan U\u00e7hisar Kalesi\u2019nden t\u00fcm Kapadokya b\u00f6lgesini, b\u00f6lgedeki bir\u00e7ok vadiyi, Hasan ve Erciyes Da\u011flar\u0131\u2019n\u0131 izlemek m\u00fcmk\u00fcn. U\u00e7hisar Kalesi, \u00f6zellikle g\u00fcn bat\u0131m\u0131n\u0131n yakla\u015ft\u0131\u011f\u0131 saatlerde ziyaret\u00e7i ak\u0131n\u0131na u\u011fruyor.<\/p>\n\n\n\n<h3 class=\"wp-block-heading\"><span class=\"ez-toc-section\" id=\"10_mustafapasa\"><\/span><strong>10. Mustafapa\u015fa<\/strong><span class=\"ez-toc-section-end\"><\/span><\/h3>\n\n\n\n<figure class=\"wp-block-image size-full is-style-default\"><img width=\"800\" height=\"500\" data-public-id=\"Mustafapasa-Nevsehir\/Mustafapasa-Nevsehir.jpg\" loading=\"lazy\" decoding=\"async\" src=\"https:\/\/res.cloudinary.com\/turna\/images\/w_800,h_500,c_scale\/f_auto,q_auto:low\/v1632845074\/Mustafapasa-Nevsehir\/Mustafapasa-Nevsehir.jpg?_i=AA\" alt=\"Mustafapa\u015fa\" class=\"wp-post-19903 wp-image-19907\" data-format=\"jpg\" data-transformations=\"f_auto,q_auto:low\" data-version=\"1632845074\" data-seo=\"1\" srcset=\"https:\/\/res.cloudinary.com\/turna\/images\/f_auto,q_auto:low\/v1632845074\/Mustafapasa-Nevsehir\/Mustafapasa-Nevsehir.jpg?_i=AA 800w, https:\/\/res.cloudinary.com\/turna\/images\/w_300,h_188,c_scale\/f_auto,q_auto:low\/v1632845074\/Mustafapasa-Nevsehir\/Mustafapasa-Nevsehir.jpg?_i=AA 300w, https:\/\/res.cloudinary.com\/turna\/images\/w_672,h_420,c_scale\/f_auto,q_auto:low\/v1632845074\/Mustafapasa-Nevsehir\/Mustafapasa-Nevsehir.jpg?_i=AA 672w, https:\/\/res.cloudinary.com\/turna\/images\/w_640,h_400,c_scale\/f_auto,q_auto:low\/v1632845074\/Mustafapasa-Nevsehir\/Mustafapasa-Nevsehir.jpg?_i=AA 640w, https:\/\/res.cloudinary.com\/turna\/images\/w_681,h_426,c_scale\/f_auto,q_auto:low\/v1632845074\/Mustafapasa-Nevsehir\/Mustafapasa-Nevsehir.jpg?_i=AA 681w\" sizes=\"(max-width: 800px) 100vw, 800px\" \/><\/figure>\n\n\n\n<p><strong>Mustafapa\u015fa<\/strong>, \u00dcrg\u00fcp\u2019\u00fcn be\u015f kilometre g\u00fcneyinde yer alan ve yirminci y\u00fczy\u0131l\u0131n ba\u015flar\u0131na dek Rumlar\u0131n ve T\u00fcrklerin bir arada ya\u015fad\u0131klar\u0131 bir kasaba. Mustafapa\u015fa\u2019da yer alan, on dokuzuncu y\u00fczy\u0131l\u0131n sonlar\u0131 ve yirminci y\u00fczy\u0131l\u0131n ba\u015flar\u0131na tarihlenen eski Rum Evleri, zengin ta\u015f i\u015f\u00e7ili\u011fi bak\u0131m\u0131ndan Kapadokya B\u00f6lgesi\u2019nin \u00f6nemli bir de\u011feri.<\/p>\n\n\n\n<p>Di\u011fer bir \u00f6zelli\u011fi ise, Mustafapa\u015fa\u2019n\u0131n bat\u0131s\u0131nda yer alan ve morfolojik a\u00e7\u0131dan Ihlara Vadisi\u2019nin k\u00fc\u00e7\u00fck bir benzeri olan Gomede Vadisi\u2019nin burada bulunuyor olu\u015fu. Ihlara Vadisi\u2019nde oldu\u011fu gibi kaya oyma kiliselere, bar\u0131naklara ve vadinin i\u00e7inden ge\u00e7en bir dereye sahip olan Mustafapa\u015fa\u2019da \u00e7ok say\u0131da \u00f6nemli kilise ve manast\u0131r bulunuyor. <\/p>\n\n\n\n<p>Bu yap\u0131lar aras\u0131nda Aios Vasilios Kilisesi, Sinasos Kilisesi, Alakara Kilisesi, Aios Nicholas Manast\u0131r\u0131, Konstantin-Helena Kilisesi, Manast\u0131r Vadisi Kiliseleri ve Basil Kilisesi. Ayr\u0131ca Osmanl\u0131 d\u00f6neminde in\u015fa edilmi\u015f g\u00fczel ta\u015f ve a\u011fa\u00e7 i\u015f\u00e7ili\u011fi g\u00f6steren Mehmet \u015eakir Pa\u015fa Medresesi de Mustafapa\u015fa\u2019da bulunuyor.<\/p>\n\n\n\n<h3 class=\"wp-block-heading\"><span class=\"ez-toc-section\" id=\"11_ortahisar_ve_ortahisar_kalesi\"><\/span><strong>11. Ortahisar ve Ortahisar Kalesi<\/strong><span class=\"ez-toc-section-end\"><\/span><\/h3>\n\n\n\n<figure class=\"wp-block-image size-full is-style-default\"><img width=\"800\" height=\"500\" data-public-id=\"Ortahisar-Kalesi-Nevsehir\/Ortahisar-Kalesi-Nevsehir.jpg\" loading=\"lazy\" decoding=\"async\" src=\"https:\/\/res.cloudinary.com\/turna\/images\/w_800,h_500,c_scale\/f_auto,q_auto:low\/v1632845070\/Ortahisar-Kalesi-Nevsehir\/Ortahisar-Kalesi-Nevsehir.jpg?_i=AA\" alt=\"Ortahisar\" class=\"wp-post-19903 wp-image-19906\" data-format=\"jpg\" data-transformations=\"f_auto,q_auto:low\" data-version=\"1632845070\" data-seo=\"1\" srcset=\"https:\/\/res.cloudinary.com\/turna\/images\/f_auto,q_auto:low\/v1632845070\/Ortahisar-Kalesi-Nevsehir\/Ortahisar-Kalesi-Nevsehir.jpg?_i=AA 800w, https:\/\/res.cloudinary.com\/turna\/images\/w_300,h_188,c_scale\/f_auto,q_auto:low\/v1632845070\/Ortahisar-Kalesi-Nevsehir\/Ortahisar-Kalesi-Nevsehir.jpg?_i=AA 300w, https:\/\/res.cloudinary.com\/turna\/images\/w_672,h_420,c_scale\/f_auto,q_auto:low\/v1632845070\/Ortahisar-Kalesi-Nevsehir\/Ortahisar-Kalesi-Nevsehir.jpg?_i=AA 672w, https:\/\/res.cloudinary.com\/turna\/images\/w_640,h_400,c_scale\/f_auto,q_auto:low\/v1632845070\/Ortahisar-Kalesi-Nevsehir\/Ortahisar-Kalesi-Nevsehir.jpg?_i=AA 640w, https:\/\/res.cloudinary.com\/turna\/images\/w_681,h_426,c_scale\/f_auto,q_auto:low\/v1632845070\/Ortahisar-Kalesi-Nevsehir\/Ortahisar-Kalesi-Nevsehir.jpg?_i=AA 681w\" sizes=\"(max-width: 800px) 100vw, 800px\" \/><\/figure>\n\n\n\n<p><strong>Ortahisar<\/strong>, Nev\u015fehir-\u00dcrg\u00fcp karayolu \u00fczerinde yer al\u0131yor. Ortahisar Kalesi ise, tarihte hem stratejik konumuyla hem de yerle\u015fim amac\u0131yla kullan\u0131lan, Ortahisar\u2019\u0131n en \u00f6nemli kaya oyma yap\u0131s\u0131. Ortahisar Kalesi\u2019nin eteklerinde ise y\u00f6renin sivil mimari \u00f6rnekleri yer al\u0131yor. <\/p>\n\n\n\n<p>\u00dcz\u00fcml\u00fc Kilise, Sar\u0131ca Kilise, Cambazl\u0131 Kilise, Tav\u015fanl\u0131 Kilise, Balkan Deresi Kilisesi ve Halla\u00e7 Dere Manast\u0131r\u0131 ise, Ortahisar Vadisi\u2019nde bulunan ve g\u00f6r\u00fclmesi gereken kilise ve manast\u0131rlar. Ayn\u0131 zamanda Ortahisar Vadisi yama\u00e7lar\u0131na oyulan so\u011fuk hava depolar\u0131nda halen, b\u00f6lgede yeti\u015fen patates, elma ve Akdeniz y\u00f6resinden getirilen narenciye \u00fcr\u00fcnleri saklanmaya devam ediyor.<\/p>\n\n\n\n<h3 class=\"wp-block-heading\"><span class=\"ez-toc-section\" id=\"12_kaymakli_yeralti_sehri\"><\/span><strong>12. Kaymakl\u0131 Yeralt\u0131 \u015eehri<\/strong><span class=\"ez-toc-section-end\"><\/span><\/h3>\n\n\n\n<figure class=\"wp-block-image size-full is-style-default\"><img width=\"800\" height=\"500\" data-public-id=\"Kaymakli-Nevsehir\/Kaymakli-Nevsehir.jpg\" loading=\"lazy\" decoding=\"async\" src=\"https:\/\/res.cloudinary.com\/turna\/images\/w_800,h_500,c_scale\/f_auto,q_auto:low\/v1632845066\/Kaymakli-Nevsehir\/Kaymakli-Nevsehir.jpg?_i=AA\" alt=\"Kaymakl\u0131 Yeralt\u0131 \u015eehri\" class=\"wp-post-19903 wp-image-19905\" data-format=\"jpg\" data-transformations=\"f_auto,q_auto:low\" data-version=\"1632845066\" data-seo=\"1\" srcset=\"https:\/\/res.cloudinary.com\/turna\/images\/f_auto,q_auto:low\/v1632845066\/Kaymakli-Nevsehir\/Kaymakli-Nevsehir.jpg?_i=AA 800w, https:\/\/res.cloudinary.com\/turna\/images\/w_300,h_188,c_scale\/f_auto,q_auto:low\/v1632845066\/Kaymakli-Nevsehir\/Kaymakli-Nevsehir.jpg?_i=AA 300w, https:\/\/res.cloudinary.com\/turna\/images\/w_672,h_420,c_scale\/f_auto,q_auto:low\/v1632845066\/Kaymakli-Nevsehir\/Kaymakli-Nevsehir.jpg?_i=AA 672w, https:\/\/res.cloudinary.com\/turna\/images\/w_640,h_400,c_scale\/f_auto,q_auto:low\/v1632845066\/Kaymakli-Nevsehir\/Kaymakli-Nevsehir.jpg?_i=AA 640w, https:\/\/res.cloudinary.com\/turna\/images\/w_681,h_426,c_scale\/f_auto,q_auto:low\/v1632845066\/Kaymakli-Nevsehir\/Kaymakli-Nevsehir.jpg?_i=AA 681w\" sizes=\"(max-width: 800px) 100vw, 800px\" \/><\/figure>\n\n\n\n<p><strong>Kaymakl\u0131 Yeralt\u0131 \u015eehri<\/strong>, Nev\u015fehir\u2019e yirmi kilometre mesafede bulunan Kaymakl\u0131 Kasabas\u0131\u2019nda yer al\u0131yor. Kapadokya b\u00f6lgesinde gezilebilen otuz alt\u0131 yeralt\u0131 \u015fehrinin be\u015f bin ki\u015filik kapasitesiyle en b\u00fcy\u00fcklerinden olan Kaymakl\u0131 Yeralt\u0131 \u015eehri, 1984\u2019ten bu yana UNESCO D\u00fcnya K\u00fclt\u00fcr Miraslar\u0131 Listesi\u2019nde yer al\u0131yor. <\/p>\n\n\n\n<p>Sekiz katl\u0131 olup g\u00fcn\u00fcm\u00fczde yaln\u0131zca d\u00f6rt kat\u0131 ziyarete a\u00e7\u0131k bulunan yeralt\u0131 \u015fehrinin ilk kat\u0131 erken d\u00f6neme tarihleniyor. Kaymakl\u0131\u2019n\u0131n dar koridorlarla birbirlerine ba\u011flanan oda ve salonlar\u0131, \u015farap mahzenleri, su depolar\u0131, mutfak ve erzak depolar\u0131, havaland\u0131rma bacalar\u0131, kilise, su kuyular\u0131, olu\u015facak d\u0131\u015f tehditlere kar\u015f\u0131 kap\u0131larda b\u00fcy\u00fck s\u00fcrg\u00fc ta\u015flar\u0131 bulunuyor. <\/p>\n\n\n\n<p>T\u00fcf kayal\u0131klar\u0131n oyulmas\u0131 ile Hititler D\u00f6nemi\u2019nde yap\u0131lan, Roma ve Bizans d\u00f6nemlerinde geni\u015fletilerek yeralt\u0131 \u015fehrine d\u00f6n\u00fc\u015ft\u00fcr\u00fclen Kaymakl\u0131\u2019n\u0131n ilk kat\u0131 di\u011fer yeralt\u0131 \u015fehirlerinde de oldu\u011fu gibi ah\u0131rlara ayr\u0131lm\u0131\u015f.<\/p>\n\n\n\n<h3 class=\"wp-block-heading\"><span class=\"ez-toc-section\" id=\"13_derinkuyu_yeralti_sehri\"><\/span><strong>13. Derinkuyu Yeralt\u0131 \u015eehri<\/strong><span class=\"ez-toc-section-end\"><\/span><\/h3>\n\n\n\n<p><strong>Derinkuyu Yeralt\u0131 \u015eehri<\/strong>, Kapadokya\u2019da say\u0131lar\u0131 iki y\u00fcz\u00fc a\u015fan yeralt\u0131 \u015fehrinin en b\u00fcy\u00fc\u011f\u00fc. 85 metre derinli\u011fe sahip olan ve olduk\u00e7a geni\u015f bir alana yay\u0131lan Derinkuyu, Nev\u015fehir-Ni\u011fde karayolu \u00fczerinde yer al\u0131yor. G\u00fcn\u00fcm\u00fczde sekiz kat\u0131 temizlenmi\u015f durumda olan ancak \u015fehrin 10 ile 12. kata kadar indi\u011fi d\u00fc\u015f\u00fcn\u00fcl\u00fcyor. Derinkuyu Yeralt\u0131 \u015eehri, b\u00fcy\u00fck bir toplulu\u011fu i\u00e7inde bar\u0131nd\u0131racak ve ihtiya\u00e7lar\u0131n\u0131 kar\u015f\u0131layacak b\u00f6l\u00fcmlerden olu\u015fuyor. <\/p>\n\n\n\n<p>Derinkuyu Yeralt\u0131 \u015eehri, Kapadokya b\u00f6lgesinde rastlanan yeralt\u0131 \u015fehirlerinin t\u00fcm \u00f6zelliklerine sahip olmakla birlikte, kendisiyle olduk\u00e7a benzerlik g\u00f6steren Kaymakl\u0131 Yeralt\u0131 \u015eehri\u2018nden farkl\u0131 olarak burada bir misyonerler okulu, g\u00fcnah \u00e7\u0131kartma yeri, vaftiz havuzu ve ilgi \u00e7ekici bir kuyu da bulunuyor.<\/p>\n\n\n\n<p>Nev\u015fehir-Ni\u011fde karayolu \u00fczerinde, Nev\u015fehir\u2019e yirmi dokuz kilometre uzakl\u0131kta bulunan Derinkuyu\u2019da, yery\u00fcz\u00fc ile ba\u011flant\u0131s\u0131 bulunan havaland\u0131rma bacalar\u0131, ayn\u0131 zamanda su kuyusu olarak da kullan\u0131l\u0131yor. 1965\u2019da ziyarete a\u00e7\u0131lan Derinkuyu Yeralt\u0131 \u015eehri\u2019nin halen y\u00fczde onu gezilebiliyor.<\/p>\n\n\n\n<h3 class=\"wp-block-heading\"><span class=\"ez-toc-section\" id=\"14_ozkonak_yeralti_sehri\"><\/span><strong>14. \u00d6zkonak Yeralt\u0131 \u015eehri<\/strong><span class=\"ez-toc-section-end\"><\/span><\/h3>\n\n\n\n<p><strong>\u00d6zkonak Yeralt\u0131 \u015eehri<\/strong>, Avanos\u2019a 14 kilometre mesafede yer al\u0131yor. \u0130di\u015f Da\u011f\u0131\u2019n\u0131n kuzey yama\u00e7lar\u0131na volkanik granit yap\u0131l\u0131 t\u00fcf tabakalar\u0131n\u0131n olduk\u00e7a yo\u011fun bulundu\u011fu yerde bulunan \u00d6zkonak Yeralt\u0131 \u015eehri\u2019nin geni\u015f alanlara yay\u0131lm\u0131\u015f galerileri, birbirlerine t\u00fcnellerle ba\u011fl\u0131. <\/p>\n\n\n\n<p>Kaymakl\u0131 ve Derinkuyu Yeralt\u0131 \u015eehirleri\u2019nden farkl\u0131 olarak katlar aras\u0131 haberle\u015fmeyi sa\u011flayacak \u00e7ok dar ve uzun deliklerin bulundu\u011fu \u00d6zkonak\u2019ta, yine di\u011fer yeralt\u0131 \u015fehirlerinden farkl\u0131 olarak s\u00fcrg\u00fc ta\u015f\u0131ndan sonra t\u00fcnel \u00fczerine (d\u00fc\u015fmana k\u0131zg\u0131n ya\u011f d\u00f6k\u00fclmesi amac\u0131yla) delikler oyulmu\u015f.<\/p>\n\n\n\n<h3 class=\"wp-block-heading\"><span class=\"ez-toc-section\" id=\"15_aciksaray_orenyeri_ve_mantarkaya\"><\/span><strong>15. A\u00e7\u0131ksaray \u00d6renyeri ve Mantarkaya<\/strong><span class=\"ez-toc-section-end\"><\/span><\/h3>\n\n\n\n<figure class=\"wp-block-image size-full is-style-default\"><img width=\"800\" height=\"500\" data-public-id=\"Aciksaray-Nevsehir\/Aciksaray-Nevsehir.jpg\" loading=\"lazy\" decoding=\"async\" src=\"https:\/\/res.cloudinary.com\/turna\/images\/w_800,h_500,c_scale\/f_auto,q_auto:low\/v1632845062\/Aciksaray-Nevsehir\/Aciksaray-Nevsehir.jpg?_i=AA\" alt=\"\" class=\"wp-post-19903 wp-image-19904\" data-format=\"jpg\" data-transformations=\"f_auto,q_auto:low\" data-version=\"1632845062\" data-seo=\"1\" srcset=\"https:\/\/res.cloudinary.com\/turna\/images\/f_auto,q_auto:low\/v1632845062\/Aciksaray-Nevsehir\/Aciksaray-Nevsehir.jpg?_i=AA 800w, https:\/\/res.cloudinary.com\/turna\/images\/w_300,h_188,c_scale\/f_auto,q_auto:low\/v1632845062\/Aciksaray-Nevsehir\/Aciksaray-Nevsehir.jpg?_i=AA 300w, https:\/\/res.cloudinary.com\/turna\/images\/w_672,h_420,c_scale\/f_auto,q_auto:low\/v1632845062\/Aciksaray-Nevsehir\/Aciksaray-Nevsehir.jpg?_i=AA 672w, https:\/\/res.cloudinary.com\/turna\/images\/w_640,h_400,c_scale\/f_auto,q_auto:low\/v1632845062\/Aciksaray-Nevsehir\/Aciksaray-Nevsehir.jpg?_i=AA 640w, https:\/\/res.cloudinary.com\/turna\/images\/w_681,h_426,c_scale\/f_auto,q_auto:low\/v1632845062\/Aciksaray-Nevsehir\/Aciksaray-Nevsehir.jpg?_i=AA 681w\" sizes=\"(max-width: 800px) 100vw, 800px\" \/><\/figure>\n\n\n\n<p><strong>A\u00e7\u0131ksaray \u00d6renyeri<\/strong>, Nev\u015fehir-G\u00fcl\u015fehir yolu \u00fczerinde, G\u00fcl\u015fehir\u2019e \u00fc\u00e7 kilometre uzakl\u0131ktaki t\u00fcf kayalar i\u00e7erisine oyulmu\u015f bir b\u00f6lge. A\u00e7\u0131ksaray, Roma d\u00f6nemi kaya mezarlar\u0131 ile 9. ve 10. y\u00fczy\u0131llara ait kaya kiliseleri bar\u0131nd\u0131ran \u00f6nemli bir piskoposluk merkezi. <\/p>\n\n\n\n<p>Farkl\u0131 peri bacas\u0131 formlar\u0131na sahip olan b\u00f6lgede, r\u00fczg\u00e2r\u0131n yard\u0131m\u0131yla a\u015f\u0131nan, a\u015f\u0131n\u0131rken de tam bir mantar \u015feklini alan bir kaya olu\u015fumu yer al\u0131yor. Mantarkaya ad\u0131 verilen kaya, ayn\u0131 zamanda G\u00fcl\u015fehir\u2019in de simgesi.<\/p>\n\n\n\n<p>\u0130lk \u00e7a\u011flardan kalma \u00e7ok katl\u0131 yeralt\u0131 \u015fehirleri ve ma\u011faralarla birlikte Bo\u011fal\u0131 Kilise, Manast\u0131r, Tavla (At Dam\u0131), K\u00fc\u00e7\u00fck Saray (\u00c7ok Katl\u0131 Yerle\u015fim Alan\u0131), D\u00f6rt S\u00fctunlu Manast\u0131r, Be\u015fik Tonozlu Yap\u0131, On iki S\u00fctunlu Kilise ve Merdivenli Mesken, \u00f6renyerinde g\u00f6r\u00fclmesi gereken yerlerden. <\/p>\n\n\n\n<p>Daha \u00e7ok trekking i\u00e7in tercih edilen A\u00e7\u0131ksaray \u00d6ren Yeri, \u00c7at Vadisi\u2019ni de i\u00e7ine alan 7 kilometre uzunlu\u011fundaki parkuru ile k\u00fclt\u00fcr ve spor merkezi konumunda. <\/p>\n\n\n\n<p>Nev\u015fehir&#8217;e otob\u00fcsle gidecekseniz e\u011fer\u00a0<a href=\"https:\/\/www.turna.com\/otobus-bileti\/nevsehir\">Nev\u015fehir otob\u00fcs bileti<\/a>\u00a0i\u00e7in turna.com sayfas\u0131n\u0131z ziyaret edin. Geli\u015fmi\u015f arama \u00f6zelli\u011fi ile 200\u2019den fazla otob\u00fcs firmas\u0131n\u0131 kar\u015f\u0131la\u015ft\u0131rabilir, biletini komisyon \u00f6demeden sat\u0131n alabilirsin.<a href=\"https:\/\/www.turna.com\/otobus-bileti\"><\/a><\/p>\n\n    <div class=\"xs_social_share_widget xs_share_url after_content \t\tmain_content  wslu-style-1 wslu-share-box-shaped wslu-fill-colored wslu-none wslu-share-horizontal wslu-theme-font-no wslu-main_content\">\n\n\t\t\n        <ul>\n\t\t\t        <\/ul>\n    <\/div> \n","protected":false},"excerpt":{"rendered":"<p>Nev\u015fehir, do\u011fan\u0131n bir zanaatkar gibi \u015fekil verdi\u011fi, tarihin s\u0131rlar\u0131n\u0131 bar\u0131nd\u0131ran gizemli bir a\u00e7\u0131k hava m\u00fczesi adeta. Konutlar, yeralt\u0131 \u015fehirleri, s\u0131\u011f\u0131nma ve savunma ama\u00e7l\u0131 yap\u0131lar, gizli dini hareketleri bar\u0131nd\u0131ran yeralt\u0131 manast\u0131rlar\u0131 gibi pek \u00e7ok yap\u0131y\u0131 bar\u0131nd\u0131ran b\u00f6lgede t\u00fcm bunlar\u0131n olu\u015fturdu\u011fu bir de k\u00fclt\u00fcrel ya\u015fam var. Tarihi M\u00d6 7 binlere dek uzanan Nev\u015fehir, Fars\u00e7a G\u00fczel Atlar \u00dclkesi [&hellip;]<\/p>\n","protected":false},"author":8,"featured_media":19916,"comment_status":"open","ping_status":"open","sticky":false,"template":"","format":"standard","meta":{"rop_custom_images_group":[],"rop_custom_messages_group":[],"rop_publish_now":"initial","rop_publish_now_accounts":[],"rop_publish_now_history":[],"rop_publish_now_status":"pending","_cloudinary_featured_overwrite":false,"footnotes":""},"categories":[1854],"tags":[345],"class_list":["post-19903","post","type-post","status-publish","format-standard","has-post-thumbnail","hentry","category-nevsehir","tag-nevsehir"],"_links":{"self":[{"href":"https:\/\/www.turna.com\/blog\/wp-json\/wp\/v2\/posts\/19903","targetHints":{"allow":["GET"]}}],"collection":[{"href":"https:\/\/www.turna.com\/blog\/wp-json\/wp\/v2\/posts"}],"about":[{"href":"https:\/\/www.turna.com\/blog\/wp-json\/wp\/v2\/types\/post"}],"author":[{"embeddable":true,"href":"https:\/\/www.turna.com\/blog\/wp-json\/wp\/v2\/users\/8"}],"replies":[{"embeddable":true,"href":"https:\/\/www.turna.com\/blog\/wp-json\/wp\/v2\/comments?post=19903"}],"version-history":[{"count":0,"href":"https:\/\/www.turna.com\/blog\/wp-json\/wp\/v2\/posts\/19903\/revisions"}],"wp:featuredmedia":[{"embeddable":true,"href":"https:\/\/www.turna.com\/blog\/wp-json\/wp\/v2\/media\/19916"}],"wp:attachment":[{"href":"https:\/\/www.turna.com\/blog\/wp-json\/wp\/v2\/media?parent=19903"}],"wp:term":[{"taxonomy":"category","embeddable":true,"href":"https:\/\/www.turna.com\/blog\/wp-json\/wp\/v2\/categories?post=19903"},{"taxonomy":"post_tag","embeddable":true,"href":"https:\/\/www.turna.com\/blog\/wp-json\/wp\/v2\/tags?post=19903"}],"curies":[{"name":"wp","href":"https:\/\/api.w.org\/{rel}","templated":true}]}}