{"id":19885,"date":"2021-10-08T08:36:00","date_gmt":"2021-10-08T05:36:00","guid":{"rendered":"https:\/\/www.turna.com\/blog\/?p=19885"},"modified":"2022-01-14T06:06:17","modified_gmt":"2022-01-14T03:06:17","slug":"dunyada-sarap-baglariyla-unlu-vadiler","status":"publish","type":"post","link":"https:\/\/www.turna.com\/blog\/dunyada-sarap-baglariyla-unlu-vadiler","title":{"rendered":"D\u00fcnyada \u015earap Ba\u011flar\u0131yla \u00dcnl\u00fc Vadiler"},"content":{"rendered":"<div id=\"ez-toc-container\" class=\"ez-toc-v2_0_82_2 counter-hierarchy ez-toc-counter ez-toc-black ez-toc-container-direction\">\n<div class=\"ez-toc-title-container\">\n<p class=\"ez-toc-title\" style=\"cursor:inherit\">\u0130\u00e7indekiler<\/p>\n<span class=\"ez-toc-title-toggle\"><a href=\"#\" class=\"ez-toc-pull-right ez-toc-btn ez-toc-btn-xs ez-toc-btn-default ez-toc-toggle\" aria-label=\"\u0130\u00e7indekiler Tablosunu A\u00e7\/Kapat\"><span class=\"ez-toc-js-icon-con\"><span class=\"\"><span class=\"eztoc-hide\" style=\"display:none;\">Toggle<\/span><span class=\"ez-toc-icon-toggle-span\"><svg style=\"fill: #ffffff;color:#ffffff\" xmlns=\"http:\/\/www.w3.org\/2000\/svg\" class=\"list-377408\" width=\"20px\" height=\"20px\" viewBox=\"0 0 24 24\" fill=\"none\"><path d=\"M6 6H4v2h2V6zm14 0H8v2h12V6zM4 11h2v2H4v-2zm16 0H8v2h12v-2zM4 16h2v2H4v-2zm16 0H8v2h12v-2z\" fill=\"currentColor\"><\/path><\/svg><svg style=\"fill: #ffffff;color:#ffffff\" class=\"arrow-unsorted-368013\" xmlns=\"http:\/\/www.w3.org\/2000\/svg\" width=\"10px\" height=\"10px\" viewBox=\"0 0 24 24\" version=\"1.2\" baseProfile=\"tiny\"><path d=\"M18.2 9.3l-6.2-6.3-6.2 6.3c-.2.2-.3.4-.3.7s.1.5.3.7c.2.2.4.3.7.3h11c.3 0 .5-.1.7-.3.2-.2.3-.5.3-.7s-.1-.5-.3-.7zM5.8 14.7l6.2 6.3 6.2-6.3c.2-.2.3-.5.3-.7s-.1-.5-.3-.7c-.2-.2-.4-.3-.7-.3h-11c-.3 0-.5.1-.7.3-.2.2-.3.5-.3.7s.1.5.3.7z\"\/><\/svg><\/span><\/span><\/span><\/a><\/span><\/div>\n<nav><ul class='ez-toc-list ez-toc-list-level-1 eztoc-toggle-hide-by-default' ><li class='ez-toc-page-1 ez-toc-heading-level-2'><a class=\"ez-toc-link ez-toc-heading-1\" href=\"https:\/\/www.turna.com\/blog\/dunyada-sarap-baglariyla-unlu-vadiler\/#saraplik_uzum_baglariyla_unlu_vadiler\" >\u015earapl\u0131k \u00dcz\u00fcm Ba\u011flar\u0131yla \u00dcnl\u00fc Vadiler<\/a><ul class='ez-toc-list-level-3' ><li class='ez-toc-heading-level-3'><a class=\"ez-toc-link ez-toc-heading-2\" href=\"https:\/\/www.turna.com\/blog\/dunyada-sarap-baglariyla-unlu-vadiler\/#1_napa_vadisi\" >1. Napa Vadisi<\/a><\/li><li class='ez-toc-page-1 ez-toc-heading-level-3'><a class=\"ez-toc-link ez-toc-heading-3\" href=\"https:\/\/www.turna.com\/blog\/dunyada-sarap-baglariyla-unlu-vadiler\/#2_bordo\" >2. Bordo<\/a><\/li><li class='ez-toc-page-1 ez-toc-heading-level-3'><a class=\"ez-toc-link ez-toc-heading-4\" href=\"https:\/\/www.turna.com\/blog\/dunyada-sarap-baglariyla-unlu-vadiler\/#3_toskana\" >3. Toskana<\/a><\/li><li class='ez-toc-page-1 ez-toc-heading-level-3'><a class=\"ez-toc-link ez-toc-heading-5\" href=\"https:\/\/www.turna.com\/blog\/dunyada-sarap-baglariyla-unlu-vadiler\/#4_itria_vadisi\" >4. Itria Vadisi<\/a><\/li><li class='ez-toc-page-1 ez-toc-heading-level-3'><a class=\"ez-toc-link ez-toc-heading-6\" href=\"https:\/\/www.turna.com\/blog\/dunyada-sarap-baglariyla-unlu-vadiler\/#5_barossa_vadisi\" >5. Barossa Vadisi<\/a><\/li><li class='ez-toc-page-1 ez-toc-heading-level-3'><a class=\"ez-toc-link ez-toc-heading-7\" href=\"https:\/\/www.turna.com\/blog\/dunyada-sarap-baglariyla-unlu-vadiler\/#6_urla_yarimadasi\" >6. Urla Yar\u0131madas\u0131<\/a><\/li><li class='ez-toc-page-1 ez-toc-heading-level-3'><a class=\"ez-toc-link ez-toc-heading-8\" href=\"https:\/\/www.turna.com\/blog\/dunyada-sarap-baglariyla-unlu-vadiler\/#7_hunter_vadisi\" >7. Hunter Vadisi<\/a><\/li><li class='ez-toc-page-1 ez-toc-heading-level-3'><a class=\"ez-toc-link ez-toc-heading-9\" href=\"https:\/\/www.turna.com\/blog\/dunyada-sarap-baglariyla-unlu-vadiler\/#8_loire_vadisi\" >8. Loire Vadisi<\/a><\/li><\/ul><\/li><\/ul><\/nav><\/div>\n\n<p>Ge\u00e7mi\u015fi insanl\u0131k tarihi kadar eski olan \u015farap k\u00fclt\u00fcr\u00fc, binlerce y\u0131ld\u0131r d\u00fcnyan\u0131n farkl\u0131 yerlerinde insan ya\u015fam\u0131n\u0131n i\u00e7inde yer al\u0131yor. Tatil deneyiminin \u00e7e\u015fitlenmesiyle gastronomi turizmi bir\u00e7ok insan\u0131n ilgi alan\u0131na girmeye ba\u015flad\u0131. <\/p>\n\n\n\n<p>\u015earap tad\u0131m\u0131 da gastronomi turizminin par\u00e7as\u0131. \u015earap ba\u011flar\u0131yla \u00fcnl\u00fc b\u00f6lgeler, \u00e7evrelerindeki arkeolojik ve k\u00fclt\u00fcrel de\u011ferleriyle birlikte birer \u00e7ekim merkezi. <strong>D\u00fcnyada \u015farap ba\u011flar\u0131yla \u00fcnl\u00fc vadiler<\/strong>, seyahat plan\u0131n\u0131 \u015farap k\u00fclt\u00fcr\u00fcne g\u00f6re \u015fekillendirenlerin ilk tercihi.<\/p>\n\n\n\n<h2 class=\"wp-block-heading\"><span class=\"ez-toc-section\" id=\"saraplik_uzum_baglariyla_unlu_vadiler\"><\/span><strong>\u015earapl\u0131k \u00dcz\u00fcm Ba\u011flar\u0131yla \u00dcnl\u00fc Vadiler<\/strong><span class=\"ez-toc-section-end\"><\/span><\/h2>\n\n\n\n<h3 class=\"wp-block-heading\"><span class=\"ez-toc-section\" id=\"1_napa_vadisi\"><\/span><strong>1. Napa Vadisi<\/strong><span class=\"ez-toc-section-end\"><\/span><\/h3>\n\n\n\n<figure class=\"wp-block-image size-full is-style-default\"><img width=\"800\" height=\"500\" data-public-id=\"Napa-Vadisi-sarap-yerleri\/Napa-Vadisi-sarap-yerleri.jpg\" fetchpriority=\"high\" decoding=\"async\" src=\"https:\/\/res.cloudinary.com\/turna\/images\/w_800,h_500,c_scale\/f_auto,q_auto:low\/v1632843821\/Napa-Vadisi-sarap-yerleri\/Napa-Vadisi-sarap-yerleri.jpg?_i=AA\" alt=\"Napa-Vadisi-sarap-yerleri\" class=\"wp-post-19885 wp-image-19893\" data-format=\"jpg\" data-transformations=\"f_auto,q_auto:low\" data-version=\"1632843821\" data-seo=\"1\" srcset=\"https:\/\/res.cloudinary.com\/turna\/images\/f_auto,q_auto:low\/v1632843821\/Napa-Vadisi-sarap-yerleri\/Napa-Vadisi-sarap-yerleri.jpg?_i=AA 800w, https:\/\/res.cloudinary.com\/turna\/images\/w_300,h_188,c_scale\/f_auto,q_auto:low\/v1632843821\/Napa-Vadisi-sarap-yerleri\/Napa-Vadisi-sarap-yerleri.jpg?_i=AA 300w, https:\/\/res.cloudinary.com\/turna\/images\/w_672,h_420,c_scale\/f_auto,q_auto:low\/v1632843821\/Napa-Vadisi-sarap-yerleri\/Napa-Vadisi-sarap-yerleri.jpg?_i=AA 672w, https:\/\/res.cloudinary.com\/turna\/images\/w_640,h_400,c_scale\/f_auto,q_auto:low\/v1632843821\/Napa-Vadisi-sarap-yerleri\/Napa-Vadisi-sarap-yerleri.jpg?_i=AA 640w, https:\/\/res.cloudinary.com\/turna\/images\/w_681,h_426,c_scale\/f_auto,q_auto:low\/v1632843821\/Napa-Vadisi-sarap-yerleri\/Napa-Vadisi-sarap-yerleri.jpg?_i=AA 681w\" sizes=\"(max-width: 800px) 100vw, 800px\" \/><\/figure>\n\n\n\n<p><strong>Napa Vadisi<\/strong>, Amerika Birle\u015fik Devletleri&#8217;nin (ABD) Kaliforniya eyaletinde, d\u00fcnyada \u015farapl\u0131k \u00fcz\u00fcm ba\u011flar\u0131yla en \u00e7ok tan\u0131nan b\u00f6lgeler aras\u0131nda. 1800&#8217;l\u00fc y\u0131llar\u0131n ikinci yar\u0131s\u0131ndan itibaren h\u0131zla artan \u00fcz\u00fcm \u00fcretimi, g\u00fcn\u00fcm\u00fczde tam anlam\u0131yla bir markaya d\u00f6n\u00fc\u015fm\u00fc\u015f durumda.<\/p>\n\n\n\n<p>\u00dcz\u00fcm\u00fcn yeti\u015ftirilmesinden, \u015farap olup \u015fi\u015feye giri\u015fine kadar her a\u015faman\u0131n anlat\u0131ld\u0131\u011f\u0131; k\u00f6r tad\u0131m ve dal\u0131ndan \u00fcz\u00fcm tad\u0131m\u0131n\u0131n yap\u0131ld\u0131\u011f\u0131 vadide, astronomik rakamlar\u0131n konu\u015fuldu\u011fu restoranlar ve \u015farap \u00fcretim merkezleri bulunuyor.<\/p>\n\n\n\n<p>En uygun\u00a0<a href=\"https:\/\/www.turna.com\/ucak-bileti\/amerika\">Amerika u\u00e7ak bileti\u00a0i\u00e7in turna.com<\/a> sayfas\u0131n\u0131 ziyaret edin. Geli\u015fmi\u015f arama teknolojisi, g\u00fcvenli \u00f6deme, komisyonsuz al\u0131\u015fveri\u015f, kesintisiz iade garantisi ve daha fazla turna.com sayfalar\u0131nda.<\/p>\n\n\n\n<h3 class=\"wp-block-heading\"><span class=\"ez-toc-section\" id=\"2_bordo\"><\/span><strong>2. Bordo<\/strong><span class=\"ez-toc-section-end\"><\/span><\/h3>\n\n\n\n<figure class=\"wp-block-image size-full is-style-default\"><img width=\"800\" height=\"500\" data-public-id=\"Bordo-Fransa-Sarap-baglari\/Bordo-Fransa-Sarap-baglari.jpg\" decoding=\"async\" src=\"https:\/\/res.cloudinary.com\/turna\/images\/w_800,h_500,c_scale\/f_auto,q_auto:low\/v1632843817\/Bordo-Fransa-Sarap-baglari\/Bordo-Fransa-Sarap-baglari.jpg?_i=AA\" alt=\"Bordo-Fransa-Sarap-baglari\" class=\"wp-post-19885 wp-image-19892\" data-format=\"jpg\" data-transformations=\"f_auto,q_auto:low\" data-version=\"1632843817\" data-seo=\"1\" srcset=\"https:\/\/res.cloudinary.com\/turna\/images\/f_auto,q_auto:low\/v1632843817\/Bordo-Fransa-Sarap-baglari\/Bordo-Fransa-Sarap-baglari.jpg?_i=AA 800w, https:\/\/res.cloudinary.com\/turna\/images\/w_300,h_188,c_scale\/f_auto,q_auto:low\/v1632843817\/Bordo-Fransa-Sarap-baglari\/Bordo-Fransa-Sarap-baglari.jpg?_i=AA 300w, https:\/\/res.cloudinary.com\/turna\/images\/w_672,h_420,c_scale\/f_auto,q_auto:low\/v1632843817\/Bordo-Fransa-Sarap-baglari\/Bordo-Fransa-Sarap-baglari.jpg?_i=AA 672w, https:\/\/res.cloudinary.com\/turna\/images\/w_640,h_400,c_scale\/f_auto,q_auto:low\/v1632843817\/Bordo-Fransa-Sarap-baglari\/Bordo-Fransa-Sarap-baglari.jpg?_i=AA 640w, https:\/\/res.cloudinary.com\/turna\/images\/w_681,h_426,c_scale\/f_auto,q_auto:low\/v1632843817\/Bordo-Fransa-Sarap-baglari\/Bordo-Fransa-Sarap-baglari.jpg?_i=AA 681w\" sizes=\"(max-width: 800px) 100vw, 800px\" \/><\/figure>\n\n\n\n<p><strong>Bordo<\/strong>, D\u00fcnyada \u015farap denildi\u011finde ilk akla gelen \u015fehirlerden, Fransa&#8217;n\u0131n en b\u00fcy\u00fck \u015farap \u00fcretim merkezi. A\u011f\u0131rl\u0131kl\u0131 olarak k\u0131rm\u0131z\u0131 \u015farap \u00fcretimi yap\u0131lan b\u00f6lgede \u00fcretimin %70&#8217;i Fransa i\u00e7inde sat\u0131l\u0131yor; geri kalan b\u00f6l\u00fcm ise yurt d\u0131\u015f\u0131na g\u00f6nderiliyor.<\/p>\n\n\n\n<p>B\u00f6lgedeki iklim \u00f6zelliklerinin etkisi ve \u015farap \u00fcreticilerin \u00fcz\u00fcm yeti\u015ftirme tekni\u011finin katt\u0131\u011f\u0131 hava, Bordo \u015farab\u0131n\u0131 d\u00fcnyan\u0131n her yerinden ay\u0131r\u0131yor. Bordo, birbirinden g\u00fczel butik at\u00f6lyeleri ve etkileyici mimari yap\u0131lar\u0131yla \u015farap sevenlerin tercih etti\u011fi bir destinasyon.<\/p>\n\n\n\n<p>Turna\u2019n\u0131n bir\u00e7ok havayolu ile \u00f6zel f\u0131rsat anla\u015fmalar\u0131 bulunuyor. Belli d\u00f6nemlerde yap\u0131lan \u00f6zel kampanyalar\u0131 ka\u00e7\u0131rmay\u0131n. En ucuz\u00a0<strong><a href=\"https:\/\/www.turna.com\/ucak-bileti\/fransa\">Fransa u\u00e7ak bileti<\/a><\/strong>\u00a0i\u00e7in turna u\u00e7ak bileti sayfas\u0131n\u0131 takip edin.<\/p>\n\n\n\n<h3 class=\"wp-block-heading\"><span class=\"ez-toc-section\" id=\"3_toskana\"><\/span><strong>3. Toskana<\/strong><span class=\"ez-toc-section-end\"><\/span><\/h3>\n\n\n\n<figure class=\"wp-block-image size-full is-style-default\"><img width=\"800\" height=\"500\" data-public-id=\"Toskana-Italya-Sarap-Yerleri\/Toskana-Italya-Sarap-Yerleri.jpg\" decoding=\"async\" src=\"https:\/\/res.cloudinary.com\/turna\/images\/w_800,h_500,c_scale\/f_auto,q_auto:low\/v1632843813\/Toskana-Italya-Sarap-Yerleri\/Toskana-Italya-Sarap-Yerleri.jpg?_i=AA\" alt=\"Toskana-Italya-Sarap-Yerleri\" class=\"wp-post-19885 wp-image-19891\" data-format=\"jpg\" data-transformations=\"f_auto,q_auto:low\" data-version=\"1632843813\" data-seo=\"1\" srcset=\"https:\/\/res.cloudinary.com\/turna\/images\/f_auto,q_auto:low\/v1632843813\/Toskana-Italya-Sarap-Yerleri\/Toskana-Italya-Sarap-Yerleri.jpg?_i=AA 800w, https:\/\/res.cloudinary.com\/turna\/images\/w_300,h_188,c_scale\/f_auto,q_auto:low\/v1632843813\/Toskana-Italya-Sarap-Yerleri\/Toskana-Italya-Sarap-Yerleri.jpg?_i=AA 300w, https:\/\/res.cloudinary.com\/turna\/images\/w_672,h_420,c_scale\/f_auto,q_auto:low\/v1632843813\/Toskana-Italya-Sarap-Yerleri\/Toskana-Italya-Sarap-Yerleri.jpg?_i=AA 672w, https:\/\/res.cloudinary.com\/turna\/images\/w_640,h_400,c_scale\/f_auto,q_auto:low\/v1632843813\/Toskana-Italya-Sarap-Yerleri\/Toskana-Italya-Sarap-Yerleri.jpg?_i=AA 640w, https:\/\/res.cloudinary.com\/turna\/images\/w_681,h_426,c_scale\/f_auto,q_auto:low\/v1632843813\/Toskana-Italya-Sarap-Yerleri\/Toskana-Italya-Sarap-Yerleri.jpg?_i=AA 681w\" sizes=\"(max-width: 800px) 100vw, 800px\" \/><\/figure>\n\n\n\n<p><strong>Toskana<\/strong>, yuvarlak tepelerin aralar\u0131na dizilmi\u015f kalem gibi a\u011fa\u00e7lar ve yemye\u015fil \u00fcz\u00fcm ba\u011flar\u0131n\u0131n e\u015fsiz manzaras\u0131n\u0131n insana huzur verdi\u011fi, \u0130talya&#8217;n\u0131n en me\u015fhur \u015farap ba\u011flar\u0131na sahip b\u00f6lgesi. <\/p>\n\n\n\n<p>Orta \u00c7a\u011f kasabalar\u0131n\u0131 and\u0131ran mimari yap\u0131lar\u0131n aralar\u0131na ye\u015feren \u00fcz\u00fcm ba\u011flar\u0131, birbirinden leziz \u015faraplara hayat veriyor. \u00dcst segmentteki restoranlar ve l\u00fcks butik oteller Toskana seyahatinin tamamlay\u0131c\u0131lar\u0131 aras\u0131nda.<\/p>\n\n\n\n<h3 class=\"wp-block-heading\"><span class=\"ez-toc-section\" id=\"4_itria_vadisi\"><\/span><strong>4. Itria Vadisi<\/strong><span class=\"ez-toc-section-end\"><\/span><\/h3>\n\n\n\n<figure class=\"wp-block-image size-full is-style-default\"><img width=\"800\" height=\"500\" loading=\"lazy\" decoding=\"async\" src=\"data:image\/svg+xml;base64,PHN2ZyB4bWxucz0iaHR0cDovL3d3dy53My5vcmcvMjAwMC9zdmciIHdpZHRoPSI4MDAiIGhlaWdodD0iNTAwIj48cmVjdCB3aWR0aD0iMTAwJSIgaGVpZ2h0PSIxMDAlIj48YW5pbWF0ZSBhdHRyaWJ1dGVOYW1lPSJmaWxsIiB2YWx1ZXM9InJnYmEoMTUzLDE1MywxNTMsMC41KTtyZ2JhKDE1MywxNTMsMTUzLDAuMSk7cmdiYSgxNTMsMTUzLDE1MywwLjUpIiBkdXI9IjJzIiByZXBlYXRDb3VudD0iaW5kZWZpbml0ZSIgLz48L3JlY3Q+PC9zdmc+\" alt=\"Itria-Vadisi-Sarab-Baglari\" class=\"wp-post-19885 wp-image-19890\" data-public-id=\"Itria-Vadisi-Sarab-Baglari\/Itria-Vadisi-Sarab-Baglari.jpg\" data-format=\"jpg\" data-transformations=\"f_auto,q_auto:low\" data-version=\"1632843809\" data-seo=\"1\" data-size=\"800 500\" data-srcset=\"https:\/\/res.cloudinary.com\/turna\/images\/f_auto,q_auto:low\/v1632843809\/Itria-Vadisi-Sarab-Baglari\/Itria-Vadisi-Sarab-Baglari.jpg?_i=AA 800w, https:\/\/res.cloudinary.com\/turna\/images\/w_300,h_188,c_scale\/f_auto,q_auto:low\/v1632843809\/Itria-Vadisi-Sarab-Baglari\/Itria-Vadisi-Sarab-Baglari.jpg?_i=AA 300w, https:\/\/res.cloudinary.com\/turna\/images\/w_672,h_420,c_scale\/f_auto,q_auto:low\/v1632843809\/Itria-Vadisi-Sarab-Baglari\/Itria-Vadisi-Sarab-Baglari.jpg?_i=AA 672w, https:\/\/res.cloudinary.com\/turna\/images\/w_640,h_400,c_scale\/f_auto,q_auto:low\/v1632843809\/Itria-Vadisi-Sarab-Baglari\/Itria-Vadisi-Sarab-Baglari.jpg?_i=AA 640w, https:\/\/res.cloudinary.com\/turna\/images\/w_681,h_426,c_scale\/f_auto,q_auto:low\/v1632843809\/Itria-Vadisi-Sarab-Baglari\/Itria-Vadisi-Sarab-Baglari.jpg?_i=AA 681w\" data-sizes=\"(max-width: 800px) 100vw, 800px\" data-delivery=\"upload\" onload=\";window.CLDBind?CLDBind(this):null;\" data-cloudinary=\"lazy\" \/><\/figure>\n\n\n\n<p><strong>Itria Vadisi<\/strong>, \u0130talya&#8217;n\u0131n g\u00fcneydo\u011fusunda Puglia b\u00f6lgesinin kalbinde, alabildi\u011fine uzanan \u00fcz\u00fcm ba\u011flar\u0131yla tan\u0131n\u0131yor. \u00d6zellikle beyaz \u015farap \u00fcretimiyle \u00f6ne \u00e7\u0131kan b\u00f6lgede her y\u0131l ba\u011f bozumu d\u00f6nemi birer festivale d\u00f6n\u00fc\u015f\u00fcyor.<\/p>\n\n\n\n<p>Gelecekte ad\u0131 en az Toskana kadar duyulacak yerler aras\u0131nda g\u00f6sterilen Itria Vadisi, k\u00fc\u00e7\u00fck kasabalar\u0131, zeytinlikleri ve <strong>UNESCO D\u00fcnya Miras\u0131<\/strong> Listesi&#8217;ne dahil edilen me\u015fhur turilli evleriyle kapsaml\u0131 bir seyahat haritas\u0131na sahip.<\/p>\n\n\n\n<p><strong><a href=\"https:\/\/www.turna.com\/ucak-bileti\/bari\">Bari u\u00e7ak bileti<\/a><\/strong>&nbsp;kampanyalar\u0131n\u0131 turna.com u\u00e7ak bileti sayfas\u0131ndan takip edebilirsiniz.<\/p>\n\n\n\n<h3 class=\"wp-block-heading\"><span class=\"ez-toc-section\" id=\"5_barossa_vadisi\"><\/span><strong>5. Barossa Vadisi<\/strong><span class=\"ez-toc-section-end\"><\/span><\/h3>\n\n\n\n<figure class=\"wp-block-image size-full is-style-default\"><img width=\"800\" height=\"500\" loading=\"lazy\" decoding=\"async\" src=\"data:image\/svg+xml;base64,PHN2ZyB4bWxucz0iaHR0cDovL3d3dy53My5vcmcvMjAwMC9zdmciIHdpZHRoPSI4MDAiIGhlaWdodD0iNTAwIj48cmVjdCB3aWR0aD0iMTAwJSIgaGVpZ2h0PSIxMDAlIj48YW5pbWF0ZSBhdHRyaWJ1dGVOYW1lPSJmaWxsIiB2YWx1ZXM9InJnYmEoMTUzLDE1MywxNTMsMC41KTtyZ2JhKDE1MywxNTMsMTUzLDAuMSk7cmdiYSgxNTMsMTUzLDE1MywwLjUpIiBkdXI9IjJzIiByZXBlYXRDb3VudD0iaW5kZWZpbml0ZSIgLz48L3JlY3Q+PC9zdmc+\" alt=\"Barossa-unlu-sarap-baglari\" class=\"wp-post-19885 wp-image-19889\" data-public-id=\"Barossa-unlu-sarap-baglari\/Barossa-unlu-sarap-baglari.jpg\" data-format=\"jpg\" data-transformations=\"f_auto,q_auto:low\" data-version=\"1632843805\" data-seo=\"1\" data-size=\"800 500\" data-srcset=\"https:\/\/res.cloudinary.com\/turna\/images\/f_auto,q_auto:low\/v1632843805\/Barossa-unlu-sarap-baglari\/Barossa-unlu-sarap-baglari.jpg?_i=AA 800w, https:\/\/res.cloudinary.com\/turna\/images\/w_300,h_188,c_scale\/f_auto,q_auto:low\/v1632843805\/Barossa-unlu-sarap-baglari\/Barossa-unlu-sarap-baglari.jpg?_i=AA 300w, https:\/\/res.cloudinary.com\/turna\/images\/w_672,h_420,c_scale\/f_auto,q_auto:low\/v1632843805\/Barossa-unlu-sarap-baglari\/Barossa-unlu-sarap-baglari.jpg?_i=AA 672w, https:\/\/res.cloudinary.com\/turna\/images\/w_640,h_400,c_scale\/f_auto,q_auto:low\/v1632843805\/Barossa-unlu-sarap-baglari\/Barossa-unlu-sarap-baglari.jpg?_i=AA 640w, https:\/\/res.cloudinary.com\/turna\/images\/w_681,h_426,c_scale\/f_auto,q_auto:low\/v1632843805\/Barossa-unlu-sarap-baglari\/Barossa-unlu-sarap-baglari.jpg?_i=AA 681w\" data-sizes=\"(max-width: 800px) 100vw, 800px\" data-delivery=\"upload\" onload=\";window.CLDBind?CLDBind(this):null;\" data-cloudinary=\"lazy\" \/><\/figure>\n\n\n\n<p><strong>Barossa Vadisi<\/strong>, G\u00fcney Avustralya&#8217;da tar\u0131ma uygun topra\u011f\u0131 ve iklimiyle \u00f6nemli bir \u00fcz\u00fcm \u00fcretim merkezine d\u00f6n\u00fc\u015fen, 30 km uzunlu\u011fu ve 8 km geni\u015fli\u011fiyle \u00e7ok b\u00fcy\u00fck bir y\u00fcz\u00f6l\u00e7\u00fcm\u00fcne sahip.<\/p>\n\n\n\n<p>Avustralya&#8217;n\u0131n sofral\u0131k \u015faraplar\u0131n\u0131n b\u00fcy\u00fck bir b\u00f6l\u00fcm\u00fcn\u00fcn \u00fcretildi\u011fi vadide her y\u0131l \u015farap festivali de d\u00fczenleniyor. Vadi, \u00e7evredeki Tanunda, Nuriootpa ve Angasto kentleriyle birlikte \u015farap tutkunlar\u0131n\u0131n rotas\u0131nda.<\/p>\n\n\n\n<h3 class=\"wp-block-heading\"><span class=\"ez-toc-section\" id=\"6_urla_yarimadasi\"><\/span><strong>6. Urla Yar\u0131madas\u0131<\/strong><span class=\"ez-toc-section-end\"><\/span><\/h3>\n\n\n\n<figure class=\"wp-block-image size-full is-style-default\"><img width=\"800\" height=\"500\" loading=\"lazy\" decoding=\"async\" src=\"data:image\/svg+xml;base64,PHN2ZyB4bWxucz0iaHR0cDovL3d3dy53My5vcmcvMjAwMC9zdmciIHdpZHRoPSI4MDAiIGhlaWdodD0iNTAwIj48cmVjdCB3aWR0aD0iMTAwJSIgaGVpZ2h0PSIxMDAlIj48YW5pbWF0ZSBhdHRyaWJ1dGVOYW1lPSJmaWxsIiB2YWx1ZXM9InJnYmEoMTUzLDE1MywxNTMsMC41KTtyZ2JhKDE1MywxNTMsMTUzLDAuMSk7cmdiYSgxNTMsMTUzLDE1MywwLjUpIiBkdXI9IjJzIiByZXBlYXRDb3VudD0iaW5kZWZpbml0ZSIgLz48L3JlY3Q+PC9zdmc+\" alt=\"Urla-Bagyolu-Sarap\" class=\"wp-post-19885 wp-image-19888\" data-public-id=\"Urla-Bagyolu-Sarap\/Urla-Bagyolu-Sarap.jpg\" data-format=\"jpg\" data-transformations=\"f_auto,q_auto:low\" data-version=\"1632843801\" data-seo=\"1\" data-size=\"800 500\" data-srcset=\"https:\/\/res.cloudinary.com\/turna\/images\/f_auto,q_auto:low\/v1632843801\/Urla-Bagyolu-Sarap\/Urla-Bagyolu-Sarap.jpg?_i=AA 800w, https:\/\/res.cloudinary.com\/turna\/images\/w_300,h_188,c_scale\/f_auto,q_auto:low\/v1632843801\/Urla-Bagyolu-Sarap\/Urla-Bagyolu-Sarap.jpg?_i=AA 300w, https:\/\/res.cloudinary.com\/turna\/images\/w_672,h_420,c_scale\/f_auto,q_auto:low\/v1632843801\/Urla-Bagyolu-Sarap\/Urla-Bagyolu-Sarap.jpg?_i=AA 672w, https:\/\/res.cloudinary.com\/turna\/images\/w_640,h_400,c_scale\/f_auto,q_auto:low\/v1632843801\/Urla-Bagyolu-Sarap\/Urla-Bagyolu-Sarap.jpg?_i=AA 640w, https:\/\/res.cloudinary.com\/turna\/images\/w_681,h_426,c_scale\/f_auto,q_auto:low\/v1632843801\/Urla-Bagyolu-Sarap\/Urla-Bagyolu-Sarap.jpg?_i=AA 681w\" data-sizes=\"(max-width: 800px) 100vw, 800px\" data-delivery=\"upload\" onload=\";window.CLDBind?CLDBind(this):null;\" data-cloudinary=\"lazy\" \/><\/figure>\n\n\n\n<p><strong>Urla Yar\u0131madas\u0131<\/strong>, Tarihi M\u00d6 3 binli y\u0131llara uzanan \u015farap\u00e7\u0131l\u0131k gelene\u011fiyle Anadolu&#8217;nun en eski \u015farap \u00fcretim merkezlerinden biri ve bu gelene\u011fi g\u00fcn\u00fcm\u00fczde ba\u015far\u0131yla uygulayan noktalardan. <\/p>\n\n\n\n<p><strong>Urla Ba\u011f Yolu Projesi<\/strong> ile yar\u0131madada \u015farap \u00fcreten Urla \u015earap\u00e7\u0131l\u0131k, Urlice-\u015eatomet-Mozaik ve USCA markalar\u0131n\u0131n isim yapm\u0131\u015f \u00fcr\u00fcnleri ve yar\u0131madan\u0131n do\u011fal g\u00fczellikleri ke\u015ffediliyor. \u0130zmir&#8217;de bulunan Urla Yar\u0131madas\u0131, \u015farap turizmi ve gastronomi seyahati i\u00e7in b\u00fcy\u00fck bir potansiyel ta\u015f\u0131yor.<\/p>\n\n\n\n<h3 class=\"wp-block-heading\"><span class=\"ez-toc-section\" id=\"7_hunter_vadisi\"><\/span><strong>7. Hunter Vadisi<\/strong><span class=\"ez-toc-section-end\"><\/span><\/h3>\n\n\n\n<figure class=\"wp-block-image size-full is-style-default\"><img width=\"800\" height=\"500\" loading=\"lazy\" decoding=\"async\" src=\"data:image\/svg+xml;base64,PHN2ZyB4bWxucz0iaHR0cDovL3d3dy53My5vcmcvMjAwMC9zdmciIHdpZHRoPSI4MDAiIGhlaWdodD0iNTAwIj48cmVjdCB3aWR0aD0iMTAwJSIgaGVpZ2h0PSIxMDAlIj48YW5pbWF0ZSBhdHRyaWJ1dGVOYW1lPSJmaWxsIiB2YWx1ZXM9InJnYmEoMTUzLDE1MywxNTMsMC41KTtyZ2JhKDE1MywxNTMsMTUzLDAuMSk7cmdiYSgxNTMsMTUzLDE1MywwLjUpIiBkdXI9IjJzIiByZXBlYXRDb3VudD0iaW5kZWZpbml0ZSIgLz48L3JlY3Q+PC9zdmc+\" alt=\"\" class=\"wp-post-19885 wp-image-19887\" data-public-id=\"Hunter-Vadisi-Sarap\/Hunter-Vadisi-Sarap.jpg\" data-format=\"jpg\" data-transformations=\"f_auto,q_auto:low\" data-version=\"1632843797\" data-seo=\"1\" data-size=\"800 500\" data-srcset=\"https:\/\/res.cloudinary.com\/turna\/images\/f_auto,q_auto:low\/v1632843797\/Hunter-Vadisi-Sarap\/Hunter-Vadisi-Sarap.jpg?_i=AA 800w, https:\/\/res.cloudinary.com\/turna\/images\/w_300,h_188,c_scale\/f_auto,q_auto:low\/v1632843797\/Hunter-Vadisi-Sarap\/Hunter-Vadisi-Sarap.jpg?_i=AA 300w, https:\/\/res.cloudinary.com\/turna\/images\/w_672,h_420,c_scale\/f_auto,q_auto:low\/v1632843797\/Hunter-Vadisi-Sarap\/Hunter-Vadisi-Sarap.jpg?_i=AA 672w, https:\/\/res.cloudinary.com\/turna\/images\/w_640,h_400,c_scale\/f_auto,q_auto:low\/v1632843797\/Hunter-Vadisi-Sarap\/Hunter-Vadisi-Sarap.jpg?_i=AA 640w, https:\/\/res.cloudinary.com\/turna\/images\/w_681,h_426,c_scale\/f_auto,q_auto:low\/v1632843797\/Hunter-Vadisi-Sarap\/Hunter-Vadisi-Sarap.jpg?_i=AA 681w\" data-sizes=\"(max-width: 800px) 100vw, 800px\" data-delivery=\"upload\" onload=\";window.CLDBind?CLDBind(this):null;\" data-cloudinary=\"lazy\" \/><\/figure>\n\n\n\n<p><strong>Hunter Vadisi<\/strong>, Avustralya&#8217;n\u0131n do\u011fusunda, Sidney&#8217;in kuzeyinde \u015farapl\u0131k \u00fcz\u00fcm \u00fcretimiyle \u00fcnl\u00fc olan bir b\u00f6lge. Farkl\u0131 \u015farap t\u00fcrlerinin \u00fcretiminin yap\u0131ld\u0131\u011f\u0131 \u00e7ok say\u0131da \u015faraphanenin bulundu\u011fu b\u00f6lgede, turistik aktiviteler konusunda k\u00f6kl\u00fc bir altyap\u0131 var.<\/p>\n\n\n\n<p>Vadide, festival ve e\u011flencelerle renklendirilen ba\u011f bozumu ve y\u0131l\u0131n di\u011fer d\u00f6nemlerinde \u015farap tad\u0131m\u0131ndan ho\u015flanan gruplar i\u00e7in \u00e7ok say\u0131da etkinlik bulmak m\u00fcmk\u00fcn.<\/p>\n\n\n\n<p>Sadece Turna\u2019da bulunan Ak\u0131ll\u0131 U\u00e7u\u015f sayesinde %70\u2019e varan oranlarda daha ucuz <a href=\"https:\/\/www.turna.com\/ucak-bileti\/avustralya\">Avustralya u\u00e7ak bileti<\/a> bulman\u0131z\u0131 sa\u011flar.<\/p>\n\n\n\n<h3 class=\"wp-block-heading\"><span class=\"ez-toc-section\" id=\"8_loire_vadisi\"><\/span><strong>8. Loire Vadisi<\/strong><span class=\"ez-toc-section-end\"><\/span><\/h3>\n\n\n\n<figure class=\"wp-block-image size-full is-style-default\"><img width=\"800\" height=\"500\" loading=\"lazy\" decoding=\"async\" src=\"data:image\/svg+xml;base64,PHN2ZyB4bWxucz0iaHR0cDovL3d3dy53My5vcmcvMjAwMC9zdmciIHdpZHRoPSI4MDAiIGhlaWdodD0iNTAwIj48cmVjdCB3aWR0aD0iMTAwJSIgaGVpZ2h0PSIxMDAlIj48YW5pbWF0ZSBhdHRyaWJ1dGVOYW1lPSJmaWxsIiB2YWx1ZXM9InJnYmEoMTUzLDE1MywxNTMsMC41KTtyZ2JhKDE1MywxNTMsMTUzLDAuMSk7cmdiYSgxNTMsMTUzLDE1MywwLjUpIiBkdXI9IjJzIiByZXBlYXRDb3VudD0iaW5kZWZpbml0ZSIgLz48L3JlY3Q+PC9zdmc+\" alt=\"En-Guzel-Sarap-Baglari\" class=\"wp-post-19885 wp-image-19895\" data-public-id=\"En-Guzel-Sarap-Baglari-1\/En-Guzel-Sarap-Baglari-1.jpg\" data-format=\"jpg\" data-transformations=\"f_auto,q_auto:low\" data-version=\"1632843939\" data-seo=\"1\" data-size=\"800 500\" data-srcset=\"https:\/\/res.cloudinary.com\/turna\/images\/f_auto,q_auto:low\/v1632843939\/En-Guzel-Sarap-Baglari-1\/En-Guzel-Sarap-Baglari-1.jpg?_i=AA 800w, https:\/\/res.cloudinary.com\/turna\/images\/w_300,h_188,c_scale\/f_auto,q_auto:low\/v1632843939\/En-Guzel-Sarap-Baglari-1\/En-Guzel-Sarap-Baglari-1.jpg?_i=AA 300w, https:\/\/res.cloudinary.com\/turna\/images\/w_672,h_420,c_scale\/f_auto,q_auto:low\/v1632843939\/En-Guzel-Sarap-Baglari-1\/En-Guzel-Sarap-Baglari-1.jpg?_i=AA 672w, https:\/\/res.cloudinary.com\/turna\/images\/w_640,h_400,c_scale\/f_auto,q_auto:low\/v1632843939\/En-Guzel-Sarap-Baglari-1\/En-Guzel-Sarap-Baglari-1.jpg?_i=AA 640w, https:\/\/res.cloudinary.com\/turna\/images\/w_681,h_426,c_scale\/f_auto,q_auto:low\/v1632843939\/En-Guzel-Sarap-Baglari-1\/En-Guzel-Sarap-Baglari-1.jpg?_i=AA 681w\" data-sizes=\"(max-width: 800px) 100vw, 800px\" data-delivery=\"upload\" onload=\";window.CLDBind?CLDBind(this):null;\" data-cloudinary=\"lazy\" \/><\/figure>\n\n\n\n<p><strong>Loire Vadisi<\/strong>, g\u00f6rkemli \u015fatolar\u0131 ve yemye\u015fil \u00fcz\u00fcm ba\u011flar\u0131yla Loire Nehri&#8217;nin sulad\u0131\u011f\u0131 bereketli topraklarda yer alan, Fransa&#8217;n\u0131n Bordo&#8217;dan sonra en \u00e7ok tan\u0131nan \u015farap \u00fcretim merkezi. Zaman\u0131n adeta Orta \u00c7a\u011f&#8217;da durdu\u011fu vadi, leziz \u015faraplar\u0131 ve muhte\u015fem peynirleriyle gurmelerin bulunmaktan keyif ald\u0131\u011f\u0131 bir yer.<\/p>\n\n\n\n<p>\u00dcretimi, servisi ve sunumuyla ba\u015fl\u0131 ba\u015f\u0131na bir k\u00fclt\u00fcr olan \u015farap; \u00fcz\u00fcm meyvesinin hayat buldu\u011fu yemye\u015fil ba\u011flar\u0131yla seyahat severlerin rotas\u0131na giriyor. \u015earab\u0131n keyifli yolculu\u011funa tan\u0131k olunan \u00fcz\u00fcm ba\u011flar\u0131, her y\u0131l binlerce ziyaret\u00e7iyi a\u011f\u0131rl\u0131yor.<\/p>\n\n    <div class=\"xs_social_share_widget xs_share_url after_content \t\tmain_content  wslu-style-1 wslu-share-box-shaped wslu-fill-colored wslu-none wslu-share-horizontal wslu-theme-font-no wslu-main_content\">\n\n\t\t\n        <ul>\n\t\t\t        <\/ul>\n    <\/div> \n","protected":false},"excerpt":{"rendered":"<p>Ge\u00e7mi\u015fi insanl\u0131k tarihi kadar eski olan \u015farap k\u00fclt\u00fcr\u00fc, binlerce y\u0131ld\u0131r d\u00fcnyan\u0131n farkl\u0131 yerlerinde insan ya\u015fam\u0131n\u0131n i\u00e7inde yer al\u0131yor. Tatil deneyiminin \u00e7e\u015fitlenmesiyle gastronomi turizmi bir\u00e7ok insan\u0131n ilgi alan\u0131na girmeye ba\u015flad\u0131. \u015earap tad\u0131m\u0131 da gastronomi turizminin par\u00e7as\u0131. \u015earap ba\u011flar\u0131yla \u00fcnl\u00fc b\u00f6lgeler, \u00e7evrelerindeki arkeolojik ve k\u00fclt\u00fcrel de\u011ferleriyle birlikte birer \u00e7ekim merkezi. D\u00fcnyada \u015farap ba\u011flar\u0131yla \u00fcnl\u00fc vadiler, seyahat plan\u0131n\u0131 [&hellip;]<\/p>\n","protected":false},"author":9,"featured_media":19893,"comment_status":"open","ping_status":"open","sticky":false,"template":"","format":"standard","meta":{"rop_custom_images_group":[],"rop_custom_messages_group":[],"rop_publish_now":"initial","rop_publish_now_accounts":[],"rop_publish_now_history":[],"rop_publish_now_status":"pending","_cloudinary_featured_overwrite":false,"footnotes":""},"categories":[2],"tags":[2674,379,879],"class_list":["post-19885","post","type-post","status-publish","format-standard","has-post-thumbnail","hentry","category-ulkeler","tag-biarritz","tag-fransa","tag-sidney"],"_links":{"self":[{"href":"https:\/\/www.turna.com\/blog\/wp-json\/wp\/v2\/posts\/19885","targetHints":{"allow":["GET"]}}],"collection":[{"href":"https:\/\/www.turna.com\/blog\/wp-json\/wp\/v2\/posts"}],"about":[{"href":"https:\/\/www.turna.com\/blog\/wp-json\/wp\/v2\/types\/post"}],"author":[{"embeddable":true,"href":"https:\/\/www.turna.com\/blog\/wp-json\/wp\/v2\/users\/9"}],"replies":[{"embeddable":true,"href":"https:\/\/www.turna.com\/blog\/wp-json\/wp\/v2\/comments?post=19885"}],"version-history":[{"count":0,"href":"https:\/\/www.turna.com\/blog\/wp-json\/wp\/v2\/posts\/19885\/revisions"}],"wp:featuredmedia":[{"embeddable":true,"href":"https:\/\/www.turna.com\/blog\/wp-json\/wp\/v2\/media\/19893"}],"wp:attachment":[{"href":"https:\/\/www.turna.com\/blog\/wp-json\/wp\/v2\/media?parent=19885"}],"wp:term":[{"taxonomy":"category","embeddable":true,"href":"https:\/\/www.turna.com\/blog\/wp-json\/wp\/v2\/categories?post=19885"},{"taxonomy":"post_tag","embeddable":true,"href":"https:\/\/www.turna.com\/blog\/wp-json\/wp\/v2\/tags?post=19885"}],"curies":[{"name":"wp","href":"https:\/\/api.w.org\/{rel}","templated":true}]}}