{"id":19834,"date":"2021-10-18T08:12:00","date_gmt":"2021-10-18T05:12:00","guid":{"rendered":"https:\/\/www.turna.com\/blog\/?p=19834"},"modified":"2021-12-25T18:34:53","modified_gmt":"2021-12-25T15:34:53","slug":"yalova-gezilecek-yerler","status":"publish","type":"post","link":"https:\/\/www.turna.com\/blog\/yalova-gezilecek-yerler","title":{"rendered":"Yalova Gezilecek Yerler"},"content":{"rendered":"<div id=\"ez-toc-container\" class=\"ez-toc-v2_0_82_2 counter-hierarchy ez-toc-counter ez-toc-black ez-toc-container-direction\">\n<div class=\"ez-toc-title-container\">\n<p class=\"ez-toc-title\" style=\"cursor:inherit\">\u0130\u00e7indekiler<\/p>\n<span class=\"ez-toc-title-toggle\"><a href=\"#\" class=\"ez-toc-pull-right ez-toc-btn ez-toc-btn-xs ez-toc-btn-default ez-toc-toggle\" aria-label=\"\u0130\u00e7indekiler Tablosunu A\u00e7\/Kapat\"><span class=\"ez-toc-js-icon-con\"><span class=\"\"><span class=\"eztoc-hide\" style=\"display:none;\">Toggle<\/span><span class=\"ez-toc-icon-toggle-span\"><svg style=\"fill: #ffffff;color:#ffffff\" xmlns=\"http:\/\/www.w3.org\/2000\/svg\" class=\"list-377408\" width=\"20px\" height=\"20px\" viewBox=\"0 0 24 24\" fill=\"none\"><path d=\"M6 6H4v2h2V6zm14 0H8v2h12V6zM4 11h2v2H4v-2zm16 0H8v2h12v-2zM4 16h2v2H4v-2zm16 0H8v2h12v-2z\" fill=\"currentColor\"><\/path><\/svg><svg style=\"fill: #ffffff;color:#ffffff\" class=\"arrow-unsorted-368013\" xmlns=\"http:\/\/www.w3.org\/2000\/svg\" width=\"10px\" height=\"10px\" viewBox=\"0 0 24 24\" version=\"1.2\" baseProfile=\"tiny\"><path d=\"M18.2 9.3l-6.2-6.3-6.2 6.3c-.2.2-.3.4-.3.7s.1.5.3.7c.2.2.4.3.7.3h11c.3 0 .5-.1.7-.3.2-.2.3-.5.3-.7s-.1-.5-.3-.7zM5.8 14.7l6.2 6.3 6.2-6.3c.2-.2.3-.5.3-.7s-.1-.5-.3-.7c-.2-.2-.4-.3-.7-.3h-11c-.3 0-.5.1-.7.3-.2.2-.3.5-.3.7s.1.5.3.7z\"\/><\/svg><\/span><\/span><\/span><\/a><\/span><\/div>\n<nav><ul class='ez-toc-list ez-toc-list-level-1 eztoc-toggle-hide-by-default' ><li class='ez-toc-page-1 ez-toc-heading-level-2'><a class=\"ez-toc-link ez-toc-heading-1\" href=\"https:\/\/www.turna.com\/blog\/yalova-gezilecek-yerler\/#yalova_gezilecek_yerler\" >Yalova Gezilecek Yerler<\/a><ul class='ez-toc-list-level-3' ><li class='ez-toc-heading-level-3'><a class=\"ez-toc-link ez-toc-heading-2\" href=\"https:\/\/www.turna.com\/blog\/yalova-gezilecek-yerler\/#1_yuruyen_kosk\" >1. Y\u00fcr\u00fcyen K\u00f6\u015fk<\/a><\/li><li class='ez-toc-page-1 ez-toc-heading-level-3'><a class=\"ez-toc-link ez-toc-heading-3\" href=\"https:\/\/www.turna.com\/blog\/yalova-gezilecek-yerler\/#2_yalova_kent_muzesi\" >2. Yalova Kent M\u00fczesi<\/a><\/li><li class='ez-toc-page-1 ez-toc-heading-level-3'><a class=\"ez-toc-link ez-toc-heading-4\" href=\"https:\/\/www.turna.com\/blog\/yalova-gezilecek-yerler\/#3_karakilise\" >3. Karakilise<\/a><\/li><li class='ez-toc-page-1 ez-toc-heading-level-3'><a class=\"ez-toc-link ez-toc-heading-5\" href=\"https:\/\/www.turna.com\/blog\/yalova-gezilecek-yerler\/#4_yalova_belediyesi_acik_hava_muzesi\" >4. Yalova Belediyesi A\u00e7\u0131k Hava M\u00fczesi<\/a><\/li><li class='ez-toc-page-1 ez-toc-heading-level-3'><a class=\"ez-toc-link ez-toc-heading-6\" href=\"https:\/\/www.turna.com\/blog\/yalova-gezilecek-yerler\/#5_karaca_arboretumu\" >5. Karaca Arboretumu<\/a><\/li><li class='ez-toc-page-1 ez-toc-heading-level-3'><a class=\"ez-toc-link ez-toc-heading-7\" href=\"https:\/\/www.turna.com\/blog\/yalova-gezilecek-yerler\/#6_yalova_plajlari\" >6. Yalova Plajlar\u0131<\/a><\/li><li class='ez-toc-page-1 ez-toc-heading-level-3'><a class=\"ez-toc-link ez-toc-heading-8\" href=\"https:\/\/www.turna.com\/blog\/yalova-gezilecek-yerler\/#7_yalova_ataturk_kosku\" >7. Yalova Atat\u00fcrk K\u00f6\u015fk\u00fc<\/a><\/li><li class='ez-toc-page-1 ez-toc-heading-level-3'><a class=\"ez-toc-link ez-toc-heading-9\" href=\"https:\/\/www.turna.com\/blog\/yalova-gezilecek-yerler\/#8_cinarcik\" >8. \u00c7\u0131narc\u0131k<\/a><\/li><li class='ez-toc-page-1 ez-toc-heading-level-3'><a class=\"ez-toc-link ez-toc-heading-10\" href=\"https:\/\/www.turna.com\/blog\/yalova-gezilecek-yerler\/#9_erikli_yaylasi\" >9. Erikli Yaylas\u0131<\/a><\/li><li class='ez-toc-page-1 ez-toc-heading-level-3'><a class=\"ez-toc-link ez-toc-heading-11\" href=\"https:\/\/www.turna.com\/blog\/yalova-gezilecek-yerler\/#10_dipsiz_gol\" >10. Dipsiz G\u00f6l<\/a><\/li><li class='ez-toc-page-1 ez-toc-heading-level-3'><a class=\"ez-toc-link ez-toc-heading-12\" href=\"https:\/\/www.turna.com\/blog\/yalova-gezilecek-yerler\/#11_sudusen_selalesi\" >11. Sud\u00fc\u015fen \u015eelalesi<\/a><\/li><li class='ez-toc-page-1 ez-toc-heading-level-3'><a class=\"ez-toc-link ez-toc-heading-13\" href=\"https:\/\/www.turna.com\/blog\/yalova-gezilecek-yerler\/#12_harmankaya_tabiat_parki\" >12. Harmankaya Tabiat Park\u0131<\/a><\/li><li class='ez-toc-page-1 ez-toc-heading-level-3'><a class=\"ez-toc-link ez-toc-heading-14\" href=\"https:\/\/www.turna.com\/blog\/yalova-gezilecek-yerler\/#13_termal_cinarli_hiyaben_yolu\" >13. Termal \u00c7\u0131narl\u0131 H\u0131yaben Yolu<\/a><\/li><li class='ez-toc-page-1 ez-toc-heading-level-3'><a class=\"ez-toc-link ez-toc-heading-15\" href=\"https:\/\/www.turna.com\/blog\/yalova-gezilecek-yerler\/#14_yalova_termal_kaplicalari\" >14. Yalova Termal Kapl\u0131calar\u0131<\/a><\/li><\/ul><\/li><\/ul><\/nav><\/div>\n\n<p>Marmara&#8217;n\u0131n denizinin kenar\u0131na ili\u015fmi\u015f k\u00fc\u00e7\u00fck bir sahil kasabas\u0131 tad\u0131ndaki <strong>Yalova<\/strong>, T\u00fcrkiye&#8217;nin y\u00fcz\u00f6l\u00e7\u00fcm\u00fc olarak en k\u00fc\u00e7\u00fck \u015fehri. Bir yandan ald\u0131\u011f\u0131 yo\u011fun g\u00f6\u00e7le h\u0131zla kalabal\u0131kla\u015fan \u015fehir, kozmopolit bir kimli\u011fe sahip.<\/p>\n\n\n\n<p>1995 y\u0131l\u0131nda \u0130stanbul&#8217;un il\u00e7esi olmaktan \u00e7\u0131k\u0131p, yak\u0131ndaki kom\u015fu il\u00e7elerle birle\u015fip il oldu. \u0130stanbul, Bursa, Kocaeli \u00fc\u00e7geninin en \u00f6nemli kav\u015fak noktas\u0131. Marmara denizi \u00e7evresinde bir yerlere gidip geldiyseniz, illa ki s\u0131n\u0131rlar\u0131ndan i\u00e7eri girmi\u015f ya da en d\u00fc\u015f\u00fck ihtimal Yalova tabelas\u0131 ile kar\u015f\u0131la\u015fm\u0131\u015fs\u0131n\u0131zd\u0131r.<\/p>\n\n\n\n<p>Daha \u00e7ok sa\u011fl\u0131k ve termal turizmle \u00f6zde\u015fleyen Yalova, haritada fazla yer kaplamasa da gezilecek yerler a\u00e7\u0131s\u0131ndan kendinden beklenmeyecek kadar zengin. Do\u011fas\u0131 harikulade, ye\u015fili bol, orman \u00f6rt\u00fcs\u00fc b\u00fct\u00fcn da\u011flar\u0131 sarm\u0131\u015f.<\/p>\n\n\n\n<figure class=\"wp-block-image size-full is-style-default\"><img width=\"1024\" height=\"640\" data-public-id=\"yalova-gezilecek-yerler\/yalova-gezilecek-yerler.jpg\" fetchpriority=\"high\" decoding=\"async\" src=\"https:\/\/res.cloudinary.com\/turna\/images\/w_1024,h_640,c_scale\/f_auto,q_auto:low\/v1632826710\/yalova-gezilecek-yerler\/yalova-gezilecek-yerler.jpg?_i=AA\" alt=\"Yalova Gezilecek Yerler\" class=\"wp-post-19834 wp-image-19835\" data-format=\"jpg\" data-transformations=\"f_auto,q_auto:low\" data-version=\"1632826710\" data-seo=\"1\" srcset=\"https:\/\/res.cloudinary.com\/turna\/images\/f_auto,q_auto:low\/v1632826710\/yalova-gezilecek-yerler\/yalova-gezilecek-yerler.jpg?_i=AA 1024w, https:\/\/res.cloudinary.com\/turna\/images\/w_800,h_500,c_scale\/f_auto,q_auto:low\/v1632826710\/yalova-gezilecek-yerler\/yalova-gezilecek-yerler.jpg?_i=AA 800w, https:\/\/res.cloudinary.com\/turna\/images\/w_300,h_188,c_scale\/f_auto,q_auto:low\/v1632826710\/yalova-gezilecek-yerler\/yalova-gezilecek-yerler.jpg?_i=AA 300w, https:\/\/res.cloudinary.com\/turna\/images\/w_672,h_420,c_scale\/f_auto,q_auto:low\/v1632826710\/yalova-gezilecek-yerler\/yalova-gezilecek-yerler.jpg?_i=AA 672w, https:\/\/res.cloudinary.com\/turna\/images\/w_640,h_400,c_scale\/f_auto,q_auto:low\/v1632826710\/yalova-gezilecek-yerler\/yalova-gezilecek-yerler.jpg?_i=AA 640w, https:\/\/res.cloudinary.com\/turna\/images\/w_681,h_426,c_scale\/f_auto,q_auto:low\/v1632826710\/yalova-gezilecek-yerler\/yalova-gezilecek-yerler.jpg?_i=AA 681w\" sizes=\"(max-width: 1024px) 100vw, 1024px\" \/><\/figure>\n\n\n\n<p>Deniz, plaj isterseniz o da var! Kapl\u0131calar\u0131 en ba\u015fa yazarsak, kuytulara saklanm\u0131\u015f \u015felaleleri, yemye\u015fil yaylalar\u0131, gizemli g\u00f6lleri, e\u015fi az bulunur arboretumu, Ata yadigar\u0131 k\u00f6\u015fk\u00fc&#8230; diye liste uzay\u0131p gidiyor.<\/p>\n\n\n\n<h2 class=\"wp-block-heading\"><span class=\"ez-toc-section\" id=\"yalova_gezilecek_yerler\"><\/span><strong>Yalova Gezilecek Yerler<\/strong><span class=\"ez-toc-section-end\"><\/span><\/h2>\n\n\n\n<p><strong>Yalova<\/strong>, turizm alan\u0131nda \u00e7ok fazla kendini g\u00f6steremese de, k\u0131\u015f so\u011fu\u011funda kapl\u0131calar\u0131n tad\u0131n\u0131 \u00e7\u0131karan m\u00fcdavimlerinin say\u0131s\u0131 hi\u00e7 de az de\u011fil. Marmara&#8217;da k\u0131\u015f turizmi denilince ad\u0131 en \u00e7ok ge\u00e7en yerlerden. Bir Uluda\u011f de\u011fil belki ama, yine de hat\u0131r\u0131 say\u0131l\u0131r bir yeri var, seveni \u00e7ok.<\/p>\n\n\n\n<p>So\u011fukla aram pek iyi olmad\u0131\u011f\u0131ndan san\u0131r\u0131m, kapl\u0131calar\u0131n i\u00e7inde olup gev\u015feme fikri bana hep iyi gelmi\u015ftir. Benim gibi d\u00fc\u015f\u00fcnenlerin say\u0131s\u0131 da \u00e7ok ki ocak, \u015fubat aylar\u0131nda termaldeki oteller t\u0131kl\u0131m t\u0131kl\u0131m oluyor.<\/p>\n\n\n\n<p>Malum Akdeniz iklimine ayak uydurmu\u015f, \u00fc\u015f\u00fcyen bir milletiz, s\u0131cak suyu da havay\u0131 da seviyoruz. Konaklamal\u0131 gitmeyi d\u00fc\u015f\u00fcn\u00fcyorsan\u0131z \u00f6nceden program\u0131n\u0131z\u0131 yap\u0131n!<\/p>\n\n\n\n<p>\u015eehir k\u00fc\u00e7\u00fck oldu\u011fu i\u00e7in gezilip g\u00f6r\u00fclecek yerler birbirine yak\u0131n, ama yine de bir g\u00fcn de gezecek kadar k\u00fc\u00e7\u00fck de\u011fil. \u00d6nce bir fragman\u0131n\u0131 izleyeyim diyorsan\u0131z h\u0131zland\u0131r\u0131lm\u0131\u015f bir hafta sonu turuna, tad\u0131ml\u0131k bir gezi niyetine s\u0131\u011fd\u0131r\u0131labilir. Tabi bu biraz da ne zaman gitti\u011finize, nereleri g\u00f6rece\u011finize ba\u011fl\u0131.<\/p>\n\n\n\n<h3 class=\"wp-block-heading\"><span class=\"ez-toc-section\" id=\"1_yuruyen_kosk\"><\/span><strong>1. Y\u00fcr\u00fcyen K\u00f6\u015fk<\/strong><span class=\"ez-toc-section-end\"><\/span><\/h3>\n\n\n\n<figure class=\"wp-block-image size-full is-style-default\"><img width=\"1024\" height=\"640\" data-public-id=\"yalova-yuruyen-kosk\/yalova-yuruyen-kosk.jpg\" decoding=\"async\" src=\"https:\/\/res.cloudinary.com\/turna\/images\/w_1024,h_640,c_scale\/f_auto,q_auto:low\/v1632826766\/yalova-yuruyen-kosk\/yalova-yuruyen-kosk.jpg?_i=AA\" alt=\"Y\u00fcr\u00fcyen K\u00f6\u015fk\" class=\"wp-post-19834 wp-image-19836\" data-format=\"jpg\" data-transformations=\"f_auto,q_auto:low\" data-version=\"1632826766\" data-seo=\"1\" srcset=\"https:\/\/res.cloudinary.com\/turna\/images\/f_auto,q_auto:low\/v1632826766\/yalova-yuruyen-kosk\/yalova-yuruyen-kosk.jpg?_i=AA 1024w, https:\/\/res.cloudinary.com\/turna\/images\/w_800,h_500,c_scale\/f_auto,q_auto:low\/v1632826766\/yalova-yuruyen-kosk\/yalova-yuruyen-kosk.jpg?_i=AA 800w, https:\/\/res.cloudinary.com\/turna\/images\/w_300,h_188,c_scale\/f_auto,q_auto:low\/v1632826766\/yalova-yuruyen-kosk\/yalova-yuruyen-kosk.jpg?_i=AA 300w, https:\/\/res.cloudinary.com\/turna\/images\/w_672,h_420,c_scale\/f_auto,q_auto:low\/v1632826766\/yalova-yuruyen-kosk\/yalova-yuruyen-kosk.jpg?_i=AA 672w, https:\/\/res.cloudinary.com\/turna\/images\/w_640,h_400,c_scale\/f_auto,q_auto:low\/v1632826766\/yalova-yuruyen-kosk\/yalova-yuruyen-kosk.jpg?_i=AA 640w, https:\/\/res.cloudinary.com\/turna\/images\/w_681,h_426,c_scale\/f_auto,q_auto:low\/v1632826766\/yalova-yuruyen-kosk\/yalova-yuruyen-kosk.jpg?_i=AA 681w\" sizes=\"(max-width: 1024px) 100vw, 1024px\" \/><\/figure>\n\n\n\n<p><strong>Y\u00fcr\u00fcyen K\u00f6\u015fk<\/strong>, Yalova sahilinde konumlanan Millet \u00c7iftli\u011fi&#8217;nin i\u00e7inde yer al\u0131yor. Deniz otob\u00fcs\u00fc Yalova&#8217;ya gidecekseniz, gezmeye ba\u015flamak i\u00e7in iyi bir ba\u015flang\u0131\u00e7 noktas\u0131, iskeleye y\u00fcr\u00fcme mesafesinde. Atat\u00fcrk\u2019\u00fcn iste\u011fiyle 1929 y\u0131l\u0131nda yap\u0131lan k\u00f6\u015fk, bir \u00e7\u0131nar a\u011fac\u0131n\u0131n yan\u0131nda bulunuyor.<\/p>\n\n\n\n<p>K\u00f6\u015fk\u00fcn ad\u0131n\u0131n hikayesi de bu \u00e7\u0131nardan geliyor. 1930\u2019da \u00e7\u0131nar a\u011fac\u0131n\u0131n dal\u0131 k\u00f6\u015fk\u00fcn \u00e7at\u0131s\u0131na ve duvar\u0131na de\u011fdi\u011fi i\u00e7in g\u00f6revliler Atat\u00fcrk\u2019ten dal\u0131 kesmek i\u00e7in izin istiyor.Bunun \u00fczerine Ancak Atat\u00fcrk \u00e7\u0131nar a\u011fac\u0131n\u0131n dal\u0131n\u0131n kesilmesi yerine binan\u0131n raylar yard\u0131m\u0131yla biraz ileriye al\u0131nmas\u0131n\u0131 istiyor.<\/p>\n\n\n\n<p>B\u00f6ylelikle k\u00f6\u015fk y\u0131k\u0131lmaktan, \u00e7\u0131nar a\u011fac\u0131 kesilmekten kurtuluyor. O g\u00fcn bug\u00fcnd\u00fcr k\u00f6\u015fk \u2018Y\u00fcr\u00fcyen K\u00f6\u015fk\u2019 ad\u0131yla an\u0131l\u0131yor. 2006 y\u0131l\u0131nda Yalova Belediyesi taraf\u0131ndan onar\u0131lan k\u00f6\u015fk bir m\u00fcze olarak hizmet veriyor.<\/p>\n\n\n\n<h3 class=\"wp-block-heading\"><span class=\"ez-toc-section\" id=\"2_yalova_kent_muzesi\"><\/span><strong>2. Yalova Kent M\u00fczesi<\/strong><span class=\"ez-toc-section-end\"><\/span><\/h3>\n\n\n\n<p><strong>Yalova Kent M\u00fczesi<\/strong>, kent tarihinde \u00f6nemli bir yere sahip olan Yalova H\u00fck\u00fcmet Kona\u011f\u0131 binas\u0131nda, kentin merkezinde ve sahile yak\u0131n yer al\u0131yor. M\u00fcze olarak iki ayr\u0131 b\u00f6l\u00fcmden olu\u015fuyor. Belediye ve valili\u011fin ortak projesiyle ziyarete a\u00e7\u0131lan Yalova Kent M\u00fczesi iki katl\u0131 bir binada bulunuyor. <\/p>\n\n\n\n<p>M\u00fczede 8 bin y\u0131ll\u0131k tarihi ge\u00e7mi\u015fe uzanan Yalova tarihinden bilgi, belge ve foto\u011fraflar, turizm, sosyal ya\u015fam, spor ve e\u011fitim hayat\u0131ndan kesitler sunuluyor. M\u00fczenin en ilgi \u00e7eken par\u00e7as\u0131 ise Yalova&#8217;n\u0131n genel kent plan\u0131n\u0131 sunan maket ile Y\u00fcr\u00fcyen K\u00f6\u015fk maketleri. \u00c7ok b\u00fcy\u00fck beklentiniz olmas\u0131n, ortalama bir m\u00fcze. Giri\u015f \u00fccretsiz.<\/p>\n\n\n\n<h3 class=\"wp-block-heading\"><span class=\"ez-toc-section\" id=\"3_karakilise\"><\/span><strong>3. Karakilise<\/strong><span class=\"ez-toc-section-end\"><\/span><\/h3>\n\n\n\n<figure class=\"wp-block-image size-full is-style-default\"><img width=\"1024\" height=\"640\" data-public-id=\"yalova-karakilise\/yalova-karakilise.jpg\" decoding=\"async\" src=\"https:\/\/res.cloudinary.com\/turna\/images\/w_1024,h_640,c_scale\/f_auto,q_auto:low\/v1632826833\/yalova-karakilise\/yalova-karakilise.jpg?_i=AA\" alt=\"Karakilise\" class=\"wp-post-19834 wp-image-19837\" data-format=\"jpg\" data-transformations=\"f_auto,q_auto:low\" data-version=\"1632826833\" data-seo=\"1\" srcset=\"https:\/\/res.cloudinary.com\/turna\/images\/f_auto,q_auto:low\/v1632826833\/yalova-karakilise\/yalova-karakilise.jpg?_i=AA 1024w, https:\/\/res.cloudinary.com\/turna\/images\/w_800,h_500,c_scale\/f_auto,q_auto:low\/v1632826833\/yalova-karakilise\/yalova-karakilise.jpg?_i=AA 800w, https:\/\/res.cloudinary.com\/turna\/images\/w_300,h_188,c_scale\/f_auto,q_auto:low\/v1632826833\/yalova-karakilise\/yalova-karakilise.jpg?_i=AA 300w, https:\/\/res.cloudinary.com\/turna\/images\/w_672,h_420,c_scale\/f_auto,q_auto:low\/v1632826833\/yalova-karakilise\/yalova-karakilise.jpg?_i=AA 672w, https:\/\/res.cloudinary.com\/turna\/images\/w_640,h_400,c_scale\/f_auto,q_auto:low\/v1632826833\/yalova-karakilise\/yalova-karakilise.jpg?_i=AA 640w, https:\/\/res.cloudinary.com\/turna\/images\/w_681,h_426,c_scale\/f_auto,q_auto:low\/v1632826833\/yalova-karakilise\/yalova-karakilise.jpg?_i=AA 681w\" sizes=\"(max-width: 1024px) 100vw, 1024px\" \/><\/figure>\n\n\n\n<p><strong>Karakilise<\/strong>, Yalova kent merkezinin 3 km do\u011fusunda \u00c7iftlikk\u00f6y il\u00e7esinin sahilinde yer al\u0131yor. Yerle\u015fim yerlerinin tam ortas\u0131nda kalm\u0131\u015f, birka\u00e7 metre ilerisinde apartmanlar var. Erken Bizans d\u00f6nemi yap\u0131s\u0131 olan, MS 6. y\u00fczy\u0131lda hamam, MS 8. ve 9. y\u00fczy\u0131llarda kilise olarak kullan\u0131lan yap\u0131 tu\u011fla malzemeden yap\u0131lm\u0131\u015f.<\/p>\n\n\n\n<p>Kubbesi ve kemerleri g\u00fcn\u00fcm\u00fcze sa\u011flam gelebilen kilise, y\u00f6rede Tarihi Kilise, Eski Kilise gibi isimlerle de biliniyor. Kilise pek iyi durumda de\u011fil, Yalova&#8217;n\u0131n deprem b\u00f6lgesi oldu\u011funu hesaba katarsak restore edilmezse ufak bir sars\u0131nt\u0131da yerle bir olabilir.<\/p>\n\n\n\n<h3 class=\"wp-block-heading\"><span class=\"ez-toc-section\" id=\"4_yalova_belediyesi_acik_hava_muzesi\"><\/span><strong>4. Yalova Belediyesi A\u00e7\u0131k Hava M\u00fczesi<\/strong><span class=\"ez-toc-section-end\"><\/span><\/h3>\n\n\n\n<p><strong>Yalova Belediyesi A\u00e7\u0131k Hava M\u00fczesi<\/strong> (Arkeopark), Safran Dere&#8217;nin k\u00f6pr\u00fc ba\u015f\u0131nda, eskiden uygulama oteli, milli e\u011fitim m\u00fcd\u00fcrl\u00fc\u011f\u00fc ve hastanenin oldu\u011fu alana kurulmu\u015f. Merkezdeki Kaz\u0131m Karabekir mahallesinde yer al\u0131yor.<\/p>\n\n\n\n<p>2003 y\u0131l\u0131nda a\u00e7\u0131lan m\u00fczede Roma, Bizans ve Osmanl\u0131 d\u00f6nemine ait eserler ile Yalova&#8217;n\u0131n farkl\u0131 yerlerinde bulunan tarihi yap\u0131lar\u0131n maketleri bulunuyor. Asl\u0131nda m\u00fczeden \u00e7ok bir bah\u00e7eyi an\u0131msat\u0131yor. Eserler rasgele konulmu\u015f ve bilgi veren hi\u00e7bir yaz\u0131 yok. Epey bak\u0131ms\u0131z durumda. Bah\u00e7edeki a\u011fa\u00e7lar ve y\u00fcr\u00fcme yolu ho\u015f. Giri\u015f \u00fccretsiz.<\/p>\n\n\n\n<h3 class=\"wp-block-heading\"><span class=\"ez-toc-section\" id=\"5_karaca_arboretumu\"><\/span><strong>5. Karaca Arboretumu<\/strong><span class=\"ez-toc-section-end\"><\/span><\/h3>\n\n\n\n<figure class=\"wp-block-image size-full is-style-default\"><img width=\"1024\" height=\"640\" loading=\"lazy\" decoding=\"async\" src=\"data:image\/svg+xml;base64,PHN2ZyB4bWxucz0iaHR0cDovL3d3dy53My5vcmcvMjAwMC9zdmciIHdpZHRoPSIxMDI0IiBoZWlnaHQ9IjY0MCI+PHJlY3Qgd2lkdGg9IjEwMCUiIGhlaWdodD0iMTAwJSI+PGFuaW1hdGUgYXR0cmlidXRlTmFtZT0iZmlsbCIgdmFsdWVzPSJyZ2JhKDE1MywxNTMsMTUzLDAuNSk7cmdiYSgxNTMsMTUzLDE1MywwLjEpO3JnYmEoMTUzLDE1MywxNTMsMC41KSIgZHVyPSIycyIgcmVwZWF0Q291bnQ9ImluZGVmaW5pdGUiIC8+PC9yZWN0Pjwvc3ZnPg==\" alt=\"Karaca Arboretumu\" class=\"wp-post-19834 wp-image-19838\" data-public-id=\"Karaca-Arboretumu\/Karaca-Arboretumu.jpg\" data-format=\"jpg\" data-transformations=\"f_auto,q_auto:low\" data-version=\"1632826871\" data-seo=\"1\" data-size=\"1024 640\" data-srcset=\"https:\/\/res.cloudinary.com\/turna\/images\/f_auto,q_auto:low\/v1632826871\/Karaca-Arboretumu\/Karaca-Arboretumu.jpg?_i=AA 1024w, https:\/\/res.cloudinary.com\/turna\/images\/w_800,h_500,c_scale\/f_auto,q_auto:low\/v1632826871\/Karaca-Arboretumu\/Karaca-Arboretumu.jpg?_i=AA 800w, https:\/\/res.cloudinary.com\/turna\/images\/w_300,h_188,c_scale\/f_auto,q_auto:low\/v1632826871\/Karaca-Arboretumu\/Karaca-Arboretumu.jpg?_i=AA 300w, https:\/\/res.cloudinary.com\/turna\/images\/w_672,h_420,c_scale\/f_auto,q_auto:low\/v1632826871\/Karaca-Arboretumu\/Karaca-Arboretumu.jpg?_i=AA 672w, https:\/\/res.cloudinary.com\/turna\/images\/w_640,h_400,c_scale\/f_auto,q_auto:low\/v1632826871\/Karaca-Arboretumu\/Karaca-Arboretumu.jpg?_i=AA 640w, https:\/\/res.cloudinary.com\/turna\/images\/w_681,h_426,c_scale\/f_auto,q_auto:low\/v1632826871\/Karaca-Arboretumu\/Karaca-Arboretumu.jpg?_i=AA 681w\" data-sizes=\"(max-width: 1024px) 100vw, 1024px\" data-delivery=\"upload\" onload=\";window.CLDBind?CLDBind(this):null;\" data-cloudinary=\"lazy\" \/><\/figure>\n\n\n\n<p><strong>Karaca Arboretumu<\/strong> (Karaca A\u011fa\u00e7 Park\u0131), Yalova&#8217;n\u0131n g\u00f6zbebe\u011fi. Hatta Yalova&#8217;ya sadece arberetumu g\u00f6rmeye bile gidilir, benim gibi a\u011faca ye\u015file a\u015f\u0131ksan\u0131z tabi. T\u00fcrkiye&#8217;nin ilk \u00f6zel arboretumu \u00f6zelli\u011fini ta\u015f\u0131yor.<\/p>\n\n\n\n<p>1948\u2019de Hac\u0131 Halil Karaca taraf\u0131ndan kavakl\u0131k yap\u0131lmak \u00fczere al\u0131nan arazi, 1970\u2019li y\u0131llara gelindi\u011finde o\u011flu Hayrettin Karaca taraf\u0131ndan d\u00fcnyan\u0131n farkl\u0131 yerlerinden getirilen bitkilerle s\u00fcslenmi\u015f.<\/p>\n\n\n\n<p>G\u00fcn\u00fcm\u00fczde 13.5 hektar arazide, 7 bin civar\u0131nda de\u011fi\u015fik bitki t\u00fcr\u00fc, altt\u00fcr, varyete ve k\u00fclt\u00fcr formuna sahip olan a\u011fa\u00e7 m\u00fczesinde Asya, Avrupa, Afrika, Avustralya ve Yeni Zelanda gibi farkl\u0131 k\u0131talardan getirilen ilgin\u00e7 bitki t\u00fcrleri bulunuyor. Arboretum, il merkezine 5 km mesafede Samanl\u0131 K\u00f6y\u00fc i\u00e7erisinde yer al\u0131yor. Yalova merkezden kalkan dolmu\u015flar \u00f6n\u00fcnden ge\u00e7iyor.<\/p>\n\n\n\n<h3 class=\"wp-block-heading\"><span class=\"ez-toc-section\" id=\"6_yalova_plajlari\"><\/span><strong>6. Yalova Plaj<\/strong>lar\u0131<span class=\"ez-toc-section-end\"><\/span><\/h3>\n\n\n\n<figure class=\"wp-block-image size-full is-style-default\"><img width=\"1024\" height=\"640\" loading=\"lazy\" decoding=\"async\" src=\"data:image\/svg+xml;base64,PHN2ZyB4bWxucz0iaHR0cDovL3d3dy53My5vcmcvMjAwMC9zdmciIHdpZHRoPSIxMDI0IiBoZWlnaHQ9IjY0MCI+PHJlY3Qgd2lkdGg9IjEwMCUiIGhlaWdodD0iMTAwJSI+PGFuaW1hdGUgYXR0cmlidXRlTmFtZT0iZmlsbCIgdmFsdWVzPSJyZ2JhKDE1MywxNTMsMTUzLDAuNSk7cmdiYSgxNTMsMTUzLDE1MywwLjEpO3JnYmEoMTUzLDE1MywxNTMsMC41KSIgZHVyPSIycyIgcmVwZWF0Q291bnQ9ImluZGVmaW5pdGUiIC8+PC9yZWN0Pjwvc3ZnPg==\" alt=\"yalova plajlar\u0131\" class=\"wp-post-19834 wp-image-19839\" data-public-id=\"yalova-plajlari\/yalova-plajlari.jpg\" data-format=\"jpg\" data-transformations=\"f_auto,q_auto:low\" data-version=\"1632826903\" data-seo=\"1\" data-size=\"1024 640\" data-srcset=\"https:\/\/res.cloudinary.com\/turna\/images\/f_auto,q_auto:low\/v1632826903\/yalova-plajlari\/yalova-plajlari.jpg?_i=AA 1024w, https:\/\/res.cloudinary.com\/turna\/images\/w_800,h_500,c_scale\/f_auto,q_auto:low\/v1632826903\/yalova-plajlari\/yalova-plajlari.jpg?_i=AA 800w, https:\/\/res.cloudinary.com\/turna\/images\/w_300,h_188,c_scale\/f_auto,q_auto:low\/v1632826903\/yalova-plajlari\/yalova-plajlari.jpg?_i=AA 300w, https:\/\/res.cloudinary.com\/turna\/images\/w_672,h_420,c_scale\/f_auto,q_auto:low\/v1632826903\/yalova-plajlari\/yalova-plajlari.jpg?_i=AA 672w, https:\/\/res.cloudinary.com\/turna\/images\/w_640,h_400,c_scale\/f_auto,q_auto:low\/v1632826903\/yalova-plajlari\/yalova-plajlari.jpg?_i=AA 640w, https:\/\/res.cloudinary.com\/turna\/images\/w_681,h_426,c_scale\/f_auto,q_auto:low\/v1632826903\/yalova-plajlari\/yalova-plajlari.jpg?_i=AA 681w\" data-sizes=\"(max-width: 1024px) 100vw, 1024px\" data-delivery=\"upload\" onload=\";window.CLDBind?CLDBind(this):null;\" data-cloudinary=\"lazy\" \/><\/figure>\n\n\n\n<p><strong>Yalova Plajlar\u0131<\/strong>, Yalova&#8217;da yaz turiminin en hareketli ya\u015fand\u0131\u011f\u0131 \u00c7\u0131narc\u0131k ile Armutlu il\u00e7eleri aras\u0131nda bulunuyor. \u015eehrin kuzeyinden g\u00fcneybat\u0131s\u0131n\u0131 \u00e7evreleyen Marmara Denizi&#8217;nin en bakir ve temiz koylar\u0131n\u0131n pek \u00e7o\u011fu Yalova&#8217;da yer al\u0131yor. Yalova&#8217;n\u0131n en iyi plajlar\u0131 aras\u0131nda Kuruk\u00f6y, Esenk\u00f6y, \u00c7\u0131narc\u0131k, Armutlu ve Ay\u0131burnu yer al\u0131yor.<\/p>\n\n\n\n<h3 class=\"wp-block-heading\"><span class=\"ez-toc-section\" id=\"7_yalova_ataturk_kosku\"><\/span><strong>7. Yalova Atat\u00fcrk K\u00f6\u015fk\u00fc<\/strong><span class=\"ez-toc-section-end\"><\/span><\/h3>\n\n\n\n<p><strong>Yalova Atat\u00fcrk K\u00f6\u015fk\u00fc<\/strong>, bana g\u00f6re Yalova&#8217;n\u0131n tarihsel olarak en etkileyici yap\u0131lar\u0131ndan. Kurulu\u015fun ilk y\u0131llar\u0131n\u0131n \u00f6nemli bir tan\u0131\u011f\u0131. Atat\u00fcrk&#8217;\u00fcn yaz d\u00f6nemi \u00e7al\u0131\u015fmalar\u0131n\u0131 s\u00fcrd\u00fcrd\u00fc\u011f\u00fc yer olan k\u00f6\u015fkte Serbest F\u0131rkan\u0131n kurulu\u015fu, \u00c7ok partili sisteme ge\u00e7i\u015f, Yerli Mal\u0131 Haftas\u0131 gibi \u00f6nemli kararlar al\u0131nm\u0131\u015f.<\/p>\n\n\n\n<p>K\u00f6\u015fk\u00fcn ilk yabanc\u0131 ismi o d\u00f6nemin \u00f6nemli bir akt\u00f6r\u00fc \u0130ran \u015fah\u0131 Pehlevi. Cumhuriyetin ilk y\u0131llar\u0131nda h\u00fck\u00fcmetin yaz d\u00f6nemi \u00e7al\u0131\u015fmalar\u0131 da burada yap\u0131lm\u0131\u015f.<\/p>\n\n\n\n<p>K\u00f6\u015fk, Yalova&#8217;n\u0131n Termal il\u00e7esinde, 2 katl\u0131 tamamen ah\u015faptan yap\u0131lm\u0131\u015f. 1929 y\u0131l\u0131nda Atat\u00fcrk&#8217;\u00fcn emriyle Hakk\u0131 Eldem taraf\u0131ndan 38 g\u00fcnde in\u015fa edilmi\u015f. 4 kabul salonu ve 11 odas\u0131 var. 1984 y\u0131l\u0131nda restore edilen k\u00f6\u015fkte Atat\u00fcrk&#8217;\u00fcn ki\u015fisel e\u015fyalar\u0131, sanat eserleri, sandalye ve yemek tak\u0131m\u0131 bulunuyor.<\/p>\n\n\n\n<h3 class=\"wp-block-heading\"><span class=\"ez-toc-section\" id=\"8_cinarcik\"><\/span><strong>8. \u00c7\u0131narc\u0131k<\/strong><span class=\"ez-toc-section-end\"><\/span><\/h3>\n\n\n\n<figure class=\"wp-block-image size-full is-style-default\"><img width=\"1024\" height=\"640\" loading=\"lazy\" decoding=\"async\" src=\"data:image\/svg+xml;base64,PHN2ZyB4bWxucz0iaHR0cDovL3d3dy53My5vcmcvMjAwMC9zdmciIHdpZHRoPSIxMDI0IiBoZWlnaHQ9IjY0MCI+PHJlY3Qgd2lkdGg9IjEwMCUiIGhlaWdodD0iMTAwJSI+PGFuaW1hdGUgYXR0cmlidXRlTmFtZT0iZmlsbCIgdmFsdWVzPSJyZ2JhKDE1MywxNTMsMTUzLDAuNSk7cmdiYSgxNTMsMTUzLDE1MywwLjEpO3JnYmEoMTUzLDE1MywxNTMsMC41KSIgZHVyPSIycyIgcmVwZWF0Q291bnQ9ImluZGVmaW5pdGUiIC8+PC9yZWN0Pjwvc3ZnPg==\" alt=\"\u00c7\u0131narc\u0131k\" class=\"wp-post-19834 wp-image-19840\" data-public-id=\"cinarcik-yalova\/cinarcik-yalova.jpg\" data-format=\"jpg\" data-transformations=\"f_auto,q_auto:low\" data-version=\"1632826941\" data-seo=\"1\" data-size=\"1024 640\" data-srcset=\"https:\/\/res.cloudinary.com\/turna\/images\/f_auto,q_auto:low\/v1632826941\/cinarcik-yalova\/cinarcik-yalova.jpg?_i=AA 1024w, https:\/\/res.cloudinary.com\/turna\/images\/w_800,h_500,c_scale\/f_auto,q_auto:low\/v1632826941\/cinarcik-yalova\/cinarcik-yalova.jpg?_i=AA 800w, https:\/\/res.cloudinary.com\/turna\/images\/w_300,h_188,c_scale\/f_auto,q_auto:low\/v1632826941\/cinarcik-yalova\/cinarcik-yalova.jpg?_i=AA 300w, https:\/\/res.cloudinary.com\/turna\/images\/w_672,h_420,c_scale\/f_auto,q_auto:low\/v1632826941\/cinarcik-yalova\/cinarcik-yalova.jpg?_i=AA 672w, https:\/\/res.cloudinary.com\/turna\/images\/w_640,h_400,c_scale\/f_auto,q_auto:low\/v1632826941\/cinarcik-yalova\/cinarcik-yalova.jpg?_i=AA 640w, https:\/\/res.cloudinary.com\/turna\/images\/w_681,h_426,c_scale\/f_auto,q_auto:low\/v1632826941\/cinarcik-yalova\/cinarcik-yalova.jpg?_i=AA 681w\" data-sizes=\"(max-width: 1024px) 100vw, 1024px\" data-delivery=\"upload\" onload=\";window.CLDBind?CLDBind(this):null;\" data-cloudinary=\"lazy\" \/><\/figure>\n\n\n\n<p><strong>\u00c7\u0131narc\u0131k<\/strong>, Yalova\u2019n\u0131n merkez d\u0131\u015f\u0131ndaki en b\u00fcy\u00fck il\u00e7esi. Yalova\u2019ya 20 km mesafede yer alan il\u00e7enin tarihi M\u00d6 4000 y\u0131l\u0131na kadar uzan\u0131yor. Frigyal\u0131lar, Kimiryal\u0131lar ve Romal\u0131lar\u2019\u0131n izlerini ta\u015f\u0131yan il\u00e7enin Bizans D\u00f6nemindeki ad\u0131 &#8216;temiz havas\u0131 olan \u015fehir&#8217; anlam\u0131na gelen K\u0130O olarak an\u0131ld\u0131\u011f\u0131 biliniyor. \u00d6zellikle hafta sonu gezilerinde ve yaz aylar\u0131nda olduk\u00e7a kalabal\u0131kla\u015fan \u00c7\u0131narc\u0131k\u2019ta Termal, Esenk\u00f6y, Erikli Yaylas\u0131 g\u00f6r\u00fclmesi gereken yerler aras\u0131nda.<\/p>\n\n\n\n<h3 class=\"wp-block-heading\"><span class=\"ez-toc-section\" id=\"9_erikli_yaylasi\"><\/span><strong>9. Erikli Yaylas\u0131<\/strong><span class=\"ez-toc-section-end\"><\/span><\/h3>\n\n\n\n<p><strong>Erikli Yaylas\u0131<\/strong>, Yalova&#8217;da do\u011fayla bulu\u015fmak i\u00e7in en do\u011fru adres. Denizden 600 metre y\u00fckseklikteki yayla, yemye\u015fil ormanlar, dereler, patikalar ve \u015felalelerle bezeli. Kamp\u00e7\u0131 ve do\u011fa sporlar\u0131yla u\u011fra\u015fanlar\u0131n y\u0131l\u0131n her d\u00f6nemi ziyaret etti\u011fi yaylada Erikli \u015eelalesi mutlaka g\u00f6r\u00fclmeli.<\/p>\n\n\n\n<p><strong>Erikli \u015eelalesi<\/strong>, Erikli Yaylas\u0131n\u0131n do\u011fa harikas\u0131 olu\u015fumu. \u0130lkbahar ve yaz aylar\u0131nda \u00e7evresinde mesire alanlar\u0131yla b\u00f6lgedeki bir\u00e7ok ki\u015fiyi a\u011f\u0131rlayan \u015felale \u00c7ifte \u015eelale olarak da tan\u0131n\u0131yor. \u015eelaleleye \u00c7ifte \u015eelale denilmesinin sebebi ise biri alt biri de \u00fcstte onu besleyen iki ayr\u0131 \u015felalelenin olmas\u0131. Erikli \u015eelalesinin yan\u0131nda otopark\u0131, kafesi, tuvaleti ve du\u015fu olan bir kamp alan\u0131 da bulunuyor.<\/p>\n\n\n\n<h3 class=\"wp-block-heading\"><span class=\"ez-toc-section\" id=\"10_dipsiz_gol\"><\/span><strong>10. Dipsiz G\u00f6l<\/strong><span class=\"ez-toc-section-end\"><\/span><\/h3>\n\n\n\n<p><strong>Dipsiz G\u00f6l<\/strong>, \u00c7\u0131narc\u0131k il\u00e7esindeki Erikli Yaylas\u0131&#8217;nda yer al\u0131yor. Biri 530, di\u011feri 570 rak\u0131mda bulunan iki g\u00f6lden olu\u015fan g\u00f6ller B\u00fcy\u00fck ve K\u00fc\u00e7\u00fck Dipsiz G\u00f6l olarak adland\u0131r\u0131l\u0131yor. <\/p>\n\n\n\n<p>Kent orman\u0131na yakla\u015f\u0131k 2 km uzakl\u0131ktaki g\u00f6l\u00fcn \u00e7evresi de bitki ve yaban hayvan\u0131 pop\u00fclasyonu a\u00e7\u0131s\u0131ndan olduk\u00e7a zengin. G\u00f6l \u00e7evresindeki ye\u015fil alanlarda piknik ve y\u00fcr\u00fcy\u00fc\u015f gibi aktiviteler yap\u0131l\u0131yor. Yalova&#8217;n\u0131n tek do\u011fal g\u00f6l\u00fc olan Dipsiz G\u00f6l krater g\u00f6l\u00fc \u00f6zelli\u011fi ta\u015f\u0131yor.<\/p>\n\n\n\n<h3 class=\"wp-block-heading\"><span class=\"ez-toc-section\" id=\"11_sudusen_selalesi\"><\/span><strong>11. Sud\u00fc\u015fen \u015eelalesi<\/strong><span class=\"ez-toc-section-end\"><\/span><\/h3>\n\n\n\n<figure class=\"wp-block-image size-full is-style-default\"><img width=\"1024\" height=\"640\" loading=\"lazy\" decoding=\"async\" src=\"data:image\/svg+xml;base64,PHN2ZyB4bWxucz0iaHR0cDovL3d3dy53My5vcmcvMjAwMC9zdmciIHdpZHRoPSIxMDI0IiBoZWlnaHQ9IjY0MCI+PHJlY3Qgd2lkdGg9IjEwMCUiIGhlaWdodD0iMTAwJSI+PGFuaW1hdGUgYXR0cmlidXRlTmFtZT0iZmlsbCIgdmFsdWVzPSJyZ2JhKDE1MywxNTMsMTUzLDAuNSk7cmdiYSgxNTMsMTUzLDE1MywwLjEpO3JnYmEoMTUzLDE1MywxNTMsMC41KSIgZHVyPSIycyIgcmVwZWF0Q291bnQ9ImluZGVmaW5pdGUiIC8+PC9yZWN0Pjwvc3ZnPg==\" alt=\"sudusen-selalesi\" class=\"wp-post-19834 wp-image-19842\" data-public-id=\"sudusen-selalesi\/sudusen-selalesi.jpg\" data-format=\"jpg\" data-transformations=\"f_auto,q_auto:low\" data-version=\"1632827005\" data-seo=\"1\" data-size=\"1024 640\" data-srcset=\"https:\/\/res.cloudinary.com\/turna\/images\/f_auto,q_auto:low\/v1632827005\/sudusen-selalesi\/sudusen-selalesi.jpg?_i=AA 1024w, https:\/\/res.cloudinary.com\/turna\/images\/w_800,h_500,c_scale\/f_auto,q_auto:low\/v1632827005\/sudusen-selalesi\/sudusen-selalesi.jpg?_i=AA 800w, https:\/\/res.cloudinary.com\/turna\/images\/w_300,h_188,c_scale\/f_auto,q_auto:low\/v1632827005\/sudusen-selalesi\/sudusen-selalesi.jpg?_i=AA 300w, https:\/\/res.cloudinary.com\/turna\/images\/w_672,h_420,c_scale\/f_auto,q_auto:low\/v1632827005\/sudusen-selalesi\/sudusen-selalesi.jpg?_i=AA 672w, https:\/\/res.cloudinary.com\/turna\/images\/w_640,h_400,c_scale\/f_auto,q_auto:low\/v1632827005\/sudusen-selalesi\/sudusen-selalesi.jpg?_i=AA 640w, https:\/\/res.cloudinary.com\/turna\/images\/w_681,h_426,c_scale\/f_auto,q_auto:low\/v1632827005\/sudusen-selalesi\/sudusen-selalesi.jpg?_i=AA 681w\" data-sizes=\"(max-width: 1024px) 100vw, 1024px\" data-delivery=\"upload\" onload=\";window.CLDBind?CLDBind(this):null;\" data-cloudinary=\"lazy\" \/><\/figure>\n\n\n\n<p><strong>Sud\u00fc\u015fen \u015eelalesi<\/strong>, Yalova Termal il\u00e7esinde g\u00f6rebilece\u011finiz ba\u015fka bir g\u00fczellik. \u015eehrin do\u011fa harikalar\u0131ndan biri olan \u015felale, Samanl\u0131 Da\u011flar\u0131\u2019n\u0131n aras\u0131nda, ye\u015filin her tonuna boyanm\u0131\u015f ormanl\u0131k bir alanla \u00e7evrili.<\/p>\n\n\n\n<p>\u015eelalenin ak\u0131nt\u0131s\u0131 kuvvetli oldu\u011fundan burada y\u00fczmek pek g\u00fcvenli de\u011fil. Ancak piknik alanlar\u0131 ve muhte\u015fem do\u011fas\u0131yla kamp, do\u011fa y\u00fcr\u00fcy\u00fc\u015f\u00fc, bisiklet turlar\u0131 gibi aktiviteler i\u00e7in olduk\u00e7a elveri\u015fli.<\/p>\n\n\n\n<h3 class=\"wp-block-heading\"><span class=\"ez-toc-section\" id=\"12_harmankaya_tabiat_parki\"><\/span><strong>12. Harmankaya Tabiat Park\u0131<\/strong><span class=\"ez-toc-section-end\"><\/span><\/h3>\n\n\n\n<p><strong>Harmankaya Tabiat Park\u0131<\/strong> Yalova&#8217;n\u0131n Termal il\u00e7esindeki en g\u00fczel duraklardan. 3.6 hektar geni\u015fli\u011findeki tabiat park\u0131 yemye\u015fil orman dokusu, k\u00fc\u00e7\u00fck \u015felaleleri ve do\u011fa y\u00fcr\u00fcy\u00fc\u015f\u00fcne uygun y\u00fcr\u00fcy\u00fc\u015f parkurlar\u0131yla do\u011fa severler i\u00e7in tam anlam\u0131yla bir cennet. Bahar ve yaz aylar\u0131nda piknik\u00e7ilerin ak\u0131n etti\u011fi tabiat park\u0131 b\u00f6lgeye \u00f6zel baz\u0131 endemik bitki t\u00fcrlerini de bar\u0131nd\u0131r\u0131yor.<\/p>\n\n\n\n<h3 class=\"wp-block-heading\"><span class=\"ez-toc-section\" id=\"13_termal_cinarli_hiyaben_yolu\"><\/span><strong>13. Termal \u00c7\u0131narl\u0131 H\u0131yaben Yolu<\/strong><span class=\"ez-toc-section-end\"><\/span><\/h3>\n\n\n\n<p><strong>Termal \u00c7\u0131narl\u0131 H\u0131yaben Yolu<\/strong>, Termal Kapl\u0131calar\u0131n\u0131 Yalova&#8217;ya ba\u011flayan, Atat\u00fcrk d\u00f6neminden g\u00fcn\u00fcm\u00fcze yolu sarmalayan \u00e7\u0131nar a\u011fa\u00e7lar\u0131yla tan\u0131nan sembolik bir yer. \u00c7\u0131nar a\u011fa\u00e7lar\u0131n\u0131n olu\u015fturdu\u011fu ye\u015fil t\u00fcnel g\u00f6r\u00fcnt\u00fcs\u00fc ile Yalova&#8217;n\u0131n en g\u00fczel yolu olarak kabul edilen \u00c7\u0131narl\u0131 H\u0131yaben Yolu, 12 bin 350 metre uzunlu\u011funda ve 10 metre geni\u015fli\u011finde. Yol g\u00fczergah\u0131nda bulunan \u00e7\u0131narlar 1930 y\u0131l\u0131nda dikilmi\u015f. Yolda toplam 2 bin 250 \u00e7\u0131nar a\u011fac\u0131 bulunuyor.<\/p>\n\n\n\n<h3 class=\"wp-block-heading\"><span class=\"ez-toc-section\" id=\"14_yalova_termal_kaplicalari\"><\/span><strong>14. Yalova Termal Kapl\u0131calar\u0131<\/strong><span class=\"ez-toc-section-end\"><\/span><\/h3>\n\n\n\n<figure class=\"wp-block-image size-full is-style-default\"><img width=\"1024\" height=\"640\" loading=\"lazy\" decoding=\"async\" src=\"data:image\/svg+xml;base64,PHN2ZyB4bWxucz0iaHR0cDovL3d3dy53My5vcmcvMjAwMC9zdmciIHdpZHRoPSIxMDI0IiBoZWlnaHQ9IjY0MCI+PHJlY3Qgd2lkdGg9IjEwMCUiIGhlaWdodD0iMTAwJSI+PGFuaW1hdGUgYXR0cmlidXRlTmFtZT0iZmlsbCIgdmFsdWVzPSJyZ2JhKDE1MywxNTMsMTUzLDAuNSk7cmdiYSgxNTMsMTUzLDE1MywwLjEpO3JnYmEoMTUzLDE1MywxNTMsMC41KSIgZHVyPSIycyIgcmVwZWF0Q291bnQ9ImluZGVmaW5pdGUiIC8+PC9yZWN0Pjwvc3ZnPg==\" alt=\"Yalova Termal Kapl\u0131calar\u0131\" class=\"wp-post-19834 wp-image-19843\" data-public-id=\"yalova-termal-kaplica\/yalova-termal-kaplica.jpg\" data-format=\"jpg\" data-transformations=\"f_auto,q_auto:low\" data-version=\"1632827042\" data-seo=\"1\" data-size=\"1024 640\" data-srcset=\"https:\/\/res.cloudinary.com\/turna\/images\/f_auto,q_auto:low\/v1632827042\/yalova-termal-kaplica\/yalova-termal-kaplica.jpg?_i=AA 1024w, https:\/\/res.cloudinary.com\/turna\/images\/w_800,h_500,c_scale\/f_auto,q_auto:low\/v1632827042\/yalova-termal-kaplica\/yalova-termal-kaplica.jpg?_i=AA 800w, https:\/\/res.cloudinary.com\/turna\/images\/w_300,h_188,c_scale\/f_auto,q_auto:low\/v1632827042\/yalova-termal-kaplica\/yalova-termal-kaplica.jpg?_i=AA 300w, https:\/\/res.cloudinary.com\/turna\/images\/w_672,h_420,c_scale\/f_auto,q_auto:low\/v1632827042\/yalova-termal-kaplica\/yalova-termal-kaplica.jpg?_i=AA 672w, https:\/\/res.cloudinary.com\/turna\/images\/w_640,h_400,c_scale\/f_auto,q_auto:low\/v1632827042\/yalova-termal-kaplica\/yalova-termal-kaplica.jpg?_i=AA 640w, https:\/\/res.cloudinary.com\/turna\/images\/w_681,h_426,c_scale\/f_auto,q_auto:low\/v1632827042\/yalova-termal-kaplica\/yalova-termal-kaplica.jpg?_i=AA 681w\" data-sizes=\"(max-width: 1024px) 100vw, 1024px\" data-delivery=\"upload\" onload=\";window.CLDBind?CLDBind(this):null;\" data-cloudinary=\"lazy\" \/><\/figure>\n\n\n\n<p><strong>Yalova Termal Kapl\u0131calar\u0131<\/strong>, g\u00fcn\u00fcm\u00fczden 4 bin y\u0131l \u00f6nce ger\u00e7ekle\u015fen sismik hareketlerle olu\u015fmu\u015f. Kapl\u0131calar, Yalova \u015fehir merkezinden 12 km uzakl\u0131kta bulunuyor. <\/p>\n\n\n\n<p>T\u00fcrkiye\u2019de \u015fifa turizmi deyince akla ilk gelen yerlerden biri olan kapl\u0131calar, alt\u0131n madalya sahibi tek T\u00fcrk Kapl\u0131cas\u0131. Sular\u0131n\u0131n kaliteli ve i\u00e7ilebilir olmas\u0131 nedeniyle de d\u00fcnyaca \u00fcne sahip olan Yalova Termal Kapl\u0131calar\u0131 2 bin y\u0131ldan bu yana insanlar\u0131n \u015fifa arad\u0131klar\u0131 yer olarak biliniyor.<\/p>\n\n\n\n<p>\u0130lk hamam\u0131n Bizans \u0130mparatoru Constantinus taraf\u0131ndan yap\u0131lan kapl\u0131calarda bulunan yeni banyolar ve k\u00f6\u015fkler Sultan Abd\u00fclmecid D\u00f6nemi\u2019nde yapt\u0131r\u0131lm\u0131\u015f. 1929&#8217;da Atat\u00fcrk&#8217;\u00fcn iste\u011fiyle hem T\u00fcrkiye\u2019ye hem de d\u00fcnyaya tan\u0131t\u0131lan kapl\u0131calar 1. dereceden do\u011fal, arkeolojik ve tarihi sit alan\u0131 olarak korunuyor.<\/p>\n\n\n\n<p>1929 &#8216;da Atat\u00fcrk&#8217;\u00fcn iste\u011fiyle hem T\u00fcrkiye\u2019ye hem de d\u00fcnyaya tan\u0131t\u0131lan kapl\u0131calar 1. dereceden do\u011fal, arkeolojik ve tarihi sit alan\u0131 olarak korunuyor. \u0130\u00e7inde spor salonu, y\u00fcr\u00fcy\u00fc\u015f parkuru banyolar, hamamlar bulunan Yalova Termal Kapl\u0131calar\u0131 g\u00fcn\u00fcm\u00fczde Sa\u011fl\u0131k Bakanl\u0131\u011f\u0131 taraf\u0131ndan y\u00f6netiliyor.<\/p>\n\n\n\n<p>\u0130\u00e7inde spor salonu, y\u00fcr\u00fcy\u00fc\u015f parkuru banyolar, hamamlar bulunan Yalova Termal Kapl\u0131calar\u0131 g\u00fcn\u00fcm\u00fczde Sa\u011fl\u0131k Bakanl\u0131\u011f\u0131 taraf\u0131ndan y\u00f6netiliyor.<\/p>\n\n\n\n<p>Yalova&#8217;ya otob\u00fcsle gidecekseniz e\u011fer&nbsp;<a href=\"https:\/\/www.turna.com\/otobus-bileti\/yalova\">Yalova otob\u00fcs bileti<\/a>&nbsp;i\u00e7in turna.com sayfas\u0131n\u0131z ziyaret edin. Geli\u015fmi\u015f arama \u00f6zelli\u011fi ile 200\u2019den fazla otob\u00fcs firmas\u0131n\u0131 kar\u015f\u0131la\u015ft\u0131rabilir, biletini komisyon \u00f6demeden sat\u0131n alabilirsin.<a href=\"https:\/\/www.turna.com\/otobus-bileti\"><\/a><\/p>\n\n\n\n<p><strong>Yalova<\/strong>, ekolojik \u00e7e\u015fitlili\u011fi, sa\u011fl\u0131k turizmi i\u00e7in uygun kapl\u0131calar\u0131, zengin tarihi ge\u00e7mi\u015fi ve buram buram Atat\u00fcrk sevgisi ile Marmara B\u00f6lgesinin sakl\u0131 cennetlerinden.<\/p>\n\n    <div class=\"xs_social_share_widget xs_share_url after_content \t\tmain_content  wslu-style-1 wslu-share-box-shaped wslu-fill-colored wslu-none wslu-share-horizontal wslu-theme-font-no wslu-main_content\">\n\n\t\t\n        <ul>\n\t\t\t        <\/ul>\n    <\/div> \n","protected":false},"excerpt":{"rendered":"<p>Marmara&#8217;n\u0131n denizinin kenar\u0131na ili\u015fmi\u015f k\u00fc\u00e7\u00fck bir sahil kasabas\u0131 tad\u0131ndaki Yalova, T\u00fcrkiye&#8217;nin y\u00fcz\u00f6l\u00e7\u00fcm\u00fc olarak en k\u00fc\u00e7\u00fck \u015fehri. Bir yandan ald\u0131\u011f\u0131 yo\u011fun g\u00f6\u00e7le h\u0131zla kalabal\u0131kla\u015fan \u015fehir, kozmopolit bir kimli\u011fe sahip. 1995 y\u0131l\u0131nda \u0130stanbul&#8217;un il\u00e7esi olmaktan \u00e7\u0131k\u0131p, yak\u0131ndaki kom\u015fu il\u00e7elerle birle\u015fip il oldu. \u0130stanbul, Bursa, Kocaeli \u00fc\u00e7geninin en \u00f6nemli kav\u015fak noktas\u0131. Marmara denizi \u00e7evresinde bir yerlere gidip geldiyseniz, [&hellip;]<\/p>\n","protected":false},"author":9,"featured_media":19835,"comment_status":"open","ping_status":"open","sticky":false,"template":"","format":"standard","meta":{"rop_custom_images_group":[],"rop_custom_messages_group":[],"rop_publish_now":"initial","rop_publish_now_accounts":[],"rop_publish_now_history":[],"rop_publish_now_status":"pending","_cloudinary_featured_overwrite":false,"footnotes":""},"categories":[1881],"tags":[2433,2128],"class_list":["post-19834","post","type-post","status-publish","format-standard","has-post-thumbnail","hentry","category-yalova","tag-gemlik","tag-yalova"],"_links":{"self":[{"href":"https:\/\/www.turna.com\/blog\/wp-json\/wp\/v2\/posts\/19834","targetHints":{"allow":["GET"]}}],"collection":[{"href":"https:\/\/www.turna.com\/blog\/wp-json\/wp\/v2\/posts"}],"about":[{"href":"https:\/\/www.turna.com\/blog\/wp-json\/wp\/v2\/types\/post"}],"author":[{"embeddable":true,"href":"https:\/\/www.turna.com\/blog\/wp-json\/wp\/v2\/users\/9"}],"replies":[{"embeddable":true,"href":"https:\/\/www.turna.com\/blog\/wp-json\/wp\/v2\/comments?post=19834"}],"version-history":[{"count":0,"href":"https:\/\/www.turna.com\/blog\/wp-json\/wp\/v2\/posts\/19834\/revisions"}],"wp:featuredmedia":[{"embeddable":true,"href":"https:\/\/www.turna.com\/blog\/wp-json\/wp\/v2\/media\/19835"}],"wp:attachment":[{"href":"https:\/\/www.turna.com\/blog\/wp-json\/wp\/v2\/media?parent=19834"}],"wp:term":[{"taxonomy":"category","embeddable":true,"href":"https:\/\/www.turna.com\/blog\/wp-json\/wp\/v2\/categories?post=19834"},{"taxonomy":"post_tag","embeddable":true,"href":"https:\/\/www.turna.com\/blog\/wp-json\/wp\/v2\/tags?post=19834"}],"curies":[{"name":"wp","href":"https:\/\/api.w.org\/{rel}","templated":true}]}}