{"id":19629,"date":"2021-09-16T08:11:00","date_gmt":"2021-09-16T05:11:00","guid":{"rendered":"https:\/\/www.turna.com\/blog\/?p=19629"},"modified":"2021-08-28T16:43:59","modified_gmt":"2021-08-28T13:43:59","slug":"asansor-izmir","status":"publish","type":"post","link":"https:\/\/www.turna.com\/blog\/asansor-izmir","title":{"rendered":"Tarihi Asans\u00f6r, \u0130zmir"},"content":{"rendered":"\n<p><strong>\u0130zmir<\/strong>&#8216;in sembol yap\u0131lar\u0131ndan <strong>Tarihi Asans\u00f6r<\/strong>, zihinde canland\u0131rd\u0131\u011f\u0131m\u0131z asans\u00f6rlere pek benzemiyor. Binalarda katlar aras\u0131nda merdiven \u00e7\u0131kmamak i\u00e7in kullan\u0131lan asans\u00f6r, \u0130zmir Konak&#8217;ta iki semt aras\u0131ndaki ula\u015f\u0131m\u0131 kolayla\u015ft\u0131r\u0131yor.<\/p>\n\n\n\n<p>Birbirinden 58 metre y\u00fckselti fark\u0131na sahip Karata\u015f ile Halil Rifat Pa\u015fa semtleri Tarihi Asans\u00f6r arac\u0131l\u0131\u011f\u0131yla dakikalar i\u00e7erisinde bulu\u015fuyor. Ge\u00e7mi\u015fte 155 basamakl\u0131 merdivenle yorucu bir s\u00fcre\u00e7le birbirine ba\u011flanan iki semt, 1907 y\u0131l\u0131nda in\u015fa edilen Asans\u00f6r ile o g\u00fcnden bu yana \u00e7ok daha yak\u0131n.<\/p>\n\n\n\n<figure class=\"wp-block-image size-large is-style-default\"><img width=\"800\" height=\"500\" data-public-id=\"Tarihi-Asansor\/Tarihi-Asansor.jpg\" fetchpriority=\"high\" decoding=\"async\" src=\"https:\/\/res.cloudinary.com\/turna\/images\/w_800,h_500,c_scale\/f_auto,q_auto:low\/v1627800438\/Tarihi-Asansor\/Tarihi-Asansor.jpg?_i=AA\" alt=\"Tarihi Asansor\" class=\"wp-post-19629 wp-image-19630\" data-format=\"jpg\" data-transformations=\"f_auto,q_auto:low\" data-version=\"1627800438\" data-seo=\"1\" srcset=\"https:\/\/res.cloudinary.com\/turna\/images\/f_auto,q_auto:low\/v1627800438\/Tarihi-Asansor\/Tarihi-Asansor.jpg?_i=AA 800w, https:\/\/res.cloudinary.com\/turna\/images\/w_300,h_188,c_scale\/f_auto,q_auto:low\/v1627800438\/Tarihi-Asansor\/Tarihi-Asansor.jpg?_i=AA 300w, https:\/\/res.cloudinary.com\/turna\/images\/w_672,h_420,c_scale\/f_auto,q_auto:low\/v1627800438\/Tarihi-Asansor\/Tarihi-Asansor.jpg?_i=AA 672w, https:\/\/res.cloudinary.com\/turna\/images\/w_640,h_400,c_scale\/f_auto,q_auto:low\/v1627800438\/Tarihi-Asansor\/Tarihi-Asansor.jpg?_i=AA 640w, https:\/\/res.cloudinary.com\/turna\/images\/w_681,h_426,c_scale\/f_auto,q_auto:low\/v1627800438\/Tarihi-Asansor\/Tarihi-Asansor.jpg?_i=AA 681w\" sizes=\"(max-width: 800px) 100vw, 800px\" \/><\/figure>\n\n\n\n<h2 class=\"wp-block-heading\"><strong>Asans\u00f6r, \u0130zmir<\/strong><\/h2>\n\n\n\n<p>\u0130zmir\u2019de gezilecek yerler aras\u0131nda bulunan Tarihi Asans\u00f6r, Mithatpa\u015fa Caddesi ile \u015eehit Nihatbey Caddesi aras\u0131ndaki yolu k\u0131saltmak amac\u0131yla Musevi i\u015f adam\u0131 Nesim Levi taraf\u0131ndan yapt\u0131r\u0131ld\u0131.<\/p>\n\n\n\n<p>Asans\u00f6r&#8217;\u00fcn yap\u0131m hikayesi de olduk\u00e7a ilgin\u00e7. Y\u00fckseklik fark\u0131ndan dolay\u0131 b\u00f6lgeye, T\u00fcrklerin &#8216;Karata\u015f Merdivenleri&#8217;, yukar\u0131daki semtte ya\u015fayan Yahudilerin &#8216;Devidas Merdiveni&#8217; ad\u0131n\u0131 verdikleri merdivenler yap\u0131l\u0131yor. Devidas Ailesi&#8217;nin babas\u0131, merdivenlerden inerken d\u00fc\u015f\u00fcp aya\u011f\u0131n\u0131 k\u0131r\u0131yor. Ula\u015f\u0131m\u0131n zorlu\u011funu g\u00f6ren dostu Levi de bir proje haz\u0131rlayarak bu iki kabinli asans\u00f6r\u00fc yapt\u0131r\u0131yor.<\/p>\n\n\n\n<figure class=\"wp-block-image size-large is-style-default\"><img width=\"800\" height=\"500\" data-public-id=\"Tarihi-Asansor-Izmir\/Tarihi-Asansor-Izmir.jpg\" decoding=\"async\" src=\"https:\/\/res.cloudinary.com\/turna\/images\/w_800,h_500,c_scale\/f_auto,q_auto:low\/v1627800461\/Tarihi-Asansor-Izmir\/Tarihi-Asansor-Izmir.jpg?_i=AA\" alt=\"Tarihi-Asansor-Izmir\" class=\"wp-post-19629 wp-image-19631\" data-format=\"jpg\" data-transformations=\"f_auto,q_auto:low\" data-version=\"1627800461\" data-seo=\"1\" srcset=\"https:\/\/res.cloudinary.com\/turna\/images\/f_auto,q_auto:low\/v1627800461\/Tarihi-Asansor-Izmir\/Tarihi-Asansor-Izmir.jpg?_i=AA 800w, https:\/\/res.cloudinary.com\/turna\/images\/w_300,h_188,c_scale\/f_auto,q_auto:low\/v1627800461\/Tarihi-Asansor-Izmir\/Tarihi-Asansor-Izmir.jpg?_i=AA 300w, https:\/\/res.cloudinary.com\/turna\/images\/w_672,h_420,c_scale\/f_auto,q_auto:low\/v1627800461\/Tarihi-Asansor-Izmir\/Tarihi-Asansor-Izmir.jpg?_i=AA 672w, https:\/\/res.cloudinary.com\/turna\/images\/w_640,h_400,c_scale\/f_auto,q_auto:low\/v1627800461\/Tarihi-Asansor-Izmir\/Tarihi-Asansor-Izmir.jpg?_i=AA 640w, https:\/\/res.cloudinary.com\/turna\/images\/w_681,h_426,c_scale\/f_auto,q_auto:low\/v1627800461\/Tarihi-Asansor-Izmir\/Tarihi-Asansor-Izmir.jpg?_i=AA 681w\" sizes=\"(max-width: 800px) 100vw, 800px\" \/><\/figure>\n\n\n\n<p>Ziyaret\u00e7ileri Karata\u015f taraf\u0131ndan geli\u015fte, &#8216;Asans\u00f6r \u00c7\u0131kmaz Soka\u011f\u0131&#8217; olarak da bilinen Dario Moreno Soka\u011f\u0131 kar\u015f\u0131l\u0131yor. Konak gezilecek yerler aras\u0131nda, restore edilen ve kafe olarak kullan\u0131lan eski Rum evlerinin oldu\u011fu bu \u015firin sokak \u0130zmir&#8217;e gelen ziyaret\u00e7ilerin u\u011frak noktas\u0131. \u0130zmirli \u00dcnl\u00fc Sanat\u00e7\u0131 Dario Moreno&#8217;nun \u015fark\u0131lar\u0131 e\u015fli\u011finde ge\u00e7ilen soka\u011f\u0131n sonunda Asans\u00f6r&#8217;\u00fcn giri\u015fine ula\u015f\u0131l\u0131yor.<\/p>\n\n\n\n<p>En az giri\u015fi kadar yukar\u0131s\u0131 da etkileyici olan Asans\u00f6r&#8217;le \u00fcst kata, yani Halil Rifat Pa\u015fa&#8217;ya ula\u015ft\u0131\u011f\u0131n\u0131zda muhte\u015fem manzaral\u0131 bir kafe kar\u015f\u0131l\u0131yor sizi. \u0130zmir B\u00fcy\u00fck\u015fehir Belediyesi \u015firketi Grand Plaza taraf\u0131ndan i\u015fletilen bu kafede zengin bir yiyecek i\u00e7ecek men\u00fcs\u00fc var. \u0130zmir\u2019deki en g\u00fczel ku\u015fbak\u0131\u015f\u0131 manzaralardan birine sahip olan mekan, her g\u00fcn balkonunda \u00e7ok say\u0131da ziyaret\u00e7i a\u011f\u0131rl\u0131yor.<\/p>\n\n\n\n<figure class=\"wp-block-image size-large is-style-default\"><img width=\"800\" height=\"500\" data-public-id=\"Asansor-Dario-Moreno\/Asansor-Dario-Moreno.jpg\" decoding=\"async\" src=\"https:\/\/res.cloudinary.com\/turna\/images\/w_800,h_500,c_scale\/f_auto,q_auto:low\/v1627800480\/Asansor-Dario-Moreno\/Asansor-Dario-Moreno.jpg?_i=AA\" alt=\"Asansor Dario Moreno\" class=\"wp-post-19629 wp-image-19632\" data-format=\"jpg\" data-transformations=\"f_auto,q_auto:low\" data-version=\"1627800480\" data-seo=\"1\" srcset=\"https:\/\/res.cloudinary.com\/turna\/images\/f_auto,q_auto:low\/v1627800480\/Asansor-Dario-Moreno\/Asansor-Dario-Moreno.jpg?_i=AA 800w, https:\/\/res.cloudinary.com\/turna\/images\/w_300,h_188,c_scale\/f_auto,q_auto:low\/v1627800480\/Asansor-Dario-Moreno\/Asansor-Dario-Moreno.jpg?_i=AA 300w, https:\/\/res.cloudinary.com\/turna\/images\/w_672,h_420,c_scale\/f_auto,q_auto:low\/v1627800480\/Asansor-Dario-Moreno\/Asansor-Dario-Moreno.jpg?_i=AA 672w, https:\/\/res.cloudinary.com\/turna\/images\/w_640,h_400,c_scale\/f_auto,q_auto:low\/v1627800480\/Asansor-Dario-Moreno\/Asansor-Dario-Moreno.jpg?_i=AA 640w, https:\/\/res.cloudinary.com\/turna\/images\/w_681,h_426,c_scale\/f_auto,q_auto:low\/v1627800480\/Asansor-Dario-Moreno\/Asansor-Dario-Moreno.jpg?_i=AA 681w\" sizes=\"(max-width: 800px) 100vw, 800px\" \/><\/figure>\n\n\n\n<h3 class=\"wp-block-heading\"><strong>Tarihi Asans\u00f6r&#8217;e nas\u0131l gidilir<\/strong><\/h3>\n\n\n\n<p>\u0130zmir&#8217;in Konak il\u00e7esi Karata\u015f semtinde bulunan Tarihi Asans\u00f6r&#8217;e ula\u015fmak olduk\u00e7a kolay. Halkap\u0131nar-Fahrettin Altay Tramvay\u0131 ile Karata\u015f dura\u011f\u0131nda inip sahile paralel i\u00e7 caddeye ge\u00e7ti\u011finizde Dario Moreno Soka\u011f\u0131&#8217;na ula\u015f\u0131l\u0131yor.<\/p>\n\n\n\n<p>\u0130zmir Asans\u00f6r&#8217;e Konak Vapur \u0130skelesi ve Konak Metro \u0130stasyonu en yak\u0131n toplu ula\u015f\u0131m noktalar\u0131 aras\u0131nda. Konak&#8217;tan taksiye binerek trafik yo\u011funlu\u011funa g\u00f6re en fazla 10 dakikada Asans\u00f6r&#8217;e ula\u015f\u0131labiliyor.<\/p>\n\n\n\n<p>Konak&#8217;tan yakla\u015f\u0131k 2 km uzakl\u0131kta olan bu tarihi yap\u0131ya, sahilden keyifli bir y\u00fcr\u00fcy\u00fc\u015fle 15 dakikada gelinebiliyor. \u00d6zel ara\u00e7la gelmeyi planlayanlar\u0131n sahilde ve Mithatpa\u015fa Caddesi&#8217;nde ya\u015fanan otopark s\u0131k\u0131nt\u0131s\u0131na dikkat etmesi gerekiyor.<\/p>\n\n\n\n<p>\u0130zmir\u2019e otob\u00fcsle gidecekseniz e\u011fer&nbsp;<a href=\"https:\/\/www.turna.com\/otobus-bileti\/izmir\">\u0130zmir otob\u00fcs bileti<\/a>&nbsp;i\u00e7in turna.com sayfas\u0131n\u0131z ziyaret edin. Geli\u015fmi\u015f arama \u00f6zelli\u011fi ile 200\u2019den fazla otob\u00fcs firmas\u0131n\u0131 kar\u015f\u0131la\u015ft\u0131rabilir, biletini komisyon \u00f6demeden sat\u0131n alabilirsin.<\/p>\n\n    <div class=\"xs_social_share_widget xs_share_url after_content \t\tmain_content  wslu-style-1 wslu-share-box-shaped wslu-fill-colored wslu-none wslu-share-horizontal wslu-theme-font-no wslu-main_content\">\n\n\t\t\n        <ul>\n\t\t\t        <\/ul>\n    <\/div> \n","protected":false},"excerpt":{"rendered":"<p>\u0130zmir&#8216;in sembol yap\u0131lar\u0131ndan Tarihi Asans\u00f6r, zihinde canland\u0131rd\u0131\u011f\u0131m\u0131z asans\u00f6rlere pek benzemiyor. Binalarda katlar aras\u0131nda merdiven \u00e7\u0131kmamak i\u00e7in kullan\u0131lan asans\u00f6r, \u0130zmir Konak&#8217;ta iki semt aras\u0131ndaki ula\u015f\u0131m\u0131 kolayla\u015ft\u0131r\u0131yor. Birbirinden 58 metre y\u00fckselti fark\u0131na sahip Karata\u015f ile Halil Rifat Pa\u015fa semtleri Tarihi Asans\u00f6r arac\u0131l\u0131\u011f\u0131yla dakikalar i\u00e7erisinde bulu\u015fuyor. Ge\u00e7mi\u015fte 155 basamakl\u0131 merdivenle yorucu bir s\u00fcre\u00e7le birbirine ba\u011flanan iki semt, 1907 [&hellip;]<\/p>\n","protected":false},"author":29,"featured_media":19630,"comment_status":"open","ping_status":"open","sticky":false,"template":"","format":"standard","meta":{"rop_custom_images_group":[],"rop_custom_messages_group":[],"rop_publish_now":"initial","rop_publish_now_accounts":[],"rop_publish_now_history":[],"rop_publish_now_status":"pending","_cloudinary_featured_overwrite":false,"footnotes":""},"categories":[1839],"tags":[224],"class_list":["post-19629","post","type-post","status-publish","format-standard","has-post-thumbnail","hentry","category-izmir","tag-izmir"],"_links":{"self":[{"href":"https:\/\/www.turna.com\/blog\/wp-json\/wp\/v2\/posts\/19629","targetHints":{"allow":["GET"]}}],"collection":[{"href":"https:\/\/www.turna.com\/blog\/wp-json\/wp\/v2\/posts"}],"about":[{"href":"https:\/\/www.turna.com\/blog\/wp-json\/wp\/v2\/types\/post"}],"author":[{"embeddable":true,"href":"https:\/\/www.turna.com\/blog\/wp-json\/wp\/v2\/users\/29"}],"replies":[{"embeddable":true,"href":"https:\/\/www.turna.com\/blog\/wp-json\/wp\/v2\/comments?post=19629"}],"version-history":[{"count":0,"href":"https:\/\/www.turna.com\/blog\/wp-json\/wp\/v2\/posts\/19629\/revisions"}],"wp:featuredmedia":[{"embeddable":true,"href":"https:\/\/www.turna.com\/blog\/wp-json\/wp\/v2\/media\/19630"}],"wp:attachment":[{"href":"https:\/\/www.turna.com\/blog\/wp-json\/wp\/v2\/media?parent=19629"}],"wp:term":[{"taxonomy":"category","embeddable":true,"href":"https:\/\/www.turna.com\/blog\/wp-json\/wp\/v2\/categories?post=19629"},{"taxonomy":"post_tag","embeddable":true,"href":"https:\/\/www.turna.com\/blog\/wp-json\/wp\/v2\/tags?post=19629"}],"curies":[{"name":"wp","href":"https:\/\/api.w.org\/{rel}","templated":true}]}}