{"id":19587,"date":"2021-08-06T08:05:00","date_gmt":"2021-08-06T05:05:00","guid":{"rendered":"https:\/\/www.turna.com\/blog\/?p=19587"},"modified":"2024-09-09T16:59:04","modified_gmt":"2024-09-09T13:59:04","slug":"basel-gezilecek-yerler","status":"publish","type":"post","link":"https:\/\/www.turna.com\/blog\/basel-gezilecek-yerler","title":{"rendered":"Basel Gezilecek Yerler"},"content":{"rendered":"<div id=\"ez-toc-container\" class=\"ez-toc-v2_0_82_2 counter-hierarchy ez-toc-counter ez-toc-black ez-toc-container-direction\">\n<div class=\"ez-toc-title-container\">\n<p class=\"ez-toc-title\" style=\"cursor:inherit\">\u0130\u00e7indekiler<\/p>\n<span class=\"ez-toc-title-toggle\"><a href=\"#\" class=\"ez-toc-pull-right ez-toc-btn ez-toc-btn-xs ez-toc-btn-default ez-toc-toggle\" aria-label=\"\u0130\u00e7indekiler Tablosunu A\u00e7\/Kapat\"><span class=\"ez-toc-js-icon-con\"><span class=\"\"><span class=\"eztoc-hide\" style=\"display:none;\">Toggle<\/span><span class=\"ez-toc-icon-toggle-span\"><svg style=\"fill: #ffffff;color:#ffffff\" xmlns=\"http:\/\/www.w3.org\/2000\/svg\" class=\"list-377408\" width=\"20px\" height=\"20px\" viewBox=\"0 0 24 24\" fill=\"none\"><path d=\"M6 6H4v2h2V6zm14 0H8v2h12V6zM4 11h2v2H4v-2zm16 0H8v2h12v-2zM4 16h2v2H4v-2zm16 0H8v2h12v-2z\" fill=\"currentColor\"><\/path><\/svg><svg style=\"fill: #ffffff;color:#ffffff\" class=\"arrow-unsorted-368013\" xmlns=\"http:\/\/www.w3.org\/2000\/svg\" width=\"10px\" height=\"10px\" viewBox=\"0 0 24 24\" version=\"1.2\" baseProfile=\"tiny\"><path d=\"M18.2 9.3l-6.2-6.3-6.2 6.3c-.2.2-.3.4-.3.7s.1.5.3.7c.2.2.4.3.7.3h11c.3 0 .5-.1.7-.3.2-.2.3-.5.3-.7s-.1-.5-.3-.7zM5.8 14.7l6.2 6.3 6.2-6.3c.2-.2.3-.5.3-.7s-.1-.5-.3-.7c-.2-.2-.4-.3-.7-.3h-11c-.3 0-.5.1-.7.3-.2.2-.3.5-.3.7s.1.5.3.7z\"\/><\/svg><\/span><\/span><\/span><\/a><\/span><\/div>\n<nav><ul class='ez-toc-list ez-toc-list-level-1 eztoc-toggle-hide-by-default' ><li class='ez-toc-page-1 ez-toc-heading-level-2'><a class=\"ez-toc-link ez-toc-heading-1\" href=\"https:\/\/www.turna.com\/blog\/basel-gezilecek-yerler\/#basel_gezilecek_yerler\" >Basel Gezilecek Yerler<\/a><ul class='ez-toc-list-level-3' ><li class='ez-toc-heading-level-3'><a class=\"ez-toc-link ez-toc-heading-2\" href=\"https:\/\/www.turna.com\/blog\/basel-gezilecek-yerler\/#1_basel_manastiri\" >1. Basel Manast\u0131r\u0131<\/a><\/li><li class='ez-toc-page-1 ez-toc-heading-level-3'><a class=\"ez-toc-link ez-toc-heading-3\" href=\"https:\/\/www.turna.com\/blog\/basel-gezilecek-yerler\/#2_basel_eski_sehir\" >2. Basel Eski \u015eehir<\/a><\/li><li class='ez-toc-page-1 ez-toc-heading-level-3'><a class=\"ez-toc-link ez-toc-heading-4\" href=\"https:\/\/www.turna.com\/blog\/basel-gezilecek-yerler\/#3_marktplatz\" >3. Marktplatz<\/a><\/li><li class='ez-toc-page-1 ez-toc-heading-level-3'><a class=\"ez-toc-link ez-toc-heading-5\" href=\"https:\/\/www.turna.com\/blog\/basel-gezilecek-yerler\/#4_basel_guzel_sanatlar_muzesi\" >4. Basel G\u00fczel Sanatlar M\u00fczesi<\/a><\/li><li class='ez-toc-page-1 ez-toc-heading-level-3'><a class=\"ez-toc-link ez-toc-heading-6\" href=\"https:\/\/www.turna.com\/blog\/basel-gezilecek-yerler\/#5_tinguely_cesmesi\" >5. Tinguely \u00c7e\u015fmesi<\/a><\/li><li class='ez-toc-page-1 ez-toc-heading-level-3'><a class=\"ez-toc-link ez-toc-heading-7\" href=\"https:\/\/www.turna.com\/blog\/basel-gezilecek-yerler\/#6_augusta_raurica\" >6. Augusta Raurica<\/a><\/li><li class='ez-toc-page-1 ez-toc-heading-level-3'><a class=\"ez-toc-link ez-toc-heading-8\" href=\"https:\/\/www.turna.com\/blog\/basel-gezilecek-yerler\/#7_spalen_kapisi\" >7. Spalen Kap\u0131s\u0131<\/a><\/li><li class='ez-toc-page-1 ez-toc-heading-level-3'><a class=\"ez-toc-link ez-toc-heading-9\" href=\"https:\/\/www.turna.com\/blog\/basel-gezilecek-yerler\/#8_basel_universitesi_botanik_bahceleri\" >8. Basel \u00dcniversitesi Botanik Bah\u00e7eleri<\/a><\/li><li class='ez-toc-page-1 ez-toc-heading-level-3'><a class=\"ez-toc-link ez-toc-heading-10\" href=\"https:\/\/www.turna.com\/blog\/basel-gezilecek-yerler\/#9_mittlere_brucke\" >9. Mittlere Br\u00fccke<\/a><\/li><li class='ez-toc-page-1 ez-toc-heading-level-3'><a class=\"ez-toc-link ez-toc-heading-11\" href=\"https:\/\/www.turna.com\/blog\/basel-gezilecek-yerler\/#10_basel_hayvanat_bahcesi\" >10. Basel Hayvanat Bah\u00e7esi<\/a><\/li><li class='ez-toc-page-1 ez-toc-heading-level-3'><a class=\"ez-toc-link ez-toc-heading-12\" href=\"https:\/\/www.turna.com\/blog\/basel-gezilecek-yerler\/#basele_nasil_gidilir\" >Basel\u2019e Nas\u0131l Gidilir?<\/a><\/li><\/ul><\/li><\/ul><\/nav><\/div>\n\n<p>\u0130svi\u00e7re\u2019nin en b\u00fcy\u00fck \u00fc\u00e7\u00fcnc\u00fc kenti <strong>Basel<\/strong>, Ren Nehri k\u0131y\u0131s\u0131nda, \u00fclkenin kuzeybat\u0131s\u0131nda yer al\u0131yor. E\u015fsiz konumuyla, \u0130svi\u00e7re, Fransa ve Almanya aras\u0131nda, Dreil\u00e4ndereck b\u00f6lgesindeki bir s\u0131n\u0131r \u015fehri olan kent, bu \u00fc\u00e7 \u00fclkenin etkisi alt\u0131nda, sanat\u0131, k\u00fclt\u00fcr\u00fc ve hareketli ya\u015fam\u0131 ile tan\u0131n\u0131yor.<\/p>\n\n\n\n<p>K\u00fclt\u00fcrel \u00e7e\u015fitlili\u011fi ve tarihiyle \u00f6ne \u00e7\u0131kan, bir kasaba kadar sakin olan Basel, m\u00fczeleri, festivalleri ve sanat etkinlikleriyle Avrupa\u2019da modern ya\u015fam\u0131n vazge\u00e7ilmez merkezlerinden. 1970\u2019ten bu yana devam eden Art Basel, kentin en \u00f6nemli k\u00fclt\u00fcrel aktivitesi olmakla birlikte, her y\u0131l binlerce ziyaret\u00e7iyi kente \u00e7ekiyor.<\/p>\n\n\n\n<figure class=\"wp-block-image size-large is-style-default\"><img width=\"800\" height=\"500\" data-public-id=\"Basel-Gezilecek-Yerleri\/Basel-Gezilecek-Yerleri.jpg\" fetchpriority=\"high\" decoding=\"async\" src=\"https:\/\/res.cloudinary.com\/turna\/images\/w_800,h_500,c_scale\/f_auto,q_auto:low\/v1627710735\/Basel-Gezilecek-Yerleri\/Basel-Gezilecek-Yerleri.jpg?_i=AA\" alt=\"Basel Gezilecek Yerleri\" class=\"wp-post-19587 wp-image-19595\" data-format=\"jpg\" data-transformations=\"f_auto,q_auto:low\" data-version=\"1627710735\" data-seo=\"1\" srcset=\"https:\/\/res.cloudinary.com\/turna\/images\/f_auto,q_auto:low\/v1627710735\/Basel-Gezilecek-Yerleri\/Basel-Gezilecek-Yerleri.jpg?_i=AA 800w, https:\/\/res.cloudinary.com\/turna\/images\/w_300,h_188,c_scale\/f_auto,q_auto:low\/v1627710735\/Basel-Gezilecek-Yerleri\/Basel-Gezilecek-Yerleri.jpg?_i=AA 300w, https:\/\/res.cloudinary.com\/turna\/images\/w_672,h_420,c_scale\/f_auto,q_auto:low\/v1627710735\/Basel-Gezilecek-Yerleri\/Basel-Gezilecek-Yerleri.jpg?_i=AA 672w, https:\/\/res.cloudinary.com\/turna\/images\/w_640,h_400,c_scale\/f_auto,q_auto:low\/v1627710735\/Basel-Gezilecek-Yerleri\/Basel-Gezilecek-Yerleri.jpg?_i=AA 640w, https:\/\/res.cloudinary.com\/turna\/images\/w_681,h_426,c_scale\/f_auto,q_auto:low\/v1627710735\/Basel-Gezilecek-Yerleri\/Basel-Gezilecek-Yerleri.jpg?_i=AA 681w\" sizes=\"(max-width: 800px) 100vw, 800px\" \/><\/figure>\n\n\n\n<p>Ya\u015fam\u0131n odak noktas\u0131n\u0131 Ren Nehri\u2019nin olu\u015fturdu\u011fu Basel\u2019de, nehrin iki yakas\u0131n\u0131 birbirine ba\u011flayan k\u00f6pr\u00fcler, surlar, \u015fehir kap\u0131lar\u0131 ve tarihi binalar\u0131 kentin en g\u00fczel yap\u0131lar\u0131n\u0131 olu\u015fturuyor. Modern mimari yap\u0131lar aras\u0131nda yer alan tarihi \u00e7e\u015fmeler ile bamba\u015fka bir havan\u0131n oldu\u011fu Basel\u2019de \u015fehrin bulu\u015fma noktas\u0131na d\u00f6n\u00fc\u015fen M\u00fcnsterplatz, g\u00fcn boyu hareketin devam etti\u011fi yerlerden.<\/p>\n\n\n\n<h2 class=\"wp-block-heading\"><span class=\"ez-toc-section\" id=\"basel_gezilecek_yerler\"><\/span><strong>Basel Gezilecek Yerler<\/strong><span class=\"ez-toc-section-end\"><\/span><\/h2>\n\n\n\n<p>Basel gezilecek yerler aras\u0131nda bulunan mekanlar, panoramik manzaras\u0131yla St. Martin Kulesi, etkileyici mimari yap\u0131s\u0131yla Minster Kilisesi, Jean Tinguely \u00c7e\u015fmesi ve St. Jakob Park\u0131 olarak \u00f6ne \u00e7\u0131k\u0131yor.<\/p>\n\n\n\n<p>Zengin tarihi ge\u00e7mi\u015fi ve m\u00fczeleriyle tan\u0131nan \u015fehirde 40\u2019\u0131 a\u015fk\u0131n m\u00fcze bulunuyor. D\u00fcnyan\u0131n en eski sanat koleksiyonuna ev sahipli\u011fi yapan G\u00fczel Sanatlar M\u00fczesi (Kunstmuseum) g\u00f6r\u00fclmesi gereken yerler aras\u0131nda ilk s\u0131rada yer al\u0131yor.<\/p>\n\n\n\n<p>180 modern \u00e7al\u0131\u015fma ve \u00e7ok say\u0131da tarihi sanatsal e\u015fyan\u0131n sergilendi\u011fi Beyeler Vakf\u0131, heykelt\u0131ra\u015f Jeean Tinguely&#8217;nin \u00e7al\u0131\u015fmalar\u0131n\u0131n sergilendi\u011fi Tinquely M\u00fczesi, K\u00fclt\u00fcr M\u00fczesi (Museum der Kulturen), Tarih M\u00fczesi (Historische Museum) ve Ticaret M\u00fczesi (Gewerbemuseum), di\u011fer pop\u00fcler m\u00fczeler aras\u0131nda.<\/p>\n\n\n\n<h3 class=\"wp-block-heading\"><span class=\"ez-toc-section\" id=\"1_basel_manastiri\"><\/span><strong>1. Basel Manast\u0131r\u0131<\/strong><span class=\"ez-toc-section-end\"><\/span><\/h3>\n\n\n\n<figure class=\"wp-block-image size-large is-style-default\"><img width=\"800\" height=\"500\" data-public-id=\"Basel-gezilecek-yerler\/Basel-gezilecek-yerler.jpg\" decoding=\"async\" src=\"https:\/\/res.cloudinary.com\/turna\/images\/w_800,h_500,c_scale\/f_auto,q_auto:low\/v1627710688\/Basel-gezilecek-yerler\/Basel-gezilecek-yerler.jpg?_i=AA\" alt=\"Basel-gezilecek-yerler\" class=\"wp-post-19587 wp-image-19594\" data-format=\"jpg\" data-transformations=\"f_auto,q_auto:low\" data-version=\"1627710688\" data-seo=\"1\" srcset=\"https:\/\/res.cloudinary.com\/turna\/images\/f_auto,q_auto:low\/v1627710688\/Basel-gezilecek-yerler\/Basel-gezilecek-yerler.jpg?_i=AA 800w, https:\/\/res.cloudinary.com\/turna\/images\/w_300,h_188,c_scale\/f_auto,q_auto:low\/v1627710688\/Basel-gezilecek-yerler\/Basel-gezilecek-yerler.jpg?_i=AA 300w, https:\/\/res.cloudinary.com\/turna\/images\/w_672,h_420,c_scale\/f_auto,q_auto:low\/v1627710688\/Basel-gezilecek-yerler\/Basel-gezilecek-yerler.jpg?_i=AA 672w, https:\/\/res.cloudinary.com\/turna\/images\/w_640,h_400,c_scale\/f_auto,q_auto:low\/v1627710688\/Basel-gezilecek-yerler\/Basel-gezilecek-yerler.jpg?_i=AA 640w, https:\/\/res.cloudinary.com\/turna\/images\/w_681,h_426,c_scale\/f_auto,q_auto:low\/v1627710688\/Basel-gezilecek-yerler\/Basel-gezilecek-yerler.jpg?_i=AA 681w\" sizes=\"(max-width: 800px) 100vw, 800px\" \/><\/figure>\n\n\n\n<p>Basel\u2019in en \u00f6nemli turistik yerlerinden <strong>Basel Manast\u0131r\u0131<\/strong> (Munster Basel Cathedral\/Basler M\u00fcnster), \u0130svi\u00e7re ulusal miras listesinde bulunan \u00f6nemli bir tarihi doku. 1019-1500 y\u0131llar\u0131 aras\u0131nda Romaneks ve Gotik mimarinin etkisinde kalan yap\u0131 1356 Basel Depremi&#8217;nde y\u0131k\u0131larak tekrar in\u015fa edildi. Basel\u2019in \u015fehir siluetinde \u00f6nemli yere sahip k\u0131rm\u0131z\u0131 kumta\u015f\u0131ndan yap\u0131lan katedral, \u015fehre olduk\u00e7a ho\u015f bir hava kat\u0131yor.<\/p>\n\n\n\n<h3 class=\"wp-block-heading\"><span class=\"ez-toc-section\" id=\"2_basel_eski_sehir\"><\/span><strong>2. Basel Eski \u015eehir<\/strong><span class=\"ez-toc-section-end\"><\/span><\/h3>\n\n\n\n<figure class=\"wp-block-image size-large is-style-default\"><img width=\"800\" height=\"500\" data-public-id=\"Basel-Eski-Sehir\/Basel-Eski-Sehir.jpg\" decoding=\"async\" src=\"https:\/\/res.cloudinary.com\/turna\/images\/w_800,h_500,c_scale\/f_auto,q_auto:low\/v1627710600\/Basel-Eski-Sehir\/Basel-Eski-Sehir.jpg?_i=AA\" alt=\"Basel-Eski-Sehir\" class=\"wp-post-19587 wp-image-19593\" data-format=\"jpg\" data-transformations=\"f_auto,q_auto:low\" data-version=\"1627710600\" data-seo=\"1\" srcset=\"https:\/\/res.cloudinary.com\/turna\/images\/f_auto,q_auto:low\/v1627710600\/Basel-Eski-Sehir\/Basel-Eski-Sehir.jpg?_i=AA 800w, https:\/\/res.cloudinary.com\/turna\/images\/w_300,h_188,c_scale\/f_auto,q_auto:low\/v1627710600\/Basel-Eski-Sehir\/Basel-Eski-Sehir.jpg?_i=AA 300w, https:\/\/res.cloudinary.com\/turna\/images\/w_672,h_420,c_scale\/f_auto,q_auto:low\/v1627710600\/Basel-Eski-Sehir\/Basel-Eski-Sehir.jpg?_i=AA 672w, https:\/\/res.cloudinary.com\/turna\/images\/w_640,h_400,c_scale\/f_auto,q_auto:low\/v1627710600\/Basel-Eski-Sehir\/Basel-Eski-Sehir.jpg?_i=AA 640w, https:\/\/res.cloudinary.com\/turna\/images\/w_681,h_426,c_scale\/f_auto,q_auto:low\/v1627710600\/Basel-Eski-Sehir\/Basel-Eski-Sehir.jpg?_i=AA 681w\" sizes=\"(max-width: 800px) 100vw, 800px\" \/><\/figure>\n\n\n\n<p>15\u2019inci y\u00fczy\u0131la ait binalarla birlikte de\u011fi\u015fik mimari yap\u0131ya sahip modern binalar\u0131 bir arada <strong>Basel Eski \u015eehir<\/strong> (Basel Old Town), Avrupa&#8217;n\u0131n g\u00fcn\u00fcm\u00fcze dek ula\u015fan en g\u00fczel eski yerle\u015fimlerinden. Benzersiz mimari \u00e7e\u015fitlili\u011fe hayran kalaca\u011f\u0131n\u0131z, her yere y\u00fcr\u00fcyerek ula\u015fabilece\u011finiz kentin bu b\u00f6lgesi, gelene\u011fin ve modernli\u011fin bu ola\u011fand\u0131\u015f\u0131 kombinasyonunun heyecan verici bir \u015fehir ortam\u0131 sunuyor.<\/p>\n\n\n\n<h3 class=\"wp-block-heading\"><span class=\"ez-toc-section\" id=\"3_marktplatz\"><\/span><strong>3. Marktplatz<\/strong><span class=\"ez-toc-section-end\"><\/span><\/h3>\n\n\n\n<figure class=\"wp-block-image size-large is-style-default\"><img width=\"800\" height=\"500\" data-public-id=\"Marktplatz-Basel\/Marktplatz-Basel.jpg\" loading=\"lazy\" decoding=\"async\" src=\"https:\/\/res.cloudinary.com\/turna\/images\/w_800,h_500,c_scale\/f_auto,q_auto:low\/v1627710577\/Marktplatz-Basel\/Marktplatz-Basel.jpg?_i=AA\" alt=\"Marktplatz-Basel\" class=\"wp-post-19587 wp-image-19592\" data-format=\"jpg\" data-transformations=\"f_auto,q_auto:low\" data-version=\"1627710577\" data-seo=\"1\" srcset=\"https:\/\/res.cloudinary.com\/turna\/images\/f_auto,q_auto:low\/v1627710577\/Marktplatz-Basel\/Marktplatz-Basel.jpg?_i=AA 800w, https:\/\/res.cloudinary.com\/turna\/images\/w_300,h_188,c_scale\/f_auto,q_auto:low\/v1627710577\/Marktplatz-Basel\/Marktplatz-Basel.jpg?_i=AA 300w, https:\/\/res.cloudinary.com\/turna\/images\/w_672,h_420,c_scale\/f_auto,q_auto:low\/v1627710577\/Marktplatz-Basel\/Marktplatz-Basel.jpg?_i=AA 672w, https:\/\/res.cloudinary.com\/turna\/images\/w_640,h_400,c_scale\/f_auto,q_auto:low\/v1627710577\/Marktplatz-Basel\/Marktplatz-Basel.jpg?_i=AA 640w, https:\/\/res.cloudinary.com\/turna\/images\/w_681,h_426,c_scale\/f_auto,q_auto:low\/v1627710577\/Marktplatz-Basel\/Marktplatz-Basel.jpg?_i=AA 681w\" sizes=\"(max-width: 800px) 100vw, 800px\" \/><\/figure>\n\n\n\n<p>Basel\u2019in \u015fehir merkezi ve bulu\u015fma yeri olan <strong>Marktplatz<\/strong>, Pazar Meydan\u0131, Basel-Stadt Kantonu\u2019nun H\u00fck\u00fcmet Binas\u0131 ve etkileyici <strong>Belediye Saray\u0131<\/strong>&#8216;na (Rathaus) ev sahipli\u011fi yap\u0131yor. Hafta boyunca meydandaki pazarda taze sebze, meyve ve \u00e7i\u00e7ekler sat\u0131yor.<\/p>\n\n\n\n<p>Bu etkileyici meydana girdi\u011finizde, g\u00f6ze \u00e7arpan ilk \u015fey renkli Belediye Saray\u0131. \u0130\u00e7 avlusunun \u00fccretsiz gezilebildi\u011fi Rathaus, resmi kullan\u0131mda oldu\u011fu i\u00e7in haftada yaln\u0131zca bir g\u00fcn d\u00fczenlenen turlarla gezilebiliyor.<\/p>\n\n\n\n<h3 class=\"wp-block-heading\"><span class=\"ez-toc-section\" id=\"4_basel_guzel_sanatlar_muzesi\"><\/span><strong>4. Basel G\u00fczel Sanatlar M\u00fczesi<\/strong><span class=\"ez-toc-section-end\"><\/span><\/h3>\n\n\n\n<p><strong>Basel G\u00fczel Sanatlar M\u00fczesi<\/strong> (Kunstmuseum Basel) d\u00fcnyada bir belediyenin sahip oldu\u011fu ilk m\u00fcze olarak biliniyor. M\u00fczede \u00fcnl\u00fc Amerbach Cabinet koleksiyonunun yan\u0131 s\u0131ra Monet, Picasso, Van Gogh, Kokoschka, Andy Warhol gibi isimlerin eserlerini g\u00f6rebilirsiniz.<\/p>\n\n\n\n<p>\u00c7a\u011fda\u015f sanat eserlerinin sergilendi\u011fi Museum f\u00fcr Gegenwartskunst ismindeki karde\u015f m\u00fczesini de ziyaret edebilirsiniz. M\u00fcze ayn\u0131 zamanda s\u00fcreli sergilere de ev sahipli\u011fi yap\u0131yor.<\/p>\n\n\n\n<h3 class=\"wp-block-heading\"><span class=\"ez-toc-section\" id=\"5_tinguely_cesmesi\"><\/span><strong>5. Tinguely \u00c7e\u015fmesi<\/strong><span class=\"ez-toc-section-end\"><\/span><\/h3>\n\n\n\n<figure class=\"wp-block-image size-large is-style-default\"><img width=\"800\" height=\"500\" data-public-id=\"Tinguely-Cesmesi-Basel\/Tinguely-Cesmesi-Basel.jpg\" loading=\"lazy\" decoding=\"async\" src=\"https:\/\/res.cloudinary.com\/turna\/images\/w_800,h_500,c_scale\/f_auto,q_auto:low\/v1627710513\/Tinguely-Cesmesi-Basel\/Tinguely-Cesmesi-Basel.jpg?_i=AA\" alt=\"Tinguely-Cesmesi-Basel\" class=\"wp-post-19587 wp-image-19591\" data-format=\"jpg\" data-transformations=\"f_auto,q_auto:low\" data-version=\"1627710513\" data-seo=\"1\" srcset=\"https:\/\/res.cloudinary.com\/turna\/images\/f_auto,q_auto:low\/v1627710513\/Tinguely-Cesmesi-Basel\/Tinguely-Cesmesi-Basel.jpg?_i=AA 800w, https:\/\/res.cloudinary.com\/turna\/images\/w_300,h_188,c_scale\/f_auto,q_auto:low\/v1627710513\/Tinguely-Cesmesi-Basel\/Tinguely-Cesmesi-Basel.jpg?_i=AA 300w, https:\/\/res.cloudinary.com\/turna\/images\/w_672,h_420,c_scale\/f_auto,q_auto:low\/v1627710513\/Tinguely-Cesmesi-Basel\/Tinguely-Cesmesi-Basel.jpg?_i=AA 672w, https:\/\/res.cloudinary.com\/turna\/images\/w_640,h_400,c_scale\/f_auto,q_auto:low\/v1627710513\/Tinguely-Cesmesi-Basel\/Tinguely-Cesmesi-Basel.jpg?_i=AA 640w, https:\/\/res.cloudinary.com\/turna\/images\/w_681,h_426,c_scale\/f_auto,q_auto:low\/v1627710513\/Tinguely-Cesmesi-Basel\/Tinguely-Cesmesi-Basel.jpg?_i=AA 681w\" sizes=\"(max-width: 800px) 100vw, 800px\" \/><\/figure>\n\n\n\n<p><strong>Tinguely \u00c7e\u015fmesi<\/strong> (Tinguely Fountain) \u0130svi\u00e7reli sanat\u00e7\u0131 Jean Tinguely\u2019nin, 1977&#8217;de al\u00e7ak gerilim ak\u0131m\u0131 ile \u00e7al\u0131\u015fan mekanik fig\u00fcrlerden olu\u015fan yap\u0131t\u0131. Basel\u2019in en ilgi \u00e7eken simgelerinden Tinguely \u00c7e\u015fmesi, al\u00e7ak gerilimli motorlar\u0131yla 9 makine heykelinin su dans\u0131 yapt\u0131\u011f\u0131 enteresan bir \u00e7e\u015fme. Su p\u00fcsk\u00fcrten 9 karakterin, mizahi temsiliyle ilgi \u00e7eken \u00e7e\u015fmeyi mutlaka g\u00f6r\u00fcn.<\/p>\n\n\n\n<h3 class=\"wp-block-heading\"><span class=\"ez-toc-section\" id=\"6_augusta_raurica\"><\/span><strong>6. Augusta Raurica<\/strong><span class=\"ez-toc-section-end\"><\/span><\/h3>\n\n\n\n<figure class=\"wp-block-image size-large is-style-default\"><img width=\"800\" height=\"500\" data-public-id=\"Augusta-Raurica-Basel\/Augusta-Raurica-Basel.jpg\" loading=\"lazy\" decoding=\"async\" src=\"https:\/\/res.cloudinary.com\/turna\/images\/w_800,h_500,c_scale\/f_auto,q_auto:low\/v1627710495\/Augusta-Raurica-Basel\/Augusta-Raurica-Basel.jpg?_i=AA\" alt=\"Augusta-Raurica-Basel\" class=\"wp-post-19587 wp-image-19590\" data-format=\"jpg\" data-transformations=\"f_auto,q_auto:low\" data-version=\"1627710495\" data-seo=\"1\" srcset=\"https:\/\/res.cloudinary.com\/turna\/images\/f_auto,q_auto:low\/v1627710495\/Augusta-Raurica-Basel\/Augusta-Raurica-Basel.jpg?_i=AA 800w, https:\/\/res.cloudinary.com\/turna\/images\/w_300,h_188,c_scale\/f_auto,q_auto:low\/v1627710495\/Augusta-Raurica-Basel\/Augusta-Raurica-Basel.jpg?_i=AA 300w, https:\/\/res.cloudinary.com\/turna\/images\/w_672,h_420,c_scale\/f_auto,q_auto:low\/v1627710495\/Augusta-Raurica-Basel\/Augusta-Raurica-Basel.jpg?_i=AA 672w, https:\/\/res.cloudinary.com\/turna\/images\/w_640,h_400,c_scale\/f_auto,q_auto:low\/v1627710495\/Augusta-Raurica-Basel\/Augusta-Raurica-Basel.jpg?_i=AA 640w, https:\/\/res.cloudinary.com\/turna\/images\/w_681,h_426,c_scale\/f_auto,q_auto:low\/v1627710495\/Augusta-Raurica-Basel\/Augusta-Raurica-Basel.jpg?_i=AA 681w\" sizes=\"(max-width: 800px) 100vw, 800px\" \/><\/figure>\n\n\n\n<p>\u0130svi\u00e7re&#8217;nin en b\u00fcy\u00fck arkeolojik park\u0131 olan <strong>Augusta Raurica<\/strong>, Alplerin kuzeyinde, Roma d\u00f6nemine ait arkeolojik bir sit alan\u0131 ve a\u00e7\u0131k hava m\u00fczesi. Ren Nehri\u2019ne 1 km mesafedeki m\u00fczede, 10.000 seyirci kapasiteli bir antik tiyatro, tap\u0131nak, su kemeri ve kiremit f\u0131r\u0131n\u0131 yer al\u0131yor. Hen\u00fcz % 80\u2019i kaz\u0131lmayan b\u00f6lgede, \u0130svi\u00e7re&#8217;nin en b\u00fcy\u00fck festivallerinden Roma Festivali d\u00fczenleniyor.<\/p>\n\n\n\n<h3 class=\"wp-block-heading\"><span class=\"ez-toc-section\" id=\"7_spalen_kapisi\"><\/span><strong>7. Spalen Kap\u0131s\u0131<\/strong><span class=\"ez-toc-section-end\"><\/span><\/h3>\n\n\n\n<figure class=\"wp-block-image size-large is-style-default\"><img width=\"800\" height=\"500\" data-public-id=\"Spalen-Kapisi-Basel\/Spalen-Kapisi-Basel.jpg\" loading=\"lazy\" decoding=\"async\" src=\"https:\/\/res.cloudinary.com\/turna\/images\/w_800,h_500,c_scale\/f_auto,q_auto:low\/v1627710459\/Spalen-Kapisi-Basel\/Spalen-Kapisi-Basel.jpg?_i=AA\" alt=\"Spalen-Kapisi-Basel\" class=\"wp-post-19587 wp-image-19589\" data-format=\"jpg\" data-transformations=\"f_auto,q_auto:low\" data-version=\"1627710459\" data-seo=\"1\" srcset=\"https:\/\/res.cloudinary.com\/turna\/images\/f_auto,q_auto:low\/v1627710459\/Spalen-Kapisi-Basel\/Spalen-Kapisi-Basel.jpg?_i=AA 800w, https:\/\/res.cloudinary.com\/turna\/images\/w_300,h_188,c_scale\/f_auto,q_auto:low\/v1627710459\/Spalen-Kapisi-Basel\/Spalen-Kapisi-Basel.jpg?_i=AA 300w, https:\/\/res.cloudinary.com\/turna\/images\/w_672,h_420,c_scale\/f_auto,q_auto:low\/v1627710459\/Spalen-Kapisi-Basel\/Spalen-Kapisi-Basel.jpg?_i=AA 672w, https:\/\/res.cloudinary.com\/turna\/images\/w_640,h_400,c_scale\/f_auto,q_auto:low\/v1627710459\/Spalen-Kapisi-Basel\/Spalen-Kapisi-Basel.jpg?_i=AA 640w, https:\/\/res.cloudinary.com\/turna\/images\/w_681,h_426,c_scale\/f_auto,q_auto:low\/v1627710459\/Spalen-Kapisi-Basel\/Spalen-Kapisi-Basel.jpg?_i=AA 681w\" sizes=\"(max-width: 800px) 100vw, 800px\" \/><\/figure>\n\n\n\n<p>1400\u2019lerde in\u015fa edilen \u015fehir surlar\u0131ndan, g\u00fcn\u00fcm\u00fcze kalan tek b\u00f6l\u00fcm <strong>Spalen Kap\u0131s\u0131<\/strong> (Spalentor) \u00fczerinde bir saat kulesi ve iki yan\u0131nda, n\u00f6bet\u00e7i kul\u00fcbeleri bulunuyor. 15\u2019inci y\u00fczy\u0131lda eklenen, Meryem ve Aziz Heykelleri ile \u0130svi\u00e7re\u2019nin en g\u00fczel kap\u0131lar\u0131ndan biri olan Spalen, kentin \u00fc\u00e7 kal\u0131c\u0131 giri\u015f kap\u0131s\u0131n\u0131n en g\u00f6rkemli ve etkileyicisi.<\/p>\n\n\n\n<h3 class=\"wp-block-heading\"><span class=\"ez-toc-section\" id=\"8_basel_universitesi_botanik_bahceleri\"><\/span><strong>8. Basel \u00dcniversitesi Botanik Bah\u00e7eleri<\/strong><span class=\"ez-toc-section-end\"><\/span><\/h3>\n\n\n\n<p><strong>Basel \u00dcniversitesi Botanik Bah\u00e7eleri<\/strong> (Botanical Gardens Of The Un\u0131versity Of Basel) \u015fehrin kalbinde ger\u00e7ek bir vaha. Spalentor&#8217;un yak\u0131nlar\u0131ndaki bah\u00e7elerde, yaln\u0131zca \u00fcnl\u00fc kakt\u00fcs ve orkide koleksiyonlar\u0131 de\u011fil, tropik evde ya\u011fmur ormanlar\u0131n\u0131n b\u00fcy\u00fcl\u00fc d\u00fcnyas\u0131na da \u015fahit olacaks\u0131n\u0131z. Bah\u00e7elerde dilde yay\u0131n yapan kulakl\u0131klarla dola\u015farak bitki ve \u00e7i\u00e7ekler hakk\u0131nda bilgi de alabiliyorsunuz.<\/p>\n\n\n\n<h3 class=\"wp-block-heading\"><span class=\"ez-toc-section\" id=\"9_mittlere_brucke\"><\/span><strong>9. Mittlere Br\u00fccke<\/strong><span class=\"ez-toc-section-end\"><\/span><\/h3>\n\n\n\n<figure class=\"wp-block-image size-large is-style-default\"><img width=\"800\" height=\"500\" data-public-id=\"Mittlere-Brucke-Basel\/Mittlere-Brucke-Basel.jpg\" loading=\"lazy\" decoding=\"async\" src=\"https:\/\/res.cloudinary.com\/turna\/images\/w_800,h_500,c_scale\/f_auto,q_auto:low\/v1627710439\/Mittlere-Brucke-Basel\/Mittlere-Brucke-Basel.jpg?_i=AA\" alt=\"Mittlere-Brucke-Basel\" class=\"wp-post-19587 wp-image-19588\" data-format=\"jpg\" data-transformations=\"f_auto,q_auto:low\" data-version=\"1627710439\" data-seo=\"1\" srcset=\"https:\/\/res.cloudinary.com\/turna\/images\/f_auto,q_auto:low\/v1627710439\/Mittlere-Brucke-Basel\/Mittlere-Brucke-Basel.jpg?_i=AA 800w, https:\/\/res.cloudinary.com\/turna\/images\/w_300,h_188,c_scale\/f_auto,q_auto:low\/v1627710439\/Mittlere-Brucke-Basel\/Mittlere-Brucke-Basel.jpg?_i=AA 300w, https:\/\/res.cloudinary.com\/turna\/images\/w_672,h_420,c_scale\/f_auto,q_auto:low\/v1627710439\/Mittlere-Brucke-Basel\/Mittlere-Brucke-Basel.jpg?_i=AA 672w, https:\/\/res.cloudinary.com\/turna\/images\/w_640,h_400,c_scale\/f_auto,q_auto:low\/v1627710439\/Mittlere-Brucke-Basel\/Mittlere-Brucke-Basel.jpg?_i=AA 640w, https:\/\/res.cloudinary.com\/turna\/images\/w_681,h_426,c_scale\/f_auto,q_auto:low\/v1627710439\/Mittlere-Brucke-Basel\/Mittlere-Brucke-Basel.jpg?_i=AA 681w\" sizes=\"(max-width: 800px) 100vw, 800px\" \/><\/figure>\n\n\n\n<p>Ren Nehri \u00fczerinden yer alan ve 1226\u2019da in\u015fa edilmi\u015f bir k\u00f6pr\u00fc olan <strong>Mittlere Br\u00fccke<\/strong>, Basel\u2019in sembollerinden. Konstanz G\u00f6l\u00fc ile Kuzey Denizi aras\u0131ndaki en eski Ren Nehri k\u00f6pr\u00fclerinden olan yap\u0131, ba\u015flang\u0131\u00e7ta, uluslararas\u0131 ticaret yolu olarak Gotthard Ge\u00e7idi \u00fczerindeki g\u00fczergah\u0131n geli\u015ftirilmesi ile kullan\u0131ld\u0131. \u015eehir manzaras\u0131n\u0131n izlenebildi\u011fi en g\u00fczel noktalardan olan k\u00f6pr\u00fcn\u00fcn hemen yan\u0131ndaki iskeleden, nehir \u00fczerinde tur yapan deniz ara\u00e7lar\u0131ndan birine binebilirsiniz.<\/p>\n\n\n\n<p>Basel\u2019de bu adreslerin haricinde, gezilecek pek \u00e7ok yer var. Eski bir kilise binas\u0131 i\u00e7inde yer alan <strong>Tarih M\u00fczesi<\/strong>\u2019nde Basel\u2019in ge\u00e7mi\u015fi hakk\u0131nda fikir edinebilir, Orta \u00c7a\u011f atmosferini ya\u015famak i\u00e7in Haut-<strong>Koenigsbourg \u015eatosu<\/strong>\u2019nu gezebilir ya da zaman zaman \u00e7e\u015fitli konserler ve etkinliklere de ev sahipli\u011fi yapan <strong>Merian Bah\u00e7eleri<\/strong>\u2019nde do\u011faya kar\u0131\u015fabilirsiniz.<\/p>\n\n\n\n<h3 class=\"wp-block-heading\"><span class=\"ez-toc-section\" id=\"10_basel_hayvanat_bahcesi\"><\/span><strong>10. Basel Hayvanat Bah\u00e7esi<\/strong><span class=\"ez-toc-section-end\"><\/span><\/h3>\n\n\n\n<p><strong>Basel Hayvanat Bah\u00e7esi<\/strong> (Zoologischer Garten Basel\/Basel Zoological Garden), 4500 hayvan t\u00fcr\u00fcn\u00fcn yan\u0131 s\u0131ra, nesli t\u00fckenen hayvanlar i\u00e7in geli\u015ftirdi\u011fi \u00fcreme programlar\u0131yla da d\u00fcnyan\u0131n yak\u0131ndan tan\u0131d\u0131\u011f\u0131 bir merkez. 25 d\u00f6n\u00fcm arazi \u00fczerine kurulu bah\u00e7e, \u0130svi\u00e7re&#8217;nin en eski ve en b\u00fcy\u00fck hayvanat bah\u00e7esi.<\/p>\n\n\n\n<p>Y\u0131lda 1.8 milyondan fazla ziyaret\u00e7i a\u011f\u0131rlayan Basel Hayvanat Bah\u00e7esi, 2008\u2019de Forbes Traveller taraf\u0131ndan d\u00fcnyadaki en iyi 15 hayvanat bah\u00e7esinden biri, 2009\u2019da da Zoological Society of London&#8217;dan Anthony Sheridan taraf\u0131ndan Avrupa&#8217;n\u0131n en iyi 7\u2019inci hayvanat bah\u00e7elerinden biri se\u00e7ildi.<\/p>\n\n\n\n<h3 class=\"wp-block-heading\"><span class=\"ez-toc-section\" id=\"basele_nasil_gidilir\"><\/span><strong>Basel\u2019e Nas\u0131l Gidilir<\/strong>?<span class=\"ez-toc-section-end\"><\/span><\/h3>\n\n\n\n<p>Basel\u2019e, T\u00fcrkiye\u2019den \u0130stanbul ve Antalya\u2019dan&nbsp;T\u00fcrk Hava Yollar\u0131 ve Pegasus\u2019un aktarmal\u0131 u\u00e7u\u015flar\u0131n\u0131n yan\u0131 s\u0131ra direkt u\u00e7u\u015f seferleri de bulunuyor. Yakla\u015f\u0131k 3 saat s\u00fcren yolculukla ula\u015fabilece\u011finiz EuroAirport Havaliman\u0131, Fransa, Almanya ve \u0130svi\u00e7re taraf\u0131ndan ortak kullan\u0131l\u0131yor.<\/p>\n\n\n\n<p>En uygun&nbsp;<a href=\"https:\/\/www.turna.com\/ucak-bileti\/basel-mulhouse\">Basel u\u00e7ak bileti<\/a>&nbsp;i\u00e7in turna.com sayfas\u0131n\u0131 ziyaret edin. Geli\u015fmi\u015f arama teknolojisi, g\u00fcvenli \u00f6deme, komisyonsuz al\u0131\u015fveri\u015f, kesintisiz iade garantisi ve daha fazla turna.com sayfalar\u0131nda.<\/p>\n\n\n\n<p>G\u00fczel bir <strong>\u0130svi\u00e7re<\/strong> \u015fehri olan <strong>Basel<\/strong>, yerel ve uluslararas\u0131 lezzetlerin kaliteli servisle bulu\u015ftu\u011fu bir merkez. D\u00fcnya standartlar\u0131ndaki restoranlar\u0131yla lezzet anlam\u0131nda \u00f6ne \u00e7\u0131kan \u015fehirde Portekiz, Yunan, L\u00fcbnan, \u0130talyan, T\u00fcrk, Arap, \u0130ran, Thai, Vietnam ve \u00c7in restoranlar\u0131 bulunuyor. Kahve ve \u00e7ay evleri ile de \u00fcnl\u00fc olan Basel\u2019de bu iki s\u0131cak i\u00e7ece\u011fe e\u015flik eden pasta ve kekleri de mutlaka deneyin.<\/p>\n\n    <div class=\"xs_social_share_widget xs_share_url after_content \t\tmain_content  wslu-style-1 wslu-share-box-shaped wslu-fill-colored wslu-none wslu-share-horizontal wslu-theme-font-no wslu-main_content\">\n\n\t\t\n        <ul>\n\t\t\t        <\/ul>\n    <\/div> \n","protected":false},"excerpt":{"rendered":"<p>\u0130svi\u00e7re\u2019nin en b\u00fcy\u00fck \u00fc\u00e7\u00fcnc\u00fc kenti Basel, Ren Nehri k\u0131y\u0131s\u0131nda, \u00fclkenin kuzeybat\u0131s\u0131nda yer al\u0131yor. E\u015fsiz konumuyla, \u0130svi\u00e7re, Fransa ve Almanya aras\u0131nda, Dreil\u00e4ndereck b\u00f6lgesindeki bir s\u0131n\u0131r \u015fehri olan kent, bu \u00fc\u00e7 \u00fclkenin etkisi alt\u0131nda, sanat\u0131, k\u00fclt\u00fcr\u00fc ve hareketli ya\u015fam\u0131 ile tan\u0131n\u0131yor. K\u00fclt\u00fcrel \u00e7e\u015fitlili\u011fi ve tarihiyle \u00f6ne \u00e7\u0131kan, bir kasaba kadar sakin olan Basel, m\u00fczeleri, festivalleri ve sanat [&hellip;]<\/p>\n","protected":false},"author":9,"featured_media":19595,"comment_status":"open","ping_status":"open","sticky":false,"template":"","format":"standard","meta":{"rop_custom_images_group":[],"rop_custom_messages_group":[],"rop_publish_now":"initial","rop_publish_now_accounts":[],"rop_publish_now_history":[],"rop_publish_now_status":"pending","_cloudinary_featured_overwrite":false,"footnotes":""},"categories":[169],"tags":[2341,1987,2451],"class_list":["post-19587","post","type-post","status-publish","format-standard","has-post-thumbnail","hentry","category-isvicre","tag-basel","tag-basel-mulhouse","tag-muenster-osnabrueck"],"_links":{"self":[{"href":"https:\/\/www.turna.com\/blog\/wp-json\/wp\/v2\/posts\/19587","targetHints":{"allow":["GET"]}}],"collection":[{"href":"https:\/\/www.turna.com\/blog\/wp-json\/wp\/v2\/posts"}],"about":[{"href":"https:\/\/www.turna.com\/blog\/wp-json\/wp\/v2\/types\/post"}],"author":[{"embeddable":true,"href":"https:\/\/www.turna.com\/blog\/wp-json\/wp\/v2\/users\/9"}],"replies":[{"embeddable":true,"href":"https:\/\/www.turna.com\/blog\/wp-json\/wp\/v2\/comments?post=19587"}],"version-history":[{"count":0,"href":"https:\/\/www.turna.com\/blog\/wp-json\/wp\/v2\/posts\/19587\/revisions"}],"wp:featuredmedia":[{"embeddable":true,"href":"https:\/\/www.turna.com\/blog\/wp-json\/wp\/v2\/media\/19595"}],"wp:attachment":[{"href":"https:\/\/www.turna.com\/blog\/wp-json\/wp\/v2\/media?parent=19587"}],"wp:term":[{"taxonomy":"category","embeddable":true,"href":"https:\/\/www.turna.com\/blog\/wp-json\/wp\/v2\/categories?post=19587"},{"taxonomy":"post_tag","embeddable":true,"href":"https:\/\/www.turna.com\/blog\/wp-json\/wp\/v2\/tags?post=19587"}],"curies":[{"name":"wp","href":"https:\/\/api.w.org\/{rel}","templated":true}]}}