{"id":19542,"date":"2022-09-19T08:09:00","date_gmt":"2022-09-19T05:09:00","guid":{"rendered":"https:\/\/www.turna.com\/blog\/?p=19542"},"modified":"2025-12-09T16:55:33","modified_gmt":"2025-12-09T13:55:33","slug":"keloglan-magarasi","status":"publish","type":"post","link":"https:\/\/www.turna.com\/blog\/keloglan-magarasi","title":{"rendered":"Kelo\u011flan Ma\u011faras\u0131"},"content":{"rendered":"<div id=\"ez-toc-container\" class=\"ez-toc-v2_0_82_2 counter-hierarchy ez-toc-counter ez-toc-black ez-toc-container-direction\">\n<div class=\"ez-toc-title-container\">\n<p class=\"ez-toc-title\" style=\"cursor:inherit\">\u0130\u00e7indekiler<\/p>\n<span class=\"ez-toc-title-toggle\"><a href=\"#\" class=\"ez-toc-pull-right ez-toc-btn ez-toc-btn-xs ez-toc-btn-default ez-toc-toggle\" aria-label=\"\u0130\u00e7indekiler Tablosunu A\u00e7\/Kapat\"><span class=\"ez-toc-js-icon-con\"><span class=\"\"><span class=\"eztoc-hide\" style=\"display:none;\">Toggle<\/span><span class=\"ez-toc-icon-toggle-span\"><svg style=\"fill: #ffffff;color:#ffffff\" xmlns=\"http:\/\/www.w3.org\/2000\/svg\" class=\"list-377408\" width=\"20px\" height=\"20px\" viewBox=\"0 0 24 24\" fill=\"none\"><path d=\"M6 6H4v2h2V6zm14 0H8v2h12V6zM4 11h2v2H4v-2zm16 0H8v2h12v-2zM4 16h2v2H4v-2zm16 0H8v2h12v-2z\" fill=\"currentColor\"><\/path><\/svg><svg style=\"fill: #ffffff;color:#ffffff\" class=\"arrow-unsorted-368013\" xmlns=\"http:\/\/www.w3.org\/2000\/svg\" width=\"10px\" height=\"10px\" viewBox=\"0 0 24 24\" version=\"1.2\" baseProfile=\"tiny\"><path d=\"M18.2 9.3l-6.2-6.3-6.2 6.3c-.2.2-.3.4-.3.7s.1.5.3.7c.2.2.4.3.7.3h11c.3 0 .5-.1.7-.3.2-.2.3-.5.3-.7s-.1-.5-.3-.7zM5.8 14.7l6.2 6.3 6.2-6.3c.2-.2.3-.5.3-.7s-.1-.5-.3-.7c-.2-.2-.4-.3-.7-.3h-11c-.3 0-.5.1-.7.3-.2.2-.3.5-.3.7s.1.5.3.7z\"\/><\/svg><\/span><\/span><\/span><\/a><\/span><\/div>\n<nav><ul class='ez-toc-list ez-toc-list-level-1 eztoc-toggle-hide-by-default' ><li class='ez-toc-page-1 ez-toc-heading-level-2'><a class=\"ez-toc-link ez-toc-heading-1\" href=\"https:\/\/www.turna.com\/blog\/keloglan-magarasi\/#keloglan_magarasi_hakkinda_bilgi\" >Kelo\u011flan Ma\u011faras\u0131 Hakk\u0131nda Bilgi<\/a><ul class='ez-toc-list-level-3' ><li class='ez-toc-heading-level-3'><a class=\"ez-toc-link ez-toc-heading-2\" href=\"https:\/\/www.turna.com\/blog\/keloglan-magarasi\/#keloglan_magarasi_nerede\" >Kelo\u011flan Ma\u011faras\u0131 Nerede?<\/a><\/li><li class='ez-toc-page-1 ez-toc-heading-level-3'><a class=\"ez-toc-link ez-toc-heading-3\" href=\"https:\/\/www.turna.com\/blog\/keloglan-magarasi\/#keloglan_magarasina_nasil_gidilir\" >Kelo\u011flan Ma\u011faras\u0131&#8217;na Nas\u0131l Gidilir?<\/a><\/li><li class='ez-toc-page-1 ez-toc-heading-level-3'><a class=\"ez-toc-link ez-toc-heading-4\" href=\"https:\/\/www.turna.com\/blog\/keloglan-magarasi\/#keloglan_magarasi_efsanesi\" >Kelo\u011flan Ma\u011faras\u0131 Efsanesi<\/a><\/li><li class='ez-toc-page-1 ez-toc-heading-level-3'><a class=\"ez-toc-link ez-toc-heading-5\" href=\"https:\/\/www.turna.com\/blog\/keloglan-magarasi\/#keloglan_magarasi_giris_ucreti\" >Kelo\u011flan Ma\u011faras\u0131 Giri\u015f \u00dccreti<\/a><\/li><li class='ez-toc-page-1 ez-toc-heading-level-3'><a class=\"ez-toc-link ez-toc-heading-6\" href=\"https:\/\/www.turna.com\/blog\/keloglan-magarasi\/#keloglan_magarasi_sac_cikarir_mi\" >Kelo\u011flan Ma\u011faras\u0131 sa\u00e7 \u00e7\u0131kar\u0131r m\u0131?<\/a><\/li><li class='ez-toc-page-1 ez-toc-heading-level-3'><a class=\"ez-toc-link ez-toc-heading-7\" href=\"https:\/\/www.turna.com\/blog\/keloglan-magarasi\/#keloglan_magarasinin_adi_neden_keloglan_magarasi\" >Kelo\u011flan Ma\u011faras\u0131&#8217;n\u0131n ad\u0131 neden Kelo\u011flan Ma\u011faras\u0131?<\/a><\/li><\/ul><\/li><\/ul><\/nav><\/div>\n\n<p>Kelo\u011flan Ma\u011faras\u0131 <strong>Denizli&#8217;de sa\u00e7 \u00e7\u0131karan ma\u011fara <\/strong>\u015feklinde nam salm\u0131\u015f turistik bir yer. \u00c7ok say\u0131da sark\u0131t, dikit ve s\u00fctuna sahip ma\u011fara, T\u00fcrkiye&#8217;de yak\u0131n d\u00f6nemde turizme a\u00e7\u0131lan ma\u011faralardan biri.<\/p>\n\n\n\n<p>Y\u00f6re halk\u0131 aras\u0131nda sa\u00e7 ve sakal sa\u011fl\u0131\u011f\u0131 i\u00e7in iyi geldi\u011fine inan\u0131lan ma\u011fara, Jura-krtase kire\u00e7 ta\u015flar\u0131 i\u00e7inde geli\u015fti\u011finden bir\u00e7ok damla ta\u015f s\u00fctunu ile birbirine ge\u00e7en \u00e7ok say\u0131da adac\u0131\u011fa ayr\u0131l\u0131yor. Girintili \u00e7\u0131k\u0131nt\u0131l\u0131 yap\u0131s\u0131yla gizemli bir atmosfere sahip olan ma\u011fara, Denizli-Antalya Karayolu \u00fczerinde yer ald\u0131\u011f\u0131ndan bu g\u00fczergahta listeye eklenmesi gereken yerlerden biri.<\/p>\n\n\n\n<h2 class=\"wp-block-heading has-text-align-center has-neeon-button-dark-gray-color has-text-color has-link-color wp-elements-7fdd9158a246d9eb612ec6df45857ed1\"><span class=\"ez-toc-section\" id=\"keloglan_magarasi_hakkinda_bilgi\"><\/span><strong>Kelo\u011flan Ma\u011faras\u0131 Hakk\u0131nda Bilgi<\/strong><span class=\"ez-toc-section-end\"><\/span><\/h2>\n\n\n\n<figure class=\"wp-block-image size-large\"><img width=\"800\" height=\"500\" data-public-id=\"kelo\u011flan_ma\u011faras\u0131_nerede\/kelo\u011flan_ma\u011faras\u0131_nerede.jpg\" decoding=\"async\" src=\"https:\/\/res.cloudinary.com\/turna\/images\/w_800,h_500,c_scale\/f_auto,q_auto:low\/v1663150186\/kelo\u011flan_ma\u011faras\u0131_nerede\/kelo\u011flan_ma\u011faras\u0131_nerede.jpg?_i=AA\" alt=\"Kelo\u011flan Ma\u011faras\u0131 Hakk\u0131nda Bilgi\" class=\"wp-post-0 wp-image-21120\" data-format=\"jpg\" data-transformations=\"f_auto,q_auto:low\" data-version=\"1663150186\" data-seo=\"1\" srcset=\"https:\/\/res.cloudinary.com\/turna\/images\/f_auto,q_auto:low\/v1663150186\/kelo\u011flan_ma\u011faras\u0131_nerede\/kelo\u011flan_ma\u011faras\u0131_nerede.jpg?_i=AA 800w, https:\/\/res.cloudinary.com\/turna\/images\/w_300,h_188,c_scale\/f_auto,q_auto:low\/v1663150186\/kelo\u011flan_ma\u011faras\u0131_nerede\/kelo\u011flan_ma\u011faras\u0131_nerede.jpg?_i=AA 300w, https:\/\/res.cloudinary.com\/turna\/images\/w_672,h_420,c_scale\/f_auto,q_auto:low\/v1663150186\/kelo\u011flan_ma\u011faras\u0131_nerede\/kelo\u011flan_ma\u011faras\u0131_nerede.jpg?_i=AA 672w, https:\/\/res.cloudinary.com\/turna\/images\/w_640,h_400,c_scale\/f_auto,q_auto:low\/v1663150186\/kelo\u011flan_ma\u011faras\u0131_nerede\/kelo\u011flan_ma\u011faras\u0131_nerede.jpg?_i=AA 640w, https:\/\/res.cloudinary.com\/turna\/images\/w_681,h_426,c_scale\/f_auto,q_auto:low\/v1663150186\/kelo\u011flan_ma\u011faras\u0131_nerede\/kelo\u011flan_ma\u011faras\u0131_nerede.jpg?_i=AA 681w\" sizes=\"(max-width: 800px) 100vw, 800px\" \/><\/figure>\n\n\n\n<p>Bat\u0131 Anadolu ve Ege B\u00f6lgesini Akdeniz&#8217;e ba\u011flayan Denizli-Antalya Karayolunun yak\u0131n\u0131nda yer alan Kelo\u011flan Ma\u011faras\u0131&#8217;n\u0131n toplam uzunlu\u011fu 145 metreye ula\u015f\u0131yor.<\/p>\n\n\n\n<p>Yatay olarak geli\u015fen, ge\u00e7it konumlu fosil bir ma\u011fara olan Kelo\u011flan Ma\u011faras\u0131&#8217;n\u0131n i\u00e7erisinde sark\u0131t, dikit, s\u00fctun, makarna sark\u0131t\u0131, \u00f6rt\u00fc damlata\u015flar\u0131 gibi \u00e7ok say\u0131da ilgin\u00e7 \u015fekil ve olu\u015fum bulunuyor. 1990 y\u0131l\u0131na kadar kimsenin dikkatini \u00e7ekmeyen, yaln\u0131zca b\u00f6lgede hayvanlar\u0131n\u0131 otlatan \u00e7obanlar taraf\u0131ndan bilinen ma\u011fara, Denizli Valili\u011fi&#8217;nin ba\u015fvurusu \u00fczerine Maden Tetkik Arama Genel M\u00fcd\u00fcrl\u00fc\u011f\u00fc (MTA) taraf\u0131ndan haz\u0131rl\u0131klar\u0131 yap\u0131ld\u0131ktan sonra 2003 y\u0131l\u0131nda turizme kazand\u0131r\u0131lm\u0131\u015f.<\/p>\n\n\n\n<p>Denizli-Antalya Karayoluna olan yak\u0131n konumu nedeniyle ula\u015f\u0131m\u0131 \u00e7ok kolay olan ma\u011fara, denizden 1.100 metre y\u00fckseklikte, galerileri 145 metre uzunlukta, ma\u011fara i\u00e7erisindeki y\u00fckseklik ise yer yer 5-6 metreye ula\u015f\u0131yor. Kelo\u011flan Ma\u011faras\u0131nda MTA taraf\u0131ndan yap\u0131lan et\u00fct \u00e7al\u0131\u015fmalar\u0131nda bulunan hayvan kemikleri ma\u011fara i\u00e7erisinde sergileniyor.<\/p>\n\n\n\n<p>Ma\u011faran\u0131n \u00e7ok geni\u015f bir giri\u015fi bulunuyor. \u00c7ok say\u0131da do\u011fal odac\u0131k ve b\u00f6l\u00fcmden olu\u015fan ma\u011faran\u0131n nemli ve s\u0131cak havas\u0131 ast\u0131m ve bron\u015fit gibi hastal\u0131klar\u0131n tedavisinde kullan\u0131l\u0131yor. Ma\u011fara i\u00e7erisindeki i\u00e7 ortam s\u0131cakl\u0131\u011f\u0131 y\u0131l\u0131n her d\u00f6neminde 32 derece, mutlak nem ise y\u00fczde 65 olarak \u00f6l\u00e7\u00fclm\u00fc\u015f.<\/p>\n\n\n\n<p>Ma\u011faraya girildi\u011finde b\u00fcy\u00fck bir galeri ile kar\u015f\u0131la\u015f\u0131l\u0131yor. Galeri boyunca ma\u011farada binlerce y\u0131ll\u0131k zamanda olu\u015fan farkl\u0131 \u015fekiller, tavandan damlayan sular\u0131n olu\u015fturdu\u011fu sark\u0131t ve dikitler, s\u00fctunlar, traverten olu\u015fumlar g\u00f6r\u00fclmeye de\u011fer. Ma\u011faran\u0131n giri\u015f k\u0131sm\u0131nda k\u00fc\u00e7\u00fck bir yarasa kolonisi de bulunuyor.<\/p>\n\n\n\n<p><strong>Kelo\u011flan Ma\u011faras\u0131<\/strong>, T\u00fcrkiye&#8217;de yak\u0131n ge\u00e7mi\u015fte turizme kazand\u0131r\u0131lan en g\u00f6rkemli ma\u011faralardan biri. Denizli co\u011frafyas\u0131n\u0131n yery\u00fcz\u00fc \u015fekillerini yans\u0131tan ma\u011fara, ast\u0131m ve bron\u015fit gibi hastal\u0131klar\u0131n tedavisinde de kullan\u0131l\u0131yor.<\/p>\n\n\n\n<p>Ma\u011faray\u0131 ziyaret ettikten sonra do\u011fa y\u00fcr\u00fcy\u00fc\u015f\u00e7\u00fclerinin rotas\u0131nda yer alan Karada\u011f&#8217;\u0131n zirvesinde y\u00fcr\u00fcy\u00fc\u015fe \u00e7\u0131kabilir, Ac\u0131payam Ovas\u0131n\u0131n e\u015fsiz manzaras\u0131n\u0131 izledikten sonra Dodurgalar-De\u011firmendere&#8217;deki alabal\u0131k tesislerinde bir \u015feyler yemek i\u00e7in mola verebilirsiniz. Kelo\u011flan Ma\u011faras\u0131n\u0131n yan\u0131 ba\u015f\u0131ndaki <strong>Aslanl\u0131 \u0130ni<\/strong> de 1989 y\u0131l\u0131nda S\u0130T alan\u0131 olarak ilan edildikten sonra turizme kazand\u0131r\u0131lmay\u0131 bekliyor.<\/p>\n\n\n\n<h3 class=\"wp-block-heading has-text-align-center has-neeon-button-dark-gray-color has-text-color has-link-color wp-elements-9da7ee8638d6575a645a01dbaaad76f6\"><span class=\"ez-toc-section\" id=\"keloglan_magarasi_nerede\"><\/span><strong>Kelo\u011flan Ma\u011faras\u0131 Nerede?<\/strong><span class=\"ez-toc-section-end\"><\/span><\/h3>\n\n\n\n<p><strong>Kelo\u011flan Ma\u011faras\u0131<\/strong> (Kelo\u011flan \u0130ni Ma\u011faras\u0131), Denizli&#8217;nin Ac\u0131payam il\u00e7esinin 18 km do\u011fusunda yer alan Dodurgalar Mahallesindeki Mall\u0131 Da\u011f\u0131n\u0131n yamac\u0131nda yer al\u0131yor.<\/p>\n\n\n\n<p>Kelo\u011flan ma\u011faras\u0131 konumu <strong><a href=\"https:\/\/goo.gl\/maps\/iMESsD5cYqrx9sHB6\" target=\"_blank\" rel=\"noreferrer noopener\">burada.<\/a><\/strong><\/p>\n\n\n\n<h3 class=\"wp-block-heading has-text-align-center has-neeon-button-dark-gray-color has-text-color has-link-color wp-elements-a97d59fe447e53ad42ae7da2e95a836f\"><span class=\"ez-toc-section\" id=\"keloglan_magarasina_nasil_gidilir\"><\/span><strong>Kelo\u011flan Ma\u011faras\u0131&#8217;na Nas\u0131l Gidilir?<\/strong><span class=\"ez-toc-section-end\"><\/span><\/h3>\n\n\n\n<figure class=\"wp-block-image size-large\"><img decoding=\"async\" src=\"https:\/\/res.cloudinary.com\/turna\/image\/upload\/v1663150186\/kelo%C4%9Flan_ma%C4%9Faras%C4%B1.jpg\" alt=\"Kelo\u011flan Ma\u011faras\u0131'na Nas\u0131l Gidilir?\"\/><\/figure>\n\n\n\n<p>Denizli&#8217;de bulunan havaliman\u0131na bir \u00e7ok \u015fehirden seferler d\u00fczenleniyor. \u015eehre ula\u015fman\u0131n en kolay se\u00e7ene\u011fi havayolu ile. <strong><a href=\"https:\/\/www.turna.com\/ucak-bileti\/denizli\" target=\"_blank\" rel=\"noreferrer noopener\">Denizli u\u00e7ak bileti<\/a><\/strong> se\u00e7eneklerine g\u00f6z atmay\u0131 ihmal etmeyin.<\/p>\n\n\n\n<p>Denizli&#8217;ye otob\u00fcsle gidecekseniz e\u011fer<strong><a href=\"https:\/\/www.turna.com\/otobus-bileti\/denizli\" target=\"_blank\" rel=\"noreferrer noopener\">&nbsp;Denizli otob\u00fcs bileti<\/a><\/strong>&nbsp;i\u00e7in turna.com sayfas\u0131n\u0131 ziyaret edin. Geli\u015fmi\u015f arama \u00f6zelli\u011fi ile 200\u2019den fazla otob\u00fcs firmas\u0131n\u0131 kar\u015f\u0131la\u015ft\u0131rabilir, biletini komisyon \u00f6demeden sat\u0131n alabilirsin.<a href=\"https:\/\/www.turna.com\/otobus-bileti\"><\/a><\/p>\n\n\n\n<p>Ma\u011faraya arabayla ula\u015fmak i\u00e7in Denizli-Antalya Karayolunda Ac\u0131payam il\u00e7esinden sonra 14 km devam ederek do\u011fu y\u00f6ndeki Dodurgalar Mahallesi yoluna girmeniz gerekiyor. Bu yoldan 1.5 km sonra kuzey y\u00f6ndeki yola girerek 4 km sonra ma\u011faraya ula\u015fabilirsiniz. Ac\u0131payam ile Dodurgalar aras\u0131nda d\u00fczenli dolmu\u015f seferleri yap\u0131l\u0131yor. Otob\u00fcsle ula\u015f\u0131m i\u00e7in \u00f6ncelikle Denizli ya da Ac\u0131payam otogar\u0131na gelmek gerekiyor.<\/p>\n\n\n\n<p>Kelo\u011flan Ma\u011faras\u0131; Denizli&#8217;ye 75 km (1 saat 10 dk), \u0130zmir&#8217;e 313 km (3 saat 55 dk), \u0130stanbul&#8217;a 664 km (7 saat 30 dk), Ankara&#8217;ya ise 516 km (6 saat 10 dk) uzakl\u0131kta. \u0130stanbul&#8217;dan d\u00fczenli u\u00e7ak seferlerinin ger\u00e7ekle\u015ftirildi\u011fi Denizli \u00c7ardak Havaliman\u0131 ise Kelo\u011flan Ma\u011faras\u0131na 103 km (1 saat 40 dk) mesafede.<\/p>\n\n\n\n<h3 class=\"wp-block-heading has-text-align-center has-neeon-button-dark-gray-color has-text-color has-link-color wp-elements-0c6537a871690c54c71c23ef3b19abc4\"><span class=\"ez-toc-section\" id=\"keloglan_magarasi_efsanesi\"><\/span><strong>Kelo\u011flan Ma\u011faras\u0131 Efsanesi<\/strong><span class=\"ez-toc-section-end\"><\/span><\/h3>\n\n\n\n<figure class=\"wp-block-image size-large\"><img decoding=\"async\" src=\"https:\/\/res.cloudinary.com\/turna\/image\/upload\/v1663150186\/denizli_kelo%C4%9Flan_ma%C4%9Faras%C4%B1.jpg\" alt=\"Kelo\u011flan Ma\u011faras\u0131 Efsanesi\"\/><\/figure>\n\n\n\n<p>Eskiden bu b\u00f6lgede \u00e7obanl\u0131k yapan bir gen\u00e7, bir k\u0131za a\u015f\u0131k olmu\u015f. Ancak kel oldu\u011fu i\u00e7in sevdi\u011fi k\u0131z\u0131 ona vermemi\u015fler. Kendini da\u011flara vuran gen\u00e7 dola\u015f\u0131rken yorgun d\u00fc\u015fm\u00fc\u015f ve kar\u015f\u0131s\u0131na \u00e7\u0131kan ma\u011faraya girmi\u015f.<\/p>\n\n\n\n<p>Gen\u00e7 burada g\u00fcnlerce uyumu\u015f. Uyand\u0131\u011f\u0131nda sa\u00e7lar\u0131n\u0131n \u00e7\u0131kt\u0131\u011f\u0131n\u0131 fark etmi\u015f. K\u00f6y\u00fcne d\u00f6nd\u00fc\u011f\u00fcnde, a\u015f\u0131k oldu\u011fu k\u0131zla evlenmi\u015fler. O g\u00fcnden sonra da ma\u011faraya &#8216;Kelo\u011flan Ma\u011faras\u0131&#8217; ad\u0131 verilmi\u015f. Bu efsane b\u00f6lgede dilden dile dola\u015f\u0131r.<\/p>\n\n\n\n<h3 class=\"wp-block-heading has-text-align-center has-neeon-button-dark-gray-color has-text-color has-link-color wp-elements-97da6db7bcf3a8cfc7b4d0750273ce4b\"><span class=\"ez-toc-section\" id=\"keloglan_magarasi_giris_ucreti\"><\/span><strong>Kelo\u011flan Ma\u011faras\u0131 Giri\u015f \u00dccreti<\/strong><span class=\"ez-toc-section-end\"><\/span><\/h3>\n\n\n\n<p><strong>Kelo\u011flan Ma\u011faras\u0131 giri\u015f \u00fccreti<\/strong> 15 TL, \u00f6\u011frenci 10 TL. Ac\u0131payam Belediyesi taraf\u0131ndan i\u015fletilen ma\u011farada M\u00fcze Kart ge\u00e7erli de\u011fil.<\/p>\n\n\n\n<p><strong>Adres<\/strong>: Dodurgalar Mah. Banraz Mevkii, 20800 Ac\u0131payam, Denizli<br><strong>Telefon: <\/strong>0530 268 48 66<strong><br>Ma\u011fara ziyaret saatleri<\/strong>: 09.00-18.00 saatleri aras\u0131nda ziyarete a\u00e7\u0131k. Ma\u011fara, haftan\u0131n 7 g\u00fcn\u00fc ziyaret edilebiliyor.<br><\/p>\n\n\n<div id=\"rank-math-faq\" class=\"rank-math-block\">\n<div class=\"rank-math-list \">\n<div id=\"faq-question-685a80593f8d8\" class=\"rank-math-list-item\">\n<h3 class=\"rank-math-question \"><span class=\"ez-toc-section\" id=\"keloglan_magarasi_sac_cikarir_mi\"><\/span>Kelo\u011flan Ma\u011faras\u0131 sa\u00e7 \u00e7\u0131kar\u0131r m\u0131?<br \/><br \/><span class=\"ez-toc-section-end\"><\/span><\/h3>\n<div class=\"rank-math-answer \">\n\n<p>Kel \u00e7oban efsanesi nedeniyle sa\u00e7\u0131 olmayanlar bu ma\u011faraya gelerek \u015fifa bulmay\u0131 umut ediyor. Elbette ma\u011faran\u0131n sa\u00e7 \u00e7\u0131karma \u00fczerine kan\u0131tlanm\u0131\u015f bir etkisi bulunmuyor.<\/p>\n\n<\/div>\n<\/div>\n<div id=\"faq-question-685a80593f8d9\" class=\"rank-math-list-item\">\n<h3 class=\"rank-math-question \"><span class=\"ez-toc-section\" id=\"keloglan_magarasinin_adi_neden_keloglan_magarasi\"><\/span>Kelo\u011flan Ma\u011faras\u0131&#8217;n\u0131n ad\u0131 neden Kelo\u011flan Ma\u011faras\u0131?<br \/><br \/><span class=\"ez-toc-section-end\"><\/span><\/h3>\n<div class=\"rank-math-answer \">\n\n<p>Ge\u00e7mi\u015fte k\u00f6se birinin ma\u011farada uyuyakalmas\u0131, uyand\u0131\u011f\u0131nda ise sa\u00e7lar\u0131 uzam\u0131\u015f olarak kendini bulmas\u0131 nedeniyle ma\u011faraya bu isim verilmi\u015f.<\/p>\n\n<\/div>\n<\/div>\n<\/div>\n<\/div>\n\n\n<p> <p>Denizli ile ilgili di\u011fer i\u00e7eriklerimi de mutlaka okumal\u0131s\u0131n\u0131z.<\/p>   <p><strong><a href=\"https:\/\/www.turna.com\/blog\/denizlide-gezilecek-yerler-12-kesif-noktasi?swcfpc=1\" target=\"_blank\" rel=\"noreferrer noopener\">Denizli&#8217;de Gezilecek Yerler<\/a><a href=\"https:\/\/www.turna.com\/blog\/acipayam-kanyonu?swcfpc=1\" target=\"_blank\" rel=\"noreferrer noopener\">Ac\u0131payam Kanyonu<\/a><a href=\"https:\/\/www.turna.com\/blog\/isikli-golu?swcfpc=1\" target=\"_blank\" rel=\"noreferrer noopener\">I\u015f\u0131kl\u0131 G\u00f6l\u00fc<\/a><a href=\"https:\/\/www.turna.com\/blog\/guney-selalesi?swcfpc=1\" target=\"_blank\" rel=\"noreferrer noopener\">G\u00fcney \u015eelalesi<\/a><\/strong><span style=\"color: initial;\">   <\/span><strong><a href=\"https:\/\/www.turna.com\/blog\/laodikeia-antik-kenti?swcfpc=1\" target=\"_blank\" rel=\"noreferrer noopener\">Laodikeia Antik Kenti<\/a><\/strong><span style=\"color: initial;\"> <\/span><strong><a href=\"https:\/\/www.turna.com\/blog\/denizli-tavas-gezilecek-yerler?swcfpc=1\" target=\"_blank\" rel=\"noreferrer noopener\">Denizli Tavas Gezilecek Yerler<\/a><\/strong><\/p> <\/p>\n\n    <div class=\"xs_social_share_widget xs_share_url after_content \t\tmain_content  wslu-style-1 wslu-share-box-shaped wslu-fill-colored wslu-none wslu-share-horizontal wslu-theme-font-no wslu-main_content\">\n\n\t\t\n        <ul>\n\t\t\t        <\/ul>\n    <\/div> \n","protected":false},"excerpt":{"rendered":"<p>Kelo\u011flan Ma\u011faras\u0131 Denizli&#8217;de sa\u00e7 \u00e7\u0131karan ma\u011fara \u015feklinde nam salm\u0131\u015f turistik bir yer. \u00c7ok say\u0131da sark\u0131t, dikit ve s\u00fctuna sahip ma\u011fara, T\u00fcrkiye&#8217;de yak\u0131n d\u00f6nemde turizme a\u00e7\u0131lan ma\u011faralardan biri.<\/p>\n","protected":false},"author":34,"featured_media":21120,"comment_status":"open","ping_status":"open","sticky":false,"template":"","format":"standard","meta":{"rop_custom_images_group":[],"rop_custom_messages_group":[],"rop_publish_now":"initial","rop_publish_now_accounts":[],"rop_publish_now_history":[],"rop_publish_now_status":"pending","_cloudinary_featured_overwrite":false,"footnotes":""},"categories":[1824],"tags":[262],"class_list":["post-19542","post","type-post","status-publish","format-standard","has-post-thumbnail","hentry","category-denizli","tag-denizli"],"_links":{"self":[{"href":"https:\/\/www.turna.com\/blog\/wp-json\/wp\/v2\/posts\/19542","targetHints":{"allow":["GET"]}}],"collection":[{"href":"https:\/\/www.turna.com\/blog\/wp-json\/wp\/v2\/posts"}],"about":[{"href":"https:\/\/www.turna.com\/blog\/wp-json\/wp\/v2\/types\/post"}],"author":[{"embeddable":true,"href":"https:\/\/www.turna.com\/blog\/wp-json\/wp\/v2\/users\/34"}],"replies":[{"embeddable":true,"href":"https:\/\/www.turna.com\/blog\/wp-json\/wp\/v2\/comments?post=19542"}],"version-history":[{"count":0,"href":"https:\/\/www.turna.com\/blog\/wp-json\/wp\/v2\/posts\/19542\/revisions"}],"wp:featuredmedia":[{"embeddable":true,"href":"https:\/\/www.turna.com\/blog\/wp-json\/wp\/v2\/media\/21120"}],"wp:attachment":[{"href":"https:\/\/www.turna.com\/blog\/wp-json\/wp\/v2\/media?parent=19542"}],"wp:term":[{"taxonomy":"category","embeddable":true,"href":"https:\/\/www.turna.com\/blog\/wp-json\/wp\/v2\/categories?post=19542"},{"taxonomy":"post_tag","embeddable":true,"href":"https:\/\/www.turna.com\/blog\/wp-json\/wp\/v2\/tags?post=19542"}],"curies":[{"name":"wp","href":"https:\/\/api.w.org\/{rel}","templated":true}]}}