{"id":19536,"date":"2021-08-30T08:56:00","date_gmt":"2021-08-30T05:56:00","guid":{"rendered":"https:\/\/www.turna.com\/blog\/?p=19536"},"modified":"2024-09-16T09:28:03","modified_gmt":"2024-09-16T06:28:03","slug":"herceg-novi-karadag","status":"publish","type":"post","link":"https:\/\/www.turna.com\/blog\/herceg-novi-karadag","title":{"rendered":"Karada\u011f&#8217;\u0131n Yazl\u0131k Kasabas\u0131: Herceg Novi"},"content":{"rendered":"<div id=\"ez-toc-container\" class=\"ez-toc-v2_0_82_2 counter-hierarchy ez-toc-counter ez-toc-black ez-toc-container-direction\">\n<div class=\"ez-toc-title-container\">\n<p class=\"ez-toc-title\" style=\"cursor:inherit\">\u0130\u00e7indekiler<\/p>\n<span class=\"ez-toc-title-toggle\"><a href=\"#\" class=\"ez-toc-pull-right ez-toc-btn ez-toc-btn-xs ez-toc-btn-default ez-toc-toggle\" aria-label=\"\u0130\u00e7indekiler Tablosunu A\u00e7\/Kapat\"><span class=\"ez-toc-js-icon-con\"><span class=\"\"><span class=\"eztoc-hide\" style=\"display:none;\">Toggle<\/span><span class=\"ez-toc-icon-toggle-span\"><svg style=\"fill: #ffffff;color:#ffffff\" xmlns=\"http:\/\/www.w3.org\/2000\/svg\" class=\"list-377408\" width=\"20px\" height=\"20px\" viewBox=\"0 0 24 24\" fill=\"none\"><path d=\"M6 6H4v2h2V6zm14 0H8v2h12V6zM4 11h2v2H4v-2zm16 0H8v2h12v-2zM4 16h2v2H4v-2zm16 0H8v2h12v-2z\" fill=\"currentColor\"><\/path><\/svg><svg style=\"fill: #ffffff;color:#ffffff\" class=\"arrow-unsorted-368013\" xmlns=\"http:\/\/www.w3.org\/2000\/svg\" width=\"10px\" height=\"10px\" viewBox=\"0 0 24 24\" version=\"1.2\" baseProfile=\"tiny\"><path d=\"M18.2 9.3l-6.2-6.3-6.2 6.3c-.2.2-.3.4-.3.7s.1.5.3.7c.2.2.4.3.7.3h11c.3 0 .5-.1.7-.3.2-.2.3-.5.3-.7s-.1-.5-.3-.7zM5.8 14.7l6.2 6.3 6.2-6.3c.2-.2.3-.5.3-.7s-.1-.5-.3-.7c-.2-.2-.4-.3-.7-.3h-11c-.3 0-.5.1-.7.3-.2.2-.3.5-.3.7s.1.5.3.7z\"\/><\/svg><\/span><\/span><\/span><\/a><\/span><\/div>\n<nav><ul class='ez-toc-list ez-toc-list-level-1 eztoc-toggle-hide-by-default' ><li class='ez-toc-page-1 ez-toc-heading-level-2'><a class=\"ez-toc-link ez-toc-heading-1\" href=\"https:\/\/www.turna.com\/blog\/herceg-novi-karadag\/#herceg_novi\" >Herceg Novi<\/a><ul class='ez-toc-list-level-3' ><li class='ez-toc-heading-level-3'><a class=\"ez-toc-link ez-toc-heading-2\" href=\"https:\/\/www.turna.com\/blog\/herceg-novi-karadag\/#herceg_novi_gezilecek_yerler\" >Herceg Novi gezilecek yerler<\/a><\/li><li class='ez-toc-page-1 ez-toc-heading-level-3'><a class=\"ez-toc-link ez-toc-heading-3\" href=\"https:\/\/www.turna.com\/blog\/herceg-novi-karadag\/#1_kanli_kula\" >1. Kanli Kula<\/a><\/li><li class='ez-toc-page-1 ez-toc-heading-level-3'><a class=\"ez-toc-link ez-toc-heading-4\" href=\"https:\/\/www.turna.com\/blog\/herceg-novi-karadag\/#2_herceg_novi_old_town\" >2. Herceg Novi Old Town<\/a><\/li><li class='ez-toc-page-1 ez-toc-heading-level-3'><a class=\"ez-toc-link ez-toc-heading-5\" href=\"https:\/\/www.turna.com\/blog\/herceg-novi-karadag\/#3_basmelek_aziz_mikail_kilisesi\" >3. Ba\u015fmelek Aziz Mikail Kilisesi<\/a><\/li><li class='ez-toc-page-1 ez-toc-heading-level-3'><a class=\"ez-toc-link ez-toc-heading-6\" href=\"https:\/\/www.turna.com\/blog\/herceg-novi-karadag\/#4_herceg_novi_plajlari\" >4. Herceg Novi plajlar\u0131<\/a><\/li><\/ul><\/li><\/ul><\/nav><\/div>\n\n<p><strong>Karada\u011f<\/strong>&#8216;\u0131n g\u00fcneybat\u0131s\u0131nda, Kotor K\u00f6rfezi k\u0131y\u0131s\u0131nda yer alan <strong>Herceg Novi<\/strong>, 700 y\u0131ll\u0131k tarihi ge\u00e7mi\u015fi ile b\u00f6lgenin en eski yerle\u015fim yerlerinden biri. Orjen Da\u011f\u0131 eteklerinde kurulu olan \u015fehir muhte\u015fem manzaras\u0131, orta \u00e7a\u011f esintili sokaklar\u0131 ve huzurlu atmosferi ile Karada\u011f&#8217;\u0131n en g\u00fczel yerlerinden.<\/p>\n\n\n\n<p>\u00c7ok iyi korunarak g\u00fcn\u00fcm\u00fcze ula\u015fan Old Town b\u00f6lgesindeki ihti\u015faml\u0131 yap\u0131lar\u0131, etkileyici Barok Savina Manast\u0131r\u0131 ve Lu\u0161tica Yar\u0131madas\u0131\u2019ndaki plajlar\u0131 ile Herceg Novi, yaz aylar\u0131nda ziyaret\u00e7i ak\u0131n\u0131na u\u011fruyor.<\/p>\n\n\n\n<figure class=\"wp-block-image size-full is-style-default\"><img width=\"800\" height=\"500\" data-public-id=\"Herceg-Novi-Karadag\/Herceg-Novi-Karadag.jpg\" fetchpriority=\"high\" decoding=\"async\" src=\"https:\/\/res.cloudinary.com\/turna\/images\/w_800,h_500,c_scale\/f_auto,q_auto:low\/v1629038410\/Herceg-Novi-Karadag\/Herceg-Novi-Karadag.jpg?_i=AA\" alt=\"Herceg Novi\" class=\"wp-post-19536 wp-image-19716\" data-format=\"jpg\" data-transformations=\"f_auto,q_auto:low\" data-version=\"1629038410\" data-seo=\"1\" srcset=\"https:\/\/res.cloudinary.com\/turna\/images\/f_auto,q_auto:low\/v1629038410\/Herceg-Novi-Karadag\/Herceg-Novi-Karadag.jpg?_i=AA 800w, https:\/\/res.cloudinary.com\/turna\/images\/w_300,h_188,c_scale\/f_auto,q_auto:low\/v1629038410\/Herceg-Novi-Karadag\/Herceg-Novi-Karadag.jpg?_i=AA 300w, https:\/\/res.cloudinary.com\/turna\/images\/w_672,h_420,c_scale\/f_auto,q_auto:low\/v1629038410\/Herceg-Novi-Karadag\/Herceg-Novi-Karadag.jpg?_i=AA 672w, https:\/\/res.cloudinary.com\/turna\/images\/w_640,h_400,c_scale\/f_auto,q_auto:low\/v1629038410\/Herceg-Novi-Karadag\/Herceg-Novi-Karadag.jpg?_i=AA 640w, https:\/\/res.cloudinary.com\/turna\/images\/w_681,h_426,c_scale\/f_auto,q_auto:low\/v1629038410\/Herceg-Novi-Karadag\/Herceg-Novi-Karadag.jpg?_i=AA 681w\" sizes=\"(max-width: 800px) 100vw, 800px\" \/><\/figure>\n\n\n\n<h2 class=\"wp-block-heading\"><span class=\"ez-toc-section\" id=\"herceg_novi\"><\/span><strong>Herceg Novi<\/strong><span class=\"ez-toc-section-end\"><\/span><\/h2>\n\n\n\n<p>Karada\u011f&#8217;\u0131n en \u00f6nemli turizm destinasyonlar\u0131 aras\u0131nda yer alan Herceg Novi, \u00fclkenin g\u00fcneybat\u0131s\u0131nda, Kotor K\u00f6rfezi k\u0131y\u0131s\u0131nda uzanan 30 bin n\u00fcfuslu k\u00fc\u00e7\u00fck bir \u015fehir. Karada\u011f ile H\u0131rvatistan s\u0131n\u0131r\u0131ndaki \u015fehir Adriyatik Denizi&#8217;nin g\u00fczelliklerini yans\u0131t\u0131yor.<\/p>\n\n\n\n<p>G\u00fcn\u00fcm\u00fczde Rus ve Ukraynal\u0131lar\u0131n turizm yat\u0131r\u0131mlar\u0131 ve ilgisi ile bir hayli hareketlenen \u015fehir, tarihi kaynaklarda daha \u00e7ok \u0130talyanlar\u0131n verdi\u011fi isim olan Castelnuovo (Yeni Kale) olarak biliniyor. 1382&#8217;de Bosna Kral\u0131 taraf\u0131ndan kurulan \u015fehir, 1482&#8217;de Osmanl\u0131 \u0130mparatorlu\u011fu egemenli\u011fine girmi\u015f.<\/p>\n\n\n\n<p>\u015eehirde Jok Megdan olarak bilinen meydan ismini Osmanl\u0131 egemenli\u011fi d\u00f6neminde Osmanl\u0131 komutan\u0131na yerel direni\u015f\u00e7ilerin teklif etti\u011fi d\u00fcelloya verilen &#8216;D\u00fcello yok&#8217; cevab\u0131ndan al\u0131yor. Bu cevaptan sonra T\u00fcrk\u00e7e &#8216;Yok Meydan&#8217; kelimesi Jok Megdan&#8217;a d\u00f6n\u00fc\u015fm\u00fc\u015f. Herceg Novi 1687&#8217;ye kadar Osmanl\u0131 egemenli\u011finde kalm\u0131\u015f.<\/p>\n\n\n\n<p>Osmanl\u0131&#8217;n\u0131n ard\u0131ndan Venedik, Avusturya-Macaristan ve S\u0131rp Krall\u0131\u011f\u0131&#8217;n\u0131n hakimiyet kurdu\u011fu \u015fehri 1664&#8217;te ziyaret eden Evliya \u00c7elebi notlar\u0131nda \u015fehirden &#8216;Her milletten korsana yatakl\u0131k eden bir yer&#8217; olarak bahsetmi\u015f. <\/p>\n\n\n\n<h3 class=\"wp-block-heading\"><span class=\"ez-toc-section\" id=\"herceg_novi_gezilecek_yerler\"><\/span><strong>Herceg Novi gezilecek yerler<\/strong><span class=\"ez-toc-section-end\"><\/span><\/h3>\n\n\n\n<h3 class=\"wp-block-heading\"><span class=\"ez-toc-section\" id=\"1_kanli_kula\"><\/span><strong>1. Kanli Kula<\/strong><span class=\"ez-toc-section-end\"><\/span><\/h3>\n\n\n\n<figure class=\"wp-block-image size-full is-style-default\"><img width=\"800\" height=\"500\" data-public-id=\"Herceg-Novi-Kalesi\/Herceg-Novi-Kalesi.jpg\" decoding=\"async\" src=\"https:\/\/res.cloudinary.com\/turna\/images\/w_800,h_500,c_scale\/f_auto,q_auto:low\/v1629037985\/Herceg-Novi-Kalesi\/Herceg-Novi-Kalesi.jpg?_i=AA\" alt=\"Herceg-Novi-Kalesi\" class=\"wp-post-19536 wp-image-19713\" data-format=\"jpg\" data-transformations=\"f_auto,q_auto:low\" data-version=\"1629037985\" data-seo=\"1\" srcset=\"https:\/\/res.cloudinary.com\/turna\/images\/f_auto,q_auto:low\/v1629037985\/Herceg-Novi-Kalesi\/Herceg-Novi-Kalesi.jpg?_i=AA 800w, https:\/\/res.cloudinary.com\/turna\/images\/w_300,h_188,c_scale\/f_auto,q_auto:low\/v1629037985\/Herceg-Novi-Kalesi\/Herceg-Novi-Kalesi.jpg?_i=AA 300w, https:\/\/res.cloudinary.com\/turna\/images\/w_672,h_420,c_scale\/f_auto,q_auto:low\/v1629037985\/Herceg-Novi-Kalesi\/Herceg-Novi-Kalesi.jpg?_i=AA 672w, https:\/\/res.cloudinary.com\/turna\/images\/w_640,h_400,c_scale\/f_auto,q_auto:low\/v1629037985\/Herceg-Novi-Kalesi\/Herceg-Novi-Kalesi.jpg?_i=AA 640w, https:\/\/res.cloudinary.com\/turna\/images\/w_681,h_426,c_scale\/f_auto,q_auto:low\/v1629037985\/Herceg-Novi-Kalesi\/Herceg-Novi-Kalesi.jpg?_i=AA 681w\" sizes=\"(max-width: 800px) 100vw, 800px\" \/><\/figure>\n\n\n\n<p>Osmanl\u0131&#8217;n\u0131n 1482&#8217;de fethetti\u011fi Herceg Novi&#8217;de yerel halk\u0131n direni\u015fi nedeniyle \u00e7ok kanl\u0131 \u00e7at\u0131\u015fmalar ya\u015fanm\u0131\u015f. Bu \u00e7at\u0131\u015fmalar s\u0131ras\u0131nda 2,000&#8217;den fazla Osmanl\u0131 askeri hayat\u0131n\u0131 kaybetmi\u015f. \u015eehre ku\u015f bak\u0131\u015f\u0131 bak\u0131lan bir noktada muazzam bir manzaras\u0131 bulunan Kanli Kula, Adriyatik&#8217;i soluksuz izleyebilece\u011finiz, tarihi bir kale.<\/p>\n\n\n\n<h3 class=\"wp-block-heading\"><span class=\"ez-toc-section\" id=\"2_herceg_novi_old_town\"><\/span><strong>2. Herceg Novi Old Town<\/strong><span class=\"ez-toc-section-end\"><\/span><\/h3>\n\n\n\n<figure class=\"wp-block-image size-full is-style-default\"><img width=\"800\" height=\"500\" data-public-id=\"Herceg-Novi\/Herceg-Novi.jpg\" decoding=\"async\" src=\"https:\/\/res.cloudinary.com\/turna\/images\/w_800,h_500,c_scale\/f_auto,q_auto:low\/v1629038114\/Herceg-Novi\/Herceg-Novi.jpg?_i=AA\" alt=\"Herceg Novi Old Town\" class=\"wp-post-19536 wp-image-19714\" data-format=\"jpg\" data-transformations=\"f_auto,q_auto:low\" data-version=\"1629038114\" data-seo=\"1\" srcset=\"https:\/\/res.cloudinary.com\/turna\/images\/f_auto,q_auto:low\/v1629038114\/Herceg-Novi\/Herceg-Novi.jpg?_i=AA 800w, https:\/\/res.cloudinary.com\/turna\/images\/w_300,h_188,c_scale\/f_auto,q_auto:low\/v1629038114\/Herceg-Novi\/Herceg-Novi.jpg?_i=AA 300w, https:\/\/res.cloudinary.com\/turna\/images\/w_672,h_420,c_scale\/f_auto,q_auto:low\/v1629038114\/Herceg-Novi\/Herceg-Novi.jpg?_i=AA 672w, https:\/\/res.cloudinary.com\/turna\/images\/w_640,h_400,c_scale\/f_auto,q_auto:low\/v1629038114\/Herceg-Novi\/Herceg-Novi.jpg?_i=AA 640w, https:\/\/res.cloudinary.com\/turna\/images\/w_681,h_426,c_scale\/f_auto,q_auto:low\/v1629038114\/Herceg-Novi\/Herceg-Novi.jpg?_i=AA 681w\" sizes=\"(max-width: 800px) 100vw, 800px\" \/><\/figure>\n\n\n\n<p>Herceg Novi&#8217;nin zengin tarihi miras\u0131na tan\u0131k olabilece\u011finiz Old Town b\u00f6lgesi yerel dilde Stari Grad olarak an\u0131l\u0131yor. Yaz aylar\u0131nda festival, konser ve etkinliklerin yap\u0131ld\u0131\u011f\u0131 bu b\u00f6lgede \u015fehrin sembol yap\u0131lar\u0131 bulunuyor. Sahat Kula ve Kanli Kula Eski \u015eehir b\u00f6lgesinin en \u00fcnl\u00fc yap\u0131lar\u0131.<\/p>\n\n\n\n<h3 class=\"wp-block-heading\"><span class=\"ez-toc-section\" id=\"3_basmelek_aziz_mikail_kilisesi\"><\/span><strong>3. Ba\u015fmelek Aziz Mikail Kilisesi<\/strong><span class=\"ez-toc-section-end\"><\/span><\/h3>\n\n\n\n<figure class=\"wp-block-image size-full is-style-default\"><img width=\"800\" height=\"500\" data-public-id=\"Saint-Michael-Archangel\/Saint-Michael-Archangel.jpg\" loading=\"lazy\" decoding=\"async\" src=\"https:\/\/res.cloudinary.com\/turna\/images\/w_800,h_500,c_scale\/f_auto,q_auto:low\/v1629038206\/Saint-Michael-Archangel\/Saint-Michael-Archangel.jpg?_i=AA\" alt=\"Saint Michael Archangel\" class=\"wp-post-19536 wp-image-19715\" data-format=\"jpg\" data-transformations=\"f_auto,q_auto:low\" data-version=\"1629038206\" data-seo=\"1\" srcset=\"https:\/\/res.cloudinary.com\/turna\/images\/f_auto,q_auto:low\/v1629038206\/Saint-Michael-Archangel\/Saint-Michael-Archangel.jpg?_i=AA 800w, https:\/\/res.cloudinary.com\/turna\/images\/w_300,h_188,c_scale\/f_auto,q_auto:low\/v1629038206\/Saint-Michael-Archangel\/Saint-Michael-Archangel.jpg?_i=AA 300w, https:\/\/res.cloudinary.com\/turna\/images\/w_672,h_420,c_scale\/f_auto,q_auto:low\/v1629038206\/Saint-Michael-Archangel\/Saint-Michael-Archangel.jpg?_i=AA 672w, https:\/\/res.cloudinary.com\/turna\/images\/w_640,h_400,c_scale\/f_auto,q_auto:low\/v1629038206\/Saint-Michael-Archangel\/Saint-Michael-Archangel.jpg?_i=AA 640w, https:\/\/res.cloudinary.com\/turna\/images\/w_681,h_426,c_scale\/f_auto,q_auto:low\/v1629038206\/Saint-Michael-Archangel\/Saint-Michael-Archangel.jpg?_i=AA 681w\" sizes=\"(max-width: 800px) 100vw, 800px\" \/><figcaption class=\"wp-element-caption\">Saint Michael Archangel<\/figcaption><\/figure>\n\n\n\n<p>Bella Vista Meydan\u0131&#8217;nda yer alan, yap\u0131m\u0131na 1883&#8217;te ba\u015flanan ve 1905&#8217;te tamamlanan Ba\u015fmelek Aziz Mikail Kilisesi (Saint Michael Archangel Church), Bizans, Romanesk ve Gotik mimari \u00f6geleriyle eklektik bir yap\u0131ya sahip. Kilise, k\u00fc\u00e7\u00fck bir S\u0131rp Ortodoks kilisesi olmas\u0131na ra\u011fmen \u015fehrin en \u00f6nemli kutsal mekanlar\u0131ndan biri olarak kabul ediliyor.<\/p>\n\n\n\n<h3 class=\"wp-block-heading\"><span class=\"ez-toc-section\" id=\"4_herceg_novi_plajlari\"><\/span><strong>4. Herceg Novi plajlar\u0131<\/strong><span class=\"ez-toc-section-end\"><\/span><\/h3>\n\n\n\n<p>Karada\u011f&#8217;\u0131n yaz aylar\u0131nda ziyaret\u00e7i ak\u0131n\u0131na u\u011frayan kentlerinden Herceg Novi, Kotor K\u00f6rfezi \u00e7evresinde irili ufakl\u0131 plajlar\u0131 ile Adriyatik Denizi&#8217;nin tad\u0131n\u0131 \u00e7\u0131karmak isteyenler i\u00e7in tam anlam\u0131yla bir cennet. \u015eehrin en \u00fcnl\u00fc plajlar\u0131 Zalo, Topla, Lazaret, Sandy Beach, Lalovina, Rafaello ve Beach Meljine.<\/p>\n\n\n\n<p>En uygun <a href=\"https:\/\/www.turna.com\/ucak-bileti\/karadag\">Karada\u011f u\u00e7ak bileti<\/a> i\u00e7in turna.com sayfas\u0131n\u0131 ziyaret edin. Geli\u015fmi\u015f arama teknolojisi, g\u00fcvenli \u00f6deme, u\u00e7u\u015funa 2 saat kalana kadar y\u00fczde 90&#8217;a kadar kesintisiz iade garantisi ve daha fazla turna.com sayfalar\u0131nda.<\/p>\n\n    <div class=\"xs_social_share_widget xs_share_url after_content \t\tmain_content  wslu-style-1 wslu-share-box-shaped wslu-fill-colored wslu-none wslu-share-horizontal wslu-theme-font-no wslu-main_content\">\n\n\t\t\n        <ul>\n\t\t\t        <\/ul>\n    <\/div> \n","protected":false},"excerpt":{"rendered":"<p>Karada\u011f&#8216;\u0131n g\u00fcneybat\u0131s\u0131nda, Kotor K\u00f6rfezi k\u0131y\u0131s\u0131nda yer alan Herceg Novi, 700 y\u0131ll\u0131k tarihi ge\u00e7mi\u015fi ile b\u00f6lgenin en eski yerle\u015fim yerlerinden biri. Orjen Da\u011f\u0131 eteklerinde kurulu olan \u015fehir muhte\u015fem manzaras\u0131, orta \u00e7a\u011f esintili sokaklar\u0131 ve huzurlu atmosferi ile Karada\u011f&#8217;\u0131n en g\u00fczel yerlerinden. \u00c7ok iyi korunarak g\u00fcn\u00fcm\u00fcze ula\u015fan Old Town b\u00f6lgesindeki ihti\u015faml\u0131 yap\u0131lar\u0131, etkileyici Barok Savina Manast\u0131r\u0131 ve [&hellip;]<\/p>\n","protected":false},"author":8,"featured_media":19714,"comment_status":"open","ping_status":"open","sticky":false,"template":"","format":"standard","meta":{"rop_custom_images_group":[],"rop_custom_messages_group":[],"rop_publish_now":"initial","rop_publish_now_accounts":[],"rop_publish_now_history":[],"rop_publish_now_status":"pending","_cloudinary_featured_overwrite":false,"footnotes":""},"categories":[1195],"tags":[660,1201],"class_list":["post-19536","post","type-post","status-publish","format-standard","has-post-thumbnail","hentry","category-karadag","tag-karadag","tag-podgorica"],"_links":{"self":[{"href":"https:\/\/www.turna.com\/blog\/wp-json\/wp\/v2\/posts\/19536","targetHints":{"allow":["GET"]}}],"collection":[{"href":"https:\/\/www.turna.com\/blog\/wp-json\/wp\/v2\/posts"}],"about":[{"href":"https:\/\/www.turna.com\/blog\/wp-json\/wp\/v2\/types\/post"}],"author":[{"embeddable":true,"href":"https:\/\/www.turna.com\/blog\/wp-json\/wp\/v2\/users\/8"}],"replies":[{"embeddable":true,"href":"https:\/\/www.turna.com\/blog\/wp-json\/wp\/v2\/comments?post=19536"}],"version-history":[{"count":0,"href":"https:\/\/www.turna.com\/blog\/wp-json\/wp\/v2\/posts\/19536\/revisions"}],"wp:featuredmedia":[{"embeddable":true,"href":"https:\/\/www.turna.com\/blog\/wp-json\/wp\/v2\/media\/19714"}],"wp:attachment":[{"href":"https:\/\/www.turna.com\/blog\/wp-json\/wp\/v2\/media?parent=19536"}],"wp:term":[{"taxonomy":"category","embeddable":true,"href":"https:\/\/www.turna.com\/blog\/wp-json\/wp\/v2\/categories?post=19536"},{"taxonomy":"post_tag","embeddable":true,"href":"https:\/\/www.turna.com\/blog\/wp-json\/wp\/v2\/tags?post=19536"}],"curies":[{"name":"wp","href":"https:\/\/api.w.org\/{rel}","templated":true}]}}