{"id":19522,"date":"2024-09-02T08:24:00","date_gmt":"2024-09-02T05:24:00","guid":{"rendered":"https:\/\/www.turna.com\/blog\/?p=19522"},"modified":"2025-12-08T12:45:44","modified_gmt":"2025-12-08T09:45:44","slug":"kayseri-gezilecek-yerler","status":"publish","type":"post","link":"https:\/\/www.turna.com\/blog\/kayseri-gezilecek-yerler","title":{"rendered":"Kayseri Gezilecek Yerler: 23 G\u00f6r\u00fclecek Yer"},"content":{"rendered":"<div id=\"ez-toc-container\" class=\"ez-toc-v2_0_82_2 counter-hierarchy ez-toc-counter ez-toc-black ez-toc-container-direction\">\n<div class=\"ez-toc-title-container\">\n<p class=\"ez-toc-title\" style=\"cursor:inherit\">\u0130\u00e7indekiler<\/p>\n<span class=\"ez-toc-title-toggle\"><a href=\"#\" class=\"ez-toc-pull-right ez-toc-btn ez-toc-btn-xs ez-toc-btn-default ez-toc-toggle\" aria-label=\"\u0130\u00e7indekiler Tablosunu A\u00e7\/Kapat\"><span class=\"ez-toc-js-icon-con\"><span class=\"\"><span class=\"eztoc-hide\" style=\"display:none;\">Toggle<\/span><span class=\"ez-toc-icon-toggle-span\"><svg style=\"fill: #ffffff;color:#ffffff\" xmlns=\"http:\/\/www.w3.org\/2000\/svg\" class=\"list-377408\" width=\"20px\" height=\"20px\" viewBox=\"0 0 24 24\" fill=\"none\"><path d=\"M6 6H4v2h2V6zm14 0H8v2h12V6zM4 11h2v2H4v-2zm16 0H8v2h12v-2zM4 16h2v2H4v-2zm16 0H8v2h12v-2z\" fill=\"currentColor\"><\/path><\/svg><svg style=\"fill: #ffffff;color:#ffffff\" class=\"arrow-unsorted-368013\" xmlns=\"http:\/\/www.w3.org\/2000\/svg\" width=\"10px\" height=\"10px\" viewBox=\"0 0 24 24\" version=\"1.2\" baseProfile=\"tiny\"><path d=\"M18.2 9.3l-6.2-6.3-6.2 6.3c-.2.2-.3.4-.3.7s.1.5.3.7c.2.2.4.3.7.3h11c.3 0 .5-.1.7-.3.2-.2.3-.5.3-.7s-.1-.5-.3-.7zM5.8 14.7l6.2 6.3 6.2-6.3c.2-.2.3-.5.3-.7s-.1-.5-.3-.7c-.2-.2-.4-.3-.7-.3h-11c-.3 0-.5.1-.7.3-.2.2-.3.5-.3.7s.1.5.3.7z\"\/><\/svg><\/span><\/span><\/span><\/a><\/span><\/div>\n<nav><ul class='ez-toc-list ez-toc-list-level-1 eztoc-toggle-hide-by-default' ><li class='ez-toc-page-1 ez-toc-heading-level-2'><a class=\"ez-toc-link ez-toc-heading-1\" href=\"https:\/\/www.turna.com\/blog\/kayseri-gezilecek-yerler\/#kayseride_gezilecek_yerler\" >Kayseri&#8217;de Gezilecek Yerler<\/a><ul class='ez-toc-list-level-3' ><li class='ez-toc-heading-level-3'><a class=\"ez-toc-link ez-toc-heading-2\" href=\"https:\/\/www.turna.com\/blog\/kayseri-gezilecek-yerler\/#kayseri_kalesi\" >Kayseri Kalesi<\/a><\/li><li class='ez-toc-page-1 ez-toc-heading-level-3'><a class=\"ez-toc-link ez-toc-heading-3\" href=\"https:\/\/www.turna.com\/blog\/kayseri-gezilecek-yerler\/#cumhuriyet_meydani\" >Cumhuriyet Meydan\u0131<\/a><\/li><li class='ez-toc-page-1 ez-toc-heading-level-3'><a class=\"ez-toc-link ez-toc-heading-4\" href=\"https:\/\/www.turna.com\/blog\/kayseri-gezilecek-yerler\/#gevher_nesibe_sifahanesi_ve_tip_muzesi\" >Gevher Nesibe \u015eifahanesi ve T\u0131p M\u00fczesi<\/a><\/li><li class='ez-toc-page-1 ez-toc-heading-level-3'><a class=\"ez-toc-link ez-toc-heading-5\" href=\"https:\/\/www.turna.com\/blog\/kayseri-gezilecek-yerler\/#kayseri_arkeoloji_muzesi\" >Kayseri Arkeoloji M\u00fczesi<\/a><\/li><li class='ez-toc-page-1 ez-toc-heading-level-3'><a class=\"ez-toc-link ez-toc-heading-6\" href=\"https:\/\/www.turna.com\/blog\/kayseri-gezilecek-yerler\/#sahabiye_medresesi\" >Sahabiye Medresesi<\/a><\/li><li class='ez-toc-page-1 ez-toc-heading-level-3'><a class=\"ez-toc-link ez-toc-heading-7\" href=\"https:\/\/www.turna.com\/blog\/kayseri-gezilecek-yerler\/#ataturk_evi_muzesi\" >Atat\u00fcrk Evi M\u00fczesi<\/a><\/li><li class='ez-toc-page-1 ez-toc-heading-level-3'><a class=\"ez-toc-link ez-toc-heading-8\" href=\"https:\/\/www.turna.com\/blog\/kayseri-gezilecek-yerler\/#tarihi_kayseri_lisesi\" >Tarihi Kayseri Lisesi<\/a><\/li><li class='ez-toc-page-1 ez-toc-heading-level-3'><a class=\"ez-toc-link ez-toc-heading-9\" href=\"https:\/\/www.turna.com\/blog\/kayseri-gezilecek-yerler\/#hunat_hatun_kulliyesi\" >Hunat Hatun K\u00fclliyesi<\/a><\/li><li class='ez-toc-page-1 ez-toc-heading-level-3'><a class=\"ez-toc-link ez-toc-heading-10\" href=\"https:\/\/www.turna.com\/blog\/kayseri-gezilecek-yerler\/#kapalicarsi_ve_kazancilar_carsisi\" >Kapal\u0131\u00e7ar\u015f\u0131 ve Kazanc\u0131lar \u00c7ar\u015f\u0131s\u0131<\/a><\/li><li class='ez-toc-page-1 ez-toc-heading-level-3'><a class=\"ez-toc-link ez-toc-heading-11\" href=\"https:\/\/www.turna.com\/blog\/kayseri-gezilecek-yerler\/#tarihi_kayseri_mahallesi\" >Tarihi Kayseri Mahallesi<\/a><\/li><li class='ez-toc-page-1 ez-toc-heading-level-3'><a class=\"ez-toc-link ez-toc-heading-12\" href=\"https:\/\/www.turna.com\/blog\/kayseri-gezilecek-yerler\/#mimar_sinan_evi\" >Mimar Sinan Evi<\/a><\/li><li class='ez-toc-page-1 ez-toc-heading-level-3'><a class=\"ez-toc-link ez-toc-heading-13\" href=\"https:\/\/www.turna.com\/blog\/kayseri-gezilecek-yerler\/#erciyes_dagi\" >Erciyes Da\u011f\u0131<\/a><\/li><li class='ez-toc-page-1 ez-toc-heading-level-3'><a class=\"ez-toc-link ez-toc-heading-14\" href=\"https:\/\/www.turna.com\/blog\/kayseri-gezilecek-yerler\/#agirnas_yeralti_sehri\" >A\u011f\u0131rnas Yeralt\u0131 \u015eehri<\/a><\/li><li class='ez-toc-page-1 ez-toc-heading-level-3'><a class=\"ez-toc-link ez-toc-heading-15\" href=\"https:\/\/www.turna.com\/blog\/kayseri-gezilecek-yerler\/#soganli_vadisi\" >So\u011fanl\u0131 Vadisi<\/a><\/li><li class='ez-toc-page-1 ez-toc-heading-level-3'><a class=\"ez-toc-link ez-toc-heading-16\" href=\"https:\/\/www.turna.com\/blog\/kayseri-gezilecek-yerler\/#kapuzbasi_selaleleri\" >Kapuzba\u015f\u0131 \u015eelaleleri<\/a><\/li><li class='ez-toc-page-1 ez-toc-heading-level-3'><a class=\"ez-toc-link ez-toc-heading-17\" href=\"https:\/\/www.turna.com\/blog\/kayseri-gezilecek-yerler\/#sultan_sazligi_milli_parki\" >Sultan Sazl\u0131\u011f\u0131 Milli Park\u0131<\/a><\/li><li class='ez-toc-page-1 ez-toc-heading-level-3'><a class=\"ez-toc-link ez-toc-heading-18\" href=\"https:\/\/www.turna.com\/blog\/kayseri-gezilecek-yerler\/#tekir_yaylasi\" >Tekir Yaylas\u0131<\/a><\/li><li class='ez-toc-page-1 ez-toc-heading-level-3'><a class=\"ez-toc-link ez-toc-heading-19\" href=\"https:\/\/www.turna.com\/blog\/kayseri-gezilecek-yerler\/#gesi_baglari\" >Gesi Ba\u011flar\u0131<\/a><\/li><li class='ez-toc-page-1 ez-toc-heading-level-3'><a class=\"ez-toc-link ez-toc-heading-20\" href=\"https:\/\/www.turna.com\/blog\/kayseri-gezilecek-yerler\/#aladaglar_milli_parki\" >Alada\u011flar Milli Park\u0131<\/a><\/li><li class='ez-toc-page-1 ez-toc-heading-level-3'><a class=\"ez-toc-link ez-toc-heading-21\" href=\"https:\/\/www.turna.com\/blog\/kayseri-gezilecek-yerler\/#yesilkoy_selalesi\" >Ye\u015filk\u00f6y \u015eelalesi<\/a><\/li><li class='ez-toc-page-1 ez-toc-heading-level-3'><a class=\"ez-toc-link ez-toc-heading-22\" href=\"https:\/\/www.turna.com\/blog\/kayseri-gezilecek-yerler\/#kultepe_kanis-karum_oren_yeri\" >K\u00fcltepe (Kani\u015f-Karum) \u00d6ren Yeri<\/a><\/li><li class='ez-toc-page-1 ez-toc-heading-level-3'><a class=\"ez-toc-link ez-toc-heading-23\" href=\"https:\/\/www.turna.com\/blog\/kayseri-gezilecek-yerler\/#talas\" >Talas<\/a><\/li><li class='ez-toc-page-1 ez-toc-heading-level-3'><a class=\"ez-toc-link ez-toc-heading-24\" href=\"https:\/\/www.turna.com\/blog\/kayseri-gezilecek-yerler\/#kapadokya\" >Kapadokya<\/a><\/li><\/ul><\/li><\/ul><\/nav><\/div>\n\n<p>Anadolu&#8217;nun kalbinde, tarih ve do\u011fan\u0131n kucakla\u015ft\u0131\u011f\u0131 bir \u015fehir var: Kayseri! &#8216;<strong>Kayseri Gezilecek Yerler<\/strong>&#8216; denilince akl\u0131n\u0131za gelen ilk \u015fey ne olursa olsun, bu kadim \u015fehir sizi her k\u00f6\u015fesinde \u015fa\u015f\u0131rtmaya haz\u0131r. Erciyes Da\u011f\u0131&#8217;n\u0131n ihti\u015fam\u0131yla selam duran Kayseri, binlerce y\u0131ll\u0131k tarihi miras\u0131, nefes kesen do\u011fal g\u00fczellikleri ve kendine has k\u00fclt\u00fcrel zenginlikleriyle ke\u015ffedilmeyi bekliyor. Bir yandan Osmanl\u0131&#8217;dan Sel\u00e7uklu&#8217;ya, hatta daha da eskilere uzanan tarih kokulu sokaklarda dola\u015facak, di\u011fer yandan do\u011fan\u0131n c\u00f6mertli\u011fini sergiledi\u011fi e\u015fsiz manzaralarla ruhunuzu tazeleyeceksiniz. Haz\u0131rsan\u0131z, Kayseri&#8217;nin birbirinden b\u00fcy\u00fcleyici gezilecek yerlerini ke\u015ffetmek i\u00e7in yola \u00e7\u0131kma zaman\u0131!<\/p>\n\n\n\n<h2 class=\"wp-block-heading has-text-align-center has-neeon-button-dark-gray-color has-text-color has-link-color wp-elements-2c19afcd61c2066f8d85f8688efb40e2\"><span class=\"ez-toc-section\" id=\"kayseride_gezilecek_yerler\"><\/span><strong>Kayseri&#8217;de Gezilecek Yerler<\/strong><span class=\"ez-toc-section-end\"><\/span><\/h2>\n\n\n\n<figure class=\"wp-block-image size-large\"><img width=\"800\" height=\"500\" decoding=\"async\" src=\"data:image\/svg+xml;base64,PHN2ZyB4bWxucz0iaHR0cDovL3d3dy53My5vcmcvMjAwMC9zdmciIHdpZHRoPSI4MDAiIGhlaWdodD0iNTAwIj48cmVjdCB3aWR0aD0iMTAwJSIgaGVpZ2h0PSIxMDAlIj48YW5pbWF0ZSBhdHRyaWJ1dGVOYW1lPSJmaWxsIiB2YWx1ZXM9InJnYmEoMTUzLDE1MywxNTMsMC41KTtyZ2JhKDE1MywxNTMsMTUzLDAuMSk7cmdiYSgxNTMsMTUzLDE1MywwLjUpIiBkdXI9IjJzIiByZXBlYXRDb3VudD0iaW5kZWZpbml0ZSIgLz48L3JlY3Q+PC9zdmc+\" alt=\"Kayseri Gezilecek Yerler\" data-public-id=\"wordpress-contents\/kayseri_gezilecek_yerler\/kayseri_gezilecek_yerler.jpg\" class=\"wp-post-19522 wp-image-22931\" data-format=\"jpg\" data-transformations=\"f_auto,q_auto:low\" data-version=\"1725284157\" data-seo=\"1\" data-size=\"800 500\" data-srcset=\"https:\/\/res.cloudinary.com\/turna\/images\/f_auto,q_auto:low\/v1725284157\/wordpress-contents\/kayseri_gezilecek_yerler\/kayseri_gezilecek_yerler.jpg?_i=AA 800w, https:\/\/res.cloudinary.com\/turna\/images\/w_300,h_188,c_scale\/f_auto,q_auto:low\/v1725284157\/wordpress-contents\/kayseri_gezilecek_yerler\/kayseri_gezilecek_yerler.jpg?_i=AA 300w, https:\/\/res.cloudinary.com\/turna\/images\/w_672,h_420,c_scale\/f_auto,q_auto:low\/v1725284157\/wordpress-contents\/kayseri_gezilecek_yerler\/kayseri_gezilecek_yerler.jpg?_i=AA 672w, https:\/\/res.cloudinary.com\/turna\/images\/w_640,h_400,c_scale\/f_auto,q_auto:low\/v1725284157\/wordpress-contents\/kayseri_gezilecek_yerler\/kayseri_gezilecek_yerler.jpg?_i=AA 640w, https:\/\/res.cloudinary.com\/turna\/images\/w_681,h_426,c_scale\/f_auto,q_auto:low\/v1725284157\/wordpress-contents\/kayseri_gezilecek_yerler\/kayseri_gezilecek_yerler.jpg?_i=AA 681w\" data-sizes=\"(max-width: 800px) 100vw, 800px\" data-delivery=\"upload\" onload=\";window.CLDBind?CLDBind(this):null;\" data-cloudinary=\"lazy\" \/><\/figure>\n\n\n\n<p><strong>Kayseri<\/strong>, Sel\u00e7uklu d\u00f6neminden kalma tarihi yap\u0131lar\u0131 ve alt\u0131 bin y\u0131l \u00f6ncesine dayanan k\u00f6kl\u00fc ge\u00e7mi\u015fiyle Anadolu co\u011frafyas\u0131n\u0131n ve T\u00fcrkiye&#8217;nin en \u00f6nemli kentlerinden. Antik \u00c7a\u011f&#8217;dan bu yana ticaret yollar\u0131n\u0131n merkezinde yer alan \u015fehir, Orta Anadolu\u2019nun en eski yerle\u015fim yerlerinden biri.<\/p>\n\n\n\n<p>\u0130pek Yolu \u00fczerinde yer almas\u0131ndan dolay\u0131 tarih boyunca \u00f6nemli bir ticaret merkezi olan \u015fehir, o d\u00f6nemlerin etkisiyle geli\u015fen k\u00fclt\u00fcrel zenginliklerinin yan\u0131 s\u0131ra damaklarda e\u015fsiz tatlar b\u0131rakan mutfak k\u00fclt\u00fcr\u00fc ve d\u00fcnyan\u0131n d\u00f6rt bir yan\u0131ndan turist \u00e7eken kayak merkeziyle de \u00fcnl\u00fc.<\/p>\n\n\n\n<p>Kent merkezinde Sel\u00e7uklu ve Osmanl\u0131 d\u00f6neminin izlerini ta\u015f\u0131yan Kayseri, kent merkezi d\u0131\u015f\u0131ndaki b\u00f6lgelerinde de gezilecek, g\u00f6r\u00fclecek onlarca rotaya sahip. Eski Tun\u00e7, Hitit, Frig, Helenistik, Roma, Bizans, Sel\u00e7uklu, Osmanl\u0131 ve Cumhuriyet d\u00f6neminden kalma pek \u00e7ok k\u00fclt\u00fcrel ve tarihi izler ta\u015f\u0131yor.<\/p>\n\n\n\n<p>G\u00fcn\u00fcm\u00fczde geni\u015f yollar\u0131, d\u00fczenli \u015fehir planlamas\u0131yla modern bir g\u00f6r\u00fcn\u00fcme kavu\u015fan Kayseri&#8217;de, \u015fehir merkezindeki tarihi yap\u0131lar\u0131 ve yerleri g\u00f6rmek i\u00e7in zemin i\u015faretleriyle belirtilen k\u00fclt\u00fcr rotas\u0131n\u0131 takip etmeniz yeterli.<\/p>\n\n\n\n<p><a href=\"https:\/\/www.turna.com\/otobus-bileti\/kayseri\"><strong>Kayseri otob\u00fcs bileti<\/strong><\/a> i\u00e7in turna.com otob\u00fcs bileti sayfas\u0131ndaki kampanyalar\u0131 takip edin. Kayseri otob\u00fcs biletleri ne kadar, sefer saatlerini g\u00f6rebilirsiniz. <strong><a class=\"\" href=\"https:\/\/www.turna.com\/ucak-bileti\/kayseri\">Kayseri u\u00e7ak bileti<\/a>&nbsp;<\/strong>sat\u0131n alarak daha h\u0131zl\u0131 bir \u015fekilde Kayseri \u015fehrine ula\u015fabilirsiniz.<\/p>\n\n\n\n<h3 class=\"wp-block-heading has-text-align-center has-neeon-button-dark-gray-color has-text-color has-link-color wp-elements-5affefc2b732058049e0a9bc3bc01fe5\"><span class=\"ez-toc-section\" id=\"kayseri_kalesi\"><\/span><strong>Kayseri Kalesi<\/strong><span class=\"ez-toc-section-end\"><\/span><\/h3>\n\n\n\n<figure class=\"wp-block-image size-large\"><img decoding=\"async\" src=\"https:\/\/res.cloudinary.com\/turna\/image\/upload\/v1725284157\/wordpress-contents\/kayseri_kalesi.jpg\" alt=\"Kayseri Gezilecek Yerler Kayseri Kalesi\"\/><\/figure>\n\n\n\n<p class=\"has-text-align-left\">Kayseri&#8217;nin tam kalbinde, y\u00fczy\u0131llara meydan okuyan bir tarih bekliyor sizi: <strong><a href=\"https:\/\/maps.app.goo.gl\/MYiwiPLp7x7acMcQ8\" target=\"_blank\" rel=\"noreferrer noopener\">Kayseri Kalesi<\/a><\/strong>! \u0130lk bak\u0131\u015fta ta\u015flar\u0131n aras\u0131ndan f\u0131\u015fk\u0131ran tarih ve heybetiyle insan\u0131 b\u00fcy\u00fcleyen bu kale, 3. y\u00fczy\u0131lda Romal\u0131lar taraf\u0131ndan in\u015fa edilmi\u015f ve Osmanl\u0131 d\u00f6neminde de g\u00fc\u00e7lendirilmi\u015f. \u0130\u00e7 kale ve d\u0131\u015f surlar olmak \u00fczere iki b\u00f6l\u00fcmden olu\u015fan kale, hem sava\u015flar\u0131n hem de g\u00fcnl\u00fck hayat\u0131n izlerini ta\u015f\u0131yor.<\/p>\n\n\n\n<p class=\"has-text-align-left\">Kale bur\u00e7lar\u0131ndan Kayseri&#8217;nin panoramik manzaras\u0131n\u0131 seyrederken, tarihle i\u00e7 i\u00e7e bir yolculu\u011fa \u00e7\u0131kacak, her k\u00f6\u015fesinde ba\u015fka bir hikaye ke\u015ffedeceksiniz. Kayseri Kalesi, \u015fehrin ruhunu ve tarihi zenginli\u011fini iliklerinize kadar hissetmenizi sa\u011flayacak! <strong>Kayseri&#8217;de&nbsp;gezilecek&nbsp;tarihi&nbsp;yerler<\/strong> ilginizi \u00e7ekiyorsa buras\u0131 mutlaka u\u011framan\u0131z gereken bir durak.<\/p>\n\n\n\n<h3 class=\"wp-block-heading has-text-align-center has-neeon-button-dark-gray-color has-text-color has-link-color wp-elements-8787e170ff6c3184269a296954dd6f2d\"><span class=\"ez-toc-section\" id=\"cumhuriyet_meydani\"><\/span><strong>Cumhuriyet Meydan\u0131<\/strong><span class=\"ez-toc-section-end\"><\/span><\/h3>\n\n\n\n<p>Kayseri&#8217;nin kalbinin att\u0131\u011f\u0131 yer, <strong><a href=\"https:\/\/maps.app.goo.gl\/zK8QUeSe8R9nQfHt9\" target=\"_blank\" rel=\"noreferrer noopener\">Cumhuriyet Meydan\u0131<\/a><\/strong>! \u015eehrin en hareketli noktalar\u0131ndan biri olan bu meydan, hem ge\u00e7mi\u015fin izlerini ta\u015f\u0131yan tarihi yap\u0131lar\u0131 hem de modern Kayseri&#8217;nin dinamizmini bir araya getiriyor. Meydan\u0131n ortas\u0131nda gururla y\u00fckselen Atat\u00fcrk An\u0131t\u0131, Cumhuriyet&#8217;in simgesi olarak y\u00fckseliyor. Etraf\u0131nda ise Kayseri Kalesi&#8217;nin g\u00fc\u00e7l\u00fc surlar\u0131, Saat Kulesi&#8217;nin zarafeti ve Hunat Hatun K\u00fclliyesi&#8217;nin ihti\u015fam\u0131 meydan\u0131n tarihi atmosferini peki\u015ftiriyor. G\u00fcne\u015fin bat\u0131\u015f\u0131yla birlikte meydan bir ba\u015fka g\u00fczel; \u0131\u015f\u0131klar\u0131n alt\u0131nda tarihi yap\u0131lar birer sanat eseri gibi parl\u0131yor.<\/p>\n\n\n\n<h3 class=\"wp-block-heading has-text-align-center has-neeon-button-dark-gray-color has-text-color has-link-color wp-elements-bef26131176bebb0402615e836931fd5\"><span class=\"ez-toc-section\" id=\"gevher_nesibe_sifahanesi_ve_tip_muzesi\"><\/span><strong>Gevher Nesibe \u015eifahanesi ve T\u0131p M\u00fczesi<\/strong><span class=\"ez-toc-section-end\"><\/span><\/h3>\n\n\n\n<figure class=\"wp-block-image size-large\"><img decoding=\"async\" src=\"https:\/\/res.cloudinary.com\/turna\/image\/upload\/v1725284158\/wordpress-contents\/Gevher_Nesibe_sifahanesi.jpg\" alt=\"Kayseri Gezilecek Yerler\"\/><\/figure>\n\n\n\n<p>Tarihin derinliklerinden gelen bir sa\u011fl\u0131k oca\u011f\u0131: <strong><a href=\"https:\/\/maps.app.goo.gl\/Wc7yw8ebcZTuCQ2Y7\" target=\"_blank\" rel=\"noreferrer noopener\">Gevher Nesibe \u015eifahanesi ve T\u0131p M\u00fczesi<\/a><\/strong> 1206 y\u0131l\u0131nda Sel\u00e7uklu Sultan\u0131 I. G\u0131yaseddin Keyh\u00fcsrev&#8217;in k\u0131z karde\u015fi Gevher Nesibe&#8217;nin vasiyeti \u00fczerine kurulmu\u015f. Bu \u015fifahane, d\u00fcnya tarihinin ilk t\u0131p okullar\u0131ndan biri olma unvan\u0131n\u0131 ta\u015f\u0131yor. Kap\u0131dan i\u00e7eri ad\u0131m att\u0131\u011f\u0131n\u0131z anda, t\u0131bb\u0131n bin y\u0131l \u00f6ncesine uzanan hikayesine tan\u0131kl\u0131k edeceksiniz.<\/p>\n\n\n\n<p>Tedavi odalar\u0131, laboratuvarlar, hatta psikolojik rahats\u0131zl\u0131klar\u0131n m\u00fczikle tedavi edildi\u011fi mekanlar bile yerli yerinde korunmu\u015f. Bir zamanlar hastalara \u015fifa da\u011f\u0131tan bu yer, \u015fimdi ge\u00e7mi\u015fin bilgeli\u011fini bug\u00fcne ta\u015f\u0131yan bir m\u00fcze olarak kap\u0131lar\u0131n\u0131 a\u00e7\u0131yor. Her k\u00f6\u015fesinde Sel\u00e7uklu t\u0131bb\u0131n\u0131n dehas\u0131n\u0131 hissedecek, tarihin bu \u00f6nemli yap\u0131s\u0131n\u0131n b\u00fcy\u00fcleyici atmosferinde adeta zaman\u0131n i\u00e7inde kaybolacaks\u0131n\u0131z.<\/p>\n\n\n\n<h3 class=\"wp-block-heading has-text-align-center has-neeon-button-dark-gray-color has-text-color has-link-color wp-elements-c1558595ff4aed9c667e39fb2c202db4\"><span class=\"ez-toc-section\" id=\"kayseri_arkeoloji_muzesi\"><\/span><strong>Kayseri Arkeoloji M\u00fczesi<\/strong><span class=\"ez-toc-section-end\"><\/span><\/h3>\n\n\n\n<figure class=\"wp-block-image size-large\"><img decoding=\"async\" src=\"https:\/\/res.cloudinary.com\/turna\/image\/upload\/v1725284158\/wordpress-contents\/kayseri_arkeoloji_muzesi.jpg\" alt=\"Kayseri Gezilecek Yerler arkeoloji m\u00fczesi\"\/><\/figure>\n\n\n\n<p>Kayseri&#8217;nin kadim topraklar\u0131nda derin bir yolculu\u011fa \u00e7\u0131kmaya haz\u0131r olun: <strong><a href=\"https:\/\/maps.app.goo.gl\/f9arvQpFwheXLs2C8\" target=\"_blank\" rel=\"noreferrer noopener\">Kayseri Arkeoloji M\u00fczesi<\/a><\/strong> \u015fehrin binlerce y\u0131ll\u0131k ge\u00e7mi\u015fini ad\u0131m ad\u0131m ke\u015ffetmenizi sa\u011fl\u0131yor. M\u00fcze tam anlam\u0131yla bir hazine sand\u0131\u011f\u0131. 1969 y\u0131l\u0131nda kap\u0131lar\u0131n\u0131 a\u00e7an m\u00fcze, Hititler&#8217;den Roma&#8217;ya, Bizans&#8217;tan Sel\u00e7uklu&#8217;ya kadar uzanan geni\u015f bir tarih yelpazesine sahip.<\/p>\n\n\n\n<p>M\u00fczeye ad\u0131m att\u0131\u011f\u0131n\u0131z anda K\u00fcltepe&#8217;den \u00e7\u0131kar\u0131lan \u00e7ivi yaz\u0131l\u0131 tabletler, Asur ticaret kolonilerine ait eserler ve antik d\u00f6nemin muhte\u015fem heykelleriyle kar\u015f\u0131la\u015f\u0131yorsunuz. Her bir vitrinin \u00f6n\u00fcnde durup, ta\u015flara kaz\u0131nm\u0131\u015f tarih kokusunu i\u00e7inize \u00e7ekerken, adeta binlerce y\u0131l \u00f6ncesine gidip d\u00f6nemin insanlar\u0131n\u0131n ya\u015fam\u0131na tan\u0131kl\u0131k ediyorsunuz. G\u00f6rmeden d\u00f6nmeyin derim.<\/p>\n\n\n\n<h3 class=\"wp-block-heading has-text-align-center has-neeon-button-dark-gray-color has-text-color has-link-color wp-elements-7cd0eb0092781b0f8354217066a3aca2\"><span class=\"ez-toc-section\" id=\"sahabiye_medresesi\"><\/span><strong>Sahabiye Medresesi<\/strong><span class=\"ez-toc-section-end\"><\/span><\/h3>\n\n\n\n<p>1267 y\u0131l\u0131nda Sel\u00e7uklu Veziri Sahip Ata Fahrettin Ali taraf\u0131ndan in\u015fa ettirilen bu medrese, Sel\u00e7uklu mimarisinin zarafetini ve e\u011fitim a\u015fk\u0131n\u0131 bir araya getiriyor. Giri\u015f kap\u0131s\u0131ndan i\u00e7eri ad\u0131m att\u0131\u011f\u0131n\u0131zda, sizi kar\u015f\u0131layan ta\u015f i\u015f\u00e7ili\u011fi \u00f6ylesine ince detaylara sahip ki, adeta ta\u015flar dile gelip hikayeler anlat\u0131yor. Ortada yer alan \u015fad\u0131rvan, hem fiziksel hem ruhsal ar\u0131nmay\u0131 temsil ediyor adeta. <strong><a href=\"https:\/\/maps.app.goo.gl\/8qKtu8H9xbrDqSxr6\" target=\"_blank\" rel=\"noreferrer noopener\">Sahabiye Medresesi<\/a><\/strong>, Kayseri&#8217;nin tarihine derin bir bak\u0131\u015f atmak isteyenler i\u00e7in tam anlam\u0131yla bir a\u00e7\u0131k hava m\u00fczesi gibi. Burada, Sel\u00e7uklu\u2019nun ilimle yo\u011frulmu\u015f ruhunu hissedecek, tarihin i\u00e7inde keyifli bir yolculu\u011fa \u00e7\u0131kacaks\u0131n\u0131z.<\/p>\n\n\n\n<h3 class=\"wp-block-heading has-text-align-center has-neeon-button-dark-gray-color has-text-color has-link-color wp-elements-7bec9af3bfd7067e6b67849ece0572f5\"><span class=\"ez-toc-section\" id=\"ataturk_evi_muzesi\"><\/span><strong>Atat\u00fcrk Evi M\u00fczesi<\/strong><span class=\"ez-toc-section-end\"><\/span><\/h3>\n\n\n\n<figure class=\"wp-block-image size-large\"><img decoding=\"async\" src=\"https:\/\/res.cloudinary.com\/turna\/image\/upload\/v1725284158\/wordpress-contents\/ataturk_evi_muzesi_kayseri.jpg\" alt=\"Kayseri Gezilecek Yerler atat\u00fcrk evi m\u00fczesi\"\/><\/figure>\n\n\n\n<p><strong>Kayseri&#8217;de gezilecek yerler merkez<\/strong> denilince ilk akla gelen noktalardan biri <strong><a href=\"https:\/\/maps.app.goo.gl\/gTkNKtHCuA8RBDmk9\" target=\"_blank\" rel=\"noreferrer noopener\">Atat\u00fcrk Evi M\u00fczesi<\/a><\/strong>. 1919 y\u0131l\u0131nda Mustafa Kemal Atat\u00fcrk&#8217;\u00fcn Kayseri&#8217;yi ziyaretinde kald\u0131\u011f\u0131 bu tarihi ev, bug\u00fcn bir m\u00fcze olarak Cumhuriyet&#8217;in do\u011fu\u015funa tan\u0131kl\u0131k etmek isteyenleri a\u011f\u0131rl\u0131yor. Kayseri&#8217;nin merkezinde yer alan bu zarif ta\u015f yap\u0131, d\u00f6nemin mimari dokusunu koruyarak sizi ge\u00e7mi\u015fe g\u00f6t\u00fcr\u00fcyor. M\u00fczeye ad\u0131m att\u0131\u011f\u0131n\u0131zda, Atat\u00fcrk&#8217;\u00fcn Kayseri ziyareti s\u0131ras\u0131nda kulland\u0131\u011f\u0131 e\u015fyalar, d\u00f6nemin foto\u011fraflar\u0131 ve belgeleriyle kar\u015f\u0131la\u015f\u0131yorsunuz.<\/p>\n\n\n\n<p>Her oda, Cumhuriyet&#8217;in ilk y\u0131llar\u0131na ait bir an\u0131y\u0131 ya\u015fat\u0131yor; adeta tarih burada yeniden canlan\u0131yor. Evde gezerken, o g\u00fcnlerin heyecan\u0131n\u0131 ve Atat\u00fcrk&#8217;\u00fcn Kayseri halk\u0131yla bulu\u015fmas\u0131n\u0131n co\u015fkusunu hissediyorsunuz.<\/p>\n\n\n\n<h3 class=\"wp-block-heading has-text-align-center has-neeon-button-dark-gray-color has-text-color has-link-color wp-elements-172872a37967709f201db6136a8b3295\"><span class=\"ez-toc-section\" id=\"tarihi_kayseri_lisesi\"><\/span><strong>Tarihi Kayseri Lisesi<\/strong><span class=\"ez-toc-section-end\"><\/span><\/h3>\n\n\n\n<figure class=\"wp-block-image size-large is-style-default\"><img width=\"800\" height=\"500\" data-public-id=\"kayseri-gezilecek-yerler-blog\/kayseri-gezilecek-yerler-blog.jpg\" fetchpriority=\"high\" decoding=\"async\" src=\"https:\/\/res.cloudinary.com\/turna\/images\/w_800,h_500,c_scale\/f_auto,q_auto:low\/v1624860718\/kayseri-gezilecek-yerler-blog\/kayseri-gezilecek-yerler-blog.jpg?_i=AA\" alt=\"Tarihi Kayseri Lisesi\" class=\"wp-post-19522 wp-image-19524\" data-format=\"jpg\" data-transformations=\"f_auto,q_auto:low\" data-version=\"1624860718\" data-seo=\"1\" srcset=\"https:\/\/res.cloudinary.com\/turna\/images\/f_auto,q_auto:low\/v1624860718\/kayseri-gezilecek-yerler-blog\/kayseri-gezilecek-yerler-blog.jpg?_i=AA 800w, https:\/\/res.cloudinary.com\/turna\/images\/w_300,h_188,c_scale\/f_auto,q_auto:low\/v1624860718\/kayseri-gezilecek-yerler-blog\/kayseri-gezilecek-yerler-blog.jpg?_i=AA 300w, https:\/\/res.cloudinary.com\/turna\/images\/w_672,h_420,c_scale\/f_auto,q_auto:low\/v1624860718\/kayseri-gezilecek-yerler-blog\/kayseri-gezilecek-yerler-blog.jpg?_i=AA 672w, https:\/\/res.cloudinary.com\/turna\/images\/w_640,h_400,c_scale\/f_auto,q_auto:low\/v1624860718\/kayseri-gezilecek-yerler-blog\/kayseri-gezilecek-yerler-blog.jpg?_i=AA 640w, https:\/\/res.cloudinary.com\/turna\/images\/w_681,h_426,c_scale\/f_auto,q_auto:low\/v1624860718\/kayseri-gezilecek-yerler-blog\/kayseri-gezilecek-yerler-blog.jpg?_i=AA 681w\" sizes=\"(max-width: 800px) 100vw, 800px\" \/><\/figure>\n\n\n\n<p>Kayseri&#8217;nin sembol e\u011fitim kurumlar\u0131ndan <strong><a href=\"https:\/\/maps.app.goo.gl\/FEwytf4o8ZV68oct5\" target=\"_blank\" rel=\"noreferrer noopener\">Tarihi Kayseri Lisesi<\/a><\/strong>, 1904 y\u0131l\u0131nda Sultan II. Abd\u00fclhamid D\u00f6neminde kesme ta\u015ftan in\u015fa edilmi\u015f g\u00f6rkemli bir bina. 1893 y\u0131l\u0131ndan bu yana e\u011fitimin verildi\u011fi Kayseri Lisesi, T\u00fcrkiye\u2019de \u00f6nemli g\u00f6revler \u00fcstlenen pek \u00e7ok ismi mezun etmi\u015f. Okul 2 Cumhurba\u015fkan\u0131 \u00e7\u0131karm\u0131\u015f. Turgut \u00d6zal ve Abdullah G\u00fcl buradan mezun.<\/p>\n\n\n\n<p>II. Abd\u00fclhamit D\u00f6neminde Osmanl\u0131\u2019n\u0131n \u00f6nemli \u015fehirlerinde \u2018idadi\u2019 ismiyle a\u00e7\u0131lan liseler aras\u0131nda bulunan Kayseri Lisesi, Kurtulu\u015f Sava\u015f\u0131 d\u00f6neminde Ankara\u2019n\u0131n i\u015fgal edilme riski oldu\u011fundan bir d\u00f6nem Millet Meclisi olarak kullan\u0131lm\u0131\u015f.<\/p>\n\n\n\n<h3 class=\"wp-block-heading has-text-align-center has-neeon-button-dark-gray-color has-text-color has-link-color wp-elements-d64fe6173a58c2b55eb9b6fadea9bc30\"><span class=\"ez-toc-section\" id=\"hunat_hatun_kulliyesi\"><\/span><strong>Hunat Hatun K\u00fclliyesi<\/strong><span class=\"ez-toc-section-end\"><\/span><\/h3>\n\n\n\n<figure class=\"wp-block-image size-large is-style-default\"><img width=\"800\" height=\"500\" data-public-id=\"Hunat-Hatun-Kulliyesi\/Hunat-Hatun-Kulliyesi.jpg\" decoding=\"async\" src=\"https:\/\/res.cloudinary.com\/turna\/images\/w_800,h_500,c_scale\/f_auto,q_auto:low\/v1624860874\/Hunat-Hatun-Kulliyesi\/Hunat-Hatun-Kulliyesi.jpg?_i=AA\" alt=\"Hunat-Hatun-Kulliyesi\" class=\"wp-post-19522 wp-image-19525\" data-format=\"jpg\" data-transformations=\"f_auto,q_auto:low\" data-version=\"1624860874\" data-seo=\"1\" srcset=\"https:\/\/res.cloudinary.com\/turna\/images\/f_auto,q_auto:low\/v1624860874\/Hunat-Hatun-Kulliyesi\/Hunat-Hatun-Kulliyesi.jpg?_i=AA 800w, https:\/\/res.cloudinary.com\/turna\/images\/w_300,h_188,c_scale\/f_auto,q_auto:low\/v1624860874\/Hunat-Hatun-Kulliyesi\/Hunat-Hatun-Kulliyesi.jpg?_i=AA 300w, https:\/\/res.cloudinary.com\/turna\/images\/w_672,h_420,c_scale\/f_auto,q_auto:low\/v1624860874\/Hunat-Hatun-Kulliyesi\/Hunat-Hatun-Kulliyesi.jpg?_i=AA 672w, https:\/\/res.cloudinary.com\/turna\/images\/w_640,h_400,c_scale\/f_auto,q_auto:low\/v1624860874\/Hunat-Hatun-Kulliyesi\/Hunat-Hatun-Kulliyesi.jpg?_i=AA 640w, https:\/\/res.cloudinary.com\/turna\/images\/w_681,h_426,c_scale\/f_auto,q_auto:low\/v1624860874\/Hunat-Hatun-Kulliyesi\/Hunat-Hatun-Kulliyesi.jpg?_i=AA 681w\" sizes=\"(max-width: 800px) 100vw, 800px\" \/><figcaption class=\"wp-element-caption\">Kayseri Gezilecek Yerler<\/figcaption><\/figure>\n\n\n\n<p>Ta\u015f oymalar\u0131yla s\u00fcsl\u00fc g\u00f6rkemli g\u00f6r\u00fcnt\u00fcs\u00fcyle Sel\u00e7uklu mimarisinin en muhte\u015fem \u00f6rneklerinden olan <strong><a href=\"https:\/\/maps.app.goo.gl\/eNLLeAY4mMGh14jr8\" target=\"_blank\" rel=\"noreferrer noopener\">Hunat Hatun K\u00fclliyesi<\/a><\/strong>, I. Alaeddin Keykubat&#8217;\u0131n e\u015fi ve II. G\u0131yaseddin Keyh\u00fcsrev&#8217;in annesi olan Mahperi Hatun taraf\u0131ndan in\u015fa ettirilmi\u015f. \u0130\u00e7inde cami, hamam, medrese ve k\u00fcmbet gibi b\u00f6l\u00fcmlerin de yer ald\u0131\u011f\u0131 k\u00fclliye, 1238 y\u0131l\u0131nda tamamlanm\u0131\u015f.<\/p>\n\n\n\n<h3 class=\"wp-block-heading has-text-align-center has-neeon-button-dark-gray-color has-text-color has-link-color wp-elements-95181091421b29953f93d384d62a4923\"><span class=\"ez-toc-section\" id=\"kapalicarsi_ve_kazancilar_carsisi\"><\/span><strong>Kapal\u0131\u00e7ar\u015f\u0131 ve Kazanc\u0131lar \u00c7ar\u015f\u0131s\u0131<\/strong><span class=\"ez-toc-section-end\"><\/span><\/h3>\n\n\n\n<figure class=\"wp-block-image size-large is-style-default\"><img width=\"800\" height=\"500\" data-public-id=\"Kazancilar-Carsisi\/Kazancilar-Carsisi.jpg\" decoding=\"async\" src=\"https:\/\/res.cloudinary.com\/turna\/images\/w_800,h_500,c_scale\/f_auto,q_auto:low\/v1624860907\/Kazancilar-Carsisi\/Kazancilar-Carsisi.jpg?_i=AA\" alt=\"Kazancilar Carsisi\" class=\"wp-post-19522 wp-image-19526\" data-format=\"jpg\" data-transformations=\"f_auto,q_auto:low\" data-version=\"1624860907\" data-seo=\"1\" srcset=\"https:\/\/res.cloudinary.com\/turna\/images\/f_auto,q_auto:low\/v1624860907\/Kazancilar-Carsisi\/Kazancilar-Carsisi.jpg?_i=AA 800w, https:\/\/res.cloudinary.com\/turna\/images\/w_300,h_188,c_scale\/f_auto,q_auto:low\/v1624860907\/Kazancilar-Carsisi\/Kazancilar-Carsisi.jpg?_i=AA 300w, https:\/\/res.cloudinary.com\/turna\/images\/w_672,h_420,c_scale\/f_auto,q_auto:low\/v1624860907\/Kazancilar-Carsisi\/Kazancilar-Carsisi.jpg?_i=AA 672w, https:\/\/res.cloudinary.com\/turna\/images\/w_640,h_400,c_scale\/f_auto,q_auto:low\/v1624860907\/Kazancilar-Carsisi\/Kazancilar-Carsisi.jpg?_i=AA 640w, https:\/\/res.cloudinary.com\/turna\/images\/w_681,h_426,c_scale\/f_auto,q_auto:low\/v1624860907\/Kazancilar-Carsisi\/Kazancilar-Carsisi.jpg?_i=AA 681w\" sizes=\"(max-width: 800px) 100vw, 800px\" \/><\/figure>\n\n\n\n<p>Eski Osmanl\u0131 mimarisi kullan\u0131larak in\u015fa edilen <strong><a href=\"https:\/\/maps.app.goo.gl\/tip3aPqoxgXdQoac9\" target=\"_blank\" rel=\"noreferrer noopener\">Kapal\u0131\u00e7ar\u015f\u0131<\/a><\/strong>, T\u00fcrkiye&#8217;nin en b\u00fcy\u00fck ikinci kapal\u0131 \u00e7ar\u015f\u0131s\u0131. Tarih boyunca pek \u00e7ok b\u00fcy\u00fck yang\u0131n atlatan \u00e7ar\u015f\u0131, her defas\u0131nda onar\u0131larak yeniden a\u00e7\u0131lm\u0131\u015f. K\u0131yafet, kuma\u015f, ayakkab\u0131, y\u00f6resel yiyecekler ve baharat gibi \u00e7ok \u00e7e\u015fitli \u00fcr\u00fcnlerin sat\u0131ld\u0131\u011f\u0131 bu tarihi \u00e7ar\u015f\u0131n\u0131n hemen yan\u0131nda da Past\u0131rmac\u0131lar \u00c7ar\u015f\u0131s\u0131 ve kuyumcular\u0131n mesken tuttu\u011fu Kazanc\u0131lar \u00c7ar\u015f\u0131s\u0131 yer al\u0131yor.<\/p>\n\n\n\n<h3 class=\"wp-block-heading has-text-align-center has-neeon-button-dark-gray-color has-text-color has-link-color wp-elements-4ee44e41bfeeccd0cddb97baca277519\"><span class=\"ez-toc-section\" id=\"tarihi_kayseri_mahallesi\"><\/span><strong>Tarihi Kayseri Mahallesi<\/strong><span class=\"ez-toc-section-end\"><\/span><\/h3>\n\n\n\n<figure class=\"wp-block-image size-large is-style-default\"><img width=\"800\" height=\"500\" loading=\"lazy\" decoding=\"async\" src=\"data:image\/svg+xml;base64,PHN2ZyB4bWxucz0iaHR0cDovL3d3dy53My5vcmcvMjAwMC9zdmciIHdpZHRoPSI4MDAiIGhlaWdodD0iNTAwIj48cmVjdCB3aWR0aD0iMTAwJSIgaGVpZ2h0PSIxMDAlIj48YW5pbWF0ZSBhdHRyaWJ1dGVOYW1lPSJmaWxsIiB2YWx1ZXM9InJnYmEoMTUzLDE1MywxNTMsMC41KTtyZ2JhKDE1MywxNTMsMTUzLDAuMSk7cmdiYSgxNTMsMTUzLDE1MywwLjUpIiBkdXI9IjJzIiByZXBlYXRDb3VudD0iaW5kZWZpbml0ZSIgLz48L3JlY3Q+PC9zdmc+\" alt=\"Tarihi-Kayseri-Mahallesi\" class=\"wp-post-19522 wp-image-19527\" data-public-id=\"Tarihi-Kayseri-Mahallesi\/Tarihi-Kayseri-Mahallesi.jpg\" data-format=\"jpg\" data-transformations=\"f_auto,q_auto:low\" data-version=\"1624860932\" data-seo=\"1\" data-size=\"800 500\" data-srcset=\"https:\/\/res.cloudinary.com\/turna\/images\/f_auto,q_auto:low\/v1624860932\/Tarihi-Kayseri-Mahallesi\/Tarihi-Kayseri-Mahallesi.jpg?_i=AA 800w, https:\/\/res.cloudinary.com\/turna\/images\/w_300,h_188,c_scale\/f_auto,q_auto:low\/v1624860932\/Tarihi-Kayseri-Mahallesi\/Tarihi-Kayseri-Mahallesi.jpg?_i=AA 300w, https:\/\/res.cloudinary.com\/turna\/images\/w_672,h_420,c_scale\/f_auto,q_auto:low\/v1624860932\/Tarihi-Kayseri-Mahallesi\/Tarihi-Kayseri-Mahallesi.jpg?_i=AA 672w, https:\/\/res.cloudinary.com\/turna\/images\/w_640,h_400,c_scale\/f_auto,q_auto:low\/v1624860932\/Tarihi-Kayseri-Mahallesi\/Tarihi-Kayseri-Mahallesi.jpg?_i=AA 640w, https:\/\/res.cloudinary.com\/turna\/images\/w_681,h_426,c_scale\/f_auto,q_auto:low\/v1624860932\/Tarihi-Kayseri-Mahallesi\/Tarihi-Kayseri-Mahallesi.jpg?_i=AA 681w\" data-sizes=\"(max-width: 800px) 100vw, 800px\" data-delivery=\"upload\" onload=\";window.CLDBind?CLDBind(this):null;\" data-cloudinary=\"lazy\" \/><\/figure>\n\n\n\n<p>Seten\u00f6n\u00fc&#8217;nde, Kayseri geleneklerinin ve eski ya\u015fam tarz\u0131n\u0131n yans\u0131t\u0131ld\u0131\u011f\u0131 cezbedici bir b\u00f6lge olan <a href=\"https:\/\/maps.app.goo.gl\/9t9tD79YoKbvmL9i9\" target=\"_blank\" rel=\"noreferrer noopener\"><strong>Tarihi<\/strong> <strong>Kayseri Mahallesi<\/strong><\/a>, restore edilerek turizme kazand\u0131r\u0131lan tarihi konaklar\u0131 ve yap\u0131lar\u0131yla \u00fcnl\u00fc. 88 d\u00f6n\u00fcm arazi \u00fczerine kurulan bu eski Ermeni mahallesi; bakkal, berber, f\u0131r\u0131n gibi k\u00fc\u00e7\u00fck esnaf\u0131n yeniden canland\u0131r\u0131lmaya \u00e7al\u0131\u015f\u0131ld\u0131\u011f\u0131, \u00f6zel bir turistik adres.<\/p>\n\n\n\n<h3 class=\"wp-block-heading has-text-align-center has-neeon-button-dark-gray-color has-text-color has-link-color wp-elements-31cee8d4151f8c3edaccefe1c90a2712\"><span class=\"ez-toc-section\" id=\"mimar_sinan_evi\"><\/span><strong>Mimar Sinan Evi<\/strong><span class=\"ez-toc-section-end\"><\/span><\/h3>\n\n\n\n<figure class=\"wp-block-image size-large is-style-default\"><img width=\"800\" height=\"500\" loading=\"lazy\" decoding=\"async\" src=\"data:image\/svg+xml;base64,PHN2ZyB4bWxucz0iaHR0cDovL3d3dy53My5vcmcvMjAwMC9zdmciIHdpZHRoPSI4MDAiIGhlaWdodD0iNTAwIj48cmVjdCB3aWR0aD0iMTAwJSIgaGVpZ2h0PSIxMDAlIj48YW5pbWF0ZSBhdHRyaWJ1dGVOYW1lPSJmaWxsIiB2YWx1ZXM9InJnYmEoMTUzLDE1MywxNTMsMC41KTtyZ2JhKDE1MywxNTMsMTUzLDAuMSk7cmdiYSgxNTMsMTUzLDE1MywwLjUpIiBkdXI9IjJzIiByZXBlYXRDb3VudD0iaW5kZWZpbml0ZSIgLz48L3JlY3Q+PC9zdmc+\" alt=\"Mimar-Sinan-Evi\" class=\"wp-post-19522 wp-image-19531\" data-public-id=\"Mimar-Sinan-Evi\/Mimar-Sinan-Evi.jpg\" data-format=\"jpg\" data-transformations=\"f_auto,q_auto:low\" data-version=\"1624861030\" data-seo=\"1\" data-size=\"800 500\" data-srcset=\"https:\/\/res.cloudinary.com\/turna\/images\/f_auto,q_auto:low\/v1624861030\/Mimar-Sinan-Evi\/Mimar-Sinan-Evi.jpg?_i=AA 800w, https:\/\/res.cloudinary.com\/turna\/images\/w_300,h_188,c_scale\/f_auto,q_auto:low\/v1624861030\/Mimar-Sinan-Evi\/Mimar-Sinan-Evi.jpg?_i=AA 300w, https:\/\/res.cloudinary.com\/turna\/images\/w_672,h_420,c_scale\/f_auto,q_auto:low\/v1624861030\/Mimar-Sinan-Evi\/Mimar-Sinan-Evi.jpg?_i=AA 672w, https:\/\/res.cloudinary.com\/turna\/images\/w_640,h_400,c_scale\/f_auto,q_auto:low\/v1624861030\/Mimar-Sinan-Evi\/Mimar-Sinan-Evi.jpg?_i=AA 640w, https:\/\/res.cloudinary.com\/turna\/images\/w_681,h_426,c_scale\/f_auto,q_auto:low\/v1624861030\/Mimar-Sinan-Evi\/Mimar-Sinan-Evi.jpg?_i=AA 681w\" data-sizes=\"(max-width: 800px) 100vw, 800px\" data-delivery=\"upload\" onload=\";window.CLDBind?CLDBind(this):null;\" data-cloudinary=\"lazy\" \/><\/figure>\n\n\n\n<p>Mimarideki e\u015fsiz yetene\u011fi \u00fclke s\u0131n\u0131rlar\u0131n\u0131 a\u015fan <strong>Mimar Sinan<\/strong>, kentin&nbsp;yeti\u015ftirdi\u011fi en \u00f6nemli isimlerden. Kayseri&#8217;nin <strong>A\u011f\u0131rnas <\/strong>kasabas\u0131nda&nbsp;do\u011fan ve 22 ya\u015f\u0131na kadar burada ya\u015fayan Mimar Sinan&#8217;\u0131n do\u011fup b\u00fcy\u00fcd\u00fc\u011f\u00fc ev, g\u00fcn\u00fcm\u00fczde m\u00fczeye d\u00f6n\u00fc\u015ft\u00fcr\u00fclerek ziyarete a\u00e7\u0131lm\u0131\u015f. Kesme ta\u015ftan yap\u0131lan <strong><a href=\"https:\/\/maps.app.goo.gl\/kHCdBbvHfnha5bE98\" target=\"_blank\" rel=\"noreferrer noopener\">Mimar Sinan Evi<\/a><\/strong>, i\u00e7erisindeki ta\u015f oymalar, kemerler ve ni\u015flerin yan\u0131 s\u0131ra t\u00fcf zeminin oyulmas\u0131 ile olu\u015fturulan alt b\u00f6l\u00fcm\u00fcyle de g\u00f6z al\u0131yor.<\/p>\n\n\n\n<h3 class=\"wp-block-heading has-text-align-center has-neeon-button-dark-gray-color has-text-color has-link-color wp-elements-e1d35c7de0fad4f6acf9b51ba83a2f43\"><span class=\"ez-toc-section\" id=\"erciyes_dagi\"><\/span><strong>Erciyes Da\u011f\u0131<\/strong><span class=\"ez-toc-section-end\"><\/span><\/h3>\n\n\n\n<figure class=\"wp-block-image size-large\"><img decoding=\"async\" src=\"https:\/\/res.cloudinary.com\/turna\/image\/upload\/v1725284157\/wordpress-contents\/erciyes_dagi.jpg\" alt=\"Kayseri Gezilecek Yerler Erciyes Da\u011f\u0131\"\/><\/figure>\n\n\n\n<p><strong>Kayseri&#8217;ye yak\u0131n gezilecek yerler <\/strong>aras\u0131nda ba\u015f\u0131 \u00e7eken bu muazzam zirve, hem k\u0131\u015f sporlar\u0131 merakl\u0131lar\u0131n\u0131n hem de do\u011fa severlerin g\u00f6zdesi. Erciyes\u2019in karl\u0131 zirveleri, \u00f6zellikle k\u0131\u015f aylar\u0131nda kayak ve da\u011fc\u0131l\u0131k i\u00e7in m\u00fckemmel bir alan sunuyor. Bahar ve yaz aylar\u0131nda ise da\u011f\u0131n etekleri yemye\u015fil bir tabloya d\u00f6n\u00fc\u015f\u00fcyor; trekking ve do\u011fa y\u00fcr\u00fcy\u00fc\u015fleri i\u00e7in e\u015fsiz bir rota sa\u011fl\u0131yor. Zirveye \u00e7\u0131kmak i\u00e7in kullan\u0131lan teleferikler, sizi bulutlar\u0131n \u00fcst\u00fcnde bir yolculu\u011fa \u00e7\u0131kar\u0131rken, panoramik manzaralar kar\u015f\u0131s\u0131nda nefesinizi kesecek. <strong><a href=\"https:\/\/maps.app.goo.gl\/vbJPDFn3Qs4LnGsi6\" target=\"_blank\" rel=\"noreferrer noopener\">Erciyes Da\u011f\u0131<\/a><\/strong>, Kayseri&#8217;nin \u00e7evresindeki do\u011fal g\u00fczelliklerin parlayan y\u0131ld\u0131z\u0131 olarak, her mevsim ke\u015ffetmeye de\u011fer bir destinasyon.<\/p>\n\n\n\n<h3 class=\"wp-block-heading has-text-align-center has-neeon-button-dark-gray-color has-text-color has-link-color wp-elements-657bb8dfe0c2838576bf2c510ec2bf2e\"><span class=\"ez-toc-section\" id=\"agirnas_yeralti_sehri\"><\/span><strong>A\u011f\u0131rnas Yeralt\u0131 \u015eehri<\/strong><span class=\"ez-toc-section-end\"><\/span><\/h3>\n\n\n\n<figure class=\"wp-block-image size-large is-style-default\"><img width=\"800\" height=\"500\" loading=\"lazy\" decoding=\"async\" src=\"data:image\/svg+xml;base64,PHN2ZyB4bWxucz0iaHR0cDovL3d3dy53My5vcmcvMjAwMC9zdmciIHdpZHRoPSI4MDAiIGhlaWdodD0iNTAwIj48cmVjdCB3aWR0aD0iMTAwJSIgaGVpZ2h0PSIxMDAlIj48YW5pbWF0ZSBhdHRyaWJ1dGVOYW1lPSJmaWxsIiB2YWx1ZXM9InJnYmEoMTUzLDE1MywxNTMsMC41KTtyZ2JhKDE1MywxNTMsMTUzLDAuMSk7cmdiYSgxNTMsMTUzLDE1MywwLjUpIiBkdXI9IjJzIiByZXBlYXRDb3VudD0iaW5kZWZpbml0ZSIgLz48L3JlY3Q+PC9zdmc+\" alt=\"Agirnas-Yeralti-Sehri\" class=\"wp-post-19522 wp-image-19529\" data-public-id=\"Agirnas-Yeralti-Sehri\/Agirnas-Yeralti-Sehri.jpg\" data-format=\"jpg\" data-transformations=\"f_auto,q_auto:low\" data-version=\"1624860981\" data-seo=\"1\" data-size=\"800 500\" data-srcset=\"https:\/\/res.cloudinary.com\/turna\/images\/f_auto,q_auto:low\/v1624860981\/Agirnas-Yeralti-Sehri\/Agirnas-Yeralti-Sehri.jpg?_i=AA 800w, https:\/\/res.cloudinary.com\/turna\/images\/w_300,h_188,c_scale\/f_auto,q_auto:low\/v1624860981\/Agirnas-Yeralti-Sehri\/Agirnas-Yeralti-Sehri.jpg?_i=AA 300w, https:\/\/res.cloudinary.com\/turna\/images\/w_672,h_420,c_scale\/f_auto,q_auto:low\/v1624860981\/Agirnas-Yeralti-Sehri\/Agirnas-Yeralti-Sehri.jpg?_i=AA 672w, https:\/\/res.cloudinary.com\/turna\/images\/w_640,h_400,c_scale\/f_auto,q_auto:low\/v1624860981\/Agirnas-Yeralti-Sehri\/Agirnas-Yeralti-Sehri.jpg?_i=AA 640w, https:\/\/res.cloudinary.com\/turna\/images\/w_681,h_426,c_scale\/f_auto,q_auto:low\/v1624860981\/Agirnas-Yeralti-Sehri\/Agirnas-Yeralti-Sehri.jpg?_i=AA 681w\" data-sizes=\"(max-width: 800px) 100vw, 800px\" data-delivery=\"upload\" onload=\";window.CLDBind?CLDBind(this):null;\" data-cloudinary=\"lazy\" \/><figcaption class=\"wp-element-caption\">Kayseri Gezilecek Yerler<\/figcaption><\/figure>\n\n\n\n<p>\u015eehir merkezine yakla\u015f\u0131k 45 dakika uzakl\u0131ktaki A\u011f\u0131rnas kasabas\u0131nda bulunan <strong><a href=\"https:\/\/maps.app.goo.gl\/LPNGuboniPjxv73a7\" target=\"_blank\" rel=\"noreferrer noopener\">A\u011f\u0131rnas Yeralt\u0131 \u015eehri<\/a><\/strong>, tarihi Milattan \u00d6ncesine dek uzanan olduk\u00e7a eski bir yerle\u015fim yeri. Yak\u0131n tarihte ke\u015ffedilen ve ziyarete a\u00e7\u0131lan bu \u015fehrin rehberli turlar e\u015fli\u011finde gezilmesi \u00f6neriliyor. Hen\u00fcz \u00fc\u00e7 tanesine ula\u015f\u0131lmas\u0131na ra\u011fmen b\u00f6lgede \u00e7ok daha fazla yer alt\u0131 \u015fehri oldu\u011fu ve hepsinin de birbiriyle ba\u011flant\u0131l\u0131 oldu\u011fu d\u00fc\u015f\u00fcn\u00fcl\u00fcyor.<\/p>\n\n\n\n<h3 class=\"wp-block-heading has-text-align-center has-neeon-button-dark-gray-color has-text-color has-link-color wp-elements-0bab6047024cc2b900572b4463867e23\"><span class=\"ez-toc-section\" id=\"soganli_vadisi\"><\/span><strong>So\u011fanl\u0131 Vadisi<\/strong><span class=\"ez-toc-section-end\"><\/span><\/h3>\n\n\n\n<figure class=\"wp-block-image size-large\"><img decoding=\"async\" src=\"https:\/\/res.cloudinary.com\/turna\/image\/upload\/v1725284159\/wordpress-contents\/soganli_vadisi.jpg\" alt=\"So\u011fanl\u0131 Vadisi\"\/><\/figure>\n\n\n\n<p><strong>Kayseri \u00e7evresinde gezilecek yerler<\/strong> aras\u0131nda bir do\u011fa harikas\u0131 olarak \u00f6ne \u00e7\u0131kan <strong><a href=\"https:\/\/maps.app.goo.gl\/YePWQphNAntanchC8\" target=\"_blank\" rel=\"noreferrer noopener\">So\u011fanl\u0131 Vadisi<\/a><\/strong>, adeta bir a\u00e7\u0131k hava m\u00fczesi! Bu e\u015fsiz vadi, Kayseri \u015fehir merkezine yakla\u015f\u0131k 80 kilometre uzakl\u0131kta, b\u00fcy\u00fcleyici bir g\u00fczellik. Vadinin en etkileyici \u00f6zelliklerinden biri, kayalara oyulmu\u015f eski kiliseler ve manast\u0131rlar. Bunlar, b\u00f6lgenin tarihini ve k\u00fclt\u00fcrel miras\u0131n\u0131 g\u00f6zler \u00f6n\u00fcne seriyor. Kayseri&#8217;de geni\u015f vaktiniz varsa buray\u0131 rotan\u0131za dahil edin, do\u011fan\u0131n ve tarihin i\u00e7 i\u00e7e ge\u00e7ti\u011fi bu g\u00fczelli\u011fi ke\u015ffedin.<\/p>\n\n\n\n<h3 class=\"wp-block-heading has-text-align-center has-neeon-button-dark-gray-color has-text-color has-link-color wp-elements-9ffe24901b4086db02b43127fc574775\"><span class=\"ez-toc-section\" id=\"kapuzbasi_selaleleri\"><\/span><strong>Kapuzba\u015f\u0131 \u015eelaleleri<\/strong><span class=\"ez-toc-section-end\"><\/span><\/h3>\n\n\n\n<figure class=\"wp-block-image size-large\"><img decoding=\"async\" src=\"https:\/\/res.cloudinary.com\/turna\/image\/upload\/v1725284158\/wordpress-contents\/kapuzbasi.jpg\" alt=\"Kapuzba\u015f\u0131 \u015eelaleleri\"\/><\/figure>\n\n\n\n<p><strong>Kayseri&#8217;de gezilecek do\u011fal yerler<\/strong> aras\u0131nda adeta bir do\u011fa harikas\u0131 olan <strong><a href=\"https:\/\/maps.app.goo.gl\/E1xy42MDu5Eyn899A\" target=\"_blank\" rel=\"noreferrer noopener\">Kapuzba\u015f\u0131 \u015eelaleleri<\/a><\/strong>, b\u00fcy\u00fcleyici bir serinlikte g\u00f6rsel \u015f\u00f6len sunuyor! Kayseri \u015fehir merkezine yakla\u015f\u0131k 120 kilometre uzakl\u0131kta, Alada\u011flar Milli Park\u0131 i\u00e7inde yer alan bu \u015felaleler, do\u011fal g\u00fczelliklerin zirveye ula\u015ft\u0131\u011f\u0131 bir mekan. Kapuzba\u015f\u0131 \u015eelaleleri, T\u00fcrkiye&#8217;nin en y\u00fcksek debili \u015felalelerinden biri olarak, kayalar\u0131n \u00fczerinden co\u015fkun bir \u015fekilde d\u00f6k\u00fclen suyun olu\u015fturdu\u011fu etkileyici manzaras\u0131yla g\u00f6z kama\u015ft\u0131r\u0131yor.<\/p>\n\n\n\n<p>D\u00f6rt farkl\u0131 koldan d\u00fc\u015fen sular, \u00e7evresindeki yemye\u015fil ormanl\u0131k alanla birle\u015ferek adeta bir cenneti and\u0131r\u0131yor. \u015eelalelerin etraf\u0131nda y\u00fcr\u00fcy\u00fc\u015f yaparken, serin suyun buhar\u0131 ve do\u011fan\u0131n huzur verici sesleri sizi rahatlatacak. Piknik alanlar\u0131 ve g\u00f6letler, burada ge\u00e7irdi\u011finiz zaman\u0131 daha da keyifli hale getirecek. \u015eehrin cennet k\u00f6\u015felerinden biri olan bu \u015felalelere arabayla iki bu\u00e7uk saatte gidebilirsiniz.<\/p>\n\n\n\n<h3 class=\"wp-block-heading has-text-align-center has-neeon-button-dark-gray-color has-text-color has-link-color wp-elements-1eee7246b1b697bd082788a543374792\"><span class=\"ez-toc-section\" id=\"sultan_sazligi_milli_parki\"><\/span><strong>Sultan Sazl\u0131\u011f\u0131 Milli Park\u0131<\/strong><span class=\"ez-toc-section-end\"><\/span><\/h3>\n\n\n\n<figure class=\"wp-block-image size-large\"><img decoding=\"async\" src=\"https:\/\/res.cloudinary.com\/turna\/image\/upload\/v1725284159\/wordpress-contents\/sultan_sazligi.jpg\" alt=\"Sultan Sazl\u0131\u011f\u0131 Milli Park\u0131\"\/><figcaption class=\"wp-element-caption\">Kayseri Gezilecek Yerler<\/figcaption><\/figure>\n\n\n\n<p class=\"has-text-align-left\"><strong><a href=\"https:\/\/maps.app.goo.gl\/ckBuZKEjeWa9NXe99\" target=\"_blank\" rel=\"noreferrer noopener\">Sultan Sazl\u0131\u011f\u0131 Milli Park\u0131<\/a><\/strong>, do\u011fa severlerin ve ku\u015f g\u00f6zlemcilerinin vazge\u00e7ilmez adresi! Kayseri \u015fehir merkezinin yakla\u015f\u0131k 50 kilometre do\u011fusunda yer alan bu e\u015fsiz milli park, 24.000 hektarl\u0131k geni\u015f bir alana yay\u0131l\u0131yor ve zengin biyo\u00e7e\u015fitlili\u011fiyle dikkat \u00e7ekiyor. Sultan Sazl\u0131\u011f\u0131, \u00f6zellikle ku\u015f g\u00f6zlemcileri i\u00e7in bir cennet; \u00e7\u00fcnk\u00fc buras\u0131 y\u0131l boyunca farkl\u0131 ku\u015f t\u00fcrlerinin g\u00f6\u00e7 yollar\u0131 \u00fczerinde bulunuyor.<\/p>\n\n\n\n<p class=\"has-text-align-left\">Flamingolar\u0131n ve pelikanlar\u0131n dans\u0131n\u0131 izlerken, g\u00f6zlerinizi bu muazzam do\u011fa manzaras\u0131ndan alamayacaks\u0131n\u0131z. Ayr\u0131ca, park\u0131n i\u00e7indeki g\u00f6letler ve sulak alanlar, hem do\u011fa y\u00fcr\u00fcy\u00fc\u015f\u00fc hem de piknik i\u00e7in m\u00fckemmel mekanlar sunuyor. Park\u0131n etraf\u0131ndaki y\u00fcr\u00fcy\u00fc\u015f parkurlar\u0131 ve g\u00f6zlem kuleleri, do\u011fan\u0131n her an\u0131n\u0131 en iyi \u015fekilde deneyimlemenizi sa\u011fl\u0131yor. Sultan Sazl\u0131\u011f\u0131 Milli Park\u0131, Kayseri\u2019nin do\u011fal g\u00fczelliklerini ke\u015ffetmek isteyenler i\u00e7in tam anlam\u0131yla bir do\u011fa harikas\u0131; huzuru ve do\u011fa ile i\u00e7 i\u00e7e olman\u0131n keyfini burada ya\u015fayacaks\u0131n\u0131z!<\/p>\n\n\n\n<p class=\"has-text-align-center\"><strong><span class=\"ez-toc-section-end\" style=\"box-sizing: border-box;\"><\/span><\/strong><div><strong style=\"box-sizing: border-box;\"><\/strong><\/div><\/p>\n\n\n\n<h3 class=\"wp-block-heading has-text-align-center has-neeon-button-dark-gray-color has-text-color has-link-color wp-elements-bd2c7b95c2f09125d1c556331d7a0980\"><span class=\"ez-toc-section\" id=\"tekir_yaylasi\"><\/span><strong>Tekir Yaylas\u0131<\/strong><span class=\"ez-toc-section-end\"><\/span><\/h3>\n\n\n\n<p><strong><a href=\"https:\/\/maps.app.goo.gl\/QKGmJrSZjn9yzEik8\" target=\"_blank\" rel=\"noreferrer noopener\">Tekir Yaylas\u0131<\/a><\/strong>, Kayseri\u2019nin en \u00f6nemli do\u011fa merkezlerinden biri. Deniz seviyesinden 2 bin 215 metre y\u00fckseklikte yer alan yayla, Kayseri\u2019den ise bin 200 metre y\u00fckseklikte. Erciyes Da\u011f\u0131\u2019n\u0131n kuzeyinde 700 metre uzunlu\u011fundaki da\u011f buzuluna da ev sahipli\u011fi yapan yaylada k\u0131\u015f sporlar\u0131 merkezi de var.<\/p>\n\n\n\n<h3 class=\"wp-block-heading has-text-align-center has-neeon-button-dark-gray-color has-text-color has-link-color wp-elements-cf96056f52e6885245e734e468e5cc53\"><span class=\"ez-toc-section\" id=\"gesi_baglari\"><\/span><strong>Gesi Ba\u011flar\u0131<\/strong><span class=\"ez-toc-section-end\"><\/span><\/h3>\n\n\n\n<p>Kayseri&#8217;nin en keyifli ka\u00e7\u0131\u015f noktalar\u0131ndan biri olan <strong><a href=\"https:\/\/maps.app.goo.gl\/NZFVYmyt6MRiv4Df9\" target=\"_blank\" rel=\"noreferrer noopener\">Gesi Ba\u011flar\u0131<\/a><\/strong>, sizi adeta bir \u015farap ve do\u011fa \u015f\u00f6lenine davet ediyor! \u015eehir merkezinin sadece 10 kilometre uza\u011f\u0131nda bulunan bu tarihi ba\u011flar, \u00fcz\u00fcmlerle dolu bah\u00e7eleri ve muazzam manzaralar\u0131yla tam anlam\u0131yla bir do\u011fal huzur noktas\u0131.<\/p>\n\n\n\n<p>Gesi Ba\u011flar\u0131, \u00fcnl\u00fc Kayseri \u00fcz\u00fcmlerinin yeti\u015fti\u011fi yer olarak, hem \u015farap severler hem de do\u011fa tutkunlar\u0131 i\u00e7in m\u00fckemmel bir durak. \u015earap tad\u0131mlar\u0131nda bir yudum al\u0131nca \u015farap \u00fcreticilerinin \u201cbir yudum mutluluk\u201d derken neyi kastetti\u011fini anlayacaks\u0131n\u0131z! Ayr\u0131ca, ba\u011flar aras\u0131nda y\u00fcr\u00fcy\u00fc\u015f yaparken, bah\u00e7elerin renkli ve canl\u0131 atmosferi sizi b\u00fcy\u00fcleyecek. Gesi Ba\u011flar\u0131\u2019nda bir g\u00fcn ge\u00e7irmek, Kayseri\u2019nin do\u011fal g\u00fczelliklerinin tad\u0131n\u0131 \u00e7\u0131kar\u0131rken, hafif bir tarih ve k\u00fclt\u00fcr dokunu\u015fu da alman\u0131z\u0131 sa\u011flayacak.<\/p>\n\n\n\n<h3 class=\"wp-block-heading has-text-align-center has-neeon-button-dark-gray-color has-text-color has-link-color wp-elements-d2d5eb212086d1ecc09dee9a1e6f3496\"><span class=\"ez-toc-section\" id=\"aladaglar_milli_parki\"><\/span><strong>Alada\u011flar Milli Park\u0131<\/strong><span class=\"ez-toc-section-end\"><\/span><\/h3>\n\n\n\n<figure class=\"wp-block-image size-large\"><img decoding=\"async\" src=\"https:\/\/res.cloudinary.com\/turna\/image\/upload\/v1725284157\/wordpress-contents\/aladaglar_milli_parki.jpg\" alt=\"Alada\u011flar Milli Park\u0131\"\/><\/figure>\n\n\n\n<p>\u015eehir merkezinden yakla\u015f\u0131k 100 kilometre uzakl\u0131kta bulunan <strong><a href=\"https:\/\/maps.app.goo.gl\/pZoriee1vMDET4Yx5\" target=\"_blank\" rel=\"noreferrer noopener\">Alada\u011flar Milli Park\u0131<\/a><\/strong>, do\u011fa severler i\u00e7in ger\u00e7ek bir cennet. Alada\u011flar\u2019\u0131n doruklar\u0131na t\u0131rman\u0131rken, sizi kar\u015f\u0131layan g\u00f6rkemli da\u011f manzaralar\u0131 ve yemye\u015fil vadiler, adeta nefesinizi kesecek. Kamp yapmay\u0131 sevenler i\u00e7in ise park, bir kamp alan\u0131 kadar rahat ve y\u0131ld\u0131zlar\u0131 izlemek i\u00e7in m\u00fckemmel bir yer. Da\u011fc\u0131l\u0131k yaparken ya da sadece do\u011fan\u0131n tad\u0131n\u0131 \u00e7\u0131kar\u0131rken, Alada\u011flar\u2019\u0131n so\u011fuk, taze havas\u0131 ve serin sular\u0131yla ferahlayabilirsiniz.<\/p>\n\n\n\n<h3 class=\"wp-block-heading has-text-align-center has-neeon-button-dark-gray-color has-text-color has-link-color wp-elements-06b11f09d5e20b1641dc2d618b58f319\"><span class=\"ez-toc-section\" id=\"yesilkoy_selalesi\"><\/span><strong>Ye\u015filk\u00f6y \u015eelalesi<\/strong><span class=\"ez-toc-section-end\"><\/span><\/h3>\n\n\n\n<p><strong>Kayseri\u2019de gezilecek sulu yerler<\/strong> aras\u0131nda, <strong><a href=\"https:\/\/maps.app.goo.gl\/DvLF8PLGpFhMCqHE9\" target=\"_blank\" rel=\"noreferrer noopener\">Ye\u015filk\u00f6y \u015eelalesi<\/a><\/strong>, tam anlam\u0131yla bir su c\u00fcmb\u00fc\u015f\u00fc sunuyor! Kayseri \u015fehir merkezinden yakla\u015f\u0131k 90 kilometre uzakl\u0131kta bulunan bu do\u011fal harika, ye\u015fil vadiler aras\u0131nda adeta gizlenmi\u015f bir m\u00fccevher. \u015eelaleler, y\u00fckseklerden co\u015farak d\u00fc\u015fen sular\u0131yla, do\u011fan\u0131n g\u00fcc\u00fcn\u00fc ve zarafetini g\u00f6zler \u00f6n\u00fcne seriyor. \u00d6zellikle yaz s\u0131caklar\u0131nda, bu serin sularda ayaklar\u0131n\u0131z\u0131 serinletmek, tam bir ferahlama molas\u0131! Piknik alanlar\u0131nda sevdiklerinizle keyif yaparken, etraf\u0131n\u0131zdaki yemye\u015fil do\u011fa ve \u015felalenin huzur veren sesi, g\u00fcn\u00fcn\u00fcz\u00fc m\u00fckemmel bir \u015fekilde tamamlayacak.<\/p>\n\n\n\n<h3 class=\"wp-block-heading has-text-align-center has-neeon-button-dark-gray-color has-text-color has-link-color wp-elements-28dbe23d06881cf3e2f4f2b20a09308e\"><span class=\"ez-toc-section\" id=\"kultepe_kanis-karum_oren_yeri\"><\/span><strong>K\u00fcltepe (Kani\u015f-Karum) \u00d6ren Yeri<\/strong><span class=\"ez-toc-section-end\"><\/span><\/h3>\n\n\n\n<figure class=\"wp-block-image size-large\"><img decoding=\"async\" src=\"https:\/\/res.cloudinary.com\/turna\/image\/upload\/v1725284157\/wordpress-contents\/kultepe.jpg\" alt=\"K\u00fcltepe (Kani\u015f-Karum) \u00d6ren Yeri\"\/><\/figure>\n\n\n\n<p>Kayseri\u2019nin tarih dolu kalbinde yer alan <strong><a href=\"https:\/\/maps.app.goo.gl\/FUxHNSF6EwKupgLFA\" target=\"_blank\" rel=\"noreferrer noopener\">K\u00fcltepe<\/a><\/strong> (Kani\u015f-Karum) \u00d6ren Yeri, binlerce y\u0131l \u00f6ncesine uzanan bir zaman yolculu\u011funa davet ediyor! \u015eehir merkezinden yakla\u015f\u0131k 20 kilometre uzakl\u0131kta, bu antik kent, Hitit ve Asur d\u00f6nemlerine ait b\u00fcy\u00fcleyici kal\u0131nt\u0131lara sahip. K\u00fcltepe, sadece ta\u015flar aras\u0131nda de\u011fil, ayn\u0131 zamanda tarihin derinliklerinde bir ke\u015fif yapma f\u0131rsat\u0131 sunuyor. Burada gezinti yaparken, eski ticaret yollar\u0131 ve antik pazarlar\u0131n izlerini g\u00f6rebilirsiniz. K\u00fcltepe (Kani\u015f-Karum) \u00d6ren Yeri, Kayseri\u2019de tarih ve k\u00fclt\u00fcrle i\u00e7 i\u00e7e bir macera ya\u015famak isteyenler i\u00e7in m\u00fckemmel bir durak; \u00e7\u00fcnk\u00fc burada her k\u00f6\u015fe, ge\u00e7mi\u015fin bir par\u00e7as\u0131n\u0131 ke\u015ffetmeniz i\u00e7in sizi bekliyor!<\/p>\n\n\n\n<h3 class=\"wp-block-heading has-text-align-center has-neeon-button-dark-gray-color has-text-color has-link-color wp-elements-9e87a048ed142f6677645e201aaf6a53\"><span class=\"ez-toc-section\" id=\"talas\"><\/span><strong>Talas<\/strong><span class=\"ez-toc-section-end\"><\/span><\/h3>\n\n\n\n<figure class=\"wp-block-image size-large\"><img decoding=\"async\" src=\"https:\/\/res.cloudinary.com\/turna\/image\/upload\/v1725284157\/wordpress-contents\/talas_kayseri.jpg\" alt=\"Talas\"\/><figcaption class=\"wp-element-caption\">Kayseri Gezilecek Yerler &#8211; Talas<\/figcaption><\/figure>\n\n\n\n<p><strong><a href=\"https:\/\/maps.app.goo.gl\/7ZnAHMcAKiMULDHe8\" target=\"_blank\" rel=\"noreferrer noopener\">Talas<\/a><\/strong>, Tarih kokan sokaklar\u0131, ta\u015f binalar\u0131, eski evleri, cami ve kilisesiyle Kayseri\u2019nin en g\u00fczel yeri. Gayrim\u00fcslimlerin ya\u015fad\u0131\u00ad\u011f\u0131 d\u00f6nemde Kayseri\u2019nin ticaret merkezi olan Talas, hem doku ve hem de atmosferiyle eski k\u00fclt\u00fcrel dokusunu misafirlerine hissettirebilen bir yerle\u015fim yeri.<\/p>\n\n\n\n<p>Ba\u011flar, bah\u00e7eler, meyvelikler aras\u0131na g\u00f6m\u00fcl\u00fc; A\u015fa\u011f\u0131 Talas ve Yukar\u0131 Talas olarak iki ayr\u0131 b\u00f6l\u00fcmden olu\u015fan mahallede, Yukar\u0131 Talas\u2019ta a\u011f\u0131rl\u0131kl\u0131 olarak Ermeniler ve Rumlar, A\u015fa\u011f\u0131 Talas\u2019ta ise M\u00fcsl\u00fcmanlar ya\u015fam\u0131\u015f. Harman Camii, Ali Saip Pa\u015fa Camii, Yukar\u0131 Talas\u2019ta yer alan Amerikan Koleji g\u00f6r\u00fclmesi gereken yerlerden. Eski Talas binalar\u0131n\u0131 kent ya\u015fam\u0131na d\u00e2hil etmeye y\u00f6nelik \u00e7al\u0131\u015fmalar s\u00fcr\u00fcyordu<\/p>\n\n\n\n<h3 class=\"wp-block-heading has-text-align-center has-neeon-button-dark-gray-color has-text-color has-link-color wp-elements-d34d87742da6da1a1af27b30874c5891\"><span class=\"ez-toc-section\" id=\"kapadokya\"><\/span><strong>Kapadokya<\/strong><span class=\"ez-toc-section-end\"><\/span><\/h3>\n\n\n\n<figure class=\"wp-block-image size-large\"><img decoding=\"async\" src=\"https:\/\/res.cloudinary.com\/turna\/image\/upload\/v1720446069\/wordpress-contents\/kapadokya_y%C3%BCr%C3%BCy%C3%BC%C5%9F_parkurlar%C4%B1.jpg\" alt=\"Kapadokya\"\/><\/figure>\n\n\n\n<p>Kayseri gezilecek yerler listemizin bonus maddesi: <strong><a href=\"https:\/\/maps.app.goo.gl\/HhLcR35bQuJxCPSj7\" target=\"_blank\" rel=\"noreferrer noopener\">Kapadokya<\/a><\/strong>! Teknik olarak Kayseri\u2019ye ba\u011fl\u0131 de\u011fil ama o kadar yak\u0131n ki, seyahatinize kesinlikle dahil edilmeyi hak ediyor. Kayseri\u2019nin yakla\u015f\u0131k 80 kilometre g\u00fcneydo\u011fusunda yer alan Kapadokya, s\u0131ra d\u0131\u015f\u0131 peri bacalar\u0131, b\u00fcy\u00fcleyici vadiler ve tarihi ma\u011fara yerle\u015fimleriyle adeta bir do\u011fa harikas\u0131.<\/p>\n\n\n\n<p>Burada, s\u0131cak hava balonlar\u0131yla g\u00f6ky\u00fcz\u00fcnde s\u00fcz\u00fcl\u00fcrken, \u201cd\u00fcnyan\u0131n en renkli tablosunda u\u00e7uyorum\u201d hissini ya\u015fayacaks\u0131n\u0131z. Kapadokya&#8217;n\u0131n vadilerinde yap\u0131lacak y\u00fcr\u00fcy\u00fc\u015fler, sizi eski zamanlar\u0131n gizemli havas\u0131yla tan\u0131\u015ft\u0131racak. Ayr\u0131ca, yer alt\u0131 \u015fehirlerinde kaybolmak, bir zamanlar buralarda ya\u015fam\u0131\u015f uygarl\u0131klar\u0131n maceralar\u0131n\u0131 adeta ya\u015fayarak ke\u015ffetmenizi sa\u011flayacak. Kapadokya, seyahatinize unutulmaz bir renk katacak ve foto\u011fraf alb\u00fcm\u00fcn\u00fcz\u00fc muhte\u015fem an\u0131larla dolduracak!<br><\/p>\n\n    <div class=\"xs_social_share_widget xs_share_url after_content \t\tmain_content  wslu-style-1 wslu-share-box-shaped wslu-fill-colored wslu-none wslu-share-horizontal wslu-theme-font-no wslu-main_content\">\n\n\t\t\n        <ul>\n\t\t\t        <\/ul>\n    <\/div> \n","protected":false},"excerpt":{"rendered":"<p>Anadolu&#8217;nun kalbinde, tarih ve do\u011fan\u0131n kucakla\u015ft\u0131\u011f\u0131 bir \u015fehir var: Kayseri! &#8216;Kayseri Gezilecek Yerler&#8217; denilince akl\u0131n\u0131za gelen ilk \u015fey ne olursa olsun, bu kadim \u015fehir sizi her k\u00f6\u015fesinde \u015fa\u015f\u0131rtmaya haz\u0131r. Erciyes Da\u011f\u0131&#8217;n\u0131n ihti\u015fam\u0131yla selam duran Kayseri, binlerce y\u0131ll\u0131k tarihi miras\u0131, nefes kesen do\u011fal g\u00fczellikleri ve kendine has k\u00fclt\u00fcrel zenginlikleriyle ke\u015ffedilmeyi bekliyor. Bir yandan Osmanl\u0131&#8217;dan Sel\u00e7uklu&#8217;ya, hatta daha da eskilere uzanan tarih kokulu sokaklarda dola\u015facak, di\u011fer yandan do\u011fan\u0131n c\u00f6mertli\u011fini sergiledi\u011fi e\u015fsiz manzaralarla ruhunuzu tazeleyeceksiniz. Haz\u0131rsan\u0131z, Kayseri&#8217;nin birbirinden b\u00fcy\u00fcleyici gezilecek yerlerini ke\u015ffetmek i\u00e7in yola \u00e7\u0131kma zaman\u0131!<\/p>\n","protected":false},"author":34,"featured_media":22931,"comment_status":"open","ping_status":"open","sticky":false,"template":"","format":"standard","meta":{"rop_custom_images_group":[],"rop_custom_messages_group":[],"rop_publish_now":"initial","rop_publish_now_accounts":[],"rop_publish_now_history":[],"rop_publish_now_status":"pending","_cloudinary_featured_overwrite":false,"footnotes":""},"categories":[1842],"tags":[344],"class_list":["post-19522","post","type-post","status-publish","format-standard","has-post-thumbnail","hentry","category-kayseri","tag-kayseri"],"_links":{"self":[{"href":"https:\/\/www.turna.com\/blog\/wp-json\/wp\/v2\/posts\/19522","targetHints":{"allow":["GET"]}}],"collection":[{"href":"https:\/\/www.turna.com\/blog\/wp-json\/wp\/v2\/posts"}],"about":[{"href":"https:\/\/www.turna.com\/blog\/wp-json\/wp\/v2\/types\/post"}],"author":[{"embeddable":true,"href":"https:\/\/www.turna.com\/blog\/wp-json\/wp\/v2\/users\/34"}],"replies":[{"embeddable":true,"href":"https:\/\/www.turna.com\/blog\/wp-json\/wp\/v2\/comments?post=19522"}],"version-history":[{"count":0,"href":"https:\/\/www.turna.com\/blog\/wp-json\/wp\/v2\/posts\/19522\/revisions"}],"wp:featuredmedia":[{"embeddable":true,"href":"https:\/\/www.turna.com\/blog\/wp-json\/wp\/v2\/media\/22931"}],"wp:attachment":[{"href":"https:\/\/www.turna.com\/blog\/wp-json\/wp\/v2\/media?parent=19522"}],"wp:term":[{"taxonomy":"category","embeddable":true,"href":"https:\/\/www.turna.com\/blog\/wp-json\/wp\/v2\/categories?post=19522"},{"taxonomy":"post_tag","embeddable":true,"href":"https:\/\/www.turna.com\/blog\/wp-json\/wp\/v2\/tags?post=19522"}],"curies":[{"name":"wp","href":"https:\/\/api.w.org\/{rel}","templated":true}]}}