{"id":19436,"date":"2021-07-29T08:04:00","date_gmt":"2021-07-29T05:04:00","guid":{"rendered":"https:\/\/www.turna.com\/blog\/?p=19436"},"modified":"2024-01-10T14:20:41","modified_gmt":"2024-01-10T11:20:41","slug":"cernivtsi-nerede-cernivtsi-nasil-gidilir","status":"publish","type":"post","link":"https:\/\/www.turna.com\/blog\/cernivtsi-nerede-cernivtsi-nasil-gidilir","title":{"rendered":"\u00c7ernivtsi Nerede \u2013 \u00c7ernivtsi Nas\u0131l Gidilir"},"content":{"rendered":"\n<p>Ukrayna&#8217;n\u0131n bat\u0131s\u0131nda, Karpat Da\u011flar\u0131&#8217;n\u0131n ete\u011finde, Prut Nehri&#8217;nin k\u0131y\u0131s\u0131nda kurulu olan <strong>\u00c7ernivtsi<\/strong>, Bat\u0131 Ukrayna&#8217;da Lviv ile birlikte en \u00f6nemli iki \u015fehirden biri. \u00c7ok zengin bir tarihi ge\u00e7mi\u015fe sahip olan \u015fehir, 12. y\u00fczy\u0131lda Galicia-Volhynia\u2019n\u0131n bir par\u00e7as\u0131yd\u0131.<\/p>\n\n\n\n<p>Moldova taraf\u0131ndan i\u015fgal edildikten sonra s\u0131ras\u0131yla Polonya-Litvanya Toplulu\u011fu ve Osmanl\u0131 \u0130mparatorlu\u011funun y\u00f6netti\u011fi \u00c7ernivtsi, 300 y\u0131l boyunca Avrupa&#8217;da yoksul ve ilgi \u00e7ekmeyen bir b\u00f6lge olarak kald\u0131.<\/p>\n\n\n\n<figure class=\"wp-block-image size-large is-style-default\"><img width=\"800\" height=\"500\" data-public-id=\"Chernivtsi-nerede\/Chernivtsi-nerede.jpg\" fetchpriority=\"high\" decoding=\"async\" src=\"https:\/\/res.cloudinary.com\/turna\/images\/w_800,h_500,c_scale\/f_auto,q_auto:low\/v1624605002\/Chernivtsi-nerede\/Chernivtsi-nerede.jpg?_i=AA\" alt=\"Chernivtsi nerede\" class=\"wp-post-19436 wp-image-19440\" data-format=\"jpg\" data-transformations=\"f_auto,q_auto:low\" data-version=\"1624605002\" data-seo=\"1\" srcset=\"https:\/\/res.cloudinary.com\/turna\/images\/f_auto,q_auto:low\/v1624605002\/Chernivtsi-nerede\/Chernivtsi-nerede.jpg?_i=AA 800w, https:\/\/res.cloudinary.com\/turna\/images\/w_300,h_188,c_scale\/f_auto,q_auto:low\/v1624605002\/Chernivtsi-nerede\/Chernivtsi-nerede.jpg?_i=AA 300w, https:\/\/res.cloudinary.com\/turna\/images\/w_672,h_420,c_scale\/f_auto,q_auto:low\/v1624605002\/Chernivtsi-nerede\/Chernivtsi-nerede.jpg?_i=AA 672w, https:\/\/res.cloudinary.com\/turna\/images\/w_640,h_400,c_scale\/f_auto,q_auto:low\/v1624605002\/Chernivtsi-nerede\/Chernivtsi-nerede.jpg?_i=AA 640w, https:\/\/res.cloudinary.com\/turna\/images\/w_681,h_426,c_scale\/f_auto,q_auto:low\/v1624605002\/Chernivtsi-nerede\/Chernivtsi-nerede.jpg?_i=AA 681w\" sizes=\"(max-width: 800px) 100vw, 800px\" \/><\/figure>\n\n\n\n<p>\u00c7ernivtsi&#8217;nin \u015fans\u0131, \u015fehrin Bukovina b\u00f6lgesinin Avusturya-Macaristan \u0130mparatorlu\u011fu taraf\u0131ndan ilhak edildi\u011fi 18. y\u00fczy\u0131l\u0131n sonlar\u0131nda de\u011fi\u015fmi\u015f. Avrupa&#8217;n\u0131n en zengin ve en g\u00fczel \u015fehirlerinden biri haline gelen \u00c7ernivtsi&#8217;nin eski \u015fehir b\u00f6lgesinin e\u015fsiz mimari dokusu, Avusturya d\u00f6neminde yarat\u0131lm\u0131\u015f.<\/p>\n\n\n\n<p>Mucizevi bir \u015fekilde, iki D\u00fcnya Sava\u015f\u0131&#8217;n\u0131 da atlatan kent, yetenekli Viyanal\u0131 mimarlar taraf\u0131ndan tasarlanan muhte\u015fem yap\u0131lar\u0131yla g\u00f6z dolduruyor. Avusturya&#8217;n\u0131n ba\u015fkenti Viyana ile ayn\u0131 zamanda in\u015fa edilen \u00c7ernivtsi, benzer mimari yap\u0131lar\u0131 nedeniyle \u2018K\u00fc\u00e7\u00fck Viyana\u2019 olarak an\u0131l\u0131yor.<\/p>\n\n\n\n<p>Tarihi Katolik kiliseleri, zarif klasik evler, Ermeni kilisesine kom\u015fu s\u00fcsl\u00fc Barok tiyatrolar, sinagoglarla birle\u015fik tarihi Ortodoks katedrali ve pek \u00e7ok tarihi yap\u0131 \u00c7ernivtsi mimarisini olu\u015fturuyor. <\/p>\n\n\n\n<p>Tarih ve k\u00fclt\u00fcr\u00fcn g\u00f6z al\u0131c\u0131 birlikteli\u011finden olu\u015fan bu mimarinin yan\u0131 s\u0131ra g\u00fcn\u00fcm\u00fczde Ulusal \u00dcniversite\u2019ye ev sahipli\u011fi yapan ve \u00e7e\u015fitli mimari stillerin ve k\u00fclt\u00fcrlerin bir kar\u0131\u015f\u0131m\u0131n\u0131 temsil eden Bukovini, \u015fehrin en pop\u00fcler turistik noktas\u0131.<\/p>\n\n\n\n<figure class=\"wp-block-image size-large is-style-default\"><img width=\"800\" height=\"500\" data-public-id=\"cernivtsi-nerede\/cernivtsi-nerede.jpg\" decoding=\"async\" src=\"https:\/\/res.cloudinary.com\/turna\/images\/w_800,h_500,c_scale\/f_auto,q_auto:low\/v1624605949\/cernivtsi-nerede\/cernivtsi-nerede.jpg?_i=AA\" alt=\"cernivtsi nerede\" class=\"wp-post-19436 wp-image-19446\" data-format=\"jpg\" data-transformations=\"f_auto,q_auto:low\" data-version=\"1624605949\" data-seo=\"1\" srcset=\"https:\/\/res.cloudinary.com\/turna\/images\/f_auto,q_auto:low\/v1624605949\/cernivtsi-nerede\/cernivtsi-nerede.jpg?_i=AA 800w, https:\/\/res.cloudinary.com\/turna\/images\/w_300,h_188,c_scale\/f_auto,q_auto:low\/v1624605949\/cernivtsi-nerede\/cernivtsi-nerede.jpg?_i=AA 300w, https:\/\/res.cloudinary.com\/turna\/images\/w_672,h_420,c_scale\/f_auto,q_auto:low\/v1624605949\/cernivtsi-nerede\/cernivtsi-nerede.jpg?_i=AA 672w, https:\/\/res.cloudinary.com\/turna\/images\/w_640,h_400,c_scale\/f_auto,q_auto:low\/v1624605949\/cernivtsi-nerede\/cernivtsi-nerede.jpg?_i=AA 640w, https:\/\/res.cloudinary.com\/turna\/images\/w_681,h_426,c_scale\/f_auto,q_auto:low\/v1624605949\/cernivtsi-nerede\/cernivtsi-nerede.jpg?_i=AA 681w\" sizes=\"(max-width: 800px) 100vw, 800px\" \/><\/figure>\n\n\n\n<p>\u015eehrin kalbinin att\u0131\u011f\u0131 yer olan Merkez Meydan\u0131 (Central Square), Belediye Saray\u0131 (Town Hall), ad\u0131n\u0131 meydanda yer alan tiyatro binas\u0131ndan alan Tiyatro Meydan\u0131 (Teatralna Square) ve St. Nicholas Katedrali \u00c7ernivtsi&#8217;de mutlaka ziyaret edilmesi gereken yerler aras\u0131nda.<\/p>\n\n\n\n<h2 class=\"wp-block-heading\"><strong>\u00c7ernivtsi nerede<\/strong><\/h2>\n\n\n\n<iframe src=\"https:\/\/www.google.com\/maps\/embed?pb=!1m18!1m12!1m3!1d339589.02297181124!2d25.653765312217722!3d48.32132673915826!2m3!1f0!2f0!3f0!3m2!1i1024!2i768!4f13.1!3m3!1m2!1s0x4734087fe2f6cd05%3A0xc5b396f659796d7a!2zw4dlcm5pdnRzaSwgw4dlcm5vdnRzaSBPYmxhc3TEsSwgVWtyYXluYSwgNTgwMDA!5e0!3m2!1str!2str!4v1588478912181!5m2!1str!2str\" width=\"450\" height=\"250\" frameborder=\"0\" style=\"border:0;\" allowfullscreen=\"\" aria-hidden=\"false\" tabindex=\"0\"><\/iframe>\n\n\n\n<div style=\"height:20px\" aria-hidden=\"true\" class=\"wp-block-spacer\"><\/div>\n\n\n\n<h2 class=\"wp-block-heading\"><strong>\u00c7ernivtsi nas\u0131l gidilir<\/strong><\/h2>\n\n\n\n<p>Ukrayna\u2019n\u0131n bat\u0131s\u0131ndaki Chernivtsi \u015fehir merkezine 10 km uzakl\u0131kta olan Chernivtsi Uluslararas\u0131 Havaliman\u0131 i\u00e7in T\u00fcrkiye&#8217;den direkt u\u00e7ak seferi bulunmuyor. Ukrayna&#8217;da ya\u015fanan sava\u015f durumu nedeniyle t\u00fcm u\u00e7u\u015flar iptal edilmi\u015f durumda.  <\/p>\n\n\n\n<p>En uygun\u00a0<strong><a href=\"https:\/\/www.turna.com\/ucak-bileti\">u\u00e7ak bileti<\/a><\/strong>\u00a0i\u00e7in turna.com sayfas\u0131n\u0131 ziyaret edin. Geli\u015fmi\u015f arama teknolojisi, g\u00fcvenli \u00f6deme, komisyonsuz al\u0131\u015fveri\u015f ve daha pek \u00e7ok avantaj turna.com sayfalar\u0131nda.<\/p>\n\n\n\n<p>Aktarmal\u0131 u\u00e7u\u015f s\u00fcresi havaliman\u0131ndaki bekleme s\u00fcresi ile birlikte 7 ile 16 saat aras\u0131nda de\u011fi\u015fiyor. \u00c7ernivtsi \u015fehir merkezine 10 km uzakl\u0131kta olan Chernivtsi Uluslararas\u0131 Havaliman\u0131&#8217;ndan \u015fehir merkezine d\u00fczenli otob\u00fcs seferleri var.<\/p>\n\n\n\n<p>\u00c7ernivtsi&#8217;ye Ukrayna&#8217;n\u0131n bir\u00e7ok kentinden direkt otob\u00fcs ve tren seferleri d\u00fczenleniyor. Lviv ve Kiev ile haftan\u0131n 7 g\u00fcn\u00fc kar\u015f\u0131l\u0131kl\u0131 seferler yap\u0131l\u0131yor. Moldova&#8217;n\u0131n ba\u015fkenti Ki\u015finev ve Romanya&#8217;n\u0131n ba\u015fkenti B\u00fckre\u015f&#8217;e de haftan\u0131n 3 g\u00fcn\u00fc otob\u00fcs seferi bulunuyor.<\/p>\n\n\n\n<p>\u00c7ernivtsi, zarif Avrupai mimarisi ile Ukrayna&#8217;n\u0131n bir\u00e7ok \u015fehrinden ayr\u0131lan, zengin tarihi ge\u00e7mi\u015fi ve do\u011fal g\u00fczellikleriyle ziyaret\u00e7ilerine huzurlu bir atmosfer vaat ediyor.<\/p>\n\n    <div class=\"xs_social_share_widget xs_share_url after_content \t\tmain_content  wslu-style-1 wslu-share-box-shaped wslu-fill-colored wslu-none wslu-share-horizontal wslu-theme-font-no wslu-main_content\">\n\n\t\t\n        <ul>\n\t\t\t        <\/ul>\n    <\/div> \n","protected":false},"excerpt":{"rendered":"<p>Ukrayna&#8217;n\u0131n bat\u0131s\u0131nda, Karpat Da\u011flar\u0131&#8217;n\u0131n ete\u011finde, Prut Nehri&#8217;nin k\u0131y\u0131s\u0131nda kurulu olan \u00c7ernivtsi, Bat\u0131 Ukrayna&#8217;da Lviv ile birlikte en \u00f6nemli iki \u015fehirden biri. \u00c7ok zengin bir tarihi ge\u00e7mi\u015fe sahip olan \u015fehir, 12. y\u00fczy\u0131lda Galicia-Volhynia\u2019n\u0131n bir par\u00e7as\u0131yd\u0131. Moldova taraf\u0131ndan i\u015fgal edildikten sonra s\u0131ras\u0131yla Polonya-Litvanya Toplulu\u011fu ve Osmanl\u0131 \u0130mparatorlu\u011funun y\u00f6netti\u011fi \u00c7ernivtsi, 300 y\u0131l boyunca Avrupa&#8217;da yoksul ve ilgi \u00e7ekmeyen [&hellip;]<\/p>\n","protected":false},"author":8,"featured_media":19440,"comment_status":"open","ping_status":"open","sticky":false,"template":"","format":"standard","meta":{"rop_custom_images_group":[],"rop_custom_messages_group":[],"rop_publish_now":"initial","rop_publish_now_accounts":[],"rop_publish_now_history":[],"rop_publish_now_status":"pending","_cloudinary_featured_overwrite":false,"footnotes":""},"categories":[986],"tags":[2330,2331],"class_list":["post-19436","post","type-post","status-publish","format-standard","has-post-thumbnail","hentry","category-ukrayna","tag-cernivtsi","tag-chernivtsi"],"_links":{"self":[{"href":"https:\/\/www.turna.com\/blog\/wp-json\/wp\/v2\/posts\/19436","targetHints":{"allow":["GET"]}}],"collection":[{"href":"https:\/\/www.turna.com\/blog\/wp-json\/wp\/v2\/posts"}],"about":[{"href":"https:\/\/www.turna.com\/blog\/wp-json\/wp\/v2\/types\/post"}],"author":[{"embeddable":true,"href":"https:\/\/www.turna.com\/blog\/wp-json\/wp\/v2\/users\/8"}],"replies":[{"embeddable":true,"href":"https:\/\/www.turna.com\/blog\/wp-json\/wp\/v2\/comments?post=19436"}],"version-history":[{"count":0,"href":"https:\/\/www.turna.com\/blog\/wp-json\/wp\/v2\/posts\/19436\/revisions"}],"wp:featuredmedia":[{"embeddable":true,"href":"https:\/\/www.turna.com\/blog\/wp-json\/wp\/v2\/media\/19440"}],"wp:attachment":[{"href":"https:\/\/www.turna.com\/blog\/wp-json\/wp\/v2\/media?parent=19436"}],"wp:term":[{"taxonomy":"category","embeddable":true,"href":"https:\/\/www.turna.com\/blog\/wp-json\/wp\/v2\/categories?post=19436"},{"taxonomy":"post_tag","embeddable":true,"href":"https:\/\/www.turna.com\/blog\/wp-json\/wp\/v2\/tags?post=19436"}],"curies":[{"name":"wp","href":"https:\/\/api.w.org\/{rel}","templated":true}]}}