{"id":19227,"date":"2021-07-20T08:13:00","date_gmt":"2021-07-20T05:13:00","guid":{"rendered":"https:\/\/www.turna.com\/blog\/?p=19227"},"modified":"2024-09-11T14:41:02","modified_gmt":"2024-09-11T11:41:02","slug":"biskek-gezilecek-yerler","status":"publish","type":"post","link":"https:\/\/www.turna.com\/blog\/biskek-gezilecek-yerler","title":{"rendered":"Bi\u015fkek Gezilecek Yerler"},"content":{"rendered":"\n<p><strong>K\u0131rg\u0131zistan<\/strong>, y\u00fczde 98\u2019i da\u011fl\u0131k ve yemye\u015fil bir co\u011frafyada yer alan ve bir\u00e7ok alan\u0131 koruma alt\u0131nda olan bir \u00fclke. Ba\u015fkenti olan <strong>Bi\u015fkek<\/strong>, Sovyet tarz\u0131 geni\u015f caddeleri, yemye\u015fil devasa parklar\u0131, zengin m\u00fczeleriyle d\u0131\u015f\u0131nda \u00fclkenin do\u011fal g\u00fczellikleri saymakla bitmiyor.<\/p>\n\n\n\n<p>Ovalar\u0131n ortas\u0131ndan y\u00fckselen g\u00f6rkemli da\u011flar\u0131, g\u00fcr\u00fcl g\u00fcr\u00fcl akan nehirleri, say\u0131s\u0131z krater g\u00f6lleri, buzullar\u0131 ve yemye\u015fil \u00e7ay\u0131rlar\u0131yla do\u011fa harikas\u0131 bir \u00fclke.<\/p>\n\n\n\n<h2 class=\"wp-block-heading\"><strong>Bi\u015fkek Gezilecek Yerler<\/strong><\/h2>\n\n\n\n<h3 class=\"wp-block-heading\"><strong>1. Bi\u015fkek<\/strong><\/h3>\n\n\n\n<figure class=\"wp-block-image size-large is-style-default\"><img width=\"800\" height=\"500\" data-public-id=\"biskek-gezilecek-yerler\/biskek-gezilecek-yerler.jpg\" fetchpriority=\"high\" decoding=\"async\" src=\"https:\/\/res.cloudinary.com\/turna\/images\/w_800,h_500,c_scale\/f_auto,q_auto:low\/v1624603822\/biskek-gezilecek-yerler\/biskek-gezilecek-yerler.jpg?_i=AA\" alt=\"bi\u015fkek gezilecek yerler\" class=\"wp-post-19227 wp-image-19431\" data-format=\"jpg\" data-transformations=\"f_auto,q_auto:low\" data-version=\"1624603822\" data-seo=\"1\" srcset=\"https:\/\/res.cloudinary.com\/turna\/images\/f_auto,q_auto:low\/v1624603822\/biskek-gezilecek-yerler\/biskek-gezilecek-yerler.jpg?_i=AA 800w, https:\/\/res.cloudinary.com\/turna\/images\/w_300,h_188,c_scale\/f_auto,q_auto:low\/v1624603822\/biskek-gezilecek-yerler\/biskek-gezilecek-yerler.jpg?_i=AA 300w, https:\/\/res.cloudinary.com\/turna\/images\/w_672,h_420,c_scale\/f_auto,q_auto:low\/v1624603822\/biskek-gezilecek-yerler\/biskek-gezilecek-yerler.jpg?_i=AA 672w, https:\/\/res.cloudinary.com\/turna\/images\/w_640,h_400,c_scale\/f_auto,q_auto:low\/v1624603822\/biskek-gezilecek-yerler\/biskek-gezilecek-yerler.jpg?_i=AA 640w, https:\/\/res.cloudinary.com\/turna\/images\/w_681,h_426,c_scale\/f_auto,q_auto:low\/v1624603822\/biskek-gezilecek-yerler\/biskek-gezilecek-yerler.jpg?_i=AA 681w\" sizes=\"(max-width: 800px) 100vw, 800px\" \/><\/figure>\n\n\n\n<p><strong>Bi\u015fkek<\/strong>, K\u0131rg\u0131zistan&#8217;\u0131n hem en b\u00fcy\u00fck \u015fehri hem de ba\u015fkenti. Bi\u015fkek Sovyet d\u00f6neminde yap\u0131lan geni\u015f yollar\u0131, meydanlar\u0131, tek tip apartman ve yap\u0131lar\u0131 ile d\u00fczenli bir atmosfere sahip. <\/p>\n\n\n\n<p>\u015eehir sokaklar\u0131n etraf\u0131nda yer alan \u00f6zenli peyzaja sahip parklarla s\u00fcsl\u00fc. Sokaklar\u0131n \u00e7o\u011funda a\u011fa\u00e7lar\u0131 sulama ama\u00e7l\u0131 arklar\u0131n yer al\u0131yor. Bi\u015fkek t\u00fcm \u00fclke gibi engebeli bir yap\u0131ya sahip.<\/p>\n\n\n\n<p>Bi\u015fkek, 1878\u2019de Rusya taraf\u0131ndan kurulmu\u015f.\u00a0Sovyetler Birli\u011fi d\u00f6neminde Bol\u015fevik\u00a0askeri \u00f6nderlerinden ve Lenin&#8217;nin yak\u0131n arkada\u015f\u0131 Mihail Frunze&#8217;nin an\u0131s\u0131na\u00a0<strong>Frunze\u00a0<\/strong>olarak an\u0131lm\u0131\u015f. Sovyetler Birli\u011fi&#8217;nin da\u011f\u0131lmas\u0131ndan sonra,\u00a0ismi Bi\u015fkek olarak de\u011fi\u015ftirilmi\u015f. Bi\u015fkek&#8217;in tarihsel a\u00e7\u0131s\u0131ndan \u00f6nemli bir yerle\u015fim. Kentin ana meydan\u0131 olan <strong>Ala-Too Meydan\u0131<\/strong>, genellikle g\u00f6steri ve festivallere ev sahipli\u011fi yap\u0131yor. Meclis Binas\u0131 ile meydan aras\u0131nda <strong>Ulusal M\u00fcze<\/strong>, kuzeyde de <strong>Lenin Heykeli<\/strong> yer al\u0131yor.<\/p>\n\n\n\n<p><strong>Devlet Tarih M\u00fczesi<\/strong> de yine \u015fehir merkezinde yer alan yap\u0131lar aras\u0131nda. K\u0131rg\u0131zistan\u2019\u0131n en \u00f6nemli m\u00fczelerinden olan Tarih M\u00fczesi, <strong>Meclis Binas\u0131<\/strong>, e\u011flence park\u0131 ve dikkat \u00e7eken yerler aras\u0131nda.<\/p>\n\n\n\n<p>1946\u2019da in\u015fa edilen <strong>Bi\u015fkek Tren \u0130stasyonu<\/strong> ve mermerden yap\u0131lm\u0131\u015f g\u00f6steri\u015fli bir yap\u0131 olan <strong>Devlet Binas\u0131<\/strong> ise mutlaka g\u00f6r\u00fclmeli. G\u00f6r\u00fclmesi gereken di\u011fer bir yer de <strong>Mikhail Frunze Heykeli<\/strong>.<\/p>\n\n\n\n<p>K\u0131rg\u0131z k\u00fclt\u00fcr\u00fcn\u00fc daha yak\u0131ndan tan\u0131mak isterseniz <strong>Devlet Uygulamal\u0131 Sanatlar M\u00fczesi<\/strong>&#8216;ni ziyaret ederek buradaki el i\u015fi sanat\u0131 eserlerini g\u00f6rebilirsiniz. Bi\u015fkek\u2019i ziyaret eden herkesin hayran kald\u0131\u011f\u0131 do\u011fal bir alan olan <strong>Panfilov Park<\/strong> ve <strong>Chimes Tower<\/strong>, dinlenmek i\u00e7in huzur dolu bir yer. Do\u011fayla i\u00e7 i\u00e7e zaman ge\u00e7irmek isterseniz bu park\u0131 listenize ekleyin.<\/p>\n\n\n\n<figure class=\"wp-block-image size-large is-style-default\"><img width=\"800\" height=\"500\" data-public-id=\"Panfilov-Park\/Panfilov-Park.jpg\" decoding=\"async\" src=\"https:\/\/res.cloudinary.com\/turna\/images\/w_800,h_500,c_scale\/f_auto,q_auto:low\/v1624604277\/Panfilov-Park\/Panfilov-Park.jpg?_i=AA\" alt=\"Panfilov Park, Bi\u015fkek\" class=\"wp-post-19227 wp-image-19434\" data-format=\"jpg\" data-transformations=\"f_auto,q_auto:low\" data-version=\"1624604277\" data-seo=\"1\" srcset=\"https:\/\/res.cloudinary.com\/turna\/images\/f_auto,q_auto:low\/v1624604277\/Panfilov-Park\/Panfilov-Park.jpg?_i=AA 800w, https:\/\/res.cloudinary.com\/turna\/images\/w_300,h_188,c_scale\/f_auto,q_auto:low\/v1624604277\/Panfilov-Park\/Panfilov-Park.jpg?_i=AA 300w, https:\/\/res.cloudinary.com\/turna\/images\/w_672,h_420,c_scale\/f_auto,q_auto:low\/v1624604277\/Panfilov-Park\/Panfilov-Park.jpg?_i=AA 672w, https:\/\/res.cloudinary.com\/turna\/images\/w_640,h_400,c_scale\/f_auto,q_auto:low\/v1624604277\/Panfilov-Park\/Panfilov-Park.jpg?_i=AA 640w, https:\/\/res.cloudinary.com\/turna\/images\/w_681,h_426,c_scale\/f_auto,q_auto:low\/v1624604277\/Panfilov-Park\/Panfilov-Park.jpg?_i=AA 681w\" sizes=\"(max-width: 800px) 100vw, 800px\" \/><figcaption class=\"wp-element-caption\">Panfilov Park, Bi\u015fkek<\/figcaption><\/figure>\n\n\n\n<p>\u00d6\u011frenci yo\u011funlu\u011fu nedeniyle gece hayat\u0131 olduk\u00e7a renkli ve e\u011flenceli. Farkl\u0131 k\u00fclt\u00fcr ve ya\u015fam bi\u00e7imleri i\u00e7i\u00e7e. N\u00fcfus \u00e7o\u011funlu gen\u00e7lerden olu\u015fan Bi\u015fkek&#8217;te hem Orta Asya hem de Rus k\u00fclt\u00fcr\u00fcnden izler ta\u015f\u0131yan gece hayat\u0131 \u00e7ok hareketli.<\/p>\n\n\n\n<p>Bi\u015fkek\u2019te gece hayat\u0131n\u0131 deneyimlemek isterseniz Galaxy, Iceberg, Ambassador, Soho ve Apple gibi mekanlara g\u00f6z atabilirsiniz. \u015eehirde ayn\u0131 zamanda pek \u00e7ok bar, gece kul\u00fcb\u00fc, kumarhane var. Platinium&nbsp;genellikle yerli halk\u0131n tercih etti\u011fi daha uygun fiyatl\u0131 bir gece kul\u00fcb\u00fcyken Golden Bull&nbsp;ise daha \u00e7ok turistlerin gitti\u011fi, l\u00fcks bir mek\u00e2n.<\/p>\n\n\n\n<p><strong>Ala-Too Meydan\u0131 <\/strong>Bi\u015fkek\u2019in ana ve en b\u00fcy\u00fck meydan\u0131. Askeri t\u00f6renlere, konser festival gibi etkinliklere de ev sahipli\u011fi yapan meydan\u0131n etraf\u0131nda kafeler bulunuyor.<\/p>\n\n\n\n<figure class=\"wp-block-image size-large is-style-default\"><img width=\"800\" height=\"500\" data-public-id=\"Manas-heykeli\/Manas-heykeli.jpg\" decoding=\"async\" src=\"https:\/\/res.cloudinary.com\/turna\/images\/w_800,h_500,c_scale\/f_auto,q_auto:low\/v1624603908\/Manas-heykeli\/Manas-heykeli.jpg?_i=AA\" alt=\"Manas Heykeli\" class=\"wp-post-19227 wp-image-19432\" data-format=\"jpg\" data-transformations=\"f_auto,q_auto:low\" data-version=\"1624603908\" data-seo=\"1\" srcset=\"https:\/\/res.cloudinary.com\/turna\/images\/f_auto,q_auto:low\/v1624603908\/Manas-heykeli\/Manas-heykeli.jpg?_i=AA 800w, https:\/\/res.cloudinary.com\/turna\/images\/w_300,h_188,c_scale\/f_auto,q_auto:low\/v1624603908\/Manas-heykeli\/Manas-heykeli.jpg?_i=AA 300w, https:\/\/res.cloudinary.com\/turna\/images\/w_672,h_420,c_scale\/f_auto,q_auto:low\/v1624603908\/Manas-heykeli\/Manas-heykeli.jpg?_i=AA 672w, https:\/\/res.cloudinary.com\/turna\/images\/w_640,h_400,c_scale\/f_auto,q_auto:low\/v1624603908\/Manas-heykeli\/Manas-heykeli.jpg?_i=AA 640w, https:\/\/res.cloudinary.com\/turna\/images\/w_681,h_426,c_scale\/f_auto,q_auto:low\/v1624603908\/Manas-heykeli\/Manas-heykeli.jpg?_i=AA 681w\" sizes=\"(max-width: 800px) 100vw, 800px\" \/><figcaption class=\"wp-element-caption\">Manas Heykeli<\/figcaption><\/figure>\n\n\n\n<p><strong>Manas Heykeli<\/strong>, Ala Too Meydan\u0131&#8217;nda yer al\u0131yor. K\u0131rg\u0131zlar\u0131n efsane kahraman\u0131 olan ve hakk\u0131nda 130&#8217;dan fazla destan yaz\u0131lan Manas&#8217;\u0131n heybetli heykelini g\u00f6rebilirsiniz.<\/p>\n\n\n\n<p><strong>Tarih M\u00fczesi<\/strong>, Ala Too Meydan\u0131&#8217;nda bulunan \u00fclkenin en \u00f6nemli m\u00fczelerinden biri. \u00d6zellikle eski T\u00fcrklere ait yaz\u0131tlar sergileniyor. Tarih M\u00fczesi\u2019nin en nadide par\u00e7alar\u0131ndan biri Talas Yaz\u0131tlar\u0131 ve m\u00fczenin giri\u015finde yer alan K\u0131rg\u0131z \u00c7ad\u0131r\u0131.<\/p>\n\n\n\n<p><strong>Milli Resim M\u00fczesi<\/strong>, K\u0131rg\u0131z tarihine dair resim, eli i\u015fi, i\u015flemeler ile bilgi ve belgeleri bu m\u00fczede g\u00f6rebilirsiniz. Milli Resim M\u00fczesi Ala-Too Meydan\u0131&#8217;nda yer al\u0131yor.<\/p>\n\n\n\n<p><strong>Devlet Binas\u0131<\/strong>, Ala-Too Meydan\u0131&#8217;n\u0131n oldu\u011fu kadar \u00fclkenin de en ihti\u015faml\u0131 yap\u0131s\u0131. Yedi katl\u0131 olan ve mermerden yap\u0131lan bu g\u00f6steri\u015fli bina, Tarih M\u00fczesi\u2019nin hemen yan\u0131nda yer al\u0131yor.<\/p>\n\n\n\n<p><strong>Bi\u015fkek Merkez Camii<\/strong> s\u0131ra d\u0131\u015f\u0131 mimarisiyle dikkat \u00e7ekici. 1886\u2019da in\u015fa edilen caminin kubbesi g\u00fcm\u00fc\u015f renkli metalden yap\u0131lm\u0131\u015f. Orta Asya&#8217;n\u0131n en b\u00fcy\u00fck camisi olan Bi\u015fkek Merkez Camii 20 bin ki\u015fi kapasiteye sahip.<\/p>\n\n\n\n<figure class=\"wp-block-image size-large is-style-default\"><img width=\"800\" height=\"500\" loading=\"lazy\" decoding=\"async\" src=\"data:image\/svg+xml;base64,PHN2ZyB4bWxucz0iaHR0cDovL3d3dy53My5vcmcvMjAwMC9zdmciIHdpZHRoPSI4MDAiIGhlaWdodD0iNTAwIj48cmVjdCB3aWR0aD0iMTAwJSIgaGVpZ2h0PSIxMDAlIj48YW5pbWF0ZSBhdHRyaWJ1dGVOYW1lPSJmaWxsIiB2YWx1ZXM9InJnYmEoMTUzLDE1MywxNTMsMC41KTtyZ2JhKDE1MywxNTMsMTUzLDAuMSk7cmdiYSgxNTMsMTUzLDE1MywwLjUpIiBkdXI9IjJzIiByZXBlYXRDb3VudD0iaW5kZWZpbml0ZSIgLz48L3JlY3Q+PC9zdmc+\" alt=\"Ozgurluk-Heykeli-Biskek\" class=\"wp-post-19227 wp-image-19433\" data-public-id=\"Ozgurluk-Heykeli-Biskek\/Ozgurluk-Heykeli-Biskek.jpg\" data-format=\"jpg\" data-transformations=\"f_auto,q_auto:low\" data-version=\"1624604092\" data-seo=\"1\" data-size=\"800 500\" data-srcset=\"https:\/\/res.cloudinary.com\/turna\/images\/f_auto,q_auto:low\/v1624604092\/Ozgurluk-Heykeli-Biskek\/Ozgurluk-Heykeli-Biskek.jpg?_i=AA 800w, https:\/\/res.cloudinary.com\/turna\/images\/w_300,h_188,c_scale\/f_auto,q_auto:low\/v1624604092\/Ozgurluk-Heykeli-Biskek\/Ozgurluk-Heykeli-Biskek.jpg?_i=AA 300w, https:\/\/res.cloudinary.com\/turna\/images\/w_672,h_420,c_scale\/f_auto,q_auto:low\/v1624604092\/Ozgurluk-Heykeli-Biskek\/Ozgurluk-Heykeli-Biskek.jpg?_i=AA 672w, https:\/\/res.cloudinary.com\/turna\/images\/w_640,h_400,c_scale\/f_auto,q_auto:low\/v1624604092\/Ozgurluk-Heykeli-Biskek\/Ozgurluk-Heykeli-Biskek.jpg?_i=AA 640w, https:\/\/res.cloudinary.com\/turna\/images\/w_681,h_426,c_scale\/f_auto,q_auto:low\/v1624604092\/Ozgurluk-Heykeli-Biskek\/Ozgurluk-Heykeli-Biskek.jpg?_i=AA 681w\" data-sizes=\"(max-width: 800px) 100vw, 800px\" data-delivery=\"upload\" onload=\";window.CLDBind?CLDBind(this):null;\" data-cloudinary=\"lazy\" \/><figcaption class=\"wp-element-caption\">\u00d6zg\u00fcrl\u00fck Heykeli, Bi\u015fkek<\/figcaption><\/figure>\n\n\n\n<p><strong>\u00d6zg\u00fcrl\u00fck Park\u0131<\/strong>, <strong>Panfilov Park<\/strong> gibi kentte bulunan pek \u00e7ok parktan biri. Bi\u015fkek\u2019in en pop\u00fcler park\u0131 olan \u00d6zg\u00fcrl\u00fck Park\u0131\u2019nda, K\u0131rg\u0131z kahramanlar\u0131n heykelleri yer al\u0131yor.<\/p>\n\n\n\n<p><strong>Bi\u015fkek Tren \u0130stasyonu<\/strong>, 1946\u2019da Alman esirler taraf\u0131ndan yap\u0131lm\u0131\u015f. O y\u0131llara ait her detay\u0131n korundu\u011fu istasyonu ilk g\u00fcnk\u00fc gibi duruyor. \u0130stasyonun hemen kar\u015f\u0131s\u0131ndaki Erkindik Bulvar\u0131\u2019nda ise Mikhail Frunze\u2019nin atl\u0131 heykeli yer al\u0131yor.<\/p>\n\n\n\n<p><strong>\u00c7uy Caddesi<\/strong>, Bi\u015fkek\u2019in en hareketli noktas\u0131. \u00c7uy Caddesi\u2019nde e\u011flence mekanlar\u0131, kafeler ve restoranlar yer al\u0131yor.<\/p>\n\n\n\n<p>En uygun\u00a0<strong><a href=\"https:\/\/www.turna.com\/ucak-bileti\/biskek\">Bi\u015fkek u\u00e7ak bileti<\/a><\/strong>\u00a0i\u00e7in turna.com sayfas\u0131n\u0131 ziyaret edin.  En uygun Bi\u015fkek u\u00e7ak bileti fiyatlar\u0131n\u0131 yakalamak i\u00e7in en az 24 g\u00fcn \u00f6ncesinden u\u00e7ak biletinizi sat\u0131n almal\u0131 ya da rezervasyon yapmal\u0131s\u0131n\u0131z.<\/p>\n\n    <div class=\"xs_social_share_widget xs_share_url after_content \t\tmain_content  wslu-style-1 wslu-share-box-shaped wslu-fill-colored wslu-none wslu-share-horizontal wslu-theme-font-no wslu-main_content\">\n\n\t\t\n        <ul>\n\t\t\t        <\/ul>\n    <\/div> \n","protected":false},"excerpt":{"rendered":"<p>K\u0131rg\u0131zistan, y\u00fczde 98\u2019i da\u011fl\u0131k ve yemye\u015fil bir co\u011frafyada yer alan ve bir\u00e7ok alan\u0131 koruma alt\u0131nda olan bir \u00fclke. Ba\u015fkenti olan Bi\u015fkek, Sovyet tarz\u0131 geni\u015f caddeleri, yemye\u015fil devasa parklar\u0131, zengin m\u00fczeleriyle d\u0131\u015f\u0131nda \u00fclkenin do\u011fal g\u00fczellikleri saymakla bitmiyor. Ovalar\u0131n ortas\u0131ndan y\u00fckselen g\u00f6rkemli da\u011flar\u0131, g\u00fcr\u00fcl g\u00fcr\u00fcl akan nehirleri, say\u0131s\u0131z krater g\u00f6lleri, buzullar\u0131 ve yemye\u015fil \u00e7ay\u0131rlar\u0131yla do\u011fa harikas\u0131 bir [&hellip;]<\/p>\n","protected":false},"author":8,"featured_media":19431,"comment_status":"open","ping_status":"open","sticky":false,"template":"","format":"standard","meta":{"rop_custom_images_group":[],"rop_custom_messages_group":[],"rop_publish_now":"initial","rop_publish_now_accounts":[],"rop_publish_now_history":[],"rop_publish_now_status":"pending","_cloudinary_featured_overwrite":false,"footnotes":""},"categories":[998],"tags":[2045,2273],"class_list":["post-19227","post","type-post","status-publish","format-standard","has-post-thumbnail","hentry","category-kirgizistan","tag-biskek-2","tag-kirgizistan-2"],"_links":{"self":[{"href":"https:\/\/www.turna.com\/blog\/wp-json\/wp\/v2\/posts\/19227","targetHints":{"allow":["GET"]}}],"collection":[{"href":"https:\/\/www.turna.com\/blog\/wp-json\/wp\/v2\/posts"}],"about":[{"href":"https:\/\/www.turna.com\/blog\/wp-json\/wp\/v2\/types\/post"}],"author":[{"embeddable":true,"href":"https:\/\/www.turna.com\/blog\/wp-json\/wp\/v2\/users\/8"}],"replies":[{"embeddable":true,"href":"https:\/\/www.turna.com\/blog\/wp-json\/wp\/v2\/comments?post=19227"}],"version-history":[{"count":0,"href":"https:\/\/www.turna.com\/blog\/wp-json\/wp\/v2\/posts\/19227\/revisions"}],"wp:featuredmedia":[{"embeddable":true,"href":"https:\/\/www.turna.com\/blog\/wp-json\/wp\/v2\/media\/19431"}],"wp:attachment":[{"href":"https:\/\/www.turna.com\/blog\/wp-json\/wp\/v2\/media?parent=19227"}],"wp:term":[{"taxonomy":"category","embeddable":true,"href":"https:\/\/www.turna.com\/blog\/wp-json\/wp\/v2\/categories?post=19227"},{"taxonomy":"post_tag","embeddable":true,"href":"https:\/\/www.turna.com\/blog\/wp-json\/wp\/v2\/tags?post=19227"}],"curies":[{"name":"wp","href":"https:\/\/api.w.org\/{rel}","templated":true}]}}