{"id":18989,"date":"2021-05-07T08:44:00","date_gmt":"2021-05-07T05:44:00","guid":{"rendered":"https:\/\/www.turna.com\/blog\/?p=18989"},"modified":"2025-12-11T10:03:10","modified_gmt":"2025-12-11T07:03:10","slug":"degerli-antik-oren-yerlerimiz","status":"publish","type":"post","link":"https:\/\/www.turna.com\/blog\/degerli-antik-oren-yerlerimiz","title":{"rendered":"Arkeolojik Olarak \u00c7ok De\u011ferli Antik \u00d6ren Yerlerimiz"},"content":{"rendered":"<div id=\"ez-toc-container\" class=\"ez-toc-v2_0_82_2 counter-hierarchy ez-toc-counter ez-toc-black ez-toc-container-direction\">\n<div class=\"ez-toc-title-container\">\n<p class=\"ez-toc-title\" style=\"cursor:inherit\">\u0130\u00e7indekiler<\/p>\n<span class=\"ez-toc-title-toggle\"><a href=\"#\" class=\"ez-toc-pull-right ez-toc-btn ez-toc-btn-xs ez-toc-btn-default ez-toc-toggle\" aria-label=\"\u0130\u00e7indekiler Tablosunu A\u00e7\/Kapat\"><span class=\"ez-toc-js-icon-con\"><span class=\"\"><span class=\"eztoc-hide\" style=\"display:none;\">Toggle<\/span><span class=\"ez-toc-icon-toggle-span\"><svg style=\"fill: #ffffff;color:#ffffff\" xmlns=\"http:\/\/www.w3.org\/2000\/svg\" class=\"list-377408\" width=\"20px\" height=\"20px\" viewBox=\"0 0 24 24\" fill=\"none\"><path d=\"M6 6H4v2h2V6zm14 0H8v2h12V6zM4 11h2v2H4v-2zm16 0H8v2h12v-2zM4 16h2v2H4v-2zm16 0H8v2h12v-2z\" fill=\"currentColor\"><\/path><\/svg><svg style=\"fill: #ffffff;color:#ffffff\" class=\"arrow-unsorted-368013\" xmlns=\"http:\/\/www.w3.org\/2000\/svg\" width=\"10px\" height=\"10px\" viewBox=\"0 0 24 24\" version=\"1.2\" baseProfile=\"tiny\"><path d=\"M18.2 9.3l-6.2-6.3-6.2 6.3c-.2.2-.3.4-.3.7s.1.5.3.7c.2.2.4.3.7.3h11c.3 0 .5-.1.7-.3.2-.2.3-.5.3-.7s-.1-.5-.3-.7zM5.8 14.7l6.2 6.3 6.2-6.3c.2-.2.3-.5.3-.7s-.1-.5-.3-.7c-.2-.2-.4-.3-.7-.3h-11c-.3 0-.5.1-.7.3-.2.2-.3.5-.3.7s.1.5.3.7z\"\/><\/svg><\/span><\/span><\/span><\/a><\/span><\/div>\n<nav><ul class='ez-toc-list ez-toc-list-level-1 eztoc-toggle-hide-by-default' ><li class='ez-toc-page-1 ez-toc-heading-level-2'><a class=\"ez-toc-link ez-toc-heading-1\" href=\"https:\/\/www.turna.com\/blog\/degerli-antik-oren-yerlerimiz\/#arkeolojik_olarak_cok_degerli_antik_oren_yerlerimiz\" >Arkeolojik Olarak \u00c7ok De\u011ferli Antik \u00d6ren Yerlerimiz<\/a><ul class='ez-toc-list-level-3' ><li class='ez-toc-heading-level-3'><a class=\"ez-toc-link ez-toc-heading-2\" href=\"https:\/\/www.turna.com\/blog\/degerli-antik-oren-yerlerimiz\/#1_gobeklitepe\" >1. G\u00f6beklitepe<\/a><\/li><li class='ez-toc-page-1 ez-toc-heading-level-3'><a class=\"ez-toc-link ez-toc-heading-3\" href=\"https:\/\/www.turna.com\/blog\/degerli-antik-oren-yerlerimiz\/#2_aslantepe\" >2. Aslantepe<\/a><\/li><li class='ez-toc-page-1 ez-toc-heading-level-3'><a class=\"ez-toc-link ez-toc-heading-4\" href=\"https:\/\/www.turna.com\/blog\/degerli-antik-oren-yerlerimiz\/#3_hattusas\" >3. Hattu\u015fa\u015f<\/a><\/li><li class='ez-toc-page-1 ez-toc-heading-level-3'><a class=\"ez-toc-link ez-toc-heading-5\" href=\"https:\/\/www.turna.com\/blog\/degerli-antik-oren-yerlerimiz\/#4_alacahoyuk\" >4. Alacah\u00f6y\u00fck<\/a><\/li><li class='ez-toc-page-1 ez-toc-heading-level-3'><a class=\"ez-toc-link ez-toc-heading-6\" href=\"https:\/\/www.turna.com\/blog\/degerli-antik-oren-yerlerimiz\/#5_catalhoyuk\" >5. \u00c7atalh\u00f6y\u00fck<\/a><\/li><li class='ez-toc-page-1 ez-toc-heading-level-3'><a class=\"ez-toc-link ez-toc-heading-7\" href=\"https:\/\/www.turna.com\/blog\/degerli-antik-oren-yerlerimiz\/#6_truva\" >6. Truva<\/a><\/li><\/ul><\/li><\/ul><\/nav><\/div>\n\n<p>Anadolu co\u011frafyalar\u0131 antik kentler a\u00e7\u0131s\u0131ndan tam bir hazine. \u00d6yle ki bug\u00fcn Roma \u0130mparatorlu\u011funun kalbi \u0130talya&#8217;dan daha fazla antik Roma \u015fehrine sahip. Ondan \u00f6te ge\u00e7mi\u015fe gitti\u011fimizde \u00e7ok daha k\u00f6kl\u00fc ve d\u00fcnya tarihini yeniden yazd\u0131ran antik kal\u0131nt\u0131lar ke\u015ffedildi. Bu \u00e7ok de\u011ferli antik miraslar\u0131n\u0131 seyahat listemize koymak g\u00f6revimiz oldu\u011funu d\u00fc\u015f\u00fcn\u00fcyorum.<\/p>\n\n\n\n<h2 class=\"wp-block-heading has-text-align-center\"><span class=\"ez-toc-section\" id=\"arkeolojik_olarak_cok_degerli_antik_oren_yerlerimiz\"><\/span><strong>Arkeolojik Olarak \u00c7ok De\u011ferli Antik \u00d6ren Yerlerimiz<\/strong><span class=\"ez-toc-section-end\"><\/span><\/h2>\n\n\n\n<h3 class=\"wp-block-heading has-text-align-center\"><span class=\"ez-toc-section\" id=\"1_gobeklitepe\"><\/span><strong>1. G\u00f6beklitepe<\/strong><span class=\"ez-toc-section-end\"><\/span><\/h3>\n\n\n\n<figure class=\"wp-block-image size-large\"><img width=\"800\" height=\"500\" data-public-id=\"Gobeklitepe\/Gobeklitepe.jpg\" fetchpriority=\"high\" decoding=\"async\" src=\"https:\/\/res.cloudinary.com\/turna\/images\/w_800,h_500,c_scale\/f_auto,q_auto:low\/v1619196557\/Gobeklitepe\/Gobeklitepe.jpg?_i=AA\" alt=\"Gobeklitepe\" class=\"wp-post-18989 wp-image-18990\" data-format=\"jpg\" data-transformations=\"f_auto,q_auto:low\" data-version=\"1619196557\" data-seo=\"1\" srcset=\"https:\/\/res.cloudinary.com\/turna\/images\/f_auto,q_auto:low\/v1619196557\/Gobeklitepe\/Gobeklitepe.jpg?_i=AA 800w, https:\/\/res.cloudinary.com\/turna\/images\/w_300,h_188,c_scale\/f_auto,q_auto:low\/v1619196557\/Gobeklitepe\/Gobeklitepe.jpg?_i=AA 300w, https:\/\/res.cloudinary.com\/turna\/images\/w_672,h_420,c_scale\/f_auto,q_auto:low\/v1619196557\/Gobeklitepe\/Gobeklitepe.jpg?_i=AA 672w, https:\/\/res.cloudinary.com\/turna\/images\/w_640,h_400,c_scale\/f_auto,q_auto:low\/v1619196557\/Gobeklitepe\/Gobeklitepe.jpg?_i=AA 640w, https:\/\/res.cloudinary.com\/turna\/images\/w_681,h_426,c_scale\/f_auto,q_auto:low\/v1619196557\/Gobeklitepe\/Gobeklitepe.jpg?_i=AA 681w\" sizes=\"(max-width: 800px) 100vw, 800px\" \/><\/figure>\n\n\n\n<p>\u015eanl\u0131urfa \u015fehir merkezine yakla\u015f\u0131k 15 kilometre mesafede konumlanan <strong>G\u00f6beklitepe<\/strong>, d\u00fcnyan\u0131n bilinen en b\u00fcy\u00fck ve en eski tap\u0131na\u011f\u0131. G\u00fcn\u00fcm\u00fczden 12 bin y\u0131l \u00f6nce yap\u0131lan G\u00f6beklitepe&#8217;de, hala g\u00fcn y\u00fcz\u00fcne \u00e7\u0131kar\u0131lamayan yap\u0131 ve eserler bulunuyor.<\/p>\n\n\n\n<p>Kaz\u0131 \u00e7al\u0131\u015fmalar\u0131n\u0131n devam etti\u011fi bu an\u0131tsal yap\u0131da 12-12 adet dikili ta\u015f da var. Bu ta\u015flar\u0131n bir\u00e7o\u011funun \u00fczerinde kabart\u0131larak ya da oyularak yap\u0131lm\u0131\u015f insan, el, kol, hayvan ve \u00e7e\u015fitli soyut sembolleri yer al\u0131yor.<\/p>\n\n\n\n<p>Ke\u015ffedildikten sonra d\u00fcnyan\u0131n bilinen tarihinin g\u00f6zden ge\u00e7irilmesine neden olan G\u00f6beklitepe&#8217;nin nas\u0131l tasarland\u0131\u011f\u0131 konusundaki soru i\u015faretleri hala gizemini koruyor. Zira 12 bin y\u0131l \u00f6nce ya\u015fayan insanlar yerle\u015fim ve tar\u0131m kavramlar\u0131ndan \u00e7ok uzakt\u0131.<\/p>\n\n\n\n<p>Hava yolu ve \u015fehirleraras\u0131 otob\u00fcslerle \u015eanl\u0131urfa \u015fehir merkezine ula\u015ft\u0131ktan sonra, G\u00f6beklitepe&#8217;nin yer ald\u0131\u011f\u0131 \u00d6rencik k\u00f6y\u00fc yak\u0131nlar\u0131na gitmelisiniz. Buraya toplu ula\u015f\u0131m hizmeti olmad\u0131\u011f\u0131 i\u00e7in taksi kullanabilir ya da ara\u00e7 kiralayabilirsiniz.<\/p>\n\n\n\n<h3 class=\"wp-block-heading has-text-align-center\"><span class=\"ez-toc-section\" id=\"2_aslantepe\"><\/span><strong>2. Aslantepe<\/strong><span class=\"ez-toc-section-end\"><\/span><\/h3>\n\n\n\n<figure class=\"wp-block-image size-large\"><img width=\"800\" height=\"500\" data-public-id=\"aslantepe\/aslantepe.jpg\" decoding=\"async\" src=\"https:\/\/res.cloudinary.com\/turna\/images\/w_800,h_500,c_scale\/f_auto,q_auto:low\/v1619200033\/aslantepe\/aslantepe.jpg?_i=AA\" alt=\"aslantepe\" class=\"wp-post-18989 wp-image-19017\" data-format=\"jpg\" data-transformations=\"f_auto,q_auto:low\" data-version=\"1619200033\" data-seo=\"1\" srcset=\"https:\/\/res.cloudinary.com\/turna\/images\/f_auto,q_auto:low\/v1619200033\/aslantepe\/aslantepe.jpg?_i=AA 800w, https:\/\/res.cloudinary.com\/turna\/images\/w_300,h_188,c_scale\/f_auto,q_auto:low\/v1619200033\/aslantepe\/aslantepe.jpg?_i=AA 300w, https:\/\/res.cloudinary.com\/turna\/images\/w_672,h_420,c_scale\/f_auto,q_auto:low\/v1619200033\/aslantepe\/aslantepe.jpg?_i=AA 672w, https:\/\/res.cloudinary.com\/turna\/images\/w_640,h_400,c_scale\/f_auto,q_auto:low\/v1619200033\/aslantepe\/aslantepe.jpg?_i=AA 640w, https:\/\/res.cloudinary.com\/turna\/images\/w_681,h_426,c_scale\/f_auto,q_auto:low\/v1619200033\/aslantepe\/aslantepe.jpg?_i=AA 681w\" sizes=\"(max-width: 800px) 100vw, 800px\" \/><\/figure>\n\n\n\n<p>T\u00fcrkiye\u2019deki en b\u00fcy\u00fck h\u00f6y\u00fcklerden biri olan <strong>Aslantepe H\u00f6y\u00fc\u011f\u00fc<\/strong>, yakla\u015f\u0131k 30 metre y\u00fcksekli\u011fe sahip. Kurulu\u015fu Milattan \u00d6nce 4-5 binli y\u0131llara dek uzanan Aslantepe&#8217;nin, F\u0131rat Nehri\u2019ne do\u011fru geni\u015fleyen Hitit \u0130mparatorlu\u011fu\u2019nun bir \u015fehri olarak kullan\u0131ld\u0131\u011f\u0131 da biliniyor.<\/p>\n\n\n\n<p>B\u00f6lgede, Frans\u0131zlar taraf\u0131ndan 1932\u2019de ba\u015flat\u0131lan arkeolojik kaz\u0131larda \u00f6nemli tarihi kal\u0131nt\u0131lar\u0131n ve \u00e7e\u015fitli yap\u0131lar\u0131n yan\u0131 s\u0131ra \u00e7ok say\u0131da m\u00fch\u00fcr ve madeni e\u015fya da \u00e7\u0131kar\u0131ld\u0131.<\/p>\n\n\n\n<p>Kaz\u0131larda bulunan ve tarihin seyrini de\u011fi\u015ftiren, d\u00fcnyan\u0131n en eski kerpi\u00e7 saray\u0131 ve 5500 y\u0131ll\u0131k tap\u0131nak ile ad\u0131n\u0131 duyuran Aslantepe H\u00f6y\u00fc\u011f\u00fc, Malatya merkezine 7 kilometre uzakl\u0131kta konumlan\u0131yor.<\/p>\n\n\n\n<p>Anadolu\u2019nun ilk \u015fehir devletinin de yer ald\u0131\u011f\u0131 Aslantepe&#8217;ye Malatya merkezinden yolcu ta\u015f\u0131yan minib\u00fcsler, taksiler ya da ara\u00e7 kiralayarak ula\u015f\u0131labilir. Farkl\u0131 \u015fehirlerden Malatya&#8217;ya ula\u015f\u0131m i\u00e7in de hava yolu ya da \u015fehirleraras\u0131 otob\u00fcsler kullan\u0131labilir. <a href=\"https:\/\/www.turna.com\/otobus-bileti\/malatya\">Malatya otob\u00fcs bileti<\/a> fiyatlar\u0131 i\u00e7in turna otob\u00fcs bileti sayfas\u0131n\u0131 ziyaret edin.<\/p>\n\n\n\n<h3 class=\"wp-block-heading has-text-align-center\"><span class=\"ez-toc-section\" id=\"3_hattusas\"><\/span><strong>3. Hattu\u015fa\u015f<\/strong><span class=\"ez-toc-section-end\"><\/span><\/h3>\n\n\n\n<figure class=\"wp-block-image size-large\"><img width=\"800\" height=\"500\" data-public-id=\"Hattusas\/Hattusas.jpg\" decoding=\"async\" src=\"https:\/\/res.cloudinary.com\/turna\/images\/w_800,h_500,c_scale\/f_auto,q_auto:low\/v1619200102\/Hattusas\/Hattusas.jpg?_i=AA\" alt=\"Hattusas\" class=\"wp-post-18989 wp-image-19018\" data-format=\"jpg\" data-transformations=\"f_auto,q_auto:low\" data-version=\"1619200102\" data-seo=\"1\" srcset=\"https:\/\/res.cloudinary.com\/turna\/images\/f_auto,q_auto:low\/v1619200102\/Hattusas\/Hattusas.jpg?_i=AA 800w, https:\/\/res.cloudinary.com\/turna\/images\/w_300,h_188,c_scale\/f_auto,q_auto:low\/v1619200102\/Hattusas\/Hattusas.jpg?_i=AA 300w, https:\/\/res.cloudinary.com\/turna\/images\/w_672,h_420,c_scale\/f_auto,q_auto:low\/v1619200102\/Hattusas\/Hattusas.jpg?_i=AA 672w, https:\/\/res.cloudinary.com\/turna\/images\/w_640,h_400,c_scale\/f_auto,q_auto:low\/v1619200102\/Hattusas\/Hattusas.jpg?_i=AA 640w, https:\/\/res.cloudinary.com\/turna\/images\/w_681,h_426,c_scale\/f_auto,q_auto:low\/v1619200102\/Hattusas\/Hattusas.jpg?_i=AA 681w\" sizes=\"(max-width: 800px) 100vw, 800px\" \/><\/figure>\n\n\n\n<p>Hitit Uygarl\u0131\u011f\u0131n\u0131n ba\u015fkenti olan ve 1986 y\u0131l\u0131nda UNESCO D\u00fcnya Miras\u0131 Listesine al\u0131nan <strong>Hattu\u015fa\u015f<\/strong>, sanat ve mimarl\u0131k alan\u0131nda olduk\u00e7a geli\u015fmi\u015f bir yap\u0131ya sahip. B\u00f6lgede bulunan \u00e7ok say\u0131da kaya k\u00fctleleri ve da\u011f yama\u00e7lar\u0131n\u0131n surlarla \u00e7evrili oldu\u011fu \u015fehir, ilk olarak 1834 y\u0131l\u0131nda ortaya \u00e7\u0131kar\u0131l\u0131yor.<\/p>\n\n\n\n<p>Kentte g\u00fcn y\u00fcz\u00fcne \u00e7\u0131kar\u0131lan \u00e7ok say\u0131da \u00f6nemli eser olsa da bunlar\u0131n aras\u0131nda bulunan Kade\u015f Antla\u015fmas\u0131n\u0131n \u00e7ivi yaz\u0131l\u0131 iki par\u00e7al\u0131 tableti g\u00fcn\u00fcm\u00fczde \u0130stanbul Arkeoloji M\u00fczesinde sergileniyor.<\/p>\n\n\n\n<p>Hitit Uygarl\u0131\u011f\u0131n\u0131n g\u00f6rkemli tarihi ve zengin k\u00fclt\u00fcr\u00fcne dair eserlerin ve kal\u0131nt\u0131lar\u0131n yer ald\u0131\u011f\u0131 etkileyici bir antik kent olan Hattu\u015fa\u015f, Hititler\u2019in ge\u00e7 tun\u00e7 \u00e7a\u011f\u0131 d\u00f6nemindeki ba\u015fkentiydi.<\/p>\n\n\n\n<p>Amasya Merzifon Havaliman\u0131 \u00fczerinden ya da \u015fehirleraras\u0131 otob\u00fcsler ve \u00f6zel ara\u00e7larla gidilebilen \u00c7orum&#8217;un, 82 kilometre uza\u011f\u0131ndaki Bo\u011fazkale il\u00e7esinde bulunan Hattu\u015fa\u015f Antik Kenti&#8217;ne, \u00c7orum otogar\u0131ndan kalkan Bo\u011fazkale otob\u00fcsleriyle ya da \u00f6zel ara\u00e7la ula\u015f\u0131labilir.<\/p>\n\n\n\n<h3 class=\"wp-block-heading has-text-align-center\"><span class=\"ez-toc-section\" id=\"4_alacahoyuk\"><\/span><strong>4. Alacah\u00f6y\u00fck<\/strong><span class=\"ez-toc-section-end\"><\/span><\/h3>\n\n\n\n<figure class=\"wp-block-image size-large\"><img width=\"800\" height=\"500\" loading=\"lazy\" decoding=\"async\" src=\"data:image\/svg+xml;base64,PHN2ZyB4bWxucz0iaHR0cDovL3d3dy53My5vcmcvMjAwMC9zdmciIHdpZHRoPSI4MDAiIGhlaWdodD0iNTAwIj48cmVjdCB3aWR0aD0iMTAwJSIgaGVpZ2h0PSIxMDAlIj48YW5pbWF0ZSBhdHRyaWJ1dGVOYW1lPSJmaWxsIiB2YWx1ZXM9InJnYmEoMTUzLDE1MywxNTMsMC41KTtyZ2JhKDE1MywxNTMsMTUzLDAuMSk7cmdiYSgxNTMsMTUzLDE1MywwLjUpIiBkdXI9IjJzIiByZXBlYXRDb3VudD0iaW5kZWZpbml0ZSIgLz48L3JlY3Q+PC9zdmc+\" alt=\"Alacahoyuk\" class=\"wp-post-18989 wp-image-19019\" data-public-id=\"Alacahoyuk\/Alacahoyuk.jpg\" data-format=\"jpg\" data-transformations=\"f_auto,q_auto:low\" data-version=\"1619200172\" data-seo=\"1\" data-size=\"800 500\" data-srcset=\"https:\/\/res.cloudinary.com\/turna\/images\/f_auto,q_auto:low\/v1619200172\/Alacahoyuk\/Alacahoyuk.jpg?_i=AA 800w, https:\/\/res.cloudinary.com\/turna\/images\/w_300,h_188,c_scale\/f_auto,q_auto:low\/v1619200172\/Alacahoyuk\/Alacahoyuk.jpg?_i=AA 300w, https:\/\/res.cloudinary.com\/turna\/images\/w_672,h_420,c_scale\/f_auto,q_auto:low\/v1619200172\/Alacahoyuk\/Alacahoyuk.jpg?_i=AA 672w, https:\/\/res.cloudinary.com\/turna\/images\/w_640,h_400,c_scale\/f_auto,q_auto:low\/v1619200172\/Alacahoyuk\/Alacahoyuk.jpg?_i=AA 640w, https:\/\/res.cloudinary.com\/turna\/images\/w_681,h_426,c_scale\/f_auto,q_auto:low\/v1619200172\/Alacahoyuk\/Alacahoyuk.jpg?_i=AA 681w\" data-sizes=\"(max-width: 800px) 100vw, 800px\" data-delivery=\"upload\" onload=\";window.CLDBind?CLDBind(this):null;\" data-cloudinary=\"lazy\" \/><\/figure>\n\n\n\n<p>\u00c7orum\u2019un 45 kilometre uza\u011f\u0131ndaki <strong>Alacah\u00f6y\u00fck<\/strong>, d\u00f6rt ayr\u0131 k\u00fclt\u00fcr evresinden kalma 14 yerle\u015fim alan\u0131na sahip. Kalkolitik, Eski Tun\u00e7, Hitit ve Frig d\u00f6nemlerinin ya\u015fand\u0131\u011f\u0131 ve ilk kez 1835 y\u0131l\u0131nda W.C. Hamilton taraf\u0131ndan tan\u0131t\u0131lan Alaca\u00f6y\u00fck, tarih boyunca Orta Anadoluyu ziyaret eden bilginlerin u\u011frak noktas\u0131 oldu.<\/p>\n\n\n\n<p>O d\u00f6nemlerde yap\u0131lan kaz\u0131larda, antik kentte bulunan eserlerin Hititlere ait kabartmalar oldu\u011fu s\u00f6ylenerek ara\u015ft\u0131rmalar derinle\u015ftiriliyor. 1935\u2019den sonra yap\u0131lan ara\u015ft\u0131rmalar sonucunda ula\u015f\u0131lan eserler aras\u0131nda t\u00f6rensel sembol olan Hitit g\u00fcne\u015fi ve bar\u0131\u015f\u0131 simgeleyen geyikli Hitit g\u00fcne\u015fi bulunuyor.<\/p>\n\n\n\n<p>Eski Tun\u00e7 \u00c7a\u011f\u0131&#8217;na ait 13 kral mezar\u0131 ve 10 metre y\u00fcksekli\u011findeki sfenksli kap\u0131 gibi eserleriyle \u00fcnl\u00fc olan Alacah\u00f6y\u00fck, Tun\u00e7 \u00c7a\u011f\u0131 ve Hitit d\u00f6neminin dinsel t\u00f6ren ve sanat merkeziydi. \u00c7orum\u2019un 45 kilometre g\u00fcneyinde, Alaca il\u00e7esinin 17 kilometre kuzeybat\u0131s\u0131nda, Hattu\u015fa&#8217;ya (Bo\u011fazk\u00f6y) ise 34 kilometre uzakl\u0131ktaki Alacah\u00f6y\u00fck&#8217;e, \u00c7orum merkezinden hareket eden otob\u00fcsler ve minib\u00fcslerle ula\u015f\u0131m imkan\u0131 var. Dileyenler ara\u00e7 kiralayarak ya da taksiyle de antik kente gidebilir.<\/p>\n\n\n\n<h3 class=\"wp-block-heading has-text-align-center\"><span class=\"ez-toc-section\" id=\"5_catalhoyuk\"><\/span><strong>5. \u00c7atalh\u00f6y\u00fck<\/strong><span class=\"ez-toc-section-end\"><\/span><\/h3>\n\n\n\n<figure class=\"wp-block-image size-large\"><img width=\"800\" height=\"500\" loading=\"lazy\" decoding=\"async\" src=\"data:image\/svg+xml;base64,PHN2ZyB4bWxucz0iaHR0cDovL3d3dy53My5vcmcvMjAwMC9zdmciIHdpZHRoPSI4MDAiIGhlaWdodD0iNTAwIj48cmVjdCB3aWR0aD0iMTAwJSIgaGVpZ2h0PSIxMDAlIj48YW5pbWF0ZSBhdHRyaWJ1dGVOYW1lPSJmaWxsIiB2YWx1ZXM9InJnYmEoMTUzLDE1MywxNTMsMC41KTtyZ2JhKDE1MywxNTMsMTUzLDAuMSk7cmdiYSgxNTMsMTUzLDE1MywwLjUpIiBkdXI9IjJzIiByZXBlYXRDb3VudD0iaW5kZWZpbml0ZSIgLz48L3JlY3Q+PC9zdmc+\" alt=\"Catalhoyuk\" class=\"wp-post-18989 wp-image-19020\" data-public-id=\"Catalhoyuk\/Catalhoyuk.jpg\" data-format=\"jpg\" data-transformations=\"f_auto,q_auto:low\" data-version=\"1619200170\" data-seo=\"1\" data-size=\"800 500\" data-srcset=\"https:\/\/res.cloudinary.com\/turna\/images\/f_auto,q_auto:low\/v1619200170\/Catalhoyuk\/Catalhoyuk.jpg?_i=AA 800w, https:\/\/res.cloudinary.com\/turna\/images\/w_300,h_188,c_scale\/f_auto,q_auto:low\/v1619200170\/Catalhoyuk\/Catalhoyuk.jpg?_i=AA 300w, https:\/\/res.cloudinary.com\/turna\/images\/w_672,h_420,c_scale\/f_auto,q_auto:low\/v1619200170\/Catalhoyuk\/Catalhoyuk.jpg?_i=AA 672w, https:\/\/res.cloudinary.com\/turna\/images\/w_640,h_400,c_scale\/f_auto,q_auto:low\/v1619200170\/Catalhoyuk\/Catalhoyuk.jpg?_i=AA 640w, https:\/\/res.cloudinary.com\/turna\/images\/w_681,h_426,c_scale\/f_auto,q_auto:low\/v1619200170\/Catalhoyuk\/Catalhoyuk.jpg?_i=AA 681w\" data-sizes=\"(max-width: 800px) 100vw, 800px\" data-delivery=\"upload\" onload=\";window.CLDBind?CLDBind(this):null;\" data-cloudinary=\"lazy\" \/><\/figure>\n\n\n\n<p>D\u00fcnyan\u0131n en \u00f6nemli arkeolojik kaz\u0131 alanlar\u0131ndan biri olan <strong>\u00c7atalh\u00f6y\u00fck<\/strong>, 9 bin y\u0131l \u00f6ncesinden g\u00fcn\u00fcm\u00fcze kadar ula\u015fan bir Neolitik ve Kalkolitik \u00c7a\u011f yerle\u015fim yeri. Konya\u2019n\u0131n 52 kilometre g\u00fcneydo\u011fusunda, \u00c7umra il\u00e7esinde yer alan \u00c7atalh\u00f6y\u00fck, insanl\u0131k tarihine \u0131\u015f\u0131k tutuyor.<\/p>\n\n\n\n<p>D\u00f6neminin en kalabal\u0131k ve b\u00fcy\u00fck yerle\u015fim yerlerinden olan antik kent, ilgin\u00e7 mimariye sahip evleri, toplumsal konumu ve tarihi \u00f6nemiyle d\u00fcnyan\u0131n g\u00f6r\u00fclmesi gereken antik kentlerinden. Do\u011fu ve Bat\u0131 olmak \u00fczere iki ayr\u0131 b\u00f6l\u00fcmden olu\u015fan h\u00f6y\u00fck, 2012 y\u0131l\u0131nda UNESCO D\u00fcnya Miras\u0131 Listesine girdi.<\/p>\n\n\n\n<p>Kesintisiz 2 bin y\u0131l boyunca yerle\u015fimin aral\u0131ks\u0131z olarak devam etti\u011fi kent, d\u00fcnyan\u0131n bilinen en eski yerle\u015fim yerle\u015fimleri ve ilk tar\u0131mc\u0131 topluluklardan biri olma \u00f6zelli\u011fi de ta\u015f\u0131yor.<\/p>\n\n\n\n<p>T\u00fcrkiye&#8217;nin pek \u00e7ok \u015fehrinden karayolu, hava yolu ve demiryolu arac\u0131l\u0131\u011f\u0131yla gidilebilen Konya&#8217;da, \u00c7umra il\u00e7esi otob\u00fcsleri ya da \u00f6zel arac\u0131n\u0131zla antik kent b\u00f6lgesine ula\u015fabilirsiniz.<\/p>\n\n\n\n<p>En ucuz <a href=\"https:\/\/www.turna.com\/otobus-bileti\/konya\">Konya otob\u00fcs bileti<\/a> i\u00e7in turna.com otob\u00fcs bileti sayfas\u0131n\u0131 ziyaret edebilirsiniz. En uygun Konya otob\u00fcs bileti fiyatlar\u0131n\u0131 yakalamak i\u00e7in en az 3 g\u00fcn \u00f6ncesinden biletini sat\u0131n alman\u0131 tavsiye ediyoruz..<\/p>\n\n\n\n<h3 class=\"wp-block-heading has-text-align-center\"><span class=\"ez-toc-section\" id=\"6_truva\"><\/span><strong>6. Truva<\/strong><span class=\"ez-toc-section-end\"><\/span><\/h3>\n\n\n\n<figure class=\"wp-block-image size-large\"><img width=\"800\" height=\"500\" loading=\"lazy\" decoding=\"async\" src=\"data:image\/svg+xml;base64,PHN2ZyB4bWxucz0iaHR0cDovL3d3dy53My5vcmcvMjAwMC9zdmciIHdpZHRoPSI4MDAiIGhlaWdodD0iNTAwIj48cmVjdCB3aWR0aD0iMTAwJSIgaGVpZ2h0PSIxMDAlIj48YW5pbWF0ZSBhdHRyaWJ1dGVOYW1lPSJmaWxsIiB2YWx1ZXM9InJnYmEoMTUzLDE1MywxNTMsMC41KTtyZ2JhKDE1MywxNTMsMTUzLDAuMSk7cmdiYSgxNTMsMTUzLDE1MywwLjUpIiBkdXI9IjJzIiByZXBlYXRDb3VudD0iaW5kZWZpbml0ZSIgLz48L3JlY3Q+PC9zdmc+\" alt=\"Truva\" class=\"wp-post-18989 wp-image-19021\" data-public-id=\"Truva\/Truva.jpg\" data-format=\"jpg\" data-transformations=\"f_auto,q_auto:low\" data-version=\"1619200612\" data-seo=\"1\" data-size=\"800 500\" data-srcset=\"https:\/\/res.cloudinary.com\/turna\/images\/f_auto,q_auto:low\/v1619200612\/Truva\/Truva.jpg?_i=AA 800w, https:\/\/res.cloudinary.com\/turna\/images\/w_300,h_188,c_scale\/f_auto,q_auto:low\/v1619200612\/Truva\/Truva.jpg?_i=AA 300w, https:\/\/res.cloudinary.com\/turna\/images\/w_672,h_420,c_scale\/f_auto,q_auto:low\/v1619200612\/Truva\/Truva.jpg?_i=AA 672w, https:\/\/res.cloudinary.com\/turna\/images\/w_640,h_400,c_scale\/f_auto,q_auto:low\/v1619200612\/Truva\/Truva.jpg?_i=AA 640w, https:\/\/res.cloudinary.com\/turna\/images\/w_681,h_426,c_scale\/f_auto,q_auto:low\/v1619200612\/Truva\/Truva.jpg?_i=AA 681w\" data-sizes=\"(max-width: 800px) 100vw, 800px\" data-delivery=\"upload\" onload=\";window.CLDBind?CLDBind(this):null;\" data-cloudinary=\"lazy\" \/><\/figure>\n\n\n\n<p>\u00c7anakkale\u2019nin UNESCO D\u00fcnya Miras\u0131 Listesindeki yerleri aras\u0131ndaki <strong>Truva<\/strong>, destanlara konu olan olaylar\u0131n ge\u00e7ti\u011fi, d\u00fcnyaca \u00fcnl\u00fc Hollywood filmlerine ev sahipli\u011fi yapan bir antik kent. Homeros\u2019un \u0130lyada eserine konu olan Truva Sava\u015f\u0131 ile tarihe ge\u00e7en kent, g\u00fcn\u00fcm\u00fczde \u00e7ok say\u0131da ziyaret\u00e7i a\u011f\u0131rl\u0131yor.<\/p>\n\n\n\n<p>Ayn\u0131 yerde dokuz kez yeniden kurulan kent, ilk kez 1871\u2019de ke\u015ffediliyor. Toplamda 33 katman ve 9 ana b\u00f6l\u00fcmden olu\u015fan yerde kaz\u0131 \u00e7al\u0131\u015fmalar\u0131 g\u00fcn\u00fcm\u00fczde de devam ediyor.<\/p>\n\n\n\n<p>T\u00fcrkiye&#8217;nin di\u011fer \u015fehirlerinden karayolu ve havayoluyla ula\u015f\u0131labilen \u00c7anakkale&#8217;de, \u015fehir merkezine yakla\u015f\u0131k 30 kilometre uzakl\u0131ktaki Truva Antik Kenti&#8217;ne gitmek i\u00e7in \u00f6zel arac\u0131 olmayanlar, Truva dolmu\u015flar\u0131n\u0131 kullanabilir.<\/p>\n\n\n\n<p>\u00c7anakkale&#8217;nin g\u00fcn\u00fcm\u00fczde Hisarl\u0131k ad\u0131yla bilinen Tevfikiye K\u00f6y\u00fc yak\u0131nlar\u0131ndaki antik kent, Homeros&#8217;un \u0130lyada ve Odysseia destanlar\u0131n\u0131n anayurdu olmas\u0131n\u0131n yan\u0131 s\u0131ra 3500 y\u0131l boyunca b\u00f6lgenin \u00f6nemli yerle\u015fim yerlerinden biriydi.<\/p>\n\n    <div class=\"xs_social_share_widget xs_share_url after_content \t\tmain_content  wslu-style-1 wslu-share-box-shaped wslu-fill-colored wslu-none wslu-share-horizontal wslu-theme-font-no wslu-main_content\">\n\n\t\t\n        <ul>\n\t\t\t        <\/ul>\n    <\/div> \n","protected":false},"excerpt":{"rendered":"<p>Anadolu co\u011frafyalar\u0131 antik kentler a\u00e7\u0131s\u0131ndan tam bir hazine. \u00d6yle ki bug\u00fcn Roma \u0130mparatorlu\u011funun kalbi \u0130talya&#8217;dan daha fazla antik Roma \u015fehrine sahip. Ondan \u00f6te ge\u00e7mi\u015fe gitti\u011fimizde \u00e7ok daha k\u00f6kl\u00fc ve d\u00fcnya tarihini yeniden yazd\u0131ran antik kal\u0131nt\u0131lar ke\u015ffedildi. Bu \u00e7ok de\u011ferli antik miraslar\u0131n\u0131 seyahat listemize koymak g\u00f6revimiz oldu\u011funu d\u00fc\u015f\u00fcn\u00fcyorum. Arkeolojik Olarak \u00c7ok De\u011ferli Antik \u00d6ren Yerlerimiz 1. [&hellip;]<\/p>\n","protected":false},"author":14,"featured_media":19018,"comment_status":"open","ping_status":"open","sticky":false,"template":"","format":"standard","meta":{"rop_custom_images_group":[],"rop_custom_messages_group":[],"rop_publish_now":"initial","rop_publish_now_accounts":[],"rop_publish_now_history":[],"rop_publish_now_status":"pending","_cloudinary_featured_overwrite":false,"footnotes":""},"categories":[2],"tags":[391],"class_list":["post-18989","post","type-post","status-publish","format-standard","has-post-thumbnail","hentry","category-ulkeler","tag-konya"],"_links":{"self":[{"href":"https:\/\/www.turna.com\/blog\/wp-json\/wp\/v2\/posts\/18989","targetHints":{"allow":["GET"]}}],"collection":[{"href":"https:\/\/www.turna.com\/blog\/wp-json\/wp\/v2\/posts"}],"about":[{"href":"https:\/\/www.turna.com\/blog\/wp-json\/wp\/v2\/types\/post"}],"author":[{"embeddable":true,"href":"https:\/\/www.turna.com\/blog\/wp-json\/wp\/v2\/users\/14"}],"replies":[{"embeddable":true,"href":"https:\/\/www.turna.com\/blog\/wp-json\/wp\/v2\/comments?post=18989"}],"version-history":[{"count":0,"href":"https:\/\/www.turna.com\/blog\/wp-json\/wp\/v2\/posts\/18989\/revisions"}],"wp:featuredmedia":[{"embeddable":true,"href":"https:\/\/www.turna.com\/blog\/wp-json\/wp\/v2\/media\/19018"}],"wp:attachment":[{"href":"https:\/\/www.turna.com\/blog\/wp-json\/wp\/v2\/media?parent=18989"}],"wp:term":[{"taxonomy":"category","embeddable":true,"href":"https:\/\/www.turna.com\/blog\/wp-json\/wp\/v2\/categories?post=18989"},{"taxonomy":"post_tag","embeddable":true,"href":"https:\/\/www.turna.com\/blog\/wp-json\/wp\/v2\/tags?post=18989"}],"curies":[{"name":"wp","href":"https:\/\/api.w.org\/{rel}","templated":true}]}}