{"id":18973,"date":"2021-07-21T08:13:00","date_gmt":"2021-07-21T05:13:00","guid":{"rendered":"https:\/\/www.turna.com\/blog\/?p=18973"},"modified":"2024-01-10T14:21:50","modified_gmt":"2024-01-10T11:21:50","slug":"cernivtsi-gezilecek-yerler","status":"publish","type":"post","link":"https:\/\/www.turna.com\/blog\/cernivtsi-gezilecek-yerler","title":{"rendered":"\u00c7ernivtsi Gezilecek Yerler"},"content":{"rendered":"<div id=\"ez-toc-container\" class=\"ez-toc-v2_0_82_2 counter-hierarchy ez-toc-counter ez-toc-black ez-toc-container-direction\">\n<div class=\"ez-toc-title-container\">\n<p class=\"ez-toc-title\" style=\"cursor:inherit\">\u0130\u00e7indekiler<\/p>\n<span class=\"ez-toc-title-toggle\"><a href=\"#\" class=\"ez-toc-pull-right ez-toc-btn ez-toc-btn-xs ez-toc-btn-default ez-toc-toggle\" aria-label=\"\u0130\u00e7indekiler Tablosunu A\u00e7\/Kapat\"><span class=\"ez-toc-js-icon-con\"><span class=\"\"><span class=\"eztoc-hide\" style=\"display:none;\">Toggle<\/span><span class=\"ez-toc-icon-toggle-span\"><svg style=\"fill: #ffffff;color:#ffffff\" xmlns=\"http:\/\/www.w3.org\/2000\/svg\" class=\"list-377408\" width=\"20px\" height=\"20px\" viewBox=\"0 0 24 24\" fill=\"none\"><path d=\"M6 6H4v2h2V6zm14 0H8v2h12V6zM4 11h2v2H4v-2zm16 0H8v2h12v-2zM4 16h2v2H4v-2zm16 0H8v2h12v-2z\" fill=\"currentColor\"><\/path><\/svg><svg style=\"fill: #ffffff;color:#ffffff\" class=\"arrow-unsorted-368013\" xmlns=\"http:\/\/www.w3.org\/2000\/svg\" width=\"10px\" height=\"10px\" viewBox=\"0 0 24 24\" version=\"1.2\" baseProfile=\"tiny\"><path d=\"M18.2 9.3l-6.2-6.3-6.2 6.3c-.2.2-.3.4-.3.7s.1.5.3.7c.2.2.4.3.7.3h11c.3 0 .5-.1.7-.3.2-.2.3-.5.3-.7s-.1-.5-.3-.7zM5.8 14.7l6.2 6.3 6.2-6.3c.2-.2.3-.5.3-.7s-.1-.5-.3-.7c-.2-.2-.4-.3-.7-.3h-11c-.3 0-.5.1-.7.3-.2.2-.3.5-.3.7s.1.5.3.7z\"\/><\/svg><\/span><\/span><\/span><\/a><\/span><\/div>\n<nav><ul class='ez-toc-list ez-toc-list-level-1 eztoc-toggle-hide-by-default' ><li class='ez-toc-page-1 ez-toc-heading-level-2'><a class=\"ez-toc-link ez-toc-heading-1\" href=\"https:\/\/www.turna.com\/blog\/cernivtsi-gezilecek-yerler\/#cernivtsi_gezilecek_yerler\" >\u00c7ernivtsi Gezilecek Yerler<\/a><ul class='ez-toc-list-level-3' ><li class='ez-toc-heading-level-3'><a class=\"ez-toc-link ez-toc-heading-2\" href=\"https:\/\/www.turna.com\/blog\/cernivtsi-gezilecek-yerler\/#1_tiyatro_meydani\" >1. Tiyatro Meydan\u0131<\/a><\/li><li class='ez-toc-page-1 ez-toc-heading-level-3'><a class=\"ez-toc-link ez-toc-heading-3\" href=\"https:\/\/www.turna.com\/blog\/cernivtsi-gezilecek-yerler\/#2_merkez_meydani_ve_belediye_sarayi\" >2. Merkez Meydan\u0131 ve Belediye Saray\u0131<\/a><\/li><li class='ez-toc-page-1 ez-toc-heading-level-3'><a class=\"ez-toc-link ez-toc-heading-4\" href=\"https:\/\/www.turna.com\/blog\/cernivtsi-gezilecek-yerler\/#3_st_nicholas_katedrali\" >3. St. Nicholas Katedrali<\/a><\/li><li class='ez-toc-page-1 ez-toc-heading-level-3'><a class=\"ez-toc-link ez-toc-heading-5\" href=\"https:\/\/www.turna.com\/blog\/cernivtsi-gezilecek-yerler\/#4_eski_ermeni_kilisesi\" >4. Eski Ermeni Kilisesi<\/a><\/li><li class='ez-toc-page-1 ez-toc-heading-level-3'><a class=\"ez-toc-link ez-toc-heading-6\" href=\"https:\/\/www.turna.com\/blog\/cernivtsi-gezilecek-yerler\/#5_turk_kuyusu\" >5. T\u00fcrk Kuyusu<\/a><\/li><li class='ez-toc-page-1 ez-toc-heading-level-3'><a class=\"ez-toc-link ez-toc-heading-7\" href=\"https:\/\/www.turna.com\/blog\/cernivtsi-gezilecek-yerler\/#6_hotyn\" >6. Hotyn<\/a><\/li><li class='ez-toc-page-1 ez-toc-heading-level-3'><a class=\"ez-toc-link ez-toc-heading-8\" href=\"https:\/\/www.turna.com\/blog\/cernivtsi-gezilecek-yerler\/#7_bukovinian_metropolitan_evi\" >7. Bukovinian Metropolitan Evi<\/a><\/li><\/ul><\/li><\/ul><\/nav><\/div>\n\n<p><strong>\u00c7ernivtsi<\/strong> (Chernivtsi), Ukrayna&#8217;da&nbsp;\u00c7ernivtsi&nbsp;y\u00f6netim biriminin merkezi. Karpat Da\u011flar\u0131n\u0131n eteklerinde, Yukar\u0131&nbsp;Prut Nehri\u2019nin&nbsp;\u00fczerinde ve \u00fclkenin bat\u0131s\u0131nda yer alan \u00c7ernivtsi, tarihi Moldavya b\u00f6lgesinin bir par\u00e7as\u0131. Romanya ve Moldova s\u0131n\u0131r\u0131na \u00e7ok yak\u0131n bir konumda bulunan kent, Lviv ile bilikte Bat\u0131 Ukrayna&#8217;n\u0131n en \u00f6nemli k\u00fclt\u00fcr merkezlerinden biri.<\/p>\n\n\n\n<p>Benzersiz enerjisi ve b\u00fcy\u00fcl\u00fc atmosferi ile b\u00f6lgedeki di\u011fer kentlerden ayr\u0131lan \u00c7ernivtsi, eklektik mimarisi, zengin k\u00fclt\u00fcrel miras\u0131, Avrupa kentlerini and\u0131ran sokaklar\u0131, meydanlar\u0131, tarihi yap\u0131lar\u0131, kiliseleri ve yemye\u015fil dokusuyla g\u00f6r\u00fclmeye de\u011fer.<\/p>\n\n\n\n<figure class=\"wp-block-image size-large\"><img width=\"800\" height=\"500\" data-public-id=\"Chernivtsi-gezilecek-yerler\/Chernivtsi-gezilecek-yerler.jpg\" fetchpriority=\"high\" decoding=\"async\" src=\"https:\/\/res.cloudinary.com\/turna\/images\/w_800,h_500,c_scale\/f_auto,q_auto:low\/v1624604554\/Chernivtsi-gezilecek-yerler\/Chernivtsi-gezilecek-yerler.jpg?_i=AA\" alt=\"Chernivtsi-gezilecek-yerler\" class=\"wp-post-18973 wp-image-19435\" data-format=\"jpg\" data-transformations=\"f_auto,q_auto:low\" data-version=\"1624604554\" data-seo=\"1\" srcset=\"https:\/\/res.cloudinary.com\/turna\/images\/f_auto,q_auto:low\/v1624604554\/Chernivtsi-gezilecek-yerler\/Chernivtsi-gezilecek-yerler.jpg?_i=AA 800w, https:\/\/res.cloudinary.com\/turna\/images\/w_300,h_188,c_scale\/f_auto,q_auto:low\/v1624604554\/Chernivtsi-gezilecek-yerler\/Chernivtsi-gezilecek-yerler.jpg?_i=AA 300w, https:\/\/res.cloudinary.com\/turna\/images\/w_672,h_420,c_scale\/f_auto,q_auto:low\/v1624604554\/Chernivtsi-gezilecek-yerler\/Chernivtsi-gezilecek-yerler.jpg?_i=AA 672w, https:\/\/res.cloudinary.com\/turna\/images\/w_640,h_400,c_scale\/f_auto,q_auto:low\/v1624604554\/Chernivtsi-gezilecek-yerler\/Chernivtsi-gezilecek-yerler.jpg?_i=AA 640w, https:\/\/res.cloudinary.com\/turna\/images\/w_681,h_426,c_scale\/f_auto,q_auto:low\/v1624604554\/Chernivtsi-gezilecek-yerler\/Chernivtsi-gezilecek-yerler.jpg?_i=AA 681w\" sizes=\"(max-width: 800px) 100vw, 800px\" \/><\/figure>\n\n\n\n<h2 class=\"wp-block-heading\"><span class=\"ez-toc-section\" id=\"cernivtsi_gezilecek_yerler\"><\/span><strong>\u00c7ernivtsi Gezilecek Yerler<\/strong><span class=\"ez-toc-section-end\"><\/span><\/h2>\n\n\n\n<p>En uygun\u00a0<strong><a href=\"https:\/\/www.turna.com\/ucak-bileti\">u\u00e7ak bileti<\/a><\/strong>\u00a0i\u00e7in turna.com sayfas\u0131n\u0131 ziyaret edin. Geli\u015fmi\u015f arama teknolojisi, g\u00fcvenli \u00f6deme, komisyonsuz al\u0131\u015fveri\u015f, kesintisiz iade garantisi ve daha fazla turna.com sayfalar\u0131nda.<\/p>\n\n\n\n<h3 class=\"wp-block-heading\"><span class=\"ez-toc-section\" id=\"1_tiyatro_meydani\"><\/span><strong>1. Tiyatro Meydan\u0131<\/strong><span class=\"ez-toc-section-end\"><\/span><\/h3>\n\n\n\n<figure class=\"wp-block-image size-large is-style-default\"><img width=\"800\" height=\"500\" data-public-id=\"cernivitsi\/cernivitsi.jpg\" decoding=\"async\" src=\"https:\/\/res.cloudinary.com\/turna\/images\/w_800,h_500,c_scale\/f_auto,q_auto:low\/v1624604858\/cernivitsi\/cernivitsi.jpg?_i=AA\" alt=\"cernivitsi\" class=\"wp-post-18973 wp-image-19437\" data-format=\"jpg\" data-transformations=\"f_auto,q_auto:low\" data-version=\"1624604858\" data-seo=\"1\" srcset=\"https:\/\/res.cloudinary.com\/turna\/images\/f_auto,q_auto:low\/v1624604858\/cernivitsi\/cernivitsi.jpg?_i=AA 800w, https:\/\/res.cloudinary.com\/turna\/images\/w_300,h_188,c_scale\/f_auto,q_auto:low\/v1624604858\/cernivitsi\/cernivitsi.jpg?_i=AA 300w, https:\/\/res.cloudinary.com\/turna\/images\/w_672,h_420,c_scale\/f_auto,q_auto:low\/v1624604858\/cernivitsi\/cernivitsi.jpg?_i=AA 672w, https:\/\/res.cloudinary.com\/turna\/images\/w_640,h_400,c_scale\/f_auto,q_auto:low\/v1624604858\/cernivitsi\/cernivitsi.jpg?_i=AA 640w, https:\/\/res.cloudinary.com\/turna\/images\/w_681,h_426,c_scale\/f_auto,q_auto:low\/v1624604858\/cernivitsi\/cernivitsi.jpg?_i=AA 681w\" sizes=\"(max-width: 800px) 100vw, 800px\" \/><\/figure>\n\n\n\n<p><strong>Tiyatro Meydan\u0131<\/strong> (Teatralna Square), \u00e7arp\u0131c\u0131 bir mimari toplulu\u011fa ev sahipli\u011fi yapan kentin en g\u00fczel meydan\u0131. Avrupa&#8217;n\u0131n en k\u00fc\u00e7\u00fck meydanlar\u0131ndan biri olan Tiyatro Meydan\u0131, ge\u00e7mi\u015fte bal\u0131k sat\u0131c\u0131lar\u0131n\u0131n bulundu\u011fu kendi halinde bir yerken Avusturya \u0130mparatoru I. Joseph&#8217;in \u015fehri ziyaretinin ard\u0131ndan yap\u0131lan d\u00fczenlemelerle estetik bir g\u00f6r\u00fcn\u00fcme kavu\u015fmu\u015f.<\/p>\n\n\n\n<p>Meydan, ad\u0131n\u0131 zaman\u0131n\u0131n en iyi Avrupa tiyatrolar\u0131ndan biri olarak kabul edilen Olha Kobylyanska M\u00fczik ve Drama Tiyatrosu&#8217;ndan al\u0131yor.<\/p>\n\n\n\n<p><strong>Olgi Kobylyanskoi Soka\u011f\u0131<\/strong>, Tiyatro Meydan\u0131&#8217;n\u0131n yan\u0131 ba\u015f\u0131nda, kentin en hareketli yaya caddesi. L\u00fcks kafe, restoran ve ma\u011fazalar\u0131n s\u0131raland\u0131\u011f\u0131 sokak, \u00f6zellikle yaz aylar\u0131nda yerel halk\u0131n bulu\u015fma noktalar\u0131ndan birine d\u00f6n\u00fc\u015f\u00fcyor.<\/p>\n\n\n\n<h3 class=\"wp-block-heading\"><span class=\"ez-toc-section\" id=\"2_merkez_meydani_ve_belediye_sarayi\"><\/span><strong>2. Merkez Meydan\u0131 ve Belediye Saray\u0131<\/strong><span class=\"ez-toc-section-end\"><\/span><\/h3>\n\n\n\n<figure class=\"wp-block-image size-large is-style-default\"><img width=\"800\" height=\"500\" data-public-id=\"cernivitsi-ukrayna\/cernivitsi-ukrayna.jpg\" decoding=\"async\" src=\"https:\/\/res.cloudinary.com\/turna\/images\/w_800,h_500,c_scale\/f_auto,q_auto:low\/v1624604952\/cernivitsi-ukrayna\/cernivitsi-ukrayna.jpg?_i=AA\" alt=\"cernivitsi ukrayna\" class=\"wp-post-18973 wp-image-19439\" data-format=\"jpg\" data-transformations=\"f_auto,q_auto:low\" data-version=\"1624604952\" data-seo=\"1\" srcset=\"https:\/\/res.cloudinary.com\/turna\/images\/f_auto,q_auto:low\/v1624604952\/cernivitsi-ukrayna\/cernivitsi-ukrayna.jpg?_i=AA 800w, https:\/\/res.cloudinary.com\/turna\/images\/w_300,h_188,c_scale\/f_auto,q_auto:low\/v1624604952\/cernivitsi-ukrayna\/cernivitsi-ukrayna.jpg?_i=AA 300w, https:\/\/res.cloudinary.com\/turna\/images\/w_672,h_420,c_scale\/f_auto,q_auto:low\/v1624604952\/cernivitsi-ukrayna\/cernivitsi-ukrayna.jpg?_i=AA 672w, https:\/\/res.cloudinary.com\/turna\/images\/w_640,h_400,c_scale\/f_auto,q_auto:low\/v1624604952\/cernivitsi-ukrayna\/cernivitsi-ukrayna.jpg?_i=AA 640w, https:\/\/res.cloudinary.com\/turna\/images\/w_681,h_426,c_scale\/f_auto,q_auto:low\/v1624604952\/cernivitsi-ukrayna\/cernivitsi-ukrayna.jpg?_i=AA 681w\" sizes=\"(max-width: 800px) 100vw, 800px\" \/><\/figure>\n\n\n\n<p><strong>Merkez Meydan\u0131 ve Belediye Saray\u0131<\/strong> (Chernivtsi City Hall), \u00c7ernivtsi\u2019nin sembol b\u00f6lgesi ve yap\u0131s\u0131. Eski \u015fehir merkezinin kalbi olan meydan\u0131n mimari toplulu\u011fu kentin tarihi ge\u00e7mi\u015fini yans\u0131t\u0131yor.<\/p>\n\n\n\n<p>Ukrayna&#8217;n\u0131n bir\u00e7ok kentindeki meydanlar\u0131n aksine Avrupai bir g\u00f6r\u00fcn\u00fcme sahip olan meydan\u0131n en \u00f6nemli yap\u0131s\u0131 ise tam merkezde konumlanan, 19. y\u00fczy\u0131l\u0131n ortalar\u0131nda ge\u00e7 klasik tarzda in\u015fa edilen Belediye Saray\u0131 (Town Hall). <\/p>\n\n\n\n<p>Meydan\u0131n yak\u0131nlar\u0131nda yer alan Bukovinian Bankas\u0131 g\u00fczelli\u011fi ile sizi i\u00e7ine \u00e7ekiyor. Do\u011fu Avrupa&#8217;daki modern mimarinin en g\u00fczel \u00f6rneklerinden biri olarak kabul edilen bu yap\u0131 g\u00fcn\u00fcm\u00fczde sanat m\u00fczesi olarak hizmet veriyor.<\/p>\n\n\n\n<p>Sanat M\u00fczesi, pazartesi hari\u00e7 haftan\u0131n 6 g\u00fcn\u00fc 09.00-17.00 saatleri aras\u0131nda 25UAH kar\u015f\u0131l\u0131\u011f\u0131nda ziyaret edilebiliyor.<\/p>\n\n\n\n<h3 class=\"wp-block-heading\"><span class=\"ez-toc-section\" id=\"3_st_nicholas_katedrali\"><\/span><strong>3. St. Nicholas Katedrali<\/strong><span class=\"ez-toc-section-end\"><\/span><\/h3>\n\n\n\n<figure class=\"wp-block-image size-large is-style-default\"><img width=\"1024\" height=\"680\" loading=\"lazy\" decoding=\"async\" src=\"data:image\/svg+xml;base64,PHN2ZyB4bWxucz0iaHR0cDovL3d3dy53My5vcmcvMjAwMC9zdmciIHdpZHRoPSIxMDI0IiBoZWlnaHQ9IjY4MCI+PHJlY3Qgd2lkdGg9IjEwMCUiIGhlaWdodD0iMTAwJSI+PGFuaW1hdGUgYXR0cmlidXRlTmFtZT0iZmlsbCIgdmFsdWVzPSJyZ2JhKDE1MywxNTMsMTUzLDAuNSk7cmdiYSgxNTMsMTUzLDE1MywwLjEpO3JnYmEoMTUzLDE1MywxNTMsMC41KSIgZHVyPSIycyIgcmVwZWF0Q291bnQ9ImluZGVmaW5pdGUiIC8+PC9yZWN0Pjwvc3ZnPg==\" alt=\"Chernivtsi St. Nicholas Katedrali\" class=\"wp-post-18973 wp-image-19441\" data-public-id=\"Chernivtsi-Nicholas-Katedrali\/Chernivtsi-Nicholas-Katedrali.jpg\" data-format=\"jpg\" data-transformations=\"f_auto,q_auto:low\" data-version=\"1624605091\" data-seo=\"1\" data-size=\"1024 680\" data-srcset=\"https:\/\/res.cloudinary.com\/turna\/images\/w_1024,h_680,c_scale\/f_auto,q_auto:low\/v1624605091\/Chernivtsi-Nicholas-Katedrali\/Chernivtsi-Nicholas-Katedrali.jpg?_i=AA 1024w, https:\/\/res.cloudinary.com\/turna\/images\/w_800,h_531,c_scale\/f_auto,q_auto:low\/v1624605091\/Chernivtsi-Nicholas-Katedrali\/Chernivtsi-Nicholas-Katedrali.jpg?_i=AA 800w, https:\/\/res.cloudinary.com\/turna\/images\/w_300,h_199,c_scale\/f_auto,q_auto:low\/v1624605091\/Chernivtsi-Nicholas-Katedrali\/Chernivtsi-Nicholas-Katedrali.jpg?_i=AA 300w, https:\/\/res.cloudinary.com\/turna\/images\/w_1536,h_1020,c_scale\/f_auto,q_auto:low\/v1624605091\/Chernivtsi-Nicholas-Katedrali\/Chernivtsi-Nicholas-Katedrali.jpg?_i=AA 1536w, https:\/\/res.cloudinary.com\/turna\/images\/w_632,h_420,c_scale\/f_auto,q_auto:low\/v1624605091\/Chernivtsi-Nicholas-Katedrali\/Chernivtsi-Nicholas-Katedrali.jpg?_i=AA 632w, https:\/\/res.cloudinary.com\/turna\/images\/w_640,h_425,c_scale\/f_auto,q_auto:low\/v1624605091\/Chernivtsi-Nicholas-Katedrali\/Chernivtsi-Nicholas-Katedrali.jpg?_i=AA 640w, https:\/\/res.cloudinary.com\/turna\/images\/w_681,h_452,c_scale\/f_auto,q_auto:low\/v1624605091\/Chernivtsi-Nicholas-Katedrali\/Chernivtsi-Nicholas-Katedrali.jpg?_i=AA 681w, https:\/\/res.cloudinary.com\/turna\/images\/f_auto,q_auto:low\/v1624605091\/Chernivtsi-Nicholas-Katedrali\/Chernivtsi-Nicholas-Katedrali.jpg?_i=AA 2048w\" data-sizes=\"(max-width: 1024px) 100vw, 1024px\" data-delivery=\"upload\" onload=\";window.CLDBind?CLDBind(this):null;\" data-cloudinary=\"lazy\" \/><\/figure>\n\n\n\n<p><strong>St. Nicholas Katedrali<\/strong> (St. Nicholas Cathedral), \u00c7ernivtsi&#8217;nin merkezinde, Russkaya Caddesi\u2019nde yer al\u0131yor. S\u0131ra d\u0131\u015f\u0131 mimarisi nedeniyle \u015fehrin en orijinal yap\u0131s\u0131 olarak kabul edilen katedralin d\u00f6rt k\u00fc\u00e7\u00fck kubbesi, b\u00fcy\u00fck ana kubbeye yaslanm\u0131\u015f g\u00f6r\u00fcn\u00fcyor.<\/p>\n\n\n\n<p>Kubbelerin ilgin\u00e7 tasar\u0131m\u0131na uzun s\u00fcre bak\u0131ld\u0131\u011f\u0131nda insan\u0131n ba\u015f\u0131n\u0131 d\u00f6nd\u00fcren bir his ya\u015fatmas\u0131 nedeniyle kiliseye halk aras\u0131nda &#8216;Sarho\u015f Kilise&#8217; deniliyor.<\/p>\n\n\n\n<p>Romanya&#8217;n\u0131n Curtea de Arge\u015f \u015fehrindeki 14. y\u00fczy\u0131ldan kalma kraliyet kilisesi \u00f6rnek al\u0131narak 1930 y\u0131l\u0131nda in\u015fa edilen katedral, daha \u00f6nceden ayn\u0131 b\u00f6lgede yer alan ba\u015fka bir kilisenin temeli \u00fczerinde duruyor.<\/p>\n\n\n\n<p>Etkileyici i\u00e7 dekorasyonu, vitray pencereleri, yald\u0131zl\u0131 tonozlar\u0131 ve ya\u011fl\u0131 boya tablolar\u0131 katedralin \u00f6ne \u00e7\u0131kan \u00f6zellikleri aras\u0131nda. St. Nicholas Katedrali ziyaret saatleri haftan\u0131n 7 g\u00fcn\u00fc 10.00-17.00. St. Nicholas Katedrali giri\u015f \u00fccreti 80UAH.<\/p>\n\n\n\n<h3 class=\"wp-block-heading\"><span class=\"ez-toc-section\" id=\"4_eski_ermeni_kilisesi\"><\/span><strong>4. Eski Ermeni Kilisesi<\/strong><span class=\"ez-toc-section-end\"><\/span><\/h3>\n\n\n\n<p><strong>Eski Ermeni Kilisesi, <\/strong>\u00c7ernivtsi \u015fehir merkezinde Gotik ve Ukrayna Barok mimari \u00fcslup \u00f6zellikleri ile g\u00f6rkemli bir yap\u0131. \u00c7ek Mimar Josef Hl\u00e1vka&#8217;n\u0131n 1800&#8217;l\u00fc y\u0131llar\u0131n sonunda in\u015fa etti\u011fi kilise g\u00fcn\u00fcm\u00fczde konser salonu olarak hizmet veriyor. Kilisenin freskleri ve d\u0131\u015f cephesi etkileyici bir g\u00f6r\u00fcn\u00fcme sahip.<\/p>\n\n\n\n<p>Eski Ermeni Kilisesi ziyaret saatleri 10.00-17.00. Kilisede konser d\u00fczenlenen g\u00fcnlerde ziyaret\u00e7iler i\u00e7in kapan\u0131\u015f saati daha erkene al\u0131n\u0131yor. Eski Ermeni Kilisesi giri\u015f \u00fccreti 20UAH. <\/p>\n\n\n\n<h3 class=\"wp-block-heading\"><span class=\"ez-toc-section\" id=\"5_turk_kuyusu\"><\/span><strong>5. T\u00fcrk Kuyusu<\/strong><span class=\"ez-toc-section-end\"><\/span><\/h3>\n\n\n\n<figure class=\"wp-block-image size-large is-style-default\"><img width=\"800\" height=\"500\" loading=\"lazy\" decoding=\"async\" src=\"data:image\/svg+xml;base64,PHN2ZyB4bWxucz0iaHR0cDovL3d3dy53My5vcmcvMjAwMC9zdmciIHdpZHRoPSI4MDAiIGhlaWdodD0iNTAwIj48cmVjdCB3aWR0aD0iMTAwJSIgaGVpZ2h0PSIxMDAlIj48YW5pbWF0ZSBhdHRyaWJ1dGVOYW1lPSJmaWxsIiB2YWx1ZXM9InJnYmEoMTUzLDE1MywxNTMsMC41KTtyZ2JhKDE1MywxNTMsMTUzLDAuMSk7cmdiYSgxNTMsMTUzLDE1MywwLjUpIiBkdXI9IjJzIiByZXBlYXRDb3VudD0iaW5kZWZpbml0ZSIgLz48L3JlY3Q+PC9zdmc+\" alt=\"Turkish Well\" class=\"wp-post-18973 wp-image-19442\" data-public-id=\"Turkish-Well\/Turkish-Well.jpg\" data-format=\"jpg\" data-transformations=\"f_auto,q_auto:low\" data-version=\"1624605182\" data-seo=\"1\" data-size=\"800 500\" data-srcset=\"https:\/\/res.cloudinary.com\/turna\/images\/f_auto,q_auto:low\/v1624605182\/Turkish-Well\/Turkish-Well.jpg?_i=AA 800w, https:\/\/res.cloudinary.com\/turna\/images\/w_300,h_188,c_scale\/f_auto,q_auto:low\/v1624605182\/Turkish-Well\/Turkish-Well.jpg?_i=AA 300w, https:\/\/res.cloudinary.com\/turna\/images\/w_672,h_420,c_scale\/f_auto,q_auto:low\/v1624605182\/Turkish-Well\/Turkish-Well.jpg?_i=AA 672w, https:\/\/res.cloudinary.com\/turna\/images\/w_640,h_400,c_scale\/f_auto,q_auto:low\/v1624605182\/Turkish-Well\/Turkish-Well.jpg?_i=AA 640w, https:\/\/res.cloudinary.com\/turna\/images\/w_681,h_426,c_scale\/f_auto,q_auto:low\/v1624605182\/Turkish-Well\/Turkish-Well.jpg?_i=AA 681w\" data-sizes=\"(max-width: 800px) 100vw, 800px\" data-delivery=\"upload\" onload=\";window.CLDBind?CLDBind(this):null;\" data-cloudinary=\"lazy\" \/><\/figure>\n\n\n\n<p><strong>T\u00fcrk Kuyusu<\/strong> (Turkish Well), Tiyatro Meydan\u0131&#8217;n\u0131n yan\u0131 ba\u015f\u0131nda, \u015fehrin Osmanl\u0131 hakimiyeti alt\u0131nda oldu\u011fu d\u00f6nemde in\u015fa edilmi\u015f. Osmanl\u0131&#8217;n\u0131n geleneksel mimarisini yans\u0131tan bir \u00e7e\u015fme ve \u00fc\u00e7 su kuyusu meydan\u0131n en ilgin\u00e7 tarihi yap\u0131lar\u0131ndan. T\u00fcrk \u00c7e\u015fmesi&#8217;nin musluklar\u0131 ve i\u015flemeleri ise g\u00fcn\u00fcm\u00fcze ula\u015famam\u0131\u015f.<\/p>\n\n\n\n<h3 class=\"wp-block-heading\"><span class=\"ez-toc-section\" id=\"6_hotyn\"><\/span><strong>6. Hotyn<\/strong><span class=\"ez-toc-section-end\"><\/span><\/h3>\n\n\n\n<p><strong>Hotyn<\/strong>, \u00c7ernivtsi \u015fehir merkezine 70 km uzakl\u0131kta tarihi ge\u00e7mi\u015fi bin y\u0131ldan eski olan bir kale. Bukovina b\u00f6lgesinin en \u00f6nemli turizm ve k\u00fclt\u00fcr merkezlerinden biri olan Hotyn, modern Ukrayna topraklar\u0131ndaki en g\u00fc\u00e7l\u00fc ve en iyi korunmu\u015f kalelerden biri olarak kabul ediliyor.<\/p>\n\n\n\n<p>11. y\u00fczy\u0131lda ah\u015fap malzemeden in\u015fa edilen kale, 200 y\u0131l sonra ta\u015f i\u015f\u00e7ili\u011fi ile yenilenmi\u015f. 15. y\u00fczy\u0131lda modern g\u00f6r\u00fcn\u00fcm\u00fcne kavu\u015fan kale, 5 metre geni\u015fli\u011finde ve 50 metre y\u00fcksekli\u011findeki sur yap\u0131s\u0131n\u0131n etraf\u0131nda uzan\u0131yor. Kalenin i\u00e7erisinde vitraylar\u0131yla dikkat \u00e7eken bir de kilise yer al\u0131yor.<\/p>\n\n\n\n<p>Hotyn ziyaret saatleri ekim-nisan 09.00-18.00, may\u0131s-eyl\u00fcl 08.00-20.00. Kale, haftan\u0131n 7 g\u00fcn\u00fc ziyarete a\u00e7\u0131k. Hotyn giri\u015f \u00fccreti 20UAH.<\/p>\n\n\n\n<h3 class=\"wp-block-heading\"><span class=\"ez-toc-section\" id=\"7_bukovinian_metropolitan_evi\"><\/span><strong>7. Bukovinian Metropolitan Evi<\/strong><span class=\"ez-toc-section-end\"><\/span><\/h3>\n\n\n\n<figure class=\"wp-block-image size-large is-style-default\"><img width=\"800\" height=\"500\" loading=\"lazy\" decoding=\"async\" src=\"data:image\/svg+xml;base64,PHN2ZyB4bWxucz0iaHR0cDovL3d3dy53My5vcmcvMjAwMC9zdmciIHdpZHRoPSI4MDAiIGhlaWdodD0iNTAwIj48cmVjdCB3aWR0aD0iMTAwJSIgaGVpZ2h0PSIxMDAlIj48YW5pbWF0ZSBhdHRyaWJ1dGVOYW1lPSJmaWxsIiB2YWx1ZXM9InJnYmEoMTUzLDE1MywxNTMsMC41KTtyZ2JhKDE1MywxNTMsMTUzLDAuMSk7cmdiYSgxNTMsMTUzLDE1MywwLjUpIiBkdXI9IjJzIiByZXBlYXRDb3VudD0iaW5kZWZpbml0ZSIgLz48L3JlY3Q+PC9zdmc+\" alt=\"Bukovinian Metropolitan\u2019s Residence\" class=\"wp-post-18973 wp-image-19445\" data-public-id=\"Bukovinian-Metropolitan-House\/Bukovinian-Metropolitan-House.jpg\" data-format=\"jpg\" data-transformations=\"f_auto,q_auto:low\" data-version=\"1624605560\" data-seo=\"1\" data-size=\"800 500\" data-srcset=\"https:\/\/res.cloudinary.com\/turna\/images\/f_auto,q_auto:low\/v1624605560\/Bukovinian-Metropolitan-House\/Bukovinian-Metropolitan-House.jpg?_i=AA 800w, https:\/\/res.cloudinary.com\/turna\/images\/w_300,h_188,c_scale\/f_auto,q_auto:low\/v1624605560\/Bukovinian-Metropolitan-House\/Bukovinian-Metropolitan-House.jpg?_i=AA 300w, https:\/\/res.cloudinary.com\/turna\/images\/w_672,h_420,c_scale\/f_auto,q_auto:low\/v1624605560\/Bukovinian-Metropolitan-House\/Bukovinian-Metropolitan-House.jpg?_i=AA 672w, https:\/\/res.cloudinary.com\/turna\/images\/w_640,h_400,c_scale\/f_auto,q_auto:low\/v1624605560\/Bukovinian-Metropolitan-House\/Bukovinian-Metropolitan-House.jpg?_i=AA 640w, https:\/\/res.cloudinary.com\/turna\/images\/w_681,h_426,c_scale\/f_auto,q_auto:low\/v1624605560\/Bukovinian-Metropolitan-House\/Bukovinian-Metropolitan-House.jpg?_i=AA 681w\" data-sizes=\"(max-width: 800px) 100vw, 800px\" data-delivery=\"upload\" onload=\";window.CLDBind?CLDBind(this):null;\" data-cloudinary=\"lazy\" \/><\/figure>\n\n\n\n<p><strong>Bukovinian Metropolitan Evi<\/strong> (Bukovinian Metropolitan\u2019s Residence), muhte\u015fem g\u00fczelli\u011fi ve ihti\u015fam\u0131 ile Chernivtsi&#8217;nin ana hazinesi ve yerel sakinlerin gururu. Farkl\u0131 mimari \u00fcsluplar\u0131n uyumlu bir \u015fekilde birle\u015fti\u011fi bu e\u015fsiz kompleks, Chernivtsi&#8217;ye gelen ziyaret\u00e7ilerin haf\u0131zalar\u0131na silinmez bir iz b\u0131rak\u0131yor.<\/p>\n\n\n\n<p>19. y\u00fczy\u0131lda Avusturya H\u00fck\u00fcmdar\u0131 I. Franz&#8217;\u0131n Bukovinianl\u0131 rahiplerin konaklayabilecekleri daha geni\u015f bir yap\u0131 in\u015fa edilmesi emri \u00fczerine kurulmu\u015f. Romantizm ve Bizans tarzlar\u0131n\u0131n etkilerinin g\u00f6r\u00fcld\u00fc\u011f\u00fc yap\u0131, geni\u015f bir park\u0131n etraf\u0131na in\u015fa edilmi\u015f ve b\u00fcy\u00fck kap\u0131larla korunan \u00fc\u00e7 binadan olu\u015fuyor.<\/p>\n\n\n\n<p>G\u00fcn\u00fcm\u00fczde Chernivtsi Ulusal \u00dcniversitesi&#8217;nin (Chernivtsi University) birka\u00e7 fak\u00fcltesine de ev sahipli\u011fi yapan yap\u0131, \u015fehrin en g\u00f6zde turistik noktalar\u0131ndan. Binan\u0131n mermer kapl\u0131 salonu ise en dikkat \u00e7eken yeri.<\/p>\n\n\n\n<p>Bukovinian Metropolitan Evi ziyaret saatleri 08.00-18.00. Bukovinian Metropolitan Evi, cumartesi ve pazar g\u00fcnleri ziyarete kapal\u0131. Bukovinian Metropolitan Evi giri\u015f \u00fccreti 10UAH.<\/p>\n\n    <div class=\"xs_social_share_widget xs_share_url after_content \t\tmain_content  wslu-style-1 wslu-share-box-shaped wslu-fill-colored wslu-none wslu-share-horizontal wslu-theme-font-no wslu-main_content\">\n\n\t\t\n        <ul>\n\t\t\t        <\/ul>\n    <\/div> \n","protected":false},"excerpt":{"rendered":"<p>\u00c7ernivtsi (Chernivtsi), Ukrayna&#8217;da&nbsp;\u00c7ernivtsi&nbsp;y\u00f6netim biriminin merkezi. Karpat Da\u011flar\u0131n\u0131n eteklerinde, Yukar\u0131&nbsp;Prut Nehri\u2019nin&nbsp;\u00fczerinde ve \u00fclkenin bat\u0131s\u0131nda yer alan \u00c7ernivtsi, tarihi Moldavya b\u00f6lgesinin bir par\u00e7as\u0131. Romanya ve Moldova s\u0131n\u0131r\u0131na \u00e7ok yak\u0131n bir konumda bulunan kent, Lviv ile bilikte Bat\u0131 Ukrayna&#8217;n\u0131n en \u00f6nemli k\u00fclt\u00fcr merkezlerinden biri. Benzersiz enerjisi ve b\u00fcy\u00fcl\u00fc atmosferi ile b\u00f6lgedeki di\u011fer kentlerden ayr\u0131lan \u00c7ernivtsi, eklektik mimarisi, zengin [&hellip;]<\/p>\n","protected":false},"author":9,"featured_media":19435,"comment_status":"open","ping_status":"open","sticky":false,"template":"","format":"standard","meta":{"rop_custom_images_group":[],"rop_custom_messages_group":[],"rop_publish_now":"initial","rop_publish_now_accounts":[],"rop_publish_now_history":[],"rop_publish_now_status":"pending","_cloudinary_featured_overwrite":false,"footnotes":""},"categories":[986],"tags":[2330,2331],"class_list":["post-18973","post","type-post","status-publish","format-standard","has-post-thumbnail","hentry","category-ukrayna","tag-cernivtsi","tag-chernivtsi"],"_links":{"self":[{"href":"https:\/\/www.turna.com\/blog\/wp-json\/wp\/v2\/posts\/18973","targetHints":{"allow":["GET"]}}],"collection":[{"href":"https:\/\/www.turna.com\/blog\/wp-json\/wp\/v2\/posts"}],"about":[{"href":"https:\/\/www.turna.com\/blog\/wp-json\/wp\/v2\/types\/post"}],"author":[{"embeddable":true,"href":"https:\/\/www.turna.com\/blog\/wp-json\/wp\/v2\/users\/9"}],"replies":[{"embeddable":true,"href":"https:\/\/www.turna.com\/blog\/wp-json\/wp\/v2\/comments?post=18973"}],"version-history":[{"count":0,"href":"https:\/\/www.turna.com\/blog\/wp-json\/wp\/v2\/posts\/18973\/revisions"}],"wp:featuredmedia":[{"embeddable":true,"href":"https:\/\/www.turna.com\/blog\/wp-json\/wp\/v2\/media\/19435"}],"wp:attachment":[{"href":"https:\/\/www.turna.com\/blog\/wp-json\/wp\/v2\/media?parent=18973"}],"wp:term":[{"taxonomy":"category","embeddable":true,"href":"https:\/\/www.turna.com\/blog\/wp-json\/wp\/v2\/categories?post=18973"},{"taxonomy":"post_tag","embeddable":true,"href":"https:\/\/www.turna.com\/blog\/wp-json\/wp\/v2\/tags?post=18973"}],"curies":[{"name":"wp","href":"https:\/\/api.w.org\/{rel}","templated":true}]}}