{"id":18968,"date":"2021-05-21T08:01:00","date_gmt":"2021-05-21T05:01:00","guid":{"rendered":"https:\/\/www.turna.com\/blog\/?p=18968"},"modified":"2025-12-11T10:09:21","modified_gmt":"2025-12-11T07:09:21","slug":"yunan-adalari-hydra","status":"publish","type":"post","link":"https:\/\/www.turna.com\/blog\/yunan-adalari-hydra","title":{"rendered":"Yunan Adalar\u0131: Hydra"},"content":{"rendered":"<div id=\"ez-toc-container\" class=\"ez-toc-v2_0_82_2 counter-hierarchy ez-toc-counter ez-toc-black ez-toc-container-direction\">\n<div class=\"ez-toc-title-container\">\n<p class=\"ez-toc-title\" style=\"cursor:inherit\">\u0130\u00e7indekiler<\/p>\n<span class=\"ez-toc-title-toggle\"><a href=\"#\" class=\"ez-toc-pull-right ez-toc-btn ez-toc-btn-xs ez-toc-btn-default ez-toc-toggle\" aria-label=\"\u0130\u00e7indekiler Tablosunu A\u00e7\/Kapat\"><span class=\"ez-toc-js-icon-con\"><span class=\"\"><span class=\"eztoc-hide\" style=\"display:none;\">Toggle<\/span><span class=\"ez-toc-icon-toggle-span\"><svg style=\"fill: #ffffff;color:#ffffff\" xmlns=\"http:\/\/www.w3.org\/2000\/svg\" class=\"list-377408\" width=\"20px\" height=\"20px\" viewBox=\"0 0 24 24\" fill=\"none\"><path d=\"M6 6H4v2h2V6zm14 0H8v2h12V6zM4 11h2v2H4v-2zm16 0H8v2h12v-2zM4 16h2v2H4v-2zm16 0H8v2h12v-2z\" fill=\"currentColor\"><\/path><\/svg><svg style=\"fill: #ffffff;color:#ffffff\" class=\"arrow-unsorted-368013\" xmlns=\"http:\/\/www.w3.org\/2000\/svg\" width=\"10px\" height=\"10px\" viewBox=\"0 0 24 24\" version=\"1.2\" baseProfile=\"tiny\"><path d=\"M18.2 9.3l-6.2-6.3-6.2 6.3c-.2.2-.3.4-.3.7s.1.5.3.7c.2.2.4.3.7.3h11c.3 0 .5-.1.7-.3.2-.2.3-.5.3-.7s-.1-.5-.3-.7zM5.8 14.7l6.2 6.3 6.2-6.3c.2-.2.3-.5.3-.7s-.1-.5-.3-.7c-.2-.2-.4-.3-.7-.3h-11c-.3 0-.5.1-.7.3-.2.2-.3.5-.3.7s.1.5.3.7z\"\/><\/svg><\/span><\/span><\/span><\/a><\/span><\/div>\n<nav><ul class='ez-toc-list ez-toc-list-level-1 eztoc-toggle-hide-by-default' ><li class='ez-toc-page-1 ez-toc-heading-level-2'><a class=\"ez-toc-link ez-toc-heading-1\" href=\"https:\/\/www.turna.com\/blog\/yunan-adalari-hydra\/#hydra_adasi_yunanistan\" >Hydra Adas\u0131, Yunanistan<\/a><\/li><li class='ez-toc-page-1 ez-toc-heading-level-2'><a class=\"ez-toc-link ez-toc-heading-2\" href=\"https:\/\/www.turna.com\/blog\/yunan-adalari-hydra\/#hydra_gezilecek_yerler\" >Hydra Gezilecek Yerler<\/a><ul class='ez-toc-list-level-3' ><li class='ez-toc-heading-level-3'><a class=\"ez-toc-link ez-toc-heading-3\" href=\"https:\/\/www.turna.com\/blog\/yunan-adalari-hydra\/#1_hydra_limani\" >1. Hydra Liman\u0131<\/a><\/li><li class='ez-toc-page-1 ez-toc-heading-level-3'><a class=\"ez-toc-link ez-toc-heading-4\" href=\"https:\/\/www.turna.com\/blog\/yunan-adalari-hydra\/#2_lazaros_koundouriotis_evi\" >2. Lazaros Koundouriotis Evi<\/a><\/li><li class='ez-toc-page-1 ez-toc-heading-level-3'><a class=\"ez-toc-link ez-toc-heading-5\" href=\"https:\/\/www.turna.com\/blog\/yunan-adalari-hydra\/#3_guzel_sanatlar_okulu\" >3. G\u00fczel Sanatlar Okulu<\/a><\/li><li class='ez-toc-page-1 ez-toc-heading-level-3'><a class=\"ez-toc-link ez-toc-heading-6\" href=\"https:\/\/www.turna.com\/blog\/yunan-adalari-hydra\/#4_tarihi_arsiv_muzesi\" >4. Tarihi Ar\u015fiv M\u00fczesi<\/a><\/li><li class='ez-toc-page-1 ez-toc-heading-level-3'><a class=\"ez-toc-link ez-toc-heading-7\" href=\"https:\/\/www.turna.com\/blog\/yunan-adalari-hydra\/#5_hydra_plajlari\" >5. Hydra plajlar\u0131<\/a><\/li><\/ul><\/li><li class='ez-toc-page-1 ez-toc-heading-level-2'><a class=\"ez-toc-link ez-toc-heading-8\" href=\"https:\/\/www.turna.com\/blog\/yunan-adalari-hydra\/#hydra_adasi_nasil_gidilir\" >Hydra Adas\u0131 nas\u0131l gidilir<\/a><\/li><\/ul><\/nav><\/div>\n\n<p><strong>Hydra Adas\u0131<\/strong>, Ege Denizi&#8217;nde, Atina&#8217;n\u0131n yakla\u015f\u0131k 70 km g\u00fcneybat\u0131s\u0131nda yer alan Yunanistan&#8217;\u0131n Saronik Adalar\u0131&#8217;n\u0131n par\u00e7as\u0131. Bir\u00e7ok Atinal\u0131n\u0131n \u015fehirden hafta sonu uzakla\u015fmak i\u00e7in tercih etti\u011fi, pek \u00e7ok Atinal\u0131n\u0131n ise yazl\u0131k evinin bulundu\u011fu Hydra&#8217;ya Pire Liman\u0131ndan 90 dakikal\u0131k bir feribot yolculu\u011fu ile ula\u015f\u0131labiliyor. Adan\u0131n g\u00fcn\u00fcbirlik ya da hafta sonu gezileri i\u00e7in Atina&#8217;ya \u00e7ok yak\u0131n bir konumda yer almas\u0131 adan\u0131n pop\u00fcler olmas\u0131nda en b\u00fcy\u00fck etken.<\/p>\n\n\n\n<p>Hydra Adas\u0131n\u0131 di\u011fer Yunan adalar\u0131ndan ay\u0131ran en \u00f6nemli iki \u00f6zellik adan\u0131n motorlu ara\u00e7 trafi\u011fine tamamen kapal\u0131 olmas\u0131, di\u011feri ise adan\u0131n cazibesinin ve tarihi dokusunun korunmas\u0131 amac\u0131yla yeni yap\u0131la\u015fman\u0131n neredeyse tamamen yasaklanm\u0131\u015f olmas\u0131. Ada ile ayn\u0131 ismi ta\u015f\u0131yan liman \u00e7evresinde konumlanan adan\u0131n merkezi, tepelere do\u011fru geni\u015fliyor.<\/p>\n\n\n\n<figure class=\"wp-block-image size-large\"><img width=\"800\" height=\"500\" data-public-id=\"hydra-adasi\/hydra-adasi.jpg\" fetchpriority=\"high\" decoding=\"async\" src=\"https:\/\/res.cloudinary.com\/turna\/images\/w_800,h_500,c_scale\/f_auto,q_auto:low\/v1619335060\/hydra-adasi\/hydra-adasi.jpg?_i=AA\" alt=\"hydra adas\u0131\" class=\"wp-post-18968 wp-image-19073\" data-format=\"jpg\" data-transformations=\"f_auto,q_auto:low\" data-version=\"1619335060\" data-seo=\"1\" srcset=\"https:\/\/res.cloudinary.com\/turna\/images\/f_auto,q_auto:low\/v1619335060\/hydra-adasi\/hydra-adasi.jpg?_i=AA 800w, https:\/\/res.cloudinary.com\/turna\/images\/w_300,h_188,c_scale\/f_auto,q_auto:low\/v1619335060\/hydra-adasi\/hydra-adasi.jpg?_i=AA 300w, https:\/\/res.cloudinary.com\/turna\/images\/w_672,h_420,c_scale\/f_auto,q_auto:low\/v1619335060\/hydra-adasi\/hydra-adasi.jpg?_i=AA 672w, https:\/\/res.cloudinary.com\/turna\/images\/w_640,h_400,c_scale\/f_auto,q_auto:low\/v1619335060\/hydra-adasi\/hydra-adasi.jpg?_i=AA 640w, https:\/\/res.cloudinary.com\/turna\/images\/w_681,h_426,c_scale\/f_auto,q_auto:low\/v1619335060\/hydra-adasi\/hydra-adasi.jpg?_i=AA 681w\" sizes=\"(max-width: 800px) 100vw, 800px\" \/><\/figure>\n\n\n\n<h2 class=\"wp-block-heading has-text-align-center\"><span class=\"ez-toc-section\" id=\"hydra_adasi_yunanistan\"><\/span><strong>Hydra Adas\u0131, Yunanistan<\/strong><span class=\"ez-toc-section-end\"><\/span><\/h2>\n\n\n\n<p><strong>Hydra Adas\u0131<\/strong>, Ege Denizi\u2019nde Saronik K\u00f6rfezi ile Argolik K\u00f6rfezi aras\u0131nda bulunuyor. Atina&#8217;n\u0131n yakla\u015f\u0131k 70 km g\u00fcneybat\u0131s\u0131nda yer alan Hydra, Saronik Adalar\u0131&#8217;n\u0131n bir par\u00e7as\u0131. Saronik Adalar\u0131&#8217;nda, bir\u00e7ok Atinal\u0131n\u0131n Hydra Adas\u0131&#8217;nda yazl\u0131k evleri bulunuyor.<\/p>\n\n\n\n<p>Yunan Adalar\u0131 ifadesini duydu\u011fumuzda g\u00f6z\u00fcm\u00fczde hemen cennet gibi bir yer canlan\u0131yor. S\u0131cak yaz g\u00fcnlerinde plajda uzanmak, serinlemek i\u00e7in masmavi berrak suya dalmak, adaya gelen ve giden yatlar ile cruise gemilerini seyretmek. Deniz kenar\u0131ndaki kafelerden birine oturup buzlu kahve, limonata, so\u011fuk \u00e7ay veya ouzo i\u00e7mek. Souvlaka, mousaka veya baklava yemek.<\/p>\n\n\n\n<p>Restoranlarda Yunan danslar\u0131 oynay\u0131p tabak k\u0131rmak ve muhte\u015fem y\u0131ld\u0131zlar\u0131n alt\u0131nda otellerin \u00e7at\u0131lar\u0131nda uyuyakalmak. T\u00fcm aday\u0131 dola\u015fmak ve \u00e7\u0131plakl\u0131\u011f\u0131n oldu\u011fu plajlar ke\u015ffetmek. D\u00fckkan ve marketlerde al\u0131\u015fveri\u015f yapmak.&nbsp;Yunan Hydra Adas\u0131\u2019ndaki cennete benzeyen ya\u015fam bunlardan ibaret.<\/p>\n\n\n\n<p>Tarih boyunca bir\u00e7ok kez fethedilen Hydra Adas\u0131 zengin bir tarihe sahip. Farkl\u0131 k\u00fclt\u00fcrlerin ve adaya gelip yerle\u015fen insanlar\u0131n izleri hala sokaklar g\u00f6r\u00fclebiliyor. Ada y\u00fczy\u0131llar boyunca bir\u00e7ok kez sat\u0131lm\u0131\u015f ve el de\u011fi\u015ftirmi\u015f. Hydra Adas\u0131 ad\u0131n\u0131 yunanca su kelimesinden al\u0131yor. Bu ad\u0131n verilmesinin sebebi adada bulunan antik su kaynaklar\u0131. Ancak bug\u00fcn ne yaz\u0131k ki bu kaynaklardan neredeyse tamam\u0131 kurumu\u015f ve adaya Yunanistan ana karas\u0131ndan tanker gemilerle su getiriliyor.<\/p>\n\n\n\n<p>Antik Yunan d\u00f6neminde Hydra Adas\u0131\u2019n\u0131n Yunan yar\u0131madas\u0131ndaki krall\u0131klar i\u00e7in denizcilik \u00fcss\u00fc olarak g\u00f6rev g\u00f6rd\u00fc\u011f\u00fc d\u00fc\u015f\u00fcn\u00fcl\u00fcyor.&nbsp;M\u00d6&nbsp;12. y\u00fczy\u0131ldaki Dor istilas\u0131 adan\u0131n bo\u015falmas\u0131na neden olmu\u015f. 8. y\u00fczy\u0131lda ada \u00e7ift\u00e7iler ve hayvan yeti\u015ftiricileri taraf\u0131ndan yeniden doldurulmu\u015f ve ekonomisi tar\u0131ma yaslanm\u0131\u015f.&nbsp;<\/p>\n\n\n\n<p>Adada bulunan vazo ve madeni para kal\u0131nt\u0131lar\u0131ndan anla\u015f\u0131ld\u0131\u011f\u0131na g\u00f6re Hydra Bizans D\u00f6neminde de kullan\u0131lm\u0131\u015f.&nbsp;Latin Konstantin \u0130mparatorlu\u011fu d\u00f6neminde korsanlar\u0131n adaya sald\u0131rmas\u0131 nedeniyle ada pop\u00fclerli\u011fini kaybetmi\u015f. Hydra 1204-1566 y\u0131llar\u0131 aras\u0131nda Venedik\u2019e ba\u011fl\u0131 kalm\u0131\u015f ve uzun s\u00fcren bir istikrar sa\u011flanm\u0131\u015f.&nbsp;1566-1821 y\u0131llar\u0131 aras\u0131nda Osmanl\u0131 \u0130mparatorlu\u011fu\u2019nun eline ge\u00e7en ada nispeten \u00f6nemini tekrar kaybetmi\u015f.<\/p>\n\n\n\n<p>Hydra 1718&#8217;den sonra \u00f6nem kazanmaya ba\u015flad\u0131 ve Pasoraf\u00e7a Antla\u015fmas\u0131 ile Avrupa\u2019daki limanlar aras\u0131nda g\u00fc\u00e7l\u00fc bir ticaret merkezi haline geldi.&nbsp;Osmanl\u0131 ile anla\u015fma imzalayan Ruslar\u0131n Ege ile Karadeniz\u2019e ge\u00e7i\u015f serbestli\u011fi ile ada tekrar \u00f6nem kazanmaya ba\u015flad\u0131.<\/p>\n\n\n\n<p>1792 y\u0131l\u0131nda aday\u0131 vuran salg\u0131n nedeniyle n\u00fcfusun b\u00fcy\u00fck \u00e7o\u011funlu\u011fu hayat\u0131n\u0131 kaybetti veya ta\u015f\u0131nd\u0131.&nbsp;18. y\u00fczy\u0131l\u0131n sonuna gelindi\u011finde ticaret adada \u00f6nemli bir yere sahip oldu adan\u0131n gemileri Fransa, \u0130spanya ve Amerika k\u0131talar\u0131na kadar gitmeye ba\u015flad\u0131.&nbsp;19. y\u00fczy\u0131lda ada 10 bin denizci n\u00fcfusuna ve 125 gemiye sahipti.&nbsp;Liman\u0131 s\u00fcsleyen konaklar ta\u015f\u0131mac\u0131l\u0131\u011f\u0131n adaya getirdi\u011fi zenginli\u011fin g\u00f6stergeleri oldu.<\/p>\n\n\n\n<p>Yunan Ba\u011f\u0131ms\u0131zl\u0131k Sava\u015f\u0131 s\u0131ras\u0131nda Hydra ile birlikte birka\u00e7 Yunan adas\u0131 ve Ege Denizi Osmanl\u0131\u2019n\u0131n h\u00e2kimiyetinden geri al\u0131nd\u0131. Sava\u015f\u0131n bitmesi ve resmi Yunan devletinin kurulmas\u0131yla Hydra Adas\u0131 da denizcilikteki konumunu yava\u015f yava\u015f kaybetmeye ba\u015flad\u0131.<\/p>\n\n\n\n<h2 class=\"wp-block-heading has-text-align-center\"><span class=\"ez-toc-section\" id=\"hydra_gezilecek_yerler\"><\/span><strong>Hydra Gezilecek Yerler<\/strong><span class=\"ez-toc-section-end\"><\/span><\/h2>\n\n\n\n<h3 class=\"wp-block-heading has-text-align-center\"><span class=\"ez-toc-section\" id=\"1_hydra_limani\"><\/span><strong>1. Hydra Liman\u0131<\/strong><span class=\"ez-toc-section-end\"><\/span><\/h3>\n\n\n\n<figure class=\"wp-block-image size-large\"><img width=\"800\" height=\"500\" data-public-id=\"hydra-island\/hydra-island.jpg\" decoding=\"async\" src=\"https:\/\/res.cloudinary.com\/turna\/images\/w_800,h_500,c_scale\/f_auto,q_auto:low\/v1619335057\/hydra-island\/hydra-island.jpg?_i=AA\" alt=\"hydra island\" class=\"wp-post-18968 wp-image-19074\" data-format=\"jpg\" data-transformations=\"f_auto,q_auto:low\" data-version=\"1619335057\" data-seo=\"1\" srcset=\"https:\/\/res.cloudinary.com\/turna\/images\/f_auto,q_auto:low\/v1619335057\/hydra-island\/hydra-island.jpg?_i=AA 800w, https:\/\/res.cloudinary.com\/turna\/images\/w_300,h_188,c_scale\/f_auto,q_auto:low\/v1619335057\/hydra-island\/hydra-island.jpg?_i=AA 300w, https:\/\/res.cloudinary.com\/turna\/images\/w_672,h_420,c_scale\/f_auto,q_auto:low\/v1619335057\/hydra-island\/hydra-island.jpg?_i=AA 672w, https:\/\/res.cloudinary.com\/turna\/images\/w_640,h_400,c_scale\/f_auto,q_auto:low\/v1619335057\/hydra-island\/hydra-island.jpg?_i=AA 640w, https:\/\/res.cloudinary.com\/turna\/images\/w_681,h_426,c_scale\/f_auto,q_auto:low\/v1619335057\/hydra-island\/hydra-island.jpg?_i=AA 681w\" sizes=\"(max-width: 800px) 100vw, 800px\" \/><\/figure>\n\n\n\n<p><strong>Hydra Liman\u0131<\/strong> (Hydra Port), adadaki en b\u00fcy\u00fck kasaba ve adaya ba\u015fka bir yerden gelenlerin Hydra&#8217;ya ilk ad\u0131m\u0131n\u0131 att\u0131\u011f\u0131 nokta. Hydra Port kafeler, restoranlar, marketler ve sanat galerileriyle \u00e7evrili U \u015feklinde bir limana sahip. Ta\u015f merdivenli sokaklar\u0131nda evler, oteller ile k\u00fc\u00e7\u00fck hosteller yer al\u0131yor. Adada yerlilerin ya\u015fad\u0131\u011f\u0131 birka\u00e7 kasaba daha bulunuyor ancak en canl\u0131 olan\u0131 Hydra Port.<\/p>\n\n\n\n<h3 class=\"wp-block-heading has-text-align-center\"><span class=\"ez-toc-section\" id=\"2_lazaros_koundouriotis_evi\"><\/span><strong>2. Lazaros Koundouriotis Evi<\/strong><span class=\"ez-toc-section-end\"><\/span><\/h3>\n\n\n\n<figure class=\"wp-block-image size-large\"><img width=\"800\" height=\"500\" data-public-id=\"hydra-Lazaros\/hydra-Lazaros.jpg\" decoding=\"async\" src=\"https:\/\/res.cloudinary.com\/turna\/images\/w_800,h_500,c_scale\/f_auto,q_auto:low\/v1619335736\/hydra-Lazaros\/hydra-Lazaros.jpg?_i=AA\" alt=\"hydra Lazaros\" class=\"wp-post-18968 wp-image-19077\" data-format=\"jpg\" data-transformations=\"f_auto,q_auto:low\" data-version=\"1619335736\" data-seo=\"1\" srcset=\"https:\/\/res.cloudinary.com\/turna\/images\/f_auto,q_auto:low\/v1619335736\/hydra-Lazaros\/hydra-Lazaros.jpg?_i=AA 800w, https:\/\/res.cloudinary.com\/turna\/images\/w_300,h_188,c_scale\/f_auto,q_auto:low\/v1619335736\/hydra-Lazaros\/hydra-Lazaros.jpg?_i=AA 300w, https:\/\/res.cloudinary.com\/turna\/images\/w_672,h_420,c_scale\/f_auto,q_auto:low\/v1619335736\/hydra-Lazaros\/hydra-Lazaros.jpg?_i=AA 672w, https:\/\/res.cloudinary.com\/turna\/images\/w_640,h_400,c_scale\/f_auto,q_auto:low\/v1619335736\/hydra-Lazaros\/hydra-Lazaros.jpg?_i=AA 640w, https:\/\/res.cloudinary.com\/turna\/images\/w_681,h_426,c_scale\/f_auto,q_auto:low\/v1619335736\/hydra-Lazaros\/hydra-Lazaros.jpg?_i=AA 681w\" sizes=\"(max-width: 800px) 100vw, 800px\" \/><\/figure>\n\n\n\n<p><strong>Lazaros Koundouriotis Evi<\/strong>, Hydra Adas\u0131&#8217;n\u0131n deniz ticaretinde \u00f6nemli bir rol\u00fc oldu\u011fu d\u00f6nemde, 18. y\u00fczy\u0131lda in\u015fa edilmi\u015f eski bir konakta yer al\u0131yor. Adan\u0131n mimari yap\u0131s\u0131n\u0131 yans\u0131tan konak, adan\u0131n en \u00fcnl\u00fc denizcilerinden Lazaros Koundouriotis&#8217;e ait. S\u00fcsl\u00fc ah\u015fap tavanlar\u0131 ve bodrum kat\u0131ndaki b\u00fcy\u00fck f\u0131r\u0131nlar\u0131yla adan\u0131n ge\u00e7mi\u015fini yans\u0131tan m\u00fczede dokumalar, k\u0131yafetler, m\u00fccevherler, kemer ve \u00e7\u00f6mlek gibi eserler sergileniyor.<\/p>\n\n\n\n<p>Lazaros Koundouriotis Evi ziyaret saatleri yaz d\u00f6nemi (Nisan- Ekim) 10.00 &#8211; 14.00 ve 17.30 &#8211; 20.30.; talep \u00fczerine k\u0131\u015f aylar\u0131nda grup ziyaretleri yap\u0131labiliyor. M\u00fcze, pazartesi g\u00fcnleri hari\u00e7 haftan\u0131n 6 g\u00fcn\u00fc ziyarete a\u00e7\u0131k. Lazaros Koundouriotis Evi giri\u015f \u00fccreti 4\u20ac. 18 ya\u015f alt\u0131 ziyaret\u00e7ilerden giri\u015f \u00fccreti al\u0131nm\u0131yor.<\/p>\n\n\n\n<h3 class=\"wp-block-heading has-text-align-center\"><span class=\"ez-toc-section\" id=\"3_guzel_sanatlar_okulu\"><\/span><strong>3. G\u00fczel Sanatlar Okulu<\/strong><span class=\"ez-toc-section-end\"><\/span><\/h3>\n\n\n\n<p><strong>G\u00fczel Sanatlar Okulu<\/strong>, Lazaros Koundouriotis Evi&#8217;ne yak\u0131n bir konumda yer alan adan\u0131n en eski tarihi yap\u0131lar\u0131ndan biri. Uzun y\u0131llar sanat alan\u0131nda \u00f6\u011frenci yeti\u015ftiren okul g\u00fcn\u00fcm\u00fczde m\u00fcze olarak hizmet veriyor. G\u00fczel Sanatlar Okulunun ilk m\u00fcd\u00fcr\u00fc Periklis Byzantios&#8217;un (1893\u20131972) ve o\u011flu Dikos&#8217;un (1924\u20132007) bir\u00e7ok de\u011ferli resminin sergilendi\u011fi m\u00fczede etnografik eserler de bulunuyor.<\/p>\n\n\n\n<h3 class=\"wp-block-heading has-text-align-center\"><span class=\"ez-toc-section\" id=\"4_tarihi_arsiv_muzesi\"><\/span><strong>4. Tarihi Ar\u015fiv M\u00fczesi<\/strong><span class=\"ez-toc-section-end\"><\/span><\/h3>\n\n\n\n<figure class=\"wp-block-image size-large\"><img width=\"800\" height=\"500\" data-public-id=\"Historical-Archives-Museum-Hydra\/Historical-Archives-Museum-Hydra.jpg\" loading=\"lazy\" decoding=\"async\" src=\"https:\/\/res.cloudinary.com\/turna\/images\/w_800,h_500,c_scale\/f_auto,q_auto:low\/v1619335338\/Historical-Archives-Museum-Hydra\/Historical-Archives-Museum-Hydra.jpg?_i=AA\" alt=\"Historical-Archives-Museum-Hydra\" class=\"wp-post-18968 wp-image-19075\" data-format=\"jpg\" data-transformations=\"f_auto,q_auto:low\" data-version=\"1619335338\" data-seo=\"1\" srcset=\"https:\/\/res.cloudinary.com\/turna\/images\/f_auto,q_auto:low\/v1619335338\/Historical-Archives-Museum-Hydra\/Historical-Archives-Museum-Hydra.jpg?_i=AA 800w, https:\/\/res.cloudinary.com\/turna\/images\/w_300,h_188,c_scale\/f_auto,q_auto:low\/v1619335338\/Historical-Archives-Museum-Hydra\/Historical-Archives-Museum-Hydra.jpg?_i=AA 300w, https:\/\/res.cloudinary.com\/turna\/images\/w_672,h_420,c_scale\/f_auto,q_auto:low\/v1619335338\/Historical-Archives-Museum-Hydra\/Historical-Archives-Museum-Hydra.jpg?_i=AA 672w, https:\/\/res.cloudinary.com\/turna\/images\/w_640,h_400,c_scale\/f_auto,q_auto:low\/v1619335338\/Historical-Archives-Museum-Hydra\/Historical-Archives-Museum-Hydra.jpg?_i=AA 640w, https:\/\/res.cloudinary.com\/turna\/images\/w_681,h_426,c_scale\/f_auto,q_auto:low\/v1619335338\/Historical-Archives-Museum-Hydra\/Historical-Archives-Museum-Hydra.jpg?_i=AA 681w\" sizes=\"(max-width: 800px) 100vw, 800px\" \/><\/figure>\n\n\n\n<p><strong>Tarihi Ar\u015fiv M\u00fczesi<\/strong> (Historical Archives Museum of Hydra), adan\u0131n do\u011fu r\u0131ht\u0131m\u0131nda yer al\u0131yor. Yunan Kurtulu\u015f Sava\u015f\u0131nda kullan\u0131lan askeri \u00fcniformalar, eski grav\u00fcrler, tarihi belgeler ve foto\u011fraflar\u0131n sergilendi\u011fi m\u00fcze Hydra Adas\u0131n\u0131n tarihi belle\u011fine tan\u0131k olmak i\u00e7in mutlaka u\u011franmas\u0131 gereken bir durak. M\u00fczede d\u00f6nemsel olarak ge\u00e7ici foto\u011fraf sergileri de d\u00fczenleniyor.<\/p>\n\n\n\n<p>Tarihi Ar\u015fiv M\u00fczesi ziyaret saatleri 09.00-16.00 ve yaz aylar\u0131nda ayr\u0131ca 19:30-21:30 aras\u0131nda hizmet veriyor. M\u00fcze, haftan\u0131n 7 g\u00fcn\u00fc ziyarete a\u00e7\u0131k. Tarihi Ar\u015fiv M\u00fczesi giri\u015f \u00fccreti 5\u20ac.<\/p>\n\n\n\n<h3 class=\"wp-block-heading has-text-align-center\"><span class=\"ez-toc-section\" id=\"5_hydra_plajlari\"><\/span><strong>5. Hydra plajlar\u0131<\/strong><span class=\"ez-toc-section-end\"><\/span><\/h3>\n\n\n\n<figure class=\"wp-block-image size-large\"><img width=\"800\" height=\"500\" data-public-id=\"kamini-beach\/kamini-beach.jpg\" loading=\"lazy\" decoding=\"async\" src=\"https:\/\/res.cloudinary.com\/turna\/images\/w_800,h_500,c_scale\/f_auto,q_auto:low\/v1619335467\/kamini-beach\/kamini-beach.jpg?_i=AA\" alt=\"kamini beach\" class=\"wp-post-18968 wp-image-19076\" data-format=\"jpg\" data-transformations=\"f_auto,q_auto:low\" data-version=\"1619335467\" data-seo=\"1\" srcset=\"https:\/\/res.cloudinary.com\/turna\/images\/f_auto,q_auto:low\/v1619335467\/kamini-beach\/kamini-beach.jpg?_i=AA 800w, https:\/\/res.cloudinary.com\/turna\/images\/w_300,h_188,c_scale\/f_auto,q_auto:low\/v1619335467\/kamini-beach\/kamini-beach.jpg?_i=AA 300w, https:\/\/res.cloudinary.com\/turna\/images\/w_672,h_420,c_scale\/f_auto,q_auto:low\/v1619335467\/kamini-beach\/kamini-beach.jpg?_i=AA 672w, https:\/\/res.cloudinary.com\/turna\/images\/w_640,h_400,c_scale\/f_auto,q_auto:low\/v1619335467\/kamini-beach\/kamini-beach.jpg?_i=AA 640w, https:\/\/res.cloudinary.com\/turna\/images\/w_681,h_426,c_scale\/f_auto,q_auto:low\/v1619335467\/kamini-beach\/kamini-beach.jpg?_i=AA 681w\" sizes=\"(max-width: 800px) 100vw, 800px\" \/><\/figure>\n\n\n\n<p><strong>Hydra plajlar\u0131<\/strong>, aday\u0131 ziyaret eden bir\u00e7ok ki\u015finin en az bir g\u00fcn\u00fcn\u00fc ay\u0131rd\u0131\u011f\u0131, adan\u0131n y\u0131l\u0131n b\u00fcy\u00fck b\u00f6l\u00fcm\u00fc par\u0131ldayan g\u00fcne\u015fi ve nefis Ege mavili\u011finin tad\u0131n\u0131 \u00e7\u0131karmak i\u00e7in tercih etti\u011fi, hayata k\u0131sa mola vermek i\u00e7in en iyi se\u00e7enek. Adada motorlu ta\u015f\u0131t olmad\u0131\u011f\u0131ndan y\u00fcr\u00fcme mesafesi d\u0131\u015f\u0131ndaki plajlar\u0131 deniz taksiyle gidiliyor.<\/p>\n\n\n\n<p>Ada merkezinden y\u00fcr\u00fcyerek en uzak noktada gidilebilecek plaj <strong>Plakea<\/strong>. Four Seasons Hotel&#8217;in de yer ald\u0131\u011f\u0131 plaj tavernas\u0131, ince taneli kumsal\u0131 ve serin suyuyla mutlaka u\u011franmas\u0131 gereken bir durak. Plaj\u0131n b\u00fcy\u00fck b\u00f6l\u00fcm\u00fc otele ait olsa da hi\u00e7bir \u00fccret \u00f6demeden kendi havlunuzla plajdan yararlanabiliyorsunuz.<\/p>\n\n\n\n<p><strong>Kamini Beach<\/strong>, <strong>Vlychos Beach<\/strong> ve <strong>Mandraki Beach Resort<\/strong> da merkeze en yak\u0131n y\u00fcr\u00fcyerek gidilebilecek plajlar aras\u0131nda. Adan\u0131n bat\u0131 k\u0131y\u0131s\u0131ndaki <strong>Bisti Beach<\/strong> ise yaln\u0131zca deniz taksiyle ula\u015f\u0131labilen \u00e7evresi yemye\u015fil ormanlarla kapl\u0131 enfes bir koyda yer al\u0131yor. <strong>Spili\u00e1<\/strong>, <strong>Limni\u00f3niza<\/strong>, <strong>Hydron\u00e9ta<\/strong> plajlar\u0131 da akl\u0131n\u0131zda olsun.<\/p>\n\n\n\n<p>Adan\u0131n ba\u015fl\u0131ca ekonomisini turizm olu\u015fturuyor. Atina ve di\u011fer yerli ziyaret\u00e7ilerin yan\u0131 s\u0131ra adaya d\u00fcnyan\u0131n d\u00f6rt bir yan\u0131ndan turistler ak\u0131n ediyor. Hydra Adas\u0131\u2019na otomobil, motor veya elektrikli motorlar\u0131n girmesine izin verilmiyor. Adadaki ula\u015f\u0131m ara\u00e7lar\u0131 e\u015fekler ve bisikletler. E\u015fekler ada tarihi boyunca hep kullan\u0131lm\u0131\u015f, zira adan\u0131n ta\u015fl\u0131 yollar\u0131n\u0131 en iyi onlar biliyor. Turistler bu k\u00fc\u00e7\u00fck adadaki her yere y\u00fcr\u00fcyerek gidebiliyorlar. Ancak e\u015fe\u011fe binmek de farkl\u0131 bir deneyim olabilir.<\/p>\n\n\n\n<p>Hydra, Atinal\u0131lar ve d\u00fcnyan\u0131n d\u00f6rt bir yan\u0131ndan gelen turistler i\u00e7in pop\u00fcler bir yat destinasyonu. Adada g\u00fc\u00e7l\u00fc bir denizcilik k\u00fclt\u00fcr\u00fc h\u00e2kim. Ada ziyaret\u00e7ileri Hydra&#8217;y\u0131 gezerken armat\u00f6rlerin kulland\u0131\u011f\u0131 eski konaklara mutlaka u\u011fruyor.<\/p>\n\n\n\n<p>Bir\u00e7ok Yunanl\u0131n\u0131n <strong>Hydra Adas\u0131<\/strong>&#8216;n\u0131n&nbsp;tepelerine s\u0131ra s\u0131ra evleri bulunuyor. S\u0131radan bir turist ada sokaklar\u0131nda fark\u0131nda olmadan milyonerlerle yan yana y\u00fcr\u00fcyebilir. Adadaki herkes g\u00fcne\u015f, deniz ve dinlence i\u00e7in orada. Ayr\u0131ca yak\u0131nlardaki adalara tekne turlar\u0131 da d\u00fczenleniyor.<\/p>\n\n\n\n<h2 class=\"wp-block-heading has-text-align-center\"><span class=\"ez-toc-section\" id=\"hydra_adasi_nasil_gidilir\"><\/span><strong>Hydra Adas\u0131 nas\u0131l gidilir<\/strong><span class=\"ez-toc-section-end\"><\/span><\/h2>\n\n\n\n<iframe src=\"https:\/\/www.google.com\/maps\/embed?pb=!1m18!1m12!1m3!1d814576.0618002866!2d23.327285846256366!3d37.10659947395496!2m3!1f0!2f0!3f0!3m2!1i1024!2i768!4f13.1!3m3!1m2!1s0x149f75b5b1d460b1%3A0x400bd2ce2b9c2c0!2zzo7OtM-BzrEgMTgwIDQwLCBZdW5hbmlzdGFu!5e0!3m2!1str!2str!4v1598968127310!5m2!1str!2str\" width=\"100%\" height=\"150\" frameborder=\"0\" style=\"border:0;\" allowfullscreen=\"\" aria-hidden=\"false\" tabindex=\"0\"><\/iframe>\n\n\n\n<div style=\"height:20px\" aria-hidden=\"true\" class=\"wp-block-spacer\"><\/div>\n\n\n\n<p><strong>Hydra<\/strong>&#8216;ya ula\u015f\u0131m olduk\u00e7a kolay. Atina&#8217;n\u0131n Pire Liman\u0131&#8217;ndan 90 dakika gibi bir s\u00fcrede buraya gelinebiliyor. T\u00fcrkiye&#8217;den Atina&#8217;ya \u0130stanbul Havaliman\u0131ndan T\u00fcrk Hava Yollar\u0131n\u0131n, Sabiha g\u00f6k\u00e7en Havaliman\u0131ndan ise Pegasus&#8217;un direkt u\u00e7ak seferleri var.<\/p>\n\n\n\n<p>En ucuz <a href=\"https:\/\/www.turna.com\/ucak-bileti\/yunanistan\"><strong>Yunanistan u\u00e7ak bileti<\/strong><\/a>&nbsp;se\u00e7enekleri i\u00e7in turna.com u\u00e7ak bileti sayfas\u0131n\u0131 ziyaret edin.<\/p>\n\n\n\n<p>\u0130stanbul-Atina u\u00e7u\u015f s\u00fcresi 1 saat 10 dakika. Havaliman\u0131ndan Pire Liman\u0131na metro ve taksiyle ula\u015f\u0131m sa\u011flan\u0131yor. Pire-Hydra feribot bileti ise ki\u015fi ba\u015f\u0131 37-50\u20ac aras\u0131nda de\u011fi\u015fiyor. Feribot biletini son dakikaya b\u0131rakt\u0131\u011f\u0131n\u0131zda fiyatlar y\u00fckseliyor.<\/p>\n\n\n\n<p><strong>Hydra<\/strong>, Yunanistan gece e\u011flenceleri ve renkli partileriyle \u00f6ne \u00e7\u0131kan adalar\u0131n\u0131n aksine sessizlik, huzur ve soluklanmak isteyenlerin ka\u00e7\u0131\u015f rotas\u0131. Adada hi\u00e7bir motorlu ta\u015f\u0131ta izin verilmemesi adan\u0131n sakin ve huzurlu kimli\u011fine katk\u0131da bulunuyor. Her ne kadar T\u00fcrk seyahatseverler taraf\u0131ndan \u00e7ok iyi bilinmese de Hydra, mutlaka ziyaret edilmesi gereken Yunan adalar\u0131ndan biri.<\/p>\n\n    <div class=\"xs_social_share_widget xs_share_url after_content \t\tmain_content  wslu-style-1 wslu-share-box-shaped wslu-fill-colored wslu-none wslu-share-horizontal wslu-theme-font-no wslu-main_content\">\n\n\t\t\n        <ul>\n\t\t\t        <\/ul>\n    <\/div> \n","protected":false},"excerpt":{"rendered":"<p>Hydra Adas\u0131, Ege Denizi&#8217;nde, Atina&#8217;n\u0131n yakla\u015f\u0131k 70 km g\u00fcneybat\u0131s\u0131nda yer alan Yunanistan&#8217;\u0131n Saronik Adalar\u0131&#8217;n\u0131n par\u00e7as\u0131. Bir\u00e7ok Atinal\u0131n\u0131n \u015fehirden hafta sonu uzakla\u015fmak i\u00e7in tercih etti\u011fi, pek \u00e7ok Atinal\u0131n\u0131n ise yazl\u0131k evinin bulundu\u011fu Hydra&#8217;ya Pire Liman\u0131ndan 90 dakikal\u0131k bir feribot yolculu\u011fu ile ula\u015f\u0131labiliyor. Adan\u0131n g\u00fcn\u00fcbirlik ya da hafta sonu gezileri i\u00e7in Atina&#8217;ya \u00e7ok yak\u0131n bir konumda yer [&hellip;]<\/p>\n","protected":false},"author":9,"featured_media":19073,"comment_status":"open","ping_status":"open","sticky":false,"template":"","format":"standard","meta":{"rop_custom_images_group":[],"rop_custom_messages_group":[],"rop_publish_now":"initial","rop_publish_now_accounts":[],"rop_publish_now_history":[],"rop_publish_now_status":"pending","_cloudinary_featured_overwrite":false,"footnotes":""},"categories":[18],"tags":[2308,272,10],"class_list":["post-18968","post","type-post","status-publish","format-standard","has-post-thumbnail","hentry","category-yunanistan","tag-hydra","tag-yunan-adalari","tag-yunanistan"],"_links":{"self":[{"href":"https:\/\/www.turna.com\/blog\/wp-json\/wp\/v2\/posts\/18968","targetHints":{"allow":["GET"]}}],"collection":[{"href":"https:\/\/www.turna.com\/blog\/wp-json\/wp\/v2\/posts"}],"about":[{"href":"https:\/\/www.turna.com\/blog\/wp-json\/wp\/v2\/types\/post"}],"author":[{"embeddable":true,"href":"https:\/\/www.turna.com\/blog\/wp-json\/wp\/v2\/users\/9"}],"replies":[{"embeddable":true,"href":"https:\/\/www.turna.com\/blog\/wp-json\/wp\/v2\/comments?post=18968"}],"version-history":[{"count":0,"href":"https:\/\/www.turna.com\/blog\/wp-json\/wp\/v2\/posts\/18968\/revisions"}],"wp:featuredmedia":[{"embeddable":true,"href":"https:\/\/www.turna.com\/blog\/wp-json\/wp\/v2\/media\/19073"}],"wp:attachment":[{"href":"https:\/\/www.turna.com\/blog\/wp-json\/wp\/v2\/media?parent=18968"}],"wp:term":[{"taxonomy":"category","embeddable":true,"href":"https:\/\/www.turna.com\/blog\/wp-json\/wp\/v2\/categories?post=18968"},{"taxonomy":"post_tag","embeddable":true,"href":"https:\/\/www.turna.com\/blog\/wp-json\/wp\/v2\/tags?post=18968"}],"curies":[{"name":"wp","href":"https:\/\/api.w.org\/{rel}","templated":true}]}}