{"id":18965,"date":"2021-05-10T08:55:00","date_gmt":"2021-05-10T05:55:00","guid":{"rendered":"https:\/\/www.turna.com\/blog\/?p=18965"},"modified":"2025-12-11T10:03:36","modified_gmt":"2025-12-11T07:03:36","slug":"28-nolu-tramvay","status":"publish","type":"post","link":"https:\/\/www.turna.com\/blog\/28-nolu-tramvay","title":{"rendered":"28 Nolu Tramvay, Lizbon"},"content":{"rendered":"\n<p>Portekiz&#8217;in ba\u015fkenti <strong>Lizbon<\/strong>, ayn\u0131 zamanda \u00fclkenin en geli\u015fmi\u015f ve en b\u00fcy\u00fck \u015fehri. T\u0131pk\u0131 \u0130stanbul gibi 7 tepeye kurulu olan Lizbon&#8217;da \u00f6zellikle kentin tarihi b\u00f6lgeleri engebeli bir zemin \u00fczerinde yer al\u0131yor. Dar ve dolamba\u00e7l\u0131 sokaklara sahip bu b\u00f6lgelerde toplu ula\u015f\u0131m tramvayla sa\u011flan\u0131yor.<\/p>\n\n\n\n<p>Lizbon&#8217;un sembollerinden biri olan <strong>28 Nolu Tramvay<\/strong>, yerel halk\u0131n ula\u015f\u0131m ihtiyac\u0131n\u0131 sa\u011flad\u0131\u011f\u0131 gibi kenti ziyaret eden turistlerin tarihi g\u00fczergahta \u015fehri tan\u0131malar\u0131n\u0131 sa\u011fl\u0131yor, sar\u0131 rengiyle birbirinden ho\u015f foto\u011fraf karelerine hayat veriyor. <\/p>\n\n\n\n<figure class=\"wp-block-image size-large\"><img width=\"800\" height=\"500\" data-public-id=\"28-nolu-tramvay\/28-nolu-tramvay.jpg\" fetchpriority=\"high\" decoding=\"async\" src=\"https:\/\/res.cloudinary.com\/turna\/images\/w_800,h_500,c_scale\/f_auto,q_auto:low\/v1619331331\/28-nolu-tramvay\/28-nolu-tramvay.jpg?_i=AA\" alt=\"28 nolu tramvay\" class=\"wp-post-18965 wp-image-19069\" data-format=\"jpg\" data-transformations=\"f_auto,q_auto:low\" data-version=\"1619331331\" data-seo=\"1\" srcset=\"https:\/\/res.cloudinary.com\/turna\/images\/f_auto,q_auto:low\/v1619331331\/28-nolu-tramvay\/28-nolu-tramvay.jpg?_i=AA 800w, https:\/\/res.cloudinary.com\/turna\/images\/w_300,h_188,c_scale\/f_auto,q_auto:low\/v1619331331\/28-nolu-tramvay\/28-nolu-tramvay.jpg?_i=AA 300w, https:\/\/res.cloudinary.com\/turna\/images\/w_672,h_420,c_scale\/f_auto,q_auto:low\/v1619331331\/28-nolu-tramvay\/28-nolu-tramvay.jpg?_i=AA 672w, https:\/\/res.cloudinary.com\/turna\/images\/w_640,h_400,c_scale\/f_auto,q_auto:low\/v1619331331\/28-nolu-tramvay\/28-nolu-tramvay.jpg?_i=AA 640w, https:\/\/res.cloudinary.com\/turna\/images\/w_681,h_426,c_scale\/f_auto,q_auto:low\/v1619331331\/28-nolu-tramvay\/28-nolu-tramvay.jpg?_i=AA 681w\" sizes=\"(max-width: 800px) 100vw, 800px\" \/><figcaption class=\"wp-element-caption\"> <\/figcaption><\/figure>\n\n\n\n<h2 class=\"wp-block-heading has-text-align-center\"><strong>28 Nolu Tramvay, Lizbon<\/strong><\/h2>\n\n\n\n<p>Portekiz&#8217;in ba\u015fkenti Lizbon&#8217;un sokaklar\u0131n\u0131 s\u00fcsleyen sar\u0131 tramvaylar kenti ziyaret eden yabanc\u0131 turistlerin en \u00e7ok ilgi g\u00f6sterdi\u011fi \u015fehir sembollerinden biri. Yedi tepeye kurulu olan Lizbon&#8217;da kent merkezindeki ula\u015f\u0131m\u0131 zor, dar sokaklardan olu\u015fan bir\u00e7ok mahalleye tramvaylarla ula\u015f\u0131m sa\u011flan\u0131yor.<\/p>\n\n\n\n<p>28 Nolu Tramvay, Lizbon&#8217;un sembol\u00fc. Tarihi ge\u00e7mi\u015fi 1930&#8217;lu y\u0131llara uzanan bu tramvay hatt\u0131 \u015fehrin g\u00f6z al\u0131c\u0131 b\u00f6lgelerinden Alfama b\u00f6lgesinde darac\u0131k sokaklarda keskin d\u00f6n\u00fc\u015fler yaparak ilerliyor. Di\u011fer Avrupa kentlerinde olsa muhtemelen m\u00fczeye kald\u0131r\u0131lacak kadar eski olan nostaljik tramvaylar Lizbon&#8217;un tarihi sokaklar\u0131nda boy g\u00f6steriyor.<\/p>\n\n\n\n<p>Lizbon&#8217;un en eski mahallelerinden olan Alfama b\u00f6lgesini ke\u015ffetmek i\u00e7in en iyi se\u00e7enek olan 28 nolu tramvay ile y\u00fcr\u00fcyerek bir hayli yorulaca\u011f\u0131n\u0131z dik yoku\u015flar\u0131 rahatl\u0131kla \u00e7\u0131kabiliyorsunuz. Lizbon&#8217;un g\u00fcnl\u00fck ya\u015fam\u0131nda \u00f6nemli bir yeri olan tramvay yerel halk\u0131n hayat\u0131n\u0131 kolayla\u015ft\u0131rd\u0131\u011f\u0131 gibi \u00f6nemli bir turizm el\u00e7isine d\u00f6n\u00fc\u015fm\u00fc\u015f durumda.<\/p>\n\n\n\n<p>\u015eehir plan\u0131 ve engebeli yap\u0131s\u0131 nedeniyle \u0130stanbul&#8217;a benzeyen Lizbon&#8217;da tepelerin varl\u0131\u011f\u0131 \u0130stanbul&#8217;la kar\u015f\u0131la\u015ft\u0131r\u0131ld\u0131\u011f\u0131nda daha fazla hissediliyor. Kentin dik yoku\u015flu sokaklar\u0131 tramvay ve asans\u00f6rlerle birbirine ba\u011fl\u0131. \u015eehirde metro a\u011f\u0131 olmas\u0131na ra\u011fmen sar\u0131 renkli tramvaylar kenti ziyaret eden yabanc\u0131 turistler taraf\u0131ndan daha \u00e7ok tercih ediliyor. Yer \u00fcst\u00fcnden t\u00fcm \u015fehri \u00f6r\u00fcmcek a\u011f\u0131 gibi saran tramvay hatt\u0131n\u0131n favorisi ise kartpostallara, \u015fark\u0131lara ve \u00f6yk\u00fclere konu olan 28 Nolu Tramvay.<\/p>\n\n\n\n<p>28 Nolu Tramvay&#8217;da yolculuk yaparken bir yandan bu heybetli ula\u015f\u0131m arac\u0131n\u0131n sarac\u0131k sokaklardan nas\u0131l ge\u00e7ti\u011fini, keskin d\u00f6n\u00fc\u015fleri nas\u0131l yapabildi\u011fini ve dimdik yoku\u015flar\u0131 nas\u0131l t\u0131rmand\u0131\u011f\u0131n\u0131 d\u00fc\u015f\u00fcn\u00fcrken di\u011fer yandan a\u00e7\u0131k hava m\u00fczesi g\u00f6r\u00fcn\u00fcm\u00fcndeki kentin rengarenk binalar\u0131na hayran oluyorsunuz.<\/p>\n\n\n\n<h3 class=\"wp-block-heading has-text-align-center\"><strong>28 numaral\u0131 tramvay bileti ne kadar<\/strong>?<\/h3>\n\n\n\n<figure class=\"wp-block-image size-large\"><img width=\"800\" height=\"500\" data-public-id=\"28-nolu-tramvay-lizbon\/28-nolu-tramvay-lizbon.jpg\" decoding=\"async\" src=\"https:\/\/res.cloudinary.com\/turna\/images\/w_800,h_500,c_scale\/f_auto,q_auto:low\/v1619331328\/28-nolu-tramvay-lizbon\/28-nolu-tramvay-lizbon.jpg?_i=AA\" alt=\"28-nolu-tramvay-lizbon\" class=\"wp-post-18965 wp-image-19070\" data-format=\"jpg\" data-transformations=\"f_auto,q_auto:low\" data-version=\"1619331328\" data-seo=\"1\" srcset=\"https:\/\/res.cloudinary.com\/turna\/images\/f_auto,q_auto:low\/v1619331328\/28-nolu-tramvay-lizbon\/28-nolu-tramvay-lizbon.jpg?_i=AA 800w, https:\/\/res.cloudinary.com\/turna\/images\/w_300,h_188,c_scale\/f_auto,q_auto:low\/v1619331328\/28-nolu-tramvay-lizbon\/28-nolu-tramvay-lizbon.jpg?_i=AA 300w, https:\/\/res.cloudinary.com\/turna\/images\/w_672,h_420,c_scale\/f_auto,q_auto:low\/v1619331328\/28-nolu-tramvay-lizbon\/28-nolu-tramvay-lizbon.jpg?_i=AA 672w, https:\/\/res.cloudinary.com\/turna\/images\/w_640,h_400,c_scale\/f_auto,q_auto:low\/v1619331328\/28-nolu-tramvay-lizbon\/28-nolu-tramvay-lizbon.jpg?_i=AA 640w, https:\/\/res.cloudinary.com\/turna\/images\/w_681,h_426,c_scale\/f_auto,q_auto:low\/v1619331328\/28-nolu-tramvay-lizbon\/28-nolu-tramvay-lizbon.jpg?_i=AA 681w\" sizes=\"(max-width: 800px) 100vw, 800px\" \/><\/figure>\n\n\n\n<p>28 Nolu Tramvay bileti tek y\u00f6n ki\u015fi ba\u015f\u0131 3 \u20ac. Tek seferlik bilet yerine 6.45\u20ac vererek 24 saat ge\u00e7erli bilet al\u0131p \u015fehirdeki t\u00fcm metro, otob\u00fcs ve tramvay hatlar\u0131nda s\u0131n\u0131rs\u0131z ge\u00e7erli biletle rahatl\u0131kla Lizbon&#8217;u ke\u015ffedebilirsiniz.<\/p>\n\n\n\n<p><strong>28 Nolu Tramvay<\/strong>&#8216;\u0131 kullananlar genellikle \u015fehrin sembol yap\u0131lar\u0131ndan biri olan Sao Jorge Kalesi&#8217;ne \u00e7\u0131kmak ve muhte\u015fem kent manzaras\u0131n\u0131 g\u00f6rmek i\u00e7in bu arac\u0131 tercih ediyor. 28 Nolu Tramvay hem \u015fehri tan\u0131mak hem de yerel halk\u0131n g\u00fcndelik ya\u015fam\u0131na tan\u0131k olmak i\u00e7in en iyi se\u00e7eneklerden biri.<\/p>\n\n\n\n<p>Renk renk \u00e7inilerle kaplanm\u0131\u015f ve yan yana dizilmi\u015f tarihi binalar, yarat\u0131c\u0131 ve \u015fa\u015f\u0131rt\u0131c\u0131 sokak grafitileriyle yoku\u015flar\u0131 inip \u00e7\u0131kt\u0131\u011f\u0131n\u0131z bohem bir alan olan Bairro Alto, leziz kahveleriyle dinlenmek i\u00e7in en g\u00fczel yerlerden biri. Buran\u0131n tepesinde yer alan Principe Real Caddesi ve Park\u0131 ise Portekizli \u00f6zg\u00fcn tasar\u0131mc\u0131lar\u0131n butikleri, tasar\u0131m d\u00fckkanlar\u0131, antikac\u0131lar\u0131 ve Esplana da park kafesiyle keyifli bir gezinti i\u00e7in en iyi tercihlerden.<\/p>\n\n\n\n<p>Pek \u00e7ok s\u00fcrprizle dolu Barrio Alta\u2019n\u0131n di\u011fer caddeleri ise Rua do Norte, Rua da Atalaia, Rua da Rosa ve Rua de Sao Pedro de Alcantara. Ayr\u0131ca Lizbon\u2019daki Baixa B\u00f6lgesi, modern yap\u0131s\u0131 ve parke ta\u015fl\u0131 sokaklar\u0131yla 18. y\u00fczy\u0131l \u015fehri olan Lizbon\u2019un \u00e7ehresini de\u011fi\u015ftirmesiyle biliniyor. \u00d6zenli ve \u015f\u0131k tasar\u0131mlara sahip g\u00f6z al\u0131c\u0131 k\u00fc\u00e7\u00fck butikleriyle bu yer, Chiado ve Alfama B\u00f6lgesi\u2019nin tam ortas\u0131nda yer al\u0131yor.<\/p>\n\n\n\n<p>Gezilecek \u00e7ok say\u0131da yere sahip olan Lizbon&#8217;da, 16. y\u00fczy\u0131lda Tagus Nehri&#8217;nin denizle bulu\u015fan b\u00f6l\u00fcm\u00fcn\u00fc savunmak i\u00e7in in\u015fa edilen Bel\u00e9m Kulesi, kentin en \u00f6nemli tarihi eserlerinden. Kuleyi \u00e7evreleyen bah\u00e7eler, i\u00e7erisinde yer alan mobilya, m\u00fccevher ve tablolar ziyaret\u00e7ileri b\u00fcy\u00fcl\u00fcyor.<\/p>\n\n\n\n<figure class=\"wp-block-image size-large\"><img width=\"800\" height=\"500\" data-public-id=\"28-tram\/28-tram.jpg\" decoding=\"async\" src=\"https:\/\/res.cloudinary.com\/turna\/images\/w_800,h_500,c_scale\/f_auto,q_auto:low\/v1619331448\/28-tram\/28-tram.jpg?_i=AA\" alt=\"28-tram\" class=\"wp-post-18965 wp-image-19072\" data-format=\"jpg\" data-transformations=\"f_auto,q_auto:low\" data-version=\"1619331448\" data-seo=\"1\" srcset=\"https:\/\/res.cloudinary.com\/turna\/images\/f_auto,q_auto:low\/v1619331448\/28-tram\/28-tram.jpg?_i=AA 800w, https:\/\/res.cloudinary.com\/turna\/images\/w_300,h_188,c_scale\/f_auto,q_auto:low\/v1619331448\/28-tram\/28-tram.jpg?_i=AA 300w, https:\/\/res.cloudinary.com\/turna\/images\/w_672,h_420,c_scale\/f_auto,q_auto:low\/v1619331448\/28-tram\/28-tram.jpg?_i=AA 672w, https:\/\/res.cloudinary.com\/turna\/images\/w_640,h_400,c_scale\/f_auto,q_auto:low\/v1619331448\/28-tram\/28-tram.jpg?_i=AA 640w, https:\/\/res.cloudinary.com\/turna\/images\/w_681,h_426,c_scale\/f_auto,q_auto:low\/v1619331448\/28-tram\/28-tram.jpg?_i=AA 681w\" sizes=\"(max-width: 800px) 100vw, 800px\" \/><\/figure>\n\n\n\n<p>Bel\u00e9m\u2019de bulunan Jer\u00f3nimos Manast\u0131r\u0131, \u00fc\u00e7 \u00f6nemli Portekizli edebiyat\u00e7\u0131 olan Lu\u00eds Vaz de Cam\u00f5es, Alexandre Herculano ve elbette Fernando Pessoa ile gemici Vasco da Gama&#8217;n\u0131n mezar\u0131n\u0131 bar\u0131nd\u0131rarak k\u00fclt\u00fcrel a\u00e7\u0131dan olduk\u00e7a \u00f6nem ta\u015f\u0131yor. \u015eehrin en y\u00fcksek tepesinde bulunan ve Manuelin tarz\u0131n\u0131n en g\u00fczel \u00f6rne\u011fi olarak kabul edilen J\u00e9ronimos Manastar\u0131, UNECSO D\u00fcnya Miras\u0131 listesinde de yer al\u0131yor.<\/p>\n\n\n\n<p>Lizbon\u2019un&nbsp;kuruldu\u011fu yedi tepenin biri \u00fczerinde&nbsp;5. y\u00fczy\u0131lda in\u015fa edilen Castelo de S\u00e3o Jorge, surlar boyunca sahip oldu\u011fu panoramik \u015fehir manzaras\u0131yla olduk\u00e7a dikkat \u00e7ekici bir nokta.&nbsp;Kent, sahip oldu\u011fu Elevador da Gl\u00f3ria, Elevador da Bica ve Elevador da Lavra f\u00fcnik\u00fcler sistemleriyle de \u00fcnl\u00fc. Bu kablolu rayl\u0131 sistemlerden biriyle gezintiye \u00e7\u0131kmadan kentten ayr\u0131lmamak gerekiyor.<\/p>\n\n\n\n<p>En uygun&nbsp;<a href=\"https:\/\/www.turna.com\/ucak-bileti\/lizbon\"><strong>Lizbon u\u00e7ak bileti<\/strong><\/a>&nbsp;i\u00e7in geli\u015fmi\u015f arama teknolojisi, g\u00fcvenli \u00f6deme se\u00e7eneklerine sahip turna.com sayfas\u0131n\u0131 ziyaret edin \u2714\ufe0f<\/p>\n\n    <div class=\"xs_social_share_widget xs_share_url after_content \t\tmain_content  wslu-style-1 wslu-share-box-shaped wslu-fill-colored wslu-none wslu-share-horizontal wslu-theme-font-no wslu-main_content\">\n\n\t\t\n        <ul>\n\t\t\t        <\/ul>\n    <\/div> \n","protected":false},"excerpt":{"rendered":"<p>Portekiz&#8217;in ba\u015fkenti Lizbon, ayn\u0131 zamanda \u00fclkenin en geli\u015fmi\u015f ve en b\u00fcy\u00fck \u015fehri. T\u0131pk\u0131 \u0130stanbul gibi 7 tepeye kurulu olan Lizbon&#8217;da \u00f6zellikle kentin tarihi b\u00f6lgeleri engebeli bir zemin \u00fczerinde yer al\u0131yor. Dar ve dolamba\u00e7l\u0131 sokaklara sahip bu b\u00f6lgelerde toplu ula\u015f\u0131m tramvayla sa\u011flan\u0131yor. Lizbon&#8217;un sembollerinden biri olan 28 Nolu Tramvay, yerel halk\u0131n ula\u015f\u0131m ihtiyac\u0131n\u0131 sa\u011flad\u0131\u011f\u0131 gibi kenti [&hellip;]<\/p>\n","protected":false},"author":8,"featured_media":19069,"comment_status":"open","ping_status":"open","sticky":false,"template":"","format":"standard","meta":{"rop_custom_images_group":[],"rop_custom_messages_group":[],"rop_publish_now":"initial","rop_publish_now_accounts":[],"rop_publish_now_history":[],"rop_publish_now_status":"pending","_cloudinary_featured_overwrite":false,"footnotes":""},"categories":[2],"tags":[509],"class_list":["post-18965","post","type-post","status-publish","format-standard","has-post-thumbnail","hentry","category-ulkeler","tag-lizbon"],"_links":{"self":[{"href":"https:\/\/www.turna.com\/blog\/wp-json\/wp\/v2\/posts\/18965","targetHints":{"allow":["GET"]}}],"collection":[{"href":"https:\/\/www.turna.com\/blog\/wp-json\/wp\/v2\/posts"}],"about":[{"href":"https:\/\/www.turna.com\/blog\/wp-json\/wp\/v2\/types\/post"}],"author":[{"embeddable":true,"href":"https:\/\/www.turna.com\/blog\/wp-json\/wp\/v2\/users\/8"}],"replies":[{"embeddable":true,"href":"https:\/\/www.turna.com\/blog\/wp-json\/wp\/v2\/comments?post=18965"}],"version-history":[{"count":0,"href":"https:\/\/www.turna.com\/blog\/wp-json\/wp\/v2\/posts\/18965\/revisions"}],"wp:featuredmedia":[{"embeddable":true,"href":"https:\/\/www.turna.com\/blog\/wp-json\/wp\/v2\/media\/19069"}],"wp:attachment":[{"href":"https:\/\/www.turna.com\/blog\/wp-json\/wp\/v2\/media?parent=18965"}],"wp:term":[{"taxonomy":"category","embeddable":true,"href":"https:\/\/www.turna.com\/blog\/wp-json\/wp\/v2\/categories?post=18965"},{"taxonomy":"post_tag","embeddable":true,"href":"https:\/\/www.turna.com\/blog\/wp-json\/wp\/v2\/tags?post=18965"}],"curies":[{"name":"wp","href":"https:\/\/api.w.org\/{rel}","templated":true}]}}