{"id":18957,"date":"2021-06-07T08:06:00","date_gmt":"2021-06-07T05:06:00","guid":{"rendered":"https:\/\/www.turna.com\/blog\/?p=18957"},"modified":"2025-12-11T10:15:32","modified_gmt":"2025-12-11T07:15:32","slug":"tunis-gezilecek-yerler-tunus","status":"publish","type":"post","link":"https:\/\/www.turna.com\/blog\/tunis-gezilecek-yerler-tunus","title":{"rendered":"Tunis \u015eehri Gezilecek Yerler, Tunus"},"content":{"rendered":"<div id=\"ez-toc-container\" class=\"ez-toc-v2_0_82_2 counter-hierarchy ez-toc-counter ez-toc-black ez-toc-container-direction\">\n<div class=\"ez-toc-title-container\">\n<p class=\"ez-toc-title\" style=\"cursor:inherit\">\u0130\u00e7indekiler<\/p>\n<span class=\"ez-toc-title-toggle\"><a href=\"#\" class=\"ez-toc-pull-right ez-toc-btn ez-toc-btn-xs ez-toc-btn-default ez-toc-toggle\" aria-label=\"\u0130\u00e7indekiler Tablosunu A\u00e7\/Kapat\"><span class=\"ez-toc-js-icon-con\"><span class=\"\"><span class=\"eztoc-hide\" style=\"display:none;\">Toggle<\/span><span class=\"ez-toc-icon-toggle-span\"><svg style=\"fill: #ffffff;color:#ffffff\" xmlns=\"http:\/\/www.w3.org\/2000\/svg\" class=\"list-377408\" width=\"20px\" height=\"20px\" viewBox=\"0 0 24 24\" fill=\"none\"><path d=\"M6 6H4v2h2V6zm14 0H8v2h12V6zM4 11h2v2H4v-2zm16 0H8v2h12v-2zM4 16h2v2H4v-2zm16 0H8v2h12v-2z\" fill=\"currentColor\"><\/path><\/svg><svg style=\"fill: #ffffff;color:#ffffff\" class=\"arrow-unsorted-368013\" xmlns=\"http:\/\/www.w3.org\/2000\/svg\" width=\"10px\" height=\"10px\" viewBox=\"0 0 24 24\" version=\"1.2\" baseProfile=\"tiny\"><path d=\"M18.2 9.3l-6.2-6.3-6.2 6.3c-.2.2-.3.4-.3.7s.1.5.3.7c.2.2.4.3.7.3h11c.3 0 .5-.1.7-.3.2-.2.3-.5.3-.7s-.1-.5-.3-.7zM5.8 14.7l6.2 6.3 6.2-6.3c.2-.2.3-.5.3-.7s-.1-.5-.3-.7c-.2-.2-.4-.3-.7-.3h-11c-.3 0-.5.1-.7.3-.2.2-.3.5-.3.7s.1.5.3.7z\"\/><\/svg><\/span><\/span><\/span><\/a><\/span><\/div>\n<nav><ul class='ez-toc-list ez-toc-list-level-1 eztoc-toggle-hide-by-default' ><li class='ez-toc-page-1 ez-toc-heading-level-2'><a class=\"ez-toc-link ez-toc-heading-1\" href=\"https:\/\/www.turna.com\/blog\/tunis-gezilecek-yerler-tunus\/#tunis_gezilecek_yerler\" >Tunis Gezilecek Yerler<\/a><ul class='ez-toc-list-level-3' ><li class='ez-toc-heading-level-3'><a class=\"ez-toc-link ez-toc-heading-2\" href=\"https:\/\/www.turna.com\/blog\/tunis-gezilecek-yerler-tunus\/#1_tarihi_sehir_medina\" >1. Tarihi \u015eehir Medina<\/a><\/li><li class='ez-toc-page-1 ez-toc-heading-level-3'><a class=\"ez-toc-link ez-toc-heading-3\" href=\"https:\/\/www.turna.com\/blog\/tunis-gezilecek-yerler-tunus\/#2_rue_jemaa_ez_zitouna\" >2. Rue Jemaa ez Zitouna<\/a><\/li><li class='ez-toc-page-1 ez-toc-heading-level-3'><a class=\"ez-toc-link ez-toc-heading-4\" href=\"https:\/\/www.turna.com\/blog\/tunis-gezilecek-yerler-tunus\/#3_tunis_pazarlari\" >3. Tunis Pazarlar\u0131<\/a><\/li><li class='ez-toc-page-1 ez-toc-heading-level-3'><a class=\"ez-toc-link ez-toc-heading-5\" href=\"https:\/\/www.turna.com\/blog\/tunis-gezilecek-yerler-tunus\/#4_hammouda_pasanin_mezari_ve_camisi\" >4. Hammouda Pa\u015fan\u0131n Mezar\u0131 ve Camisi<\/a><\/li><li class='ez-toc-page-1 ez-toc-heading-level-3'><a class=\"ez-toc-link ez-toc-heading-6\" href=\"https:\/\/www.turna.com\/blog\/tunis-gezilecek-yerler-tunus\/#5_st_vincent_de_paul_katedrali\" >5. St. Vincent de Paul Katedrali<\/a><\/li><li class='ez-toc-page-1 ez-toc-heading-level-3'><a class=\"ez-toc-link ez-toc-heading-7\" href=\"https:\/\/www.turna.com\/blog\/tunis-gezilecek-yerler-tunus\/#6_bardo_muzesi\" >6. Bardo M\u00fczesi<\/a><\/li><\/ul><\/li><li class='ez-toc-page-1 ez-toc-heading-level-2'><a class=\"ez-toc-link ez-toc-heading-8\" href=\"https:\/\/www.turna.com\/blog\/tunis-gezilecek-yerler-tunus\/#tunis_alisveris\" >Tunis al\u0131\u015fveri\u015f<\/a><\/li><li class='ez-toc-page-1 ez-toc-heading-level-2'><a class=\"ez-toc-link ez-toc-heading-9\" href=\"https:\/\/www.turna.com\/blog\/tunis-gezilecek-yerler-tunus\/#tunis_ne_yenir\" >Tunis ne yenir<\/a><\/li><li class='ez-toc-page-1 ez-toc-heading-level-2'><a class=\"ez-toc-link ez-toc-heading-10\" href=\"https:\/\/www.turna.com\/blog\/tunis-gezilecek-yerler-tunus\/#tunis_gece_hayati\" >Tunis gece hayat\u0131<\/a><\/li><\/ul><\/nav><\/div>\n\n<p>Kuzey Afrika&#8217;da, Akdeniz k\u0131y\u0131s\u0131nda yer alan Tunus&#8217;un ba\u015fkenti <strong>Tunis<\/strong> (Tunus), Afrika k\u00fclt\u00fcr\u00fcn\u00fcn modern metropol atmosferi ile harmanland\u0131\u011f\u0131 e\u015fsiz bir karaktere sahip. T\u00fcrk\u00e7ede \u00fclke ile ayn\u0131 isme sahip olan \u015fehir, uluslararas\u0131 arenada Tunis ismiyle biliniyor.<\/p>\n\n\n\n<p>Zengin tarihi ge\u00e7mi\u015fi ile onlarca farkl\u0131 medeniyetin izlerini ta\u015f\u0131yan Tunis, 1950&#8217;li y\u0131llara dek \u00fclkede s\u00f6m\u00fcrge rejimi kuran Fransa&#8217;dan b\u00fcy\u00fck \u00f6l\u00e7\u00fcde etkilenmi\u015f. \u015eehrin en merkezi noktas\u0131 olan ve UNESCO D\u00fcnya Miras\u0131 Listesi&#8217;nde yer alan Tunus Medinas\u0131, &#8216;suk&#8217; ad\u0131 ile an\u0131lan geleneksel Arap mimarisini ve atmosferini yans\u0131t\u0131rken, \u015fehrin merkezi noktalar\u0131ndan uzakla\u015ft\u0131k\u00e7a modern ve geni\u015f caddeler ile Avrupai yerle\u015fim b\u00f6lgeleri bulunuyor.<\/p>\n\n\n\n<h2 class=\"wp-block-heading has-text-align-center\"><span class=\"ez-toc-section\" id=\"tunis_gezilecek_yerler\"><\/span><strong>Tunis Gezilecek Yerler<\/strong><span class=\"ez-toc-section-end\"><\/span><\/h2>\n\n\n\n<h3 class=\"wp-block-heading has-text-align-center\"><span class=\"ez-toc-section\" id=\"1_tarihi_sehir_medina\"><\/span><strong>1. Tarihi \u015eehir Medina<\/strong><span class=\"ez-toc-section-end\"><\/span><\/h3>\n\n\n\n<figure class=\"wp-block-image size-large\"><img width=\"800\" height=\"500\" data-public-id=\"Tunis-gezilecek-yerler\/Tunis-gezilecek-yerler.jpg\" fetchpriority=\"high\" decoding=\"async\" src=\"https:\/\/res.cloudinary.com\/turna\/images\/w_800,h_500,c_scale\/f_auto,q_auto:low\/v1620897365\/Tunis-gezilecek-yerler\/Tunis-gezilecek-yerler.jpg?_i=AA\" alt=\"Tunis gezilecek yerler\" class=\"wp-post-18957 wp-image-19094\" data-format=\"jpg\" data-transformations=\"f_auto,q_auto:low\" data-version=\"1620897365\" data-seo=\"1\" srcset=\"https:\/\/res.cloudinary.com\/turna\/images\/f_auto,q_auto:low\/v1620897365\/Tunis-gezilecek-yerler\/Tunis-gezilecek-yerler.jpg?_i=AA 800w, https:\/\/res.cloudinary.com\/turna\/images\/w_300,h_188,c_scale\/f_auto,q_auto:low\/v1620897365\/Tunis-gezilecek-yerler\/Tunis-gezilecek-yerler.jpg?_i=AA 300w, https:\/\/res.cloudinary.com\/turna\/images\/w_672,h_420,c_scale\/f_auto,q_auto:low\/v1620897365\/Tunis-gezilecek-yerler\/Tunis-gezilecek-yerler.jpg?_i=AA 672w, https:\/\/res.cloudinary.com\/turna\/images\/w_640,h_400,c_scale\/f_auto,q_auto:low\/v1620897365\/Tunis-gezilecek-yerler\/Tunis-gezilecek-yerler.jpg?_i=AA 640w, https:\/\/res.cloudinary.com\/turna\/images\/w_681,h_426,c_scale\/f_auto,q_auto:low\/v1620897365\/Tunis-gezilecek-yerler\/Tunis-gezilecek-yerler.jpg?_i=AA 681w\" sizes=\"(max-width: 800px) 100vw, 800px\" \/><\/figure>\n\n\n\n<p><strong>Medina<\/strong>, Tunis&#8217;in tarihi kent merkezi. \u015eehrin en eski tarihi yap\u0131lar\u0131na ev sahipli\u011fi yapan b\u00f6lge, ayn\u0131 zamanda yerel halk\u0131n g\u00fcnl\u00fck al\u0131\u015fveri\u015f ihtiya\u00e7lar\u0131n\u0131 kar\u015f\u0131lad\u0131\u011f\u0131 onlarca ma\u011faza, kafe, restoran ve d\u00fckkana sahip.<\/p>\n\n\n\n<p>UNESCO D\u00fcnya Miras\u0131 Listesinde yer alan Tarihi \u015eehir Medina&#8217;da g\u00fcnl\u00fck ya\u015fam\u0131n odak noktas\u0131 olan yap\u0131 ise Zitouna Camii. 732 y\u0131l\u0131nda in\u015fa edilen cami, daha \u00f6nceden ayn\u0131 noktada yer alan Athena Tap\u0131na\u011f\u0131&#8217;n\u0131n \u00fczerinde konumlan\u0131yor. Minaresi 19. y\u00fczy\u0131lda eklenen cami tarihi \u015fehir merkezinin en dikkat \u00e7ekici k\u00fclt\u00fcr varl\u0131\u011f\u0131.<\/p>\n\n\n\n<h3 class=\"wp-block-heading has-text-align-center\"><span class=\"ez-toc-section\" id=\"2_rue_jemaa_ez_zitouna\"><\/span><strong>2. Rue Jemaa ez Zitouna<\/strong><span class=\"ez-toc-section-end\"><\/span><\/h3>\n\n\n\n<p>Tunis&#8217;in Medina b\u00f6lgesi, bir\u00e7ok Orta Do\u011fu ve Kuzey Afrika \u00fclkesinde benzerleri bulunan tarihi kent merkezi medinalar\u0131n aksine daha ferah ve geni\u015f sokaklara sahip. Bu yap\u0131s\u0131yla kaybolma korkusu olmadan y\u00fcr\u00fcyerek rahatl\u0131kla ke\u015ffedebilece\u011finiz Medina&#8217;da her bir soka\u011f\u0131n ba\u015f\u0131nda sokak isimlerinin yaz\u0131l\u0131 oldu\u011fu b\u00fcy\u00fck tabelalar bulunuyor.<\/p>\n\n\n\n<figure class=\"wp-block-image size-large\"><img width=\"800\" height=\"500\" data-public-id=\"Tunis-sehri\/Tunis-sehri.jpg\" decoding=\"async\" src=\"https:\/\/res.cloudinary.com\/turna\/images\/w_800,h_500,c_scale\/f_auto,q_auto:low\/v1620898909\/Tunis-sehri\/Tunis-sehri.jpg?_i=AA\" alt=\"Tunis \u015fehri\" class=\"wp-post-18957 wp-image-19095\" data-format=\"jpg\" data-transformations=\"f_auto,q_auto:low\" data-version=\"1620898909\" data-seo=\"1\" srcset=\"https:\/\/res.cloudinary.com\/turna\/images\/f_auto,q_auto:low\/v1620898909\/Tunis-sehri\/Tunis-sehri.jpg?_i=AA 800w, https:\/\/res.cloudinary.com\/turna\/images\/w_300,h_188,c_scale\/f_auto,q_auto:low\/v1620898909\/Tunis-sehri\/Tunis-sehri.jpg?_i=AA 300w, https:\/\/res.cloudinary.com\/turna\/images\/w_672,h_420,c_scale\/f_auto,q_auto:low\/v1620898909\/Tunis-sehri\/Tunis-sehri.jpg?_i=AA 672w, https:\/\/res.cloudinary.com\/turna\/images\/w_640,h_400,c_scale\/f_auto,q_auto:low\/v1620898909\/Tunis-sehri\/Tunis-sehri.jpg?_i=AA 640w, https:\/\/res.cloudinary.com\/turna\/images\/w_681,h_426,c_scale\/f_auto,q_auto:low\/v1620898909\/Tunis-sehri\/Tunis-sehri.jpg?_i=AA 681w\" sizes=\"(max-width: 800px) 100vw, 800px\" \/><\/figure>\n\n\n\n<p>Medina b\u00f6lgesinin ana caddesi Rue Jemaa ez Zitouna, sa\u011fl\u0131 sollu s\u0131ralanan el sanatlar\u0131 d\u00fckk\u00e2nlar\u0131, hediyelik e\u015fya ma\u011fazalar\u0131, butikler, kafeler ve restoranlar\u0131yla Medina&#8217;n\u0131n kalbi say\u0131l\u0131yor. Egzotik t\u00fcts\u00fc kokular\u0131 aras\u0131na kar\u0131\u015fan koyun eti ile taze \u00f6\u011f\u00fct\u00fclm\u00fc\u015f kahvenin kokusu insan\u0131n a\u011fz\u0131n\u0131 suland\u0131r\u0131yor.<\/p>\n\n\n\n<p>G\u00fcm\u00fc\u015f i\u015f\u00e7ilerinin \u00e7al\u0131\u015fma sesleri, sandaletlerin ta\u015f yolda \u00e7\u0131kartt\u0131\u011f\u0131 sesler ve m\u00fcezzinin ezan okumas\u0131yla birlikte t\u00fcm seslerin reng\u00e2renk bir harmoni olu\u015fturmas\u0131 ile birlikte asla unutulmayacak bir his t\u00fcm benli\u011finize i\u015fliyor.<\/p>\n\n\n\n<h3 class=\"wp-block-heading has-text-align-center\"><span class=\"ez-toc-section\" id=\"3_tunis_pazarlari\"><\/span><strong>3. Tunis Pazarlar\u0131<\/strong><span class=\"ez-toc-section-end\"><\/span><\/h3>\n\n\n\n<p>Tunis&#8217;te \u015fehrin renkli atmosferine tan\u0131k olabilece\u011finiz en iyi yerler geleneksel pazar yerleri. Orta Do\u011fu k\u00fclt\u00fcr\u00fcnde \u00f6nemli bir yere sahip olan kapal\u0131 pazarlar Tunis&#8217;in tarihi \u015fehir merkezi Medina&#8217;da kendini g\u00f6steriyor. \u0130\u00e7erisinde sat\u0131lan \u00fcr\u00fcn grubuna g\u00f6re isimlendirilen pazarlara al\u0131\u015fveri\u015f ihtiyac\u0131n\u0131z olmasa bile u\u011frayarak kentteki al\u0131\u015fveri\u015f k\u00fclt\u00fcr\u00fcn\u00fc deneyimleyebilirsiniz.<\/p>\n\n\n\n<p>Souk el Attarine (Parf\u00fcm pazar\u0131): Zitouna Camisi&#8217;nin kuzey duvar\u0131nda bulunan parf\u00fcm pazar\u0131nda tamam\u0131 geleneksel y\u00f6ntemlerle, i\u015fin ustalar\u0131 taraf\u0131ndan haz\u0131rlanan parf\u00fcmler sat\u0131l\u0131yor. Orijinal parf\u00fcm ustalar\u0131n\u0131n giderek azalmas\u0131 nedeniyle imitasyon \u00fcr\u00fcnlerin de yava\u015f yava\u015f g\u00f6r\u00fclmeye ba\u015flad\u0131\u011f\u0131 pazar yerinde se\u00e7ece\u011finiz esanslarla kendinize \u00f6zel parf\u00fcm haz\u0131rlatabilirsiniz.<\/p>\n\n\n\n<p>Souk de Etoffes (Tuhafiye Pazar\u0131): Medina b\u00f6lgesinin en sessiz pazarlar\u0131ndan biri olan Tuhafiye Pazar\u0131&#8217;n\u0131n her bir noktas\u0131nda kat kat renkli kuma\u015flar, kaftanlar ve \u00e7ar\u015faflar bulunuyor. Sat\u0131c\u0131lar\u0131n \u00e7ok s\u0131k\u0131 pazarl\u0131k yapt\u0131\u011f\u0131 bu pazarda renkli ilgin\u00e7 desenli kuma\u015flardan sat\u0131n alabilirsiniz.<\/p>\n\n\n\n<p>Souk des Tapis (Hal\u0131c\u0131lar \u00c7ar\u015f\u0131s\u0131): Hal\u0131 ve kilim sat\u0131c\u0131lar\u0131n\u0131n oldu\u011fu pazar yerinde geleneksel Tunus el dokuma hal\u0131lar\u0131n\u0131n yan\u0131 s\u0131ra turistlere \u00f6zel motiflerle dokunmu\u015f makine hal\u0131lar\u0131 da bulunuyor. T\u00fcm al\u0131\u015fveri\u015flerde oldu\u011fu gibi hal\u0131c\u0131lar pazar\u0131nda da pazarl\u0131k yapmadan al\u0131\u015fveri\u015f yapmamaya ve el dokumas\u0131 olan hal\u0131lar\u0131n orijinalli\u011fini sorgulama dikkat edin.<\/p>\n\n\n\n<p>Souk des Orfevres (Kuyumcular \u00c7ar\u015f\u0131s\u0131): Medina&#8217;n\u0131n en ihti\u015faml\u0131 \u00e7ar\u015f\u0131lar\u0131ndan biri olan Kuyumcular \u00c7ar\u015f\u0131s\u0131&#8217;nda yan yana s\u0131ralanan onlarca kuyumcu bulunuyor. Her vitrin alt\u0131n g\u00fcm\u00fc\u015f, inci, mercan ve de\u011ferli ta\u015flar ile \u0131\u015f\u0131ld\u0131yor.<\/p>\n\n\n\n<p>Souk de la Laine (Y\u00fcn Pazar\u0131): Geleneksel y\u00fcn \u00fcretiminin \u00f6zenle s\u00fcrd\u00fcr\u00fcld\u00fc\u011f\u00fc Tunus&#8217;ta Y\u00fcn Pazar\u0131, el i\u015fi geleneksel dokuma i\u015flerinin sat\u0131ld\u0131\u011f\u0131 bir \u00e7ar\u015f\u0131. \u0130lginin giderek azald\u0131\u011f\u0131 y\u00fcn dokuma \u00fcr\u00fcnleri nedeniyle \u00e7ar\u015f\u0131da az say\u0131da d\u00fckkan bulunuyor.<\/p>\n\n\n\n<p>Souk des Femmes (Kad\u0131nlar Pazar\u0131): Kad\u0131nlar\u0131n pe\u00e7e yapmak i\u00e7in gerekli olan beyaz ya da bej rengi kuma\u015flar\u0131n\u0131 ald\u0131klar\u0131 kad\u0131nlar pazar\u0131 Tunus&#8217;un geleneksel ya\u015fam\u0131n\u0131n sembolleri aras\u0131nda.<\/p>\n\n\n\n<p>Souk de Chechias (\u015eapka Pazar\u0131): Medina b\u00f6lgesinin en etkileyici yerlerinden biri olan \u015eapka Pazar\u0131&#8217;nda her bir d\u00fckk\u00e2nda el i\u015fi \u015fapka yapan zanaatkarlar\u0131 g\u00f6rmek m\u00fcmk\u00fcn. Ah\u015fap ve sal gibi malzemelerden yap\u0131lan \u015fapkalar Kuzey Afrika ve Orta Do\u011fu \u00fclkelerine sat\u0131l\u0131yor.<\/p>\n\n\n\n<h3 class=\"wp-block-heading has-text-align-center\"><span class=\"ez-toc-section\" id=\"4_hammouda_pasanin_mezari_ve_camisi\"><\/span><strong>4. Hammouda Pa\u015fan\u0131n Mezar\u0131 ve Camisi<\/strong><span class=\"ez-toc-section-end\"><\/span><\/h3>\n\n\n\n<figure class=\"wp-block-image size-large\"><img width=\"800\" height=\"500\" data-public-id=\"Hammouda-Pasa-Camii\/Hammouda-Pasa-Camii.jpg\" decoding=\"async\" src=\"https:\/\/res.cloudinary.com\/turna\/images\/w_800,h_500,c_scale\/f_auto,q_auto:low\/v1620900052\/Hammouda-Pasa-Camii\/Hammouda-Pasa-Camii.jpg?_i=AA\" alt=\"Hammouda-Pasa-Camii\" class=\"wp-post-18957 wp-image-19098\" data-format=\"jpg\" data-transformations=\"f_auto,q_auto:low\" data-version=\"1620900052\" data-seo=\"1\" srcset=\"https:\/\/res.cloudinary.com\/turna\/images\/f_auto,q_auto:low\/v1620900052\/Hammouda-Pasa-Camii\/Hammouda-Pasa-Camii.jpg?_i=AA 800w, https:\/\/res.cloudinary.com\/turna\/images\/w_300,h_188,c_scale\/f_auto,q_auto:low\/v1620900052\/Hammouda-Pasa-Camii\/Hammouda-Pasa-Camii.jpg?_i=AA 300w, https:\/\/res.cloudinary.com\/turna\/images\/w_672,h_420,c_scale\/f_auto,q_auto:low\/v1620900052\/Hammouda-Pasa-Camii\/Hammouda-Pasa-Camii.jpg?_i=AA 672w, https:\/\/res.cloudinary.com\/turna\/images\/w_640,h_400,c_scale\/f_auto,q_auto:low\/v1620900052\/Hammouda-Pasa-Camii\/Hammouda-Pasa-Camii.jpg?_i=AA 640w, https:\/\/res.cloudinary.com\/turna\/images\/w_681,h_426,c_scale\/f_auto,q_auto:low\/v1620900052\/Hammouda-Pasa-Camii\/Hammouda-Pasa-Camii.jpg?_i=AA 681w\" sizes=\"(max-width: 800px) 100vw, 800px\" \/><\/figure>\n\n\n\n<p>Tunus&#8217;ta Osmanl\u0131 \u0130mparatorlu\u011fu egemenli\u011fi d\u00f6neminde in\u015fa edilen en \u00f6nemli camilerden biri olan Hammouda Pa\u015fa Camii, 17. y\u00fczy\u0131l T\u00fcrk mimarisinin \u00f6zelliklerini ta\u015f\u0131yor. 1651 y\u0131l\u0131nda Osmanl\u0131&#8217;n\u0131n Tunus&#8217;taki yerel y\u00f6neticilerinden biri olan Hammouda Pa\u015fa Camii, sekizgen minaresi, mermer kap\u0131s\u0131 ve \u00fc\u00e7 avlusuyla Tunus mimarisinden de esintiler ta\u015f\u0131yor.<\/p>\n\n\n\n<p>Caminin avlusunda Hammouda Pa\u015fa&#8217;n\u0131n t\u00fcrbesi de yer al\u0131yor. Cami, ibadet saatleri d\u0131\u015f\u0131nda \u00fccretsiz ziyaret edilebiliyor.<\/p>\n\n\n\n<h3 class=\"wp-block-heading has-text-align-center\"><span class=\"ez-toc-section\" id=\"5_st_vincent_de_paul_katedrali\"><\/span><strong>5. St. Vincent de Paul Katedrali<\/strong><span class=\"ez-toc-section-end\"><\/span><\/h3>\n\n\n\n<figure class=\"wp-block-image size-large\"><img width=\"800\" height=\"500\" data-public-id=\"Tunis-gezisi\/Tunis-gezisi.jpg\" loading=\"lazy\" decoding=\"async\" src=\"https:\/\/res.cloudinary.com\/turna\/images\/w_800,h_500,c_scale\/f_auto,q_auto:low\/v1620898905\/Tunis-gezisi\/Tunis-gezisi.jpg?_i=AA\" alt=\"Tunis gezisi\" class=\"wp-post-18957 wp-image-19096\" data-format=\"jpg\" data-transformations=\"f_auto,q_auto:low\" data-version=\"1620898905\" data-seo=\"1\" srcset=\"https:\/\/res.cloudinary.com\/turna\/images\/f_auto,q_auto:low\/v1620898905\/Tunis-gezisi\/Tunis-gezisi.jpg?_i=AA 800w, https:\/\/res.cloudinary.com\/turna\/images\/w_300,h_188,c_scale\/f_auto,q_auto:low\/v1620898905\/Tunis-gezisi\/Tunis-gezisi.jpg?_i=AA 300w, https:\/\/res.cloudinary.com\/turna\/images\/w_672,h_420,c_scale\/f_auto,q_auto:low\/v1620898905\/Tunis-gezisi\/Tunis-gezisi.jpg?_i=AA 672w, https:\/\/res.cloudinary.com\/turna\/images\/w_640,h_400,c_scale\/f_auto,q_auto:low\/v1620898905\/Tunis-gezisi\/Tunis-gezisi.jpg?_i=AA 640w, https:\/\/res.cloudinary.com\/turna\/images\/w_681,h_426,c_scale\/f_auto,q_auto:low\/v1620898905\/Tunis-gezisi\/Tunis-gezisi.jpg?_i=AA 681w\" sizes=\"(max-width: 800px) 100vw, 800px\" \/><\/figure>\n\n\n\n<p>Vincent de Paul Katedrali, Tunis&#8217;in en \u00f6nemli Roma Katolik kilisesi. Koruyucu Aziz Saint Vincent de Paul&#8217;e ithaf edilen katedral 1897 y\u0131l\u0131nda in\u015fa edilmi\u015f. Fransa&#8217;n\u0131n B\u00fcy\u00fckel\u00e7ili\u011finin kar\u015f\u0131s\u0131ndaki Habib Bourguiba Caddesi ile Frans\u0131z Caddesi aras\u0131nda yer alan katedral, Tunus Ba\u015fpiskoposlu\u011fu&#8217;nun piskoposluk merkezi olarak da kullan\u0131l\u0131yor.<\/p>\n\n\n\n<p>L. Bonnet-Labranche taraf\u0131ndan tasarlanan kilise, Ma\u011fribi dirili\u015fi, Gotik dirili\u015fi ve Neo-Bizans mimari geleneklerini yans\u0131tan i\u00e7 mekana sahip. Katedral, pazar g\u00fcnleri hari\u00e7 her g\u00fcn 09.00-17.00 saatleri aras\u0131nda \u00fccretsiz ziyaret edilebiliyor.<\/p>\n\n\n\n<h3 class=\"wp-block-heading has-text-align-center\"><span class=\"ez-toc-section\" id=\"6_bardo_muzesi\"><\/span><strong>6. Bardo M\u00fczesi<\/strong><span class=\"ez-toc-section-end\"><\/span><\/h3>\n\n\n\n<figure class=\"wp-block-image size-large\"><img width=\"800\" height=\"500\" data-public-id=\"Bardo-Muzesi-Tunus\/Bardo-Muzesi-Tunus.jpg\" loading=\"lazy\" decoding=\"async\" src=\"https:\/\/res.cloudinary.com\/turna\/images\/w_800,h_500,c_scale\/f_auto,q_auto:low\/v1620899689\/Bardo-Muzesi-Tunus\/Bardo-Muzesi-Tunus.jpg?_i=AA\" alt=\"Bardo M\u00fczesi, Tunus\" class=\"wp-post-18957 wp-image-19097\" data-format=\"jpg\" data-transformations=\"f_auto,q_auto:low\" data-version=\"1620899689\" data-seo=\"1\" srcset=\"https:\/\/res.cloudinary.com\/turna\/images\/f_auto,q_auto:low\/v1620899689\/Bardo-Muzesi-Tunus\/Bardo-Muzesi-Tunus.jpg?_i=AA 800w, https:\/\/res.cloudinary.com\/turna\/images\/w_300,h_188,c_scale\/f_auto,q_auto:low\/v1620899689\/Bardo-Muzesi-Tunus\/Bardo-Muzesi-Tunus.jpg?_i=AA 300w, https:\/\/res.cloudinary.com\/turna\/images\/w_672,h_420,c_scale\/f_auto,q_auto:low\/v1620899689\/Bardo-Muzesi-Tunus\/Bardo-Muzesi-Tunus.jpg?_i=AA 672w, https:\/\/res.cloudinary.com\/turna\/images\/w_640,h_400,c_scale\/f_auto,q_auto:low\/v1620899689\/Bardo-Muzesi-Tunus\/Bardo-Muzesi-Tunus.jpg?_i=AA 640w, https:\/\/res.cloudinary.com\/turna\/images\/w_681,h_426,c_scale\/f_auto,q_auto:low\/v1620899689\/Bardo-Muzesi-Tunus\/Bardo-Muzesi-Tunus.jpg?_i=AA 681w\" sizes=\"(max-width: 800px) 100vw, 800px\" \/><\/figure>\n\n\n\n<p>Tunus&#8217;un en \u00f6nemli arkeoloji m\u00fczesi olan Bardo M\u00fczesi (Bardo National Museum), Kartaca Uygarl\u0131\u011f\u0131&#8217;ndan \u0130slami d\u00f6neme kadar \u00fclkede ger\u00e7ekle\u015ftirilen arkeolojik kaz\u0131larda elde edilen eserlerin sergilendi\u011fi, zengin koleksiyonuyla \u00f6ne \u00e7\u0131kan bir m\u00fcze.<\/p>\n\n\n\n<p>M\u00fczenin en \u00f6nemli eserleri ise M\u00d6 2. y\u00fczy\u0131ldan MS 7. y\u00fczy\u0131la kadar olan d\u00f6neme ait Roma mozaikleri. M\u00fczenin ikinci kat\u0131nda \u00f6zel bir galeride sergilenen mozaiklerin d\u00fcnyada e\u015fi benzeri yok. Mozaikler Tunus&#8217;un Sousse, Dougga ve El Jem kentlerinde yap\u0131lan kaz\u0131larda ortaya \u00e7\u0131kar\u0131lm\u0131\u015f.<\/p>\n\n\n\n<p>Bardo M\u00fczesi ziyaret saatleri 1 Haziran &#8211; 15 Eyl\u00fcl 09.00-17.00; 16 Eyl\u00fcl &#8211; 30 May\u0131s 09.30-16.30. Bardo M\u00fczesi giri\u015f \u00fccreti 11TND.<\/p>\n\n\n\n<h2 class=\"wp-block-heading has-text-align-center\"><span class=\"ez-toc-section\" id=\"tunis_alisveris\"><\/span><strong>Tunis al\u0131\u015fveri\u015f<\/strong><span class=\"ez-toc-section-end\"><\/span><\/h2>\n\n\n\n<p>Tunis&#8217;te al\u0131\u015fveri\u015f yapmak isteyen bir\u00e7ok ki\u015finin ilk adresi \u015fehrin tarihi yerle\u015fimi olan Medina&#8217;daki \u00e7ar\u015f\u0131lar. Bu b\u00f6lge \u00fclkeye ait otantik ve yerel \u00fcr\u00fcnleri bulabilece\u011finiz en iyi adres. Tunus&#8217;ta al\u0131\u015fveri\u015fin olmazsa olmaz\u0131 ise pazarl\u0131k. Sat\u0131c\u0131lar\u0131n genellikle fiyatlar\u0131 y\u00fcksek tutmas\u0131ndan dolay\u0131 bir\u00e7ok \u00fcr\u00fcn\u00fc s\u0131k\u0131 bir pazarl\u0131kla yar\u0131 fiyat\u0131na alabilirsiniz.<\/p>\n\n\n\n<p>Tunis, bak\u0131r ve g\u00fcm\u00fc\u015f i\u015f\u00e7ili\u011fi, zeytin a\u011fac\u0131 oymac\u0131l\u0131\u011f\u0131, dericilik, parf\u00fcm ya\u011flar\u0131, \u00e7anak \u00e7\u00f6mlek ve seramik, g\u00fcm\u00fc\u015f ve nargile konusunda me\u015fhur. Dekoratik ku\u015f kafesi, hal\u0131 ve kilim gibi el eme\u011fi \u00fcr\u00fcnler de \u015fehirde sat\u0131n alabilecekleriniz aras\u0131nda.<\/p>\n\n\n\n<h2 class=\"wp-block-heading has-text-align-center\"><span class=\"ez-toc-section\" id=\"tunis_ne_yenir\"><\/span><strong>Tunis ne yenir<\/strong><span class=\"ez-toc-section-end\"><\/span><\/h2>\n\n\n\n<p>Tunus mutfa\u011f\u0131 Arap, Berberi, Avrupa ve Orta Do\u011fu k\u00fclt\u00fcr\u00fcnden izler ta\u015f\u0131yor. Yemekler zeytinya\u011f\u0131, anason, ki\u015fni\u015f, kimyon, karaman tohumu, tar\u00e7\u0131n, safran ve nanenin yan\u0131nda portakal \u00e7i\u00e7e\u011fi suyu ya da g\u00fcl suyu ile harmanlan\u0131yor.<\/p>\n\n\n\n<p>T\u00fcm yemeklerin yan\u0131nda harissa ad\u0131 verilin baharatl\u0131 ve sar\u0131msakl\u0131 bir \u00e7e\u015fni de bulunuyor. En iyi bilinen Tunus mutfa\u011f\u0131 yemekleri ise kousksi bil ghalmi, shorba, chakchouka, slata, poisson complet, lablabi, khobz, tabouna yer al\u0131yor.<\/p>\n\n\n\n<p>Ayr\u0131ca felfel mahchi, ojja, makboubeh, asida, baklava, makroudh, bambaloni, masfouf, mhalbiya, fricasse, birk, tajine, ki\u015f merguez, kubeiba patties ve nane \u00e7ay\u0131 s\u0131kl\u0131kla tercih ediliyor. K\u0131rm\u0131z\u0131, beyaz ve pembe yerel \u015faraplar\u0131 da olan Tunus\u2019un hurma lik\u00f6r\u00fc, f\u0131nd\u0131k brendisi ve biras\u0131 bulunuyor.<\/p>\n\n\n\n<h2 class=\"wp-block-heading has-text-align-center\"><span class=\"ez-toc-section\" id=\"tunis_gece_hayati\"><\/span><strong>Tunis gece hayat\u0131<\/strong><span class=\"ez-toc-section-end\"><\/span><\/h2>\n\n\n\n<p>Tunis&#8217;te gece hayat\u0131 daha \u00e7ok Medina \u00e7evresinde etkin. Az say\u0131da olmakla birlikte \u015fehirde gece kul\u00fcb\u00fc ve diskotek gibi mekanlar var. Yerel halk\u0131n tercih etmedi\u011fi bu mekanlara daha \u00e7ok turistler ilgi g\u00f6sterse de mekanlar\u0131n kalitesi ve hizmetleri \u00e7ok iyi de\u011fil.<\/p>\n\n\n\n<p>\u015eehir merkezi d\u0131\u015f\u0131ndaki otellerin i\u00e7erisinde yer alan gece kul\u00fcpleri bu anlamda daha g\u00fcvenli. Gece kul\u00fcplerinde alkol ve nargile t\u00fcketiliyor. Giri\u015f i\u00e7in bir\u00e7ok kul\u00fcp dam ve k\u0131yafet kodu uygulamas\u0131 yap\u0131yor.<\/p>\n\n\n\n<p>\u015eehir merkezinde ak\u015fam d\u0131\u015far\u0131 \u00e7\u0131k\u0131p yereller gibi zaman ge\u00e7irmek istiyorsan\u0131z nargile kafelere gitmeniz gerekiyor. Bir\u00e7ok ki\u015finin havan\u0131n kararmas\u0131 ile birlikte ak\u0131n etti\u011fi nargile kafelerde yerel nane \u00e7ay\u0131 i\u00e7ip nargilenizin tad\u0131na bakabilirsiniz.<\/p>\n\n\n\n<p>En g\u00fczel atmosfer ise m\u00fc\u015fterilerine sandalye yeti\u015ftiremeyen d\u00fckk\u00e2n sahiplerinin nargileleri kald\u0131r\u0131m ta\u015flar\u0131n\u0131n yan\u0131na koymas\u0131 ve insanlar\u0131n da oralarda oturup tavla oynay\u0131p e\u011flendikleri zamanlar.<\/p>\n\n\n\n<p>En uygun&nbsp;<a href=\"https:\/\/www.turna.com\/ucak-bileti\/tunus\">Tunus u\u00e7ak bileti<\/a>&nbsp;i\u00e7in turna.com sayfas\u0131n\u0131 ziyaret edin. Geli\u015fmi\u015f arama teknolojisi, g\u00fcvenli \u00f6deme, komisyonsuz al\u0131\u015fveri\u015f, kesintisiz iade garantisi ve daha fazla turna.com sayfalar\u0131nda.<\/p>\n\n    <div class=\"xs_social_share_widget xs_share_url after_content \t\tmain_content  wslu-style-1 wslu-share-box-shaped wslu-fill-colored wslu-none wslu-share-horizontal wslu-theme-font-no wslu-main_content\">\n\n\t\t\n        <ul>\n\t\t\t        <\/ul>\n    <\/div> \n","protected":false},"excerpt":{"rendered":"<p>Kuzey Afrika&#8217;da, Akdeniz k\u0131y\u0131s\u0131nda yer alan Tunus&#8217;un ba\u015fkenti Tunis (Tunus), Afrika k\u00fclt\u00fcr\u00fcn\u00fcn modern metropol atmosferi ile harmanland\u0131\u011f\u0131 e\u015fsiz bir karaktere sahip. T\u00fcrk\u00e7ede \u00fclke ile ayn\u0131 isme sahip olan \u015fehir, uluslararas\u0131 arenada Tunis ismiyle biliniyor. Zengin tarihi ge\u00e7mi\u015fi ile onlarca farkl\u0131 medeniyetin izlerini ta\u015f\u0131yan Tunis, 1950&#8217;li y\u0131llara dek \u00fclkede s\u00f6m\u00fcrge rejimi kuran Fransa&#8217;dan b\u00fcy\u00fck \u00f6l\u00e7\u00fcde etkilenmi\u015f. [&hellip;]<\/p>\n","protected":false},"author":8,"featured_media":19096,"comment_status":"open","ping_status":"open","sticky":false,"template":"","format":"standard","meta":{"rop_custom_images_group":[],"rop_custom_messages_group":[],"rop_publish_now":"initial","rop_publish_now_accounts":[],"rop_publish_now_history":[],"rop_publish_now_status":"pending","_cloudinary_featured_overwrite":false,"footnotes":""},"categories":[790],"tags":[2747,2313,791],"class_list":["post-18957","post","type-post","status-publish","format-standard","has-post-thumbnail","hentry","category-tunus","tag-monastir","tag-tunis","tag-tunus"],"_links":{"self":[{"href":"https:\/\/www.turna.com\/blog\/wp-json\/wp\/v2\/posts\/18957","targetHints":{"allow":["GET"]}}],"collection":[{"href":"https:\/\/www.turna.com\/blog\/wp-json\/wp\/v2\/posts"}],"about":[{"href":"https:\/\/www.turna.com\/blog\/wp-json\/wp\/v2\/types\/post"}],"author":[{"embeddable":true,"href":"https:\/\/www.turna.com\/blog\/wp-json\/wp\/v2\/users\/8"}],"replies":[{"embeddable":true,"href":"https:\/\/www.turna.com\/blog\/wp-json\/wp\/v2\/comments?post=18957"}],"version-history":[{"count":0,"href":"https:\/\/www.turna.com\/blog\/wp-json\/wp\/v2\/posts\/18957\/revisions"}],"wp:featuredmedia":[{"embeddable":true,"href":"https:\/\/www.turna.com\/blog\/wp-json\/wp\/v2\/media\/19096"}],"wp:attachment":[{"href":"https:\/\/www.turna.com\/blog\/wp-json\/wp\/v2\/media?parent=18957"}],"wp:term":[{"taxonomy":"category","embeddable":true,"href":"https:\/\/www.turna.com\/blog\/wp-json\/wp\/v2\/categories?post=18957"},{"taxonomy":"post_tag","embeddable":true,"href":"https:\/\/www.turna.com\/blog\/wp-json\/wp\/v2\/tags?post=18957"}],"curies":[{"name":"wp","href":"https:\/\/api.w.org\/{rel}","templated":true}]}}