{"id":18955,"date":"2021-07-19T08:03:00","date_gmt":"2021-07-19T05:03:00","guid":{"rendered":"https:\/\/www.turna.com\/blog\/?p=18955"},"modified":"2024-09-11T14:35:18","modified_gmt":"2024-09-11T11:35:18","slug":"yalta-gezilecek-yerler","status":"publish","type":"post","link":"https:\/\/www.turna.com\/blog\/yalta-gezilecek-yerler","title":{"rendered":"Yalta Gezilecek Yerler"},"content":{"rendered":"<div id=\"ez-toc-container\" class=\"ez-toc-v2_0_82_2 counter-hierarchy ez-toc-counter ez-toc-black ez-toc-container-direction\">\n<div class=\"ez-toc-title-container\">\n<p class=\"ez-toc-title\" style=\"cursor:inherit\">\u0130\u00e7indekiler<\/p>\n<span class=\"ez-toc-title-toggle\"><a href=\"#\" class=\"ez-toc-pull-right ez-toc-btn ez-toc-btn-xs ez-toc-btn-default ez-toc-toggle\" aria-label=\"\u0130\u00e7indekiler Tablosunu A\u00e7\/Kapat\"><span class=\"ez-toc-js-icon-con\"><span class=\"\"><span class=\"eztoc-hide\" style=\"display:none;\">Toggle<\/span><span class=\"ez-toc-icon-toggle-span\"><svg style=\"fill: #ffffff;color:#ffffff\" xmlns=\"http:\/\/www.w3.org\/2000\/svg\" class=\"list-377408\" width=\"20px\" height=\"20px\" viewBox=\"0 0 24 24\" fill=\"none\"><path d=\"M6 6H4v2h2V6zm14 0H8v2h12V6zM4 11h2v2H4v-2zm16 0H8v2h12v-2zM4 16h2v2H4v-2zm16 0H8v2h12v-2z\" fill=\"currentColor\"><\/path><\/svg><svg style=\"fill: #ffffff;color:#ffffff\" class=\"arrow-unsorted-368013\" xmlns=\"http:\/\/www.w3.org\/2000\/svg\" width=\"10px\" height=\"10px\" viewBox=\"0 0 24 24\" version=\"1.2\" baseProfile=\"tiny\"><path d=\"M18.2 9.3l-6.2-6.3-6.2 6.3c-.2.2-.3.4-.3.7s.1.5.3.7c.2.2.4.3.7.3h11c.3 0 .5-.1.7-.3.2-.2.3-.5.3-.7s-.1-.5-.3-.7zM5.8 14.7l6.2 6.3 6.2-6.3c.2-.2.3-.5.3-.7s-.1-.5-.3-.7c-.2-.2-.4-.3-.7-.3h-11c-.3 0-.5.1-.7.3-.2.2-.3.5-.3.7s.1.5.3.7z\"\/><\/svg><\/span><\/span><\/span><\/a><\/span><\/div>\n<nav><ul class='ez-toc-list ez-toc-list-level-1 eztoc-toggle-hide-by-default' ><li class='ez-toc-page-1 ez-toc-heading-level-2'><a class=\"ez-toc-link ez-toc-heading-1\" href=\"https:\/\/www.turna.com\/blog\/yalta-gezilecek-yerler\/#yalta_gezilecek_yerler\" >Yalta Gezilecek Yerler<\/a><ul class='ez-toc-list-level-3' ><li class='ez-toc-heading-level-3'><a class=\"ez-toc-link ez-toc-heading-2\" href=\"https:\/\/www.turna.com\/blog\/yalta-gezilecek-yerler\/#1_lenin_meydani_ve_lenin_aniti\" >1. Lenin Meydan\u0131 ve Lenin An\u0131t\u0131<\/a><\/li><li class='ez-toc-page-1 ez-toc-heading-level-3'><a class=\"ez-toc-link ez-toc-heading-3\" href=\"https:\/\/www.turna.com\/blog\/yalta-gezilecek-yerler\/#2_livadya_sarayi\" >2. Livadya Saray\u0131<\/a><\/li><li class='ez-toc-page-1 ez-toc-heading-level-3'><a class=\"ez-toc-link ez-toc-heading-4\" href=\"https:\/\/www.turna.com\/blog\/yalta-gezilecek-yerler\/#3_aleksander_nevski_katedrali\" >3. Aleksander Nevski Katedrali<\/a><\/li><li class='ez-toc-page-1 ez-toc-heading-level-3'><a class=\"ez-toc-link ez-toc-heading-5\" href=\"https:\/\/www.turna.com\/blog\/yalta-gezilecek-yerler\/#4_vorontsov_sarayi_ve_vorontsov_parki\" >4. Vorontsov Saray\u0131 ve Vorontsov Park\u0131<\/a><\/li><li class='ez-toc-page-1 ez-toc-heading-level-3'><a class=\"ez-toc-link ez-toc-heading-6\" href=\"https:\/\/www.turna.com\/blog\/yalta-gezilecek-yerler\/#5_massandra_satosu\" >5. Massandra \u015eatosu<\/a><\/li><li class='ez-toc-page-1 ez-toc-heading-level-3'><a class=\"ez-toc-link ez-toc-heading-7\" href=\"https:\/\/www.turna.com\/blog\/yalta-gezilecek-yerler\/#6_kirlangic_yuvasi\" >6. K\u0131rlang\u0131\u00e7 Yuvas\u0131<\/a><\/li><li class='ez-toc-page-1 ez-toc-heading-level-3'><a class=\"ez-toc-link ez-toc-heading-8\" href=\"https:\/\/www.turna.com\/blog\/yalta-gezilecek-yerler\/#7_dulber_palas\" >7. Dulber Palas<\/a><\/li><li class='ez-toc-page-1 ez-toc-heading-level-3'><a class=\"ez-toc-link ez-toc-heading-9\" href=\"https:\/\/www.turna.com\/blog\/yalta-gezilecek-yerler\/#8_peri_masallari_cayiri\" >8. Peri Masallar\u0131 \u00c7ay\u0131r\u0131<\/a><\/li><li class='ez-toc-page-1 ez-toc-heading-level-3'><a class=\"ez-toc-link ez-toc-heading-10\" href=\"https:\/\/www.turna.com\/blog\/yalta-gezilecek-yerler\/#9_anton_cehov_evi\" >9. Anton \u00c7ehov Evi<\/a><\/li><li class='ez-toc-page-1 ez-toc-heading-level-3'><a class=\"ez-toc-link ez-toc-heading-11\" href=\"https:\/\/www.turna.com\/blog\/yalta-gezilecek-yerler\/#10_st_john_can_kulesi\" >10. St. John \u00c7an Kulesi<\/a><\/li><li class='ez-toc-page-1 ez-toc-heading-level-3'><a class=\"ez-toc-link ez-toc-heading-12\" href=\"https:\/\/www.turna.com\/blog\/yalta-gezilecek-yerler\/#11_nikita_devlet_botanik_parki\" >11. Nikita Devlet Botanik Park\u0131<\/a><\/li><li class='ez-toc-page-1 ez-toc-heading-level-3'><a class=\"ez-toc-link ez-toc-heading-13\" href=\"https:\/\/www.turna.com\/blog\/yalta-gezilecek-yerler\/#12_yalta_hayvanat_bahcesi\" >12. Yalta Hayvanat Bah\u00e7esi<\/a><\/li><li class='ez-toc-page-1 ez-toc-heading-level-3'><a class=\"ez-toc-link ez-toc-heading-14\" href=\"https:\/\/www.turna.com\/blog\/yalta-gezilecek-yerler\/#13_derekoy_camii\" >13. Derek\u00f6y Camii<\/a><\/li><li class='ez-toc-page-1 ez-toc-heading-level-3'><a class=\"ez-toc-link ez-toc-heading-15\" href=\"https:\/\/www.turna.com\/blog\/yalta-gezilecek-yerler\/#14_ermeni_kilisesi\" >14. Ermeni Kilisesi<\/a><\/li><li class='ez-toc-page-1 ez-toc-heading-level-3'><a class=\"ez-toc-link ez-toc-heading-16\" href=\"https:\/\/www.turna.com\/blog\/yalta-gezilecek-yerler\/#15_panorama_muzesi\" >15. Panorama M\u00fczesi<\/a><\/li><\/ul><\/li><\/ul><\/nav><\/div>\n\n<p><strong>Yalta<\/strong>, Ukrayna&#8217;ya ba\u011fl\u0131 K\u0131r\u0131m \u00d6zerk Cumhuriyeti&#8217;nin g\u00fcney k\u0131sm\u0131nda, Karadeniz k\u0131y\u0131s\u0131nda yer alan bir sahil \u015fehri. K\u0131r\u0131m Yar\u0131madas\u0131n\u0131n hemen ucunda, Ukrayna\u2019n\u0131n en g\u00fcney ucundaki \u015fehri olan Yalta, kumsallar\u0131 ve yemye\u015fil do\u011fas\u0131yla tam bir sayfiye yeri.<\/p>\n\n\n\n<p>Gece hayat\u0131, restoranlar\u0131, barlar\u0131, modern ve \u015f\u0131k g\u00f6r\u00fcn\u00fcml\u00fc gen\u00e7leri ile tam bir Avrupa kenti olan Yalta, ayn\u0131 zamanda, K\u0131r\u0131m ve hatta Ukrayna\u2019n\u0131n en b\u00fcy\u00fck uluslararas\u0131 tatil ve sa\u011fl\u0131k merkezi. Burada, Sovyetler d\u00f6neminden kalma otel ve sanatoryum gibi, sa\u011fl\u0131k ama\u00e7l\u0131 merkezler bulunuyor.<\/p>\n\n\n\n<figure class=\"wp-block-image size-large\"><img width=\"800\" height=\"500\" data-public-id=\"yalta-gezilecek-yerler\/yalta-gezilecek-yerler.jpg\" fetchpriority=\"high\" decoding=\"async\" src=\"https:\/\/res.cloudinary.com\/turna\/images\/w_800,h_500,c_scale\/f_auto,q_auto:low\/v1624600942\/yalta-gezilecek-yerler\/yalta-gezilecek-yerler.jpg?_i=AA\" alt=\"yalta-gezilecek-yerler\" class=\"wp-post-18955 wp-image-19415\" data-format=\"jpg\" data-transformations=\"f_auto,q_auto:low\" data-version=\"1624600942\" data-seo=\"1\" srcset=\"https:\/\/res.cloudinary.com\/turna\/images\/f_auto,q_auto:low\/v1624600942\/yalta-gezilecek-yerler\/yalta-gezilecek-yerler.jpg?_i=AA 800w, https:\/\/res.cloudinary.com\/turna\/images\/w_300,h_188,c_scale\/f_auto,q_auto:low\/v1624600942\/yalta-gezilecek-yerler\/yalta-gezilecek-yerler.jpg?_i=AA 300w, https:\/\/res.cloudinary.com\/turna\/images\/w_672,h_420,c_scale\/f_auto,q_auto:low\/v1624600942\/yalta-gezilecek-yerler\/yalta-gezilecek-yerler.jpg?_i=AA 672w, https:\/\/res.cloudinary.com\/turna\/images\/w_640,h_400,c_scale\/f_auto,q_auto:low\/v1624600942\/yalta-gezilecek-yerler\/yalta-gezilecek-yerler.jpg?_i=AA 640w, https:\/\/res.cloudinary.com\/turna\/images\/w_681,h_426,c_scale\/f_auto,q_auto:low\/v1624600942\/yalta-gezilecek-yerler\/yalta-gezilecek-yerler.jpg?_i=AA 681w\" sizes=\"(max-width: 800px) 100vw, 800px\" \/><\/figure>\n\n\n\n<h2 class=\"wp-block-heading\"><span class=\"ez-toc-section\" id=\"yalta_gezilecek_yerler\"><\/span><strong>Yalta Gezilecek Yerler<\/strong><span class=\"ez-toc-section-end\"><\/span><\/h2>\n\n\n\n<p>En uygun&nbsp;<strong><a href=\"https:\/\/www.turna.com\/ucak-bileti\/simferopol\">Yalta u\u00e7ak bileti<\/a><\/strong>&nbsp;i\u00e7in turna.com sayfas\u0131n\u0131 ziyaret edin. Geli\u015fmi\u015f arama teknolojisi, g\u00fcvenli \u00f6deme, komisyonsuz al\u0131\u015fveri\u015f, kesintisiz iade garantisi ve daha fazla turna.com sayfalar\u0131nda.<\/p>\n\n\n\n<h3 class=\"wp-block-heading\"><span class=\"ez-toc-section\" id=\"1_lenin_meydani_ve_lenin_aniti\"><\/span><strong>1. Lenin Meydan\u0131 ve Lenin An\u0131t\u0131<\/strong><span class=\"ez-toc-section-end\"><\/span><\/h3>\n\n\n\n<figure class=\"wp-block-image size-large is-style-default\"><img width=\"800\" height=\"500\" data-public-id=\"Lenin-meydani\/Lenin-meydani.jpg\" decoding=\"async\" src=\"https:\/\/res.cloudinary.com\/turna\/images\/w_800,h_500,c_scale\/f_auto,q_auto:low\/v1624601023\/Lenin-meydani\/Lenin-meydani.jpg?_i=AA\" alt=\"Lenin-meydani\" class=\"wp-post-18955 wp-image-19416\" data-format=\"jpg\" data-transformations=\"f_auto,q_auto:low\" data-version=\"1624601023\" data-seo=\"1\" srcset=\"https:\/\/res.cloudinary.com\/turna\/images\/f_auto,q_auto:low\/v1624601023\/Lenin-meydani\/Lenin-meydani.jpg?_i=AA 800w, https:\/\/res.cloudinary.com\/turna\/images\/w_300,h_188,c_scale\/f_auto,q_auto:low\/v1624601023\/Lenin-meydani\/Lenin-meydani.jpg?_i=AA 300w, https:\/\/res.cloudinary.com\/turna\/images\/w_672,h_420,c_scale\/f_auto,q_auto:low\/v1624601023\/Lenin-meydani\/Lenin-meydani.jpg?_i=AA 672w, https:\/\/res.cloudinary.com\/turna\/images\/w_640,h_400,c_scale\/f_auto,q_auto:low\/v1624601023\/Lenin-meydani\/Lenin-meydani.jpg?_i=AA 640w, https:\/\/res.cloudinary.com\/turna\/images\/w_681,h_426,c_scale\/f_auto,q_auto:low\/v1624601023\/Lenin-meydani\/Lenin-meydani.jpg?_i=AA 681w\" sizes=\"(max-width: 800px) 100vw, 800px\" \/><figcaption class=\"wp-element-caption\"> <\/figcaption><\/figure>\n\n\n\n<p><strong>Lenin Meydan\u0131<\/strong>, Sovyetler Birli\u011fi d\u00f6neminden kalma Lenin heykellerinden biri olan Lenin An\u0131t\u0131&#8217;na ev sahipli\u011fi yap\u0131yor. \u015eehrin en merkezi noktas\u0131 olarak kabul edilen meydan\u0131n tam ortas\u0131nda bulunan Lenin An\u0131t\u0131\u2019n\u0131n \u00e7evresinde g\u00fcn boyu kaykay yapan, m\u00fczik dinleyen gen\u00e7lerin sesleri duyuluyor. Meydan\u0131n bir yan\u0131nda ise Osmanl\u0131 \u00c7\u0131nar\u0131 olarak isimlendirilen devasa bir a\u011fa\u00e7 var.<\/p>\n\n\n\n<h3 class=\"wp-block-heading\"><span class=\"ez-toc-section\" id=\"2_livadya_sarayi\"><\/span><strong>2. Livadya Saray\u0131<\/strong><span class=\"ez-toc-section-end\"><\/span><\/h3>\n\n\n\n<figure class=\"wp-block-image size-large is-style-default\"><img width=\"800\" height=\"500\" data-public-id=\"Livadya-sarayi\/Livadya-sarayi.jpg\" decoding=\"async\" src=\"https:\/\/res.cloudinary.com\/turna\/images\/w_800,h_500,c_scale\/f_auto,q_auto:low\/v1624601186\/Livadya-sarayi\/Livadya-sarayi.jpg?_i=AA\" alt=\"Livadya-sarayi\" class=\"wp-post-18955 wp-image-19417\" data-format=\"jpg\" data-transformations=\"f_auto,q_auto:low\" data-version=\"1624601186\" data-seo=\"1\" srcset=\"https:\/\/res.cloudinary.com\/turna\/images\/f_auto,q_auto:low\/v1624601186\/Livadya-sarayi\/Livadya-sarayi.jpg?_i=AA 800w, https:\/\/res.cloudinary.com\/turna\/images\/w_300,h_188,c_scale\/f_auto,q_auto:low\/v1624601186\/Livadya-sarayi\/Livadya-sarayi.jpg?_i=AA 300w, https:\/\/res.cloudinary.com\/turna\/images\/w_672,h_420,c_scale\/f_auto,q_auto:low\/v1624601186\/Livadya-sarayi\/Livadya-sarayi.jpg?_i=AA 672w, https:\/\/res.cloudinary.com\/turna\/images\/w_640,h_400,c_scale\/f_auto,q_auto:low\/v1624601186\/Livadya-sarayi\/Livadya-sarayi.jpg?_i=AA 640w, https:\/\/res.cloudinary.com\/turna\/images\/w_681,h_426,c_scale\/f_auto,q_auto:low\/v1624601186\/Livadya-sarayi\/Livadya-sarayi.jpg?_i=AA 681w\" sizes=\"(max-width: 800px) 100vw, 800px\" \/><figcaption class=\"wp-element-caption\"> <\/figcaption><\/figure>\n\n\n\n<p><strong>Livadya Saray\u0131<\/strong> (Beyaz Saray\/ Yasna Polyana Sanatoryumu), Yalta kent merkezinin 3 km g\u00fcneyinde, Livadya&#8217;n\u0131n Mohabi Tepesi&#8217;nin sahil kesiminde yer alan bir saray park kompleksi. Rus \u00c7ar\u0131 II. Nikolay i\u00e7in 1911 y\u0131l\u0131nda Gotik tarzda yazl\u0131k saray olarak in\u015fa edilen yap\u0131, g\u00fcn\u00fcm\u00fczde anne ve \u00e7ocuklar i\u00e7in sanatoryum olarak kullan\u0131l\u0131yor.<\/p>\n\n\n\n<p>D\u00fcnya siyasi tarihi a\u00e7\u0131s\u0131ndan da ayr\u0131 bir \u00f6neme sahip olan saray, Stalin, Churchill ve Roosevelt&#8217;in sava\u015f sonras\u0131 Avrupa&#8217;n\u0131n gelece\u011fini tart\u0131\u015ft\u0131klar\u0131 Yalta Konferans\u0131\u2019n\u0131n ger\u00e7ekle\u015ftirildi\u011fi saray. Livadya Saray\u0131\u2019nda Yalta Konferans\u0131 ile ilgili belgeler, \u00c7ar II. Nikolay ve ailesine ait e\u015fyalar, \u00c7arl\u0131k d\u00f6nemine ait eserler sergileniyor. Ayn\u0131 zamanda saray i\u00e7inde bir tarih m\u00fczesi ve resim galerisi ile \u00e7ara ait \u015farap mahzeni de bulunuyor.<\/p>\n\n\n\n<p>Livadya Saray\u0131 ziyaret saatleri k\u0131\u015f d\u00f6nemi (ekim-mart) 10.00-17.00; yaz d\u00f6nemi (nisan-eyl\u00fcl) 10.00-20.00. Saray, pazartesi g\u00fcnleri ziyarete kapal\u0131. Livadya Saray\u0131 giri\u015f \u00fccreti 400RUB.<\/p>\n\n\n\n<h3 class=\"wp-block-heading\"><span class=\"ez-toc-section\" id=\"3_aleksander_nevski_katedrali\"><\/span><strong>3. Aleksander Nevski Katedrali<\/strong><span class=\"ez-toc-section-end\"><\/span><\/h3>\n\n\n\n<figure class=\"wp-block-image size-large is-style-default\"><img width=\"800\" height=\"500\" loading=\"lazy\" decoding=\"async\" src=\"data:image\/svg+xml;base64,PHN2ZyB4bWxucz0iaHR0cDovL3d3dy53My5vcmcvMjAwMC9zdmciIHdpZHRoPSI4MDAiIGhlaWdodD0iNTAwIj48cmVjdCB3aWR0aD0iMTAwJSIgaGVpZ2h0PSIxMDAlIj48YW5pbWF0ZSBhdHRyaWJ1dGVOYW1lPSJmaWxsIiB2YWx1ZXM9InJnYmEoMTUzLDE1MywxNTMsMC41KTtyZ2JhKDE1MywxNTMsMTUzLDAuMSk7cmdiYSgxNTMsMTUzLDE1MywwLjUpIiBkdXI9IjJzIiByZXBlYXRDb3VudD0iaW5kZWZpbml0ZSIgLz48L3JlY3Q+PC9zdmc+\" alt=\"Aleksander Nevski Katedrali\" class=\"wp-post-18955 wp-image-19418\" data-public-id=\"Aleksander-Katedrali\/Aleksander-Katedrali.jpg\" data-format=\"jpg\" data-transformations=\"f_auto,q_auto:low\" data-version=\"1624601286\" data-seo=\"1\" data-size=\"800 500\" data-srcset=\"https:\/\/res.cloudinary.com\/turna\/images\/f_auto,q_auto:low\/v1624601286\/Aleksander-Katedrali\/Aleksander-Katedrali.jpg?_i=AA 800w, https:\/\/res.cloudinary.com\/turna\/images\/w_300,h_188,c_scale\/f_auto,q_auto:low\/v1624601286\/Aleksander-Katedrali\/Aleksander-Katedrali.jpg?_i=AA 300w, https:\/\/res.cloudinary.com\/turna\/images\/w_672,h_420,c_scale\/f_auto,q_auto:low\/v1624601286\/Aleksander-Katedrali\/Aleksander-Katedrali.jpg?_i=AA 672w, https:\/\/res.cloudinary.com\/turna\/images\/w_640,h_400,c_scale\/f_auto,q_auto:low\/v1624601286\/Aleksander-Katedrali\/Aleksander-Katedrali.jpg?_i=AA 640w, https:\/\/res.cloudinary.com\/turna\/images\/w_681,h_426,c_scale\/f_auto,q_auto:low\/v1624601286\/Aleksander-Katedrali\/Aleksander-Katedrali.jpg?_i=AA 681w\" data-sizes=\"(max-width: 800px) 100vw, 800px\" data-delivery=\"upload\" onload=\";window.CLDBind?CLDBind(this):null;\" data-cloudinary=\"lazy\" \/><\/figure>\n\n\n\n<p><strong>Aleksander Nevski Katedrali<\/strong>, kent merkezindeki Kirov Soka\u011f\u0131\u2019nda yer al\u0131yor. \u015eehre denizden yakla\u015f\u0131ld\u0131\u011f\u0131nda ufukta g\u00f6r\u00fclen ilk yap\u0131 olan kilise, 18. y\u00fczy\u0131l Neo-Bizans stilinde in\u015fa edilmi\u015f. \u0130konalar\u0131 ve freskleri, kubbeleri ve zengin dekoratif s\u00fcslemeleriyle hayran b\u0131rakan yap\u0131, mimar Krasnov ve \u015eapovalov&#8217;un imzas\u0131n\u0131 ta\u015f\u0131yor.<\/p>\n\n\n\n<p>Tam ismi Aleksander Nevski Rus Ortodoks Katedrali olan yap\u0131n\u0131n i\u00e7 dekorasyonu \u0130talyan ressam ve sanat\u00e7\u0131lara ait. Duvarlar\u0131 Venedikli ustalar taraf\u0131ndan boyanan katedralin duvarlar\u0131nda Rus ikonalar\u0131 yer al\u0131yor. Katedralin alt kat\u0131nda 700 ki\u015fi kapasiteli, \u00fcst kat\u0131nda ise 1,200 ki\u015fi kapasiteli iki ayr\u0131 kilise bulunuyor.<\/p>\n\n\n\n<p>Aleksander Nevski Katedrali ziyaret saatleri 07.00-19.00. Aleksander Nevski Katedrali giri\u015f \u00fccreti al\u0131nm\u0131yor. Kilisenin ziyaret\u00e7ilerinin c\u00fczi miktarda ba\u011f\u0131\u015f yapmas\u0131 bekleniyor.<\/p>\n\n\n\n<h3 class=\"wp-block-heading\"><span class=\"ez-toc-section\" id=\"4_vorontsov_sarayi_ve_vorontsov_parki\"><\/span><strong>4. Vorontsov Saray\u0131 ve Vorontsov Park\u0131<\/strong><span class=\"ez-toc-section-end\"><\/span><\/h3>\n\n\n\n<figure class=\"wp-block-image size-large is-style-default\"><img width=\"800\" height=\"500\" loading=\"lazy\" decoding=\"async\" src=\"data:image\/svg+xml;base64,PHN2ZyB4bWxucz0iaHR0cDovL3d3dy53My5vcmcvMjAwMC9zdmciIHdpZHRoPSI4MDAiIGhlaWdodD0iNTAwIj48cmVjdCB3aWR0aD0iMTAwJSIgaGVpZ2h0PSIxMDAlIj48YW5pbWF0ZSBhdHRyaWJ1dGVOYW1lPSJmaWxsIiB2YWx1ZXM9InJnYmEoMTUzLDE1MywxNTMsMC41KTtyZ2JhKDE1MywxNTMsMTUzLDAuMSk7cmdiYSgxNTMsMTUzLDE1MywwLjUpIiBkdXI9IjJzIiByZXBlYXRDb3VudD0iaW5kZWZpbml0ZSIgLz48L3JlY3Q+PC9zdmc+\" alt=\"Vorontsov Saray\u0131\" class=\"wp-post-18955 wp-image-19419\" data-public-id=\"Vorontsov-Sarayi\/Vorontsov-Sarayi.jpg\" data-format=\"jpg\" data-transformations=\"f_auto,q_auto:low\" data-version=\"1624601364\" data-seo=\"1\" data-size=\"800 500\" data-srcset=\"https:\/\/res.cloudinary.com\/turna\/images\/f_auto,q_auto:low\/v1624601364\/Vorontsov-Sarayi\/Vorontsov-Sarayi.jpg?_i=AA 800w, https:\/\/res.cloudinary.com\/turna\/images\/w_300,h_188,c_scale\/f_auto,q_auto:low\/v1624601364\/Vorontsov-Sarayi\/Vorontsov-Sarayi.jpg?_i=AA 300w, https:\/\/res.cloudinary.com\/turna\/images\/w_672,h_420,c_scale\/f_auto,q_auto:low\/v1624601364\/Vorontsov-Sarayi\/Vorontsov-Sarayi.jpg?_i=AA 672w, https:\/\/res.cloudinary.com\/turna\/images\/w_640,h_400,c_scale\/f_auto,q_auto:low\/v1624601364\/Vorontsov-Sarayi\/Vorontsov-Sarayi.jpg?_i=AA 640w, https:\/\/res.cloudinary.com\/turna\/images\/w_681,h_426,c_scale\/f_auto,q_auto:low\/v1624601364\/Vorontsov-Sarayi\/Vorontsov-Sarayi.jpg?_i=AA 681w\" data-sizes=\"(max-width: 800px) 100vw, 800px\" data-delivery=\"upload\" onload=\";window.CLDBind?CLDBind(this):null;\" data-cloudinary=\"lazy\" \/><\/figure>\n\n\n\n<p><strong>Vorontsov Saray\u0131 ve Vorontsov Park\u0131<\/strong>, Alupka sahilinin geni\u015f kesimini kapsayan 19. y\u00fczy\u0131l saray\u0131 ve parktan olu\u015fuyor. K\u0131r\u0131m Yar\u0131madas\u0131&#8217;n\u0131n en eski ve en b\u00fcy\u00fck saraylar\u0131ndan biri olan Vorontsov Saray\u0131, Prens Mikhail Semyonovich Vorontsov i\u00e7in 1828-1848 y\u0131llar\u0131 aras\u0131nda yazl\u0131k saray olarak in\u015fa edilmi\u015f.<\/p>\n\n\n\n<p>\u0130ngiliz mimar Edward Blore ile asistan\u0131 William Hunt&#8217;un imzas\u0131n\u0131 ta\u015f\u0131yan, do\u011fu-bat\u0131 sentezindeki bir mimari anlay\u0131\u015fla dekore edilen saray\u0131n g\u00fcney cephesinde Hint-M\u00fcsl\u00fcman camii giri\u015flerini hat\u0131rlatan me\u015fhur bir kemer ile s\u00fcslenen saray park\u0131 bulunuyor. Vorontsov Park\u0131 olarak da bilinen saray\u0131n bah\u00e7esi Akdeniz, Asya, G\u00fcney ve Kuzey Amerika\u2019dan getirilen \u00e7e\u015fitli bitkilerle s\u00fcsl\u00fc. G\u00fcn\u00fcm\u00fczde m\u00fcze olarak hizmet veren Vorontsov, yazar Lev Tolstoy\u2019un romanlar\u0131na da konu olmu\u015f.<\/p>\n\n\n\n<p>Vorontsov Saray\u0131 ziyaret saatleri 1 Temmuz &#8211; 30 A\u011fustos d\u00f6neminde 08.00-14.00, y\u0131l\u0131n geri kalan b\u00f6l\u00fcm\u00fcnde ise 09.00-17.00. Saray, pazartesi g\u00fcnleri ziyarete kapal\u0131.<\/p>\n\n\n\n<h3 class=\"wp-block-heading\"><span class=\"ez-toc-section\" id=\"5_massandra_satosu\"><\/span><strong>5. Massandra \u015eatosu<\/strong><span class=\"ez-toc-section-end\"><\/span><\/h3>\n\n\n\n<figure class=\"wp-block-image size-large is-style-default\"><img width=\"800\" height=\"500\" loading=\"lazy\" decoding=\"async\" src=\"data:image\/svg+xml;base64,PHN2ZyB4bWxucz0iaHR0cDovL3d3dy53My5vcmcvMjAwMC9zdmciIHdpZHRoPSI4MDAiIGhlaWdodD0iNTAwIj48cmVjdCB3aWR0aD0iMTAwJSIgaGVpZ2h0PSIxMDAlIj48YW5pbWF0ZSBhdHRyaWJ1dGVOYW1lPSJmaWxsIiB2YWx1ZXM9InJnYmEoMTUzLDE1MywxNTMsMC41KTtyZ2JhKDE1MywxNTMsMTUzLDAuMSk7cmdiYSgxNTMsMTUzLDE1MywwLjUpIiBkdXI9IjJzIiByZXBlYXRDb3VudD0iaW5kZWZpbml0ZSIgLz48L3JlY3Q+PC9zdmc+\" alt=\"Massandra\" class=\"wp-post-18955 wp-image-19420\" data-public-id=\"Massandra\/Massandra.jpg\" data-format=\"jpg\" data-transformations=\"f_auto,q_auto:low\" data-version=\"1624601425\" data-seo=\"1\" data-size=\"800 500\" data-srcset=\"https:\/\/res.cloudinary.com\/turna\/images\/f_auto,q_auto:low\/v1624601425\/Massandra\/Massandra.jpg?_i=AA 800w, https:\/\/res.cloudinary.com\/turna\/images\/w_300,h_188,c_scale\/f_auto,q_auto:low\/v1624601425\/Massandra\/Massandra.jpg?_i=AA 300w, https:\/\/res.cloudinary.com\/turna\/images\/w_672,h_420,c_scale\/f_auto,q_auto:low\/v1624601425\/Massandra\/Massandra.jpg?_i=AA 672w, https:\/\/res.cloudinary.com\/turna\/images\/w_640,h_400,c_scale\/f_auto,q_auto:low\/v1624601425\/Massandra\/Massandra.jpg?_i=AA 640w, https:\/\/res.cloudinary.com\/turna\/images\/w_681,h_426,c_scale\/f_auto,q_auto:low\/v1624601425\/Massandra\/Massandra.jpg?_i=AA 681w\" data-sizes=\"(max-width: 800px) 100vw, 800px\" data-delivery=\"upload\" onload=\";window.CLDBind?CLDBind(this):null;\" data-cloudinary=\"lazy\" \/><\/figure>\n\n\n\n<p><strong>Massandra \u015eatosu<\/strong> (\u00c7ar III. Aleksander Saray\u0131), K\u0131r\u0131m&#8217;\u0131n g\u00fcney sahilindeki en iyi mimari yap\u0131lardan biri. Massandra Mlli Park\u0131&#8217;nda yer alan, Frans\u0131z \u015fatolar\u0131na benzeyen ve 1878\u2019de yap\u0131lan \u015fato, ayn\u0131 zamanda Stalin\u2019in yazl\u0131k evlerinden biri olarak da biliniyor.<\/p>\n\n\n\n<p>III. Aleksander ve \u00e7arl\u0131k ailesinin yaz tatillerinde kullanmas\u0131 i\u00e7in yap\u0131lan ve g\u00fcn\u00fcm\u00fczde m\u00fcze olarak hizmet veren yap\u0131n\u0131n kendine has zarafeti ve ince bir i\u015f\u00e7ili\u011fi bulunuyor.<\/p>\n\n\n\n<p>Massandra \u015eatosu ziyaret saatleri 09.00-19.00. \u015eato, pazartesi g\u00fcnleri ziyarete kapal\u0131. Massandra \u015eatosu giri\u015f \u00fccreti 500RUB.<\/p>\n\n\n\n<h3 class=\"wp-block-heading\"><span class=\"ez-toc-section\" id=\"6_kirlangic_yuvasi\"><\/span><strong>6. K\u0131rlang\u0131\u00e7 Yuvas\u0131<\/strong><span class=\"ez-toc-section-end\"><\/span><\/h3>\n\n\n\n<p><strong>K\u0131rlang\u0131\u00e7 Yuvas\u0131<\/strong> (Lastivchyne Hnizdo\/Lastochkino Gnezdo), K\u0131r\u0131m&#8217;\u0131n en \u00f6nemli sembollerinden biri olan perili masal \u015fatosu. Yalta\u2019dan 10 km uzakl\u0131ktaki Mishor B\u00f6lgesi\u2019nde, Gasp\u0131ra Ay Todor Burnu\u2019nda yer alan K\u0131rlang\u0131\u00e7 Yuvas\u0131\u2019na Yalta\u2019dan saat ba\u015f\u0131 hareket eden deniz motorlar\u0131 ve karayolu ile ula\u015f\u0131m m\u00fcmk\u00fcn.<\/p>\n\n\n\n<p>1911-1912 y\u0131llar\u0131 aras\u0131nda, deniz seviyesinden 40 metre y\u00fckseklikteki Aurora Yamac\u0131&#8217;na in\u015fa edilen \u015fatonun tasar\u0131m\u0131 Rus mimar Leonid Sherwood&#8217;a ait. Neogotik bir mimari anlay\u0131\u015fa sahip \u015fato Yalta ile ilgili tan\u0131t\u0131m materyallerinde en \u00e7ok kullan\u0131lan g\u00f6rsel ikon.<\/p>\n\n\n\n<p>K\u0131r\u0131m&#8217;\u0131n en pop\u00fcler turistik noktas\u0131 olan K\u0131rlang\u0131\u00e7 Yuvas\u0131, K\u0131r\u0131m&#8217;\u0131n g\u00fcney k\u0131y\u0131lar\u0131n\u0131n simgesi olarak kabul ediliyor. Yap\u0131n\u0131n yan\u0131nda yer alan, 1 ile 3. y\u00fczy\u0131l d\u00f6neminden kalma tarihi bir Roma Kalesi ile Ay Todor Burnu&#8217;ndaki Ai Todorsky Deniz Feneri&#8217;ni de g\u00f6rebilirsiniz.<\/p>\n\n\n\n<p>K\u0131rlang\u0131\u00e7 Yuvas\u0131 ziyaret saatleri 09.00-19.00. K\u0131rlang\u0131\u00e7 Yuvas\u0131, haftan\u0131n 7 g\u00fcn\u00fc ziyarete a\u00e7\u0131k.<\/p>\n\n\n\n<h3 class=\"wp-block-heading\"><span class=\"ez-toc-section\" id=\"7_dulber_palas\"><\/span><strong>7. Dulber Palas<\/strong><span class=\"ez-toc-section-end\"><\/span><\/h3>\n\n\n\n<figure class=\"wp-block-image size-large is-style-default\"><img width=\"800\" height=\"500\" loading=\"lazy\" decoding=\"async\" src=\"data:image\/svg+xml;base64,PHN2ZyB4bWxucz0iaHR0cDovL3d3dy53My5vcmcvMjAwMC9zdmciIHdpZHRoPSI4MDAiIGhlaWdodD0iNTAwIj48cmVjdCB3aWR0aD0iMTAwJSIgaGVpZ2h0PSIxMDAlIj48YW5pbWF0ZSBhdHRyaWJ1dGVOYW1lPSJmaWxsIiB2YWx1ZXM9InJnYmEoMTUzLDE1MywxNTMsMC41KTtyZ2JhKDE1MywxNTMsMTUzLDAuMSk7cmdiYSgxNTMsMTUzLDE1MywwLjUpIiBkdXI9IjJzIiByZXBlYXRDb3VudD0iaW5kZWZpbml0ZSIgLz48L3JlY3Q+PC9zdmc+\" alt=\"Dulber Palace\" class=\"wp-post-18955 wp-image-19421\" data-public-id=\"Dulber-Palace\/Dulber-Palace.jpg\" data-format=\"jpg\" data-transformations=\"f_auto,q_auto:low\" data-version=\"1624601518\" data-seo=\"1\" data-size=\"800 500\" data-srcset=\"https:\/\/res.cloudinary.com\/turna\/images\/f_auto,q_auto:low\/v1624601518\/Dulber-Palace\/Dulber-Palace.jpg?_i=AA 800w, https:\/\/res.cloudinary.com\/turna\/images\/w_300,h_188,c_scale\/f_auto,q_auto:low\/v1624601518\/Dulber-Palace\/Dulber-Palace.jpg?_i=AA 300w, https:\/\/res.cloudinary.com\/turna\/images\/w_672,h_420,c_scale\/f_auto,q_auto:low\/v1624601518\/Dulber-Palace\/Dulber-Palace.jpg?_i=AA 672w, https:\/\/res.cloudinary.com\/turna\/images\/w_640,h_400,c_scale\/f_auto,q_auto:low\/v1624601518\/Dulber-Palace\/Dulber-Palace.jpg?_i=AA 640w, https:\/\/res.cloudinary.com\/turna\/images\/w_681,h_426,c_scale\/f_auto,q_auto:low\/v1624601518\/Dulber-Palace\/Dulber-Palace.jpg?_i=AA 681w\" data-sizes=\"(max-width: 800px) 100vw, 800px\" data-delivery=\"upload\" onload=\";window.CLDBind?CLDBind(this):null;\" data-cloudinary=\"lazy\" \/><\/figure>\n\n\n\n<p><strong>Dulber Palas<\/strong> (Muhte\u015fem Palas) Kureyz&#8217;de B\u00fcy\u00fck Prens Piotr Nikolayevi\u00e7 i\u00e7in 1895-1897 y\u0131llar\u0131 aras\u0131nda in\u015fa edilmi\u015f bir yap\u0131. Krasnov projesine g\u00f6re, asimetrik 2 ile 4 katl\u0131 bina olarak yap\u0131lan ve 100&#8217;den fazla binadan olu\u015fan Dulber, farkl\u0131 y\u00fckseklikteki hacimler di\u015fli parmakl\u0131klar ve g\u00fcm\u00fc\u015f kubbeler ile ta\u00e7land\u0131r\u0131lm\u0131\u015f. Saray\u0131n beyaz d\u00fcz duvarlar\u0131nda oyma ta\u015flar ve mozaikler bulunuyor. Saray\u0131n b\u00fcy\u00fck b\u00f6l\u00fcm\u00fc ve \u00f6zellikle giri\u015fi 15. y\u00fczy\u0131l Arap M\u0131s\u0131r sanat\u0131ndan esinlenilerek yap\u0131lm\u0131\u015f.<\/p>\n\n\n\n<p>Y\u00fczden fazla odaya sahip olan saray, 1917 devriminden sonra bir d\u00f6nem askeri garnizon olarak kullan\u0131lm\u0131\u015f. G\u00fcn\u00fcm\u00fczde b\u00fcy\u00fck b\u00f6l\u00fcm\u00fc sanatoryum olarak kullan\u0131lan ve g\u00f6rkemli bir bah\u00e7eye de sahip olan saray\u0131n bah\u00e7esinde \u00e7ok say\u0131da heykel, nil\u00fcfer havuzu ve minyat\u00fcr botanik bah\u00e7esi bulunuyor. <\/p>\n\n\n\n<p>Dulber Palas ziyaret saatleri 10.00-17.00. Saray, pazartesi g\u00fcnleri ziyarete kapal\u0131. Dulber Palas giri\u015f \u00fccreti 300RUB.<\/p>\n\n\n\n<h3 class=\"wp-block-heading\"><span class=\"ez-toc-section\" id=\"8_peri_masallari_cayiri\"><\/span><strong>8. Peri Masallar\u0131 \u00c7ay\u0131r\u0131<\/strong><span class=\"ez-toc-section-end\"><\/span><\/h3>\n\n\n\n<p><strong>Peri Masallar\u0131 \u00c7ay\u0131r\u0131<\/strong> (Polyana Skazok), \u015fehir merkezinden 5 km uzakl\u0131kta bulunan bir a\u00e7\u0131k hava m\u00fczesi. Peri Masallar\u0131 \u00c7ay\u0131r\u0131&#8217;nda, K\u0131r\u0131ml\u0131 sanat\u00e7\u0131lar, a\u011fa\u00e7 oymac\u0131lar ve heykelt\u0131ra\u015flar taraf\u0131ndan tasarlanm\u0131\u015f Ukrayna ve Rus \u00e7ocuk kitaplar\u0131 ve hikayelerinde ge\u00e7en 200&#8217;den fazla peri masal\u0131 karakterinin canland\u0131r\u0131ld\u0131\u011f\u0131 heykeller yer al\u0131yor.<\/p>\n\n\n\n<p>Peri Masallar\u0131 \u00c7ay\u0131r\u0131 ziyaret saatleri 09.00-17.00. A\u00e7\u0131k hava m\u00fczesi, haftan\u0131n 7 g\u00fcn\u00fc ziyarete a\u00e7\u0131k.<\/p>\n\n\n\n<h3 class=\"wp-block-heading\"><span class=\"ez-toc-section\" id=\"9_anton_cehov_evi\"><\/span><strong>9. Anton \u00c7ehov Evi<\/strong><span class=\"ez-toc-section-end\"><\/span><\/h3>\n\n\n\n<figure class=\"wp-block-image size-large is-style-default\"><img width=\"800\" height=\"500\" loading=\"lazy\" decoding=\"async\" src=\"data:image\/svg+xml;base64,PHN2ZyB4bWxucz0iaHR0cDovL3d3dy53My5vcmcvMjAwMC9zdmciIHdpZHRoPSI4MDAiIGhlaWdodD0iNTAwIj48cmVjdCB3aWR0aD0iMTAwJSIgaGVpZ2h0PSIxMDAlIj48YW5pbWF0ZSBhdHRyaWJ1dGVOYW1lPSJmaWxsIiB2YWx1ZXM9InJnYmEoMTUzLDE1MywxNTMsMC41KTtyZ2JhKDE1MywxNTMsMTUzLDAuMSk7cmdiYSgxNTMsMTUzLDE1MywwLjUpIiBkdXI9IjJzIiByZXBlYXRDb3VudD0iaW5kZWZpbml0ZSIgLz48L3JlY3Q+PC9zdmc+\" alt=\"Anton \u00c7ehov Evi\" class=\"wp-post-18955 wp-image-19424\" data-public-id=\"Anton-Chekhov-House\/Anton-Chekhov-House.jpg\" data-format=\"jpg\" data-transformations=\"f_auto,q_auto:low\" data-version=\"1624602300\" data-seo=\"1\" data-size=\"800 500\" data-srcset=\"https:\/\/res.cloudinary.com\/turna\/images\/f_auto,q_auto:low\/v1624602300\/Anton-Chekhov-House\/Anton-Chekhov-House.jpg?_i=AA 800w, https:\/\/res.cloudinary.com\/turna\/images\/w_300,h_188,c_scale\/f_auto,q_auto:low\/v1624602300\/Anton-Chekhov-House\/Anton-Chekhov-House.jpg?_i=AA 300w, https:\/\/res.cloudinary.com\/turna\/images\/w_672,h_420,c_scale\/f_auto,q_auto:low\/v1624602300\/Anton-Chekhov-House\/Anton-Chekhov-House.jpg?_i=AA 672w, https:\/\/res.cloudinary.com\/turna\/images\/w_640,h_400,c_scale\/f_auto,q_auto:low\/v1624602300\/Anton-Chekhov-House\/Anton-Chekhov-House.jpg?_i=AA 640w, https:\/\/res.cloudinary.com\/turna\/images\/w_681,h_426,c_scale\/f_auto,q_auto:low\/v1624602300\/Anton-Chekhov-House\/Anton-Chekhov-House.jpg?_i=AA 681w\" data-sizes=\"(max-width: 800px) 100vw, 800px\" data-delivery=\"upload\" onload=\";window.CLDBind?CLDBind(this):null;\" data-cloudinary=\"lazy\" \/><\/figure>\n\n\n\n<p><strong>Anton \u00c7ehov Evi<\/strong>, \u00fcnl\u00fc Rus yazar\u0131n, hayat\u0131n\u0131n son y\u0131llar\u0131 olan 1899-1904 y\u0131llar\u0131 aras\u0131nda, burada ya\u015fad\u0131\u011f\u0131 evin m\u00fczeye d\u00f6n\u00fc\u015ft\u00fcr\u00fclm\u00fc\u015f hali. Kirova Soka\u011f\u0131\u2019nda bulunan evde, yazar\u0131n eserleri, foto\u011fraflar\u0131, ki\u015fisel e\u015fyalar\u0131, yazar\u0131n o g\u00fcnden kalma t\u0131bbi \u00e7antas\u0131 ve Rahmaninov&#8217;un \u00e7ald\u0131\u011f\u0131 piyano sergileniyor.<\/p>\n\n\n\n<p>M\u00fczede \u00fcnl\u00fc yazar\u0131n yata\u011f\u0131, oturma ve \u00e7al\u0131\u015fma odas\u0131, \u00f6ld\u00fc\u011f\u00fc y\u0131l olan 1904\u2019ten bu yana oldu\u011fu gibi muhafaza edilmi\u015f. Anton \u00c7ehov Evi ziyaret saatleri 10.00-18.00. M\u00fcze \u00e7ar\u015famba g\u00fcnleri 10.00-20.00 saatleri aras\u0131nda ziyaret edilebiliyor. Anton \u00c7ehov Evi giri\u015f \u00fccreti 300RUB.<\/p>\n\n\n\n<h3 class=\"wp-block-heading\"><span class=\"ez-toc-section\" id=\"10_st_john_can_kulesi\"><\/span><strong>10. St. John \u00c7an Kulesi<\/strong><span class=\"ez-toc-section-end\"><\/span><\/h3>\n\n\n\n<figure class=\"wp-block-image size-large is-style-default\"><img width=\"800\" height=\"500\" loading=\"lazy\" decoding=\"async\" src=\"data:image\/svg+xml;base64,PHN2ZyB4bWxucz0iaHR0cDovL3d3dy53My5vcmcvMjAwMC9zdmciIHdpZHRoPSI4MDAiIGhlaWdodD0iNTAwIj48cmVjdCB3aWR0aD0iMTAwJSIgaGVpZ2h0PSIxMDAlIj48YW5pbWF0ZSBhdHRyaWJ1dGVOYW1lPSJmaWxsIiB2YWx1ZXM9InJnYmEoMTUzLDE1MywxNTMsMC41KTtyZ2JhKDE1MywxNTMsMTUzLDAuMSk7cmdiYSgxNTMsMTUzLDE1MywwLjUpIiBkdXI9IjJzIiByZXBlYXRDb3VudD0iaW5kZWZpbml0ZSIgLz48L3JlY3Q+PC9zdmc+\" alt=\"St. John \u00c7an Kulesi\" class=\"wp-post-18955 wp-image-19425\" data-public-id=\"St.-John-Yalta\/St.-John-Yalta.jpg\" data-format=\"jpg\" data-transformations=\"f_auto,q_auto:low\" data-version=\"1624602419\" data-seo=\"1\" data-size=\"800 500\" data-srcset=\"https:\/\/res.cloudinary.com\/turna\/images\/f_auto,q_auto:low\/v1624602419\/St.-John-Yalta\/St.-John-Yalta.jpg?_i=AA 800w, https:\/\/res.cloudinary.com\/turna\/images\/w_300,h_188,c_scale\/f_auto,q_auto:low\/v1624602419\/St.-John-Yalta\/St.-John-Yalta.jpg?_i=AA 300w, https:\/\/res.cloudinary.com\/turna\/images\/w_672,h_420,c_scale\/f_auto,q_auto:low\/v1624602419\/St.-John-Yalta\/St.-John-Yalta.jpg?_i=AA 672w, https:\/\/res.cloudinary.com\/turna\/images\/w_640,h_400,c_scale\/f_auto,q_auto:low\/v1624602419\/St.-John-Yalta\/St.-John-Yalta.jpg?_i=AA 640w, https:\/\/res.cloudinary.com\/turna\/images\/w_681,h_426,c_scale\/f_auto,q_auto:low\/v1624602419\/St.-John-Yalta\/St.-John-Yalta.jpg?_i=AA 681w\" data-sizes=\"(max-width: 800px) 100vw, 800px\" data-delivery=\"upload\" onload=\";window.CLDBind?CLDBind(this):null;\" data-cloudinary=\"lazy\" \/><\/figure>\n\n\n\n<p><strong>St. John \u00c7an Kulesi<\/strong> (Joann Zlatoust Tap\u0131na\u011f\u0131), Yalta&#8217;n\u0131n g\u00fcneyinde, 1880&#8217;li y\u0131llar\u0131n ba\u015f\u0131nda Karadeniz&#8217;i kontrol etmek amac\u0131yla kullan\u0131lm\u0131\u015f. Ge\u00e7mi\u015fte ayn\u0131 noktada yer alan ve 17. y\u00fczy\u0131lda in\u015fa edilen bir kiliseye ait olan \u00e7an kulesi, II. D\u00fcnya Sava\u015f\u0131 s\u0131ras\u0131nda b\u00fcy\u00fck zarar g\u00f6ren kiliseden g\u00fcn\u00fcm\u00fcze ula\u015fan tek yap\u0131. <\/p>\n\n\n\n<p>B\u00fct\u00fcn\u00fcyle ayakta kalan \u00e7an kulesinin yan\u0131ba\u015f\u0131nda \u015fehrin muhte\u015fem manzaras\u0131n\u0131 g\u00f6rebilece\u011finiz bir g\u00f6zlem noktas\u0131 bulunuyor. <\/p>\n\n\n\n<p>St. John \u00c7an Kulesi, herhangi bir zaman s\u0131n\u0131r\u0131 olmadan g\u00fcn\u00fcn her saati ziyaret edilebiliyor. Ancak \u00c7an Kulesi&#8217;ne ziyaret\u00e7i giri\u015fine izin verilmiyor. \u00c7an Kulesi&#8217;nin yan\u0131ndaki g\u00f6zlem noktas\u0131 ve muhte\u015fem manzaran\u0131n tad\u0131n\u0131 \u00e7\u0131karabilirsiniz.<\/p>\n\n\n\n<h3 class=\"wp-block-heading\"><span class=\"ez-toc-section\" id=\"11_nikita_devlet_botanik_parki\"><\/span><strong>11. Nikita Devlet Botanik Park\u0131<\/strong><span class=\"ez-toc-section-end\"><\/span><\/h3>\n\n\n\n<figure class=\"wp-block-image size-large is-style-default\"><img width=\"800\" height=\"500\" loading=\"lazy\" decoding=\"async\" src=\"data:image\/svg+xml;base64,PHN2ZyB4bWxucz0iaHR0cDovL3d3dy53My5vcmcvMjAwMC9zdmciIHdpZHRoPSI4MDAiIGhlaWdodD0iNTAwIj48cmVjdCB3aWR0aD0iMTAwJSIgaGVpZ2h0PSIxMDAlIj48YW5pbWF0ZSBhdHRyaWJ1dGVOYW1lPSJmaWxsIiB2YWx1ZXM9InJnYmEoMTUzLDE1MywxNTMsMC41KTtyZ2JhKDE1MywxNTMsMTUzLDAuMSk7cmdiYSgxNTMsMTUzLDE1MywwLjUpIiBkdXI9IjJzIiByZXBlYXRDb3VudD0iaW5kZWZpbml0ZSIgLz48L3JlY3Q+PC9zdmc+\" alt=\"Nikita Garden\" class=\"wp-post-18955 wp-image-19426\" data-public-id=\"Nikita-Garden\/Nikita-Garden.jpg\" data-format=\"jpg\" data-transformations=\"f_auto,q_auto:low\" data-version=\"1624602515\" data-seo=\"1\" data-size=\"800 500\" data-srcset=\"https:\/\/res.cloudinary.com\/turna\/images\/f_auto,q_auto:low\/v1624602515\/Nikita-Garden\/Nikita-Garden.jpg?_i=AA 800w, https:\/\/res.cloudinary.com\/turna\/images\/w_300,h_188,c_scale\/f_auto,q_auto:low\/v1624602515\/Nikita-Garden\/Nikita-Garden.jpg?_i=AA 300w, https:\/\/res.cloudinary.com\/turna\/images\/w_672,h_420,c_scale\/f_auto,q_auto:low\/v1624602515\/Nikita-Garden\/Nikita-Garden.jpg?_i=AA 672w, https:\/\/res.cloudinary.com\/turna\/images\/w_640,h_400,c_scale\/f_auto,q_auto:low\/v1624602515\/Nikita-Garden\/Nikita-Garden.jpg?_i=AA 640w, https:\/\/res.cloudinary.com\/turna\/images\/w_681,h_426,c_scale\/f_auto,q_auto:low\/v1624602515\/Nikita-Garden\/Nikita-Garden.jpg?_i=AA 681w\" data-sizes=\"(max-width: 800px) 100vw, 800px\" data-delivery=\"upload\" onload=\";window.CLDBind?CLDBind(this):null;\" data-cloudinary=\"lazy\" \/><\/figure>\n\n\n\n<p><strong>Nikita Devlet Botanik Park\u0131<\/strong>, Yalta\u2019ya, 7 km uzakl\u0131ktaki Magara\u00e7 \u015earap Enstit\u00fcs\u00fc\u2019n\u00fcn hemen yan\u0131nda yer al\u0131yor. 1812\u2019de d\u00fczenlenen bah\u00e7e, 1600\u2019den fazla \u00e7e\u015fit g\u00fcl\u00fc ve d\u00fcnyan\u0131n \u00e7e\u015fitli yerlerinden getirilen 28 bin a\u011fa\u00e7 ve bitkinin yer ald\u0131\u011f\u0131, K\u0131r\u0131m Yar\u0131madas\u0131&#8217;n\u0131n en b\u00fcy\u00fck botanik bah\u00e7esi.<\/p>\n\n\n\n<p>Yalta&#8217;dan fayton ile de gelebilece\u011finiz parkta, g\u00fczel bir restoran da bulunuyor. Nikita Devlet Botanik Park\u0131 ziyaret saatleri 09.00-17.30. Botanik park\u0131, haftan\u0131n 7 g\u00fcn\u00fc ziyarete a\u00e7\u0131k. Nikita Devlet Botanik Park\u0131 giri\u015f \u00fccreti 90RUB.<\/p>\n\n\n\n<h3 class=\"wp-block-heading\"><span class=\"ez-toc-section\" id=\"12_yalta_hayvanat_bahcesi\"><\/span><strong>12. Yalta Hayvanat Bah\u00e7esi<\/strong><span class=\"ez-toc-section-end\"><\/span><\/h3>\n\n\n\n<p><strong>Yalta Hayvanat Bah\u00e7esi<\/strong> (Skazka), k\u00fc\u00e7\u00fck olmas\u0131na ra\u011fmen \u00e7ok say\u0131da hayvan\u0131 g\u00f6rebilece\u011finiz \u015fehrin turistik cazibe merkezlerinden. D\u00fcnyada \u00e7ok nadir g\u00f6r\u00fclen y\u0131rt\u0131c\u0131 hayvanlardan biri olan beyaz aslanlara da ev sahipli\u011fi yapan Skazka, eski Sovyetler birli\u011fi \u00fclkeleri aras\u0131nda en b\u00fcy\u00fck \u00f6zel hayvanat bah\u00e7esi olma unvan\u0131na sahip.<\/p>\n\n\n\n<p>2,5 hektarl\u0131k bir alanda, yemye\u015fil bir do\u011fal g\u00fczelli\u011fin merkezinde yer alan hayvanat bah\u00e7esinde d\u00fcnyan\u0131n farkl\u0131 b\u00f6lgelerinden getirilen, bir\u00e7o\u011fu nesli t\u00fckenme tehlikesi alt\u0131nda 120&#8217;den fazla hayvan t\u00fcr\u00fc bulunuyor. Yalta Hayvanat Bah\u00e7esi ziyaret saatleri 09.30-19.00. Yalta Hayvanat Bah\u00e7esi giri\u015f \u00fccreti yeti\u015fkinler 800RUB, \u00e7ocuklar 400RUB.<\/p>\n\n\n\n<h3 class=\"wp-block-heading\"><span class=\"ez-toc-section\" id=\"13_derekoy_camii\"><\/span><strong>13. Derek\u00f6y Camii<\/strong><span class=\"ez-toc-section-end\"><\/span><\/h3>\n\n\n\n<p><strong>Derek\u00f6y Camii<\/strong>, Yalta s\u0131n\u0131rlar\u0131nda ibadete a\u00e7\u0131k tek camii. 1926\u2019da kapat\u0131lan ve 1936\u2019da da minaresi y\u0131kt\u0131r\u0131lan cami binas\u0131, Rus i\u015fgali alt\u0131nda. Caminin Rus kuvvetleri taraf\u0131ndan kullan\u0131lmas\u0131 nedeniyle caminin ana binas\u0131n\u0131n yan\u0131nda yer alan ve bir d\u00f6nem Milli Mektep olarak da kullan\u0131lan iki katl\u0131 yap\u0131 binada ibadet ediliyor.<\/p>\n\n\n\n<p>K\u0131r\u0131m Tatarlar\u0131&#8217;na ait dini yap\u0131lar\u0131n as\u0131l sahiplerine iadesi yap\u0131lmas\u0131na ra\u011fmen bu tarihi cami hen\u00fcz Tatarlar\u0131n kullan\u0131m\u0131na ge\u00e7memi\u015f.<\/p>\n\n\n\n<h3 class=\"wp-block-heading\"><span class=\"ez-toc-section\" id=\"14_ermeni_kilisesi\"><\/span><strong>14. Ermeni Kilisesi<\/strong><span class=\"ez-toc-section-end\"><\/span><\/h3>\n\n\n\n<figure class=\"wp-block-image size-large is-style-default\"><img width=\"800\" height=\"500\" loading=\"lazy\" decoding=\"async\" src=\"data:image\/svg+xml;base64,PHN2ZyB4bWxucz0iaHR0cDovL3d3dy53My5vcmcvMjAwMC9zdmciIHdpZHRoPSI4MDAiIGhlaWdodD0iNTAwIj48cmVjdCB3aWR0aD0iMTAwJSIgaGVpZ2h0PSIxMDAlIj48YW5pbWF0ZSBhdHRyaWJ1dGVOYW1lPSJmaWxsIiB2YWx1ZXM9InJnYmEoMTUzLDE1MywxNTMsMC41KTtyZ2JhKDE1MywxNTMsMTUzLDAuMSk7cmdiYSgxNTMsMTUzLDE1MywwLjUpIiBkdXI9IjJzIiByZXBlYXRDb3VudD0iaW5kZWZpbml0ZSIgLz48L3JlY3Q+PC9zdmc+\" alt=\"Armenian Church Yalta\" class=\"wp-post-18955 wp-image-19427\" data-public-id=\"Armenian-Church-Yalta\/Armenian-Church-Yalta.jpg\" data-format=\"jpg\" data-transformations=\"f_auto,q_auto:low\" data-version=\"1624602630\" data-seo=\"1\" data-size=\"800 500\" data-srcset=\"https:\/\/res.cloudinary.com\/turna\/images\/f_auto,q_auto:low\/v1624602630\/Armenian-Church-Yalta\/Armenian-Church-Yalta.jpg?_i=AA 800w, https:\/\/res.cloudinary.com\/turna\/images\/w_300,h_188,c_scale\/f_auto,q_auto:low\/v1624602630\/Armenian-Church-Yalta\/Armenian-Church-Yalta.jpg?_i=AA 300w, https:\/\/res.cloudinary.com\/turna\/images\/w_672,h_420,c_scale\/f_auto,q_auto:low\/v1624602630\/Armenian-Church-Yalta\/Armenian-Church-Yalta.jpg?_i=AA 672w, https:\/\/res.cloudinary.com\/turna\/images\/w_640,h_400,c_scale\/f_auto,q_auto:low\/v1624602630\/Armenian-Church-Yalta\/Armenian-Church-Yalta.jpg?_i=AA 640w, https:\/\/res.cloudinary.com\/turna\/images\/w_681,h_426,c_scale\/f_auto,q_auto:low\/v1624602630\/Armenian-Church-Yalta\/Armenian-Church-Yalta.jpg?_i=AA 681w\" data-sizes=\"(max-width: 800px) 100vw, 800px\" data-delivery=\"upload\" onload=\";window.CLDBind?CLDBind(this):null;\" data-cloudinary=\"lazy\" \/><\/figure>\n\n\n\n<p><strong>Ermeni Kilisesi<\/strong>, 1909-1917 y\u0131llar\u0131 aras\u0131nda, Echmiadzyn&#8217;deki an\u0131tsal bir yap\u0131 olan St. Rypsyme Kilisesi \u00f6rnek al\u0131narak yap\u0131lm\u0131\u015f. Kilisede yer alan resimler, mezar\u0131n\u0131n da orada bulundu\u011fu Ermeni ressam V. Sureniants&#8217;\u0131n imzas\u0131n\u0131 ta\u015f\u0131yor.<\/p>\n\n\n\n<p>Kilise, g\u00fcn\u00fcm\u00fczde de ibadete a\u00e7\u0131k. Ermeni Kilisesi haftan\u0131n 7 g\u00fcn\u00fc 09.00-17.00 saatleri aras\u0131nda \u00fccretsiz ziyaret edilebiliyor.<\/p>\n\n\n\n<h3 class=\"wp-block-heading\"><span class=\"ez-toc-section\" id=\"15_panorama_muzesi\"><\/span><strong>15. Panorama M\u00fczesi<\/strong><span class=\"ez-toc-section-end\"><\/span><\/h3>\n\n\n\n<p><strong>Panorama M\u00fczesi<\/strong>, 1854-1856 y\u0131llar\u0131 aras\u0131nda ya\u015fanan K\u0131r\u0131m Sava\u015f\u0131&#8217;n\u0131n Sivastopol Cephesi&#8217;nin canland\u0131r\u0131ld\u0131\u011f\u0131 \u00fc\u00e7 boyutlu, interaktif bir ortam sunuyor. Sava\u015f s\u0131ras\u0131nda ya\u015fananlar\u0131n \u00fc\u00e7 boyutlu olarak bir duvara i\u015flendi\u011fi m\u00fczede, sava\u015f\u0131n t\u00fcm ac\u0131mas\u0131zl\u0131\u011f\u0131n\u0131 hissediyorsunuz.<\/p>\n\n\n\n<p>Tabloda, Frans\u0131z, \u0130ngiliz, T\u00fcrk ve Rus askerlerinin m\u00fccadeleleri ayr\u0131 ayr\u0131 g\u00f6r\u00fcl\u00fcyor. Panorama M\u00fczesi, K\u0131r\u0131m Yar\u0131madas\u0131&#8217;n\u0131n Rusya taraf\u0131ndan ilhak edilmesinin ard\u0131ndan ziyarete kapat\u0131ld\u0131.<\/p>\n\n    <div class=\"xs_social_share_widget xs_share_url after_content \t\tmain_content  wslu-style-1 wslu-share-box-shaped wslu-fill-colored wslu-none wslu-share-horizontal wslu-theme-font-no wslu-main_content\">\n\n\t\t\n        <ul>\n\t\t\t        <\/ul>\n    <\/div> \n","protected":false},"excerpt":{"rendered":"<p>Yalta, Ukrayna&#8217;ya ba\u011fl\u0131 K\u0131r\u0131m \u00d6zerk Cumhuriyeti&#8217;nin g\u00fcney k\u0131sm\u0131nda, Karadeniz k\u0131y\u0131s\u0131nda yer alan bir sahil \u015fehri. K\u0131r\u0131m Yar\u0131madas\u0131n\u0131n hemen ucunda, Ukrayna\u2019n\u0131n en g\u00fcney ucundaki \u015fehri olan Yalta, kumsallar\u0131 ve yemye\u015fil do\u011fas\u0131yla tam bir sayfiye yeri. Gece hayat\u0131, restoranlar\u0131, barlar\u0131, modern ve \u015f\u0131k g\u00f6r\u00fcn\u00fcml\u00fc gen\u00e7leri ile tam bir Avrupa kenti olan Yalta, ayn\u0131 zamanda, K\u0131r\u0131m ve hatta [&hellip;]<\/p>\n","protected":false},"author":8,"featured_media":19420,"comment_status":"open","ping_status":"open","sticky":false,"template":"","format":"standard","meta":{"rop_custom_images_group":[],"rop_custom_messages_group":[],"rop_publish_now":"initial","rop_publish_now_accounts":[],"rop_publish_now_history":[],"rop_publish_now_status":"pending","_cloudinary_featured_overwrite":false,"footnotes":""},"categories":[986],"tags":[2253,2329],"class_list":["post-18955","post","type-post","status-publish","format-standard","has-post-thumbnail","hentry","category-ukrayna","tag-simferopol","tag-yalta"],"_links":{"self":[{"href":"https:\/\/www.turna.com\/blog\/wp-json\/wp\/v2\/posts\/18955","targetHints":{"allow":["GET"]}}],"collection":[{"href":"https:\/\/www.turna.com\/blog\/wp-json\/wp\/v2\/posts"}],"about":[{"href":"https:\/\/www.turna.com\/blog\/wp-json\/wp\/v2\/types\/post"}],"author":[{"embeddable":true,"href":"https:\/\/www.turna.com\/blog\/wp-json\/wp\/v2\/users\/8"}],"replies":[{"embeddable":true,"href":"https:\/\/www.turna.com\/blog\/wp-json\/wp\/v2\/comments?post=18955"}],"version-history":[{"count":0,"href":"https:\/\/www.turna.com\/blog\/wp-json\/wp\/v2\/posts\/18955\/revisions"}],"wp:featuredmedia":[{"embeddable":true,"href":"https:\/\/www.turna.com\/blog\/wp-json\/wp\/v2\/media\/19420"}],"wp:attachment":[{"href":"https:\/\/www.turna.com\/blog\/wp-json\/wp\/v2\/media?parent=18955"}],"wp:term":[{"taxonomy":"category","embeddable":true,"href":"https:\/\/www.turna.com\/blog\/wp-json\/wp\/v2\/categories?post=18955"},{"taxonomy":"post_tag","embeddable":true,"href":"https:\/\/www.turna.com\/blog\/wp-json\/wp\/v2\/tags?post=18955"}],"curies":[{"name":"wp","href":"https:\/\/api.w.org\/{rel}","templated":true}]}}