{"id":18597,"date":"2021-03-05T08:50:00","date_gmt":"2021-03-05T05:50:00","guid":{"rendered":"https:\/\/www.turna.com\/blog\/?p=18597"},"modified":"2025-12-11T09:10:29","modified_gmt":"2025-12-11T06:10:29","slug":"vilnius-gezilecek-yerler","status":"publish","type":"post","link":"https:\/\/www.turna.com\/blog\/vilnius-gezilecek-yerler","title":{"rendered":"Vilnius Gezilecek Yerler"},"content":{"rendered":"<div id=\"ez-toc-container\" class=\"ez-toc-v2_0_82_2 counter-hierarchy ez-toc-counter ez-toc-black ez-toc-container-direction\">\n<div class=\"ez-toc-title-container\">\n<p class=\"ez-toc-title\" style=\"cursor:inherit\">\u0130\u00e7indekiler<\/p>\n<span class=\"ez-toc-title-toggle\"><a href=\"#\" class=\"ez-toc-pull-right ez-toc-btn ez-toc-btn-xs ez-toc-btn-default ez-toc-toggle\" aria-label=\"\u0130\u00e7indekiler Tablosunu A\u00e7\/Kapat\"><span class=\"ez-toc-js-icon-con\"><span class=\"\"><span class=\"eztoc-hide\" style=\"display:none;\">Toggle<\/span><span class=\"ez-toc-icon-toggle-span\"><svg style=\"fill: #ffffff;color:#ffffff\" xmlns=\"http:\/\/www.w3.org\/2000\/svg\" class=\"list-377408\" width=\"20px\" height=\"20px\" viewBox=\"0 0 24 24\" fill=\"none\"><path d=\"M6 6H4v2h2V6zm14 0H8v2h12V6zM4 11h2v2H4v-2zm16 0H8v2h12v-2zM4 16h2v2H4v-2zm16 0H8v2h12v-2z\" fill=\"currentColor\"><\/path><\/svg><svg style=\"fill: #ffffff;color:#ffffff\" class=\"arrow-unsorted-368013\" xmlns=\"http:\/\/www.w3.org\/2000\/svg\" width=\"10px\" height=\"10px\" viewBox=\"0 0 24 24\" version=\"1.2\" baseProfile=\"tiny\"><path d=\"M18.2 9.3l-6.2-6.3-6.2 6.3c-.2.2-.3.4-.3.7s.1.5.3.7c.2.2.4.3.7.3h11c.3 0 .5-.1.7-.3.2-.2.3-.5.3-.7s-.1-.5-.3-.7zM5.8 14.7l6.2 6.3 6.2-6.3c.2-.2.3-.5.3-.7s-.1-.5-.3-.7c-.2-.2-.4-.3-.7-.3h-11c-.3 0-.5.1-.7.3-.2.2-.3.5-.3.7s.1.5.3.7z\"\/><\/svg><\/span><\/span><\/span><\/a><\/span><\/div>\n<nav><ul class='ez-toc-list ez-toc-list-level-1 eztoc-toggle-hide-by-default' ><li class='ez-toc-page-1 ez-toc-heading-level-2'><a class=\"ez-toc-link ez-toc-heading-1\" href=\"https:\/\/www.turna.com\/blog\/vilnius-gezilecek-yerler\/#vilnius_gezilecek_yerler\" >Vilnius Gezilecek Yerler<\/a><ul class='ez-toc-list-level-3' ><li class='ez-toc-heading-level-3'><a class=\"ez-toc-link ez-toc-heading-2\" href=\"https:\/\/www.turna.com\/blog\/vilnius-gezilecek-yerler\/#1_vilnius_katedral_meydani\" >1. Vilnius Katedral Meydan\u0131<\/a><\/li><li class='ez-toc-page-1 ez-toc-heading-level-3'><a class=\"ez-toc-link ez-toc-heading-3\" href=\"https:\/\/www.turna.com\/blog\/vilnius-gezilecek-yerler\/#2_vilnius_gediminas_kulesi\" >2. Vilnius Gediminas Kulesi<\/a><\/li><li class='ez-toc-page-1 ez-toc-heading-level-3'><a class=\"ez-toc-link ez-toc-heading-4\" href=\"https:\/\/www.turna.com\/blog\/vilnius-gezilecek-yerler\/#3_vilnius_st_anne_ve_bernardine_kilisesi\" >3. Vilnius St. Anne ve Bernardine Kilisesi<\/a><\/li><li class='ez-toc-page-1 ez-toc-heading-level-3'><a class=\"ez-toc-link ez-toc-heading-5\" href=\"https:\/\/www.turna.com\/blog\/vilnius-gezilecek-yerler\/#4_vilnius_pilies_ve_didzioji_caddeleri\" >4. Vilnius Pilies ve Didzioji Caddeleri<\/a><\/li><li class='ez-toc-page-1 ez-toc-heading-level-3'><a class=\"ez-toc-link ez-toc-heading-6\" href=\"https:\/\/www.turna.com\/blog\/vilnius-gezilecek-yerler\/#5_vilnius_basbakanlik_sarayi_ve_universitesi\" >5. Vilnius Ba\u015fbakanl\u0131k Saray\u0131 ve \u00dcniversitesi<\/a><\/li><li class='ez-toc-page-1 ez-toc-heading-level-3'><a class=\"ez-toc-link ez-toc-heading-7\" href=\"https:\/\/www.turna.com\/blog\/vilnius-gezilecek-yerler\/#6_stikliu_caddesi\" >6. Stikliu Caddesi<\/a><\/li><li class='ez-toc-page-1 ez-toc-heading-level-3'><a class=\"ez-toc-link ez-toc-heading-8\" href=\"https:\/\/www.turna.com\/blog\/vilnius-gezilecek-yerler\/#7_vilnius_sehir_meydani\" >7. Vilnius \u015eehir Meydan\u0131<\/a><\/li><li class='ez-toc-page-1 ez-toc-heading-level-3'><a class=\"ez-toc-link ez-toc-heading-9\" href=\"https:\/\/www.turna.com\/blog\/vilnius-gezilecek-yerler\/#8_vilnius_auros_vartu_caddesi\" >8. Vilnius Auros Vartu Caddesi<\/a><\/li><li class='ez-toc-page-1 ez-toc-heading-level-3'><a class=\"ez-toc-link ez-toc-heading-10\" href=\"https:\/\/www.turna.com\/blog\/vilnius-gezilecek-yerler\/#9_vilnius_gediminas_bulvari\" >9. Vilnius Gediminas Bulvar\u0131<\/a><\/li><li class='ez-toc-page-1 ez-toc-heading-level-3'><a class=\"ez-toc-link ez-toc-heading-11\" href=\"https:\/\/www.turna.com\/blog\/vilnius-gezilecek-yerler\/#10_vilnius_subaciaus_caddesi_manzara_teraslari\" >10. Vilnius Subaciaus Caddesi Manzara Teraslar\u0131<\/a><\/li><li class='ez-toc-page-1 ez-toc-heading-level-3'><a class=\"ez-toc-link ez-toc-heading-12\" href=\"https:\/\/www.turna.com\/blog\/vilnius-gezilecek-yerler\/#11_vilnius_uzupis_cumhuriyeti\" >11. Vilnius Uzupis Cumhuriyeti<\/a><\/li><\/ul><\/li><\/ul><\/nav><\/div>\n\n<p><strong>Vilnius<\/strong>, <a href=\"https:\/\/www.turna.com\/blog\/litvanya-gezilecek-yerler\">Litvanya<\/a>&#8216;n\u0131n ba\u015fkenti ve Balt\u0131klar\u0131n en g\u00fczel \u015fehirlerinden birisi. Balt\u0131klar turu i\u00e7ersinde gezdi\u011fim bu \u015firin ve yemye\u015fil \u015fehire&nbsp;art\u0131k <a href=\"https:\/\/www.turna.com\/ucak-bileti\/thy\">THY<\/a> direk seferleri ile de&nbsp;ula\u015f\u0131labiliyor.<\/p>\n\n\n\n<p>Vilnius, Balt\u0131k co\u011frafyas\u0131n\u0131n en hareketli merkezlerinden. \u015eehire iki g\u00fcn\u00fcn\u00fcz\u00fc ay\u0131rabilirseniz, mutlaka masals\u0131 kalesi ve Karay T\u00fcrkleri ile \u00fcnl\u00fc Trakai&nbsp;b\u00f6lgesini de gezmenizi \u00f6neririz. Vilnius&#8217;ta en \u00e7ok dikkatinizi \u00e7ekebilecek \u015feyler \u015fehirdeki huzur, temizlik ve yemye\u015fil ortam\u0131 olacak.<\/p>\n\n\n\n<h2 class=\"wp-block-heading has-text-align-center\"><span class=\"ez-toc-section\" id=\"vilnius_gezilecek_yerler\"><\/span><strong>Vilnius Gezilecek Yerler<\/strong><span class=\"ez-toc-section-end\"><\/span><\/h2>\n\n\n\n<h3 class=\"wp-block-heading has-text-align-center\"><span class=\"ez-toc-section\" id=\"1_vilnius_katedral_meydani\"><\/span><strong>1. Vilnius Katedral Meydan\u0131<\/strong><span class=\"ez-toc-section-end\"><\/span><\/h3>\n\n\n\n<figure class=\"wp-block-image size-large\"><img width=\"800\" height=\"500\" data-public-id=\"vilnius-gezilecek-yerler\/vilnius-gezilecek-yerler.jpg\" fetchpriority=\"high\" decoding=\"async\" src=\"https:\/\/res.cloudinary.com\/turna\/images\/w_800,h_500,c_scale\/f_auto,q_auto:low\/v1614797036\/vilnius-gezilecek-yerler\/vilnius-gezilecek-yerler.jpg?_i=AA\" alt=\"vilnius gezilecek yerler\" class=\"wp-post-18597 wp-image-18626\" data-format=\"jpg\" data-transformations=\"f_auto,q_auto:low\" data-version=\"1614797036\" data-seo=\"1\" srcset=\"https:\/\/res.cloudinary.com\/turna\/images\/f_auto,q_auto:low\/v1614797036\/vilnius-gezilecek-yerler\/vilnius-gezilecek-yerler.jpg?_i=AA 800w, https:\/\/res.cloudinary.com\/turna\/images\/w_300,h_188,c_scale\/f_auto,q_auto:low\/v1614797036\/vilnius-gezilecek-yerler\/vilnius-gezilecek-yerler.jpg?_i=AA 300w, https:\/\/res.cloudinary.com\/turna\/images\/w_672,h_420,c_scale\/f_auto,q_auto:low\/v1614797036\/vilnius-gezilecek-yerler\/vilnius-gezilecek-yerler.jpg?_i=AA 672w, https:\/\/res.cloudinary.com\/turna\/images\/w_640,h_400,c_scale\/f_auto,q_auto:low\/v1614797036\/vilnius-gezilecek-yerler\/vilnius-gezilecek-yerler.jpg?_i=AA 640w, https:\/\/res.cloudinary.com\/turna\/images\/w_681,h_426,c_scale\/f_auto,q_auto:low\/v1614797036\/vilnius-gezilecek-yerler\/vilnius-gezilecek-yerler.jpg?_i=AA 681w\" sizes=\"(max-width: 800px) 100vw, 800px\" \/><\/figure>\n\n\n\n<p>St. Stanislav ve St. Vladislav&nbsp;Katedrali\u2019nin&nbsp;oldu\u011fu&nbsp;meydan \u015fehrin en \u00fcnl\u00fc meydan\u0131 olarak kabul ediliyor. A\u00e7\u0131k oldu\u011fu saatler: 07:00 \u2013 19:00. Burada ayr\u0131ca &#8216;The Palace of the Grand Dukes of Lithuania: Ulusal M\u00fcze&#8217; ziyaret edilebilir.<\/p>\n\n\n\n<p>Katedral \u00c7an Kulesinden bilet sat\u0131n alarak eski \u015fehirde yap\u0131lacak y\u00fcr\u00fcy\u00fc\u015f turuna kat\u0131larak \u015fehrin en g\u00fczel&nbsp;yerlerini ke\u015ffedebilirsiniz. Pazartesi, \u00c7ar\u015famba, Cuma ve Pazar g\u00fcnleri \u0130ngilizce olarak yap\u0131l\u0131yor. Saat: 14:00 Fiyat : 35LT<\/p>\n\n\n\n<p>Yak\u0131nlarda yemek yiyebilece\u011finiz yerler Prie Katedros, Gedimino pr. 5, www.priekatedros.lt; Shopping Centre Gedimino 9, Gedimino pr. 9,www.gedimino9.lt<\/p>\n\n\n\n<h3 class=\"wp-block-heading has-text-align-center\"><span class=\"ez-toc-section\" id=\"2_vilnius_gediminas_kulesi\"><\/span><strong>2. Vilnius Gediminas Kulesi<\/strong><span class=\"ez-toc-section-end\"><\/span><\/h3>\n\n\n\n<p>Gediminas Kulesi&#8217;nin \u00fcst\u00fcnde bulunan seyir&nbsp;teras\u0131ndan \u015fehrin manzaras\u0131n\u0131 panaromik olarak seyredebilirsiniz.<\/p>\n\n\n\n<p>Giri\u015f \u00fccreti: 5LT. Her g\u00fcn 10:00 \u2013 19:00 aras\u0131nda a\u00e7\u0131k. Arsenalo Street \u00fczerinden funicular ile 3 LT gidi\u015f d\u00f6n\u00fc\u015f bileti alarak ula\u015fabilirsiniz.<\/p>\n\n\n\n<h3 class=\"wp-block-heading has-text-align-center\"><span class=\"ez-toc-section\" id=\"3_vilnius_st_anne_ve_bernardine_kilisesi\"><\/span><strong>3. Vilnius St. Anne ve Bernardine Kilisesi<\/strong><span class=\"ez-toc-section-end\"><\/span><\/h3>\n\n\n\n<figure class=\"wp-block-image size-large\"><img width=\"800\" height=\"500\" data-public-id=\"Vilnius_1862760403\/Vilnius_1862760403.jpg\" decoding=\"async\" src=\"https:\/\/res.cloudinary.com\/turna\/images\/w_800,h_500,c_scale\/f_auto,q_auto:low\/v1614797196\/Vilnius_1862760403\/Vilnius_1862760403.jpg?_i=AA\" alt=\"Vilnius\" class=\"wp-post-18597 wp-image-18627\" data-format=\"jpg\" data-transformations=\"f_auto,q_auto:low\" data-version=\"1614797196\" data-seo=\"1\" srcset=\"https:\/\/res.cloudinary.com\/turna\/images\/f_auto,q_auto:low\/v1614797196\/Vilnius_1862760403\/Vilnius_1862760403.jpg?_i=AA 800w, https:\/\/res.cloudinary.com\/turna\/images\/w_300,h_188,c_scale\/f_auto,q_auto:low\/v1614797196\/Vilnius_1862760403\/Vilnius_1862760403.jpg?_i=AA 300w, https:\/\/res.cloudinary.com\/turna\/images\/w_672,h_420,c_scale\/f_auto,q_auto:low\/v1614797196\/Vilnius_1862760403\/Vilnius_1862760403.jpg?_i=AA 672w, https:\/\/res.cloudinary.com\/turna\/images\/w_640,h_400,c_scale\/f_auto,q_auto:low\/v1614797196\/Vilnius_1862760403\/Vilnius_1862760403.jpg?_i=AA 640w, https:\/\/res.cloudinary.com\/turna\/images\/w_681,h_426,c_scale\/f_auto,q_auto:low\/v1614797196\/Vilnius_1862760403\/Vilnius_1862760403.jpg?_i=AA 681w\" sizes=\"(max-width: 800px) 100vw, 800px\" \/><\/figure>\n\n\n\n<p>St. Anne ve Bernarde Kilisesi yakla\u015f\u0131k 500&nbsp;y\u0131ll\u0131k bir yap\u0131 ve bu g\u00fcne kadar hi\u00e7 de\u011fi\u015fmeden gelebilmi\u015f. Bu nedenle de Vilnius\u2019un en g\u00f6r\u00fclmeye de\u011fer sembollerinden bir tanesi&nbsp;olarak kabul ediliyor. www.bernardinuansamblis.lt<\/p>\n\n\n\n<p>Kilise m\u00fczesi de gezilebilir. Sal\u0131 \u2013 Cumartesi 11:00 \u2013 18:00 aras\u0131nda gezilebilir.<br>Giri\u015f \u00fccreti: 10 LT. web sitesi: www.bpmuziejus.lt<br><\/p>\n\n\n\n<h3 class=\"wp-block-heading has-text-align-center\"><span class=\"ez-toc-section\" id=\"4_vilnius_pilies_ve_didzioji_caddeleri\"><\/span><strong>4. Vilnius Pilies ve Didzioji Caddeleri<\/strong><span class=\"ez-toc-section-end\"><\/span><\/h3>\n\n\n\n<p>Pilies Caddesi Vilnius\u2019un en eski ve renkli&nbsp;caddelerinden birisi. Buray\u0131 g\u00f6rmeden d\u00f6nmeyin. E\u011fer g\u00fczel sanatlara merakl\u0131ysan\u0131z Vilnius Resim Galerisi&#8217;ni de ziyaret edin. Sal\u0131 \u2013 Cumartesi 10:00 \u2013 18:00, Pazar 11:00 \u2013 17:00. Giri\u015f \u00fccreti: 6 LT. www.ldm.lt.<\/p>\n\n\n\n<p>Yemek yiyebilece\u011finiz yerler Forto dvaras, Pilies g. 16,www.fortas.eu; Aula, Pilies g. 11,www.aularestoranas.lt.<\/p>\n\n\n\n<p>Ziyaret edebilece\u011finiz galeriler ve hediyelik e\u015fya alabilece\u011finiz yerler Lino namai, Pilies g. 38, www.linonamai.lt; Aukso avis, Pilies g. 38, www.auksoavis.lt; J\u00fcrate, Didzioji g. 20\/1, www.jurate.eu<\/p>\n\n\n\n<h3 class=\"wp-block-heading has-text-align-center\"><span class=\"ez-toc-section\" id=\"5_vilnius_basbakanlik_sarayi_ve_universitesi\"><\/span><strong>5. Vilnius Ba\u015fbakanl\u0131k Saray\u0131 ve \u00dcniversitesi<\/strong><span class=\"ez-toc-section-end\"><\/span><\/h3>\n\n\n\n<figure class=\"wp-block-image size-large\"><img width=\"800\" height=\"500\" data-public-id=\"Vilnius-Daukanto\/Vilnius-Daukanto.jpg\" decoding=\"async\" src=\"https:\/\/res.cloudinary.com\/turna\/images\/w_800,h_500,c_scale\/f_auto,q_auto:low\/v1614797291\/Vilnius-Daukanto\/Vilnius-Daukanto.jpg?_i=AA\" alt=\"Vilnius Daukanto\" class=\"wp-post-18597 wp-image-18628\" data-format=\"jpg\" data-transformations=\"f_auto,q_auto:low\" data-version=\"1614797291\" data-seo=\"1\" srcset=\"https:\/\/res.cloudinary.com\/turna\/images\/f_auto,q_auto:low\/v1614797291\/Vilnius-Daukanto\/Vilnius-Daukanto.jpg?_i=AA 800w, https:\/\/res.cloudinary.com\/turna\/images\/w_300,h_188,c_scale\/f_auto,q_auto:low\/v1614797291\/Vilnius-Daukanto\/Vilnius-Daukanto.jpg?_i=AA 300w, https:\/\/res.cloudinary.com\/turna\/images\/w_672,h_420,c_scale\/f_auto,q_auto:low\/v1614797291\/Vilnius-Daukanto\/Vilnius-Daukanto.jpg?_i=AA 672w, https:\/\/res.cloudinary.com\/turna\/images\/w_640,h_400,c_scale\/f_auto,q_auto:low\/v1614797291\/Vilnius-Daukanto\/Vilnius-Daukanto.jpg?_i=AA 640w, https:\/\/res.cloudinary.com\/turna\/images\/w_681,h_426,c_scale\/f_auto,q_auto:low\/v1614797291\/Vilnius-Daukanto\/Vilnius-Daukanto.jpg?_i=AA 681w\" sizes=\"(max-width: 800px) 100vw, 800px\" \/><\/figure>\n\n\n\n<p>Vilnius Ba\u015fbakanl\u0131k Saray\u0131 Daukanto meydan\u0131nda&nbsp;bulunuyor. 19. y\u00fczy\u0131ldan kalma klasik yap\u0131 Ba\u015fbakanl\u0131k ikametgah\u0131 olarak kullan\u0131l\u0131yor. www.president.lt.<\/p>\n\n\n\n<p>Hemen yak\u0131nlar\u0131nda bulunan yap\u0131 ise Vilnius\u2019un en eski \u00dcniversitesinin kamp\u00fcs binas\u0131. www.vu.lt<\/p>\n\n\n\n<h3 class=\"wp-block-heading has-text-align-center\"><span class=\"ez-toc-section\" id=\"6_stikliu_caddesi\"><\/span><strong>6. Stikliu Caddesi<\/strong><span class=\"ez-toc-section-end\"><\/span><\/h3>\n\n\n\n<figure class=\"wp-block-image size-large\"><img width=\"1024\" height=\"640\" loading=\"lazy\" decoding=\"async\" src=\"data:image\/svg+xml;base64,PHN2ZyB4bWxucz0iaHR0cDovL3d3dy53My5vcmcvMjAwMC9zdmciIHdpZHRoPSIxMDI0IiBoZWlnaHQ9IjY0MCI+PHJlY3Qgd2lkdGg9IjEwMCUiIGhlaWdodD0iMTAwJSI+PGFuaW1hdGUgYXR0cmlidXRlTmFtZT0iZmlsbCIgdmFsdWVzPSJyZ2JhKDE1MywxNTMsMTUzLDAuNSk7cmdiYSgxNTMsMTUzLDE1MywwLjEpO3JnYmEoMTUzLDE1MywxNTMsMC41KSIgZHVyPSIycyIgcmVwZWF0Q291bnQ9ImluZGVmaW5pdGUiIC8+PC9yZWN0Pjwvc3ZnPg==\" alt=\"Stikliu, Vilnius\" class=\"wp-post-18597 wp-image-18629\" data-public-id=\"Vilnius-Stikliu\/Vilnius-Stikliu.jpg\" data-format=\"jpg\" data-transformations=\"f_auto,q_auto:low\" data-version=\"1614797422\" data-seo=\"1\" data-size=\"1024 640\" data-srcset=\"https:\/\/res.cloudinary.com\/turna\/images\/w_1024,h_640,c_scale\/f_auto,q_auto:low\/v1614797422\/Vilnius-Stikliu\/Vilnius-Stikliu.jpg?_i=AA 1024w, https:\/\/res.cloudinary.com\/turna\/images\/w_800,h_500,c_scale\/f_auto,q_auto:low\/v1614797422\/Vilnius-Stikliu\/Vilnius-Stikliu.jpg?_i=AA 800w, https:\/\/res.cloudinary.com\/turna\/images\/w_300,h_188,c_scale\/f_auto,q_auto:low\/v1614797422\/Vilnius-Stikliu\/Vilnius-Stikliu.jpg?_i=AA 300w, https:\/\/res.cloudinary.com\/turna\/images\/w_672,h_420,c_scale\/f_auto,q_auto:low\/v1614797422\/Vilnius-Stikliu\/Vilnius-Stikliu.jpg?_i=AA 672w, https:\/\/res.cloudinary.com\/turna\/images\/w_640,h_400,c_scale\/f_auto,q_auto:low\/v1614797422\/Vilnius-Stikliu\/Vilnius-Stikliu.jpg?_i=AA 640w, https:\/\/res.cloudinary.com\/turna\/images\/w_681,h_426,c_scale\/f_auto,q_auto:low\/v1614797422\/Vilnius-Stikliu\/Vilnius-Stikliu.jpg?_i=AA 681w, https:\/\/res.cloudinary.com\/turna\/images\/f_auto,q_auto:low\/v1614797422\/Vilnius-Stikliu\/Vilnius-Stikliu.jpg?_i=AA 1280w\" data-sizes=\"(max-width: 1024px) 100vw, 1024px\" data-delivery=\"upload\" onload=\";window.CLDBind?CLDBind(this):null;\" data-cloudinary=\"lazy\" \/><figcaption class=\"wp-element-caption\"> <\/figcaption><\/figure>\n\n\n\n<p>Stikliu ve \u00e7evresindeki caddelerde \u00e7ok g\u00fczel el sanatlar\u0131&nbsp;i\u015fleri yap\u0131p satan d\u00fckkanlar ve galeriler bulunuyor. Bu \u015firin caddeyi gezi program\u0131n\u0131za mutlaka ekleyin.<\/p>\n\n\n\n<p>Ziyaret edebilece\u011finiz galeriler Vitrazo manufaktura (Stained Glass), Stikliu g. 6-8, www.stainedglass.lt; Tautodailes galerija (Folk Art), Zydu g. 2, Stikliu g. 16<\/p>\n\n\n\n<p>Kafe ve restoranlar ise Bambalyne (Lithuanian beer), Stikliu g. , www.bambalyne.lt; Lokys, Stikliu g. 8\/10, www.lokys.lt; Amatininku uzeiga, Didzioji g. 19\/2, www.amatininkai.lt<\/p>\n\n\n\n<h3 class=\"wp-block-heading has-text-align-center\"><span class=\"ez-toc-section\" id=\"7_vilnius_sehir_meydani\"><\/span><strong>7. Vilnius \u015eehir Meydan\u0131<\/strong><span class=\"ez-toc-section-end\"><\/span><\/h3>\n\n\n\n<p>Vilnius \u015eehir Meydan\u0131 15. y\u00fczy\u0131ldan bu g\u00fcne&nbsp;Vilnius Halk\u0131 i\u00e7in \u015fehrin kalbi konumunda bulunuyor. B\u00fct\u00fcn geleneksel kutlamalar, a\u00e7\u0131k hava m\u00fczeleri, halk konserleri hep burada&nbsp;d\u00fczenleniyor.<\/p>\n\n\n\n<p>Meydan\u0131n \u00e7evresinde restaurantlar, kafeler, d\u00fckkanlar bulunuyor. Turist information centre: \u015eehir Meydan\u0131nda bulunan binan\u0131n i\u00e7inde (giri\u015f soldan)<br>Her g\u00fcn 09:00 \u2013 18:00 aras\u0131nda a\u00e7\u0131k oluyor.<\/p>\n\n\n\n<p>Meydan\u0131n hemen yan\u0131ndan ba\u015flayan Vokieciu Caddesi a\u00e7\u0131k hava kafeleri ve 16. y\u00fczy\u0131lda kalma zengin t\u00fcccar evleri ile \u00fcnl\u00fc pop\u00fcler&nbsp;y\u00fcr\u00fcy\u00fc\u015f rotalar\u0131ndan birisi.<\/p>\n\n\n\n<p>Kafeler ve restaurantlar Cili kaimas, Vokieciu g. 8, www.cili.lt; Zemaiciai, Vokieciu g. 24, www.zemaiciai.lt; Zuvine, Didzioji g. 31, www.zuvine.lt<\/p>\n\n\n\n<h3 class=\"wp-block-heading has-text-align-center\"><span class=\"ez-toc-section\" id=\"8_vilnius_auros_vartu_caddesi\"><\/span><strong>8. Vilnius Auros Vartu Caddesi<\/strong><span class=\"ez-toc-section-end\"><\/span><\/h3>\n\n\n\n<figure class=\"wp-block-image size-large\"><img width=\"800\" height=\"500\" loading=\"lazy\" decoding=\"async\" src=\"data:image\/svg+xml;base64,PHN2ZyB4bWxucz0iaHR0cDovL3d3dy53My5vcmcvMjAwMC9zdmciIHdpZHRoPSI4MDAiIGhlaWdodD0iNTAwIj48cmVjdCB3aWR0aD0iMTAwJSIgaGVpZ2h0PSIxMDAlIj48YW5pbWF0ZSBhdHRyaWJ1dGVOYW1lPSJmaWxsIiB2YWx1ZXM9InJnYmEoMTUzLDE1MywxNTMsMC41KTtyZ2JhKDE1MywxNTMsMTUzLDAuMSk7cmdiYSgxNTMsMTUzLDE1MywwLjUpIiBkdXI9IjJzIiByZXBlYXRDb3VudD0iaW5kZWZpbml0ZSIgLz48L3JlY3Q+PC9zdmc+\" alt=\"Vilnius g\u00f6r\u00fclecek yerler\" class=\"wp-post-18597 wp-image-18630\" data-public-id=\"Vilnius-gorulecek-yerler\/Vilnius-gorulecek-yerler.jpg\" data-format=\"jpg\" data-transformations=\"f_auto,q_auto:low\" data-version=\"1614797785\" data-seo=\"1\" data-size=\"800 500\" data-srcset=\"https:\/\/res.cloudinary.com\/turna\/images\/f_auto,q_auto:low\/v1614797785\/Vilnius-gorulecek-yerler\/Vilnius-gorulecek-yerler.jpg?_i=AA 800w, https:\/\/res.cloudinary.com\/turna\/images\/w_300,h_188,c_scale\/f_auto,q_auto:low\/v1614797785\/Vilnius-gorulecek-yerler\/Vilnius-gorulecek-yerler.jpg?_i=AA 300w, https:\/\/res.cloudinary.com\/turna\/images\/w_672,h_420,c_scale\/f_auto,q_auto:low\/v1614797785\/Vilnius-gorulecek-yerler\/Vilnius-gorulecek-yerler.jpg?_i=AA 672w, https:\/\/res.cloudinary.com\/turna\/images\/w_640,h_400,c_scale\/f_auto,q_auto:low\/v1614797785\/Vilnius-gorulecek-yerler\/Vilnius-gorulecek-yerler.jpg?_i=AA 640w, https:\/\/res.cloudinary.com\/turna\/images\/w_681,h_426,c_scale\/f_auto,q_auto:low\/v1614797785\/Vilnius-gorulecek-yerler\/Vilnius-gorulecek-yerler.jpg?_i=AA 681w\" data-sizes=\"(max-width: 800px) 100vw, 800px\" data-delivery=\"upload\" onload=\";window.CLDBind?CLDBind(this):null;\" data-cloudinary=\"lazy\" \/><\/figure>\n\n\n\n<p>Auros Vartu caddesi de \u00fczerinde bulunan bir \u00e7ok \u00f6nemli noktayla ka\u00e7\u0131r\u0131lmamas\u0131 gereken y\u00fcr\u00fcy\u00fc\u015f noktalar\u0131ndan birisi. Cadde \u00fczerinde St. Casimir Kilisesi, Ulusal Konser Salonu , Basilian Kap\u0131s\u0131, Holy Trinity Kilisesi, Holy Spirit Kilisesi, St. Theresa&nbsp;Kilisesi bulunuyor.<\/p>\n\n\n\n<p>Bu cadde \u00fczerinde bulunan en \u00fcnl\u00fc yer ise Gates of Dawn (Ausros Vartu g. 14). A\u00e7\u0131k oldu\u011fu saatler: Her g\u00fcn 7:00-19:00.<\/p>\n\n\n\n<p>Ziyaret edebilece\u011finiz galeriler ise Museum of Amber Figures, Ausros Vartu g. 9, www.ambergift.lt; Arka Gallery, Ausros Vartu g. 7, www.arkagalerija.lt; Gintraka, Ausros Vartu g. 4, 13,www.ambershop.lt<\/p>\n\n\n\n<p>Restaurantlar ve kafeler Medininkai, Ausros Vartu g. 6, www.medininkai.lt; Felicie, Ausros Vartu g. 9, www.felicie.lt; Bunte Gans, Ausros Vartu g. 11, www.buntegans.lt<\/p>\n\n\n\n<h3 class=\"wp-block-heading has-text-align-center\"><span class=\"ez-toc-section\" id=\"9_vilnius_gediminas_bulvari\"><\/span><strong>9. Vilnius Gediminas Bulvar\u0131<\/strong><span class=\"ez-toc-section-end\"><\/span><\/h3>\n\n\n\n<p>Vilnius gezilecek yerler listemizde bulunan Gediminas Bulvar\u0131 \u015fehrin en geni\u015f ve b\u00fcy\u00fck caddelerinden&nbsp;birisi. Yol \u00fczerinde bulunan heykelin ad\u0131 Vincas Kudirka.<\/p>\n\n\n\n<p>Kafe ve restoranlar Kompanija, Gedimino pr. 31,www.kompanijajums.lt; Neringos restoranas, Gedimino pr. 23, www.restoranasneringa.lt; Cili kaimas, Gedimino pr. 14, www.cili.lt; Post Scriptum, Gedimino pr. 7; Prie Katedros, Gedimino pr. 5, www.priekatedros.lt.<\/p>\n\n\n\n<p>Di\u011fer gezilebilecek yerler Shopping Centre Gedimino 9, Gedimino pr. 9, www.gedimino9.lt; Central Post Office, Gedimino pr. 7, www.post.lt; Money Museum of Lithuanian Bank, Totori\u0173 g. 2\/8, \u00fccretsiz giri\u015f, a\u00e7\u0131k oldu\u011fu zamanlar Sal\u0131-Cuma 10:00-19:00, Cumartesi 11:00-18:00, www.pinigumuziejus.lt.<\/p>\n\n\n\n<h3 class=\"wp-block-heading has-text-align-center\"><span class=\"ez-toc-section\" id=\"10_vilnius_subaciaus_caddesi_manzara_teraslari\"><\/span><strong>10. Vilnius Subaciaus Caddesi Manzara Teraslar\u0131<\/strong><span class=\"ez-toc-section-end\"><\/span><\/h3>\n\n\n\n<p>Vilnius \u015fehrinin manzaras\u0131n\u0131 yukardan seyredebilece\u011finiz en g\u00fczel noktalardan birisi bu b\u00f6lgede yer&nbsp;alan manzara teraslar\u0131d. Foto\u011fraf makinan\u0131z\u0131 mutlaka yan\u0131n\u0131za almay\u0131 unutmay\u0131n. Ula\u015f\u0131m: Otob\u00fcs Nr. 4, 10, 11, 13, 31, 33, 34, 72 veya eski \u015fehirden Minibus Nr. 89.<\/p>\n\n\n\n<h3 class=\"wp-block-heading has-text-align-center\"><span class=\"ez-toc-section\" id=\"11_vilnius_uzupis_cumhuriyeti\"><\/span><strong>11. Vilnius Uzupis Cumhuriyeti<\/strong><span class=\"ez-toc-section-end\"><\/span><\/h3>\n\n\n\n<figure class=\"wp-block-image size-large\"><img width=\"1024\" height=\"640\" loading=\"lazy\" decoding=\"async\" src=\"data:image\/svg+xml;base64,PHN2ZyB4bWxucz0iaHR0cDovL3d3dy53My5vcmcvMjAwMC9zdmciIHdpZHRoPSIxMDI0IiBoZWlnaHQ9IjY0MCI+PHJlY3Qgd2lkdGg9IjEwMCUiIGhlaWdodD0iMTAwJSI+PGFuaW1hdGUgYXR0cmlidXRlTmFtZT0iZmlsbCIgdmFsdWVzPSJyZ2JhKDE1MywxNTMsMTUzLDAuNSk7cmdiYSgxNTMsMTUzLDE1MywwLjEpO3JnYmEoMTUzLDE1MywxNTMsMC41KSIgZHVyPSIycyIgcmVwZWF0Q291bnQ9ImluZGVmaW5pdGUiIC8+PC9yZWN0Pjwvc3ZnPg==\" alt=\"Vilnius Uzupis\" class=\"wp-post-18597 wp-image-18631\" data-public-id=\"Vilnius-Uzupis\/Vilnius-Uzupis.jpg\" data-format=\"jpg\" data-transformations=\"f_auto,q_auto:low\" data-version=\"1614798023\" data-seo=\"1\" data-size=\"1024 640\" data-srcset=\"https:\/\/res.cloudinary.com\/turna\/images\/w_1024,h_640,c_scale\/f_auto,q_auto:low\/v1614798023\/Vilnius-Uzupis\/Vilnius-Uzupis.jpg?_i=AA 1024w, https:\/\/res.cloudinary.com\/turna\/images\/w_800,h_500,c_scale\/f_auto,q_auto:low\/v1614798023\/Vilnius-Uzupis\/Vilnius-Uzupis.jpg?_i=AA 800w, https:\/\/res.cloudinary.com\/turna\/images\/w_300,h_188,c_scale\/f_auto,q_auto:low\/v1614798023\/Vilnius-Uzupis\/Vilnius-Uzupis.jpg?_i=AA 300w, https:\/\/res.cloudinary.com\/turna\/images\/w_672,h_420,c_scale\/f_auto,q_auto:low\/v1614798023\/Vilnius-Uzupis\/Vilnius-Uzupis.jpg?_i=AA 672w, https:\/\/res.cloudinary.com\/turna\/images\/w_640,h_400,c_scale\/f_auto,q_auto:low\/v1614798023\/Vilnius-Uzupis\/Vilnius-Uzupis.jpg?_i=AA 640w, https:\/\/res.cloudinary.com\/turna\/images\/w_681,h_426,c_scale\/f_auto,q_auto:low\/v1614798023\/Vilnius-Uzupis\/Vilnius-Uzupis.jpg?_i=AA 681w, https:\/\/res.cloudinary.com\/turna\/images\/f_auto,q_auto:low\/v1614798023\/Vilnius-Uzupis\/Vilnius-Uzupis.jpg?_i=AA 1280w\" data-sizes=\"(max-width: 1024px) 100vw, 1024px\" data-delivery=\"upload\" onload=\";window.CLDBind?CLDBind(this):null;\" data-cloudinary=\"lazy\" \/><\/figure>\n\n\n\n<p>Burada a\u015fk\u0131n ve sanat\u00e7\u0131lar\u0131n cumhuriyeti olarak bilinen Uzupis Cumhuriyeti bulunuyor. Kendi anayasas\u0131 ve ba\u015fbakan\u0131 bulunan Uzupis&nbsp;Cumhuriyeti de ziyaret edilebilir.<\/p>\n\n\n\n<p>Galeriler Uzupis Art Incubator and Galera, Uzupio g. 2, www.umi.lt; Uzupis Gallery, Uzupio g. 3-1, www.uzupiogalerija.lt; Vilnius Potter\u2018s Workshop, Uzupio g. 9\/Paupio g. 2-20,www.pottery.lt; Uzupis Museum-Gallery of Blacksmith\u2019s Craft, Uzupio g. 26, www.vilniauskalviai.lt.<\/p>\n\n\n\n<p>Restoran ve kafeler Uzupio kavin\u0117 (near the bridge with the locks), Uzupio g. 2, www.uzupiokavine.lt; Uzupis picerija, Paupio g. 3; Uzupio klasika, Uzupio g. 28; Italiska vynine, Uzupio g. 30; Tores, Uzupio g. 40, www.tores.lt.<\/p>\n\n\n\n<p><strong>Vilnius<\/strong>&#8216;a T\u00fcrkiye\u2019den en h\u0131zl\u0131 ve konforlu ula\u015f\u0131m y\u00f6ntemi u\u00e7ak yolculu\u011fu. \u0130stanbul Havaliman\u0131\u2019ndan Litvanya\u2019n\u0131n ba\u015fkenti Vilnius\u2019a T\u00fcrk Hava Yollar\u0131\u2019n\u0131n haftan\u0131n 7 g\u00fcn\u00fc direkt seferi var.<\/p>\n\n\n\n<p>08.05\u2019te \u0130stanbul\u2019dan kalkan u\u00e7ak yerel saatle 10.45\u2019te Vilnius\u2019a iniyor. \u0130stanbul-Vilnius u\u00e7u\u015f s\u00fcresi 2 saat 40 dakika. Vilnius&#8217;a aktarmal\u0131 u\u00e7u\u015f se\u00e7enekleri genellikle daha ekonomik. Ukrayna Hava Yollar\u0131 ile Kiev aktarmal\u0131 u\u00e7u\u015f 5 saat 15 dakika, Aeroflot ile Moskova aktarmal\u0131 Vilnius u\u00e7u\u015fu ise bekleme ile birlikte 8 saat s\u00fcr\u00fcyor.<\/p>\n\n\n\n<p><a href=\"https:\/\/www.turna.com\/ucak-bileti\/vilnius\">Vilnius u\u00e7ak bileti<\/a> turna.com&#8217;da.<\/p>\n\n    <div class=\"xs_social_share_widget xs_share_url after_content \t\tmain_content  wslu-style-1 wslu-share-box-shaped wslu-fill-colored wslu-none wslu-share-horizontal wslu-theme-font-no wslu-main_content\">\n\n\t\t\n        <ul>\n\t\t\t        <\/ul>\n    <\/div> \n","protected":false},"excerpt":{"rendered":"<p>Vilnius, Litvanya&#8216;n\u0131n ba\u015fkenti ve Balt\u0131klar\u0131n en g\u00fczel \u015fehirlerinden birisi. Balt\u0131klar turu i\u00e7ersinde gezdi\u011fim bu \u015firin ve yemye\u015fil \u015fehire&nbsp;art\u0131k THY direk seferleri ile de&nbsp;ula\u015f\u0131labiliyor. Vilnius, Balt\u0131k co\u011frafyas\u0131n\u0131n en hareketli merkezlerinden. \u015eehire iki g\u00fcn\u00fcn\u00fcz\u00fc ay\u0131rabilirseniz, mutlaka masals\u0131 kalesi ve Karay T\u00fcrkleri ile \u00fcnl\u00fc Trakai&nbsp;b\u00f6lgesini de gezmenizi \u00f6neririz. Vilnius&#8217;ta en \u00e7ok dikkatinizi \u00e7ekebilecek \u015feyler \u015fehirdeki huzur, temizlik ve [&hellip;]<\/p>\n","protected":false},"author":14,"featured_media":18627,"comment_status":"open","ping_status":"open","sticky":false,"template":"","format":"standard","meta":{"rop_custom_images_group":[],"rop_custom_messages_group":[],"rop_publish_now":"initial","rop_publish_now_accounts":[],"rop_publish_now_history":[],"rop_publish_now_status":"pending","_cloudinary_featured_overwrite":false,"footnotes":""},"categories":[1017],"tags":[1014,2167],"class_list":["post-18597","post","type-post","status-publish","format-standard","has-post-thumbnail","hentry","category-litvanya","tag-litvanya","tag-vilnius"],"_links":{"self":[{"href":"https:\/\/www.turna.com\/blog\/wp-json\/wp\/v2\/posts\/18597","targetHints":{"allow":["GET"]}}],"collection":[{"href":"https:\/\/www.turna.com\/blog\/wp-json\/wp\/v2\/posts"}],"about":[{"href":"https:\/\/www.turna.com\/blog\/wp-json\/wp\/v2\/types\/post"}],"author":[{"embeddable":true,"href":"https:\/\/www.turna.com\/blog\/wp-json\/wp\/v2\/users\/14"}],"replies":[{"embeddable":true,"href":"https:\/\/www.turna.com\/blog\/wp-json\/wp\/v2\/comments?post=18597"}],"version-history":[{"count":0,"href":"https:\/\/www.turna.com\/blog\/wp-json\/wp\/v2\/posts\/18597\/revisions"}],"wp:featuredmedia":[{"embeddable":true,"href":"https:\/\/www.turna.com\/blog\/wp-json\/wp\/v2\/media\/18627"}],"wp:attachment":[{"href":"https:\/\/www.turna.com\/blog\/wp-json\/wp\/v2\/media?parent=18597"}],"wp:term":[{"taxonomy":"category","embeddable":true,"href":"https:\/\/www.turna.com\/blog\/wp-json\/wp\/v2\/categories?post=18597"},{"taxonomy":"post_tag","embeddable":true,"href":"https:\/\/www.turna.com\/blog\/wp-json\/wp\/v2\/tags?post=18597"}],"curies":[{"name":"wp","href":"https:\/\/api.w.org\/{rel}","templated":true}]}}