{"id":18293,"date":"2023-07-11T08:50:00","date_gmt":"2023-07-11T05:50:00","guid":{"rendered":"https:\/\/www.turna.com\/blog\/?p=18293"},"modified":"2025-12-08T16:19:39","modified_gmt":"2025-12-08T13:19:39","slug":"datca-kamp-alanlari","status":"publish","type":"post","link":"https:\/\/www.turna.com\/blog\/datca-kamp-alanlari","title":{"rendered":"Dat\u00e7a Kamp Alanlar\u0131: Do\u011fan\u0131n Kuca\u011f\u0131nda Huzur Bulun!"},"content":{"rendered":"<div id=\"ez-toc-container\" class=\"ez-toc-v2_0_82_2 counter-hierarchy ez-toc-counter ez-toc-black ez-toc-container-direction\">\n<div class=\"ez-toc-title-container\">\n<p class=\"ez-toc-title\" style=\"cursor:inherit\">\u0130\u00e7indekiler<\/p>\n<span class=\"ez-toc-title-toggle\"><a href=\"#\" class=\"ez-toc-pull-right ez-toc-btn ez-toc-btn-xs ez-toc-btn-default ez-toc-toggle\" aria-label=\"\u0130\u00e7indekiler Tablosunu A\u00e7\/Kapat\"><span class=\"ez-toc-js-icon-con\"><span class=\"\"><span class=\"eztoc-hide\" style=\"display:none;\">Toggle<\/span><span class=\"ez-toc-icon-toggle-span\"><svg style=\"fill: #ffffff;color:#ffffff\" xmlns=\"http:\/\/www.w3.org\/2000\/svg\" class=\"list-377408\" width=\"20px\" height=\"20px\" viewBox=\"0 0 24 24\" fill=\"none\"><path d=\"M6 6H4v2h2V6zm14 0H8v2h12V6zM4 11h2v2H4v-2zm16 0H8v2h12v-2zM4 16h2v2H4v-2zm16 0H8v2h12v-2z\" fill=\"currentColor\"><\/path><\/svg><svg style=\"fill: #ffffff;color:#ffffff\" class=\"arrow-unsorted-368013\" xmlns=\"http:\/\/www.w3.org\/2000\/svg\" width=\"10px\" height=\"10px\" viewBox=\"0 0 24 24\" version=\"1.2\" baseProfile=\"tiny\"><path d=\"M18.2 9.3l-6.2-6.3-6.2 6.3c-.2.2-.3.4-.3.7s.1.5.3.7c.2.2.4.3.7.3h11c.3 0 .5-.1.7-.3.2-.2.3-.5.3-.7s-.1-.5-.3-.7zM5.8 14.7l6.2 6.3 6.2-6.3c.2-.2.3-.5.3-.7s-.1-.5-.3-.7c-.2-.2-.4-.3-.7-.3h-11c-.3 0-.5.1-.7.3-.2.2-.3.5-.3.7s.1.5.3.7z\"\/><\/svg><\/span><\/span><\/span><\/a><\/span><\/div>\n<nav><ul class='ez-toc-list ez-toc-list-level-1 eztoc-toggle-hide-by-default' ><li class='ez-toc-page-1 ez-toc-heading-level-2'><a class=\"ez-toc-link ez-toc-heading-1\" href=\"https:\/\/www.turna.com\/blog\/datca-kamp-alanlari\/#datcada_kamp_yapabileceginiz_yerler\" >Dat\u00e7a&#8217;da Kamp Yapabilece\u011finiz Yerler<\/a><ul class='ez-toc-list-level-3' ><li class='ez-toc-heading-level-3'><a class=\"ez-toc-link ez-toc-heading-2\" href=\"https:\/\/www.turna.com\/blog\/datca-kamp-alanlari\/#aktur_datca_kamping\" >Aktur Dat\u00e7a Kamping<\/a><\/li><li class='ez-toc-page-1 ez-toc-heading-level-3'><a class=\"ez-toc-link ez-toc-heading-3\" href=\"https:\/\/www.turna.com\/blog\/datca-kamp-alanlari\/#ozil_camping\" >\u00d6zil Camping<\/a><\/li><li class='ez-toc-page-1 ez-toc-heading-level-3'><a class=\"ez-toc-link ez-toc-heading-4\" href=\"https:\/\/www.turna.com\/blog\/datca-kamp-alanlari\/#akcabuk_kamping\" >Ak\u00e7ab\u00fck Kamping<\/a><\/li><li class='ez-toc-page-1 ez-toc-heading-level-3'><a class=\"ez-toc-link ez-toc-heading-5\" href=\"https:\/\/www.turna.com\/blog\/datca-kamp-alanlari\/#gulbahar_pansiyon_camping\" >G\u00fclbahar Pansiyon&amp;Camping<\/a><\/li><li class='ez-toc-page-1 ez-toc-heading-level-3'><a class=\"ez-toc-link ez-toc-heading-6\" href=\"https:\/\/www.turna.com\/blog\/datca-kamp-alanlari\/#cubucak_orman_kampi\" >\u00c7ubucak Orman Kamp\u0131<\/a><\/li><li class='ez-toc-page-1 ez-toc-heading-level-3'><a class=\"ez-toc-link ez-toc-heading-7\" href=\"https:\/\/www.turna.com\/blog\/datca-kamp-alanlari\/#kormen_camping\" >K\u00f6rmen Camping<\/a><\/li><li class='ez-toc-page-1 ez-toc-heading-level-3'><a class=\"ez-toc-link ez-toc-heading-8\" href=\"https:\/\/www.turna.com\/blog\/datca-kamp-alanlari\/#ezgim_camping\" >Ezgim Camping<\/a><\/li><li class='ez-toc-page-1 ez-toc-heading-level-3'><a class=\"ez-toc-link ez-toc-heading-9\" href=\"https:\/\/www.turna.com\/blog\/datca-kamp-alanlari\/#ilica_camping\" >Il\u0131ca Camping<\/a><\/li><\/ul><\/li><\/ul><\/nav><\/div>\n\n<p><strong>Dat\u00e7a<\/strong>, el de\u011fmemi\u015f do\u011fas\u0131, nefis k\u0131y\u0131lar\u0131 ve masmavi deniziyle \u00fclkemizin en g\u00fczel yerlerinden biri. Ege&#8217;yi Akdeniz&#8217;e ba\u011flayan \u00e7ok \u00f6zel bir konumda yer alan Dat\u00e7a yaz aylar\u0131nda tatil yapmak isteyenler i\u00e7in tam bir cennet. Do\u011fada olmay\u0131 seviyorsan\u0131z, Dat\u00e7a&#8217;da her zevke uygun onlarca kamp alan\u0131 var. Badem a\u011fa\u00e7lar\u0131n aras\u0131nda, huzur dolu unutulmaz bir kamp d\u00fc\u015f\u00fcn\u00fcyorsan\u0131z, sizin i\u00e7in haz\u0131rlad\u0131\u011f\u0131m <strong>Dat\u00e7a kamp alanlar\u0131<\/strong> listeme mutlaka bak\u0131n.<\/p>\n\n\n\n<h2 class=\"wp-block-heading has-text-align-center has-neeon-button-dark-gray-color has-text-color has-link-color wp-elements-878d2e5f3d7ad94fd5c30812554e13c8\"><span class=\"ez-toc-section\" id=\"datcada_kamp_yapabileceginiz_yerler\"><\/span><strong>Dat\u00e7a&#8217;da Kamp Yapabilece\u011finiz Yerler<\/strong><span class=\"ez-toc-section-end\"><\/span><\/h2>\n\n\n\n<p>Dat\u00e7a, T\u00fcrkiye&#8217;nin do\u011fal g\u00fczelliklerinin c\u00f6mert\u00e7e sundu\u011fu bir cennet k\u00f6\u015fesi. Bu g\u00fczel yar\u0131madada, kamp severlerin kalbini \u00e7alan bir\u00e7ok harika kamp alan\u0131 bulunuyor. \u0130ster denizin serin sular\u0131nda y\u00fczerek ruhunuzu tazelemek isteyin, ister orman\u0131n ku\u015f sesleri e\u015fli\u011finde do\u011fayla b\u00fct\u00fcnle\u015fmek, Dat\u00e7a&#8217;da tam olarak istedi\u011finiz gibi bir kamp deneyimi ya\u015fayabilirsiniz.<\/p>\n\n\n\n<p>Hem otantik hem de modern se\u00e7eneklere sahip olan bu kamp alanlar\u0131, \u00e7ad\u0131r\u0131n\u0131z\u0131 kurduktan sonra sizi ku\u015fatmaya haz\u0131r! \u0130ster &#8220;miskin bir deniz kedisi&#8221; olun, ister &#8220;orman\u0131n kral\u0131&#8221;, Dat\u00e7a&#8217;daki kamp alanlar\u0131 sizin her t\u00fcrl\u00fc maceran\u0131za uyum sa\u011flayacak. E\u011flence ve do\u011fa i\u00e7 i\u00e7e ge\u00e7mi\u015fken, Dat\u00e7a&#8217;da kamp yapmak sadece bir tatil de\u011fil, bir ya\u015fam tarz\u0131 haline geliyor. Haz\u0131rsan\u0131z, \u00e7ad\u0131r\u0131n\u0131z\u0131 toplay\u0131n ve Dat\u00e7a&#8217;n\u0131n kamp alanlar\u0131na do\u011fru macera dolu bir yolculu\u011fa \u00e7\u0131k\u0131n!<\/p>\n\n\n\n<h3 class=\"wp-block-heading has-text-align-center has-neeon-button-dark-gray-color has-text-color has-link-color wp-elements-f5c6b1d6713403fbab7e879b55c1352e\"><span class=\"ez-toc-section\" id=\"aktur_datca_kamping\"><\/span><strong>Aktur Dat\u00e7a Kamping<\/strong><span class=\"ez-toc-section-end\"><\/span><\/h3>\n\n\n\n<figure class=\"wp-block-image size-large\"><img width=\"800\" height=\"500\" data-public-id=\"datca-kamp-alanlari\/datca-kamp-alanlari.jpg\" fetchpriority=\"high\" decoding=\"async\" src=\"https:\/\/res.cloudinary.com\/turna\/images\/w_800,h_500,c_scale\/f_auto,q_auto:low\/v1610792275\/datca-kamp-alanlari\/datca-kamp-alanlari.jpg?_i=AA\" alt=\"dat\u00e7a kamp alanlar\u0131\" class=\"wp-post-18293 wp-image-18318\" data-format=\"jpg\" data-transformations=\"f_auto,q_auto:low\" data-version=\"1610792275\" data-seo=\"1\" srcset=\"https:\/\/res.cloudinary.com\/turna\/images\/f_auto,q_auto:low\/v1610792275\/datca-kamp-alanlari\/datca-kamp-alanlari.jpg?_i=AA 800w, https:\/\/res.cloudinary.com\/turna\/images\/w_300,h_188,c_scale\/f_auto,q_auto:low\/v1610792275\/datca-kamp-alanlari\/datca-kamp-alanlari.jpg?_i=AA 300w, https:\/\/res.cloudinary.com\/turna\/images\/w_672,h_420,c_scale\/f_auto,q_auto:low\/v1610792275\/datca-kamp-alanlari\/datca-kamp-alanlari.jpg?_i=AA 672w, https:\/\/res.cloudinary.com\/turna\/images\/w_640,h_400,c_scale\/f_auto,q_auto:low\/v1610792275\/datca-kamp-alanlari\/datca-kamp-alanlari.jpg?_i=AA 640w, https:\/\/res.cloudinary.com\/turna\/images\/w_681,h_426,c_scale\/f_auto,q_auto:low\/v1610792275\/datca-kamp-alanlari\/datca-kamp-alanlari.jpg?_i=AA 681w\" sizes=\"(max-width: 800px) 100vw, 800px\" \/><\/figure>\n\n\n\n<p><strong>Aktur Dat\u00e7a Kamping<\/strong> (Aktur Camping), Mu\u011fla merkeze 1,5 saat, Dat\u00e7a merkeze ise 25 dakika uzakl\u0131kta, T\u00fcrkiye\u2019nin ve Dat\u00e7a\u2019n\u0131n en k\u00f6kl\u00fc kamp alanlar\u0131ndan biri. Aktur camping, bir kamp\u00e7\u0131n\u0131n ve karavanc\u0131n\u0131n ihtiya\u00e7 duyabilece\u011fi t\u00fcm hizmetlere sahip olduk\u00e7a deneyimli bir i\u015fletme.<\/p>\n\n\n\n<p>\u00c7am a\u011fa\u00e7lar\u0131n\u0131n aras\u0131ndaki Aktur Kamping, kafa dinlemek isteyenler i\u00e7in birebir. Kamp alan\u0131, \u00e7am orman\u0131n\u0131n denizin birle\u015fti\u011fi noktada, geni\u015f ve ferah bir araziye kurulmu\u015f. Tesiste, \u00e7ad\u0131r kiralama, karavan kiralama, otopark, restoran, kafe ve ihtiya\u00e7 duydu\u011funuz t\u00fcm hizmetler var. Du\u015f, tuvalet, mutfak, bula\u015f\u0131k ve \u00e7ama\u015f\u0131r y\u0131kama imkan\u0131 da mevcut.<\/p>\n\n\n\n<p>Karavanlar i\u00e7in de alanda yer var ancak kamp alan\u0131nda \u00e7ad\u0131r-karavan kiralamas\u0131 yap\u0131lm\u0131yor. \u00c7ad\u0131r veya karavanda kalabilece\u011finiz gibi buradan oda da kiralayabiliyorsunuz.<\/p>\n\n\n\n<p>Kamping alan\u0131 Kurucab\u00fck ve Dat\u00e7a olmak \u00fczere iki farkl\u0131 lokasyona sahip. Aralar\u0131nda sadece 4 km mesafe var. Kamp tesisi Kurucab\u00fckte yer al\u0131yor ve al\u0131\u015fveri\u015f i\u00e7in haftada \u00fc\u00e7 g\u00fcn pazar kuruluyor. Ayr\u0131ca sitede eczane, tenis kortlar\u0131, voleybol ve basketbol sahalar\u0131 da var. Olduk\u00e7a geli\u015fmi\u015f olan bu kamp alan\u0131, yaz aylar\u0131nda kamp yapmak isteyenler i\u00e7in \u00e7ok keyifli.<\/p>\n\n\n\n<h3 class=\"wp-block-heading has-text-align-center has-neeon-button-dark-gray-color has-text-color has-link-color wp-elements-2d009d28ecd6af4cd6399298b8dd464b\"><span class=\"ez-toc-section\" id=\"ozil_camping\"><\/span><strong>\u00d6zil Camping<\/strong><span class=\"ez-toc-section-end\"><\/span><\/h3>\n\n\n\n<p><strong>\u00d6zil Camping<\/strong>, denize sadece birka\u00e7 ad\u0131m uzakl\u0131kta, sessizli\u011fi sevenler i\u00e7in harika bir kamp alan\u0131. A\u011fa\u00e7lar\u0131n aras\u0131nda huzur dolu bir ambiyans\u0131 var. Gece saat 12-den sonra ses yapmak yasak oldu\u011fu i\u00e7in gece uykunuzu en rahat \u015fekilde yapabilirsiniz. \u00dcstelik \u00d6zil Camping hayvan dostu, kedinizi k\u00f6pe\u011finizi al\u0131p g\u00f6n\u00fcl rahatl\u0131\u011f\u0131yla gelebilirsiniz. Kamp yapmaya giderken k\u00fc\u00e7\u00fck dostunuzdan ayr\u0131 kalman\u0131za gerek yok.<\/p>\n\n\n\n<p>\u00c7ad\u0131r kamp\u0131 yap\u0131labilece\u011finiz gibi karavan kamp\u0131 da yapabilirsiniz. Genelde ailelerin tercih etti\u011fi bu kamp alan\u0131nda elektrik, wi-fi, buzdolab\u0131, tuvalet, s\u0131cak su, du\u015f, mutfak, mangal yeri, bula\u015f\u0131khane, piknik masas\u0131 gibi imkanlar da mevcut. Ayr\u0131ca kamp alan\u0131na market y\u00fcr\u00fcme mesafesinde, rahatl\u0131kla eksiklerinizi, ihtiya\u00e7lar\u0131n\u0131 giderebilirsiniz.<\/p>\n\n\n\n<h3 class=\"wp-block-heading has-text-align-center has-neeon-button-dark-gray-color has-text-color has-link-color wp-elements-c15ebce0fb1ee3d63cdd35d8bc9c33ef\"><span class=\"ez-toc-section\" id=\"akcabuk_kamping\"><\/span><strong>Ak\u00e7ab\u00fck Kamping<\/strong><span class=\"ez-toc-section-end\"><\/span><\/h3>\n\n\n\n<figure class=\"wp-block-image size-large\"><img width=\"800\" height=\"500\" data-public-id=\"akcabuk-camping\/akcabuk-camping.jpg\" decoding=\"async\" src=\"https:\/\/res.cloudinary.com\/turna\/images\/w_800,h_500,c_scale\/f_auto,q_auto:low\/v1610792511\/akcabuk-camping\/akcabuk-camping.jpg?_i=AA\" alt=\"Ak\u00e7ab\u00fck Kamping\" class=\"wp-post-18293 wp-image-18319\" data-format=\"jpg\" data-transformations=\"f_auto,q_auto:low\" data-version=\"1610792511\" data-seo=\"1\" srcset=\"https:\/\/res.cloudinary.com\/turna\/images\/f_auto,q_auto:low\/v1610792511\/akcabuk-camping\/akcabuk-camping.jpg?_i=AA 800w, https:\/\/res.cloudinary.com\/turna\/images\/w_300,h_188,c_scale\/f_auto,q_auto:low\/v1610792511\/akcabuk-camping\/akcabuk-camping.jpg?_i=AA 300w, https:\/\/res.cloudinary.com\/turna\/images\/w_672,h_420,c_scale\/f_auto,q_auto:low\/v1610792511\/akcabuk-camping\/akcabuk-camping.jpg?_i=AA 672w, https:\/\/res.cloudinary.com\/turna\/images\/w_640,h_400,c_scale\/f_auto,q_auto:low\/v1610792511\/akcabuk-camping\/akcabuk-camping.jpg?_i=AA 640w, https:\/\/res.cloudinary.com\/turna\/images\/w_681,h_426,c_scale\/f_auto,q_auto:low\/v1610792511\/akcabuk-camping\/akcabuk-camping.jpg?_i=AA 681w\" sizes=\"(max-width: 800px) 100vw, 800px\" \/><\/figure>\n\n\n\n<p><strong>Ak\u00e7ab\u00fck Kamping<\/strong>, Mu\u011fla merkeze 2,5 Saat, Dat\u00e7a \u00e7ar\u015f\u0131ya ise 40 dakika uzakl\u0131kta. El de\u011fmemi\u015f bir koyun sahilinde dalga sesleriyle g\u00fcne ba\u015flamak, y\u0131ld\u0131zlar\u0131n alt\u0131nda uykuya dalmak isteyenler i\u00e7in Ak\u00e7ab\u00fck kamp alan\u0131 bulunmaz bir yer. <\/p>\n\n\n\n<p>Palamutb\u00fck\u00fc\u2019nden 3 km uzakl\u0131kta yer alan Ak\u00e7ab\u00fck Kamping b\u00f6lgede konaklayabilece\u011finiz g\u00fczel i\u015fletmelerden birisidir. Geni\u015f bir arazi \u00fczerine kurulu olmas\u0131 buraya gelen misafirler i\u00e7in g\u00fczel bir avantaj. Ayr\u0131ca kendine \u00f6zel plaj\u0131, restoran\u0131 ve marketi de var. \u00dccretli bir kamp alan\u0131 olmas\u0131na ra\u011fmen verdi\u011finiz \u00fccretin kar\u015f\u0131l\u0131\u011f\u0131n\u0131 rahatl\u0131kla alabiliyorsunuz.<\/p>\n\n\n\n<p>Dat\u00e7a kamp alanlar\u0131 aras\u0131nda ilk s\u0131rada yer alan Ak\u00e7ab\u00fck kamping, yaz kamp\u0131 sevenler i\u00e7in \u00f6zenle tasarlam\u0131\u015f. Ak\u00e7ab\u00fck\u2019te yer alan tesis \u00e7ad\u0131r kiralama, pansiyon ve \u00e7ad\u0131r bungalov gibi farkl\u0131 konaklama alternatiflerine sahip. Tesiste, 7\/24 temizlik kontrolleri yap\u0131lan a\u00e7\u0131k ve kapal\u0131 du\u015flar, farkl\u0131 noktalarda tuvalet, restoran, kafe, otopark gibi kamp\u00e7\u0131lar\u0131n ihtiya\u00e7 duydu\u011fu bir\u00e7ok hizmet var.<\/p>\n\n\n\n<p>Tesisin hemen yan\u0131nda bulunan plaj, ince kumlu ve denizi de olduk\u00e7a temiz. Ayr\u0131ca tesiste spor ve aktivite alanlar\u0131 gibi keyifle vakit ge\u00e7irebilece\u011finiz yerler de var.<\/p>\n\n\n\n<h3 class=\"wp-block-heading has-text-align-center has-neeon-button-dark-gray-color has-text-color has-link-color wp-elements-5cb746613fcb0c95d7ec0dd010971829\"><span class=\"ez-toc-section\" id=\"gulbahar_pansiyon_camping\"><\/span><strong>G\u00fclbahar Pansiyon&amp;Camping<\/strong><span class=\"ez-toc-section-end\"><\/span><\/h3>\n\n\n\n<figure class=\"wp-block-image size-large\"><img width=\"800\" height=\"500\" data-public-id=\"gulbahar-camping\/gulbahar-camping.jpg\" decoding=\"async\" src=\"https:\/\/res.cloudinary.com\/turna\/images\/w_800,h_500,c_scale\/f_auto,q_auto:low\/v1610792641\/gulbahar-camping\/gulbahar-camping.jpg?_i=AA\" alt=\"G\u00fclbahar Pansiyon\" class=\"wp-post-18293 wp-image-18320\" data-format=\"jpg\" data-transformations=\"f_auto,q_auto:low\" data-version=\"1610792641\" data-seo=\"1\" srcset=\"https:\/\/res.cloudinary.com\/turna\/images\/f_auto,q_auto:low\/v1610792641\/gulbahar-camping\/gulbahar-camping.jpg?_i=AA 800w, https:\/\/res.cloudinary.com\/turna\/images\/w_300,h_188,c_scale\/f_auto,q_auto:low\/v1610792641\/gulbahar-camping\/gulbahar-camping.jpg?_i=AA 300w, https:\/\/res.cloudinary.com\/turna\/images\/w_672,h_420,c_scale\/f_auto,q_auto:low\/v1610792641\/gulbahar-camping\/gulbahar-camping.jpg?_i=AA 672w, https:\/\/res.cloudinary.com\/turna\/images\/w_640,h_400,c_scale\/f_auto,q_auto:low\/v1610792641\/gulbahar-camping\/gulbahar-camping.jpg?_i=AA 640w, https:\/\/res.cloudinary.com\/turna\/images\/w_681,h_426,c_scale\/f_auto,q_auto:low\/v1610792641\/gulbahar-camping\/gulbahar-camping.jpg?_i=AA 681w\" sizes=\"(max-width: 800px) 100vw, 800px\" \/><\/figure>\n\n\n\n<p><strong>G\u00fclbahar Pansiyon&amp;Camping<\/strong>, Ovab\u00fck\u00fc\u2019nde, Mesudiye Koyu&#8217;nda yer al\u0131yor. Kamp alan\u0131 Mu\u011fla merkeze 2,5 saat, Dat\u00e7a merkeze ise sadece 30 dakika uzakl\u0131kta. Ovabuk\u00fcnde deniz muhtesem, palamutbuku gibi bir kalabalik yok. Gece sahilde y\u0131ld\u0131zlar\u0131 izlemek e\u015fsiz. Heryere yakin olay\u0131m ama sessiz sakin bir yer olsun diyorsan\u0131z bu kamp alan\u0131 tam size g\u00f6re.<\/p>\n\n\n\n<p>Tesiste kamp alan\u0131n\u0131n yan\u0131 s\u0131ra, ta\u015f odalar, bungalov ve karavan alan\u0131 gibi farkl\u0131 konaklama alternatifleri mevcuttur. G\u00fclbahar Camping, denize s\u0131f\u0131r, limon a\u011fa\u00e7lar\u0131n\u0131n alt\u0131nda yaz kamp\u0131 sevenler i\u00e7in olduk\u00e7a g\u00fczel. Kafe, restoran, elektrik, du\u015f ve tuvalet gibi kamp\u00e7\u0131lar\u0131n ihtiya\u00e7 duyabilece\u011fi t\u00fcm hizmetler sa\u011flan\u0131yor. Konaklama amac\u0131yla gitmeseniz bile yemek molas\u0131 vermek ya da dinlenmek i\u00e7in bile u\u011framaya de\u011fer.<\/p>\n\n\n\n<h3 class=\"wp-block-heading has-text-align-center has-neeon-button-dark-gray-color has-text-color has-link-color wp-elements-9d8f9fea927e9bc9fa413a5ffb9e766a\"><span class=\"ez-toc-section\" id=\"cubucak_orman_kampi\"><\/span><strong>\u00c7ubucak Orman Kamp\u0131<\/strong><span class=\"ez-toc-section-end\"><\/span><\/h3>\n\n\n\n<p><strong>\u00c7ubucak Orman Kamp\u0131<\/strong>, Dat\u00e7a\u2019da de\u011fil ama Dat\u00e7a&#8217;ya \u00e7ok yak\u0131n. Mu\u011fla ili Marmaris il\u00e7esine ba\u011fl\u0131 ve Marmaris-Dat\u00e7a yolunda, Dat\u00e7a merkeze sadece 48 dakika uzakl\u0131kta. Deniz kenar\u0131nda \u00e7am a\u011fa\u00e7lar\u0131n\u0131n aras\u0131ndaki \u00c7abucak, sonsuz bir dinginlik vadediyor. Denizi \u00e7ar\u015faf gibi, dalgas\u0131z ve sakin. Tesisin hemen kar\u015f\u0131s\u0131nda her sabah k\u00f6yl\u00fcler taraf\u0131ndan k\u00fc\u00e7\u00fck bir pazar yeri kurulur. Taze sebze ve meyveleri buradan alabilirsiniz.<\/p>\n\n\n\n<p>Tesisin marketinde mangaldan, deterjana yo\u011furttan piknik t\u00fcp\u00fcne bir \u00e7ok malzeme mevcut. Tesiste, karavan alan\u0131, elektrik, du\u015f, tuvalet ve ihtiya\u00e7 duyaca\u011f\u0131n\u0131z bir\u00e7ok hizmet sunuluyor. Her saat ba\u015f\u0131 kamp alan\u0131ndan Marmaris\u2019e ve Marmaris\u2019ten kamp alan\u0131na dolmu\u015f var. Taksiyle gitmek isterseniz de \u00e7ok yak\u0131nda bir taksi dura\u011f\u0131 mevcut.<\/p>\n\n\n\n<h3 class=\"wp-block-heading has-text-align-center has-neeon-button-dark-gray-color has-text-color has-link-color wp-elements-1187794daf05c7f89a81d1bb53fed405\"><span class=\"ez-toc-section\" id=\"kormen_camping\"><\/span><strong>K\u00f6rmen Camping<\/strong><span class=\"ez-toc-section-end\"><\/span><\/h3>\n\n\n\n<figure class=\"wp-block-image size-large\"><img width=\"800\" height=\"500\" data-public-id=\"kormen-camping\/kormen-camping.jpg\" loading=\"lazy\" decoding=\"async\" src=\"https:\/\/res.cloudinary.com\/turna\/images\/w_800,h_500,c_scale\/f_auto,q_auto:low\/v1610792725\/kormen-camping\/kormen-camping.jpg?_i=AA\" alt=\"kormen camping\" class=\"wp-post-18293 wp-image-18321\" data-format=\"jpg\" data-transformations=\"f_auto,q_auto:low\" data-version=\"1610792725\" data-seo=\"1\" srcset=\"https:\/\/res.cloudinary.com\/turna\/images\/f_auto,q_auto:low\/v1610792725\/kormen-camping\/kormen-camping.jpg?_i=AA 800w, https:\/\/res.cloudinary.com\/turna\/images\/w_300,h_188,c_scale\/f_auto,q_auto:low\/v1610792725\/kormen-camping\/kormen-camping.jpg?_i=AA 300w, https:\/\/res.cloudinary.com\/turna\/images\/w_672,h_420,c_scale\/f_auto,q_auto:low\/v1610792725\/kormen-camping\/kormen-camping.jpg?_i=AA 672w, https:\/\/res.cloudinary.com\/turna\/images\/w_640,h_400,c_scale\/f_auto,q_auto:low\/v1610792725\/kormen-camping\/kormen-camping.jpg?_i=AA 640w, https:\/\/res.cloudinary.com\/turna\/images\/w_681,h_426,c_scale\/f_auto,q_auto:low\/v1610792725\/kormen-camping\/kormen-camping.jpg?_i=AA 681w\" sizes=\"(max-width: 800px) 100vw, 800px\" \/><\/figure>\n\n\n\n<p><strong>K\u00f6rmen Camping<\/strong>, Mu\u011fla merkeze 2 saat, Dat\u00e7a merkeze ise 14 dakika uzakl\u0131kta. Dat\u00e7a\u2019n\u0131n G\u00f6kova k\u00f6rfezi k\u0131y\u0131lar\u0131na bakan taraf\u0131nda, Dat\u00e7a iskelesine yak\u0131n bir mesafede yer al\u0131yor. Tesisin en b\u00fcy\u00fck avantaj\u0131, denize yak\u0131n olmas\u0131. Deniz kenar\u0131nda bir kamp alan\u0131 fakat, ta\u015fl\u0131 ve biraz dalgal\u0131. G\u00fcn i\u00e7inde r\u00fczgar alan bir noktada.<\/p>\n\n\n\n<p>Kamp i\u00e7indeki havuz deniz suyu ile s\u00fcrekli devir daim ile \u00e7al\u0131\u015f\u0131yor. \u00dc\u00e7 bungalov, 7-8 \u00e7ad\u0131r var. Tesiste, ev tipi glambing kiralamas\u0131 da yap\u0131l\u0131yor. Ayr\u0131ca kamp\u00e7\u0131lar\u0131n ihtiya\u00e7 duyaca\u011f\u0131 t\u00fcm hizmetleri sa\u011fl\u0131yorlar. Dolmu\u015flarla Dat\u00e7a merkeze ya da feribotla Bodrum\u2019a ge\u00e7meniz de m\u00fcmk\u00fcn<\/p>\n\n\n\n<h3 class=\"wp-block-heading has-text-align-center has-neeon-button-dark-gray-color has-text-color has-link-color wp-elements-afb781bfc8345c5070685c6dc1487a5c\"><span class=\"ez-toc-section\" id=\"ezgim_camping\"><\/span><strong>Ezgim Camping<\/strong><span class=\"ez-toc-section-end\"><\/span><\/h3>\n\n\n\n<p><strong>Ezgim Camping<\/strong>, Ovab\u00fck\u00fc\u2019nde, Mu\u011fla merkeze 2,5 saat, Dat\u00e7a merkeze 30 dakika uzakl\u0131kta yer al\u0131yor. Ovab\u00fck\u00fc plaj\u0131na yakla\u015f\u0131k 200 metre uzakl\u0131kta yer alan tesis, yaz kamp\u0131na olduk\u00e7a uygun. Etraf\u0131 badem a\u011fa\u00e7lar\u0131 ile \u00e7evrili. Kamp alan\u0131 sahil kenar\u0131 olmad\u0131\u011f\u0131 i\u00e7in \u00e7ok sessiz ve sakin.<\/p>\n\n\n\n<p>Sabah erkenden uyan\u0131yorsunuz \u00e7\u00fcnk\u00fc havas\u0131 \u00e7ok temiz. Kampinge gelenler genelde bir birine sayg\u0131l\u0131, gece 10 dan sonra inan\u0131lmaz bir sessizlik oluyor. Tesiste \u00e7ad\u0131r kiralama, elektrik, 24 saat s\u0131cak su, du\u015f, tuvalet, kafe, 2 adet barbek\u00fc, buzdolab\u0131 ve wi-fi gibi ihtiyac\u0131n\u0131z olan t\u00fcm hizmetler var.<\/p>\n\n\n\n<h3 class=\"wp-block-heading has-text-align-center has-neeon-button-dark-gray-color has-text-color has-link-color wp-elements-40b32bd6426fc4157b44723787d52cb3\"><span class=\"ez-toc-section\" id=\"ilica_camping\"><\/span><strong>Il\u0131ca Camping<\/strong><span class=\"ez-toc-section-end\"><\/span><\/h3>\n\n\n\n<figure class=\"wp-block-image size-large\"><img width=\"800\" height=\"500\" data-public-id=\"ilica-Camping\/ilica-Camping.jpg\" loading=\"lazy\" decoding=\"async\" src=\"https:\/\/res.cloudinary.com\/turna\/images\/w_800,h_500,c_scale\/f_auto,q_auto:low\/v1610792855\/ilica-Camping\/ilica-Camping.jpg?_i=AA\" alt=\"Il\u0131ca Camping\" class=\"wp-post-18293 wp-image-18322\" data-format=\"jpg\" data-transformations=\"f_auto,q_auto:low\" data-version=\"1610792855\" data-seo=\"1\" srcset=\"https:\/\/res.cloudinary.com\/turna\/images\/f_auto,q_auto:low\/v1610792855\/ilica-Camping\/ilica-Camping.jpg?_i=AA 800w, https:\/\/res.cloudinary.com\/turna\/images\/w_300,h_188,c_scale\/f_auto,q_auto:low\/v1610792855\/ilica-Camping\/ilica-Camping.jpg?_i=AA 300w, https:\/\/res.cloudinary.com\/turna\/images\/w_672,h_420,c_scale\/f_auto,q_auto:low\/v1610792855\/ilica-Camping\/ilica-Camping.jpg?_i=AA 672w, https:\/\/res.cloudinary.com\/turna\/images\/w_640,h_400,c_scale\/f_auto,q_auto:low\/v1610792855\/ilica-Camping\/ilica-Camping.jpg?_i=AA 640w, https:\/\/res.cloudinary.com\/turna\/images\/w_681,h_426,c_scale\/f_auto,q_auto:low\/v1610792855\/ilica-Camping\/ilica-Camping.jpg?_i=AA 681w\" sizes=\"(max-width: 800px) 100vw, 800px\" \/><\/figure>\n\n\n\n<p><strong>Il\u0131ca Camping<\/strong>, Mu\u011fla\u2019n\u0131n merkezine 2,5 saat, Dat\u00e7a merkeze ise 5 dakika uzakl\u0131kta, ta\u015fl\u0131k plaj\u0131 mevkiinde. Kamp alan\u0131, okalipt\u00fcs a\u011fa\u00e7lar\u0131n\u0131n alt\u0131na kurulmu\u015f, masmavi denize sahip \u00e7ok keyifli. Dat\u00e7a\u2019n\u0131n k\u00f6kl\u00fc tesisi olan Il\u0131ca kamping, kamp\u00e7\u0131lar\u0131n ihtiya\u00e7 duydu\u011fu bir\u00e7ok hizmeti sunuyor.<\/p>\n\n\n\n<p>Hem a\u00e7\u0131k hem de kapal\u0131 du\u015f imkan\u0131 var ve uzun kuyruklar hi\u00e7 olmuyor. Evinizdeki gibi diledi\u011finiz zaman du\u015f alabilirsiniz. S\u0131cak su 24 saat var. Tesiste, karavan, moto karavan ve ara\u00e7 \u00fcst\u00fc \u00e7ad\u0131rla konaklama imkan\u0131 da mevcuttur. Dilerseniz kahvalt\u0131, \u00f6\u011fle ve ak\u015fam yeme\u011fini de burada restoranda yiyebilirsiniz.<\/p>\n\n\n\n<p>Dat\u00e7a kamp alanlar\u0131 sizin de radar\u0131n\u0131zdaysa <strong><a href=\"https:\/\/www.turna.com\/ucak-bileti\/dalaman\" target=\"_blank\" rel=\"noreferrer noopener\">Dalaman u\u00e7ak bileti<\/a><\/strong> f\u0131rsatlar\u0131na veya <a href=\"https:\/\/www.turna.com\/otobus-bileti\/datca\">Dat\u00e7a otob\u00fcs bileti<\/a> se\u00e7eneklerine mutlaka g\u00f6z at\u0131n.<\/p>\n\n\n\n<p><strong><br><\/strong><br><br><br><\/p>\n\n    <div class=\"xs_social_share_widget xs_share_url after_content \t\tmain_content  wslu-style-1 wslu-share-box-shaped wslu-fill-colored wslu-none wslu-share-horizontal wslu-theme-font-no wslu-main_content\">\n\n\t\t\n        <ul>\n\t\t\t        <\/ul>\n    <\/div> \n","protected":false},"excerpt":{"rendered":"<p>Dat\u00e7a, el de\u011fmemi\u015f do\u011fas\u0131, nefis k\u0131y\u0131lar\u0131 ve masmavi deniziyle \u00fclkemizin en g\u00fczel yerlerinden biri. Ege&#8217;yi Akdeniz&#8217;e ba\u011flayan \u00e7ok \u00f6zel bir konumda yer alan Dat\u00e7a yaz aylar\u0131nda tatil yapmak isteyenler i\u00e7in tam bir cennet. Do\u011fada olmay\u0131 seviyorsan\u0131z, Dat\u00e7a&#8217;da her zevke uygun onlarca kamp alan\u0131 var. Badem a\u011fa\u00e7lar\u0131n aras\u0131nda, huzur dolu unutulmaz bir kamp d\u00fc\u015f\u00fcn\u00fcyorsan\u0131z, sizin i\u00e7in haz\u0131rlad\u0131\u011f\u0131m Dat\u00e7a kamp alanlar\u0131 listeme mutlaka bak\u0131n.<\/p>\n","protected":false},"author":34,"featured_media":18318,"comment_status":"open","ping_status":"open","sticky":false,"template":"","format":"standard","meta":{"rop_custom_images_group":[],"rop_custom_messages_group":[],"rop_publish_now":"initial","rop_publish_now_accounts":[],"rop_publish_now_history":[],"rop_publish_now_status":"pending","_cloudinary_featured_overwrite":false,"footnotes":""},"categories":[2,1852],"tags":[709],"class_list":["post-18293","post","type-post","status-publish","format-standard","has-post-thumbnail","hentry","category-ulkeler","category-mugla","tag-datca"],"_links":{"self":[{"href":"https:\/\/www.turna.com\/blog\/wp-json\/wp\/v2\/posts\/18293","targetHints":{"allow":["GET"]}}],"collection":[{"href":"https:\/\/www.turna.com\/blog\/wp-json\/wp\/v2\/posts"}],"about":[{"href":"https:\/\/www.turna.com\/blog\/wp-json\/wp\/v2\/types\/post"}],"author":[{"embeddable":true,"href":"https:\/\/www.turna.com\/blog\/wp-json\/wp\/v2\/users\/34"}],"replies":[{"embeddable":true,"href":"https:\/\/www.turna.com\/blog\/wp-json\/wp\/v2\/comments?post=18293"}],"version-history":[{"count":0,"href":"https:\/\/www.turna.com\/blog\/wp-json\/wp\/v2\/posts\/18293\/revisions"}],"wp:featuredmedia":[{"embeddable":true,"href":"https:\/\/www.turna.com\/blog\/wp-json\/wp\/v2\/media\/18318"}],"wp:attachment":[{"href":"https:\/\/www.turna.com\/blog\/wp-json\/wp\/v2\/media?parent=18293"}],"wp:term":[{"taxonomy":"category","embeddable":true,"href":"https:\/\/www.turna.com\/blog\/wp-json\/wp\/v2\/categories?post=18293"},{"taxonomy":"post_tag","embeddable":true,"href":"https:\/\/www.turna.com\/blog\/wp-json\/wp\/v2\/tags?post=18293"}],"curies":[{"name":"wp","href":"https:\/\/api.w.org\/{rel}","templated":true}]}}