{"id":18278,"date":"2023-03-01T08:50:00","date_gmt":"2023-03-01T05:50:00","guid":{"rendered":"https:\/\/www.turna.com\/blog\/?p=18278"},"modified":"2025-12-09T10:09:11","modified_gmt":"2025-12-09T07:09:11","slug":"norvec-gezilecek-yerler","status":"publish","type":"post","link":"https:\/\/www.turna.com\/blog\/norvec-gezilecek-yerler","title":{"rendered":"Norve\u00e7 Gezilecek Yerler: G\u00f6r\u00fclmesi Gereken 10 Yer"},"content":{"rendered":"<div id=\"ez-toc-container\" class=\"ez-toc-v2_0_82_2 counter-hierarchy ez-toc-counter ez-toc-black ez-toc-container-direction\">\n<div class=\"ez-toc-title-container\">\n<p class=\"ez-toc-title\" style=\"cursor:inherit\">\u0130\u00e7indekiler<\/p>\n<span class=\"ez-toc-title-toggle\"><a href=\"#\" class=\"ez-toc-pull-right ez-toc-btn ez-toc-btn-xs ez-toc-btn-default ez-toc-toggle\" aria-label=\"\u0130\u00e7indekiler Tablosunu A\u00e7\/Kapat\"><span class=\"ez-toc-js-icon-con\"><span class=\"\"><span class=\"eztoc-hide\" style=\"display:none;\">Toggle<\/span><span class=\"ez-toc-icon-toggle-span\"><svg style=\"fill: #ffffff;color:#ffffff\" xmlns=\"http:\/\/www.w3.org\/2000\/svg\" class=\"list-377408\" width=\"20px\" height=\"20px\" viewBox=\"0 0 24 24\" fill=\"none\"><path d=\"M6 6H4v2h2V6zm14 0H8v2h12V6zM4 11h2v2H4v-2zm16 0H8v2h12v-2zM4 16h2v2H4v-2zm16 0H8v2h12v-2z\" fill=\"currentColor\"><\/path><\/svg><svg style=\"fill: #ffffff;color:#ffffff\" class=\"arrow-unsorted-368013\" xmlns=\"http:\/\/www.w3.org\/2000\/svg\" width=\"10px\" height=\"10px\" viewBox=\"0 0 24 24\" version=\"1.2\" baseProfile=\"tiny\"><path d=\"M18.2 9.3l-6.2-6.3-6.2 6.3c-.2.2-.3.4-.3.7s.1.5.3.7c.2.2.4.3.7.3h11c.3 0 .5-.1.7-.3.2-.2.3-.5.3-.7s-.1-.5-.3-.7zM5.8 14.7l6.2 6.3 6.2-6.3c.2-.2.3-.5.3-.7s-.1-.5-.3-.7c-.2-.2-.4-.3-.7-.3h-11c-.3 0-.5.1-.7.3-.2.2-.3.5-.3.7s.1.5.3.7z\"\/><\/svg><\/span><\/span><\/span><\/a><\/span><\/div>\n<nav><ul class='ez-toc-list ez-toc-list-level-1 eztoc-toggle-hide-by-default' ><li class='ez-toc-page-1 ez-toc-heading-level-2'><a class=\"ez-toc-link ez-toc-heading-1\" href=\"https:\/\/www.turna.com\/blog\/norvec-gezilecek-yerler\/#norvec_gezilecek_yerler\" >Norve\u00e7 Gezilecek Yerler<\/a><ul class='ez-toc-list-level-3' ><li class='ez-toc-heading-level-3'><a class=\"ez-toc-link ez-toc-heading-2\" href=\"https:\/\/www.turna.com\/blog\/norvec-gezilecek-yerler\/#1_oslo\" >1. Oslo<\/a><\/li><li class='ez-toc-page-1 ez-toc-heading-level-3'><a class=\"ez-toc-link ez-toc-heading-3\" href=\"https:\/\/www.turna.com\/blog\/norvec-gezilecek-yerler\/#2_bergen\" >2. Bergen<\/a><\/li><li class='ez-toc-page-1 ez-toc-heading-level-3'><a class=\"ez-toc-link ez-toc-heading-4\" href=\"https:\/\/www.turna.com\/blog\/norvec-gezilecek-yerler\/#3_lofoten_adalari\" >3. Lofoten Adalar\u0131<\/a><\/li><li class='ez-toc-page-1 ez-toc-heading-level-3'><a class=\"ez-toc-link ez-toc-heading-5\" href=\"https:\/\/www.turna.com\/blog\/norvec-gezilecek-yerler\/#4_tromso_ve_kuzey_isiklari\" >4. Tromso ve Kuzey I\u015f\u0131klar\u0131<\/a><\/li><li class='ez-toc-page-1 ez-toc-heading-level-3'><a class=\"ez-toc-link ez-toc-heading-6\" href=\"https:\/\/www.turna.com\/blog\/norvec-gezilecek-yerler\/#5_preikestolen_ve_trolltunga\" >5. Preikestolen ve Trolltunga<\/a><\/li><li class='ez-toc-page-1 ez-toc-heading-level-3'><a class=\"ez-toc-link ez-toc-heading-7\" href=\"https:\/\/www.turna.com\/blog\/norvec-gezilecek-yerler\/#6_alesund\" >6. Alesund<\/a><\/li><li class='ez-toc-page-1 ez-toc-heading-level-3'><a class=\"ez-toc-link ez-toc-heading-8\" href=\"https:\/\/www.turna.com\/blog\/norvec-gezilecek-yerler\/#7_reine\" >7. Reine<\/a><\/li><li class='ez-toc-page-1 ez-toc-heading-level-3'><a class=\"ez-toc-link ez-toc-heading-9\" href=\"https:\/\/www.turna.com\/blog\/norvec-gezilecek-yerler\/#8_flam\" >8. Flam<\/a><\/li><li class='ez-toc-page-1 ez-toc-heading-level-3'><a class=\"ez-toc-link ez-toc-heading-10\" href=\"https:\/\/www.turna.com\/blog\/norvec-gezilecek-yerler\/#9_svalbard\" >9. Svalbard<\/a><\/li><li class='ez-toc-page-1 ez-toc-heading-level-3'><a class=\"ez-toc-link ez-toc-heading-11\" href=\"https:\/\/www.turna.com\/blog\/norvec-gezilecek-yerler\/#10_trondheim\" >10. Trondheim<\/a><\/li><\/ul><\/li><li class='ez-toc-page-1 ez-toc-heading-level-2'><a class=\"ez-toc-link ez-toc-heading-12\" href=\"https:\/\/www.turna.com\/blog\/norvec-gezilecek-yerler\/#norvec_hakkinda_hap_bilgiler\" >Norve\u00e7 Hakk\u0131nda Hap Bilgiler<\/a><ul class='ez-toc-list-level-3' ><li class='ez-toc-heading-level-3'><a class=\"ez-toc-link ez-toc-heading-13\" href=\"https:\/\/www.turna.com\/blog\/norvec-gezilecek-yerler\/#norvec_nerede\" >Norve\u00e7 Nerede ?<\/a><\/li><li class='ez-toc-page-1 ez-toc-heading-level-3'><a class=\"ez-toc-link ez-toc-heading-14\" href=\"https:\/\/www.turna.com\/blog\/norvec-gezilecek-yerler\/#norvece_nasil_gidilir\" >Norve\u00e7&#8217;e Nas\u0131l Gidilir ?<\/a><\/li><li class='ez-toc-page-1 ez-toc-heading-level-3'><a class=\"ez-toc-link ez-toc-heading-15\" href=\"https:\/\/www.turna.com\/blog\/norvec-gezilecek-yerler\/#norvecte_yapilacak_aktiviteler\" >Norve\u00e7&#8217;te Yap\u0131lacak Aktiviteler<\/a><\/li><li class='ez-toc-page-1 ez-toc-heading-level-3'><a class=\"ez-toc-link ez-toc-heading-16\" href=\"https:\/\/www.turna.com\/blog\/norvec-gezilecek-yerler\/#norvecte_nerede_kalinir\" >Norve\u00e7&#8217;te Nerede Kal\u0131n\u0131r?<\/a><\/li><li class='ez-toc-page-1 ez-toc-heading-level-3'><a class=\"ez-toc-link ez-toc-heading-17\" href=\"https:\/\/www.turna.com\/blog\/norvec-gezilecek-yerler\/#norvecte_ne_yenir\" >Norve\u00e7&#8217;te Ne Yenir?<\/a><\/li><\/ul><\/li><\/ul><\/nav><\/div>\n\n<p><strong>Norve\u00e7<\/strong> zengin k\u00fclt\u00fcr miras\u0131 ve k\u00f6kl\u00fc tarihi, etkileyici tarihi yap\u0131lar\u0131, do\u011fayla i\u00e7 i\u00e7e k\u00f6yleri, m\u00fczeleri ve dantel gibi k\u0131y\u0131lar\u0131 ile \u00e7ok zengin bir co\u011frafyaya sahip. Sadece Norve\u00e7 Fiyortlar\u0131 bile bu \u00fclkeye gitmek i\u00e7in yeterli bir neden. <strong>Norve\u00e7 gezilecek yerler<\/strong> her gezginin mutlaka g\u00f6rmesi gereken noktalar.<\/p>\n\n\n\n<p>Ola\u011fan\u00fcst\u00fc k\u0131y\u0131 \u015feridi, e\u015fsiz fiyortlar\u0131, Kuzey I\u015f\u0131klar\u0131&#8217;n\u0131n b\u00fcy\u00fcs\u00fc ile \u00fclkenin d\u00f6rt bir yan\u0131nda seyahat severlerin ke\u015ffedece\u011fi pek \u00e7ok do\u011fal g\u00fczelli\u011fe sahip. \u0130sve\u00e7, Finlandiya ve Rusya ile kom\u015fu olan Norve\u00e7, UNESCO D\u00fcnya Miras Alan\u0131 kapsam\u0131ndaki b\u00fcy\u00fcleyici fiyortlar\u0131yla \u00fcnl\u00fc bir \u0130skandinavya \u00fclkesi.<\/p>\n\n\n\n<h2 class=\"wp-block-heading has-text-align-center has-neeon-button-dark-gray-color has-text-color has-link-color wp-elements-19d87d4f9dea4bb5064c20361359da71\"><span class=\"ez-toc-section\" id=\"norvec_gezilecek_yerler\"><\/span><strong><strong><strong><strong>Norve\u00e7 Gezilecek Yerler<\/strong><\/strong><\/strong><\/strong><span class=\"ez-toc-section-end\"><\/span><\/h2>\n\n\n\n<p>Kuzey \u0131\u015f\u0131klar\u0131n\u0131 g\u00f6rmek isteyen seyahat severlerin akl\u0131na gelen ilk yer oluyor Norve\u00e7. Muhte\u015fem do\u011fas\u0131, sundu\u011fu e\u015fsiz deneyimler, ke\u015ffedilecek \u00e7ok say\u0131da g\u00fczelli\u011fi ile t\u00fcm gezginlerin g\u00f6rmek isteyece\u011fi bir yer. Bu kadar pop\u00fcler bir destinasyon i\u00e7in <strong>Norve\u00e7 gezi rehberi <\/strong>i\u00e7inde ihtiyac\u0131n\u0131z olacak bilgileri ve gezilecek yerleri detayl\u0131 olarak anlataca\u011f\u0131m.<\/p>\n\n\n\n<p><strong>Norve\u00e7 Gezilecek Yerler Listesi<\/strong><\/p>\n\n\n\n<ol class=\"wp-block-list\">\n<li>Oslo<\/li>\n\n\n\n<li>Bergen<\/li>\n\n\n\n<li>Lotofen Adalar\u0131<\/li>\n\n\n\n<li>Tromso ve Kuzey I\u015f\u0131klar\u0131<\/li>\n\n\n\n<li>Preikestolen ve Trolltunga<\/li>\n\n\n\n<li>Alesund<\/li>\n\n\n\n<li>Reine<\/li>\n\n\n\n<li>Flam<\/li>\n\n\n\n<li>Svalbard<\/li>\n\n\n\n<li>Trondheim<\/li>\n<\/ol>\n\n\n\n<h3 class=\"wp-block-heading has-text-align-center has-neeon-button-dark-gray-color has-text-color has-link-color wp-elements-d93f4987a439f0426fbd507cfca8c491\"><span class=\"ez-toc-section\" id=\"1_oslo\"><\/span><strong><strong><strong><strong>1. Oslo<\/strong><\/strong><\/strong><\/strong><span class=\"ez-toc-section-end\"><\/span><\/h3>\n\n\n\n<figure class=\"wp-block-image size-large\"><img width=\"800\" height=\"500\" data-public-id=\"oslo\/oslo.jpg\" fetchpriority=\"high\" decoding=\"async\" src=\"https:\/\/res.cloudinary.com\/turna\/images\/w_800,h_500,c_scale\/f_auto,q_auto:low\/v1610814768\/oslo\/oslo.jpg?_i=AA\" alt=\"Oslo\" class=\"wp-post-18278 wp-image-18331\" data-format=\"jpg\" data-transformations=\"f_auto,q_auto:low\" data-version=\"1610814768\" data-seo=\"1\" srcset=\"https:\/\/res.cloudinary.com\/turna\/images\/f_auto,q_auto:low\/v1610814768\/oslo\/oslo.jpg?_i=AA 800w, https:\/\/res.cloudinary.com\/turna\/images\/w_300,h_188,c_scale\/f_auto,q_auto:low\/v1610814768\/oslo\/oslo.jpg?_i=AA 300w, https:\/\/res.cloudinary.com\/turna\/images\/w_672,h_420,c_scale\/f_auto,q_auto:low\/v1610814768\/oslo\/oslo.jpg?_i=AA 672w, https:\/\/res.cloudinary.com\/turna\/images\/w_640,h_400,c_scale\/f_auto,q_auto:low\/v1610814768\/oslo\/oslo.jpg?_i=AA 640w, https:\/\/res.cloudinary.com\/turna\/images\/w_681,h_426,c_scale\/f_auto,q_auto:low\/v1610814768\/oslo\/oslo.jpg?_i=AA 681w\" sizes=\"(max-width: 800px) 100vw, 800px\" \/><\/figure>\n\n\n\n<p><strong><a href=\"https:\/\/goo.gl\/maps\/LXcH8rF3MXCGXK4V8\" target=\"_blank\" rel=\"noreferrer noopener\">Oslo<\/a><\/strong>, Norve\u00e7\u2019in ba\u015fkenti ve en kalabal\u0131k yerle\u015fim yeri. Kent s\u0131n\u0131rlar\u0131 i\u00e7erisinde 40 ada ve 343 g\u00f6l\u00fc bar\u0131nd\u0131ran Oslo, tarihi dokular\u0131, Arnavut kald\u0131r\u0131ml\u0131 sokaklar\u0131, b\u00f6lgeye has mimarisi ve dini yap\u0131lar\u0131yla medeniyetin izlerini s\u00fcrebilece\u011finiz bir yer. Fiyortlar, ormanlar ve da\u011flar\u0131yla da do\u011fal aktivitelerin tad\u0131n\u0131 \u00e7\u0131karabilirsiniz.<\/p>\n\n\n\n<p>Bir Orta \u00c7a\u011f kalesi olarak liman b\u00f6lgesinde bulunan Akerhus Kalesi <strong>Norve\u00e7&#8217;in tarihi yerleri <\/strong>listesinin ba\u015f kahramanlar\u0131ndan. Kalenin i\u00e7erisinde yer alan Akershus Kalesi Kilisesi, Norve\u00e7 Silahl\u0131 Kuvvetler M\u00fczesi, Direni\u015f M\u00fczesi ve Kraliyet Ailesi Mezarl\u0131\u011f\u0131 mutlaka g\u00f6r\u00fclmeli. Oslo K\u00f6rfezi, Bygdoy Yar\u0131madas\u0131\u2019nda yer alan deniz m\u00fczeleri, Nobel Bar\u0131\u015f Merkezi, Vigeland Heykel Park\u0131, manzaras\u0131 ve \u00e7a\u011fda\u015f mimarisiyle Oslo Opera House \u00f6ne \u00e7\u0131kan yerler.<\/p>\n\n\n\n<p>Kraliyet Saray\u0131, Oslo Katedrali ve Karl Johans Kap\u0131s\u0131 Caddesi Oslo&#8217;da ke\u015ffetmekten keyif alaca\u011f\u0131n\u0131z yerlerden baz\u0131lar\u0131. National Gallery, Oslo\u2019nun en \u00f6nemli turistik merkezi. National Gallery\u2019de g\u00f6rd\u00fc\u011f\u00fcn\u00fcz Edvard Munch eserlerinin daha fazlas\u0131n\u0131 Edvard Munch\u2019un ki\u015fisel m\u00fczesinde g\u00f6rebilirsiniz. Munch\u2019un hayat\u0131ndan kesitler ve eserlerinin sunuldu\u011fu m\u00fcze \u00f6zenli bir \u00e7al\u0131\u015fma ile kurulmu\u015f. <\/p>\n\n\n\n<p>Norve\u00e7, denince g\u00f6z\u00fcn\u00fcz\u00fcn \u00f6n\u00fcne \u00e7at\u0131lar\u0131 karla kaplanm\u0131\u015f renkli, k\u0131sa k\u0131sa evler geliyorsa, bu manzaray\u0131 en iyi g\u00f6rebilece\u011finiz yer Damstredet. Kartpostallardan f\u0131rlam\u0131\u015f gibi bir g\u00f6r\u00fcnt\u00fcye sahip olan Damstredet&#8217;teki sokak boyunca yer alan ah\u015fap evlerin \u00e7o\u011fu 18. y\u00fczy\u0131l sonlar\u0131nda yap\u0131lm\u0131\u015f.<\/p>\n\n\n\n<p>D\u00f6nem d\u00f6nem yenilenseler bile o eski doku korundu\u011fu i\u00e7in ger\u00e7ekten inan\u0131lmaz sevimli bir g\u00f6r\u00fcnt\u00fcye sahip. Kent merkezinden 15 dakika uzakl\u0131kta bulunan Ekebergparken Sanat Do\u011fa ve Tarih M\u00fczesi gezginler i\u00e7in benzersiz bir deneyim vaat ediyor. Detayl\u0131 bilgi i\u00e7in <strong><a href=\"https:\/\/www.turna.com\/blog\/oslo-gezilecek-yerler\" target=\"_blank\" rel=\"noreferrer noopener\">Oslo gezilecek yerler <\/a><\/strong>yaz\u0131m\u0131 okuyabilirsiniz.<\/p>\n\n\n\n<h3 class=\"wp-block-heading has-text-align-center has-neeon-button-dark-gray-color has-text-color has-link-color wp-elements-b49507dd4bd710096cd6e7082b5b01df\"><span class=\"ez-toc-section\" id=\"2_bergen\"><\/span><strong><strong><strong><strong>2. Bergen<\/strong><\/strong><\/strong><\/strong><span class=\"ez-toc-section-end\"><\/span><\/h3>\n\n\n\n<figure class=\"wp-block-image size-large\"><img width=\"800\" height=\"500\" data-public-id=\"norvec-gezilecek-yerler\/norvec-gezilecek-yerler.jpg\" decoding=\"async\" src=\"https:\/\/res.cloudinary.com\/turna\/images\/w_800,h_500,c_scale\/f_auto,q_auto:low\/v1610814989\/norvec-gezilecek-yerler\/norvec-gezilecek-yerler.jpg?_i=AA\" alt=\"Norve\u00e7 gezilecek yerler Bergen\" class=\"wp-post-18278 wp-image-18334\" data-format=\"jpg\" data-transformations=\"f_auto,q_auto:low\" data-version=\"1610814989\" data-seo=\"1\" srcset=\"https:\/\/res.cloudinary.com\/turna\/images\/f_auto,q_auto:low\/v1610814989\/norvec-gezilecek-yerler\/norvec-gezilecek-yerler.jpg?_i=AA 800w, https:\/\/res.cloudinary.com\/turna\/images\/w_300,h_188,c_scale\/f_auto,q_auto:low\/v1610814989\/norvec-gezilecek-yerler\/norvec-gezilecek-yerler.jpg?_i=AA 300w, https:\/\/res.cloudinary.com\/turna\/images\/w_672,h_420,c_scale\/f_auto,q_auto:low\/v1610814989\/norvec-gezilecek-yerler\/norvec-gezilecek-yerler.jpg?_i=AA 672w, https:\/\/res.cloudinary.com\/turna\/images\/w_640,h_400,c_scale\/f_auto,q_auto:low\/v1610814989\/norvec-gezilecek-yerler\/norvec-gezilecek-yerler.jpg?_i=AA 640w, https:\/\/res.cloudinary.com\/turna\/images\/w_681,h_426,c_scale\/f_auto,q_auto:low\/v1610814989\/norvec-gezilecek-yerler\/norvec-gezilecek-yerler.jpg?_i=AA 681w\" sizes=\"(max-width: 800px) 100vw, 800px\" \/><\/figure>\n\n\n\n<p><strong>Norve\u00e7 gezilecek \u015fehirler<\/strong> deyince akla gelen ilk yerlerden biri <strong>Bergen<\/strong>. Norve\u00e7\u2019in ikinci b\u00fcy\u00fck kenti olmakla birlikte bat\u0131 fiyortlar\u0131n\u0131 ziyaret etmek isteyenlerin ge\u00e7i\u015f noktas\u0131nda bulunuyor. Orta \u00c7a\u011f\u2019dan g\u00fcn\u00fcm\u00fcze dek varl\u0131\u011f\u0131n\u0131 s\u00fcrd\u00fcren bir liman \u015fehri olan Bergen, fiyort turlar\u0131n\u0131n da ba\u015flang\u0131\u00e7 noktas\u0131.<\/p>\n\n\n\n<p>Bergen&#8217;in tarihi \u015fehir merkezi olan Bryggen, UNESCO taraf\u0131ndan D\u00fcnya K\u00fclt\u00fcr Miras\u0131 Listesi\u2019nde. Orta \u00c7a\u011f\u2019da b\u00f6lgedeki g\u00fcndelik hayat\u0131n nas\u0131l oldu\u011funu g\u00f6zlemleyebilece\u011finiz Bryggen M\u00fczesi, Avrupa\u2019n\u0131n en kapsaml\u0131 deniz faunas\u0131 bulundu\u011fu Bergen Akvaryumu ve Viking gemilerinin sergilendi\u011fi Bergen \u00dcniversitesi Kamp\u00fcs\u00fc i\u00e7erisinde bulunan d\u00fcnyaca \u00fcnl\u00fc Bergen Denizcilik M\u00fczesi g\u00f6r\u00fclmeli. <\/p>\n\n\n\n<p>Ayr\u0131ca Hansa M\u00fczesi, Haakon Hall, Rosenkrantz Tower, Alvoen Evleri, Stave Fantoft Kilisesi, Floibanen Da\u011f\u0131 ve Bal\u0131k Pazar\u0131, Fisketorget, Torgalmeningen Meydan\u0131 ve Edvard Grieg M\u00fczesi kentin g\u00f6r\u00fclmesi gereken di\u011fer yerleri. <strong><a href=\"https:\/\/www.turna.com\/blog\/bergen-gezilecek-yerler\" target=\"_blank\" rel=\"noreferrer noopener\">Bergen&#8217;de gezilecek yerler<\/a><\/strong> yaz\u0131ma mutlaka g\u00f6z gezdirin.<\/p>\n\n\n\n<h3 class=\"wp-block-heading has-text-align-center has-neeon-button-dark-gray-color has-text-color has-link-color wp-elements-a687834ee0eeaef60933741688ca56fc\"><span class=\"ez-toc-section\" id=\"3_lofoten_adalari\"><\/span><strong><strong><strong><strong>3. Lofoten Adalar\u0131<\/strong><\/strong><\/strong><\/strong><span class=\"ez-toc-section-end\"><\/span><\/h3>\n\n\n\n<figure class=\"wp-block-image size-large\"><img width=\"800\" height=\"500\" data-public-id=\"Lofoten\/Lofoten.jpg\" decoding=\"async\" src=\"https:\/\/res.cloudinary.com\/turna\/images\/w_800,h_500,c_scale\/f_auto,q_auto:low\/v1610824596\/Lofoten\/Lofoten.jpg?_i=AA\" alt=\"Lofoten Adalar\u0131\" class=\"wp-post-18278 wp-image-18335\" data-format=\"jpg\" data-transformations=\"f_auto,q_auto:low\" data-version=\"1610824596\" data-seo=\"1\" srcset=\"https:\/\/res.cloudinary.com\/turna\/images\/f_auto,q_auto:low\/v1610824596\/Lofoten\/Lofoten.jpg?_i=AA 800w, https:\/\/res.cloudinary.com\/turna\/images\/w_300,h_188,c_scale\/f_auto,q_auto:low\/v1610824596\/Lofoten\/Lofoten.jpg?_i=AA 300w, https:\/\/res.cloudinary.com\/turna\/images\/w_672,h_420,c_scale\/f_auto,q_auto:low\/v1610824596\/Lofoten\/Lofoten.jpg?_i=AA 672w, https:\/\/res.cloudinary.com\/turna\/images\/w_640,h_400,c_scale\/f_auto,q_auto:low\/v1610824596\/Lofoten\/Lofoten.jpg?_i=AA 640w, https:\/\/res.cloudinary.com\/turna\/images\/w_681,h_426,c_scale\/f_auto,q_auto:low\/v1610824596\/Lofoten\/Lofoten.jpg?_i=AA 681w\" sizes=\"(max-width: 800px) 100vw, 800px\" \/><\/figure>\n\n\n\n<p>Norve\u00e7 gezilecek yerler listemizin en etkileyici yerlerinden birinde s\u0131ra. <strong>Lofoten Adalar\u0131<\/strong>, kutup dairesinin kuzeyinde, Norve\u00e7\u2019in Nordland b\u00f6lgesinde yer al\u0131yor. Ak\u0131llara durgunluk veren do\u011fal g\u00fczellikleriyle en de\u011ferli turistik b\u00f6lgelerden biri olan Lofoten Adalar\u0131, karadan Atlas Okyanusu\u2019na sokulan b\u00f6lgede 1,425 kilometrekarelik bir alan\u0131 kaps\u0131yor.<\/p>\n\n\n\n<p>Gulf Stream ak\u0131nt\u0131s\u0131 nedeni ile olduk\u00e7a yumu\u015fak bir havas\u0131 bulunan adalarda, kartpostallarda g\u00f6rd\u00fc\u011f\u00fcn\u00fcz g\u00fczellikte bal\u0131k\u00e7\u0131 kasabalar\u0131 bulunuyor. Birbirine suyun alt\u0131ndan ve \u00fcst\u00fcnden k\u00f6pr\u00fclerle ba\u011flanan adalardan olu\u015fan bir cennet olan Lofoten\u2019de Ocak ve \u015eubat en so\u011fuk aylar, ortalama s\u0131cakl\u0131k -1 derece. Temmuz ve A\u011fustos en \u0131l\u0131k aylar ortalama s\u0131cakl\u0131k 12 derece. En kuru, ya\u011fmurun az oldu\u011fu aylar ise May\u0131s ve Haziran.<\/p>\n\n\n\n<h3 class=\"wp-block-heading has-text-align-center has-neeon-button-dark-gray-color has-text-color has-link-color wp-elements-ac3ba984d933b402ca8f2a51582937d6\"><span class=\"ez-toc-section\" id=\"4_tromso_ve_kuzey_isiklari\"><\/span><strong><strong><strong><strong>4. Tromso ve Kuzey I\u015f\u0131klar\u0131<\/strong><\/strong><\/strong><\/strong><span class=\"ez-toc-section-end\"><\/span><\/h3>\n\n\n\n<figure class=\"wp-block-image size-large\"><img width=\"800\" height=\"500\" loading=\"lazy\" decoding=\"async\" src=\"data:image\/svg+xml;base64,PHN2ZyB4bWxucz0iaHR0cDovL3d3dy53My5vcmcvMjAwMC9zdmciIHdpZHRoPSI4MDAiIGhlaWdodD0iNTAwIj48cmVjdCB3aWR0aD0iMTAwJSIgaGVpZ2h0PSIxMDAlIj48YW5pbWF0ZSBhdHRyaWJ1dGVOYW1lPSJmaWxsIiB2YWx1ZXM9InJnYmEoMTUzLDE1MywxNTMsMC41KTtyZ2JhKDE1MywxNTMsMTUzLDAuMSk7cmdiYSgxNTMsMTUzLDE1MywwLjUpIiBkdXI9IjJzIiByZXBlYXRDb3VudD0iaW5kZWZpbml0ZSIgLz48L3JlY3Q+PC9zdmc+\" alt=\"Tromso ve Kuzey I\u015f\u0131klar\u0131\" class=\"wp-post-18278 wp-image-18336\" data-public-id=\"Tromso\/Tromso.jpg\" data-format=\"jpg\" data-transformations=\"f_auto,q_auto:low\" data-version=\"1610824685\" data-seo=\"1\" data-size=\"800 500\" data-srcset=\"https:\/\/res.cloudinary.com\/turna\/images\/f_auto,q_auto:low\/v1610824685\/Tromso\/Tromso.jpg?_i=AA 800w, https:\/\/res.cloudinary.com\/turna\/images\/w_300,h_188,c_scale\/f_auto,q_auto:low\/v1610824685\/Tromso\/Tromso.jpg?_i=AA 300w, https:\/\/res.cloudinary.com\/turna\/images\/w_672,h_420,c_scale\/f_auto,q_auto:low\/v1610824685\/Tromso\/Tromso.jpg?_i=AA 672w, https:\/\/res.cloudinary.com\/turna\/images\/w_640,h_400,c_scale\/f_auto,q_auto:low\/v1610824685\/Tromso\/Tromso.jpg?_i=AA 640w, https:\/\/res.cloudinary.com\/turna\/images\/w_681,h_426,c_scale\/f_auto,q_auto:low\/v1610824685\/Tromso\/Tromso.jpg?_i=AA 681w\" data-sizes=\"(max-width: 800px) 100vw, 800px\" data-delivery=\"upload\" onload=\";window.CLDBind?CLDBind(this):null;\" data-cloudinary=\"lazy\" \/><\/figure>\n\n\n\n<p><strong>Tromso<\/strong>, Arktik Kutup Dairesi&#8217;nin 350 km kuzeyinde yer alan Norve\u00e7 \u015fehri. Eyl\u00fcl&#8217;den Mart&#8217;a kadar olan d\u00f6nemde p\u0131r\u0131l p\u0131r\u0131l g\u00f6ky\u00fcz\u00fcndeki \u0131\u015f\u0131k danslar\u0131yla d\u00fcnyada Kuzey I\u015f\u0131klar\u0131&#8217;n\u0131n g\u00f6r\u00fclme ihtimalinin en y\u00fcksek oldu\u011fu b\u00f6lgede yer alan kentte k\u0131\u015f d\u00f6neminde hava s\u0131cakl\u0131\u011f\u0131 eksi 24 dereceye kadar d\u00fc\u015febiliyor.<\/p>\n\n\n\n<p>Tromso&#8217;da g\u00f6r\u00fclecek yerler aras\u0131nda \u015fehrin en fotografik yap\u0131lar\u0131ndan biri olan Arktik Kilise (The Arctic Cathedral), Tromso M\u00fczesi, Polar M\u00fcze, 421 metre y\u00fckseklikteki Storsteinen Da\u011f\u0131\u2019n\u0131n tepesine \u00e7\u0131kan Teleferik, Tromso Lutheran Katedrali ve Tromso\u2019nun en eski ve en i\u015flek caddesi olan Storgata bulunuyor.<\/p>\n\n\n\n<p>Tromso ayn\u0131 zamanda d\u00fcnyada kuzey \u0131\u015f\u0131klar\u0131n\u0131n en iyi izlendi\u011fi nokta. Tromso, Oslo&#8217;nun 1,738 km kuzeyinde konumlan\u0131yor ve iki \u015fehir aras\u0131nda d\u00fczenli u\u00e7u\u015f yap\u0131l\u0131yor.<\/p>\n\n\n\n<h3 class=\"wp-block-heading has-text-align-center has-neeon-button-dark-gray-color has-text-color has-link-color wp-elements-8e6dd5e70e2809298c4b1a39745776ca\"><span class=\"ez-toc-section\" id=\"5_preikestolen_ve_trolltunga\"><\/span><strong><strong><strong><strong>5. Preikestolen ve Trolltunga<\/strong><\/strong><\/strong><\/strong><span class=\"ez-toc-section-end\"><\/span><\/h3>\n\n\n\n<figure class=\"wp-block-image size-large\"><img width=\"1024\" height=\"640\" loading=\"lazy\" decoding=\"async\" src=\"data:image\/svg+xml;base64,PHN2ZyB4bWxucz0iaHR0cDovL3d3dy53My5vcmcvMjAwMC9zdmciIHdpZHRoPSIxMDI0IiBoZWlnaHQ9IjY0MCI+PHJlY3Qgd2lkdGg9IjEwMCUiIGhlaWdodD0iMTAwJSI+PGFuaW1hdGUgYXR0cmlidXRlTmFtZT0iZmlsbCIgdmFsdWVzPSJyZ2JhKDE1MywxNTMsMTUzLDAuNSk7cmdiYSgxNTMsMTUzLDE1MywwLjEpO3JnYmEoMTUzLDE1MywxNTMsMC41KSIgZHVyPSIycyIgcmVwZWF0Q291bnQ9ImluZGVmaW5pdGUiIC8+PC9yZWN0Pjwvc3ZnPg==\" alt=\"Preikestolen ve Trolltunga\" class=\"wp-post-18278 wp-image-18337\" data-public-id=\"Preikestolen\/Preikestolen.jpg\" data-format=\"jpg\" data-transformations=\"f_auto,q_auto:low\" data-version=\"1610824757\" data-seo=\"1\" data-size=\"1024 640\" data-srcset=\"https:\/\/res.cloudinary.com\/turna\/images\/f_auto,q_auto:low\/v1610824757\/Preikestolen\/Preikestolen.jpg?_i=AA 1024w, https:\/\/res.cloudinary.com\/turna\/images\/w_800,h_500,c_scale\/f_auto,q_auto:low\/v1610824757\/Preikestolen\/Preikestolen.jpg?_i=AA 800w, https:\/\/res.cloudinary.com\/turna\/images\/w_300,h_188,c_scale\/f_auto,q_auto:low\/v1610824757\/Preikestolen\/Preikestolen.jpg?_i=AA 300w, https:\/\/res.cloudinary.com\/turna\/images\/w_672,h_420,c_scale\/f_auto,q_auto:low\/v1610824757\/Preikestolen\/Preikestolen.jpg?_i=AA 672w, https:\/\/res.cloudinary.com\/turna\/images\/w_640,h_400,c_scale\/f_auto,q_auto:low\/v1610824757\/Preikestolen\/Preikestolen.jpg?_i=AA 640w, https:\/\/res.cloudinary.com\/turna\/images\/w_681,h_426,c_scale\/f_auto,q_auto:low\/v1610824757\/Preikestolen\/Preikestolen.jpg?_i=AA 681w\" data-sizes=\"(max-width: 1024px) 100vw, 1024px\" data-delivery=\"upload\" onload=\";window.CLDBind?CLDBind(this):null;\" data-cloudinary=\"lazy\" \/><\/figure>\n\n\n\n<p><strong>Preikestolen<\/strong> (Pulpit Rock) d\u00fcnyan\u0131n d\u00f6rt bir yan\u0131ndan gelen insanlar\u0131n ayn\u0131 manzaraya bakmak i\u00e7in yakla\u015f\u0131k bir ile \u00fc\u00e7 saatte t\u0131rmand\u0131\u011f\u0131 b\u00fcy\u00fcleyici bir kayal\u0131k. Yerden 604 metre y\u00fckseklikte yer alan Preikestolen, yekpare bir kayadan olu\u015fan, y\u0131lda yakla\u015f\u0131k 150 bin insan\u0131n ziyaret etti\u011fi bir b\u00f6lge.<\/p>\n\n\n\n<p><strong>Stavanger<\/strong>, Norve\u00e7\u2019in d\u00f6rd\u00fcnc\u00fc b\u00fcy\u00fck kenti. Stavanger&#8217;in en \u00f6nemli \u00f6zelli\u011fi Kuzey Denizi\u2019ndeki petrol\u00fcn ilk olarak burada ke\u015ffedilmesi. Petrol bulunmadan \u00f6nce Norve\u00e7\u2019in Ringa Bal\u0131\u011f\u0131 Ba\u015fkenti unvan\u0131na sahip olan kentte d\u00fcnyaca \u00fcnl\u00fc bir Petrol M\u00fczesi de bulunuyor. \u015eehrin liman\u0131 ayr\u0131ca cruise gemilerinin demirledi\u011fi noktalardan biri.<\/p>\n\n\n\n<p><strong>Trolltunga<\/strong> ise Norve\u00e7\u2019in Prekistolen&#8217;den sonra simge kayal\u0131k b\u00f6lgelerinden biri. Bir da\u011f\u0131n yamac\u0131nda, bo\u015flu\u011fun \u00fczerine uzanan bir kaya par\u00e7as\u0131na verilen isim olan Trolltunga\u2019da \u00fczerinde durdu\u011funuz kayan\u0131n a\u015fa\u011f\u0131s\u0131 90 derece dik bir duvar ve yakla\u015f\u0131k olarak 800 metrelik m\u00fctemadiyen devam eden bir bo\u015fluktan olu\u015fuyor. Her iki b\u00f6lge de do\u011fa sporcular\u0131n\u0131n, foto\u011fraf sanat\u00e7\u0131lar\u0131n\u0131n, gezginlerin ve macera severlerin Norve\u00e7\u2019teki bulu\u015fma noktalar\u0131ndan. Norve\u00e7 gezilecek yerler listenize mutlaka dahil etmelisiniz.<\/p>\n\n\n\n<h3 class=\"wp-block-heading has-text-align-center has-neeon-button-dark-gray-color has-text-color has-link-color wp-elements-7e9cdfd187527ad630434f256541907c\"><span class=\"ez-toc-section\" id=\"6_alesund\"><\/span><strong><strong><strong><strong>6. Alesund<\/strong><\/strong><\/strong><\/strong><span class=\"ez-toc-section-end\"><\/span><\/h3>\n\n\n\n<figure class=\"wp-block-image size-large\"><img width=\"1024\" height=\"640\" loading=\"lazy\" decoding=\"async\" src=\"data:image\/svg+xml;base64,PHN2ZyB4bWxucz0iaHR0cDovL3d3dy53My5vcmcvMjAwMC9zdmciIHdpZHRoPSIxMDI0IiBoZWlnaHQ9IjY0MCI+PHJlY3Qgd2lkdGg9IjEwMCUiIGhlaWdodD0iMTAwJSI+PGFuaW1hdGUgYXR0cmlidXRlTmFtZT0iZmlsbCIgdmFsdWVzPSJyZ2JhKDE1MywxNTMsMTUzLDAuNSk7cmdiYSgxNTMsMTUzLDE1MywwLjEpO3JnYmEoMTUzLDE1MywxNTMsMC41KSIgZHVyPSIycyIgcmVwZWF0Q291bnQ9ImluZGVmaW5pdGUiIC8+PC9yZWN0Pjwvc3ZnPg==\" alt=\"Alesund Norve\u00e7 gezilecek yerler\" class=\"wp-post-18278 wp-image-18338\" data-public-id=\"Alesund\/Alesund.jpg\" data-format=\"jpg\" data-transformations=\"f_auto,q_auto:low\" data-version=\"1610824882\" data-seo=\"1\" data-size=\"1024 640\" data-srcset=\"https:\/\/res.cloudinary.com\/turna\/images\/f_auto,q_auto:low\/v1610824882\/Alesund\/Alesund.jpg?_i=AA 1024w, https:\/\/res.cloudinary.com\/turna\/images\/w_800,h_500,c_scale\/f_auto,q_auto:low\/v1610824882\/Alesund\/Alesund.jpg?_i=AA 800w, https:\/\/res.cloudinary.com\/turna\/images\/w_300,h_188,c_scale\/f_auto,q_auto:low\/v1610824882\/Alesund\/Alesund.jpg?_i=AA 300w, https:\/\/res.cloudinary.com\/turna\/images\/w_672,h_420,c_scale\/f_auto,q_auto:low\/v1610824882\/Alesund\/Alesund.jpg?_i=AA 672w, https:\/\/res.cloudinary.com\/turna\/images\/w_640,h_400,c_scale\/f_auto,q_auto:low\/v1610824882\/Alesund\/Alesund.jpg?_i=AA 640w, https:\/\/res.cloudinary.com\/turna\/images\/w_681,h_426,c_scale\/f_auto,q_auto:low\/v1610824882\/Alesund\/Alesund.jpg?_i=AA 681w\" data-sizes=\"(max-width: 1024px) 100vw, 1024px\" data-delivery=\"upload\" onload=\";window.CLDBind?CLDBind(this):null;\" data-cloudinary=\"lazy\" \/><\/figure>\n\n\n\n<p><strong>Alesund<\/strong>, Norve\u00e7&#8217;in Sunnmore b\u00f6lgesine ba\u011fl\u0131 bir liman kenti. 1904 y\u0131l\u0131nda \u015fehirde ya\u015fanan b\u00fcy\u00fck depremle bir\u00e7ok yer yok olsa da asl\u0131na uygun olarak yeniden in\u015fa edilen kent merkezinde Art Nouveau mimarisinin kuzey yorumunu g\u00f6rmek m\u00fcmk\u00fcn. Jugendstil mimarisi ile \u00fcnl\u00fc olan b\u00f6lge, Norve\u00e7\u2019in bat\u0131 k\u0131y\u0131lar\u0131nda, kuzeybat\u0131 fiyortlar\u0131na ve Alp da\u011flar\u0131na a\u00e7\u0131lan kap\u0131.<\/p>\n\n\n\n<p>Alesund\u2019da kent merkezinin d\u0131\u015f\u0131na do\u011fru \u00e7\u0131kt\u0131\u011f\u0131n\u0131zda muhte\u015fem bir da\u011f ve fiyort manzaras\u0131 sizi bekliyor. Alesund&#8217;da y\u00fcr\u00fcyerek Fjellstua Da\u011f\u0131\u2019na \u00e7\u0131kabilir, en tepede hem Alesund\u2019u hem de yak\u0131n\u0131ndaki adalar\u0131 kusursuz bir \u015fekilde g\u00f6rebilirsiniz. Alnes&#8217;teki deniz fenerini g\u00f6rebilir ve Sunmore M\u00fczesi\u2019ni ziyaret edebilirsiniz.<\/p>\n\n\n\n<h3 class=\"wp-block-heading has-text-align-center has-neeon-button-dark-gray-color has-text-color has-link-color wp-elements-151251996de8d5471a7b0ac7eab5bbb0\"><span class=\"ez-toc-section\" id=\"7_reine\"><\/span><strong><strong><strong><strong>7. Reine<\/strong><\/strong><\/strong><\/strong><span class=\"ez-toc-section-end\"><\/span><\/h3>\n\n\n\n<figure class=\"wp-block-image size-large\"><img width=\"1024\" height=\"640\" loading=\"lazy\" decoding=\"async\" src=\"data:image\/svg+xml;base64,PHN2ZyB4bWxucz0iaHR0cDovL3d3dy53My5vcmcvMjAwMC9zdmciIHdpZHRoPSIxMDI0IiBoZWlnaHQ9IjY0MCI+PHJlY3Qgd2lkdGg9IjEwMCUiIGhlaWdodD0iMTAwJSI+PGFuaW1hdGUgYXR0cmlidXRlTmFtZT0iZmlsbCIgdmFsdWVzPSJyZ2JhKDE1MywxNTMsMTUzLDAuNSk7cmdiYSgxNTMsMTUzLDE1MywwLjEpO3JnYmEoMTUzLDE1MywxNTMsMC41KSIgZHVyPSIycyIgcmVwZWF0Q291bnQ9ImluZGVmaW5pdGUiIC8+PC9yZWN0Pjwvc3ZnPg==\" alt=\"Reine\" class=\"wp-post-18278 wp-image-18339\" data-public-id=\"Reine_1833986631\/Reine_1833986631.jpg\" data-format=\"jpg\" data-transformations=\"f_auto,q_auto:low\" data-version=\"1610824972\" data-seo=\"1\" data-size=\"1024 640\" data-srcset=\"https:\/\/res.cloudinary.com\/turna\/images\/f_auto,q_auto:low\/v1610824972\/Reine_1833986631\/Reine_1833986631.jpg?_i=AA 1024w, https:\/\/res.cloudinary.com\/turna\/images\/w_800,h_500,c_scale\/f_auto,q_auto:low\/v1610824972\/Reine_1833986631\/Reine_1833986631.jpg?_i=AA 800w, https:\/\/res.cloudinary.com\/turna\/images\/w_300,h_188,c_scale\/f_auto,q_auto:low\/v1610824972\/Reine_1833986631\/Reine_1833986631.jpg?_i=AA 300w, https:\/\/res.cloudinary.com\/turna\/images\/w_672,h_420,c_scale\/f_auto,q_auto:low\/v1610824972\/Reine_1833986631\/Reine_1833986631.jpg?_i=AA 672w, https:\/\/res.cloudinary.com\/turna\/images\/w_640,h_400,c_scale\/f_auto,q_auto:low\/v1610824972\/Reine_1833986631\/Reine_1833986631.jpg?_i=AA 640w, https:\/\/res.cloudinary.com\/turna\/images\/w_681,h_426,c_scale\/f_auto,q_auto:low\/v1610824972\/Reine_1833986631\/Reine_1833986631.jpg?_i=AA 681w\" data-sizes=\"(max-width: 1024px) 100vw, 1024px\" data-delivery=\"upload\" onload=\";window.CLDBind?CLDBind(this):null;\" data-cloudinary=\"lazy\" \/><\/figure>\n\n\n\n<p><strong>Reine<\/strong>, Oslo&#8217;nun yakla\u015f\u0131k 1,300 km kuzeyinde yer alan \u00fclkenin en \u00fcnl\u00fc bal\u0131k\u00e7\u0131 kasabas\u0131. Sosyal medya mecralar\u0131nda yap\u0131lan foto\u011fraf payla\u015f\u0131mlar\u0131yla Norve\u00e7&#8217;e seyahat etmeyi planlayan bir\u00e7ok ki\u015finin gidilmesi gereken yerler listesine ekledi\u011fi kasaba, Norve\u00e7&#8217;in en b\u00fcy\u00fck dergisi Allers taraf\u0131ndan 1970&#8217;li y\u0131llar\u0131n sonunda \u00fclkenin en g\u00fczel k\u00f6y\u00fc olarak se\u00e7ilmi\u015f.<\/p>\n\n\n\n<p>Sosyal medyada s\u0131kl\u0131kla kar\u015f\u0131la\u015f\u0131lan k\u00f6y\u00fcn en etkileyici foto\u011fraf karesi 448 metrelik y\u00fcksekli\u011fe sahip Reinebringen Da\u011f\u0131&#8217;ndan \u00e7ekiliyor. K\u00f6y, eyl\u00fcl ay\u0131ndan nisan ay\u0131na kadar Kuzey I\u015f\u0131klar\u0131&#8217;n\u0131 b\u00f6lgede en iyi ke\u015ffedebilece\u011finiz noktalardan biri.<\/p>\n\n\n\n<h3 class=\"wp-block-heading has-text-align-center has-neeon-button-dark-gray-color has-text-color has-link-color wp-elements-8ab6d256c837210f2b1550457a64aec8\"><span class=\"ez-toc-section\" id=\"8_flam\"><\/span><strong><strong><strong><strong>8. Flam<\/strong><\/strong><\/strong><\/strong><span class=\"ez-toc-section-end\"><\/span><\/h3>\n\n\n\n<figure class=\"wp-block-image size-large\"><img width=\"800\" height=\"500\" loading=\"lazy\" decoding=\"async\" src=\"data:image\/svg+xml;base64,PHN2ZyB4bWxucz0iaHR0cDovL3d3dy53My5vcmcvMjAwMC9zdmciIHdpZHRoPSI4MDAiIGhlaWdodD0iNTAwIj48cmVjdCB3aWR0aD0iMTAwJSIgaGVpZ2h0PSIxMDAlIj48YW5pbWF0ZSBhdHRyaWJ1dGVOYW1lPSJmaWxsIiB2YWx1ZXM9InJnYmEoMTUzLDE1MywxNTMsMC41KTtyZ2JhKDE1MywxNTMsMTUzLDAuMSk7cmdiYSgxNTMsMTUzLDE1MywwLjUpIiBkdXI9IjJzIiByZXBlYXRDb3VudD0iaW5kZWZpbml0ZSIgLz48L3JlY3Q+PC9zdmc+\" alt=\"Flam Norve\u00e7 gezilecek yerler\" class=\"wp-post-18278 wp-image-18341\" data-public-id=\"Flam\/Flam.jpg\" data-format=\"jpg\" data-transformations=\"f_auto,q_auto:low\" data-version=\"1610825103\" data-seo=\"1\" data-size=\"800 500\" data-srcset=\"https:\/\/res.cloudinary.com\/turna\/images\/f_auto,q_auto:low\/v1610825103\/Flam\/Flam.jpg?_i=AA 800w, https:\/\/res.cloudinary.com\/turna\/images\/w_300,h_188,c_scale\/f_auto,q_auto:low\/v1610825103\/Flam\/Flam.jpg?_i=AA 300w, https:\/\/res.cloudinary.com\/turna\/images\/w_672,h_420,c_scale\/f_auto,q_auto:low\/v1610825103\/Flam\/Flam.jpg?_i=AA 672w, https:\/\/res.cloudinary.com\/turna\/images\/w_640,h_400,c_scale\/f_auto,q_auto:low\/v1610825103\/Flam\/Flam.jpg?_i=AA 640w, https:\/\/res.cloudinary.com\/turna\/images\/w_681,h_426,c_scale\/f_auto,q_auto:low\/v1610825103\/Flam\/Flam.jpg?_i=AA 681w\" data-sizes=\"(max-width: 800px) 100vw, 800px\" data-delivery=\"upload\" onload=\";window.CLDBind?CLDBind(this):null;\" data-cloudinary=\"lazy\" \/><\/figure>\n\n\n\n<p><strong>Flam<\/strong>, Oslo&#8217;ya 370 km uzakl\u0131kta, el de\u011fmemi\u015f \u015felaleler, nehirler, yemye\u015fil ormanlar\u0131n s\u00fcsledi\u011fi, Norve\u00e7\u2019in en derin fiyortlar\u0131ndan Sognefjord k\u0131y\u0131s\u0131nda k\u00fc\u00e7\u00fck bir bal\u0131k\u00e7\u0131 k\u00f6y\u00fc. Fiyortlar\u0131n e\u015fsiz manzaras\u0131na kar\u015f\u0131 kurulu olan k\u00f6ye Norve\u00e7\u2019in efsanevi Flam Treni ile ula\u015fman\u0131z da m\u00fcmk\u00fcn.<\/p>\n\n\n\n<p>D\u00fcnyan\u0131n en dik rampas\u0131na sahip olan Flam Treni ile yer seviyesinden 225 metre y\u00fckseklikten d\u00f6k\u00fclen Kjosfossen \u015eelalesi ve muazzam manzaralar\u0131 izleyerek Flam&#8217;a ula\u015f\u0131l\u0131yor. Harika kar manzaralar\u0131n\u0131 g\u00f6rebilece\u011finiz Haukelifjell, iki koldan co\u015fkuyla akan Latefoss \u015eelalesi, 10 kilometre kadar yaya t\u0131rmanarak ula\u015f\u0131labilen bir nokta olan Trolltunga Flam\u2019\u0131n mutlaka g\u00f6r\u00fclmesi gereken yerlerinden.<\/p>\n\n\n\n<h3 class=\"wp-block-heading has-text-align-center has-neeon-button-dark-gray-color has-text-color has-link-color wp-elements-6c071c220a7e975781068a4be5327a1f\"><span class=\"ez-toc-section\" id=\"9_svalbard\"><\/span><strong><strong><strong><strong>9. Svalbard<\/strong><\/strong><\/strong><\/strong><span class=\"ez-toc-section-end\"><\/span><\/h3>\n\n\n\n<figure class=\"wp-block-image size-large\"><img width=\"800\" height=\"500\" loading=\"lazy\" decoding=\"async\" src=\"data:image\/svg+xml;base64,PHN2ZyB4bWxucz0iaHR0cDovL3d3dy53My5vcmcvMjAwMC9zdmciIHdpZHRoPSI4MDAiIGhlaWdodD0iNTAwIj48cmVjdCB3aWR0aD0iMTAwJSIgaGVpZ2h0PSIxMDAlIj48YW5pbWF0ZSBhdHRyaWJ1dGVOYW1lPSJmaWxsIiB2YWx1ZXM9InJnYmEoMTUzLDE1MywxNTMsMC41KTtyZ2JhKDE1MywxNTMsMTUzLDAuMSk7cmdiYSgxNTMsMTUzLDE1MywwLjUpIiBkdXI9IjJzIiByZXBlYXRDb3VudD0iaW5kZWZpbml0ZSIgLz48L3JlY3Q+PC9zdmc+\" alt=\"Svalbard Norve\u00e7 gezilecek yerler\" class=\"wp-post-18278 wp-image-18342\" data-public-id=\"Svalbard\/Svalbard.jpg\" data-format=\"jpg\" data-transformations=\"f_auto,q_auto:low\" data-version=\"1610825184\" data-seo=\"1\" data-size=\"800 500\" data-srcset=\"https:\/\/res.cloudinary.com\/turna\/images\/f_auto,q_auto:low\/v1610825184\/Svalbard\/Svalbard.jpg?_i=AA 800w, https:\/\/res.cloudinary.com\/turna\/images\/w_300,h_188,c_scale\/f_auto,q_auto:low\/v1610825184\/Svalbard\/Svalbard.jpg?_i=AA 300w, https:\/\/res.cloudinary.com\/turna\/images\/w_672,h_420,c_scale\/f_auto,q_auto:low\/v1610825184\/Svalbard\/Svalbard.jpg?_i=AA 672w, https:\/\/res.cloudinary.com\/turna\/images\/w_640,h_400,c_scale\/f_auto,q_auto:low\/v1610825184\/Svalbard\/Svalbard.jpg?_i=AA 640w, https:\/\/res.cloudinary.com\/turna\/images\/w_681,h_426,c_scale\/f_auto,q_auto:low\/v1610825184\/Svalbard\/Svalbard.jpg?_i=AA 681w\" data-sizes=\"(max-width: 800px) 100vw, 800px\" data-delivery=\"upload\" onload=\";window.CLDBind?CLDBind(this):null;\" data-cloudinary=\"lazy\" \/><\/figure>\n\n\n\n<p><strong>Svalbard<\/strong>\u2019\u0131n, Avrupa\u2019n\u0131n bitti\u011fi yer olarak an\u0131lmas\u0131n\u0131n ge\u00e7erli sebepleri var. \u00d6yle ki bu tak\u0131mada, Kuzey Buz Denizi, Barents Denizi, Gr\u00f6nland ve Norve\u00e7 Denizi aras\u0131nda yer alan, d\u00fcnyan\u0131n en kuzeyindeki yerle\u015fim yeri. K\u0131\u015f aylar\u0131nda g\u00fcn\u00fcn hi\u00e7 do\u011fmad\u0131\u011f\u0131, yaz\u0131n ise hi\u00e7 kararmad\u0131\u011f\u0131 Svalbard, kuzey \u0131\u015f\u0131klar\u0131n\u0131n g\u00f6r\u00fclebilece\u011fi en iyi yerlerden biri.<\/p>\n\n\n\n<p>Burada g\u00f6rebilece\u011finiz tek muhte\u015fem g\u00fczellik kutup \u0131\u015f\u0131klar\u0131 da de\u011fil \u00fcstelik, Svalbard, buzullar, kutup ay\u0131lar\u0131, kutup tilkileri ile \u00e7ok zengin bir vah\u015fi hayata sahip. Son y\u0131llarda olduk\u00e7a turistik alan adalara y\u0131l boyunca pek \u00e7ok gemi seferi d\u00fczenleniyor.<\/p>\n\n\n\n<h3 class=\"wp-block-heading has-text-align-center has-neeon-button-dark-gray-color has-text-color has-link-color wp-elements-b2d7ea71f90998b8c8cf5832666d0323\"><span class=\"ez-toc-section\" id=\"10_trondheim\"><\/span><strong><strong><strong><strong>10. Trondheim<\/strong><\/strong><\/strong><\/strong><span class=\"ez-toc-section-end\"><\/span><\/h3>\n\n\n\n<p><strong>Trondheim<\/strong>, Norve\u00e7\u2019in \u00fc\u00e7\u00fcnc\u00fc b\u00fcy\u00fck kenti. 997\u2019de kurulan ve Viking Krall\u0131\u011f\u0131n\u0131n \u015eehri olarak an\u0131lan bir liman kenti olan Trondheim, y\u0131l boyunca Viking k\u00fclt\u00fcr\u00fc ile ilgili pek \u00e7ok etkinli\u011fin ve festivalin d\u00fczenlendi\u011fi, sembolik m\u0131zrak d\u00f6v\u00fc\u015f\u00fc turnuvalar\u0131n\u0131n ger\u00e7ekle\u015ftirildi\u011fi \u015firin bir kent.<\/p>\n\n\n\n<p>Bir d\u00f6nem Vikinglere ba\u015fkentlik de yapan Trondheim&#8217;in eski ad\u0131 Trond&#8217;un Evi anlam\u0131na gelen Trondhjemolan. Trondheim\u2019de, Sverresborg Kalesi, Nidaros Katedrali ve muazzam g\u00fczellikteki ah\u015fap renkli geleneksel evler gezilecek ve g\u00f6r\u00fclecek yerler aras\u0131nda bulunuyor.<\/p>\n\n\n\n<h2 class=\"wp-block-heading has-text-align-center has-neeon-button-dark-gray-color has-text-color has-link-color wp-elements-152cecd706854fa67ede4e3b9804cddf\"><span class=\"ez-toc-section\" id=\"norvec_hakkinda_hap_bilgiler\"><\/span><strong><strong><strong><strong>Norve\u00e7 Hakk\u0131nda Hap Bilgiler<\/strong><\/strong><\/strong><\/strong><span class=\"ez-toc-section-end\"><\/span><\/h2>\n\n\n\n<h3 class=\"wp-block-heading has-text-align-center has-neeon-button-dark-gray-color has-text-color has-link-color wp-elements-c5517840cc000d351a1d535fba794957\"><span class=\"ez-toc-section\" id=\"norvec_nerede\"><\/span><strong><strong><strong><strong>Norve\u00e7 Nerede ?<\/strong><\/strong><\/strong><\/strong><span class=\"ez-toc-section-end\"><\/span><\/h3>\n\n\n\n<p>Resmi ad\u0131 Norve\u00e7 Krall\u0131\u011f\u0131 olan Norve\u00e7, Kuzey Avrupa&#8217;da, \u0130skandinav Yar\u0131madas\u0131&#8217;n\u0131n bat\u0131s\u0131nda yer al\u0131yor. Finlandiya, \u0130sve\u00e7 ve Rusya ile kom\u015fu olan \u00fclkenin bat\u0131s\u0131nda Atlas Okyanusu&#8217;nun bir kolu olan Norve\u00e7 Denizi bulunuyor. Binlerce fiyortla k\u0131y\u0131 \u015feridi \u00e7izilen \u00fclkenin 21 bin 925 km&#8217;lik \u00e7ok uzun bir sahil \u015feridi var. Norve\u00e7&#8217;in ba\u015fkenti ve en b\u00fcy\u00fck \u015fehri ise Oslo.<\/p>\n\n\n\n<h3 class=\"wp-block-heading has-text-align-center has-neeon-button-dark-gray-color has-text-color has-link-color wp-elements-5c05a10b5eea2b8436918b3e5e382003\"><span class=\"ez-toc-section\" id=\"norvece_nasil_gidilir\"><\/span><strong><strong><strong><strong>Norve\u00e7&#8217;e Nas\u0131l Gidilir ?<\/strong><\/strong><\/strong><\/strong><span class=\"ez-toc-section-end\"><\/span><\/h3>\n\n\n\n<p>Norve\u00e7\u2019e T\u00fcrkiye\u2019den direkt u\u00e7ak seferlerinin yap\u0131ld\u0131\u011f\u0131 \u015fehirler ba\u015fkent Oslo ile Bergen. T\u00fcrk Hava Yollar\u0131 ile \u0130stanbul Havaliman\u0131\u2019ndan haftan\u0131n yedi g\u00fcn\u00fc, d\u00f6rt saat s\u00fcren direkt u\u00e7u\u015flarla Oslo Havaliman\u0131\u2019na u\u00e7abilirsiniz. Oslo&#8217;ya \u0130stanbul Sabiha G\u00f6k\u00e7en Havaliman\u0131&#8217;ndan Pegasus Havayollar\u0131&#8217;n\u0131n da direkt seferleri var.<\/p>\n\n\n\n<p>\u015eehir merkezinden 50 kilometre uzakl\u0131kta yer alan havaliman\u0131ndan taksiyle veya Airport Express treniyle Oslo\u2019ya ula\u015fabilirsiniz. <\/p>\n\n\n\n<p>Bergen\u2019e ise yaln\u0131zca Antalya Havaliman\u0131\u2019ndan hareket eden Norwegian Havayollar\u0131 ile aktarmas\u0131z olarak d\u00f6rt bu\u00e7uk saatte ula\u015f\u0131m m\u00fcmk\u00fcn. Avrupa aktarmal\u0131 olarak Bergen\u2019e gitmek isterseniz de Air Baltic, KLM ve Lufthansa Havayollar\u0131\u2019n\u0131 kullanabilirsiniz. Bergen Flesland Havaliman\u0131\u2019ndan Bergen kent merkezine taksi, otob\u00fcs, shuttle kullanarak ula\u015fabilirsiniz.<\/p>\n\n\n\n<p>E\u011fer siz de bu \u015fahane co\u011frafyay\u0131 daha yak\u0131ndan ke\u015ffetmek istiyorsan\u0131z, <a href=\"https:\/\/www.turna.com\/ucak-bileti\/norvec\">Norve\u00e7 u\u00e7ak bileti<\/a> f\u0131rsatlar\u0131n\u0131 de\u011ferlendirebilirsiniz.<\/p>\n\n\n\n<h3 class=\"wp-block-heading has-text-align-center has-neeon-button-dark-gray-color has-text-color has-link-color wp-elements-0ea94b5bde8a10c8d76b119b02d4e6e9\"><span class=\"ez-toc-section\" id=\"norvecte_yapilacak_aktiviteler\"><\/span><strong><strong><strong><strong>Norve\u00e7&#8217;te Yap\u0131lacak Aktiviteler<\/strong><\/strong><\/strong><\/strong><span class=\"ez-toc-section-end\"><\/span><\/h3>\n\n\n\n<p>Oslo harika deneyimler \u00fclkesi. Burada yapabilece\u011finiz olduk\u00e7a \u00e7ok \u015fey var. Norve\u00e7 fiyortlar\u0131n\u0131 g\u00f6rmek ve kuzey \u0131\u015f\u0131klar\u0131n\u0131 izlemek burada yapabilece\u011finiz en \u00f6nemli \u015feyler. M\u00fczeleri gezmek, Bergen&#8217;deki ah\u015fap evleri foto\u011fraflamak, tarihi kaleleri ziyaret etmek yapabilece\u011finiz di\u011fer \u015feyler. Seyahatinizi A\u011fustos ay\u0131na denk getirirseniz d\u00fcnya \u00e7ap\u0131nda be\u011feni toplayan Oda M\u00fczi\u011fi Festivali&#8217;ne kat\u0131labilirsiniz.<\/p>\n\n\n\n<h3 class=\"wp-block-heading has-text-align-center has-neeon-button-dark-gray-color has-text-color has-link-color wp-elements-d8a220f0d736c152899e0317cecef336\"><span class=\"ez-toc-section\" id=\"norvecte_nerede_kalinir\"><\/span><strong><strong><strong><strong>Norve\u00e7&#8217;te Nerede Kal\u0131n\u0131r?<\/strong><\/strong><\/strong><\/strong><span class=\"ez-toc-section-end\"><\/span><\/h3>\n\n\n\n<p>Norve\u00e7 seyahatinizde Oslo&#8217;da konaklayabilirsiniz. Oslo&#8217;da ise oteller farkl\u0131 b\u00f6lgelere yay\u0131lm\u0131\u015f durumda. Her b\u00f6lgenin kendine g\u00f6re avantajlar\u0131 var. \u015eehrin merkezi say\u0131lan&nbsp;Sentrum, tarihi dokuya yak\u0131n olmak isterseniz Gamle Oslo, al\u0131\u015fveri\u015f b\u00f6lgesi Gr\u00fcnerlokka, Frogner, Majorstuen, ya da manzaras\u0131 olan bir yer isterseniz St Hanshaugen&#8217;i tercih edebilirsiniz.<\/p>\n\n\n\n<h3 class=\"wp-block-heading has-text-align-center has-neeon-button-dark-gray-color has-text-color has-link-color wp-elements-4d285b31304c6ca988cbda26f224f2c6\"><span class=\"ez-toc-section\" id=\"norvecte_ne_yenir\"><\/span><strong><strong><strong><strong>Norve\u00e7&#8217;te Ne Yenir?<\/strong><\/strong><\/strong><\/strong><span class=\"ez-toc-section-end\"><\/span><\/h3>\n\n\n\n<p>Norve\u00e7 ilgin\u00e7 lezzetler tadabilece\u011finiz bir seyahat vadediyor. E\u011fer farkl\u0131 tatlar denemeyi sevmiyorsan\u0131z yeme-i\u00e7me konusunda zorlanabilirsiniz. Norve\u00e7&#8217;te mutlaka tatman\u0131z gereken lezzetler \u015f\u00f6yle; Brunost ad\u0131 verilen kahverengi peynir, balina eti, ren geyi\u011fi eti, somon ve ringa bal\u0131\u011f\u0131.<\/p>\n\n\n\n<p><strong>Norve\u00e7<\/strong>, da\u011flar\u0131, ormanlar\u0131, buzullar\u0131 ve kuzey \u0131\u015f\u0131klar\u0131yla d\u00fcnyan\u0131n en benzersiz \u00fclkesi. B\u00fcy\u00fcleyici g\u00fczelli\u011fe sahip fiyortlar\u0131n\u0131n yan\u0131 s\u0131ra b\u00fcy\u00fck \u015fehirlerinin de UNESCO D\u00fcnya Miras Alan\u0131 kapsam\u0131nda korundu\u011fu Norve\u00e7, g\u00f6r\u00fclmeyi sonuna kadar hak eden bir \u00fclke. Umar\u0131m bir g\u00fcn bu g\u00fczelliklerle bulu\u015fursunuz.<\/p>\n\n    <div class=\"xs_social_share_widget xs_share_url after_content \t\tmain_content  wslu-style-1 wslu-share-box-shaped wslu-fill-colored wslu-none wslu-share-horizontal wslu-theme-font-no wslu-main_content\">\n\n\t\t\n        <ul>\n\t\t\t        <\/ul>\n    <\/div> \n","protected":false},"excerpt":{"rendered":"<p>Norve\u00e7 zengin k\u00fclt\u00fcr miras\u0131 ve k\u00f6kl\u00fc tarihi, etkileyici tarihi yap\u0131lar\u0131, do\u011fayla i\u00e7 i\u00e7e k\u00f6yleri, m\u00fczeleri ve dantel gibi k\u0131y\u0131lar\u0131 ile \u00e7ok zengin bir co\u011frafyaya sahip. Sadece Norve\u00e7 Fiyortlar\u0131 bile bu \u00fclkeye gitmek i\u00e7in yeterli bir neden. Norve\u00e7 gezilecek yerler her gezginin mutlaka g\u00f6rmesi gereken noktalar.<\/p>\n","protected":false},"author":34,"featured_media":18335,"comment_status":"open","ping_status":"open","sticky":false,"template":"","format":"standard","meta":{"rop_custom_images_group":[],"rop_custom_messages_group":[],"rop_publish_now":"initial","rop_publish_now_accounts":[],"rop_publish_now_history":[],"rop_publish_now_status":"pending","_cloudinary_featured_overwrite":false,"footnotes":""},"categories":[904],"tags":[1006,1204,1747,2180,2181,968,1756,2178,2177,2179,1005,2176],"class_list":["post-18278","post","type-post","status-publish","format-standard","has-post-thumbnail","hentry","category-norvec","tag-alesund","tag-bergen","tag-flam","tag-lofoten","tag-norvec-2","tag-oslo","tag-preikestolen","tag-reine","tag-svalbard","tag-trolltunga","tag-tromso","tag-trondheim"],"_links":{"self":[{"href":"https:\/\/www.turna.com\/blog\/wp-json\/wp\/v2\/posts\/18278","targetHints":{"allow":["GET"]}}],"collection":[{"href":"https:\/\/www.turna.com\/blog\/wp-json\/wp\/v2\/posts"}],"about":[{"href":"https:\/\/www.turna.com\/blog\/wp-json\/wp\/v2\/types\/post"}],"author":[{"embeddable":true,"href":"https:\/\/www.turna.com\/blog\/wp-json\/wp\/v2\/users\/34"}],"replies":[{"embeddable":true,"href":"https:\/\/www.turna.com\/blog\/wp-json\/wp\/v2\/comments?post=18278"}],"version-history":[{"count":0,"href":"https:\/\/www.turna.com\/blog\/wp-json\/wp\/v2\/posts\/18278\/revisions"}],"wp:featuredmedia":[{"embeddable":true,"href":"https:\/\/www.turna.com\/blog\/wp-json\/wp\/v2\/media\/18335"}],"wp:attachment":[{"href":"https:\/\/www.turna.com\/blog\/wp-json\/wp\/v2\/media?parent=18278"}],"wp:term":[{"taxonomy":"category","embeddable":true,"href":"https:\/\/www.turna.com\/blog\/wp-json\/wp\/v2\/categories?post=18278"},{"taxonomy":"post_tag","embeddable":true,"href":"https:\/\/www.turna.com\/blog\/wp-json\/wp\/v2\/tags?post=18278"}],"curies":[{"name":"wp","href":"https:\/\/api.w.org\/{rel}","templated":true}]}}