{"id":18273,"date":"2021-01-26T08:34:00","date_gmt":"2021-01-26T05:34:00","guid":{"rendered":"https:\/\/www.turna.com\/blog\/?p=18273"},"modified":"2025-12-10T17:18:56","modified_gmt":"2025-12-10T14:18:56","slug":"kiev-gezilecek-yerler","status":"publish","type":"post","link":"https:\/\/www.turna.com\/blog\/kiev-gezilecek-yerler","title":{"rendered":"Kiev Gezilecek Yerler"},"content":{"rendered":"<div id=\"ez-toc-container\" class=\"ez-toc-v2_0_82_2 counter-hierarchy ez-toc-counter ez-toc-black ez-toc-container-direction\">\n<div class=\"ez-toc-title-container\">\n<p class=\"ez-toc-title\" style=\"cursor:inherit\">\u0130\u00e7indekiler<\/p>\n<span class=\"ez-toc-title-toggle\"><a href=\"#\" class=\"ez-toc-pull-right ez-toc-btn ez-toc-btn-xs ez-toc-btn-default ez-toc-toggle\" aria-label=\"\u0130\u00e7indekiler Tablosunu A\u00e7\/Kapat\"><span class=\"ez-toc-js-icon-con\"><span class=\"\"><span class=\"eztoc-hide\" style=\"display:none;\">Toggle<\/span><span class=\"ez-toc-icon-toggle-span\"><svg style=\"fill: #ffffff;color:#ffffff\" xmlns=\"http:\/\/www.w3.org\/2000\/svg\" class=\"list-377408\" width=\"20px\" height=\"20px\" viewBox=\"0 0 24 24\" fill=\"none\"><path d=\"M6 6H4v2h2V6zm14 0H8v2h12V6zM4 11h2v2H4v-2zm16 0H8v2h12v-2zM4 16h2v2H4v-2zm16 0H8v2h12v-2z\" fill=\"currentColor\"><\/path><\/svg><svg style=\"fill: #ffffff;color:#ffffff\" class=\"arrow-unsorted-368013\" xmlns=\"http:\/\/www.w3.org\/2000\/svg\" width=\"10px\" height=\"10px\" viewBox=\"0 0 24 24\" version=\"1.2\" baseProfile=\"tiny\"><path d=\"M18.2 9.3l-6.2-6.3-6.2 6.3c-.2.2-.3.4-.3.7s.1.5.3.7c.2.2.4.3.7.3h11c.3 0 .5-.1.7-.3.2-.2.3-.5.3-.7s-.1-.5-.3-.7zM5.8 14.7l6.2 6.3 6.2-6.3c.2-.2.3-.5.3-.7s-.1-.5-.3-.7c-.2-.2-.4-.3-.7-.3h-11c-.3 0-.5.1-.7.3-.2.2-.3.5-.3.7s.1.5.3.7z\"\/><\/svg><\/span><\/span><\/span><\/a><\/span><\/div>\n<nav><ul class='ez-toc-list ez-toc-list-level-1 eztoc-toggle-hide-by-default' ><li class='ez-toc-page-1 ez-toc-heading-level-2'><a class=\"ez-toc-link ez-toc-heading-1\" href=\"https:\/\/www.turna.com\/blog\/kiev-gezilecek-yerler\/#kiev_gezilecek_yerler\" >Kiev Gezilecek Yerler<\/a><ul class='ez-toc-list-level-3' ><li class='ez-toc-heading-level-3'><a class=\"ez-toc-link ez-toc-heading-2\" href=\"https:\/\/www.turna.com\/blog\/kiev-gezilecek-yerler\/#1_kreschatik_caddesi_ve_bagimsizlik_meydani\" >1. Kreschatik Caddesi ve Ba\u011f\u0131ms\u0131zl\u0131k Meydan\u0131<\/a><\/li><li class='ez-toc-page-1 ez-toc-heading-level-3'><a class=\"ez-toc-link ez-toc-heading-3\" href=\"https:\/\/www.turna.com\/blog\/kiev-gezilecek-yerler\/#2_altin_kapi\" >2. Alt\u0131n Kap\u0131<\/a><\/li><li class='ez-toc-page-1 ez-toc-heading-level-3'><a class=\"ez-toc-link ez-toc-heading-4\" href=\"https:\/\/www.turna.com\/blog\/kiev-gezilecek-yerler\/#3_aziz_sophia_katedrali\" >3. Aziz Sophia Katedrali<\/a><\/li><li class='ez-toc-page-1 ez-toc-heading-level-3'><a class=\"ez-toc-link ez-toc-heading-5\" href=\"https:\/\/www.turna.com\/blog\/kiev-gezilecek-yerler\/#4_ukrayna_ulusal_cernobil_muzesi\" >4. Ukrayna Ulusal \u00c7ernobil M\u00fczesi<\/a><\/li><li class='ez-toc-page-1 ez-toc-heading-level-3'><a class=\"ez-toc-link ez-toc-heading-6\" href=\"https:\/\/www.turna.com\/blog\/kiev-gezilecek-yerler\/#5_andrevski_yokusu\" >5. Andrevski Yoku\u015fu<\/a><\/li><li class='ez-toc-page-1 ez-toc-heading-level-3'><a class=\"ez-toc-link ez-toc-heading-7\" href=\"https:\/\/www.turna.com\/blog\/kiev-gezilecek-yerler\/#6_podil\" >6. Podil<\/a><\/li><li class='ez-toc-page-1 ez-toc-heading-level-3'><a class=\"ez-toc-link ez-toc-heading-8\" href=\"https:\/\/www.turna.com\/blog\/kiev-gezilecek-yerler\/#7_vladimirskaya_gorka_parki\" >7. Vladimirskaya Gorka Park\u0131<\/a><\/li><li class='ez-toc-page-1 ez-toc-heading-level-3'><a class=\"ez-toc-link ez-toc-heading-9\" href=\"https:\/\/www.turna.com\/blog\/kiev-gezilecek-yerler\/#8_st_michael_altin_kubbeli_katedral\" >8. St. Michael Alt\u0131n Kubbeli Katedral<\/a><\/li><li class='ez-toc-page-1 ez-toc-heading-level-3'><a class=\"ez-toc-link ez-toc-heading-10\" href=\"https:\/\/www.turna.com\/blog\/kiev-gezilecek-yerler\/#9_mariyinsky_sarayi\" >9. Mariyinsky Saray\u0131<\/a><\/li><li class='ez-toc-page-1 ez-toc-heading-level-3'><a class=\"ez-toc-link ez-toc-heading-11\" href=\"https:\/\/www.turna.com\/blog\/kiev-gezilecek-yerler\/#10_gorodetsky_house\" >10. Gorodetsky House<\/a><\/li><li class='ez-toc-page-1 ez-toc-heading-level-3'><a class=\"ez-toc-link ez-toc-heading-12\" href=\"https:\/\/www.turna.com\/blog\/kiev-gezilecek-yerler\/#11_kiev-pechersk_lavra_%e2%80%93_caves_manastiri\" >11. Kiev-Pechersk Lavra &#8211; Caves Manast\u0131r\u0131<\/a><\/li><li class='ez-toc-page-1 ez-toc-heading-level-3'><a class=\"ez-toc-link ez-toc-heading-13\" href=\"https:\/\/www.turna.com\/blog\/kiev-gezilecek-yerler\/#12_vatan_aniti\" >12. Vatan An\u0131t\u0131<\/a><\/li><li class='ez-toc-page-1 ez-toc-heading-level-3'><a class=\"ez-toc-link ez-toc-heading-14\" href=\"https:\/\/www.turna.com\/blog\/kiev-gezilecek-yerler\/#13_ukrayna_tarihi_muzesi\" >13. Ukrayna Tarihi M\u00fczesi<\/a><\/li><li class='ez-toc-page-1 ez-toc-heading-level-3'><a class=\"ez-toc-link ez-toc-heading-15\" href=\"https:\/\/www.turna.com\/blog\/kiev-gezilecek-yerler\/#14_kiev_dogu_ve_bati_sanatlari_muzesi\" >14. Kiev Do\u011fu ve Bat\u0131 Sanatlar\u0131 M\u00fczesi<\/a><\/li><li class='ez-toc-page-1 ez-toc-heading-level-3'><a class=\"ez-toc-link ez-toc-heading-16\" href=\"https:\/\/www.turna.com\/blog\/kiev-gezilecek-yerler\/#15_babi_yar\" >15. Babi Yar<\/a><\/li><\/ul><\/li><li class='ez-toc-page-1 ez-toc-heading-level-2'><a class=\"ez-toc-link ez-toc-heading-17\" href=\"https:\/\/www.turna.com\/blog\/kiev-gezilecek-yerler\/#kieve_nasil_gidilir\" >Kiev&#8217;e nas\u0131l gidilir<\/a><\/li><\/ul><\/nav><\/div>\n\n<p><strong>Kiev<\/strong>, Dinyeper Nehrinin iki yakas\u0131nda kurulu, yemye\u015fil dokusunu yans\u0131tan geni\u015f park ve bah\u00e7eleri, g\u00f6lleri, Slav k\u00fclt\u00fcr\u00fcn\u00fcn temsilcisi kilise ve katedralleri, Sovyet d\u00f6neminin izlerini ta\u015f\u0131yan geni\u015f caddeleri ve devasa meydanlar\u0131 ile Ukrayna&#8217;n\u0131n ba\u015fkenti ve en b\u00fcy\u00fck \u015fehri.<\/p>\n\n\n\n<p>Do\u011fu Avrupa\u2019n\u0131n da en eski ve b\u00fcy\u00fck \u015fehirleri aras\u0131nda yer alan Kiev, zengin tarihi ge\u00e7mi\u015fi ve k\u00fclt\u00fcrel miras\u0131n\u0131n yan\u0131 s\u0131ra, hareketli gece hayat\u0131 ve h\u0131zla geli\u015fen modern ya\u015fam\u0131yla, her ge\u00e7en y\u0131l daha fazla ziyaret\u00e7i a\u011f\u0131rl\u0131yor. T\u00fcrk vatanda\u015flar\u0131n\u0131n vizesiz, pasaportsuz yaln\u0131zca kimlikle seyahat edebildi\u011fi \u015fehir g\u00f6r\u00fclmeye de\u011fer.<\/p>\n\n\n\n<figure class=\"wp-block-image size-large\"><img width=\"800\" height=\"500\" data-public-id=\"kiev\/kiev.jpg\" fetchpriority=\"high\" decoding=\"async\" src=\"https:\/\/res.cloudinary.com\/turna\/images\/w_800,h_500,c_scale\/f_auto,q_auto:low\/v1611143321\/kiev\/kiev.jpg?_i=AA\" alt=\"kiev\" class=\"wp-post-18273 wp-image-18373\" data-format=\"jpg\" data-transformations=\"f_auto,q_auto:low\" data-version=\"1611143321\" data-seo=\"1\" srcset=\"https:\/\/res.cloudinary.com\/turna\/images\/f_auto,q_auto:low\/v1611143321\/kiev\/kiev.jpg?_i=AA 800w, https:\/\/res.cloudinary.com\/turna\/images\/w_300,h_188,c_scale\/f_auto,q_auto:low\/v1611143321\/kiev\/kiev.jpg?_i=AA 300w, https:\/\/res.cloudinary.com\/turna\/images\/w_672,h_420,c_scale\/f_auto,q_auto:low\/v1611143321\/kiev\/kiev.jpg?_i=AA 672w, https:\/\/res.cloudinary.com\/turna\/images\/w_640,h_400,c_scale\/f_auto,q_auto:low\/v1611143321\/kiev\/kiev.jpg?_i=AA 640w, https:\/\/res.cloudinary.com\/turna\/images\/w_681,h_426,c_scale\/f_auto,q_auto:low\/v1611143321\/kiev\/kiev.jpg?_i=AA 681w\" sizes=\"(max-width: 800px) 100vw, 800px\" \/><\/figure>\n\n\n\n<p>M\u00d6 482 y\u0131l\u0131nda kurulan Kiev, Do\u011fu Avrupa&#8217;n\u0131n en eski kentlerinden. Sovyetler Birli\u011fi d\u00f6neminde \u00fclkenin \u00fc\u00e7\u00fcnc\u00fc en b\u00fcy\u00fck kenti olan Kiev, tarihte Rusya ve Beyaz Rusya\u2019ya da ba\u015fkentlik yapt\u0131. Di\u011fer Avrupa \u00fclkelerine g\u00f6re ucuz olmas\u0131yla da s\u0131kl\u0131kla tercih edilen Kiev, Ukrayna\u2019n\u0131n idari, k\u00fclt\u00fcrel, ekonomik ve bilimsel merkezi.<\/p>\n\n\n\n<p>Dinyeper Nehri&#8217;nin iki yakas\u0131nda kurulu olan \u015fehir, do\u011fal g\u00fczellikleri, g\u00f6rkemli kiliseleri, etkileyici mimari yap\u0131lar\u0131, \u0131l\u0131man iklimi, ho\u015f kumsallar\u0131 ve nehir kenar\u0131 sayfiye yerleriyle de Ukrayna&#8217;n\u0131n g\u00f6zdesi.<\/p>\n\n\n\n<h2 class=\"wp-block-heading has-text-align-center has-neeon-button-dark-gray-color has-text-color has-link-color wp-elements-7355d30520f9a9dd3a3303559d491eb6\"><span class=\"ez-toc-section\" id=\"kiev_gezilecek_yerler\"><\/span><strong><strong><strong><strong>Kiev Gezilecek Yerler<\/strong><\/strong><\/strong><\/strong><span class=\"ez-toc-section-end\"><\/span><\/h2>\n\n\n\n<p>Geli\u015fmi\u015f metro a\u011f\u0131 sayesinde olduk\u00e7a rahat gezilebilen Kiev, alt\u0131n renkli kubbeleriyle \u0131\u015f\u0131ldayan kiliseler, \u015fehir panoramas\u0131n\u0131n en dikkat \u00e7ekici yap\u0131lar\u0131ndan. 1037\u2019de Prens Yaroslav taraf\u0131ndan yapt\u0131r\u0131larak \u015fehrin en eski kilisesi olan ve UNESCO D\u00fcnya Miras\u0131 Listesinde bulunan St. Sophia Katedrali, kubbeleri ve \u00e7an kulesi Barok mimari dokunu\u015flarla tasarlanm\u0131\u015f.<\/p>\n\n\n\n<p>Kentin en hareketli noktas\u0131 olan Kreschatik Caddesi, Kiev tarihine tan\u0131kl\u0131k eden Ba\u011f\u0131ms\u0131zl\u0131k Meydan\u0131, \u015fehrin ana giri\u015f kap\u0131s\u0131 Alt\u0131n Kap\u0131, b\u00fcy\u00fck \u00c7ernobil felaketi ile ilgili muazzam bir kayna\u011fa sahip olan \u00c7ernobil M\u00fczesi, \u015fehrin tarihi kiliselerinden Pe\u00e7erskaya Lavra Ma\u011faralar Manast\u0131r\u0131, Kiev&#8217;de g\u00f6r\u00fclmesi gereken yerler aras\u0131nda.<\/p>\n\n\n\n<h3 class=\"wp-block-heading has-text-align-center has-neeon-button-dark-gray-color has-text-color has-link-color wp-elements-aea96d7370d62bcabc41227d939856c6\"><span class=\"ez-toc-section\" id=\"1_kreschatik_caddesi_ve_bagimsizlik_meydani\"><\/span><strong><strong><strong><strong>1. Kreschatik Caddesi ve Ba\u011f\u0131ms\u0131zl\u0131k Meydan\u0131<\/strong><\/strong><\/strong><\/strong><span class=\"ez-toc-section-end\"><\/span><\/h3>\n\n\n\n<figure class=\"wp-block-image size-large\"><img width=\"800\" height=\"500\" data-public-id=\"Kreschatik\/Kreschatik.jpg\" decoding=\"async\" src=\"https:\/\/res.cloudinary.com\/turna\/images\/w_800,h_500,c_scale\/f_auto,q_auto:low\/v1611142136\/Kreschatik\/Kreschatik.jpg?_i=AA\" alt=\"Kreschatik\" class=\"wp-post-18273 wp-image-18364\" data-format=\"jpg\" data-transformations=\"f_auto,q_auto:low\" data-version=\"1611142136\" data-seo=\"1\" srcset=\"https:\/\/res.cloudinary.com\/turna\/images\/f_auto,q_auto:low\/v1611142136\/Kreschatik\/Kreschatik.jpg?_i=AA 800w, https:\/\/res.cloudinary.com\/turna\/images\/w_300,h_188,c_scale\/f_auto,q_auto:low\/v1611142136\/Kreschatik\/Kreschatik.jpg?_i=AA 300w, https:\/\/res.cloudinary.com\/turna\/images\/w_672,h_420,c_scale\/f_auto,q_auto:low\/v1611142136\/Kreschatik\/Kreschatik.jpg?_i=AA 672w, https:\/\/res.cloudinary.com\/turna\/images\/w_640,h_400,c_scale\/f_auto,q_auto:low\/v1611142136\/Kreschatik\/Kreschatik.jpg?_i=AA 640w, https:\/\/res.cloudinary.com\/turna\/images\/w_681,h_426,c_scale\/f_auto,q_auto:low\/v1611142136\/Kreschatik\/Kreschatik.jpg?_i=AA 681w\" sizes=\"(max-width: 800px) 100vw, 800px\" \/><\/figure>\n\n\n\n<p><strong>Kreschatik Caddesi<\/strong>, kentin en renkli ve hareketli b\u00f6lgesi. Shevchenko B\u00f6lgesi\u2019nde yer alan Kiev\u2019in merkez caddesi Kreschatik, Europeiskaya Meydan\u0131 ile Bessarabskaya Meydan\u0131n\u0131 birbirine ba\u011fl\u0131yor. II. D\u00fcnya Sava\u015f\u0131 s\u0131ras\u0131nda tamamen may\u0131nlarla d\u00f6\u015fenerek ve daha sonra tekrar in\u015fa edilen caddede \u015fehrin en prestijli kafe, restoran ve ma\u011fazalar\u0131n\u0131n s\u0131ralan\u0131yor. D\u00fcnyadaki en \u00e7ok satan be\u015finci McDonald\u2019s restoran\u0131 burada yer al\u0131yor.<\/p>\n\n\n\n<p><strong>Ba\u011f\u0131ms\u0131zl\u0131k Meydan\u0131<\/strong> (Maidan Nezalezhnosti), Kreschatik Caddesinin sonunda yer al\u0131yor. Kiev tarihine tan\u0131kl\u0131k eden yer al\u0131yor. \u00d6zg\u00fcrl\u00fck Heykeli\u2019nin yan\u0131 s\u0131ra \u00f6nemli kurucular\u0131n heykellerinin de yer ald\u0131\u011f\u0131 meydanda, City Center ad\u0131nda b\u00fcy\u00fck bir al\u0131\u015fveri\u015f merkezi de bulunuyor.<\/p>\n\n\n\n<h3 class=\"wp-block-heading has-text-align-center has-neeon-button-dark-gray-color has-text-color has-link-color wp-elements-058e72c8f0149ad2c78c45886f687eff\"><span class=\"ez-toc-section\" id=\"2_altin_kapi\"><\/span><strong><strong><strong><strong>2. Alt\u0131n Kap\u0131<\/strong><\/strong><\/strong><\/strong><span class=\"ez-toc-section-end\"><\/span><\/h3>\n\n\n\n<figure class=\"wp-block-image size-large\"><img width=\"800\" height=\"500\" data-public-id=\"kiev-gorulecek-yerler\/kiev-gorulecek-yerler.jpg\" decoding=\"async\" src=\"https:\/\/res.cloudinary.com\/turna\/images\/w_800,h_500,c_scale\/f_auto,q_auto:low\/v1611142298\/kiev-gorulecek-yerler\/kiev-gorulecek-yerler.jpg?_i=AA\" alt=\"kiev g\u00f6r\u00fclecek yerler\" class=\"wp-post-18273 wp-image-18365\" data-format=\"jpg\" data-transformations=\"f_auto,q_auto:low\" data-version=\"1611142298\" data-seo=\"1\" srcset=\"https:\/\/res.cloudinary.com\/turna\/images\/f_auto,q_auto:low\/v1611142298\/kiev-gorulecek-yerler\/kiev-gorulecek-yerler.jpg?_i=AA 800w, https:\/\/res.cloudinary.com\/turna\/images\/w_300,h_188,c_scale\/f_auto,q_auto:low\/v1611142298\/kiev-gorulecek-yerler\/kiev-gorulecek-yerler.jpg?_i=AA 300w, https:\/\/res.cloudinary.com\/turna\/images\/w_672,h_420,c_scale\/f_auto,q_auto:low\/v1611142298\/kiev-gorulecek-yerler\/kiev-gorulecek-yerler.jpg?_i=AA 672w, https:\/\/res.cloudinary.com\/turna\/images\/w_640,h_400,c_scale\/f_auto,q_auto:low\/v1611142298\/kiev-gorulecek-yerler\/kiev-gorulecek-yerler.jpg?_i=AA 640w, https:\/\/res.cloudinary.com\/turna\/images\/w_681,h_426,c_scale\/f_auto,q_auto:low\/v1611142298\/kiev-gorulecek-yerler\/kiev-gorulecek-yerler.jpg?_i=AA 681w\" sizes=\"(max-width: 800px) 100vw, 800px\" \/><\/figure>\n\n\n\n<p><strong>Alt\u0131n Kap\u0131<\/strong> (Zoloti Vorota), 1024 y\u0131l\u0131nda Kiev Prensli\u011fi&#8217;nin kurucusu taraf\u0131ndan, \u015fehrin ana giri\u015f kap\u0131s\u0131 olarak in\u015fa ettirilmi\u015f. Volodymyr ile Yaroslaviv Val caddelerini birle\u015ftiren noktada yer alan kap\u0131, g\u00fcn\u00fcm\u00fczde Ulusal M\u00fcze&#8217;ye ba\u011fl\u0131 bir b\u00f6l\u00fcm olarak ge\u00e7ici sergilere ev sahipli\u011fi yap\u0131yor.<\/p>\n\n\n\n<p>Orta \u00c7a\u011f d\u00f6neminde s\u00f6k\u00fclen yap\u0131, o d\u00f6nemde \u015fehir surlar\u0131n\u0131n bir par\u00e7as\u0131yd\u0131. Alt\u0131n Kap\u0131, orijinal kap\u0131n\u0131n hi\u00e7bir g\u00f6r\u00fcnt\u00fcs\u00fc olmamas\u0131na ra\u011fmen 1982 y\u0131l\u0131nda Sovyetler y\u00f6netimi taraf\u0131ndan tart\u0131\u015fmal\u0131 bir s\u00fcrecin sonunda yeniden in\u015fa edilmi\u015f.<\/p>\n\n\n\n<h3 class=\"wp-block-heading has-text-align-center has-neeon-button-dark-gray-color has-text-color has-link-color wp-elements-5b4315cb46e4922d31ef230509192b58\"><span class=\"ez-toc-section\" id=\"3_aziz_sophia_katedrali\"><\/span><strong><strong><strong><strong>3. Aziz Sophia Katedrali<\/strong><\/strong><\/strong><\/strong><span class=\"ez-toc-section-end\"><\/span><\/h3>\n\n\n\n<figure class=\"wp-block-image size-large\"><img width=\"800\" height=\"500\" loading=\"lazy\" decoding=\"async\" src=\"data:image\/svg+xml;base64,PHN2ZyB4bWxucz0iaHR0cDovL3d3dy53My5vcmcvMjAwMC9zdmciIHdpZHRoPSI4MDAiIGhlaWdodD0iNTAwIj48cmVjdCB3aWR0aD0iMTAwJSIgaGVpZ2h0PSIxMDAlIj48YW5pbWF0ZSBhdHRyaWJ1dGVOYW1lPSJmaWxsIiB2YWx1ZXM9InJnYmEoMTUzLDE1MywxNTMsMC41KTtyZ2JhKDE1MywxNTMsMTUzLDAuMSk7cmdiYSgxNTMsMTUzLDE1MywwLjUpIiBkdXI9IjJzIiByZXBlYXRDb3VudD0iaW5kZWZpbml0ZSIgLz48L3JlY3Q+PC9zdmc+\" alt=\"Aziz Sophia Katedrali Kiev\" class=\"wp-post-18273 wp-image-18366\" data-public-id=\"Kiev-Saint-Sophia\/Kiev-Saint-Sophia.jpg\" data-format=\"jpg\" data-transformations=\"f_auto,q_auto:low\" data-version=\"1611142422\" data-seo=\"1\" data-size=\"800 500\" data-srcset=\"https:\/\/res.cloudinary.com\/turna\/images\/f_auto,q_auto:low\/v1611142422\/Kiev-Saint-Sophia\/Kiev-Saint-Sophia.jpg?_i=AA 800w, https:\/\/res.cloudinary.com\/turna\/images\/w_300,h_188,c_scale\/f_auto,q_auto:low\/v1611142422\/Kiev-Saint-Sophia\/Kiev-Saint-Sophia.jpg?_i=AA 300w, https:\/\/res.cloudinary.com\/turna\/images\/w_672,h_420,c_scale\/f_auto,q_auto:low\/v1611142422\/Kiev-Saint-Sophia\/Kiev-Saint-Sophia.jpg?_i=AA 672w, https:\/\/res.cloudinary.com\/turna\/images\/w_640,h_400,c_scale\/f_auto,q_auto:low\/v1611142422\/Kiev-Saint-Sophia\/Kiev-Saint-Sophia.jpg?_i=AA 640w, https:\/\/res.cloudinary.com\/turna\/images\/w_681,h_426,c_scale\/f_auto,q_auto:low\/v1611142422\/Kiev-Saint-Sophia\/Kiev-Saint-Sophia.jpg?_i=AA 681w\" data-sizes=\"(max-width: 800px) 100vw, 800px\" data-delivery=\"upload\" onload=\";window.CLDBind?CLDBind(this):null;\" data-cloudinary=\"lazy\" \/><\/figure>\n\n\n\n<p><strong>Aziz Sophia Katedrali<\/strong> (Sobor Sviatoyi Sofiyi), Kiev&#8217;in en eski katedrali. 11. y\u00fczy\u0131lda in\u015fa edilen katedral, Ukrayna&#8217;n\u0131n UNESCO D\u00fcnya Miras\u0131 Listesi&#8217;ne giren ilk tarihi noktas\u0131. Alt\u0131n kubbeleri, 76 metre y\u00fcksekli\u011findeki \u00e7an kulesi ile dikkat \u00e7eken yap\u0131 ismini \u0130stanbul&#8217;daki Ayasofya&#8217;dan al\u0131yor. <\/p>\n\n\n\n<p>Katedralde g\u00f6r\u00fclmesi gereken yerler aras\u0131nda 18. y\u00fczy\u0131ldan kalma d\u00f6kme demir karo zemin, Kiev&#8217;in Sovyet Rus egemenli\u011fi d\u00f6nemindeki \u015fehir plan\u0131 modeli, \u00fcst kat\u0131nda yer alan sanat galerisi, Kiev Patri\u011fi Volodymyr Romanyuk&#8217;un mezar\u0131, Virgin Orans gibi d\u00fcnyan\u0131n en b\u00fcy\u00fck fresk ve mozaikleri ve 7. y\u00fczy\u0131lda Kiev\u2019i kurtar\u0131p Rusya \u0130mparatorlu\u011funa teslim eden kazak reisi Bohdan Khmelnytskyi\u2019nin heykeli yer al\u0131yor.<\/p>\n\n\n\n<h3 class=\"wp-block-heading has-text-align-center has-neeon-button-dark-gray-color has-text-color has-link-color wp-elements-188a08f31e217cc29f37b049963443ed\"><span class=\"ez-toc-section\" id=\"4_ukrayna_ulusal_cernobil_muzesi\"><\/span><strong><strong><strong><strong>4. Ukrayna Ulusal<\/strong> <strong>\u00c7ernobil M\u00fczesi<\/strong><\/strong><\/strong><\/strong><span class=\"ez-toc-section-end\"><\/span><\/h3>\n\n\n\n<p><strong>Ukrayna Ulusal \u00c7ernobil M\u00fczesi<\/strong> (Ukrayins&#8217;kyy natsional&#8217;nyy muzey Chornobyl), 1986 y\u0131l\u0131nda ya\u015fanan \u00c7ernobil felaketinin an\u0131s\u0131na Kiev \u015fehir merkezinde 1992&#8217;de a\u00e7\u0131lan m\u00fcze. \u00c7ernobil felaketi, sonu\u00e7lar\u0131 ve kay\u0131plar\u0131na ili\u015fkin belge ve foto\u011fraflar\u0131n sergilendi\u011fi m\u00fczede felaket konusunda halk\u0131 bilin\u00e7lendirmek ve e\u011fitmek i\u00e7in kullan\u0131lan interaktif bir galeri de bulunuyor.<\/p>\n\n\n\n<p>Faciada hayat\u0131n\u0131 kaybedenlerin an\u0131s\u0131na \u00f6zel bir b\u00f6l\u00fcm\u00fcn de yer ald\u0131\u011f\u0131 m\u00fcze, Devlet Yang\u0131ndan Korunma Muhaf\u0131zlar\u0131 taraf\u0131ndan ba\u011f\u0131\u015flanan 20. y\u00fczy\u0131l\u0131n ba\u015flar\u0131nda in\u015fa edilen bir binada bulunuyor.<\/p>\n\n\n\n<h3 class=\"wp-block-heading has-text-align-center has-neeon-button-dark-gray-color has-text-color has-link-color wp-elements-663fbaa1d604d5741facae914ac62428\"><span class=\"ez-toc-section\" id=\"5_andrevski_yokusu\"><\/span><strong><strong><strong><strong>5. Andrevski Yoku\u015fu<\/strong><\/strong><\/strong><\/strong><span class=\"ez-toc-section-end\"><\/span><\/h3>\n\n\n\n<figure class=\"wp-block-image size-large\"><img width=\"800\" height=\"500\" loading=\"lazy\" decoding=\"async\" src=\"data:image\/svg+xml;base64,PHN2ZyB4bWxucz0iaHR0cDovL3d3dy53My5vcmcvMjAwMC9zdmciIHdpZHRoPSI4MDAiIGhlaWdodD0iNTAwIj48cmVjdCB3aWR0aD0iMTAwJSIgaGVpZ2h0PSIxMDAlIj48YW5pbWF0ZSBhdHRyaWJ1dGVOYW1lPSJmaWxsIiB2YWx1ZXM9InJnYmEoMTUzLDE1MywxNTMsMC41KTtyZ2JhKDE1MywxNTMsMTUzLDAuMSk7cmdiYSgxNTMsMTUzLDE1MywwLjUpIiBkdXI9IjJzIiByZXBlYXRDb3VudD0iaW5kZWZpbml0ZSIgLz48L3JlY3Q+PC9zdmc+\" alt=\"Andrevski Yoku\u015fu\" class=\"wp-post-18273 wp-image-18367\" data-public-id=\"Andrevski-Yokusu\/Andrevski-Yokusu.jpg\" data-format=\"jpg\" data-transformations=\"f_auto,q_auto:low\" data-version=\"1611142565\" data-seo=\"1\" data-size=\"800 500\" data-srcset=\"https:\/\/res.cloudinary.com\/turna\/images\/f_auto,q_auto:low\/v1611142565\/Andrevski-Yokusu\/Andrevski-Yokusu.jpg?_i=AA 800w, https:\/\/res.cloudinary.com\/turna\/images\/w_300,h_188,c_scale\/f_auto,q_auto:low\/v1611142565\/Andrevski-Yokusu\/Andrevski-Yokusu.jpg?_i=AA 300w, https:\/\/res.cloudinary.com\/turna\/images\/w_672,h_420,c_scale\/f_auto,q_auto:low\/v1611142565\/Andrevski-Yokusu\/Andrevski-Yokusu.jpg?_i=AA 672w, https:\/\/res.cloudinary.com\/turna\/images\/w_640,h_400,c_scale\/f_auto,q_auto:low\/v1611142565\/Andrevski-Yokusu\/Andrevski-Yokusu.jpg?_i=AA 640w, https:\/\/res.cloudinary.com\/turna\/images\/w_681,h_426,c_scale\/f_auto,q_auto:low\/v1611142565\/Andrevski-Yokusu\/Andrevski-Yokusu.jpg?_i=AA 681w\" data-sizes=\"(max-width: 800px) 100vw, 800px\" data-delivery=\"upload\" onload=\";window.CLDBind?CLDBind(this):null;\" data-cloudinary=\"lazy\" \/><\/figure>\n\n\n\n<p><strong>Andrevski Yoku\u015fu<\/strong>, Andrevski Spusk olarak da bilinen ve Aya Sofya Meydan\u0131 ile Kontraktova Meydan\u0131\u2019n\u0131 birbirine ba\u011flayan tarihi bir sokak. Andrevski Yoku\u015fu, Kiev&#8217;in y\u00f6netim merkezi olan \u00fcst \u015fehir ile halk\u0131n ya\u015fad\u0131\u011f\u0131 alt \u015fehri ba\u011flayan \u00f6nemli bir nokta.<\/p>\n\n\n\n<p>Yoku\u015f boyunca \u00e7ok say\u0131da resim galerisi, kafe, restoran ve ma\u011fazalar s\u0131ralan\u0131yor. Dinyeper Nehri manzaral\u0131 kafeler, \u015fehre farkl\u0131 bir bak\u0131\u015f a\u00e7\u0131s\u0131yla bakmak i\u00e7in iyi birer se\u00e7enek.<\/p>\n\n\n\n<h3 class=\"wp-block-heading has-text-align-center has-neeon-button-dark-gray-color has-text-color has-link-color wp-elements-87fd6c99d07d7761890e4b81c58df1b2\"><span class=\"ez-toc-section\" id=\"6_podil\"><\/span><strong><strong><strong><strong>6. Podil<\/strong><\/strong><\/strong><\/strong><span class=\"ez-toc-section-end\"><\/span><\/h3>\n\n\n\n<p><strong>Podil<\/strong>, Dinyeper Nehri&#8217;nin k\u0131y\u0131s\u0131nda yer alan, kentteki pek \u00e7ok tarihi yap\u0131, kilise, an\u0131t, sokak ve meydan\u0131n bulundu\u011fu, ge\u00e7mi\u015fte bal\u0131k\u00e7\u0131 ve zanaatkarlar\u0131n ya\u015fad\u0131\u011f\u0131 Kiev&#8217;in tarihi mahallesi.<\/p>\n\n\n\n<p>G\u00fcn\u00fcm\u00fczde Kiev\u2019in en g\u00f6zde b\u00f6lgesi olan ve turist ak\u0131n\u0131na u\u011frayan Podol\u2019da, liman, eski pazarlar, bal\u0131k\u00e7\u0131lar \u00e7ar\u015f\u0131s\u0131, Kiev&#8217;e has mimari \u00f6zellikleri yans\u0131tan evleri ve dar sokaklar\u0131 mutlaka g\u00f6r\u00fclmeli.<\/p>\n\n\n\n<h3 class=\"wp-block-heading has-text-align-center has-neeon-button-dark-gray-color has-text-color has-link-color wp-elements-097b96c3dd90106c0408fc835542b678\"><span class=\"ez-toc-section\" id=\"7_vladimirskaya_gorka_parki\"><\/span><strong><strong><strong><strong>7. Vladimirskaya Gorka Park\u0131<\/strong><\/strong><\/strong><\/strong><span class=\"ez-toc-section-end\"><\/span><\/h3>\n\n\n\n<p><strong>Vladimirskaya Gorka Park\u0131<\/strong>, Kiev&#8217;in en eski yerle\u015fim yerlerinden biri. Kiev&#8217;in yemye\u015fil dokusunu ve Dinyeper Nehri&#8217;nin muazzam manzaras\u0131n\u0131 en iyi ke\u015ffedebilece\u011finiz yerlerden olan park\u0131n \u00e7evresinde \u00e7ok say\u0131da bah\u00e7eli m\u00fcstakil ev bulunuyor. Aziz Vladimir\u2019in an\u0131s\u0131n\u0131 ya\u015fatan ve i\u00e7erisinde Aziz Vladimir\u2019e ait bronz heykel bir heykelin de yer ald\u0131\u011f\u0131 park 10.6 hektarl\u0131k bir geni\u015fli\u011fe sahip. Volodymyrska Tepesi veya Saint Volodymyr Tepesi isimleriyle an\u0131lan park tepe boyunca kademeli bir \u015fekilde Dinyeper Nehri&#8217;ne uzan\u0131yor.<\/p>\n\n\n\n<h3 class=\"wp-block-heading has-text-align-center has-neeon-button-dark-gray-color has-text-color has-link-color wp-elements-b3a83bbf57631e8847c11759b7fe465d\"><span class=\"ez-toc-section\" id=\"8_st_michael_altin_kubbeli_katedral\"><\/span><strong><strong><strong><strong>8. St. Michael Alt\u0131n Kubbeli Katedral<\/strong><\/strong><\/strong><\/strong><span class=\"ez-toc-section-end\"><\/span><\/h3>\n\n\n\n<figure class=\"wp-block-image size-large\"><img width=\"800\" height=\"500\" loading=\"lazy\" decoding=\"async\" src=\"data:image\/svg+xml;base64,PHN2ZyB4bWxucz0iaHR0cDovL3d3dy53My5vcmcvMjAwMC9zdmciIHdpZHRoPSI4MDAiIGhlaWdodD0iNTAwIj48cmVjdCB3aWR0aD0iMTAwJSIgaGVpZ2h0PSIxMDAlIj48YW5pbWF0ZSBhdHRyaWJ1dGVOYW1lPSJmaWxsIiB2YWx1ZXM9InJnYmEoMTUzLDE1MywxNTMsMC41KTtyZ2JhKDE1MywxNTMsMTUzLDAuMSk7cmdiYSgxNTMsMTUzLDE1MywwLjUpIiBkdXI9IjJzIiByZXBlYXRDb3VudD0iaW5kZWZpbml0ZSIgLz48L3JlY3Q+PC9zdmc+\" alt=\"kiev tarihi yerler\" class=\"wp-post-18273 wp-image-18372\" data-public-id=\"kiev-tarihi-yerler\/kiev-tarihi-yerler.jpg\" data-format=\"jpg\" data-transformations=\"f_auto,q_auto:low\" data-version=\"1611143064\" data-seo=\"1\" data-size=\"800 500\" data-srcset=\"https:\/\/res.cloudinary.com\/turna\/images\/f_auto,q_auto:low\/v1611143064\/kiev-tarihi-yerler\/kiev-tarihi-yerler.jpg?_i=AA 800w, https:\/\/res.cloudinary.com\/turna\/images\/w_300,h_188,c_scale\/f_auto,q_auto:low\/v1611143064\/kiev-tarihi-yerler\/kiev-tarihi-yerler.jpg?_i=AA 300w, https:\/\/res.cloudinary.com\/turna\/images\/w_672,h_420,c_scale\/f_auto,q_auto:low\/v1611143064\/kiev-tarihi-yerler\/kiev-tarihi-yerler.jpg?_i=AA 672w, https:\/\/res.cloudinary.com\/turna\/images\/w_640,h_400,c_scale\/f_auto,q_auto:low\/v1611143064\/kiev-tarihi-yerler\/kiev-tarihi-yerler.jpg?_i=AA 640w, https:\/\/res.cloudinary.com\/turna\/images\/w_681,h_426,c_scale\/f_auto,q_auto:low\/v1611143064\/kiev-tarihi-yerler\/kiev-tarihi-yerler.jpg?_i=AA 681w\" data-sizes=\"(max-width: 800px) 100vw, 800px\" data-delivery=\"upload\" onload=\";window.CLDBind?CLDBind(this):null;\" data-cloudinary=\"lazy\" \/><\/figure>\n\n\n\n<p><strong>St. Michael Alt\u0131n Kubbeli Katedral<\/strong> (Mykhaylivs\u2019kyi zolotoverkhyi monastyr), Aziz Sofya Katedrali&#8217;nin kuzeydo\u011fusunda, Dinyeper Nehri&#8217;ni tepeden g\u00f6ren bir konumda yer al\u0131yor. 1108-1113 y\u0131llar\u0131 aras\u0131nda in\u015fa edilen katedralde Aziz Varvara&#8217;ya ait kutsal emanetler sergileniyor.<\/p>\n\n\n\n<p>Benzersiz mozaikleri, elmas ve alt\u0131n ikonlar\u0131 ile b\u00fcy\u00fcleyici bir g\u00fczelli\u011fe sahip olan manast\u0131r Frans\u0131z, \u0130talyan ve Bel\u00e7ikal\u0131 sanat\u00e7\u0131lar taraf\u0131ndan yap\u0131lm\u0131\u015f, d\u00f6nemin en pahal\u0131 ve en g\u00fczel kilisesi olarak biliniyor.<\/p>\n\n\n\n<h3 class=\"wp-block-heading has-text-align-center has-neeon-button-dark-gray-color has-text-color has-link-color wp-elements-25a06347486bc74250645b105704543a\"><span class=\"ez-toc-section\" id=\"9_mariyinsky_sarayi\"><\/span><strong><strong><strong><strong>9. Mariyinsky Saray\u0131<\/strong><\/strong><\/strong><\/strong><span class=\"ez-toc-section-end\"><\/span><\/h3>\n\n\n\n<p><strong>Mariyinsky Saray\u0131<\/strong> (Mariyins&#8217;kyi palats), Ukrayna Cumhurba\u015fkan\u0131&#8217;n\u0131n Kiev&#8217;deki resmi t\u00f6ren ikametgah\u0131. Dinyeper Nehri&#8217;nin da\u011fl\u0131k k\u0131y\u0131s\u0131nda, Barok mimari \u00fcslupla, Rus \u0130mparatori\u00e7esi Elizaveta Petrovna&#8217;n\u0131n emriyle 1752 y\u0131l\u0131nda in\u015fa edilmi\u015f. 1920&#8217;lerde tar\u0131m okulu ve k\u0131sa bir s\u00fcre m\u00fcze olan yap\u0131, II. D\u00fcnya Sava\u015f\u0131 s\u0131ras\u0131nda a\u011f\u0131r y\u0131k\u0131m ya\u015fam\u0131\u015f. 1940 ve 1980&#8217;de ge\u00e7irdi\u011fi yenileme \u00e7al\u0131\u015fmalar\u0131n\u0131n ard\u0131ndan g\u00fcn\u00fcm\u00fczdeki haline kavu\u015fan saray, Ukrayna Cumhurba\u015fkan\u0131 taraf\u0131ndan resmi t\u00f6ren ve kab\u00fcllerde kullan\u0131l\u0131yor.<\/p>\n\n\n\n<h3 class=\"wp-block-heading has-text-align-center has-neeon-button-dark-gray-color has-text-color has-link-color wp-elements-9206d94d622f471bb1a0490358f27ef2\"><span class=\"ez-toc-section\" id=\"10_gorodetsky_house\"><\/span><strong><strong><strong><strong>10. Gorodetsky House<\/strong><\/strong><\/strong><\/strong><span class=\"ez-toc-section-end\"><\/span><\/h3>\n\n\n\n<p><strong>Gorodetsky House<\/strong> (Canavarl\u0131 Ev\/Budynok z khymeramy), Kiev&#8217;in tarihi Lypky mahallesinde yer alan, Art Nouveau mimari \u00fcslubuyla \u015fehrin mimari \u015faheserlerinden biri olarak kabul ediliyor. Polonyal\u0131 mimar W\u0142adys\u0142aw Horodecki taraf\u0131ndan 1901-1902 y\u0131llar\u0131 aras\u0131nda in\u015fa edilmi\u015f.<\/p>\n\n\n\n<p>Mimar Horodecki, kendi ya\u015famay\u0131 d\u00fc\u015f\u00fcnd\u00fc\u011f\u00fc binay\u0131 tamamen kendi zevkine g\u00f6re tasarlam\u0131\u015f. Ad\u0131 gibi i\u00e7erisinde ve d\u0131\u015f\u0131nda fantastik bal\u0131klar\u0131n \u00fczerindeki gen\u00e7 k\u0131z, fil, gergedan, antilop, kurba\u011fa, kertenkele, kartal, y\u0131lan gibi bir\u00e7ok yarat\u0131k heykelinin yer ald\u0131\u011f\u0131 Canavarl\u0131 Ev, Kiev&#8217;in Gaudi yap\u0131s\u0131 olarak da adland\u0131r\u0131l\u0131yor.<\/p>\n\n\n\n<h3 class=\"wp-block-heading has-text-align-center has-neeon-button-dark-gray-color has-text-color has-link-color wp-elements-59a06bab2bf27224a2c7c460addd7cc6\"><span class=\"ez-toc-section\" id=\"11_kiev-pechersk_lavra_%e2%80%93_caves_manastiri\"><\/span><strong><strong><strong><strong>11. Kiev-Pechersk Lavra &#8211; Caves Manast\u0131r\u0131<\/strong><\/strong><\/strong><\/strong><span class=\"ez-toc-section-end\"><\/span><\/h3>\n\n\n\n<p><strong>Pe\u00e7erskaya Lavra Ma\u011faralar Manast\u0131r\u0131<\/strong> (Kievo-Pecherskaya Lavra), Dinyeper Nehrinin sa\u011f k\u0131y\u0131s\u0131ndaki tepelerin eteklerinde kurulan, Ukrayna\u2019daki en \u00f6nemli ve en eski manast\u0131rlardan biri. UNESCO D\u00fcnya Miras\u0131 Listesi&#8217;nde yer alan bu manast\u0131r, 6 tanesi yer alt\u0131nda olmak \u00fczere toplam 18 kiliseden olu\u015fuyor.<\/p>\n\n\n\n<p>\u0130n\u015fa edildi\u011fi 1051 y\u0131l\u0131ndan itibaren Do\u011fu Avrupa&#8217;da Ortodoks Hristiyanl\u0131\u011f\u0131n\u0131n \u00f6nemli merkezlerinden birine d\u00f6n\u00fc\u015fen manast\u0131rda 100&#8217;den fazla ke\u015fi\u015f ya\u015f\u0131yor.<\/p>\n\n\n\n<h3 class=\"wp-block-heading has-text-align-center has-neeon-button-dark-gray-color has-text-color has-link-color wp-elements-0c0f3687b1ce82df8c2a999ef659e7e3\"><span class=\"ez-toc-section\" id=\"12_vatan_aniti\"><\/span><strong><strong><strong><strong>12. Vatan An\u0131t\u0131<\/strong><\/strong><\/strong><\/strong><span class=\"ez-toc-section-end\"><\/span><\/h3>\n\n\n\n<p><strong>Vatan An\u0131t\u0131<\/strong> (Rodina Mat), 102 metre boyunda ve 560 ton a\u011f\u0131rl\u0131\u011f\u0131nda devasa bir an\u0131t. Nazi-Sovyet Sava\u015f\u0131 an\u0131s\u0131na in\u015fa edilen heykel, Heykelt\u0131ra\u015f Yevgeniy Vu\u00e7eti\u00e7 ve teknik ressam Vasyl Borodai&#8217;nin imzas\u0131n\u0131 ta\u015f\u0131yor. Heykel, paslanmaz \u00e7elikten \u00fcretilmi\u015f.<\/p>\n\n\n\n<p>Elinde 16 metrelik k\u0131l\u0131\u00e7 ve Sovyetler Birli\u011fi devlet amblemi ta\u015f\u0131yan kad\u0131n sava\u015f\u00e7\u0131y\u0131 betimleyen heykelin yer ald\u0131\u011f\u0131 alandaki m\u00fczede 11 bin 600&#8217;\u00fcn askerin oyma isimlerinin bulundu\u011fu mermer plaklar bulunuyor. An\u0131tta ayr\u0131ca sava\u015f s\u0131ras\u0131nda Sosyalist Emek Kahraman\u0131 Madalyas\u0131 ve Sovyetler Birli\u011fi Kahraman\u0131 ni\u015fanlar\u0131 verilen yakla\u015f\u0131k 200 i\u015f\u00e7i an\u0131l\u0131yor.<\/p>\n\n\n\n<h3 class=\"wp-block-heading has-text-align-center has-neeon-button-dark-gray-color has-text-color has-link-color wp-elements-440b82f341c30109931248f326611e8d\"><span class=\"ez-toc-section\" id=\"13_ukrayna_tarihi_muzesi\"><\/span><strong><strong><strong><strong>13. Ukrayna Tarihi M\u00fczesi<\/strong><\/strong><\/strong><\/strong><span class=\"ez-toc-section-end\"><\/span><\/h3>\n\n\n\n<figure class=\"wp-block-image size-large\"><img width=\"800\" height=\"500\" loading=\"lazy\" decoding=\"async\" src=\"data:image\/svg+xml;base64,PHN2ZyB4bWxucz0iaHR0cDovL3d3dy53My5vcmcvMjAwMC9zdmciIHdpZHRoPSI4MDAiIGhlaWdodD0iNTAwIj48cmVjdCB3aWR0aD0iMTAwJSIgaGVpZ2h0PSIxMDAlIj48YW5pbWF0ZSBhdHRyaWJ1dGVOYW1lPSJmaWxsIiB2YWx1ZXM9InJnYmEoMTUzLDE1MywxNTMsMC41KTtyZ2JhKDE1MywxNTMsMTUzLDAuMSk7cmdiYSgxNTMsMTUzLDE1MywwLjUpIiBkdXI9IjJzIiByZXBlYXRDb3VudD0iaW5kZWZpbml0ZSIgLz48L3JlY3Q+PC9zdmc+\" alt=\"ukraine kiev\" class=\"wp-post-18273 wp-image-18368\" data-public-id=\"ukraine-kiev\/ukraine-kiev.jpg\" data-format=\"jpg\" data-transformations=\"f_auto,q_auto:low\" data-version=\"1611142703\" data-seo=\"1\" data-size=\"800 500\" data-srcset=\"https:\/\/res.cloudinary.com\/turna\/images\/f_auto,q_auto:low\/v1611142703\/ukraine-kiev\/ukraine-kiev.jpg?_i=AA 800w, https:\/\/res.cloudinary.com\/turna\/images\/w_300,h_188,c_scale\/f_auto,q_auto:low\/v1611142703\/ukraine-kiev\/ukraine-kiev.jpg?_i=AA 300w, https:\/\/res.cloudinary.com\/turna\/images\/w_672,h_420,c_scale\/f_auto,q_auto:low\/v1611142703\/ukraine-kiev\/ukraine-kiev.jpg?_i=AA 672w, https:\/\/res.cloudinary.com\/turna\/images\/w_640,h_400,c_scale\/f_auto,q_auto:low\/v1611142703\/ukraine-kiev\/ukraine-kiev.jpg?_i=AA 640w, https:\/\/res.cloudinary.com\/turna\/images\/w_681,h_426,c_scale\/f_auto,q_auto:low\/v1611142703\/ukraine-kiev\/ukraine-kiev.jpg?_i=AA 681w\" data-sizes=\"(max-width: 800px) 100vw, 800px\" data-delivery=\"upload\" onload=\";window.CLDBind?CLDBind(this):null;\" data-cloudinary=\"lazy\" \/><\/figure>\n\n\n\n<p><strong>Ukrayna Tarihi M\u00fczesi<\/strong> (National Museum of the History of Ukraine in the Second World War), II. D\u00fcnya Sava\u015f\u0131nda b\u00fcy\u00fck zarar g\u00f6ren Kiev\u2019de, sava\u015f s\u0131ras\u0131nda kullan\u0131lan bir\u00e7ok silah, harita ve foto\u011fraf\u0131n sergilendi\u011fi bir m\u00fcze. Kiev&#8217;in g\u00fcney eteklerindeki bir tepede yer alan m\u00fcze, 9 May\u0131s 1981&#8217;de (Zafer Bayram\u0131) Sovyet Lideri Leonid Brezhnev&#8217;in de kat\u0131ld\u0131\u011f\u0131 bir t\u00f6renle a\u00e7\u0131lm\u0131\u015f. 21 Haziran 1996&#8217;da Ukrayna devleti taraf\u0131ndan \u00fclke tarihine \u0131\u015f\u0131k tutan b\u00f6l\u00fcmlerin de eklenmesiyle \u00fclkenin en b\u00fcy\u00fck tarih m\u00fczesi unvan\u0131na kavu\u015fan m\u00fcze, Vatan An\u0131t\u0131 ile ayn\u0131 b\u00f6lgede yer al\u0131yor.<\/p>\n\n\n\n<h3 class=\"wp-block-heading has-text-align-center has-neeon-button-dark-gray-color has-text-color has-link-color wp-elements-24e63d8979c7d5a57626c147bd98036c\"><span class=\"ez-toc-section\" id=\"14_kiev_dogu_ve_bati_sanatlari_muzesi\"><\/span><strong><strong><strong><strong>14. Kiev Do\u011fu ve Bat\u0131 Sanatlar\u0131 M\u00fczesi<\/strong><\/strong><\/strong><\/strong><span class=\"ez-toc-section-end\"><\/span><\/h3>\n\n\n\n<p><strong>Kiev Do\u011fu ve Bat\u0131 Sanatlar\u0131 M\u00fczesi<\/strong> (Museum of Western and Oriental Art), Ukrayna&#8217;daki en b\u00fcy\u00fck yabanc\u0131 sanat koleksiyonuna sahip m\u00fcze. M\u00fcze, Ukrayna ve d\u00fcnyan\u0131n farkl\u0131 \u00fclkelerinden tablo, heykel, oymac\u0131l\u0131k, Bat\u0131 Avrupa, Orta ve Uzak Do\u011fu dekoratif sanat eserlerinin yan\u0131 s\u0131ra e\u015fsiz Antik \u00c7a\u011f koleksiyonuyla tan\u0131n\u0131yor. <\/p>\n\n\n\n<p>Bogdan ve Varvara Khanenko Sanat M\u00fczesi olarak da bilinen m\u00fczenin zengin koleksiyonu i\u00e7erisinde, Antik Yunan, Roma, Fransa, \u0130talya, Japon, T\u00fcrk, M\u0131s\u0131r ve daha pek \u00e7ok k\u00fclt\u00fcre ait eserlerin yan\u0131 s\u0131ra, kilise vitraylar\u0131, cam i\u015flemeleri, fildi\u015fi eserler, ikonalar, kuma\u015flar ve Bizans sergileri yer al\u0131yor.<\/p>\n\n\n\n<h3 class=\"wp-block-heading has-text-align-center has-neeon-button-dark-gray-color has-text-color has-link-color wp-elements-7e21c69157bce5726fecb98ca92d2e7b\"><span class=\"ez-toc-section\" id=\"15_babi_yar\"><\/span><strong><strong><strong><strong>15. Babi Yar<\/strong><\/strong><\/strong><\/strong><span class=\"ez-toc-section-end\"><\/span><\/h3>\n\n\n\n<p><strong>Babi Yar<\/strong>, Kiev yak\u0131nlar\u0131ndaki bir da\u011f ge\u00e7idi. II. D\u00fcnya Sava\u015f\u0131 s\u0131ras\u0131nda Ukrayna&#8217;y\u0131 i\u015fgal eden Nazi g\u00fc\u00e7lerinin 29-30 Eyl\u00fcl 1941&#8217;de 33 bin 771 Yahudiyi \u00f6ld\u00fcrd\u00fc\u011f\u00fc Babi Yar Ge\u00e7idi, tarihin en ac\u0131 olaylar\u0131ndan birine ev sahipli\u011fi yap\u0131yor. Her y\u0131l 29 Eyl\u00fcl&#8217;de Nazi i\u015fgali s\u0131ras\u0131nda sevdiklerini ve ailelerini kaybeden insanlar\u0131n bir araya gelerek t\u00f6ren d\u00fczenledi\u011fi Babi Yar, Kiev&#8217;de en \u00e7ok ziyaret edilen turistik noktalardan biri.<\/p>\n\n\n\n<h2 class=\"wp-block-heading has-text-align-center has-neeon-button-dark-gray-color has-text-color has-link-color wp-elements-04c76158784767245b0a002472bc59b5\"><span class=\"ez-toc-section\" id=\"kieve_nasil_gidilir\"><\/span><strong><strong><strong><strong>Kiev&#8217;e nas\u0131l gidilir<\/strong><\/strong><\/strong><\/strong><span class=\"ez-toc-section-end\"><\/span><\/h2>\n\n\n\n<p>Kiev\u2019e \u0130stanbul\u2019dan haftan\u0131n 7 g\u00fcn\u00fc direkt u\u00e7ak seferi bulunuyor. \u0130stanbul Havaliman\u0131&#8217;ndan T\u00fcrk Hava Yollar\u0131 ve Ukrayna Hava Yollar\u0131&#8217;n\u0131n, Sabiha G\u00f6k\u00e7en Havaliman\u0131&#8217;ndan ise Pegasus Havayollar\u0131&#8217;n\u0131n Kiev&#8217;e direkt seferleri var. <\/p>\n\n\n\n<p>Ukrayna Hava Yollar\u0131, d\u00f6nemsel olarak Ankara ve \u0130zmir&#8217;den de Kiev&#8217;e direkt u\u00e7ak seferleri d\u00fczenliyor. \u0130stanbul-Kiev u\u00e7u\u015f s\u00fcresi 2 saat. <strong><a href=\"https:\/\/www.turna.com\/yurtdisi-ucak-bileti\">Yurtd\u0131\u015f\u0131 u\u00e7ak bileti<\/a> <\/strong>se\u00e7eneklerine g\u00f6z at\u0131n.<\/p>\n\n\n\n<p>Kiev&#8217;de iki uluslararas\u0131 havaliman\u0131 bulunuyor. Boryspil ve Zhuliany havalimanlar\u0131ndan hem \u00fclke i\u00e7indeki noktalara hem de d\u00fcnyan\u0131n bir\u00e7ok noktas\u0131na direkt u\u00e7ak seferi bulunuyor. Zhuliany Havaliman\u0131, Kiev \u015fehir merkezine yakla\u015f\u0131k 8 km uzakl\u0131kta. Bu havaliman\u0131 ayn\u0131 zamanda Uluslararas\u0131 Kiev Havaliman\u0131 olarak da biliniyor. Boryspil Havaliman\u0131 ise 35 km mesafede yer al\u0131yor. <\/p>\n\n\n\n<p>Ukrayna&#8217;n\u0131n ba\u015fkenti ve en b\u00fcy\u00fck \u015fehri <strong>Kiev<\/strong>, yemye\u015fil do\u011fusu, Dinyeper Nehri&#8217;nin ihti\u015faml\u0131 manzaras\u0131na sahip k\u0131y\u0131 \u015feridi, g\u00f6rkemli kilise ve katedralleri, Sovyet esintili geni\u015f cadde ve devasa meydanlar\u0131yla Do\u011fu Avrupa&#8217;n\u0131n en \u00f6zg\u00fcn g\u00f6zde turizm destinasyonlar\u0131ndan.<\/p>\n\n    <div class=\"xs_social_share_widget xs_share_url after_content \t\tmain_content  wslu-style-1 wslu-share-box-shaped wslu-fill-colored wslu-none wslu-share-horizontal wslu-theme-font-no wslu-main_content\">\n\n\t\t\n        <ul>\n\t\t\t        <\/ul>\n    <\/div> \n","protected":false},"excerpt":{"rendered":"<p>Kiev, Dinyeper Nehrinin iki yakas\u0131nda kurulu, yemye\u015fil dokusunu yans\u0131tan geni\u015f park ve bah\u00e7eleri, g\u00f6lleri, Slav k\u00fclt\u00fcr\u00fcn\u00fcn temsilcisi kilise ve katedralleri, Sovyet d\u00f6neminin izlerini ta\u015f\u0131yan geni\u015f caddeleri ve devasa meydanlar\u0131 ile Ukrayna&#8217;n\u0131n ba\u015fkenti ve en b\u00fcy\u00fck \u015fehri. Do\u011fu Avrupa\u2019n\u0131n da en eski ve b\u00fcy\u00fck \u015fehirleri aras\u0131nda yer alan Kiev, zengin tarihi ge\u00e7mi\u015fi ve k\u00fclt\u00fcrel miras\u0131n\u0131n yan\u0131 [&hellip;]<\/p>\n","protected":false},"author":9,"featured_media":18366,"comment_status":"open","ping_status":"open","sticky":false,"template":"","format":"standard","meta":{"rop_custom_images_group":[],"rop_custom_messages_group":[],"rop_publish_now":"initial","rop_publish_now_accounts":[],"rop_publish_now_history":[],"rop_publish_now_status":"pending","_cloudinary_featured_overwrite":false,"footnotes":""},"categories":[986],"tags":[984,559],"class_list":["post-18273","post","type-post","status-publish","format-standard","has-post-thumbnail","hentry","category-ukrayna","tag-kiev","tag-ukrayna"],"_links":{"self":[{"href":"https:\/\/www.turna.com\/blog\/wp-json\/wp\/v2\/posts\/18273","targetHints":{"allow":["GET"]}}],"collection":[{"href":"https:\/\/www.turna.com\/blog\/wp-json\/wp\/v2\/posts"}],"about":[{"href":"https:\/\/www.turna.com\/blog\/wp-json\/wp\/v2\/types\/post"}],"author":[{"embeddable":true,"href":"https:\/\/www.turna.com\/blog\/wp-json\/wp\/v2\/users\/9"}],"replies":[{"embeddable":true,"href":"https:\/\/www.turna.com\/blog\/wp-json\/wp\/v2\/comments?post=18273"}],"version-history":[{"count":0,"href":"https:\/\/www.turna.com\/blog\/wp-json\/wp\/v2\/posts\/18273\/revisions"}],"wp:featuredmedia":[{"embeddable":true,"href":"https:\/\/www.turna.com\/blog\/wp-json\/wp\/v2\/media\/18366"}],"wp:attachment":[{"href":"https:\/\/www.turna.com\/blog\/wp-json\/wp\/v2\/media?parent=18273"}],"wp:term":[{"taxonomy":"category","embeddable":true,"href":"https:\/\/www.turna.com\/blog\/wp-json\/wp\/v2\/categories?post=18273"},{"taxonomy":"post_tag","embeddable":true,"href":"https:\/\/www.turna.com\/blog\/wp-json\/wp\/v2\/tags?post=18273"}],"curies":[{"name":"wp","href":"https:\/\/api.w.org\/{rel}","templated":true}]}}