{"id":18150,"date":"2021-01-12T09:11:00","date_gmt":"2021-01-12T06:11:00","guid":{"rendered":"https:\/\/www.turna.com\/blog\/?p=18150"},"modified":"2025-12-10T17:09:31","modified_gmt":"2025-12-10T14:09:31","slug":"bergen-gezi-rehberi","status":"publish","type":"post","link":"https:\/\/www.turna.com\/blog\/bergen-gezi-rehberi","title":{"rendered":"Bergen Gezi Rehberi"},"content":{"rendered":"<div id=\"ez-toc-container\" class=\"ez-toc-v2_0_82_2 counter-hierarchy ez-toc-counter ez-toc-black ez-toc-container-direction\">\n<div class=\"ez-toc-title-container\">\n<p class=\"ez-toc-title\" style=\"cursor:inherit\">\u0130\u00e7indekiler<\/p>\n<span class=\"ez-toc-title-toggle\"><a href=\"#\" class=\"ez-toc-pull-right ez-toc-btn ez-toc-btn-xs ez-toc-btn-default ez-toc-toggle\" aria-label=\"\u0130\u00e7indekiler Tablosunu A\u00e7\/Kapat\"><span class=\"ez-toc-js-icon-con\"><span class=\"\"><span class=\"eztoc-hide\" style=\"display:none;\">Toggle<\/span><span class=\"ez-toc-icon-toggle-span\"><svg style=\"fill: #ffffff;color:#ffffff\" xmlns=\"http:\/\/www.w3.org\/2000\/svg\" class=\"list-377408\" width=\"20px\" height=\"20px\" viewBox=\"0 0 24 24\" fill=\"none\"><path d=\"M6 6H4v2h2V6zm14 0H8v2h12V6zM4 11h2v2H4v-2zm16 0H8v2h12v-2zM4 16h2v2H4v-2zm16 0H8v2h12v-2z\" fill=\"currentColor\"><\/path><\/svg><svg style=\"fill: #ffffff;color:#ffffff\" class=\"arrow-unsorted-368013\" xmlns=\"http:\/\/www.w3.org\/2000\/svg\" width=\"10px\" height=\"10px\" viewBox=\"0 0 24 24\" version=\"1.2\" baseProfile=\"tiny\"><path d=\"M18.2 9.3l-6.2-6.3-6.2 6.3c-.2.2-.3.4-.3.7s.1.5.3.7c.2.2.4.3.7.3h11c.3 0 .5-.1.7-.3.2-.2.3-.5.3-.7s-.1-.5-.3-.7zM5.8 14.7l6.2 6.3 6.2-6.3c.2-.2.3-.5.3-.7s-.1-.5-.3-.7c-.2-.2-.4-.3-.7-.3h-11c-.3 0-.5.1-.7.3-.2.2-.3.5-.3.7s.1.5.3.7z\"\/><\/svg><\/span><\/span><\/span><\/a><\/span><\/div>\n<nav><ul class='ez-toc-list ez-toc-list-level-1 eztoc-toggle-hide-by-default' ><li class='ez-toc-page-1 ez-toc-heading-level-2'><a class=\"ez-toc-link ez-toc-heading-1\" href=\"https:\/\/www.turna.com\/blog\/bergen-gezi-rehberi\/#bergen_gezi_rehberi\" >Bergen Gezi Rehberi<\/a><ul class='ez-toc-list-level-3' ><li class='ez-toc-heading-level-3'><a class=\"ez-toc-link ez-toc-heading-2\" href=\"https:\/\/www.turna.com\/blog\/bergen-gezi-rehberi\/#bergen_gezilecek_yerler\" >Bergen Gezilecek Yerler<\/a><\/li><li class='ez-toc-page-1 ez-toc-heading-level-3'><a class=\"ez-toc-link ez-toc-heading-3\" href=\"https:\/\/www.turna.com\/blog\/bergen-gezi-rehberi\/#1_bryggen\" >1. Bryggen<\/a><\/li><li class='ez-toc-page-1 ez-toc-heading-level-3'><a class=\"ez-toc-link ez-toc-heading-4\" href=\"https:\/\/www.turna.com\/blog\/bergen-gezi-rehberi\/#2_bergen_old_town\" >2. Bergen Old Town<\/a><\/li><li class='ez-toc-page-1 ez-toc-heading-level-3'><a class=\"ez-toc-link ez-toc-heading-5\" href=\"https:\/\/www.turna.com\/blog\/bergen-gezi-rehberi\/#3_bergenhus_kalesi_ve_rosenkrantz_kulesi\" >3. Bergenhus Kalesi ve Rosenkrantz Kulesi<\/a><\/li><li class='ez-toc-page-1 ez-toc-heading-level-3'><a class=\"ez-toc-link ez-toc-heading-6\" href=\"https:\/\/www.turna.com\/blog\/bergen-gezi-rehberi\/#4_bergen_sanat_muzesi_ve_bergen_dekoratif_sanatlar_muzesi\" >4. Bergen Sanat M\u00fczesi ve Bergen Dekoratif Sanatlar M\u00fczesi<\/a><\/li><li class='ez-toc-page-1 ez-toc-heading-level-3'><a class=\"ez-toc-link ez-toc-heading-7\" href=\"https:\/\/www.turna.com\/blog\/bergen-gezi-rehberi\/#5_gamlehaugen_sarayi\" >5. Gamlehaugen Saray\u0131<\/a><\/li><li class='ez-toc-page-1 ez-toc-heading-level-3'><a class=\"ez-toc-link ez-toc-heading-8\" href=\"https:\/\/www.turna.com\/blog\/bergen-gezi-rehberi\/#bergen_yeme_ve_icme\" >Bergen yeme ve i\u00e7me<\/a><\/li><li class='ez-toc-page-1 ez-toc-heading-level-3'><a class=\"ez-toc-link ez-toc-heading-9\" href=\"https:\/\/www.turna.com\/blog\/bergen-gezi-rehberi\/#bergen_alisveris\" >Bergen al\u0131\u015fveri\u015f<\/a><\/li><li class='ez-toc-page-1 ez-toc-heading-level-3'><a class=\"ez-toc-link ez-toc-heading-10\" href=\"https:\/\/www.turna.com\/blog\/bergen-gezi-rehberi\/#bergen_konaklama\" >Bergen konaklama<\/a><\/li><li class='ez-toc-page-1 ez-toc-heading-level-3'><a class=\"ez-toc-link ez-toc-heading-11\" href=\"https:\/\/www.turna.com\/blog\/bergen-gezi-rehberi\/#bergene_nasil_gidilir\" >Bergen\u2019e nas\u0131l gidilir<\/a><\/li><\/ul><\/li><\/ul><\/nav><\/div>\n\n<p><strong>Bergen<\/strong>, Norve\u00e7\u2019in ba\u015fkent Oslo\u2019dan sonra ikinci b\u00fcy\u00fck kenti. Norve\u00e7\u2019in en \u00e7ok ziyaret edilen turistik b\u00f6lgesi olan Bergen, Orta \u00c7a\u011f\u2019dan g\u00fcn\u00fcm\u00fcze dek varl\u0131\u011f\u0131n\u0131 s\u00fcrd\u00fcren bir liman \u015fehri. \u00dclkede fiyort turlar\u0131n\u0131n ba\u015flang\u0131\u00e7 noktas\u0131 olan Bergen, Norve\u00e7&#8217;in g\u00fcneybat\u0131 k\u0131y\u0131s\u0131nda, 1229\u2019a dek \u00fclkesine ba\u015fkentlik yapm\u0131\u015f bir yerle\u015fim.<\/p>\n\n\n\n<p>T\u00fcm Avrupa\u2019da sa\u011fanak ya\u011f\u0131\u015f\u0131yla bilinen Bergen, ayn\u0131 zamanda da Gulf Stream ak\u0131nt\u0131s\u0131 sayesinde Norve\u00e7&#8217;in en s\u0131cak \u015fehirlerinden biri. 14 ve 16\u2019\u0131nc\u0131 alt\u0131nc\u0131 y\u00fczy\u0131llarda Hansa Ticaret \u0130mparatorlu\u011fu\u2019nun en \u00f6nemli ticaret limanlar\u0131ndan biri olan kent, \u00fclkenin Hordaland Eyaletinin de en b\u00fcy\u00fck ikinci \u015fehri.<\/p>\n\n\n\n<figure class=\"wp-block-image size-large\"><img width=\"800\" height=\"500\" data-public-id=\"bergen-gezilecek-yerler\/bergen-gezilecek-yerler.jpg\" fetchpriority=\"high\" decoding=\"async\" src=\"https:\/\/res.cloudinary.com\/turna\/images\/w_800,h_500,c_scale\/f_auto,q_auto:low\/v1610950789\/bergen-gezilecek-yerler\/bergen-gezilecek-yerler.jpg?_i=AA\" alt=\"bergen gezilecek yerler\" class=\"wp-post-18150 wp-image-18347\" data-format=\"jpg\" data-transformations=\"f_auto,q_auto:low\" data-version=\"1610950789\" data-seo=\"1\" srcset=\"https:\/\/res.cloudinary.com\/turna\/images\/f_auto,q_auto:low\/v1610950789\/bergen-gezilecek-yerler\/bergen-gezilecek-yerler.jpg?_i=AA 800w, https:\/\/res.cloudinary.com\/turna\/images\/w_300,h_188,c_scale\/f_auto,q_auto:low\/v1610950789\/bergen-gezilecek-yerler\/bergen-gezilecek-yerler.jpg?_i=AA 300w, https:\/\/res.cloudinary.com\/turna\/images\/w_672,h_420,c_scale\/f_auto,q_auto:low\/v1610950789\/bergen-gezilecek-yerler\/bergen-gezilecek-yerler.jpg?_i=AA 672w, https:\/\/res.cloudinary.com\/turna\/images\/w_640,h_400,c_scale\/f_auto,q_auto:low\/v1610950789\/bergen-gezilecek-yerler\/bergen-gezilecek-yerler.jpg?_i=AA 640w, https:\/\/res.cloudinary.com\/turna\/images\/w_681,h_426,c_scale\/f_auto,q_auto:low\/v1610950789\/bergen-gezilecek-yerler\/bergen-gezilecek-yerler.jpg?_i=AA 681w\" sizes=\"(max-width: 800px) 100vw, 800px\" \/><\/figure>\n\n\n\n<h2 class=\"wp-block-heading has-text-align-center has-neeon-button-dark-gray-color has-text-color has-link-color wp-elements-20fb176945d6d37ff96fd17cdaedcf7d\"><span class=\"ez-toc-section\" id=\"bergen_gezi_rehberi\"><\/span><strong><strong><strong><strong>Bergen Gezi Rehberi<\/strong><\/strong><\/strong><\/strong><span class=\"ez-toc-section-end\"><\/span><\/h2>\n\n\n\n<p>Norve\u00e7&#8217;e dair t\u00fcm g\u00fczel \u00f6zelliklere sahip olmas\u0131yla mini Norve\u00e7 olarak adland\u0131r\u0131lan Bergen, \u00fclkeye dair ke\u015ffedilmeyi bekleyen t\u00fcm sorular\u0131n\u0131z\u0131 yan\u0131tlayacak kadar dolu bir \u015fehir. Norve\u00e7&#8217;in bat\u0131 sahillerinde bulunan ve UNESCO D\u00fcnya Miras Alan\u0131 kapsam\u0131nda yer alan b\u00fcy\u00fcleyici fiyortlara ev sahipli\u011fi yapan Bergen, bat\u0131 Norve\u00e7 fiyortlar\u0131n\u0131 ziyaret etmek isteyenlerin ge\u00e7i\u015f noktas\u0131nda bulunuyor.<\/p>\n\n\n\n<p>Do\u011fal g\u00fczelliklerinin yan\u0131nda \u00fclkenin en g\u00f6zde t\u0131rmanma ve da\u011f y\u00fcr\u00fcy\u00fc\u015f\u00fc parkurlar\u0131 da, \u015fehrin hemen d\u0131\u015f\u0131ndaki k\u0131rsal alanlarda yer al\u0131yor. Norve\u00e7 mutfa\u011f\u0131n\u0131 yans\u0131tan lezzetleri ve gece hayat\u0131yla da \u00fclkenin en aktif kenti olan Bergen, Kuzey Denizi\u2019ne a\u00e7\u0131lan liman\u0131 ve \u015fehri \u00e7evreleyen reng\u00e2renk boyal\u0131 tahtadan evleriyle tipik Norve\u00e7 atmosferine sahip.<\/p>\n\n\n\n<h3 class=\"wp-block-heading has-text-align-center has-neeon-button-dark-gray-color has-text-color has-link-color wp-elements-3d6a87f528b1ce9606eb7cf94cc5b1db\"><span class=\"ez-toc-section\" id=\"bergen_gezilecek_yerler\"><\/span><strong><strong><strong><strong>Bergen Gezilecek Yerler<\/strong><\/strong><\/strong><\/strong><span class=\"ez-toc-section-end\"><\/span><\/h3>\n\n\n\n<p>Sivri \u00e7at\u0131l\u0131, reng\u00e2renk kuzey evlerinin bulundu\u011fu sokaklardan y\u00fcr\u00fcyerek Bergen\u2019i ke\u015ffetmeye ba\u015flayabilirsiniz. Vagen Koyu&#8217;nun bitti\u011fi yerde kurulan Bal\u0131k Pazar\u0131 \u015fehrin \u00f6nemli noktalar\u0131ndan. Orjinal ad\u0131 Fisketorget olan pazarda onlarca \u00e7e\u015fit bal\u0131k ve deniz \u00fcr\u00fcn\u00fcn\u00fc sat\u0131l\u0131yor ve an\u0131nda pi\u015firilip servis ediliyor.<\/p>\n\n\n\n<p>Bal\u0131k Pazar\u0131&#8217;n\u0131n ilerisinde ise trafi\u011fe kapal\u0131 olan Torgalmenningen Meydan\u0131 yer al\u0131yor. Buras\u0131 ayn\u0131 zamanda her t\u00fcrl\u00fc d\u00fckk\u00e2n\u0131n bulundu\u011fu bir al\u0131\u015fveri\u015f caddesi.<\/p>\n\n\n\n<p>\u00c7e\u015fitli sokak sanat\u00e7\u0131lar\u0131n\u0131n bulundu\u011fu meydan\u0131n di\u011fer taraf\u0131nda depo, ofis, konaklama amac\u0131yla Hansa T\u00fcccarlar\u0131 taraf\u0131ndan yap\u0131lan Hansa Evlerinin bulundu\u011fu tarihi Bryggen B\u00f6lgesi yer al\u0131yor. Unesco D\u00fcnya Miras\u0131 Listesi&#8217;nde bulunan bu yap\u0131lar defalarca zarar g\u00f6rse de tekrar in\u015fa edilmi\u015f.<\/p>\n\n\n\n<p>Art\u0131k Bergen&#8217;de yang\u0131n tehlikesine kar\u015f\u0131 Hansa Evleri hari\u00e7 di\u011fer evlerin ah\u015faptan yap\u0131lmas\u0131na izin verilmiyor. Hansa Evleri&#8217;nin alt katlar\u0131nda ise turistik e\u015fya satan d\u00fckk\u00e2nlar bulunuyor. Ayr\u0131ca Gamble Bergen denilen t\u00fcm eski evlerin yap\u0131l\u0131p eski ya\u015fam tarz\u0131n\u0131n canland\u0131r\u0131ld\u0131\u011f\u0131 a\u00e7\u0131k hava m\u00fczesini de ziyaret edebilirsiniz.<\/p>\n\n\n\n<p>Bulundu\u011fu konum itibar\u0131 ile olduk\u00e7a ilgin\u00e7 bir yer olan Bergen\u2019den, Floyen ve Ulriken Tepelerine \u00e7\u0131kmadan d\u00f6nmeyin. Hi\u00e7 batmadan ufka de\u011fip ge\u00e7en g\u00fcne\u015fi g\u00f6rebilmek i\u00e7inse Norve\u00e7&#8217;in en kuzeyinde yer alan Tromso&#8217;ya kadar gitmek gerekiyor. Kuzey Kutup Dairesi&#8217;nin i\u00e7inde yer alan Tromso, Bergen&#8217;e yakla\u015f\u0131k 1500 km uzakl\u0131kta.<\/p>\n\n\n\n<p>Vagen Koyu&#8217;ndaki liman haricinde burnun di\u011fer taraf\u0131ndaki koyda da b\u00fcy\u00fck bir liman var. Fiyortlara da girerek kuzeye kadar giden vapurlar bu taraftaki limandan kalk\u0131yor. Buradan Bergen fiyortlar\u0131 denilince ilk akla gelen Sognefiyord\u2019a gitmek m\u00fcmk\u00fcn. Karayolu ile gidebilece\u011finiz mesafede bulunan Hardanger Fiyordu bir ba\u015fka se\u00e7enek.<\/p>\n\n\n\n<h3 class=\"wp-block-heading has-text-align-center has-neeon-button-dark-gray-color has-text-color has-link-color wp-elements-637a9894a60f0f806fec1d4ac5e52815\"><span class=\"ez-toc-section\" id=\"1_bryggen\"><\/span><strong><strong><strong><strong>1. Bryggen<\/strong><\/strong><\/strong><\/strong><span class=\"ez-toc-section-end\"><\/span><\/h3>\n\n\n\n<figure class=\"wp-block-image size-large\"><img width=\"800\" height=\"500\" data-public-id=\"Bergen-gezi-rehberi\/Bergen-gezi-rehberi.jpg\" decoding=\"async\" src=\"https:\/\/res.cloudinary.com\/turna\/images\/w_800,h_500,c_scale\/f_auto,q_auto:low\/v1610951388\/Bergen-gezi-rehberi\/Bergen-gezi-rehberi.jpg?_i=AA\" alt=\"Bergen gezi rehberi\" class=\"wp-post-18150 wp-image-18349\" data-format=\"jpg\" data-transformations=\"f_auto,q_auto:low\" data-version=\"1610951388\" data-seo=\"1\" srcset=\"https:\/\/res.cloudinary.com\/turna\/images\/f_auto,q_auto:low\/v1610951388\/Bergen-gezi-rehberi\/Bergen-gezi-rehberi.jpg?_i=AA 800w, https:\/\/res.cloudinary.com\/turna\/images\/w_300,h_188,c_scale\/f_auto,q_auto:low\/v1610951388\/Bergen-gezi-rehberi\/Bergen-gezi-rehberi.jpg?_i=AA 300w, https:\/\/res.cloudinary.com\/turna\/images\/w_672,h_420,c_scale\/f_auto,q_auto:low\/v1610951388\/Bergen-gezi-rehberi\/Bergen-gezi-rehberi.jpg?_i=AA 672w, https:\/\/res.cloudinary.com\/turna\/images\/w_640,h_400,c_scale\/f_auto,q_auto:low\/v1610951388\/Bergen-gezi-rehberi\/Bergen-gezi-rehberi.jpg?_i=AA 640w, https:\/\/res.cloudinary.com\/turna\/images\/w_681,h_426,c_scale\/f_auto,q_auto:low\/v1610951388\/Bergen-gezi-rehberi\/Bergen-gezi-rehberi.jpg?_i=AA 681w\" sizes=\"(max-width: 800px) 100vw, 800px\" \/><\/figure>\n\n\n\n<p><strong>Bergen Liman\u0131<\/strong> k\u0131y\u0131s\u0131nda yer alan ve reng\u00e2renk biti\u015fik ah\u015fap evleriyle Bergen\u2019in en sevimli b\u00f6lgesi olan <strong>Bryggen<\/strong>, Orta \u00c7a\u011f\u2019da kentin ticaret merkezi olmu\u015f. UNESCO D\u00fcnya Miras\u0131 Listesinde bulunan Bryggen\u2019de bulunan<strong> <\/strong>Bryggens M\u00fczesi\u2019nde semtin ge\u00e7mi\u015fine do\u011fru keyifli bir yolculu\u011fa \u00e7\u0131kabilir, sergilenen arkeolojik buluntular\u0131, yerel objeleri ve deniz ticaretine ili\u015fkin bilgi ve belgeleri g\u00f6rebilirsiniz.<\/p>\n\n\n\n<h3 class=\"wp-block-heading has-text-align-center has-neeon-button-dark-gray-color has-text-color has-link-color wp-elements-b76673166ad140f93fa4910b5ecf26e6\"><span class=\"ez-toc-section\" id=\"2_bergen_old_town\"><\/span><strong><strong><strong><strong>2. Bergen Old Town<\/strong><\/strong><\/strong><\/strong><span class=\"ez-toc-section-end\"><\/span><\/h3>\n\n\n\n<p><strong>Bergen Old Town<\/strong>, Bergen\u2019in nostaljik atmosferini ya\u015fatmak amac\u0131yla sonradan in\u015fa edilmi\u015f 50 ah\u015fap evden olu\u015fan bir b\u00f6lge. Eski \u015eehir i\u00e7erisinde 18, 19 ve 20. y\u00fczy\u0131llara ait Bergen evlerinin yan\u0131 s\u0131ra, tarihin de\u011fi\u015fik d\u00f6nemlerine \u00f6zg\u00fc i\u015fyeri ve ma\u011fazalarla zamanda keyifli bir yolculu\u011fa \u00e7\u0131kabilirsiniz.<\/p>\n\n\n\n<h3 class=\"wp-block-heading has-text-align-center has-neeon-button-dark-gray-color has-text-color has-link-color wp-elements-b2d53dbd07f1d6c057ee40c9e40a7a51\"><span class=\"ez-toc-section\" id=\"3_bergenhus_kalesi_ve_rosenkrantz_kulesi\"><\/span><strong><strong><strong><strong>3. Bergenhus Kalesi ve Rosenkrantz Kulesi<\/strong><\/strong><\/strong><\/strong><span class=\"ez-toc-section-end\"><\/span><\/h3>\n\n\n\n<figure class=\"wp-block-image size-large\"><img width=\"800\" height=\"500\" data-public-id=\"Bergenhus\/Bergenhus.jpg\" decoding=\"async\" src=\"https:\/\/res.cloudinary.com\/turna\/images\/w_800,h_500,c_scale\/f_auto,q_auto:low\/v1610951791\/Bergenhus\/Bergenhus.jpg?_i=AA\" alt=\"Bergenhus\" class=\"wp-post-18150 wp-image-18351\" data-format=\"jpg\" data-transformations=\"f_auto,q_auto:low\" data-version=\"1610951791\" data-seo=\"1\" srcset=\"https:\/\/res.cloudinary.com\/turna\/images\/f_auto,q_auto:low\/v1610951791\/Bergenhus\/Bergenhus.jpg?_i=AA 800w, https:\/\/res.cloudinary.com\/turna\/images\/w_300,h_188,c_scale\/f_auto,q_auto:low\/v1610951791\/Bergenhus\/Bergenhus.jpg?_i=AA 300w, https:\/\/res.cloudinary.com\/turna\/images\/w_672,h_420,c_scale\/f_auto,q_auto:low\/v1610951791\/Bergenhus\/Bergenhus.jpg?_i=AA 672w, https:\/\/res.cloudinary.com\/turna\/images\/w_640,h_400,c_scale\/f_auto,q_auto:low\/v1610951791\/Bergenhus\/Bergenhus.jpg?_i=AA 640w, https:\/\/res.cloudinary.com\/turna\/images\/w_681,h_426,c_scale\/f_auto,q_auto:low\/v1610951791\/Bergenhus\/Bergenhus.jpg?_i=AA 681w\" sizes=\"(max-width: 800px) 100vw, 800px\" \/><\/figure>\n\n\n\n<p>Norve\u00e7\u2019in g\u00fcn\u00fcm\u00fcze dek gelmeyi ba\u015faran en iyi korunmu\u015f kalesi olan <strong>Bergenhus Kalesi<\/strong>, yap\u0131ld\u0131\u011f\u0131 tarih olan 13. y\u00fczy\u0131ldan itibaren Norve\u00e7 krallar\u0131n\u0131n saray\u0131 olarak kullan\u0131lm\u0131\u015f. 2. D\u00fcnya Sava\u015f\u0131 esnas\u0131nda zarar g\u00f6rd\u00fc\u011f\u00fcnden, sava\u015f\u0131n ard\u0131ndan yenilenmi\u015f.<\/p>\n\n\n\n<p>Bergenhus Kalesi\u2019nin hemen yan\u0131nda, 1270\u2019lilerde in\u015fa edilen<strong> Rosenkrantz Kulesi<\/strong> ile Bergenhus Kalesi s\u0131n\u0131rlar\u0131 i\u00e7erisinde yer alan ve 13.y\u00fczy\u0131lda bah\u00e7esi kraliyet mensuplar\u0131n\u0131n mezarl\u0131\u011f\u0131 olarak kullan\u0131lan <strong>\u0130sa Kilisesi<\/strong>\u2019ni ziyaret edebilirsiniz.<\/p>\n\n\n\n<h3 class=\"wp-block-heading has-text-align-center has-neeon-button-dark-gray-color has-text-color has-link-color wp-elements-e2450cef4977b05eeea6e94d14aa9d36\"><span class=\"ez-toc-section\" id=\"4_bergen_sanat_muzesi_ve_bergen_dekoratif_sanatlar_muzesi\"><\/span><strong><strong><strong><strong>4. Bergen Sanat M\u00fczesi ve Bergen Dekoratif Sanatlar M\u00fczesi<\/strong><\/strong><\/strong><\/strong><span class=\"ez-toc-section-end\"><\/span><\/h3>\n\n\n\n<p>Bergen kent merkezindeki Lille Lungeg\u00e5rdsvann G\u00f6l\u00fc k\u0131y\u0131s\u0131nda yer alan <strong>Bergen Sanat M\u00fczesi<\/strong>\u2019nde \u00fcnl\u00fc Rasmus Meyer koleksiyonunu, Oslo d\u0131\u015f\u0131nda sergilenen en iyi Edvard Munch \u00e7al\u0131\u015fmalar\u0131n\u0131 ve di\u011fer g\u00f6zde Norve\u00e7li ressamlar\u0131n eserlerini g\u00f6rebilirsiniz.<\/p>\n\n\n\n<p><strong>Bergen Dekoratif Sanatlar M\u00fczesi <\/strong>ise, Norve\u00e7\u2019teki en b\u00fcy\u00fck \u00c7in resimleri koleksiyonuna sahip. Dekoratif sanat eserleri ile farkl\u0131 tasar\u0131m \u00fcr\u00fcnlerini modern ve radikal sergiler e\u015fli\u011finde sunmas\u0131yla \u00fcnl\u00fc.<\/p>\n\n\n\n<h3 class=\"wp-block-heading has-text-align-center has-neeon-button-dark-gray-color has-text-color has-link-color wp-elements-2c97c259900bb43c26f49d0f42065761\"><span class=\"ez-toc-section\" id=\"5_gamlehaugen_sarayi\"><\/span><strong><strong><strong><strong>5. Gamlehaugen Saray\u0131<\/strong><\/strong><\/strong><\/strong><span class=\"ez-toc-section-end\"><\/span><\/h3>\n\n\n\n<figure class=\"wp-block-image size-large\"><img width=\"800\" height=\"500\" data-public-id=\"Gamlehaugen\/Gamlehaugen.jpg\" loading=\"lazy\" decoding=\"async\" src=\"https:\/\/res.cloudinary.com\/turna\/images\/w_800,h_500,c_scale\/f_auto,q_auto:low\/v1610952172\/Gamlehaugen\/Gamlehaugen.jpg?_i=AA\" alt=\"Gamlehaugen\" class=\"wp-post-18150 wp-image-18352\" data-format=\"jpg\" data-transformations=\"f_auto,q_auto:low\" data-version=\"1610952172\" data-seo=\"1\" srcset=\"https:\/\/res.cloudinary.com\/turna\/images\/f_auto,q_auto:low\/v1610952172\/Gamlehaugen\/Gamlehaugen.jpg?_i=AA 800w, https:\/\/res.cloudinary.com\/turna\/images\/w_300,h_188,c_scale\/f_auto,q_auto:low\/v1610952172\/Gamlehaugen\/Gamlehaugen.jpg?_i=AA 300w, https:\/\/res.cloudinary.com\/turna\/images\/w_672,h_420,c_scale\/f_auto,q_auto:low\/v1610952172\/Gamlehaugen\/Gamlehaugen.jpg?_i=AA 672w, https:\/\/res.cloudinary.com\/turna\/images\/w_640,h_400,c_scale\/f_auto,q_auto:low\/v1610952172\/Gamlehaugen\/Gamlehaugen.jpg?_i=AA 640w, https:\/\/res.cloudinary.com\/turna\/images\/w_681,h_426,c_scale\/f_auto,q_auto:low\/v1610952172\/Gamlehaugen\/Gamlehaugen.jpg?_i=AA 681w\" sizes=\"(max-width: 800px) 100vw, 800px\" \/><\/figure>\n\n\n\n<p>Bergen \u015fehir merkezinin 2 km g\u00fcneyindeki Gamlehaugen banliy\u00f6s\u00fc i\u00e7erisinde bulunan <strong>Gamlehaugen Saray\u0131<\/strong>, \u00fclkenin \u0130sve\u00e7 himayesinden kurtulu\u015funda b\u00fcy\u00fck role sahip eski ba\u015fbakan\u0131n konutuyken g\u00fcn\u00fcm\u00fczde ise kraliyet ailesinin evi olarak kullan\u0131l\u0131yor. Saray ve muhte\u015fem g\u00fczellikteki yemye\u015fil bah\u00e7esi, rehber e\u015fli\u011finde gezilebiliyor.<\/p>\n\n\n\n<h3 class=\"wp-block-heading has-text-align-center has-neeon-button-dark-gray-color has-text-color has-link-color wp-elements-9a534b15f425044263a144544145c338\"><span class=\"ez-toc-section\" id=\"bergen_yeme_ve_icme\"><\/span><strong><strong><strong><strong>Bergen yeme ve i\u00e7me<\/strong><\/strong><\/strong><\/strong><span class=\"ez-toc-section-end\"><\/span><\/h3>\n\n\n\n<p>Norve\u00e7 mutfa\u011f\u0131 bal\u0131k ve deniz \u00fcr\u00fcnleri \u00fczerine kurulu olsa da Bergen&#8217;de her t\u00fcrl\u00fc damak tad\u0131na hitap eden lezzeti bulman\u0131z m\u00fcmk\u00fcn. Norve\u00e7 mutfa\u011f\u0131n\u0131n temelini k\u0131rsal alanlarda pi\u015firilen doyurucu, besleyici ve kolay bulunan malzemelerle \u00fcretilen yemekler olu\u015fturuyor. Yerel spesiyaller haricinde \u015fehirde Akdeniz, Japon ve Meksika Amerikan mutfaklar\u0131 da bir hayli pop\u00fcler.<\/p>\n\n\n\n<p>Bergen\u2019de, Norve\u00e7 mutfa\u011f\u0131nda oldu\u011fu gibi, sofralar\u0131n ana yeme\u011fi olan bal\u0131k ve deniz \u00fcr\u00fcnleri d\u0131\u015f\u0131nda kentte geyik eti de olduk\u00e7a fazla t\u00fcketiliyor. Norve\u00e7 t\u00fcrl\u00fcs\u00fc, geyik kebab\u0131 ve somon f\u00fcmenin yan\u0131 s\u0131ra bal\u0131k \u00e7orbas\u0131 ve patates mant\u0131s\u0131 olan raspeballer Bergen\u2019in en pop\u00fcler yemeklerinden.<\/p>\n\n\n\n<p>Bergen mutfa\u011f\u0131nda kullan\u0131lan temel yiyecekler aras\u0131nda ren geyi\u011fi eti, morina bal\u0131\u011f\u0131, ke\u00e7i peyniri ve kurutulmu\u015f tuzsuz bal\u0131k da var. Ayr\u0131ca Bergen&#8217;e ait spesiyallerden olan tar\u00e7\u0131nl\u0131 \u00e7\u00f6rek, skillingsboller mutlaka denenmeli.<\/p>\n\n\n\n<p>Gurme restoranlar, kafeler ve pastanelerin de bulundu\u011fu Bergen&#8217;de, kentin en pop\u00fclerleri, Zachariasbryggen Liman\u0131, Engen, Teatergaten, Neumannsgate, Strandgaten ve Kong Oscars Gate \u00fczerinde ve Torgallmenningen Meydan\u0131 \u00e7evresinde yer al\u0131yor.<\/p>\n\n\n\n<p>Beyer&#8217;en Bar &amp; Restaurant, Cornelius Seafood Restaurant, Dickens Restaurant, Jacob Aall Restaurant, Cafe Magnus, Lie-Nielsen, Klosteret Kaffebar, Augustus Konditori ve Baker Brun en pop\u00fcler yeme ve i\u00e7me mekanlar\u0131.<\/p>\n\n\n\n<h3 class=\"wp-block-heading has-text-align-center has-neeon-button-dark-gray-color has-text-color has-link-color wp-elements-608ea120a496721918a4932e9c2c23aa\"><span class=\"ez-toc-section\" id=\"bergen_alisveris\"><\/span><strong><strong><strong><strong>Bergen al\u0131\u015fveri\u015f<\/strong><\/strong><\/strong><\/strong><span class=\"ez-toc-section-end\"><\/span><\/h3>\n\n\n\n<p>Bergen\u2019de al\u0131\u015fveri\u015fin en pop\u00fcler adresleri Oleana ve Galleriet, Bal\u0131k ve \u00c7i\u00e7ek Pazar\u0131 b\u00f6lgesi, Eski \u015eehir, Marken, Torgallmenningen Meydan\u0131 ve \u00e7evresi. Kente \u00f6zg\u00fc yerel hediyelik e\u015fyalar bulabilece\u011finiz Bergen\u2019de, k\u00fc\u00e7\u00fck d\u00fckk\u00e2nlardan, \u00f6zg\u00fcn butiklere, b\u00fcy\u00fck al\u0131\u015fveri\u015f merkezlerinden, \u00fcnl\u00fc markalar\u0131n ma\u011fazalar\u0131na kadar her zevke uyacak alternatif al\u0131\u015fveri\u015f duraklar\u0131 mevcut.<\/p>\n\n\n\n<p>\u015eehirde sat\u0131n al\u0131nabilecek yerel hediyelik e\u015fyalar aras\u0131nda; el \u00f6rg\u00fcs\u00fc y\u00fcn elbiseler geleneksel motifleri \u00fczerinde bar\u0131nd\u0131ran el i\u015flemesi tekstil \u00fcr\u00fcnleri, el boyamas\u0131 cam biblolar, seramikten hediyelik e\u015fyalar ve porselen yemek tak\u0131mlar\u0131 bulunuyor.<\/p>\n\n\n\n<p>El yap\u0131m\u0131 ke\u00e7e ve y\u00fcn oyuncaklar, \u00f6zel dokuma y\u00fcn hal\u0131lar, Norve\u00e7 s\u00fcveterleri, etnik Norve\u00e7 kost\u00fcmleri ve a\u011fa\u00e7tan oyma e\u015fyalar ve sanat eserleri de \u015fehre \u00f6zg\u00fc di\u011fer pop\u00fcler hediyelik e\u015fyalar ars\u0131nda yer al\u0131yor.<\/p>\n\n\n\n<p>Bu t\u00fcr yerel al\u0131\u015fveri\u015f duraklar\u0131n\u0131 \u00d8vregaten, Lille \u00d8vregate, Vetrlidsallmenning, Torget, V\u00e5gsallmenningen, Strandkaien, Strandgaten ve Bryggen ile \u015fehrin ana meydan\u0131 Torgallmenningen \u00e7evresinde bulabilirsiniz.<\/p>\n\n\n\n<p>Gamle Strandgaten, Vetrlidsalmenning Soka\u011f\u0131 \u00fczerinde kurulan tarihi et pazar\u0131 Kj\u00f8ttbasaren ve liman k\u0131y\u0131s\u0131nda yer alan \u00fcnl\u00fc bal\u0131k pazar\u0131 Torget, Bergen\u2019in en pop\u00fcler a\u00e7\u0131k hava pazarlar\u0131. \u015eehrin en \u00fcnl\u00fc al\u0131\u015fveri\u015f merkezleri ise Strandgaten Caddesi\u2019ndeki Kl\u00f8verhuset, Torgallmenningen Meydan\u0131\u2019ndaki Galleriet ve Bergen Storsenter.<\/p>\n\n\n\n<h3 class=\"wp-block-heading has-text-align-center has-neeon-button-dark-gray-color has-text-color has-link-color wp-elements-c4fce9f91e65d80dd6d808817e1d7026\"><span class=\"ez-toc-section\" id=\"bergen_konaklama\"><\/span><strong><strong><strong><strong>Bergen konaklama<\/strong><\/strong><\/strong><\/strong><span class=\"ez-toc-section-end\"><\/span><\/h3>\n\n\n\n<p><strong>Bergen<\/strong>\u2019de otelden konukevine, hostelden kamp alanlar\u0131na dek farkl\u0131 b\u00fct\u00e7elere uygun konaklama alternatifi bulunsa da, yine de olduk\u00e7a pahal\u0131 bir \u00fclke olan Norve\u00e7\u2019te, kentin en uygun fiyatl\u0131 otel ve pansiyonlar\u0131 Johan Blytts Yolu, Nedre Korskirkeallmenning, H\u00e5konsgaten, Kalfarveien, Kong Oscars ve St\u00f8lesmauet sokaklar\u0131 \u00fczerinde yer al\u0131yor.<\/p>\n\n\n\n<p>Bergen\u2019in kaliteli ve temiz pansiyonlar\u0131, \u00fcniversite kamp\u00fcs\u00fcne yak\u0131n Hakonsgaten ve tren yolunun hemen yan\u0131nda bulunan Kong Oscars sokaklar\u0131 civar\u0131nda.<\/p>\n\n\n\n<p>Kent merkezine 20 km mesafede ise Lone Kamping alan\u0131 yer al\u0131yor. Genel olarak Bergen\u2019de oteller Byrggen b\u00f6lgesi ve \u00e7evresinde. Orta dereceli bir konaklama i\u00e7in, Strandgaten, Zander Kaaesgate, Kong Oscars Gate, Christiesgate, H\u00e5konsgaten, Bradbenken ve Rosenkrantzgate sokaklar\u0131 do\u011fru adresler.<\/p>\n\n\n\n<p>Bergen\u2019in denize yakla\u015ft\u0131k\u00e7a oda fiyat\u0131 artan en l\u00fcks otelleri ise liman k\u0131y\u0131s\u0131ndaki C. Sundts, Slottsgaten ve Finnegaarden sokaklar\u0131nda bulabilirsiniz.<\/p>\n\n\n\n<h3 class=\"wp-block-heading has-text-align-center has-neeon-button-dark-gray-color has-text-color has-link-color wp-elements-7d2c73f1eff87264d75049a50fc8995c\"><span class=\"ez-toc-section\" id=\"bergene_nasil_gidilir\"><\/span><strong><strong><strong><strong>Bergen\u2019e nas\u0131l gidilir<\/strong><\/strong><\/strong><\/strong><span class=\"ez-toc-section-end\"><\/span><\/h3>\n\n\n\n<p><strong>Bergen<\/strong>\u2019e T\u00fcrkiye\u2019den direkt u\u00e7u\u015f seferi bulunmuyor. \u0130stanbul\u2019dan Oslo aktarmal\u0131 olarak ula\u015fabilece\u011finiz kentte, Bergen Flesland Havaliman\u0131 Bergen \u015fehir merkezine 19 km mesafede yer al\u0131yor. Bergen Flesland Havaalan\u0131, Flesland il\u00e7esinin yak\u0131n\u0131nda yer almas\u0131 sebebiyle Flesland Havaliman\u0131 olarak da biliniyor.<\/p>\n\n\n\n<p>Bergen&#8217;e gitmek i\u00e7in en uygun zaman may\u0131s ay\u0131. Olduk\u00e7a ya\u011f\u0131\u015fl\u0131 bir iklime sahip olan \u015fehrin, en g\u00fcne\u015fli ve berrak oldu\u011fu zamanlar ilkbahar ve yaz mevsimleri. \u015eehir ayn\u0131 zamanda ilkbahar ve yaz mevsimleri boyunca renkli ve e\u011flenceli festivallere ev sahipli\u011fi yap\u0131yor. Uluslararas\u0131 Bergen Festivali, Orta \u00c7a\u011f ve Viking Festivali her y\u0131l May\u0131s ve Haziran aylar\u0131nda d\u00fczenleniyor.<\/p>\n\n\n\n<p>Kent merkezinden hareket eden Fl\u00f8ibanen F\u00fcnik\u00fcler Treni ile da\u011flar\u0131n aras\u0131nda yer alan ve muhte\u015fem bir \u015fehir manzaras\u0131 vaat eden Fl\u00f8yen Platosu\u2019nu ziyaret edebilirsiniz.<\/p>\n\n\n\n<p>Nefes kesen manzaralar\u0131yla Bergen&#8217;i ke\u015ffetmek i\u00e7in <a href=\"https:\/\/www.turna.com\/ucak-bileti\/bergen\">Bergen u\u00e7ak bileti<\/a> se\u00e7eneklerine g\u00f6z at\u0131n!<\/p>\n\n\n\n<p>Tren, <strong>Bergen<\/strong>\u2019i panoramik a\u00e7\u0131yla izlemek isteyen manzara ve foto\u011fraf merakl\u0131s\u0131 turistlerin en favori aktivitesi. Norve\u00e7\u2019in en turistik kenti yaln\u0131zca merkeziyle de\u011fil, \u00e7evresindeki do\u011fal g\u00fczellikler ve fiyort rotalar\u0131yla da b\u00fcy\u00fcl\u00fc bir atmosfere sahip.<\/p>\n\n    <div class=\"xs_social_share_widget xs_share_url after_content \t\tmain_content  wslu-style-1 wslu-share-box-shaped wslu-fill-colored wslu-none wslu-share-horizontal wslu-theme-font-no wslu-main_content\">\n\n\t\t\n        <ul>\n\t\t\t        <\/ul>\n    <\/div> \n","protected":false},"excerpt":{"rendered":"<p>Bergen, Norve\u00e7\u2019in ba\u015fkent Oslo\u2019dan sonra ikinci b\u00fcy\u00fck kenti. Norve\u00e7\u2019in en \u00e7ok ziyaret edilen turistik b\u00f6lgesi olan Bergen, Orta \u00c7a\u011f\u2019dan g\u00fcn\u00fcm\u00fcze dek varl\u0131\u011f\u0131n\u0131 s\u00fcrd\u00fcren bir liman \u015fehri. \u00dclkede fiyort turlar\u0131n\u0131n ba\u015flang\u0131\u00e7 noktas\u0131 olan Bergen, Norve\u00e7&#8217;in g\u00fcneybat\u0131 k\u0131y\u0131s\u0131nda, 1229\u2019a dek \u00fclkesine ba\u015fkentlik yapm\u0131\u015f bir yerle\u015fim. T\u00fcm Avrupa\u2019da sa\u011fanak ya\u011f\u0131\u015f\u0131yla bilinen Bergen, ayn\u0131 zamanda da Gulf Stream ak\u0131nt\u0131s\u0131 [&hellip;]<\/p>\n","protected":false},"author":9,"featured_media":18347,"comment_status":"open","ping_status":"open","sticky":false,"template":"","format":"standard","meta":{"rop_custom_images_group":[],"rop_custom_messages_group":[],"rop_publish_now":"initial","rop_publish_now_accounts":[],"rop_publish_now_history":[],"rop_publish_now_status":"pending","_cloudinary_featured_overwrite":false,"footnotes":""},"categories":[904],"tags":[1204,2181],"class_list":["post-18150","post","type-post","status-publish","format-standard","has-post-thumbnail","hentry","category-norvec","tag-bergen","tag-norvec-2"],"_links":{"self":[{"href":"https:\/\/www.turna.com\/blog\/wp-json\/wp\/v2\/posts\/18150","targetHints":{"allow":["GET"]}}],"collection":[{"href":"https:\/\/www.turna.com\/blog\/wp-json\/wp\/v2\/posts"}],"about":[{"href":"https:\/\/www.turna.com\/blog\/wp-json\/wp\/v2\/types\/post"}],"author":[{"embeddable":true,"href":"https:\/\/www.turna.com\/blog\/wp-json\/wp\/v2\/users\/9"}],"replies":[{"embeddable":true,"href":"https:\/\/www.turna.com\/blog\/wp-json\/wp\/v2\/comments?post=18150"}],"version-history":[{"count":0,"href":"https:\/\/www.turna.com\/blog\/wp-json\/wp\/v2\/posts\/18150\/revisions"}],"wp:featuredmedia":[{"embeddable":true,"href":"https:\/\/www.turna.com\/blog\/wp-json\/wp\/v2\/media\/18347"}],"wp:attachment":[{"href":"https:\/\/www.turna.com\/blog\/wp-json\/wp\/v2\/media?parent=18150"}],"wp:term":[{"taxonomy":"category","embeddable":true,"href":"https:\/\/www.turna.com\/blog\/wp-json\/wp\/v2\/categories?post=18150"},{"taxonomy":"post_tag","embeddable":true,"href":"https:\/\/www.turna.com\/blog\/wp-json\/wp\/v2\/tags?post=18150"}],"curies":[{"name":"wp","href":"https:\/\/api.w.org\/{rel}","templated":true}]}}