{"id":18138,"date":"2021-01-11T09:04:00","date_gmt":"2021-01-11T06:04:00","guid":{"rendered":"https:\/\/www.turna.com\/blog\/?p=18138"},"modified":"2025-12-10T17:06:51","modified_gmt":"2025-12-10T14:06:51","slug":"musee-dorsay","status":"publish","type":"post","link":"https:\/\/www.turna.com\/blog\/musee-dorsay","title":{"rendered":"Paris M\u00fczeleri: Mus\u00e9e d\u2019Orsay"},"content":{"rendered":"\n<p>Ad\u0131n\u0131 duyduklar\u0131nda bile sanatseverleri heyecanland\u0131ran <strong>Orsay M\u00fczesi<\/strong>, 1848-1915 y\u0131llar\u0131 aras\u0131nda Paris&#8217;te in\u015fa edilmi\u015f. Empresyonist sanat\u00e7\u0131lar\u0131n muhte\u015fem tablo ve heykellerini g\u00f6rmek isteyenlerin ziyaret etti\u011fi m\u00fcze eski bir tren istasyonunda bulunuyor.<\/p>\n\n\n\n<p>M\u00fczze, Renoir, Monet, Van Gogh, Manet, Degas ve bir\u00e7ok sanat\u00e7\u0131n\u0131n en g\u00fczel \u00e7al\u0131\u015fmalar\u0131na ev sahipli\u011fi yap\u0131yor. Ola\u011fan\u00fcst\u00fc g\u00fczellikte bir yap\u0131 olan Belle Epoque tren istasyonu da d&#8217;Orsay&#8217;da sergilenen eserler kadar, g\u00fczel ve g\u00f6r\u00fclmeyi hak ediyor.<\/p>\n\n\n\n<figure class=\"wp-block-image size-large\"><img width=\"1024\" height=\"640\" data-public-id=\"Orsay-Muzesi\/Orsay-Muzesi.jpg\" fetchpriority=\"high\" decoding=\"async\" src=\"https:\/\/res.cloudinary.com\/turna\/images\/w_1024,h_640,c_scale\/f_auto,q_auto:low\/v1609322144\/Orsay-Muzesi\/Orsay-Muzesi.jpg?_i=AA\" alt=\"Orsay M\u00fczesi\" class=\"wp-post-18138 wp-image-18183\" data-format=\"jpg\" data-transformations=\"f_auto,q_auto:low\" data-version=\"1609322144\" data-seo=\"1\" srcset=\"https:\/\/res.cloudinary.com\/turna\/images\/f_auto,q_auto:low\/v1609322144\/Orsay-Muzesi\/Orsay-Muzesi.jpg?_i=AA 1024w, https:\/\/res.cloudinary.com\/turna\/images\/w_800,h_500,c_scale\/f_auto,q_auto:low\/v1609322144\/Orsay-Muzesi\/Orsay-Muzesi.jpg?_i=AA 800w, https:\/\/res.cloudinary.com\/turna\/images\/w_300,h_188,c_scale\/f_auto,q_auto:low\/v1609322144\/Orsay-Muzesi\/Orsay-Muzesi.jpg?_i=AA 300w, https:\/\/res.cloudinary.com\/turna\/images\/w_672,h_420,c_scale\/f_auto,q_auto:low\/v1609322144\/Orsay-Muzesi\/Orsay-Muzesi.jpg?_i=AA 672w, https:\/\/res.cloudinary.com\/turna\/images\/w_640,h_400,c_scale\/f_auto,q_auto:low\/v1609322144\/Orsay-Muzesi\/Orsay-Muzesi.jpg?_i=AA 640w, https:\/\/res.cloudinary.com\/turna\/images\/w_681,h_426,c_scale\/f_auto,q_auto:low\/v1609322144\/Orsay-Muzesi\/Orsay-Muzesi.jpg?_i=AA 681w\" sizes=\"(max-width: 1024px) 100vw, 1024px\" \/><\/figure>\n\n\n\n<p>Museo d&#8217;Orsay i\u00e7in, Empresyonizmin mabedi de diyebiliriz. 6 \u00f6zel koleksiyon ve s\u00fcreli sergileriyle d&#8217;Orsay M\u00fczesi, Louvre ve Centre Pompidou\u2019dan sonra en \u00e7ok ziyaret edilen \u00fc\u00e7\u00fcnc\u00fc, d\u00fcnya s\u0131ralamas\u0131na g\u00f6re ise onuncu m\u00fcze.<\/p>\n\n\n\n<p>Bella Epoque ise daha \u00f6nceleri bir tren istasyonuydu. Ancak \u015fimdi muhte\u015fem bir sanat m\u00fczesi haline gelmi\u015f. Mimar Victor Laloux taraf\u0131ndan yarat\u0131lm\u0131\u015f olan yap\u0131n\u0131n   giri\u015fi ta\u015ftan yap\u0131lm\u0131\u015f.<\/p>\n\n\n\n<p>1939&#8217;a kadar Fransa&#8217;n\u0131n g\u00fcneybat\u0131s\u0131na giden tren yollar\u0131n\u0131n buradan ge\u00e7ti\u011fi tren gar\u0131 ise Lucien Magne, \u00c9mile B\u00e9nard ve Victor Laloux adl\u0131 mimarlar taraf\u0131ndan 1900 y\u0131l\u0131nda yap\u0131m\u0131 tam da Paris\u2019de yap\u0131lan bir d\u00fcnya fuar\u0131nda tamamlanm\u0131\u015f.<\/p>\n\n\n\n<p>Fakat istasyonlar\u0131n uzun trenler i\u00e7in uygun olmamas\u0131 nedeniyle ana ula\u015f\u0131ma kapat\u0131lm\u0131\u015f ve II. D\u00fcnya Sava\u015f\u0131 s\u0131ras\u0131nda haberle\u015fme merkezi olarak kullan\u0131lan Gare d&#8217;Orsay&#8217;\u0131n oteli ise 1 Ocak 1973&#8217;te kapat\u0131lm\u0131\u015f.<\/p>\n\n\n\n<p>Y\u0131llar sonra tren istasyonu y\u0131k\u0131lmaya y\u00fcz tutmu\u015f ve senaryosu Franz Kafka\u2019n\u0131n ayn\u0131 adl\u0131 eserinden esinlenerek yaz\u0131lan &#8216;The Trial&#8217; filmi ba\u015fta olmak \u00fczere bir\u00e7ok filmde dekor olarak kullan\u0131lmaya ba\u015fland\u0131. 1970\u2019lerin sonlar\u0131na do\u011fru da bir m\u00fczeye d\u00f6n\u00fc\u015ft\u00fcr\u00fcld\u00fc.<\/p>\n\n\n\n<p>Ustalar\u0131 taraf\u0131ndan yap\u0131lm\u0131\u015f ola\u011fan\u00fcst\u00fc empresyonist resimleri, e\u015fyalar\u0131, foto\u011fraflar\u0131, 19. y\u00fczy\u0131l heykel ve antikalar\u0131n\u0131n d\u0131\u015f\u0131nda, d\u2019Orsay m\u00fczesi ba\u015fl\u0131 ba\u015f\u0131na mimari mucize.<\/p>\n\n\n\n<p>M\u00fczeye d\u00f6n\u00fc\u015ft\u00fcr\u00fclm\u00fc\u015f olmas\u0131na ra\u011fmen, Victor Loux&#8217;un mimari g\u00f6r\u00fcnt\u00fcs\u00fcn\u00fc kaybetmemi\u015f ve binan\u0131n yeni faaliyet alan\u0131yla da birle\u015fmi\u015f. Muhte\u015fem cam g\u00fcne\u015flik m\u00fczenin giri\u015fi haline getirildi. 1980\u2019lerde b\u00fcy\u00fck sanat eserlerini koyabilmek i\u00e7in ek bir kat daha eklendi.<\/p>\n\n\n\n<p>Seine Nehri&#8217;nin sol yakas\u0131nda bulunan ve eski bir tren gar\u0131 olan d&#8217;Orsay M\u00fczesi binas\u0131, 1848-1915 y\u0131llar\u0131 aras\u0131 Frans\u0131z sanat eserlerinin sergilendi\u011fi; geni\u015f izlenimci koleksiyonu ile tan\u0131n\u0131yor.<\/p>\n\n\n\n<p>Her biri birer ba\u015fyap\u0131t olan eserlerden bu d\u00f6neme ait heykel, resim, mobilya ve foto\u011fraflar\u0131n yer ald\u0131\u011f\u0131 m\u00fczede, empresyonizm ve post-empresyonizm ak\u0131mlar\u0131n\u0131n temsilcilerinden Monet, Degas, Renoir, Cezanne gibi ressamlar\u0131n eserlerini g\u00f6rebilirsiniz. Bu eserlerin bir\u00e7o\u011fu d&#8217;Orsay\u2019\u0131n 1986 y\u0131l\u0131nda a\u00e7\u0131lmas\u0131ndan \u00f6nce Galerie nationale du Jeu de Paume\u2018de sergileniyormu\u015f.<\/p>\n\n\n\n<p>En uygun <a href=\"https:\/\/www.turna.com\/ucak-bileti\/paris\">Paris u\u00e7ak bileti<\/a> i\u00e7in turna.com sayfas\u0131n\u0131 ziyaret edin. Geli\u015fmi\u015f arama teknolojisi, g\u00fcvenli \u00f6deme, y\u00fczde 90&#8217;a varan iade garantisi ve daha fazla turna.com sayfalar\u0131nda.<\/p>\n\n\n\n<figure class=\"wp-block-image size-large\"><img width=\"1024\" height=\"640\" data-public-id=\"Orsay-Muzesi-Paris\/Orsay-Muzesi-Paris.jpg\" decoding=\"async\" src=\"https:\/\/res.cloudinary.com\/turna\/images\/w_1024,h_640,c_scale\/f_auto,q_auto:low\/v1609322173\/Orsay-Muzesi-Paris\/Orsay-Muzesi-Paris.jpg?_i=AA\" alt=\"Orsay Muzesi Paris\" class=\"wp-post-18138 wp-image-18184\" data-format=\"jpg\" data-transformations=\"f_auto,q_auto:low\" data-version=\"1609322173\" data-seo=\"1\" srcset=\"https:\/\/res.cloudinary.com\/turna\/images\/f_auto,q_auto:low\/v1609322173\/Orsay-Muzesi-Paris\/Orsay-Muzesi-Paris.jpg?_i=AA 1024w, https:\/\/res.cloudinary.com\/turna\/images\/w_800,h_500,c_scale\/f_auto,q_auto:low\/v1609322173\/Orsay-Muzesi-Paris\/Orsay-Muzesi-Paris.jpg?_i=AA 800w, https:\/\/res.cloudinary.com\/turna\/images\/w_300,h_188,c_scale\/f_auto,q_auto:low\/v1609322173\/Orsay-Muzesi-Paris\/Orsay-Muzesi-Paris.jpg?_i=AA 300w, https:\/\/res.cloudinary.com\/turna\/images\/w_672,h_420,c_scale\/f_auto,q_auto:low\/v1609322173\/Orsay-Muzesi-Paris\/Orsay-Muzesi-Paris.jpg?_i=AA 672w, https:\/\/res.cloudinary.com\/turna\/images\/w_640,h_400,c_scale\/f_auto,q_auto:low\/v1609322173\/Orsay-Muzesi-Paris\/Orsay-Muzesi-Paris.jpg?_i=AA 640w, https:\/\/res.cloudinary.com\/turna\/images\/w_681,h_426,c_scale\/f_auto,q_auto:low\/v1609322173\/Orsay-Muzesi-Paris\/Orsay-Muzesi-Paris.jpg?_i=AA 681w\" sizes=\"(max-width: 1024px) 100vw, 1024px\" \/><\/figure>\n\n\n\n<p>Bug\u00fcn ise d&#8217;Orsay m\u00fczesi binlerce sanat eserini d\u00fcnyan\u0131n her yerinden ak\u0131n eden ziyaret\u00e7ilerine a\u00e7\u0131yor. Ger\u00e7ekten muazzam bir sergi. \u0130\u00e7eride tamamen camdan yap\u0131lm\u0131\u015f, orijinal tren istasyonunun bir par\u00e7as\u0131 olan bir ge\u00e7it ve restoran, oditoryum, kitap\u00e7\u0131 ve hediyelik e\u015fya b\u00f6l\u00fcm\u00fc de bulunuyor.<\/p>\n\n\n\n<p>M\u00fczenin i\u00e7 dizayn\u0131 da \u00e7ok \u00f6zel. \u0130talyan tasar\u0131mc\u0131 Gae Aulenti\u2019nin \u00f6nc\u00fcl\u00fck etti\u011fi, kar\u015f\u0131tl\u0131k temas\u0131 ile tasarlanm\u0131\u015f. Baz\u0131 ele\u015ftirmenler m\u00fczenin &#8216;mussolinian&#8217; \u00f6zelliklerini bar\u0131nd\u0131ran baz\u0131 k\u0131s\u0131mlar\u0131n\u0131 ise sert bir \u015fekilde ele\u015ftirmi\u015fler.<\/p>\n\n\n\n<p>\u0130ster sadece tarih ve mimari mucizeleri g\u00f6rmekten ho\u015flanan biri olun ister 1845 ve 1915 y\u0131llar\u0131 aras\u0131 Frans\u0131z ba\u015fyap\u0131tlar\u0131n\u0131 g\u00f6rmek isteyen bir sanat merakl\u0131s\u0131, d\u2019Orsay m\u00fczesi her k\u00f6\u015fesiyle &#8216;Paris&#8217;de g\u00f6rmeniz gereken yerler&#8217; listesinde olmal\u0131.<\/p>\n\n\n\n<p>d&#8217;Orsay\u2019da bug\u00fcn 2.000\u2019den fazla resim ve 600\u2019den fazla heykel bulunuyor. Louvre ile aras\u0131nda bir k\u00f6pr\u00fc ve yaln\u0131zca 900 metre bulunan d&#8217;Orsay, 183 metre boyunca Seine Nehri kenar\u0131nda uzanan, sanki m\u00fcze binas\u0131 olarak tasarlanm\u0131\u015f gibi \u015fu anki g\u00f6revine yak\u0131\u015fan bir yap\u0131.<\/p>\n\n\n\n<p>Musee d&#8217;Orsay, sembolizm, realizm, nat\u00fcralizm ve empresyonizme dair eserlerle 19. y\u00fczy\u0131l\u0131n sahnelendi\u011fi modernizmin ba\u015flang\u0131c\u0131n\u0131 simgeleyen bir m\u00fcze. \u0130\u00e7erideyken vaktin nas\u0131l ge\u00e7ti\u011fini anlamak zor.<\/p>\n\n\n\n<p>Sergilenen eserler bak\u0131m\u0131ndan tam bir sanat \u015f\u00f6leni d&#8217;Orsay. Paris a\u00e7\u0131s\u0131ndan ise \u015fehrin en \u00f6zel sanat mek\u00e2nlar\u0131ndan biri. Oryantalizm b\u00f6l\u00fcm\u00fcnde Osman Hamdi Bey\u2019in de bir eserinin ve Courbet\u2019nin D\u00fcnyan\u0131n Merkezi adl\u0131 tablosunun da bulundu\u011fu m\u00fczede sergilenen \u00fcnl\u00fc tablolar:<\/p>\n\n\n\n<p>Gustave Courbet &#8211; The Artist&#8217;s Studio, Young Man Sitting, L&#8217;Origine du monde, Jean-Fran\u00e7ois Millet &#8211; Spring, The Gleaners, Jean-Baptiste Camille Corot &#8211; A Morning. The Dance of the Nymphs, Alexandre Cabanel -The Birth of Venus, The Death of Francesca da Rimini and Paolo Malatesta,<\/p>\n\n\n\n<figure class=\"wp-block-image size-large\"><img width=\"1024\" height=\"640\" data-public-id=\"Musee-d-Orsay\/Musee-d-Orsay.jpg\" decoding=\"async\" src=\"https:\/\/res.cloudinary.com\/turna\/images\/w_1024,h_640,c_scale\/f_auto,q_auto:low\/v1609322218\/Musee-d-Orsay\/Musee-d-Orsay.jpg?_i=AA\" alt=\"Mus\u00e9e d&#039;Orsay\" class=\"wp-post-18138 wp-image-18185\" data-format=\"jpg\" data-transformations=\"f_auto,q_auto:low\" data-version=\"1609322218\" data-seo=\"1\" srcset=\"https:\/\/res.cloudinary.com\/turna\/images\/f_auto,q_auto:low\/v1609322218\/Musee-d-Orsay\/Musee-d-Orsay.jpg?_i=AA 1024w, https:\/\/res.cloudinary.com\/turna\/images\/w_800,h_500,c_scale\/f_auto,q_auto:low\/v1609322218\/Musee-d-Orsay\/Musee-d-Orsay.jpg?_i=AA 800w, https:\/\/res.cloudinary.com\/turna\/images\/w_300,h_188,c_scale\/f_auto,q_auto:low\/v1609322218\/Musee-d-Orsay\/Musee-d-Orsay.jpg?_i=AA 300w, https:\/\/res.cloudinary.com\/turna\/images\/w_672,h_420,c_scale\/f_auto,q_auto:low\/v1609322218\/Musee-d-Orsay\/Musee-d-Orsay.jpg?_i=AA 672w, https:\/\/res.cloudinary.com\/turna\/images\/w_640,h_400,c_scale\/f_auto,q_auto:low\/v1609322218\/Musee-d-Orsay\/Musee-d-Orsay.jpg?_i=AA 640w, https:\/\/res.cloudinary.com\/turna\/images\/w_681,h_426,c_scale\/f_auto,q_auto:low\/v1609322218\/Musee-d-Orsay\/Musee-d-Orsay.jpg?_i=AA 681w\" sizes=\"(max-width: 1024px) 100vw, 1024px\" \/><\/figure>\n\n\n\n<p>Jean-L\u00e9on G\u00e9r\u00f4me &#8211; Portrait of the baroness Nathaniel de Rothschild, Reception of Cond\u00e9 in Versailles, La Comtesse de Keller, Pierre Puvis de Chavannes &#8211; Young Girls by the Seaside, The Young Mother also known as Charity, View on the Ch\u00e2teau de Versailles and the Orangerie<\/p>\n\n\n\n<p>Eug\u00e8ne Boudin &#8211; Trouville Beach, Camille Pissarro &#8211; White Frost, \u00c9douard Manet &#8211; Olympia, The Balcony, Berthe Morisot With a Bouquet of Violets, The Luncheon on the Grass, Edgar Degas &#8211; The Parade, also known as Race Horses in front of the Tribunes, The Bellelli Family, The Tub, Portrait of Edouard Manet, Portraits, At the Stock Exchange, L\u2019Absinthe,<\/p>\n\n\n\n<p>Paul C\u00e9zanne &#8211; Apples and Oranges, Claude Monet &#8211; The Saint-Lazare Station, The Rue Montorgueil in Paris. Celebration of June 30, 1878, Wind Effect, Series of The Poplars, Rouen Cathedral Harmony in Blue, Odilon Redon &#8211; Caliban<\/p>\n\n\n\n<p>Pierre-Auguste Renoir &#8211; Bal au moulin de la Galette, Montmartre, Jules Desbois &#8211; Destitution, Ferdinand Hodler &#8211; Der Holzf\u00e4ller (The Woodcutter), Gustave Caillebotte &#8211; The Floor Planers, \u00c9douard Detaille &#8211; The Dream, Vincent Van Gogh &#8211; Self Portriat,The Siesta, The Church at Auvers, View from the Chevet, The Italian Woman, Starry Night Over the Rhone, Portrait of Dr. Gachet, Eug\u00e8ne Jansson &#8211; Proletarian Lodgings<\/p>\n\n\n\n<p>Paul Signac &#8211; Women at the Well, F\u00e9lix Vallotton &#8211; Misia at Her Dressing Table, Georges-Pierre Seurat &#8211; The Circus, Pierre Bonnard &#8211; The Chequered Blouse, Andr\u00e9 Devambez &#8211; The Charge, Paul S\u00e9rusier &#8211; The Talisman, the Aven River at the Bois d&#8217;Amour, Maurice Denis &#8211; Portrait of the Artist Aged Eighteen, Princess Maleine&#8217;s Minuet or Marthe Playing the Piano, The Green Trees or Beech Trees in Kerduel, October Night (panel for the decoration of a girl&#8217;s room)<\/p>\n\n\n\n<p>Andr\u00e9 Derain &#8211; Charing Cross Bridge, also known as Westminster Bridge, James McNeill Whistler &#8211; Arrangement in Grey and Black: The Artist&#8217;s Mother, also known as Whistler&#8217;s Mothe<\/p>\n\n\n\n<p>M\u00fczede eserleri yer alan \u00dcnl\u00fc heykelt\u0131ra\u015flar ise:<\/p>\n\n\n\n<ul class=\"wp-block-list\">\n<li>Fran\u00e7ois Rude<\/li>\n\n\n\n<li>Jules Cavelier<\/li>\n\n\n\n<li>Jean-Baptiste Carpeaux<\/li>\n\n\n\n<li>Auguste Rodin<\/li>\n\n\n\n<li>Paul Gauguin<\/li>\n\n\n\n<li>Camille Claudel<\/li>\n\n\n\n<li>Honor\u00e9 Daumier<\/li>\n<\/ul>\n\n\n\n<h3 class=\"wp-block-heading has-text-align-center has-neeon-button-dark-gray-color has-text-color has-link-color wp-elements-27c5807427571a8d76314026a166420f\"><strong><strong><strong><strong>Ziyaret Saatleri<\/strong><\/strong><\/strong><\/strong><\/h3>\n\n\n\n<p>Sal\u0131, \u00c7ar\u015famba, Cuma, Cumartesi ve Pazar 09.30 ile 18.00 saatleri aras\u0131. Per\u015fembe 09.30 ile 21.45 saatleri aras\u0131. Pazartesi g\u00fcnleri, \u00a01 May\u0131s ve 25 Aral\u0131k&#8217;ta kapal\u0131.<\/p>\n\n\n\n<h3 class=\"wp-block-heading has-text-align-center has-neeon-button-dark-gray-color has-text-color has-link-color wp-elements-9cb94cf13dc0bb67400a64b4e96eca52\"><strong><strong><strong><strong>Giri\u015f \u00dccretleri<\/strong><\/strong><\/strong><\/strong><\/h3>\n\n\n\n<p>Tam bilet 16 Avro, her ay\u0131n ilk pazar g\u00fcn\u00fc \u00fccretsiz<br>Saat 16:30&#8217;dan sonra 12 Avro (Per\u015fembe hari\u00e7)<br>18 ya\u015f alt\u0131 ve AB \u00fcyesi devletlerin 18-25 ya\u015f aras\u0131 ziyaret\u00e7iler \u00fccretsiz<br>Web sitesi: <a href=\"https:\/\/www.musee-orsay.fr\/en\/home.html\" target=\"_blank\" rel=\"noopener\">www.musee-orsay.fr<\/a><\/p>\n\n\n\n<p>D\u00fcnya\u2019n\u0131n en b\u00fcy\u00fck sanat\u00e7\u0131lar\u0131n\u0131n eserlerini h\u0131zl\u0131ca g\u00f6r\u00fcp ge\u00e7meyin, 3 katl\u0131 m\u00fczeyi gezmek, tablo, heykel ve antik mobilyalar\u0131 g\u00f6rmek i\u00e7in bolca zaman ay\u0131r\u0131n. M\u00fczenin Seine Nehrinin panoramik manzaral\u0131 bir restoran\u0131 bulundu\u011funu da hat\u0131rlatal\u0131m.<\/p>\n\n    <div class=\"xs_social_share_widget xs_share_url after_content \t\tmain_content  wslu-style-1 wslu-share-box-shaped wslu-fill-colored wslu-none wslu-share-horizontal wslu-theme-font-no wslu-main_content\">\n\n\t\t\n        <ul>\n\t\t\t        <\/ul>\n    <\/div> \n","protected":false},"excerpt":{"rendered":"<p>Ad\u0131n\u0131 duyduklar\u0131nda bile sanatseverleri heyecanland\u0131ran Orsay M\u00fczesi, 1848-1915 y\u0131llar\u0131 aras\u0131nda Paris&#8217;te in\u015fa edilmi\u015f. Empresyonist sanat\u00e7\u0131lar\u0131n muhte\u015fem tablo ve heykellerini g\u00f6rmek isteyenlerin ziyaret etti\u011fi m\u00fcze eski bir tren istasyonunda bulunuyor. M\u00fczze, Renoir, Monet, Van Gogh, Manet, Degas ve bir\u00e7ok sanat\u00e7\u0131n\u0131n en g\u00fczel \u00e7al\u0131\u015fmalar\u0131na ev sahipli\u011fi yap\u0131yor. Ola\u011fan\u00fcst\u00fc g\u00fczellikte bir yap\u0131 olan Belle Epoque tren istasyonu da [&hellip;]<\/p>\n","protected":false},"author":14,"featured_media":18184,"comment_status":"open","ping_status":"open","sticky":false,"template":"","format":"standard","meta":{"rop_custom_images_group":[],"rop_custom_messages_group":[],"rop_publish_now":"initial","rop_publish_now_accounts":[],"rop_publish_now_history":[],"rop_publish_now_status":"pending","_cloudinary_featured_overwrite":false,"footnotes":""},"categories":[101],"tags":[2162,102,2598],"class_list":["post-18138","post","type-post","status-publish","format-standard","has-post-thumbnail","hentry","category-fransa","tag-orsay-muzesi","tag-paris","tag-pau"],"_links":{"self":[{"href":"https:\/\/www.turna.com\/blog\/wp-json\/wp\/v2\/posts\/18138","targetHints":{"allow":["GET"]}}],"collection":[{"href":"https:\/\/www.turna.com\/blog\/wp-json\/wp\/v2\/posts"}],"about":[{"href":"https:\/\/www.turna.com\/blog\/wp-json\/wp\/v2\/types\/post"}],"author":[{"embeddable":true,"href":"https:\/\/www.turna.com\/blog\/wp-json\/wp\/v2\/users\/14"}],"replies":[{"embeddable":true,"href":"https:\/\/www.turna.com\/blog\/wp-json\/wp\/v2\/comments?post=18138"}],"version-history":[{"count":0,"href":"https:\/\/www.turna.com\/blog\/wp-json\/wp\/v2\/posts\/18138\/revisions"}],"wp:featuredmedia":[{"embeddable":true,"href":"https:\/\/www.turna.com\/blog\/wp-json\/wp\/v2\/media\/18184"}],"wp:attachment":[{"href":"https:\/\/www.turna.com\/blog\/wp-json\/wp\/v2\/media?parent=18138"}],"wp:term":[{"taxonomy":"category","embeddable":true,"href":"https:\/\/www.turna.com\/blog\/wp-json\/wp\/v2\/categories?post=18138"},{"taxonomy":"post_tag","embeddable":true,"href":"https:\/\/www.turna.com\/blog\/wp-json\/wp\/v2\/tags?post=18138"}],"curies":[{"name":"wp","href":"https:\/\/api.w.org\/{rel}","templated":true}]}}