{"id":1809,"date":"2016-04-14T01:16:23","date_gmt":"2016-04-13T22:16:23","guid":{"rendered":"https:\/\/www.turna.com\/blog\/?p=1809"},"modified":"2019-09-05T15:23:53","modified_gmt":"2019-09-05T12:23:53","slug":"izmirde-yuruyus-yapabileceginiz-5-sahil-yolu","status":"publish","type":"post","link":"https:\/\/www.turna.com\/blog\/izmirde-yuruyus-yapabileceginiz-5-sahil-yolu","title":{"rendered":"\u0130zmir\u2019de Y\u00fcr\u00fcy\u00fc\u015f Yapabilece\u011finiz 5 Sahil Yolu"},"content":{"rendered":"<div id=\"ez-toc-container\" class=\"ez-toc-v2_0_82_2 counter-hierarchy ez-toc-counter ez-toc-black ez-toc-container-direction\">\n<div class=\"ez-toc-title-container\">\n<p class=\"ez-toc-title\" style=\"cursor:inherit\">\u0130\u00e7indekiler<\/p>\n<span class=\"ez-toc-title-toggle\"><a href=\"#\" class=\"ez-toc-pull-right ez-toc-btn ez-toc-btn-xs ez-toc-btn-default ez-toc-toggle\" aria-label=\"\u0130\u00e7indekiler Tablosunu A\u00e7\/Kapat\"><span class=\"ez-toc-js-icon-con\"><span class=\"\"><span class=\"eztoc-hide\" style=\"display:none;\">Toggle<\/span><span class=\"ez-toc-icon-toggle-span\"><svg style=\"fill: #ffffff;color:#ffffff\" xmlns=\"http:\/\/www.w3.org\/2000\/svg\" class=\"list-377408\" width=\"20px\" height=\"20px\" viewBox=\"0 0 24 24\" fill=\"none\"><path d=\"M6 6H4v2h2V6zm14 0H8v2h12V6zM4 11h2v2H4v-2zm16 0H8v2h12v-2zM4 16h2v2H4v-2zm16 0H8v2h12v-2z\" fill=\"currentColor\"><\/path><\/svg><svg style=\"fill: #ffffff;color:#ffffff\" class=\"arrow-unsorted-368013\" xmlns=\"http:\/\/www.w3.org\/2000\/svg\" width=\"10px\" height=\"10px\" viewBox=\"0 0 24 24\" version=\"1.2\" baseProfile=\"tiny\"><path d=\"M18.2 9.3l-6.2-6.3-6.2 6.3c-.2.2-.3.4-.3.7s.1.5.3.7c.2.2.4.3.7.3h11c.3 0 .5-.1.7-.3.2-.2.3-.5.3-.7s-.1-.5-.3-.7zM5.8 14.7l6.2 6.3 6.2-6.3c.2-.2.3-.5.3-.7s-.1-.5-.3-.7c-.2-.2-.4-.3-.7-.3h-11c-.3 0-.5.1-.7.3-.2.2-.3.5-.3.7s.1.5.3.7z\"\/><\/svg><\/span><\/span><\/span><\/a><\/span><\/div>\n<nav><ul class='ez-toc-list ez-toc-list-level-1 eztoc-toggle-hide-by-default' ><li class='ez-toc-page-1 ez-toc-heading-level-2'><a class=\"ez-toc-link ez-toc-heading-1\" href=\"https:\/\/www.turna.com\/blog\/izmirde-yuruyus-yapabileceginiz-5-sahil-yolu\/#izmirde_yuruyus_yapilabilecek_5_sahil_yolu\" >\u0130zmir\u2019de Y\u00fcr\u00fcy\u00fc\u015f Yap\u0131labilecek 5 Sahil Yolu<\/a><ul class='ez-toc-list-level-3' ><li class='ez-toc-heading-level-3'><a class=\"ez-toc-link ez-toc-heading-2\" href=\"https:\/\/www.turna.com\/blog\/izmirde-yuruyus-yapabileceginiz-5-sahil-yolu\/#1_alsancak\" >1. Alsancak<\/a><\/li><li class='ez-toc-page-1 ez-toc-heading-level-3'><a class=\"ez-toc-link ez-toc-heading-3\" href=\"https:\/\/www.turna.com\/blog\/izmirde-yuruyus-yapabileceginiz-5-sahil-yolu\/#2_bostanli\" >2. Bostanl\u0131<\/a><\/li><li class='ez-toc-page-1 ez-toc-heading-level-3'><a class=\"ez-toc-link ez-toc-heading-4\" href=\"https:\/\/www.turna.com\/blog\/izmirde-yuruyus-yapabileceginiz-5-sahil-yolu\/#3_pasaport\" >3. Pasaport<\/a><\/li><li class='ez-toc-page-1 ez-toc-heading-level-3'><a class=\"ez-toc-link ez-toc-heading-5\" href=\"https:\/\/www.turna.com\/blog\/izmirde-yuruyus-yapabileceginiz-5-sahil-yolu\/#4_goztepe\" >4. G\u00f6ztepe<\/a><\/li><li class='ez-toc-page-1 ez-toc-heading-level-3'><a class=\"ez-toc-link ez-toc-heading-6\" href=\"https:\/\/www.turna.com\/blog\/izmirde-yuruyus-yapabileceginiz-5-sahil-yolu\/#5_guzelbahce\" >5. G\u00fczelbah\u00e7e<\/a><\/li><\/ul><\/li><\/ul><\/nav><\/div>\n<p>K\u0131\u015f aylar\u0131nda bile g\u00fcne\u015fin y\u00fcz\u00fcn\u00fc g\u00f6stermekten vazge\u00e7medi\u011fi <strong>\u0130zmir<\/strong>, Ege B\u00f6lgesinin en g\u00fczel \u015fehirlerinden biri olarak, seyahat tutkunlar\u0131n\u0131n vazge\u00e7ilmez adresi. Bir yandan \u0130zmir\u2019in e\u015fsiz K\u00f6rfez manzaras\u0131n\u0131 izlerken, bir yandan da sahil \u015feridi boyunca y\u00fcr\u00fcy\u00fc\u015fler yap\u0131p, \u015fehrin en g\u00fczel noktalar\u0131n\u0131 g\u00f6rme f\u0131rsat\u0131 yakalayabilirsiniz.<\/p>\n<p>Yeni in\u015fa edilen iskeleleri, \u00e7im alanlar\u0131 ve bisiklet yollar\u0131 ile hem \u0130zmirlilerin hem de turistlerin yo\u011fun ilgi g\u00f6sterdi\u011fi sahil yollar\u0131, \u00f6zellikle bahar ve yaz d\u00f6nemlerinde olduk\u00e7a kalabal\u0131k oluyor. Siz de \u015fehrin kalabal\u0131\u011f\u0131na kar\u0131\u015f\u0131p yapaca\u011f\u0131n\u0131z y\u00fcr\u00fcy\u00fc\u015flerle, \u0130zmir K\u00f6rfezinin ve meltem r\u00fczg\u00e2r\u0131n\u0131n tad\u0131n\u0131 \u00e7\u0131karmak istiyorsan\u0131z, mutlaka u\u011framan\u0131z gereken baz\u0131 noktalar var.<\/p>\n<p><img fetchpriority=\"high\" decoding=\"async\" class=\"aligncenter\" src=\"http:\/\/res.cloudinary.com\/turna\/image\/upload\/Images\/Blog\/Kordon-Alsancak-Sahil-Yolu-800x500.jpg\" alt=\"Kordon-Alsancak-Sahil-Yolu\" width=\"800\" height=\"500\" \/><\/p>\n<h2><span class=\"ez-toc-section\" id=\"izmirde_yuruyus_yapilabilecek_5_sahil_yolu\"><\/span><strong>\u0130zmir\u2019de Y\u00fcr\u00fcy\u00fc\u015f Yap\u0131labilecek 5 Sahil Yolu<\/strong><span class=\"ez-toc-section-end\"><\/span><\/h2>\n<h3><span class=\"ez-toc-section\" id=\"1_alsancak\"><\/span><strong>1. Alsancak<\/strong><span class=\"ez-toc-section-end\"><\/span><\/h3>\n<p>\u015e\u00fcphesiz ki, \u015fehrin en kalabal\u0131k sahil yolu, dillere destan g\u00fczelli\u011fi ile Alsancak. B\u00fcy\u00fcleyici manzaras\u0131yla insan pop\u00fclasyonunun her zaman yo\u011fun oldu\u011fu bir ya\u015fam alan\u0131 haline gelen Alsancak sahili, ayn\u0131 zamanda da \u015fehrin vazge\u00e7ilmez y\u00fcr\u00fcy\u00fc\u015f noktalar\u0131ndan. K\u00f6rfezi, g\u00fcnbat\u0131m\u0131n\u0131 ve ak\u0131p giden kalabal\u0131\u011f\u0131 izlerken zaman\u0131n nas\u0131l ge\u00e7ti\u011fini anlayamayaca\u011f\u0131n\u0131z Alsancak, \u0130zmir\u2019de hayat\u0131n merkezi olmaya devam ediyor.<\/p>\n<h3><span class=\"ez-toc-section\" id=\"2_bostanli\"><\/span><strong>2. Bostanl<\/strong><strong>\u0131<\/strong><span class=\"ez-toc-section-end\"><\/span><\/h3>\n<p>Bostanl\u0131 sahili, \u00f6zellikle geni\u015f \u00e7im alanlar\u0131 ve t\u00fcm \u015fehri g\u00f6ren m\u00fcthi\u015f manzaras\u0131 ile gen\u00e7lerin ve ailesiyle birlikte k\u00fc\u00e7\u00fck bir ka\u00e7amak yapmak isteyenlerin u\u011frak mek\u00e2n\u0131. Bostanl\u0131\u2019da bal\u0131k\u00e7\u0131 bar\u0131na\u011f\u0131ndan \u00e7\u0131kan k\u00fc\u00e7\u00fck bal\u0131k\u00e7\u0131 teknelerinin olu\u015fturdu\u011fu g\u00fczel g\u00f6r\u00fcnt\u00fc pek \u00e7ok foto\u011fraf karesinde yerini al\u0131rken, ak\u015fam saatlerinde \u00e7aydanl\u0131\u011f\u0131n\u0131, i\u00e7eceklerini ve varsa bir de gitar\u0131n\u0131 alan herkes Bostanl\u0131 sahilinin yolunu tutuyor.<\/p>\n<h3><span class=\"ez-toc-section\" id=\"3_pasaport\"><\/span><strong>3. Pasaport<\/strong><span class=\"ez-toc-section-end\"><\/span><\/h3>\n<p>Tarihi dokusu korunarak yap\u0131lan d\u00fczenlemelerle cazibe merkezi olmay\u0131 s\u00fcrd\u00fcren Pasaport, \u0130zmir\u2019in en eski ve en \u00e7ok bilinen sahil yollar\u0131ndan biri. \u0130zmir\u2019de g\u00fcnbat\u0131m\u0131n\u0131 izleyebilece\u011finiz en g\u00fczel noktalardan olan Pasaport, \u015fehre gelen turistlerin de mutlaka u\u011frad\u0131\u011f\u0131 bir sahil yolu.<\/p>\n<p><img decoding=\"async\" class=\"aligncenter\" src=\"http:\/\/res.cloudinary.com\/turna\/image\/upload\/Images\/Blog\/Goztepe-Sahil-800x500.jpg\" alt=\"Goztepe-Sahil\" width=\"800\" height=\"500\" \/><\/p>\n<h3><span class=\"ez-toc-section\" id=\"4_goztepe\"><\/span><strong>4<\/strong><strong>. G\u00f6ztepe <\/strong><span class=\"ez-toc-section-end\"><\/span><\/h3>\n<p>G\u00f6ztepe sahili, di\u011fer yerlere g\u00f6re sakinli\u011fini koruyan, daha \u00e7ok yak\u0131n semtlerde ya\u015fayanlar\u0131n sabah ve ak\u015fam y\u00fcr\u00fcy\u00fc\u015fleri ya da arkada\u015flar\u0131 ile bulu\u015fup sohbet etmek i\u00e7in tercih etti\u011fi bir yer. Vapur iskelesi ya da otob\u00fcs g\u00fczerg\u00e2h\u0131n\u0131 kullanarak ula\u015fabilece\u011finiz bu g\u00fczel sahil, G\u00f6ztepe Spor Kul\u00fcb\u00fcn\u00fcn renkleri ile boyal\u0131 asma k\u00f6pr\u00fcs\u00fc ile g\u00fcnbat\u0131m\u0131nda e\u015fsiz bir manzara izleme imk\u00e2n\u0131 yarat\u0131yor.<\/p>\n<h3><span class=\"ez-toc-section\" id=\"5_guzelbahce\"><\/span><strong>5<\/strong><strong>. G\u00fczelbah\u00e7e<\/strong><span class=\"ez-toc-section-end\"><\/span><\/h3>\n<p>\u015eehir merkezine biraz uzak oldu\u011fu i\u00e7in sakinli\u011fini korumay\u0131 ba\u015faran G\u00fczelbah\u00e7e sahili, \u015fehrin kalabal\u0131\u011f\u0131ndan uzakta bir y\u00fcr\u00fcy\u00fc\u015f yapmak isteyenler i\u00e7in bi\u00e7ilmi\u015f kaftan. Sahil \u015feridi boyunca bal\u0131k-ekmek yiyebilece\u011finiz mek\u00e2nlar\u0131 da g\u00f6rebilece\u011finiz G\u00fczelbah\u00e7e, dalga sesleri e\u015fli\u011finde huzurlu bir ortam arayanlar\u0131n g\u00f6zdesi.<\/p>\n<p>\u0130ster y\u00fcr\u00fcyerek, ister bisiklete binerek bir u\u00e7tan bir uca gezebilece\u011finiz sahil yollar\u0131n\u0131n yan\u0131 s\u0131ra tarihi, do\u011fas\u0131, tatil beldeleri, e\u011flence merkezleriyle de e\u015fsiz f\u0131rsatlar sunan bir \u015fehir olan \u0130zmir\u2019e ula\u015fmak i\u00e7in <a href=\"https:\/\/www.turna.com\" target=\"_blank\" rel=\"noopener noreferrer\"><strong>u\u00e7ak bileti<\/strong><\/a> f\u0131rsatlar\u0131n\u0131 de\u011ferlendirebilirsiniz.<\/p>\n\n    <div class=\"xs_social_share_widget xs_share_url after_content \t\tmain_content  wslu-style-1 wslu-share-box-shaped wslu-fill-colored wslu-none wslu-share-horizontal wslu-theme-font-no wslu-main_content\">\n\n\t\t\n        <ul>\n\t\t\t        <\/ul>\n    <\/div> \n","protected":false},"excerpt":{"rendered":"<p>K\u0131\u015f aylar\u0131nda bile g\u00fcne\u015fin y\u00fcz\u00fcn\u00fc g\u00f6stermekten vazge\u00e7medi\u011fi \u0130zmir, Ege B\u00f6lgesinin en g\u00fczel \u015fehirlerinden biri olarak, seyahat tutkunlar\u0131n\u0131n vazge\u00e7ilmez adresi. Bir yandan \u0130zmir\u2019in e\u015fsiz K\u00f6rfez manzaras\u0131n\u0131 izlerken, bir yandan da sahil \u015feridi boyunca y\u00fcr\u00fcy\u00fc\u015fler yap\u0131p, \u015fehrin en g\u00fczel noktalar\u0131n\u0131 g\u00f6rme f\u0131rsat\u0131 yakalayabilirsiniz. Yeni in\u015fa edilen iskeleleri, \u00e7im alanlar\u0131 ve bisiklet yollar\u0131 ile hem \u0130zmirlilerin hem de [&hellip;]<\/p>\n","protected":false},"author":29,"featured_media":1810,"comment_status":"open","ping_status":"open","sticky":false,"template":"","format":"standard","meta":{"rop_custom_images_group":[],"rop_custom_messages_group":[],"rop_publish_now":"initial","rop_publish_now_accounts":[],"rop_publish_now_history":[],"rop_publish_now_status":"pending","_cloudinary_featured_overwrite":false,"footnotes":""},"categories":[84,1839],"tags":[224,545],"class_list":["post-1809","post","type-post","status-publish","format-standard","has-post-thumbnail","hentry","category-turkiye","category-izmir","tag-izmir","tag-izmir-sahili"],"_links":{"self":[{"href":"https:\/\/www.turna.com\/blog\/wp-json\/wp\/v2\/posts\/1809","targetHints":{"allow":["GET"]}}],"collection":[{"href":"https:\/\/www.turna.com\/blog\/wp-json\/wp\/v2\/posts"}],"about":[{"href":"https:\/\/www.turna.com\/blog\/wp-json\/wp\/v2\/types\/post"}],"author":[{"embeddable":true,"href":"https:\/\/www.turna.com\/blog\/wp-json\/wp\/v2\/users\/29"}],"replies":[{"embeddable":true,"href":"https:\/\/www.turna.com\/blog\/wp-json\/wp\/v2\/comments?post=1809"}],"version-history":[{"count":0,"href":"https:\/\/www.turna.com\/blog\/wp-json\/wp\/v2\/posts\/1809\/revisions"}],"wp:featuredmedia":[{"embeddable":true,"href":"https:\/\/www.turna.com\/blog\/wp-json\/wp\/v2\/media\/1810"}],"wp:attachment":[{"href":"https:\/\/www.turna.com\/blog\/wp-json\/wp\/v2\/media?parent=1809"}],"wp:term":[{"taxonomy":"category","embeddable":true,"href":"https:\/\/www.turna.com\/blog\/wp-json\/wp\/v2\/categories?post=1809"},{"taxonomy":"post_tag","embeddable":true,"href":"https:\/\/www.turna.com\/blog\/wp-json\/wp\/v2\/tags?post=1809"}],"curies":[{"name":"wp","href":"https:\/\/api.w.org\/{rel}","templated":true}]}}