{"id":17866,"date":"2024-12-06T10:16:02","date_gmt":"2024-12-06T07:16:02","guid":{"rendered":"https:\/\/www.turna.com\/blog\/?p=17866"},"modified":"2025-07-10T17:07:34","modified_gmt":"2025-07-10T14:07:34","slug":"antalya-ilceleri","status":"publish","type":"post","link":"https:\/\/www.turna.com\/blog\/antalya-ilceleri","title":{"rendered":"Antalya&#8217;da Ziyaret Edebilece\u011finiz \u0130l\u00e7eler"},"content":{"rendered":"<div id=\"ez-toc-container\" class=\"ez-toc-v2_0_82_2 counter-hierarchy ez-toc-counter ez-toc-black ez-toc-container-direction\">\n<div class=\"ez-toc-title-container\">\n<p class=\"ez-toc-title\" style=\"cursor:inherit\">\u0130\u00e7indekiler<\/p>\n<span class=\"ez-toc-title-toggle\"><a href=\"#\" class=\"ez-toc-pull-right ez-toc-btn ez-toc-btn-xs ez-toc-btn-default ez-toc-toggle\" aria-label=\"\u0130\u00e7indekiler Tablosunu A\u00e7\/Kapat\"><span class=\"ez-toc-js-icon-con\"><span class=\"\"><span class=\"eztoc-hide\" style=\"display:none;\">Toggle<\/span><span class=\"ez-toc-icon-toggle-span\"><svg style=\"fill: #ffffff;color:#ffffff\" xmlns=\"http:\/\/www.w3.org\/2000\/svg\" class=\"list-377408\" width=\"20px\" height=\"20px\" viewBox=\"0 0 24 24\" fill=\"none\"><path d=\"M6 6H4v2h2V6zm14 0H8v2h12V6zM4 11h2v2H4v-2zm16 0H8v2h12v-2zM4 16h2v2H4v-2zm16 0H8v2h12v-2z\" fill=\"currentColor\"><\/path><\/svg><svg style=\"fill: #ffffff;color:#ffffff\" class=\"arrow-unsorted-368013\" xmlns=\"http:\/\/www.w3.org\/2000\/svg\" width=\"10px\" height=\"10px\" viewBox=\"0 0 24 24\" version=\"1.2\" baseProfile=\"tiny\"><path d=\"M18.2 9.3l-6.2-6.3-6.2 6.3c-.2.2-.3.4-.3.7s.1.5.3.7c.2.2.4.3.7.3h11c.3 0 .5-.1.7-.3.2-.2.3-.5.3-.7s-.1-.5-.3-.7zM5.8 14.7l6.2 6.3 6.2-6.3c.2-.2.3-.5.3-.7s-.1-.5-.3-.7c-.2-.2-.4-.3-.7-.3h-11c-.3 0-.5.1-.7.3-.2.2-.3.5-.3.7s.1.5.3.7z\"\/><\/svg><\/span><\/span><\/span><\/a><\/span><\/div>\n<nav><ul class='ez-toc-list ez-toc-list-level-1 eztoc-toggle-hide-by-default' ><li class='ez-toc-page-1 ez-toc-heading-level-2'><a class=\"ez-toc-link ez-toc-heading-1\" href=\"https:\/\/www.turna.com\/blog\/antalya-ilceleri\/#antalyada_ziyaret_edebileceginiz_ilceler\" >Antalya&#8217;da Ziyaret Edebilece\u011finiz \u0130l\u00e7eler<\/a><ul class='ez-toc-list-level-3' ><li class='ez-toc-heading-level-3'><a class=\"ez-toc-link ez-toc-heading-2\" href=\"https:\/\/www.turna.com\/blog\/antalya-ilceleri\/#1_alanya\" >1. Alanya<\/a><\/li><li class='ez-toc-page-1 ez-toc-heading-level-3'><a class=\"ez-toc-link ez-toc-heading-3\" href=\"https:\/\/www.turna.com\/blog\/antalya-ilceleri\/#2_kas\" >2. Ka\u015f<\/a><\/li><li class='ez-toc-page-1 ez-toc-heading-level-3'><a class=\"ez-toc-link ez-toc-heading-4\" href=\"https:\/\/www.turna.com\/blog\/antalya-ilceleri\/#3_demre\" >3. Demre<\/a><\/li><li class='ez-toc-page-1 ez-toc-heading-level-3'><a class=\"ez-toc-link ez-toc-heading-5\" href=\"https:\/\/www.turna.com\/blog\/antalya-ilceleri\/#4_kemer\" >4. Kemer<\/a><\/li><li class='ez-toc-page-1 ez-toc-heading-level-3'><a class=\"ez-toc-link ez-toc-heading-6\" href=\"https:\/\/www.turna.com\/blog\/antalya-ilceleri\/#5_manavgat\" >5. Manavgat<\/a><\/li><li class='ez-toc-page-1 ez-toc-heading-level-3'><a class=\"ez-toc-link ez-toc-heading-7\" href=\"https:\/\/www.turna.com\/blog\/antalya-ilceleri\/#6_ibradi\" >6. \u0130brad\u0131<\/a><\/li><li class='ez-toc-page-1 ez-toc-heading-level-3'><a class=\"ez-toc-link ez-toc-heading-8\" href=\"https:\/\/www.turna.com\/blog\/antalya-ilceleri\/#7_korkuteli\" >7. Korkuteli<\/a><\/li><li class='ez-toc-page-1 ez-toc-heading-level-3'><a class=\"ez-toc-link ez-toc-heading-9\" href=\"https:\/\/www.turna.com\/blog\/antalya-ilceleri\/#8_konyaalti\" >8. Konyaalt\u0131<\/a><\/li><li class='ez-toc-page-1 ez-toc-heading-level-3'><a class=\"ez-toc-link ez-toc-heading-10\" href=\"https:\/\/www.turna.com\/blog\/antalya-ilceleri\/#9_kumluca\" >9. Kumluca<\/a><\/li><li class='ez-toc-page-1 ez-toc-heading-level-3'><a class=\"ez-toc-link ez-toc-heading-11\" href=\"https:\/\/www.turna.com\/blog\/antalya-ilceleri\/#10_finike\" >10. Finike<\/a><\/li><li class='ez-toc-page-1 ez-toc-heading-level-3'><a class=\"ez-toc-link ez-toc-heading-12\" href=\"https:\/\/www.turna.com\/blog\/antalya-ilceleri\/#11_aksu\" >11. Aksu<\/a><\/li><li class='ez-toc-page-1 ez-toc-heading-level-3'><a class=\"ez-toc-link ez-toc-heading-13\" href=\"https:\/\/www.turna.com\/blog\/antalya-ilceleri\/#12_serik\" >12. Serik<\/a><\/li><li class='ez-toc-page-1 ez-toc-heading-level-3'><a class=\"ez-toc-link ez-toc-heading-14\" href=\"https:\/\/www.turna.com\/blog\/antalya-ilceleri\/#13_gazipasa\" >13. Gazipa\u015fa<\/a><\/li><li class='ez-toc-page-1 ez-toc-heading-level-3'><a class=\"ez-toc-link ez-toc-heading-15\" href=\"https:\/\/www.turna.com\/blog\/antalya-ilceleri\/#14_elmali\" >14. Elmal\u0131<\/a><\/li><\/ul><\/li><\/ul><\/nav><\/div>\n\n<p>D\u00fcnyan\u0131n d\u00f6rt bir yan\u0131ndan ziyaret\u00e7i a\u011f\u0131rlayan Antalya, yaln\u0131zca muhte\u015fem do\u011fas\u0131yla de\u011fil, 2,7 milyonu a\u015fk\u0131n n\u00fcfusuyla T\u00fcrkiye\u2019nin en kalabal\u0131k be\u015finci \u015fehri olarak da dikkat \u00e7ekiyor. Ekonomisi ticaret, tar\u0131m ve turizmle \u015fekillenen bu b\u00fcy\u00fcleyici \u015fehir, tarih \u00f6ncesi \u00e7a\u011flardan g\u00fcn\u00fcm\u00fcze pek \u00e7ok medeniyete ev sahipli\u011fi yapm\u0131\u015f. G\u00fcn\u00fcm\u00fczde ise do\u011fa harikalar\u0131n\u0131n yan\u0131 s\u0131ra bir k\u00fclt\u00fcrel mozaik olarak da gezginlerin be\u011fenisini topluyor.<\/p>\n\n\n\n<p>Antalya\u2019n\u0131n her biri adeta birer marka haline gelen turistik il\u00e7elerinin her biri kendine has g\u00fczellikleri ve zengin tarihi miras\u0131yla ziyaret\u00e7ilerini kendine hayran b\u0131rak\u0131yor. Antalya\u2019n\u0131n turistik il\u00e7elerinde Akdeniz\u2019in u\u00e7suz bucaks\u0131z sahil \u015feridine kar\u015f\u0131 mavi ve ye\u015filin dans\u0131na tan\u0131kl\u0131k ederken, antik kentlerin derinliklerine dalabilir, ruhunuzu dinlendirecek dingin ke\u015fifler yapabilirsiniz. Antalya\u2019n\u0131n il\u00e7eleri, ayr\u0131 deneyimler ve sizi ke\u015ffe davet eden b\u00fcy\u00fcl\u00fc birer d\u00fcnya sunuyor.<\/p>\n\n\n\n<h2 class=\"wp-block-heading has-text-align-center has-neeon-button-dark-gray-color has-text-color has-link-color wp-elements-66e9151158f5fa0cd991d54e9e9a4f3a\"><span class=\"ez-toc-section\" id=\"antalyada_ziyaret_edebileceginiz_ilceler\"><\/span><strong><strong>Antalya&#8217;da Ziyaret Edebilece\u011finiz \u0130l\u00e7eler<\/strong><\/strong><span class=\"ez-toc-section-end\"><\/span><\/h2>\n\n\n\n<figure class=\"wp-block-image size-full\"><img width=\"800\" height=\"500\" data-public-id=\"Kaleici-Antalya_fqdghx\/Kaleici-Antalya_fqdghx.jpg\" fetchpriority=\"high\" decoding=\"async\" src=\"https:\/\/res.cloudinary.com\/turna\/images\/w_800,h_500,c_scale\/f_auto,q_auto:low\/v1572531693\/Kaleici-Antalya_fqdghx\/Kaleici-Antalya_fqdghx.jpg?_i=AA\" alt=\"\" class=\"wp-post-17866 wp-image-17130\" data-format=\"jpg\" data-transformations=\"f_auto,q_auto:low\" data-version=\"1572531693\" data-seo=\"1\" srcset=\"https:\/\/res.cloudinary.com\/turna\/images\/f_auto,q_auto:low\/v1572531693\/Kaleici-Antalya_fqdghx\/Kaleici-Antalya_fqdghx.jpg?_i=AA 800w, https:\/\/res.cloudinary.com\/turna\/images\/w_300,h_188,c_scale\/f_auto,q_auto:low\/v1572531693\/Kaleici-Antalya_fqdghx\/Kaleici-Antalya_fqdghx.jpg?_i=AA 300w, https:\/\/res.cloudinary.com\/turna\/images\/w_672,h_420,c_scale\/f_auto,q_auto:low\/v1572531693\/Kaleici-Antalya_fqdghx\/Kaleici-Antalya_fqdghx.jpg?_i=AA 672w, https:\/\/res.cloudinary.com\/turna\/images\/w_640,h_400,c_scale\/f_auto,q_auto:low\/v1572531693\/Kaleici-Antalya_fqdghx\/Kaleici-Antalya_fqdghx.jpg?_i=AA 640w, https:\/\/res.cloudinary.com\/turna\/images\/w_681,h_426,c_scale\/f_auto,q_auto:low\/v1572531693\/Kaleici-Antalya_fqdghx\/Kaleici-Antalya_fqdghx.jpg?_i=AA 681w\" sizes=\"(max-width: 800px) 100vw, 800px\" \/><\/figure>\n\n\n\n<p>Antalya, do\u011fan\u0131n ve tarihin c\u00f6mert davrand\u0131\u011f\u0131 e\u015fsiz bir co\u011frafya. Her bir k\u00f6\u015fesi sizi b\u00fcy\u00fclemeye aday g\u00fczelliklerle \u00e7evrili bu \u015fehir, Alanya\u2019n\u0131n alt\u0131n rengi plajlar\u0131ndan Ka\u015f\u2019\u0131n masmavi dal\u0131\u015f noktalar\u0131na, Demre\u2019nin mistik kiliselerinden Kumluca\u2019n\u0131n sakl\u0131 koylar\u0131na kadar benzersiz bir \u00e7e\u015fitlilik sunuyor. \u00d6yleyse sizi daha fazla bekletmeyelim; kemerlerinizi ba\u011flay\u0131n, Antalya\u2019n\u0131n b\u00fcy\u00fcleyici il\u00e7elerine do\u011fru heyecanl\u0131 bir yolculu\u011fa \u00e7\u0131k\u0131yoruz!<\/p>\n\n\n\n<h3 class=\"wp-block-heading has-text-align-center has-neeon-button-dark-gray-color has-text-color has-link-color wp-elements-c24983f196915c7f4000e575b7cc5b56\"><span class=\"ez-toc-section\" id=\"1_alanya\"><\/span><strong><strong><strong>1. Alanya<\/strong><\/strong><\/strong><span class=\"ez-toc-section-end\"><\/span><\/h3>\n\n\n\n<figure class=\"wp-block-image size-large\"><img width=\"1024\" height=\"640\" data-public-id=\"alanya-antalya\/alanya-antalya.jpg\" decoding=\"async\" src=\"https:\/\/res.cloudinary.com\/turna\/images\/w_1024,h_640,c_scale\/f_auto,q_auto:low\/v1606409672\/alanya-antalya\/alanya-antalya.jpg?_i=AA\" alt=\"\" class=\"wp-post-17866 wp-image-17974\" data-format=\"jpg\" data-transformations=\"f_auto,q_auto:low\" data-version=\"1606409672\" data-seo=\"1\" srcset=\"https:\/\/res.cloudinary.com\/turna\/images\/f_auto,q_auto:low\/v1606409672\/alanya-antalya\/alanya-antalya.jpg?_i=AA 1024w, https:\/\/res.cloudinary.com\/turna\/images\/w_800,h_500,c_scale\/f_auto,q_auto:low\/v1606409672\/alanya-antalya\/alanya-antalya.jpg?_i=AA 800w, https:\/\/res.cloudinary.com\/turna\/images\/w_300,h_188,c_scale\/f_auto,q_auto:low\/v1606409672\/alanya-antalya\/alanya-antalya.jpg?_i=AA 300w, https:\/\/res.cloudinary.com\/turna\/images\/w_672,h_420,c_scale\/f_auto,q_auto:low\/v1606409672\/alanya-antalya\/alanya-antalya.jpg?_i=AA 672w, https:\/\/res.cloudinary.com\/turna\/images\/w_640,h_400,c_scale\/f_auto,q_auto:low\/v1606409672\/alanya-antalya\/alanya-antalya.jpg?_i=AA 640w, https:\/\/res.cloudinary.com\/turna\/images\/w_681,h_426,c_scale\/f_auto,q_auto:low\/v1606409672\/alanya-antalya\/alanya-antalya.jpg?_i=AA 681w\" sizes=\"(max-width: 1024px) 100vw, 1024px\" \/><\/figure>\n\n\n\n<p><strong><a href=\"https:\/\/www.turna.com\/blog\/antalyanin-gozdesi-alanya\">Alanya<\/a><\/strong> yaln\u0131zca T\u00fcrkiye\u2019nin de\u011fil, d\u00fcnyan\u0131n da en pop\u00fcler turistik noktalar\u0131ndan biri olarak tan\u0131n\u0131yor. Muhte\u015fem do\u011fas\u0131 ve etkileyici co\u011frafyas\u0131yla konuklar\u0131n\u0131 b\u00fcy\u00fcleyen bu g\u00fczel il\u00e7e, say\u0131s\u0131z turistik cazibe merkeziyle unutulmaz bir deneyim sunuyor. Kleopatra Plaj\u0131\u2019n\u0131n alt\u0131n rengi kumlar\u0131ndan K\u0131z\u0131l Kule\u2019nin tarihi atmosferine, Alanya Kalesi\u2019nin panoramik manzaras\u0131ndan Damlata\u015f Ma\u011faras\u0131\u2019n\u0131n derinliklerine kadar Alanya\u2019da ke\u015ffedilecek \u00e7ok \u015fey var. Ayr\u0131ca Fosforlu Ma\u011fara\u2019n\u0131n gizemli g\u00fczelli\u011fi, Dim \u00c7ay\u0131\u2019n\u0131n huzur veren do\u011fas\u0131, Sapadere Kanyonu\u2019nun etkileyici atmosferi, Alanya M\u00fczesi\u2019nin k\u00fclt\u00fcrel zenginlikleri ve Alanya Liman\u0131\u2019n\u0131n canl\u0131 atmosferi de ziyaret\u00e7ilerini kendine hayran b\u0131rak\u0131yor.<\/p>\n\n\n\n<p>\u24d8 Alanya&#8217;ya otob\u00fcs ile gidecekseniz en uygun otob\u00fcs bileti i\u00e7in <a href=\"https:\/\/www.turna.com\/otobus-bileti\/antalya-alanya\"><strong>Alanya otob\u00fcs bileti<\/strong><\/a> sayfas\u0131na gidin.<\/p>\n\n\n\n<h3 class=\"wp-block-heading has-text-align-center has-neeon-button-dark-gray-color has-text-color has-link-color wp-elements-8d082dc6818b5f0a7962c0e5d4257b31\"><span class=\"ez-toc-section\" id=\"2_kas\"><\/span><strong><strong><strong>2. Ka\u015f<\/strong><\/strong><\/strong><span class=\"ez-toc-section-end\"><\/span><\/h3>\n\n\n\n<p>Antalya\u2019n\u0131n en bat\u0131daki il\u00e7esi olan <strong><a href=\"https:\/\/www.turna.com\/blog\/kas-nasil-gidilir\">Ka\u015f<\/a><\/strong>, 70 km uzunlu\u011funda sahil \u015feridiyle dal\u0131\u015f turizmi a\u00e7\u0131s\u0131ndan yaln\u0131zca T\u00fcrkiye\u2019de de\u011fil d\u00fcnyaca \u00fcnl\u00fc bir yer. Binlerce y\u0131ll\u0131k tarihi kucaklayan Ka\u015f, Yunanistan\u2019\u0131n Meis Adas\u0131\u2019na en yak\u0131n nokta.<\/p>\n\n\n\n<p>Ka\u015f Antik Tiyatrosu, Antiphellos Antik Kenti, Xanthos Antik Kenti ve <strong><a href=\"https:\/\/www.turna.com\/blog\/kasin-turkuaz-renkli-dalga-havuzu-kaputas\">Kaputa\u015f Plaj\u0131<\/a><\/strong> ile Patara Plaj\u0131 ba\u015fl\u0131ca g\u00f6r\u00fclecek yerleri olmakla birlikte, beyaz duvarl\u0131 evleriyle me\u015fhur bir bal\u0131k\u00e7\u0131 k\u00f6y\u00fc olan Kalkan ise Ka\u015f\u2019a yaln\u0131zca 25 km uzakl\u0131kta.<\/p>\n\n\n\n<p>\u24d8 En avantajl\u0131 <a href=\"https:\/\/www.turna.com\/otobus-bileti\/kas\"><strong>Ka\u015f otob\u00fcs bileti<\/strong><\/a> i\u00e7in turna.com sayfas\u0131na gidin. Geli\u015fmi\u015f arama teknolojisi ile t\u00fcm otob\u00fcs firmalar\u0131n\u0131n seferlerini tek sayfada inceleyebiliyorsunuz.<\/p>\n\n\n\n<h3 class=\"wp-block-heading has-text-align-center has-neeon-button-dark-gray-color has-text-color has-link-color wp-elements-223477df8c3974de9be406eadb6e14ed\"><span class=\"ez-toc-section\" id=\"3_demre\"><\/span><strong><strong><strong>3. Demre<\/strong><\/strong><\/strong><span class=\"ez-toc-section-end\"><\/span><\/h3>\n\n\n\n<figure class=\"wp-block-image size-large\"><img width=\"1024\" height=\"640\" data-public-id=\"antalya-ilceleri\/antalya-ilceleri.jpg\" decoding=\"async\" src=\"https:\/\/res.cloudinary.com\/turna\/images\/w_1024,h_640,c_scale\/f_auto,q_auto:low\/v1606409666\/antalya-ilceleri\/antalya-ilceleri.jpg?_i=AA\" alt=\"antalya ilceleri\" class=\"wp-post-17866 wp-image-17982\" data-format=\"jpg\" data-transformations=\"f_auto,q_auto:low\" data-version=\"1606409666\" data-seo=\"1\" srcset=\"https:\/\/res.cloudinary.com\/turna\/images\/f_auto,q_auto:low\/v1606409666\/antalya-ilceleri\/antalya-ilceleri.jpg?_i=AA 1024w, https:\/\/res.cloudinary.com\/turna\/images\/w_800,h_500,c_scale\/f_auto,q_auto:low\/v1606409666\/antalya-ilceleri\/antalya-ilceleri.jpg?_i=AA 800w, https:\/\/res.cloudinary.com\/turna\/images\/w_300,h_188,c_scale\/f_auto,q_auto:low\/v1606409666\/antalya-ilceleri\/antalya-ilceleri.jpg?_i=AA 300w, https:\/\/res.cloudinary.com\/turna\/images\/w_672,h_420,c_scale\/f_auto,q_auto:low\/v1606409666\/antalya-ilceleri\/antalya-ilceleri.jpg?_i=AA 672w, https:\/\/res.cloudinary.com\/turna\/images\/w_640,h_400,c_scale\/f_auto,q_auto:low\/v1606409666\/antalya-ilceleri\/antalya-ilceleri.jpg?_i=AA 640w, https:\/\/res.cloudinary.com\/turna\/images\/w_681,h_426,c_scale\/f_auto,q_auto:low\/v1606409666\/antalya-ilceleri\/antalya-ilceleri.jpg?_i=AA 681w\" sizes=\"(max-width: 1024px) 100vw, 1024px\" \/><figcaption class=\"wp-element-caption\">Kekova<\/figcaption><\/figure>\n\n\n\n<p>Noel Baba\u2019n\u0131n ya\u015fad\u0131\u011f\u0131 yer olarak bilinen <strong><a href=\"https:\/\/www.turna.com\/blog\/gizli-kalmisligin-guzelligi-demre\">Demre<\/a><\/strong>, Likya d\u00f6neminin \u00f6nemli kal\u0131nt\u0131lar\u0131n\u0131 bar\u0131nd\u0131r\u0131yor. Hristiyanlar i\u00e7in olduk\u00e7a \u00f6nemli bir hac g\u00fczergah\u0131 olan Demre\u2019de, antik tiyatro ve St. Nicholaus Kilisesi ba\u015fl\u0131ca g\u00f6r\u00fclecek yerler olmakla birlikte, il\u00e7enin yak\u0131nlar\u0131ndaki \u00fczerinde bat\u0131klar bulunduran kayal\u0131k bir ada olan Kekova\u2019y\u0131 da mutlaka g\u00f6r\u00fcn.<\/p>\n\n\n\n<h3 class=\"wp-block-heading has-text-align-center has-neeon-button-dark-gray-color has-text-color has-link-color wp-elements-eb55cab02ac7e524eda29bd9c96fe39e\"><span class=\"ez-toc-section\" id=\"4_kemer\"><\/span><strong><strong><strong>4. Kemer<\/strong><\/strong><\/strong><span class=\"ez-toc-section-end\"><\/span><\/h3>\n\n\n\n<figure class=\"wp-block-image size-large\"><img width=\"1024\" height=\"640\" loading=\"lazy\" decoding=\"async\" src=\"data:image\/svg+xml;base64,PHN2ZyB4bWxucz0iaHR0cDovL3d3dy53My5vcmcvMjAwMC9zdmciIHdpZHRoPSIxMDI0IiBoZWlnaHQ9IjY0MCI+PHJlY3Qgd2lkdGg9IjEwMCUiIGhlaWdodD0iMTAwJSI+PGFuaW1hdGUgYXR0cmlidXRlTmFtZT0iZmlsbCIgdmFsdWVzPSJyZ2JhKDE1MywxNTMsMTUzLDAuNSk7cmdiYSgxNTMsMTUzLDE1MywwLjEpO3JnYmEoMTUzLDE1MywxNTMsMC41KSIgZHVyPSIycyIgcmVwZWF0Q291bnQ9ImluZGVmaW5pdGUiIC8+PC9yZWN0Pjwvc3ZnPg==\" alt=\"Faselis Antik Kenti\" class=\"wp-post-17866 wp-image-17981\" data-public-id=\"faselis-antalya-ilceleri\/faselis-antalya-ilceleri.jpg\" data-format=\"jpg\" data-transformations=\"f_auto,q_auto:low\" data-version=\"1606409671\" data-seo=\"1\" data-size=\"1024 640\" data-srcset=\"https:\/\/res.cloudinary.com\/turna\/images\/f_auto,q_auto:low\/v1606409671\/faselis-antalya-ilceleri\/faselis-antalya-ilceleri.jpg?_i=AA 1024w, https:\/\/res.cloudinary.com\/turna\/images\/w_800,h_500,c_scale\/f_auto,q_auto:low\/v1606409671\/faselis-antalya-ilceleri\/faselis-antalya-ilceleri.jpg?_i=AA 800w, https:\/\/res.cloudinary.com\/turna\/images\/w_300,h_188,c_scale\/f_auto,q_auto:low\/v1606409671\/faselis-antalya-ilceleri\/faselis-antalya-ilceleri.jpg?_i=AA 300w, https:\/\/res.cloudinary.com\/turna\/images\/w_672,h_420,c_scale\/f_auto,q_auto:low\/v1606409671\/faselis-antalya-ilceleri\/faselis-antalya-ilceleri.jpg?_i=AA 672w, https:\/\/res.cloudinary.com\/turna\/images\/w_640,h_400,c_scale\/f_auto,q_auto:low\/v1606409671\/faselis-antalya-ilceleri\/faselis-antalya-ilceleri.jpg?_i=AA 640w, https:\/\/res.cloudinary.com\/turna\/images\/w_681,h_426,c_scale\/f_auto,q_auto:low\/v1606409671\/faselis-antalya-ilceleri\/faselis-antalya-ilceleri.jpg?_i=AA 681w\" data-sizes=\"(max-width: 1024px) 100vw, 1024px\" data-delivery=\"upload\" onload=\";window.CLDBind?CLDBind(this):null;\" data-cloudinary=\"lazy\" \/><figcaption class=\"wp-element-caption\">Faselis Antik Kenti<\/figcaption><\/figure>\n\n\n\n<p><strong><a href=\"https:\/\/www.turna.com\/blog\/antalya-kemere-nasil-gidilir\">Kemer<\/a><\/strong>, uzun tatil sezonu, her ya\u015fa, her t\u00fcrl\u00fc tatil ve e\u011flence anlay\u0131\u015f\u0131na hitap eden ortam\u0131 ile yaz tatillerinin vazge\u00e7ilmez adreslerinden biri. Deniz, orman ve da\u011flar\u0131n bir noktada birle\u015fti\u011fi m\u00fcthi\u015f g\u00fczelliklere sahip olan Kemer, marinas\u0131, Beldibi\u2019nden ba\u015flay\u0131p Tekirova\u2019ya kadar uzanan do\u011fal plajlar\u0131, Phaselis Antik Kenti, Idyros Antik Kenti, <strong>Beyda\u011flar\u0131 Milli Park\u0131<\/strong>, G\u00f6yn\u00fck Kanyonu, \u00dc\u00e7oluk Yaylas\u0131, Beldibi ve S\u0131rtlanini Ma\u011faralar\u0131, d\u00fcnyaca \u00fcnl\u00fc Paris Bat\u0131\u011f\u0131 ile Antalya\u2019ya sadece 40 km uzakl\u0131kta bulunuyor.<\/p>\n\n\n\n<h3 class=\"wp-block-heading has-text-align-center has-neeon-button-dark-gray-color has-text-color has-link-color wp-elements-a15b48f53072f779ced7c6332a30cc1e\"><span class=\"ez-toc-section\" id=\"5_manavgat\"><\/span><strong><strong><strong>5. Manavgat<\/strong><\/strong><\/strong><span class=\"ez-toc-section-end\"><\/span><\/h3>\n\n\n\n<figure class=\"wp-block-image size-large\"><img width=\"1024\" height=\"640\" loading=\"lazy\" decoding=\"async\" src=\"data:image\/svg+xml;base64,PHN2ZyB4bWxucz0iaHR0cDovL3d3dy53My5vcmcvMjAwMC9zdmciIHdpZHRoPSIxMDI0IiBoZWlnaHQ9IjY0MCI+PHJlY3Qgd2lkdGg9IjEwMCUiIGhlaWdodD0iMTAwJSI+PGFuaW1hdGUgYXR0cmlidXRlTmFtZT0iZmlsbCIgdmFsdWVzPSJyZ2JhKDE1MywxNTMsMTUzLDAuNSk7cmdiYSgxNTMsMTUzLDE1MywwLjEpO3JnYmEoMTUzLDE1MywxNTMsMC41KSIgZHVyPSIycyIgcmVwZWF0Q291bnQ9ImluZGVmaW5pdGUiIC8+PC9yZWN0Pjwvc3ZnPg==\" alt=\"manavgat-antalya-ilceleri\" class=\"wp-post-17866 wp-image-17980\" data-public-id=\"manavgat-antalya-ilceleri\/manavgat-antalya-ilceleri.jpg\" data-format=\"jpg\" data-transformations=\"f_auto,q_auto:low\" data-version=\"1606409675\" data-seo=\"1\" data-size=\"1024 640\" data-srcset=\"https:\/\/res.cloudinary.com\/turna\/images\/f_auto,q_auto:low\/v1606409675\/manavgat-antalya-ilceleri\/manavgat-antalya-ilceleri.jpg?_i=AA 1024w, https:\/\/res.cloudinary.com\/turna\/images\/w_800,h_500,c_scale\/f_auto,q_auto:low\/v1606409675\/manavgat-antalya-ilceleri\/manavgat-antalya-ilceleri.jpg?_i=AA 800w, https:\/\/res.cloudinary.com\/turna\/images\/w_300,h_188,c_scale\/f_auto,q_auto:low\/v1606409675\/manavgat-antalya-ilceleri\/manavgat-antalya-ilceleri.jpg?_i=AA 300w, https:\/\/res.cloudinary.com\/turna\/images\/w_672,h_420,c_scale\/f_auto,q_auto:low\/v1606409675\/manavgat-antalya-ilceleri\/manavgat-antalya-ilceleri.jpg?_i=AA 672w, https:\/\/res.cloudinary.com\/turna\/images\/w_640,h_400,c_scale\/f_auto,q_auto:low\/v1606409675\/manavgat-antalya-ilceleri\/manavgat-antalya-ilceleri.jpg?_i=AA 640w, https:\/\/res.cloudinary.com\/turna\/images\/w_681,h_426,c_scale\/f_auto,q_auto:low\/v1606409675\/manavgat-antalya-ilceleri\/manavgat-antalya-ilceleri.jpg?_i=AA 681w\" data-sizes=\"(max-width: 1024px) 100vw, 1024px\" data-delivery=\"upload\" onload=\";window.CLDBind?CLDBind(this):null;\" data-cloudinary=\"lazy\" \/><figcaption class=\"wp-element-caption\">Manavgat \u015eelalesi<\/figcaption><\/figure>\n\n\n\n<p>Kuzeyi Toroslarla \u00e7evrili, sahil \u015feridi e\u015fsiz kumsallarla kapl\u0131 olan bir il\u00e7e olan <strong>Manavgat<\/strong>, Manavgat Nehri, \u00fczerindeki Manavgat \u015eelalesi, 64 km olan sahil \u015feridi ve \u00f6zel \u00e7evre koruma alanlar\u0131 ile her y\u0131l binlerce turist \u00e7ekiyor. 14 km uzunlu\u011fu ile en uzun kanyonumuz olan K\u00f6pr\u00fcl\u00fc Kanyon Milli Park\u0131, Seleukeia Antik Kenti, Oymap\u0131nar G\u00f6l\u00fc, Aslanl\u0131 Ma\u011fara ve Bo\u011faz Plaj\u0131 ise Manavgat\u2019ta g\u00f6r\u00fclmesi gereken noktalar.<\/p>\n\n\n\n<p>\u24d8 Manavgat&#8217;a otob\u00fcs ile gidecekseniz en uygun otob\u00fcs bileti i\u00e7in <a href=\"https:\/\/www.turna.com\/otobus-bileti\/manavgat\"><strong>turna.com Manavgat otob\u00fcs bileti<\/strong><\/a> sayfas\u0131na gidin.<\/p>\n\n\n\n<h3 class=\"wp-block-heading has-text-align-center has-neeon-button-dark-gray-color has-text-color has-link-color wp-elements-f835a121bbb63dc1576294db87cf62c1\"><span class=\"ez-toc-section\" id=\"6_ibradi\"><\/span><strong><strong><strong>6. \u0130brad\u0131<\/strong><\/strong><\/strong><span class=\"ez-toc-section-end\"><\/span><\/h3>\n\n\n\n<figure class=\"wp-block-image size-large\"><img width=\"1024\" height=\"640\" loading=\"lazy\" decoding=\"async\" src=\"data:image\/svg+xml;base64,PHN2ZyB4bWxucz0iaHR0cDovL3d3dy53My5vcmcvMjAwMC9zdmciIHdpZHRoPSIxMDI0IiBoZWlnaHQ9IjY0MCI+PHJlY3Qgd2lkdGg9IjEwMCUiIGhlaWdodD0iMTAwJSI+PGFuaW1hdGUgYXR0cmlidXRlTmFtZT0iZmlsbCIgdmFsdWVzPSJyZ2JhKDE1MywxNTMsMTUzLDAuNSk7cmdiYSgxNTMsMTUzLDE1MywwLjEpO3JnYmEoMTUzLDE1MywxNTMsMC41KSIgZHVyPSIycyIgcmVwZWF0Q291bnQ9ImluZGVmaW5pdGUiIC8+PC9yZWN0Pjwvc3ZnPg==\" alt=\"Ormana K\u00f6y\u00fc, \u0130brad\u0131\" class=\"wp-post-17866 wp-image-17979\" data-public-id=\"ormana-koyu-ibradi\/ormana-koyu-ibradi.jpg\" data-format=\"jpg\" data-transformations=\"f_auto,q_auto:low\" data-version=\"1606409667\" data-seo=\"1\" data-size=\"1024 640\" data-srcset=\"https:\/\/res.cloudinary.com\/turna\/images\/f_auto,q_auto:low\/v1606409667\/ormana-koyu-ibradi\/ormana-koyu-ibradi.jpg?_i=AA 1024w, https:\/\/res.cloudinary.com\/turna\/images\/w_800,h_500,c_scale\/f_auto,q_auto:low\/v1606409667\/ormana-koyu-ibradi\/ormana-koyu-ibradi.jpg?_i=AA 800w, https:\/\/res.cloudinary.com\/turna\/images\/w_300,h_188,c_scale\/f_auto,q_auto:low\/v1606409667\/ormana-koyu-ibradi\/ormana-koyu-ibradi.jpg?_i=AA 300w, https:\/\/res.cloudinary.com\/turna\/images\/w_672,h_420,c_scale\/f_auto,q_auto:low\/v1606409667\/ormana-koyu-ibradi\/ormana-koyu-ibradi.jpg?_i=AA 672w, https:\/\/res.cloudinary.com\/turna\/images\/w_640,h_400,c_scale\/f_auto,q_auto:low\/v1606409667\/ormana-koyu-ibradi\/ormana-koyu-ibradi.jpg?_i=AA 640w, https:\/\/res.cloudinary.com\/turna\/images\/w_681,h_426,c_scale\/f_auto,q_auto:low\/v1606409667\/ormana-koyu-ibradi\/ormana-koyu-ibradi.jpg?_i=AA 681w\" data-sizes=\"(max-width: 1024px) 100vw, 1024px\" data-delivery=\"upload\" onload=\";window.CLDBind?CLDBind(this):null;\" data-cloudinary=\"lazy\" \/><figcaption class=\"wp-element-caption\">Ormana K\u00f6y\u00fc, \u0130brad\u0131<\/figcaption><\/figure>\n\n\n\n<p>Antalya\u2019n\u0131n kuzeydo\u011fusunda yer alan \u0130brad\u0131, \u015fehrin en k\u00fc\u00e7\u00fck il\u00e7esi olmas\u0131na ra\u011fmen tarihsel, k\u00fclt\u00fcrel, folklorik ve do\u011fal zenginlikleriyle dikkat \u00e7ekiyor. Akseki ve Manavgat ile kom\u015fu olan bu \u015firin il\u00e7e, co\u011frafi yap\u0131s\u0131n\u0131n avantaj\u0131yla b\u00fcy\u00fck vadilere ve y\u00fcksek yaylalara ev sahipli\u011fi yap\u0131yor.<\/p>\n\n\n\n<p>\u0130brad\u0131\u2019n\u0131n simgesi haline gelen D\u00fc\u011fmeli Evler, y\u00f6renin geleneksel mimarisinin en g\u00fczel \u00f6rneklerini olu\u015fturuyor. Restorasyon \u00e7al\u0131\u015fmalar\u0131yla turizme kazand\u0131r\u0131lan Ormana K\u00f6y\u00fc, Eynif Ovas\u0131 ve Etenna, Gotenna ile Erymna gibi antik kentler de b\u00f6lgenin tarihi derinli\u011fini ke\u015ffetmek isteyen ziyaret\u00e7ileri bekliyor.<\/p>\n\n\n\n<h3 class=\"wp-block-heading has-text-align-center has-neeon-button-dark-gray-color has-text-color has-link-color wp-elements-3cc9b7c466e1a406420980ecc79d7e3c\"><span class=\"ez-toc-section\" id=\"7_korkuteli\"><\/span><strong><strong><strong>7. Korkuteli<\/strong><\/strong><\/strong><span class=\"ez-toc-section-end\"><\/span><\/h3>\n\n\n\n<figure class=\"wp-block-image size-large\"><img width=\"1024\" height=\"640\" loading=\"lazy\" decoding=\"async\" src=\"data:image\/svg+xml;base64,PHN2ZyB4bWxucz0iaHR0cDovL3d3dy53My5vcmcvMjAwMC9zdmciIHdpZHRoPSIxMDI0IiBoZWlnaHQ9IjY0MCI+PHJlY3Qgd2lkdGg9IjEwMCUiIGhlaWdodD0iMTAwJSI+PGFuaW1hdGUgYXR0cmlidXRlTmFtZT0iZmlsbCIgdmFsdWVzPSJyZ2JhKDE1MywxNTMsMTUzLDAuNSk7cmdiYSgxNTMsMTUzLDE1MywwLjEpO3JnYmEoMTUzLDE1MywxNTMsMC41KSIgZHVyPSIycyIgcmVwZWF0Q291bnQ9ImluZGVmaW5pdGUiIC8+PC9yZWN0Pjwvc3ZnPg==\" alt=\"termessos\" class=\"wp-post-17866 wp-image-17986\" data-public-id=\"termessos\/termessos.jpg\" data-format=\"jpg\" data-transformations=\"f_auto,q_auto:low\" data-version=\"1606410180\" data-seo=\"1\" data-size=\"1024 640\" data-srcset=\"https:\/\/res.cloudinary.com\/turna\/images\/f_auto,q_auto:low\/v1606410180\/termessos\/termessos.jpg?_i=AA 1024w, https:\/\/res.cloudinary.com\/turna\/images\/w_800,h_500,c_scale\/f_auto,q_auto:low\/v1606410180\/termessos\/termessos.jpg?_i=AA 800w, https:\/\/res.cloudinary.com\/turna\/images\/w_300,h_188,c_scale\/f_auto,q_auto:low\/v1606410180\/termessos\/termessos.jpg?_i=AA 300w, https:\/\/res.cloudinary.com\/turna\/images\/w_672,h_420,c_scale\/f_auto,q_auto:low\/v1606410180\/termessos\/termessos.jpg?_i=AA 672w, https:\/\/res.cloudinary.com\/turna\/images\/w_640,h_400,c_scale\/f_auto,q_auto:low\/v1606410180\/termessos\/termessos.jpg?_i=AA 640w, https:\/\/res.cloudinary.com\/turna\/images\/w_681,h_426,c_scale\/f_auto,q_auto:low\/v1606410180\/termessos\/termessos.jpg?_i=AA 681w\" data-sizes=\"(max-width: 1024px) 100vw, 1024px\" data-delivery=\"upload\" onload=\";window.CLDBind?CLDBind(this):null;\" data-cloudinary=\"lazy\" \/><figcaption class=\"wp-element-caption\">Termessos Antik Kenti<\/figcaption><\/figure>\n\n\n\n<p>Deniz seviyesinden 1020 m y\u00fckseklikte olan <strong>Korkuteli<\/strong>, kentin s\u0131ca\u011f\u0131ndan uzakta Bey Da\u011flar\u0131&#8217;n\u0131n eteklerinde kurulu. Turistlerin \u00e7ok u\u011framad\u0131\u011f\u0131 Korkuteli&#8217;yi daha \u00e7ok Antalyal\u0131lar yaz s\u0131ca\u011f\u0131ndan ka\u00e7mak i\u00e7in tercih ediyor. G\u00fcll\u00fck Da\u011f\u0131 Milli Park\u0131 ile \u00f6ne \u00e7\u0131kan Korkuteli\u2019nde Ke\u015fi\u015f Evi, Eski Roma Mabedi, Sultan Alaaddin Camii, Su T\u00fcneli, Termessos, Ariassos ve Karain Ma\u011faras\u0131 ba\u015fl\u0131ca g\u00f6r\u00fclecek yerleri olu\u015fturuyor.<\/p>\n\n\n\n<h3 class=\"wp-block-heading has-text-align-center has-neeon-button-dark-gray-color has-text-color has-link-color wp-elements-7fbdda244bdfff18bde792de3ad041e6\"><span class=\"ez-toc-section\" id=\"8_konyaalti\"><\/span><strong><strong><strong>8. Konyaalt\u0131<\/strong><\/strong><\/strong><span class=\"ez-toc-section-end\"><\/span><\/h3>\n\n\n\n<figure class=\"wp-block-image size-large\"><img width=\"1024\" height=\"640\" loading=\"lazy\" decoding=\"async\" src=\"data:image\/svg+xml;base64,PHN2ZyB4bWxucz0iaHR0cDovL3d3dy53My5vcmcvMjAwMC9zdmciIHdpZHRoPSIxMDI0IiBoZWlnaHQ9IjY0MCI+PHJlY3Qgd2lkdGg9IjEwMCUiIGhlaWdodD0iMTAwJSI+PGFuaW1hdGUgYXR0cmlidXRlTmFtZT0iZmlsbCIgdmFsdWVzPSJyZ2JhKDE1MywxNTMsMTUzLDAuNSk7cmdiYSgxNTMsMTUzLDE1MywwLjEpO3JnYmEoMTUzLDE1MywxNTMsMC41KSIgZHVyPSIycyIgcmVwZWF0Q291bnQ9ImluZGVmaW5pdGUiIC8+PC9yZWN0Pjwvc3ZnPg==\" alt=\"Konyaalt\u0131\" class=\"wp-post-17866 wp-image-17977\" data-public-id=\"konyaalti-antalya\/konyaalti-antalya.jpg\" data-format=\"jpg\" data-transformations=\"f_auto,q_auto:low\" data-version=\"1606409676\" data-seo=\"1\" data-size=\"1024 640\" data-srcset=\"https:\/\/res.cloudinary.com\/turna\/images\/f_auto,q_auto:low\/v1606409676\/konyaalti-antalya\/konyaalti-antalya.jpg?_i=AA 1024w, https:\/\/res.cloudinary.com\/turna\/images\/w_800,h_500,c_scale\/f_auto,q_auto:low\/v1606409676\/konyaalti-antalya\/konyaalti-antalya.jpg?_i=AA 800w, https:\/\/res.cloudinary.com\/turna\/images\/w_300,h_188,c_scale\/f_auto,q_auto:low\/v1606409676\/konyaalti-antalya\/konyaalti-antalya.jpg?_i=AA 300w, https:\/\/res.cloudinary.com\/turna\/images\/w_672,h_420,c_scale\/f_auto,q_auto:low\/v1606409676\/konyaalti-antalya\/konyaalti-antalya.jpg?_i=AA 672w, https:\/\/res.cloudinary.com\/turna\/images\/w_640,h_400,c_scale\/f_auto,q_auto:low\/v1606409676\/konyaalti-antalya\/konyaalti-antalya.jpg?_i=AA 640w, https:\/\/res.cloudinary.com\/turna\/images\/w_681,h_426,c_scale\/f_auto,q_auto:low\/v1606409676\/konyaalti-antalya\/konyaalti-antalya.jpg?_i=AA 681w\" data-sizes=\"(max-width: 1024px) 100vw, 1024px\" data-delivery=\"upload\" onload=\";window.CLDBind?CLDBind(this):null;\" data-cloudinary=\"lazy\" \/><\/figure>\n\n\n\n<p><strong>Konyaalt\u0131<\/strong>, plaj ismi olarak duyulsa da asl\u0131nda Antalya&#8217;n\u0131n merkez il\u00e7elerinden biri. 7 km uzunlu\u011fundaki tertemiz Konyaalt\u0131 plaj\u0131, nefis Beyda\u011flar\u0131 manzaras\u0131, devasa parklar\u0131yla \u015fehrin g\u00f6zbebe\u011fi. Likya yolunun son dura\u011f\u0131 olan Hisar\u00e7and\u0131r k\u00f6y\u00fc de Konyaalt\u0131 s\u0131n\u0131rlar\u0131 i\u00e7inde. Antalya&#8217;y\u0131 yukar\u0131dan g\u00f6rebilece\u011finiz T\u00fcnektepe, sahil boyu devam eden palmiyeli y\u00fcr\u00fcy\u00fc\u015f yolu, falezlerin \u00fczerine kurulmu\u015f Atat\u00fcrk Park\u0131, Geyikbay\u0131r\u0131 gibi pek \u00e7ok gezilip g\u00f6r\u00fclecek yere sahip.<\/p>\n\n\n\n<h3 class=\"wp-block-heading has-text-align-center has-neeon-button-dark-gray-color has-text-color has-link-color wp-elements-8443154274bb1db483ff0fe9a559d352\"><span class=\"ez-toc-section\" id=\"9_kumluca\"><\/span><strong><strong><strong>9. Kumluca<\/strong><\/strong><\/strong><span class=\"ez-toc-section-end\"><\/span><\/h3>\n\n\n\n<figure class=\"wp-block-image size-large\"><img width=\"1024\" height=\"640\" loading=\"lazy\" decoding=\"async\" src=\"data:image\/svg+xml;base64,PHN2ZyB4bWxucz0iaHR0cDovL3d3dy53My5vcmcvMjAwMC9zdmciIHdpZHRoPSIxMDI0IiBoZWlnaHQ9IjY0MCI+PHJlY3Qgd2lkdGg9IjEwMCUiIGhlaWdodD0iMTAwJSI+PGFuaW1hdGUgYXR0cmlidXRlTmFtZT0iZmlsbCIgdmFsdWVzPSJyZ2JhKDE1MywxNTMsMTUzLDAuNSk7cmdiYSgxNTMsMTUzLDE1MywwLjEpO3JnYmEoMTUzLDE1MywxNTMsMC41KSIgZHVyPSIycyIgcmVwZWF0Q291bnQ9ImluZGVmaW5pdGUiIC8+PC9yZWN0Pjwvc3ZnPg==\" alt=\"Suluada\" class=\"wp-post-17866 wp-image-17976\" data-public-id=\"suluada-adrasan\/suluada-adrasan.jpg\" data-format=\"jpg\" data-transformations=\"f_auto,q_auto:low\" data-version=\"1606409668\" data-seo=\"1\" data-size=\"1024 640\" data-srcset=\"https:\/\/res.cloudinary.com\/turna\/images\/f_auto,q_auto:low\/v1606409668\/suluada-adrasan\/suluada-adrasan.jpg?_i=AA 1024w, https:\/\/res.cloudinary.com\/turna\/images\/w_800,h_500,c_scale\/f_auto,q_auto:low\/v1606409668\/suluada-adrasan\/suluada-adrasan.jpg?_i=AA 800w, https:\/\/res.cloudinary.com\/turna\/images\/w_300,h_188,c_scale\/f_auto,q_auto:low\/v1606409668\/suluada-adrasan\/suluada-adrasan.jpg?_i=AA 300w, https:\/\/res.cloudinary.com\/turna\/images\/w_672,h_420,c_scale\/f_auto,q_auto:low\/v1606409668\/suluada-adrasan\/suluada-adrasan.jpg?_i=AA 672w, https:\/\/res.cloudinary.com\/turna\/images\/w_640,h_400,c_scale\/f_auto,q_auto:low\/v1606409668\/suluada-adrasan\/suluada-adrasan.jpg?_i=AA 640w, https:\/\/res.cloudinary.com\/turna\/images\/w_681,h_426,c_scale\/f_auto,q_auto:low\/v1606409668\/suluada-adrasan\/suluada-adrasan.jpg?_i=AA 681w\" data-sizes=\"(max-width: 1024px) 100vw, 1024px\" data-delivery=\"upload\" onload=\";window.CLDBind?CLDBind(this):null;\" data-cloudinary=\"lazy\" \/><figcaption class=\"wp-element-caption\">Suluada<\/figcaption><\/figure>\n\n\n\n<p><strong>Kumluca<\/strong> Antalya&#8217;n\u0131n bat\u0131s\u0131nda yer alan, sahil yolunun \u00fczerinde bulunan ancak kendi isminden \u00e7ok plajlar\u0131yla \u00f6ne \u00e7\u0131km\u0131\u015f bir il\u00e7e. Konum olarak Kemer ile Finike aras\u0131nda kal\u0131yor. Ge\u00e7imi b\u00fcy\u00fck oranda tar\u0131m ve turizme ba\u011fl\u0131 olan Kumluca narenciye bah\u00e7eleri ve seralarda yeti\u015fen tar\u0131m \u00fcr\u00fcnleriyle de biliniyor. Adrasan, Suluada, Gelidonya Feneri, Olimpos Antik Kenti, Corydella Antik Kenti, Rhodiapolis Antik Kenti, \u0130debessiois Antik Kenti ve \u00e7ok say\u0131da gezilip g\u00f6r\u00fclecek yer bar\u0131nd\u0131r\u0131yor.<\/p>\n\n\n\n<h3 class=\"wp-block-heading has-text-align-center has-neeon-button-dark-gray-color has-text-color has-link-color wp-elements-b6214c87a6f678c32e854313fd22df5b\"><span class=\"ez-toc-section\" id=\"10_finike\"><\/span><strong><strong><strong>10. Finike<\/strong><\/strong><\/strong><span class=\"ez-toc-section-end\"><\/span><\/h3>\n\n\n\n<figure class=\"wp-block-image size-full\"><img width=\"800\" height=\"500\" loading=\"lazy\" decoding=\"async\" src=\"data:image\/svg+xml;base64,PHN2ZyB4bWxucz0iaHR0cDovL3d3dy53My5vcmcvMjAwMC9zdmciIHdpZHRoPSI4MDAiIGhlaWdodD0iNTAwIj48cmVjdCB3aWR0aD0iMTAwJSIgaGVpZ2h0PSIxMDAlIj48YW5pbWF0ZSBhdHRyaWJ1dGVOYW1lPSJmaWxsIiB2YWx1ZXM9InJnYmEoMTUzLDE1MywxNTMsMC41KTtyZ2JhKDE1MywxNTMsMTUzLDAuMSk7cmdiYSgxNTMsMTUzLDE1MywwLjUpIiBkdXI9IjJzIiByZXBlYXRDb3VudD0iaW5kZWZpbml0ZSIgLz48L3JlY3Q+PC9zdmc+\" alt=\"\" class=\"wp-post-17866 wp-image-2496\" data-public-id=\"Finike-Antalya_bga8c8\/Finike-Antalya_bga8c8.jpg\" data-format=\"jpg\" data-transformations=\"f_auto,q_auto:low\" data-version=\"1463405567\" data-seo=\"1\" data-size=\"800 500\" data-srcset=\"https:\/\/res.cloudinary.com\/turna\/images\/f_auto,q_auto:low\/v1463405567\/Finike-Antalya_bga8c8\/Finike-Antalya_bga8c8.jpg?_i=AA 800w, https:\/\/res.cloudinary.com\/turna\/images\/w_300,h_188,c_scale\/f_auto,q_auto:low\/v1463405567\/Finike-Antalya_bga8c8\/Finike-Antalya_bga8c8.jpg?_i=AA 300w, https:\/\/res.cloudinary.com\/turna\/images\/w_672,h_420,c_scale\/f_auto,q_auto:low\/v1463405567\/Finike-Antalya_bga8c8\/Finike-Antalya_bga8c8.jpg?_i=AA 672w, https:\/\/res.cloudinary.com\/turna\/images\/w_640,h_400,c_scale\/f_auto,q_auto:low\/v1463405567\/Finike-Antalya_bga8c8\/Finike-Antalya_bga8c8.jpg?_i=AA 640w, https:\/\/res.cloudinary.com\/turna\/images\/w_681,h_426,c_scale\/f_auto,q_auto:low\/v1463405567\/Finike-Antalya_bga8c8\/Finike-Antalya_bga8c8.jpg?_i=AA 681w\" data-sizes=\"(max-width: 800px) 100vw, 800px\" data-delivery=\"upload\" onload=\";window.CLDBind?CLDBind(this):null;\" data-cloudinary=\"lazy\" \/><\/figure>\n\n\n\n<p>Uzunlu\u011fu 10 kilometreyi bulan Finike Plaj\u0131 ile T\u00fcrkiye\u2019nin en uzun sahil \u015feritlerinden birine sahip olan Finike, do\u011fal g\u00fczellikleri ve tarihi dokusuyla be\u011feni topluyor. Antik d\u00f6nemde \u00f6nemli bir liman kenti olarak rol alan bu il\u00e7e, \u00f6zellikle Limyra Antik Kenti ve Arykanda Antik Kenti gibi tarihi miraslar\u0131yla tarih tutkunlar\u0131n\u0131 b\u00fcy\u00fcl\u00fcyor. Ayr\u0131ca, Gelidonya Feneri\u2019nin nefes kesen manzaras\u0131n\u0131 izlemek ve G\u00f6kb\u00fck Kanyonu\u2019nda do\u011fayla ba\u015f ba\u015fa kalmak Finike\u2019de mutlaka denemeniz gerekenler aras\u0131nda yer al\u0131yor. Y\u00f6re halk\u0131n\u0131n en b\u00fcy\u00fck ge\u00e7im kaynaklar\u0131ndan biri olan narenciye \u00fcretiminin ana kalemi olan taptaze Finike portakallar\u0131n\u0131 tatmay\u0131 da unutmay\u0131n.<\/p>\n\n\n\n<h3 class=\"wp-block-heading has-text-align-center has-neeon-button-dark-gray-color has-text-color has-link-color wp-elements-849fbaf6141bc9e304eb92570b226b69\"><span class=\"ez-toc-section\" id=\"11_aksu\"><\/span><strong><strong><strong>11. Aksu<\/strong><\/strong><\/strong><span class=\"ez-toc-section-end\"><\/span><\/h3>\n\n\n\n<figure class=\"wp-block-image size-full\"><img width=\"800\" height=\"500\" loading=\"lazy\" decoding=\"async\" src=\"data:image\/svg+xml;base64,PHN2ZyB4bWxucz0iaHR0cDovL3d3dy53My5vcmcvMjAwMC9zdmciIHdpZHRoPSI4MDAiIGhlaWdodD0iNTAwIj48cmVjdCB3aWR0aD0iMTAwJSIgaGVpZ2h0PSIxMDAlIj48YW5pbWF0ZSBhdHRyaWJ1dGVOYW1lPSJmaWxsIiB2YWx1ZXM9InJnYmEoMTUzLDE1MywxNTMsMC41KTtyZ2JhKDE1MywxNTMsMTUzLDAuMSk7cmdiYSgxNTMsMTUzLDE1MywwLjUpIiBkdXI9IjJzIiByZXBlYXRDb3VudD0iaW5kZWZpbml0ZSIgLz48L3JlY3Q+PC9zdmc+\" alt=\"\" class=\"wp-post-17866 wp-image-19026\" data-public-id=\"perge\/perge.jpg\" data-format=\"jpg\" data-transformations=\"f_auto,q_auto:low\" data-version=\"1619247751\" data-seo=\"1\" data-size=\"800 500\" data-srcset=\"https:\/\/res.cloudinary.com\/turna\/images\/f_auto,q_auto:low\/v1619247751\/perge\/perge.jpg?_i=AA 800w, https:\/\/res.cloudinary.com\/turna\/images\/w_300,h_188,c_scale\/f_auto,q_auto:low\/v1619247751\/perge\/perge.jpg?_i=AA 300w, https:\/\/res.cloudinary.com\/turna\/images\/w_672,h_420,c_scale\/f_auto,q_auto:low\/v1619247751\/perge\/perge.jpg?_i=AA 672w, https:\/\/res.cloudinary.com\/turna\/images\/w_640,h_400,c_scale\/f_auto,q_auto:low\/v1619247751\/perge\/perge.jpg?_i=AA 640w, https:\/\/res.cloudinary.com\/turna\/images\/w_681,h_426,c_scale\/f_auto,q_auto:low\/v1619247751\/perge\/perge.jpg?_i=AA 681w\" data-sizes=\"(max-width: 800px) 100vw, 800px\" data-delivery=\"upload\" onload=\";window.CLDBind?CLDBind(this):null;\" data-cloudinary=\"lazy\" \/><\/figure>\n\n\n\n<p><br>Antalya\u2019n\u0131n tarihi ve do\u011fal g\u00fczellikleriyle \u00f6ne \u00e7\u0131kan il\u00e7elerinden bir di\u011feri olan Aksu, \u00f6zellikle Perge Antik Kenti ve Kur\u015funlu \u015eelalesi ile dikkat \u00e7ekiyor. UNESCO D\u00fcnya Miras\u0131 Ge\u00e7ici Listesi\u2019nde yer alan Perge, Roma d\u00f6nemine ait etkileyici kal\u0131nt\u0131lar\u0131yla tarih merakl\u0131lar\u0131n\u0131n be\u011fenisini topluyor. Do\u011fa tutkunlar\u0131 i\u00e7in keyifli bir ke\u015fif vadeden Kur\u015funlu \u015eelalesi ise huzurlu atmosferi ve nefes kesen yemye\u015fil manzaralar\u0131yla ka\u00e7\u0131r\u0131lmamas\u0131 gereken bir durak.&nbsp;Kur\u015funlu \u015eelale&#8217;sinde y\u00fcr\u00fcy\u00fc\u015f alanlar\u0131 ve serin suyun tad\u0131n\u0131 \u00e7\u0131karabilece\u011finiz do\u011fal havuzlar  bulunuyor.<\/p>\n\n\n\n<h3 class=\"wp-block-heading has-text-align-center has-neeon-button-dark-gray-color has-text-color has-link-color wp-elements-98f647bb679a31236dfd960d14846ac2\"><span class=\"ez-toc-section\" id=\"12_serik\"><\/span><strong><strong><strong>12. Serik<\/strong><\/strong><\/strong><span class=\"ez-toc-section-end\"><\/span><\/h3>\n\n\n\n<figure class=\"wp-block-image size-full\"><img width=\"800\" height=\"500\" loading=\"lazy\" decoding=\"async\" src=\"data:image\/svg+xml;base64,PHN2ZyB4bWxucz0iaHR0cDovL3d3dy53My5vcmcvMjAwMC9zdmciIHdpZHRoPSI4MDAiIGhlaWdodD0iNTAwIj48cmVjdCB3aWR0aD0iMTAwJSIgaGVpZ2h0PSIxMDAlIj48YW5pbWF0ZSBhdHRyaWJ1dGVOYW1lPSJmaWxsIiB2YWx1ZXM9InJnYmEoMTUzLDE1MywxNTMsMC41KTtyZ2JhKDE1MywxNTMsMTUzLDAuMSk7cmdiYSgxNTMsMTUzLDE1MywwLjUpIiBkdXI9IjJzIiByZXBlYXRDb3VudD0iaW5kZWZpbml0ZSIgLz48L3JlY3Q+PC9zdmc+\" alt=\"Aspendos Antik Kenti\" class=\"wp-post-17866 wp-image-19132\" data-public-id=\"Aspendos-Antik-Kenti\/Aspendos-Antik-Kenti.jpg\" data-format=\"jpg\" data-transformations=\"f_auto,q_auto:low\" data-version=\"1621417517\" data-seo=\"1\" data-size=\"800 500\" data-srcset=\"https:\/\/res.cloudinary.com\/turna\/images\/f_auto,q_auto:low\/v1621417517\/Aspendos-Antik-Kenti\/Aspendos-Antik-Kenti.jpg?_i=AA 800w, https:\/\/res.cloudinary.com\/turna\/images\/w_300,h_188,c_scale\/f_auto,q_auto:low\/v1621417517\/Aspendos-Antik-Kenti\/Aspendos-Antik-Kenti.jpg?_i=AA 300w, https:\/\/res.cloudinary.com\/turna\/images\/w_672,h_420,c_scale\/f_auto,q_auto:low\/v1621417517\/Aspendos-Antik-Kenti\/Aspendos-Antik-Kenti.jpg?_i=AA 672w, https:\/\/res.cloudinary.com\/turna\/images\/w_640,h_400,c_scale\/f_auto,q_auto:low\/v1621417517\/Aspendos-Antik-Kenti\/Aspendos-Antik-Kenti.jpg?_i=AA 640w, https:\/\/res.cloudinary.com\/turna\/images\/w_681,h_426,c_scale\/f_auto,q_auto:low\/v1621417517\/Aspendos-Antik-Kenti\/Aspendos-Antik-Kenti.jpg?_i=AA 681w\" data-sizes=\"(max-width: 800px) 100vw, 800px\" data-delivery=\"upload\" onload=\";window.CLDBind?CLDBind(this):null;\" data-cloudinary=\"lazy\" \/><\/figure>\n\n\n\n<p><br>Antalya\u2019n\u0131n turizm potansiyeli y\u00fcksek il\u00e7elerinden biri olan Serik, Aspendos Antik Tiyatrosu ve Belek b\u00f6lgesiyle \u00fcnl\u00fc. Aspendos, g\u00f6rkemli yap\u0131s\u0131 ve muhte\u015fem akusti\u011fiyle g\u00f6rkemli etkinliklere ev sahipli\u011fi yaparken, Belek sahilleri golf sahalar\u0131 ve l\u00fcks tatil k\u00f6yleriyle dikkat \u00e7ekiyor. Serik ayr\u0131ca Bo\u011fazkent gibi do\u011fal g\u00fczelliklere ve ku\u015f g\u00f6zlem alanlar\u0131na da sahip. Hem tarih hem de modern tatil olanaklar\u0131n\u0131 bir arada sunan Serik, Antalya\u2019n\u0131n e\u015fsiz il\u00e7elerinden biri olarak ke\u015ffe de\u011fer rotalar aras\u0131nda yer al\u0131yor.<\/p>\n\n\n\n<p>\u24d8 Serik&#8217;e otob\u00fcs ile gidecekseniz en avantajl\u0131 otob\u00fcs bileti i\u00e7in <strong><a href=\"https:\/\/www.turna.com\/otobus-bileti\/serik\">Serik otob\u00fcs bileti<\/a><\/strong> sayfas\u0131na gidin.<\/p>\n\n\n\n<h3 class=\"wp-block-heading has-text-align-center has-neeon-button-dark-gray-color has-text-color has-link-color wp-elements-d2dd86545705c10fd135978acdbd981c\"><span class=\"ez-toc-section\" id=\"13_gazipasa\"><\/span><strong><strong><strong>13. Gazipa\u015fa<\/strong><\/strong><\/strong><span class=\"ez-toc-section-end\"><\/span><\/h3>\n\n\n\n<p>Antalya\u2019n\u0131n do\u011fusunda konumlanan Gazipa\u015fa, huzurlu atmosferi ve b\u00fcy\u00fcleyici do\u011fal g\u00fczellikleriyle keyifli bir ka\u00e7\u0131\u015f olana\u011f\u0131 sunuyor. Tarih ve do\u011fay\u0131 tek bir rotada deneyimlemek isteyenler i\u00e7in ideal bir se\u00e7enek olan bu \u015firin il\u00e7e, masmavi sular\u0131yla \u00fcnl\u00fc Selinus Plaj\u0131 ve nefes kesen manzaralar\u0131yla dikkat \u00e7eken Yalan D\u00fcnya Ma\u011faras\u0131 gibi ke\u015ffedilmeye de\u011fer cazibe merkezlerine ev sahipli\u011fi yap\u0131yor. Ayr\u0131ca, Roma d\u00f6nemine ait kal\u0131nt\u0131lar\u0131yla Antiochia Ad Cragum Antik Kenti\u2019yle de tarih tutkunlar\u0131na benzersiz bir deneyim vadediyor. Sessiz ve dingin bir tatil arayanlar i\u00e7in Gazipa\u015fa, ka\u00e7\u0131r\u0131lmamas\u0131 gereken bir destinasyon.<\/p>\n\n\n\n<h3 class=\"wp-block-heading has-text-align-center has-neeon-button-dark-gray-color has-text-color has-link-color wp-elements-687b59defe486a3d77e4f61855774e27\"><span class=\"ez-toc-section\" id=\"14_elmali\"><\/span><strong><strong><strong>14. Elmal\u0131<\/strong><\/strong><\/strong><span class=\"ez-toc-section-end\"><\/span><\/h3>\n\n\n\n<p>Tarihi dokusuyla dikkat \u00e7eken Elmal\u0131, Antalya\u2019n\u0131n bat\u0131s\u0131nda yer alan sakl\u0131 hazinelerden biri olarak \u00f6ne \u00e7\u0131k\u0131yor. Osmanl\u0131 mimarisinin zarif \u00f6rneklerini yans\u0131tan Elmal\u0131 Tarihi Evleri ve etkileyici mimarisiyle g\u00f6z dolduran \u00d6mer Pa\u015fa Camii, il\u00e7enin mutlaka g\u00f6r\u00fclmesi gereken yerleri aras\u0131nda bulunuyor. Ayr\u0131ca, Likya d\u00f6nemine ait eserlerin sergilendi\u011fi Elmal\u0131 M\u00fczesi, ziyaret\u00e7ilerini nostaljik bir yolculu\u011fa \u00e7\u0131kar\u0131yor. Do\u011faseverler i\u00e7in ise Kuzey K\u0131z\u0131lcada\u011f Milli Park\u0131, e\u015fsiz yaylalar\u0131 ve huzur veren atmosferiyle unutulmaz bir ke\u015fif imkan\u0131 vadediyor.<\/p>\n\n\n\n<p>Bu \u015fahane rotalar\u0131 ke\u015ffetmek i\u00e7in tek yapman\u0131z gereken&nbsp;<strong><a href=\"https:\/\/www.turna.com\/ucak-bileti\/antalya?swcfpc=1\" target=\"_blank\" rel=\"noreferrer noopener\">Antalya u\u00e7ak bileti&nbsp;<\/a><\/strong>sat\u0131n almak.<br><\/p>\n\n\n\n<p><span id=\"docs-internal-guid-86b0681c-7fff-0b61-564c-97088baddb89\"><div><span style=\"font-size: 11pt; font-family: Arial, sans-serif; background-color: transparent; font-variant-numeric: normal; font-variant-east-asian: normal; font-variant-alternates: normal; font-variant-position: normal; font-variant-emoji: normal; vertical-align: baseline;\"><\/span><\/div><\/span><\/p>\n\n    <div class=\"xs_social_share_widget xs_share_url after_content \t\tmain_content  wslu-style-1 wslu-share-box-shaped wslu-fill-colored wslu-none wslu-share-horizontal wslu-theme-font-no wslu-main_content\">\n\n\t\t\n        <ul>\n\t\t\t        <\/ul>\n    <\/div> \n","protected":false},"excerpt":{"rendered":"<p>D\u00fcnyan\u0131n d\u00f6rt bir yan\u0131ndan ziyaret\u00e7i a\u011f\u0131rlayan Antalya, yaln\u0131zca muhte\u015fem do\u011fas\u0131yla de\u011fil, 2,7 milyonu a\u015fk\u0131n n\u00fcfusuyla T\u00fcrkiye\u2019nin en kalabal\u0131k be\u015finci \u015fehri olarak da dikkat \u00e7ekiyor. Ekonomisi ticaret, tar\u0131m ve turizmle \u015fekillenen bu b\u00fcy\u00fcleyici \u015fehir, tarih \u00f6ncesi \u00e7a\u011flardan g\u00fcn\u00fcm\u00fcze pek \u00e7ok medeniyete ev sahipli\u011fi yapm\u0131\u015f. G\u00fcn\u00fcm\u00fczde ise do\u011fa harikalar\u0131n\u0131n yan\u0131 s\u0131ra bir k\u00fclt\u00fcrel mozaik olarak da gezginlerin [&hellip;]<\/p>\n","protected":false},"author":29,"featured_media":17974,"comment_status":"open","ping_status":"open","sticky":false,"template":"","format":"standard","meta":{"rop_custom_images_group":[],"rop_custom_messages_group":[],"rop_publish_now":"initial","rop_publish_now_accounts":[],"rop_publish_now_history":[],"rop_publish_now_status":"pending","_cloudinary_featured_overwrite":false,"footnotes":""},"categories":[1811],"tags":[384,859,2035,358,2033,2031,2032,2034],"class_list":["post-17866","post","type-post","status-publish","format-standard","has-post-thumbnail","hentry","category-antalya","tag-alanya","tag-demre","tag-ibradi","tag-kas","tag-kemer","tag-korkuteli","tag-kumluca","tag-manavgat"],"_links":{"self":[{"href":"https:\/\/www.turna.com\/blog\/wp-json\/wp\/v2\/posts\/17866","targetHints":{"allow":["GET"]}}],"collection":[{"href":"https:\/\/www.turna.com\/blog\/wp-json\/wp\/v2\/posts"}],"about":[{"href":"https:\/\/www.turna.com\/blog\/wp-json\/wp\/v2\/types\/post"}],"author":[{"embeddable":true,"href":"https:\/\/www.turna.com\/blog\/wp-json\/wp\/v2\/users\/29"}],"replies":[{"embeddable":true,"href":"https:\/\/www.turna.com\/blog\/wp-json\/wp\/v2\/comments?post=17866"}],"version-history":[{"count":0,"href":"https:\/\/www.turna.com\/blog\/wp-json\/wp\/v2\/posts\/17866\/revisions"}],"wp:featuredmedia":[{"embeddable":true,"href":"https:\/\/www.turna.com\/blog\/wp-json\/wp\/v2\/media\/17974"}],"wp:attachment":[{"href":"https:\/\/www.turna.com\/blog\/wp-json\/wp\/v2\/media?parent=17866"}],"wp:term":[{"taxonomy":"category","embeddable":true,"href":"https:\/\/www.turna.com\/blog\/wp-json\/wp\/v2\/categories?post=17866"},{"taxonomy":"post_tag","embeddable":true,"href":"https:\/\/www.turna.com\/blog\/wp-json\/wp\/v2\/tags?post=17866"}],"curies":[{"name":"wp","href":"https:\/\/api.w.org\/{rel}","templated":true}]}}